{"id":248615,"date":"2022-06-17T15:05:13","date_gmt":"2022-06-17T11:05:13","guid":{"rendered":"https:\/\/www.meydan.tv\/?p=248615"},"modified":"2022-06-17T15:05:15","modified_gmt":"2022-06-17T11:05:15","slug":"hebsdeki-sabiq-icra-bascisi-verdiyim-serencamlar-qanunsuzdursa-niye-legv-elemirler","status":"publish","type":"post","link":"https:\/\/www.meydan.tv\/az\/article\/hebsdeki-sabiq-icra-bascisi-verdiyim-serencamlar-qanunsuzdursa-niye-legv-elemirler\/","title":{"rendered":"H\u0259bsd\u0259ki sabiq icra ba\u015f\u00e7\u0131s\u0131: \u201cVerdiyim s\u0259r\u0259ncamlar qanunsuzdursa, niy\u0259 l\u0259\u011fv el\u0259mirl\u0259r?\u201d"},"content":{"rendered":"\n<p><\/p>\n\n\n\n<p><em>Ad\u0131 r\u00fc\u015fv\u0259t almaqda hallanmas\u0131na baxmayaraq, C\u0259mil Musayev h\u0259l\u0259 d\u0259 ba\u015f m\u00fchasib i\u015fl\u0259yir<\/em><br><\/p>\n\n\n\n<p>H\u0259bsd\u0259 olan sabiq icra ba\u015f\u00e7\u0131lar\u0131ndan uzun ill\u0259r \u0130mi\u015fli rayonuna r\u0259hb\u0259rlik etmi\u015f Vilyam Hac\u0131yevin m\u0259hk\u0259m\u0259si yekunla\u015fmaq \u00fczr\u0259dir. M\u0259hk\u0259m\u0259 prosesind\u0259 s\u0259n\u0259dl\u0259rin t\u0259dqiqi m\u0259rh\u0259l\u0259sidir.<\/p>\n\n\n\n<p>\u0130yunun 17-d\u0259 Bak\u0131 A\u011f\u0131r Cinay\u0259tl\u0259r M\u0259hk\u0259m\u0259sind\u0259 hakim Az\u0259r Pa\u015fayevin s\u0259drliyil\u0259 ke\u00e7iril\u0259n m\u0259hk\u0259m\u0259 iclas\u0131nda \u0130mi\u015fli rayonunda sosial bax\u0131mdan h\u0259ssas t\u0259b\u0259q\u0259 \u00fc\u00e7\u00fcn tikil\u0259n evl\u0259rin paylanmas\u0131 m\u0259s\u0259l\u0259sil\u0259 ba\u011fl\u0131 s\u0259n\u0259dl\u0259r elan edilib.<\/p>\n\n\n\n<p>Vilyam Hac\u0131yev\u0259 qar\u015f\u0131 ittihamlardan biri budur ki, tikil\u0259n binada m\u0259nzill\u0259r r\u00fc\u015fv\u0259t hesab\u0131na sat\u0131l\u0131b. \u0130mi\u015fli Rayon \u0130cra Hakimiyy\u0259tinin ba\u015f\u00e7\u0131s\u0131 sosial-kiray\u0259 m\u00fcqavil\u0259l\u0259rinin ba\u011flanmas\u0131, torpaq sah\u0259l\u0259rinin icar\u0259y\u0259 verilm\u0259sil\u0259 ba\u011fl\u0131 qanunsuz s\u0259r\u0259ncamlar imzalay\u0131b. B\u00fct\u00fcn bunlar da r\u00fc\u015fv\u0259t hesab\u0131na ba\u015f verib.<br>Sabiq icra ba\u015f\u00e7\u0131s\u0131n\u0131n v\u0259kili Elmar K\u0259rimov s\u0259r\u0259ncamlarla ba\u011fl\u0131 m\u0259s\u0259l\u0259y\u0259 etiraz edib. V\u0259kil bildirib ki, m\u0259hk\u0259m\u0259d\u0259 he\u00e7 bir \u015fahidin s\u0259r\u0259ncam almaq \u00fc\u00e7\u00fcn pul verdiyini dem\u0259di.<\/p>\n\n\n\n<p>Vilyam Hac\u0131yev \u00f6z\u00fc d\u0259 imzalad\u0131\u011f\u0131 s\u0259r\u0259ncamlar\u0131n qanuni oldu\u011funu iddia edib:<\/p>\n\n\n\n<p>\u201c\u018fg\u0259r o, s\u0259r\u0259ncamlar qanunsuzdursa, niy\u0259 iddia qald\u0131r\u0131b l\u0259\u011fv el\u0259mirl\u0259r?\u201d.<\/p>\n\n\n\n<p>\u0130mi\u015fli Rayon \u0130cra Hakimiyy\u0259tinin ba\u015f m\u00fchasibi, m\u0259hk\u0259m\u0259 prosesin boyunca ad\u0131 v\u0259t\u0259nda\u015flardan r\u00fc\u015fv\u0259t almaqda hallanan C\u0259mil Musayevin d\u0259ft\u0259ri d\u0259 i\u015f materiallar\u0131 aras\u0131ndad\u0131r. Orada v\u0259t\u0259nda\u015flardan al\u0131nan pullar\u0131n m\u0259bl\u0259\u011fl\u0259ri \u0259ksini tap\u0131b.<\/p>\n\n\n\n<p>V\u0259kil Elmar K\u0259rimov ba\u015f m\u00fchasibin qeyd d\u0259ft\u0259rinin r\u0259smi s\u0259n\u0259d kimi q\u0259bul olunmas\u0131na etiraz edib.<\/p>\n\n\n\n<p>\u201cC\u0259mil Musayev 2017-ci ild\u0259n \u00f6z\u00fc qeydl\u0259r apar\u0131b. Onun haz\u0131rlad\u0131\u011f\u0131 qeyd d\u0259ft\u0259ri r\u0259smi s\u0259n\u0259d hesab oluna bilm\u0259z. S\u0259n\u0259din alt\u0131nda m\u00f6h\u00fcr, imza olur. C\u0259mil Musayev d\u00fczg\u00fcn adam idis\u0259, qanunsuz i\u015fl\u0259r apar\u0131lmas\u0131yla ba\u011fl\u0131 vaxt\u0131nda h\u00fcquq- m\u00fchafiz\u0259 orqanlar\u0131na m\u00fcraci\u0259t ed\u0259rdi\u2026\u201d, &#8211; v\u0259kil bildirib.<\/p>\n\n\n\n<p>M\u00fcdafi\u0259\u00e7i pullar\u0131 C\u0259mil Musayevin \u00f6z\u00fcn\u00fcn ald\u0131\u011f\u0131n\u0131 vur\u011fulay\u0131b:<\/p>\n\n\n\n<p>\u201cBu adam\u0131n evind\u0259 axtar\u0131\u015f apar\u0131lmay\u0131b, pullar\u0131 hara qoymas\u0131 ara\u015fd\u0131r\u0131lmay\u0131b\u201d.<\/p>\n\n\n\n<p>Hakim bununla ba\u011fl\u0131 m\u0259s\u0259l\u0259y\u0259 h\u00fcquqi qiym\u0259t veril\u0259c\u0259yini deyib.<\/p>\n\n\n\n<p>C\u0259mil Musayev \u00f6z\u00fc d\u0259 m\u0259hk\u0259m\u0259d\u0259 t\u0259sdiql\u0259yib ki, v\u0259t\u0259nda\u015flardan r\u00fc\u015fv\u0259t al\u0131rd\u0131. Lakin o, h\u0259min v\u0259saiti icra ba\u015f\u00e7\u0131s\u0131na \u00e7atd\u0131rd\u0131\u011f\u0131n\u0131 iddia edib.<\/p>\n\n\n\n<p>Vilyam Hac\u0131yev is\u0259 onun dedikl\u0259rini t\u0259kzib edib.<\/p>\n\n\n\n<p>Ad\u0131 r\u00fc\u015fv\u0259t almaqda hallanmas\u0131na baxmayaraq, C\u0259mil Musayev h\u0259l\u0259 d\u0259 icra hakimiyy\u0259tind\u0259 ba\u015f m\u00fchasib v\u0259zif\u0259sind\u0259 \u00e7al\u0131\u015f\u0131r.<\/p>\n\n\n\n<p>M\u0259hk\u0259m\u0259d\u0259 elan edil\u0259n s\u0259n\u0259dl\u0259rd\u0259n o da m\u0259lum olub ki, Vilyam Hac\u0131yevin \u0130mi\u015fli rayonundak\u0131 evin\u0259 bax\u0131\u015f zaman\u0131 oradan 10 min manat pul g\u00f6t\u00fcr\u00fcl\u00fcb.<\/p>\n\n\n\n<p>M\u0259hk\u0259m\u0259 prosesi iyunun 20-d\u0259 davam ed\u0259c\u0259k.<\/p>\n\n\n\n<p>Vilyam Hac\u0131yev 2020-ci ilin may\u0131nda D\u00f6vl\u0259t T\u0259hl\u00fck\u0259sizliyi Xidm\u0259ti (DTX) \u0259m\u0259kda\u015flar\u0131n\u0131n \u0130mi\u015fli Rayon \u0130cra Hakimiyy\u0259tind\u0259 ke\u00e7irdiyi \u0259m\u0259liyyat n\u0259tic\u0259sind\u0259 h\u0259bs olunub. O, uzun m\u00fcdd\u0259t DTX-n\u0131n istintaq t\u0259cridxanas\u0131nda saxlan\u0131l\u0131b. M\u0259hk\u0259m\u0259 ba\u015flayanda Bak\u0131 \u0130stintaq T\u0259cridxanas\u0131na k\u00f6\u00e7\u00fcr\u00fcl\u00fcb. Sabiq icra ba\u015f\u00e7\u0131s\u0131 bir m\u00fcdd\u0259t \u0259vv\u0259l\u0259 q\u0259d\u0259r M\u00fcalic\u0259 M\u00fc\u0259ssis\u0259sind\u0259 saxlan\u0131l\u0131rd\u0131.<\/p>\n\n\n\n<p>Vilyam Hac\u0131yev Cinay\u0259t M\u0259c\u0259ll\u0259sinin 179.4 (x\u00fcsusil\u0259 k\u00fclli miqdarda m\u0259nims\u0259m\u0259), 311 (r\u00fc\u015fv\u0259t alma) v\u0259 ba\u015fqa madd\u0259l\u0259ril\u0259 ittiham olunur.<\/p>\n\n\n\n<p>O, 2004-2006-c\u0131 ill\u0259rd\u0259 G\u00f6yg\u00f6l rayonunun, 2006-2012-ci ill\u0259rd\u0259 Samuxun, 2012-2020-ci ill\u0259rd\u0259 is\u0259 \u0130mi\u015flinin icra ba\u015f\u00e7\u0131s\u0131 v\u0259zif\u0259sind\u0259 \u00e7al\u0131\u015f\u0131b.<\/p>\n\n\n\n<p>Vilyam Hac\u0131yevin h\u0259bsind\u0259n sonra DTX onun evind\u0259n, qaraj\u0131ndan qutularda milyonlarla manat, xarici valtitada pullar\u0131n, m\u00fcxt\u0259lif ma\u015f\u0131nlar\u0131n \u00e7\u0131xmas\u0131n\u0131 \u0259ks etdir\u0259n g\u00f6r\u00fcnt\u00fcl\u0259r yay\u0131mlam\u0131\u015fd\u0131.<\/p>\n\n\n\n<p>Vilyam Hac\u0131yev \u00f6z\u00fcn\u00fc t\u0259qsirli bilmir, ittihamlar\u0131n \u015f\u0259r-b\u00f6htan oldu\u011funu, sifari\u015fl\u0259 h\u0259bs edildiyini bildirir.<\/p>\n\n\n\n<p>Az\u0259rbaycanda icra ba\u015f\u00e7\u0131lar\u0131n\u0131n h\u0259bs dal\u011fas\u0131 2019-cu ilin dekabr\u0131ndan ba\u015flay\u0131b. \u0130lk h\u0259bs edil\u0259nl\u0259r A\u011fstafa rayonunun icra ba\u015f\u00e7\u0131s\u0131 Nizam\u0259ddin Quliyev v\u0259 Yevlax\u0131n sabiq icra ba\u015f\u00e7\u0131s\u0131 Qoca S\u0259m\u0259dov olub. 2020-ci ilin ilin fevral\u0131nda Neft\u00e7alan\u0131n, mayda is\u0259 Bil\u0259suvar\u0131n v\u0259 \u0130mi\u015flinin icra ba\u015f\u00e7\u0131s\u0131 h\u0259bs edildi. Ard\u0131nca K\u00fcrd\u0259mir, C\u0259lilabad, \u015e\u0259mkir rayonlar\u0131nda da eyni \u0259m\u0259liyyatlar h\u0259yata ke\u00e7irildi.<\/p>\n","protected":false},"excerpt":{"rendered":"<p>Ad\u0131 r\u00fc\u015fv\u0259t almaqda hallanmas\u0131na baxmayaraq, C\u0259mil Musayev h\u0259l\u0259 d\u0259 ba\u015f &#8230; <\/p>\n<p class=\"read-more-container\"><a title=\"H\u0259bsd\u0259ki sabiq icra ba\u015f\u00e7\u0131s\u0131: \u201cVerdiyim s\u0259r\u0259ncamlar qanunsuzdursa, niy\u0259 l\u0259\u011fv el\u0259mirl\u0259r?\u201d\" class=\"read-more button\" href=\"https:\/\/www.meydan.tv\/az\/article\/hebsdeki-sabiq-icra-bascisi-verdiyim-serencamlar-qanunsuzdursa-niye-legv-elemirler\/#more-248615\" aria-label=\"Read more about H\u0259bsd\u0259ki sabiq icra ba\u015f\u00e7\u0131s\u0131: \u201cVerdiyim s\u0259r\u0259ncamlar qanunsuzdursa, niy\u0259 l\u0259\u011fv el\u0259mirl\u0259r?\u201d\">Davam\u0131<\/a><\/p>\n","protected":false},"author":8,"featured_media":240618,"comment_status":"closed","ping_status":"closed","sticky":false,"template":"","format":"standard","meta":{"_acf_changed":false,"_sitemap_exclude":false,"_sitemap_priority":"","_sitemap_frequency":"","footnotes":""},"categories":[60,79,56],"tags":[],"class_list":["post-248615","post","type-post","status-publish","format-standard","has-post-thumbnail","hentry","category-bolge","category-featured","category-xeberler","infinite-scroll-item","generate-columns","tablet-grid-50","mobile-grid-100","grid-parent","grid-33","no-featured-image-padding"],"acf":[],"yoast_head":"<!-- This site is optimized with the Yoast SEO plugin v27.5 - https:\/\/yoast.com\/product\/yoast-seo-wordpress\/ -->\n<title>H\u0259bsd\u0259ki sabiq icra ba\u015f\u00e7\u0131s\u0131: \u201cVerdiyim s\u0259r\u0259ncamlar qanunsuzdursa, niy\u0259 l\u0259\u011fv el\u0259mirl\u0259r?\u201d - MEYDAN.TV<\/title>\n<meta name=\"robots\" content=\"index, follow, max-snippet:-1, max-image-preview:large, max-video-preview:-1\" \/>\n<link rel=\"canonical\" href=\"https:\/\/www.meydan.tv\/az\/article\/hebsdeki-sabiq-icra-bascisi-verdiyim-serencamlar-qanunsuzdursa-niye-legv-elemirler\/\" \/>\n<meta property=\"og:locale\" content=\"az_AZ\" \/>\n<meta property=\"og:type\" content=\"article\" \/>\n<meta property=\"og:title\" content=\"H\u0259bsd\u0259ki sabiq icra ba\u015f\u00e7\u0131s\u0131: \u201cVerdiyim s\u0259r\u0259ncamlar qanunsuzdursa, niy\u0259 l\u0259\u011fv el\u0259mirl\u0259r?\u201d - MEYDAN.TV\" \/>\n<meta property=\"og:description\" content=\"Ad\u0131 r\u00fc\u015fv\u0259t almaqda hallanmas\u0131na baxmayaraq, C\u0259mil Musayev h\u0259l\u0259 d\u0259 ba\u015f ... Davam\u0131\" \/>\n<meta property=\"og:url\" content=\"https:\/\/www.meydan.tv\/az\/article\/hebsdeki-sabiq-icra-bascisi-verdiyim-serencamlar-qanunsuzdursa-niye-legv-elemirler\/\" \/>\n<meta property=\"og:site_name\" content=\"MEYDAN.TV\" \/>\n<meta property=\"article:published_time\" content=\"2022-06-17T11:05:13+00:00\" \/>\n<meta property=\"article:modified_time\" content=\"2022-06-17T11:05:15+00:00\" \/>\n<meta property=\"og:image\" content=\"https:\/\/www.meydan.tv\/wp-content\/uploads\/image_from_ios-25.jpg\" \/>\n\t<meta property=\"og:image:width\" content=\"1422\" \/>\n\t<meta property=\"og:image:height\" content=\"800\" \/>\n\t<meta property=\"og:image:type\" content=\"image\/jpeg\" \/>\n<meta name=\"author\" content=\"elli\" \/>\n<meta name=\"twitter:card\" content=\"summary_large_image\" \/>\n<meta name=\"twitter:creator\" content=\"@elli\" \/>\n<script type=\"application\/ld+json\" class=\"yoast-schema-graph\">{\"@context\":\"https:\\\/\\\/schema.org\",\"@graph\":[{\"@type\":\"Article\",\"@id\":\"https:\\\/\\\/www.meydan.tv\\\/az\\\/article\\\/hebsdeki-sabiq-icra-bascisi-verdiyim-serencamlar-qanunsuzdursa-niye-legv-elemirler\\\/#article\",\"isPartOf\":{\"@id\":\"https:\\\/\\\/www.meydan.tv\\\/az\\\/article\\\/hebsdeki-sabiq-icra-bascisi-verdiyim-serencamlar-qanunsuzdursa-niye-legv-elemirler\\\/\"},\"author\":{\"name\":\"elli\",\"@id\":\"https:\\\/\\\/www.meydan.tv\\\/az\\\/#\\\/schema\\\/person\\\/9cdbecf90d17180ce1dfbd95b08dcf47\"},\"headline\":\"H\u0259bsd\u0259ki sabiq icra ba\u015f\u00e7\u0131s\u0131: \u201cVerdiyim s\u0259r\u0259ncamlar qanunsuzdursa, niy\u0259 l\u0259\u011fv el\u0259mirl\u0259r?\u201d\",\"datePublished\":\"2022-06-17T11:05:13+00:00\",\"dateModified\":\"2022-06-17T11:05:15+00:00\",\"mainEntityOfPage\":{\"@id\":\"https:\\\/\\\/www.meydan.tv\\\/az\\\/article\\\/hebsdeki-sabiq-icra-bascisi-verdiyim-serencamlar-qanunsuzdursa-niye-legv-elemirler\\\/\"},\"wordCount\":877,\"publisher\":{\"@id\":\"https:\\\/\\\/www.meydan.tv\\\/az\\\/#organization\"},\"image\":{\"@id\":\"https:\\\/\\\/www.meydan.tv\\\/az\\\/article\\\/hebsdeki-sabiq-icra-bascisi-verdiyim-serencamlar-qanunsuzdursa-niye-legv-elemirler\\\/#primaryimage\"},\"thumbnailUrl\":\"https:\\\/\\\/www.meydan.tv\\\/wp-content\\\/uploads\\\/image_from_ios-25.jpg\",\"articleSection\":[\"B\u00f6lg\u0259\",\"T\u00f6vsiy\u0259\",\"X\u0259b\u0259rl\u0259r\"],\"inLanguage\":\"az\"},{\"@type\":\"WebPage\",\"@id\":\"https:\\\/\\\/www.meydan.tv\\\/az\\\/article\\\/hebsdeki-sabiq-icra-bascisi-verdiyim-serencamlar-qanunsuzdursa-niye-legv-elemirler\\\/\",\"url\":\"https:\\\/\\\/www.meydan.tv\\\/az\\\/article\\\/hebsdeki-sabiq-icra-bascisi-verdiyim-serencamlar-qanunsuzdursa-niye-legv-elemirler\\\/\",\"name\":\"H\u0259bsd\u0259ki sabiq icra ba\u015f\u00e7\u0131s\u0131: \u201cVerdiyim s\u0259r\u0259ncamlar qanunsuzdursa, niy\u0259 l\u0259\u011fv el\u0259mirl\u0259r?\u201d - MEYDAN.TV\",\"isPartOf\":{\"@id\":\"https:\\\/\\\/www.meydan.tv\\\/az\\\/#website\"},\"primaryImageOfPage\":{\"@id\":\"https:\\\/\\\/www.meydan.tv\\\/az\\\/article\\\/hebsdeki-sabiq-icra-bascisi-verdiyim-serencamlar-qanunsuzdursa-niye-legv-elemirler\\\/#primaryimage\"},\"image\":{\"@id\":\"https:\\\/\\\/www.meydan.tv\\\/az\\\/article\\\/hebsdeki-sabiq-icra-bascisi-verdiyim-serencamlar-qanunsuzdursa-niye-legv-elemirler\\\/#primaryimage\"},\"thumbnailUrl\":\"https:\\\/\\\/www.meydan.tv\\\/wp-content\\\/uploads\\\/image_from_ios-25.jpg\",\"datePublished\":\"2022-06-17T11:05:13+00:00\",\"dateModified\":\"2022-06-17T11:05:15+00:00\",\"breadcrumb\":{\"@id\":\"https:\\\/\\\/www.meydan.tv\\\/az\\\/article\\\/hebsdeki-sabiq-icra-bascisi-verdiyim-serencamlar-qanunsuzdursa-niye-legv-elemirler\\\/#breadcrumb\"},\"inLanguage\":\"az\",\"potentialAction\":[{\"@type\":\"ReadAction\",\"target\":[\"https:\\\/\\\/www.meydan.tv\\\/az\\\/article\\\/hebsdeki-sabiq-icra-bascisi-verdiyim-serencamlar-qanunsuzdursa-niye-legv-elemirler\\\/\"]}]},{\"@type\":\"ImageObject\",\"inLanguage\":\"az\",\"@id\":\"https:\\\/\\\/www.meydan.tv\\\/az\\\/article\\\/hebsdeki-sabiq-icra-bascisi-verdiyim-serencamlar-qanunsuzdursa-niye-legv-elemirler\\\/#primaryimage\",\"url\":\"https:\\\/\\\/www.meydan.tv\\\/wp-content\\\/uploads\\\/image_from_ios-25.jpg\",\"contentUrl\":\"https:\\\/\\\/www.meydan.tv\\\/wp-content\\\/uploads\\\/image_from_ios-25.jpg\",\"width\":1422,\"height\":800,\"caption\":\"Vilyam Hac\u0131yev. Foto: Meydan TV\"},{\"@type\":\"BreadcrumbList\",\"@id\":\"https:\\\/\\\/www.meydan.tv\\\/az\\\/article\\\/hebsdeki-sabiq-icra-bascisi-verdiyim-serencamlar-qanunsuzdursa-niye-legv-elemirler\\\/#breadcrumb\",\"itemListElement\":[{\"@type\":\"ListItem\",\"position\":1,\"name\":\"Ana s\u0259hif\u0259\",\"item\":\"https:\\\/\\\/www.meydan.tv\\\/az\\\/\"},{\"@type\":\"ListItem\",\"position\":2,\"name\":\"B\u00f6lg\u0259\",\"item\":\"https:\\\/\\\/www.meydan.tv\\\/az\\\/section\\\/bolge\\\/\"},{\"@type\":\"ListItem\",\"position\":3,\"name\":\"H\u0259bsd\u0259ki sabiq icra ba\u015f\u00e7\u0131s\u0131: \u201cVerdiyim s\u0259r\u0259ncamlar qanunsuzdursa, niy\u0259 l\u0259\u011fv el\u0259mirl\u0259r?\u201d\"}]},{\"@type\":\"WebSite\",\"@id\":\"https:\\\/\\\/www.meydan.tv\\\/az\\\/#website\",\"url\":\"https:\\\/\\\/www.meydan.tv\\\/az\\\/\",\"name\":\"MEYDAN.TV\",\"description\":\"Meydan TV Az\u0259rbaycan\u0131n media m\u0259kan\u0131ndak\u0131 alternativ s\u0259sidir\",\"publisher\":{\"@id\":\"https:\\\/\\\/www.meydan.tv\\\/az\\\/#organization\"},\"potentialAction\":[{\"@type\":\"SearchAction\",\"target\":{\"@type\":\"EntryPoint\",\"urlTemplate\":\"https:\\\/\\\/www.meydan.tv\\\/az\\\/?s={search_term_string}\"},\"query-input\":{\"@type\":\"PropertyValueSpecification\",\"valueRequired\":true,\"valueName\":\"search_term_string\"}}],\"inLanguage\":\"az\"},{\"@type\":\"Organization\",\"@id\":\"https:\\\/\\\/www.meydan.tv\\\/az\\\/#organization\",\"name\":\"Meydan TV\",\"url\":\"https:\\\/\\\/www.meydan.tv\\\/az\\\/\",\"logo\":{\"@type\":\"ImageObject\",\"inLanguage\":\"az\",\"@id\":\"https:\\\/\\\/www.meydan.tv\\\/az\\\/#\\\/schema\\\/logo\\\/image\\\/\",\"url\":\"https:\\\/\\\/www.meydan.tv\\\/wp-content\\\/uploads\\\/2021\\\/07\\\/meydan-logo.svg\",\"contentUrl\":\"https:\\\/\\\/www.meydan.tv\\\/wp-content\\\/uploads\\\/2021\\\/07\\\/meydan-logo.svg\",\"width\":195,\"height\":46,\"caption\":\"Meydan TV\"},\"image\":{\"@id\":\"https:\\\/\\\/www.meydan.tv\\\/az\\\/#\\\/schema\\\/logo\\\/image\\\/\"}},{\"@type\":\"Person\",\"@id\":\"https:\\\/\\\/www.meydan.tv\\\/az\\\/#\\\/schema\\\/person\\\/9cdbecf90d17180ce1dfbd95b08dcf47\",\"name\":\"elli\",\"sameAs\":[\"https:\\\/\\\/x.com\\\/elli\"]}]}<\/script>\n<!-- \/ Yoast SEO plugin. -->","yoast_head_json":{"title":"H\u0259bsd\u0259ki sabiq icra ba\u015f\u00e7\u0131s\u0131: \u201cVerdiyim s\u0259r\u0259ncamlar qanunsuzdursa, niy\u0259 l\u0259\u011fv el\u0259mirl\u0259r?\u201d - MEYDAN.TV","robots":{"index":"index","follow":"follow","max-snippet":"max-snippet:-1","max-image-preview":"max-image-preview:large","max-video-preview":"max-video-preview:-1"},"canonical":"https:\/\/www.meydan.tv\/az\/article\/hebsdeki-sabiq-icra-bascisi-verdiyim-serencamlar-qanunsuzdursa-niye-legv-elemirler\/","og_locale":"az_AZ","og_type":"article","og_title":"H\u0259bsd\u0259ki sabiq icra ba\u015f\u00e7\u0131s\u0131: \u201cVerdiyim s\u0259r\u0259ncamlar qanunsuzdursa, niy\u0259 l\u0259\u011fv el\u0259mirl\u0259r?\u201d - MEYDAN.TV","og_description":"Ad\u0131 r\u00fc\u015fv\u0259t almaqda hallanmas\u0131na baxmayaraq, C\u0259mil Musayev h\u0259l\u0259 d\u0259 ba\u015f ... Davam\u0131","og_url":"https:\/\/www.meydan.tv\/az\/article\/hebsdeki-sabiq-icra-bascisi-verdiyim-serencamlar-qanunsuzdursa-niye-legv-elemirler\/","og_site_name":"MEYDAN.TV","article_published_time":"2022-06-17T11:05:13+00:00","article_modified_time":"2022-06-17T11:05:15+00:00","og_image":[{"width":1422,"height":800,"url":"https:\/\/www.meydan.tv\/wp-content\/uploads\/image_from_ios-25.jpg","type":"image\/jpeg"}],"author":"elli","twitter_card":"summary_large_image","twitter_creator":"@elli","schema":{"@context":"https:\/\/schema.org","@graph":[{"@type":"Article","@id":"https:\/\/www.meydan.tv\/az\/article\/hebsdeki-sabiq-icra-bascisi-verdiyim-serencamlar-qanunsuzdursa-niye-legv-elemirler\/#article","isPartOf":{"@id":"https:\/\/www.meydan.tv\/az\/article\/hebsdeki-sabiq-icra-bascisi-verdiyim-serencamlar-qanunsuzdursa-niye-legv-elemirler\/"},"author":{"name":"elli","@id":"https:\/\/www.meydan.tv\/az\/#\/schema\/person\/9cdbecf90d17180ce1dfbd95b08dcf47"},"headline":"H\u0259bsd\u0259ki sabiq icra ba\u015f\u00e7\u0131s\u0131: \u201cVerdiyim s\u0259r\u0259ncamlar qanunsuzdursa, niy\u0259 l\u0259\u011fv el\u0259mirl\u0259r?\u201d","datePublished":"2022-06-17T11:05:13+00:00","dateModified":"2022-06-17T11:05:15+00:00","mainEntityOfPage":{"@id":"https:\/\/www.meydan.tv\/az\/article\/hebsdeki-sabiq-icra-bascisi-verdiyim-serencamlar-qanunsuzdursa-niye-legv-elemirler\/"},"wordCount":877,"publisher":{"@id":"https:\/\/www.meydan.tv\/az\/#organization"},"image":{"@id":"https:\/\/www.meydan.tv\/az\/article\/hebsdeki-sabiq-icra-bascisi-verdiyim-serencamlar-qanunsuzdursa-niye-legv-elemirler\/#primaryimage"},"thumbnailUrl":"https:\/\/www.meydan.tv\/wp-content\/uploads\/image_from_ios-25.jpg","articleSection":["B\u00f6lg\u0259","T\u00f6vsiy\u0259","X\u0259b\u0259rl\u0259r"],"inLanguage":"az"},{"@type":"WebPage","@id":"https:\/\/www.meydan.tv\/az\/article\/hebsdeki-sabiq-icra-bascisi-verdiyim-serencamlar-qanunsuzdursa-niye-legv-elemirler\/","url":"https:\/\/www.meydan.tv\/az\/article\/hebsdeki-sabiq-icra-bascisi-verdiyim-serencamlar-qanunsuzdursa-niye-legv-elemirler\/","name":"H\u0259bsd\u0259ki sabiq icra ba\u015f\u00e7\u0131s\u0131: \u201cVerdiyim s\u0259r\u0259ncamlar qanunsuzdursa, niy\u0259 l\u0259\u011fv el\u0259mirl\u0259r?\u201d - MEYDAN.TV","isPartOf":{"@id":"https:\/\/www.meydan.tv\/az\/#website"},"primaryImageOfPage":{"@id":"https:\/\/www.meydan.tv\/az\/article\/hebsdeki-sabiq-icra-bascisi-verdiyim-serencamlar-qanunsuzdursa-niye-legv-elemirler\/#primaryimage"},"image":{"@id":"https:\/\/www.meydan.tv\/az\/article\/hebsdeki-sabiq-icra-bascisi-verdiyim-serencamlar-qanunsuzdursa-niye-legv-elemirler\/#primaryimage"},"thumbnailUrl":"https:\/\/www.meydan.tv\/wp-content\/uploads\/image_from_ios-25.jpg","datePublished":"2022-06-17T11:05:13+00:00","dateModified":"2022-06-17T11:05:15+00:00","breadcrumb":{"@id":"https:\/\/www.meydan.tv\/az\/article\/hebsdeki-sabiq-icra-bascisi-verdiyim-serencamlar-qanunsuzdursa-niye-legv-elemirler\/#breadcrumb"},"inLanguage":"az","potentialAction":[{"@type":"ReadAction","target":["https:\/\/www.meydan.tv\/az\/article\/hebsdeki-sabiq-icra-bascisi-verdiyim-serencamlar-qanunsuzdursa-niye-legv-elemirler\/"]}]},{"@type":"ImageObject","inLanguage":"az","@id":"https:\/\/www.meydan.tv\/az\/article\/hebsdeki-sabiq-icra-bascisi-verdiyim-serencamlar-qanunsuzdursa-niye-legv-elemirler\/#primaryimage","url":"https:\/\/www.meydan.tv\/wp-content\/uploads\/image_from_ios-25.jpg","contentUrl":"https:\/\/www.meydan.tv\/wp-content\/uploads\/image_from_ios-25.jpg","width":1422,"height":800,"caption":"Vilyam Hac\u0131yev. Foto: Meydan TV"},{"@type":"BreadcrumbList","@id":"https:\/\/www.meydan.tv\/az\/article\/hebsdeki-sabiq-icra-bascisi-verdiyim-serencamlar-qanunsuzdursa-niye-legv-elemirler\/#breadcrumb","itemListElement":[{"@type":"ListItem","position":1,"name":"Ana s\u0259hif\u0259","item":"https:\/\/www.meydan.tv\/az\/"},{"@type":"ListItem","position":2,"name":"B\u00f6lg\u0259","item":"https:\/\/www.meydan.tv\/az\/section\/bolge\/"},{"@type":"ListItem","position":3,"name":"H\u0259bsd\u0259ki sabiq icra ba\u015f\u00e7\u0131s\u0131: \u201cVerdiyim s\u0259r\u0259ncamlar qanunsuzdursa, niy\u0259 l\u0259\u011fv el\u0259mirl\u0259r?\u201d"}]},{"@type":"WebSite","@id":"https:\/\/www.meydan.tv\/az\/#website","url":"https:\/\/www.meydan.tv\/az\/","name":"MEYDAN.TV","description":"Meydan TV Az\u0259rbaycan\u0131n media m\u0259kan\u0131ndak\u0131 alternativ s\u0259sidir","publisher":{"@id":"https:\/\/www.meydan.tv\/az\/#organization"},"potentialAction":[{"@type":"SearchAction","target":{"@type":"EntryPoint","urlTemplate":"https:\/\/www.meydan.tv\/az\/?s={search_term_string}"},"query-input":{"@type":"PropertyValueSpecification","valueRequired":true,"valueName":"search_term_string"}}],"inLanguage":"az"},{"@type":"Organization","@id":"https:\/\/www.meydan.tv\/az\/#organization","name":"Meydan TV","url":"https:\/\/www.meydan.tv\/az\/","logo":{"@type":"ImageObject","inLanguage":"az","@id":"https:\/\/www.meydan.tv\/az\/#\/schema\/logo\/image\/","url":"https:\/\/www.meydan.tv\/wp-content\/uploads\/2021\/07\/meydan-logo.svg","contentUrl":"https:\/\/www.meydan.tv\/wp-content\/uploads\/2021\/07\/meydan-logo.svg","width":195,"height":46,"caption":"Meydan TV"},"image":{"@id":"https:\/\/www.meydan.tv\/az\/#\/schema\/logo\/image\/"}},{"@type":"Person","@id":"https:\/\/www.meydan.tv\/az\/#\/schema\/person\/9cdbecf90d17180ce1dfbd95b08dcf47","name":"elli","sameAs":["https:\/\/x.com\/elli"]}]}},"_links":{"self":[{"href":"https:\/\/www.meydan.tv\/az\/wp-json\/wp\/v2\/posts\/248615","targetHints":{"allow":["GET"]}}],"collection":[{"href":"https:\/\/www.meydan.tv\/az\/wp-json\/wp\/v2\/posts"}],"about":[{"href":"https:\/\/www.meydan.tv\/az\/wp-json\/wp\/v2\/types\/post"}],"author":[{"embeddable":true,"href":"https:\/\/www.meydan.tv\/az\/wp-json\/wp\/v2\/users\/8"}],"replies":[{"embeddable":true,"href":"https:\/\/www.meydan.tv\/az\/wp-json\/wp\/v2\/comments?post=248615"}],"version-history":[{"count":1,"href":"https:\/\/www.meydan.tv\/az\/wp-json\/wp\/v2\/posts\/248615\/revisions"}],"predecessor-version":[{"id":248616,"href":"https:\/\/www.meydan.tv\/az\/wp-json\/wp\/v2\/posts\/248615\/revisions\/248616"}],"wp:featuredmedia":[{"embeddable":true,"href":"https:\/\/www.meydan.tv\/az\/wp-json\/wp\/v2\/media\/240618"}],"wp:attachment":[{"href":"https:\/\/www.meydan.tv\/az\/wp-json\/wp\/v2\/media?parent=248615"}],"wp:term":[{"taxonomy":"category","embeddable":true,"href":"https:\/\/www.meydan.tv\/az\/wp-json\/wp\/v2\/categories?post=248615"},{"taxonomy":"post_tag","embeddable":true,"href":"https:\/\/www.meydan.tv\/az\/wp-json\/wp\/v2\/tags?post=248615"}],"curies":[{"name":"wp","href":"https:\/\/api.w.org\/{rel}","templated":true}]}}