{"id":248476,"date":"2022-06-16T15:04:07","date_gmt":"2022-06-16T11:04:07","guid":{"rendered":"https:\/\/www.meydan.tv\/?p=248476"},"modified":"2022-06-16T15:04:09","modified_gmt":"2022-06-16T11:04:09","slug":"muharibe-elili-ilham-eliyev-bizim-itirecek-hec-neyimiz-qalmayib","status":"publish","type":"post","link":"https:\/\/www.meydan.tv\/az\/article\/muharibe-elili-ilham-eliyev-bizim-itirecek-hec-neyimiz-qalmayib\/","title":{"rendered":"M\u00fcharib\u0259 \u0259lili: \u201c\u0130lham \u018fliyev, bizim itir\u0259c\u0259k he\u00e7 n\u0259yimiz qalmay\u0131b\u201d"},"content":{"rendered":"\n<p><\/p>\n\n\n\n<p><em>\u201cBiz\u0259 x\u0131rda bir k\u00f6\u015fk a\u00e7ma\u011fa 6 kvadratmetrlik yer tap\u0131lm\u0131r, ancaq 5 min r\u00fc\u015fv\u0259t vers\u0259k, tap\u0131lacaq\u201d<\/em><\/p>\n\n\n\n<p>\u201cBurdan Prezident\u0259 s\u0259sl\u0259nir\u0259m \u2013 ay \u0130lham \u018fliyev, ilyar\u0131mda 31 Qaraba\u011f qazisi \u00f6z\u00fcn\u00fc \u00f6ld\u00fcr\u00fcb, niy\u0259 reaksiya vermirsiniz? Niy\u0259 soru\u015fmursunuz, bu qazil\u0259r \u00f6zl\u0259rini niy\u0259 \u00f6ld\u00fcr\u00fcr? Ay \u0130lham \u018fliyev, m\u0259n burdan Siz\u0259 s\u0259sl\u0259nir\u0259m, m\u0259n ist\u0259mir\u0259m ki, \u00f6z\u00fcn\u00fc \u00f6ld\u00fcr\u0259n n\u00f6vb\u0259ti qazi m\u0259n olum, o\u011flum olsun\u2026 Bizim itir\u0259c\u0259k he\u00e7 n\u0259yimiz qalmay\u0131b, bil\u0259siniz\u2026\u201d.<\/p>\n\n\n\n<p>Yevlax\u0131n Xaldan k\u0259ndind\u0259 ya\u015fayan X\u0259yyam \u00c7\u0259l\u0259bi Meydan TV vasit\u0259siyl\u0259 \u00f6lk\u0259 ba\u015f\u00e7\u0131s\u0131 \u0130lham \u018fliyev\u0259 d\u0259 m\u00fcraci\u0259t edib. O, qazil\u0259r\u0259 diqq\u0259t ayr\u0131lmas\u0131n\u0131 ist\u0259yib.<\/p>\n\n\n\n<p>X\u0259yyam \u00c7\u0259l\u0259bi Birinci Qaraba\u011f M\u00fcharib\u0259sind\u0259 h\u0259r iki aya\u011f\u0131n\u0131 itirdiyin\u0259 g\u00f6r\u0259 birinci qrup m\u00fcharib\u0259 \u0259lilidir. \u00dcst\u0259lik, 5 il\u0259 yax\u0131nd\u0131r ki, qan x\u0259r\u00e7\u0259ngind\u0259n \u0259ziyy\u0259t \u00e7\u0259kir. Ald\u0131\u011f\u0131 \u0259lillik pensiyas\u0131 v\u0259 Prezident t\u0259qa\u00fcd\u00fc el\u0259 ayl\u0131q d\u0259rmanlar\u0131na x\u0259rcl\u0259nir. Deyir, ata evind\u0259 qarda\u015f\u0131n\u0131n ail\u0259si il\u0259 ya\u015fay\u0131r. \u0130ll\u0259rdir ki, f\u0259rdi ev tikm\u0259k \u00fc\u00e7\u00fcn d\u00f6vl\u0259td\u0259n torpaq sah\u0259si ist\u0259s\u0259 d\u0259, ona rayonda f\u0259rdi ev tikintisi \u00fc\u00e7\u00fcn yer olmad\u0131\u011f\u0131n\u0131 deyirl\u0259r.<\/p>\n\n\n\n<p>X\u0259yyam \u00c7\u0259l\u0259bi \u0259kin\u00e7ilikl\u0259 m\u0259\u015f\u011ful olmaq \u00fc\u00e7\u00fcn d\u0259 d\u00f6vl\u0259t\u0259 m\u00fcraci\u0259t edib. Ancaq h\u0259r d\u0259f\u0259 rayonda ya\u015fay\u0131\u015f qeydiyyat\u0131 olmad\u0131\u011f\u0131n\u0131 s\u0259b\u0259b g\u0259tir\u0259r\u0259k torpaq verm\u0259kd\u0259n imtina edirl\u0259r:<\/p>\n\n\n\n<p>\u201cM\u0259n 40 ildir ki, Bak\u0131 qeydiyyat\u0131ndayam. Uzun ill\u0259r Bak\u0131dak\u0131 zirz\u0259mil\u0259rd\u0259 kiray\u0259l\u0259rd\u0259 qalandan sonra n\u0259hay\u0259t, 4 il \u0259vv\u0259l d\u00f6vl\u0259t m\u00fcharib\u0259 \u0259lili kimi L\u00f6kbatanda ikiotaql\u0131 ev verdi. Ancaq Bak\u0131da m\u0259n\u0259 i\u015f yoxdur, t\u0259qa\u00fcdl\u0259rims\u0259 dediyim kimi, Almaniyadan, Sant-Peterburqdan \u00e7\u0259tinlikl\u0259 g\u0259tizdirdiyim ayl\u0131q d\u0259rmanlar\u0131ma gedir. M\u0259n ist\u0259yir\u0259m ki, \u00f6z ata yurdumda ev tikim, \u0259kinl\u0259 m\u0259\u015f\u011ful olum. \u018fkin\u00e7\u00fcn torpaq ay\u0131rm\u0131rlarsa, m\u00fcraci\u0259t etmi\u015f\u0259m ki, he\u00e7 olmasa x\u0131rda ticar\u0259tl\u0259 m\u0259\u015f\u011ful olma\u011f\u0131ma imkan versinl\u0259r. Yevlax-Zaqatala-G\u00fcrc\u00fcstan yolunun k\u0259nar\u0131nda dayanacaqlar var. Yevlax Rayon \u0130cra Hakimiyy\u0259tind\u0259n xahi\u015f etdim ki, h\u0259min dayanacaqlardan birinin yan\u0131nda 6 kvadratmetrlik yer ay\u0131rs\u0131n, m\u0259n orda x\u0131rda bir k\u00f6\u015fk a\u00e7\u0131m, h\u0259m ba\u015f\u0131m qar\u0131\u015fs\u0131n, h\u0259m d\u0259 dolan\u0131\u015f\u0131\u011f\u0131m\u0131 t\u0259min edim. \u0130cra hakimiyy\u0259ti m\u0259n\u0259 cavab m\u0259ktubu g\u00f6nd\u0259rdi ki, yolda t\u0259mir i\u015fl\u0259ri gedir, t\u0259mir bit\u0259nd\u0259n sonra m\u00fcraci\u0259t ed\u0259rsiz. Halbuki, o yolda he\u00e7 bir t\u0259mir i\u015fi getmir, sad\u0259c\u0259, imtina \u00fc\u00e7\u00fcn ba\u015fqa s\u0259b\u0259bl\u0259ri yoxdur. H\u0259min yeri ba\u015f\u00e7\u0131 5 min manata sat\u0131\u015fa \u00e7\u0131xar\u0131b, sad\u0259c\u0259, he\u00e7 k\u0259s alm\u0131r, \u00e7\u00fcnki ham\u0131 bilir ki, o yerd\u0259 iki aya\u011f\u0131n\u0131 itirmi\u015f, qan x\u0259r\u00e7\u0259ngiyl\u0259 d\u00f6y\u00fc\u015f\u0259n m\u00fcharib\u0259 \u0259lilinin g\u00f6z\u00fc var, insanlar\u0131n vicdan\u0131 yol vermir r\u00fc\u015fv\u0259t verib o yeri alma\u011fa\u2026\u201d<\/p>\n\n\n\n<p>X\u0259yyam \u00c7\u0259l\u0259binin o\u011flu \u0130kinci Qaraba\u011f M\u00fcharib\u0259sind\u0259 h\u0259rbi h\u0259kim kimi i\u015ftirak edib, ba\u015f\u0131ndan yaralan\u0131b, vaxta\u015f\u0131r\u0131 h\u0259rbi hospitalda m\u00fcalic\u0259l\u0259r al\u0131r:<\/p>\n\n\n\n<p>\u201cHaz\u0131rda yen\u0259 Papanind\u0259ki hospitalda m\u00fcalic\u0259 al\u0131r. 25 ya\u015f\u0131 var. M\u00fcharib\u0259 ba\u015flayanda Tibb Universitetini c\u0259mi 4 ay idi bitirmi\u015fdi. H\u0259rbi h\u0259kim kimi k\u00f6n\u00fcll\u00fc m\u00fcharib\u0259y\u0259 getdi, yaral\u0131lar\u0131 d\u00f6y\u00fc\u015f meydan\u0131ndan \u00e7\u0131xaranda \u00f6z\u00fc ba\u015f\u0131ndan yaraland\u0131. Buna baxmayaraq, yen\u0259 d\u0259 h\u0259rbi h\u0259kim kimi A\u011fc\u0259b\u0259did\u0259 xidm\u0259tini edir. Ata-bala sa\u011flaml\u0131\u011f\u0131m\u0131z\u0131, g\u0259ncliyimizi bu v\u0259t\u0259n \u00fc\u00e7\u00fcn qoymu\u015fuq, indi h\u00f6kum\u0259t bizi \u00e7\u00f6r\u0259kl\u0259 s\u0131na\u011fa \u00e7\u0259kir. Biz\u0259 x\u0131rda bir k\u00f6\u015fk a\u00e7ma\u011fa 6 kvadratmetrlik yer tap\u0131lm\u0131r, ancaq 5 min r\u00fc\u015fv\u0259t vers\u0259k, tap\u0131lacaq\u201d.<\/p>\n\n\n\n<p>X\u0259yyam \u00c7\u0259l\u0259bi 5 il\u0259 yax\u0131nd\u0131r ki, leykoza g\u00f6r\u0259 \u0259m\u0259liyyat olunub. \u018fm\u0259liyyatdan \u0259vv\u0259ls\u0259 uzun m\u00fcdd\u0259t d\u00f6vl\u0259t\u0259 m\u00fcraci\u0259t edib:<\/p>\n\n\n\n<p>\u201cM\u0259ni \u0259m\u0259liyyata g\u00f6t\u00fcr\u0259nd\u0259 b\u0259d\u0259nimd\u0259 c\u0259mi 2 qan h\u00fcceyr\u0259si qalm\u0131\u015fd\u0131. Dem\u0259k olar ki, \u00f6l\u00fc idim. M\u0259nim b\u00fct\u00fcn vaxt\u0131m m\u00fcraci\u0259tl\u0259rl\u0259 ke\u00e7mi\u015fdi. M\u00fcayin\u0259l\u0259r, m\u00fcalic\u0259l\u0259r, \u0259m\u0259liyyat \u00fc\u00e7\u00fcn m\u00fcraci\u0259t edirdim, h\u00f6kum\u0259td\u0259n s\u0259s \u00e7\u0131xm\u0131rd\u0131. N\u0259hay\u0259t, qarda\u015f\u0131mla bac\u0131m evl\u0259rini satmal\u0131 oldular, bir d\u0259 sosial \u015f\u0259b\u0259k\u0259l\u0259rd\u0259n maddi d\u0259st\u0259k g\u0259ldi, bunlar\u0131n say\u0259sind\u0259 \u0259m\u0259liyyat olundum, h\u0259yatda qald\u0131m. D\u00f6vl\u0259t m\u0259nim n\u0259 m\u00fcayin\u0259m\u0259, n\u0259 m\u00fcalic\u0259m\u0259, n\u0259 \u0259m\u0259liyyat\u0131ma qara q\u0259pik d\u0259 ay\u0131rmad\u0131. 5 ildir ki, ald\u0131\u011f\u0131m t\u0259qa\u00fcd\u00fcn 80 faizini &#8211; 830 manat\u0131n\u0131 ayl\u0131q d\u0259rmanlar\u0131ma x\u0259rcl\u0259yir\u0259m\u201d.<\/p>\n\n\n\n<p>Yevlax Rayon \u0130cra Hakimiyy\u0259tind\u0259n Meydan TV-y\u0259 bildirilib ki, X\u0259yyam \u00c7\u0259l\u0259binin m\u00fcraci\u0259tl\u0259rin\u0259 r\u0259smi cavab verilib. Qurumdan ba\u015fqa suallar\u0131 cavabland\u0131rmay\u0131blar.<\/p>\n","protected":false},"excerpt":{"rendered":"<p>\u201cBiz\u0259 x\u0131rda bir k\u00f6\u015fk a\u00e7ma\u011fa 6 kvadratmetrlik yer tap\u0131lm\u0131r, ancaq &#8230; <\/p>\n<p class=\"read-more-container\"><a title=\"M\u00fcharib\u0259 \u0259lili: \u201c\u0130lham \u018fliyev, bizim itir\u0259c\u0259k he\u00e7 n\u0259yimiz qalmay\u0131b\u201d\" class=\"read-more button\" href=\"https:\/\/www.meydan.tv\/az\/article\/muharibe-elili-ilham-eliyev-bizim-itirecek-hec-neyimiz-qalmayib\/#more-248476\" aria-label=\"Read more about M\u00fcharib\u0259 \u0259lili: \u201c\u0130lham \u018fliyev, bizim itir\u0259c\u0259k he\u00e7 n\u0259yimiz qalmay\u0131b\u201d\">Davam\u0131<\/a><\/p>\n","protected":false},"author":8,"featured_media":248477,"comment_status":"closed","ping_status":"closed","sticky":false,"template":"","format":"standard","meta":{"_acf_changed":false,"_sitemap_exclude":false,"_sitemap_priority":"","_sitemap_frequency":"","footnotes":""},"categories":[60,79,56],"tags":[],"class_list":["post-248476","post","type-post","status-publish","format-standard","has-post-thumbnail","hentry","category-bolge","category-featured","category-xeberler","infinite-scroll-item","generate-columns","tablet-grid-50","mobile-grid-100","grid-parent","grid-33","no-featured-image-padding"],"acf":[],"yoast_head":"<!-- This site is optimized with the Yoast SEO plugin v27.5 - https:\/\/yoast.com\/product\/yoast-seo-wordpress\/ -->\n<title>M\u00fcharib\u0259 \u0259lili: \u201c\u0130lham \u018fliyev, bizim itir\u0259c\u0259k he\u00e7 n\u0259yimiz qalmay\u0131b\u201d - MEYDAN.TV<\/title>\n<meta name=\"robots\" content=\"index, follow, max-snippet:-1, max-image-preview:large, max-video-preview:-1\" \/>\n<link rel=\"canonical\" href=\"https:\/\/www.meydan.tv\/az\/article\/muharibe-elili-ilham-eliyev-bizim-itirecek-hec-neyimiz-qalmayib\/\" \/>\n<meta property=\"og:locale\" content=\"az_AZ\" \/>\n<meta property=\"og:type\" content=\"article\" \/>\n<meta property=\"og:title\" content=\"M\u00fcharib\u0259 \u0259lili: \u201c\u0130lham \u018fliyev, bizim itir\u0259c\u0259k he\u00e7 n\u0259yimiz qalmay\u0131b\u201d - MEYDAN.TV\" \/>\n<meta property=\"og:description\" content=\"\u201cBiz\u0259 x\u0131rda bir k\u00f6\u015fk a\u00e7ma\u011fa 6 kvadratmetrlik yer tap\u0131lm\u0131r, ancaq ... Davam\u0131\" \/>\n<meta property=\"og:url\" content=\"https:\/\/www.meydan.tv\/az\/article\/muharibe-elili-ilham-eliyev-bizim-itirecek-hec-neyimiz-qalmayib\/\" \/>\n<meta property=\"og:site_name\" content=\"MEYDAN.TV\" \/>\n<meta property=\"article:published_time\" content=\"2022-06-16T11:04:07+00:00\" \/>\n<meta property=\"article:modified_time\" content=\"2022-06-16T11:04:09+00:00\" \/>\n<meta property=\"og:image\" content=\"https:\/\/www.meydan.tv\/wp-content\/uploads\/untitled-design-2-33-e1655377431110.jpg\" \/>\n\t<meta property=\"og:image:width\" content=\"1200\" \/>\n\t<meta property=\"og:image:height\" content=\"654\" \/>\n\t<meta property=\"og:image:type\" content=\"image\/jpeg\" \/>\n<meta name=\"author\" content=\"elli\" \/>\n<meta name=\"twitter:card\" content=\"summary_large_image\" \/>\n<meta name=\"twitter:creator\" content=\"@elli\" \/>\n<script type=\"application\/ld+json\" class=\"yoast-schema-graph\">{\"@context\":\"https:\\\/\\\/schema.org\",\"@graph\":[{\"@type\":\"Article\",\"@id\":\"https:\\\/\\\/www.meydan.tv\\\/az\\\/article\\\/muharibe-elili-ilham-eliyev-bizim-itirecek-hec-neyimiz-qalmayib\\\/#article\",\"isPartOf\":{\"@id\":\"https:\\\/\\\/www.meydan.tv\\\/az\\\/article\\\/muharibe-elili-ilham-eliyev-bizim-itirecek-hec-neyimiz-qalmayib\\\/\"},\"author\":{\"name\":\"elli\",\"@id\":\"https:\\\/\\\/www.meydan.tv\\\/az\\\/#\\\/schema\\\/person\\\/9cdbecf90d17180ce1dfbd95b08dcf47\"},\"headline\":\"M\u00fcharib\u0259 \u0259lili: \u201c\u0130lham \u018fliyev, bizim itir\u0259c\u0259k he\u00e7 n\u0259yimiz qalmay\u0131b\u201d\",\"datePublished\":\"2022-06-16T11:04:07+00:00\",\"dateModified\":\"2022-06-16T11:04:09+00:00\",\"mainEntityOfPage\":{\"@id\":\"https:\\\/\\\/www.meydan.tv\\\/az\\\/article\\\/muharibe-elili-ilham-eliyev-bizim-itirecek-hec-neyimiz-qalmayib\\\/\"},\"wordCount\":894,\"publisher\":{\"@id\":\"https:\\\/\\\/www.meydan.tv\\\/az\\\/#organization\"},\"image\":{\"@id\":\"https:\\\/\\\/www.meydan.tv\\\/az\\\/article\\\/muharibe-elili-ilham-eliyev-bizim-itirecek-hec-neyimiz-qalmayib\\\/#primaryimage\"},\"thumbnailUrl\":\"https:\\\/\\\/www.meydan.tv\\\/wp-content\\\/uploads\\\/untitled-design-2-33-e1655377431110.jpg\",\"articleSection\":[\"B\u00f6lg\u0259\",\"T\u00f6vsiy\u0259\",\"X\u0259b\u0259rl\u0259r\"],\"inLanguage\":\"az\"},{\"@type\":\"WebPage\",\"@id\":\"https:\\\/\\\/www.meydan.tv\\\/az\\\/article\\\/muharibe-elili-ilham-eliyev-bizim-itirecek-hec-neyimiz-qalmayib\\\/\",\"url\":\"https:\\\/\\\/www.meydan.tv\\\/az\\\/article\\\/muharibe-elili-ilham-eliyev-bizim-itirecek-hec-neyimiz-qalmayib\\\/\",\"name\":\"M\u00fcharib\u0259 \u0259lili: \u201c\u0130lham \u018fliyev, bizim itir\u0259c\u0259k he\u00e7 n\u0259yimiz qalmay\u0131b\u201d - MEYDAN.TV\",\"isPartOf\":{\"@id\":\"https:\\\/\\\/www.meydan.tv\\\/az\\\/#website\"},\"primaryImageOfPage\":{\"@id\":\"https:\\\/\\\/www.meydan.tv\\\/az\\\/article\\\/muharibe-elili-ilham-eliyev-bizim-itirecek-hec-neyimiz-qalmayib\\\/#primaryimage\"},\"image\":{\"@id\":\"https:\\\/\\\/www.meydan.tv\\\/az\\\/article\\\/muharibe-elili-ilham-eliyev-bizim-itirecek-hec-neyimiz-qalmayib\\\/#primaryimage\"},\"thumbnailUrl\":\"https:\\\/\\\/www.meydan.tv\\\/wp-content\\\/uploads\\\/untitled-design-2-33-e1655377431110.jpg\",\"datePublished\":\"2022-06-16T11:04:07+00:00\",\"dateModified\":\"2022-06-16T11:04:09+00:00\",\"breadcrumb\":{\"@id\":\"https:\\\/\\\/www.meydan.tv\\\/az\\\/article\\\/muharibe-elili-ilham-eliyev-bizim-itirecek-hec-neyimiz-qalmayib\\\/#breadcrumb\"},\"inLanguage\":\"az\",\"potentialAction\":[{\"@type\":\"ReadAction\",\"target\":[\"https:\\\/\\\/www.meydan.tv\\\/az\\\/article\\\/muharibe-elili-ilham-eliyev-bizim-itirecek-hec-neyimiz-qalmayib\\\/\"]}]},{\"@type\":\"ImageObject\",\"inLanguage\":\"az\",\"@id\":\"https:\\\/\\\/www.meydan.tv\\\/az\\\/article\\\/muharibe-elili-ilham-eliyev-bizim-itirecek-hec-neyimiz-qalmayib\\\/#primaryimage\",\"url\":\"https:\\\/\\\/www.meydan.tv\\\/wp-content\\\/uploads\\\/untitled-design-2-33-e1655377431110.jpg\",\"contentUrl\":\"https:\\\/\\\/www.meydan.tv\\\/wp-content\\\/uploads\\\/untitled-design-2-33-e1655377431110.jpg\",\"width\":1200,\"height\":654,\"caption\":\"Foto: X\u0259yyam \u00c7\u0259l\u0259binin ail\u0259 albomundan\"},{\"@type\":\"BreadcrumbList\",\"@id\":\"https:\\\/\\\/www.meydan.tv\\\/az\\\/article\\\/muharibe-elili-ilham-eliyev-bizim-itirecek-hec-neyimiz-qalmayib\\\/#breadcrumb\",\"itemListElement\":[{\"@type\":\"ListItem\",\"position\":1,\"name\":\"Ana s\u0259hif\u0259\",\"item\":\"https:\\\/\\\/www.meydan.tv\\\/az\\\/\"},{\"@type\":\"ListItem\",\"position\":2,\"name\":\"B\u00f6lg\u0259\",\"item\":\"https:\\\/\\\/www.meydan.tv\\\/az\\\/section\\\/bolge\\\/\"},{\"@type\":\"ListItem\",\"position\":3,\"name\":\"M\u00fcharib\u0259 \u0259lili: \u201c\u0130lham \u018fliyev, bizim itir\u0259c\u0259k he\u00e7 n\u0259yimiz qalmay\u0131b\u201d\"}]},{\"@type\":\"WebSite\",\"@id\":\"https:\\\/\\\/www.meydan.tv\\\/az\\\/#website\",\"url\":\"https:\\\/\\\/www.meydan.tv\\\/az\\\/\",\"name\":\"MEYDAN.TV\",\"description\":\"Meydan TV Az\u0259rbaycan\u0131n media m\u0259kan\u0131ndak\u0131 alternativ s\u0259sidir\",\"publisher\":{\"@id\":\"https:\\\/\\\/www.meydan.tv\\\/az\\\/#organization\"},\"potentialAction\":[{\"@type\":\"SearchAction\",\"target\":{\"@type\":\"EntryPoint\",\"urlTemplate\":\"https:\\\/\\\/www.meydan.tv\\\/az\\\/?s={search_term_string}\"},\"query-input\":{\"@type\":\"PropertyValueSpecification\",\"valueRequired\":true,\"valueName\":\"search_term_string\"}}],\"inLanguage\":\"az\"},{\"@type\":\"Organization\",\"@id\":\"https:\\\/\\\/www.meydan.tv\\\/az\\\/#organization\",\"name\":\"Meydan TV\",\"url\":\"https:\\\/\\\/www.meydan.tv\\\/az\\\/\",\"logo\":{\"@type\":\"ImageObject\",\"inLanguage\":\"az\",\"@id\":\"https:\\\/\\\/www.meydan.tv\\\/az\\\/#\\\/schema\\\/logo\\\/image\\\/\",\"url\":\"https:\\\/\\\/www.meydan.tv\\\/wp-content\\\/uploads\\\/2021\\\/07\\\/meydan-logo.svg\",\"contentUrl\":\"https:\\\/\\\/www.meydan.tv\\\/wp-content\\\/uploads\\\/2021\\\/07\\\/meydan-logo.svg\",\"width\":195,\"height\":46,\"caption\":\"Meydan TV\"},\"image\":{\"@id\":\"https:\\\/\\\/www.meydan.tv\\\/az\\\/#\\\/schema\\\/logo\\\/image\\\/\"}},{\"@type\":\"Person\",\"@id\":\"https:\\\/\\\/www.meydan.tv\\\/az\\\/#\\\/schema\\\/person\\\/9cdbecf90d17180ce1dfbd95b08dcf47\",\"name\":\"elli\",\"sameAs\":[\"https:\\\/\\\/x.com\\\/elli\"]}]}<\/script>\n<!-- \/ Yoast SEO plugin. -->","yoast_head_json":{"title":"M\u00fcharib\u0259 \u0259lili: \u201c\u0130lham \u018fliyev, bizim itir\u0259c\u0259k he\u00e7 n\u0259yimiz qalmay\u0131b\u201d - MEYDAN.TV","robots":{"index":"index","follow":"follow","max-snippet":"max-snippet:-1","max-image-preview":"max-image-preview:large","max-video-preview":"max-video-preview:-1"},"canonical":"https:\/\/www.meydan.tv\/az\/article\/muharibe-elili-ilham-eliyev-bizim-itirecek-hec-neyimiz-qalmayib\/","og_locale":"az_AZ","og_type":"article","og_title":"M\u00fcharib\u0259 \u0259lili: \u201c\u0130lham \u018fliyev, bizim itir\u0259c\u0259k he\u00e7 n\u0259yimiz qalmay\u0131b\u201d - MEYDAN.TV","og_description":"\u201cBiz\u0259 x\u0131rda bir k\u00f6\u015fk a\u00e7ma\u011fa 6 kvadratmetrlik yer tap\u0131lm\u0131r, ancaq ... Davam\u0131","og_url":"https:\/\/www.meydan.tv\/az\/article\/muharibe-elili-ilham-eliyev-bizim-itirecek-hec-neyimiz-qalmayib\/","og_site_name":"MEYDAN.TV","article_published_time":"2022-06-16T11:04:07+00:00","article_modified_time":"2022-06-16T11:04:09+00:00","og_image":[{"width":1200,"height":654,"url":"https:\/\/www.meydan.tv\/wp-content\/uploads\/untitled-design-2-33-e1655377431110.jpg","type":"image\/jpeg"}],"author":"elli","twitter_card":"summary_large_image","twitter_creator":"@elli","schema":{"@context":"https:\/\/schema.org","@graph":[{"@type":"Article","@id":"https:\/\/www.meydan.tv\/az\/article\/muharibe-elili-ilham-eliyev-bizim-itirecek-hec-neyimiz-qalmayib\/#article","isPartOf":{"@id":"https:\/\/www.meydan.tv\/az\/article\/muharibe-elili-ilham-eliyev-bizim-itirecek-hec-neyimiz-qalmayib\/"},"author":{"name":"elli","@id":"https:\/\/www.meydan.tv\/az\/#\/schema\/person\/9cdbecf90d17180ce1dfbd95b08dcf47"},"headline":"M\u00fcharib\u0259 \u0259lili: \u201c\u0130lham \u018fliyev, bizim itir\u0259c\u0259k he\u00e7 n\u0259yimiz qalmay\u0131b\u201d","datePublished":"2022-06-16T11:04:07+00:00","dateModified":"2022-06-16T11:04:09+00:00","mainEntityOfPage":{"@id":"https:\/\/www.meydan.tv\/az\/article\/muharibe-elili-ilham-eliyev-bizim-itirecek-hec-neyimiz-qalmayib\/"},"wordCount":894,"publisher":{"@id":"https:\/\/www.meydan.tv\/az\/#organization"},"image":{"@id":"https:\/\/www.meydan.tv\/az\/article\/muharibe-elili-ilham-eliyev-bizim-itirecek-hec-neyimiz-qalmayib\/#primaryimage"},"thumbnailUrl":"https:\/\/www.meydan.tv\/wp-content\/uploads\/untitled-design-2-33-e1655377431110.jpg","articleSection":["B\u00f6lg\u0259","T\u00f6vsiy\u0259","X\u0259b\u0259rl\u0259r"],"inLanguage":"az"},{"@type":"WebPage","@id":"https:\/\/www.meydan.tv\/az\/article\/muharibe-elili-ilham-eliyev-bizim-itirecek-hec-neyimiz-qalmayib\/","url":"https:\/\/www.meydan.tv\/az\/article\/muharibe-elili-ilham-eliyev-bizim-itirecek-hec-neyimiz-qalmayib\/","name":"M\u00fcharib\u0259 \u0259lili: \u201c\u0130lham \u018fliyev, bizim itir\u0259c\u0259k he\u00e7 n\u0259yimiz qalmay\u0131b\u201d - MEYDAN.TV","isPartOf":{"@id":"https:\/\/www.meydan.tv\/az\/#website"},"primaryImageOfPage":{"@id":"https:\/\/www.meydan.tv\/az\/article\/muharibe-elili-ilham-eliyev-bizim-itirecek-hec-neyimiz-qalmayib\/#primaryimage"},"image":{"@id":"https:\/\/www.meydan.tv\/az\/article\/muharibe-elili-ilham-eliyev-bizim-itirecek-hec-neyimiz-qalmayib\/#primaryimage"},"thumbnailUrl":"https:\/\/www.meydan.tv\/wp-content\/uploads\/untitled-design-2-33-e1655377431110.jpg","datePublished":"2022-06-16T11:04:07+00:00","dateModified":"2022-06-16T11:04:09+00:00","breadcrumb":{"@id":"https:\/\/www.meydan.tv\/az\/article\/muharibe-elili-ilham-eliyev-bizim-itirecek-hec-neyimiz-qalmayib\/#breadcrumb"},"inLanguage":"az","potentialAction":[{"@type":"ReadAction","target":["https:\/\/www.meydan.tv\/az\/article\/muharibe-elili-ilham-eliyev-bizim-itirecek-hec-neyimiz-qalmayib\/"]}]},{"@type":"ImageObject","inLanguage":"az","@id":"https:\/\/www.meydan.tv\/az\/article\/muharibe-elili-ilham-eliyev-bizim-itirecek-hec-neyimiz-qalmayib\/#primaryimage","url":"https:\/\/www.meydan.tv\/wp-content\/uploads\/untitled-design-2-33-e1655377431110.jpg","contentUrl":"https:\/\/www.meydan.tv\/wp-content\/uploads\/untitled-design-2-33-e1655377431110.jpg","width":1200,"height":654,"caption":"Foto: X\u0259yyam \u00c7\u0259l\u0259binin ail\u0259 albomundan"},{"@type":"BreadcrumbList","@id":"https:\/\/www.meydan.tv\/az\/article\/muharibe-elili-ilham-eliyev-bizim-itirecek-hec-neyimiz-qalmayib\/#breadcrumb","itemListElement":[{"@type":"ListItem","position":1,"name":"Ana s\u0259hif\u0259","item":"https:\/\/www.meydan.tv\/az\/"},{"@type":"ListItem","position":2,"name":"B\u00f6lg\u0259","item":"https:\/\/www.meydan.tv\/az\/section\/bolge\/"},{"@type":"ListItem","position":3,"name":"M\u00fcharib\u0259 \u0259lili: \u201c\u0130lham \u018fliyev, bizim itir\u0259c\u0259k he\u00e7 n\u0259yimiz qalmay\u0131b\u201d"}]},{"@type":"WebSite","@id":"https:\/\/www.meydan.tv\/az\/#website","url":"https:\/\/www.meydan.tv\/az\/","name":"MEYDAN.TV","description":"Meydan TV Az\u0259rbaycan\u0131n media m\u0259kan\u0131ndak\u0131 alternativ s\u0259sidir","publisher":{"@id":"https:\/\/www.meydan.tv\/az\/#organization"},"potentialAction":[{"@type":"SearchAction","target":{"@type":"EntryPoint","urlTemplate":"https:\/\/www.meydan.tv\/az\/?s={search_term_string}"},"query-input":{"@type":"PropertyValueSpecification","valueRequired":true,"valueName":"search_term_string"}}],"inLanguage":"az"},{"@type":"Organization","@id":"https:\/\/www.meydan.tv\/az\/#organization","name":"Meydan TV","url":"https:\/\/www.meydan.tv\/az\/","logo":{"@type":"ImageObject","inLanguage":"az","@id":"https:\/\/www.meydan.tv\/az\/#\/schema\/logo\/image\/","url":"https:\/\/www.meydan.tv\/wp-content\/uploads\/2021\/07\/meydan-logo.svg","contentUrl":"https:\/\/www.meydan.tv\/wp-content\/uploads\/2021\/07\/meydan-logo.svg","width":195,"height":46,"caption":"Meydan TV"},"image":{"@id":"https:\/\/www.meydan.tv\/az\/#\/schema\/logo\/image\/"}},{"@type":"Person","@id":"https:\/\/www.meydan.tv\/az\/#\/schema\/person\/9cdbecf90d17180ce1dfbd95b08dcf47","name":"elli","sameAs":["https:\/\/x.com\/elli"]}]}},"_links":{"self":[{"href":"https:\/\/www.meydan.tv\/az\/wp-json\/wp\/v2\/posts\/248476","targetHints":{"allow":["GET"]}}],"collection":[{"href":"https:\/\/www.meydan.tv\/az\/wp-json\/wp\/v2\/posts"}],"about":[{"href":"https:\/\/www.meydan.tv\/az\/wp-json\/wp\/v2\/types\/post"}],"author":[{"embeddable":true,"href":"https:\/\/www.meydan.tv\/az\/wp-json\/wp\/v2\/users\/8"}],"replies":[{"embeddable":true,"href":"https:\/\/www.meydan.tv\/az\/wp-json\/wp\/v2\/comments?post=248476"}],"version-history":[{"count":1,"href":"https:\/\/www.meydan.tv\/az\/wp-json\/wp\/v2\/posts\/248476\/revisions"}],"predecessor-version":[{"id":248480,"href":"https:\/\/www.meydan.tv\/az\/wp-json\/wp\/v2\/posts\/248476\/revisions\/248480"}],"wp:featuredmedia":[{"embeddable":true,"href":"https:\/\/www.meydan.tv\/az\/wp-json\/wp\/v2\/media\/248477"}],"wp:attachment":[{"href":"https:\/\/www.meydan.tv\/az\/wp-json\/wp\/v2\/media?parent=248476"}],"wp:term":[{"taxonomy":"category","embeddable":true,"href":"https:\/\/www.meydan.tv\/az\/wp-json\/wp\/v2\/categories?post=248476"},{"taxonomy":"post_tag","embeddable":true,"href":"https:\/\/www.meydan.tv\/az\/wp-json\/wp\/v2\/tags?post=248476"}],"curies":[{"name":"wp","href":"https:\/\/api.w.org\/{rel}","templated":true}]}}