{"id":248442,"date":"2022-06-16T12:51:52","date_gmt":"2022-06-16T08:51:52","guid":{"rendered":"https:\/\/www.meydan.tv\/?p=248442"},"modified":"2022-06-16T15:17:46","modified_gmt":"2022-06-16T11:17:46","slug":"bakida-aksiya-xanlar-veliyevin-istefasi-teleb-olundu","status":"publish","type":"post","link":"https:\/\/www.meydan.tv\/az\/article\/bakida-aksiya-xanlar-veliyevin-istefasi-teleb-olundu\/","title":{"rendered":"Bak\u0131da aksiya: Xanlar V\u0259liyevin istefas\u0131 t\u0259l\u0259b olundu"},"content":{"rendered":"\n<p><\/p>\n\n\n\n<figure class=\"wp-block-embed is-type-video is-provider-youtube wp-block-embed-youtube wp-embed-aspect-16-9 wp-has-aspect-ratio\"><div class=\"wp-block-embed__wrapper\">\n<iframe title=\"Bak\u0131da aksiya: Xanlar V\u0259liyevin istefas\u0131 t\u0259l\u0259b olundu - CANLI YAYIM\" width=\"1200\" height=\"675\" data-src=\"https:\/\/www.youtube.com\/embed\/5FGQ_tnZTwU?feature=oembed\" frameborder=\"0\" allow=\"accelerometer; autoplay; clipboard-write; encrypted-media; gyroscope; picture-in-picture\" allowfullscreen src=\"data:image\/svg+xml;base64,PHN2ZyB3aWR0aD0iMSIgaGVpZ2h0PSIxIiB4bWxucz0iaHR0cDovL3d3dy53My5vcmcvMjAwMC9zdmciPjwvc3ZnPg==\" class=\"lazyload\" data-load-mode=\"1\"><\/iframe>\n<\/div><\/figure>\n\n\n\n<!--more-->\n\n\n\n<p><em>Z\u0259r\u0259r\u00e7\u0259k\u0259n: &#8220;O\u011flumun a\u011fz\u0131 c\u0131r\u0131l\u0131b, g\u00f6z\u00fc \u00e7\u0131xar\u0131l\u0131b, \u00e7\u0259n\u0259si s\u0131nd\u0131r\u0131l\u0131b&#8221;<\/em><\/p>\n\n\n\n<p>\u0130yunun 16-da \u201cT\u0259rt\u0259r i\u015fi\u201dnd\u0259n z\u0259r\u0259r\u00e7\u0259k\u0259nl\u0259r v\u0259 bu i\u015fin ara\u015fd\u0131r\u0131lmas\u0131n\u0131 ist\u0259y\u0259n bir qrup insan H\u0259rbi Prokurorluq \u00f6n\u00fcn\u0259 topla\u015f\u0131b, etiraz edibl\u0259r.<\/p>\n\n\n\n<p>T\u0259l\u0259b is\u0259 \u201cT\u0259rt\u0259r i\u015fi\u201dnd\u0259 h\u0259rb\u00e7il\u0259r\u0259 i\u015fg\u0259nc\u0259 ver\u0259n \u015f\u0259xsl\u0259rin c\u0259zaland\u0131r\u0131lmas\u0131, h\u0259bs edil\u0259nl\u0259rin azad edilm\u0259si v\u0259 i\u015fg\u0259nc\u0259l\u0259r n\u0259tic\u0259sind\u0259 \u0259lillik qazananlar\u0131n \u015fikay\u0259tinin ara\u015fd\u0131r\u0131lmas\u0131d\u0131r.<\/p>\n\n\n\n<p>Toplananlar Az\u0259rbaycan Respublikas\u0131n\u0131n h\u0259rbi prokuroru Xanlar V\u0259liyevin istefas\u0131n\u0131 t\u0259l\u0259b edibl\u0259r.<\/p>\n\n\n\n<p>S\u0259b\u0259b kimi is\u0259 i\u015fin ara\u015fd\u0131r\u0131lmamas\u0131n\u0131, cinay\u0259tkarlar\u0131n c\u0259zas\u0131n\u0131 almamas\u0131n\u0131 g\u00f6st\u0259ribl\u0259r.<\/p>\n\n\n\n<p>Aksiya i\u015ftirak\u00e7\u0131s\u0131 h\u0259rb\u00e7il\u0259rd\u0259n biri deyib ki, i\u015fg\u0259nc\u0259 g\u00f6r\u0259nl\u0259rin i\u00e7ind\u0259 olub. \u018fvv\u0259lc\u0259 h\u0259bs edilib, sonra is\u0259 b\u0259ra\u0259t alaraq h\u0259bsd\u0259n \u00e7\u0131x\u0131b: <\/p>\n\n\n\n<p>\u201cBiz ist\u0259yirik ki, bunu ed\u0259nl\u0259r c\u0259zalar\u0131n\u0131 \u00e7\u0259ksinl\u0259r. \u015eikay\u0259t edirik baxm\u0131rlar. Biz ist\u0259yirik s\u0259simizi e\u015fitdir\u0259k\u201d.<\/p>\n\n\n\n<figure class=\"wp-block-image size-large\"><img decoding=\"async\" width=\"1200\" height=\"738\" data-src=\"https:\/\/www.meydan.tv\/wp-content\/uploads\/screenshot_6-3-1200x738.png\" alt=\"\" class=\"wp-image-248443 lazyload\" src=\"data:image\/svg+xml;base64,PHN2ZyB3aWR0aD0iMSIgaGVpZ2h0PSIxIiB4bWxucz0iaHR0cDovL3d3dy53My5vcmcvMjAwMC9zdmciPjwvc3ZnPg==\" style=\"--smush-placeholder-width: 1200px; --smush-placeholder-aspect-ratio: 1200\/738;\" \/><figcaption>Meydan TV-nin reportaj\u0131ndan screenshot<\/figcaption><\/figure>\n\n\n\n<p>Aksiya i\u015ftirak\u00e7\u0131lar\u0131ndan T\u0259ran\u0259 S\u0259f\u0259rsoy is\u0259 bildirib ki, \u0259g\u0259r bu q\u0259d\u0259r i\u015fg\u0259nc\u0259, \u00f6l\u00fcm fakt\u0131 il\u0259 ba\u011fl\u0131 a\u00e7\u0131qlama verilmirs\u0259, hakimiyy\u0259td\u0259kil\u0259r istefa verm\u0259lidir: <\/p>\n\n\n\n<p>\u201cBacarm\u0131rlarsa, d\u00f6vl\u0259ti xalqa t\u0259hvil versinl\u0259r. Deyil\u0259si s\u00f6z \u00e7oxdur. Bu i\u015fl\u0259r ara\u015fd\u0131r\u0131lmay\u0131nca, biz meydanlarda daim s\u00f6z\u00fcm\u00fcz\u00fc dey\u0259c\u0259yik\u201d.<\/p>\n\n\n\n<p>Etiraz\u00e7\u0131lar\u0131n bildirm\u0259sin\u0259 g\u00f6r\u0259, \u201cT\u0259rt\u0259r i\u015fi\u201d il\u0259 ba\u011fl\u0131 2017-ci ild\u0259 istintaq ba\u015flan\u0131b. H\u0259min g\u00fcn onlar\u0131n \u00f6vladlar\u0131 saxlan\u0131l\u0131b.<\/p>\n\n\n\n<p>Onlar\u0131n s\u00f6zl\u0259rin\u0259 g\u00f6r\u0259, i\u015fg\u0259nc\u0259 verib \u00f6ld\u00fcrd\u00fckl\u0259rini \u00f6ld\u00fcr\u00fcbl\u0259r, qalan\u0131n\u0131 da \u0259lil edibl\u0259r. <\/p>\n\n\n\n<p>\u201cBu g\u00fcn topla\u015fm\u0131\u015f\u0131q ki, Xanlar V\u0259liyev istefa versin. Bu cinay\u0259tkarl\u0131q yuvas\u0131 olmamal\u0131d\u0131r\u201d, &#8211; i\u015ftirak\u00e7\u0131lar bildirib.<\/p>\n\n\n\n<figure class=\"wp-block-image size-full\"><img decoding=\"async\" width=\"1200\" height=\"758\" data-src=\"https:\/\/www.meydan.tv\/wp-content\/uploads\/screenshot_9-1.png\" alt=\"\" class=\"wp-image-248446 lazyload\" src=\"data:image\/svg+xml;base64,PHN2ZyB3aWR0aD0iMSIgaGVpZ2h0PSIxIiB4bWxucz0iaHR0cDovL3d3dy53My5vcmcvMjAwMC9zdmciPjwvc3ZnPg==\" style=\"--smush-placeholder-width: 1200px; --smush-placeholder-aspect-ratio: 1200\/758;\" \/><figcaption>Meydan TV-nin reportaj\u0131ndan screenshot<\/figcaption><\/figure>\n\n\n\n<p>Onlar haz\u0131rda h\u0259bsd\u0259 olan h\u0259rb\u00e7il\u0259rin azad edilm\u0259sini t\u0259l\u0259b edibl\u0259r.<\/p>\n\n\n\n<p>Sabirabaddan g\u0259lmi\u015f Elbrus \u018fsg\u0259rov is\u0259 o\u011flu Ayd\u0259niz \u018fsg\u0259rlinin 44 g\u00fcnl\u00fck m\u00fcharib\u0259d\u0259 i\u015ftirak etdiyini bildirib.<\/p>\n\n\n\n<p>O deyib ki, o\u011flu m\u00fcharib\u0259d\u0259n sonra postda \u00f6ld\u00fcr\u00fcl\u00fcb: <\/p>\n\n\n\n<p>\u201cO\u011flumun a\u011fz\u0131 c\u0131r\u0131l\u0131b, g\u00f6z\u00fc \u00e7\u0131xar\u0131l\u0131b, \u00e7\u0259n\u0259si s\u0131nd\u0131r\u0131l\u0131b. Deyirl\u0259r, gec\u0259 olub, bilinmir kim edib. M\u0259n \u00f6z\u00fcm d\u0259 d\u00f6y\u00fc\u015f\u00e7\u00fcy\u0259m, t\u0259l\u0259b edir\u0259m. M\u0259nim o\u011flumu kim \u00f6ld\u00fcr\u00fcb, n\u0259 s\u0259b\u0259b\u0259 edib, a\u00e7\u0131qlas\u0131nlar. \u0130stintaq\u0131n gedi\u015fat\u0131 bar\u0259d\u0259 m\u0259lumats\u0131z\u0131q\u201d.<\/p>\n\n\n\n<p>Aksiyan\u0131n sonunda etiraz\u00e7\u0131lar \u0259riz\u0259l\u0259rini toplay\u0131b prokurorluq n\u00fcmay\u0259nd\u0259sin\u0259 t\u0259qdim edibl\u0259r.<\/p>\n\n\n\n<figure class=\"wp-block-image size-large\"><img decoding=\"async\" width=\"1200\" height=\"710\" data-src=\"https:\/\/www.meydan.tv\/wp-content\/uploads\/terter-1-1200x710.png\" alt=\"\" class=\"wp-image-248449 lazyload\" src=\"data:image\/svg+xml;base64,PHN2ZyB3aWR0aD0iMSIgaGVpZ2h0PSIxIiB4bWxucz0iaHR0cDovL3d3dy53My5vcmcvMjAwMC9zdmciPjwvc3ZnPg==\" style=\"--smush-placeholder-width: 1200px; --smush-placeholder-aspect-ratio: 1200\/710;\" \/><figcaption>Meydan TV-nin reportaj\u0131ndan screenshot<\/figcaption><\/figure>\n\n\n\n<p>\u201cT\u0259rt\u0259r i\u015fi\u201d \u00fczr\u0259 h\u0259bs edil\u0259n h\u0259rb\u00e7il\u0259rin valideynl\u0259ri v\u0259 yax\u0131nlar\u0131 da tez-tez etiraz aksiyalar\u0131 t\u0259\u015fkil edir.<\/p>\n\n\n\n<p>Onlar i\u015f \u00fczr\u0259 \u0259dal\u0259tli istintaq ara\u015fd\u0131rmas\u0131 t\u0259l\u0259b <a href=\"https:\/\/www.meydan.tv\/az\/article\/terter-isi-onlar-1-yas-yarimliq-ovladimin-kureyine-ayaq-qoymus-insanlardir\/\" target=\"_blank\" rel=\"noreferrer noopener\">edirl\u0259r<\/a>.<\/p>\n\n\n\n<p>Ba\u015f Prokurorlu\u011fun \u0259n son yayd\u0131\u011f\u0131 m\u0259lumatda bildirilir ki, \u201cT\u0259rt\u0259r i\u015fi\u201d \u00fczr\u0259 2021-ci ilin dekabr\u0131nda yenid\u0259n istintaq ara\u015fd\u0131rmalar\u0131 ba\u015flayandan sonra i\u015fg\u0259nc\u0259 v\u0259 ba\u015fqa qanunsuz h\u0259r\u0259k\u0259tl\u0259r\u0259 m\u0259ruz qalm\u0131\u015f 280 n\u0259f\u0259r z\u0259r\u0259r\u00e7\u0259kmi\u015f qismind\u0259 tan\u0131n\u0131b.<\/p>\n\n\n\n<p>\u018fvv\u0259lki d\u00f6vrd\u0259 z\u0259r\u0259r\u00e7\u0259kmi\u015f kimi c\u0259lb olunanlarla birlikd\u0259 haz\u0131rda \u00fcmumilikd\u0259 397 n\u0259f\u0259r z\u0259r\u0259r\u00e7\u0259kmi\u015f var.<\/p>\n","protected":false},"excerpt":{"rendered":"","protected":false},"author":8,"featured_media":248496,"comment_status":"closed","ping_status":"closed","sticky":false,"template":"","format":"standard","meta":{"_acf_changed":false,"_sitemap_exclude":false,"_sitemap_priority":"","_sitemap_frequency":"","footnotes":""},"categories":[59,79,56],"tags":[],"class_list":["post-248442","post","type-post","status-publish","format-standard","has-post-thumbnail","hentry","category-siyaset","category-featured","category-xeberler","infinite-scroll-item","generate-columns","tablet-grid-50","mobile-grid-100","grid-parent","grid-33","no-featured-image-padding"],"acf":[],"yoast_head":"<!-- This site is optimized with the Yoast SEO plugin v27.5 - https:\/\/yoast.com\/product\/yoast-seo-wordpress\/ -->\n<title>Bak\u0131da aksiya: Xanlar V\u0259liyevin istefas\u0131 t\u0259l\u0259b olundu - MEYDAN.TV<\/title>\n<meta name=\"robots\" content=\"index, follow, max-snippet:-1, max-image-preview:large, max-video-preview:-1\" \/>\n<link rel=\"canonical\" href=\"https:\/\/www.meydan.tv\/az\/article\/bakida-aksiya-xanlar-veliyevin-istefasi-teleb-olundu\/\" \/>\n<meta property=\"og:locale\" content=\"az_AZ\" \/>\n<meta property=\"og:type\" content=\"article\" \/>\n<meta property=\"og:title\" content=\"Bak\u0131da aksiya: Xanlar V\u0259liyevin istefas\u0131 t\u0259l\u0259b olundu - MEYDAN.TV\" \/>\n<meta property=\"og:url\" content=\"https:\/\/www.meydan.tv\/az\/article\/bakida-aksiya-xanlar-veliyevin-istefasi-teleb-olundu\/\" \/>\n<meta property=\"og:site_name\" content=\"MEYDAN.TV\" \/>\n<meta property=\"article:published_time\" content=\"2022-06-16T08:51:52+00:00\" \/>\n<meta property=\"article:modified_time\" content=\"2022-06-16T11:17:46+00:00\" \/>\n<meta property=\"og:image\" content=\"https:\/\/www.meydan.tv\/wp-content\/uploads\/288452533_5201972873212592_6419971319573860014_n.jpeg\" \/>\n\t<meta property=\"og:image:width\" content=\"1200\" \/>\n\t<meta property=\"og:image:height\" content=\"900\" \/>\n\t<meta property=\"og:image:type\" content=\"image\/jpeg\" \/>\n<meta name=\"author\" content=\"elli\" \/>\n<meta name=\"twitter:card\" content=\"summary_large_image\" \/>\n<meta name=\"twitter:creator\" content=\"@elli\" \/>\n<script type=\"application\/ld+json\" class=\"yoast-schema-graph\">{\"@context\":\"https:\\\/\\\/schema.org\",\"@graph\":[{\"@type\":\"Article\",\"@id\":\"https:\\\/\\\/www.meydan.tv\\\/az\\\/article\\\/bakida-aksiya-xanlar-veliyevin-istefasi-teleb-olundu\\\/#article\",\"isPartOf\":{\"@id\":\"https:\\\/\\\/www.meydan.tv\\\/az\\\/article\\\/bakida-aksiya-xanlar-veliyevin-istefasi-teleb-olundu\\\/\"},\"author\":{\"name\":\"elli\",\"@id\":\"https:\\\/\\\/www.meydan.tv\\\/az\\\/#\\\/schema\\\/person\\\/9cdbecf90d17180ce1dfbd95b08dcf47\"},\"headline\":\"Bak\u0131da aksiya: Xanlar V\u0259liyevin istefas\u0131 t\u0259l\u0259b olundu\",\"datePublished\":\"2022-06-16T08:51:52+00:00\",\"dateModified\":\"2022-06-16T11:17:46+00:00\",\"mainEntityOfPage\":{\"@id\":\"https:\\\/\\\/www.meydan.tv\\\/az\\\/article\\\/bakida-aksiya-xanlar-veliyevin-istefasi-teleb-olundu\\\/\"},\"wordCount\":670,\"publisher\":{\"@id\":\"https:\\\/\\\/www.meydan.tv\\\/az\\\/#organization\"},\"image\":{\"@id\":\"https:\\\/\\\/www.meydan.tv\\\/az\\\/article\\\/bakida-aksiya-xanlar-veliyevin-istefasi-teleb-olundu\\\/#primaryimage\"},\"thumbnailUrl\":\"https:\\\/\\\/www.meydan.tv\\\/wp-content\\\/uploads\\\/288452533_5201972873212592_6419971319573860014_n.jpeg\",\"articleSection\":[\"Siyas\u0259t\",\"T\u00f6vsiy\u0259\",\"X\u0259b\u0259rl\u0259r\"],\"inLanguage\":\"az\"},{\"@type\":\"WebPage\",\"@id\":\"https:\\\/\\\/www.meydan.tv\\\/az\\\/article\\\/bakida-aksiya-xanlar-veliyevin-istefasi-teleb-olundu\\\/\",\"url\":\"https:\\\/\\\/www.meydan.tv\\\/az\\\/article\\\/bakida-aksiya-xanlar-veliyevin-istefasi-teleb-olundu\\\/\",\"name\":\"Bak\u0131da aksiya: Xanlar V\u0259liyevin istefas\u0131 t\u0259l\u0259b olundu - MEYDAN.TV\",\"isPartOf\":{\"@id\":\"https:\\\/\\\/www.meydan.tv\\\/az\\\/#website\"},\"primaryImageOfPage\":{\"@id\":\"https:\\\/\\\/www.meydan.tv\\\/az\\\/article\\\/bakida-aksiya-xanlar-veliyevin-istefasi-teleb-olundu\\\/#primaryimage\"},\"image\":{\"@id\":\"https:\\\/\\\/www.meydan.tv\\\/az\\\/article\\\/bakida-aksiya-xanlar-veliyevin-istefasi-teleb-olundu\\\/#primaryimage\"},\"thumbnailUrl\":\"https:\\\/\\\/www.meydan.tv\\\/wp-content\\\/uploads\\\/288452533_5201972873212592_6419971319573860014_n.jpeg\",\"datePublished\":\"2022-06-16T08:51:52+00:00\",\"dateModified\":\"2022-06-16T11:17:46+00:00\",\"breadcrumb\":{\"@id\":\"https:\\\/\\\/www.meydan.tv\\\/az\\\/article\\\/bakida-aksiya-xanlar-veliyevin-istefasi-teleb-olundu\\\/#breadcrumb\"},\"inLanguage\":\"az\",\"potentialAction\":[{\"@type\":\"ReadAction\",\"target\":[\"https:\\\/\\\/www.meydan.tv\\\/az\\\/article\\\/bakida-aksiya-xanlar-veliyevin-istefasi-teleb-olundu\\\/\"]}]},{\"@type\":\"ImageObject\",\"inLanguage\":\"az\",\"@id\":\"https:\\\/\\\/www.meydan.tv\\\/az\\\/article\\\/bakida-aksiya-xanlar-veliyevin-istefasi-teleb-olundu\\\/#primaryimage\",\"url\":\"https:\\\/\\\/www.meydan.tv\\\/wp-content\\\/uploads\\\/288452533_5201972873212592_6419971319573860014_n.jpeg\",\"contentUrl\":\"https:\\\/\\\/www.meydan.tv\\\/wp-content\\\/uploads\\\/288452533_5201972873212592_6419971319573860014_n.jpeg\",\"width\":1200,\"height\":900,\"caption\":\"Facebook Zakir Ismayil\"},{\"@type\":\"BreadcrumbList\",\"@id\":\"https:\\\/\\\/www.meydan.tv\\\/az\\\/article\\\/bakida-aksiya-xanlar-veliyevin-istefasi-teleb-olundu\\\/#breadcrumb\",\"itemListElement\":[{\"@type\":\"ListItem\",\"position\":1,\"name\":\"Ana s\u0259hif\u0259\",\"item\":\"https:\\\/\\\/www.meydan.tv\\\/az\\\/\"},{\"@type\":\"ListItem\",\"position\":2,\"name\":\"Siyas\u0259t\",\"item\":\"https:\\\/\\\/www.meydan.tv\\\/az\\\/section\\\/siyaset\\\/\"},{\"@type\":\"ListItem\",\"position\":3,\"name\":\"Bak\u0131da aksiya: Xanlar V\u0259liyevin istefas\u0131 t\u0259l\u0259b olundu\"}]},{\"@type\":\"WebSite\",\"@id\":\"https:\\\/\\\/www.meydan.tv\\\/az\\\/#website\",\"url\":\"https:\\\/\\\/www.meydan.tv\\\/az\\\/\",\"name\":\"MEYDAN.TV\",\"description\":\"Meydan TV Az\u0259rbaycan\u0131n media m\u0259kan\u0131ndak\u0131 alternativ s\u0259sidir\",\"publisher\":{\"@id\":\"https:\\\/\\\/www.meydan.tv\\\/az\\\/#organization\"},\"potentialAction\":[{\"@type\":\"SearchAction\",\"target\":{\"@type\":\"EntryPoint\",\"urlTemplate\":\"https:\\\/\\\/www.meydan.tv\\\/az\\\/?s={search_term_string}\"},\"query-input\":{\"@type\":\"PropertyValueSpecification\",\"valueRequired\":true,\"valueName\":\"search_term_string\"}}],\"inLanguage\":\"az\"},{\"@type\":\"Organization\",\"@id\":\"https:\\\/\\\/www.meydan.tv\\\/az\\\/#organization\",\"name\":\"Meydan TV\",\"url\":\"https:\\\/\\\/www.meydan.tv\\\/az\\\/\",\"logo\":{\"@type\":\"ImageObject\",\"inLanguage\":\"az\",\"@id\":\"https:\\\/\\\/www.meydan.tv\\\/az\\\/#\\\/schema\\\/logo\\\/image\\\/\",\"url\":\"https:\\\/\\\/www.meydan.tv\\\/wp-content\\\/uploads\\\/2021\\\/07\\\/meydan-logo.svg\",\"contentUrl\":\"https:\\\/\\\/www.meydan.tv\\\/wp-content\\\/uploads\\\/2021\\\/07\\\/meydan-logo.svg\",\"width\":195,\"height\":46,\"caption\":\"Meydan TV\"},\"image\":{\"@id\":\"https:\\\/\\\/www.meydan.tv\\\/az\\\/#\\\/schema\\\/logo\\\/image\\\/\"}},{\"@type\":\"Person\",\"@id\":\"https:\\\/\\\/www.meydan.tv\\\/az\\\/#\\\/schema\\\/person\\\/9cdbecf90d17180ce1dfbd95b08dcf47\",\"name\":\"elli\",\"sameAs\":[\"https:\\\/\\\/x.com\\\/elli\"]}]}<\/script>\n<!-- \/ Yoast SEO plugin. -->","yoast_head_json":{"title":"Bak\u0131da aksiya: Xanlar V\u0259liyevin istefas\u0131 t\u0259l\u0259b olundu - MEYDAN.TV","robots":{"index":"index","follow":"follow","max-snippet":"max-snippet:-1","max-image-preview":"max-image-preview:large","max-video-preview":"max-video-preview:-1"},"canonical":"https:\/\/www.meydan.tv\/az\/article\/bakida-aksiya-xanlar-veliyevin-istefasi-teleb-olundu\/","og_locale":"az_AZ","og_type":"article","og_title":"Bak\u0131da aksiya: Xanlar V\u0259liyevin istefas\u0131 t\u0259l\u0259b olundu - MEYDAN.TV","og_url":"https:\/\/www.meydan.tv\/az\/article\/bakida-aksiya-xanlar-veliyevin-istefasi-teleb-olundu\/","og_site_name":"MEYDAN.TV","article_published_time":"2022-06-16T08:51:52+00:00","article_modified_time":"2022-06-16T11:17:46+00:00","og_image":[{"width":1200,"height":900,"url":"https:\/\/www.meydan.tv\/wp-content\/uploads\/288452533_5201972873212592_6419971319573860014_n.jpeg","type":"image\/jpeg"}],"author":"elli","twitter_card":"summary_large_image","twitter_creator":"@elli","schema":{"@context":"https:\/\/schema.org","@graph":[{"@type":"Article","@id":"https:\/\/www.meydan.tv\/az\/article\/bakida-aksiya-xanlar-veliyevin-istefasi-teleb-olundu\/#article","isPartOf":{"@id":"https:\/\/www.meydan.tv\/az\/article\/bakida-aksiya-xanlar-veliyevin-istefasi-teleb-olundu\/"},"author":{"name":"elli","@id":"https:\/\/www.meydan.tv\/az\/#\/schema\/person\/9cdbecf90d17180ce1dfbd95b08dcf47"},"headline":"Bak\u0131da aksiya: Xanlar V\u0259liyevin istefas\u0131 t\u0259l\u0259b olundu","datePublished":"2022-06-16T08:51:52+00:00","dateModified":"2022-06-16T11:17:46+00:00","mainEntityOfPage":{"@id":"https:\/\/www.meydan.tv\/az\/article\/bakida-aksiya-xanlar-veliyevin-istefasi-teleb-olundu\/"},"wordCount":670,"publisher":{"@id":"https:\/\/www.meydan.tv\/az\/#organization"},"image":{"@id":"https:\/\/www.meydan.tv\/az\/article\/bakida-aksiya-xanlar-veliyevin-istefasi-teleb-olundu\/#primaryimage"},"thumbnailUrl":"https:\/\/www.meydan.tv\/wp-content\/uploads\/288452533_5201972873212592_6419971319573860014_n.jpeg","articleSection":["Siyas\u0259t","T\u00f6vsiy\u0259","X\u0259b\u0259rl\u0259r"],"inLanguage":"az"},{"@type":"WebPage","@id":"https:\/\/www.meydan.tv\/az\/article\/bakida-aksiya-xanlar-veliyevin-istefasi-teleb-olundu\/","url":"https:\/\/www.meydan.tv\/az\/article\/bakida-aksiya-xanlar-veliyevin-istefasi-teleb-olundu\/","name":"Bak\u0131da aksiya: Xanlar V\u0259liyevin istefas\u0131 t\u0259l\u0259b olundu - MEYDAN.TV","isPartOf":{"@id":"https:\/\/www.meydan.tv\/az\/#website"},"primaryImageOfPage":{"@id":"https:\/\/www.meydan.tv\/az\/article\/bakida-aksiya-xanlar-veliyevin-istefasi-teleb-olundu\/#primaryimage"},"image":{"@id":"https:\/\/www.meydan.tv\/az\/article\/bakida-aksiya-xanlar-veliyevin-istefasi-teleb-olundu\/#primaryimage"},"thumbnailUrl":"https:\/\/www.meydan.tv\/wp-content\/uploads\/288452533_5201972873212592_6419971319573860014_n.jpeg","datePublished":"2022-06-16T08:51:52+00:00","dateModified":"2022-06-16T11:17:46+00:00","breadcrumb":{"@id":"https:\/\/www.meydan.tv\/az\/article\/bakida-aksiya-xanlar-veliyevin-istefasi-teleb-olundu\/#breadcrumb"},"inLanguage":"az","potentialAction":[{"@type":"ReadAction","target":["https:\/\/www.meydan.tv\/az\/article\/bakida-aksiya-xanlar-veliyevin-istefasi-teleb-olundu\/"]}]},{"@type":"ImageObject","inLanguage":"az","@id":"https:\/\/www.meydan.tv\/az\/article\/bakida-aksiya-xanlar-veliyevin-istefasi-teleb-olundu\/#primaryimage","url":"https:\/\/www.meydan.tv\/wp-content\/uploads\/288452533_5201972873212592_6419971319573860014_n.jpeg","contentUrl":"https:\/\/www.meydan.tv\/wp-content\/uploads\/288452533_5201972873212592_6419971319573860014_n.jpeg","width":1200,"height":900,"caption":"Facebook Zakir Ismayil"},{"@type":"BreadcrumbList","@id":"https:\/\/www.meydan.tv\/az\/article\/bakida-aksiya-xanlar-veliyevin-istefasi-teleb-olundu\/#breadcrumb","itemListElement":[{"@type":"ListItem","position":1,"name":"Ana s\u0259hif\u0259","item":"https:\/\/www.meydan.tv\/az\/"},{"@type":"ListItem","position":2,"name":"Siyas\u0259t","item":"https:\/\/www.meydan.tv\/az\/section\/siyaset\/"},{"@type":"ListItem","position":3,"name":"Bak\u0131da aksiya: Xanlar V\u0259liyevin istefas\u0131 t\u0259l\u0259b olundu"}]},{"@type":"WebSite","@id":"https:\/\/www.meydan.tv\/az\/#website","url":"https:\/\/www.meydan.tv\/az\/","name":"MEYDAN.TV","description":"Meydan TV Az\u0259rbaycan\u0131n media m\u0259kan\u0131ndak\u0131 alternativ s\u0259sidir","publisher":{"@id":"https:\/\/www.meydan.tv\/az\/#organization"},"potentialAction":[{"@type":"SearchAction","target":{"@type":"EntryPoint","urlTemplate":"https:\/\/www.meydan.tv\/az\/?s={search_term_string}"},"query-input":{"@type":"PropertyValueSpecification","valueRequired":true,"valueName":"search_term_string"}}],"inLanguage":"az"},{"@type":"Organization","@id":"https:\/\/www.meydan.tv\/az\/#organization","name":"Meydan TV","url":"https:\/\/www.meydan.tv\/az\/","logo":{"@type":"ImageObject","inLanguage":"az","@id":"https:\/\/www.meydan.tv\/az\/#\/schema\/logo\/image\/","url":"https:\/\/www.meydan.tv\/wp-content\/uploads\/2021\/07\/meydan-logo.svg","contentUrl":"https:\/\/www.meydan.tv\/wp-content\/uploads\/2021\/07\/meydan-logo.svg","width":195,"height":46,"caption":"Meydan TV"},"image":{"@id":"https:\/\/www.meydan.tv\/az\/#\/schema\/logo\/image\/"}},{"@type":"Person","@id":"https:\/\/www.meydan.tv\/az\/#\/schema\/person\/9cdbecf90d17180ce1dfbd95b08dcf47","name":"elli","sameAs":["https:\/\/x.com\/elli"]}]}},"_links":{"self":[{"href":"https:\/\/www.meydan.tv\/az\/wp-json\/wp\/v2\/posts\/248442","targetHints":{"allow":["GET"]}}],"collection":[{"href":"https:\/\/www.meydan.tv\/az\/wp-json\/wp\/v2\/posts"}],"about":[{"href":"https:\/\/www.meydan.tv\/az\/wp-json\/wp\/v2\/types\/post"}],"author":[{"embeddable":true,"href":"https:\/\/www.meydan.tv\/az\/wp-json\/wp\/v2\/users\/8"}],"replies":[{"embeddable":true,"href":"https:\/\/www.meydan.tv\/az\/wp-json\/wp\/v2\/comments?post=248442"}],"version-history":[{"count":3,"href":"https:\/\/www.meydan.tv\/az\/wp-json\/wp\/v2\/posts\/248442\/revisions"}],"predecessor-version":[{"id":248500,"href":"https:\/\/www.meydan.tv\/az\/wp-json\/wp\/v2\/posts\/248442\/revisions\/248500"}],"wp:featuredmedia":[{"embeddable":true,"href":"https:\/\/www.meydan.tv\/az\/wp-json\/wp\/v2\/media\/248496"}],"wp:attachment":[{"href":"https:\/\/www.meydan.tv\/az\/wp-json\/wp\/v2\/media?parent=248442"}],"wp:term":[{"taxonomy":"category","embeddable":true,"href":"https:\/\/www.meydan.tv\/az\/wp-json\/wp\/v2\/categories?post=248442"},{"taxonomy":"post_tag","embeddable":true,"href":"https:\/\/www.meydan.tv\/az\/wp-json\/wp\/v2\/tags?post=248442"}],"curies":[{"name":"wp","href":"https:\/\/api.w.org\/{rel}","templated":true}]}}