{"id":248434,"date":"2022-06-15T23:44:21","date_gmt":"2022-06-15T19:44:21","guid":{"rendered":"https:\/\/www.meydan.tv\/?p=248434"},"modified":"2022-06-15T23:44:23","modified_gmt":"2022-06-15T19:44:23","slug":"usaqlar-su-cuxurlarina-dusur-el-ayalari-sinir","status":"publish","type":"post","link":"https:\/\/www.meydan.tv\/az\/article\/usaqlar-su-cuxurlarina-dusur-el-ayalari-sinir\/","title":{"rendered":"\u201cU\u015faqlar su \u00e7uxurlar\u0131na d\u00fc\u015f\u00fcr, \u0259l-ayalar\u0131 s\u0131n\u0131r\u201d"},"content":{"rendered":"\n<p><\/p>\n\n\n\n<p><em>Xa\u00e7maz\u0131n \u00c7ayk\u0259nar\u0131, L\u0259nk\u0259ran\u0131n Viravul k\u0259ndl\u0259rinin yol problemi<\/em><\/p>\n\n\n\n<p>\u201c9 kilometrlik yolun \u0259lind\u0259 qalm\u0131\u015f\u0131q. Qon\u015fu k\u0259ndl\u0259r olan Q\u0131m\u0131lq\u0131\u015fla\u011f\u0131n, Uzunoban\u0131n yollar\u0131 d\u0259f\u0259l\u0259rl\u0259 t\u0259mir olunub, biz\u0259 \u00e7atanda deyirl\u0259r, pul yoxdur\u201d.<\/p>\n\n\n\n<p>Bunu Meydan TV-y\u0259 Xa\u00e7maz\u0131n \u00c7ayk\u0259nar\u0131 (ke\u00e7mi\u015f Alekseyevka) k\u0259ndinin sakinl\u0259ri deyir. Onlar\u0131n s\u00f6zl\u0259rin\u0259 g\u00f6r\u0259, 30 ild\u0259n \u00e7oxdur ki, yollar\u0131n t\u0259miri \u00fc\u00e7\u00fcn aidiyy\u0259ti \u00fczr\u0259 qurumlara m\u00fcraci\u0259t ets\u0259l\u0259r d\u0259, n\u0259tic\u0259si olmay\u0131b.<\/p>\n\n\n\n<p>K\u0259nd sakini Zahir\u0259 Abbasova:<\/p>\n\n\n\n<p>\u201cK\u0259ndin 2 mind\u0259n \u00e7ox \u0259halisi var. 2 min n\u0259f\u0259r haz\u0131rda yolsuzluqdan \u0259ziyy\u0259t \u00e7\u0259kir. 9 kilometrlik yolu t\u0259mir etm\u0259k h\u00f6kum\u0259t \u00fc\u00e7\u00fcn \u00e7\u0259tin i\u015f deyil, ancaq o yolu gedib-g\u0259lm\u0259k bizim \u00fc\u00e7\u00fcn m\u0259\u015f\u0259qq\u0259tdir. \u015eimal rayonudur, tez-tez ya\u011f\u0131\u015f ya\u011f\u0131r, u\u015faqlar m\u0259kt\u0259b\u0259 gedib-g\u0259l\u0259nd\u0259 su il\u0259 dolu \u00e7uxurlara d\u00fc\u015f\u00fcr, \u0259l-ayaqlar\u0131 q\u0131r\u0131l\u0131r\u201d.<br><\/p>\n\n\n\n<p><strong>Ya\u011f\u0131\u015fda \u0259ziyy\u0259t art\u0131r<\/strong><br><\/p>\n\n\n\n<p>Deyir, k\u0259ndin yollar\u0131 sakinl\u0259ri qonaq yan\u0131nda da \u00fcz\u00fc qara edir:<\/p>\n\n\n\n<p>\u201cK\u0259nardan adam g\u0259lm\u0259k ist\u0259mir bu k\u0259nd\u0259\u2026 Qonaq g\u0259lir, ma\u015f\u0131n\u0131 yollarda \u00e7ala-\u00e7uxura d\u00fc\u015f\u00fcb q\u0131r\u0131l\u0131r, g\u0259l\u0259n qona\u011f\u0131n yan\u0131nda p\u0259rt v\u0259ziyy\u0259td\u0259 qal\u0131rsan\u2026 \u018fvv\u0259ll\u0259r ictimai n\u0259qliyyat i\u015fl\u0259yirdi, indi o da yoxdur. T\u0259cili yard\u0131m \u0259sas yola kimi g\u0259lir, ordan z\u0259ng vurub deyir, g\u0259lin m\u0259ni g\u00f6t\u00fcr\u00fcn. T\u0259cili yard\u0131m ma\u015f\u0131n\u0131n\u0131 k\u0259ndin i\u00e7\u0259risin\u0259 s\u00fcrm\u00fcrl\u0259r\u201d.<br><\/p>\n\n\n\n<p>Ya\u011f\u0131\u015fl\u0131 g\u00fcnl\u0259rd\u0259 \u0259ziyy\u0259t bir\u0259 be\u015f art\u0131r. Bel\u0259 havalarda sakinl\u0259r su il\u0259 dolu \u00e7uxurlara d\u00fc\u015fm\u0259m\u0259k \u00fc\u00e7\u00fcn kilometrl\u0259rl\u0259 yolu uzatmal\u0131 olurlar, Qubadan dolan\u0131b ke\u00e7m\u0259kl\u0259 \u00c7ayk\u0259nar\u0131ya &#8211; evl\u0259rin\u0259 g\u0259lib \u00e7at\u0131rlar.<\/p>\n\n\n\n<p>Elsev\u0259r Qurbanov:<\/p>\n\n\n\n<p>\u201cK\u0259ndin yollar\u0131 sonuncu d\u0259f\u0259 40 il \u0259vv\u0259l t\u0259mir olunub. Sonralar vaxta\u015f\u0131r\u0131 \u00f6z\u00fcm\u00fcz \u00e7\u0131nq\u0131l, da\u015f al\u0131b t\u00f6km\u0259kl\u0259, nec\u0259 dey\u0259rl\u0259r, yollar\u0131 \u201cyola vermi\u015fik\u201d. Ancaq bel\u0259 olmur, bu yollar \u0259sasl\u0131 t\u0259mir olunmal\u0131d\u0131r. C\u0259mi 9 kilometrdir. Qon\u015fu k\u0259ndl\u0259rin yollar\u0131na \u00fcst-\u00fcst\u0259 asfalt d\u00f6\u015f\u0259m\u0259y\u0259 pul tap\u0131l\u0131r, bizim k\u0259nd\u0259 \u00e7atanda deyirl\u0259r, pul yoxdur. \u00c7\u00fcnki o k\u0259ndl\u0259rd\u0259 bir az imkanl\u0131, \u0259li h\u0259r yer\u0259 \u00e7atan adamlar var, bizd\u0259 o adamlardan yoxdur\u201d.<\/p>\n\n\n\n<figure class=\"wp-block-image size-full\"><img decoding=\"async\" width=\"1200\" height=\"672\" data-src=\"https:\/\/www.meydan.tv\/wp-content\/uploads\/photo-2022-06-15-17-18-54-1-1.jpg\" alt=\"\" class=\"wp-image-248428 lazyload\" src=\"data:image\/svg+xml;base64,PHN2ZyB3aWR0aD0iMSIgaGVpZ2h0PSIxIiB4bWxucz0iaHR0cDovL3d3dy53My5vcmcvMjAwMC9zdmciPjwvc3ZnPg==\" style=\"--smush-placeholder-width: 1200px; --smush-placeholder-aspect-ratio: 1200\/672;\" \/><figcaption>Foto: Meydan TV<\/figcaption><\/figure>\n\n\n\n<p>Xa\u00e7maz Rayon \u0130cra Hakimiyy\u0259tind\u0259n Meydan TV-y\u0259 bildirilib ki, \u00c7ayk\u0259nar\u0131 k\u0259ndinin sakinl\u0259ri quruma da m\u00fcraci\u0259t edibl\u0259r. Onlar\u0131n m\u00fcraci\u0259tl\u0259ri Avtomobil Yollar\u0131 D\u00f6vl\u0259t Agentliyin\u0259 \u00e7atd\u0131r\u0131l\u0131b. Agentlikd\u0259n al\u0131nan cavabda g\u00f6st\u0259rilib ki, h\u0259min k\u0259ndin yollar\u0131 t\u0259mirini g\u00f6zl\u0259y\u0259n yollar siyah\u0131s\u0131ndad\u0131r:<br><\/p>\n\n\n\n<p><strong>\u201cMaliyy\u0259 ayr\u0131lan kimi yollar\u0131n t\u0259mirin\u0259 ba\u015flan\u0131lacaq. Sakinl\u0259r\u0259 bir az s\u0259br etm\u0259k laz\u0131md\u0131r\u201d.<\/strong><\/p>\n\n\n\n<p>L\u0259nk\u0259ran\u0131n Viravul k\u0259ndind\u0259 d\u0259 eyni v\u0259ziyy\u0259tdir<\/p>\n\n\n\n<p>Yollarla ba\u011fl\u0131 daha bir \u015fikay\u0259ts\u0259 L\u0259nk\u0259ran\u0131n Viravul k\u0259ndind\u0259ndir. Sakinl\u0259rin dem\u0259sin\u0259 g\u00f6r\u0259, 30 il\u0259 yax\u0131nd\u0131r ki, yollar ke\u00e7ilm\u0259z olub. K\u0259nd sakinl\u0259ri Meydan TV-y\u0259 yaz\u0131r:<\/p>\n\n\n\n<p>\u201cYolun asfalt \u00f6rt\u00fcy\u00fc da\u011f\u0131l\u0131b, ya\u011f\u0131\u015fl\u0131 havalarda yaranan su g\u00f6lm\u0259\u00e7\u0259l\u0259ri insanlar\u0131n v\u0259 avtomobill\u0259rin h\u0259r\u0259k\u0259t\u0259 mane olur\u201d.<\/p>\n\n\n\n<p>Yaz\u0131rlar ki, k\u0259ndin m\u0259rk\u0259zi v\u0259 ara k\u00fc\u00e7\u0259l\u0259rind\u0259 yayda toz, q\u0131\u015fda is\u0259 su g\u00f6lm\u0259\u00e7\u0259l\u0259ri s\u0259b\u0259bind\u0259n yolda h\u0259r\u0259k\u0259t etm\u0259k \u00e7ox \u00e7\u0259tindir. Hava \u015f\u0259raiti pisl\u0259\u015f\u0259nd\u0259 v\u0259ziyy\u0259t daha da \u00e7\u0259tinl\u0259\u015fir.<\/p>\n\n\n\n<p>K\u0259ndin m\u0259rk\u0259zi yolunun uzunlu\u011fu 4.4 km-dir. Sonuncu d\u0259f\u0259 1991-ci ild\u0259 \u0259sasl\u0131 t\u0259mir olunub. Yol da\u011f\u0131nt\u0131lara m\u0259ruz qald\u0131qdan sonra bir ne\u00e7\u0259 d\u0259f\u0259 daxili imkanlar\u0131 hesab\u0131na t\u0259mir edilib. Amma yolun son v\u0259ziyy\u0259ti g\u00f6z qaba\u011f\u0131ndad\u0131r.<\/p>\n\n\n\n<p>K\u0259nd b\u0259l\u0259diyy\u0259sind\u0259n Meydan TV-y\u0259 bildirilib ki, yollar\u0131n v\u0259ziyy\u0259tiyl\u0259 ba\u011fl\u0131 aidiyy\u0259ti qurumlara m\u00fcraci\u0259t olunub. Ancaq maliyy\u0259 ayr\u0131lmad\u0131\u011f\u0131 \u00fc\u00e7\u00fcn h\u0259l\u0259lik bu problemin h\u0259lli m\u00fcmk\u00fcns\u00fcz qal\u0131b. Daha do\u011frusu, Avtomobil Yollar\u0131 D\u00f6vl\u0259t Agentliyi s\u00f6z verib ki, maliyy\u0259 v\u0259saiti ayr\u0131lan kimi yollar t\u0259mir olunacaq.<\/p>\n","protected":false},"excerpt":{"rendered":"<p>Xa\u00e7maz\u0131n \u00c7ayk\u0259nar\u0131, L\u0259nk\u0259ran\u0131n Viravul k\u0259ndl\u0259rinin yol problemi \u201c9 kilometrlik yolun &#8230; <\/p>\n<p class=\"read-more-container\"><a title=\"\u201cU\u015faqlar su \u00e7uxurlar\u0131na d\u00fc\u015f\u00fcr, \u0259l-ayalar\u0131 s\u0131n\u0131r\u201d\" class=\"read-more button\" href=\"https:\/\/www.meydan.tv\/az\/article\/usaqlar-su-cuxurlarina-dusur-el-ayalari-sinir\/#more-248434\" aria-label=\"Read more about \u201cU\u015faqlar su \u00e7uxurlar\u0131na d\u00fc\u015f\u00fcr, \u0259l-ayalar\u0131 s\u0131n\u0131r\u201d\">Davam\u0131<\/a><\/p>\n","protected":false},"author":8,"featured_media":248431,"comment_status":"closed","ping_status":"closed","sticky":false,"template":"","format":"standard","meta":{"_acf_changed":false,"_sitemap_exclude":false,"_sitemap_priority":"","_sitemap_frequency":"","footnotes":""},"categories":[60,56],"tags":[],"class_list":["post-248434","post","type-post","status-publish","format-standard","has-post-thumbnail","hentry","category-bolge","category-xeberler","infinite-scroll-item","generate-columns","tablet-grid-50","mobile-grid-100","grid-parent","grid-33","no-featured-image-padding"],"acf":[],"yoast_head":"<!-- This site is optimized with the Yoast SEO plugin v27.5 - https:\/\/yoast.com\/product\/yoast-seo-wordpress\/ -->\n<title>\u201cU\u015faqlar su \u00e7uxurlar\u0131na d\u00fc\u015f\u00fcr, \u0259l-ayalar\u0131 s\u0131n\u0131r\u201d - MEYDAN.TV<\/title>\n<meta name=\"robots\" content=\"index, follow, max-snippet:-1, max-image-preview:large, max-video-preview:-1\" \/>\n<link rel=\"canonical\" href=\"https:\/\/www.meydan.tv\/az\/article\/usaqlar-su-cuxurlarina-dusur-el-ayalari-sinir\/\" \/>\n<meta property=\"og:locale\" content=\"az_AZ\" \/>\n<meta property=\"og:type\" content=\"article\" \/>\n<meta property=\"og:title\" content=\"\u201cU\u015faqlar su \u00e7uxurlar\u0131na d\u00fc\u015f\u00fcr, \u0259l-ayalar\u0131 s\u0131n\u0131r\u201d - MEYDAN.TV\" \/>\n<meta property=\"og:description\" content=\"Xa\u00e7maz\u0131n \u00c7ayk\u0259nar\u0131, L\u0259nk\u0259ran\u0131n Viravul k\u0259ndl\u0259rinin yol problemi \u201c9 kilometrlik yolun ... Davam\u0131\" \/>\n<meta property=\"og:url\" content=\"https:\/\/www.meydan.tv\/az\/article\/usaqlar-su-cuxurlarina-dusur-el-ayalari-sinir\/\" \/>\n<meta property=\"og:site_name\" content=\"MEYDAN.TV\" \/>\n<meta property=\"article:published_time\" content=\"2022-06-15T19:44:21+00:00\" \/>\n<meta property=\"article:modified_time\" content=\"2022-06-15T19:44:23+00:00\" \/>\n<meta property=\"og:image\" content=\"https:\/\/www.meydan.tv\/wp-content\/uploads\/photo-2022-06-15-17-18-54.jpg\" \/>\n\t<meta property=\"og:image:width\" content=\"1280\" \/>\n\t<meta property=\"og:image:height\" content=\"720\" \/>\n\t<meta property=\"og:image:type\" content=\"image\/jpeg\" \/>\n<meta name=\"author\" content=\"elli\" \/>\n<meta name=\"twitter:card\" content=\"summary_large_image\" \/>\n<meta name=\"twitter:creator\" content=\"@elli\" \/>\n<script type=\"application\/ld+json\" class=\"yoast-schema-graph\">{\"@context\":\"https:\\\/\\\/schema.org\",\"@graph\":[{\"@type\":\"Article\",\"@id\":\"https:\\\/\\\/www.meydan.tv\\\/az\\\/article\\\/usaqlar-su-cuxurlarina-dusur-el-ayalari-sinir\\\/#article\",\"isPartOf\":{\"@id\":\"https:\\\/\\\/www.meydan.tv\\\/az\\\/article\\\/usaqlar-su-cuxurlarina-dusur-el-ayalari-sinir\\\/\"},\"author\":{\"name\":\"elli\",\"@id\":\"https:\\\/\\\/www.meydan.tv\\\/az\\\/#\\\/schema\\\/person\\\/9cdbecf90d17180ce1dfbd95b08dcf47\"},\"headline\":\"\u201cU\u015faqlar su \u00e7uxurlar\u0131na d\u00fc\u015f\u00fcr, \u0259l-ayalar\u0131 s\u0131n\u0131r\u201d\",\"datePublished\":\"2022-06-15T19:44:21+00:00\",\"dateModified\":\"2022-06-15T19:44:23+00:00\",\"mainEntityOfPage\":{\"@id\":\"https:\\\/\\\/www.meydan.tv\\\/az\\\/article\\\/usaqlar-su-cuxurlarina-dusur-el-ayalari-sinir\\\/\"},\"wordCount\":755,\"publisher\":{\"@id\":\"https:\\\/\\\/www.meydan.tv\\\/az\\\/#organization\"},\"image\":{\"@id\":\"https:\\\/\\\/www.meydan.tv\\\/az\\\/article\\\/usaqlar-su-cuxurlarina-dusur-el-ayalari-sinir\\\/#primaryimage\"},\"thumbnailUrl\":\"https:\\\/\\\/www.meydan.tv\\\/wp-content\\\/uploads\\\/photo-2022-06-15-17-18-54.jpg\",\"articleSection\":[\"B\u00f6lg\u0259\",\"X\u0259b\u0259rl\u0259r\"],\"inLanguage\":\"az\"},{\"@type\":\"WebPage\",\"@id\":\"https:\\\/\\\/www.meydan.tv\\\/az\\\/article\\\/usaqlar-su-cuxurlarina-dusur-el-ayalari-sinir\\\/\",\"url\":\"https:\\\/\\\/www.meydan.tv\\\/az\\\/article\\\/usaqlar-su-cuxurlarina-dusur-el-ayalari-sinir\\\/\",\"name\":\"\u201cU\u015faqlar su \u00e7uxurlar\u0131na d\u00fc\u015f\u00fcr, \u0259l-ayalar\u0131 s\u0131n\u0131r\u201d - MEYDAN.TV\",\"isPartOf\":{\"@id\":\"https:\\\/\\\/www.meydan.tv\\\/az\\\/#website\"},\"primaryImageOfPage\":{\"@id\":\"https:\\\/\\\/www.meydan.tv\\\/az\\\/article\\\/usaqlar-su-cuxurlarina-dusur-el-ayalari-sinir\\\/#primaryimage\"},\"image\":{\"@id\":\"https:\\\/\\\/www.meydan.tv\\\/az\\\/article\\\/usaqlar-su-cuxurlarina-dusur-el-ayalari-sinir\\\/#primaryimage\"},\"thumbnailUrl\":\"https:\\\/\\\/www.meydan.tv\\\/wp-content\\\/uploads\\\/photo-2022-06-15-17-18-54.jpg\",\"datePublished\":\"2022-06-15T19:44:21+00:00\",\"dateModified\":\"2022-06-15T19:44:23+00:00\",\"breadcrumb\":{\"@id\":\"https:\\\/\\\/www.meydan.tv\\\/az\\\/article\\\/usaqlar-su-cuxurlarina-dusur-el-ayalari-sinir\\\/#breadcrumb\"},\"inLanguage\":\"az\",\"potentialAction\":[{\"@type\":\"ReadAction\",\"target\":[\"https:\\\/\\\/www.meydan.tv\\\/az\\\/article\\\/usaqlar-su-cuxurlarina-dusur-el-ayalari-sinir\\\/\"]}]},{\"@type\":\"ImageObject\",\"inLanguage\":\"az\",\"@id\":\"https:\\\/\\\/www.meydan.tv\\\/az\\\/article\\\/usaqlar-su-cuxurlarina-dusur-el-ayalari-sinir\\\/#primaryimage\",\"url\":\"https:\\\/\\\/www.meydan.tv\\\/wp-content\\\/uploads\\\/photo-2022-06-15-17-18-54.jpg\",\"contentUrl\":\"https:\\\/\\\/www.meydan.tv\\\/wp-content\\\/uploads\\\/photo-2022-06-15-17-18-54.jpg\",\"width\":1280,\"height\":720,\"caption\":\"Foto: Meydan TV\"},{\"@type\":\"BreadcrumbList\",\"@id\":\"https:\\\/\\\/www.meydan.tv\\\/az\\\/article\\\/usaqlar-su-cuxurlarina-dusur-el-ayalari-sinir\\\/#breadcrumb\",\"itemListElement\":[{\"@type\":\"ListItem\",\"position\":1,\"name\":\"Ana s\u0259hif\u0259\",\"item\":\"https:\\\/\\\/www.meydan.tv\\\/az\\\/\"},{\"@type\":\"ListItem\",\"position\":2,\"name\":\"B\u00f6lg\u0259\",\"item\":\"https:\\\/\\\/www.meydan.tv\\\/az\\\/section\\\/bolge\\\/\"},{\"@type\":\"ListItem\",\"position\":3,\"name\":\"\u201cU\u015faqlar su \u00e7uxurlar\u0131na d\u00fc\u015f\u00fcr, \u0259l-ayalar\u0131 s\u0131n\u0131r\u201d\"}]},{\"@type\":\"WebSite\",\"@id\":\"https:\\\/\\\/www.meydan.tv\\\/az\\\/#website\",\"url\":\"https:\\\/\\\/www.meydan.tv\\\/az\\\/\",\"name\":\"MEYDAN.TV\",\"description\":\"Meydan TV Az\u0259rbaycan\u0131n media m\u0259kan\u0131ndak\u0131 alternativ s\u0259sidir\",\"publisher\":{\"@id\":\"https:\\\/\\\/www.meydan.tv\\\/az\\\/#organization\"},\"potentialAction\":[{\"@type\":\"SearchAction\",\"target\":{\"@type\":\"EntryPoint\",\"urlTemplate\":\"https:\\\/\\\/www.meydan.tv\\\/az\\\/?s={search_term_string}\"},\"query-input\":{\"@type\":\"PropertyValueSpecification\",\"valueRequired\":true,\"valueName\":\"search_term_string\"}}],\"inLanguage\":\"az\"},{\"@type\":\"Organization\",\"@id\":\"https:\\\/\\\/www.meydan.tv\\\/az\\\/#organization\",\"name\":\"Meydan TV\",\"url\":\"https:\\\/\\\/www.meydan.tv\\\/az\\\/\",\"logo\":{\"@type\":\"ImageObject\",\"inLanguage\":\"az\",\"@id\":\"https:\\\/\\\/www.meydan.tv\\\/az\\\/#\\\/schema\\\/logo\\\/image\\\/\",\"url\":\"https:\\\/\\\/www.meydan.tv\\\/wp-content\\\/uploads\\\/2021\\\/07\\\/meydan-logo.svg\",\"contentUrl\":\"https:\\\/\\\/www.meydan.tv\\\/wp-content\\\/uploads\\\/2021\\\/07\\\/meydan-logo.svg\",\"width\":195,\"height\":46,\"caption\":\"Meydan TV\"},\"image\":{\"@id\":\"https:\\\/\\\/www.meydan.tv\\\/az\\\/#\\\/schema\\\/logo\\\/image\\\/\"}},{\"@type\":\"Person\",\"@id\":\"https:\\\/\\\/www.meydan.tv\\\/az\\\/#\\\/schema\\\/person\\\/9cdbecf90d17180ce1dfbd95b08dcf47\",\"name\":\"elli\",\"sameAs\":[\"https:\\\/\\\/x.com\\\/elli\"]}]}<\/script>\n<!-- \/ Yoast SEO plugin. -->","yoast_head_json":{"title":"\u201cU\u015faqlar su \u00e7uxurlar\u0131na d\u00fc\u015f\u00fcr, \u0259l-ayalar\u0131 s\u0131n\u0131r\u201d - MEYDAN.TV","robots":{"index":"index","follow":"follow","max-snippet":"max-snippet:-1","max-image-preview":"max-image-preview:large","max-video-preview":"max-video-preview:-1"},"canonical":"https:\/\/www.meydan.tv\/az\/article\/usaqlar-su-cuxurlarina-dusur-el-ayalari-sinir\/","og_locale":"az_AZ","og_type":"article","og_title":"\u201cU\u015faqlar su \u00e7uxurlar\u0131na d\u00fc\u015f\u00fcr, \u0259l-ayalar\u0131 s\u0131n\u0131r\u201d - MEYDAN.TV","og_description":"Xa\u00e7maz\u0131n \u00c7ayk\u0259nar\u0131, L\u0259nk\u0259ran\u0131n Viravul k\u0259ndl\u0259rinin yol problemi \u201c9 kilometrlik yolun ... Davam\u0131","og_url":"https:\/\/www.meydan.tv\/az\/article\/usaqlar-su-cuxurlarina-dusur-el-ayalari-sinir\/","og_site_name":"MEYDAN.TV","article_published_time":"2022-06-15T19:44:21+00:00","article_modified_time":"2022-06-15T19:44:23+00:00","og_image":[{"width":1280,"height":720,"url":"https:\/\/www.meydan.tv\/wp-content\/uploads\/photo-2022-06-15-17-18-54.jpg","type":"image\/jpeg"}],"author":"elli","twitter_card":"summary_large_image","twitter_creator":"@elli","schema":{"@context":"https:\/\/schema.org","@graph":[{"@type":"Article","@id":"https:\/\/www.meydan.tv\/az\/article\/usaqlar-su-cuxurlarina-dusur-el-ayalari-sinir\/#article","isPartOf":{"@id":"https:\/\/www.meydan.tv\/az\/article\/usaqlar-su-cuxurlarina-dusur-el-ayalari-sinir\/"},"author":{"name":"elli","@id":"https:\/\/www.meydan.tv\/az\/#\/schema\/person\/9cdbecf90d17180ce1dfbd95b08dcf47"},"headline":"\u201cU\u015faqlar su \u00e7uxurlar\u0131na d\u00fc\u015f\u00fcr, \u0259l-ayalar\u0131 s\u0131n\u0131r\u201d","datePublished":"2022-06-15T19:44:21+00:00","dateModified":"2022-06-15T19:44:23+00:00","mainEntityOfPage":{"@id":"https:\/\/www.meydan.tv\/az\/article\/usaqlar-su-cuxurlarina-dusur-el-ayalari-sinir\/"},"wordCount":755,"publisher":{"@id":"https:\/\/www.meydan.tv\/az\/#organization"},"image":{"@id":"https:\/\/www.meydan.tv\/az\/article\/usaqlar-su-cuxurlarina-dusur-el-ayalari-sinir\/#primaryimage"},"thumbnailUrl":"https:\/\/www.meydan.tv\/wp-content\/uploads\/photo-2022-06-15-17-18-54.jpg","articleSection":["B\u00f6lg\u0259","X\u0259b\u0259rl\u0259r"],"inLanguage":"az"},{"@type":"WebPage","@id":"https:\/\/www.meydan.tv\/az\/article\/usaqlar-su-cuxurlarina-dusur-el-ayalari-sinir\/","url":"https:\/\/www.meydan.tv\/az\/article\/usaqlar-su-cuxurlarina-dusur-el-ayalari-sinir\/","name":"\u201cU\u015faqlar su \u00e7uxurlar\u0131na d\u00fc\u015f\u00fcr, \u0259l-ayalar\u0131 s\u0131n\u0131r\u201d - MEYDAN.TV","isPartOf":{"@id":"https:\/\/www.meydan.tv\/az\/#website"},"primaryImageOfPage":{"@id":"https:\/\/www.meydan.tv\/az\/article\/usaqlar-su-cuxurlarina-dusur-el-ayalari-sinir\/#primaryimage"},"image":{"@id":"https:\/\/www.meydan.tv\/az\/article\/usaqlar-su-cuxurlarina-dusur-el-ayalari-sinir\/#primaryimage"},"thumbnailUrl":"https:\/\/www.meydan.tv\/wp-content\/uploads\/photo-2022-06-15-17-18-54.jpg","datePublished":"2022-06-15T19:44:21+00:00","dateModified":"2022-06-15T19:44:23+00:00","breadcrumb":{"@id":"https:\/\/www.meydan.tv\/az\/article\/usaqlar-su-cuxurlarina-dusur-el-ayalari-sinir\/#breadcrumb"},"inLanguage":"az","potentialAction":[{"@type":"ReadAction","target":["https:\/\/www.meydan.tv\/az\/article\/usaqlar-su-cuxurlarina-dusur-el-ayalari-sinir\/"]}]},{"@type":"ImageObject","inLanguage":"az","@id":"https:\/\/www.meydan.tv\/az\/article\/usaqlar-su-cuxurlarina-dusur-el-ayalari-sinir\/#primaryimage","url":"https:\/\/www.meydan.tv\/wp-content\/uploads\/photo-2022-06-15-17-18-54.jpg","contentUrl":"https:\/\/www.meydan.tv\/wp-content\/uploads\/photo-2022-06-15-17-18-54.jpg","width":1280,"height":720,"caption":"Foto: Meydan TV"},{"@type":"BreadcrumbList","@id":"https:\/\/www.meydan.tv\/az\/article\/usaqlar-su-cuxurlarina-dusur-el-ayalari-sinir\/#breadcrumb","itemListElement":[{"@type":"ListItem","position":1,"name":"Ana s\u0259hif\u0259","item":"https:\/\/www.meydan.tv\/az\/"},{"@type":"ListItem","position":2,"name":"B\u00f6lg\u0259","item":"https:\/\/www.meydan.tv\/az\/section\/bolge\/"},{"@type":"ListItem","position":3,"name":"\u201cU\u015faqlar su \u00e7uxurlar\u0131na d\u00fc\u015f\u00fcr, \u0259l-ayalar\u0131 s\u0131n\u0131r\u201d"}]},{"@type":"WebSite","@id":"https:\/\/www.meydan.tv\/az\/#website","url":"https:\/\/www.meydan.tv\/az\/","name":"MEYDAN.TV","description":"Meydan TV Az\u0259rbaycan\u0131n media m\u0259kan\u0131ndak\u0131 alternativ s\u0259sidir","publisher":{"@id":"https:\/\/www.meydan.tv\/az\/#organization"},"potentialAction":[{"@type":"SearchAction","target":{"@type":"EntryPoint","urlTemplate":"https:\/\/www.meydan.tv\/az\/?s={search_term_string}"},"query-input":{"@type":"PropertyValueSpecification","valueRequired":true,"valueName":"search_term_string"}}],"inLanguage":"az"},{"@type":"Organization","@id":"https:\/\/www.meydan.tv\/az\/#organization","name":"Meydan TV","url":"https:\/\/www.meydan.tv\/az\/","logo":{"@type":"ImageObject","inLanguage":"az","@id":"https:\/\/www.meydan.tv\/az\/#\/schema\/logo\/image\/","url":"https:\/\/www.meydan.tv\/wp-content\/uploads\/2021\/07\/meydan-logo.svg","contentUrl":"https:\/\/www.meydan.tv\/wp-content\/uploads\/2021\/07\/meydan-logo.svg","width":195,"height":46,"caption":"Meydan TV"},"image":{"@id":"https:\/\/www.meydan.tv\/az\/#\/schema\/logo\/image\/"}},{"@type":"Person","@id":"https:\/\/www.meydan.tv\/az\/#\/schema\/person\/9cdbecf90d17180ce1dfbd95b08dcf47","name":"elli","sameAs":["https:\/\/x.com\/elli"]}]}},"_links":{"self":[{"href":"https:\/\/www.meydan.tv\/az\/wp-json\/wp\/v2\/posts\/248434","targetHints":{"allow":["GET"]}}],"collection":[{"href":"https:\/\/www.meydan.tv\/az\/wp-json\/wp\/v2\/posts"}],"about":[{"href":"https:\/\/www.meydan.tv\/az\/wp-json\/wp\/v2\/types\/post"}],"author":[{"embeddable":true,"href":"https:\/\/www.meydan.tv\/az\/wp-json\/wp\/v2\/users\/8"}],"replies":[{"embeddable":true,"href":"https:\/\/www.meydan.tv\/az\/wp-json\/wp\/v2\/comments?post=248434"}],"version-history":[{"count":1,"href":"https:\/\/www.meydan.tv\/az\/wp-json\/wp\/v2\/posts\/248434\/revisions"}],"predecessor-version":[{"id":248435,"href":"https:\/\/www.meydan.tv\/az\/wp-json\/wp\/v2\/posts\/248434\/revisions\/248435"}],"wp:featuredmedia":[{"embeddable":true,"href":"https:\/\/www.meydan.tv\/az\/wp-json\/wp\/v2\/media\/248431"}],"wp:attachment":[{"href":"https:\/\/www.meydan.tv\/az\/wp-json\/wp\/v2\/media?parent=248434"}],"wp:term":[{"taxonomy":"category","embeddable":true,"href":"https:\/\/www.meydan.tv\/az\/wp-json\/wp\/v2\/categories?post=248434"},{"taxonomy":"post_tag","embeddable":true,"href":"https:\/\/www.meydan.tv\/az\/wp-json\/wp\/v2\/tags?post=248434"}],"curies":[{"name":"wp","href":"https:\/\/api.w.org\/{rel}","templated":true}]}}