{"id":248406,"date":"2022-06-15T19:18:17","date_gmt":"2022-06-15T15:18:17","guid":{"rendered":"https:\/\/www.meydan.tv\/?p=248406"},"modified":"2022-06-15T20:04:24","modified_gmt":"2022-06-15T16:04:24","slug":"ayten-memmedova-yene-baki-seher-bas-polis-idaresinde-devet-edilib","status":"publish","type":"post","link":"https:\/\/www.meydan.tv\/az\/article\/ayten-memmedova-yene-baki-seher-bas-polis-idaresinde-devet-edilib\/","title":{"rendered":"Ayt\u0259n M\u0259mm\u0259dova yen\u0259 Bak\u0131 \u015e\u0259h\u0259r Ba\u015f Polis \u0130dar\u0259sind\u0259 d\u0259v\u0259t edilib"},"content":{"rendered":"\n<p><strong><em>\u201cBildirildi ki, cinay\u0259tkar\u0131n tap\u0131lmas\u0131 \u00fc\u00e7\u00fcn m\u00fcxt\u0259lif texniki imkanlardan istifad\u0259 olunur\u201d<\/em><\/strong><\/p>\n\n\n\n<p>Jurnalist Ayt\u0259n M\u0259mm\u0259dovan\u0131n ya\u015fad\u0131\u011f\u0131 binan\u0131n liftind\u0259 h\u00fccuma m\u0259ruz qalmas\u0131yla ba\u011fl\u0131 cinay\u0259t i\u015fi \u00fczr\u0259 \u0259m\u0259liyyat-istintaq t\u0259dbirl\u0259ri davam etdirilir. Jurnalistin Meydan TV-y\u0259 bildirdiyin\u0259 g\u00f6r\u0259, iyunun 14-d\u0259 o, Bak\u0131 \u015f\u0259h\u0259r Ba\u015f Polis \u0130dar\u0259sin\u0259 d\u0259v\u0259t olunub. \u0130dar\u0259nin r\u0259is m\u00fcavini, s\u00f6z\u00fcged\u0259n cinay\u0259t i\u015fi \u00fczr\u0259 \u0259m\u0259liyyat-istintaq qrupunun r\u0259hb\u0259ri V\u00fcqar \u018fl\u0259kb\u0259rov onu q\u0259bul edib.<\/p>\n\n\n\n<p>\u201cG\u00f6r\u00fc\u015fd\u0259 m\u0259n\u0259 qar\u015f\u0131 cinay\u0259tin \u00fcst\u00fcn\u00fcn a\u00e7\u0131lmas\u0131yla m\u0259\u015f\u011ful olan \u00e7oxsayl\u0131 polis \u0259m\u0259kda\u015flar\u0131 da i\u015ftirak edirdi. Cinay\u0259t i\u015fiyl\u0259 ba\u011fl\u0131 son durum, indiy\u0259d\u0259k g\u00f6r\u00fcl\u0259n i\u015fl\u0259r bar\u0259d\u0259 qrupun r\u0259hb\u0259rin\u0259 m\u0259ruz\u0259 edildi. Eyni zamanda, m\u0259n\u0259 d\u0259 m\u0259lumat verildi ki, hans\u0131 istiqam\u0259tl\u0259rd\u0259 hans\u0131 add\u0131mlar at\u0131l\u0131b\u201d, &#8211; jurnalist bildirib.<\/p>\n\n\n\n<p>Ayt\u0259n M\u0259mm\u0259dova deyir ki, son iki h\u0259ft\u0259d\u0259 istintaq\u0131n gedi\u015fi bar\u0259d\u0259 \u00fcmumiyy\u0259tl\u0259, m\u0259lumat\u0131 yox idi, ona he\u00e7 bir informasiya verilm\u0259mi\u015fdi. Jurnalistin s\u00f6zl\u0259rin\u0259 g\u00f6r\u0259, idar\u0259d\u0259 ona bildirilib ki, bu m\u00fcdd\u0259td\u0259 d\u0259 \u0259m\u0259liyyat-istintaq t\u0259dbirl\u0259ri dayand\u0131r\u0131lmay\u0131b, m\u00fcxt\u0259lif istiqam\u0259tl\u0259rd\u0259 i\u015fl\u0259r davam etdirilib:<\/p>\n\n\n\n<p>\u201cBildirildi ki, cinay\u0259tkar\u0131n tap\u0131lmas\u0131 \u00fc\u00e7\u00fcn m\u00fcxt\u0259lif texniki imkanlardan istifad\u0259 olunur. Hadis\u0259d\u0259n \u0259vv\u0259l izl\u0259nilm\u0259yim, m\u0259niml\u0259 ba\u011fl\u0131 m\u0259lumatlar\u0131n \u00f6t\u00fcr\u00fclm\u0259si v\u0259 s. m\u0259s\u0259l\u0259l\u0259rl\u0259 ba\u011fl\u0131 b\u00fct\u00fcn m\u00fcmk\u00fcn ehtimallar ara\u015fd\u0131r\u0131l\u0131r. Ara\u015fd\u0131rmalar\u0131n bundan sonrak\u0131 istiqam\u0259tl\u0259ri bar\u0259d\u0259 qrupun r\u0259hb\u0259ri \u00f6z tap\u015f\u0131r\u0131qlar\u0131n\u0131 verdi. M\u0259n\u0259 bildirildi ki, bu cinay\u0259tin \u00fcst\u00fcn\u00fcn a\u00e7\u0131lmas\u0131, cinay\u0259tkar\u0131n tap\u0131l\u0131b c\u0259zaland\u0131r\u0131lmas\u0131 \u00fc\u00e7\u00fcn b\u00fct\u00fcn z\u0259ruri add\u0131mlar at\u0131lacaq\u201d.<\/p>\n\n\n\n<p>Hadis\u0259nin \u00fcst\u00fcnd\u0259n 1 aydan \u00e7ox vaxt ke\u00e7m\u0259sin\u0259 baxmayaraq, Ayt\u0259n M\u0259mm\u0259dova cinay\u0259ti t\u00f6r\u0259d\u0259n \u015f\u0259xs v\u0259 ya \u015f\u0259xsl\u0259rin tap\u0131l\u0131b c\u0259zaland\u0131r\u0131laca\u011f\u0131na h\u0259l\u0259 \u00fcmidini itirm\u0259diyini vur\u011fulay\u0131b.<\/p>\n\n\n\n<p>May\u0131n 8-d\u0259 gec\u0259 saatlar\u0131nda Ayt\u0259n M\u0259mm\u0259dova nam\u0259lum \u015f\u0259xsin h\u00fccumuna m\u0259ruz qal\u0131b. Jurnalistin s\u00f6zl\u0259rin\u0259 g\u00f6r\u0259, ya\u015fad\u0131\u011f\u0131 binan\u0131n blokuna gir\u0259rk\u0259n bir n\u0259f\u0259r arxas\u0131nca g\u0259lib v\u0259 liftd\u0259 b\u0131\u00e7a\u011f\u0131 onun bo\u011faz\u0131na dir\u0259yib: \u201cM\u0259n\u0259 dedi ki, s\u0259n a\u011f\u0131llanmad\u0131n? Q\u0131z\u0131mla h\u0259d\u0259l\u0259di&#8230;\u201d<\/p>\n\n\n\n<p>Jurnalist\u0259 qar\u015f\u0131 h\u00fccumla ba\u011fl\u0131 Cinay\u0259t M\u0259c\u0259ll\u0259sinin 134-c\u00fc (\u00f6ld\u00fcrm\u0259kl\u0259 v\u0259 ya sa\u011flaml\u0131\u011fa a\u011f\u0131r z\u0259r\u0259r vurmaqla h\u0259d\u0259l\u0259m\u0259) madd\u0259sil\u0259 cinay\u0259t i\u015fi ba\u015flan\u0131b.<\/p>\n\n\n\n<p>Ayt\u0259n M\u0259mm\u0259dovan\u0131n \u0259n \u00e7ox ictimail\u0259\u015fdirdiyi i\u015f Tovuz rayonunun Dondar Qu\u015f\u00e7u k\u0259ndind\u0259 10 ya\u015fl\u0131 N\u0259rmin Quliyevan\u0131n o\u011furlanmas\u0131, 47 g\u00fcn sonra k\u0259ndd\u0259 yand\u0131r\u0131lm\u0131\u015f meyitin tap\u0131lmas\u0131yla ba\u011fl\u0131 ged\u0259n m\u0259hk\u0259m\u0259 i\u015fidir.<\/p>\n\n\n\n<p>Jurnalist sosial \u015f\u0259b\u0259k\u0259l\u0259rd\u0259 bu cinay\u0259ti t\u00f6r\u0259tm\u0259kd\u0259 t\u0259qsirl\u0259ndiril\u0259n \u0130lkin S\u00fcleymanova qar\u015f\u0131 s\u00fcbutlar\u0131n saxta olmas\u0131, ona i\u015fg\u0259nc\u0259 verilm\u0259si haqda payla\u015f\u0131mlar edirdi.<\/p>\n","protected":false},"excerpt":{"rendered":"<p>\u201cBildirildi ki, cinay\u0259tkar\u0131n tap\u0131lmas\u0131 \u00fc\u00e7\u00fcn m\u00fcxt\u0259lif texniki imkanlardan istifad\u0259 olunur\u201d &#8230; <\/p>\n<p class=\"read-more-container\"><a title=\"Ayt\u0259n M\u0259mm\u0259dova yen\u0259 Bak\u0131 \u015e\u0259h\u0259r Ba\u015f Polis \u0130dar\u0259sind\u0259 d\u0259v\u0259t edilib\" class=\"read-more button\" href=\"https:\/\/www.meydan.tv\/az\/article\/ayten-memmedova-yene-baki-seher-bas-polis-idaresinde-devet-edilib\/#more-248406\" aria-label=\"Read more about Ayt\u0259n M\u0259mm\u0259dova yen\u0259 Bak\u0131 \u015e\u0259h\u0259r Ba\u015f Polis \u0130dar\u0259sind\u0259 d\u0259v\u0259t edilib\">Davam\u0131<\/a><\/p>\n","protected":false},"author":14,"featured_media":244631,"comment_status":"closed","ping_status":"closed","sticky":false,"template":"","format":"standard","meta":{"_acf_changed":false,"_sitemap_exclude":false,"_sitemap_priority":"","_sitemap_frequency":"","footnotes":""},"categories":[79,56],"tags":[],"class_list":["post-248406","post","type-post","status-publish","format-standard","has-post-thumbnail","hentry","category-featured","category-xeberler","infinite-scroll-item","generate-columns","tablet-grid-50","mobile-grid-100","grid-parent","grid-33","no-featured-image-padding"],"acf":[],"yoast_head":"<!-- This site is optimized with the Yoast SEO plugin v27.5 - https:\/\/yoast.com\/product\/yoast-seo-wordpress\/ -->\n<title>Ayt\u0259n M\u0259mm\u0259dova yen\u0259 Bak\u0131 \u015e\u0259h\u0259r Ba\u015f Polis \u0130dar\u0259sind\u0259 d\u0259v\u0259t edilib - MEYDAN.TV<\/title>\n<meta name=\"robots\" content=\"index, follow, max-snippet:-1, max-image-preview:large, max-video-preview:-1\" \/>\n<link rel=\"canonical\" href=\"https:\/\/www.meydan.tv\/az\/article\/ayten-memmedova-yene-baki-seher-bas-polis-idaresinde-devet-edilib\/\" \/>\n<meta property=\"og:locale\" content=\"az_AZ\" \/>\n<meta property=\"og:type\" content=\"article\" \/>\n<meta property=\"og:title\" content=\"Ayt\u0259n M\u0259mm\u0259dova yen\u0259 Bak\u0131 \u015e\u0259h\u0259r Ba\u015f Polis \u0130dar\u0259sind\u0259 d\u0259v\u0259t edilib - MEYDAN.TV\" \/>\n<meta property=\"og:description\" content=\"\u201cBildirildi ki, cinay\u0259tkar\u0131n tap\u0131lmas\u0131 \u00fc\u00e7\u00fcn m\u00fcxt\u0259lif texniki imkanlardan istifad\u0259 olunur\u201d ... Davam\u0131\" \/>\n<meta property=\"og:url\" content=\"https:\/\/www.meydan.tv\/az\/article\/ayten-memmedova-yene-baki-seher-bas-polis-idaresinde-devet-edilib\/\" \/>\n<meta property=\"og:site_name\" content=\"MEYDAN.TV\" \/>\n<meta property=\"article:published_time\" content=\"2022-06-15T15:18:17+00:00\" \/>\n<meta property=\"article:modified_time\" content=\"2022-06-15T16:04:24+00:00\" \/>\n<meta property=\"og:image\" content=\"https:\/\/www.meydan.tv\/wp-content\/uploads\/screenshot-at-may-09-13-10-35-e1652256513786.png\" \/>\n\t<meta property=\"og:image:width\" content=\"1340\" \/>\n\t<meta property=\"og:image:height\" content=\"659\" \/>\n\t<meta property=\"og:image:type\" content=\"image\/png\" \/>\n<meta name=\"author\" content=\"roma\" \/>\n<meta name=\"twitter:card\" content=\"summary_large_image\" \/>\n<script type=\"application\/ld+json\" class=\"yoast-schema-graph\">{\"@context\":\"https:\\\/\\\/schema.org\",\"@graph\":[{\"@type\":\"Article\",\"@id\":\"https:\\\/\\\/www.meydan.tv\\\/az\\\/article\\\/ayten-memmedova-yene-baki-seher-bas-polis-idaresinde-devet-edilib\\\/#article\",\"isPartOf\":{\"@id\":\"https:\\\/\\\/www.meydan.tv\\\/az\\\/article\\\/ayten-memmedova-yene-baki-seher-bas-polis-idaresinde-devet-edilib\\\/\"},\"author\":{\"name\":\"roma\",\"@id\":\"https:\\\/\\\/www.meydan.tv\\\/az\\\/#\\\/schema\\\/person\\\/8f23e01c4de63326c13c319fb65ee65d\"},\"headline\":\"Ayt\u0259n M\u0259mm\u0259dova yen\u0259 Bak\u0131 \u015e\u0259h\u0259r Ba\u015f Polis \u0130dar\u0259sind\u0259 d\u0259v\u0259t edilib\",\"datePublished\":\"2022-06-15T15:18:17+00:00\",\"dateModified\":\"2022-06-15T16:04:24+00:00\",\"mainEntityOfPage\":{\"@id\":\"https:\\\/\\\/www.meydan.tv\\\/az\\\/article\\\/ayten-memmedova-yene-baki-seher-bas-polis-idaresinde-devet-edilib\\\/\"},\"wordCount\":599,\"publisher\":{\"@id\":\"https:\\\/\\\/www.meydan.tv\\\/az\\\/#organization\"},\"image\":{\"@id\":\"https:\\\/\\\/www.meydan.tv\\\/az\\\/article\\\/ayten-memmedova-yene-baki-seher-bas-polis-idaresinde-devet-edilib\\\/#primaryimage\"},\"thumbnailUrl\":\"https:\\\/\\\/www.meydan.tv\\\/wp-content\\\/uploads\\\/screenshot-at-may-09-13-10-35-e1652256513786.png\",\"articleSection\":[\"T\u00f6vsiy\u0259\",\"X\u0259b\u0259rl\u0259r\"],\"inLanguage\":\"az\"},{\"@type\":\"WebPage\",\"@id\":\"https:\\\/\\\/www.meydan.tv\\\/az\\\/article\\\/ayten-memmedova-yene-baki-seher-bas-polis-idaresinde-devet-edilib\\\/\",\"url\":\"https:\\\/\\\/www.meydan.tv\\\/az\\\/article\\\/ayten-memmedova-yene-baki-seher-bas-polis-idaresinde-devet-edilib\\\/\",\"name\":\"Ayt\u0259n M\u0259mm\u0259dova yen\u0259 Bak\u0131 \u015e\u0259h\u0259r Ba\u015f Polis \u0130dar\u0259sind\u0259 d\u0259v\u0259t edilib - MEYDAN.TV\",\"isPartOf\":{\"@id\":\"https:\\\/\\\/www.meydan.tv\\\/az\\\/#website\"},\"primaryImageOfPage\":{\"@id\":\"https:\\\/\\\/www.meydan.tv\\\/az\\\/article\\\/ayten-memmedova-yene-baki-seher-bas-polis-idaresinde-devet-edilib\\\/#primaryimage\"},\"image\":{\"@id\":\"https:\\\/\\\/www.meydan.tv\\\/az\\\/article\\\/ayten-memmedova-yene-baki-seher-bas-polis-idaresinde-devet-edilib\\\/#primaryimage\"},\"thumbnailUrl\":\"https:\\\/\\\/www.meydan.tv\\\/wp-content\\\/uploads\\\/screenshot-at-may-09-13-10-35-e1652256513786.png\",\"datePublished\":\"2022-06-15T15:18:17+00:00\",\"dateModified\":\"2022-06-15T16:04:24+00:00\",\"breadcrumb\":{\"@id\":\"https:\\\/\\\/www.meydan.tv\\\/az\\\/article\\\/ayten-memmedova-yene-baki-seher-bas-polis-idaresinde-devet-edilib\\\/#breadcrumb\"},\"inLanguage\":\"az\",\"potentialAction\":[{\"@type\":\"ReadAction\",\"target\":[\"https:\\\/\\\/www.meydan.tv\\\/az\\\/article\\\/ayten-memmedova-yene-baki-seher-bas-polis-idaresinde-devet-edilib\\\/\"]}]},{\"@type\":\"ImageObject\",\"inLanguage\":\"az\",\"@id\":\"https:\\\/\\\/www.meydan.tv\\\/az\\\/article\\\/ayten-memmedova-yene-baki-seher-bas-polis-idaresinde-devet-edilib\\\/#primaryimage\",\"url\":\"https:\\\/\\\/www.meydan.tv\\\/wp-content\\\/uploads\\\/screenshot-at-may-09-13-10-35-e1652256513786.png\",\"contentUrl\":\"https:\\\/\\\/www.meydan.tv\\\/wp-content\\\/uploads\\\/screenshot-at-may-09-13-10-35-e1652256513786.png\",\"width\":1340,\"height\":659,\"caption\":\"Ayt\u0259n M\u0259mm\u0259dova. Foto: Screenshot\"},{\"@type\":\"BreadcrumbList\",\"@id\":\"https:\\\/\\\/www.meydan.tv\\\/az\\\/article\\\/ayten-memmedova-yene-baki-seher-bas-polis-idaresinde-devet-edilib\\\/#breadcrumb\",\"itemListElement\":[{\"@type\":\"ListItem\",\"position\":1,\"name\":\"Ana s\u0259hif\u0259\",\"item\":\"https:\\\/\\\/www.meydan.tv\\\/az\\\/\"},{\"@type\":\"ListItem\",\"position\":2,\"name\":\"X\u0259b\u0259rl\u0259r\",\"item\":\"https:\\\/\\\/www.meydan.tv\\\/az\\\/section\\\/xeberler\\\/\"},{\"@type\":\"ListItem\",\"position\":3,\"name\":\"Ayt\u0259n M\u0259mm\u0259dova yen\u0259 Bak\u0131 \u015e\u0259h\u0259r Ba\u015f Polis \u0130dar\u0259sind\u0259 d\u0259v\u0259t edilib\"}]},{\"@type\":\"WebSite\",\"@id\":\"https:\\\/\\\/www.meydan.tv\\\/az\\\/#website\",\"url\":\"https:\\\/\\\/www.meydan.tv\\\/az\\\/\",\"name\":\"MEYDAN.TV\",\"description\":\"Meydan TV Az\u0259rbaycan\u0131n media m\u0259kan\u0131ndak\u0131 alternativ s\u0259sidir\",\"publisher\":{\"@id\":\"https:\\\/\\\/www.meydan.tv\\\/az\\\/#organization\"},\"potentialAction\":[{\"@type\":\"SearchAction\",\"target\":{\"@type\":\"EntryPoint\",\"urlTemplate\":\"https:\\\/\\\/www.meydan.tv\\\/az\\\/?s={search_term_string}\"},\"query-input\":{\"@type\":\"PropertyValueSpecification\",\"valueRequired\":true,\"valueName\":\"search_term_string\"}}],\"inLanguage\":\"az\"},{\"@type\":\"Organization\",\"@id\":\"https:\\\/\\\/www.meydan.tv\\\/az\\\/#organization\",\"name\":\"Meydan TV\",\"url\":\"https:\\\/\\\/www.meydan.tv\\\/az\\\/\",\"logo\":{\"@type\":\"ImageObject\",\"inLanguage\":\"az\",\"@id\":\"https:\\\/\\\/www.meydan.tv\\\/az\\\/#\\\/schema\\\/logo\\\/image\\\/\",\"url\":\"https:\\\/\\\/www.meydan.tv\\\/wp-content\\\/uploads\\\/2021\\\/07\\\/meydan-logo.svg\",\"contentUrl\":\"https:\\\/\\\/www.meydan.tv\\\/wp-content\\\/uploads\\\/2021\\\/07\\\/meydan-logo.svg\",\"width\":195,\"height\":46,\"caption\":\"Meydan TV\"},\"image\":{\"@id\":\"https:\\\/\\\/www.meydan.tv\\\/az\\\/#\\\/schema\\\/logo\\\/image\\\/\"}},{\"@type\":\"Person\",\"@id\":\"https:\\\/\\\/www.meydan.tv\\\/az\\\/#\\\/schema\\\/person\\\/8f23e01c4de63326c13c319fb65ee65d\",\"name\":\"roma\"}]}<\/script>\n<!-- \/ Yoast SEO plugin. -->","yoast_head_json":{"title":"Ayt\u0259n M\u0259mm\u0259dova yen\u0259 Bak\u0131 \u015e\u0259h\u0259r Ba\u015f Polis \u0130dar\u0259sind\u0259 d\u0259v\u0259t edilib - MEYDAN.TV","robots":{"index":"index","follow":"follow","max-snippet":"max-snippet:-1","max-image-preview":"max-image-preview:large","max-video-preview":"max-video-preview:-1"},"canonical":"https:\/\/www.meydan.tv\/az\/article\/ayten-memmedova-yene-baki-seher-bas-polis-idaresinde-devet-edilib\/","og_locale":"az_AZ","og_type":"article","og_title":"Ayt\u0259n M\u0259mm\u0259dova yen\u0259 Bak\u0131 \u015e\u0259h\u0259r Ba\u015f Polis \u0130dar\u0259sind\u0259 d\u0259v\u0259t edilib - MEYDAN.TV","og_description":"\u201cBildirildi ki, cinay\u0259tkar\u0131n tap\u0131lmas\u0131 \u00fc\u00e7\u00fcn m\u00fcxt\u0259lif texniki imkanlardan istifad\u0259 olunur\u201d ... Davam\u0131","og_url":"https:\/\/www.meydan.tv\/az\/article\/ayten-memmedova-yene-baki-seher-bas-polis-idaresinde-devet-edilib\/","og_site_name":"MEYDAN.TV","article_published_time":"2022-06-15T15:18:17+00:00","article_modified_time":"2022-06-15T16:04:24+00:00","og_image":[{"width":1340,"height":659,"url":"https:\/\/www.meydan.tv\/wp-content\/uploads\/screenshot-at-may-09-13-10-35-e1652256513786.png","type":"image\/png"}],"author":"roma","twitter_card":"summary_large_image","schema":{"@context":"https:\/\/schema.org","@graph":[{"@type":"Article","@id":"https:\/\/www.meydan.tv\/az\/article\/ayten-memmedova-yene-baki-seher-bas-polis-idaresinde-devet-edilib\/#article","isPartOf":{"@id":"https:\/\/www.meydan.tv\/az\/article\/ayten-memmedova-yene-baki-seher-bas-polis-idaresinde-devet-edilib\/"},"author":{"name":"roma","@id":"https:\/\/www.meydan.tv\/az\/#\/schema\/person\/8f23e01c4de63326c13c319fb65ee65d"},"headline":"Ayt\u0259n M\u0259mm\u0259dova yen\u0259 Bak\u0131 \u015e\u0259h\u0259r Ba\u015f Polis \u0130dar\u0259sind\u0259 d\u0259v\u0259t edilib","datePublished":"2022-06-15T15:18:17+00:00","dateModified":"2022-06-15T16:04:24+00:00","mainEntityOfPage":{"@id":"https:\/\/www.meydan.tv\/az\/article\/ayten-memmedova-yene-baki-seher-bas-polis-idaresinde-devet-edilib\/"},"wordCount":599,"publisher":{"@id":"https:\/\/www.meydan.tv\/az\/#organization"},"image":{"@id":"https:\/\/www.meydan.tv\/az\/article\/ayten-memmedova-yene-baki-seher-bas-polis-idaresinde-devet-edilib\/#primaryimage"},"thumbnailUrl":"https:\/\/www.meydan.tv\/wp-content\/uploads\/screenshot-at-may-09-13-10-35-e1652256513786.png","articleSection":["T\u00f6vsiy\u0259","X\u0259b\u0259rl\u0259r"],"inLanguage":"az"},{"@type":"WebPage","@id":"https:\/\/www.meydan.tv\/az\/article\/ayten-memmedova-yene-baki-seher-bas-polis-idaresinde-devet-edilib\/","url":"https:\/\/www.meydan.tv\/az\/article\/ayten-memmedova-yene-baki-seher-bas-polis-idaresinde-devet-edilib\/","name":"Ayt\u0259n M\u0259mm\u0259dova yen\u0259 Bak\u0131 \u015e\u0259h\u0259r Ba\u015f Polis \u0130dar\u0259sind\u0259 d\u0259v\u0259t edilib - MEYDAN.TV","isPartOf":{"@id":"https:\/\/www.meydan.tv\/az\/#website"},"primaryImageOfPage":{"@id":"https:\/\/www.meydan.tv\/az\/article\/ayten-memmedova-yene-baki-seher-bas-polis-idaresinde-devet-edilib\/#primaryimage"},"image":{"@id":"https:\/\/www.meydan.tv\/az\/article\/ayten-memmedova-yene-baki-seher-bas-polis-idaresinde-devet-edilib\/#primaryimage"},"thumbnailUrl":"https:\/\/www.meydan.tv\/wp-content\/uploads\/screenshot-at-may-09-13-10-35-e1652256513786.png","datePublished":"2022-06-15T15:18:17+00:00","dateModified":"2022-06-15T16:04:24+00:00","breadcrumb":{"@id":"https:\/\/www.meydan.tv\/az\/article\/ayten-memmedova-yene-baki-seher-bas-polis-idaresinde-devet-edilib\/#breadcrumb"},"inLanguage":"az","potentialAction":[{"@type":"ReadAction","target":["https:\/\/www.meydan.tv\/az\/article\/ayten-memmedova-yene-baki-seher-bas-polis-idaresinde-devet-edilib\/"]}]},{"@type":"ImageObject","inLanguage":"az","@id":"https:\/\/www.meydan.tv\/az\/article\/ayten-memmedova-yene-baki-seher-bas-polis-idaresinde-devet-edilib\/#primaryimage","url":"https:\/\/www.meydan.tv\/wp-content\/uploads\/screenshot-at-may-09-13-10-35-e1652256513786.png","contentUrl":"https:\/\/www.meydan.tv\/wp-content\/uploads\/screenshot-at-may-09-13-10-35-e1652256513786.png","width":1340,"height":659,"caption":"Ayt\u0259n M\u0259mm\u0259dova. Foto: Screenshot"},{"@type":"BreadcrumbList","@id":"https:\/\/www.meydan.tv\/az\/article\/ayten-memmedova-yene-baki-seher-bas-polis-idaresinde-devet-edilib\/#breadcrumb","itemListElement":[{"@type":"ListItem","position":1,"name":"Ana s\u0259hif\u0259","item":"https:\/\/www.meydan.tv\/az\/"},{"@type":"ListItem","position":2,"name":"X\u0259b\u0259rl\u0259r","item":"https:\/\/www.meydan.tv\/az\/section\/xeberler\/"},{"@type":"ListItem","position":3,"name":"Ayt\u0259n M\u0259mm\u0259dova yen\u0259 Bak\u0131 \u015e\u0259h\u0259r Ba\u015f Polis \u0130dar\u0259sind\u0259 d\u0259v\u0259t edilib"}]},{"@type":"WebSite","@id":"https:\/\/www.meydan.tv\/az\/#website","url":"https:\/\/www.meydan.tv\/az\/","name":"MEYDAN.TV","description":"Meydan TV Az\u0259rbaycan\u0131n media m\u0259kan\u0131ndak\u0131 alternativ s\u0259sidir","publisher":{"@id":"https:\/\/www.meydan.tv\/az\/#organization"},"potentialAction":[{"@type":"SearchAction","target":{"@type":"EntryPoint","urlTemplate":"https:\/\/www.meydan.tv\/az\/?s={search_term_string}"},"query-input":{"@type":"PropertyValueSpecification","valueRequired":true,"valueName":"search_term_string"}}],"inLanguage":"az"},{"@type":"Organization","@id":"https:\/\/www.meydan.tv\/az\/#organization","name":"Meydan TV","url":"https:\/\/www.meydan.tv\/az\/","logo":{"@type":"ImageObject","inLanguage":"az","@id":"https:\/\/www.meydan.tv\/az\/#\/schema\/logo\/image\/","url":"https:\/\/www.meydan.tv\/wp-content\/uploads\/2021\/07\/meydan-logo.svg","contentUrl":"https:\/\/www.meydan.tv\/wp-content\/uploads\/2021\/07\/meydan-logo.svg","width":195,"height":46,"caption":"Meydan TV"},"image":{"@id":"https:\/\/www.meydan.tv\/az\/#\/schema\/logo\/image\/"}},{"@type":"Person","@id":"https:\/\/www.meydan.tv\/az\/#\/schema\/person\/8f23e01c4de63326c13c319fb65ee65d","name":"roma"}]}},"_links":{"self":[{"href":"https:\/\/www.meydan.tv\/az\/wp-json\/wp\/v2\/posts\/248406","targetHints":{"allow":["GET"]}}],"collection":[{"href":"https:\/\/www.meydan.tv\/az\/wp-json\/wp\/v2\/posts"}],"about":[{"href":"https:\/\/www.meydan.tv\/az\/wp-json\/wp\/v2\/types\/post"}],"author":[{"embeddable":true,"href":"https:\/\/www.meydan.tv\/az\/wp-json\/wp\/v2\/users\/14"}],"replies":[{"embeddable":true,"href":"https:\/\/www.meydan.tv\/az\/wp-json\/wp\/v2\/comments?post=248406"}],"version-history":[{"count":2,"href":"https:\/\/www.meydan.tv\/az\/wp-json\/wp\/v2\/posts\/248406\/revisions"}],"predecessor-version":[{"id":248418,"href":"https:\/\/www.meydan.tv\/az\/wp-json\/wp\/v2\/posts\/248406\/revisions\/248418"}],"wp:featuredmedia":[{"embeddable":true,"href":"https:\/\/www.meydan.tv\/az\/wp-json\/wp\/v2\/media\/244631"}],"wp:attachment":[{"href":"https:\/\/www.meydan.tv\/az\/wp-json\/wp\/v2\/media?parent=248406"}],"wp:term":[{"taxonomy":"category","embeddable":true,"href":"https:\/\/www.meydan.tv\/az\/wp-json\/wp\/v2\/categories?post=248406"},{"taxonomy":"post_tag","embeddable":true,"href":"https:\/\/www.meydan.tv\/az\/wp-json\/wp\/v2\/tags?post=248406"}],"curies":[{"name":"wp","href":"https:\/\/api.w.org\/{rel}","templated":true}]}}