{"id":248288,"date":"2022-06-14T16:48:34","date_gmt":"2022-06-14T12:48:34","guid":{"rendered":"https:\/\/www.meydan.tv\/?p=248288"},"modified":"2022-06-14T16:48:36","modified_gmt":"2022-06-14T12:48:36","slug":"abs-resmisi-azerbaycanda-vekil-ve-jurnalistlerle-gorusub","status":"publish","type":"post","link":"https:\/\/www.meydan.tv\/az\/article\/abs-resmisi-azerbaycanda-vekil-ve-jurnalistlerle-gorusub\/","title":{"rendered":"AB\u015e r\u0259smisi Az\u0259rbaycanda v\u0259kil v\u0259 jurnalistl\u0259rl\u0259 g\u00f6r\u00fc\u015f\u00fcb"},"content":{"rendered":"\n<p><\/p>\n\n\n\n<p><em>Nem\u0259t K\u0259rimli: &#8220;\u00dcmumi fikir bu oldu ki, Az\u0259rbaycanda azad se\u00e7ki yoxdur&#8221;<\/em><\/p>\n\n\n\n<p>\u0130yunun 14-d\u0259 AB\u015e D\u00f6vl\u0259t katibinin demokratiya, insan h\u00fcquqlar\u0131 v\u0259 \u0259m\u0259k m\u0259s\u0259l\u0259l\u0259ri \u00fczr\u0259 k\u00f6m\u0259k\u00e7isinin m\u00fcavini Kara Makdonald v\u0259kill\u0259r Zibeyd\u0259 Sad\u0131qova, El\u00e7in Sad\u0131qov v\u0259 Nem\u0259t K\u0259rimli il\u0259 g\u00f6r\u00fc\u015f\u00fcb.<\/p>\n\n\n\n<p>V\u0259kil Nem\u0259t K\u0259rimli \u00f6z &#8220;Facebook&#8221; s\u0259hif\u0259sind\u0259 amerikal\u0131 diplomatla Az\u0259rbaycandak\u0131 insan h\u00fcquqlar\u0131n\u0131n v\u0259ziyy\u0259tini, se\u00e7ki qanunvericiliyini v\u0259 &#8220;T\u0259rt\u0259r hadis\u0259l\u0259ri&#8221;ni geni\u015f m\u00fczakir\u0259 etdikl\u0259rini <a href=\"https:\/\/www.facebook.com\/nemat.karimli\/posts\/pfbid0r4yhiTcoPtLXNgGatNBwqqi2PpQGkN5trp5VsfuqNJEdv9Kjd4yMr4PJyyDUJ4YZl\" target=\"_blank\" rel=\"noreferrer noopener\">yaz\u0131b<\/a>.<\/p>\n\n\n\n<p>&#8220;Xan\u0131m Makdonald bir daha Bayden admistirasiyas\u0131 \u00fc\u00e7\u00fcn insan h\u00fcquqlar\u0131n\u0131n, demokratiyan\u0131n prioritet oldu\u011funu x\u00fcsusi vur\u011fulad\u0131. \u00dcmumi fikir ondan ibar\u0259t oldu ki, Az\u0259rbaycanda \u0259n \u0259sas m\u0259s\u0259l\u0259l\u0259rd\u0259n biri olan se\u00e7ki azadl\u0131\u011f\u0131 yoxdur. \u018fg\u0259r bu problem h\u0259ll olunarsa, dig\u0259r m\u0259s\u0259l\u0259l\u0259r zamanla h\u0259llini tapacaq. M\u0259n d\u0259 hakimiyy\u0259tin azad se\u00e7ki ke\u00e7irtm\u0259k h\u0259v\u0259sind\u0259 olmad\u0131\u011f\u0131n\u0131 s\u00f6yl\u0259dim&#8221;, &#8211; dey\u0259 K\u0259rimli qeyd edib.<\/p>\n\n\n\n<p>Nem\u0259t K\u0259rimli g\u00f6r\u00fc\u015fd\u0259 v\u0259killiyin probleml\u0259rinin d\u0259 m\u00fczakir\u0259 edildiyini deyib.<\/p>\n\n\n\n<p>\u0130yunun 13-d\u0259 is\u0259 Kara Makdonald &#8220;Ayna-Zerkalo&#8221; n\u0259\u015frinin redaktoru El\u00e7in \u015e\u0131xl\u0131yla, m\u00fcst\u0259qil jurnalist Ayt\u0259n M\u0259mm\u0259dovla v\u0259 &#8220;Turan&#8221; \u0130nformasiya Agentliyinin direktoru Mehman \u018fliyevl\u0259 g\u00f6r\u00fc\u015f\u00fcb.<\/p>\n\n\n\n<p>Bu bar\u0259d\u0259 Meydan TV-y\u0259 dan\u0131\u015fan A.M\u0259mm\u0259dova deyib ki, Kara Makdonaldla 2 saatl\u0131q s\u00f6hb\u0259td\u0259 s\u00f6z v\u0259 ifad\u0259 azadl\u0131\u011f\u0131 il\u0259 ba\u011fl\u0131 probleml\u0259ri m\u00fczakir\u0259 olunub: <\/p>\n\n\n\n<p>&#8220;\u018fsas\u0259n m\u00fcasir jurnalistikan\u0131n probleml\u0259ri haqq\u0131nda fikir m\u00fcbadil\u0259si apard\u0131q&#8221;.<\/p>\n\n\n\n<p>S\u0259firlik Kara Makdonald\u0131n 13-15 iyun tarixl\u0259rind\u0259 Az\u0259rbaycanda olaca\u011f\u0131n\u0131 <a href=\"https:\/\/www.meydan.tv\/az\/article\/abs-azerbaycanda-demokratik-prosesleri-desteklediyini-deyir\/\" target=\"_blank\" rel=\"noreferrer noopener\">a\u00e7\u0131qlay\u0131b<\/a>.<\/p>\n","protected":false},"excerpt":{"rendered":"<p>Nem\u0259t K\u0259rimli: &#8220;\u00dcmumi fikir bu oldu ki, Az\u0259rbaycanda azad se\u00e7ki &#8230; <\/p>\n<p class=\"read-more-container\"><a title=\"AB\u015e r\u0259smisi Az\u0259rbaycanda v\u0259kil v\u0259 jurnalistl\u0259rl\u0259 g\u00f6r\u00fc\u015f\u00fcb\" class=\"read-more button\" href=\"https:\/\/www.meydan.tv\/az\/article\/abs-resmisi-azerbaycanda-vekil-ve-jurnalistlerle-gorusub\/#more-248288\" aria-label=\"Read more about AB\u015e r\u0259smisi Az\u0259rbaycanda v\u0259kil v\u0259 jurnalistl\u0259rl\u0259 g\u00f6r\u00fc\u015f\u00fcb\">Davam\u0131<\/a><\/p>\n","protected":false},"author":8,"featured_media":248285,"comment_status":"closed","ping_status":"closed","sticky":false,"template":"","format":"standard","meta":{"_acf_changed":false,"_sitemap_exclude":false,"_sitemap_priority":"","_sitemap_frequency":"","footnotes":""},"categories":[56],"tags":[],"class_list":["post-248288","post","type-post","status-publish","format-standard","has-post-thumbnail","hentry","category-xeberler","infinite-scroll-item","generate-columns","tablet-grid-50","mobile-grid-100","grid-parent","grid-33","no-featured-image-padding"],"acf":[],"yoast_head":"<!-- This site is optimized with the Yoast SEO plugin v27.5 - https:\/\/yoast.com\/product\/yoast-seo-wordpress\/ -->\n<title>AB\u015e r\u0259smisi Az\u0259rbaycanda v\u0259kil v\u0259 jurnalistl\u0259rl\u0259 g\u00f6r\u00fc\u015f\u00fcb - MEYDAN.TV<\/title>\n<meta name=\"robots\" content=\"index, follow, max-snippet:-1, max-image-preview:large, max-video-preview:-1\" \/>\n<link rel=\"canonical\" href=\"https:\/\/www.meydan.tv\/az\/article\/abs-resmisi-azerbaycanda-vekil-ve-jurnalistlerle-gorusub\/\" \/>\n<meta property=\"og:locale\" content=\"az_AZ\" \/>\n<meta property=\"og:type\" content=\"article\" \/>\n<meta property=\"og:title\" content=\"AB\u015e r\u0259smisi Az\u0259rbaycanda v\u0259kil v\u0259 jurnalistl\u0259rl\u0259 g\u00f6r\u00fc\u015f\u00fcb - MEYDAN.TV\" \/>\n<meta property=\"og:description\" content=\"Nem\u0259t K\u0259rimli: &#8220;\u00dcmumi fikir bu oldu ki, Az\u0259rbaycanda azad se\u00e7ki ... Davam\u0131\" \/>\n<meta property=\"og:url\" content=\"https:\/\/www.meydan.tv\/az\/article\/abs-resmisi-azerbaycanda-vekil-ve-jurnalistlerle-gorusub\/\" \/>\n<meta property=\"og:site_name\" content=\"MEYDAN.TV\" \/>\n<meta property=\"article:published_time\" content=\"2022-06-14T12:48:34+00:00\" \/>\n<meta property=\"article:modified_time\" content=\"2022-06-14T12:48:36+00:00\" \/>\n<meta property=\"og:image\" content=\"https:\/\/www.meydan.tv\/wp-content\/uploads\/untitled-design-3-26.jpg\" \/>\n\t<meta property=\"og:image:width\" content=\"1200\" \/>\n\t<meta property=\"og:image:height\" content=\"800\" \/>\n\t<meta property=\"og:image:type\" content=\"image\/jpeg\" \/>\n<meta name=\"author\" content=\"elli\" \/>\n<meta name=\"twitter:card\" content=\"summary_large_image\" \/>\n<meta name=\"twitter:creator\" content=\"@elli\" \/>\n<script type=\"application\/ld+json\" class=\"yoast-schema-graph\">{\"@context\":\"https:\\\/\\\/schema.org\",\"@graph\":[{\"@type\":\"Article\",\"@id\":\"https:\\\/\\\/www.meydan.tv\\\/az\\\/article\\\/abs-resmisi-azerbaycanda-vekil-ve-jurnalistlerle-gorusub\\\/#article\",\"isPartOf\":{\"@id\":\"https:\\\/\\\/www.meydan.tv\\\/az\\\/article\\\/abs-resmisi-azerbaycanda-vekil-ve-jurnalistlerle-gorusub\\\/\"},\"author\":{\"name\":\"elli\",\"@id\":\"https:\\\/\\\/www.meydan.tv\\\/az\\\/#\\\/schema\\\/person\\\/9cdbecf90d17180ce1dfbd95b08dcf47\"},\"headline\":\"AB\u015e r\u0259smisi Az\u0259rbaycanda v\u0259kil v\u0259 jurnalistl\u0259rl\u0259 g\u00f6r\u00fc\u015f\u00fcb\",\"datePublished\":\"2022-06-14T12:48:34+00:00\",\"dateModified\":\"2022-06-14T12:48:36+00:00\",\"mainEntityOfPage\":{\"@id\":\"https:\\\/\\\/www.meydan.tv\\\/az\\\/article\\\/abs-resmisi-azerbaycanda-vekil-ve-jurnalistlerle-gorusub\\\/\"},\"wordCount\":317,\"publisher\":{\"@id\":\"https:\\\/\\\/www.meydan.tv\\\/az\\\/#organization\"},\"image\":{\"@id\":\"https:\\\/\\\/www.meydan.tv\\\/az\\\/article\\\/abs-resmisi-azerbaycanda-vekil-ve-jurnalistlerle-gorusub\\\/#primaryimage\"},\"thumbnailUrl\":\"https:\\\/\\\/www.meydan.tv\\\/wp-content\\\/uploads\\\/untitled-design-3-26.jpg\",\"articleSection\":[\"X\u0259b\u0259rl\u0259r\"],\"inLanguage\":\"az\"},{\"@type\":\"WebPage\",\"@id\":\"https:\\\/\\\/www.meydan.tv\\\/az\\\/article\\\/abs-resmisi-azerbaycanda-vekil-ve-jurnalistlerle-gorusub\\\/\",\"url\":\"https:\\\/\\\/www.meydan.tv\\\/az\\\/article\\\/abs-resmisi-azerbaycanda-vekil-ve-jurnalistlerle-gorusub\\\/\",\"name\":\"AB\u015e r\u0259smisi Az\u0259rbaycanda v\u0259kil v\u0259 jurnalistl\u0259rl\u0259 g\u00f6r\u00fc\u015f\u00fcb - MEYDAN.TV\",\"isPartOf\":{\"@id\":\"https:\\\/\\\/www.meydan.tv\\\/az\\\/#website\"},\"primaryImageOfPage\":{\"@id\":\"https:\\\/\\\/www.meydan.tv\\\/az\\\/article\\\/abs-resmisi-azerbaycanda-vekil-ve-jurnalistlerle-gorusub\\\/#primaryimage\"},\"image\":{\"@id\":\"https:\\\/\\\/www.meydan.tv\\\/az\\\/article\\\/abs-resmisi-azerbaycanda-vekil-ve-jurnalistlerle-gorusub\\\/#primaryimage\"},\"thumbnailUrl\":\"https:\\\/\\\/www.meydan.tv\\\/wp-content\\\/uploads\\\/untitled-design-3-26.jpg\",\"datePublished\":\"2022-06-14T12:48:34+00:00\",\"dateModified\":\"2022-06-14T12:48:36+00:00\",\"breadcrumb\":{\"@id\":\"https:\\\/\\\/www.meydan.tv\\\/az\\\/article\\\/abs-resmisi-azerbaycanda-vekil-ve-jurnalistlerle-gorusub\\\/#breadcrumb\"},\"inLanguage\":\"az\",\"potentialAction\":[{\"@type\":\"ReadAction\",\"target\":[\"https:\\\/\\\/www.meydan.tv\\\/az\\\/article\\\/abs-resmisi-azerbaycanda-vekil-ve-jurnalistlerle-gorusub\\\/\"]}]},{\"@type\":\"ImageObject\",\"inLanguage\":\"az\",\"@id\":\"https:\\\/\\\/www.meydan.tv\\\/az\\\/article\\\/abs-resmisi-azerbaycanda-vekil-ve-jurnalistlerle-gorusub\\\/#primaryimage\",\"url\":\"https:\\\/\\\/www.meydan.tv\\\/wp-content\\\/uploads\\\/untitled-design-3-26.jpg\",\"contentUrl\":\"https:\\\/\\\/www.meydan.tv\\\/wp-content\\\/uploads\\\/untitled-design-3-26.jpg\",\"width\":1200,\"height\":800,\"caption\":\"M\u0259nb\u0259: \\\"Facebook\\\"\"},{\"@type\":\"BreadcrumbList\",\"@id\":\"https:\\\/\\\/www.meydan.tv\\\/az\\\/article\\\/abs-resmisi-azerbaycanda-vekil-ve-jurnalistlerle-gorusub\\\/#breadcrumb\",\"itemListElement\":[{\"@type\":\"ListItem\",\"position\":1,\"name\":\"Ana s\u0259hif\u0259\",\"item\":\"https:\\\/\\\/www.meydan.tv\\\/az\\\/\"},{\"@type\":\"ListItem\",\"position\":2,\"name\":\"X\u0259b\u0259rl\u0259r\",\"item\":\"https:\\\/\\\/www.meydan.tv\\\/az\\\/section\\\/xeberler\\\/\"},{\"@type\":\"ListItem\",\"position\":3,\"name\":\"AB\u015e r\u0259smisi Az\u0259rbaycanda v\u0259kil v\u0259 jurnalistl\u0259rl\u0259 g\u00f6r\u00fc\u015f\u00fcb\"}]},{\"@type\":\"WebSite\",\"@id\":\"https:\\\/\\\/www.meydan.tv\\\/az\\\/#website\",\"url\":\"https:\\\/\\\/www.meydan.tv\\\/az\\\/\",\"name\":\"MEYDAN.TV\",\"description\":\"Meydan TV Az\u0259rbaycan\u0131n media m\u0259kan\u0131ndak\u0131 alternativ s\u0259sidir\",\"publisher\":{\"@id\":\"https:\\\/\\\/www.meydan.tv\\\/az\\\/#organization\"},\"potentialAction\":[{\"@type\":\"SearchAction\",\"target\":{\"@type\":\"EntryPoint\",\"urlTemplate\":\"https:\\\/\\\/www.meydan.tv\\\/az\\\/?s={search_term_string}\"},\"query-input\":{\"@type\":\"PropertyValueSpecification\",\"valueRequired\":true,\"valueName\":\"search_term_string\"}}],\"inLanguage\":\"az\"},{\"@type\":\"Organization\",\"@id\":\"https:\\\/\\\/www.meydan.tv\\\/az\\\/#organization\",\"name\":\"Meydan TV\",\"url\":\"https:\\\/\\\/www.meydan.tv\\\/az\\\/\",\"logo\":{\"@type\":\"ImageObject\",\"inLanguage\":\"az\",\"@id\":\"https:\\\/\\\/www.meydan.tv\\\/az\\\/#\\\/schema\\\/logo\\\/image\\\/\",\"url\":\"https:\\\/\\\/www.meydan.tv\\\/wp-content\\\/uploads\\\/2021\\\/07\\\/meydan-logo.svg\",\"contentUrl\":\"https:\\\/\\\/www.meydan.tv\\\/wp-content\\\/uploads\\\/2021\\\/07\\\/meydan-logo.svg\",\"width\":195,\"height\":46,\"caption\":\"Meydan TV\"},\"image\":{\"@id\":\"https:\\\/\\\/www.meydan.tv\\\/az\\\/#\\\/schema\\\/logo\\\/image\\\/\"}},{\"@type\":\"Person\",\"@id\":\"https:\\\/\\\/www.meydan.tv\\\/az\\\/#\\\/schema\\\/person\\\/9cdbecf90d17180ce1dfbd95b08dcf47\",\"name\":\"elli\",\"sameAs\":[\"https:\\\/\\\/x.com\\\/elli\"]}]}<\/script>\n<!-- \/ Yoast SEO plugin. -->","yoast_head_json":{"title":"AB\u015e r\u0259smisi Az\u0259rbaycanda v\u0259kil v\u0259 jurnalistl\u0259rl\u0259 g\u00f6r\u00fc\u015f\u00fcb - MEYDAN.TV","robots":{"index":"index","follow":"follow","max-snippet":"max-snippet:-1","max-image-preview":"max-image-preview:large","max-video-preview":"max-video-preview:-1"},"canonical":"https:\/\/www.meydan.tv\/az\/article\/abs-resmisi-azerbaycanda-vekil-ve-jurnalistlerle-gorusub\/","og_locale":"az_AZ","og_type":"article","og_title":"AB\u015e r\u0259smisi Az\u0259rbaycanda v\u0259kil v\u0259 jurnalistl\u0259rl\u0259 g\u00f6r\u00fc\u015f\u00fcb - MEYDAN.TV","og_description":"Nem\u0259t K\u0259rimli: &#8220;\u00dcmumi fikir bu oldu ki, Az\u0259rbaycanda azad se\u00e7ki ... Davam\u0131","og_url":"https:\/\/www.meydan.tv\/az\/article\/abs-resmisi-azerbaycanda-vekil-ve-jurnalistlerle-gorusub\/","og_site_name":"MEYDAN.TV","article_published_time":"2022-06-14T12:48:34+00:00","article_modified_time":"2022-06-14T12:48:36+00:00","og_image":[{"width":1200,"height":800,"url":"https:\/\/www.meydan.tv\/wp-content\/uploads\/untitled-design-3-26.jpg","type":"image\/jpeg"}],"author":"elli","twitter_card":"summary_large_image","twitter_creator":"@elli","schema":{"@context":"https:\/\/schema.org","@graph":[{"@type":"Article","@id":"https:\/\/www.meydan.tv\/az\/article\/abs-resmisi-azerbaycanda-vekil-ve-jurnalistlerle-gorusub\/#article","isPartOf":{"@id":"https:\/\/www.meydan.tv\/az\/article\/abs-resmisi-azerbaycanda-vekil-ve-jurnalistlerle-gorusub\/"},"author":{"name":"elli","@id":"https:\/\/www.meydan.tv\/az\/#\/schema\/person\/9cdbecf90d17180ce1dfbd95b08dcf47"},"headline":"AB\u015e r\u0259smisi Az\u0259rbaycanda v\u0259kil v\u0259 jurnalistl\u0259rl\u0259 g\u00f6r\u00fc\u015f\u00fcb","datePublished":"2022-06-14T12:48:34+00:00","dateModified":"2022-06-14T12:48:36+00:00","mainEntityOfPage":{"@id":"https:\/\/www.meydan.tv\/az\/article\/abs-resmisi-azerbaycanda-vekil-ve-jurnalistlerle-gorusub\/"},"wordCount":317,"publisher":{"@id":"https:\/\/www.meydan.tv\/az\/#organization"},"image":{"@id":"https:\/\/www.meydan.tv\/az\/article\/abs-resmisi-azerbaycanda-vekil-ve-jurnalistlerle-gorusub\/#primaryimage"},"thumbnailUrl":"https:\/\/www.meydan.tv\/wp-content\/uploads\/untitled-design-3-26.jpg","articleSection":["X\u0259b\u0259rl\u0259r"],"inLanguage":"az"},{"@type":"WebPage","@id":"https:\/\/www.meydan.tv\/az\/article\/abs-resmisi-azerbaycanda-vekil-ve-jurnalistlerle-gorusub\/","url":"https:\/\/www.meydan.tv\/az\/article\/abs-resmisi-azerbaycanda-vekil-ve-jurnalistlerle-gorusub\/","name":"AB\u015e r\u0259smisi Az\u0259rbaycanda v\u0259kil v\u0259 jurnalistl\u0259rl\u0259 g\u00f6r\u00fc\u015f\u00fcb - MEYDAN.TV","isPartOf":{"@id":"https:\/\/www.meydan.tv\/az\/#website"},"primaryImageOfPage":{"@id":"https:\/\/www.meydan.tv\/az\/article\/abs-resmisi-azerbaycanda-vekil-ve-jurnalistlerle-gorusub\/#primaryimage"},"image":{"@id":"https:\/\/www.meydan.tv\/az\/article\/abs-resmisi-azerbaycanda-vekil-ve-jurnalistlerle-gorusub\/#primaryimage"},"thumbnailUrl":"https:\/\/www.meydan.tv\/wp-content\/uploads\/untitled-design-3-26.jpg","datePublished":"2022-06-14T12:48:34+00:00","dateModified":"2022-06-14T12:48:36+00:00","breadcrumb":{"@id":"https:\/\/www.meydan.tv\/az\/article\/abs-resmisi-azerbaycanda-vekil-ve-jurnalistlerle-gorusub\/#breadcrumb"},"inLanguage":"az","potentialAction":[{"@type":"ReadAction","target":["https:\/\/www.meydan.tv\/az\/article\/abs-resmisi-azerbaycanda-vekil-ve-jurnalistlerle-gorusub\/"]}]},{"@type":"ImageObject","inLanguage":"az","@id":"https:\/\/www.meydan.tv\/az\/article\/abs-resmisi-azerbaycanda-vekil-ve-jurnalistlerle-gorusub\/#primaryimage","url":"https:\/\/www.meydan.tv\/wp-content\/uploads\/untitled-design-3-26.jpg","contentUrl":"https:\/\/www.meydan.tv\/wp-content\/uploads\/untitled-design-3-26.jpg","width":1200,"height":800,"caption":"M\u0259nb\u0259: \"Facebook\""},{"@type":"BreadcrumbList","@id":"https:\/\/www.meydan.tv\/az\/article\/abs-resmisi-azerbaycanda-vekil-ve-jurnalistlerle-gorusub\/#breadcrumb","itemListElement":[{"@type":"ListItem","position":1,"name":"Ana s\u0259hif\u0259","item":"https:\/\/www.meydan.tv\/az\/"},{"@type":"ListItem","position":2,"name":"X\u0259b\u0259rl\u0259r","item":"https:\/\/www.meydan.tv\/az\/section\/xeberler\/"},{"@type":"ListItem","position":3,"name":"AB\u015e r\u0259smisi Az\u0259rbaycanda v\u0259kil v\u0259 jurnalistl\u0259rl\u0259 g\u00f6r\u00fc\u015f\u00fcb"}]},{"@type":"WebSite","@id":"https:\/\/www.meydan.tv\/az\/#website","url":"https:\/\/www.meydan.tv\/az\/","name":"MEYDAN.TV","description":"Meydan TV Az\u0259rbaycan\u0131n media m\u0259kan\u0131ndak\u0131 alternativ s\u0259sidir","publisher":{"@id":"https:\/\/www.meydan.tv\/az\/#organization"},"potentialAction":[{"@type":"SearchAction","target":{"@type":"EntryPoint","urlTemplate":"https:\/\/www.meydan.tv\/az\/?s={search_term_string}"},"query-input":{"@type":"PropertyValueSpecification","valueRequired":true,"valueName":"search_term_string"}}],"inLanguage":"az"},{"@type":"Organization","@id":"https:\/\/www.meydan.tv\/az\/#organization","name":"Meydan TV","url":"https:\/\/www.meydan.tv\/az\/","logo":{"@type":"ImageObject","inLanguage":"az","@id":"https:\/\/www.meydan.tv\/az\/#\/schema\/logo\/image\/","url":"https:\/\/www.meydan.tv\/wp-content\/uploads\/2021\/07\/meydan-logo.svg","contentUrl":"https:\/\/www.meydan.tv\/wp-content\/uploads\/2021\/07\/meydan-logo.svg","width":195,"height":46,"caption":"Meydan TV"},"image":{"@id":"https:\/\/www.meydan.tv\/az\/#\/schema\/logo\/image\/"}},{"@type":"Person","@id":"https:\/\/www.meydan.tv\/az\/#\/schema\/person\/9cdbecf90d17180ce1dfbd95b08dcf47","name":"elli","sameAs":["https:\/\/x.com\/elli"]}]}},"_links":{"self":[{"href":"https:\/\/www.meydan.tv\/az\/wp-json\/wp\/v2\/posts\/248288","targetHints":{"allow":["GET"]}}],"collection":[{"href":"https:\/\/www.meydan.tv\/az\/wp-json\/wp\/v2\/posts"}],"about":[{"href":"https:\/\/www.meydan.tv\/az\/wp-json\/wp\/v2\/types\/post"}],"author":[{"embeddable":true,"href":"https:\/\/www.meydan.tv\/az\/wp-json\/wp\/v2\/users\/8"}],"replies":[{"embeddable":true,"href":"https:\/\/www.meydan.tv\/az\/wp-json\/wp\/v2\/comments?post=248288"}],"version-history":[{"count":2,"href":"https:\/\/www.meydan.tv\/az\/wp-json\/wp\/v2\/posts\/248288\/revisions"}],"predecessor-version":[{"id":248291,"href":"https:\/\/www.meydan.tv\/az\/wp-json\/wp\/v2\/posts\/248288\/revisions\/248291"}],"wp:featuredmedia":[{"embeddable":true,"href":"https:\/\/www.meydan.tv\/az\/wp-json\/wp\/v2\/media\/248285"}],"wp:attachment":[{"href":"https:\/\/www.meydan.tv\/az\/wp-json\/wp\/v2\/media?parent=248288"}],"wp:term":[{"taxonomy":"category","embeddable":true,"href":"https:\/\/www.meydan.tv\/az\/wp-json\/wp\/v2\/categories?post=248288"},{"taxonomy":"post_tag","embeddable":true,"href":"https:\/\/www.meydan.tv\/az\/wp-json\/wp\/v2\/tags?post=248288"}],"curies":[{"name":"wp","href":"https:\/\/api.w.org\/{rel}","templated":true}]}}