{"id":248265,"date":"2022-06-14T14:51:55","date_gmt":"2022-06-14T10:51:55","guid":{"rendered":"https:\/\/www.meydan.tv\/?p=248265"},"modified":"2022-06-20T13:50:09","modified_gmt":"2022-06-20T09:50:09","slug":"polis-dedi-ki-siz-gedin-reis-muavinini-gorun-elindeki-biabirci-goruntuleri-yaymasin","status":"publish","type":"post","link":"https:\/\/www.meydan.tv\/az\/article\/polis-dedi-ki-siz-gedin-reis-muavinini-gorun-elindeki-biabirci-goruntuleri-yaymasin\/","title":{"rendered":"\u201cPolis dedi ki, siz gedin r\u0259is m\u00fcavinini \u201cg\u00f6r\u00fcn\u201d, \u0259lind\u0259ki biab\u0131r\u00e7\u0131 g\u00f6r\u00fcnt\u00fcl\u0259ri yaymas\u0131n\u201d"},"content":{"rendered":"\n<p><\/p>\n\n\n\n<p><em>\u015e\u0259mkird\u0259ki m\u00fc\u0259mmal\u0131 \u00f6l\u00fcm hadis\u0259si \u2013 \u00f6l\u0259nin ail\u0259si polisi g\u00fcnahland\u0131r\u0131r<\/em><\/p>\n\n\n\n<p>\u201cArzu reanimasiyada idi, he\u00e7 k\u0259s g\u00f6zl\u0259mirdi ki, o, \u00f6l\u0259r. He\u00e7 polisl\u0259r d\u0259 bunu g\u00f6zl\u0259mirdi. Etibar adl\u0131 polis i\u015f\u00e7isi x\u0259st\u0259xanada qohumlar\u0131ma demi\u015fdi ki, bu (Arzu) burdan \u00e7\u0131xacaq, ona g\u00f6r\u0259 narahat olmay\u0131n, \u0259sas odur ki, siz gedin Bayram\u0131 (polis r\u0259isinin m\u00fcavini) \u201cg\u00f6r\u00fcn\u201d, \u0259lind\u0259ki biab\u0131r\u00e7\u0131 g\u00f6r\u00fcnt\u00fcl\u0259r yay\u0131lmas\u0131n\u201d.<\/p>\n\n\n\n<p>May\u0131n 7-d\u0259 \u015e\u0259mkir sakini Arzu Cabbarov rayonun m\u0259rk\u0259zi x\u0259st\u0259xanas\u0131nda v\u0259fat edib. O, x\u0259st\u0259xanaya polisl\u0259r t\u0259r\u0259find\u0259n qolundak\u0131 k\u0259sikl\u0259rl\u0259 g\u0259tirilib. X\u0259st\u0259xanaya g\u0259tiril\u0259rk\u0259n yolda yax\u0131n qohumlar\u0131na s\u0259sli mesaj g\u00f6nd\u0259rib &#8211; \u201cm\u0259ni do\u011frad\u0131lar, qolumu k\u0259sdil\u0259r, x\u0259st\u0259xanaya apar\u0131rlar, tez \u00f6z\u00fcn\u00fcz\u00fc \u00e7atd\u0131r\u0131n\u201d. Bu s\u0259s qohumlar t\u0259r\u0259find\u0259n sosial \u015f\u0259b\u0259k\u0259l\u0259rd\u0259 yay\u0131ld\u0131qdan bir saat sonra Daxili \u0130\u015fl\u0259r Nazirliyi m\u0259lumat yaym\u0131\u015fd\u0131 ki, Arzu Cabbarov tan\u0131\u015f\u0131 olan bir qad\u0131n\u0131n evind\u0259 onunla m\u00fcbahis\u0259 ed\u0259rk\u0259n \u015f\u00fc\u015f\u0259ni s\u0131nd\u0131r\u0131b v\u0259 \u00f6z qolunu k\u0259sm\u0259kl\u0259 intihar edib. Ancaq Cabbarovun ail\u0259si v\u0259 yax\u0131n qohumlar\u0131 onun polisl\u0259r t\u0259r\u0259find\u0259n \u015fantaj olundu\u011funu bildirirl\u0259r, \u00f6l\u00fcm\u00fcn\u0259 s\u0259b\u0259bkar kimi polisl\u0259ri g\u00f6r\u00fcrl\u0259r.<\/p>\n\n\n\n<p>Bu g\u00fcnl\u0259rd\u0259s\u0259 Arzu Cabbarovun h\u0259yat yolda\u015f\u0131 Z\u0259min\u0259 \u018fhm\u0259dova Meydan TV-y\u0259 m\u00fcraci\u0259t ed\u0259r\u0259k ba\u015f ver\u0259nl\u0259rin t\u0259f\u0259rr\u00fcatlar\u0131 bar\u0259d\u0259 dan\u0131\u015fmaq ist\u0259diyini bildirib.<\/p>\n\n\n\n<p>54 ya\u015fl\u0131 Arzu Cabbarov 2005-ci ild\u0259n \u015e\u0259mkird\u0259 sahibkarl\u0131q f\u0259aliyy\u0259tiyl\u0259 m\u0259\u015f\u011ful olma\u011fa ba\u015flay\u0131b. Onun tikinti materiallar\u0131 ma\u011fazalar\u0131 v\u0259 meyv\u0259-t\u0259r\u0259v\u0259z t\u0259s\u0259rr\u00fcfat\u0131 olub.<\/p>\n\n\n\n<p>Z\u0259min\u0259 xan\u0131m dan\u0131\u015f\u0131r ki, \u0259slnd\u0259 Arzu Cabbarovun polisl\u0259 probleml\u0259ri son vaxtlar\u0131n m\u0259s\u0259l\u0259si olmay\u0131b. Deyir, uzun m\u00fcdd\u0259t imi\u015f ki, sahibkar polisl\u0259r t\u0259r\u0259find\u0259n izl\u0259nilir, \u0259ng\u0259ll\u0259rl\u0259 qar\u015f\u0131la\u015f\u0131rm\u0131\u015f:<\/p>\n\n\n\n<p>\u201cNe\u00e7\u0259 il idi ki, Arzunu Bayram adl\u0131 polis i\u015f\u00e7isi qaralam\u0131\u015fd\u0131. O vaxt Bayram PPX-n\u0131n s\u0259hv etmir\u0259ms\u0259 r\u0259isi idi. \u015e\u00f6b\u0259nin polisl\u0259rind\u0259n ibar\u0259t bir d\u0259st\u0259 d\u00fcz\u0259tmi\u015fdi, rayondak\u0131 sahibkarlar\u0131 s\u0131x\u0131\u015fd\u0131r\u0131r, \u015fantaj edir, pul qopar\u0131rd\u0131. Sahibkarlar da el i\u00e7ind\u0259 r\u00fcsvay olmamaq \u00fc\u00e7\u00fcn m\u0259cbur olub pul verirdil\u0259r. O Bayram h\u0259yat yolda\u015f\u0131mdan da \u0259l \u00e7\u0259kmirdi, s\u0131x\u0131\u015fd\u0131r\u0131rd\u0131. Tez-tez ma\u015f\u0131n\u0131n\u0131 saxlay\u0131b yoxlay\u0131rd\u0131 v\u0259 sair\u2026 O vaxt Arzu cana y\u0131\u011f\u0131l\u0131b Prezident\u0259, Ba\u015f prokurora, daxli i\u015fl\u0259r nazirin\u0259 \u015fikay\u0259t yazm\u0131\u015fd\u0131. Ondan sonra Bayram\u0131 \u015f\u00f6b\u0259d\u0259n uzaqla\u015fd\u0131r\u0131b rayonda K\u0259m\u0259r deyil\u0259n \u0259raziy\u0259 g\u00f6nd\u0259rdl\u0259r. Arzuya da dedil\u0259r ki, daha getdi, \u015fikay\u0259tl\u0259rini davam etdirm\u0259. Bir m\u00fcdd\u0259t ke\u00e7di, bir d\u0259 e\u015fitdik ki, Bayram rayona polis \u015f\u00f6b\u0259sinin r\u0259is m\u00fcavini kimi qay\u0131d\u0131b. Arzunu da h\u0259d\u0259l\u0259mi\u015fdi ki, daha g\u0259ldim, s\u0259n\u0259 bu rayonda g\u00fcn-g\u00fcz\u0259ran olmayacaq\u201d.<\/p>\n\n\n\n<p>Z\u0259min\u0259 xan\u0131m deyir, h\u0259yat yolda\u015f\u0131n\u0131n polisl\u0259r t\u0259r\u0259find\u0259n t\u0259qib olunmas\u0131n\u0131n \u015f\u0259xs\u0259n \u015fahid olub:<\/p>\n\n\n\n<p>\u201cBir d\u0259 g\u00f6r\u00fcrd\u00fcn ail\u0259vi getdiymiz yerd\u0259 Bayram d\u0259st\u0259siyl\u0259 ma\u015f\u0131n\u0131m\u0131z\u0131n arxas\u0131yca d\u00fc\u015f\u00fcrd\u00fc, q\u0259sd\u0259n q\u0259za v\u0259ziyy\u0259tl\u0259ri yarad\u0131rd\u0131. B\u00fct\u00fcn g\u00fcn\u00fc Arzunun ma\u015f\u0131n\u0131n arxas\u0131nca d\u00fc\u015f\u00fcrd\u00fc, tez-tez ma\u015f\u0131n\u0131 saxlay\u0131b Arzunu yoxlay\u0131rd\u0131 ki, bird\u0259n i\u00e7kili olar, bird\u0259n yan\u0131nda fahi\u015f\u0259 olar, bird\u0259n yol h\u0259r\u0259k\u0259ti qaydas\u0131n\u0131 pozar\u2026 Ham\u0131s\u0131 da Arzunu \u00f6z\u00fcnd\u0259n \u00e7\u0131xartmaq \u00fc\u00e7\u00fcn idi. Arzu deyirdi ki, bu adam \u00f6z do\u011fma rayonumda m\u0259n\u0259 asud\u0259 n\u0259f\u0259s alma\u011fa imkan vermir, m\u0259n bundan \u015fikay\u0259t etdim, bunu g\u0259tirib r\u0259is m\u00fcavini qoydular, bu, daha da az\u011f\u0131nla\u015fd\u0131\u201d.<\/p>\n\n\n\n<p>Z\u0259min\u0259 xan\u0131m dan\u0131\u015f\u0131r ki, may\u0131n 7-d\u0259 g\u00fcnorta saatlar\u0131nda Arzu i\u015fd\u0259n ev\u0259 g\u0259lib, evd\u0259 oldu\u011fu zaman telefonuna z\u0259ng g\u0259lib, telefonda kiminl\u0259s\u0259 \u0259s\u0259bi t\u0259rzd\u0259 dan\u0131\u015f\u0131b. Saat 4-d\u0259n sonra evd\u0259n \u00e7\u0131x\u0131b. Saat 6-dan sonra qarda\u015f\u0131 ona z\u0259ng vuraraq Arzunun \u015e\u0259mkir Rayon M\u0259rk\u0259zi X\u0259st\u0259xanas\u0131n\u0131n reanimasiya \u015f\u00f6b\u0259sind\u0259 oldu\u011funu deyib. <\/p>\n\n\n\n<figure class=\"wp-block-image size-full\"><img decoding=\"async\" width=\"1000\" height=\"791\" data-src=\"https:\/\/www.meydan.tv\/wp-content\/uploads\/photo_2022-06-14-17.16.45.jpeg\" alt=\"\" class=\"wp-image-248314 lazyload\" src=\"data:image\/svg+xml;base64,PHN2ZyB3aWR0aD0iMSIgaGVpZ2h0PSIxIiB4bWxucz0iaHR0cDovL3d3dy53My5vcmcvMjAwMC9zdmciPjwvc3ZnPg==\" style=\"--smush-placeholder-width: 1000px; --smush-placeholder-aspect-ratio: 1000\/791;\" \/><figcaption>Arzu Cabbarov. M\u0259nb\u0259: Ail\u0259 albomundan<\/figcaption><\/figure>\n\n\n\n<p>Z\u0259min\u0259 xan\u0131m da \u00f6z\u00fcn\u00fc x\u0259st\u0259xanaya \u00e7atd\u0131r\u0131b. Orda \u00f6yr\u0259nib ki, Arzu x\u0259st\u0259xanaya polis \u015f\u00f6b\u0259sind\u0259n k\u0259skin qanitirm\u0259yl\u0259 g\u0259tirilib, h\u0259tta tibb i\u015f\u00e7il\u0259ri onun \u00fc\u00e7\u00fcn 1 litrd\u0259n \u00e7ox qan veribl\u0259r.<\/p>\n\n\n\n<p>\u201cArzunun \u00f6l\u0259c\u0259yi he\u00e7 kimin a\u011fl\u0131na g\u0259lmirdi. H\u0259tta yer d\u0259 haz\u0131rlam\u0131\u015fd\u0131lar ki, bir azdan reanimasiyadan \u00e7\u0131xacaq. H\u0259min vaxt x\u0259st\u0259xanada olan Etibar adl\u0131 polis i\u015f\u00e7isi qohumlar\u0131ma demi\u015fdi ki, bu sa\u011falacaq, \u0259sas m\u0259s\u0259l\u0259 odur ki, siz gedin Bayram\u0131 \u201cg\u00f6r\u00fcn\u201d, Arzunun biab\u0131r\u00e7\u0131 videolar\u0131 var onda, gedin pul verin, sildirin\u201d.<\/p>\n\n\n\n<p>Ax\u015fam saat 11 rad\u0259l\u0259rind\u0259 q\u0259fl\u0259t\u0259n polisl\u0259r x\u0259st\u0259xanan\u0131n d\u0259hlizin\u0259 dolu\u015fub v\u0259 adamlar\u0131 x\u0259st\u0259xanadan \u00e7\u0131xar\u0131b. Sonra bir ne\u00e7\u0259 yax\u0131n qohumu i\u00e7\u0259ri d\u0259v\u0259t edibl\u0259r. Arzunun \u00f6ld\u00fcy\u00fcn\u00fc deyibl\u0259r, ancaq x\u0259st\u0259xanada sakitliyi qorumaq \u00fc\u00e7\u00fcn adamlar\u0131 x\u0259st\u0259xanadan uzaqla\u015fd\u0131r\u0131b bu x\u0259b\u0259ri ail\u0259y\u0259 evd\u0259 verm\u0259l\u0259rini tap\u015f\u0131r\u0131blar. H\u0259min qohumlar (Z\u0259min\u0259 xan\u0131m\u0131n qarda\u015f\u0131 v\u0259 Arzunun \u0259misi o\u011flanlar\u0131) x\u0259st\u0259xanadan \u00e7\u0131xaraq Arzunun hal\u0131n\u0131n d\u0259yi\u015fdiyini v\u0259 G\u0259nc\u0259y\u0259 g\u00f6t\u00fcr\u00fcl\u0259c\u0259yini bildiribl\u0259r:<\/p>\n\n\n\n<p>\u201cQarda\u015f\u0131mgil dedi ki, gedin ev\u0259, tez Arzu \u00fc\u00e7\u00fcn pal-paltar haz\u0131rlay\u0131n, G\u0259nc\u0259y\u0259 x\u0259st\u0259xanaya apar\u0131rlar. Biz ev\u0259 g\u0259lib Arzu \u00fc\u00e7\u00fcn haz\u0131rl\u0131q g\u00f6rm\u0259y\u0259 ba\u015flad\u0131q. Qarda\u015f\u0131mgil g\u0259lib dedi, Arzu ke\u00e7inib, orda polisl\u0259r dem\u0259y\u0259 qoymad\u0131lar\u201d.<\/p>\n\n\n\n<p>Z\u0259min\u0259 xan\u0131m \u015e\u0259mkir Rayon Prokurorlu\u011funda apar\u0131lan istintaqa iki d\u0259f\u0259 d\u0259v\u0259t olunub, ifad\u0259 verib. Dem\u0259sin\u0259 g\u00f6r\u0259, m\u00fcst\u0259ntiq ona \u00f6z ota\u011f\u0131n\u0131n bir k\u00fcnc\u00fcnd\u0259 olan xal\u00e7an\u0131 g\u00f6st\u0259rib, deyib ki, hadis\u0259 yerind\u0259n g\u00f6t\u00fcr\u00fcl\u00fcb:<\/p>\n\n\n\n<p>\u201cXal\u00e7a al-qan i\u00e7ind\u0259 idi, Arzunun ma\u015f\u0131n\u0131 da qan g\u00f6lm\u0259\u00e7\u0259si idi. Arzunu \u00f6z ma\u015f\u0131n\u0131na oturdub qan\u0131 axa-axa \u0259vv\u0259lc\u0259 polis \u015f\u00f6b\u0259sin\u0259 apar\u0131blar. D\u00f6y\u0259-d\u00f6y\u0259 \u015f\u00f6b\u0259nin binas\u0131na sal\u0131blar, bunu g\u00f6r\u0259nl\u0259r d\u0259 olub. Orda xeyli saxlay\u0131blar, g\u00f6r\u00fcbl\u0259r qan\u0131n\u0131 k\u0259s\u0259 bilmirl\u0259r, ondan sonra x\u0259st\u0259xanaya g\u00f6t\u00fcr\u00fcbl\u0259r. H\u0259min m\u00fcdd\u0259td\u0259 Arzu \u00e7oxlu qan itirib\u201d.<\/p>\n\n\n\n<p>Z\u0259min\u0259 xan\u0131m\u0131n s\u00f6zl\u0259rin\u0259 g\u00f6r\u0259, \u00fcst\u00fcnd\u0259n bir aydan \u00e7ox vaxt ke\u00e7s\u0259 d\u0259, hadis\u0259nin ba\u015f verdiyi \u00fcnvan onlara bildirilmir:<\/p>\n\n\n\n<p>\u201cBirc\u0259 onu bilirik ki, o ev polis \u015f\u00f6b\u0259sinin yax\u0131nl\u0131\u011f\u0131ndad\u0131r. Konkret evi tapa bilmirik. O yer el\u0259 polisl\u0259rin \u00f6zl\u0259rinin saxlad\u0131\u011f\u0131 yuvad\u0131r, \u015fantaj t\u0259l\u0259sidir. \u018fvv\u0259ll\u0259r m\u0259hkum olunmu\u015f Yegan\u0259 adl\u0131 h\u0259min qad\u0131n o evd\u0259 polisl\u0259rl\u0259 \u0259lbir olaraq n\u0259 q\u0259d\u0259r insan\u0131n \u015fantaj videosunu \u00e7\u0259kib, evini y\u0131x\u0131b, h\u0259yat\u0131n\u0131 qarald\u0131b. Yasa bir n\u0259f\u0259r g\u0259lmi\u015fdi, o da imkanl\u0131 biridir, dedi, bir m\u00fcdd\u0259t \u0259vv\u0259l m\u0259ni d\u0259 eyni qaydada \u015fantaj edib pul al\u0131blar. H\u0259tta dedi, hara laz\u0131md\u0131r gedib dem\u0259y\u0259 haz\u0131rd\u0131r. Ancaq sonra dedi ki, rayon yeridir, biab\u0131r olmaq ist\u0259mir dey\u0259, biz\u0259 k\u00f6m\u0259k etm\u0259di. M\u0259nim h\u0259yat yolda\u015f\u0131mdan \u0259vv\u0259l bel\u0259 hadis\u0259l\u0259r \u00e7ox olub rayonda\u2026\u201d.  <\/p>\n\n\n\n<p>Z\u0259min\u0259 xan\u0131m deyir, h\u0259min qad\u0131n rayonda xeyli adam\u0131 i\u015f\u0259 d\u00fcz\u0259ltm\u0259k ad\u0131yla aldad\u0131b, pullar\u0131n\u0131 al\u0131b, sonra da polisi qaba\u011fa verib, h\u0259min adamlar h\u0259d\u0259l\u0259ndikl\u0259ri \u00fc\u00e7\u00fcn he\u00e7 yer\u0259 \u015fikay\u0259t etm\u0259yibl\u0259r, pullar\u0131ndan \u0259l \u00e7\u0259kibl\u0259r.<\/p>\n\n\n\n<p>\u0130yunun 7-d\u0259 Ba\u015f prokuror Kamran \u018fliyev \u015e\u0259mkird\u0259 v\u0259t\u0259nda\u015flar\u0131n q\u0259bulunu ke\u00e7ir\u0259rk\u0259n Z\u0259min\u0259 \u018fhm\u0259dova da q\u0259bulda olub. O, ba\u015f prokurora cinay\u0259t i\u015finin 125-ci madd\u0259siyl\u0259 ba\u015flamas\u0131yla raz\u0131 olmad\u0131\u011f\u0131n\u0131, i\u015fin \u015e\u0259mkir Rayon Prokurorlu\u011fundan al\u0131naraq Ba\u015f Prokurorlu\u011fun A\u011f\u0131r Cinay\u0259tl\u0259r\u0259 Dair \u0130\u015fl\u0259r \u00dczr\u0259 \u0130stintaq \u0130dar\u0259sin\u0259 verilm\u0259sini, polisl\u0259rin cinay\u0259t m\u0259suliyy\u0259tin\u0259 c\u0259lb olunmas\u0131n\u0131 xahi\u015f edib.<\/p>\n\n\n\n<p>Z\u0259min\u0259 xan\u0131m onu da deyir ki, \u0259rinin \u00f6l\u00fcm\u00fcnd\u0259n sonra polis r\u0259isinin d\u0259 q\u0259bulunda olub, ancaq r\u0259is ona bildirib ki, he\u00e7 bir \u015fantaj g\u00f6r\u00fcnt\u00fcs\u00fc olmay\u0131b. Z\u0259min\u0259 xan\u0131msa inanm\u0131r, deyir, Arzu \u00f6ld\u00fcy\u00fc \u00fc\u00e7\u00fcn \u015fantaj plan\u0131 ba\u015f tutmad\u0131qdan sonra, \u00fcst\u0259lik, h\u0259min g\u00f6r\u00fcnt\u00fc \u00fcz\u0259 \u00e7\u0131xarsa, polisl\u0259rin v\u0259ziyy\u0259ti a\u011f\u0131rla\u015facaq dey\u0259, l\u0259\u011fv edibl\u0259r:<\/p>\n\n\n\n<p>\u201c\u018frimin \u00f6l\u00fcm\u00fcnd\u0259 birba\u015fa polisl\u0259r g\u00fcnahkard\u0131r. O, polis \u015f\u00f6b\u0259sind\u0259n x\u0259st\u0259xanaya g\u00f6t\u00fcr\u00fcl\u0259nd\u0259 d\u0259 qohumlara g\u00f6nd\u0259rdiyi s\u0259sli mesajda deyib ki, m\u0259ni do\u011frad\u0131lar. Firuz adl\u0131 polis var, h\u0259min vaxt sa\u011f \u0259li k\u0259silib, niy\u0259? \u00dcmumiyy\u0259tl\u0259, o polis ba\u015fqa \u0259raziy\u0259 bax\u0131r, guya h\u0259min vaxt ordan t\u0259sad\u00fcf\u0259n ke\u00e7irmi\u015f, g\u00f6r\u00fcb \u0259m\u0259liyyat var, polisl\u0259r\u0259 k\u00f6m\u0259k edib. Qad\u0131n \u0259rim\u0259 h\u0259min g\u00fcn 14 d\u0259f\u0259 z\u0259ng edib, \u0259rim cavab verm\u0259yib, n\u0259hay\u0259t, sonuncu z\u0259ngin\u0259 cavab verib, gedib. \u018fg\u0259r qad\u0131nla Arzu aras\u0131nda m\u00fcbahis\u0259 yaranm\u0131\u015fd\u0131sa, niy\u0259 qad\u0131n 102-ni yox, h\u0259min Firuzla Etibar adl\u0131 polisl\u0259r\u0259 y\u0131\u011f\u0131b? \u00c7\u00fcnki onlar\u0131n adam\u0131d\u0131r, \u00e7\u00fcnki planla\u015fd\u0131r\u0131lm\u0131\u015fd\u0131. \u018frimin meyit \u00fcz\u0259rind\u0259 \u00e7oxlu hematomalar var, d\u00f6y\u00fcl\u00fcb. Biz polis \u015f\u00f6b\u0259sinin yax\u0131nl\u0131\u011f\u0131ndak\u0131 kameralara baxmaq ist\u0259dik, m\u0259lum oldu ki, \u0259trafdak\u0131 obyektl\u0259rin \u00fcst\u00fcnd\u0259ki b\u00fct\u00fcn kameralar s\u00f6k\u00fcl\u00fcb. M\u0259n hadis\u0259d\u0259n sonra daxili i\u015fl\u0259r nazirin\u0259 d\u0259 yazm\u0131\u015fd\u0131m. 10 g\u00fcnd\u0259n sonra nazirlikd\u0259n bir n\u00fcmay\u0259nd\u0259 g\u0259ldi, m\u0259n\u0259 ilk s\u00f6z\u00fc d\u0259 bu oldu ki, qad\u0131n \u0259rini d\u00f6y\u00fcb, evd\u0259 s\u00fcr\u00fcy\u00fcb, guya hematomalar ondan yaran\u0131b. Halbuki, m\u0259nim \u0259rimi bir qad\u0131n\u0131n d\u00f6ym\u0259si, s\u00fcr\u00fcm\u0259si \u00e7ox g\u00fcl\u00fcnc s\u0259sl\u0259nir\u201d.<\/p>\n\n\n\n<p>Meydan TV m\u0259s\u0259l\u0259y\u0259 n\u0259 \u015e\u0259mkir Rayon Polis \u015e\u00f6b\u0259sind\u0259n, n\u0259 d\u0259 \u015e\u0259mkir Rayon Prokurorlu\u011fundan m\u00fcnasib\u0259t \u00f6yr\u0259n\u0259 bilib. Prokurorluqdan yaln\u0131z o bildirilib ki, ekspertiza r\u0259yl\u0259ri al\u0131n\u0131b v\u0259 istintaq davam edir. Daxili \u0130\u015fl\u0259r Nazirliyi is\u0259 m\u0259lumat yay\u0131b ki, may\u0131n 7-d\u0259 saat 17:50 rad\u0259l\u0259rind\u0259 \u015e\u0259mkir rayon sakini olan bir qad\u0131n Rayon Polis \u015e\u00f6b\u0259sin\u0259 m\u00fcraci\u0259t ed\u0259r\u0259k tan\u0131\u015f\u0131 Arzu Cabbarov t\u0259r\u0259find\u0259n onu t\u0259hqir olunaraq d\u00f6yd\u00fcy\u00fcn\u00fc bildirib v\u0259 k\u00f6m\u0259k ist\u0259yib. Polis \u0259m\u0259kda\u015flar\u0131 hadis\u0259 yerin\u0259 g\u0259l\u0259rk\u0259n h\u0259min qad\u0131nla Arzu Cabbarovun m\u00fcbahis\u0259ni davam etdirkl\u0259rini g\u00f6r\u00fcbl\u0259r. Arzu Cabbarovla profilaktiki s\u00f6hb\u0259tl\u0259r apararaq onu sakitl\u0259\u015fdirm\u0259y\u0259 \u00e7al\u0131\u015f\u0131blar. Ancaq Arzu Cabbarov evin qap\u0131s\u0131ndak\u0131 p\u0259nc\u0259r\u0259nin \u015f\u00fc\u015f\u0259sini s\u0131nd\u0131raraq sol qolunun dirs\u0259k b\u00fck\u00fcm\u00fcn\u00fc k\u0259sib. Polis \u0259m\u0259kda\u015flar\u0131 onu \u015e\u0259mkir Rayon M\u0259rk\u0259zi X\u0259st\u0259xanas\u0131na \u00e7atd\u0131r\u0131b. Arzu Cabbarov \u0259m\u0259liyyat edils\u0259 d\u0259, \u0259m\u0259liyyatdan az sonra v\u0259fat edib.<\/p>\n","protected":false},"excerpt":{"rendered":"<p>\u015e\u0259mkird\u0259ki m\u00fc\u0259mmal\u0131 \u00f6l\u00fcm hadis\u0259si \u2013 \u00f6l\u0259nin ail\u0259si polisi g\u00fcnahland\u0131r\u0131r \u201cArzu &#8230; <\/p>\n<p class=\"read-more-container\"><a title=\"\u201cPolis dedi ki, siz gedin r\u0259is m\u00fcavinini \u201cg\u00f6r\u00fcn\u201d, \u0259lind\u0259ki biab\u0131r\u00e7\u0131 g\u00f6r\u00fcnt\u00fcl\u0259ri yaymas\u0131n\u201d\" class=\"read-more button\" href=\"https:\/\/www.meydan.tv\/az\/article\/polis-dedi-ki-siz-gedin-reis-muavinini-gorun-elindeki-biabirci-goruntuleri-yaymasin\/#more-248265\" aria-label=\"Read more about \u201cPolis dedi ki, siz gedin r\u0259is m\u00fcavinini \u201cg\u00f6r\u00fcn\u201d, \u0259lind\u0259ki biab\u0131r\u00e7\u0131 g\u00f6r\u00fcnt\u00fcl\u0259ri yaymas\u0131n\u201d\">Davam\u0131<\/a><\/p>\n","protected":false},"author":8,"featured_media":248318,"comment_status":"closed","ping_status":"closed","sticky":false,"template":"","format":"standard","meta":{"_acf_changed":false,"_sitemap_exclude":false,"_sitemap_priority":"","_sitemap_frequency":"","footnotes":""},"categories":[60,79,56],"tags":[],"class_list":["post-248265","post","type-post","status-publish","format-standard","has-post-thumbnail","hentry","category-bolge","category-featured","category-xeberler","infinite-scroll-item","generate-columns","tablet-grid-50","mobile-grid-100","grid-parent","grid-33","no-featured-image-padding"],"acf":[],"yoast_head":"<!-- This site is optimized with the Yoast SEO plugin v27.5 - https:\/\/yoast.com\/product\/yoast-seo-wordpress\/ -->\n<title>\u201cPolis dedi ki, siz gedin r\u0259is m\u00fcavinini \u201cg\u00f6r\u00fcn\u201d, \u0259lind\u0259ki biab\u0131r\u00e7\u0131 g\u00f6r\u00fcnt\u00fcl\u0259ri yaymas\u0131n\u201d - MEYDAN.TV<\/title>\n<meta name=\"robots\" content=\"index, follow, max-snippet:-1, max-image-preview:large, max-video-preview:-1\" \/>\n<link rel=\"canonical\" href=\"https:\/\/www.meydan.tv\/az\/article\/polis-dedi-ki-siz-gedin-reis-muavinini-gorun-elindeki-biabirci-goruntuleri-yaymasin\/\" \/>\n<meta property=\"og:locale\" content=\"az_AZ\" \/>\n<meta property=\"og:type\" content=\"article\" \/>\n<meta property=\"og:title\" content=\"\u201cPolis dedi ki, siz gedin r\u0259is m\u00fcavinini \u201cg\u00f6r\u00fcn\u201d, \u0259lind\u0259ki biab\u0131r\u00e7\u0131 g\u00f6r\u00fcnt\u00fcl\u0259ri yaymas\u0131n\u201d - MEYDAN.TV\" \/>\n<meta property=\"og:description\" content=\"\u015e\u0259mkird\u0259ki m\u00fc\u0259mmal\u0131 \u00f6l\u00fcm hadis\u0259si \u2013 \u00f6l\u0259nin ail\u0259si polisi g\u00fcnahland\u0131r\u0131r \u201cArzu ... Davam\u0131\" \/>\n<meta property=\"og:url\" content=\"https:\/\/www.meydan.tv\/az\/article\/polis-dedi-ki-siz-gedin-reis-muavinini-gorun-elindeki-biabirci-goruntuleri-yaymasin\/\" \/>\n<meta property=\"og:site_name\" content=\"MEYDAN.TV\" \/>\n<meta property=\"article:published_time\" content=\"2022-06-14T10:51:55+00:00\" \/>\n<meta property=\"article:modified_time\" content=\"2022-06-20T09:50:09+00:00\" \/>\n<meta property=\"og:image\" content=\"https:\/\/www.meydan.tv\/wp-content\/uploads\/88888.png\" \/>\n\t<meta property=\"og:image:width\" content=\"1280\" \/>\n\t<meta property=\"og:image:height\" content=\"720\" \/>\n\t<meta property=\"og:image:type\" content=\"image\/png\" \/>\n<meta name=\"author\" content=\"elli\" \/>\n<meta name=\"twitter:card\" content=\"summary_large_image\" \/>\n<meta name=\"twitter:creator\" content=\"@elli\" \/>\n<script type=\"application\/ld+json\" class=\"yoast-schema-graph\">{\"@context\":\"https:\\\/\\\/schema.org\",\"@graph\":[{\"@type\":\"Article\",\"@id\":\"https:\\\/\\\/www.meydan.tv\\\/az\\\/article\\\/polis-dedi-ki-siz-gedin-reis-muavinini-gorun-elindeki-biabirci-goruntuleri-yaymasin\\\/#article\",\"isPartOf\":{\"@id\":\"https:\\\/\\\/www.meydan.tv\\\/az\\\/article\\\/polis-dedi-ki-siz-gedin-reis-muavinini-gorun-elindeki-biabirci-goruntuleri-yaymasin\\\/\"},\"author\":{\"name\":\"elli\",\"@id\":\"https:\\\/\\\/www.meydan.tv\\\/az\\\/#\\\/schema\\\/person\\\/9cdbecf90d17180ce1dfbd95b08dcf47\"},\"headline\":\"\u201cPolis dedi ki, siz gedin r\u0259is m\u00fcavinini \u201cg\u00f6r\u00fcn\u201d, \u0259lind\u0259ki biab\u0131r\u00e7\u0131 g\u00f6r\u00fcnt\u00fcl\u0259ri yaymas\u0131n\u201d\",\"datePublished\":\"2022-06-14T10:51:55+00:00\",\"dateModified\":\"2022-06-20T09:50:09+00:00\",\"mainEntityOfPage\":{\"@id\":\"https:\\\/\\\/www.meydan.tv\\\/az\\\/article\\\/polis-dedi-ki-siz-gedin-reis-muavinini-gorun-elindeki-biabirci-goruntuleri-yaymasin\\\/\"},\"wordCount\":2038,\"publisher\":{\"@id\":\"https:\\\/\\\/www.meydan.tv\\\/az\\\/#organization\"},\"image\":{\"@id\":\"https:\\\/\\\/www.meydan.tv\\\/az\\\/article\\\/polis-dedi-ki-siz-gedin-reis-muavinini-gorun-elindeki-biabirci-goruntuleri-yaymasin\\\/#primaryimage\"},\"thumbnailUrl\":\"https:\\\/\\\/www.meydan.tv\\\/wp-content\\\/uploads\\\/88888.png\",\"articleSection\":[\"B\u00f6lg\u0259\",\"T\u00f6vsiy\u0259\",\"X\u0259b\u0259rl\u0259r\"],\"inLanguage\":\"az\"},{\"@type\":\"WebPage\",\"@id\":\"https:\\\/\\\/www.meydan.tv\\\/az\\\/article\\\/polis-dedi-ki-siz-gedin-reis-muavinini-gorun-elindeki-biabirci-goruntuleri-yaymasin\\\/\",\"url\":\"https:\\\/\\\/www.meydan.tv\\\/az\\\/article\\\/polis-dedi-ki-siz-gedin-reis-muavinini-gorun-elindeki-biabirci-goruntuleri-yaymasin\\\/\",\"name\":\"\u201cPolis dedi ki, siz gedin r\u0259is m\u00fcavinini \u201cg\u00f6r\u00fcn\u201d, \u0259lind\u0259ki biab\u0131r\u00e7\u0131 g\u00f6r\u00fcnt\u00fcl\u0259ri yaymas\u0131n\u201d - MEYDAN.TV\",\"isPartOf\":{\"@id\":\"https:\\\/\\\/www.meydan.tv\\\/az\\\/#website\"},\"primaryImageOfPage\":{\"@id\":\"https:\\\/\\\/www.meydan.tv\\\/az\\\/article\\\/polis-dedi-ki-siz-gedin-reis-muavinini-gorun-elindeki-biabirci-goruntuleri-yaymasin\\\/#primaryimage\"},\"image\":{\"@id\":\"https:\\\/\\\/www.meydan.tv\\\/az\\\/article\\\/polis-dedi-ki-siz-gedin-reis-muavinini-gorun-elindeki-biabirci-goruntuleri-yaymasin\\\/#primaryimage\"},\"thumbnailUrl\":\"https:\\\/\\\/www.meydan.tv\\\/wp-content\\\/uploads\\\/88888.png\",\"datePublished\":\"2022-06-14T10:51:55+00:00\",\"dateModified\":\"2022-06-20T09:50:09+00:00\",\"breadcrumb\":{\"@id\":\"https:\\\/\\\/www.meydan.tv\\\/az\\\/article\\\/polis-dedi-ki-siz-gedin-reis-muavinini-gorun-elindeki-biabirci-goruntuleri-yaymasin\\\/#breadcrumb\"},\"inLanguage\":\"az\",\"potentialAction\":[{\"@type\":\"ReadAction\",\"target\":[\"https:\\\/\\\/www.meydan.tv\\\/az\\\/article\\\/polis-dedi-ki-siz-gedin-reis-muavinini-gorun-elindeki-biabirci-goruntuleri-yaymasin\\\/\"]}]},{\"@type\":\"ImageObject\",\"inLanguage\":\"az\",\"@id\":\"https:\\\/\\\/www.meydan.tv\\\/az\\\/article\\\/polis-dedi-ki-siz-gedin-reis-muavinini-gorun-elindeki-biabirci-goruntuleri-yaymasin\\\/#primaryimage\",\"url\":\"https:\\\/\\\/www.meydan.tv\\\/wp-content\\\/uploads\\\/88888.png\",\"contentUrl\":\"https:\\\/\\\/www.meydan.tv\\\/wp-content\\\/uploads\\\/88888.png\",\"width\":1280,\"height\":720,\"caption\":\"Arzu Cabbarov. M\u0259nb\u0259: Ail\u0259 albomundan\"},{\"@type\":\"BreadcrumbList\",\"@id\":\"https:\\\/\\\/www.meydan.tv\\\/az\\\/article\\\/polis-dedi-ki-siz-gedin-reis-muavinini-gorun-elindeki-biabirci-goruntuleri-yaymasin\\\/#breadcrumb\",\"itemListElement\":[{\"@type\":\"ListItem\",\"position\":1,\"name\":\"Ana s\u0259hif\u0259\",\"item\":\"https:\\\/\\\/www.meydan.tv\\\/az\\\/\"},{\"@type\":\"ListItem\",\"position\":2,\"name\":\"B\u00f6lg\u0259\",\"item\":\"https:\\\/\\\/www.meydan.tv\\\/az\\\/section\\\/bolge\\\/\"},{\"@type\":\"ListItem\",\"position\":3,\"name\":\"\u201cPolis dedi ki, siz gedin r\u0259is m\u00fcavinini \u201cg\u00f6r\u00fcn\u201d, \u0259lind\u0259ki biab\u0131r\u00e7\u0131 g\u00f6r\u00fcnt\u00fcl\u0259ri yaymas\u0131n\u201d\"}]},{\"@type\":\"WebSite\",\"@id\":\"https:\\\/\\\/www.meydan.tv\\\/az\\\/#website\",\"url\":\"https:\\\/\\\/www.meydan.tv\\\/az\\\/\",\"name\":\"MEYDAN.TV\",\"description\":\"Meydan TV Az\u0259rbaycan\u0131n media m\u0259kan\u0131ndak\u0131 alternativ s\u0259sidir\",\"publisher\":{\"@id\":\"https:\\\/\\\/www.meydan.tv\\\/az\\\/#organization\"},\"potentialAction\":[{\"@type\":\"SearchAction\",\"target\":{\"@type\":\"EntryPoint\",\"urlTemplate\":\"https:\\\/\\\/www.meydan.tv\\\/az\\\/?s={search_term_string}\"},\"query-input\":{\"@type\":\"PropertyValueSpecification\",\"valueRequired\":true,\"valueName\":\"search_term_string\"}}],\"inLanguage\":\"az\"},{\"@type\":\"Organization\",\"@id\":\"https:\\\/\\\/www.meydan.tv\\\/az\\\/#organization\",\"name\":\"Meydan TV\",\"url\":\"https:\\\/\\\/www.meydan.tv\\\/az\\\/\",\"logo\":{\"@type\":\"ImageObject\",\"inLanguage\":\"az\",\"@id\":\"https:\\\/\\\/www.meydan.tv\\\/az\\\/#\\\/schema\\\/logo\\\/image\\\/\",\"url\":\"https:\\\/\\\/www.meydan.tv\\\/wp-content\\\/uploads\\\/2021\\\/07\\\/meydan-logo.svg\",\"contentUrl\":\"https:\\\/\\\/www.meydan.tv\\\/wp-content\\\/uploads\\\/2021\\\/07\\\/meydan-logo.svg\",\"width\":195,\"height\":46,\"caption\":\"Meydan TV\"},\"image\":{\"@id\":\"https:\\\/\\\/www.meydan.tv\\\/az\\\/#\\\/schema\\\/logo\\\/image\\\/\"}},{\"@type\":\"Person\",\"@id\":\"https:\\\/\\\/www.meydan.tv\\\/az\\\/#\\\/schema\\\/person\\\/9cdbecf90d17180ce1dfbd95b08dcf47\",\"name\":\"elli\",\"sameAs\":[\"https:\\\/\\\/x.com\\\/elli\"]}]}<\/script>\n<!-- \/ Yoast SEO plugin. -->","yoast_head_json":{"title":"\u201cPolis dedi ki, siz gedin r\u0259is m\u00fcavinini \u201cg\u00f6r\u00fcn\u201d, \u0259lind\u0259ki biab\u0131r\u00e7\u0131 g\u00f6r\u00fcnt\u00fcl\u0259ri yaymas\u0131n\u201d - MEYDAN.TV","robots":{"index":"index","follow":"follow","max-snippet":"max-snippet:-1","max-image-preview":"max-image-preview:large","max-video-preview":"max-video-preview:-1"},"canonical":"https:\/\/www.meydan.tv\/az\/article\/polis-dedi-ki-siz-gedin-reis-muavinini-gorun-elindeki-biabirci-goruntuleri-yaymasin\/","og_locale":"az_AZ","og_type":"article","og_title":"\u201cPolis dedi ki, siz gedin r\u0259is m\u00fcavinini \u201cg\u00f6r\u00fcn\u201d, \u0259lind\u0259ki biab\u0131r\u00e7\u0131 g\u00f6r\u00fcnt\u00fcl\u0259ri yaymas\u0131n\u201d - MEYDAN.TV","og_description":"\u015e\u0259mkird\u0259ki m\u00fc\u0259mmal\u0131 \u00f6l\u00fcm hadis\u0259si \u2013 \u00f6l\u0259nin ail\u0259si polisi g\u00fcnahland\u0131r\u0131r \u201cArzu ... Davam\u0131","og_url":"https:\/\/www.meydan.tv\/az\/article\/polis-dedi-ki-siz-gedin-reis-muavinini-gorun-elindeki-biabirci-goruntuleri-yaymasin\/","og_site_name":"MEYDAN.TV","article_published_time":"2022-06-14T10:51:55+00:00","article_modified_time":"2022-06-20T09:50:09+00:00","og_image":[{"width":1280,"height":720,"url":"https:\/\/www.meydan.tv\/wp-content\/uploads\/88888.png","type":"image\/png"}],"author":"elli","twitter_card":"summary_large_image","twitter_creator":"@elli","schema":{"@context":"https:\/\/schema.org","@graph":[{"@type":"Article","@id":"https:\/\/www.meydan.tv\/az\/article\/polis-dedi-ki-siz-gedin-reis-muavinini-gorun-elindeki-biabirci-goruntuleri-yaymasin\/#article","isPartOf":{"@id":"https:\/\/www.meydan.tv\/az\/article\/polis-dedi-ki-siz-gedin-reis-muavinini-gorun-elindeki-biabirci-goruntuleri-yaymasin\/"},"author":{"name":"elli","@id":"https:\/\/www.meydan.tv\/az\/#\/schema\/person\/9cdbecf90d17180ce1dfbd95b08dcf47"},"headline":"\u201cPolis dedi ki, siz gedin r\u0259is m\u00fcavinini \u201cg\u00f6r\u00fcn\u201d, \u0259lind\u0259ki biab\u0131r\u00e7\u0131 g\u00f6r\u00fcnt\u00fcl\u0259ri yaymas\u0131n\u201d","datePublished":"2022-06-14T10:51:55+00:00","dateModified":"2022-06-20T09:50:09+00:00","mainEntityOfPage":{"@id":"https:\/\/www.meydan.tv\/az\/article\/polis-dedi-ki-siz-gedin-reis-muavinini-gorun-elindeki-biabirci-goruntuleri-yaymasin\/"},"wordCount":2038,"publisher":{"@id":"https:\/\/www.meydan.tv\/az\/#organization"},"image":{"@id":"https:\/\/www.meydan.tv\/az\/article\/polis-dedi-ki-siz-gedin-reis-muavinini-gorun-elindeki-biabirci-goruntuleri-yaymasin\/#primaryimage"},"thumbnailUrl":"https:\/\/www.meydan.tv\/wp-content\/uploads\/88888.png","articleSection":["B\u00f6lg\u0259","T\u00f6vsiy\u0259","X\u0259b\u0259rl\u0259r"],"inLanguage":"az"},{"@type":"WebPage","@id":"https:\/\/www.meydan.tv\/az\/article\/polis-dedi-ki-siz-gedin-reis-muavinini-gorun-elindeki-biabirci-goruntuleri-yaymasin\/","url":"https:\/\/www.meydan.tv\/az\/article\/polis-dedi-ki-siz-gedin-reis-muavinini-gorun-elindeki-biabirci-goruntuleri-yaymasin\/","name":"\u201cPolis dedi ki, siz gedin r\u0259is m\u00fcavinini \u201cg\u00f6r\u00fcn\u201d, \u0259lind\u0259ki biab\u0131r\u00e7\u0131 g\u00f6r\u00fcnt\u00fcl\u0259ri yaymas\u0131n\u201d - MEYDAN.TV","isPartOf":{"@id":"https:\/\/www.meydan.tv\/az\/#website"},"primaryImageOfPage":{"@id":"https:\/\/www.meydan.tv\/az\/article\/polis-dedi-ki-siz-gedin-reis-muavinini-gorun-elindeki-biabirci-goruntuleri-yaymasin\/#primaryimage"},"image":{"@id":"https:\/\/www.meydan.tv\/az\/article\/polis-dedi-ki-siz-gedin-reis-muavinini-gorun-elindeki-biabirci-goruntuleri-yaymasin\/#primaryimage"},"thumbnailUrl":"https:\/\/www.meydan.tv\/wp-content\/uploads\/88888.png","datePublished":"2022-06-14T10:51:55+00:00","dateModified":"2022-06-20T09:50:09+00:00","breadcrumb":{"@id":"https:\/\/www.meydan.tv\/az\/article\/polis-dedi-ki-siz-gedin-reis-muavinini-gorun-elindeki-biabirci-goruntuleri-yaymasin\/#breadcrumb"},"inLanguage":"az","potentialAction":[{"@type":"ReadAction","target":["https:\/\/www.meydan.tv\/az\/article\/polis-dedi-ki-siz-gedin-reis-muavinini-gorun-elindeki-biabirci-goruntuleri-yaymasin\/"]}]},{"@type":"ImageObject","inLanguage":"az","@id":"https:\/\/www.meydan.tv\/az\/article\/polis-dedi-ki-siz-gedin-reis-muavinini-gorun-elindeki-biabirci-goruntuleri-yaymasin\/#primaryimage","url":"https:\/\/www.meydan.tv\/wp-content\/uploads\/88888.png","contentUrl":"https:\/\/www.meydan.tv\/wp-content\/uploads\/88888.png","width":1280,"height":720,"caption":"Arzu Cabbarov. M\u0259nb\u0259: Ail\u0259 albomundan"},{"@type":"BreadcrumbList","@id":"https:\/\/www.meydan.tv\/az\/article\/polis-dedi-ki-siz-gedin-reis-muavinini-gorun-elindeki-biabirci-goruntuleri-yaymasin\/#breadcrumb","itemListElement":[{"@type":"ListItem","position":1,"name":"Ana s\u0259hif\u0259","item":"https:\/\/www.meydan.tv\/az\/"},{"@type":"ListItem","position":2,"name":"B\u00f6lg\u0259","item":"https:\/\/www.meydan.tv\/az\/section\/bolge\/"},{"@type":"ListItem","position":3,"name":"\u201cPolis dedi ki, siz gedin r\u0259is m\u00fcavinini \u201cg\u00f6r\u00fcn\u201d, \u0259lind\u0259ki biab\u0131r\u00e7\u0131 g\u00f6r\u00fcnt\u00fcl\u0259ri yaymas\u0131n\u201d"}]},{"@type":"WebSite","@id":"https:\/\/www.meydan.tv\/az\/#website","url":"https:\/\/www.meydan.tv\/az\/","name":"MEYDAN.TV","description":"Meydan TV Az\u0259rbaycan\u0131n media m\u0259kan\u0131ndak\u0131 alternativ s\u0259sidir","publisher":{"@id":"https:\/\/www.meydan.tv\/az\/#organization"},"potentialAction":[{"@type":"SearchAction","target":{"@type":"EntryPoint","urlTemplate":"https:\/\/www.meydan.tv\/az\/?s={search_term_string}"},"query-input":{"@type":"PropertyValueSpecification","valueRequired":true,"valueName":"search_term_string"}}],"inLanguage":"az"},{"@type":"Organization","@id":"https:\/\/www.meydan.tv\/az\/#organization","name":"Meydan TV","url":"https:\/\/www.meydan.tv\/az\/","logo":{"@type":"ImageObject","inLanguage":"az","@id":"https:\/\/www.meydan.tv\/az\/#\/schema\/logo\/image\/","url":"https:\/\/www.meydan.tv\/wp-content\/uploads\/2021\/07\/meydan-logo.svg","contentUrl":"https:\/\/www.meydan.tv\/wp-content\/uploads\/2021\/07\/meydan-logo.svg","width":195,"height":46,"caption":"Meydan TV"},"image":{"@id":"https:\/\/www.meydan.tv\/az\/#\/schema\/logo\/image\/"}},{"@type":"Person","@id":"https:\/\/www.meydan.tv\/az\/#\/schema\/person\/9cdbecf90d17180ce1dfbd95b08dcf47","name":"elli","sameAs":["https:\/\/x.com\/elli"]}]}},"_links":{"self":[{"href":"https:\/\/www.meydan.tv\/az\/wp-json\/wp\/v2\/posts\/248265","targetHints":{"allow":["GET"]}}],"collection":[{"href":"https:\/\/www.meydan.tv\/az\/wp-json\/wp\/v2\/posts"}],"about":[{"href":"https:\/\/www.meydan.tv\/az\/wp-json\/wp\/v2\/types\/post"}],"author":[{"embeddable":true,"href":"https:\/\/www.meydan.tv\/az\/wp-json\/wp\/v2\/users\/8"}],"replies":[{"embeddable":true,"href":"https:\/\/www.meydan.tv\/az\/wp-json\/wp\/v2\/comments?post=248265"}],"version-history":[{"count":5,"href":"https:\/\/www.meydan.tv\/az\/wp-json\/wp\/v2\/posts\/248265\/revisions"}],"predecessor-version":[{"id":248797,"href":"https:\/\/www.meydan.tv\/az\/wp-json\/wp\/v2\/posts\/248265\/revisions\/248797"}],"wp:featuredmedia":[{"embeddable":true,"href":"https:\/\/www.meydan.tv\/az\/wp-json\/wp\/v2\/media\/248318"}],"wp:attachment":[{"href":"https:\/\/www.meydan.tv\/az\/wp-json\/wp\/v2\/media?parent=248265"}],"wp:term":[{"taxonomy":"category","embeddable":true,"href":"https:\/\/www.meydan.tv\/az\/wp-json\/wp\/v2\/categories?post=248265"},{"taxonomy":"post_tag","embeddable":true,"href":"https:\/\/www.meydan.tv\/az\/wp-json\/wp\/v2\/tags?post=248265"}],"curies":[{"name":"wp","href":"https:\/\/api.w.org\/{rel}","templated":true}]}}