{"id":248200,"date":"2022-06-13T23:14:00","date_gmt":"2022-06-13T19:14:00","guid":{"rendered":"https:\/\/www.meydan.tv\/?p=248200"},"modified":"2022-06-13T23:14:07","modified_gmt":"2022-06-13T19:14:07","slug":"abs-azerbaycanda-demokratik-prosesleri-desteklediyini-deyir","status":"publish","type":"post","link":"https:\/\/www.meydan.tv\/az\/article\/abs-azerbaycanda-demokratik-prosesleri-desteklediyini-deyir\/","title":{"rendered":"AB\u015e Az\u0259rbaycanda demokratik prosesl\u0259ri d\u0259st\u0259kl\u0259diyini deyir"},"content":{"rendered":"\n<p><em>B\u0259xtiyar Hac\u0131yev: \u201cDiplomatla insan h\u00fcquqlar\u0131 sah\u0259sind\u0259ki probleml\u0259ri m\u00fczakir\u0259 etdik\u201d<\/em><\/p>\n\n\n\n<p>\u0130yunun 13-d\u0259 AB\u015e D\u00f6vl\u0259t katibinin k\u00f6m\u0259k\u00e7isinin demokratiya, insan haqlar\u0131 v\u0259 \u0259m\u0259k m\u0259s\u0259l\u0259l\u0259ri \u00fczr\u0259 m\u00fcavini Kara Makdonald Az\u0259rbaycana s\u0259f\u0259r\u0259 g\u0259lib.<\/p>\n\n\n\n<p>O, s\u0259f\u0259r \u00e7\u0259r\u00e7iv\u0259sind\u0259 v\u0259t\u0259nda\u015f c\u0259miyy\u0259tinin t\u0259msil\u00e7il\u0259ri, f\u0259allar, h\u00fcquq\u015f\u00fcnaslar, jurnalistl\u0259r, h\u0259m\u00e7inin siyasi partiya n\u00fcmay\u0259nd\u0259l\u0259ri il\u0259 g\u00f6r\u00fc\u015f\u00fcb.<\/p>\n\n\n\n<p>Bu bar\u0259d\u0259 AB\u015e-n\u0131n Az\u0259rbaycandak\u0131 s\u0259firliyi m\u0259lumat <a href=\"https:\/\/www.facebook.com\/baku.usembassy\/posts\/pfbid02pGMVX5gYax7wKkdCsTuBTT1WrBLVeo8nPT4rMfYsTWdLpbvL1KqoGmaaiyzbLV6pl\" target=\"_blank\" rel=\"noreferrer noopener\">yay\u0131b<\/a>.<\/p>\n\n\n\n<p>G\u00f6r\u00fc\u015fd\u0259 i\u015ftirak ed\u0259n siyasi f\u0259al B\u0259xtiyar Hac\u0131yev deyir ki, Kara Makdonaldla &#8220;qar\u015f\u0131l\u0131ql\u0131 maraq do\u011furan m\u00f6vzular&#8221; \u0259traf\u0131nda bir saatl\u0131q m\u00fczakir\u0259 <a href=\"https:\/\/www.facebook.com\/bakhtiyar\/posts\/pfbid02NU55F2r6ahpofr3eUWra9iUUW5KAGfwwvD8PLrsVRYYryKYcEhiM7mZUn71dWonl\" target=\"_blank\" rel=\"noreferrer noopener\">apar\u0131l\u0131b<\/a>.<\/p>\n\n\n\n<p>Onun s\u00f6zl\u0259rin\u0259 g\u00f6r\u0259, g\u00f6r\u00fc\u015fd\u0259 regionda v\u0259 \u0259sas\u0259n d\u0259 \u00f6lk\u0259d\u0259 ba\u015f ver\u0259n hadis\u0259l\u0259r\u0259 toxunulub. Bel\u0259 ki, ayr\u0131-ayr\u0131 f\u0259allar\u0131n, jurnalistl\u0259rin, m\u00fcxt\u0259lif qruplar\u0131n qar\u015f\u0131la\u015fd\u0131qlar\u0131 insan h\u00fcquqlar\u0131 sah\u0259sind\u0259ki probleml\u0259r a\u00e7\u0131q m\u00fczakir\u0259 edilib:<\/p>\n\n\n\n<p>\u201cBayden administrasiyas\u0131n\u0131n g\u0259l\u0259c\u0259kd\u0259 ataca\u011f\u0131 add\u0131mlar v\u0259 g\u00f6zl\u0259ntil\u0259rimizl\u0259 ba\u011fl\u0131 geni\u015f fikir m\u00fcbadil\u0259si apard\u0131q. Xan\u0131m diplomat da AB\u015e Prezidenti Baydenin demokratiya v\u0259 insan h\u00fcquqlar\u0131 m\u0259s\u0259l\u0259l\u0259rinin xarici siyas\u0259td\u0259ki yeri il\u0259 ba\u011fl\u0131 m\u00f6vqeyini payla\u015fd\u0131&#8221;.<\/p>\n\n\n\n<p>S\u0259firlik Kara Makdonald\u0131n 13-15 iyun tarixl\u0259rind\u0259 Az\u0259rbaycanda olaca\u011f\u0131n\u0131 a\u00e7\u0131qlay\u0131b:<\/p>\n\n\n\n<p>&#8220;O, s\u0259f\u0259r zaman\u0131 h\u00f6kum\u0259t r\u0259smil\u0259ri, demokratiya, insan haqlar\u0131 sah\u0259sind\u0259 \u00e7al\u0131\u015fan f\u0259allar, m\u00fcst\u0259qil media v\u0259 siyasi partiyalar\u0131n n\u00fcmay\u0259nd\u0259l\u0259ri il\u0259 g\u00f6r\u00fc\u015fl\u0259r ke\u00e7ir\u0259c\u0259k\u201d.<\/p>\n\n\n\n<p>S\u0259firliyin a\u00e7\u0131qlamas\u0131nda bildirilir ki, diplomat AB\u015e-\u0131n ifad\u0259, topla\u015fma v\u0259 birl\u0259\u015fm\u0259k azadl\u0131qlar\u0131 da daxil olmaqla \u0259sas h\u00fcquq v\u0259 azadl\u0131qlara h\u00f6rm\u0259tin g\u00fccl\u0259ndirilm\u0259sini t\u00f6vsiy\u0259 edib.<\/p>\n\n\n\n<p>O h\u0259m\u00e7inin qeyd edib ki, AB\u015e demokratik prosesl\u0259rin inki\u015faf\u0131na y\u00f6n\u0259lik s\u0259yl\u0259ri d\u0259st\u0259kl\u0259yir v\u0259 bu m\u0259s\u0259l\u0259l\u0259rd\u0259 az\u0259rbaycanl\u0131lar\u0131n yan\u0131nda olacaq.<\/p>\n","protected":false},"excerpt":{"rendered":"<p>B\u0259xtiyar Hac\u0131yev: \u201cDiplomatla insan h\u00fcquqlar\u0131 sah\u0259sind\u0259ki probleml\u0259ri m\u00fczakir\u0259 etdik\u201d \u0130yunun &#8230; <\/p>\n<p class=\"read-more-container\"><a title=\"AB\u015e Az\u0259rbaycanda demokratik prosesl\u0259ri d\u0259st\u0259kl\u0259diyini deyir\" class=\"read-more button\" href=\"https:\/\/www.meydan.tv\/az\/article\/abs-azerbaycanda-demokratik-prosesleri-desteklediyini-deyir\/#more-248200\" aria-label=\"Read more about AB\u015e Az\u0259rbaycanda demokratik prosesl\u0259ri d\u0259st\u0259kl\u0259diyini deyir\">Davam\u0131<\/a><\/p>\n","protected":false},"author":8,"featured_media":248201,"comment_status":"closed","ping_status":"closed","sticky":false,"template":"","format":"standard","meta":{"_acf_changed":false,"_sitemap_exclude":false,"_sitemap_priority":"","_sitemap_frequency":"","footnotes":""},"categories":[59,79,56],"tags":[],"class_list":["post-248200","post","type-post","status-publish","format-standard","has-post-thumbnail","hentry","category-siyaset","category-featured","category-xeberler","infinite-scroll-item","generate-columns","tablet-grid-50","mobile-grid-100","grid-parent","grid-33","no-featured-image-padding"],"acf":[],"yoast_head":"<!-- This site is optimized with the Yoast SEO plugin v27.5 - https:\/\/yoast.com\/product\/yoast-seo-wordpress\/ -->\n<title>AB\u015e Az\u0259rbaycanda demokratik prosesl\u0259ri d\u0259st\u0259kl\u0259diyini deyir - MEYDAN.TV<\/title>\n<meta name=\"robots\" content=\"index, follow, max-snippet:-1, max-image-preview:large, max-video-preview:-1\" \/>\n<link rel=\"canonical\" href=\"https:\/\/www.meydan.tv\/az\/article\/abs-azerbaycanda-demokratik-prosesleri-desteklediyini-deyir\/\" \/>\n<meta property=\"og:locale\" content=\"az_AZ\" \/>\n<meta property=\"og:type\" content=\"article\" \/>\n<meta property=\"og:title\" content=\"AB\u015e Az\u0259rbaycanda demokratik prosesl\u0259ri d\u0259st\u0259kl\u0259diyini deyir - MEYDAN.TV\" \/>\n<meta property=\"og:description\" content=\"B\u0259xtiyar Hac\u0131yev: \u201cDiplomatla insan h\u00fcquqlar\u0131 sah\u0259sind\u0259ki probleml\u0259ri m\u00fczakir\u0259 etdik\u201d \u0130yunun ... Davam\u0131\" \/>\n<meta property=\"og:url\" content=\"https:\/\/www.meydan.tv\/az\/article\/abs-azerbaycanda-demokratik-prosesleri-desteklediyini-deyir\/\" \/>\n<meta property=\"og:site_name\" content=\"MEYDAN.TV\" \/>\n<meta property=\"article:published_time\" content=\"2022-06-13T19:14:00+00:00\" \/>\n<meta property=\"article:modified_time\" content=\"2022-06-13T19:14:07+00:00\" \/>\n<meta property=\"og:image\" content=\"https:\/\/www.meydan.tv\/wp-content\/uploads\/288028473_10159825291516421_4148643064366579647_n-e1655146551408.jpg\" \/>\n\t<meta property=\"og:image:width\" content=\"1228\" \/>\n\t<meta property=\"og:image:height\" content=\"822\" \/>\n\t<meta property=\"og:image:type\" content=\"image\/jpeg\" \/>\n<meta name=\"author\" content=\"elli\" \/>\n<meta name=\"twitter:card\" content=\"summary_large_image\" \/>\n<meta name=\"twitter:creator\" content=\"@elli\" \/>\n<script type=\"application\/ld+json\" class=\"yoast-schema-graph\">{\"@context\":\"https:\\\/\\\/schema.org\",\"@graph\":[{\"@type\":\"Article\",\"@id\":\"https:\\\/\\\/www.meydan.tv\\\/az\\\/article\\\/abs-azerbaycanda-demokratik-prosesleri-desteklediyini-deyir\\\/#article\",\"isPartOf\":{\"@id\":\"https:\\\/\\\/www.meydan.tv\\\/az\\\/article\\\/abs-azerbaycanda-demokratik-prosesleri-desteklediyini-deyir\\\/\"},\"author\":{\"name\":\"elli\",\"@id\":\"https:\\\/\\\/www.meydan.tv\\\/az\\\/#\\\/schema\\\/person\\\/9cdbecf90d17180ce1dfbd95b08dcf47\"},\"headline\":\"AB\u015e Az\u0259rbaycanda demokratik prosesl\u0259ri d\u0259st\u0259kl\u0259diyini deyir\",\"datePublished\":\"2022-06-13T19:14:00+00:00\",\"dateModified\":\"2022-06-13T19:14:07+00:00\",\"mainEntityOfPage\":{\"@id\":\"https:\\\/\\\/www.meydan.tv\\\/az\\\/article\\\/abs-azerbaycanda-demokratik-prosesleri-desteklediyini-deyir\\\/\"},\"wordCount\":392,\"publisher\":{\"@id\":\"https:\\\/\\\/www.meydan.tv\\\/az\\\/#organization\"},\"image\":{\"@id\":\"https:\\\/\\\/www.meydan.tv\\\/az\\\/article\\\/abs-azerbaycanda-demokratik-prosesleri-desteklediyini-deyir\\\/#primaryimage\"},\"thumbnailUrl\":\"https:\\\/\\\/www.meydan.tv\\\/wp-content\\\/uploads\\\/288028473_10159825291516421_4148643064366579647_n-e1655146551408.jpg\",\"articleSection\":[\"Siyas\u0259t\",\"T\u00f6vsiy\u0259\",\"X\u0259b\u0259rl\u0259r\"],\"inLanguage\":\"az\"},{\"@type\":\"WebPage\",\"@id\":\"https:\\\/\\\/www.meydan.tv\\\/az\\\/article\\\/abs-azerbaycanda-demokratik-prosesleri-desteklediyini-deyir\\\/\",\"url\":\"https:\\\/\\\/www.meydan.tv\\\/az\\\/article\\\/abs-azerbaycanda-demokratik-prosesleri-desteklediyini-deyir\\\/\",\"name\":\"AB\u015e Az\u0259rbaycanda demokratik prosesl\u0259ri d\u0259st\u0259kl\u0259diyini deyir - MEYDAN.TV\",\"isPartOf\":{\"@id\":\"https:\\\/\\\/www.meydan.tv\\\/az\\\/#website\"},\"primaryImageOfPage\":{\"@id\":\"https:\\\/\\\/www.meydan.tv\\\/az\\\/article\\\/abs-azerbaycanda-demokratik-prosesleri-desteklediyini-deyir\\\/#primaryimage\"},\"image\":{\"@id\":\"https:\\\/\\\/www.meydan.tv\\\/az\\\/article\\\/abs-azerbaycanda-demokratik-prosesleri-desteklediyini-deyir\\\/#primaryimage\"},\"thumbnailUrl\":\"https:\\\/\\\/www.meydan.tv\\\/wp-content\\\/uploads\\\/288028473_10159825291516421_4148643064366579647_n-e1655146551408.jpg\",\"datePublished\":\"2022-06-13T19:14:00+00:00\",\"dateModified\":\"2022-06-13T19:14:07+00:00\",\"breadcrumb\":{\"@id\":\"https:\\\/\\\/www.meydan.tv\\\/az\\\/article\\\/abs-azerbaycanda-demokratik-prosesleri-desteklediyini-deyir\\\/#breadcrumb\"},\"inLanguage\":\"az\",\"potentialAction\":[{\"@type\":\"ReadAction\",\"target\":[\"https:\\\/\\\/www.meydan.tv\\\/az\\\/article\\\/abs-azerbaycanda-demokratik-prosesleri-desteklediyini-deyir\\\/\"]}]},{\"@type\":\"ImageObject\",\"inLanguage\":\"az\",\"@id\":\"https:\\\/\\\/www.meydan.tv\\\/az\\\/article\\\/abs-azerbaycanda-demokratik-prosesleri-desteklediyini-deyir\\\/#primaryimage\",\"url\":\"https:\\\/\\\/www.meydan.tv\\\/wp-content\\\/uploads\\\/288028473_10159825291516421_4148643064366579647_n-e1655146551408.jpg\",\"contentUrl\":\"https:\\\/\\\/www.meydan.tv\\\/wp-content\\\/uploads\\\/288028473_10159825291516421_4148643064366579647_n-e1655146551408.jpg\",\"width\":1228,\"height\":822,\"caption\":\"Kara Makdonald. M\u0259nb\u0259: Facebook\"},{\"@type\":\"BreadcrumbList\",\"@id\":\"https:\\\/\\\/www.meydan.tv\\\/az\\\/article\\\/abs-azerbaycanda-demokratik-prosesleri-desteklediyini-deyir\\\/#breadcrumb\",\"itemListElement\":[{\"@type\":\"ListItem\",\"position\":1,\"name\":\"Ana s\u0259hif\u0259\",\"item\":\"https:\\\/\\\/www.meydan.tv\\\/az\\\/\"},{\"@type\":\"ListItem\",\"position\":2,\"name\":\"Siyas\u0259t\",\"item\":\"https:\\\/\\\/www.meydan.tv\\\/az\\\/section\\\/siyaset\\\/\"},{\"@type\":\"ListItem\",\"position\":3,\"name\":\"AB\u015e Az\u0259rbaycanda demokratik prosesl\u0259ri d\u0259st\u0259kl\u0259diyini deyir\"}]},{\"@type\":\"WebSite\",\"@id\":\"https:\\\/\\\/www.meydan.tv\\\/az\\\/#website\",\"url\":\"https:\\\/\\\/www.meydan.tv\\\/az\\\/\",\"name\":\"MEYDAN.TV\",\"description\":\"Meydan TV Az\u0259rbaycan\u0131n media m\u0259kan\u0131ndak\u0131 alternativ s\u0259sidir\",\"publisher\":{\"@id\":\"https:\\\/\\\/www.meydan.tv\\\/az\\\/#organization\"},\"potentialAction\":[{\"@type\":\"SearchAction\",\"target\":{\"@type\":\"EntryPoint\",\"urlTemplate\":\"https:\\\/\\\/www.meydan.tv\\\/az\\\/?s={search_term_string}\"},\"query-input\":{\"@type\":\"PropertyValueSpecification\",\"valueRequired\":true,\"valueName\":\"search_term_string\"}}],\"inLanguage\":\"az\"},{\"@type\":\"Organization\",\"@id\":\"https:\\\/\\\/www.meydan.tv\\\/az\\\/#organization\",\"name\":\"Meydan TV\",\"url\":\"https:\\\/\\\/www.meydan.tv\\\/az\\\/\",\"logo\":{\"@type\":\"ImageObject\",\"inLanguage\":\"az\",\"@id\":\"https:\\\/\\\/www.meydan.tv\\\/az\\\/#\\\/schema\\\/logo\\\/image\\\/\",\"url\":\"https:\\\/\\\/www.meydan.tv\\\/wp-content\\\/uploads\\\/2021\\\/07\\\/meydan-logo.svg\",\"contentUrl\":\"https:\\\/\\\/www.meydan.tv\\\/wp-content\\\/uploads\\\/2021\\\/07\\\/meydan-logo.svg\",\"width\":195,\"height\":46,\"caption\":\"Meydan TV\"},\"image\":{\"@id\":\"https:\\\/\\\/www.meydan.tv\\\/az\\\/#\\\/schema\\\/logo\\\/image\\\/\"}},{\"@type\":\"Person\",\"@id\":\"https:\\\/\\\/www.meydan.tv\\\/az\\\/#\\\/schema\\\/person\\\/9cdbecf90d17180ce1dfbd95b08dcf47\",\"name\":\"elli\",\"sameAs\":[\"https:\\\/\\\/x.com\\\/elli\"]}]}<\/script>\n<!-- \/ Yoast SEO plugin. -->","yoast_head_json":{"title":"AB\u015e Az\u0259rbaycanda demokratik prosesl\u0259ri d\u0259st\u0259kl\u0259diyini deyir - MEYDAN.TV","robots":{"index":"index","follow":"follow","max-snippet":"max-snippet:-1","max-image-preview":"max-image-preview:large","max-video-preview":"max-video-preview:-1"},"canonical":"https:\/\/www.meydan.tv\/az\/article\/abs-azerbaycanda-demokratik-prosesleri-desteklediyini-deyir\/","og_locale":"az_AZ","og_type":"article","og_title":"AB\u015e Az\u0259rbaycanda demokratik prosesl\u0259ri d\u0259st\u0259kl\u0259diyini deyir - MEYDAN.TV","og_description":"B\u0259xtiyar Hac\u0131yev: \u201cDiplomatla insan h\u00fcquqlar\u0131 sah\u0259sind\u0259ki probleml\u0259ri m\u00fczakir\u0259 etdik\u201d \u0130yunun ... Davam\u0131","og_url":"https:\/\/www.meydan.tv\/az\/article\/abs-azerbaycanda-demokratik-prosesleri-desteklediyini-deyir\/","og_site_name":"MEYDAN.TV","article_published_time":"2022-06-13T19:14:00+00:00","article_modified_time":"2022-06-13T19:14:07+00:00","og_image":[{"width":1228,"height":822,"url":"https:\/\/www.meydan.tv\/wp-content\/uploads\/288028473_10159825291516421_4148643064366579647_n-e1655146551408.jpg","type":"image\/jpeg"}],"author":"elli","twitter_card":"summary_large_image","twitter_creator":"@elli","schema":{"@context":"https:\/\/schema.org","@graph":[{"@type":"Article","@id":"https:\/\/www.meydan.tv\/az\/article\/abs-azerbaycanda-demokratik-prosesleri-desteklediyini-deyir\/#article","isPartOf":{"@id":"https:\/\/www.meydan.tv\/az\/article\/abs-azerbaycanda-demokratik-prosesleri-desteklediyini-deyir\/"},"author":{"name":"elli","@id":"https:\/\/www.meydan.tv\/az\/#\/schema\/person\/9cdbecf90d17180ce1dfbd95b08dcf47"},"headline":"AB\u015e Az\u0259rbaycanda demokratik prosesl\u0259ri d\u0259st\u0259kl\u0259diyini deyir","datePublished":"2022-06-13T19:14:00+00:00","dateModified":"2022-06-13T19:14:07+00:00","mainEntityOfPage":{"@id":"https:\/\/www.meydan.tv\/az\/article\/abs-azerbaycanda-demokratik-prosesleri-desteklediyini-deyir\/"},"wordCount":392,"publisher":{"@id":"https:\/\/www.meydan.tv\/az\/#organization"},"image":{"@id":"https:\/\/www.meydan.tv\/az\/article\/abs-azerbaycanda-demokratik-prosesleri-desteklediyini-deyir\/#primaryimage"},"thumbnailUrl":"https:\/\/www.meydan.tv\/wp-content\/uploads\/288028473_10159825291516421_4148643064366579647_n-e1655146551408.jpg","articleSection":["Siyas\u0259t","T\u00f6vsiy\u0259","X\u0259b\u0259rl\u0259r"],"inLanguage":"az"},{"@type":"WebPage","@id":"https:\/\/www.meydan.tv\/az\/article\/abs-azerbaycanda-demokratik-prosesleri-desteklediyini-deyir\/","url":"https:\/\/www.meydan.tv\/az\/article\/abs-azerbaycanda-demokratik-prosesleri-desteklediyini-deyir\/","name":"AB\u015e Az\u0259rbaycanda demokratik prosesl\u0259ri d\u0259st\u0259kl\u0259diyini deyir - MEYDAN.TV","isPartOf":{"@id":"https:\/\/www.meydan.tv\/az\/#website"},"primaryImageOfPage":{"@id":"https:\/\/www.meydan.tv\/az\/article\/abs-azerbaycanda-demokratik-prosesleri-desteklediyini-deyir\/#primaryimage"},"image":{"@id":"https:\/\/www.meydan.tv\/az\/article\/abs-azerbaycanda-demokratik-prosesleri-desteklediyini-deyir\/#primaryimage"},"thumbnailUrl":"https:\/\/www.meydan.tv\/wp-content\/uploads\/288028473_10159825291516421_4148643064366579647_n-e1655146551408.jpg","datePublished":"2022-06-13T19:14:00+00:00","dateModified":"2022-06-13T19:14:07+00:00","breadcrumb":{"@id":"https:\/\/www.meydan.tv\/az\/article\/abs-azerbaycanda-demokratik-prosesleri-desteklediyini-deyir\/#breadcrumb"},"inLanguage":"az","potentialAction":[{"@type":"ReadAction","target":["https:\/\/www.meydan.tv\/az\/article\/abs-azerbaycanda-demokratik-prosesleri-desteklediyini-deyir\/"]}]},{"@type":"ImageObject","inLanguage":"az","@id":"https:\/\/www.meydan.tv\/az\/article\/abs-azerbaycanda-demokratik-prosesleri-desteklediyini-deyir\/#primaryimage","url":"https:\/\/www.meydan.tv\/wp-content\/uploads\/288028473_10159825291516421_4148643064366579647_n-e1655146551408.jpg","contentUrl":"https:\/\/www.meydan.tv\/wp-content\/uploads\/288028473_10159825291516421_4148643064366579647_n-e1655146551408.jpg","width":1228,"height":822,"caption":"Kara Makdonald. M\u0259nb\u0259: Facebook"},{"@type":"BreadcrumbList","@id":"https:\/\/www.meydan.tv\/az\/article\/abs-azerbaycanda-demokratik-prosesleri-desteklediyini-deyir\/#breadcrumb","itemListElement":[{"@type":"ListItem","position":1,"name":"Ana s\u0259hif\u0259","item":"https:\/\/www.meydan.tv\/az\/"},{"@type":"ListItem","position":2,"name":"Siyas\u0259t","item":"https:\/\/www.meydan.tv\/az\/section\/siyaset\/"},{"@type":"ListItem","position":3,"name":"AB\u015e Az\u0259rbaycanda demokratik prosesl\u0259ri d\u0259st\u0259kl\u0259diyini deyir"}]},{"@type":"WebSite","@id":"https:\/\/www.meydan.tv\/az\/#website","url":"https:\/\/www.meydan.tv\/az\/","name":"MEYDAN.TV","description":"Meydan TV Az\u0259rbaycan\u0131n media m\u0259kan\u0131ndak\u0131 alternativ s\u0259sidir","publisher":{"@id":"https:\/\/www.meydan.tv\/az\/#organization"},"potentialAction":[{"@type":"SearchAction","target":{"@type":"EntryPoint","urlTemplate":"https:\/\/www.meydan.tv\/az\/?s={search_term_string}"},"query-input":{"@type":"PropertyValueSpecification","valueRequired":true,"valueName":"search_term_string"}}],"inLanguage":"az"},{"@type":"Organization","@id":"https:\/\/www.meydan.tv\/az\/#organization","name":"Meydan TV","url":"https:\/\/www.meydan.tv\/az\/","logo":{"@type":"ImageObject","inLanguage":"az","@id":"https:\/\/www.meydan.tv\/az\/#\/schema\/logo\/image\/","url":"https:\/\/www.meydan.tv\/wp-content\/uploads\/2021\/07\/meydan-logo.svg","contentUrl":"https:\/\/www.meydan.tv\/wp-content\/uploads\/2021\/07\/meydan-logo.svg","width":195,"height":46,"caption":"Meydan TV"},"image":{"@id":"https:\/\/www.meydan.tv\/az\/#\/schema\/logo\/image\/"}},{"@type":"Person","@id":"https:\/\/www.meydan.tv\/az\/#\/schema\/person\/9cdbecf90d17180ce1dfbd95b08dcf47","name":"elli","sameAs":["https:\/\/x.com\/elli"]}]}},"_links":{"self":[{"href":"https:\/\/www.meydan.tv\/az\/wp-json\/wp\/v2\/posts\/248200","targetHints":{"allow":["GET"]}}],"collection":[{"href":"https:\/\/www.meydan.tv\/az\/wp-json\/wp\/v2\/posts"}],"about":[{"href":"https:\/\/www.meydan.tv\/az\/wp-json\/wp\/v2\/types\/post"}],"author":[{"embeddable":true,"href":"https:\/\/www.meydan.tv\/az\/wp-json\/wp\/v2\/users\/8"}],"replies":[{"embeddable":true,"href":"https:\/\/www.meydan.tv\/az\/wp-json\/wp\/v2\/comments?post=248200"}],"version-history":[{"count":1,"href":"https:\/\/www.meydan.tv\/az\/wp-json\/wp\/v2\/posts\/248200\/revisions"}],"predecessor-version":[{"id":248204,"href":"https:\/\/www.meydan.tv\/az\/wp-json\/wp\/v2\/posts\/248200\/revisions\/248204"}],"wp:featuredmedia":[{"embeddable":true,"href":"https:\/\/www.meydan.tv\/az\/wp-json\/wp\/v2\/media\/248201"}],"wp:attachment":[{"href":"https:\/\/www.meydan.tv\/az\/wp-json\/wp\/v2\/media?parent=248200"}],"wp:term":[{"taxonomy":"category","embeddable":true,"href":"https:\/\/www.meydan.tv\/az\/wp-json\/wp\/v2\/categories?post=248200"},{"taxonomy":"post_tag","embeddable":true,"href":"https:\/\/www.meydan.tv\/az\/wp-json\/wp\/v2\/tags?post=248200"}],"curies":[{"name":"wp","href":"https:\/\/api.w.org\/{rel}","templated":true}]}}