{"id":248154,"date":"2022-06-13T15:55:31","date_gmt":"2022-06-13T11:55:31","guid":{"rendered":"https:\/\/www.meydan.tv\/?p=248154"},"modified":"2022-06-13T15:55:33","modified_gmt":"2022-06-13T11:55:33","slug":"imislide-356-neferin-maasi-kimin-cibine-gedib","status":"publish","type":"post","link":"https:\/\/www.meydan.tv\/az\/article\/imislide-356-neferin-maasi-kimin-cibine-gedib\/","title":{"rendered":"\u0130mi\u015flid\u0259 356 n\u0259f\u0259rin maa\u015f\u0131 kimin cibin\u0259 gedib?"},"content":{"rendered":"\n<p><\/p>\n\n\n\n<p><em>V\u0259kil aktda yaz\u0131lanlara etiraz edir<\/em><\/p>\n\n\n\n<p>\u0130mi\u015flinin ke\u00e7mi\u015f icra ba\u015f\u00e7\u0131s\u0131, iki ildir h\u0259bsd\u0259 olan Vilyam Hac\u0131yevin m\u0259hk\u0259m\u0259sind\u0259 s\u0259n\u0259dl\u0259rin t\u0259dqiqi m\u0259rh\u0259l\u0259si davam edir. S\u00f6hb\u0259t maliyy\u0259 yoxlamalar\u0131n\u0131n n\u0259tic\u0259l\u0259ril\u0259 ba\u011fl\u0131 s\u0259n\u0259dl\u0259rd\u0259n gedir.<\/p>\n\n\n\n<p>\u0130yunun 13-d\u0259 Bak\u0131 A\u011f\u0131r Cinay\u0259tl\u0259r M\u0259hk\u0259m\u0259sind\u0259 hakim Az\u0259r Pa\u015fayevin s\u0259drliyil\u0259 ke\u00e7iril\u0259n m\u0259hk\u0259m\u0259 iclas\u0131nda aktlar elan edilib. \u0130cra hakimiyy\u0259tinin f\u0259aliyy\u0259til\u0259 ba\u011fl\u0131 yoxlama akt\u0131nda g\u00f6st\u0259rilib ki, Vilyam Hac\u0131yevin r\u0259hb\u0259rliyi d\u00f6vr\u00fcnd\u0259 356 n\u0259f\u0259rin ad\u0131 \u201cDOST\u201d m\u0259rk\u0259zin\u0259 i\u015fl\u0259 t\u0259min edilmi\u015f \u015f\u0259xs kimi r\u0259smil\u0259\u015fdirilib. \u018fslind\u0259 is\u0259 o adamlar i\u015f\u0259 g\u0259lm\u0259yib, sad\u0259c\u0259, adlar\u0131na \u0259m\u0259khaqq\u0131 yaz\u0131l\u0131b. Bu m\u00fcdd\u0259td\u0259 h\u0259min adamlar\u0131n ad\u0131na olan kartlara \u00fcmumilikd\u0259 481 min manat maa\u015f k\u00f6\u00e7\u00fcr\u00fcl\u00fcb. Lakin h\u0259min \u0259m\u0259khaqq\u0131 ad\u0131 i\u015f\u00e7i kimi r\u0259smil\u0259\u015fdiril\u0259n \u015f\u0259xsl\u0259rin \u00f6zl\u0259rin\u0259 \u00e7atmay\u0131b.<\/p>\n\n\n\n<p>Cinay\u0259t i\u015find\u0259 iddia olunur ki, ad\u0131 s\u0259n\u0259d \u00fcz\u0259rind\u0259 olan i\u015f\u00e7il\u0259rin \u0259m\u0259khaqq\u0131 kartlar\u0131na k\u00f6\u00e7\u00fcr\u00fcl\u0259n v\u0259saitl\u0259r h\u0259bsd\u0259ki sabiq icra ba\u015f\u00e7\u0131s\u0131na \u00e7at\u0131b. Amma Vilyam Hac\u0131yev bu ittiham\u0131 q\u0259bul etmir, h\u0259min v\u0259saitl\u0259rin ona \u00e7atmad\u0131\u011f\u0131n\u0131, bu m\u0259s\u0259l\u0259d\u0259n \u00fcmumiyy\u0259tl\u0259, x\u0259b\u0259rsiz oldu\u011funu deyir.<\/p>\n\n\n\n<p>Akta \u0259sas\u0259n, \u0130mi\u015flid\u0259 rayonun i\u015f\u0131qland\u0131r\u0131lmas\u0131 \u00fc\u00e7\u00fcn i\u015f\u0131q dir\u0259kl\u0259rinin al\u0131nmas\u0131 v\u0259 t\u0259mirin\u0259 162 min manat, d\u00f6vl\u0259t arxivind\u0259 kitablar\u0131n saxlanmas\u0131 \u00fc\u00e7\u00fcn 75 min manat, \u00e7oxm\u0259nzilli binalar\u0131n t\u0259mirin\u0259 1 milyon manat v\u0259sait k\u00f6\u00e7\u00fcr\u00fcl\u00fcb. Lakin h\u0259min v\u0259saitl\u0259r t\u0259yinat\u0131 \u00fczr\u0259 x\u0259rcl\u0259nm\u0259yib.<\/p>\n\n\n\n<p>Bundan ba\u015fqa, \u0130mi\u015fli Rayon M\u0259rk\u0259zi X\u0259st\u0259xanas\u0131n\u0131n t\u0259mirin\u0259 23 min 701 manat, Ya\u015f\u0131lla\u015fd\u0131rma \u0130dar\u0259sin\u0259 559 min manat, \u0130mi\u015fli Turizm \u015e\u00f6b\u0259sin\u0259 118 min manat ayr\u0131l\u0131b. Bu v\u0259saitl\u0259rin d\u0259 s\u0259n\u0259dl\u0259rd\u0259 n\u0259z\u0259rd\u0259 tutuldu\u011fu qaydada x\u0259rcl\u0259nm\u0259diyi iddia olunur.<\/p>\n\n\n\n<figure class=\"wp-block-image size-large\"><img decoding=\"async\" width=\"1200\" height=\"675\" data-src=\"https:\/\/www.meydan.tv\/wp-content\/uploads\/image_from_ios-25-1200x675.jpg\" alt=\"\" class=\"wp-image-240618 lazyload\" src=\"data:image\/svg+xml;base64,PHN2ZyB3aWR0aD0iMSIgaGVpZ2h0PSIxIiB4bWxucz0iaHR0cDovL3d3dy53My5vcmcvMjAwMC9zdmciPjwvc3ZnPg==\" style=\"--smush-placeholder-width: 1200px; --smush-placeholder-aspect-ratio: 1200\/675;\" \/><figcaption>Vilyam Hac\u0131yev. Foto: Meydan TV<\/figcaption><\/figure>\n\n\n\n<p>Sabiq icra ba\u015f\u00e7\u0131s\u0131n\u0131n v\u0259kili Elmar K\u0259rimov aktlarda yaz\u0131lanlara etiraz edib. V\u0259kil deyib ki, aktlarda g\u00f6st\u0259ril\u0259n m\u0259bl\u0259\u011fl\u0259r se\u00e7m\u0259 \u00fcsuluyla apar\u0131l\u0131b:<\/p>\n\n\n\n<p>\u201cBurada s\u00f6hb\u0259t b\u00f6y\u00fck m\u0259bl\u0259\u011fl\u0259rd\u0259n gedir. Akt\u0131 t\u0259rtib ed\u0259n m\u00fct\u0259x\u0259ssis m\u00fctl\u0259q bura g\u0259lib, r\u0259q\u0259ml\u0259r\u0259 ayd\u0131nl\u0131q g\u0259tirm\u0259lidir. Konkretl\u0259\u015fdirm\u0259 \u00fc\u00e7\u00fcn anbarlara bax\u0131\u015f ke\u00e7irilm\u0259lilir, a\u015fkarlanan yeyinti faktlar\u0131 d\u0259qiq hesablanmal\u0131d\u0131r. Bu r\u0259q\u0259ml\u0259r C\u0259mil Musayevin izahatlar\u0131 \u0259sas\u0131nda yaz\u0131l\u0131b. Aktda g\u00f6st\u0259rilib ki, 4 milyon 879 min manat \u0130mi\u015fli rayon \u0130cra Hakimiyy\u0259tinin inzibati binas\u0131n\u0131n tikintisin\u0259 ayr\u0131l\u0131b. Amma bu m\u0259bl\u0259\u011fin n\u0259 q\u0259d\u0259ri m\u0259nims\u0259nilib, n\u0259 q\u0259d\u0259ri x\u0259rcl\u0259nib, o r\u0259q\u0259m d\u0259qiq g\u00f6st\u0259rilm\u0259yib\u201d, &#8211; v\u0259kil bildirib.<\/p>\n\n\n\n<p>M\u00fcdafi\u0259\u00e7i \u0259lav\u0259 edib ki, ara\u015fd\u0131r\u0131lmal\u0131 m\u0259s\u0259l\u0259l\u0259rl\u0259 ba\u011fl\u0131 v\u0259sat\u0259tl\u0259ri var. Onlar\u0131 haz\u0131rlamaq \u00fc\u00e7\u00fcn m\u0259hk\u0259m\u0259d\u0259n vaxt ist\u0259yib. Ona iyunun 17-n\u0259 q\u0259d\u0259r vaxt verilib.<\/p>\n\n\n\n<p>Vilyam Hac\u0131yev 2020-ci ilin may\u0131nda D\u00f6vl\u0259t T\u0259hl\u00fck\u0259sizliyi Xidm\u0259ti (DTX) \u0259m\u0259kda\u015flar\u0131n\u0131n \u0130mi\u015fli rayon \u0130cra Hakimiyy\u0259tind\u0259 ke\u00e7irdiyi \u0259m\u0259liyyat n\u0259tic\u0259sind\u0259 h\u0259bs olunub. O, uzun m\u00fcdd\u0259t DTX-n\u0131n istintaq t\u0259cridxanas\u0131nda saxlan\u0131l\u0131b. M\u0259hk\u0259m\u0259 ba\u015flayanda Bak\u0131 \u0130stintaq T\u0259cridxanas\u0131na k\u00f6\u00e7\u00fcr\u00fcl\u00fcb. Sabiq icra ba\u015f\u00e7\u0131s\u0131 bir m\u00fcdd\u0259t \u0259vv\u0259l\u0259 q\u0259d\u0259r M\u00fcalic\u0259 M\u00fc\u0259ssis\u0259sind\u0259 saxlan\u0131l\u0131rd\u0131.<\/p>\n\n\n\n<p>Vilyam Hac\u0131yev Cinay\u0259t M\u0259c\u0259ll\u0259sinin 179.4 (x\u00fcsusil\u0259 k\u00fclli miqdarda m\u0259nims\u0259m\u0259), 311 (r\u00fc\u015fv\u0259t alma) v\u0259 ba\u015fqa madd\u0259l\u0259ril\u0259 ittiham olunur.<\/p>\n\n\n\n<p>O, 2004-2006-c\u0131 ill\u0259rd\u0259 G\u00f6yg\u00f6l rayonunun, 2006-2012-ci ill\u0259rd\u0259 Samuxun, 2012-2020-ci ill\u0259rd\u0259 is\u0259 \u0130mi\u015flinin icra ba\u015f\u00e7\u0131s\u0131 v\u0259zif\u0259sind\u0259 \u00e7al\u0131\u015f\u0131b.<\/p>\n\n\n\n<p>Vilyam Hac\u0131yevin h\u0259bsind\u0259n sonra DTX onun evind\u0259n, qaraj\u0131ndan qutularda milyonlarla manat, xarici valtitada pullar\u0131n, m\u00fcxt\u0259lif ma\u015f\u0131nlar\u0131n \u00e7\u0131xmas\u0131n\u0131 \u0259ks etdir\u0259n g\u00f6r\u00fcnt\u00fcl\u0259r yay\u0131mlam\u0131\u015fd\u0131.<\/p>\n\n\n\n<p>Vilyam Hac\u0131yev \u00f6z\u00fcn\u00fc t\u0259qsirli bilmir, ittihamlar\u0131n \u015f\u0259r-b\u00f6htan oldu\u011funu, sifari\u015fl\u0259 h\u0259bs edildiyini bildirir.<\/p>\n\n\n\n<p>Az\u0259rbaycanda icra ba\u015f\u00e7\u0131lar\u0131n\u0131n h\u0259bs dal\u011fas\u0131 2019-cu ilin dekabr\u0131ndan ba\u015flay\u0131b. \u0130lk h\u0259bs edil\u0259nl\u0259r A\u011fstafa rayonunun icra ba\u015f\u00e7\u0131s\u0131 Nizam\u0259ddin Quliyev v\u0259 Yevlax\u0131n sabiq icra ba\u015f\u00e7\u0131s\u0131 Qoca S\u0259m\u0259dov olub. 2020-ci ilin ilin fevral\u0131nda Neft\u00e7alan\u0131n, mayda is\u0259 Bil\u0259suvar\u0131n v\u0259 \u0130mi\u015flinin icra ba\u015f\u00e7\u0131s\u0131 h\u0259bs edildi. Ard\u0131nca K\u00fcrd\u0259mir, C\u0259lilabad, \u015e\u0259mkir rayonlar\u0131nda da eyni \u0259m\u0259liyyatlar h\u0259yata ke\u00e7irildi.<\/p>\n","protected":false},"excerpt":{"rendered":"<p>V\u0259kil aktda yaz\u0131lanlara etiraz edir \u0130mi\u015flinin ke\u00e7mi\u015f icra ba\u015f\u00e7\u0131s\u0131, iki &#8230; <\/p>\n<p class=\"read-more-container\"><a title=\"\u0130mi\u015flid\u0259 356 n\u0259f\u0259rin maa\u015f\u0131 kimin cibin\u0259 gedib?\" class=\"read-more button\" href=\"https:\/\/www.meydan.tv\/az\/article\/imislide-356-neferin-maasi-kimin-cibine-gedib\/#more-248154\" aria-label=\"Read more about \u0130mi\u015flid\u0259 356 n\u0259f\u0259rin maa\u015f\u0131 kimin cibin\u0259 gedib?\">Davam\u0131<\/a><\/p>\n","protected":false},"author":8,"featured_media":147500,"comment_status":"closed","ping_status":"closed","sticky":false,"template":"","format":"standard","meta":{"_acf_changed":false,"_sitemap_exclude":false,"_sitemap_priority":"","_sitemap_frequency":"","footnotes":""},"categories":[60,79,56],"tags":[],"class_list":["post-248154","post","type-post","status-publish","format-standard","has-post-thumbnail","hentry","category-bolge","category-featured","category-xeberler","infinite-scroll-item","generate-columns","tablet-grid-50","mobile-grid-100","grid-parent","grid-33","no-featured-image-padding"],"acf":[],"yoast_head":"<!-- This site is optimized with the Yoast SEO plugin v27.5 - https:\/\/yoast.com\/product\/yoast-seo-wordpress\/ -->\n<title>\u0130mi\u015flid\u0259 356 n\u0259f\u0259rin maa\u015f\u0131 kimin cibin\u0259 gedib? - MEYDAN.TV<\/title>\n<meta name=\"robots\" content=\"index, follow, max-snippet:-1, max-image-preview:large, max-video-preview:-1\" \/>\n<link rel=\"canonical\" href=\"https:\/\/www.meydan.tv\/az\/article\/imislide-356-neferin-maasi-kimin-cibine-gedib\/\" \/>\n<meta property=\"og:locale\" content=\"az_AZ\" \/>\n<meta property=\"og:type\" content=\"article\" \/>\n<meta property=\"og:title\" content=\"\u0130mi\u015flid\u0259 356 n\u0259f\u0259rin maa\u015f\u0131 kimin cibin\u0259 gedib? - MEYDAN.TV\" \/>\n<meta property=\"og:description\" content=\"V\u0259kil aktda yaz\u0131lanlara etiraz edir \u0130mi\u015flinin ke\u00e7mi\u015f icra ba\u015f\u00e7\u0131s\u0131, iki ... Davam\u0131\" \/>\n<meta property=\"og:url\" content=\"https:\/\/www.meydan.tv\/az\/article\/imislide-356-neferin-maasi-kimin-cibine-gedib\/\" \/>\n<meta property=\"og:site_name\" content=\"MEYDAN.TV\" \/>\n<meta property=\"article:published_time\" content=\"2022-06-13T11:55:31+00:00\" \/>\n<meta property=\"article:modified_time\" content=\"2022-06-13T11:55:33+00:00\" \/>\n<meta property=\"og:image\" content=\"https:\/\/www.meydan.tv\/wp-content\/uploads\/manat-1.jpg\" \/>\n\t<meta property=\"og:image:width\" content=\"1024\" \/>\n\t<meta property=\"og:image:height\" content=\"639\" \/>\n\t<meta property=\"og:image:type\" content=\"image\/jpeg\" \/>\n<meta name=\"author\" content=\"elli\" \/>\n<meta name=\"twitter:card\" content=\"summary_large_image\" \/>\n<meta name=\"twitter:creator\" content=\"@elli\" \/>\n<script type=\"application\/ld+json\" class=\"yoast-schema-graph\">{\"@context\":\"https:\\\/\\\/schema.org\",\"@graph\":[{\"@type\":\"Article\",\"@id\":\"https:\\\/\\\/www.meydan.tv\\\/az\\\/article\\\/imislide-356-neferin-maasi-kimin-cibine-gedib\\\/#article\",\"isPartOf\":{\"@id\":\"https:\\\/\\\/www.meydan.tv\\\/az\\\/article\\\/imislide-356-neferin-maasi-kimin-cibine-gedib\\\/\"},\"author\":{\"name\":\"elli\",\"@id\":\"https:\\\/\\\/www.meydan.tv\\\/az\\\/#\\\/schema\\\/person\\\/9cdbecf90d17180ce1dfbd95b08dcf47\"},\"headline\":\"\u0130mi\u015flid\u0259 356 n\u0259f\u0259rin maa\u015f\u0131 kimin cibin\u0259 gedib?\",\"datePublished\":\"2022-06-13T11:55:31+00:00\",\"dateModified\":\"2022-06-13T11:55:33+00:00\",\"mainEntityOfPage\":{\"@id\":\"https:\\\/\\\/www.meydan.tv\\\/az\\\/article\\\/imislide-356-neferin-maasi-kimin-cibine-gedib\\\/\"},\"wordCount\":876,\"publisher\":{\"@id\":\"https:\\\/\\\/www.meydan.tv\\\/az\\\/#organization\"},\"image\":{\"@id\":\"https:\\\/\\\/www.meydan.tv\\\/az\\\/article\\\/imislide-356-neferin-maasi-kimin-cibine-gedib\\\/#primaryimage\"},\"thumbnailUrl\":\"https:\\\/\\\/www.meydan.tv\\\/wp-content\\\/uploads\\\/manat-1.jpg\",\"articleSection\":[\"B\u00f6lg\u0259\",\"T\u00f6vsiy\u0259\",\"X\u0259b\u0259rl\u0259r\"],\"inLanguage\":\"az\"},{\"@type\":\"WebPage\",\"@id\":\"https:\\\/\\\/www.meydan.tv\\\/az\\\/article\\\/imislide-356-neferin-maasi-kimin-cibine-gedib\\\/\",\"url\":\"https:\\\/\\\/www.meydan.tv\\\/az\\\/article\\\/imislide-356-neferin-maasi-kimin-cibine-gedib\\\/\",\"name\":\"\u0130mi\u015flid\u0259 356 n\u0259f\u0259rin maa\u015f\u0131 kimin cibin\u0259 gedib? - MEYDAN.TV\",\"isPartOf\":{\"@id\":\"https:\\\/\\\/www.meydan.tv\\\/az\\\/#website\"},\"primaryImageOfPage\":{\"@id\":\"https:\\\/\\\/www.meydan.tv\\\/az\\\/article\\\/imislide-356-neferin-maasi-kimin-cibine-gedib\\\/#primaryimage\"},\"image\":{\"@id\":\"https:\\\/\\\/www.meydan.tv\\\/az\\\/article\\\/imislide-356-neferin-maasi-kimin-cibine-gedib\\\/#primaryimage\"},\"thumbnailUrl\":\"https:\\\/\\\/www.meydan.tv\\\/wp-content\\\/uploads\\\/manat-1.jpg\",\"datePublished\":\"2022-06-13T11:55:31+00:00\",\"dateModified\":\"2022-06-13T11:55:33+00:00\",\"breadcrumb\":{\"@id\":\"https:\\\/\\\/www.meydan.tv\\\/az\\\/article\\\/imislide-356-neferin-maasi-kimin-cibine-gedib\\\/#breadcrumb\"},\"inLanguage\":\"az\",\"potentialAction\":[{\"@type\":\"ReadAction\",\"target\":[\"https:\\\/\\\/www.meydan.tv\\\/az\\\/article\\\/imislide-356-neferin-maasi-kimin-cibine-gedib\\\/\"]}]},{\"@type\":\"ImageObject\",\"inLanguage\":\"az\",\"@id\":\"https:\\\/\\\/www.meydan.tv\\\/az\\\/article\\\/imislide-356-neferin-maasi-kimin-cibine-gedib\\\/#primaryimage\",\"url\":\"https:\\\/\\\/www.meydan.tv\\\/wp-content\\\/uploads\\\/manat-1.jpg\",\"contentUrl\":\"https:\\\/\\\/www.meydan.tv\\\/wp-content\\\/uploads\\\/manat-1.jpg\",\"width\":1024,\"height\":639,\"caption\":\"M\u0259nb\u0259: M\u0259rk\u0259zi Bank\"},{\"@type\":\"BreadcrumbList\",\"@id\":\"https:\\\/\\\/www.meydan.tv\\\/az\\\/article\\\/imislide-356-neferin-maasi-kimin-cibine-gedib\\\/#breadcrumb\",\"itemListElement\":[{\"@type\":\"ListItem\",\"position\":1,\"name\":\"Ana s\u0259hif\u0259\",\"item\":\"https:\\\/\\\/www.meydan.tv\\\/az\\\/\"},{\"@type\":\"ListItem\",\"position\":2,\"name\":\"B\u00f6lg\u0259\",\"item\":\"https:\\\/\\\/www.meydan.tv\\\/az\\\/section\\\/bolge\\\/\"},{\"@type\":\"ListItem\",\"position\":3,\"name\":\"\u0130mi\u015flid\u0259 356 n\u0259f\u0259rin maa\u015f\u0131 kimin cibin\u0259 gedib?\"}]},{\"@type\":\"WebSite\",\"@id\":\"https:\\\/\\\/www.meydan.tv\\\/az\\\/#website\",\"url\":\"https:\\\/\\\/www.meydan.tv\\\/az\\\/\",\"name\":\"MEYDAN.TV\",\"description\":\"Meydan TV Az\u0259rbaycan\u0131n media m\u0259kan\u0131ndak\u0131 alternativ s\u0259sidir\",\"publisher\":{\"@id\":\"https:\\\/\\\/www.meydan.tv\\\/az\\\/#organization\"},\"potentialAction\":[{\"@type\":\"SearchAction\",\"target\":{\"@type\":\"EntryPoint\",\"urlTemplate\":\"https:\\\/\\\/www.meydan.tv\\\/az\\\/?s={search_term_string}\"},\"query-input\":{\"@type\":\"PropertyValueSpecification\",\"valueRequired\":true,\"valueName\":\"search_term_string\"}}],\"inLanguage\":\"az\"},{\"@type\":\"Organization\",\"@id\":\"https:\\\/\\\/www.meydan.tv\\\/az\\\/#organization\",\"name\":\"Meydan TV\",\"url\":\"https:\\\/\\\/www.meydan.tv\\\/az\\\/\",\"logo\":{\"@type\":\"ImageObject\",\"inLanguage\":\"az\",\"@id\":\"https:\\\/\\\/www.meydan.tv\\\/az\\\/#\\\/schema\\\/logo\\\/image\\\/\",\"url\":\"https:\\\/\\\/www.meydan.tv\\\/wp-content\\\/uploads\\\/2021\\\/07\\\/meydan-logo.svg\",\"contentUrl\":\"https:\\\/\\\/www.meydan.tv\\\/wp-content\\\/uploads\\\/2021\\\/07\\\/meydan-logo.svg\",\"width\":195,\"height\":46,\"caption\":\"Meydan TV\"},\"image\":{\"@id\":\"https:\\\/\\\/www.meydan.tv\\\/az\\\/#\\\/schema\\\/logo\\\/image\\\/\"}},{\"@type\":\"Person\",\"@id\":\"https:\\\/\\\/www.meydan.tv\\\/az\\\/#\\\/schema\\\/person\\\/9cdbecf90d17180ce1dfbd95b08dcf47\",\"name\":\"elli\",\"sameAs\":[\"https:\\\/\\\/x.com\\\/elli\"]}]}<\/script>\n<!-- \/ Yoast SEO plugin. -->","yoast_head_json":{"title":"\u0130mi\u015flid\u0259 356 n\u0259f\u0259rin maa\u015f\u0131 kimin cibin\u0259 gedib? - MEYDAN.TV","robots":{"index":"index","follow":"follow","max-snippet":"max-snippet:-1","max-image-preview":"max-image-preview:large","max-video-preview":"max-video-preview:-1"},"canonical":"https:\/\/www.meydan.tv\/az\/article\/imislide-356-neferin-maasi-kimin-cibine-gedib\/","og_locale":"az_AZ","og_type":"article","og_title":"\u0130mi\u015flid\u0259 356 n\u0259f\u0259rin maa\u015f\u0131 kimin cibin\u0259 gedib? - MEYDAN.TV","og_description":"V\u0259kil aktda yaz\u0131lanlara etiraz edir \u0130mi\u015flinin ke\u00e7mi\u015f icra ba\u015f\u00e7\u0131s\u0131, iki ... Davam\u0131","og_url":"https:\/\/www.meydan.tv\/az\/article\/imislide-356-neferin-maasi-kimin-cibine-gedib\/","og_site_name":"MEYDAN.TV","article_published_time":"2022-06-13T11:55:31+00:00","article_modified_time":"2022-06-13T11:55:33+00:00","og_image":[{"width":1024,"height":639,"url":"https:\/\/www.meydan.tv\/wp-content\/uploads\/manat-1.jpg","type":"image\/jpeg"}],"author":"elli","twitter_card":"summary_large_image","twitter_creator":"@elli","schema":{"@context":"https:\/\/schema.org","@graph":[{"@type":"Article","@id":"https:\/\/www.meydan.tv\/az\/article\/imislide-356-neferin-maasi-kimin-cibine-gedib\/#article","isPartOf":{"@id":"https:\/\/www.meydan.tv\/az\/article\/imislide-356-neferin-maasi-kimin-cibine-gedib\/"},"author":{"name":"elli","@id":"https:\/\/www.meydan.tv\/az\/#\/schema\/person\/9cdbecf90d17180ce1dfbd95b08dcf47"},"headline":"\u0130mi\u015flid\u0259 356 n\u0259f\u0259rin maa\u015f\u0131 kimin cibin\u0259 gedib?","datePublished":"2022-06-13T11:55:31+00:00","dateModified":"2022-06-13T11:55:33+00:00","mainEntityOfPage":{"@id":"https:\/\/www.meydan.tv\/az\/article\/imislide-356-neferin-maasi-kimin-cibine-gedib\/"},"wordCount":876,"publisher":{"@id":"https:\/\/www.meydan.tv\/az\/#organization"},"image":{"@id":"https:\/\/www.meydan.tv\/az\/article\/imislide-356-neferin-maasi-kimin-cibine-gedib\/#primaryimage"},"thumbnailUrl":"https:\/\/www.meydan.tv\/wp-content\/uploads\/manat-1.jpg","articleSection":["B\u00f6lg\u0259","T\u00f6vsiy\u0259","X\u0259b\u0259rl\u0259r"],"inLanguage":"az"},{"@type":"WebPage","@id":"https:\/\/www.meydan.tv\/az\/article\/imislide-356-neferin-maasi-kimin-cibine-gedib\/","url":"https:\/\/www.meydan.tv\/az\/article\/imislide-356-neferin-maasi-kimin-cibine-gedib\/","name":"\u0130mi\u015flid\u0259 356 n\u0259f\u0259rin maa\u015f\u0131 kimin cibin\u0259 gedib? - MEYDAN.TV","isPartOf":{"@id":"https:\/\/www.meydan.tv\/az\/#website"},"primaryImageOfPage":{"@id":"https:\/\/www.meydan.tv\/az\/article\/imislide-356-neferin-maasi-kimin-cibine-gedib\/#primaryimage"},"image":{"@id":"https:\/\/www.meydan.tv\/az\/article\/imislide-356-neferin-maasi-kimin-cibine-gedib\/#primaryimage"},"thumbnailUrl":"https:\/\/www.meydan.tv\/wp-content\/uploads\/manat-1.jpg","datePublished":"2022-06-13T11:55:31+00:00","dateModified":"2022-06-13T11:55:33+00:00","breadcrumb":{"@id":"https:\/\/www.meydan.tv\/az\/article\/imislide-356-neferin-maasi-kimin-cibine-gedib\/#breadcrumb"},"inLanguage":"az","potentialAction":[{"@type":"ReadAction","target":["https:\/\/www.meydan.tv\/az\/article\/imislide-356-neferin-maasi-kimin-cibine-gedib\/"]}]},{"@type":"ImageObject","inLanguage":"az","@id":"https:\/\/www.meydan.tv\/az\/article\/imislide-356-neferin-maasi-kimin-cibine-gedib\/#primaryimage","url":"https:\/\/www.meydan.tv\/wp-content\/uploads\/manat-1.jpg","contentUrl":"https:\/\/www.meydan.tv\/wp-content\/uploads\/manat-1.jpg","width":1024,"height":639,"caption":"M\u0259nb\u0259: M\u0259rk\u0259zi Bank"},{"@type":"BreadcrumbList","@id":"https:\/\/www.meydan.tv\/az\/article\/imislide-356-neferin-maasi-kimin-cibine-gedib\/#breadcrumb","itemListElement":[{"@type":"ListItem","position":1,"name":"Ana s\u0259hif\u0259","item":"https:\/\/www.meydan.tv\/az\/"},{"@type":"ListItem","position":2,"name":"B\u00f6lg\u0259","item":"https:\/\/www.meydan.tv\/az\/section\/bolge\/"},{"@type":"ListItem","position":3,"name":"\u0130mi\u015flid\u0259 356 n\u0259f\u0259rin maa\u015f\u0131 kimin cibin\u0259 gedib?"}]},{"@type":"WebSite","@id":"https:\/\/www.meydan.tv\/az\/#website","url":"https:\/\/www.meydan.tv\/az\/","name":"MEYDAN.TV","description":"Meydan TV Az\u0259rbaycan\u0131n media m\u0259kan\u0131ndak\u0131 alternativ s\u0259sidir","publisher":{"@id":"https:\/\/www.meydan.tv\/az\/#organization"},"potentialAction":[{"@type":"SearchAction","target":{"@type":"EntryPoint","urlTemplate":"https:\/\/www.meydan.tv\/az\/?s={search_term_string}"},"query-input":{"@type":"PropertyValueSpecification","valueRequired":true,"valueName":"search_term_string"}}],"inLanguage":"az"},{"@type":"Organization","@id":"https:\/\/www.meydan.tv\/az\/#organization","name":"Meydan TV","url":"https:\/\/www.meydan.tv\/az\/","logo":{"@type":"ImageObject","inLanguage":"az","@id":"https:\/\/www.meydan.tv\/az\/#\/schema\/logo\/image\/","url":"https:\/\/www.meydan.tv\/wp-content\/uploads\/2021\/07\/meydan-logo.svg","contentUrl":"https:\/\/www.meydan.tv\/wp-content\/uploads\/2021\/07\/meydan-logo.svg","width":195,"height":46,"caption":"Meydan TV"},"image":{"@id":"https:\/\/www.meydan.tv\/az\/#\/schema\/logo\/image\/"}},{"@type":"Person","@id":"https:\/\/www.meydan.tv\/az\/#\/schema\/person\/9cdbecf90d17180ce1dfbd95b08dcf47","name":"elli","sameAs":["https:\/\/x.com\/elli"]}]}},"_links":{"self":[{"href":"https:\/\/www.meydan.tv\/az\/wp-json\/wp\/v2\/posts\/248154","targetHints":{"allow":["GET"]}}],"collection":[{"href":"https:\/\/www.meydan.tv\/az\/wp-json\/wp\/v2\/posts"}],"about":[{"href":"https:\/\/www.meydan.tv\/az\/wp-json\/wp\/v2\/types\/post"}],"author":[{"embeddable":true,"href":"https:\/\/www.meydan.tv\/az\/wp-json\/wp\/v2\/users\/8"}],"replies":[{"embeddable":true,"href":"https:\/\/www.meydan.tv\/az\/wp-json\/wp\/v2\/comments?post=248154"}],"version-history":[{"count":1,"href":"https:\/\/www.meydan.tv\/az\/wp-json\/wp\/v2\/posts\/248154\/revisions"}],"predecessor-version":[{"id":248155,"href":"https:\/\/www.meydan.tv\/az\/wp-json\/wp\/v2\/posts\/248154\/revisions\/248155"}],"wp:featuredmedia":[{"embeddable":true,"href":"https:\/\/www.meydan.tv\/az\/wp-json\/wp\/v2\/media\/147500"}],"wp:attachment":[{"href":"https:\/\/www.meydan.tv\/az\/wp-json\/wp\/v2\/media?parent=248154"}],"wp:term":[{"taxonomy":"category","embeddable":true,"href":"https:\/\/www.meydan.tv\/az\/wp-json\/wp\/v2\/categories?post=248154"},{"taxonomy":"post_tag","embeddable":true,"href":"https:\/\/www.meydan.tv\/az\/wp-json\/wp\/v2\/tags?post=248154"}],"curies":[{"name":"wp","href":"https:\/\/api.w.org\/{rel}","templated":true}]}}