{"id":248129,"date":"2022-06-13T14:44:14","date_gmt":"2022-06-13T10:44:14","guid":{"rendered":"https:\/\/www.meydan.tv\/?p=248129"},"modified":"2022-06-13T14:44:16","modified_gmt":"2022-06-13T10:44:16","slug":"aki-sedri-ve-idare-heyetinin-selahiyyetleri-tesdiqlendi","status":"publish","type":"post","link":"https:\/\/www.meydan.tv\/az\/article\/aki-sedri-ve-idare-heyetinin-selahiyyetleri-tesdiqlendi\/","title":{"rendered":"AK\u0130 s\u0259dri v\u0259 \u0130dar\u0259 Hey\u0259tinin s\u0259lahiyy\u0259tl\u0259ri t\u0259sdiql\u0259ndi"},"content":{"rendered":"\n<p><\/p>\n\n\n\n<p><em>\u0130ttifaq\u0131n \u0130dar\u0259 Hey\u0259tinin Rasim Balayevl\u0259 birg\u0259 21 \u00fczv\u00fc var<\/em><\/p>\n\n\n\n<p>\u0130yunun 13-d\u0259 \u018fdliyy\u0259 Nazirliyi Az\u0259rbaycan Kinematoqraf\u00e7\u0131lar \u0130ttifaq\u0131n\u0131n (AK\u0130) s\u0259dri Rasim Balayevin v\u0259 \u0130dar\u0259 Hey\u0259tinin yeni t\u0259rkibinin s\u0259lahiyy\u0259tl\u0259rini t\u0259sdiql\u0259yib.<\/p>\n\n\n\n<p>Bu bar\u0259d\u0259 Az\u0259rbaycan Kinematoqraf\u00e7\u0131lar \u0130ttifaq\u0131 m\u0259lumat <a href=\"https:\/\/www.facebook.com\/kinoittifaq\/posts\/pfbid0HsNkwQFoWSAkbyT51WivNURr4BbRCz9gnJd5jzXchDjCnYXy28qoubZqUDXbpUv6l\" target=\"_blank\" rel=\"noreferrer noopener\">yay\u0131b<\/a>.<\/p>\n\n\n\n<p>May\u0131n 31-d\u0259 Xalq artisti, kinoaktyor Rasim Balayev Az\u0259rbaycan Kinematoqraf\u00e7\u0131lar \u0130ttifaq\u0131n\u0131n (AK\u0130) s\u0259dri se\u00e7ilib.<\/p>\n\n\n\n<p>Rasim \u018fhm\u0259d o\u011flu Balayev 1948-ci ild\u0259 A\u011fsuda do\u011fulub.<\/p>\n\n\n\n<p>1964-1969-cu ill\u0259rd\u0259 Az\u0259rbaycan D\u00f6vl\u0259t \u0130nc\u0259s\u0259n\u0259t \u0130nstitutunda t\u0259hsil <a href=\"https:\/\/www.meydan.tv\/az\/article\/rasim-balayev-kinematoqrafcilar-ittifaqinin-sedri-secilib\/\" target=\"_blank\" rel=\"noreferrer noopener\">al\u0131b<\/a>.<\/p>\n\n\n\n<p>Rasim Balayevl\u0259 birg\u0259 AK\u0130 \u0130dar\u0259 Hey\u0259tinin 21 \u00fczv\u00fc var, onlar\u0131n aras\u0131nda Xalq yaz\u0131\u00e7\u0131s\u0131 Anar Rzayev, Az\u0259rbaycan D\u00f6vl\u0259t R\u0259ssaml\u0131q Akademiyas\u0131n\u0131n professoru, \u018fm\u0259kdar inc\u0259s\u0259n\u0259t xadimi Fir\u0259ngiz Qurbanova, kinorejissor, \u018fm\u0259kdar inc\u0259s\u0259n\u0259t xadimi C\u0259mil F\u0259r\u0259cov, \u015fair-t\u0259rc\u00fcm\u0259\u00e7i Baba V\u0259ziro\u011flu, kinorejissor, prod\u00fcser, ssenarist \u018fli \u0130sa Cabbarov v\u0259 dig\u0259rl\u0259ri daxildir.<\/p>\n\n\n\n<p>Sonuncu iclasda Fatima \u0130brahimb\u0259yova, Qulu M\u0259h\u0259rr\u0259mli, Nadir B\u0259d\u0259lov v\u0259 R\u00f6v\u015f\u0259n \u0130sax da \u0130dar\u0259 Hey\u0259tin\u0259 se\u00e7ilibl\u0259r.<\/p>\n\n\n\n<p>Az\u0259rbaycan Kinematoqraf\u00e7\u0131lar \u0130ttifaq\u0131 1963-c\u00fc il yanvar\u0131n 11-d\u0259 Respublika Kinematoqrafiya \u0130\u015f\u00e7il\u0259rinin I T\u0259sisat Qurultay\u0131nda yarad\u0131l\u0131b.<\/p>\n\n\n\n<p>T\u0259\u015fkilat\u0131n 1981-ci ild\u0259 ke\u00e7iril\u0259n V qurultay\u0131nda kinodramaturq R\u00fcst\u0259m \u0130brahimb\u0259yov AK\u0130-nin birinci katibi se\u00e7ilib.<\/p>\n\n\n\n<p>R\u00fcst\u0259m \u0130brahimb\u0259yov 2022-ci il mart\u0131n 11-d\u0259 uzun s\u00fcr\u0259n x\u0259st\u0259likd\u0259n v\u0259fat edib.<\/p>\n\n\n\n<p>\u0130ttifaq MDB v\u0259 Baltik \u00f6lk\u0259l\u0259ri Kino \u0130ttifaqlar\u0131 Konfederasiyas\u0131n\u0131n \u00fczv\u00fc v\u0259 t\u0259sis\u00e7il\u0259rind\u0259ndir.<\/p>\n\n\n\n<p>AK\u0130 Az\u0259rbaycan\u0131n pe\u015f\u0259kar yarad\u0131c\u0131 kino i\u015f\u00e7il\u0259rini k\u00f6n\u00fcll\u00fc \u0259saslarla birl\u0259\u015fdir\u0259n ictimai, m\u00fcst\u0259qil t\u0259\u015fkilatd\u0131r.<\/p>\n","protected":false},"excerpt":{"rendered":"<p>\u0130ttifaq\u0131n \u0130dar\u0259 Hey\u0259tinin Rasim Balayevl\u0259 birg\u0259 21 \u00fczv\u00fc var \u0130yunun &#8230; <\/p>\n<p class=\"read-more-container\"><a title=\"AK\u0130 s\u0259dri v\u0259 \u0130dar\u0259 Hey\u0259tinin s\u0259lahiyy\u0259tl\u0259ri t\u0259sdiql\u0259ndi\" class=\"read-more button\" href=\"https:\/\/www.meydan.tv\/az\/article\/aki-sedri-ve-idare-heyetinin-selahiyyetleri-tesdiqlendi\/#more-248129\" aria-label=\"Read more about AK\u0130 s\u0259dri v\u0259 \u0130dar\u0259 Hey\u0259tinin s\u0259lahiyy\u0259tl\u0259ri t\u0259sdiql\u0259ndi\">Davam\u0131<\/a><\/p>\n","protected":false},"author":8,"featured_media":246974,"comment_status":"closed","ping_status":"closed","sticky":false,"template":"","format":"standard","meta":{"_acf_changed":false,"_sitemap_exclude":false,"_sitemap_priority":"","_sitemap_frequency":"","footnotes":""},"categories":[52,56],"tags":[],"class_list":["post-248129","post","type-post","status-publish","format-standard","has-post-thumbnail","hentry","category-medeniyyet","category-xeberler","infinite-scroll-item","generate-columns","tablet-grid-50","mobile-grid-100","grid-parent","grid-33","no-featured-image-padding"],"acf":[],"yoast_head":"<!-- This site is optimized with the Yoast SEO plugin v27.5 - https:\/\/yoast.com\/product\/yoast-seo-wordpress\/ -->\n<title>AK\u0130 s\u0259dri v\u0259 \u0130dar\u0259 Hey\u0259tinin s\u0259lahiyy\u0259tl\u0259ri t\u0259sdiql\u0259ndi - MEYDAN.TV<\/title>\n<meta name=\"robots\" content=\"index, follow, max-snippet:-1, max-image-preview:large, max-video-preview:-1\" \/>\n<link rel=\"canonical\" href=\"https:\/\/www.meydan.tv\/az\/article\/aki-sedri-ve-idare-heyetinin-selahiyyetleri-tesdiqlendi\/\" \/>\n<meta property=\"og:locale\" content=\"az_AZ\" \/>\n<meta property=\"og:type\" content=\"article\" \/>\n<meta property=\"og:title\" content=\"AK\u0130 s\u0259dri v\u0259 \u0130dar\u0259 Hey\u0259tinin s\u0259lahiyy\u0259tl\u0259ri t\u0259sdiql\u0259ndi - MEYDAN.TV\" \/>\n<meta property=\"og:description\" content=\"\u0130ttifaq\u0131n \u0130dar\u0259 Hey\u0259tinin Rasim Balayevl\u0259 birg\u0259 21 \u00fczv\u00fc var \u0130yunun ... Davam\u0131\" \/>\n<meta property=\"og:url\" content=\"https:\/\/www.meydan.tv\/az\/article\/aki-sedri-ve-idare-heyetinin-selahiyyetleri-tesdiqlendi\/\" \/>\n<meta property=\"og:site_name\" content=\"MEYDAN.TV\" \/>\n<meta property=\"article:published_time\" content=\"2022-06-13T10:44:14+00:00\" \/>\n<meta property=\"article:modified_time\" content=\"2022-06-13T10:44:16+00:00\" \/>\n<meta property=\"og:image\" content=\"https:\/\/www.meydan.tv\/wp-content\/uploads\/image-from-ios-185-scaled.jpg\" \/>\n\t<meta property=\"og:image:width\" content=\"2560\" \/>\n\t<meta property=\"og:image:height\" content=\"1920\" \/>\n\t<meta property=\"og:image:type\" content=\"image\/jpeg\" \/>\n<meta name=\"author\" content=\"elli\" \/>\n<meta name=\"twitter:card\" content=\"summary_large_image\" \/>\n<meta name=\"twitter:creator\" content=\"@elli\" \/>\n<script type=\"application\/ld+json\" class=\"yoast-schema-graph\">{\"@context\":\"https:\\\/\\\/schema.org\",\"@graph\":[{\"@type\":\"Article\",\"@id\":\"https:\\\/\\\/www.meydan.tv\\\/az\\\/article\\\/aki-sedri-ve-idare-heyetinin-selahiyyetleri-tesdiqlendi\\\/#article\",\"isPartOf\":{\"@id\":\"https:\\\/\\\/www.meydan.tv\\\/az\\\/article\\\/aki-sedri-ve-idare-heyetinin-selahiyyetleri-tesdiqlendi\\\/\"},\"author\":{\"name\":\"elli\",\"@id\":\"https:\\\/\\\/www.meydan.tv\\\/az\\\/#\\\/schema\\\/person\\\/9cdbecf90d17180ce1dfbd95b08dcf47\"},\"headline\":\"AK\u0130 s\u0259dri v\u0259 \u0130dar\u0259 Hey\u0259tinin s\u0259lahiyy\u0259tl\u0259ri t\u0259sdiql\u0259ndi\",\"datePublished\":\"2022-06-13T10:44:14+00:00\",\"dateModified\":\"2022-06-13T10:44:16+00:00\",\"mainEntityOfPage\":{\"@id\":\"https:\\\/\\\/www.meydan.tv\\\/az\\\/article\\\/aki-sedri-ve-idare-heyetinin-selahiyyetleri-tesdiqlendi\\\/\"},\"wordCount\":326,\"publisher\":{\"@id\":\"https:\\\/\\\/www.meydan.tv\\\/az\\\/#organization\"},\"image\":{\"@id\":\"https:\\\/\\\/www.meydan.tv\\\/az\\\/article\\\/aki-sedri-ve-idare-heyetinin-selahiyyetleri-tesdiqlendi\\\/#primaryimage\"},\"thumbnailUrl\":\"https:\\\/\\\/www.meydan.tv\\\/wp-content\\\/uploads\\\/image-from-ios-185-scaled.jpg\",\"articleSection\":[\"M\u0259d\u0259niyy\u0259t\",\"X\u0259b\u0259rl\u0259r\"],\"inLanguage\":\"az\"},{\"@type\":\"WebPage\",\"@id\":\"https:\\\/\\\/www.meydan.tv\\\/az\\\/article\\\/aki-sedri-ve-idare-heyetinin-selahiyyetleri-tesdiqlendi\\\/\",\"url\":\"https:\\\/\\\/www.meydan.tv\\\/az\\\/article\\\/aki-sedri-ve-idare-heyetinin-selahiyyetleri-tesdiqlendi\\\/\",\"name\":\"AK\u0130 s\u0259dri v\u0259 \u0130dar\u0259 Hey\u0259tinin s\u0259lahiyy\u0259tl\u0259ri t\u0259sdiql\u0259ndi - MEYDAN.TV\",\"isPartOf\":{\"@id\":\"https:\\\/\\\/www.meydan.tv\\\/az\\\/#website\"},\"primaryImageOfPage\":{\"@id\":\"https:\\\/\\\/www.meydan.tv\\\/az\\\/article\\\/aki-sedri-ve-idare-heyetinin-selahiyyetleri-tesdiqlendi\\\/#primaryimage\"},\"image\":{\"@id\":\"https:\\\/\\\/www.meydan.tv\\\/az\\\/article\\\/aki-sedri-ve-idare-heyetinin-selahiyyetleri-tesdiqlendi\\\/#primaryimage\"},\"thumbnailUrl\":\"https:\\\/\\\/www.meydan.tv\\\/wp-content\\\/uploads\\\/image-from-ios-185-scaled.jpg\",\"datePublished\":\"2022-06-13T10:44:14+00:00\",\"dateModified\":\"2022-06-13T10:44:16+00:00\",\"breadcrumb\":{\"@id\":\"https:\\\/\\\/www.meydan.tv\\\/az\\\/article\\\/aki-sedri-ve-idare-heyetinin-selahiyyetleri-tesdiqlendi\\\/#breadcrumb\"},\"inLanguage\":\"az\",\"potentialAction\":[{\"@type\":\"ReadAction\",\"target\":[\"https:\\\/\\\/www.meydan.tv\\\/az\\\/article\\\/aki-sedri-ve-idare-heyetinin-selahiyyetleri-tesdiqlendi\\\/\"]}]},{\"@type\":\"ImageObject\",\"inLanguage\":\"az\",\"@id\":\"https:\\\/\\\/www.meydan.tv\\\/az\\\/article\\\/aki-sedri-ve-idare-heyetinin-selahiyyetleri-tesdiqlendi\\\/#primaryimage\",\"url\":\"https:\\\/\\\/www.meydan.tv\\\/wp-content\\\/uploads\\\/image-from-ios-185-scaled.jpg\",\"contentUrl\":\"https:\\\/\\\/www.meydan.tv\\\/wp-content\\\/uploads\\\/image-from-ios-185-scaled.jpg\",\"width\":2560,\"height\":1920,\"caption\":\"M\u0259nb\u0259: AK\u0130\"},{\"@type\":\"BreadcrumbList\",\"@id\":\"https:\\\/\\\/www.meydan.tv\\\/az\\\/article\\\/aki-sedri-ve-idare-heyetinin-selahiyyetleri-tesdiqlendi\\\/#breadcrumb\",\"itemListElement\":[{\"@type\":\"ListItem\",\"position\":1,\"name\":\"Ana s\u0259hif\u0259\",\"item\":\"https:\\\/\\\/www.meydan.tv\\\/az\\\/\"},{\"@type\":\"ListItem\",\"position\":2,\"name\":\"M\u0259d\u0259niyy\u0259t\",\"item\":\"https:\\\/\\\/www.meydan.tv\\\/az\\\/section\\\/medeniyyet\\\/\"},{\"@type\":\"ListItem\",\"position\":3,\"name\":\"AK\u0130 s\u0259dri v\u0259 \u0130dar\u0259 Hey\u0259tinin s\u0259lahiyy\u0259tl\u0259ri t\u0259sdiql\u0259ndi\"}]},{\"@type\":\"WebSite\",\"@id\":\"https:\\\/\\\/www.meydan.tv\\\/az\\\/#website\",\"url\":\"https:\\\/\\\/www.meydan.tv\\\/az\\\/\",\"name\":\"MEYDAN.TV\",\"description\":\"Meydan TV Az\u0259rbaycan\u0131n media m\u0259kan\u0131ndak\u0131 alternativ s\u0259sidir\",\"publisher\":{\"@id\":\"https:\\\/\\\/www.meydan.tv\\\/az\\\/#organization\"},\"potentialAction\":[{\"@type\":\"SearchAction\",\"target\":{\"@type\":\"EntryPoint\",\"urlTemplate\":\"https:\\\/\\\/www.meydan.tv\\\/az\\\/?s={search_term_string}\"},\"query-input\":{\"@type\":\"PropertyValueSpecification\",\"valueRequired\":true,\"valueName\":\"search_term_string\"}}],\"inLanguage\":\"az\"},{\"@type\":\"Organization\",\"@id\":\"https:\\\/\\\/www.meydan.tv\\\/az\\\/#organization\",\"name\":\"Meydan TV\",\"url\":\"https:\\\/\\\/www.meydan.tv\\\/az\\\/\",\"logo\":{\"@type\":\"ImageObject\",\"inLanguage\":\"az\",\"@id\":\"https:\\\/\\\/www.meydan.tv\\\/az\\\/#\\\/schema\\\/logo\\\/image\\\/\",\"url\":\"https:\\\/\\\/www.meydan.tv\\\/wp-content\\\/uploads\\\/2021\\\/07\\\/meydan-logo.svg\",\"contentUrl\":\"https:\\\/\\\/www.meydan.tv\\\/wp-content\\\/uploads\\\/2021\\\/07\\\/meydan-logo.svg\",\"width\":195,\"height\":46,\"caption\":\"Meydan TV\"},\"image\":{\"@id\":\"https:\\\/\\\/www.meydan.tv\\\/az\\\/#\\\/schema\\\/logo\\\/image\\\/\"}},{\"@type\":\"Person\",\"@id\":\"https:\\\/\\\/www.meydan.tv\\\/az\\\/#\\\/schema\\\/person\\\/9cdbecf90d17180ce1dfbd95b08dcf47\",\"name\":\"elli\",\"sameAs\":[\"https:\\\/\\\/x.com\\\/elli\"]}]}<\/script>\n<!-- \/ Yoast SEO plugin. -->","yoast_head_json":{"title":"AK\u0130 s\u0259dri v\u0259 \u0130dar\u0259 Hey\u0259tinin s\u0259lahiyy\u0259tl\u0259ri t\u0259sdiql\u0259ndi - MEYDAN.TV","robots":{"index":"index","follow":"follow","max-snippet":"max-snippet:-1","max-image-preview":"max-image-preview:large","max-video-preview":"max-video-preview:-1"},"canonical":"https:\/\/www.meydan.tv\/az\/article\/aki-sedri-ve-idare-heyetinin-selahiyyetleri-tesdiqlendi\/","og_locale":"az_AZ","og_type":"article","og_title":"AK\u0130 s\u0259dri v\u0259 \u0130dar\u0259 Hey\u0259tinin s\u0259lahiyy\u0259tl\u0259ri t\u0259sdiql\u0259ndi - MEYDAN.TV","og_description":"\u0130ttifaq\u0131n \u0130dar\u0259 Hey\u0259tinin Rasim Balayevl\u0259 birg\u0259 21 \u00fczv\u00fc var \u0130yunun ... Davam\u0131","og_url":"https:\/\/www.meydan.tv\/az\/article\/aki-sedri-ve-idare-heyetinin-selahiyyetleri-tesdiqlendi\/","og_site_name":"MEYDAN.TV","article_published_time":"2022-06-13T10:44:14+00:00","article_modified_time":"2022-06-13T10:44:16+00:00","og_image":[{"width":2560,"height":1920,"url":"https:\/\/www.meydan.tv\/wp-content\/uploads\/image-from-ios-185-scaled.jpg","type":"image\/jpeg"}],"author":"elli","twitter_card":"summary_large_image","twitter_creator":"@elli","schema":{"@context":"https:\/\/schema.org","@graph":[{"@type":"Article","@id":"https:\/\/www.meydan.tv\/az\/article\/aki-sedri-ve-idare-heyetinin-selahiyyetleri-tesdiqlendi\/#article","isPartOf":{"@id":"https:\/\/www.meydan.tv\/az\/article\/aki-sedri-ve-idare-heyetinin-selahiyyetleri-tesdiqlendi\/"},"author":{"name":"elli","@id":"https:\/\/www.meydan.tv\/az\/#\/schema\/person\/9cdbecf90d17180ce1dfbd95b08dcf47"},"headline":"AK\u0130 s\u0259dri v\u0259 \u0130dar\u0259 Hey\u0259tinin s\u0259lahiyy\u0259tl\u0259ri t\u0259sdiql\u0259ndi","datePublished":"2022-06-13T10:44:14+00:00","dateModified":"2022-06-13T10:44:16+00:00","mainEntityOfPage":{"@id":"https:\/\/www.meydan.tv\/az\/article\/aki-sedri-ve-idare-heyetinin-selahiyyetleri-tesdiqlendi\/"},"wordCount":326,"publisher":{"@id":"https:\/\/www.meydan.tv\/az\/#organization"},"image":{"@id":"https:\/\/www.meydan.tv\/az\/article\/aki-sedri-ve-idare-heyetinin-selahiyyetleri-tesdiqlendi\/#primaryimage"},"thumbnailUrl":"https:\/\/www.meydan.tv\/wp-content\/uploads\/image-from-ios-185-scaled.jpg","articleSection":["M\u0259d\u0259niyy\u0259t","X\u0259b\u0259rl\u0259r"],"inLanguage":"az"},{"@type":"WebPage","@id":"https:\/\/www.meydan.tv\/az\/article\/aki-sedri-ve-idare-heyetinin-selahiyyetleri-tesdiqlendi\/","url":"https:\/\/www.meydan.tv\/az\/article\/aki-sedri-ve-idare-heyetinin-selahiyyetleri-tesdiqlendi\/","name":"AK\u0130 s\u0259dri v\u0259 \u0130dar\u0259 Hey\u0259tinin s\u0259lahiyy\u0259tl\u0259ri t\u0259sdiql\u0259ndi - MEYDAN.TV","isPartOf":{"@id":"https:\/\/www.meydan.tv\/az\/#website"},"primaryImageOfPage":{"@id":"https:\/\/www.meydan.tv\/az\/article\/aki-sedri-ve-idare-heyetinin-selahiyyetleri-tesdiqlendi\/#primaryimage"},"image":{"@id":"https:\/\/www.meydan.tv\/az\/article\/aki-sedri-ve-idare-heyetinin-selahiyyetleri-tesdiqlendi\/#primaryimage"},"thumbnailUrl":"https:\/\/www.meydan.tv\/wp-content\/uploads\/image-from-ios-185-scaled.jpg","datePublished":"2022-06-13T10:44:14+00:00","dateModified":"2022-06-13T10:44:16+00:00","breadcrumb":{"@id":"https:\/\/www.meydan.tv\/az\/article\/aki-sedri-ve-idare-heyetinin-selahiyyetleri-tesdiqlendi\/#breadcrumb"},"inLanguage":"az","potentialAction":[{"@type":"ReadAction","target":["https:\/\/www.meydan.tv\/az\/article\/aki-sedri-ve-idare-heyetinin-selahiyyetleri-tesdiqlendi\/"]}]},{"@type":"ImageObject","inLanguage":"az","@id":"https:\/\/www.meydan.tv\/az\/article\/aki-sedri-ve-idare-heyetinin-selahiyyetleri-tesdiqlendi\/#primaryimage","url":"https:\/\/www.meydan.tv\/wp-content\/uploads\/image-from-ios-185-scaled.jpg","contentUrl":"https:\/\/www.meydan.tv\/wp-content\/uploads\/image-from-ios-185-scaled.jpg","width":2560,"height":1920,"caption":"M\u0259nb\u0259: AK\u0130"},{"@type":"BreadcrumbList","@id":"https:\/\/www.meydan.tv\/az\/article\/aki-sedri-ve-idare-heyetinin-selahiyyetleri-tesdiqlendi\/#breadcrumb","itemListElement":[{"@type":"ListItem","position":1,"name":"Ana s\u0259hif\u0259","item":"https:\/\/www.meydan.tv\/az\/"},{"@type":"ListItem","position":2,"name":"M\u0259d\u0259niyy\u0259t","item":"https:\/\/www.meydan.tv\/az\/section\/medeniyyet\/"},{"@type":"ListItem","position":3,"name":"AK\u0130 s\u0259dri v\u0259 \u0130dar\u0259 Hey\u0259tinin s\u0259lahiyy\u0259tl\u0259ri t\u0259sdiql\u0259ndi"}]},{"@type":"WebSite","@id":"https:\/\/www.meydan.tv\/az\/#website","url":"https:\/\/www.meydan.tv\/az\/","name":"MEYDAN.TV","description":"Meydan TV Az\u0259rbaycan\u0131n media m\u0259kan\u0131ndak\u0131 alternativ s\u0259sidir","publisher":{"@id":"https:\/\/www.meydan.tv\/az\/#organization"},"potentialAction":[{"@type":"SearchAction","target":{"@type":"EntryPoint","urlTemplate":"https:\/\/www.meydan.tv\/az\/?s={search_term_string}"},"query-input":{"@type":"PropertyValueSpecification","valueRequired":true,"valueName":"search_term_string"}}],"inLanguage":"az"},{"@type":"Organization","@id":"https:\/\/www.meydan.tv\/az\/#organization","name":"Meydan TV","url":"https:\/\/www.meydan.tv\/az\/","logo":{"@type":"ImageObject","inLanguage":"az","@id":"https:\/\/www.meydan.tv\/az\/#\/schema\/logo\/image\/","url":"https:\/\/www.meydan.tv\/wp-content\/uploads\/2021\/07\/meydan-logo.svg","contentUrl":"https:\/\/www.meydan.tv\/wp-content\/uploads\/2021\/07\/meydan-logo.svg","width":195,"height":46,"caption":"Meydan TV"},"image":{"@id":"https:\/\/www.meydan.tv\/az\/#\/schema\/logo\/image\/"}},{"@type":"Person","@id":"https:\/\/www.meydan.tv\/az\/#\/schema\/person\/9cdbecf90d17180ce1dfbd95b08dcf47","name":"elli","sameAs":["https:\/\/x.com\/elli"]}]}},"_links":{"self":[{"href":"https:\/\/www.meydan.tv\/az\/wp-json\/wp\/v2\/posts\/248129","targetHints":{"allow":["GET"]}}],"collection":[{"href":"https:\/\/www.meydan.tv\/az\/wp-json\/wp\/v2\/posts"}],"about":[{"href":"https:\/\/www.meydan.tv\/az\/wp-json\/wp\/v2\/types\/post"}],"author":[{"embeddable":true,"href":"https:\/\/www.meydan.tv\/az\/wp-json\/wp\/v2\/users\/8"}],"replies":[{"embeddable":true,"href":"https:\/\/www.meydan.tv\/az\/wp-json\/wp\/v2\/comments?post=248129"}],"version-history":[{"count":2,"href":"https:\/\/www.meydan.tv\/az\/wp-json\/wp\/v2\/posts\/248129\/revisions"}],"predecessor-version":[{"id":248131,"href":"https:\/\/www.meydan.tv\/az\/wp-json\/wp\/v2\/posts\/248129\/revisions\/248131"}],"wp:featuredmedia":[{"embeddable":true,"href":"https:\/\/www.meydan.tv\/az\/wp-json\/wp\/v2\/media\/246974"}],"wp:attachment":[{"href":"https:\/\/www.meydan.tv\/az\/wp-json\/wp\/v2\/media?parent=248129"}],"wp:term":[{"taxonomy":"category","embeddable":true,"href":"https:\/\/www.meydan.tv\/az\/wp-json\/wp\/v2\/categories?post=248129"},{"taxonomy":"post_tag","embeddable":true,"href":"https:\/\/www.meydan.tv\/az\/wp-json\/wp\/v2\/tags?post=248129"}],"curies":[{"name":"wp","href":"https:\/\/api.w.org\/{rel}","templated":true}]}}