{"id":248121,"date":"2022-06-13T12:06:15","date_gmt":"2022-06-13T08:06:15","guid":{"rendered":"https:\/\/www.meydan.tv\/?p=248121"},"modified":"2022-06-13T12:07:27","modified_gmt":"2022-06-13T08:07:27","slug":"nufuz-agentleri-azerbaycana-hansi-tehdidler-yaradir","status":"publish","type":"post","link":"https:\/\/www.meydan.tv\/az\/article\/nufuz-agentleri-azerbaycana-hansi-tehdidler-yaradir\/","title":{"rendered":"N\u00fcfuz agentl\u0259ri Az\u0259rbaycana hans\u0131 t\u0259hdidl\u0259r yarad\u0131r?"},"content":{"rendered":"\n<p><\/p>\n\n\n\n<p><em>Sanki m\u0259i\u015f\u0259t m\u0259s\u0259l\u0259l\u0259rind\u0259 veril\u0259n qiym\u0259t haz\u0131rda siyasi prosesl\u0259r\u0259 d\u0259 k\u00f6\u00e7\u00fcb<\/em><br><br>Rusiyan\u0131n Ukraynaya t\u0259cav\u00fcz\u00fc n\u0259tic\u0259sind\u0259 ba\u015flayan m\u00fcharib\u0259 uzand\u0131qca, Az\u0259rbaycanda rusiyameylli q\u00fcvv\u0259l\u0259rin, n\u00fcfuz agentl\u0259rinin f\u0259alla\u015fmas\u0131 g\u00f6z \u00f6n\u00fcnd\u0259dir. \u00d6lk\u0259d\u0259 k\u00fc\u00e7\u0259 aksiyalar\u0131na t\u0259tbiq olunan m\u0259hdudiyy\u0259tl\u0259r fonunda haz\u0131rda ictimai fikrin \u0259sas indekatoru rolunda sosial \u015f\u0259b\u0259k\u0259l\u0259r \u00e7\u0131x\u0131\u015f edir.<\/p>\n\n\n\n<p>\u015e\u0259b\u0259k\u0259l\u0259rin monitorinqi onu dem\u0259y\u0259 \u0259sas verir ki, n\u00fcfuz agentl\u0259rinin haz\u0131rda \u0259sas bir ne\u00e7\u0259 tezisi var: \u201cZelenski Q\u0259rbin oyunca\u011f\u0131 kimi \u00f6lk\u0259sini bada verdi\u201d, \u201cPutinin \u0259n elementar ist\u0259yl\u0259rini yerin\u0259 yetirs\u0259ydi, Ukrayna b\u0259rbad v\u0259ziyy\u0259t\u0259 d\u00fc\u015fm\u0259y\u0259c\u0259kdi\u201d v\u0259 sair.<\/p>\n\n\n\n<p>Bunun fonunda h\u0259min agentl\u0259r \u00f6zl\u0259rini Az\u0259rbaycan\u0131n milli maraqlar\u0131n\u0131n qoruyucusu rolunda \u201cf\u0259dakarl\u0131qlar\u0131n\u0131\u201d n\u00fcmayi\u015f etdirm\u0259k \u00fc\u00e7\u00fcn \u00f6lk\u0259nin balansl\u0131 siyas\u0259tini n\u00fcmun\u0259 g\u0259tir\u0259r\u0259k, \u201c\u0130lham \u018fliyev d\u00fczg\u00fcn siyas\u0259t apararaq Putini neytralla\u015fd\u0131rd\u0131\u201d, \u201cT\u00fcrkiy\u0259 Az\u0259rbaycan\u0131n arxas\u0131nda el\u0259 dayan\u0131b ki, Kremlin \u00f6lk\u0259miz\u0259 t\u0259cav\u00fcz etm\u0259y\u0259 h\u00fcn\u0259ri \u00e7atmaz\u201d, \u201cPutinin planlar\u0131nda Az\u0259rbaycan yoxdur\u201d v\u0259 sair\u0259 kimi tezisl\u0259r ir\u0259li s\u00fcr\u00fcrl\u0259r.Bel\u0259 bir tendensiya Ukraynada h\u0259r yeni ya\u015fay\u0131\u015f m\u0259nt\u0259q\u0259si i\u015f\u011fal alt\u0131na d\u00fc\u015fd\u00fckc\u0259, daha da art\u0131r v\u0259 Ukrayna r\u0259hb\u0259rliyinin s\u0259ri\u015ft\u0259sizliyi bar\u0259d\u0259 fikirl\u0259r daha da s\u0259rt \u015f\u0259kild\u0259 tirajlan\u0131r.<\/p>\n\n\n\n<p>\u00dcmumiyy\u0259tl\u0259, t\u0259\u0259ss\u00fcf hissi il\u0259 ilk olaraq onu qeyd etm\u0259k laz\u0131md\u0131r ki, Az\u0259rbaycanda h\u0259tta m\u0259i\u015f\u0259t s\u0259viyy\u0259sind\u0259 zorak\u0131l\u0131q faktlar\u0131nda bel\u0259 zorak\u0131l\u0131\u011f\u0131 ed\u0259nd\u0259n daha \u00e7ox, h\u0259min zora m\u0259ruz qalm\u0131\u015f insan\u0131 t\u0259nqid etm\u0259k kimi q\u0259rib\u0259 bir ad\u0259t var. Evd\u0259 qad\u0131n \u0259ri t\u0259r\u0259find\u0259n d\u00f6y\u00fcl\u00fcrs\u0259, g\u00fcnah\u0131 d\u00f6y\u0259nd\u0259 yox, d\u00f6y\u00fcl\u0259nd\u0259 g\u00f6r\u0259nl\u0259r daha \u00e7ox olur, h\u0259r hans\u0131 bir manyak qad\u0131n\u0131 zorlay\u0131rsa, g\u00fcnah manyakda yox, zorlanan xan\u0131mda olur.<\/p>\n\n\n\n<p>Sanki m\u0259i\u015f\u0259t m\u0259s\u0259l\u0259l\u0259rind\u0259 veril\u0259n qiym\u0259t haz\u0131rda siyasi prosesl\u0259r\u0259 d\u0259 k\u00f6\u00e7\u00fcb.<\/p>\n\n\n\n<p>T\u0259cav\u00fcz ed\u0259n Putin Rusiyas\u0131 oldu\u011fu halda, minl\u0259rl\u0259 insan\u0131n \u00f6l\u00fcm\u00fcnd\u0259, milyonlarla qa\u00e7q\u0131n k\u00fctl\u0259sinin yaranmas\u0131nda, b\u00fct\u00f6v \u015f\u0259h\u0259rl\u0259rin da\u011f\u0131d\u0131lmas\u0131nda, insanlar\u0131n h\u0259yatlar\u0131n\u0131n s\u0131nd\u0131r\u0131lmas\u0131nda Zelenski Ukraynas\u0131 g\u00fcnahkar kimi g\u00f6st\u0259rilir.<\/p>\n\n\n\n<p>T\u0259bii ki, bir qisim savad\u0131 el\u0259 d\u0259 \u00e7ox olmayan insanlar\u0131n m\u00fc\u0259yy\u0259n t\u0259sirl\u0259r alt\u0131nda bel\u0259 d\u00fc\u015f\u00fcnm\u0259si faci\u0259 say\u0131lmazd\u0131. Amma problem v\u0259 b\u0259lk\u0259 d\u0259 Az\u0259rbaycan \u00fc\u00e7\u00fcn \u0259n qorxulusu odur ki, bel\u0259 fikir da\u015f\u0131y\u0131c\u0131lar\u0131n\u0131n \u0259sas k\u00fctl\u0259si kifay\u0259t q\u0259d\u0259r savad\u0131 olan, c\u0259miyy\u0259td\u0259 m\u00fc\u0259yy\u0259n m\u00f6vqey\u0259 yiy\u0259l\u0259n\u0259n, dedikl\u0259rinin dig\u0259rl\u0259ri t\u0259r\u0259find\u0259n ciddi q\u0259dul edildiyi insanlard\u0131r. Birm\u0259nal\u0131 olaraq bel\u0259 insanlar bu c\u00fcr fikirl\u0259ri cahillikd\u0259n demirl\u0259r. Bu, konkret olaraq n\u00fcfuz agenti kimi \u0259l\u0259 al\u0131nm\u0131\u015f insanlard\u0131r.<\/p>\n\n\n\n<p>Q\u0259lbind\u0259 s\u0259mimi olaraq Rusiya sevgisi da\u015f\u0131yan insanlar\u0131n bel\u0259, Ukrayna m\u00fcharib\u0259sin\u0259 g\u00f6r\u0259 Kremlin add\u0131mlar\u0131n\u0131 t\u0259qdir etm\u0259dikl\u0259ri halda, \u201cZelenski m\u00fcharib\u0259y\u0259 g\u00f6r\u0259 g\u00fcnahkard\u0131r\u201d dey\u0259nl\u0259r yaln\u0131z m\u0259qs\u0259dli \u015f\u0259kild\u0259 f\u0259aliyy\u0259t g\u00f6st\u0259r\u0259n insanlar olar bil\u0259r. Bel\u0259l\u0259ri konkret olaraq \u00f6lk\u0259nin milli t\u0259hl\u00fck\u0259sizliyin\u0259 ciddi \u015f\u0259kild\u0259 t\u0259hdiddirl\u0259r.<\/p>\n\n\n\n<p>\u018fminlikl\u0259 dem\u0259k olar ki, bu agentl\u0259r Rusiyan\u0131n Az\u0259rbaycana g\u0259l\u0259c\u0259kd\u0259 n\u0259z\u0259ri c\u0259h\u0259td\u0259n h\u0259r hans\u0131 bir h\u0259rbi t\u0259cav\u00fcz\u00fc zaman\u0131 da Kremli yox, Bak\u0131n\u0131 g\u00fcnahlar g\u00f6r\u0259 bil\u0259c\u0259k insanlar v\u0259 potensial koloborsionistl\u0259rdir.<br>XXI \u0259srin \u00c7ingiz \u0130ld\u0131r\u0131mlar\u0131, \u018fliheyd\u0259r Qarayevl\u0259ri, Ayna Sultanovalar\u0131 SSR\u0130 nostaljisi il\u0259 ya\u015fayanlar, Kreml \u00e7\u0259km\u0259sinin alt\u0131 \u00fc\u00e7\u00fcn dar\u0131xan insanlar t\u0259bii ki, bel\u0259 bir an\u0131 s\u0259birsizlikl\u0259 g\u00f6zl\u0259yirl\u0259r.<\/p>\n\n\n\n<p>Rusiyan\u0131n art\u0131q sirr saxlama\u011fa ehtiyac g\u00f6rm\u0259diyi geni\u015fl\u0259nm\u0259, Rusiya \u0130mperiyas\u0131 v\u0259 SSR\u0130 s\u0259rh\u0259dl\u0259rinin b\u0259rpas\u0131 planlar\u0131 da bu tip insanlar\u0131n g\u00f6z\u00fcn\u00fc a\u00e7m\u0131r. \u00d6t\u0259n h\u0259ft\u0259 Rusiyada \u0259sas ideoloqlardan olan, prezidentin k\u00f6m\u0259k\u00e7isi Vladimir Medinskinin dedikl\u0259ri v\u0259 sonradan prezident Vladimir Putinin t\u0259krar etdiyi tezisl\u0259r Kremlin Ukraynadan sonra dayanmayaca\u011f\u0131n\u0131, dig\u0259r respublikalarla ba\u011fl\u0131 t\u0259dbirl\u0259r g\u00f6r\u0259c\u0259yini ayd\u0131n g\u00f6st\u0259rir.<br>Bilm\u0259y\u0259nl\u0259r \u00fc\u00e7\u00fcn qeyd ed\u0259k ki, Medinski v\u0259 Putin Rusiyan\u0131n vaxtil\u0259 malik oldu\u011fu \u0259razil\u0259rin haz\u0131rda m\u00fcv\u0259qq\u0259ti olaraq ki\u00e7ildiyini v\u0259 bu \u0259razil\u0259rin zamanla b\u0259rpa olunaca\u011f\u0131n\u0131 b\u0259yan edibl\u0259r. Onlar d\u00fcnyan\u0131n alt\u0131da bir hiss\u0259si olan \u00f6lk\u0259nin \u0259razil\u0259rini yenid\u0259n qaytar\u0131laca\u011f\u0131n\u0131 deyibl\u0259r. D\u00fcnyan\u0131n alt\u0131da bir hiss\u0259si is\u0259 SSR\u0130 \u0259razisi idi. Putin a\u00e7\u0131qca Birinci Pyotrun ruslara s\u0259rv\u0259t qoyub getdiyi \u0259razil\u0259ri qaytaraca\u011f\u0131n\u0131, tarix\u0259 rus torpaqlar\u0131n\u0131 geni\u015fl\u0259ndir\u0259n r\u0259hb\u0259r kimi d\u00fc\u015f\u0259c\u0259yini deyib.<\/p>\n\n\n\n<p>Bel\u0259 bir planlar\u0131n olmas\u0131n\u0131 is\u0259 g\u00f6rm\u0259m\u0259k \u00fc\u00e7\u00fcn yaln\u0131z g\u0259r\u0259k kor olasan. Buna Qaraba\u011fda Rusiya h\u0259rbi\u00e7il\u0259rinin yerl\u0259\u015fdikl\u0259ri \u0259razil\u0259rd\u0259 haz\u0131rki f\u0259aliyy\u0259tind\u0259n b\u00f6y\u00fck s\u00fcbut ola bilm\u0259z. Az\u0259rbaycan\u0131n milli t\u0259hl\u00fck\u0259sizliyin\u0259 t\u0259hdid olacaq minalar art\u0131q qurulmaqdad\u0131r. Qaraba\u011fda rus icmas\u0131n\u0131n yarad\u0131lmas\u0131, guya ki, icman\u0131n 4 min\u0259 yax\u0131n \u00fczv\u00fcn\u00fcn olmas\u0131, Putinin h\u0259l\u0259 2020-ci ild\u0259 \u201c\u0259g\u0259r bizim \u0259sg\u0259rl\u0259r\u0259 g\u00fcll\u0259 at\u0131larsa, C\u0259nubi Osetiya ssenarisinin t\u0259krarlanaca\u011f\u0131\u201d bar\u0259d\u0259 b\u0259yanat\u0131, F\u0259rrux k\u0259ndi \u0259traf\u0131nda v\u0259ziyy\u0259t v\u0259 Rusiya h\u0259rb\u00e7il\u0259rinin h\u0259min k\u0259ndd\u0259 oynad\u0131qlar\u0131 rol bizim g\u00f6r\u0259 bil\u0259c\u0259yimiz prosesl\u0259rin yaln\u0131z \u00fczd\u0259 olanlar\u0131d\u0131r. Buna Rusiya m\u0259tbuat\u0131nda \u201cQaraba\u011f g\u0259l\u0259c\u0259kd\u0259 Rusiyaya birl\u0259\u015fdirilsin\u201d kimi tezisl\u0259rini d\u0259 g\u0259ls\u0259k, v\u0259ziyy\u0259tin t\u0259hl\u00fck\u0259li oldu\u011funu anlayar\u0131q. H\u0259min tezis haz\u0131rda Rusiya v\u0259t\u0259nda\u015flar\u0131 olan erm\u0259ni \u0259silli jurnalist, ictimai xadiml\u0259rin dilind\u0259n s\u0259sl\u0259ndirils\u0259 d\u0259, bunun Kremlin ssenarisi oldu\u011funu g\u00f6rm\u0259m\u0259k v\u0259 g\u0259l\u0259c\u0259k m\u00fcmk\u00fcn faci\u0259l\u0259rin \u0259sas\u0131 oldu\u011funu anlamamaq m\u00fcmk\u00fcn deyil.<\/p>\n\n\n\n<p>M\u0259qam d\u00fc\u015fd\u00fcy\u00fc anda h\u0259min \u0259razid\u0259 rus icmas\u0131n\u0131n \u00fczv\u00fc say\u0131lan bir ne\u00e7\u0259 adam\u0131n v\u0259 ya Rusiya h\u0259rbi\u00e7il\u0259rind\u0259n bir ne\u00e7\u0259sinin q\u0259sd\u0259n \u00f6ld\u00fcr\u00fclm\u0259si kifay\u0259t ed\u0259c\u0259k ki, Moskva m\u00fcharib\u0259, daha do\u011frusu, \u201cx\u00fcsusi \u0259m\u0259liyyat\u201d elan etsin.<\/p>\n\n\n\n<p>Rusiyan\u0131n n\u00fcfuz agentl\u0259rinin arxay\u0131nl\u0131q yaratmaq \u00fc\u00e7\u00fcn \u201cT\u00fcrkiy\u0259 Az\u0259rbaycanla m\u00fctt\u0259fiq oldu\u011fundan Kreml planlar\u0131nda bizim \u00f6lk\u0259 yoxdur\u201d kimi tezisi d\u0259 var. Ancaq bu tezis\u0259 inananlar n\u0259z\u0259r\u0259 alm\u0131rlar ki, Kreml kollektiv Q\u0259rbin Ukraynan\u0131n arxas\u0131nda dayand\u0131\u011f\u0131n\u0131 bildiyi halda m\u00fcharib\u0259y\u0259 ba\u015flamaq q\u0259rar\u0131n\u0131 verdi.<br>M\u0259hz el\u0259 bu bax\u0131mdan haz\u0131rda Ukrayna m\u00fcharib\u0259sinin h\u0259r bir g\u00fcn\u00fc Az\u0259rbaycan\u0131 v\u0259 Rusiyan\u0131n t\u0259hdidi alt\u0131nda olan dig\u0259r \u00f6lk\u0259l\u0259ri g\u0259l\u0259c\u0259k t\u0259cav\u00fcz tarixind\u0259n uzaqla\u015fd\u0131r\u0131r.<\/p>\n\n\n\n<p>Yaz\u0131n\u0131n \u0259vv\u0259lind\u0259 olan \u201cZelenski g\u00fcnahkard\u0131r\u201d tezisin\u0259 qay\u0131tsaq, t\u0259bii olaraq sual yaranacaq \u2013 Ukrayna prezidenti m\u00fcharib\u0259nin el\u0259 ilk g\u00fcn\u00fc ordusunu t\u0259slim edib, Putinin t\u0259l\u0259bl\u0259rini yerin\u0259 yetirs\u0259ydi, g\u00fcnahkar olmayacaqd\u0131? V\u0259 ya h\u0259r hans\u0131 bir \u00f6lk\u0259nin r\u0259hb\u0259ri i\u015f\u011fal qar\u015f\u0131s\u0131nda \u00f6lk\u0259sinin m\u00fcdafi\u0259sin\u0259 r\u0259hb\u0259rlik ed\u0259nd\u0259mi g\u00fcnahkar olur, ya t\u0259slim olanda?<\/p>\n\n\n\n<p>Bu suallar\u0131n asan cavablar\u0131 var, amma bu cavablar n\u00fcfuz agentl\u0259rin\u0259 v\u0259 onlar\u0131n Rusiya x\u00fcsusi xidm\u0259t orqanlar\u0131ndak\u0131 kuratorlar\u0131na s\u0259rf\u0259li olmad\u0131\u011f\u0131ndan, Zelenski m\u00fcharib\u0259d\u0259 m\u00fcqavim\u0259t g\u00f6st\u0259rdiyi \u00fc\u00e7\u00fcn g\u00fcnahkard\u0131r tezisi a\u015f\u0131lan\u0131r.<\/p>\n\n\n\n<p>\u201cRusiyan\u0131n planlar\u0131nda Az\u0259rbaycan yoxdur\u201d dey\u0259nl\u0259rin satq\u0131n g\u00f6zl\u0259rinin i\u00e7in\u0259 baxmaq v\u0259 xat\u0131rlarmaq ist\u0259yirs\u0259n ki, sizi d\u0259 g\u0259l\u0259c\u0259kd\u0259 bol\u015fevik Rusiyas\u0131n\u0131n Az\u0259rbaycan\u0131 i\u015f\u011fal etm\u0259kd\u0259 \u201cf\u0259dakarl\u0131q\u201d g\u00f6st\u0259r\u0259n az\u0259rbaycanl\u0131lar\u0131n taleyi g\u00f6zl\u0259yir.<\/p>\n","protected":false},"excerpt":{"rendered":"<p>Sanki m\u0259i\u015f\u0259t m\u0259s\u0259l\u0259l\u0259rind\u0259 veril\u0259n qiym\u0259t haz\u0131rda siyasi prosesl\u0259r\u0259 d\u0259 k\u00f6\u00e7\u00fcb &#8230; <\/p>\n<p class=\"read-more-container\"><a title=\"N\u00fcfuz agentl\u0259ri Az\u0259rbaycana hans\u0131 t\u0259hdidl\u0259r yarad\u0131r?\" class=\"read-more button\" href=\"https:\/\/www.meydan.tv\/az\/article\/nufuz-agentleri-azerbaycana-hansi-tehdidler-yaradir\/#more-248121\" aria-label=\"Read more about N\u00fcfuz agentl\u0259ri Az\u0259rbaycana hans\u0131 t\u0259hdidl\u0259r yarad\u0131r?\">Davam\u0131<\/a><\/p>\n","protected":false},"author":8,"featured_media":235809,"comment_status":"closed","ping_status":"closed","sticky":false,"template":"","format":"standard","meta":{"_acf_changed":false,"_sitemap_exclude":false,"_sitemap_priority":"","_sitemap_frequency":"","footnotes":""},"categories":[57,79],"tags":[],"class_list":["post-248121","post","type-post","status-publish","format-standard","has-post-thumbnail","hentry","category-menim-fikrimce","category-featured","infinite-scroll-item","generate-columns","tablet-grid-50","mobile-grid-100","grid-parent","grid-33","no-featured-image-padding"],"acf":[],"yoast_head":"<!-- This site is optimized with the Yoast SEO plugin v27.4 - https:\/\/yoast.com\/product\/yoast-seo-wordpress\/ -->\n<title>N\u00fcfuz agentl\u0259ri Az\u0259rbaycana hans\u0131 t\u0259hdidl\u0259r yarad\u0131r? - MEYDAN.TV<\/title>\n<meta name=\"robots\" content=\"index, follow, max-snippet:-1, max-image-preview:large, max-video-preview:-1\" \/>\n<link rel=\"canonical\" href=\"https:\/\/www.meydan.tv\/az\/article\/nufuz-agentleri-azerbaycana-hansi-tehdidler-yaradir\/\" \/>\n<meta property=\"og:locale\" content=\"az_AZ\" \/>\n<meta property=\"og:type\" content=\"article\" \/>\n<meta property=\"og:title\" content=\"N\u00fcfuz agentl\u0259ri Az\u0259rbaycana hans\u0131 t\u0259hdidl\u0259r yarad\u0131r? - MEYDAN.TV\" \/>\n<meta property=\"og:description\" content=\"Sanki m\u0259i\u015f\u0259t m\u0259s\u0259l\u0259l\u0259rind\u0259 veril\u0259n qiym\u0259t haz\u0131rda siyasi prosesl\u0259r\u0259 d\u0259 k\u00f6\u00e7\u00fcb ... Davam\u0131\" \/>\n<meta property=\"og:url\" content=\"https:\/\/www.meydan.tv\/az\/article\/nufuz-agentleri-azerbaycana-hansi-tehdidler-yaradir\/\" \/>\n<meta property=\"og:site_name\" content=\"MEYDAN.TV\" \/>\n<meta property=\"article:published_time\" content=\"2022-06-13T08:06:15+00:00\" \/>\n<meta property=\"article:modified_time\" content=\"2022-06-13T08:07:27+00:00\" \/>\n<meta property=\"og:image\" content=\"https:\/\/www.meydan.tv\/wp-content\/uploads\/image_from_ios-1-6-scaled-e1645792325955.jpg\" \/>\n\t<meta property=\"og:image:width\" content=\"2560\" \/>\n\t<meta property=\"og:image:height\" content=\"1152\" \/>\n\t<meta property=\"og:image:type\" content=\"image\/jpeg\" \/>\n<meta name=\"author\" content=\"elli\" \/>\n<meta name=\"twitter:card\" content=\"summary_large_image\" \/>\n<meta name=\"twitter:creator\" content=\"@elli\" \/>\n<script type=\"application\/ld+json\" class=\"yoast-schema-graph\">{\"@context\":\"https:\\\/\\\/schema.org\",\"@graph\":[{\"@type\":\"Article\",\"@id\":\"https:\\\/\\\/www.meydan.tv\\\/az\\\/article\\\/nufuz-agentleri-azerbaycana-hansi-tehdidler-yaradir\\\/#article\",\"isPartOf\":{\"@id\":\"https:\\\/\\\/www.meydan.tv\\\/az\\\/article\\\/nufuz-agentleri-azerbaycana-hansi-tehdidler-yaradir\\\/\"},\"author\":{\"name\":\"elli\",\"@id\":\"https:\\\/\\\/www.meydan.tv\\\/az\\\/#\\\/schema\\\/person\\\/9cdbecf90d17180ce1dfbd95b08dcf47\"},\"headline\":\"N\u00fcfuz agentl\u0259ri Az\u0259rbaycana hans\u0131 t\u0259hdidl\u0259r yarad\u0131r?\",\"datePublished\":\"2022-06-13T08:06:15+00:00\",\"dateModified\":\"2022-06-13T08:07:27+00:00\",\"mainEntityOfPage\":{\"@id\":\"https:\\\/\\\/www.meydan.tv\\\/az\\\/article\\\/nufuz-agentleri-azerbaycana-hansi-tehdidler-yaradir\\\/\"},\"wordCount\":1492,\"publisher\":{\"@id\":\"https:\\\/\\\/www.meydan.tv\\\/az\\\/#organization\"},\"image\":{\"@id\":\"https:\\\/\\\/www.meydan.tv\\\/az\\\/article\\\/nufuz-agentleri-azerbaycana-hansi-tehdidler-yaradir\\\/#primaryimage\"},\"thumbnailUrl\":\"https:\\\/\\\/www.meydan.tv\\\/wp-content\\\/uploads\\\/image_from_ios-1-6-scaled-e1645792325955.jpg\",\"articleSection\":[\"M\u0259nim Fikrimc\u0259\",\"T\u00f6vsiy\u0259\"],\"inLanguage\":\"az\"},{\"@type\":\"WebPage\",\"@id\":\"https:\\\/\\\/www.meydan.tv\\\/az\\\/article\\\/nufuz-agentleri-azerbaycana-hansi-tehdidler-yaradir\\\/\",\"url\":\"https:\\\/\\\/www.meydan.tv\\\/az\\\/article\\\/nufuz-agentleri-azerbaycana-hansi-tehdidler-yaradir\\\/\",\"name\":\"N\u00fcfuz agentl\u0259ri Az\u0259rbaycana hans\u0131 t\u0259hdidl\u0259r yarad\u0131r? - MEYDAN.TV\",\"isPartOf\":{\"@id\":\"https:\\\/\\\/www.meydan.tv\\\/az\\\/#website\"},\"primaryImageOfPage\":{\"@id\":\"https:\\\/\\\/www.meydan.tv\\\/az\\\/article\\\/nufuz-agentleri-azerbaycana-hansi-tehdidler-yaradir\\\/#primaryimage\"},\"image\":{\"@id\":\"https:\\\/\\\/www.meydan.tv\\\/az\\\/article\\\/nufuz-agentleri-azerbaycana-hansi-tehdidler-yaradir\\\/#primaryimage\"},\"thumbnailUrl\":\"https:\\\/\\\/www.meydan.tv\\\/wp-content\\\/uploads\\\/image_from_ios-1-6-scaled-e1645792325955.jpg\",\"datePublished\":\"2022-06-13T08:06:15+00:00\",\"dateModified\":\"2022-06-13T08:07:27+00:00\",\"breadcrumb\":{\"@id\":\"https:\\\/\\\/www.meydan.tv\\\/az\\\/article\\\/nufuz-agentleri-azerbaycana-hansi-tehdidler-yaradir\\\/#breadcrumb\"},\"inLanguage\":\"az\",\"potentialAction\":[{\"@type\":\"ReadAction\",\"target\":[\"https:\\\/\\\/www.meydan.tv\\\/az\\\/article\\\/nufuz-agentleri-azerbaycana-hansi-tehdidler-yaradir\\\/\"]}]},{\"@type\":\"ImageObject\",\"inLanguage\":\"az\",\"@id\":\"https:\\\/\\\/www.meydan.tv\\\/az\\\/article\\\/nufuz-agentleri-azerbaycana-hansi-tehdidler-yaradir\\\/#primaryimage\",\"url\":\"https:\\\/\\\/www.meydan.tv\\\/wp-content\\\/uploads\\\/image_from_ios-1-6-scaled-e1645792325955.jpg\",\"contentUrl\":\"https:\\\/\\\/www.meydan.tv\\\/wp-content\\\/uploads\\\/image_from_ios-1-6-scaled-e1645792325955.jpg\",\"width\":2560,\"height\":1152,\"caption\":\"V.Zelenski v\u0259 V.Putin. Foto: Meydan TV\"},{\"@type\":\"BreadcrumbList\",\"@id\":\"https:\\\/\\\/www.meydan.tv\\\/az\\\/article\\\/nufuz-agentleri-azerbaycana-hansi-tehdidler-yaradir\\\/#breadcrumb\",\"itemListElement\":[{\"@type\":\"ListItem\",\"position\":1,\"name\":\"Ana s\u0259hif\u0259\",\"item\":\"https:\\\/\\\/www.meydan.tv\\\/az\\\/\"},{\"@type\":\"ListItem\",\"position\":2,\"name\":\"M\u0259nim Fikrimc\u0259\",\"item\":\"https:\\\/\\\/www.meydan.tv\\\/az\\\/section\\\/menim-fikrimce\\\/\"},{\"@type\":\"ListItem\",\"position\":3,\"name\":\"N\u00fcfuz agentl\u0259ri Az\u0259rbaycana hans\u0131 t\u0259hdidl\u0259r yarad\u0131r?\"}]},{\"@type\":\"WebSite\",\"@id\":\"https:\\\/\\\/www.meydan.tv\\\/az\\\/#website\",\"url\":\"https:\\\/\\\/www.meydan.tv\\\/az\\\/\",\"name\":\"MEYDAN.TV\",\"description\":\"Meydan TV Az\u0259rbaycan\u0131n media m\u0259kan\u0131ndak\u0131 alternativ s\u0259sidir\",\"publisher\":{\"@id\":\"https:\\\/\\\/www.meydan.tv\\\/az\\\/#organization\"},\"potentialAction\":[{\"@type\":\"SearchAction\",\"target\":{\"@type\":\"EntryPoint\",\"urlTemplate\":\"https:\\\/\\\/www.meydan.tv\\\/az\\\/?s={search_term_string}\"},\"query-input\":{\"@type\":\"PropertyValueSpecification\",\"valueRequired\":true,\"valueName\":\"search_term_string\"}}],\"inLanguage\":\"az\"},{\"@type\":\"Organization\",\"@id\":\"https:\\\/\\\/www.meydan.tv\\\/az\\\/#organization\",\"name\":\"Meydan TV\",\"url\":\"https:\\\/\\\/www.meydan.tv\\\/az\\\/\",\"logo\":{\"@type\":\"ImageObject\",\"inLanguage\":\"az\",\"@id\":\"https:\\\/\\\/www.meydan.tv\\\/az\\\/#\\\/schema\\\/logo\\\/image\\\/\",\"url\":\"https:\\\/\\\/www.meydan.tv\\\/wp-content\\\/uploads\\\/2021\\\/07\\\/meydan-logo.svg\",\"contentUrl\":\"https:\\\/\\\/www.meydan.tv\\\/wp-content\\\/uploads\\\/2021\\\/07\\\/meydan-logo.svg\",\"width\":195,\"height\":46,\"caption\":\"Meydan TV\"},\"image\":{\"@id\":\"https:\\\/\\\/www.meydan.tv\\\/az\\\/#\\\/schema\\\/logo\\\/image\\\/\"}},{\"@type\":\"Person\",\"@id\":\"https:\\\/\\\/www.meydan.tv\\\/az\\\/#\\\/schema\\\/person\\\/9cdbecf90d17180ce1dfbd95b08dcf47\",\"name\":\"elli\",\"sameAs\":[\"https:\\\/\\\/x.com\\\/elli\"]}]}<\/script>\n<!-- \/ Yoast SEO plugin. -->","yoast_head_json":{"title":"N\u00fcfuz agentl\u0259ri Az\u0259rbaycana hans\u0131 t\u0259hdidl\u0259r yarad\u0131r? - MEYDAN.TV","robots":{"index":"index","follow":"follow","max-snippet":"max-snippet:-1","max-image-preview":"max-image-preview:large","max-video-preview":"max-video-preview:-1"},"canonical":"https:\/\/www.meydan.tv\/az\/article\/nufuz-agentleri-azerbaycana-hansi-tehdidler-yaradir\/","og_locale":"az_AZ","og_type":"article","og_title":"N\u00fcfuz agentl\u0259ri Az\u0259rbaycana hans\u0131 t\u0259hdidl\u0259r yarad\u0131r? - MEYDAN.TV","og_description":"Sanki m\u0259i\u015f\u0259t m\u0259s\u0259l\u0259l\u0259rind\u0259 veril\u0259n qiym\u0259t haz\u0131rda siyasi prosesl\u0259r\u0259 d\u0259 k\u00f6\u00e7\u00fcb ... Davam\u0131","og_url":"https:\/\/www.meydan.tv\/az\/article\/nufuz-agentleri-azerbaycana-hansi-tehdidler-yaradir\/","og_site_name":"MEYDAN.TV","article_published_time":"2022-06-13T08:06:15+00:00","article_modified_time":"2022-06-13T08:07:27+00:00","og_image":[{"width":2560,"height":1152,"url":"https:\/\/www.meydan.tv\/wp-content\/uploads\/image_from_ios-1-6-scaled-e1645792325955.jpg","type":"image\/jpeg"}],"author":"elli","twitter_card":"summary_large_image","twitter_creator":"@elli","schema":{"@context":"https:\/\/schema.org","@graph":[{"@type":"Article","@id":"https:\/\/www.meydan.tv\/az\/article\/nufuz-agentleri-azerbaycana-hansi-tehdidler-yaradir\/#article","isPartOf":{"@id":"https:\/\/www.meydan.tv\/az\/article\/nufuz-agentleri-azerbaycana-hansi-tehdidler-yaradir\/"},"author":{"name":"elli","@id":"https:\/\/www.meydan.tv\/az\/#\/schema\/person\/9cdbecf90d17180ce1dfbd95b08dcf47"},"headline":"N\u00fcfuz agentl\u0259ri Az\u0259rbaycana hans\u0131 t\u0259hdidl\u0259r yarad\u0131r?","datePublished":"2022-06-13T08:06:15+00:00","dateModified":"2022-06-13T08:07:27+00:00","mainEntityOfPage":{"@id":"https:\/\/www.meydan.tv\/az\/article\/nufuz-agentleri-azerbaycana-hansi-tehdidler-yaradir\/"},"wordCount":1492,"publisher":{"@id":"https:\/\/www.meydan.tv\/az\/#organization"},"image":{"@id":"https:\/\/www.meydan.tv\/az\/article\/nufuz-agentleri-azerbaycana-hansi-tehdidler-yaradir\/#primaryimage"},"thumbnailUrl":"https:\/\/www.meydan.tv\/wp-content\/uploads\/image_from_ios-1-6-scaled-e1645792325955.jpg","articleSection":["M\u0259nim Fikrimc\u0259","T\u00f6vsiy\u0259"],"inLanguage":"az"},{"@type":"WebPage","@id":"https:\/\/www.meydan.tv\/az\/article\/nufuz-agentleri-azerbaycana-hansi-tehdidler-yaradir\/","url":"https:\/\/www.meydan.tv\/az\/article\/nufuz-agentleri-azerbaycana-hansi-tehdidler-yaradir\/","name":"N\u00fcfuz agentl\u0259ri Az\u0259rbaycana hans\u0131 t\u0259hdidl\u0259r yarad\u0131r? - MEYDAN.TV","isPartOf":{"@id":"https:\/\/www.meydan.tv\/az\/#website"},"primaryImageOfPage":{"@id":"https:\/\/www.meydan.tv\/az\/article\/nufuz-agentleri-azerbaycana-hansi-tehdidler-yaradir\/#primaryimage"},"image":{"@id":"https:\/\/www.meydan.tv\/az\/article\/nufuz-agentleri-azerbaycana-hansi-tehdidler-yaradir\/#primaryimage"},"thumbnailUrl":"https:\/\/www.meydan.tv\/wp-content\/uploads\/image_from_ios-1-6-scaled-e1645792325955.jpg","datePublished":"2022-06-13T08:06:15+00:00","dateModified":"2022-06-13T08:07:27+00:00","breadcrumb":{"@id":"https:\/\/www.meydan.tv\/az\/article\/nufuz-agentleri-azerbaycana-hansi-tehdidler-yaradir\/#breadcrumb"},"inLanguage":"az","potentialAction":[{"@type":"ReadAction","target":["https:\/\/www.meydan.tv\/az\/article\/nufuz-agentleri-azerbaycana-hansi-tehdidler-yaradir\/"]}]},{"@type":"ImageObject","inLanguage":"az","@id":"https:\/\/www.meydan.tv\/az\/article\/nufuz-agentleri-azerbaycana-hansi-tehdidler-yaradir\/#primaryimage","url":"https:\/\/www.meydan.tv\/wp-content\/uploads\/image_from_ios-1-6-scaled-e1645792325955.jpg","contentUrl":"https:\/\/www.meydan.tv\/wp-content\/uploads\/image_from_ios-1-6-scaled-e1645792325955.jpg","width":2560,"height":1152,"caption":"V.Zelenski v\u0259 V.Putin. Foto: Meydan TV"},{"@type":"BreadcrumbList","@id":"https:\/\/www.meydan.tv\/az\/article\/nufuz-agentleri-azerbaycana-hansi-tehdidler-yaradir\/#breadcrumb","itemListElement":[{"@type":"ListItem","position":1,"name":"Ana s\u0259hif\u0259","item":"https:\/\/www.meydan.tv\/az\/"},{"@type":"ListItem","position":2,"name":"M\u0259nim Fikrimc\u0259","item":"https:\/\/www.meydan.tv\/az\/section\/menim-fikrimce\/"},{"@type":"ListItem","position":3,"name":"N\u00fcfuz agentl\u0259ri Az\u0259rbaycana hans\u0131 t\u0259hdidl\u0259r yarad\u0131r?"}]},{"@type":"WebSite","@id":"https:\/\/www.meydan.tv\/az\/#website","url":"https:\/\/www.meydan.tv\/az\/","name":"MEYDAN.TV","description":"Meydan TV Az\u0259rbaycan\u0131n media m\u0259kan\u0131ndak\u0131 alternativ s\u0259sidir","publisher":{"@id":"https:\/\/www.meydan.tv\/az\/#organization"},"potentialAction":[{"@type":"SearchAction","target":{"@type":"EntryPoint","urlTemplate":"https:\/\/www.meydan.tv\/az\/?s={search_term_string}"},"query-input":{"@type":"PropertyValueSpecification","valueRequired":true,"valueName":"search_term_string"}}],"inLanguage":"az"},{"@type":"Organization","@id":"https:\/\/www.meydan.tv\/az\/#organization","name":"Meydan TV","url":"https:\/\/www.meydan.tv\/az\/","logo":{"@type":"ImageObject","inLanguage":"az","@id":"https:\/\/www.meydan.tv\/az\/#\/schema\/logo\/image\/","url":"https:\/\/www.meydan.tv\/wp-content\/uploads\/2021\/07\/meydan-logo.svg","contentUrl":"https:\/\/www.meydan.tv\/wp-content\/uploads\/2021\/07\/meydan-logo.svg","width":195,"height":46,"caption":"Meydan TV"},"image":{"@id":"https:\/\/www.meydan.tv\/az\/#\/schema\/logo\/image\/"}},{"@type":"Person","@id":"https:\/\/www.meydan.tv\/az\/#\/schema\/person\/9cdbecf90d17180ce1dfbd95b08dcf47","name":"elli","sameAs":["https:\/\/x.com\/elli"]}]}},"_links":{"self":[{"href":"https:\/\/www.meydan.tv\/az\/wp-json\/wp\/v2\/posts\/248121","targetHints":{"allow":["GET"]}}],"collection":[{"href":"https:\/\/www.meydan.tv\/az\/wp-json\/wp\/v2\/posts"}],"about":[{"href":"https:\/\/www.meydan.tv\/az\/wp-json\/wp\/v2\/types\/post"}],"author":[{"embeddable":true,"href":"https:\/\/www.meydan.tv\/az\/wp-json\/wp\/v2\/users\/8"}],"replies":[{"embeddable":true,"href":"https:\/\/www.meydan.tv\/az\/wp-json\/wp\/v2\/comments?post=248121"}],"version-history":[{"count":3,"href":"https:\/\/www.meydan.tv\/az\/wp-json\/wp\/v2\/posts\/248121\/revisions"}],"predecessor-version":[{"id":248593,"href":"https:\/\/www.meydan.tv\/az\/wp-json\/wp\/v2\/posts\/248121\/revisions\/248593"}],"wp:featuredmedia":[{"embeddable":true,"href":"https:\/\/www.meydan.tv\/az\/wp-json\/wp\/v2\/media\/235809"}],"wp:attachment":[{"href":"https:\/\/www.meydan.tv\/az\/wp-json\/wp\/v2\/media?parent=248121"}],"wp:term":[{"taxonomy":"category","embeddable":true,"href":"https:\/\/www.meydan.tv\/az\/wp-json\/wp\/v2\/categories?post=248121"},{"taxonomy":"post_tag","embeddable":true,"href":"https:\/\/www.meydan.tv\/az\/wp-json\/wp\/v2\/tags?post=248121"}],"curies":[{"name":"wp","href":"https:\/\/api.w.org\/{rel}","templated":true}]}}