{"id":248116,"date":"2022-06-12T18:19:48","date_gmt":"2022-06-12T14:19:48","guid":{"rendered":"https:\/\/www.meydan.tv\/?p=248116"},"modified":"2022-06-12T18:19:49","modified_gmt":"2022-06-12T14:19:49","slug":"ferhad-memmedov-rusiya-siyasi-tesebbuslerle-cixis-edir-amma-pulu-o-qeder-de-xerclemir","status":"publish","type":"post","link":"https:\/\/www.meydan.tv\/az\/article\/ferhad-memmedov-rusiya-siyasi-tesebbuslerle-cixis-edir-amma-pulu-o-qeder-de-xerclemir\/","title":{"rendered":"F\u0259rhad M\u0259mm\u0259dov: \u201cRusiya siyasi t\u0259\u015f\u0259bb\u00fcsl\u0259rl\u0259 \u00e7\u0131x\u0131\u015f edir, amma pulu o q\u0259d\u0259r d\u0259 x\u0259rcl\u0259mir\u201d\u00a0"},"content":{"rendered":"\n<figure class=\"wp-block-embed is-type-video is-provider-youtube wp-block-embed-youtube wp-embed-aspect-16-9 wp-has-aspect-ratio\"><div class=\"wp-block-embed__wrapper\">\n<iframe title=\"F\u0259rhad M\u0259mm\u0259dov: \u201cRusiya siyasi t\u0259\u015f\u0259bb\u00fcsl\u0259rl\u0259 \u00e7\u0131x\u0131\u015f edir, amma pulu o q\u0259d\u0259r d\u0259 x\u0259rcl\u0259mir\u201d\" width=\"1200\" height=\"675\" data-src=\"https:\/\/www.youtube.com\/embed\/ohm8EYRc_XY?feature=oembed\" frameborder=\"0\" allow=\"accelerometer; autoplay; clipboard-write; encrypted-media; gyroscope; picture-in-picture\" allowfullscreen src=\"data:image\/svg+xml;base64,PHN2ZyB3aWR0aD0iMSIgaGVpZ2h0PSIxIiB4bWxucz0iaHR0cDovL3d3dy53My5vcmcvMjAwMC9zdmciPjwvc3ZnPg==\" class=\"lazyload\" data-load-mode=\"1\"><\/iframe>\n<\/div><\/figure>\n\n\n\n<!--more-->\n\n\n\n<p><em>\u201cRusiyan\u0131n haz\u0131rda \u0259sas mara\u011f\u0131 s\u00fclhm\u0259raml\u0131lar\u0131n mandat\u0131 v\u0259 m\u00fcdd\u0259ti il\u0259 ba\u011fl\u0131d\u0131r\u201d<\/em><\/p>\n\n\n\n<p>Rusiya-Az\u0259rbaycan m\u00fcnasib\u0259tl\u0259rind\u0259ki son v\u0259ziyy\u0259tin yaratd\u0131\u011f\u0131 suallara siyasi \u015f\u0259rh\u00e7i F\u0259rhad M\u0259mm\u0259dov cavab verir.<\/p>\n\n\n\n<p><strong>&#8211; \u00a0 \u00a0 \u00a0 F\u0259rhad b\u0259y, Da\u011fl\u0131q Qaraba\u011f separat\u00e7\u0131lar\u0131n\u0131n naziri Beqlaryan\u0131n \u201cR\u0130A Novosti\u201dy\u0259 m\u00fcsahib\u0259si yay\u0131ld\u0131, bir m\u00fcdd\u0259t sonra silindi, yaxud xarici i\u015fl\u0259r naziri Sergey Lavrov Yerevanda F\u0259rrux k\u0259ndi haqda a\u00e7\u0131qlama verdi, bir ne\u00e7\u0259 saat sonra nazirliyin sayt\u0131nda h\u0259min ifad\u0259y\u0259 d\u00fcz\u0259li\u015f edildi. B\u00fct\u00fcn bunlar Rusiyada hans\u0131 q\u00fcvv\u0259l\u0259r\u0259 laz\u0131m idi? Bunu Rusiya hakimiyy\u0259tinin \u00fcmumi siyas\u0259ti kimi q\u0259bul etm\u0259k laz\u0131md\u0131r, yoxsa hakimiyy\u0259td\u0259 olan h\u0259r hans\u0131 bir qrupla\u015fman\u0131n?<\/strong><\/p>\n\n\n\n<p>&#8211; &nbsp; &nbsp; &nbsp; Rusiya-Az\u0259rbaycan diplomatik m\u00fcnasib\u0259tl\u0259rinin qurulmas\u0131n\u0131n 30 ili bu il tamam oldu. \u00d6t\u0259n ill\u0259rd\u0259 bir ne\u00e7\u0259 d\u0259f\u0259 b\u00f6hran v\u0259ziyy\u0259ti ya\u015fan\u0131b, amma son 20 ild\u0259 m\u00fc\u0259yy\u0259n bir sabitlik m\u00f6vcuddur. O m\u0259nada ki, Rusiya-Az\u0259rbaycan m\u00fcnasib\u0259tl\u0259ri 4 \u0259sas sah\u0259ni \u0259hat\u0259 edir: siyasi dialoq, iqtisadi m\u00fcnasib\u0259tl\u0259r, h\u0259rbi-texniki \u0259m\u0259kda\u015fl\u0131q v\u0259 humanitar istiqam\u0259td\u0259. Birinci m\u00f6vzu olan siyasi dialoqda Rusiyan\u0131n Minsk Qrupunda h\u0259ms\u0259drlik v\u0259zif\u0259si x\u00fcsusi bir yer tutur. 44 g\u00fcnl\u00fck m\u00fcharib\u0259d\u0259n sonra Rusiyan\u0131n m\u00f6vqel\u0259ri 2021-ci il \u0259rzind\u0259 \u00e7ox m\u00f6hk\u0259m oldu. \u00d6t\u0259n ilin dekabr\u0131ndan is\u0259 Avropa \u0130ttifaq\u0131 b\u00f6lg\u0259y\u0259 \u00f6z t\u0259\u015f\u0259bb\u00fcsl\u0259ri il\u0259 daxil oldu. Bu t\u0259\u015f\u0259bb\u00fcsl\u0259r siyasi v\u0259 h\u0259m d\u0259 iqtisadi sah\u0259d\u0259 var. Rusiya is\u0259 ilyar\u0131mda siyasi t\u0259\u015f\u0259bb\u00fcsl\u0259rl\u0259 \u00e7\u0131x\u0131\u015f edir, amma pulu o q\u0259d\u0259r d\u0259 x\u0259rcl\u0259mir. Avropa \u0130ttifaq\u0131na g\u0259ldikd\u0259, Br\u00fcssel \u00f6t\u0259n il Erm\u0259nistana 2.6 milyard avro, Az\u0259rbaycana ondan bir q\u0259d\u0259r az ay\u0131rd\u0131sa, bu il bir q\u0259d\u0259r art\u0131q maliyy\u0259 paketi elan etdi. Rusiya konsultativ xidm\u0259tl\u0259ri g\u00f6st\u0259rm\u0259k ist\u0259yir, bu daha \u00e7ox siyasi x\u0259rit\u0259 bax\u0131m\u0131ndan v\u0259 sair\u0259ni \u0259hat\u0259 edir. Ancaq Avropa \u0130ttifaq\u0131 h\u0259m n\u0259qliyyat v\u0259 s\u0259rh\u0259dl\u0259 ba\u011fl\u0131 yard\u0131m\u0131n\u0131 maddiyyatla\u015fd\u0131r\u0131r v\u0259 onu f\u0259rqli terminl\u0259rl\u0259 ifad\u0259 edir. Sual\u0131n\u0131za g\u0259ldikd\u0259, Avropan\u0131n t\u0259\u015f\u0259bb\u00fcsl\u0259rini v\u0259 Br\u00fcssel format\u0131n\u0131 n\u00fcfuzdan salma m\u0259qam\u0131 yarand\u0131. Bu, \u015earl Mi\u015felin aprel b\u0259yanat\u0131nda \u0259ks olundu. Birincisi, Az\u0259rbaycan\u0131n g\u00fcnd\u0259liyin\u0259 uy\u011fun olaraq \u015earl Mi\u015fel n\u0259 statusu, n\u0259 Minsk Qrupunu, n\u0259 Da\u011fl\u0131q Qaraba\u011f ifad\u0259l\u0259rind\u0259n istifad\u0259 etm\u0259di. Amma birinci d\u0259f\u0259ydi o, Da\u011fl\u0131q Qaraba\u011f\u0131n erm\u0259ni \u0259halisi ifad\u0259sini i\u015fl\u0259tdi ki, bu da Az\u0259rbaycan\u0131n istifad\u0259 etdiyi terminologiya il\u0259 \u00fcst-\u00fcst\u0259 d\u00fc\u015f\u00fcr. Ard\u0131nca Erm\u0259nistanda naraz\u0131l\u0131qlar ba\u015flad\u0131. Naraz\u0131l\u0131qlar\u0131 da parlament v\u0259 Rusiyay\u00f6n\u00fcml\u00fc m\u00fcxalif\u0259t, h\u0259m d\u0259 r\u0259hb\u0259rl\u0259ri Qaraba\u011fdan olan siyasi qurumlar, ke\u00e7mi\u015f prezidentl\u0259r ba\u015flatd\u0131lar. Eyni zamanda, b\u00f6lg\u0259d\u0259 \u0259n \u00e7ox Rusiyadan as\u0131l\u0131 olan \u0259hali qrupu. Bu is\u0259 Qaraba\u011fdan olan erm\u0259ni \u0259halisidir. Dekabrdan b\u0259ri Avropa \u0130ttifaq\u0131n\u0131n vasit\u0259\u00e7iliyi il\u0259 ged\u0259n prosesd\u0259 erm\u0259nil\u0259r o q\u0259d\u0259r \u0259ndi\u015f\u0259li deyildi. Amma aprel g\u00f6r\u00fc\u015f\u00fcnd\u0259 \u015earl Mi\u015fel m\u0259lum ifad\u0259ni s\u0259sl\u0259ndir\u0259nd\u0259n sonra Erm\u0259nistanda \u201cQaraba\u011f klan\u0131\u201d mitinql\u0259r\u0259 ba\u015flad\u0131, Rusiya da separat\u00e7\u0131lar\u0131n d\u00f6vl\u0259t nazirin\u0259 d\u00f6vl\u0259tin r\u0259smi saytnda yer verdi. \u0130kincisi is\u0259 erm\u0259ni c\u0259miyy\u0259tin\u0259 g\u00f6st\u0259rirdil\u0259r ki, bax\u0131n Avropan\u0131n v\u0259 Rusiyan\u0131n yana\u015fmalar\u0131na, biz onlara fikirl\u0259rini ifad\u0259 etm\u0259k \u00fc\u00e7\u00fcn \u0259n g\u00fccl\u00fc d\u00f6vl\u0259t informasiya resursunda yer veririk. \u018flb\u0259tt\u0259, Bak\u0131n\u0131n cavab\u0131 oldu. Ancaq bu, ilk hadis\u0259 deyildi. \u018fn m\u0259\u015fhur olay KTMT-nin ba\u015f katibi Nikolay Bordyujan\u0131n i\u015f staj\u0131n\u0131n sonuncu g\u00fcn\u00fcnd\u0259 qurumun r\u0259smi s\u0259hif\u0259sind\u0259 Da\u011fl\u0131q Qaraba\u011f ifad\u0259sinin getm\u0259si idi. Bordyuja n\u00f6vb\u0259ti g\u00fcn i\u015fd\u0259n \u00e7\u0131xd\u0131 v\u0259 sayt 1 ay qapal\u0131 oldu. Sonra b\u0259rpa edil\u0259nd\u0259 h\u0259min ifad\u0259 yox idi. Y\u0259ni bel\u0259 t\u0259cr\u00fcb\u0259l\u0259r var, amma Bak\u0131 diplomatik v\u0259 qeyri-diplomatik yollarla x\u0259b\u0259rl\u0259r \u00e7atd\u0131rd\u0131 ki, Az\u0259rbaycan ictimaiyy\u0259ti bunlar\u0131 naraz\u0131l\u0131qlarla q\u0259bul edib. \u0130ndiki \u015f\u0259raitd\u0259 Ukraynada m\u00fcharib\u0259 d\u00f6vr\u00fcnd\u0259 Rusiya informasiya saytlar\u0131n\u0131n Q\u0259rbd\u0259 ba\u011flanmas\u0131 zaman\u0131nda \u0259l\u0259x\u00fcsus Moskva il\u0259 m\u00fctt\u0259fiqlik b\u0259yannam\u0259sini imzalad\u0131\u011f\u0131 bir \u00f6lk\u0259d\u0259 d\u00f6vl\u0259t informasiya resursunun qapanmas\u0131 da ayr\u0131 m\u0259s\u0259l\u0259dir. D\u00fc\u015f\u00fcn\u00fcr\u0259m ki, bu da Az\u0259rbaycan t\u0259r\u0259find\u0259n vaxt\u0131nda at\u0131lm\u0131\u015f add\u0131md\u0131r v\u0259 n\u0259tic\u0259si olan add\u0131md\u0131r ki, Beqlaryan\u0131n m\u00fcsahib\u0259si saytdan y\u0131\u011f\u0131\u015fd\u0131r\u0131ld\u0131.<\/p>\n\n\n\n<p><strong>&#8211; \u00a0 \u00a0 \u00a0 M\u0259n yenid\u0259n Rusiyan\u0131n xarici i\u015fl\u0259r naziri Lavrovun s\u00fclhm\u0259raml\u0131larla ba\u011fl\u0131 a\u00e7\u0131qlamas\u0131na qay\u0131tmaq ist\u0259rdim. Rusiya Qaraba\u011fdak\u0131 kontingentinin qalma m\u00fcdd\u0259tini uzad\u0131lmas\u0131 \u00fc\u00e7\u00fcn Az\u0259rbaycandan raz\u0131l\u0131q almaqdan \u00f6tr\u00fc h\u0259r hans\u0131 bir t\u0259xribata ged\u0259 bil\u0259rmi?<\/strong><\/p>\n\n\n\n<p>&#8211; &nbsp; &nbsp; &nbsp; Rusiyan\u0131n haz\u0131rda \u0259sas mara\u011f\u0131 s\u00fclhm\u0259aml\u0131lar\u0131n mandat\u0131 v\u0259 m\u00fcdd\u0259ti il\u0259 ba\u011fl\u0131d\u0131r. Biz bilirik ki, s\u00fclhm\u0259raml\u0131lar\u0131n mandat\u0131 il\u0259 \u0259laq\u0259dar dan\u0131\u015f\u0131qlar dalana dir\u0259nib. \u00c7\u00fcnki Rusiya yenid\u0259n bu m\u0259s\u0259l\u0259ni \u00fc\u00e7\u0259r\u0259fli formatda h\u0259yata ke\u00e7irm\u0259k ist\u0259yir, Az\u0259rbaycan is\u0259 Erm\u0259nistan\u0131n i\u015ftirak\u0131n\u0131 laz\u0131m bilmir. H\u0259l\u0259 g\u00f6r\u00fcn\u0259n budur ki, bu istiqam\u0259td\u0259 dan\u0131\u015f\u0131qlar getmir. Halbuki, m\u00fcharib\u0259 bit\u0259nd\u0259n sonra m\u0259lumatlar vard\u0131 ki, Rusiya s\u00fclhm\u0259raml\u0131lar\u0131n mandat\u0131 il\u0259 ba\u011fl\u0131 haz\u0131rlad\u0131\u011f\u0131 layih\u0259ni t\u0259r\u0259fl\u0259r\u0259 yollay\u0131b. Amma m\u0259lumat\u0131 Az\u0259rbaycan t\u0259r\u0259find\u0259n yox, Erm\u0259nistandan alm\u0131\u015fd\u0131q. V\u0259 Yerevan deyirdi ki, Bak\u0131 buna qar\u015f\u0131d\u0131r. M\u00fcdd\u0259t\u0259 g\u0259linc\u0259, Qaraba\u011fdak\u0131 erm\u0259ni \u0259halisi bundan istifad\u0259 edir. D\u00fc\u015f\u00fcn\u00fcr\u0259m ki, Rusiya Erm\u0259nistandan bu m\u0259s\u0259l\u0259ni Avropa \u0130ttifaq\u0131 qar\u015f\u0131s\u0131nda qald\u0131rma\u011f\u0131 t\u0259l\u0259b edir. M\u0259hz Avropa \u0130ttifaq\u0131 Az\u0259rbaycana Rusiya S\u00fclhm\u0259raml\u0131lar\u0131n\u0131n b\u00f6lg\u0259d\u0259 qalmas\u0131 v\u0259 mandat\u0131n\u0131 t\u0259sdiql\u0259m\u0259k \u00fc\u00e7\u00fcn \u00e7a\u011f\u0131r\u0131\u015f etsin. \u018fg\u0259r Avropan\u0131n erm\u0259ni \u0259halisinin t\u0259hl\u00fck\u0259sizliyi il\u0259 ba\u011fl\u0131 d\u00fc\u015f\u00fcnc\u0259l\u0259ri varsa v\u0259 ittifaq\u0131n r\u0259hb\u0259rinin x\u00fcsusi n\u00fcmay\u0259nd\u0259si Toivo Klaar bunu dil\u0259 g\u0259tirirs\u0259, o zaman bu m\u0259s\u0259l\u0259nin h\u0259r hans\u0131 mexanizmi olmal\u0131d\u0131r. Rusiya bu mexanizmin oldu\u011funu deyir, y\u0259ni s\u00fclhm\u0259raml\u0131lar. M\u0259s\u0259l\u0259 ondad\u0131r ki, 24 fevraldan \u0259vv\u0259l bunu s\u00f6yl\u0259m\u0259k m\u00fcmk\u00fcn idi, Ukrayna m\u00fcharib\u0259si m\u0259nz\u0259r\u0259ni d\u0259yi\u015fdi. \u0130ndi bel\u0259 \u00e7\u0131x\u0131r ki, avropal\u0131lar Rusiya s\u00fclhm\u0131raml\u0131lar\u0131n\u0131n b\u00f6lg\u0259d\u0259 qalma m\u00fcdd\u0259tinin uzad\u0131lmas\u0131n\u0131n v\u0259 onlara mandat\u0131n verilm\u0259sinin t\u0259r\u0259fdar\u0131 olmal\u0131d\u0131r. Rusiya Az\u0259rbaycandan bununla ba\u011fl\u0131 m\u00fcsb\u0259t cavab ala bilm\u0259y\u0259c\u0259yini anlad\u0131\u011f\u0131ndan Erm\u0259nistan qar\u015f\u0131s\u0131nda bel\u0259 t\u0259l\u0259b qoyur. Az\u0259rbaycan t\u0259r\u0259fi m\u0259cazi des\u0259k, bir kitab t\u0259rtib edib, bura s\u00fclhm\u0259raml\u0131lar\u0131n konstruktiv v\u0259 qeyri-konstruktiv add\u0131mlar\u0131n\u0131 yaz\u0131b. 2025-ci ilin may\u0131nda bu kitab\u0131 ortaya qoyacaq v\u0259 s\u0259m\u0259r\u0259lilik \u0259msal\u0131 orda \u00f6l\u00e7\u00fcl\u0259c\u0259k. \u00c7\u00fcnki bunlar ham\u0131s\u0131 s\u0259n\u0259dl\u0259 q\u0259bul edil\u0259n m\u0259qamlar oldu\u011fundan s\u0259n\u0259dl\u0259 d\u0259 n\u00fcmayi\u015f etdirilm\u0259lidir. \u0130ndi g\u0259l\u0259k n\u0259tic\u0259l\u0259r\u0259, \u0259g\u0259r o vaxta q\u0259d\u0259r b\u00f6lg\u0259nin delimitasiyas\u0131 ba\u015f verm\u0259y\u0259c\u0259ks\u0259, dem\u0259li, \u00fc\u00e7t\u0259r\u0259fli b\u0259yanat\u0131n 4-c\u00fc b\u0259ndinin h\u0259yata ke\u00e7irilm\u0259diyini t\u0259sdiql\u0259yir. Y\u0259ni Rusiya s\u00fclhm\u0259raml\u0131lar\u0131 v\u0259zif\u0259l\u0259rini yerin\u0259 yetirm\u0259yibl\u0259r, yaxud tam olaraq yerin\u0259 yetirm\u0259yibl\u0259r. Bel\u0259likl\u0259, onlara bu istiqam\u0259td\u0259 irad bildiril\u0259 bil\u0259r, dan\u0131\u015f\u0131qlar da bu y\u00f6nd\u0259 apar\u0131la bil\u0259r.<\/p>\n\n\n\n<p><strong>&#8211; \u00a0 \u00a0 \u00a0 D\u00fczd\u00fcr, \u201cR\u0130A Novosti\u201d Beqlaryan\u0131n m\u00fcsahib\u0259sini saytdan \u00e7\u0131xartd\u0131, Lavrovun da a\u00e7\u0131qlamas\u0131na d\u00fcz\u0259li\u015f edildi, amma sual yaran\u0131r, b\u00fct\u00fcn bunlar\u0131 2025-ci il\u0259 haz\u0131rl\u0131q kimi q\u0259bul etm\u0259k olarm\u0131?<\/strong><\/p>\n\n\n\n<p>&#8211; &nbsp; &nbsp; &nbsp; M\u0259n Lavrovun s\u00f6yl\u0259diyi m\u0259qama bir az f\u0259rqli yana\u015f\u0131ram. \u00c7\u00fcnki Erm\u0259nistanda F\u0259rrux k\u0259ndi il\u0259 ba\u011fl\u0131 s\u00fclhm\u0259raml\u0131lara qar\u015f\u0131 bir irad bildirildi v\u0259 daim d\u0259 g\u00fcnd\u0259md\u0259 saxlay\u0131rlar. Bundan boyun qa\u00e7\u0131rmaq \u00fc\u00e7\u00fcn Rusiya onu delimitasiyayla ba\u011flad\u0131, sonra fikirl\u0259rin\u0259 ayd\u0131nl\u0131q g\u0259tirdi. \u00c7\u00fcnki Rusiya \u00fc\u00e7\u00fcn bu sual o q\u0259d\u0259r komfortlu deyil, s\u0259b\u0259b d\u0259 s\u00fclhm\u0259raml\u0131lar\u0131n az\u0259rbaycanl\u0131lar\u0131 geri \u00e7\u0259km\u0259k \u00fc\u00e7\u00fcn g\u00fcc\u00fc, imkan\u0131 yoxdur. Mandat\u0131 olmad\u0131\u011f\u0131 \u00fc\u00e7\u00fcn qaydalar yoxdur, y\u0259ni s\u00fclhm\u0259raml\u0131lar n\u0259yi ed\u0259 bil\u0259r, n\u0259yi d\u0259 ed\u0259 bilm\u0259z. Misal \u00fc\u00e7\u00fcn, b\u00f6lg\u0259d\u0259 erm\u0259ni t\u0259r\u0259fd\u0259n \u00f6l\u0259nl\u0259r olub, deyirdil\u0259r ki, Az\u0259rbaycan snayperi traktor\u00e7unu vurub. Bunun istintaq\u0131n\u0131 kim apar\u0131r? Az\u0259rbaycan aparm\u0131r, qondarma rejim guya n\u0259s\u0259 dedi, amma ortada he\u00e7 n\u0259 yoxdur. Mandat olsa, bu c\u00fcr m\u0259s\u0259l\u0259l\u0259rl\u0259 ba\u011fl\u0131 istintaq\u0131 Rusiya s\u00fclhm\u0259raml\u0131lar\u0131 aparmal\u0131d\u0131r, Rusiya-T\u00fcrkiy\u0259 Birg\u0259 Monitorinq M\u0259rk\u0259zinin n\u0259zar\u0259tind\u0259. Monitorinq M\u0259rk\u0259zi mandat q\u0259bul edil\u0259nd\u0259n sonra mandat\u0131n daxilind\u0259 n\u0259zar\u0259ti h\u0259yata ke\u00e7ir\u0259n bir qurumdur. D\u00fcnyan\u0131n h\u0259r yerind\u0259 bel\u0259dir, hans\u0131sa h\u0259rbi qurumlar f\u0259aliyy\u0259t g\u00f6st\u0259rir, amma onlara n\u0259zar\u0259ti beyn\u0259lxalq qurum h\u0259yata ke\u00e7irir. &nbsp; &nbsp; &nbsp; &nbsp;<\/p>\n\n\n\n<p><strong>&#8211; \u00a0 \u00a0 \u00a0 \u00dcmumiyy\u0259tl\u0259 Az\u0259rbaycan 5 il tamam olduqdan sonra Rusiya \u0259sg\u0259rl\u0259rinin Qaraba\u011fdan \u00e7\u0131xar\u0131lmas\u0131nda maraql\u0131 ola bil\u0259r, yoxsa m\u00fcdd\u0259tl\u0259rinin uzad\u0131lmas\u0131nda?<\/strong><\/p>\n\n\n\n<p>&#8211; &nbsp; &nbsp; &nbsp; \u018fg\u0259r o vaxta q\u0259d\u0259r Erm\u0259nistanla s\u00fclh m\u00fcqavil\u0259si imzalanacaqsa, onlar h\u00fcququ s\u0259n\u0259dd\u0259 \u0259razi iddialar\u0131ndan \u0259l \u00e7\u0259k\u0259c\u0259ks\u0259, n\u0259qliyyat-kommunikasiya x\u0259tl\u0259ri a\u00e7\u0131lacaqsa, s\u0259rh\u0259dl\u0259rin delimitasiya v\u0259 demarkasiya prosesind\u0259 ir\u0259lil\u0259yi\u015f\u0259 nail olunacaqsa, n\u0259hay\u0259t, s\u00fclhm\u0259raml\u0131lar\u0131n indiki ayr\u0131c\u0131 funksiya deyil, Qaraba\u011fda ya\u015fayan erm\u0259ni \u0259halisinin Az\u0259rbaycana reinteqrasiyas\u0131nda konstruktiv rolunu g\u00f6r\u0259c\u0259yiks\u0259, onda bu m\u0259s\u0259l\u0259y\u0259 bax\u0131la bil\u0259r. Sadalad\u0131qlar\u0131m olacaqsa, s\u00fclhm\u0259raml\u0131lar\u0131n say\u0131na, funksiyas\u0131na, silahlar\u0131ndan ba\u015flam\u0131\u015f dig\u0259r m\u0259s\u0259l\u0259l\u0259r\u0259 q\u0259d\u0259r yenid\u0259n bax\u0131lmas\u0131 m\u00fcmk\u00fcnd\u00fcr. Y\u0259ni 1960 n\u0259f\u0259r olmas\u0131n, olsun 760 n\u0259f\u0259r, BTR yox, yaln\u0131z tapan\u00e7as\u0131 olsun, bunlar ham\u0131s\u0131 d\u00fcnya praktikas\u0131nda m\u00f6vcuddur. Az\u0259rbaycan he\u00e7 bir \u015f\u0259kild\u0259 imkan verm\u0259y\u0259c\u0259k ki, qondarma rejimin q\u0259bul etdiyi qanunlar i\u015fl\u0259sin. O zaman bir n\u00fcmun\u0259 oldu, Qaraba\u011fda erm\u0259ni xan\u0131m \u0130zaura 5 \u00f6vlad\u0131 il\u0259 Xank\u0259ndind\u0259n \u015eu\u015faya t\u0259r\u0259f g\u0259lirdi, amma s\u00fclhm\u0259raml\u0131lar onu dayand\u0131r\u0131b erm\u0259ni polisin\u0259 t\u0259hvil verdi. Bu, art\u0131q konstruktivlik deyil. \u018fg\u0259r Qaraba\u011fda ya\u015fayan erm\u0259nil\u0259r reinteqrasiya olmaq ist\u0259yirl\u0259rs\u0259, v\u0259t\u0259nda\u015fl\u0131\u011f\u0131 q\u0259bul etm\u0259k ist\u0259yirl\u0259rs\u0259, \u00f6z t\u0259s\u0259rr\u00fcfat i\u015fl\u0259ri il\u0259 ba\u011fl\u0131 Az\u0259rbaycana m\u00fcraci\u0259t etm\u0259k niyy\u0259tl\u0259ri varsa, onun qar\u015f\u0131s\u0131 al\u0131nmamal\u0131d\u0131r. Vaxt ke\u00e7dikc\u0259, onlar Az\u0259rbaycana daha \u00e7ox m\u00fcraci\u0259t ed\u0259c\u0259kl\u0259r, La\u00e7\u0131n t\u0259r\u0259fd\u0259n yeni yol istifad\u0259y\u0259 veril\u0259nd\u0259n sonra k\u00f6hn\u0259 yolun internet, i\u015f\u0131q, qaz infrastrukturu orda qalacaq. D\u00fc\u015f\u00fcnm\u00fcr\u0259m ki, Az\u0259rbaycan bunlar\u0131n i\u015fl\u0259nm\u0259sin\u0259 imkan ver\u0259c\u0259k. Az\u0259rbaycan\u0131n energetika naziri h\u0259min \u0259razini qaz paylay\u0131c\u0131 \u015f\u0259b\u0259k\u0259y\u0259 qo\u015fma\u011fa haz\u0131r oldu\u011funu deyib. \u00c7\u00fcnki k\u0259m\u0259rl\u0259rin bir hiss\u0259si Az\u0259rbaycan \u0259razisind\u0259n ke\u00e7ir. \u00dcmumiyy\u0259tl\u0259, Qaraba\u011f\u0131n su ehtiyat\u0131n\u0131n 98 faizi K\u0259lb\u0259c\u0259rd\u0259 formala\u015f\u0131r, 1-2 il sonra Az\u0259rbaycan orda hidroelektrostansiyalar tik\u0259c\u0259k, bunlar da su anbarlar\u0131n\u0131n \u00fcz\u0259rind\u0259 in\u015fa olunur. Dem\u0259li, Az\u0259rbaycan K\u0259lb\u0259c\u0259rd\u0259ki \u00e7aylar\u0131 idar\u0259 ed\u0259 bil\u0259c\u0259k. B\u00fct\u00fcn bunlar onlar\u0131 Az\u0259rbaycanla \u00fcnsiyy\u0259t qurma\u011fa v\u0259 \u015f\u0259rtl\u0259ri q\u0259bul etm\u0259y\u0259 vadar ed\u0259c\u0259k. &nbsp;<\/p>\n\n\n\n<p><strong>&#8211; \u00a0 \u00a0 \u00a0 Yen\u0259 Rusiya amilin\u0259 g\u0259l\u0259k, bir s\u0131ra Duma \u00fczvl\u0259ri, m\u0259s\u0259l\u0259n, Zatulin g\u0259l\u0259c\u0259kd\u0259 C\u0259nubi Osetiya, Kr\u0131m ssenaril\u0259rinin Qaraba\u011fda da t\u0259tbiq edilm\u0259sinin vacibliyin\u0259 toxunur. Rusiya bu ssenarini ger\u00e7\u0259kl\u0259\u015fdir\u0259 bil\u0259rmi?<\/strong><\/p>\n\n\n\n<p>&#8211; &nbsp; &nbsp; &nbsp; Bu spekulyasiyalar var v\u0259 Rusiyan\u0131n Ukraynada ba\u015flad\u0131\u011f\u0131 m\u00fcharib\u0259d\u0259n sonra Moskvan\u0131n add\u0131mlar\u0131n\u0131n rasional olub-olmamas\u0131 il\u0259 ba\u011fl\u0131 \u00e7oxlu d\u00fc\u015f\u00fcnc\u0259l\u0259r s\u0259sl\u0259ndirilir. Bu, niy\u0259 olmaya bil\u0259r sual\u0131 \u00fcz\u0259rind\u0259 fikir m\u00fcbadil\u0259si aparmaq m\u00fcmk\u00fcnd\u00fcr. Yaxud bu, ola bil\u0259r sual\u0131na cavab verm\u0259k is\u0259 \u00e7ox rahatd\u0131r. Y\u0259ni Rusiya erm\u0259ni \u0259halisin\u0259 pasport paylad\u0131 v\u0259 el\u0259di. Amma niy\u0259 olmaya bil\u0259r sual\u0131 \u00fcz\u0259rind\u0259 d\u00fc\u015f\u00fcn\u0259k. Birincisi Kr\u0131m, C\u0259nubi Osetiya v\u0259 Abxaziya fiziki olaraq Rusiya il\u0259 t\u0259masdayd\u0131. Dnestryan\u0131 aras\u0131nda is\u0259 Ukrayna var, \u0259n \u00e7\u0259tin yerdir. Onlar Moldova il\u0259 neytral birliyi d\u0259st\u0259kl\u0259yirdil\u0259r, y\u0259ni konstutusiyaya neytral statusu \u0259lav\u0259 olunsun. G\u0259l\u0259k Qaraba\u011fa, \u0259razi m\u00fchasir\u0259d\u0259dir, ikincisi t\u0259s\u0259rr\u00fcfat bax\u0131m\u0131ndan muxtar deyil, b\u00f6lg\u0259d\u0259 pullar generasiya olunmur. Aran \u0259razi olmadan Qaraba\u011f\u0131n da\u011fl\u0131q hiss\u0259si maliyy\u0259 v\u0259 t\u0259minat bax\u0131m\u0131ndan \u00f6z\u00fcn\u00fc saxlaya bilm\u0259z. \u00dc\u00e7\u00fcnc\u00fcs\u00fc, strateji t\u0259\u015f\u0259bb\u00fcs Az\u0259rbaycan\u0131n t\u0259r\u0259find\u0259dir. N\u0259hay\u0259t, T\u00fcrkiy\u0259 amili. Art\u0131q uzun ill\u0259rdir T\u00fcrkiy\u0259 Rusiyaya n\u00fcmayi\u015f etdirir ki, o g\u00fcc amilind\u0259n istifad\u0259 edir. 2020-ci ild\u0259 Az\u0259rbaycan g\u00fcc amilind\u0259n istifad\u0259 etdi. Bu, o dem\u0259k deyil ki, Rusiya s\u00fclhm\u0259raml\u0131lar\u0131na qar\u015f\u0131 da bu amild\u0259n istifad\u0259 olunacaq, amma g\u00fcc amilinin olmas\u0131 bel\u0259 \u00e7ox vacibdir. Adi bir misal, Ukrayna sava\u015f\u0131nda b\u00fct\u00fcn NATO \u00f6lk\u0259l\u0259ri Kiyevi d\u0259st\u0259kl\u0259yir, amma iki F-16 bu \u00f6lk\u0259nin hava m\u0259kan\u0131na daxil ola bilmir. Ancaq 2020-ci ild\u0259 T\u00fcrkiy\u0259nin 2 F-16-s\u0131 Az\u0259rbaycandayd\u0131, ham\u0131 da bunu bilirdi, bu, \u00e7ox vacib m\u0259qamd\u0131r. O boyda AB\u015e v\u0259 NATO \u00f6lk\u0259l\u0259ri Ukraynan\u0131n hava m\u0259kan\u0131na bel\u0259 h\u0259rbi q\u0131r\u0131c\u0131lar\u0131n\u0131 g\u00f6nd\u0259rmir, T\u00fcrkiy\u0259 is\u0259 Az\u0259rbaycanda yerl\u0259\u015fdirmi\u015fdi. T\u00fcrkiy\u0259 amili bir daha onu g\u00f6st\u0259rir ki, Rusiya h\u0259min ssenarini Az\u0259rbaycan h\u0259yata ke\u00e7ird\u0259 bilm\u0259z. \u018fks halda Rusiya Az\u0259rbaycan\u0131 tam olaraq i\u015f\u011fal etm\u0259lidir, bu is\u0259 b\u00f6y\u00fck m\u00fcharib\u0259y\u0259 g\u0259tir\u0259c\u0259k.&nbsp; Rusiya Ukraynada q\u0131sa m\u00fcdd\u0259tli u\u011fur qazansayd\u0131, buna nec\u0259s\u0259 d\u0259 inanmaq olard\u0131. Amma indiki \u00fcmumi z\u0259iflik \u015f\u0259raitind\u0259, Q\u0259rbl\u0259 b\u00fct\u00fcn kommunikasiyalar\u0131n ba\u011fland\u0131\u011f\u0131, C\u0259nub v\u0259 \u015e\u0259rql\u0259 \u0259laq\u0259l\u0259rin prioritet oldu\u011fu d\u00f6vrd\u0259 bu \u0259razid\u0259 s\u0259rt siyas\u0259tin h\u0259yata ke\u00e7irilm\u0259si m\u00fcmk\u00fcn deyil. B\u0259li, ola bilsin m\u00f6vcudiyy\u0259ti qals\u0131n, lakin m\u00fcharib\u0259 apar\u0131lmas\u0131 m\u00fcmk\u00fcns\u00fczd\u00fcr.<\/p>\n","protected":false},"excerpt":{"rendered":"","protected":false},"author":14,"featured_media":248117,"comment_status":"closed","ping_status":"closed","sticky":false,"template":"","format":"standard","meta":{"_acf_changed":false,"_sitemap_exclude":false,"_sitemap_priority":"","_sitemap_frequency":"","footnotes":""},"categories":[63],"tags":[],"class_list":["post-248116","post","type-post","status-publish","format-standard","has-post-thumbnail","hentry","category-video-2","infinite-scroll-item","generate-columns","tablet-grid-50","mobile-grid-100","grid-parent","grid-33","no-featured-image-padding"],"acf":[],"yoast_head":"<!-- This site is optimized with the Yoast SEO plugin v27.5 - https:\/\/yoast.com\/product\/yoast-seo-wordpress\/ -->\n<title>F\u0259rhad M\u0259mm\u0259dov: \u201cRusiya siyasi t\u0259\u015f\u0259bb\u00fcsl\u0259rl\u0259 \u00e7\u0131x\u0131\u015f edir, amma pulu o q\u0259d\u0259r d\u0259 x\u0259rcl\u0259mir\u201d\u00a0 - MEYDAN.TV<\/title>\n<meta name=\"robots\" content=\"index, follow, max-snippet:-1, max-image-preview:large, max-video-preview:-1\" \/>\n<link rel=\"canonical\" href=\"https:\/\/www.meydan.tv\/az\/article\/ferhad-memmedov-rusiya-siyasi-tesebbuslerle-cixis-edir-amma-pulu-o-qeder-de-xerclemir\/\" \/>\n<meta property=\"og:locale\" content=\"az_AZ\" \/>\n<meta property=\"og:type\" content=\"article\" \/>\n<meta property=\"og:title\" content=\"F\u0259rhad M\u0259mm\u0259dov: \u201cRusiya siyasi t\u0259\u015f\u0259bb\u00fcsl\u0259rl\u0259 \u00e7\u0131x\u0131\u015f edir, amma pulu o q\u0259d\u0259r d\u0259 x\u0259rcl\u0259mir\u201d\u00a0 - MEYDAN.TV\" \/>\n<meta property=\"og:url\" content=\"https:\/\/www.meydan.tv\/az\/article\/ferhad-memmedov-rusiya-siyasi-tesebbuslerle-cixis-edir-amma-pulu-o-qeder-de-xerclemir\/\" \/>\n<meta property=\"og:site_name\" content=\"MEYDAN.TV\" \/>\n<meta property=\"article:published_time\" content=\"2022-06-12T14:19:48+00:00\" \/>\n<meta property=\"article:modified_time\" content=\"2022-06-12T14:19:49+00:00\" \/>\n<meta property=\"og:image\" content=\"https:\/\/www.meydan.tv\/wp-content\/uploads\/screenshot-2022-06-12-at-16.17.11-1200x676.png\" \/>\n\t<meta property=\"og:image:width\" content=\"1200\" \/>\n\t<meta property=\"og:image:height\" content=\"676\" \/>\n\t<meta property=\"og:image:type\" content=\"image\/png\" \/>\n<meta name=\"author\" content=\"roma\" \/>\n<meta name=\"twitter:card\" content=\"summary_large_image\" \/>\n<script type=\"application\/ld+json\" class=\"yoast-schema-graph\">{\"@context\":\"https:\\\/\\\/schema.org\",\"@graph\":[{\"@type\":\"Article\",\"@id\":\"https:\\\/\\\/www.meydan.tv\\\/az\\\/article\\\/ferhad-memmedov-rusiya-siyasi-tesebbuslerle-cixis-edir-amma-pulu-o-qeder-de-xerclemir\\\/#article\",\"isPartOf\":{\"@id\":\"https:\\\/\\\/www.meydan.tv\\\/az\\\/article\\\/ferhad-memmedov-rusiya-siyasi-tesebbuslerle-cixis-edir-amma-pulu-o-qeder-de-xerclemir\\\/\"},\"author\":{\"name\":\"roma\",\"@id\":\"https:\\\/\\\/www.meydan.tv\\\/az\\\/#\\\/schema\\\/person\\\/8f23e01c4de63326c13c319fb65ee65d\"},\"headline\":\"F\u0259rhad M\u0259mm\u0259dov: \u201cRusiya siyasi t\u0259\u015f\u0259bb\u00fcsl\u0259rl\u0259 \u00e7\u0131x\u0131\u015f edir, amma pulu o q\u0259d\u0259r d\u0259 x\u0259rcl\u0259mir\u201d\u00a0\",\"datePublished\":\"2022-06-12T14:19:48+00:00\",\"dateModified\":\"2022-06-12T14:19:49+00:00\",\"mainEntityOfPage\":{\"@id\":\"https:\\\/\\\/www.meydan.tv\\\/az\\\/article\\\/ferhad-memmedov-rusiya-siyasi-tesebbuslerle-cixis-edir-amma-pulu-o-qeder-de-xerclemir\\\/\"},\"wordCount\":2726,\"publisher\":{\"@id\":\"https:\\\/\\\/www.meydan.tv\\\/az\\\/#organization\"},\"image\":{\"@id\":\"https:\\\/\\\/www.meydan.tv\\\/az\\\/article\\\/ferhad-memmedov-rusiya-siyasi-tesebbuslerle-cixis-edir-amma-pulu-o-qeder-de-xerclemir\\\/#primaryimage\"},\"thumbnailUrl\":\"https:\\\/\\\/www.meydan.tv\\\/wp-content\\\/uploads\\\/screenshot-2022-06-12-at-16.17.11.png\",\"articleSection\":[\"Video\"],\"inLanguage\":\"az\"},{\"@type\":\"WebPage\",\"@id\":\"https:\\\/\\\/www.meydan.tv\\\/az\\\/article\\\/ferhad-memmedov-rusiya-siyasi-tesebbuslerle-cixis-edir-amma-pulu-o-qeder-de-xerclemir\\\/\",\"url\":\"https:\\\/\\\/www.meydan.tv\\\/az\\\/article\\\/ferhad-memmedov-rusiya-siyasi-tesebbuslerle-cixis-edir-amma-pulu-o-qeder-de-xerclemir\\\/\",\"name\":\"F\u0259rhad M\u0259mm\u0259dov: \u201cRusiya siyasi t\u0259\u015f\u0259bb\u00fcsl\u0259rl\u0259 \u00e7\u0131x\u0131\u015f edir, amma pulu o q\u0259d\u0259r d\u0259 x\u0259rcl\u0259mir\u201d\u00a0 - MEYDAN.TV\",\"isPartOf\":{\"@id\":\"https:\\\/\\\/www.meydan.tv\\\/az\\\/#website\"},\"primaryImageOfPage\":{\"@id\":\"https:\\\/\\\/www.meydan.tv\\\/az\\\/article\\\/ferhad-memmedov-rusiya-siyasi-tesebbuslerle-cixis-edir-amma-pulu-o-qeder-de-xerclemir\\\/#primaryimage\"},\"image\":{\"@id\":\"https:\\\/\\\/www.meydan.tv\\\/az\\\/article\\\/ferhad-memmedov-rusiya-siyasi-tesebbuslerle-cixis-edir-amma-pulu-o-qeder-de-xerclemir\\\/#primaryimage\"},\"thumbnailUrl\":\"https:\\\/\\\/www.meydan.tv\\\/wp-content\\\/uploads\\\/screenshot-2022-06-12-at-16.17.11.png\",\"datePublished\":\"2022-06-12T14:19:48+00:00\",\"dateModified\":\"2022-06-12T14:19:49+00:00\",\"breadcrumb\":{\"@id\":\"https:\\\/\\\/www.meydan.tv\\\/az\\\/article\\\/ferhad-memmedov-rusiya-siyasi-tesebbuslerle-cixis-edir-amma-pulu-o-qeder-de-xerclemir\\\/#breadcrumb\"},\"inLanguage\":\"az\",\"potentialAction\":[{\"@type\":\"ReadAction\",\"target\":[\"https:\\\/\\\/www.meydan.tv\\\/az\\\/article\\\/ferhad-memmedov-rusiya-siyasi-tesebbuslerle-cixis-edir-amma-pulu-o-qeder-de-xerclemir\\\/\"]}]},{\"@type\":\"ImageObject\",\"inLanguage\":\"az\",\"@id\":\"https:\\\/\\\/www.meydan.tv\\\/az\\\/article\\\/ferhad-memmedov-rusiya-siyasi-tesebbuslerle-cixis-edir-amma-pulu-o-qeder-de-xerclemir\\\/#primaryimage\",\"url\":\"https:\\\/\\\/www.meydan.tv\\\/wp-content\\\/uploads\\\/screenshot-2022-06-12-at-16.17.11.png\",\"contentUrl\":\"https:\\\/\\\/www.meydan.tv\\\/wp-content\\\/uploads\\\/screenshot-2022-06-12-at-16.17.11.png\",\"width\":1780,\"height\":1002},{\"@type\":\"BreadcrumbList\",\"@id\":\"https:\\\/\\\/www.meydan.tv\\\/az\\\/article\\\/ferhad-memmedov-rusiya-siyasi-tesebbuslerle-cixis-edir-amma-pulu-o-qeder-de-xerclemir\\\/#breadcrumb\",\"itemListElement\":[{\"@type\":\"ListItem\",\"position\":1,\"name\":\"Ana s\u0259hif\u0259\",\"item\":\"https:\\\/\\\/www.meydan.tv\\\/az\\\/\"},{\"@type\":\"ListItem\",\"position\":2,\"name\":\"Video\",\"item\":\"https:\\\/\\\/www.meydan.tv\\\/az\\\/section\\\/video-2\\\/\"},{\"@type\":\"ListItem\",\"position\":3,\"name\":\"F\u0259rhad M\u0259mm\u0259dov: \u201cRusiya siyasi t\u0259\u015f\u0259bb\u00fcsl\u0259rl\u0259 \u00e7\u0131x\u0131\u015f edir, amma pulu o q\u0259d\u0259r d\u0259 x\u0259rcl\u0259mir\u201d\u00a0\"}]},{\"@type\":\"WebSite\",\"@id\":\"https:\\\/\\\/www.meydan.tv\\\/az\\\/#website\",\"url\":\"https:\\\/\\\/www.meydan.tv\\\/az\\\/\",\"name\":\"MEYDAN.TV\",\"description\":\"Meydan TV Az\u0259rbaycan\u0131n media m\u0259kan\u0131ndak\u0131 alternativ s\u0259sidir\",\"publisher\":{\"@id\":\"https:\\\/\\\/www.meydan.tv\\\/az\\\/#organization\"},\"potentialAction\":[{\"@type\":\"SearchAction\",\"target\":{\"@type\":\"EntryPoint\",\"urlTemplate\":\"https:\\\/\\\/www.meydan.tv\\\/az\\\/?s={search_term_string}\"},\"query-input\":{\"@type\":\"PropertyValueSpecification\",\"valueRequired\":true,\"valueName\":\"search_term_string\"}}],\"inLanguage\":\"az\"},{\"@type\":\"Organization\",\"@id\":\"https:\\\/\\\/www.meydan.tv\\\/az\\\/#organization\",\"name\":\"Meydan TV\",\"url\":\"https:\\\/\\\/www.meydan.tv\\\/az\\\/\",\"logo\":{\"@type\":\"ImageObject\",\"inLanguage\":\"az\",\"@id\":\"https:\\\/\\\/www.meydan.tv\\\/az\\\/#\\\/schema\\\/logo\\\/image\\\/\",\"url\":\"https:\\\/\\\/www.meydan.tv\\\/wp-content\\\/uploads\\\/2021\\\/07\\\/meydan-logo.svg\",\"contentUrl\":\"https:\\\/\\\/www.meydan.tv\\\/wp-content\\\/uploads\\\/2021\\\/07\\\/meydan-logo.svg\",\"width\":195,\"height\":46,\"caption\":\"Meydan TV\"},\"image\":{\"@id\":\"https:\\\/\\\/www.meydan.tv\\\/az\\\/#\\\/schema\\\/logo\\\/image\\\/\"}},{\"@type\":\"Person\",\"@id\":\"https:\\\/\\\/www.meydan.tv\\\/az\\\/#\\\/schema\\\/person\\\/8f23e01c4de63326c13c319fb65ee65d\",\"name\":\"roma\"}]}<\/script>\n<!-- \/ Yoast SEO plugin. -->","yoast_head_json":{"title":"F\u0259rhad M\u0259mm\u0259dov: \u201cRusiya siyasi t\u0259\u015f\u0259bb\u00fcsl\u0259rl\u0259 \u00e7\u0131x\u0131\u015f edir, amma pulu o q\u0259d\u0259r d\u0259 x\u0259rcl\u0259mir\u201d\u00a0 - MEYDAN.TV","robots":{"index":"index","follow":"follow","max-snippet":"max-snippet:-1","max-image-preview":"max-image-preview:large","max-video-preview":"max-video-preview:-1"},"canonical":"https:\/\/www.meydan.tv\/az\/article\/ferhad-memmedov-rusiya-siyasi-tesebbuslerle-cixis-edir-amma-pulu-o-qeder-de-xerclemir\/","og_locale":"az_AZ","og_type":"article","og_title":"F\u0259rhad M\u0259mm\u0259dov: \u201cRusiya siyasi t\u0259\u015f\u0259bb\u00fcsl\u0259rl\u0259 \u00e7\u0131x\u0131\u015f edir, amma pulu o q\u0259d\u0259r d\u0259 x\u0259rcl\u0259mir\u201d\u00a0 - MEYDAN.TV","og_url":"https:\/\/www.meydan.tv\/az\/article\/ferhad-memmedov-rusiya-siyasi-tesebbuslerle-cixis-edir-amma-pulu-o-qeder-de-xerclemir\/","og_site_name":"MEYDAN.TV","article_published_time":"2022-06-12T14:19:48+00:00","article_modified_time":"2022-06-12T14:19:49+00:00","og_image":[{"width":1200,"height":676,"url":"https:\/\/www.meydan.tv\/wp-content\/uploads\/screenshot-2022-06-12-at-16.17.11-1200x676.png","type":"image\/png"}],"author":"roma","twitter_card":"summary_large_image","schema":{"@context":"https:\/\/schema.org","@graph":[{"@type":"Article","@id":"https:\/\/www.meydan.tv\/az\/article\/ferhad-memmedov-rusiya-siyasi-tesebbuslerle-cixis-edir-amma-pulu-o-qeder-de-xerclemir\/#article","isPartOf":{"@id":"https:\/\/www.meydan.tv\/az\/article\/ferhad-memmedov-rusiya-siyasi-tesebbuslerle-cixis-edir-amma-pulu-o-qeder-de-xerclemir\/"},"author":{"name":"roma","@id":"https:\/\/www.meydan.tv\/az\/#\/schema\/person\/8f23e01c4de63326c13c319fb65ee65d"},"headline":"F\u0259rhad M\u0259mm\u0259dov: \u201cRusiya siyasi t\u0259\u015f\u0259bb\u00fcsl\u0259rl\u0259 \u00e7\u0131x\u0131\u015f edir, amma pulu o q\u0259d\u0259r d\u0259 x\u0259rcl\u0259mir\u201d\u00a0","datePublished":"2022-06-12T14:19:48+00:00","dateModified":"2022-06-12T14:19:49+00:00","mainEntityOfPage":{"@id":"https:\/\/www.meydan.tv\/az\/article\/ferhad-memmedov-rusiya-siyasi-tesebbuslerle-cixis-edir-amma-pulu-o-qeder-de-xerclemir\/"},"wordCount":2726,"publisher":{"@id":"https:\/\/www.meydan.tv\/az\/#organization"},"image":{"@id":"https:\/\/www.meydan.tv\/az\/article\/ferhad-memmedov-rusiya-siyasi-tesebbuslerle-cixis-edir-amma-pulu-o-qeder-de-xerclemir\/#primaryimage"},"thumbnailUrl":"https:\/\/www.meydan.tv\/wp-content\/uploads\/screenshot-2022-06-12-at-16.17.11.png","articleSection":["Video"],"inLanguage":"az"},{"@type":"WebPage","@id":"https:\/\/www.meydan.tv\/az\/article\/ferhad-memmedov-rusiya-siyasi-tesebbuslerle-cixis-edir-amma-pulu-o-qeder-de-xerclemir\/","url":"https:\/\/www.meydan.tv\/az\/article\/ferhad-memmedov-rusiya-siyasi-tesebbuslerle-cixis-edir-amma-pulu-o-qeder-de-xerclemir\/","name":"F\u0259rhad M\u0259mm\u0259dov: \u201cRusiya siyasi t\u0259\u015f\u0259bb\u00fcsl\u0259rl\u0259 \u00e7\u0131x\u0131\u015f edir, amma pulu o q\u0259d\u0259r d\u0259 x\u0259rcl\u0259mir\u201d\u00a0 - MEYDAN.TV","isPartOf":{"@id":"https:\/\/www.meydan.tv\/az\/#website"},"primaryImageOfPage":{"@id":"https:\/\/www.meydan.tv\/az\/article\/ferhad-memmedov-rusiya-siyasi-tesebbuslerle-cixis-edir-amma-pulu-o-qeder-de-xerclemir\/#primaryimage"},"image":{"@id":"https:\/\/www.meydan.tv\/az\/article\/ferhad-memmedov-rusiya-siyasi-tesebbuslerle-cixis-edir-amma-pulu-o-qeder-de-xerclemir\/#primaryimage"},"thumbnailUrl":"https:\/\/www.meydan.tv\/wp-content\/uploads\/screenshot-2022-06-12-at-16.17.11.png","datePublished":"2022-06-12T14:19:48+00:00","dateModified":"2022-06-12T14:19:49+00:00","breadcrumb":{"@id":"https:\/\/www.meydan.tv\/az\/article\/ferhad-memmedov-rusiya-siyasi-tesebbuslerle-cixis-edir-amma-pulu-o-qeder-de-xerclemir\/#breadcrumb"},"inLanguage":"az","potentialAction":[{"@type":"ReadAction","target":["https:\/\/www.meydan.tv\/az\/article\/ferhad-memmedov-rusiya-siyasi-tesebbuslerle-cixis-edir-amma-pulu-o-qeder-de-xerclemir\/"]}]},{"@type":"ImageObject","inLanguage":"az","@id":"https:\/\/www.meydan.tv\/az\/article\/ferhad-memmedov-rusiya-siyasi-tesebbuslerle-cixis-edir-amma-pulu-o-qeder-de-xerclemir\/#primaryimage","url":"https:\/\/www.meydan.tv\/wp-content\/uploads\/screenshot-2022-06-12-at-16.17.11.png","contentUrl":"https:\/\/www.meydan.tv\/wp-content\/uploads\/screenshot-2022-06-12-at-16.17.11.png","width":1780,"height":1002},{"@type":"BreadcrumbList","@id":"https:\/\/www.meydan.tv\/az\/article\/ferhad-memmedov-rusiya-siyasi-tesebbuslerle-cixis-edir-amma-pulu-o-qeder-de-xerclemir\/#breadcrumb","itemListElement":[{"@type":"ListItem","position":1,"name":"Ana s\u0259hif\u0259","item":"https:\/\/www.meydan.tv\/az\/"},{"@type":"ListItem","position":2,"name":"Video","item":"https:\/\/www.meydan.tv\/az\/section\/video-2\/"},{"@type":"ListItem","position":3,"name":"F\u0259rhad M\u0259mm\u0259dov: \u201cRusiya siyasi t\u0259\u015f\u0259bb\u00fcsl\u0259rl\u0259 \u00e7\u0131x\u0131\u015f edir, amma pulu o q\u0259d\u0259r d\u0259 x\u0259rcl\u0259mir\u201d\u00a0"}]},{"@type":"WebSite","@id":"https:\/\/www.meydan.tv\/az\/#website","url":"https:\/\/www.meydan.tv\/az\/","name":"MEYDAN.TV","description":"Meydan TV Az\u0259rbaycan\u0131n media m\u0259kan\u0131ndak\u0131 alternativ s\u0259sidir","publisher":{"@id":"https:\/\/www.meydan.tv\/az\/#organization"},"potentialAction":[{"@type":"SearchAction","target":{"@type":"EntryPoint","urlTemplate":"https:\/\/www.meydan.tv\/az\/?s={search_term_string}"},"query-input":{"@type":"PropertyValueSpecification","valueRequired":true,"valueName":"search_term_string"}}],"inLanguage":"az"},{"@type":"Organization","@id":"https:\/\/www.meydan.tv\/az\/#organization","name":"Meydan TV","url":"https:\/\/www.meydan.tv\/az\/","logo":{"@type":"ImageObject","inLanguage":"az","@id":"https:\/\/www.meydan.tv\/az\/#\/schema\/logo\/image\/","url":"https:\/\/www.meydan.tv\/wp-content\/uploads\/2021\/07\/meydan-logo.svg","contentUrl":"https:\/\/www.meydan.tv\/wp-content\/uploads\/2021\/07\/meydan-logo.svg","width":195,"height":46,"caption":"Meydan TV"},"image":{"@id":"https:\/\/www.meydan.tv\/az\/#\/schema\/logo\/image\/"}},{"@type":"Person","@id":"https:\/\/www.meydan.tv\/az\/#\/schema\/person\/8f23e01c4de63326c13c319fb65ee65d","name":"roma"}]}},"_links":{"self":[{"href":"https:\/\/www.meydan.tv\/az\/wp-json\/wp\/v2\/posts\/248116","targetHints":{"allow":["GET"]}}],"collection":[{"href":"https:\/\/www.meydan.tv\/az\/wp-json\/wp\/v2\/posts"}],"about":[{"href":"https:\/\/www.meydan.tv\/az\/wp-json\/wp\/v2\/types\/post"}],"author":[{"embeddable":true,"href":"https:\/\/www.meydan.tv\/az\/wp-json\/wp\/v2\/users\/14"}],"replies":[{"embeddable":true,"href":"https:\/\/www.meydan.tv\/az\/wp-json\/wp\/v2\/comments?post=248116"}],"version-history":[{"count":1,"href":"https:\/\/www.meydan.tv\/az\/wp-json\/wp\/v2\/posts\/248116\/revisions"}],"predecessor-version":[{"id":248120,"href":"https:\/\/www.meydan.tv\/az\/wp-json\/wp\/v2\/posts\/248116\/revisions\/248120"}],"wp:featuredmedia":[{"embeddable":true,"href":"https:\/\/www.meydan.tv\/az\/wp-json\/wp\/v2\/media\/248117"}],"wp:attachment":[{"href":"https:\/\/www.meydan.tv\/az\/wp-json\/wp\/v2\/media?parent=248116"}],"wp:term":[{"taxonomy":"category","embeddable":true,"href":"https:\/\/www.meydan.tv\/az\/wp-json\/wp\/v2\/categories?post=248116"},{"taxonomy":"post_tag","embeddable":true,"href":"https:\/\/www.meydan.tv\/az\/wp-json\/wp\/v2\/tags?post=248116"}],"curies":[{"name":"wp","href":"https:\/\/api.w.org\/{rel}","templated":true}]}}