{"id":248083,"date":"2022-06-10T17:51:53","date_gmt":"2022-06-10T13:51:53","guid":{"rendered":"https:\/\/www.meydan.tv\/?p=248083"},"modified":"2022-06-10T17:51:54","modified_gmt":"2022-06-10T13:51:54","slug":"qaxdaki-kukla-teatri-seraitsizlikden-ve-imkansizliqdan-eziyyet-cekir","status":"publish","type":"post","link":"https:\/\/www.meydan.tv\/az\/article\/qaxdaki-kukla-teatri-seraitsizlikden-ve-imkansizliqdan-eziyyet-cekir\/","title":{"rendered":"Qaxdak\u0131 kukla teatr\u0131 \u015f\u0259raitsizlikd\u0259n v\u0259 imkans\u0131zl\u0131qdan \u0259ziyy\u0259t \u00e7\u0259kir"},"content":{"rendered":"\n<figure class=\"wp-block-embed is-type-video is-provider-youtube wp-block-embed-youtube wp-embed-aspect-16-9 wp-has-aspect-ratio\"><div class=\"wp-block-embed__wrapper\">\n<iframe title=\"Qaxdak\u0131 kukla teatr\u0131 \u015f\u0259raitsizlikd\u0259n v\u0259 imkans\u0131zl\u0131qdan \u0259ziyy\u0259t \u00e7\u0259kir\" width=\"1200\" height=\"675\" data-src=\"https:\/\/www.youtube.com\/embed\/MYYX_L-Odjc?feature=oembed\" frameborder=\"0\" allow=\"accelerometer; autoplay; clipboard-write; encrypted-media; gyroscope; picture-in-picture\" allowfullscreen src=\"data:image\/svg+xml;base64,PHN2ZyB3aWR0aD0iMSIgaGVpZ2h0PSIxIiB4bWxucz0iaHR0cDovL3d3dy53My5vcmcvMjAwMC9zdmciPjwvc3ZnPg==\" class=\"lazyload\" data-load-mode=\"1\"><\/iframe>\n<\/div><\/figure>\n\n\n\n<p>\u018fsas\u0131 \u0130sako Zeynala\u015fvili t\u0259r\u0259find\u0259n qoyulan Qax rayonundak\u0131 kukla teatr\u0131, Az\u0259rbaycandak\u0131 5 kukla teatr\u0131ndan biridir. \u00d6nc\u0259 d\u0259rn\u0259k kimi f\u0259aliyy\u0259t g\u00f6st\u0259r\u0259n teatr, indi D\u00f6vl\u0259t Kukla Teatr\u0131 kimi f\u0259aliyy\u0259tini davam etdirir Teatrda tama\u015falar\u0131n haz\u0131rlanmas\u0131 \u00fc\u00e7\u00fcn proses s\u0131f\u0131rdan ba\u015flan\u0131r. Kuklalar\u0131n tikilm\u0259sind\u0259n, musiqinin b\u0259st\u0259l\u0259nm\u0259sin\u0259 q\u0259d\u0259r i\u015f\u00e7il\u0259r komanda hal\u0131nda i\u015fl\u0259yirl\u0259r. Kuklalar\u0131n haz\u0131rlanma prosesi eskizin haz\u0131rlanmas\u0131, ona uy\u011fun taxtan\u0131n k\u0259silib fiqur hal\u0131na sal\u0131nmas\u0131 v\u0259 paltarlar\u0131n tikilm\u0259si olaraq davam edir. Proses haqq\u0131nda qurulu\u015f\u00e7u hiss\u0259 m\u00fcdiri \u018fhm\u0259d \u018fhm\u0259dli dan\u0131\u015f\u0131r. Tama\u015faya uy\u011fun musiqinin b\u0259st\u0259l\u0259nm\u0259si v\u0259 ya se\u00e7ilm\u0259si d\u0259 \u00f6n\u0259mlidir. Musiqi hiss\u0259 m\u00fcdiri Nicat F\u0259t\u0259liyev bu bar\u0259d\u0259 dan\u0131\u015f\u0131r. Qurulu\u015f\u00e7u rejissor v\u0259 aktyor Araz Mehrabl\u0131 m\u0259\u015fq prosesl\u0259ri, komandan\u0131n qat\u0131ld\u0131\u011f\u0131 beyn\u0259lxalq m\u00fcsabiq\u0259 v\u0259 festivallar haqq\u0131nda m\u0259lumat verir. O, h\u0259m\u00e7inin teatrdak\u0131 texniki v\u0259 maddi probleml\u0259rd\u0259n d\u0259 b\u0259hs edir. Aktyor Az\u0259r K\u0259rimov deyir ki, m\u0259kan kolxoz binas\u0131 oldu\u011fundan teatr \u00fc\u00e7\u00fcn uy\u011fun deyil. \u00dcst\u0259lik avadanl\u0131qlar k\u00f6hn\u0259dir. Az\u0259r K\u0259rimovun s\u00f6zl\u0259rin\u0259 g\u00f6r\u0259, aktyorlar maddi v\u0259sait tapa bilm\u0259dikl\u0259ri \u00fc\u00e7\u00fcn d\u0259v\u0259t ald\u0131qlar festival v\u0259 m\u00fcsabiq\u0259l\u0259r\u0259 qat\u0131la bilmirl\u0259r. Aktyorlar deyib ki, b\u00fct\u00fcn \u00e7\u0259tinlikl\u0259r\u0259 baxmayaraq pe\u015f\u0259 f\u0259aliyy\u0259tl\u0259rini h\u0259v\u0259sl\u0259 yerin\u0259 yetirirl\u0259r.<\/p>\n","protected":false},"excerpt":{"rendered":"<p>\u018fsas\u0131 \u0130sako Zeynala\u015fvili t\u0259r\u0259find\u0259n qoyulan Qax rayonundak\u0131 kukla teatr\u0131, Az\u0259rbaycandak\u0131 &#8230; <\/p>\n<p class=\"read-more-container\"><a title=\"Qaxdak\u0131 kukla teatr\u0131 \u015f\u0259raitsizlikd\u0259n v\u0259 imkans\u0131zl\u0131qdan \u0259ziyy\u0259t \u00e7\u0259kir\" class=\"read-more button\" href=\"https:\/\/www.meydan.tv\/az\/article\/qaxdaki-kukla-teatri-seraitsizlikden-ve-imkansizliqdan-eziyyet-cekir\/#more-248083\" aria-label=\"Read more about Qaxdak\u0131 kukla teatr\u0131 \u015f\u0259raitsizlikd\u0259n v\u0259 imkans\u0131zl\u0131qdan \u0259ziyy\u0259t \u00e7\u0259kir\">Davam\u0131<\/a><\/p>\n","protected":false},"author":12,"featured_media":248084,"comment_status":"closed","ping_status":"closed","sticky":false,"template":"","format":"standard","meta":{"_acf_changed":false,"_sitemap_exclude":false,"_sitemap_priority":"","_sitemap_frequency":"","footnotes":""},"categories":[52,63],"tags":[],"class_list":["post-248083","post","type-post","status-publish","format-standard","has-post-thumbnail","hentry","category-medeniyyet","category-video-2","infinite-scroll-item","generate-columns","tablet-grid-50","mobile-grid-100","grid-parent","grid-33","no-featured-image-padding"],"acf":[],"yoast_head":"<!-- This site is optimized with the Yoast SEO plugin v27.5 - https:\/\/yoast.com\/product\/yoast-seo-wordpress\/ -->\n<title>Qaxdak\u0131 kukla teatr\u0131 \u015f\u0259raitsizlikd\u0259n v\u0259 imkans\u0131zl\u0131qdan \u0259ziyy\u0259t \u00e7\u0259kir - MEYDAN.TV<\/title>\n<meta name=\"robots\" content=\"index, follow, max-snippet:-1, max-image-preview:large, max-video-preview:-1\" \/>\n<link rel=\"canonical\" href=\"https:\/\/www.meydan.tv\/az\/article\/qaxdaki-kukla-teatri-seraitsizlikden-ve-imkansizliqdan-eziyyet-cekir\/\" \/>\n<meta property=\"og:locale\" content=\"az_AZ\" \/>\n<meta property=\"og:type\" content=\"article\" \/>\n<meta property=\"og:title\" content=\"Qaxdak\u0131 kukla teatr\u0131 \u015f\u0259raitsizlikd\u0259n v\u0259 imkans\u0131zl\u0131qdan \u0259ziyy\u0259t \u00e7\u0259kir - MEYDAN.TV\" \/>\n<meta property=\"og:description\" content=\"\u018fsas\u0131 \u0130sako Zeynala\u015fvili t\u0259r\u0259find\u0259n qoyulan Qax rayonundak\u0131 kukla teatr\u0131, Az\u0259rbaycandak\u0131 ... Davam\u0131\" \/>\n<meta property=\"og:url\" content=\"https:\/\/www.meydan.tv\/az\/article\/qaxdaki-kukla-teatri-seraitsizlikden-ve-imkansizliqdan-eziyyet-cekir\/\" \/>\n<meta property=\"og:site_name\" content=\"MEYDAN.TV\" \/>\n<meta property=\"article:published_time\" content=\"2022-06-10T13:51:53+00:00\" \/>\n<meta property=\"article:modified_time\" content=\"2022-06-10T13:51:54+00:00\" \/>\n<meta property=\"og:image\" content=\"https:\/\/www.meydan.tv\/wp-content\/uploads\/reportaj-cover-6.png\" \/>\n\t<meta property=\"og:image:width\" content=\"1280\" \/>\n\t<meta property=\"og:image:height\" content=\"720\" \/>\n\t<meta property=\"og:image:type\" content=\"image\/png\" \/>\n<meta name=\"author\" content=\"aleks\" \/>\n<meta name=\"twitter:card\" content=\"summary_large_image\" \/>\n<script type=\"application\/ld+json\" class=\"yoast-schema-graph\">{\"@context\":\"https:\\\/\\\/schema.org\",\"@graph\":[{\"@type\":\"Article\",\"@id\":\"https:\\\/\\\/www.meydan.tv\\\/az\\\/article\\\/qaxdaki-kukla-teatri-seraitsizlikden-ve-imkansizliqdan-eziyyet-cekir\\\/#article\",\"isPartOf\":{\"@id\":\"https:\\\/\\\/www.meydan.tv\\\/az\\\/article\\\/qaxdaki-kukla-teatri-seraitsizlikden-ve-imkansizliqdan-eziyyet-cekir\\\/\"},\"author\":{\"name\":\"aleks\",\"@id\":\"https:\\\/\\\/www.meydan.tv\\\/az\\\/#\\\/schema\\\/person\\\/476e9360e593fa131d5d71d51866f8da\"},\"headline\":\"Qaxdak\u0131 kukla teatr\u0131 \u015f\u0259raitsizlikd\u0259n v\u0259 imkans\u0131zl\u0131qdan \u0259ziyy\u0259t \u00e7\u0259kir\",\"datePublished\":\"2022-06-10T13:51:53+00:00\",\"dateModified\":\"2022-06-10T13:51:54+00:00\",\"mainEntityOfPage\":{\"@id\":\"https:\\\/\\\/www.meydan.tv\\\/az\\\/article\\\/qaxdaki-kukla-teatri-seraitsizlikden-ve-imkansizliqdan-eziyyet-cekir\\\/\"},\"wordCount\":291,\"publisher\":{\"@id\":\"https:\\\/\\\/www.meydan.tv\\\/az\\\/#organization\"},\"image\":{\"@id\":\"https:\\\/\\\/www.meydan.tv\\\/az\\\/article\\\/qaxdaki-kukla-teatri-seraitsizlikden-ve-imkansizliqdan-eziyyet-cekir\\\/#primaryimage\"},\"thumbnailUrl\":\"https:\\\/\\\/www.meydan.tv\\\/wp-content\\\/uploads\\\/reportaj-cover-6.png\",\"articleSection\":[\"M\u0259d\u0259niyy\u0259t\",\"Video\"],\"inLanguage\":\"az\"},{\"@type\":\"WebPage\",\"@id\":\"https:\\\/\\\/www.meydan.tv\\\/az\\\/article\\\/qaxdaki-kukla-teatri-seraitsizlikden-ve-imkansizliqdan-eziyyet-cekir\\\/\",\"url\":\"https:\\\/\\\/www.meydan.tv\\\/az\\\/article\\\/qaxdaki-kukla-teatri-seraitsizlikden-ve-imkansizliqdan-eziyyet-cekir\\\/\",\"name\":\"Qaxdak\u0131 kukla teatr\u0131 \u015f\u0259raitsizlikd\u0259n v\u0259 imkans\u0131zl\u0131qdan \u0259ziyy\u0259t \u00e7\u0259kir - MEYDAN.TV\",\"isPartOf\":{\"@id\":\"https:\\\/\\\/www.meydan.tv\\\/az\\\/#website\"},\"primaryImageOfPage\":{\"@id\":\"https:\\\/\\\/www.meydan.tv\\\/az\\\/article\\\/qaxdaki-kukla-teatri-seraitsizlikden-ve-imkansizliqdan-eziyyet-cekir\\\/#primaryimage\"},\"image\":{\"@id\":\"https:\\\/\\\/www.meydan.tv\\\/az\\\/article\\\/qaxdaki-kukla-teatri-seraitsizlikden-ve-imkansizliqdan-eziyyet-cekir\\\/#primaryimage\"},\"thumbnailUrl\":\"https:\\\/\\\/www.meydan.tv\\\/wp-content\\\/uploads\\\/reportaj-cover-6.png\",\"datePublished\":\"2022-06-10T13:51:53+00:00\",\"dateModified\":\"2022-06-10T13:51:54+00:00\",\"breadcrumb\":{\"@id\":\"https:\\\/\\\/www.meydan.tv\\\/az\\\/article\\\/qaxdaki-kukla-teatri-seraitsizlikden-ve-imkansizliqdan-eziyyet-cekir\\\/#breadcrumb\"},\"inLanguage\":\"az\",\"potentialAction\":[{\"@type\":\"ReadAction\",\"target\":[\"https:\\\/\\\/www.meydan.tv\\\/az\\\/article\\\/qaxdaki-kukla-teatri-seraitsizlikden-ve-imkansizliqdan-eziyyet-cekir\\\/\"]}]},{\"@type\":\"ImageObject\",\"inLanguage\":\"az\",\"@id\":\"https:\\\/\\\/www.meydan.tv\\\/az\\\/article\\\/qaxdaki-kukla-teatri-seraitsizlikden-ve-imkansizliqdan-eziyyet-cekir\\\/#primaryimage\",\"url\":\"https:\\\/\\\/www.meydan.tv\\\/wp-content\\\/uploads\\\/reportaj-cover-6.png\",\"contentUrl\":\"https:\\\/\\\/www.meydan.tv\\\/wp-content\\\/uploads\\\/reportaj-cover-6.png\",\"width\":1280,\"height\":720},{\"@type\":\"BreadcrumbList\",\"@id\":\"https:\\\/\\\/www.meydan.tv\\\/az\\\/article\\\/qaxdaki-kukla-teatri-seraitsizlikden-ve-imkansizliqdan-eziyyet-cekir\\\/#breadcrumb\",\"itemListElement\":[{\"@type\":\"ListItem\",\"position\":1,\"name\":\"Ana s\u0259hif\u0259\",\"item\":\"https:\\\/\\\/www.meydan.tv\\\/az\\\/\"},{\"@type\":\"ListItem\",\"position\":2,\"name\":\"Video\",\"item\":\"https:\\\/\\\/www.meydan.tv\\\/az\\\/section\\\/video-2\\\/\"},{\"@type\":\"ListItem\",\"position\":3,\"name\":\"Qaxdak\u0131 kukla teatr\u0131 \u015f\u0259raitsizlikd\u0259n v\u0259 imkans\u0131zl\u0131qdan \u0259ziyy\u0259t \u00e7\u0259kir\"}]},{\"@type\":\"WebSite\",\"@id\":\"https:\\\/\\\/www.meydan.tv\\\/az\\\/#website\",\"url\":\"https:\\\/\\\/www.meydan.tv\\\/az\\\/\",\"name\":\"MEYDAN.TV\",\"description\":\"Meydan TV Az\u0259rbaycan\u0131n media m\u0259kan\u0131ndak\u0131 alternativ s\u0259sidir\",\"publisher\":{\"@id\":\"https:\\\/\\\/www.meydan.tv\\\/az\\\/#organization\"},\"potentialAction\":[{\"@type\":\"SearchAction\",\"target\":{\"@type\":\"EntryPoint\",\"urlTemplate\":\"https:\\\/\\\/www.meydan.tv\\\/az\\\/?s={search_term_string}\"},\"query-input\":{\"@type\":\"PropertyValueSpecification\",\"valueRequired\":true,\"valueName\":\"search_term_string\"}}],\"inLanguage\":\"az\"},{\"@type\":\"Organization\",\"@id\":\"https:\\\/\\\/www.meydan.tv\\\/az\\\/#organization\",\"name\":\"Meydan TV\",\"url\":\"https:\\\/\\\/www.meydan.tv\\\/az\\\/\",\"logo\":{\"@type\":\"ImageObject\",\"inLanguage\":\"az\",\"@id\":\"https:\\\/\\\/www.meydan.tv\\\/az\\\/#\\\/schema\\\/logo\\\/image\\\/\",\"url\":\"https:\\\/\\\/www.meydan.tv\\\/wp-content\\\/uploads\\\/2021\\\/07\\\/meydan-logo.svg\",\"contentUrl\":\"https:\\\/\\\/www.meydan.tv\\\/wp-content\\\/uploads\\\/2021\\\/07\\\/meydan-logo.svg\",\"width\":195,\"height\":46,\"caption\":\"Meydan TV\"},\"image\":{\"@id\":\"https:\\\/\\\/www.meydan.tv\\\/az\\\/#\\\/schema\\\/logo\\\/image\\\/\"}},{\"@type\":\"Person\",\"@id\":\"https:\\\/\\\/www.meydan.tv\\\/az\\\/#\\\/schema\\\/person\\\/476e9360e593fa131d5d71d51866f8da\",\"name\":\"aleks\"}]}<\/script>\n<!-- \/ Yoast SEO plugin. -->","yoast_head_json":{"title":"Qaxdak\u0131 kukla teatr\u0131 \u015f\u0259raitsizlikd\u0259n v\u0259 imkans\u0131zl\u0131qdan \u0259ziyy\u0259t \u00e7\u0259kir - MEYDAN.TV","robots":{"index":"index","follow":"follow","max-snippet":"max-snippet:-1","max-image-preview":"max-image-preview:large","max-video-preview":"max-video-preview:-1"},"canonical":"https:\/\/www.meydan.tv\/az\/article\/qaxdaki-kukla-teatri-seraitsizlikden-ve-imkansizliqdan-eziyyet-cekir\/","og_locale":"az_AZ","og_type":"article","og_title":"Qaxdak\u0131 kukla teatr\u0131 \u015f\u0259raitsizlikd\u0259n v\u0259 imkans\u0131zl\u0131qdan \u0259ziyy\u0259t \u00e7\u0259kir - MEYDAN.TV","og_description":"\u018fsas\u0131 \u0130sako Zeynala\u015fvili t\u0259r\u0259find\u0259n qoyulan Qax rayonundak\u0131 kukla teatr\u0131, Az\u0259rbaycandak\u0131 ... Davam\u0131","og_url":"https:\/\/www.meydan.tv\/az\/article\/qaxdaki-kukla-teatri-seraitsizlikden-ve-imkansizliqdan-eziyyet-cekir\/","og_site_name":"MEYDAN.TV","article_published_time":"2022-06-10T13:51:53+00:00","article_modified_time":"2022-06-10T13:51:54+00:00","og_image":[{"width":1280,"height":720,"url":"https:\/\/www.meydan.tv\/wp-content\/uploads\/reportaj-cover-6.png","type":"image\/png"}],"author":"aleks","twitter_card":"summary_large_image","schema":{"@context":"https:\/\/schema.org","@graph":[{"@type":"Article","@id":"https:\/\/www.meydan.tv\/az\/article\/qaxdaki-kukla-teatri-seraitsizlikden-ve-imkansizliqdan-eziyyet-cekir\/#article","isPartOf":{"@id":"https:\/\/www.meydan.tv\/az\/article\/qaxdaki-kukla-teatri-seraitsizlikden-ve-imkansizliqdan-eziyyet-cekir\/"},"author":{"name":"aleks","@id":"https:\/\/www.meydan.tv\/az\/#\/schema\/person\/476e9360e593fa131d5d71d51866f8da"},"headline":"Qaxdak\u0131 kukla teatr\u0131 \u015f\u0259raitsizlikd\u0259n v\u0259 imkans\u0131zl\u0131qdan \u0259ziyy\u0259t \u00e7\u0259kir","datePublished":"2022-06-10T13:51:53+00:00","dateModified":"2022-06-10T13:51:54+00:00","mainEntityOfPage":{"@id":"https:\/\/www.meydan.tv\/az\/article\/qaxdaki-kukla-teatri-seraitsizlikden-ve-imkansizliqdan-eziyyet-cekir\/"},"wordCount":291,"publisher":{"@id":"https:\/\/www.meydan.tv\/az\/#organization"},"image":{"@id":"https:\/\/www.meydan.tv\/az\/article\/qaxdaki-kukla-teatri-seraitsizlikden-ve-imkansizliqdan-eziyyet-cekir\/#primaryimage"},"thumbnailUrl":"https:\/\/www.meydan.tv\/wp-content\/uploads\/reportaj-cover-6.png","articleSection":["M\u0259d\u0259niyy\u0259t","Video"],"inLanguage":"az"},{"@type":"WebPage","@id":"https:\/\/www.meydan.tv\/az\/article\/qaxdaki-kukla-teatri-seraitsizlikden-ve-imkansizliqdan-eziyyet-cekir\/","url":"https:\/\/www.meydan.tv\/az\/article\/qaxdaki-kukla-teatri-seraitsizlikden-ve-imkansizliqdan-eziyyet-cekir\/","name":"Qaxdak\u0131 kukla teatr\u0131 \u015f\u0259raitsizlikd\u0259n v\u0259 imkans\u0131zl\u0131qdan \u0259ziyy\u0259t \u00e7\u0259kir - MEYDAN.TV","isPartOf":{"@id":"https:\/\/www.meydan.tv\/az\/#website"},"primaryImageOfPage":{"@id":"https:\/\/www.meydan.tv\/az\/article\/qaxdaki-kukla-teatri-seraitsizlikden-ve-imkansizliqdan-eziyyet-cekir\/#primaryimage"},"image":{"@id":"https:\/\/www.meydan.tv\/az\/article\/qaxdaki-kukla-teatri-seraitsizlikden-ve-imkansizliqdan-eziyyet-cekir\/#primaryimage"},"thumbnailUrl":"https:\/\/www.meydan.tv\/wp-content\/uploads\/reportaj-cover-6.png","datePublished":"2022-06-10T13:51:53+00:00","dateModified":"2022-06-10T13:51:54+00:00","breadcrumb":{"@id":"https:\/\/www.meydan.tv\/az\/article\/qaxdaki-kukla-teatri-seraitsizlikden-ve-imkansizliqdan-eziyyet-cekir\/#breadcrumb"},"inLanguage":"az","potentialAction":[{"@type":"ReadAction","target":["https:\/\/www.meydan.tv\/az\/article\/qaxdaki-kukla-teatri-seraitsizlikden-ve-imkansizliqdan-eziyyet-cekir\/"]}]},{"@type":"ImageObject","inLanguage":"az","@id":"https:\/\/www.meydan.tv\/az\/article\/qaxdaki-kukla-teatri-seraitsizlikden-ve-imkansizliqdan-eziyyet-cekir\/#primaryimage","url":"https:\/\/www.meydan.tv\/wp-content\/uploads\/reportaj-cover-6.png","contentUrl":"https:\/\/www.meydan.tv\/wp-content\/uploads\/reportaj-cover-6.png","width":1280,"height":720},{"@type":"BreadcrumbList","@id":"https:\/\/www.meydan.tv\/az\/article\/qaxdaki-kukla-teatri-seraitsizlikden-ve-imkansizliqdan-eziyyet-cekir\/#breadcrumb","itemListElement":[{"@type":"ListItem","position":1,"name":"Ana s\u0259hif\u0259","item":"https:\/\/www.meydan.tv\/az\/"},{"@type":"ListItem","position":2,"name":"Video","item":"https:\/\/www.meydan.tv\/az\/section\/video-2\/"},{"@type":"ListItem","position":3,"name":"Qaxdak\u0131 kukla teatr\u0131 \u015f\u0259raitsizlikd\u0259n v\u0259 imkans\u0131zl\u0131qdan \u0259ziyy\u0259t \u00e7\u0259kir"}]},{"@type":"WebSite","@id":"https:\/\/www.meydan.tv\/az\/#website","url":"https:\/\/www.meydan.tv\/az\/","name":"MEYDAN.TV","description":"Meydan TV Az\u0259rbaycan\u0131n media m\u0259kan\u0131ndak\u0131 alternativ s\u0259sidir","publisher":{"@id":"https:\/\/www.meydan.tv\/az\/#organization"},"potentialAction":[{"@type":"SearchAction","target":{"@type":"EntryPoint","urlTemplate":"https:\/\/www.meydan.tv\/az\/?s={search_term_string}"},"query-input":{"@type":"PropertyValueSpecification","valueRequired":true,"valueName":"search_term_string"}}],"inLanguage":"az"},{"@type":"Organization","@id":"https:\/\/www.meydan.tv\/az\/#organization","name":"Meydan TV","url":"https:\/\/www.meydan.tv\/az\/","logo":{"@type":"ImageObject","inLanguage":"az","@id":"https:\/\/www.meydan.tv\/az\/#\/schema\/logo\/image\/","url":"https:\/\/www.meydan.tv\/wp-content\/uploads\/2021\/07\/meydan-logo.svg","contentUrl":"https:\/\/www.meydan.tv\/wp-content\/uploads\/2021\/07\/meydan-logo.svg","width":195,"height":46,"caption":"Meydan TV"},"image":{"@id":"https:\/\/www.meydan.tv\/az\/#\/schema\/logo\/image\/"}},{"@type":"Person","@id":"https:\/\/www.meydan.tv\/az\/#\/schema\/person\/476e9360e593fa131d5d71d51866f8da","name":"aleks"}]}},"_links":{"self":[{"href":"https:\/\/www.meydan.tv\/az\/wp-json\/wp\/v2\/posts\/248083","targetHints":{"allow":["GET"]}}],"collection":[{"href":"https:\/\/www.meydan.tv\/az\/wp-json\/wp\/v2\/posts"}],"about":[{"href":"https:\/\/www.meydan.tv\/az\/wp-json\/wp\/v2\/types\/post"}],"author":[{"embeddable":true,"href":"https:\/\/www.meydan.tv\/az\/wp-json\/wp\/v2\/users\/12"}],"replies":[{"embeddable":true,"href":"https:\/\/www.meydan.tv\/az\/wp-json\/wp\/v2\/comments?post=248083"}],"version-history":[{"count":1,"href":"https:\/\/www.meydan.tv\/az\/wp-json\/wp\/v2\/posts\/248083\/revisions"}],"predecessor-version":[{"id":248087,"href":"https:\/\/www.meydan.tv\/az\/wp-json\/wp\/v2\/posts\/248083\/revisions\/248087"}],"wp:featuredmedia":[{"embeddable":true,"href":"https:\/\/www.meydan.tv\/az\/wp-json\/wp\/v2\/media\/248084"}],"wp:attachment":[{"href":"https:\/\/www.meydan.tv\/az\/wp-json\/wp\/v2\/media?parent=248083"}],"wp:term":[{"taxonomy":"category","embeddable":true,"href":"https:\/\/www.meydan.tv\/az\/wp-json\/wp\/v2\/categories?post=248083"},{"taxonomy":"post_tag","embeddable":true,"href":"https:\/\/www.meydan.tv\/az\/wp-json\/wp\/v2\/tags?post=248083"}],"curies":[{"name":"wp","href":"https:\/\/api.w.org\/{rel}","templated":true}]}}