{"id":248034,"date":"2022-06-10T13:37:31","date_gmt":"2022-06-10T09:37:31","guid":{"rendered":"https:\/\/www.meydan.tv\/?p=248034"},"modified":"2022-06-10T17:53:41","modified_gmt":"2022-06-10T13:53:41","slug":"hebsxanada-acliq-eden-dindarlardan-biri-xestexanaya-yerlesdirilib","status":"publish","type":"post","link":"https:\/\/www.meydan.tv\/az\/article\/hebsxanada-acliq-eden-dindarlardan-biri-xestexanaya-yerlesdirilib\/","title":{"rendered":"H\u0259bsxanada acl\u0131q ed\u0259n dini inancl\u0131lardan biri x\u0259st\u0259xanaya yerl\u0259\u015fdirilib"},"content":{"rendered":"\n<figure class=\"wp-block-embed is-type-video is-provider-youtube wp-block-embed-youtube wp-embed-aspect-16-9 wp-has-aspect-ratio\"><div class=\"wp-block-embed__wrapper\">\n<iframe title=\"Taleh Ba\u011f\u0131rzad\u0259 7-ci g\u00fcnd\u00fcr acl\u0131\u011f\u0131 davam etdirir\" width=\"1200\" height=\"675\" data-src=\"https:\/\/www.youtube.com\/embed\/zDOtMZ1KraA?feature=oembed\" frameborder=\"0\" allow=\"accelerometer; autoplay; clipboard-write; encrypted-media; gyroscope; picture-in-picture\" allowfullscreen src=\"data:image\/svg+xml;base64,PHN2ZyB3aWR0aD0iMSIgaGVpZ2h0PSIxIiB4bWxucz0iaHR0cDovL3d3dy53My5vcmcvMjAwMC9zdmciPjwvc3ZnPg==\" class=\"lazyload\" data-load-mode=\"1\"><\/iframe>\n<\/div><\/figure>\n\n\n\n<p><em>Cabbar Cabbarovun qan qusdu\u011fu bildirilir<\/em><\/p>\n\n\n\n<p>\u201cM\u00fcs\u0259lman Birliyi\u201d H\u0259r\u0259kat\u0131n\u0131n h\u0259bsd\u0259 olan s\u0259dri Taleh Ba\u011f\u0131rzad\u0259 7 g\u00fcnd\u00fcr ki, Qobustan h\u0259bsxanas\u0131nda acl\u0131q aksiyas\u0131 ke\u00e7irir.<\/p>\n\n\n\n<p>H\u0259r\u0259kat\u0131n dig\u0259r \u00fczvl\u0259ri v\u0259 dindarlar onunla h\u0259mr\u0259ylik \u0259lam\u0259ti olaraq aksiyaya qo\u015fulublar.<\/p>\n\n\n\n<p>Onlar polisin i\u015fg\u0259nc\u0259 t\u0259tbiq etm\u0259sin\u0259 v\u0259 h\u00fcquq-m\u00fchafiz\u0259 orqanlar\u0131 \u0259m\u0259kda\u015flar\u0131n\u0131n Allaha k\u00fcf\u00fcr etm\u0259sin\u0259 etiraz edirl\u0259r.<\/p>\n\n\n\n<p>N\u0259tic\u0259d\u0259 iyunun 10-da acl\u0131q aksiyas\u0131 ke\u00e7ir\u0259nl\u0259rd\u0259n Cabbar Cabbarovun v\u0259ziyy\u0259ti k\u0259skin pisl\u0259\u015fib.<\/p>\n\n\n\n<p>&#8220;Turan&#8221;\u0131n m\u0259lumat\u0131na g\u00f6r\u0259, Cabbar Cabbarov qan qusma\u011fa ba\u015flay\u0131b v\u0259 h\u0259bsxana x\u0259st\u0259xanas\u0131na yerl\u0259\u015fdirilib.<\/p>\n\n\n\n<p>\u201cM\u00fcs\u0259lman Birliyi\u201d H\u0259r\u0259kat\u0131ndan bildiribl\u0259r ki, Taleh Ba\u011f\u0131rzad\u0259 il\u0259 yana\u015f\u0131, t\u0259\u015fkilat\u0131n \u00fczvl\u0259ri Abbas H\u00fcseynov, Cahad Babaki\u015fizad\u0259, Seyf\u0259ddin \u015eirvanov, G\u0259nc\u0259 i\u015fi \u00fczr\u0259 m\u00fchakim\u0259 olunmu\u015f Firudin Zeynalov v\u0259 jurnalist Polad Aslanov acl\u0131\u011f\u0131 davam etdirirl\u0259r.<\/p>\n\n\n\n<p>Penitensiar Xidm\u0259td\u0259n is\u0259 bu bar\u0259d\u0259 m\u0259lumat\u0131 \u015f\u0259rh etm\u0259s\u0259l\u0259r d\u0259, Cabbar Cabbarovun m\u00fcalic\u0259 m\u00fc\u0259ssis\u0259sin\u0259 k\u00f6\u00e7\u00fcr\u00fcld\u00fcy\u00fcn\u00fc t\u0259sdiql\u0259yibl\u0259r.<\/p>\n\n\n\n<p>M\u00fcs\u0259lman Birliyi H\u0259r\u0259kat\u0131n\u0131n s\u0259dri Taleh Ba\u011f\u0131rzad\u0259 iyunun 3-d\u0259 acl\u0131q aksiyas\u0131na ba\u015flay\u0131b.<\/p>\n\n\n\n<p>O, s\u0259b\u0259b kimi son d\u00f6vrl\u0259r polis idar\u0259l\u0259rind\u0259 v\u0259t\u0259nda\u015flara veril\u0259n i\u015fg\u0259nc\u0259l\u0259r zaman\u0131 Allah\u0131n s\u00f6y\u00fclm\u0259si, t\u0259hqir edilm\u0259sini <a href=\"https:\/\/d9mc3ts4czbpr.cloudfront.net\/az\/article\/tale-bagirzadenin-acliq-aksiyasina-basladigi-bildirilir\/\" target=\"_blank\" rel=\"noreferrer noopener\">g\u00f6st\u0259rib<\/a>.<\/p>\n\n\n\n<p><strong>Xat\u0131rlatma<\/strong><\/p>\n\n\n\n<p>Taleh Ba\u011f\u0131rzad\u0259 2015-ci ild\u0259 polisin Nardaranda ke\u00e7irdiyi \u0259m\u0259liyyat\u0131 zaman\u0131 h\u0259bs olunub.<\/p>\n\n\n\n<p>\u0130kisi polis olmaqla, 6 n\u0259f\u0259rin h\u0259lak oldu\u011fu h\u0259min \u0259m\u0259liyyat n\u0259tic\u0259sind\u0259 ilahiyyat\u00e7\u0131 il\u0259 yana\u015f\u0131, daha 16 n\u0259f\u0259r saxlan\u0131l\u0131b.<\/p>\n\n\n\n<p>M\u0259hk\u0259m\u0259 onu 20 il azadl\u0131qdan m\u0259hrum edib.<\/p>\n","protected":false},"excerpt":{"rendered":"<p>Cabbar Cabbarovun qan qusdu\u011fu bildirilir \u201cM\u00fcs\u0259lman Birliyi\u201d H\u0259r\u0259kat\u0131n\u0131n h\u0259bsd\u0259 olan &#8230; <\/p>\n<p class=\"read-more-container\"><a title=\"H\u0259bsxanada acl\u0131q ed\u0259n dini inancl\u0131lardan biri x\u0259st\u0259xanaya yerl\u0259\u015fdirilib\" class=\"read-more button\" href=\"https:\/\/www.meydan.tv\/az\/article\/hebsxanada-acliq-eden-dindarlardan-biri-xestexanaya-yerlesdirilib\/#more-248034\" aria-label=\"Read more about H\u0259bsxanada acl\u0131q ed\u0259n dini inancl\u0131lardan biri x\u0259st\u0259xanaya yerl\u0259\u015fdirilib\">Davam\u0131<\/a><\/p>\n","protected":false},"author":8,"featured_media":209565,"comment_status":"closed","ping_status":"closed","sticky":false,"template":"","format":"standard","meta":{"_acf_changed":false,"_sitemap_exclude":false,"_sitemap_priority":"","_sitemap_frequency":"","footnotes":""},"categories":[59,79,63,56],"tags":[],"class_list":["post-248034","post","type-post","status-publish","format-standard","has-post-thumbnail","hentry","category-siyaset","category-featured","category-video-2","category-xeberler","infinite-scroll-item","generate-columns","tablet-grid-50","mobile-grid-100","grid-parent","grid-33","no-featured-image-padding"],"acf":[],"yoast_head":"<!-- This site is optimized with the Yoast SEO plugin v27.5 - https:\/\/yoast.com\/product\/yoast-seo-wordpress\/ -->\n<title>H\u0259bsxanada acl\u0131q ed\u0259n dini inancl\u0131lardan biri x\u0259st\u0259xanaya yerl\u0259\u015fdirilib - MEYDAN.TV<\/title>\n<meta name=\"robots\" content=\"index, follow, max-snippet:-1, max-image-preview:large, max-video-preview:-1\" \/>\n<link rel=\"canonical\" href=\"https:\/\/www.meydan.tv\/az\/article\/hebsxanada-acliq-eden-dindarlardan-biri-xestexanaya-yerlesdirilib\/\" \/>\n<meta property=\"og:locale\" content=\"az_AZ\" \/>\n<meta property=\"og:type\" content=\"article\" \/>\n<meta property=\"og:title\" content=\"H\u0259bsxanada acl\u0131q ed\u0259n dini inancl\u0131lardan biri x\u0259st\u0259xanaya yerl\u0259\u015fdirilib - MEYDAN.TV\" \/>\n<meta property=\"og:description\" content=\"Cabbar Cabbarovun qan qusdu\u011fu bildirilir \u201cM\u00fcs\u0259lman Birliyi\u201d H\u0259r\u0259kat\u0131n\u0131n h\u0259bsd\u0259 olan ... Davam\u0131\" \/>\n<meta property=\"og:url\" content=\"https:\/\/www.meydan.tv\/az\/article\/hebsxanada-acliq-eden-dindarlardan-biri-xestexanaya-yerlesdirilib\/\" \/>\n<meta property=\"og:site_name\" content=\"MEYDAN.TV\" \/>\n<meta property=\"article:published_time\" content=\"2022-06-10T09:37:31+00:00\" \/>\n<meta property=\"article:modified_time\" content=\"2022-06-10T13:53:41+00:00\" \/>\n<meta property=\"og:image\" content=\"https:\/\/www.meydan.tv\/wp-content\/uploads\/image_from_ios_k6oinno-scaled.jpg\" \/>\n\t<meta property=\"og:image:width\" content=\"2560\" \/>\n\t<meta property=\"og:image:height\" content=\"1440\" \/>\n\t<meta property=\"og:image:type\" content=\"image\/jpeg\" \/>\n<meta name=\"author\" content=\"elli\" \/>\n<meta name=\"twitter:card\" content=\"summary_large_image\" \/>\n<meta name=\"twitter:creator\" content=\"@elli\" \/>\n<script type=\"application\/ld+json\" class=\"yoast-schema-graph\">{\"@context\":\"https:\\\/\\\/schema.org\",\"@graph\":[{\"@type\":\"Article\",\"@id\":\"https:\\\/\\\/www.meydan.tv\\\/az\\\/article\\\/hebsxanada-acliq-eden-dindarlardan-biri-xestexanaya-yerlesdirilib\\\/#article\",\"isPartOf\":{\"@id\":\"https:\\\/\\\/www.meydan.tv\\\/az\\\/article\\\/hebsxanada-acliq-eden-dindarlardan-biri-xestexanaya-yerlesdirilib\\\/\"},\"author\":{\"name\":\"elli\",\"@id\":\"https:\\\/\\\/www.meydan.tv\\\/az\\\/#\\\/schema\\\/person\\\/9cdbecf90d17180ce1dfbd95b08dcf47\"},\"headline\":\"H\u0259bsxanada acl\u0131q ed\u0259n dini inancl\u0131lardan biri x\u0259st\u0259xanaya yerl\u0259\u015fdirilib\",\"datePublished\":\"2022-06-10T09:37:31+00:00\",\"dateModified\":\"2022-06-10T13:53:41+00:00\",\"mainEntityOfPage\":{\"@id\":\"https:\\\/\\\/www.meydan.tv\\\/az\\\/article\\\/hebsxanada-acliq-eden-dindarlardan-biri-xestexanaya-yerlesdirilib\\\/\"},\"wordCount\":345,\"publisher\":{\"@id\":\"https:\\\/\\\/www.meydan.tv\\\/az\\\/#organization\"},\"image\":{\"@id\":\"https:\\\/\\\/www.meydan.tv\\\/az\\\/article\\\/hebsxanada-acliq-eden-dindarlardan-biri-xestexanaya-yerlesdirilib\\\/#primaryimage\"},\"thumbnailUrl\":\"https:\\\/\\\/www.meydan.tv\\\/wp-content\\\/uploads\\\/image_from_ios_k6oinno-scaled.jpg\",\"articleSection\":[\"Siyas\u0259t\",\"T\u00f6vsiy\u0259\",\"Video\",\"X\u0259b\u0259rl\u0259r\"],\"inLanguage\":\"az\"},{\"@type\":\"WebPage\",\"@id\":\"https:\\\/\\\/www.meydan.tv\\\/az\\\/article\\\/hebsxanada-acliq-eden-dindarlardan-biri-xestexanaya-yerlesdirilib\\\/\",\"url\":\"https:\\\/\\\/www.meydan.tv\\\/az\\\/article\\\/hebsxanada-acliq-eden-dindarlardan-biri-xestexanaya-yerlesdirilib\\\/\",\"name\":\"H\u0259bsxanada acl\u0131q ed\u0259n dini inancl\u0131lardan biri x\u0259st\u0259xanaya yerl\u0259\u015fdirilib - MEYDAN.TV\",\"isPartOf\":{\"@id\":\"https:\\\/\\\/www.meydan.tv\\\/az\\\/#website\"},\"primaryImageOfPage\":{\"@id\":\"https:\\\/\\\/www.meydan.tv\\\/az\\\/article\\\/hebsxanada-acliq-eden-dindarlardan-biri-xestexanaya-yerlesdirilib\\\/#primaryimage\"},\"image\":{\"@id\":\"https:\\\/\\\/www.meydan.tv\\\/az\\\/article\\\/hebsxanada-acliq-eden-dindarlardan-biri-xestexanaya-yerlesdirilib\\\/#primaryimage\"},\"thumbnailUrl\":\"https:\\\/\\\/www.meydan.tv\\\/wp-content\\\/uploads\\\/image_from_ios_k6oinno-scaled.jpg\",\"datePublished\":\"2022-06-10T09:37:31+00:00\",\"dateModified\":\"2022-06-10T13:53:41+00:00\",\"breadcrumb\":{\"@id\":\"https:\\\/\\\/www.meydan.tv\\\/az\\\/article\\\/hebsxanada-acliq-eden-dindarlardan-biri-xestexanaya-yerlesdirilib\\\/#breadcrumb\"},\"inLanguage\":\"az\",\"potentialAction\":[{\"@type\":\"ReadAction\",\"target\":[\"https:\\\/\\\/www.meydan.tv\\\/az\\\/article\\\/hebsxanada-acliq-eden-dindarlardan-biri-xestexanaya-yerlesdirilib\\\/\"]}]},{\"@type\":\"ImageObject\",\"inLanguage\":\"az\",\"@id\":\"https:\\\/\\\/www.meydan.tv\\\/az\\\/article\\\/hebsxanada-acliq-eden-dindarlardan-biri-xestexanaya-yerlesdirilib\\\/#primaryimage\",\"url\":\"https:\\\/\\\/www.meydan.tv\\\/wp-content\\\/uploads\\\/image_from_ios_k6oinno-scaled.jpg\",\"contentUrl\":\"https:\\\/\\\/www.meydan.tv\\\/wp-content\\\/uploads\\\/image_from_ios_k6oinno-scaled.jpg\",\"width\":2560,\"height\":1440,\"caption\":\"\u0130ll\u00fcstrasiya: Meydan TV\"},{\"@type\":\"BreadcrumbList\",\"@id\":\"https:\\\/\\\/www.meydan.tv\\\/az\\\/article\\\/hebsxanada-acliq-eden-dindarlardan-biri-xestexanaya-yerlesdirilib\\\/#breadcrumb\",\"itemListElement\":[{\"@type\":\"ListItem\",\"position\":1,\"name\":\"Ana s\u0259hif\u0259\",\"item\":\"https:\\\/\\\/www.meydan.tv\\\/az\\\/\"},{\"@type\":\"ListItem\",\"position\":2,\"name\":\"Siyas\u0259t\",\"item\":\"https:\\\/\\\/www.meydan.tv\\\/az\\\/section\\\/siyaset\\\/\"},{\"@type\":\"ListItem\",\"position\":3,\"name\":\"H\u0259bsxanada acl\u0131q ed\u0259n dini inancl\u0131lardan biri x\u0259st\u0259xanaya yerl\u0259\u015fdirilib\"}]},{\"@type\":\"WebSite\",\"@id\":\"https:\\\/\\\/www.meydan.tv\\\/az\\\/#website\",\"url\":\"https:\\\/\\\/www.meydan.tv\\\/az\\\/\",\"name\":\"MEYDAN.TV\",\"description\":\"Meydan TV Az\u0259rbaycan\u0131n media m\u0259kan\u0131ndak\u0131 alternativ s\u0259sidir\",\"publisher\":{\"@id\":\"https:\\\/\\\/www.meydan.tv\\\/az\\\/#organization\"},\"potentialAction\":[{\"@type\":\"SearchAction\",\"target\":{\"@type\":\"EntryPoint\",\"urlTemplate\":\"https:\\\/\\\/www.meydan.tv\\\/az\\\/?s={search_term_string}\"},\"query-input\":{\"@type\":\"PropertyValueSpecification\",\"valueRequired\":true,\"valueName\":\"search_term_string\"}}],\"inLanguage\":\"az\"},{\"@type\":\"Organization\",\"@id\":\"https:\\\/\\\/www.meydan.tv\\\/az\\\/#organization\",\"name\":\"Meydan TV\",\"url\":\"https:\\\/\\\/www.meydan.tv\\\/az\\\/\",\"logo\":{\"@type\":\"ImageObject\",\"inLanguage\":\"az\",\"@id\":\"https:\\\/\\\/www.meydan.tv\\\/az\\\/#\\\/schema\\\/logo\\\/image\\\/\",\"url\":\"https:\\\/\\\/www.meydan.tv\\\/wp-content\\\/uploads\\\/2021\\\/07\\\/meydan-logo.svg\",\"contentUrl\":\"https:\\\/\\\/www.meydan.tv\\\/wp-content\\\/uploads\\\/2021\\\/07\\\/meydan-logo.svg\",\"width\":195,\"height\":46,\"caption\":\"Meydan TV\"},\"image\":{\"@id\":\"https:\\\/\\\/www.meydan.tv\\\/az\\\/#\\\/schema\\\/logo\\\/image\\\/\"}},{\"@type\":\"Person\",\"@id\":\"https:\\\/\\\/www.meydan.tv\\\/az\\\/#\\\/schema\\\/person\\\/9cdbecf90d17180ce1dfbd95b08dcf47\",\"name\":\"elli\",\"sameAs\":[\"https:\\\/\\\/x.com\\\/elli\"]}]}<\/script>\n<!-- \/ Yoast SEO plugin. -->","yoast_head_json":{"title":"H\u0259bsxanada acl\u0131q ed\u0259n dini inancl\u0131lardan biri x\u0259st\u0259xanaya yerl\u0259\u015fdirilib - MEYDAN.TV","robots":{"index":"index","follow":"follow","max-snippet":"max-snippet:-1","max-image-preview":"max-image-preview:large","max-video-preview":"max-video-preview:-1"},"canonical":"https:\/\/www.meydan.tv\/az\/article\/hebsxanada-acliq-eden-dindarlardan-biri-xestexanaya-yerlesdirilib\/","og_locale":"az_AZ","og_type":"article","og_title":"H\u0259bsxanada acl\u0131q ed\u0259n dini inancl\u0131lardan biri x\u0259st\u0259xanaya yerl\u0259\u015fdirilib - MEYDAN.TV","og_description":"Cabbar Cabbarovun qan qusdu\u011fu bildirilir \u201cM\u00fcs\u0259lman Birliyi\u201d H\u0259r\u0259kat\u0131n\u0131n h\u0259bsd\u0259 olan ... Davam\u0131","og_url":"https:\/\/www.meydan.tv\/az\/article\/hebsxanada-acliq-eden-dindarlardan-biri-xestexanaya-yerlesdirilib\/","og_site_name":"MEYDAN.TV","article_published_time":"2022-06-10T09:37:31+00:00","article_modified_time":"2022-06-10T13:53:41+00:00","og_image":[{"width":2560,"height":1440,"url":"https:\/\/www.meydan.tv\/wp-content\/uploads\/image_from_ios_k6oinno-scaled.jpg","type":"image\/jpeg"}],"author":"elli","twitter_card":"summary_large_image","twitter_creator":"@elli","schema":{"@context":"https:\/\/schema.org","@graph":[{"@type":"Article","@id":"https:\/\/www.meydan.tv\/az\/article\/hebsxanada-acliq-eden-dindarlardan-biri-xestexanaya-yerlesdirilib\/#article","isPartOf":{"@id":"https:\/\/www.meydan.tv\/az\/article\/hebsxanada-acliq-eden-dindarlardan-biri-xestexanaya-yerlesdirilib\/"},"author":{"name":"elli","@id":"https:\/\/www.meydan.tv\/az\/#\/schema\/person\/9cdbecf90d17180ce1dfbd95b08dcf47"},"headline":"H\u0259bsxanada acl\u0131q ed\u0259n dini inancl\u0131lardan biri x\u0259st\u0259xanaya yerl\u0259\u015fdirilib","datePublished":"2022-06-10T09:37:31+00:00","dateModified":"2022-06-10T13:53:41+00:00","mainEntityOfPage":{"@id":"https:\/\/www.meydan.tv\/az\/article\/hebsxanada-acliq-eden-dindarlardan-biri-xestexanaya-yerlesdirilib\/"},"wordCount":345,"publisher":{"@id":"https:\/\/www.meydan.tv\/az\/#organization"},"image":{"@id":"https:\/\/www.meydan.tv\/az\/article\/hebsxanada-acliq-eden-dindarlardan-biri-xestexanaya-yerlesdirilib\/#primaryimage"},"thumbnailUrl":"https:\/\/www.meydan.tv\/wp-content\/uploads\/image_from_ios_k6oinno-scaled.jpg","articleSection":["Siyas\u0259t","T\u00f6vsiy\u0259","Video","X\u0259b\u0259rl\u0259r"],"inLanguage":"az"},{"@type":"WebPage","@id":"https:\/\/www.meydan.tv\/az\/article\/hebsxanada-acliq-eden-dindarlardan-biri-xestexanaya-yerlesdirilib\/","url":"https:\/\/www.meydan.tv\/az\/article\/hebsxanada-acliq-eden-dindarlardan-biri-xestexanaya-yerlesdirilib\/","name":"H\u0259bsxanada acl\u0131q ed\u0259n dini inancl\u0131lardan biri x\u0259st\u0259xanaya yerl\u0259\u015fdirilib - MEYDAN.TV","isPartOf":{"@id":"https:\/\/www.meydan.tv\/az\/#website"},"primaryImageOfPage":{"@id":"https:\/\/www.meydan.tv\/az\/article\/hebsxanada-acliq-eden-dindarlardan-biri-xestexanaya-yerlesdirilib\/#primaryimage"},"image":{"@id":"https:\/\/www.meydan.tv\/az\/article\/hebsxanada-acliq-eden-dindarlardan-biri-xestexanaya-yerlesdirilib\/#primaryimage"},"thumbnailUrl":"https:\/\/www.meydan.tv\/wp-content\/uploads\/image_from_ios_k6oinno-scaled.jpg","datePublished":"2022-06-10T09:37:31+00:00","dateModified":"2022-06-10T13:53:41+00:00","breadcrumb":{"@id":"https:\/\/www.meydan.tv\/az\/article\/hebsxanada-acliq-eden-dindarlardan-biri-xestexanaya-yerlesdirilib\/#breadcrumb"},"inLanguage":"az","potentialAction":[{"@type":"ReadAction","target":["https:\/\/www.meydan.tv\/az\/article\/hebsxanada-acliq-eden-dindarlardan-biri-xestexanaya-yerlesdirilib\/"]}]},{"@type":"ImageObject","inLanguage":"az","@id":"https:\/\/www.meydan.tv\/az\/article\/hebsxanada-acliq-eden-dindarlardan-biri-xestexanaya-yerlesdirilib\/#primaryimage","url":"https:\/\/www.meydan.tv\/wp-content\/uploads\/image_from_ios_k6oinno-scaled.jpg","contentUrl":"https:\/\/www.meydan.tv\/wp-content\/uploads\/image_from_ios_k6oinno-scaled.jpg","width":2560,"height":1440,"caption":"\u0130ll\u00fcstrasiya: Meydan TV"},{"@type":"BreadcrumbList","@id":"https:\/\/www.meydan.tv\/az\/article\/hebsxanada-acliq-eden-dindarlardan-biri-xestexanaya-yerlesdirilib\/#breadcrumb","itemListElement":[{"@type":"ListItem","position":1,"name":"Ana s\u0259hif\u0259","item":"https:\/\/www.meydan.tv\/az\/"},{"@type":"ListItem","position":2,"name":"Siyas\u0259t","item":"https:\/\/www.meydan.tv\/az\/section\/siyaset\/"},{"@type":"ListItem","position":3,"name":"H\u0259bsxanada acl\u0131q ed\u0259n dini inancl\u0131lardan biri x\u0259st\u0259xanaya yerl\u0259\u015fdirilib"}]},{"@type":"WebSite","@id":"https:\/\/www.meydan.tv\/az\/#website","url":"https:\/\/www.meydan.tv\/az\/","name":"MEYDAN.TV","description":"Meydan TV Az\u0259rbaycan\u0131n media m\u0259kan\u0131ndak\u0131 alternativ s\u0259sidir","publisher":{"@id":"https:\/\/www.meydan.tv\/az\/#organization"},"potentialAction":[{"@type":"SearchAction","target":{"@type":"EntryPoint","urlTemplate":"https:\/\/www.meydan.tv\/az\/?s={search_term_string}"},"query-input":{"@type":"PropertyValueSpecification","valueRequired":true,"valueName":"search_term_string"}}],"inLanguage":"az"},{"@type":"Organization","@id":"https:\/\/www.meydan.tv\/az\/#organization","name":"Meydan TV","url":"https:\/\/www.meydan.tv\/az\/","logo":{"@type":"ImageObject","inLanguage":"az","@id":"https:\/\/www.meydan.tv\/az\/#\/schema\/logo\/image\/","url":"https:\/\/www.meydan.tv\/wp-content\/uploads\/2021\/07\/meydan-logo.svg","contentUrl":"https:\/\/www.meydan.tv\/wp-content\/uploads\/2021\/07\/meydan-logo.svg","width":195,"height":46,"caption":"Meydan TV"},"image":{"@id":"https:\/\/www.meydan.tv\/az\/#\/schema\/logo\/image\/"}},{"@type":"Person","@id":"https:\/\/www.meydan.tv\/az\/#\/schema\/person\/9cdbecf90d17180ce1dfbd95b08dcf47","name":"elli","sameAs":["https:\/\/x.com\/elli"]}]}},"_links":{"self":[{"href":"https:\/\/www.meydan.tv\/az\/wp-json\/wp\/v2\/posts\/248034","targetHints":{"allow":["GET"]}}],"collection":[{"href":"https:\/\/www.meydan.tv\/az\/wp-json\/wp\/v2\/posts"}],"about":[{"href":"https:\/\/www.meydan.tv\/az\/wp-json\/wp\/v2\/types\/post"}],"author":[{"embeddable":true,"href":"https:\/\/www.meydan.tv\/az\/wp-json\/wp\/v2\/users\/8"}],"replies":[{"embeddable":true,"href":"https:\/\/www.meydan.tv\/az\/wp-json\/wp\/v2\/comments?post=248034"}],"version-history":[{"count":3,"href":"https:\/\/www.meydan.tv\/az\/wp-json\/wp\/v2\/posts\/248034\/revisions"}],"predecessor-version":[{"id":248088,"href":"https:\/\/www.meydan.tv\/az\/wp-json\/wp\/v2\/posts\/248034\/revisions\/248088"}],"wp:featuredmedia":[{"embeddable":true,"href":"https:\/\/www.meydan.tv\/az\/wp-json\/wp\/v2\/media\/209565"}],"wp:attachment":[{"href":"https:\/\/www.meydan.tv\/az\/wp-json\/wp\/v2\/media?parent=248034"}],"wp:term":[{"taxonomy":"category","embeddable":true,"href":"https:\/\/www.meydan.tv\/az\/wp-json\/wp\/v2\/categories?post=248034"},{"taxonomy":"post_tag","embeddable":true,"href":"https:\/\/www.meydan.tv\/az\/wp-json\/wp\/v2\/tags?post=248034"}],"curies":[{"name":"wp","href":"https:\/\/api.w.org\/{rel}","templated":true}]}}