{"id":248028,"date":"2022-06-10T13:32:35","date_gmt":"2022-06-10T09:32:35","guid":{"rendered":"https:\/\/www.meydan.tv\/?p=248028"},"modified":"2022-06-10T13:32:37","modified_gmt":"2022-06-10T09:32:37","slug":"sputnik-azerbaycanin-bas-redaktoru-azerbaycandan-deport-edilir","status":"publish","type":"post","link":"https:\/\/www.meydan.tv\/az\/article\/sputnik-azerbaycanin-bas-redaktoru-azerbaycandan-deport-edilir\/","title":{"rendered":"&#8220;Sputnik-Az\u0259rbaycan&#8221;\u0131n ba\u015f redaktoru Az\u0259rbaycandan deport edilir"},"content":{"rendered":"\n<p><\/p>\n\n\n\n<p><em>Veranika Olegovnan\u0131n v\u0259 h\u0259yat yolda\u015f\u0131n\u0131n m\u00fcv\u0259qq\u0259ti ya\u015fama icaz\u0259si l\u0259\u011fv edilib<\/em><\/p>\n\n\n\n<p>D\u00f6vl\u0259t Miqrasiya Xidm\u0259ti (DMX) &#8220;Sputnik-Az\u0259rbaycan&#8221; sayt\u0131n\u0131n ba\u015f redaktoru, Belarus v\u0259t\u0259nda\u015f\u0131 Antonava-Tryzno Veranika Olegovnan\u0131n Az\u0259rbaycanda m\u00fcv\u0259qq\u0259ti ya\u015fama icaz\u0259sini l\u0259\u011fv edib.<\/p>\n\n\n\n<p>M\u0259lumat iyunun 10-da DMX-nin sayt\u0131nda <a href=\"https:\/\/www.migration.gov.az\/az\/useful_detail\/2363\" target=\"_blank\" rel=\"noreferrer noopener\">yay\u0131l\u0131b<\/a>.<\/p>\n\n\n\n<p>Bildirilib ki, Antonava-Tryzno Veranikaya v\u0259 onun h\u0259yat yolda\u015f\u0131 Pavel Antonova m\u00fcv\u0259qq\u0259ti ya\u015famaq \u00fc\u00e7\u00fcn yeni icaz\u0259l\u0259rin verilm\u0259sind\u0259n d\u0259 imtina edilib.<\/p>\n\n\n\n<p>Q\u0259rar\u0131n 6 iyun tarixind\u0259 verildiyi vur\u011fulan\u0131b.<\/p>\n\n\n\n<p>&#8220;\u0130nzibati icraat haqq\u0131nda&#8221; Qanunun 62-ci madd\u0259sin\u0259 \u0259sas\u0259n, q\u0259rar K\u0130V-d\u0259 d\u0259rc edildikd\u0259n 10 g\u00fcn sonra \u00fcnvan sahibin\u0259 \u00e7atd\u0131r\u0131lm\u0131\u015f hesab olunur.<\/p>\n\n\n\n<p>&#8220;Sputnik Az\u0259rbaycan&#8221;\u0131n <a href=\"https:\/\/sputnik.az\/docs\/contact.html\" target=\"_blank\" rel=\"noreferrer noopener\">ba\u015f redaktoru<\/a> v\u0259 h\u0259yat yolda\u015f\u0131 Az\u0259rbaycanda ya\u015famaq \u00fc\u00e7\u00fcn viza m\u00fcdd\u0259tinin uzad\u0131lmas\u0131 il\u0259 ba\u011fl\u0131 m\u0259nfi cavab ald\u0131qlar\u0131na g\u00f6r\u0259 h\u0259r ikisi 10 g\u00fcn \u0259rzind\u0259 Bak\u0131n\u0131 t\u0259rk etm\u0259lidir.<\/p>\n\n\n\n<p>&#8220;Sputnik-Az\u0259rbaycan&#8221; Agentliyi Kremlin t\u0259bli\u011fat\u00e7\u0131s\u0131 Marqarita Simonyan\u0131n ba\u015f redaktoru oldu\u011fu Federal D\u00f6vl\u0259t Unitar m\u00fc\u0259ssis\u0259nin Bak\u0131 filial\u0131d\u0131r.<\/p>\n\n\n\n<p>Bir ay \u0259vv\u0259l Milli M\u0259clisin deputat\u0131 Vahid \u018fhm\u0259dov Rusiyan\u0131n bu agentliyinin Az\u0259rbaycanda f\u0259aliyy\u0259tini qada\u011fan etm\u0259k haqda \u00e7a\u011f\u0131r\u0131\u015f etmi\u015fdi.<\/p>\n","protected":false},"excerpt":{"rendered":"<p>Veranika Olegovnan\u0131n v\u0259 h\u0259yat yolda\u015f\u0131n\u0131n m\u00fcv\u0259qq\u0259ti ya\u015fama icaz\u0259si l\u0259\u011fv edilib &#8230; <\/p>\n<p class=\"read-more-container\"><a title=\"&#8220;Sputnik-Az\u0259rbaycan&#8221;\u0131n ba\u015f redaktoru Az\u0259rbaycandan deport edilir\" class=\"read-more button\" href=\"https:\/\/www.meydan.tv\/az\/article\/sputnik-azerbaycanin-bas-redaktoru-azerbaycandan-deport-edilir\/#more-248028\" aria-label=\"Read more about &#8220;Sputnik-Az\u0259rbaycan&#8221;\u0131n ba\u015f redaktoru Az\u0259rbaycandan deport edilir\">Davam\u0131<\/a><\/p>\n","protected":false},"author":8,"featured_media":248029,"comment_status":"closed","ping_status":"closed","sticky":false,"template":"","format":"standard","meta":{"_acf_changed":false,"_sitemap_exclude":false,"_sitemap_priority":"","_sitemap_frequency":"","footnotes":""},"categories":[56],"tags":[],"class_list":["post-248028","post","type-post","status-publish","format-standard","has-post-thumbnail","hentry","category-xeberler","infinite-scroll-item","generate-columns","tablet-grid-50","mobile-grid-100","grid-parent","grid-33","no-featured-image-padding"],"acf":[],"yoast_head":"<!-- This site is optimized with the Yoast SEO plugin v27.5 - https:\/\/yoast.com\/product\/yoast-seo-wordpress\/ -->\n<title>&quot;Sputnik-Az\u0259rbaycan&quot;\u0131n ba\u015f redaktoru Az\u0259rbaycandan deport edilir - MEYDAN.TV<\/title>\n<meta name=\"robots\" content=\"index, follow, max-snippet:-1, max-image-preview:large, max-video-preview:-1\" \/>\n<link rel=\"canonical\" href=\"https:\/\/www.meydan.tv\/az\/article\/sputnik-azerbaycanin-bas-redaktoru-azerbaycandan-deport-edilir\/\" \/>\n<meta property=\"og:locale\" content=\"az_AZ\" \/>\n<meta property=\"og:type\" content=\"article\" \/>\n<meta property=\"og:title\" content=\"&quot;Sputnik-Az\u0259rbaycan&quot;\u0131n ba\u015f redaktoru Az\u0259rbaycandan deport edilir - MEYDAN.TV\" \/>\n<meta property=\"og:description\" content=\"Veranika Olegovnan\u0131n v\u0259 h\u0259yat yolda\u015f\u0131n\u0131n m\u00fcv\u0259qq\u0259ti ya\u015fama icaz\u0259si l\u0259\u011fv edilib ... Davam\u0131\" \/>\n<meta property=\"og:url\" content=\"https:\/\/www.meydan.tv\/az\/article\/sputnik-azerbaycanin-bas-redaktoru-azerbaycandan-deport-edilir\/\" \/>\n<meta property=\"og:site_name\" content=\"MEYDAN.TV\" \/>\n<meta property=\"article:published_time\" content=\"2022-06-10T09:32:35+00:00\" \/>\n<meta property=\"article:modified_time\" content=\"2022-06-10T09:32:37+00:00\" \/>\n<meta property=\"og:image\" content=\"https:\/\/www.meydan.tv\/wp-content\/uploads\/dvlt_miqrasiya_xidmti.jpg\" \/>\n\t<meta property=\"og:image:width\" content=\"1200\" \/>\n\t<meta property=\"og:image:height\" content=\"767\" \/>\n\t<meta property=\"og:image:type\" content=\"image\/jpeg\" \/>\n<meta name=\"author\" content=\"elli\" \/>\n<meta name=\"twitter:card\" content=\"summary_large_image\" \/>\n<meta name=\"twitter:creator\" content=\"@elli\" \/>\n<script type=\"application\/ld+json\" class=\"yoast-schema-graph\">{\"@context\":\"https:\\\/\\\/schema.org\",\"@graph\":[{\"@type\":\"Article\",\"@id\":\"https:\\\/\\\/www.meydan.tv\\\/az\\\/article\\\/sputnik-azerbaycanin-bas-redaktoru-azerbaycandan-deport-edilir\\\/#article\",\"isPartOf\":{\"@id\":\"https:\\\/\\\/www.meydan.tv\\\/az\\\/article\\\/sputnik-azerbaycanin-bas-redaktoru-azerbaycandan-deport-edilir\\\/\"},\"author\":{\"name\":\"elli\",\"@id\":\"https:\\\/\\\/www.meydan.tv\\\/az\\\/#\\\/schema\\\/person\\\/9cdbecf90d17180ce1dfbd95b08dcf47\"},\"headline\":\"&#8220;Sputnik-Az\u0259rbaycan&#8221;\u0131n ba\u015f redaktoru Az\u0259rbaycandan deport edilir\",\"datePublished\":\"2022-06-10T09:32:35+00:00\",\"dateModified\":\"2022-06-10T09:32:37+00:00\",\"mainEntityOfPage\":{\"@id\":\"https:\\\/\\\/www.meydan.tv\\\/az\\\/article\\\/sputnik-azerbaycanin-bas-redaktoru-azerbaycandan-deport-edilir\\\/\"},\"wordCount\":239,\"publisher\":{\"@id\":\"https:\\\/\\\/www.meydan.tv\\\/az\\\/#organization\"},\"image\":{\"@id\":\"https:\\\/\\\/www.meydan.tv\\\/az\\\/article\\\/sputnik-azerbaycanin-bas-redaktoru-azerbaycandan-deport-edilir\\\/#primaryimage\"},\"thumbnailUrl\":\"https:\\\/\\\/www.meydan.tv\\\/wp-content\\\/uploads\\\/dvlt_miqrasiya_xidmti.jpg\",\"articleSection\":[\"X\u0259b\u0259rl\u0259r\"],\"inLanguage\":\"az\"},{\"@type\":\"WebPage\",\"@id\":\"https:\\\/\\\/www.meydan.tv\\\/az\\\/article\\\/sputnik-azerbaycanin-bas-redaktoru-azerbaycandan-deport-edilir\\\/\",\"url\":\"https:\\\/\\\/www.meydan.tv\\\/az\\\/article\\\/sputnik-azerbaycanin-bas-redaktoru-azerbaycandan-deport-edilir\\\/\",\"name\":\"\\\"Sputnik-Az\u0259rbaycan\\\"\u0131n ba\u015f redaktoru Az\u0259rbaycandan deport edilir - MEYDAN.TV\",\"isPartOf\":{\"@id\":\"https:\\\/\\\/www.meydan.tv\\\/az\\\/#website\"},\"primaryImageOfPage\":{\"@id\":\"https:\\\/\\\/www.meydan.tv\\\/az\\\/article\\\/sputnik-azerbaycanin-bas-redaktoru-azerbaycandan-deport-edilir\\\/#primaryimage\"},\"image\":{\"@id\":\"https:\\\/\\\/www.meydan.tv\\\/az\\\/article\\\/sputnik-azerbaycanin-bas-redaktoru-azerbaycandan-deport-edilir\\\/#primaryimage\"},\"thumbnailUrl\":\"https:\\\/\\\/www.meydan.tv\\\/wp-content\\\/uploads\\\/dvlt_miqrasiya_xidmti.jpg\",\"datePublished\":\"2022-06-10T09:32:35+00:00\",\"dateModified\":\"2022-06-10T09:32:37+00:00\",\"breadcrumb\":{\"@id\":\"https:\\\/\\\/www.meydan.tv\\\/az\\\/article\\\/sputnik-azerbaycanin-bas-redaktoru-azerbaycandan-deport-edilir\\\/#breadcrumb\"},\"inLanguage\":\"az\",\"potentialAction\":[{\"@type\":\"ReadAction\",\"target\":[\"https:\\\/\\\/www.meydan.tv\\\/az\\\/article\\\/sputnik-azerbaycanin-bas-redaktoru-azerbaycandan-deport-edilir\\\/\"]}]},{\"@type\":\"ImageObject\",\"inLanguage\":\"az\",\"@id\":\"https:\\\/\\\/www.meydan.tv\\\/az\\\/article\\\/sputnik-azerbaycanin-bas-redaktoru-azerbaycandan-deport-edilir\\\/#primaryimage\",\"url\":\"https:\\\/\\\/www.meydan.tv\\\/wp-content\\\/uploads\\\/dvlt_miqrasiya_xidmti.jpg\",\"contentUrl\":\"https:\\\/\\\/www.meydan.tv\\\/wp-content\\\/uploads\\\/dvlt_miqrasiya_xidmti.jpg\",\"width\":1200,\"height\":767,\"caption\":\"D\u00f6vl\u0259t Miqrasiya Xidm\u0259ti. M\u0259nb\u0259: Trend\"},{\"@type\":\"BreadcrumbList\",\"@id\":\"https:\\\/\\\/www.meydan.tv\\\/az\\\/article\\\/sputnik-azerbaycanin-bas-redaktoru-azerbaycandan-deport-edilir\\\/#breadcrumb\",\"itemListElement\":[{\"@type\":\"ListItem\",\"position\":1,\"name\":\"Ana s\u0259hif\u0259\",\"item\":\"https:\\\/\\\/www.meydan.tv\\\/az\\\/\"},{\"@type\":\"ListItem\",\"position\":2,\"name\":\"X\u0259b\u0259rl\u0259r\",\"item\":\"https:\\\/\\\/www.meydan.tv\\\/az\\\/section\\\/xeberler\\\/\"},{\"@type\":\"ListItem\",\"position\":3,\"name\":\"&#8220;Sputnik-Az\u0259rbaycan&#8221;\u0131n ba\u015f redaktoru Az\u0259rbaycandan deport edilir\"}]},{\"@type\":\"WebSite\",\"@id\":\"https:\\\/\\\/www.meydan.tv\\\/az\\\/#website\",\"url\":\"https:\\\/\\\/www.meydan.tv\\\/az\\\/\",\"name\":\"MEYDAN.TV\",\"description\":\"Meydan TV Az\u0259rbaycan\u0131n media m\u0259kan\u0131ndak\u0131 alternativ s\u0259sidir\",\"publisher\":{\"@id\":\"https:\\\/\\\/www.meydan.tv\\\/az\\\/#organization\"},\"potentialAction\":[{\"@type\":\"SearchAction\",\"target\":{\"@type\":\"EntryPoint\",\"urlTemplate\":\"https:\\\/\\\/www.meydan.tv\\\/az\\\/?s={search_term_string}\"},\"query-input\":{\"@type\":\"PropertyValueSpecification\",\"valueRequired\":true,\"valueName\":\"search_term_string\"}}],\"inLanguage\":\"az\"},{\"@type\":\"Organization\",\"@id\":\"https:\\\/\\\/www.meydan.tv\\\/az\\\/#organization\",\"name\":\"Meydan TV\",\"url\":\"https:\\\/\\\/www.meydan.tv\\\/az\\\/\",\"logo\":{\"@type\":\"ImageObject\",\"inLanguage\":\"az\",\"@id\":\"https:\\\/\\\/www.meydan.tv\\\/az\\\/#\\\/schema\\\/logo\\\/image\\\/\",\"url\":\"https:\\\/\\\/www.meydan.tv\\\/wp-content\\\/uploads\\\/2021\\\/07\\\/meydan-logo.svg\",\"contentUrl\":\"https:\\\/\\\/www.meydan.tv\\\/wp-content\\\/uploads\\\/2021\\\/07\\\/meydan-logo.svg\",\"width\":195,\"height\":46,\"caption\":\"Meydan TV\"},\"image\":{\"@id\":\"https:\\\/\\\/www.meydan.tv\\\/az\\\/#\\\/schema\\\/logo\\\/image\\\/\"}},{\"@type\":\"Person\",\"@id\":\"https:\\\/\\\/www.meydan.tv\\\/az\\\/#\\\/schema\\\/person\\\/9cdbecf90d17180ce1dfbd95b08dcf47\",\"name\":\"elli\",\"sameAs\":[\"https:\\\/\\\/x.com\\\/elli\"]}]}<\/script>\n<!-- \/ Yoast SEO plugin. -->","yoast_head_json":{"title":"\"Sputnik-Az\u0259rbaycan\"\u0131n ba\u015f redaktoru Az\u0259rbaycandan deport edilir - MEYDAN.TV","robots":{"index":"index","follow":"follow","max-snippet":"max-snippet:-1","max-image-preview":"max-image-preview:large","max-video-preview":"max-video-preview:-1"},"canonical":"https:\/\/www.meydan.tv\/az\/article\/sputnik-azerbaycanin-bas-redaktoru-azerbaycandan-deport-edilir\/","og_locale":"az_AZ","og_type":"article","og_title":"\"Sputnik-Az\u0259rbaycan\"\u0131n ba\u015f redaktoru Az\u0259rbaycandan deport edilir - MEYDAN.TV","og_description":"Veranika Olegovnan\u0131n v\u0259 h\u0259yat yolda\u015f\u0131n\u0131n m\u00fcv\u0259qq\u0259ti ya\u015fama icaz\u0259si l\u0259\u011fv edilib ... Davam\u0131","og_url":"https:\/\/www.meydan.tv\/az\/article\/sputnik-azerbaycanin-bas-redaktoru-azerbaycandan-deport-edilir\/","og_site_name":"MEYDAN.TV","article_published_time":"2022-06-10T09:32:35+00:00","article_modified_time":"2022-06-10T09:32:37+00:00","og_image":[{"width":1200,"height":767,"url":"https:\/\/www.meydan.tv\/wp-content\/uploads\/dvlt_miqrasiya_xidmti.jpg","type":"image\/jpeg"}],"author":"elli","twitter_card":"summary_large_image","twitter_creator":"@elli","schema":{"@context":"https:\/\/schema.org","@graph":[{"@type":"Article","@id":"https:\/\/www.meydan.tv\/az\/article\/sputnik-azerbaycanin-bas-redaktoru-azerbaycandan-deport-edilir\/#article","isPartOf":{"@id":"https:\/\/www.meydan.tv\/az\/article\/sputnik-azerbaycanin-bas-redaktoru-azerbaycandan-deport-edilir\/"},"author":{"name":"elli","@id":"https:\/\/www.meydan.tv\/az\/#\/schema\/person\/9cdbecf90d17180ce1dfbd95b08dcf47"},"headline":"&#8220;Sputnik-Az\u0259rbaycan&#8221;\u0131n ba\u015f redaktoru Az\u0259rbaycandan deport edilir","datePublished":"2022-06-10T09:32:35+00:00","dateModified":"2022-06-10T09:32:37+00:00","mainEntityOfPage":{"@id":"https:\/\/www.meydan.tv\/az\/article\/sputnik-azerbaycanin-bas-redaktoru-azerbaycandan-deport-edilir\/"},"wordCount":239,"publisher":{"@id":"https:\/\/www.meydan.tv\/az\/#organization"},"image":{"@id":"https:\/\/www.meydan.tv\/az\/article\/sputnik-azerbaycanin-bas-redaktoru-azerbaycandan-deport-edilir\/#primaryimage"},"thumbnailUrl":"https:\/\/www.meydan.tv\/wp-content\/uploads\/dvlt_miqrasiya_xidmti.jpg","articleSection":["X\u0259b\u0259rl\u0259r"],"inLanguage":"az"},{"@type":"WebPage","@id":"https:\/\/www.meydan.tv\/az\/article\/sputnik-azerbaycanin-bas-redaktoru-azerbaycandan-deport-edilir\/","url":"https:\/\/www.meydan.tv\/az\/article\/sputnik-azerbaycanin-bas-redaktoru-azerbaycandan-deport-edilir\/","name":"\"Sputnik-Az\u0259rbaycan\"\u0131n ba\u015f redaktoru Az\u0259rbaycandan deport edilir - MEYDAN.TV","isPartOf":{"@id":"https:\/\/www.meydan.tv\/az\/#website"},"primaryImageOfPage":{"@id":"https:\/\/www.meydan.tv\/az\/article\/sputnik-azerbaycanin-bas-redaktoru-azerbaycandan-deport-edilir\/#primaryimage"},"image":{"@id":"https:\/\/www.meydan.tv\/az\/article\/sputnik-azerbaycanin-bas-redaktoru-azerbaycandan-deport-edilir\/#primaryimage"},"thumbnailUrl":"https:\/\/www.meydan.tv\/wp-content\/uploads\/dvlt_miqrasiya_xidmti.jpg","datePublished":"2022-06-10T09:32:35+00:00","dateModified":"2022-06-10T09:32:37+00:00","breadcrumb":{"@id":"https:\/\/www.meydan.tv\/az\/article\/sputnik-azerbaycanin-bas-redaktoru-azerbaycandan-deport-edilir\/#breadcrumb"},"inLanguage":"az","potentialAction":[{"@type":"ReadAction","target":["https:\/\/www.meydan.tv\/az\/article\/sputnik-azerbaycanin-bas-redaktoru-azerbaycandan-deport-edilir\/"]}]},{"@type":"ImageObject","inLanguage":"az","@id":"https:\/\/www.meydan.tv\/az\/article\/sputnik-azerbaycanin-bas-redaktoru-azerbaycandan-deport-edilir\/#primaryimage","url":"https:\/\/www.meydan.tv\/wp-content\/uploads\/dvlt_miqrasiya_xidmti.jpg","contentUrl":"https:\/\/www.meydan.tv\/wp-content\/uploads\/dvlt_miqrasiya_xidmti.jpg","width":1200,"height":767,"caption":"D\u00f6vl\u0259t Miqrasiya Xidm\u0259ti. M\u0259nb\u0259: Trend"},{"@type":"BreadcrumbList","@id":"https:\/\/www.meydan.tv\/az\/article\/sputnik-azerbaycanin-bas-redaktoru-azerbaycandan-deport-edilir\/#breadcrumb","itemListElement":[{"@type":"ListItem","position":1,"name":"Ana s\u0259hif\u0259","item":"https:\/\/www.meydan.tv\/az\/"},{"@type":"ListItem","position":2,"name":"X\u0259b\u0259rl\u0259r","item":"https:\/\/www.meydan.tv\/az\/section\/xeberler\/"},{"@type":"ListItem","position":3,"name":"&#8220;Sputnik-Az\u0259rbaycan&#8221;\u0131n ba\u015f redaktoru Az\u0259rbaycandan deport edilir"}]},{"@type":"WebSite","@id":"https:\/\/www.meydan.tv\/az\/#website","url":"https:\/\/www.meydan.tv\/az\/","name":"MEYDAN.TV","description":"Meydan TV Az\u0259rbaycan\u0131n media m\u0259kan\u0131ndak\u0131 alternativ s\u0259sidir","publisher":{"@id":"https:\/\/www.meydan.tv\/az\/#organization"},"potentialAction":[{"@type":"SearchAction","target":{"@type":"EntryPoint","urlTemplate":"https:\/\/www.meydan.tv\/az\/?s={search_term_string}"},"query-input":{"@type":"PropertyValueSpecification","valueRequired":true,"valueName":"search_term_string"}}],"inLanguage":"az"},{"@type":"Organization","@id":"https:\/\/www.meydan.tv\/az\/#organization","name":"Meydan TV","url":"https:\/\/www.meydan.tv\/az\/","logo":{"@type":"ImageObject","inLanguage":"az","@id":"https:\/\/www.meydan.tv\/az\/#\/schema\/logo\/image\/","url":"https:\/\/www.meydan.tv\/wp-content\/uploads\/2021\/07\/meydan-logo.svg","contentUrl":"https:\/\/www.meydan.tv\/wp-content\/uploads\/2021\/07\/meydan-logo.svg","width":195,"height":46,"caption":"Meydan TV"},"image":{"@id":"https:\/\/www.meydan.tv\/az\/#\/schema\/logo\/image\/"}},{"@type":"Person","@id":"https:\/\/www.meydan.tv\/az\/#\/schema\/person\/9cdbecf90d17180ce1dfbd95b08dcf47","name":"elli","sameAs":["https:\/\/x.com\/elli"]}]}},"_links":{"self":[{"href":"https:\/\/www.meydan.tv\/az\/wp-json\/wp\/v2\/posts\/248028","targetHints":{"allow":["GET"]}}],"collection":[{"href":"https:\/\/www.meydan.tv\/az\/wp-json\/wp\/v2\/posts"}],"about":[{"href":"https:\/\/www.meydan.tv\/az\/wp-json\/wp\/v2\/types\/post"}],"author":[{"embeddable":true,"href":"https:\/\/www.meydan.tv\/az\/wp-json\/wp\/v2\/users\/8"}],"replies":[{"embeddable":true,"href":"https:\/\/www.meydan.tv\/az\/wp-json\/wp\/v2\/comments?post=248028"}],"version-history":[{"count":3,"href":"https:\/\/www.meydan.tv\/az\/wp-json\/wp\/v2\/posts\/248028\/revisions"}],"predecessor-version":[{"id":248036,"href":"https:\/\/www.meydan.tv\/az\/wp-json\/wp\/v2\/posts\/248028\/revisions\/248036"}],"wp:featuredmedia":[{"embeddable":true,"href":"https:\/\/www.meydan.tv\/az\/wp-json\/wp\/v2\/media\/248029"}],"wp:attachment":[{"href":"https:\/\/www.meydan.tv\/az\/wp-json\/wp\/v2\/media?parent=248028"}],"wp:term":[{"taxonomy":"category","embeddable":true,"href":"https:\/\/www.meydan.tv\/az\/wp-json\/wp\/v2\/categories?post=248028"},{"taxonomy":"post_tag","embeddable":true,"href":"https:\/\/www.meydan.tv\/az\/wp-json\/wp\/v2\/tags?post=248028"}],"curies":[{"name":"wp","href":"https:\/\/api.w.org\/{rel}","templated":true}]}}