{"id":247976,"date":"2022-06-09T18:58:15","date_gmt":"2022-06-09T14:58:15","guid":{"rendered":"https:\/\/www.meydan.tv\/?p=247976"},"modified":"2022-06-09T19:00:42","modified_gmt":"2022-06-09T15:00:42","slug":"ruminiya-eurovision-teskilatcilarini-mehkemeye-verir","status":"publish","type":"post","link":"https:\/\/www.meydan.tv\/az\/article\/ruminiya-eurovision-teskilatcilarini-mehkemeye-verir\/","title":{"rendered":"Rum\u0131niya \u201cEurovision\u201d t\u0259\u015fkilat\u00e7\u0131lar\u0131n\u0131 m\u0259hk\u0259m\u0259y\u0259 verir"},"content":{"rendered":"\n<p>\u00d6lk\u0259 mahn\u0131 m\u00fcsabiq\u0259sind\u0259 i\u015ftirakdan imtina etm\u0259yi planla\u015fd\u0131r\u0131r<\/p>\n\n\n\n<p>Rum\u0131niya h\u00f6kum\u0259ti Avropa Yay\u0131m Birliyini \u201cEurovision 2022\u201d m\u00fcsabiq\u0259si zaman\u0131 m\u00fcnsifl\u0259r hey\u0259tinin bu \u00f6lk\u0259nin qiym\u0259tl\u0259ndirm\u0259l\u0259rini l\u0259\u011fv etdiyi \u00fc\u00e7\u00fcn m\u0259hk\u0259m\u0259y\u0259 <a href=\"https:\/\/lenta.ru\/news\/2022\/06\/09\/ebu_court\/\">ver\u0259c\u0259k<\/a>.<\/p>\n\n\n\n<p>Rum\u0131niyan\u0131n TVR telekanal\u0131n\u0131n direktoru Dan Turturike bildirib ki, \u00f6lk\u0259 h\u0259m\u00e7ini beyn\u0259lxalq mahn\u0131 m\u00fcsabiq\u0259sind\u0259 i\u015ftirakdan imtina etm\u0259yi planla\u015fd\u0131r\u0131r.<\/p>\n\n\n\n<p>May\u0131n 14-d\u0259 Turind\u0259 ke\u00e7iril\u0259n \u201cEurovision 2022&#8243; beyn\u0259lxalq musiqi m\u00fcsabiq\u0259sinin final\u0131nda Rum\u0131niya pe\u015f\u0259kar m\u00fcnsifl\u0259r hey\u0259ti 12 xal\u0131 Moldovaya vers\u0259 d\u0259, t\u0259\u015fkilat\u00e7\u0131lar h\u0259min xallar\u0131 Ukraynan\u0131n xeyrin\u0259 hesablay\u0131b.<\/p>\n\n\n\n<p>Anoloji hadis\u0259 Rum\u0131niya il\u0259 yana\u015f\u0131, Az\u0259rbaycan v\u0259 G\u00fcrc\u00fcstanla da <a href=\"https:\/\/d9mc3ts4czbpr.cloudfront.net\/az\/article\/eurovision-2022de-skandal-guman-ki-siyasi-motivlidir\/\">ba\u015f verib<\/a>.<\/p>\n\n\n\n<p>Rum\u0131niyan\u0131 m\u00fcsabiq\u0259d\u0259 \u201cLl\u00e1mame\u201d adl\u0131 mahn\u0131 il\u0259 WRS t\u0259msil edib.<\/p>\n\n\n\n<p>O, m\u00fcnsifl\u0259r hey\u0259ti v\u0259 tama\u015fa\u00e7\u0131lar\u0131n s\u0259sverm\u0259si n\u0259tic\u0259sind\u0259 18-ci pill\u0259d\u0259 q\u0259rarla\u015f\u0131b.<\/p>\n","protected":false},"excerpt":{"rendered":"<p>\u00d6lk\u0259 mahn\u0131 m\u00fcsabiq\u0259sind\u0259 i\u015ftirakdan imtina etm\u0259yi planla\u015fd\u0131r\u0131r Rum\u0131niya h\u00f6kum\u0259ti Avropa &#8230; <\/p>\n<p class=\"read-more-container\"><a title=\"Rum\u0131niya \u201cEurovision\u201d t\u0259\u015fkilat\u00e7\u0131lar\u0131n\u0131 m\u0259hk\u0259m\u0259y\u0259 verir\" class=\"read-more button\" href=\"https:\/\/www.meydan.tv\/az\/article\/ruminiya-eurovision-teskilatcilarini-mehkemeye-verir\/#more-247976\" aria-label=\"Read more about Rum\u0131niya \u201cEurovision\u201d t\u0259\u015fkilat\u00e7\u0131lar\u0131n\u0131 m\u0259hk\u0259m\u0259y\u0259 verir\">Davam\u0131<\/a><\/p>\n","protected":false},"author":14,"featured_media":247977,"comment_status":"closed","ping_status":"closed","sticky":false,"template":"","format":"standard","meta":{"_acf_changed":false,"_sitemap_exclude":false,"_sitemap_priority":"","_sitemap_frequency":"","footnotes":""},"categories":[52,56],"tags":[],"class_list":["post-247976","post","type-post","status-publish","format-standard","has-post-thumbnail","hentry","category-medeniyyet","category-xeberler","infinite-scroll-item","generate-columns","tablet-grid-50","mobile-grid-100","grid-parent","grid-33","no-featured-image-padding"],"acf":[],"yoast_head":"<!-- This site is optimized with the Yoast SEO plugin v27.5 - https:\/\/yoast.com\/product\/yoast-seo-wordpress\/ -->\n<title>Rum\u0131niya \u201cEurovision\u201d t\u0259\u015fkilat\u00e7\u0131lar\u0131n\u0131 m\u0259hk\u0259m\u0259y\u0259 verir - MEYDAN.TV<\/title>\n<meta name=\"robots\" content=\"index, follow, max-snippet:-1, max-image-preview:large, max-video-preview:-1\" \/>\n<link rel=\"canonical\" href=\"https:\/\/www.meydan.tv\/az\/article\/ruminiya-eurovision-teskilatcilarini-mehkemeye-verir\/\" \/>\n<meta property=\"og:locale\" content=\"az_AZ\" \/>\n<meta property=\"og:type\" content=\"article\" \/>\n<meta property=\"og:title\" content=\"Rum\u0131niya \u201cEurovision\u201d t\u0259\u015fkilat\u00e7\u0131lar\u0131n\u0131 m\u0259hk\u0259m\u0259y\u0259 verir - MEYDAN.TV\" \/>\n<meta property=\"og:description\" content=\"\u00d6lk\u0259 mahn\u0131 m\u00fcsabiq\u0259sind\u0259 i\u015ftirakdan imtina etm\u0259yi planla\u015fd\u0131r\u0131r Rum\u0131niya h\u00f6kum\u0259ti Avropa ... Davam\u0131\" \/>\n<meta property=\"og:url\" content=\"https:\/\/www.meydan.tv\/az\/article\/ruminiya-eurovision-teskilatcilarini-mehkemeye-verir\/\" \/>\n<meta property=\"og:site_name\" content=\"MEYDAN.TV\" \/>\n<meta property=\"article:published_time\" content=\"2022-06-09T14:58:15+00:00\" \/>\n<meta property=\"article:modified_time\" content=\"2022-06-09T15:00:42+00:00\" \/>\n<meta property=\"og:image\" content=\"https:\/\/www.meydan.tv\/wp-content\/uploads\/eurovision-romania.jpeg\" \/>\n\t<meta property=\"og:image:width\" content=\"1200\" \/>\n\t<meta property=\"og:image:height\" content=\"600\" \/>\n\t<meta property=\"og:image:type\" content=\"image\/jpeg\" \/>\n<meta name=\"author\" content=\"roma\" \/>\n<meta name=\"twitter:card\" content=\"summary_large_image\" \/>\n<script type=\"application\/ld+json\" class=\"yoast-schema-graph\">{\"@context\":\"https:\\\/\\\/schema.org\",\"@graph\":[{\"@type\":\"Article\",\"@id\":\"https:\\\/\\\/www.meydan.tv\\\/az\\\/article\\\/ruminiya-eurovision-teskilatcilarini-mehkemeye-verir\\\/#article\",\"isPartOf\":{\"@id\":\"https:\\\/\\\/www.meydan.tv\\\/az\\\/article\\\/ruminiya-eurovision-teskilatcilarini-mehkemeye-verir\\\/\"},\"author\":{\"name\":\"roma\",\"@id\":\"https:\\\/\\\/www.meydan.tv\\\/az\\\/#\\\/schema\\\/person\\\/8f23e01c4de63326c13c319fb65ee65d\"},\"headline\":\"Rum\u0131niya \u201cEurovision\u201d t\u0259\u015fkilat\u00e7\u0131lar\u0131n\u0131 m\u0259hk\u0259m\u0259y\u0259 verir\",\"datePublished\":\"2022-06-09T14:58:15+00:00\",\"dateModified\":\"2022-06-09T15:00:42+00:00\",\"mainEntityOfPage\":{\"@id\":\"https:\\\/\\\/www.meydan.tv\\\/az\\\/article\\\/ruminiya-eurovision-teskilatcilarini-mehkemeye-verir\\\/\"},\"wordCount\":187,\"publisher\":{\"@id\":\"https:\\\/\\\/www.meydan.tv\\\/az\\\/#organization\"},\"image\":{\"@id\":\"https:\\\/\\\/www.meydan.tv\\\/az\\\/article\\\/ruminiya-eurovision-teskilatcilarini-mehkemeye-verir\\\/#primaryimage\"},\"thumbnailUrl\":\"https:\\\/\\\/www.meydan.tv\\\/wp-content\\\/uploads\\\/eurovision-romania.jpeg\",\"articleSection\":[\"M\u0259d\u0259niyy\u0259t\",\"X\u0259b\u0259rl\u0259r\"],\"inLanguage\":\"az\"},{\"@type\":\"WebPage\",\"@id\":\"https:\\\/\\\/www.meydan.tv\\\/az\\\/article\\\/ruminiya-eurovision-teskilatcilarini-mehkemeye-verir\\\/\",\"url\":\"https:\\\/\\\/www.meydan.tv\\\/az\\\/article\\\/ruminiya-eurovision-teskilatcilarini-mehkemeye-verir\\\/\",\"name\":\"Rum\u0131niya \u201cEurovision\u201d t\u0259\u015fkilat\u00e7\u0131lar\u0131n\u0131 m\u0259hk\u0259m\u0259y\u0259 verir - MEYDAN.TV\",\"isPartOf\":{\"@id\":\"https:\\\/\\\/www.meydan.tv\\\/az\\\/#website\"},\"primaryImageOfPage\":{\"@id\":\"https:\\\/\\\/www.meydan.tv\\\/az\\\/article\\\/ruminiya-eurovision-teskilatcilarini-mehkemeye-verir\\\/#primaryimage\"},\"image\":{\"@id\":\"https:\\\/\\\/www.meydan.tv\\\/az\\\/article\\\/ruminiya-eurovision-teskilatcilarini-mehkemeye-verir\\\/#primaryimage\"},\"thumbnailUrl\":\"https:\\\/\\\/www.meydan.tv\\\/wp-content\\\/uploads\\\/eurovision-romania.jpeg\",\"datePublished\":\"2022-06-09T14:58:15+00:00\",\"dateModified\":\"2022-06-09T15:00:42+00:00\",\"breadcrumb\":{\"@id\":\"https:\\\/\\\/www.meydan.tv\\\/az\\\/article\\\/ruminiya-eurovision-teskilatcilarini-mehkemeye-verir\\\/#breadcrumb\"},\"inLanguage\":\"az\",\"potentialAction\":[{\"@type\":\"ReadAction\",\"target\":[\"https:\\\/\\\/www.meydan.tv\\\/az\\\/article\\\/ruminiya-eurovision-teskilatcilarini-mehkemeye-verir\\\/\"]}]},{\"@type\":\"ImageObject\",\"inLanguage\":\"az\",\"@id\":\"https:\\\/\\\/www.meydan.tv\\\/az\\\/article\\\/ruminiya-eurovision-teskilatcilarini-mehkemeye-verir\\\/#primaryimage\",\"url\":\"https:\\\/\\\/www.meydan.tv\\\/wp-content\\\/uploads\\\/eurovision-romania.jpeg\",\"contentUrl\":\"https:\\\/\\\/www.meydan.tv\\\/wp-content\\\/uploads\\\/eurovision-romania.jpeg\",\"width\":1200,\"height\":600,\"caption\":\"M\u0259nb\u0259: eurovisionworld\"},{\"@type\":\"BreadcrumbList\",\"@id\":\"https:\\\/\\\/www.meydan.tv\\\/az\\\/article\\\/ruminiya-eurovision-teskilatcilarini-mehkemeye-verir\\\/#breadcrumb\",\"itemListElement\":[{\"@type\":\"ListItem\",\"position\":1,\"name\":\"Ana s\u0259hif\u0259\",\"item\":\"https:\\\/\\\/www.meydan.tv\\\/az\\\/\"},{\"@type\":\"ListItem\",\"position\":2,\"name\":\"X\u0259b\u0259rl\u0259r\",\"item\":\"https:\\\/\\\/www.meydan.tv\\\/az\\\/section\\\/xeberler\\\/\"},{\"@type\":\"ListItem\",\"position\":3,\"name\":\"Rum\u0131niya \u201cEurovision\u201d t\u0259\u015fkilat\u00e7\u0131lar\u0131n\u0131 m\u0259hk\u0259m\u0259y\u0259 verir\"}]},{\"@type\":\"WebSite\",\"@id\":\"https:\\\/\\\/www.meydan.tv\\\/az\\\/#website\",\"url\":\"https:\\\/\\\/www.meydan.tv\\\/az\\\/\",\"name\":\"MEYDAN.TV\",\"description\":\"Meydan TV Az\u0259rbaycan\u0131n media m\u0259kan\u0131ndak\u0131 alternativ s\u0259sidir\",\"publisher\":{\"@id\":\"https:\\\/\\\/www.meydan.tv\\\/az\\\/#organization\"},\"potentialAction\":[{\"@type\":\"SearchAction\",\"target\":{\"@type\":\"EntryPoint\",\"urlTemplate\":\"https:\\\/\\\/www.meydan.tv\\\/az\\\/?s={search_term_string}\"},\"query-input\":{\"@type\":\"PropertyValueSpecification\",\"valueRequired\":true,\"valueName\":\"search_term_string\"}}],\"inLanguage\":\"az\"},{\"@type\":\"Organization\",\"@id\":\"https:\\\/\\\/www.meydan.tv\\\/az\\\/#organization\",\"name\":\"Meydan TV\",\"url\":\"https:\\\/\\\/www.meydan.tv\\\/az\\\/\",\"logo\":{\"@type\":\"ImageObject\",\"inLanguage\":\"az\",\"@id\":\"https:\\\/\\\/www.meydan.tv\\\/az\\\/#\\\/schema\\\/logo\\\/image\\\/\",\"url\":\"https:\\\/\\\/www.meydan.tv\\\/wp-content\\\/uploads\\\/2021\\\/07\\\/meydan-logo.svg\",\"contentUrl\":\"https:\\\/\\\/www.meydan.tv\\\/wp-content\\\/uploads\\\/2021\\\/07\\\/meydan-logo.svg\",\"width\":195,\"height\":46,\"caption\":\"Meydan TV\"},\"image\":{\"@id\":\"https:\\\/\\\/www.meydan.tv\\\/az\\\/#\\\/schema\\\/logo\\\/image\\\/\"}},{\"@type\":\"Person\",\"@id\":\"https:\\\/\\\/www.meydan.tv\\\/az\\\/#\\\/schema\\\/person\\\/8f23e01c4de63326c13c319fb65ee65d\",\"name\":\"roma\"}]}<\/script>\n<!-- \/ Yoast SEO plugin. -->","yoast_head_json":{"title":"Rum\u0131niya \u201cEurovision\u201d t\u0259\u015fkilat\u00e7\u0131lar\u0131n\u0131 m\u0259hk\u0259m\u0259y\u0259 verir - MEYDAN.TV","robots":{"index":"index","follow":"follow","max-snippet":"max-snippet:-1","max-image-preview":"max-image-preview:large","max-video-preview":"max-video-preview:-1"},"canonical":"https:\/\/www.meydan.tv\/az\/article\/ruminiya-eurovision-teskilatcilarini-mehkemeye-verir\/","og_locale":"az_AZ","og_type":"article","og_title":"Rum\u0131niya \u201cEurovision\u201d t\u0259\u015fkilat\u00e7\u0131lar\u0131n\u0131 m\u0259hk\u0259m\u0259y\u0259 verir - MEYDAN.TV","og_description":"\u00d6lk\u0259 mahn\u0131 m\u00fcsabiq\u0259sind\u0259 i\u015ftirakdan imtina etm\u0259yi planla\u015fd\u0131r\u0131r Rum\u0131niya h\u00f6kum\u0259ti Avropa ... Davam\u0131","og_url":"https:\/\/www.meydan.tv\/az\/article\/ruminiya-eurovision-teskilatcilarini-mehkemeye-verir\/","og_site_name":"MEYDAN.TV","article_published_time":"2022-06-09T14:58:15+00:00","article_modified_time":"2022-06-09T15:00:42+00:00","og_image":[{"width":1200,"height":600,"url":"https:\/\/www.meydan.tv\/wp-content\/uploads\/eurovision-romania.jpeg","type":"image\/jpeg"}],"author":"roma","twitter_card":"summary_large_image","schema":{"@context":"https:\/\/schema.org","@graph":[{"@type":"Article","@id":"https:\/\/www.meydan.tv\/az\/article\/ruminiya-eurovision-teskilatcilarini-mehkemeye-verir\/#article","isPartOf":{"@id":"https:\/\/www.meydan.tv\/az\/article\/ruminiya-eurovision-teskilatcilarini-mehkemeye-verir\/"},"author":{"name":"roma","@id":"https:\/\/www.meydan.tv\/az\/#\/schema\/person\/8f23e01c4de63326c13c319fb65ee65d"},"headline":"Rum\u0131niya \u201cEurovision\u201d t\u0259\u015fkilat\u00e7\u0131lar\u0131n\u0131 m\u0259hk\u0259m\u0259y\u0259 verir","datePublished":"2022-06-09T14:58:15+00:00","dateModified":"2022-06-09T15:00:42+00:00","mainEntityOfPage":{"@id":"https:\/\/www.meydan.tv\/az\/article\/ruminiya-eurovision-teskilatcilarini-mehkemeye-verir\/"},"wordCount":187,"publisher":{"@id":"https:\/\/www.meydan.tv\/az\/#organization"},"image":{"@id":"https:\/\/www.meydan.tv\/az\/article\/ruminiya-eurovision-teskilatcilarini-mehkemeye-verir\/#primaryimage"},"thumbnailUrl":"https:\/\/www.meydan.tv\/wp-content\/uploads\/eurovision-romania.jpeg","articleSection":["M\u0259d\u0259niyy\u0259t","X\u0259b\u0259rl\u0259r"],"inLanguage":"az"},{"@type":"WebPage","@id":"https:\/\/www.meydan.tv\/az\/article\/ruminiya-eurovision-teskilatcilarini-mehkemeye-verir\/","url":"https:\/\/www.meydan.tv\/az\/article\/ruminiya-eurovision-teskilatcilarini-mehkemeye-verir\/","name":"Rum\u0131niya \u201cEurovision\u201d t\u0259\u015fkilat\u00e7\u0131lar\u0131n\u0131 m\u0259hk\u0259m\u0259y\u0259 verir - MEYDAN.TV","isPartOf":{"@id":"https:\/\/www.meydan.tv\/az\/#website"},"primaryImageOfPage":{"@id":"https:\/\/www.meydan.tv\/az\/article\/ruminiya-eurovision-teskilatcilarini-mehkemeye-verir\/#primaryimage"},"image":{"@id":"https:\/\/www.meydan.tv\/az\/article\/ruminiya-eurovision-teskilatcilarini-mehkemeye-verir\/#primaryimage"},"thumbnailUrl":"https:\/\/www.meydan.tv\/wp-content\/uploads\/eurovision-romania.jpeg","datePublished":"2022-06-09T14:58:15+00:00","dateModified":"2022-06-09T15:00:42+00:00","breadcrumb":{"@id":"https:\/\/www.meydan.tv\/az\/article\/ruminiya-eurovision-teskilatcilarini-mehkemeye-verir\/#breadcrumb"},"inLanguage":"az","potentialAction":[{"@type":"ReadAction","target":["https:\/\/www.meydan.tv\/az\/article\/ruminiya-eurovision-teskilatcilarini-mehkemeye-verir\/"]}]},{"@type":"ImageObject","inLanguage":"az","@id":"https:\/\/www.meydan.tv\/az\/article\/ruminiya-eurovision-teskilatcilarini-mehkemeye-verir\/#primaryimage","url":"https:\/\/www.meydan.tv\/wp-content\/uploads\/eurovision-romania.jpeg","contentUrl":"https:\/\/www.meydan.tv\/wp-content\/uploads\/eurovision-romania.jpeg","width":1200,"height":600,"caption":"M\u0259nb\u0259: eurovisionworld"},{"@type":"BreadcrumbList","@id":"https:\/\/www.meydan.tv\/az\/article\/ruminiya-eurovision-teskilatcilarini-mehkemeye-verir\/#breadcrumb","itemListElement":[{"@type":"ListItem","position":1,"name":"Ana s\u0259hif\u0259","item":"https:\/\/www.meydan.tv\/az\/"},{"@type":"ListItem","position":2,"name":"X\u0259b\u0259rl\u0259r","item":"https:\/\/www.meydan.tv\/az\/section\/xeberler\/"},{"@type":"ListItem","position":3,"name":"Rum\u0131niya \u201cEurovision\u201d t\u0259\u015fkilat\u00e7\u0131lar\u0131n\u0131 m\u0259hk\u0259m\u0259y\u0259 verir"}]},{"@type":"WebSite","@id":"https:\/\/www.meydan.tv\/az\/#website","url":"https:\/\/www.meydan.tv\/az\/","name":"MEYDAN.TV","description":"Meydan TV Az\u0259rbaycan\u0131n media m\u0259kan\u0131ndak\u0131 alternativ s\u0259sidir","publisher":{"@id":"https:\/\/www.meydan.tv\/az\/#organization"},"potentialAction":[{"@type":"SearchAction","target":{"@type":"EntryPoint","urlTemplate":"https:\/\/www.meydan.tv\/az\/?s={search_term_string}"},"query-input":{"@type":"PropertyValueSpecification","valueRequired":true,"valueName":"search_term_string"}}],"inLanguage":"az"},{"@type":"Organization","@id":"https:\/\/www.meydan.tv\/az\/#organization","name":"Meydan TV","url":"https:\/\/www.meydan.tv\/az\/","logo":{"@type":"ImageObject","inLanguage":"az","@id":"https:\/\/www.meydan.tv\/az\/#\/schema\/logo\/image\/","url":"https:\/\/www.meydan.tv\/wp-content\/uploads\/2021\/07\/meydan-logo.svg","contentUrl":"https:\/\/www.meydan.tv\/wp-content\/uploads\/2021\/07\/meydan-logo.svg","width":195,"height":46,"caption":"Meydan TV"},"image":{"@id":"https:\/\/www.meydan.tv\/az\/#\/schema\/logo\/image\/"}},{"@type":"Person","@id":"https:\/\/www.meydan.tv\/az\/#\/schema\/person\/8f23e01c4de63326c13c319fb65ee65d","name":"roma"}]}},"_links":{"self":[{"href":"https:\/\/www.meydan.tv\/az\/wp-json\/wp\/v2\/posts\/247976","targetHints":{"allow":["GET"]}}],"collection":[{"href":"https:\/\/www.meydan.tv\/az\/wp-json\/wp\/v2\/posts"}],"about":[{"href":"https:\/\/www.meydan.tv\/az\/wp-json\/wp\/v2\/types\/post"}],"author":[{"embeddable":true,"href":"https:\/\/www.meydan.tv\/az\/wp-json\/wp\/v2\/users\/14"}],"replies":[{"embeddable":true,"href":"https:\/\/www.meydan.tv\/az\/wp-json\/wp\/v2\/comments?post=247976"}],"version-history":[{"count":1,"href":"https:\/\/www.meydan.tv\/az\/wp-json\/wp\/v2\/posts\/247976\/revisions"}],"predecessor-version":[{"id":247980,"href":"https:\/\/www.meydan.tv\/az\/wp-json\/wp\/v2\/posts\/247976\/revisions\/247980"}],"wp:featuredmedia":[{"embeddable":true,"href":"https:\/\/www.meydan.tv\/az\/wp-json\/wp\/v2\/media\/247977"}],"wp:attachment":[{"href":"https:\/\/www.meydan.tv\/az\/wp-json\/wp\/v2\/media?parent=247976"}],"wp:term":[{"taxonomy":"category","embeddable":true,"href":"https:\/\/www.meydan.tv\/az\/wp-json\/wp\/v2\/categories?post=247976"},{"taxonomy":"post_tag","embeddable":true,"href":"https:\/\/www.meydan.tv\/az\/wp-json\/wp\/v2\/tags?post=247976"}],"curies":[{"name":"wp","href":"https:\/\/api.w.org\/{rel}","templated":true}]}}