{"id":247930,"date":"2022-06-09T15:31:20","date_gmt":"2022-06-09T11:31:20","guid":{"rendered":"https:\/\/www.meydan.tv\/?p=247930"},"modified":"2022-06-09T15:31:22","modified_gmt":"2022-06-09T11:31:22","slug":"nermin-isi-uzre-mehkemede-qalmaqal-yalan-danisan-serefsizdir","status":"publish","type":"post","link":"https:\/\/www.meydan.tv\/az\/article\/nermin-isi-uzre-mehkemede-qalmaqal-yalan-danisan-serefsizdir\/","title":{"rendered":"\u201cN\u0259rmin i\u015fi\u201d \u00fczr\u0259 m\u0259hk\u0259m\u0259d\u0259 qalmaqal: \u201cYalan dan\u0131\u015fan \u015f\u0259r\u0259fsizdir&#8230;\u201d"},"content":{"rendered":"\n<p><\/p>\n\n\n\n<p><em>\u0130lkin S\u00fcleymanovun \u0259leyhin\u0259 ifad\u0259 ver\u0259n \u015f\u0259xs 6 sayl\u0131 c\u0259za\u00e7\u0259km\u0259 m\u00fc\u0259ssis\u0259sind\u0259n G\u0259nc\u0259y\u0259 t\u0259krar niy\u0259 g\u0259tirilib?<\/em><br><\/p>\n\n\n\n<p>Tovuz rayonunun Dondar Qu\u015f\u00e7u k\u0259ndind\u0259 2019-cu ilin noyabr\u0131nda 11 ya\u015fl\u0131 N\u0259rmin Quliyevan\u0131n itkin d\u00fc\u015fm\u0259si, 47 g\u00fcn sonra k\u0259ndd\u0259 yand\u0131r\u0131lm\u0131\u015f meyitin tap\u0131lmas\u0131yla ba\u011fl\u0131 m\u0259hk\u0259m\u0259 prosesi davam edir. G\u0259nc\u0259 A\u011f\u0131r Cinay\u0259tl\u0259r M\u0259hk\u0259m\u0259sind\u0259 iyunun 8-d\u0259 ke\u00e7iril\u0259n m\u0259hk\u0259m\u0259 iclas\u0131na N\u0259rminin \u0259misi Arif Quliyev yenid\u0259n \u00e7a\u011f\u0131r\u0131l\u0131b. Azya\u015fl\u0131 u\u015faq sonuncu d\u0259f\u0259 evl\u0259rind\u0259n bu \u0259misigil\u0259 g\u00f6d\u0259k\u00e7\u0259 aparmaq ad\u0131yla \u00e7\u0131x\u0131b.<\/p>\n\n\n\n<p>\u00d6t\u0259n m\u0259hk\u0259m\u0259 iclas\u0131nda Dondar Qu\u015f\u00e7u k\u0259nd sakini \u00dcrf\u0259t \u018fliyev Arif Quliyev haqq\u0131nda ifad\u0259 <a href=\"https:\/\/www.meydan.tv\/az\/article\/bazardan-alinib-polis-sobesine-aparilan-paltarda-nermine-aid-lif-nece-tapilib\/\" target=\"_blank\" rel=\"noreferrer noopener\">vermi\u015fdi<\/a>. Demi\u015fdi ki, k\u0259ndd\u0259 yanm\u0131\u015f meyit tap\u0131lmam\u0131\u015fdan iki-\u00fc\u00e7 g\u00fcn \u0259vv\u0259l \u2013 yanvar\u0131n 3-\u00fc v\u0259 ya 4-\u00fcnd\u0259 Arif onlara g\u0259lib, ay\u0131q-say\u0131q olmas\u0131n\u0131, gec\u0259 N\u0259rmin\u0259 aid n\u0259s\u0259, o c\u00fcml\u0259d\u0259n paltar, ayaqqab\u0131n\u0131n onlar\u0131n qap\u0131s\u0131na at\u0131la bil\u0259c\u0259yini deyib. \u018fg\u0259r bel\u0259 bir hal ba\u015f vers\u0259, d\u0259rhal ona x\u0259b\u0259r verm\u0259sini ist\u0259yib:<br>\u201cD\u00fcz\u00fc, bilm\u0259dim ki, niy\u0259 bel\u0259 deyir\u2026\u201d.<\/p>\n\n\n\n<p>Ay\u0131n 8-d\u0259 Arif Quliyev m\u0259hk\u0259m\u0259d\u0259 bildirib ki, qon\u015fuluqda ya\u015fayan \u00dcrf\u0259t \u018fliyev\u0259 bel\u0259 s\u00f6z dem\u0259yib:<\/p>\n\n\n\n<p>\u201cM\u0259n onlara yanvarda yox, noyabrda getmi\u015f\u0259m. Onda u\u015fa\u011f\u0131 h\u0259r yerd\u0259 axtar\u0131rd\u0131q, onlara da u\u015fa\u011f\u0131 axtarma\u011fa getmi\u015fdim. M\u0259n el\u0259 s\u00f6z dem\u0259mi\u015f\u0259m\u201d.<\/p>\n\n\n\n<p>\u00dcrf\u0259t \u018fliyev is\u0259 Arif Quliyevin bu c\u00fcr dan\u0131\u015fmas\u0131na t\u0259\u0259cc\u00fcbl\u0259nib:<br>\u201cNiy\u0259 yalan deyirs\u0259n? S\u0259n deyildinmi g\u0259lib o s\u00f6z\u00fc dey\u0259n? Ay\u0131bd\u0131r. Ad g\u00fcn\u00fcn\u0259 g\u00f6r\u0259 yanvar\u0131n 1 v\u0259 2-d\u0259 m\u0259nim qonaqlar\u0131m vard\u0131. Ona g\u00f6r\u0259 d\u0259qiq yad\u0131mdad\u0131r ki, ay\u0131n ya 3-\u00fc, ya da 4-\u00fc idi. Yolda\u015f\u0131m g\u0259ldi ki, Arif s\u0259ni \u00e7a\u011f\u0131r\u0131r, \u00e7\u0131xd\u0131m, onda dedi\u2026\u201d.<\/p>\n\n\n\n<p>Arif Quliyev \u00f6z\u00fc d\u0259 t\u0259sdiql\u0259yib ki, bu k\u0259nd sakini il\u0259 aralar\u0131nda he\u00e7 bir problem yoxdur, \u0259ksin\u0259, \u00dcrf\u0259t \u018fliyevi yalan dan\u0131\u015fmayan biri kimi tan\u0131y\u0131r.<\/p>\n\n\n\n<p>V\u0259kill\u0259r N\u0259rminin \u0259misind\u0259n soru\u015fublar ki, \u0259g\u0259r u\u015fa\u011f\u0131 axtarma\u011fa getmi\u015fdis\u0259, niy\u0259 ev\u0259 ke\u00e7ib baxmay\u0131b? O bildirib ki, yaln\u0131z h\u0259y\u0259t\u0259 bax\u0131b.<\/p>\n\n\n\n<p>\u201cSizc\u0259, o\u011furlanan u\u015fa\u011f\u0131 h\u0259y\u0259td\u0259 saxlayard\u0131lar? Axtarma\u011fa getmi\u015fdinizs\u0259, ev\u0259 baxard\u0131n\u0131z, niy\u0259 baxmad\u0131n\u0131z?\u201d, &#8211; bu suala is\u0259 cavab verm\u0259yib.<\/p>\n\n\n\n<p>M\u0259hk\u0259m\u0259d\u0259 6 sayl\u0131 C\u0259za\u00e7\u0259km\u0259 M\u00fc\u0259ssis\u0259sind\u0259 saxlan\u0131lan m\u0259hbus R\u0259van \u0130smay\u0131lov da dindirilib. 22 n\u0259f\u0259r\u0259 qar\u015f\u0131 d\u0259l\u0259duzluq ittiham\u0131yla m\u0259hkum edil\u0259n R\u0259van \u0130smay\u0131lov Bak\u0131 \u0130stintaq T\u0259cridxanas\u0131nda bir ne\u00e7\u0259 ay \u0130lkin S\u00fcleymanovla eyni kamerada olub.<\/p>\n\n\n\n<p>\u0130stintaq d\u00f6vr\u00fcnd\u0259 \u0130lkin S\u00fcleymanovun kamera yolda\u015flar\u0131ndan da ifad\u0259l\u0259r al\u0131n\u0131b. Onlardan ikisini R\u0259van \u0130smay\u0131lov v\u0259 Bax\u015f\u0259li Q\u0259hr\u0259manovu m\u0259hk\u0259m\u0259y\u0259 \u00e7a\u011f\u0131r\u0131lacaq \u015fahidl\u0259r siyah\u0131s\u0131na salsalar da, dig\u0259l\u0259rini daxil etm\u0259yibl\u0259r. Bu iki n\u0259f\u0259rd\u0259n \u0130lkin S\u00fcleymanovun yatark\u0259n say\u0131qlamas\u0131, u\u015fa\u011f\u0131 \u00f6ld\u00fcrd\u00fcy\u00fcn\u00fc etiraf etm\u0259si haqda ifad\u0259 al\u0131n\u0131b. Dig\u0259r kamera yolda\u015flar\u0131 is\u0259 ifad\u0259l\u0259rind\u0259 bildiribl\u0259r ki, \u0130lkin S\u00fcleymanov \u0259ksin\u0259, t\u0259qsirsiz oldu\u011funu deyirdi.<\/p>\n\n\n\n<p>Bu iki n\u0259f\u0259r m\u0259hk\u0259m\u0259d\u0259 dindiril\u0259nd\u0259n sonra v\u0259kill\u0259r dig\u0259r kamera yolda\u015flar\u0131n\u0131 da tap\u0131b m\u0259hk\u0259m\u0259y\u0259 g\u0259tirdil\u0259r. Onlar is\u0259 bildirdil\u0259r ki, yaland\u0131r, \u0130lkin S\u00fcleymanov bu cinay\u0259tl\u0259 \u0259laq\u0259si olmad\u0131\u011f\u0131n\u0131 deyir.<\/p>\n\n\n\n<p>R\u0259van \u0130smay\u0131lovun Bak\u0131 \u0130stintaq T\u0259cridxanas\u0131nda Rauf adl\u0131 v\u0259zif\u0259li \u015f\u0259xsl\u0259 m\u00fcnasib\u0259ti oldu\u011funu, m\u00fct\u0259madi h\u0259min \u015f\u0259xsin ona 100 manat pul g\u00f6nd\u0259rdiyini d\u0259 bildirdil\u0259r. \u018flav\u0259 etdil\u0259r ki, R\u0259vana da m\u00fc\u0259yy\u0259n iformasiyalar verirdil\u0259r:<\/p>\n\n\n\n<p>\u201cM\u0259s\u0259l\u0259n, o, kamerada dedi ki, Zakir Qaralovu \u00e7\u0131xaracaqlar. Bir ay ke\u00e7di, \u00e7\u0131xard\u0131lar. Biz\u0259 d\u0259 t\u0259\u0259cc\u00fcbl\u00fc g\u0259ldi ki, hardan bilir? Onun \u00f6z\u00fc biz\u0259 demi\u015fdi ki, \u0130lkinlik bir \u015fey yoxdu, o u\u015fa\u011f\u0131 orqan mafiyas\u0131 apar\u0131b\u2026\u201d.<\/p>\n\n\n\n<p>\u018fxlaqs\u0131z yuva saxlama ittiham\u0131yla bir ne\u00e7\u0259 il \u0259vv\u0259l h\u0259bs edil\u0259n Bax\u015f\u0259li Q\u0259hr\u0259manovun ad\u0131 bundan \u0259vv\u0259l d\u0259 mediada hallan\u0131b. O, \u201cjam.az\u201d sayt\u0131n\u0131n ba\u015f redaktoru Fikr\u0259t \u0130bi\u015fb\u0259ylinin (F\u0259r\u0259m\u0259zo\u011flu) h\u0259bsi zaman\u0131 onun da \u0259leyhin\u0259 ifad\u0259 vermi\u015fdi.<\/p>\n\n\n\n<p>R\u0259van \u0130smay\u0131lov h\u0259bsd\u0259 oldu\u011funa g\u00f6r\u0259 bundan \u0259vv\u0259l onlayn qaydada dindirilmi\u015fdi. \u0130yunun 8-d\u0259 is\u0259 o, G\u0259nc\u0259 A\u011f\u0131r Cinay\u0259tl\u0259r M\u0259hk\u0259m\u0259sin\u0259 g\u0259tirilib.<\/p>\n\n\n\n<p>\u0130lkin S\u00fcleymanovun v\u0259kill\u0259ri hakim Dada\u015f \u0130manovdan soru\u015fub ki, R\u0259van \u0130smay\u0131lovun t\u0259krar dindirilm\u0259si haqda v\u0259sat\u0259t verilm\u0259diyi halda, hans\u0131 z\u0259rur\u0259tl\u0259 o, Bak\u0131dan \u2013 6 sayl\u0131 c\u0259za\u00e7\u0259km\u0259 m\u00fc\u0259ssis\u0259sind\u0259n G\u0259nc\u0259y\u0259 etap olunub?<\/p>\n\n\n\n<p>Hakim iddia edib ki, prokuror \u00f6t\u0259n m\u0259hk\u0259m\u0259d\u0259 R\u0259van\u0131n t\u0259krar dindirilm\u0259si \u00fc\u00e7\u00fcn v\u0259sat\u0259t verib. V\u0259kill\u0259r is\u0259 etiraz ed\u0259r\u0259k, prokurorun bel\u0259 bir v\u0259sat\u0259tinin olmad\u0131\u011f\u0131n\u0131 bildiribl\u0259r:<\/p>\n\n\n\n<p>\u201cOlubsa, bizim niy\u0259 x\u0259b\u0259rimiz yoxdur? Niy\u0259 m\u00fczakir\u0259y\u0259 \u00e7\u0131xarmam\u0131s\u0131n\u0131z o v\u0259sat\u0259ti? H\u0259r d\u0259f\u0259 deyirsiniz ki, prosesd\u0259 audioyaz\u0131 gedir, t\u0259qdim el\u0259yin biz\u0259 o hiss\u0259ni, \u0259min olaq ki, prokuror bel\u0259 bir v\u0259sat\u0259t vermi\u015fdi\u2026\u201d.<\/p>\n\n\n\n<p>V\u0259kill\u0259rin dedikl\u0259rind\u0259n sonra hakim Dada\u015f \u0130manov \u0259s\u0259bil\u0259\u015fib, q\u0131\u015fq\u0131r\u0131b v\u0259 deyib ki, R\u0259van \u0130smay\u0131lovu \u00f6z t\u0259\u015f\u0259bb\u00fcs\u00fc il\u0259 g\u0259tirdib. Bu zaman da v\u0259kill\u0259r ondan soru\u015fub ki, m\u0259hk\u0259m\u0259nin mara\u011f\u0131 n\u0259dir ki, \u0130lkin S\u00fcleymanovun \u0259leyhin\u0259 ifad\u0259 vermi\u015f \u015f\u0259xsi t\u0259krar dindirm\u0259k \u00fc\u00e7\u00fcn Bak\u0131dan \u2013 c\u0259za\u00e7\u0259km\u0259 m\u00fc\u0259ssis\u0259sind\u0259n G\u0259nc\u0259y\u0259 g\u0259tirdir?<\/p>\n\n\n\n<p>Hakim israr ed\u0259r\u0259k, R\u0259van \u0130smay\u0131lovu dindirib. O bildirib ki, \u0130lkin S\u00fcleymanovun t\u0259qsirsiz olmas\u0131, N\u0259rminin orqan mafiyas\u0131 t\u0259r\u0259find\u0259n G\u00fcrc\u00fcstana apar\u0131lmas\u0131 haqda dig\u0259r kamera yolda\u015flar\u0131na he\u00e7 n\u0259 dem\u0259yib. \u0130lkin \u00f6z\u00fc is\u0259 kamerada u\u015fa\u011f\u0131 \u00f6ld\u00fcrd\u00fcy\u00fcn\u00fc etiraf edib.<\/p>\n\n\n\n<p>Bu zaman m\u0259hk\u0259m\u0259d\u0259 i\u015ftirak ed\u0259n dig\u0259r iki kamera yolda\u015f\u0131 R\u0259van \u0130smay\u0131lovu yalan dan\u0131\u015fmaqda ittiham edib: \u201cYalan dan\u0131\u015fan \u015f\u0259r\u0259fsizdir\u2026\u201d.<\/p>\n\n\n\n<p>Hakim Dada\u015f \u0130manov q\u0259z\u0259bl\u0259nib, bunu dey\u0259n \u015fahidi \u201ch\u0259yas\u0131z\u201d adland\u0131r\u0131b. Az sonra is\u0259 onun m\u0259hk\u0259m\u0259 zal\u0131ndan \u00e7\u0131xar\u0131lmas\u0131na g\u00f6st\u0259ri\u015f verib.<\/p>\n\n\n\n<p>V\u0259kill\u0259r hakimi prosesi q\u0259r\u0259zli aparmaqda, \u0130lkin S\u00fcleymanovun \u0259leyhin\u0259 ifad\u0259 ver\u0259n \u015fahid\u0259 \u015f\u0259rait yarad\u0131b, onun s\u00f6yl\u0259dikl\u0259rinin \u0259ksini dey\u0259n \u015fahidl\u0259r\u0259 is\u0259 dan\u0131\u015fma\u011fa imkan verm\u0259m\u0259kd\u0259 q\u0131nay\u0131blar.<br>M\u0259hk\u0259m\u0259 prosesi iyunun 14-d\u0259 davam ed\u0259c\u0259k.<\/p>\n\n\n\n<p>1973-c\u00fc il t\u0259v\u0259ll\u00fcdl\u00fc \u0130lkin S\u00fcleymanov Cinay\u0259t M\u0259c\u0259ll\u0259sinin 120.2.4 (x\u00fcsusi amans\u0131zl\u0131qla q\u0259sd\u0259n adam \u00f6ld\u00fcrm\u0259), 120.2.9 (t\u0259qsirkar \u015f\u0259xs \u00fc\u00e7\u00fcn a\u015fkar sur\u0259td\u0259 k\u00f6m\u0259ksiz v\u0259ziyy\u0259td\u0259 olan adam\u0131 q\u0259sd\u0259n \u00f6ld\u00fcrm\u0259), 133.2.1 (o\u011furlanm\u0131\u015f \u015f\u0259xs\u0259 \u0259zab verm\u0259), 133.2.4 (yetkinlik ya\u015f\u0131na \u00e7atmayan, k\u00f6m\u0259ksiz v\u0259ziyy\u0259td\u0259 olan \u015f\u0259xs\u0259 \u0259zab verm\u0259), 144-c\u00fc (adam o\u011furlu\u011fu) madd\u0259l\u0259ril\u0259 ittiham olunur.<\/p>\n\n\n\n<p>\u0130ttihama \u0259sas\u0259n, o, sinif yolda\u015f\u0131 \u015e\u0259rif Quliyevin ail\u0259si, u\u015faqlar\u0131 oldu\u011funa g\u00f6r\u0259 onu q\u0131sqan\u0131b, buna g\u00f6r\u0259 d\u0259 onun q\u0131z\u0131 N\u0259rmini o\u011furlayaraq, 47 g\u00fcn sonra q\u0259tl\u0259 yetirib.<\/p>\n\n\n\n<p>\u0130lkin S\u00fcleymanov is\u0259 azya\u015fl\u0131n\u0131n \u00f6l\u00fcm\u00fcn\u0259 aidiyy\u0259ti olmad\u0131\u011f\u0131n\u0131 deyir. \u0130lkin ifad\u0259sind\u0259ki etirafa g\u0259linc\u0259, o bildirib ki, 2020-ci il yanvar\u0131n 6-dan 10-na q\u0259d\u0259r Tovuz rayon Polis \u015e\u00f6b\u0259sind\u0259 i\u015fg\u0259nc\u0259y\u0259 m\u0259ruz qal\u0131b. D\u00f6rd g\u00fcn sonra i\u015fg\u0259nc\u0259l\u0259r\u0259 d\u00f6zm\u0259y\u0259r\u0259k, etiraf ifad\u0259sin\u0259 imza atma\u011fa m\u0259cbur olub.<br>Ba\u015f Prokurorluq is\u0259 i\u015fg\u0259nc\u0259 iddialar\u0131n\u0131 t\u0259kzib edib.<\/p>\n","protected":false},"excerpt":{"rendered":"<p>\u0130lkin S\u00fcleymanovun \u0259leyhin\u0259 ifad\u0259 ver\u0259n \u015f\u0259xs 6 sayl\u0131 c\u0259za\u00e7\u0259km\u0259 m\u00fc\u0259ssis\u0259sind\u0259n &#8230; <\/p>\n<p class=\"read-more-container\"><a title=\"\u201cN\u0259rmin i\u015fi\u201d \u00fczr\u0259 m\u0259hk\u0259m\u0259d\u0259 qalmaqal: \u201cYalan dan\u0131\u015fan \u015f\u0259r\u0259fsizdir&#8230;\u201d\" class=\"read-more button\" href=\"https:\/\/www.meydan.tv\/az\/article\/nermin-isi-uzre-mehkemede-qalmaqal-yalan-danisan-serefsizdir\/#more-247930\" aria-label=\"Read more about \u201cN\u0259rmin i\u015fi\u201d \u00fczr\u0259 m\u0259hk\u0259m\u0259d\u0259 qalmaqal: \u201cYalan dan\u0131\u015fan \u015f\u0259r\u0259fsizdir&#8230;\u201d\">Davam\u0131<\/a><\/p>\n","protected":false},"author":8,"featured_media":241421,"comment_status":"closed","ping_status":"closed","sticky":false,"template":"","format":"standard","meta":{"_acf_changed":false,"_sitemap_exclude":false,"_sitemap_priority":"","_sitemap_frequency":"","footnotes":""},"categories":[60,79,56],"tags":[],"class_list":["post-247930","post","type-post","status-publish","format-standard","has-post-thumbnail","hentry","category-bolge","category-featured","category-xeberler","infinite-scroll-item","generate-columns","tablet-grid-50","mobile-grid-100","grid-parent","grid-33","no-featured-image-padding"],"acf":[],"yoast_head":"<!-- This site is optimized with the Yoast SEO plugin v27.5 - https:\/\/yoast.com\/product\/yoast-seo-wordpress\/ -->\n<title>\u201cN\u0259rmin i\u015fi\u201d \u00fczr\u0259 m\u0259hk\u0259m\u0259d\u0259 qalmaqal: \u201cYalan dan\u0131\u015fan \u015f\u0259r\u0259fsizdir...\u201d - MEYDAN.TV<\/title>\n<meta name=\"robots\" content=\"index, follow, max-snippet:-1, max-image-preview:large, max-video-preview:-1\" \/>\n<link rel=\"canonical\" href=\"https:\/\/www.meydan.tv\/az\/article\/nermin-isi-uzre-mehkemede-qalmaqal-yalan-danisan-serefsizdir\/\" \/>\n<meta property=\"og:locale\" content=\"az_AZ\" \/>\n<meta property=\"og:type\" content=\"article\" \/>\n<meta property=\"og:title\" content=\"\u201cN\u0259rmin i\u015fi\u201d \u00fczr\u0259 m\u0259hk\u0259m\u0259d\u0259 qalmaqal: \u201cYalan dan\u0131\u015fan \u015f\u0259r\u0259fsizdir...\u201d - MEYDAN.TV\" \/>\n<meta property=\"og:description\" content=\"\u0130lkin S\u00fcleymanovun \u0259leyhin\u0259 ifad\u0259 ver\u0259n \u015f\u0259xs 6 sayl\u0131 c\u0259za\u00e7\u0259km\u0259 m\u00fc\u0259ssis\u0259sind\u0259n ... Davam\u0131\" \/>\n<meta property=\"og:url\" content=\"https:\/\/www.meydan.tv\/az\/article\/nermin-isi-uzre-mehkemede-qalmaqal-yalan-danisan-serefsizdir\/\" \/>\n<meta property=\"og:site_name\" content=\"MEYDAN.TV\" \/>\n<meta property=\"article:published_time\" content=\"2022-06-09T11:31:20+00:00\" \/>\n<meta property=\"article:modified_time\" content=\"2022-06-09T11:31:22+00:00\" \/>\n<meta property=\"og:image\" content=\"https:\/\/www.meydan.tv\/wp-content\/uploads\/photo-2022-04-11-16-03-32-e1649879390196.jpg\" \/>\n\t<meta property=\"og:image:width\" content=\"1200\" \/>\n\t<meta property=\"og:image:height\" content=\"711\" \/>\n\t<meta property=\"og:image:type\" content=\"image\/jpeg\" \/>\n<meta name=\"author\" content=\"elli\" \/>\n<meta name=\"twitter:card\" content=\"summary_large_image\" \/>\n<meta name=\"twitter:creator\" content=\"@elli\" \/>\n<script type=\"application\/ld+json\" class=\"yoast-schema-graph\">{\"@context\":\"https:\\\/\\\/schema.org\",\"@graph\":[{\"@type\":\"Article\",\"@id\":\"https:\\\/\\\/www.meydan.tv\\\/az\\\/article\\\/nermin-isi-uzre-mehkemede-qalmaqal-yalan-danisan-serefsizdir\\\/#article\",\"isPartOf\":{\"@id\":\"https:\\\/\\\/www.meydan.tv\\\/az\\\/article\\\/nermin-isi-uzre-mehkemede-qalmaqal-yalan-danisan-serefsizdir\\\/\"},\"author\":{\"name\":\"elli\",\"@id\":\"https:\\\/\\\/www.meydan.tv\\\/az\\\/#\\\/schema\\\/person\\\/9cdbecf90d17180ce1dfbd95b08dcf47\"},\"headline\":\"\u201cN\u0259rmin i\u015fi\u201d \u00fczr\u0259 m\u0259hk\u0259m\u0259d\u0259 qalmaqal: \u201cYalan dan\u0131\u015fan \u015f\u0259r\u0259fsizdir&#8230;\u201d\",\"datePublished\":\"2022-06-09T11:31:20+00:00\",\"dateModified\":\"2022-06-09T11:31:22+00:00\",\"mainEntityOfPage\":{\"@id\":\"https:\\\/\\\/www.meydan.tv\\\/az\\\/article\\\/nermin-isi-uzre-mehkemede-qalmaqal-yalan-danisan-serefsizdir\\\/\"},\"wordCount\":1423,\"publisher\":{\"@id\":\"https:\\\/\\\/www.meydan.tv\\\/az\\\/#organization\"},\"image\":{\"@id\":\"https:\\\/\\\/www.meydan.tv\\\/az\\\/article\\\/nermin-isi-uzre-mehkemede-qalmaqal-yalan-danisan-serefsizdir\\\/#primaryimage\"},\"thumbnailUrl\":\"https:\\\/\\\/www.meydan.tv\\\/wp-content\\\/uploads\\\/photo-2022-04-11-16-03-32-e1685951073914.jpg\",\"articleSection\":[\"B\u00f6lg\u0259\",\"T\u00f6vsiy\u0259\",\"X\u0259b\u0259rl\u0259r\"],\"inLanguage\":\"az\"},{\"@type\":\"WebPage\",\"@id\":\"https:\\\/\\\/www.meydan.tv\\\/az\\\/article\\\/nermin-isi-uzre-mehkemede-qalmaqal-yalan-danisan-serefsizdir\\\/\",\"url\":\"https:\\\/\\\/www.meydan.tv\\\/az\\\/article\\\/nermin-isi-uzre-mehkemede-qalmaqal-yalan-danisan-serefsizdir\\\/\",\"name\":\"\u201cN\u0259rmin i\u015fi\u201d \u00fczr\u0259 m\u0259hk\u0259m\u0259d\u0259 qalmaqal: \u201cYalan dan\u0131\u015fan \u015f\u0259r\u0259fsizdir...\u201d - MEYDAN.TV\",\"isPartOf\":{\"@id\":\"https:\\\/\\\/www.meydan.tv\\\/az\\\/#website\"},\"primaryImageOfPage\":{\"@id\":\"https:\\\/\\\/www.meydan.tv\\\/az\\\/article\\\/nermin-isi-uzre-mehkemede-qalmaqal-yalan-danisan-serefsizdir\\\/#primaryimage\"},\"image\":{\"@id\":\"https:\\\/\\\/www.meydan.tv\\\/az\\\/article\\\/nermin-isi-uzre-mehkemede-qalmaqal-yalan-danisan-serefsizdir\\\/#primaryimage\"},\"thumbnailUrl\":\"https:\\\/\\\/www.meydan.tv\\\/wp-content\\\/uploads\\\/photo-2022-04-11-16-03-32-e1685951073914.jpg\",\"datePublished\":\"2022-06-09T11:31:20+00:00\",\"dateModified\":\"2022-06-09T11:31:22+00:00\",\"breadcrumb\":{\"@id\":\"https:\\\/\\\/www.meydan.tv\\\/az\\\/article\\\/nermin-isi-uzre-mehkemede-qalmaqal-yalan-danisan-serefsizdir\\\/#breadcrumb\"},\"inLanguage\":\"az\",\"potentialAction\":[{\"@type\":\"ReadAction\",\"target\":[\"https:\\\/\\\/www.meydan.tv\\\/az\\\/article\\\/nermin-isi-uzre-mehkemede-qalmaqal-yalan-danisan-serefsizdir\\\/\"]}]},{\"@type\":\"ImageObject\",\"inLanguage\":\"az\",\"@id\":\"https:\\\/\\\/www.meydan.tv\\\/az\\\/article\\\/nermin-isi-uzre-mehkemede-qalmaqal-yalan-danisan-serefsizdir\\\/#primaryimage\",\"url\":\"https:\\\/\\\/www.meydan.tv\\\/wp-content\\\/uploads\\\/photo-2022-04-11-16-03-32-e1685951073914.jpg\",\"contentUrl\":\"https:\\\/\\\/www.meydan.tv\\\/wp-content\\\/uploads\\\/photo-2022-04-11-16-03-32-e1685951073914.jpg\",\"width\":1200,\"height\":429,\"caption\":\"\u0130lkin S\u00fcleymanov. Foto: Meydan TV\"},{\"@type\":\"BreadcrumbList\",\"@id\":\"https:\\\/\\\/www.meydan.tv\\\/az\\\/article\\\/nermin-isi-uzre-mehkemede-qalmaqal-yalan-danisan-serefsizdir\\\/#breadcrumb\",\"itemListElement\":[{\"@type\":\"ListItem\",\"position\":1,\"name\":\"Ana s\u0259hif\u0259\",\"item\":\"https:\\\/\\\/www.meydan.tv\\\/az\\\/\"},{\"@type\":\"ListItem\",\"position\":2,\"name\":\"B\u00f6lg\u0259\",\"item\":\"https:\\\/\\\/www.meydan.tv\\\/az\\\/section\\\/bolge\\\/\"},{\"@type\":\"ListItem\",\"position\":3,\"name\":\"\u201cN\u0259rmin i\u015fi\u201d \u00fczr\u0259 m\u0259hk\u0259m\u0259d\u0259 qalmaqal: \u201cYalan dan\u0131\u015fan \u015f\u0259r\u0259fsizdir&#8230;\u201d\"}]},{\"@type\":\"WebSite\",\"@id\":\"https:\\\/\\\/www.meydan.tv\\\/az\\\/#website\",\"url\":\"https:\\\/\\\/www.meydan.tv\\\/az\\\/\",\"name\":\"MEYDAN.TV\",\"description\":\"Meydan TV Az\u0259rbaycan\u0131n media m\u0259kan\u0131ndak\u0131 alternativ s\u0259sidir\",\"publisher\":{\"@id\":\"https:\\\/\\\/www.meydan.tv\\\/az\\\/#organization\"},\"potentialAction\":[{\"@type\":\"SearchAction\",\"target\":{\"@type\":\"EntryPoint\",\"urlTemplate\":\"https:\\\/\\\/www.meydan.tv\\\/az\\\/?s={search_term_string}\"},\"query-input\":{\"@type\":\"PropertyValueSpecification\",\"valueRequired\":true,\"valueName\":\"search_term_string\"}}],\"inLanguage\":\"az\"},{\"@type\":\"Organization\",\"@id\":\"https:\\\/\\\/www.meydan.tv\\\/az\\\/#organization\",\"name\":\"Meydan TV\",\"url\":\"https:\\\/\\\/www.meydan.tv\\\/az\\\/\",\"logo\":{\"@type\":\"ImageObject\",\"inLanguage\":\"az\",\"@id\":\"https:\\\/\\\/www.meydan.tv\\\/az\\\/#\\\/schema\\\/logo\\\/image\\\/\",\"url\":\"https:\\\/\\\/www.meydan.tv\\\/wp-content\\\/uploads\\\/2021\\\/07\\\/meydan-logo.svg\",\"contentUrl\":\"https:\\\/\\\/www.meydan.tv\\\/wp-content\\\/uploads\\\/2021\\\/07\\\/meydan-logo.svg\",\"width\":195,\"height\":46,\"caption\":\"Meydan TV\"},\"image\":{\"@id\":\"https:\\\/\\\/www.meydan.tv\\\/az\\\/#\\\/schema\\\/logo\\\/image\\\/\"}},{\"@type\":\"Person\",\"@id\":\"https:\\\/\\\/www.meydan.tv\\\/az\\\/#\\\/schema\\\/person\\\/9cdbecf90d17180ce1dfbd95b08dcf47\",\"name\":\"elli\",\"sameAs\":[\"https:\\\/\\\/x.com\\\/elli\"]}]}<\/script>\n<!-- \/ Yoast SEO plugin. -->","yoast_head_json":{"title":"\u201cN\u0259rmin i\u015fi\u201d \u00fczr\u0259 m\u0259hk\u0259m\u0259d\u0259 qalmaqal: \u201cYalan dan\u0131\u015fan \u015f\u0259r\u0259fsizdir...\u201d - MEYDAN.TV","robots":{"index":"index","follow":"follow","max-snippet":"max-snippet:-1","max-image-preview":"max-image-preview:large","max-video-preview":"max-video-preview:-1"},"canonical":"https:\/\/www.meydan.tv\/az\/article\/nermin-isi-uzre-mehkemede-qalmaqal-yalan-danisan-serefsizdir\/","og_locale":"az_AZ","og_type":"article","og_title":"\u201cN\u0259rmin i\u015fi\u201d \u00fczr\u0259 m\u0259hk\u0259m\u0259d\u0259 qalmaqal: \u201cYalan dan\u0131\u015fan \u015f\u0259r\u0259fsizdir...\u201d - MEYDAN.TV","og_description":"\u0130lkin S\u00fcleymanovun \u0259leyhin\u0259 ifad\u0259 ver\u0259n \u015f\u0259xs 6 sayl\u0131 c\u0259za\u00e7\u0259km\u0259 m\u00fc\u0259ssis\u0259sind\u0259n ... Davam\u0131","og_url":"https:\/\/www.meydan.tv\/az\/article\/nermin-isi-uzre-mehkemede-qalmaqal-yalan-danisan-serefsizdir\/","og_site_name":"MEYDAN.TV","article_published_time":"2022-06-09T11:31:20+00:00","article_modified_time":"2022-06-09T11:31:22+00:00","og_image":[{"width":1200,"height":711,"url":"https:\/\/www.meydan.tv\/wp-content\/uploads\/photo-2022-04-11-16-03-32-e1649879390196.jpg","type":"image\/jpeg"}],"author":"elli","twitter_card":"summary_large_image","twitter_creator":"@elli","schema":{"@context":"https:\/\/schema.org","@graph":[{"@type":"Article","@id":"https:\/\/www.meydan.tv\/az\/article\/nermin-isi-uzre-mehkemede-qalmaqal-yalan-danisan-serefsizdir\/#article","isPartOf":{"@id":"https:\/\/www.meydan.tv\/az\/article\/nermin-isi-uzre-mehkemede-qalmaqal-yalan-danisan-serefsizdir\/"},"author":{"name":"elli","@id":"https:\/\/www.meydan.tv\/az\/#\/schema\/person\/9cdbecf90d17180ce1dfbd95b08dcf47"},"headline":"\u201cN\u0259rmin i\u015fi\u201d \u00fczr\u0259 m\u0259hk\u0259m\u0259d\u0259 qalmaqal: \u201cYalan dan\u0131\u015fan \u015f\u0259r\u0259fsizdir&#8230;\u201d","datePublished":"2022-06-09T11:31:20+00:00","dateModified":"2022-06-09T11:31:22+00:00","mainEntityOfPage":{"@id":"https:\/\/www.meydan.tv\/az\/article\/nermin-isi-uzre-mehkemede-qalmaqal-yalan-danisan-serefsizdir\/"},"wordCount":1423,"publisher":{"@id":"https:\/\/www.meydan.tv\/az\/#organization"},"image":{"@id":"https:\/\/www.meydan.tv\/az\/article\/nermin-isi-uzre-mehkemede-qalmaqal-yalan-danisan-serefsizdir\/#primaryimage"},"thumbnailUrl":"https:\/\/www.meydan.tv\/wp-content\/uploads\/photo-2022-04-11-16-03-32-e1685951073914.jpg","articleSection":["B\u00f6lg\u0259","T\u00f6vsiy\u0259","X\u0259b\u0259rl\u0259r"],"inLanguage":"az"},{"@type":"WebPage","@id":"https:\/\/www.meydan.tv\/az\/article\/nermin-isi-uzre-mehkemede-qalmaqal-yalan-danisan-serefsizdir\/","url":"https:\/\/www.meydan.tv\/az\/article\/nermin-isi-uzre-mehkemede-qalmaqal-yalan-danisan-serefsizdir\/","name":"\u201cN\u0259rmin i\u015fi\u201d \u00fczr\u0259 m\u0259hk\u0259m\u0259d\u0259 qalmaqal: \u201cYalan dan\u0131\u015fan \u015f\u0259r\u0259fsizdir...\u201d - MEYDAN.TV","isPartOf":{"@id":"https:\/\/www.meydan.tv\/az\/#website"},"primaryImageOfPage":{"@id":"https:\/\/www.meydan.tv\/az\/article\/nermin-isi-uzre-mehkemede-qalmaqal-yalan-danisan-serefsizdir\/#primaryimage"},"image":{"@id":"https:\/\/www.meydan.tv\/az\/article\/nermin-isi-uzre-mehkemede-qalmaqal-yalan-danisan-serefsizdir\/#primaryimage"},"thumbnailUrl":"https:\/\/www.meydan.tv\/wp-content\/uploads\/photo-2022-04-11-16-03-32-e1685951073914.jpg","datePublished":"2022-06-09T11:31:20+00:00","dateModified":"2022-06-09T11:31:22+00:00","breadcrumb":{"@id":"https:\/\/www.meydan.tv\/az\/article\/nermin-isi-uzre-mehkemede-qalmaqal-yalan-danisan-serefsizdir\/#breadcrumb"},"inLanguage":"az","potentialAction":[{"@type":"ReadAction","target":["https:\/\/www.meydan.tv\/az\/article\/nermin-isi-uzre-mehkemede-qalmaqal-yalan-danisan-serefsizdir\/"]}]},{"@type":"ImageObject","inLanguage":"az","@id":"https:\/\/www.meydan.tv\/az\/article\/nermin-isi-uzre-mehkemede-qalmaqal-yalan-danisan-serefsizdir\/#primaryimage","url":"https:\/\/www.meydan.tv\/wp-content\/uploads\/photo-2022-04-11-16-03-32-e1685951073914.jpg","contentUrl":"https:\/\/www.meydan.tv\/wp-content\/uploads\/photo-2022-04-11-16-03-32-e1685951073914.jpg","width":1200,"height":429,"caption":"\u0130lkin S\u00fcleymanov. Foto: Meydan TV"},{"@type":"BreadcrumbList","@id":"https:\/\/www.meydan.tv\/az\/article\/nermin-isi-uzre-mehkemede-qalmaqal-yalan-danisan-serefsizdir\/#breadcrumb","itemListElement":[{"@type":"ListItem","position":1,"name":"Ana s\u0259hif\u0259","item":"https:\/\/www.meydan.tv\/az\/"},{"@type":"ListItem","position":2,"name":"B\u00f6lg\u0259","item":"https:\/\/www.meydan.tv\/az\/section\/bolge\/"},{"@type":"ListItem","position":3,"name":"\u201cN\u0259rmin i\u015fi\u201d \u00fczr\u0259 m\u0259hk\u0259m\u0259d\u0259 qalmaqal: \u201cYalan dan\u0131\u015fan \u015f\u0259r\u0259fsizdir&#8230;\u201d"}]},{"@type":"WebSite","@id":"https:\/\/www.meydan.tv\/az\/#website","url":"https:\/\/www.meydan.tv\/az\/","name":"MEYDAN.TV","description":"Meydan TV Az\u0259rbaycan\u0131n media m\u0259kan\u0131ndak\u0131 alternativ s\u0259sidir","publisher":{"@id":"https:\/\/www.meydan.tv\/az\/#organization"},"potentialAction":[{"@type":"SearchAction","target":{"@type":"EntryPoint","urlTemplate":"https:\/\/www.meydan.tv\/az\/?s={search_term_string}"},"query-input":{"@type":"PropertyValueSpecification","valueRequired":true,"valueName":"search_term_string"}}],"inLanguage":"az"},{"@type":"Organization","@id":"https:\/\/www.meydan.tv\/az\/#organization","name":"Meydan TV","url":"https:\/\/www.meydan.tv\/az\/","logo":{"@type":"ImageObject","inLanguage":"az","@id":"https:\/\/www.meydan.tv\/az\/#\/schema\/logo\/image\/","url":"https:\/\/www.meydan.tv\/wp-content\/uploads\/2021\/07\/meydan-logo.svg","contentUrl":"https:\/\/www.meydan.tv\/wp-content\/uploads\/2021\/07\/meydan-logo.svg","width":195,"height":46,"caption":"Meydan TV"},"image":{"@id":"https:\/\/www.meydan.tv\/az\/#\/schema\/logo\/image\/"}},{"@type":"Person","@id":"https:\/\/www.meydan.tv\/az\/#\/schema\/person\/9cdbecf90d17180ce1dfbd95b08dcf47","name":"elli","sameAs":["https:\/\/x.com\/elli"]}]}},"_links":{"self":[{"href":"https:\/\/www.meydan.tv\/az\/wp-json\/wp\/v2\/posts\/247930","targetHints":{"allow":["GET"]}}],"collection":[{"href":"https:\/\/www.meydan.tv\/az\/wp-json\/wp\/v2\/posts"}],"about":[{"href":"https:\/\/www.meydan.tv\/az\/wp-json\/wp\/v2\/types\/post"}],"author":[{"embeddable":true,"href":"https:\/\/www.meydan.tv\/az\/wp-json\/wp\/v2\/users\/8"}],"replies":[{"embeddable":true,"href":"https:\/\/www.meydan.tv\/az\/wp-json\/wp\/v2\/comments?post=247930"}],"version-history":[{"count":1,"href":"https:\/\/www.meydan.tv\/az\/wp-json\/wp\/v2\/posts\/247930\/revisions"}],"predecessor-version":[{"id":247931,"href":"https:\/\/www.meydan.tv\/az\/wp-json\/wp\/v2\/posts\/247930\/revisions\/247931"}],"wp:featuredmedia":[{"embeddable":true,"href":"https:\/\/www.meydan.tv\/az\/wp-json\/wp\/v2\/media\/241421"}],"wp:attachment":[{"href":"https:\/\/www.meydan.tv\/az\/wp-json\/wp\/v2\/media?parent=247930"}],"wp:term":[{"taxonomy":"category","embeddable":true,"href":"https:\/\/www.meydan.tv\/az\/wp-json\/wp\/v2\/categories?post=247930"},{"taxonomy":"post_tag","embeddable":true,"href":"https:\/\/www.meydan.tv\/az\/wp-json\/wp\/v2\/tags?post=247930"}],"curies":[{"name":"wp","href":"https:\/\/api.w.org\/{rel}","templated":true}]}}