{"id":247804,"date":"2022-06-08T16:21:41","date_gmt":"2022-06-08T12:21:41","guid":{"rendered":"https:\/\/www.meydan.tv\/?p=247804"},"modified":"2022-06-08T16:21:44","modified_gmt":"2022-06-08T12:21:44","slug":"cenemi-sindirandan-sonra-bilmisem-ki-disimi-ceken-stomatoloq-deyilmis","status":"publish","type":"post","link":"https:\/\/www.meydan.tv\/az\/article\/cenemi-sindirandan-sonra-bilmisem-ki-disimi-ceken-stomatoloq-deyilmis\/","title":{"rendered":"\u201c\u00c7\u0259n\u0259mi s\u0131nd\u0131randan sonra bilmi\u015f\u0259m ki, di\u015fimi \u00e7\u0259k\u0259n stomatoloq deyilmi\u015f\u201d"},"content":{"rendered":"\n<p><\/p>\n\n\n\n<p><em>S\u0259nan \u018fhm\u0259dov iki ildir ki, di\u015f texnikind\u0259n v\u0259 \u00f6z\u0259l klinikan\u0131n sahibind\u0259n prokurorlu\u011fa \u015fikay\u0259t edib, amma\u2026<\/em><\/p>\n\n\n\n<p>\u201cDi\u015f \u00e7\u0259kimi zaman\u0131 \u00e7\u0259n\u0259min s\u0131nd\u0131r\u0131lmas\u0131 b\u0259lk\u0259 k\u0259nardan adi bir hadis\u0259 kimi g\u00f6r\u00fcn\u0259 bil\u0259r. Ancaq burda problem iki ildir ki, prokurorlu\u011fun maddi mara\u011fa g\u00f6r\u0259 bir di\u015f texnikini, ki\u00e7ik bir di\u015f kabinetinin sahibini nec\u0259 himay\u0259 etm\u0259sind\u0259dir. Bacard\u0131n- bacarmad\u0131n, al \u0259lin\u0259 k\u0259lb\u0259tini, adamlar\u0131n \u00e7\u0259n\u0259sini yerind\u0259n \u00e7\u0131xart, prokuroru \u201cg\u00f6r\u201d, s\u0259n\u0259 g\u00f6z\u00fcn \u00fcst\u0259 qa\u015f\u0131n var, dey\u0259n olmayacaq\u201d.<\/p>\n\n\n\n<p>B\u0259rd\u0259 \u015f\u0259h\u0259r sakini S\u0259nan \u018fhm\u0259dov Meydan TV-y\u0259 dan\u0131\u015f\u0131r ki, iki il \u0259vv\u0259l B\u0259rd\u0259d\u0259ki \u00f6z\u0259l klinikalardan birind\u0259 di\u015f \u00e7\u0259kdir\u0259rk\u0259n \u00e7\u0259n\u0259 s\u00fcm\u00fcy\u00fcn\u00fc s\u0131nd\u0131r\u0131blar:<\/p>\n\n\n\n<p>\u201cH\u0259s\u0259n M\u0259mm\u0259dov di\u015f texniki imi\u015f, \u00e7\u0259n\u0259mi s\u0131nd\u0131randan sonra bilmi\u015f\u0259m. Bir d\u0259f\u0259 \u00e7\u0259n\u0259mi \u0259m\u0259liyyat edibl\u0259r, \u00e7\u0259n\u0259md\u0259 yen\u0259 \u0259m\u0259liyyat apar\u0131lmal\u0131d\u0131r, art\u0131q \u00e7\u0259n\u0259 nahiy\u0259md\u0259ki problem burnuma da f\u0259sad verib. \u00dcz nahiy\u0259m\u0259 s\u00fcm\u00fck k\u00f6\u00e7\u00fcr\u00fclm\u0259lidir, y\u0259ni bel\u0259 bir ciddi f\u0259sadlarla qar\u015f\u0131la\u015fm\u0131\u015fam. \u0130ki ildir ki, m\u0259ni bu v\u0259ziyy\u0259t\u0259 salan adam c\u0259zas\u0131z qal\u0131b. Prokurorluqla m\u0259hk\u0259m\u0259 aras\u0131nda qalm\u0131\u015fam\u201d.<\/p>\n\n\n\n<p>\u0130ki ildir ki, h\u0259m bunu ed\u0259n h\u0259kimin c\u0259zaland\u0131r\u0131lmas\u0131n\u0131 t\u0259l\u0259b etm\u0259kl\u0259, h\u0259m d\u0259 \u00e7\u0259n\u0259sinin s\u0131nmas\u0131 s\u0259b\u0259bind\u0259n yaranm\u0131\u015f f\u0259sadlar\u0131 aradan qald\u0131rmaqla m\u0259\u015f\u011fuldur. Ancaq h\u00fcquq-m\u00fchafiz\u0259 orqanlar\u0131na v\u0259 m\u0259hk\u0259m\u0259y\u0259 etdiyi m\u00fcraci\u0259tl\u0259r n\u0259tic\u0259siz qal\u0131b:<\/p>\n\n\n\n<p>\u201cB\u0259rd\u0259 Rayon Prokurorlu\u011fu hans\u0131sa maraqlardan klinikan\u0131n sahibi Ya\u015far Babayev\u0259, di\u015f texniki H\u0259s\u0259n M\u0259mm\u0259dova az qala v\u0259killik edir. Sa\u011flaml\u0131\u011f\u0131ma z\u0259r\u0259r d\u0259yib, h\u0259l\u0259 d\u0259 f\u0259sadlar\u0131n\u0131 ya\u015fay\u0131ram, prokurorluqda deyirl\u0259r, bir \u00e7\u0259n\u0259yl\u0259 s\u0259n\u0259 n\u0259 olacaq ki? Halbuki, m\u0259nim \u015fikay\u0259tim h\u0259m d\u0259 di\u015f texnikinin stomotoloqluqla m\u0259\u015f\u011ful olmas\u0131ndand\u0131r. Deyir\u0259m, ax\u0131, bu adam\u0131n di\u015f \u00e7\u0259km\u0259k kimi v\u0259zif\u0259si yoxdur, di\u015f \u00e7\u0259km\u0259k \u00fc\u00e7\u00fcn g\u0259r\u0259k ali tibbi savad\u0131 olsun, sizin yana\u015fman\u0131zdan bel\u0259 \u00e7\u0131x\u0131r ki, h\u0259r yoldan ke\u00e7\u0259n \u0259lin\u0259 bir k\u0259lb\u0259tin al\u0131b adamlar\u0131n \u00e7\u0259n\u0259sini s\u0131nd\u0131ra bil\u0259r? \u00dcst\u0259lik d\u0259, m\u0259nim t\u0259kc\u0259 \u00e7\u0259n\u0259m s\u0131nsayd\u0131, n\u0259 vard\u0131 ki, adam m\u0259ni el\u0259 g\u00fcn\u0259 sal\u0131b ki, iki ildir m\u00fcalic\u0259l\u0259r d\u0259 k\u00f6m\u0259k olmur. \u00c7\u0259n\u0259mi \u0259m\u0259liyyat ed\u0259n c\u0259rrah deyir, bunun f\u0259sad\u0131 h\u0259mi\u015f\u0259lik qalacaq. \u0130ndi d\u0259 burnum \u015fi\u015fib, burnumdak\u0131 t\u0259n\u0259ff\u00fcs yollar\u0131 qapan\u0131b, n\u0259f\u0259s ala bilmir\u0259m. \u00dcz nahiy\u0259m\u0259 s\u00fcm\u00fck k\u00f6\u00e7\u00fcr\u00fclm\u0259lidir. \u00c7\u0259n\u0259md\u0259 yen\u0259 \u0259m\u0259liyyatlar apar\u0131lmal\u0131d\u0131r\u201d.<\/p>\n\n\n\n<figure class=\"wp-block-image size-large\"><img decoding=\"async\" width=\"738\" height=\"821\" data-src=\"https:\/\/www.meydan.tv\/wp-content\/uploads\/photo-2022-06-08-14-44-12-738x821.jpg\" alt=\"\" class=\"wp-image-247809 lazyload\" src=\"data:image\/svg+xml;base64,PHN2ZyB3aWR0aD0iMSIgaGVpZ2h0PSIxIiB4bWxucz0iaHR0cDovL3d3dy53My5vcmcvMjAwMC9zdmciPjwvc3ZnPg==\" style=\"--smush-placeholder-width: 738px; --smush-placeholder-aspect-ratio: 738\/821;\" \/><figcaption>B\u0259rd\u0259 Rayon Prokurorlu\u011funun cavab m\u0259ktubu<\/figcaption><\/figure>\n\n\n\n<p>El\u0259 S\u0259nan \u018fhm\u0259dov da bir ne\u00e7\u0259 d\u0259f\u0259 ekspertizadan ke\u00e7diyini deyir. Ancaq h\u0259m d\u0259 \u0259lav\u0259 edir ki, h\u0259r d\u0259f\u0259 r\u0259yl\u0259r saxtala\u015fd\u0131r\u0131l\u0131b. Haz\u0131rda o, yen\u0259 prokurorlu\u011fa m\u00fcraci\u0259t edib v\u0259 \u00e7\u0259n\u0259sind\u0259ki v\u0259ziyy\u0259tl\u0259 ba\u011fl\u0131 r\u0259y al\u0131nmas\u0131 \u00fc\u00e7\u00fcn B\u0259rd\u0259 Rayon M\u0259rk\u0259zi X\u0259st\u0259xanas\u0131na g\u00f6nd\u0259rilib. Ancaq deyir, yen\u0259 \u0259vv\u0259lki kimi saxtakarl\u0131qlarla \u00fczl\u0259\u015fib:<\/p>\n\n\n\n<p>\u201cRentgenoloq R\u00fcst\u0259m S\u00fcleymanov \u00e7\u0259n\u0259mi \u00e7\u0259km\u0259kd\u0259n ba\u015f\u0131m\u0131 \u00e7\u0259kib. Demi\u015f\u0259m ki, m\u0259ni \u00e7\u0259n\u0259y\u0259 g\u00f6r\u0259 g\u00f6nd\u0259ribl\u0259r s\u0259nin yan\u0131na. Deyir, aparat \u00e7\u0259n\u0259 \u00e7\u0259kmir. Dedim, \u00e7\u0259kmir, yaz ki, \u00e7\u0259kmir, m\u0259ni ba\u015fqa yer\u0259 g\u00f6nd\u0259rsin prokurorluq. Dedi, el\u0259 \u015fey ed\u0259 bilm\u0259r\u0259m, m\u0259n\u0259 nec\u0259 deyibl\u0259rs\u0259, el\u0259 etm\u0259liy\u0259m, g\u00f6t\u00fcr\u00fcb yazd\u0131 ki, \u00e7\u0259n\u0259d\u0259 problem yoxdur\u201d.<\/p>\n\n\n\n<p>B\u0259rd\u0259 Rayon Prokurorlu\u011fundan Meydan TV-y\u0259 bildirilib ki, S\u0259nan \u018fhm\u0259dovun \u015fikay\u0259tl\u0259ri d\u0259f\u0259l\u0259rl\u0259 ara\u015fd\u0131r\u0131l\u0131b, eksperiza t\u0259yin olunub. M\u00fc\u0259yy\u0259n edilib ki, di\u015f \u00e7\u0259kimi tibbi qaydalara tam \u0259m\u0259l olunmaqla ba\u015f verib, hadis\u0259d\u0259 cinay\u0259t t\u0259rkibi m\u00fc\u0259yy\u0259n edilm\u0259diyind\u0259n cinay\u0259t i\u015fi ba\u015flanmas\u0131 r\u0259dd edilib. 2020-ci ilin sonunda h\u0259min stomotoloji kabinetin sahibi, h\u0259kim-stomatoloq Ya\u015far Babayevin \u0130nzibati X\u0259talar M\u0259c\u0259ll\u0259sinin 215.1 (Sa\u011flaml\u0131\u011f\u0131n qorunmas\u0131 sah\u0259sind\u0259 v\u0259t\u0259nda\u015flar\u0131n h\u00fcquqlar\u0131n\u0131n pozulmas\u0131) madd\u0259siyl\u0259 inzibati x\u0259ta haqq\u0131nda i\u015f \u00fczr\u0259 icraat ba\u015flay\u0131b, bax\u0131lmas\u0131 \u00fc\u00e7\u00fcn S\u0259hiyy\u0259 Nazirliyin\u0259 g\u00f6nd\u0259rilib. O, 800 manat c\u0259rim\u0259l\u0259nib.<\/p>\n\n\n\n<p>B\u0259rd\u0259 Rayon M\u0259rk\u0259zi X\u0259st\u0259xanas\u0131ndan is\u0259 bildirilib ki, S\u0259nan \u018fhm\u0259dovun rentgenoloqla ba\u011fl\u0131 dedikl\u0259ri ara\u015fd\u0131r\u0131lacaq.<\/p>\n","protected":false},"excerpt":{"rendered":"<p>S\u0259nan \u018fhm\u0259dov iki ildir ki, di\u015f texnikind\u0259n v\u0259 \u00f6z\u0259l klinikan\u0131n &#8230; <\/p>\n<p class=\"read-more-container\"><a title=\"\u201c\u00c7\u0259n\u0259mi s\u0131nd\u0131randan sonra bilmi\u015f\u0259m ki, di\u015fimi \u00e7\u0259k\u0259n stomatoloq deyilmi\u015f\u201d\" class=\"read-more button\" href=\"https:\/\/www.meydan.tv\/az\/article\/cenemi-sindirandan-sonra-bilmisem-ki-disimi-ceken-stomatoloq-deyilmis\/#more-247804\" aria-label=\"Read more about \u201c\u00c7\u0259n\u0259mi s\u0131nd\u0131randan sonra bilmi\u015f\u0259m ki, di\u015fimi \u00e7\u0259k\u0259n stomatoloq deyilmi\u015f\u201d\">Davam\u0131<\/a><\/p>\n","protected":false},"author":8,"featured_media":247806,"comment_status":"closed","ping_status":"closed","sticky":false,"template":"","format":"standard","meta":{"_acf_changed":false,"_sitemap_exclude":false,"_sitemap_priority":"","_sitemap_frequency":"","footnotes":""},"categories":[60,56],"tags":[],"class_list":["post-247804","post","type-post","status-publish","format-standard","has-post-thumbnail","hentry","category-bolge","category-xeberler","infinite-scroll-item","generate-columns","tablet-grid-50","mobile-grid-100","grid-parent","grid-33","no-featured-image-padding"],"acf":[],"yoast_head":"<!-- This site is optimized with the Yoast SEO plugin v27.5 - https:\/\/yoast.com\/product\/yoast-seo-wordpress\/ -->\n<title>\u201c\u00c7\u0259n\u0259mi s\u0131nd\u0131randan sonra bilmi\u015f\u0259m ki, di\u015fimi \u00e7\u0259k\u0259n stomatoloq deyilmi\u015f\u201d - MEYDAN.TV<\/title>\n<meta name=\"robots\" content=\"index, follow, max-snippet:-1, max-image-preview:large, max-video-preview:-1\" \/>\n<link rel=\"canonical\" href=\"https:\/\/www.meydan.tv\/az\/article\/cenemi-sindirandan-sonra-bilmisem-ki-disimi-ceken-stomatoloq-deyilmis\/\" \/>\n<meta property=\"og:locale\" content=\"az_AZ\" \/>\n<meta property=\"og:type\" content=\"article\" \/>\n<meta property=\"og:title\" content=\"\u201c\u00c7\u0259n\u0259mi s\u0131nd\u0131randan sonra bilmi\u015f\u0259m ki, di\u015fimi \u00e7\u0259k\u0259n stomatoloq deyilmi\u015f\u201d - MEYDAN.TV\" \/>\n<meta property=\"og:description\" content=\"S\u0259nan \u018fhm\u0259dov iki ildir ki, di\u015f texnikind\u0259n v\u0259 \u00f6z\u0259l klinikan\u0131n ... Davam\u0131\" \/>\n<meta property=\"og:url\" content=\"https:\/\/www.meydan.tv\/az\/article\/cenemi-sindirandan-sonra-bilmisem-ki-disimi-ceken-stomatoloq-deyilmis\/\" \/>\n<meta property=\"og:site_name\" content=\"MEYDAN.TV\" \/>\n<meta property=\"article:published_time\" content=\"2022-06-08T12:21:41+00:00\" \/>\n<meta property=\"article:modified_time\" content=\"2022-06-08T12:21:44+00:00\" \/>\n<meta property=\"og:image\" content=\"https:\/\/www.meydan.tv\/wp-content\/uploads\/p027f4dq.jpg\" \/>\n\t<meta property=\"og:image:width\" content=\"1200\" \/>\n\t<meta property=\"og:image:height\" content=\"675\" \/>\n\t<meta property=\"og:image:type\" content=\"image\/jpeg\" \/>\n<meta name=\"author\" content=\"elli\" \/>\n<meta name=\"twitter:card\" content=\"summary_large_image\" \/>\n<meta name=\"twitter:creator\" content=\"@elli\" \/>\n<script type=\"application\/ld+json\" class=\"yoast-schema-graph\">{\"@context\":\"https:\\\/\\\/schema.org\",\"@graph\":[{\"@type\":\"Article\",\"@id\":\"https:\\\/\\\/www.meydan.tv\\\/az\\\/article\\\/cenemi-sindirandan-sonra-bilmisem-ki-disimi-ceken-stomatoloq-deyilmis\\\/#article\",\"isPartOf\":{\"@id\":\"https:\\\/\\\/www.meydan.tv\\\/az\\\/article\\\/cenemi-sindirandan-sonra-bilmisem-ki-disimi-ceken-stomatoloq-deyilmis\\\/\"},\"author\":{\"name\":\"elli\",\"@id\":\"https:\\\/\\\/www.meydan.tv\\\/az\\\/#\\\/schema\\\/person\\\/9cdbecf90d17180ce1dfbd95b08dcf47\"},\"headline\":\"\u201c\u00c7\u0259n\u0259mi s\u0131nd\u0131randan sonra bilmi\u015f\u0259m ki, di\u015fimi \u00e7\u0259k\u0259n stomatoloq deyilmi\u015f\u201d\",\"datePublished\":\"2022-06-08T12:21:41+00:00\",\"dateModified\":\"2022-06-08T12:21:44+00:00\",\"mainEntityOfPage\":{\"@id\":\"https:\\\/\\\/www.meydan.tv\\\/az\\\/article\\\/cenemi-sindirandan-sonra-bilmisem-ki-disimi-ceken-stomatoloq-deyilmis\\\/\"},\"wordCount\":840,\"publisher\":{\"@id\":\"https:\\\/\\\/www.meydan.tv\\\/az\\\/#organization\"},\"image\":{\"@id\":\"https:\\\/\\\/www.meydan.tv\\\/az\\\/article\\\/cenemi-sindirandan-sonra-bilmisem-ki-disimi-ceken-stomatoloq-deyilmis\\\/#primaryimage\"},\"thumbnailUrl\":\"https:\\\/\\\/www.meydan.tv\\\/wp-content\\\/uploads\\\/p027f4dq.jpg\",\"articleSection\":[\"B\u00f6lg\u0259\",\"X\u0259b\u0259rl\u0259r\"],\"inLanguage\":\"az\"},{\"@type\":\"WebPage\",\"@id\":\"https:\\\/\\\/www.meydan.tv\\\/az\\\/article\\\/cenemi-sindirandan-sonra-bilmisem-ki-disimi-ceken-stomatoloq-deyilmis\\\/\",\"url\":\"https:\\\/\\\/www.meydan.tv\\\/az\\\/article\\\/cenemi-sindirandan-sonra-bilmisem-ki-disimi-ceken-stomatoloq-deyilmis\\\/\",\"name\":\"\u201c\u00c7\u0259n\u0259mi s\u0131nd\u0131randan sonra bilmi\u015f\u0259m ki, di\u015fimi \u00e7\u0259k\u0259n stomatoloq deyilmi\u015f\u201d - MEYDAN.TV\",\"isPartOf\":{\"@id\":\"https:\\\/\\\/www.meydan.tv\\\/az\\\/#website\"},\"primaryImageOfPage\":{\"@id\":\"https:\\\/\\\/www.meydan.tv\\\/az\\\/article\\\/cenemi-sindirandan-sonra-bilmisem-ki-disimi-ceken-stomatoloq-deyilmis\\\/#primaryimage\"},\"image\":{\"@id\":\"https:\\\/\\\/www.meydan.tv\\\/az\\\/article\\\/cenemi-sindirandan-sonra-bilmisem-ki-disimi-ceken-stomatoloq-deyilmis\\\/#primaryimage\"},\"thumbnailUrl\":\"https:\\\/\\\/www.meydan.tv\\\/wp-content\\\/uploads\\\/p027f4dq.jpg\",\"datePublished\":\"2022-06-08T12:21:41+00:00\",\"dateModified\":\"2022-06-08T12:21:44+00:00\",\"breadcrumb\":{\"@id\":\"https:\\\/\\\/www.meydan.tv\\\/az\\\/article\\\/cenemi-sindirandan-sonra-bilmisem-ki-disimi-ceken-stomatoloq-deyilmis\\\/#breadcrumb\"},\"inLanguage\":\"az\",\"potentialAction\":[{\"@type\":\"ReadAction\",\"target\":[\"https:\\\/\\\/www.meydan.tv\\\/az\\\/article\\\/cenemi-sindirandan-sonra-bilmisem-ki-disimi-ceken-stomatoloq-deyilmis\\\/\"]}]},{\"@type\":\"ImageObject\",\"inLanguage\":\"az\",\"@id\":\"https:\\\/\\\/www.meydan.tv\\\/az\\\/article\\\/cenemi-sindirandan-sonra-bilmisem-ki-disimi-ceken-stomatoloq-deyilmis\\\/#primaryimage\",\"url\":\"https:\\\/\\\/www.meydan.tv\\\/wp-content\\\/uploads\\\/p027f4dq.jpg\",\"contentUrl\":\"https:\\\/\\\/www.meydan.tv\\\/wp-content\\\/uploads\\\/p027f4dq.jpg\",\"width\":1200,\"height\":675,\"caption\":\"\u015e\u0259rti \u015f\u0259kil. M\u0259nb\u0259:BBC\"},{\"@type\":\"BreadcrumbList\",\"@id\":\"https:\\\/\\\/www.meydan.tv\\\/az\\\/article\\\/cenemi-sindirandan-sonra-bilmisem-ki-disimi-ceken-stomatoloq-deyilmis\\\/#breadcrumb\",\"itemListElement\":[{\"@type\":\"ListItem\",\"position\":1,\"name\":\"Ana s\u0259hif\u0259\",\"item\":\"https:\\\/\\\/www.meydan.tv\\\/az\\\/\"},{\"@type\":\"ListItem\",\"position\":2,\"name\":\"B\u00f6lg\u0259\",\"item\":\"https:\\\/\\\/www.meydan.tv\\\/az\\\/section\\\/bolge\\\/\"},{\"@type\":\"ListItem\",\"position\":3,\"name\":\"\u201c\u00c7\u0259n\u0259mi s\u0131nd\u0131randan sonra bilmi\u015f\u0259m ki, di\u015fimi \u00e7\u0259k\u0259n stomatoloq deyilmi\u015f\u201d\"}]},{\"@type\":\"WebSite\",\"@id\":\"https:\\\/\\\/www.meydan.tv\\\/az\\\/#website\",\"url\":\"https:\\\/\\\/www.meydan.tv\\\/az\\\/\",\"name\":\"MEYDAN.TV\",\"description\":\"Meydan TV Az\u0259rbaycan\u0131n media m\u0259kan\u0131ndak\u0131 alternativ s\u0259sidir\",\"publisher\":{\"@id\":\"https:\\\/\\\/www.meydan.tv\\\/az\\\/#organization\"},\"potentialAction\":[{\"@type\":\"SearchAction\",\"target\":{\"@type\":\"EntryPoint\",\"urlTemplate\":\"https:\\\/\\\/www.meydan.tv\\\/az\\\/?s={search_term_string}\"},\"query-input\":{\"@type\":\"PropertyValueSpecification\",\"valueRequired\":true,\"valueName\":\"search_term_string\"}}],\"inLanguage\":\"az\"},{\"@type\":\"Organization\",\"@id\":\"https:\\\/\\\/www.meydan.tv\\\/az\\\/#organization\",\"name\":\"Meydan TV\",\"url\":\"https:\\\/\\\/www.meydan.tv\\\/az\\\/\",\"logo\":{\"@type\":\"ImageObject\",\"inLanguage\":\"az\",\"@id\":\"https:\\\/\\\/www.meydan.tv\\\/az\\\/#\\\/schema\\\/logo\\\/image\\\/\",\"url\":\"https:\\\/\\\/www.meydan.tv\\\/wp-content\\\/uploads\\\/2021\\\/07\\\/meydan-logo.svg\",\"contentUrl\":\"https:\\\/\\\/www.meydan.tv\\\/wp-content\\\/uploads\\\/2021\\\/07\\\/meydan-logo.svg\",\"width\":195,\"height\":46,\"caption\":\"Meydan TV\"},\"image\":{\"@id\":\"https:\\\/\\\/www.meydan.tv\\\/az\\\/#\\\/schema\\\/logo\\\/image\\\/\"}},{\"@type\":\"Person\",\"@id\":\"https:\\\/\\\/www.meydan.tv\\\/az\\\/#\\\/schema\\\/person\\\/9cdbecf90d17180ce1dfbd95b08dcf47\",\"name\":\"elli\",\"sameAs\":[\"https:\\\/\\\/x.com\\\/elli\"]}]}<\/script>\n<!-- \/ Yoast SEO plugin. -->","yoast_head_json":{"title":"\u201c\u00c7\u0259n\u0259mi s\u0131nd\u0131randan sonra bilmi\u015f\u0259m ki, di\u015fimi \u00e7\u0259k\u0259n stomatoloq deyilmi\u015f\u201d - MEYDAN.TV","robots":{"index":"index","follow":"follow","max-snippet":"max-snippet:-1","max-image-preview":"max-image-preview:large","max-video-preview":"max-video-preview:-1"},"canonical":"https:\/\/www.meydan.tv\/az\/article\/cenemi-sindirandan-sonra-bilmisem-ki-disimi-ceken-stomatoloq-deyilmis\/","og_locale":"az_AZ","og_type":"article","og_title":"\u201c\u00c7\u0259n\u0259mi s\u0131nd\u0131randan sonra bilmi\u015f\u0259m ki, di\u015fimi \u00e7\u0259k\u0259n stomatoloq deyilmi\u015f\u201d - MEYDAN.TV","og_description":"S\u0259nan \u018fhm\u0259dov iki ildir ki, di\u015f texnikind\u0259n v\u0259 \u00f6z\u0259l klinikan\u0131n ... Davam\u0131","og_url":"https:\/\/www.meydan.tv\/az\/article\/cenemi-sindirandan-sonra-bilmisem-ki-disimi-ceken-stomatoloq-deyilmis\/","og_site_name":"MEYDAN.TV","article_published_time":"2022-06-08T12:21:41+00:00","article_modified_time":"2022-06-08T12:21:44+00:00","og_image":[{"width":1200,"height":675,"url":"https:\/\/www.meydan.tv\/wp-content\/uploads\/p027f4dq.jpg","type":"image\/jpeg"}],"author":"elli","twitter_card":"summary_large_image","twitter_creator":"@elli","schema":{"@context":"https:\/\/schema.org","@graph":[{"@type":"Article","@id":"https:\/\/www.meydan.tv\/az\/article\/cenemi-sindirandan-sonra-bilmisem-ki-disimi-ceken-stomatoloq-deyilmis\/#article","isPartOf":{"@id":"https:\/\/www.meydan.tv\/az\/article\/cenemi-sindirandan-sonra-bilmisem-ki-disimi-ceken-stomatoloq-deyilmis\/"},"author":{"name":"elli","@id":"https:\/\/www.meydan.tv\/az\/#\/schema\/person\/9cdbecf90d17180ce1dfbd95b08dcf47"},"headline":"\u201c\u00c7\u0259n\u0259mi s\u0131nd\u0131randan sonra bilmi\u015f\u0259m ki, di\u015fimi \u00e7\u0259k\u0259n stomatoloq deyilmi\u015f\u201d","datePublished":"2022-06-08T12:21:41+00:00","dateModified":"2022-06-08T12:21:44+00:00","mainEntityOfPage":{"@id":"https:\/\/www.meydan.tv\/az\/article\/cenemi-sindirandan-sonra-bilmisem-ki-disimi-ceken-stomatoloq-deyilmis\/"},"wordCount":840,"publisher":{"@id":"https:\/\/www.meydan.tv\/az\/#organization"},"image":{"@id":"https:\/\/www.meydan.tv\/az\/article\/cenemi-sindirandan-sonra-bilmisem-ki-disimi-ceken-stomatoloq-deyilmis\/#primaryimage"},"thumbnailUrl":"https:\/\/www.meydan.tv\/wp-content\/uploads\/p027f4dq.jpg","articleSection":["B\u00f6lg\u0259","X\u0259b\u0259rl\u0259r"],"inLanguage":"az"},{"@type":"WebPage","@id":"https:\/\/www.meydan.tv\/az\/article\/cenemi-sindirandan-sonra-bilmisem-ki-disimi-ceken-stomatoloq-deyilmis\/","url":"https:\/\/www.meydan.tv\/az\/article\/cenemi-sindirandan-sonra-bilmisem-ki-disimi-ceken-stomatoloq-deyilmis\/","name":"\u201c\u00c7\u0259n\u0259mi s\u0131nd\u0131randan sonra bilmi\u015f\u0259m ki, di\u015fimi \u00e7\u0259k\u0259n stomatoloq deyilmi\u015f\u201d - MEYDAN.TV","isPartOf":{"@id":"https:\/\/www.meydan.tv\/az\/#website"},"primaryImageOfPage":{"@id":"https:\/\/www.meydan.tv\/az\/article\/cenemi-sindirandan-sonra-bilmisem-ki-disimi-ceken-stomatoloq-deyilmis\/#primaryimage"},"image":{"@id":"https:\/\/www.meydan.tv\/az\/article\/cenemi-sindirandan-sonra-bilmisem-ki-disimi-ceken-stomatoloq-deyilmis\/#primaryimage"},"thumbnailUrl":"https:\/\/www.meydan.tv\/wp-content\/uploads\/p027f4dq.jpg","datePublished":"2022-06-08T12:21:41+00:00","dateModified":"2022-06-08T12:21:44+00:00","breadcrumb":{"@id":"https:\/\/www.meydan.tv\/az\/article\/cenemi-sindirandan-sonra-bilmisem-ki-disimi-ceken-stomatoloq-deyilmis\/#breadcrumb"},"inLanguage":"az","potentialAction":[{"@type":"ReadAction","target":["https:\/\/www.meydan.tv\/az\/article\/cenemi-sindirandan-sonra-bilmisem-ki-disimi-ceken-stomatoloq-deyilmis\/"]}]},{"@type":"ImageObject","inLanguage":"az","@id":"https:\/\/www.meydan.tv\/az\/article\/cenemi-sindirandan-sonra-bilmisem-ki-disimi-ceken-stomatoloq-deyilmis\/#primaryimage","url":"https:\/\/www.meydan.tv\/wp-content\/uploads\/p027f4dq.jpg","contentUrl":"https:\/\/www.meydan.tv\/wp-content\/uploads\/p027f4dq.jpg","width":1200,"height":675,"caption":"\u015e\u0259rti \u015f\u0259kil. M\u0259nb\u0259:BBC"},{"@type":"BreadcrumbList","@id":"https:\/\/www.meydan.tv\/az\/article\/cenemi-sindirandan-sonra-bilmisem-ki-disimi-ceken-stomatoloq-deyilmis\/#breadcrumb","itemListElement":[{"@type":"ListItem","position":1,"name":"Ana s\u0259hif\u0259","item":"https:\/\/www.meydan.tv\/az\/"},{"@type":"ListItem","position":2,"name":"B\u00f6lg\u0259","item":"https:\/\/www.meydan.tv\/az\/section\/bolge\/"},{"@type":"ListItem","position":3,"name":"\u201c\u00c7\u0259n\u0259mi s\u0131nd\u0131randan sonra bilmi\u015f\u0259m ki, di\u015fimi \u00e7\u0259k\u0259n stomatoloq deyilmi\u015f\u201d"}]},{"@type":"WebSite","@id":"https:\/\/www.meydan.tv\/az\/#website","url":"https:\/\/www.meydan.tv\/az\/","name":"MEYDAN.TV","description":"Meydan TV Az\u0259rbaycan\u0131n media m\u0259kan\u0131ndak\u0131 alternativ s\u0259sidir","publisher":{"@id":"https:\/\/www.meydan.tv\/az\/#organization"},"potentialAction":[{"@type":"SearchAction","target":{"@type":"EntryPoint","urlTemplate":"https:\/\/www.meydan.tv\/az\/?s={search_term_string}"},"query-input":{"@type":"PropertyValueSpecification","valueRequired":true,"valueName":"search_term_string"}}],"inLanguage":"az"},{"@type":"Organization","@id":"https:\/\/www.meydan.tv\/az\/#organization","name":"Meydan TV","url":"https:\/\/www.meydan.tv\/az\/","logo":{"@type":"ImageObject","inLanguage":"az","@id":"https:\/\/www.meydan.tv\/az\/#\/schema\/logo\/image\/","url":"https:\/\/www.meydan.tv\/wp-content\/uploads\/2021\/07\/meydan-logo.svg","contentUrl":"https:\/\/www.meydan.tv\/wp-content\/uploads\/2021\/07\/meydan-logo.svg","width":195,"height":46,"caption":"Meydan TV"},"image":{"@id":"https:\/\/www.meydan.tv\/az\/#\/schema\/logo\/image\/"}},{"@type":"Person","@id":"https:\/\/www.meydan.tv\/az\/#\/schema\/person\/9cdbecf90d17180ce1dfbd95b08dcf47","name":"elli","sameAs":["https:\/\/x.com\/elli"]}]}},"_links":{"self":[{"href":"https:\/\/www.meydan.tv\/az\/wp-json\/wp\/v2\/posts\/247804","targetHints":{"allow":["GET"]}}],"collection":[{"href":"https:\/\/www.meydan.tv\/az\/wp-json\/wp\/v2\/posts"}],"about":[{"href":"https:\/\/www.meydan.tv\/az\/wp-json\/wp\/v2\/types\/post"}],"author":[{"embeddable":true,"href":"https:\/\/www.meydan.tv\/az\/wp-json\/wp\/v2\/users\/8"}],"replies":[{"embeddable":true,"href":"https:\/\/www.meydan.tv\/az\/wp-json\/wp\/v2\/comments?post=247804"}],"version-history":[{"count":1,"href":"https:\/\/www.meydan.tv\/az\/wp-json\/wp\/v2\/posts\/247804\/revisions"}],"predecessor-version":[{"id":247812,"href":"https:\/\/www.meydan.tv\/az\/wp-json\/wp\/v2\/posts\/247804\/revisions\/247812"}],"wp:featuredmedia":[{"embeddable":true,"href":"https:\/\/www.meydan.tv\/az\/wp-json\/wp\/v2\/media\/247806"}],"wp:attachment":[{"href":"https:\/\/www.meydan.tv\/az\/wp-json\/wp\/v2\/media?parent=247804"}],"wp:term":[{"taxonomy":"category","embeddable":true,"href":"https:\/\/www.meydan.tv\/az\/wp-json\/wp\/v2\/categories?post=247804"},{"taxonomy":"post_tag","embeddable":true,"href":"https:\/\/www.meydan.tv\/az\/wp-json\/wp\/v2\/tags?post=247804"}],"curies":[{"name":"wp","href":"https:\/\/api.w.org\/{rel}","templated":true}]}}