{"id":247751,"date":"2022-06-08T14:14:20","date_gmt":"2022-06-08T10:14:20","guid":{"rendered":"https:\/\/www.meydan.tv\/?p=247751"},"modified":"2022-06-08T14:14:22","modified_gmt":"2022-06-08T10:14:22","slug":"avropa-mehkemesinin-azerbaycanla-bagli-qerarlari-muzakire-edilecek","status":"publish","type":"post","link":"https:\/\/www.meydan.tv\/az\/article\/avropa-mehkemesinin-azerbaycanla-bagli-qerarlari-muzakire-edilecek\/","title":{"rendered":"Avropa M\u0259hk\u0259m\u0259sinin Az\u0259rbaycanla ba\u011fl\u0131 q\u0259rarlar\u0131 m\u00fczakir\u0259 edil\u0259c\u0259k"},"content":{"rendered":"\n<p><\/p>\n\n\n\n<p><em>G\u00fcnd\u0259likd\u0259 iki qrup i\u015fi var: &#8220;X\u0259dic\u0259 \u0130smay\u0131lova&#8221; v\u0259 &#8220;Anar M\u0259mm\u0259dli qrupu&#8221;<\/em><\/p>\n\n\n\n<p>Avropa \u015euras\u0131 Nazirl\u0259r Komit\u0259si (A\u015e NK) iyunun 8-d\u0259 Avropa \u0130nsan H\u00fcquqlar\u0131 M\u0259hk\u0259m\u0259sinin (A\u0130HM) Az\u0259rbaycanla ba\u011fl\u0131 q\u0259rarlar\u0131n\u0131n icra durumunun m\u00fczakir\u0259sin\u0259 ba\u015flay\u0131b.<\/p>\n\n\n\n<p><em><strong>Az\u0259rbaycanla ba\u011fl\u0131 m\u00fczakir\u0259 edil\u0259c\u0259k q\u0259rarlar<\/strong><\/em><\/p>\n\n\n\n<p>H\u00fcquq\u015f\u00fcnas Xalid A\u011f\u0259li deyir ki, g\u00fcnd\u0259likd\u0259 iki qrup i\u015fi var: &#8220;X\u0259dic\u0259 \u0130smay\u0131lova&#8221; v\u0259 &#8220;Anar M\u0259mm\u0259dli qrupu&#8221;.<\/p>\n\n\n\n<p>Onun s\u00f6zl\u0259rin\u0259 g\u00f6r\u0259, h\u0259min qruplarda Az\u0259rbaycanla ba\u011fl\u0131 8 q\u0259rar\u0131n icras\u0131 n\u0259zar\u0259t alt\u0131ndad\u0131r: <\/p>\n\n\n\n<p>\u201cM\u00fczakir\u0259l\u0259rd\u0259n \u0259vv\u0259l Az\u0259rbaycan h\u00f6kum\u0259ti q\u0259rarlar\u0131n icra durumu il\u0259 ba\u011fl\u0131 t\u0259qdimat g\u00f6nd\u0259rib. T\u0259qdimatda t\u0259zminatlar\u0131n \u00f6d\u0259nilm\u0259si d\u0259 daxil olmaqla m\u00fcxt\u0259lif aspektl\u0259r\u0259 toxunulub. \u018fn diqq\u0259t\u00e7\u0259k\u0259nl\u0259rd\u0259n biri &#8220;Media haqq\u0131nda&#8221; Qanunla ba\u011fl\u0131d\u0131r\u201d.<\/p>\n\n\n\n<p><em><strong>\u201cMedia haqq\u0131nda\u201d Qanunun m\u00fczakir\u0259si<\/strong><\/em><\/p>\n\n\n\n<p>H\u00fcquq\u015f\u00fcnas qeyd edir ki, h\u00f6kum\u0259t n\u00fcmay\u0259nd\u0259l\u0259ri daim a\u00e7\u0131qlamalar\u0131nda yeni \u201cMedia haqq\u0131nda\u201d Qanunun median\u0131n m\u00fcst\u0259qilliyinin qorunmas\u0131na xidm\u0259t etdiyini bildirir: <\/p>\n\n\n\n<p>\u201cDeyirl\u0259r ki, qanunun m\u0259qs\u0259di yerli K\u0130V-in inki\u015faf\u0131n\u0131 stimulla\u015fd\u0131rmaq v\u0259 informasiya m\u00fchitinin r\u0259qab\u0259t qabiliyy\u0259tini art\u0131rmaqdan ibar\u0259tdir&#8221;.<\/p>\n\n\n\n<p>&#8220;Qanuna daxil edilmi\u015f m\u00fct\u0259r\u0259qqi m\u00fcdd\u0259alar say\u0259sind\u0259 \u00f6lk\u0259 m\u0259tbuat\u0131nda \u015f\u0259ffafl\u0131q v\u0259 v\u0259t\u0259nda\u015f m\u0259mnunlu\u011fu prinsipl\u0259rinin \u0259saslar\u0131n\u0131n t\u0259min edilm\u0259si, ictimaiyy\u0259tl\u0259 media aras\u0131nda qar\u015f\u0131l\u0131ql\u0131 etimad\u0131n m\u00f6hk\u0259ml\u0259ndirilm\u0259si n\u0259z\u0259rd\u0259 tutulur. \u018fslind\u0259 is\u0259 m\u00fcst\u0259qil media v\u0259 jurnalistl\u0259rin i\u015fin\u0259 \u0259ng\u0259l t\u00f6r\u0259tm\u0259kd\u0259n ibar\u0259tdir\u201d, &#8211; dey\u0259 o bildirib.<\/p>\n\n\n\n<p><em><strong>Hans\u0131 \u00f6lk\u0259l\u0259rl\u0259 ba\u011fl\u0131 v\u0259ziyy\u0259t m\u00fczakir\u0259 edil\u0259c\u0259k?<\/strong><\/em><\/p>\n\n\n\n<p>Bu g\u00fcn A\u015e NK-da icra durumu m\u00fczakir\u0259 edil\u0259c\u0259k q\u0259rarlar Az\u0259rbaycan, Bel\u00e7ika, Bosniya v\u0259 Herseqovina, Bolqar\u0131stan, Yunan\u0131stan, Macar\u0131stan, \u0130slandiya, \u0130taliya, Litva, Moldova, Hollandiya, Pol\u015fa, Rum\u0131niya, Rusiya Federasiyas\u0131, Slovakiya v\u0259 T\u00fcrkiy\u0259 il\u0259 <a href=\"https:\/\/aihmaz.org\/avropa-m%c9%99hk%c9%99m%c9%99sinin-az%c9%99rbaycanla-bagli-q%c9%99rarlarinin-icra-durumu-muzakir%c9%99-edilir-2\/\" target=\"_blank\" rel=\"noreferrer noopener\">ba\u011fl\u0131d\u0131r<\/a>.<\/p>\n\n\n\n<p>3 g\u00fcn davam ed\u0259c\u0259k toplant\u0131n\u0131n yekununda A\u015e NK m\u00fczakir\u0259 edil\u0259n q\u0259rarlar\u0131n icra durumu il\u0259 ba\u011fl\u0131 q\u0259tnam\u0259l\u0259rini elan ed\u0259c\u0259k.<\/p>\n\n\n\n<p><em><strong>&#8220;X\u0259dic\u0259 \u0130smay\u0131lova qrupu<\/strong><\/em><strong>&#8220;<\/strong><\/p>\n\n\n\n<p>&#8220;X\u0259dic\u0259 \u0130smay\u0131lova qrupu&#8221; \u00e7\u0259r\u00e7iv\u0259sind\u0259 A\u0130HM-in jurnalistin \u015fikay\u0259tl\u0259ri \u00fczr\u0259 q\u0259bul etdiyi 2 q\u0259rar\u0131n icras\u0131na n\u0259zar\u0259t edilir. H\u0259min q\u0259rarlar \u0259riz\u0259\u00e7inin jurnalist kimi f\u0259aliyy\u0259ti il\u0259 \u0259laq\u0259dar \u015f\u0259xsi toxunulmazl\u0131q v\u0259 ifad\u0259 azadl\u0131\u011f\u0131 h\u00fcquqlar\u0131n\u0131n pozuntusu (\u015f\u0259xsi g\u00f6r\u00fcnt\u00fcl\u0259rin yay\u0131lmas\u0131) il\u0259 ba\u011fl\u0131d\u0131r.<\/p>\n\n\n\n<p>Toplant\u0131dan \u0259vv\u0259l Az\u0259rbaycan h\u00f6kum\u0259ti q\u0259rarlar\u0131n icra durumu il\u0259 ba\u011fl\u0131 t\u0259qdimat\u0131nda A\u015e NK-ya bildirib ki, \u0259riz\u0259\u00e7iy\u0259 qar\u015f\u0131 cinay\u0259t\u0259 yol ver\u0259nl\u0259rin m\u00fchakim\u0259 edilm\u0259si m\u0259qs\u0259dil\u0259 h\u00f6kum\u0259t z\u0259ruri t\u0259dbirl\u0259ri g\u00f6r\u00fcb. Bel\u0259 ki, Ba\u015f Prokurorluq X\u0259dic\u0259 \u0130smay\u0131lovan\u0131n \u015fikay\u0259ti \u0259sas\u0131nda 2012-ci il mart\u0131n 15-d\u0259 Cinay\u0259t M\u0259c\u0259ll\u0259sinin 156.1-ci madd\u0259si il\u0259 cinay\u0259t i\u015fi ba\u015flad\u0131b, \u015f\u0259xsi g\u00f6r\u00fcnt\u00fcl\u0259ri yayanlar\u0131n m\u00fc\u0259yy\u0259n olunmas\u0131 m\u0259qs\u0259dil\u0259 m\u00fcmk\u00fcn olan add\u0131mlar at\u0131b.<\/p>\n\n\n\n<p>\u00c7oxsayl\u0131 istintaq v\u0259 \u0259m\u0259liyyat-axtar\u0131\u015f t\u0259dbirl\u0259rinin h\u0259yata ke\u00e7irilm\u0259sin\u0259 baxmayaraq, h\u0259min \u015f\u0259xsl\u0259ri m\u00fc\u0259yy\u0259nl\u0259\u015fdirm\u0259k m\u00fcmk\u00fcn olmad\u0131\u011f\u0131ndan, 2015-ci il avqusrun 17-d\u0259 cinay\u0259t i\u015fi \u00fczr\u0259 icraat dayand\u0131r\u0131l\u0131b.<\/p>\n\n\n\n<p>H\u00f6kum\u0259t h\u0259m\u00e7inin \u0259riz\u0259\u00e7iy\u0259 q\u0259rarlarda m\u00fc\u0259yy\u0259n edilmi\u015f t\u0259zminat m\u0259bl\u0259\u011fl\u0259rinin faizl\u0259ri d\u0259 hesablanmaqla \u00f6d\u0259nildiyini bildirib.<\/p>\n\n\n\n<p>Qrupa daxil olan q\u0259rarlarda \u00fcz\u0259 \u00e7\u0131xar\u0131lan \u00fcmumi probleml\u0259rin h\u0259lli il\u0259 ba\u011fl\u0131 h\u00f6kum\u0259t qeyd edir ki, jurnalistl\u0259rin \u015f\u0259xsi v\u0259 ail\u0259 h\u0259yatlar\u0131n\u0131n m\u00fcdafi\u0259si v\u0259 onlar\u0131n ifad\u0259 azadl\u0131\u011f\u0131 h\u00fcquqlar\u0131n\u0131 s\u0259rb\u0259st h\u0259yata ke\u00e7ir\u0259 bilm\u0259l\u0259ri m\u0259qs\u0259dil\u0259 z\u0259ruri add\u0131mlar at\u0131l\u0131b.<\/p>\n\n\n\n<p>Ara\u015fd\u0131rma\u00e7\u0131 jurnalist X\u0259dic\u0259 \u0130smay\u0131lova bu bar\u0259d\u0259 yazd\u0131\u011f\u0131 \u201cFacebook\u201d postunda bildirir ki, h\u00f6kum\u0259t n\u0259inki q\u0259rarlar\u0131n \u00fcmumi hiss\u0259si \u00fczr\u0259 he\u00e7 bir add\u0131m atm\u0131r, \u00fcst\u0259lik, v\u0259ziyy\u0259ti daha da pisl\u0259\u015fdirib.<\/p>\n\n\n\n<p>\u201c Bizim \u015f\u0259xsi h\u0259yat\u0131m\u0131za \u201cPegasus\u201dla m\u00fcdaxil\u0259 olunub, fiziki izl\u0259m\u0259 olub, evim\u0259 g\u0259lib ged\u0259n adamlar b\u0259z\u0259n DTX-ya \u00e7a\u011f\u0131r\u0131l\u0131b, onlara \u00e7u\u011fulluq t\u0259klif olunub. M\u0259nd\u0259n sonra ba\u015fqa adamlar\u0131 da video-\u015fantaj edibl\u0259r, onlar\u0131n da i\u015fi \u00fczr\u0259 ara\u015fd\u0131rma apar\u0131lmay\u0131b, m\u00fcxalifl\u0259rin telefonu dinl\u0259nilib v\u0259 s.<br>H\u00f6kum\u0259t NK-ya m\u00fcraci\u0259tind\u0259 bildirib ki, media haqda qanun q\u0259bul edib, h\u0259yat\u0131m\u0131z\u0131 y\u00fcng\u00fcll\u0259\u015fdiribl\u0259r. M\u0259n d\u0259 izah el\u0259mi\u015f\u0259m ki, yox, bu, \u0259n m\u00fcrt\u0259ce qanunlardan biridir. S\u0259b\u0259bini d\u0259 bildirmi\u015f\u0259m\u201d.<\/p>\n\n\n\n<p>Jurnalistin t\u0259l\u0259bi tam b\u0259ra\u0259t almaqd\u0131r. Ona qar\u015f\u0131 olan cinay\u0259tl\u0259rin ara\u015fd\u0131r\u0131lmas\u0131n\u0131, g\u00fcnahkarlar\u0131n c\u0259zas\u0131n\u0131 \u00e7\u0259km\u0259sini ist\u0259yir:<\/p>\n\n\n\n<p>\u201cBak\u0131 \u015e\u0259h\u0259r Prokurorlu\u011funda i\u015fimi aparan m\u00fcst\u0259ntiq indi Ba\u015f Prokurorluqda istintaqa n\u0259zar\u0259t idar\u0259sind\u0259 ba\u015f inspektor v\u0259zif\u0259sin\u0259 y\u00fcks\u0259lib. T\u0259s\u0259vv\u00fcr edirsiniz, haqq\u0131nda istintaq\u0131 saxtala\u015fd\u0131rd\u0131\u011f\u0131 bar\u0259d\u0259 m\u0259hk\u0259m\u0259 q\u0259rar\u0131 olan adam indi istintaqlara n\u0259zar\u0259t edir. Bir \u00e7ox m\u0259hk\u0259m\u0259 i\u015find\u0259, o c\u00fcml\u0259d\u0259n prokurorlu\u011fu t\u0259msil etmi\u015f Ramazan Had\u0131yev indi Beyl\u0259qan rayon prokurorudur. Yaz\u0131q beyl\u0259qanl\u0131lar\u201d.<br>X\u0259dic\u0259 \u0130smay\u0131l bildirib ki, Ba\u015f Prokurorlu\u011fun A\u011f\u0131r Cinay\u0259tl\u0259r\u0259 Dair \u0130\u015fl\u0259r \u00dczr\u0259 \u0130dar\u0259sind\u0259 \u00e7al\u0131\u015fan S\u0259nan Pa\u015fayev d\u0259 i\u015find\u0259 y\u00fcks\u0259lib. Haz\u0131rda b\u00f6y\u00fck m\u00fcst\u0259ntiqdir v\u0259 bu siyah\u0131n\u0131 uzatmaq olar:<\/p>\n\n\n\n<p>\u201cS\u0259nan Pa\u015fayevin m\u0259ni prokurorlu\u011fa \u00e7a\u011f\u0131r\u0131b, biz\u0259 m\u00fcnasib\u0259tiniz d\u0259yi\u015fibs\u0259, b\u0259ra\u0259t t\u0259\u015f\u0259bb\u00fcs\u00fc qald\u0131ra bil\u0259rik t\u0259klifini d\u0259 yazd\u0131m A\u015e-na m\u0259ktubumda. M\u00fcnasib\u0259timin d\u0259yi\u015fm\u0259sini m\u0259n d\u0259 ist\u0259yir\u0259m. Kim ist\u0259r ki, \u00f6z \u00f6lk\u0259sind\u0259 d\u00f6vl\u0259t strukturlar\u0131ndan bel\u0259 b\u0259dg\u00fcman olsun. Amma d\u00fcz\u0259lsinl\u0259r ki, biz d\u0259 b\u0259dg\u00fcman olmayaq\u201d.<\/p>\n\n\n\n<p><em><strong>\u201cMedia haqq\u0131nda\u201d Qanun h\u00f6kum\u0259tin t\u0259qdimat\u0131nda<\/strong><\/em><\/p>\n\n\n\n<p>H\u00f6kum\u0259tin t\u0259qdimat\u0131nda \u201cMedia haqq\u0131nda\u201d Qanunun q\u0259bul edilm\u0259sind\u0259n b\u0259hs edilir. Bu qanunun jurnalist azadl\u0131\u011f\u0131ndan yararlanmaq \u00fc\u00e7\u00fcn geni\u015f imkanlar a\u00e7d\u0131\u011f\u0131 ifad\u0259 edilir.<\/p>\n\n\n\n<p>H\u00f6kum\u0259t t\u0259qdimat\u0131nda yaz\u0131r: \u201c\u201cMedia haqq\u0131nda\u201d Qanun d\u00f6vl\u0259tin s\u00f6z v\u0259 m\u0259tbuat azadl\u0131\u011f\u0131 sah\u0259sind\u0259 yeni h\u0259d\u0259fl\u0259rinin m\u00fc\u0259yy\u0259nl\u0259\u015fdirilm\u0259sin\u0259, onun iqtisadi bazas\u0131n\u0131n, kadr potensial\u0131n\u0131n v\u0259 pe\u015f\u0259karl\u0131\u011f\u0131n\u0131n art\u0131r\u0131lmas\u0131na, median\u0131n m\u00fcst\u0259qilliyinin qorunmas\u0131na xidm\u0259t edir. Qanunun m\u0259qs\u0259di daxili informasiya m\u0259kan\u0131n\u0131n t\u0259hl\u00fck\u0259sizliyini t\u0259min etm\u0259k v\u0259 ictimaiyy\u0259t\u0259 obyektiv v\u0259 pe\u015f\u0259kar \u015f\u0259kild\u0259 xidm\u0259t etm\u0259k \u00fc\u00e7\u00fcn median\u0131n f\u0259aliyy\u0259tini stimulla\u015fd\u0131rmaqla yerli K\u0130V-in inki\u015faf\u0131n\u0131 stimulla\u015fd\u0131rmaq v\u0259 informasiya m\u00fchitinin r\u0259qab\u0259t qabiliyy\u0259tini art\u0131rmaqdan ibar\u0259tdir. Qanuna daxil edilmi\u015f m\u00fct\u0259r\u0259qqi m\u00fcdd\u0259alar say\u0259sind\u0259 \u00f6lk\u0259 m\u0259tbuat\u0131nda \u015f\u0259ffafl\u0131q v\u0259 v\u0259t\u0259nda\u015f m\u0259mnunlu\u011fu prinsipl\u0259rinin \u0259saslar\u0131n\u0131n t\u0259min edilm\u0259si, ictimaiyy\u0259tl\u0259 media aras\u0131nda qar\u015f\u0131l\u0131ql\u0131 etimad\u0131n m\u00f6hk\u0259ml\u0259ndirilm\u0259si n\u0259z\u0259rd\u0259 tutulur\u2026\u201d.<\/p>\n\n\n\n<p><em><strong>&#8220;Anar M\u0259mm\u0259dli qrupu&#8221;<\/strong><\/em><\/p>\n\n\n\n<p>A\u015e NK-n\u0131n m\u00fczakir\u0259 ed\u0259c\u0259yi M\u0259mm\u0259dli i\u015fi qrupunda is\u0259 A\u0130HM-in Az\u0259rbaycanla ba\u011fl\u0131 q\u0259bul etdiyi 6 q\u0259rar\u0131n icras\u0131na n\u0259zar\u0259t edilir.<\/p>\n\n\n\n<p>Anar M\u0259mm\u0259dli, \u0130ntiqam \u018fliyev, \u018fzizov v\u0259 Novruzlu, \u0130brahimov v\u0259 M\u0259mm\u0259dov, X\u0259dic\u0259 \u0130smay\u0131lova (2), Arif v\u0259 Leyla Yunuslar\u0131n \u015fikay\u0259tl\u0259ri \u00fczr\u0259 \u00e7\u0131xar\u0131lan h\u0259min q\u0259rarlar \u0259riz\u0259\u00e7il\u0259rin aktiv siyasi v\u0259 sosial i\u015ftirak\u00e7\u0131l\u0131qlar\u0131na, h\u00f6kum\u0259ti t\u0259nqid\u0259, insan h\u00fcquqlar\u0131 v\u0259 se\u00e7kil\u0259ri izl\u0259m\u0259 sah\u0259sind\u0259 f\u0259aliyy\u0259tl\u0259rin\u0259 g\u00f6r\u0259 Konvensiyan\u0131n 18-ci madd\u0259sin\u0259 zidd olaraq m\u0259hk\u0259m\u0259y\u0259 q\u0259d\u0259r h\u0259bs edilm\u0259l\u0259ri v\u0259 azadl\u0131qdan m\u0259hrum olunmalar\u0131 il\u0259 ba\u011fl\u0131d\u0131r.<\/p>\n\n\n\n<p>H\u00f6kum\u0259t bu qrup i\u015finin icra durumu il\u0259 ba\u011fl\u0131 t\u0259qdimat\u0131nda qeyd edir ki, &#8220;M\u0259mm\u0259dli qrupu&#8221;na daxil olan q\u0259rarlar Az\u0259rbaycan Ali M\u0259hk\u0259m\u0259sinin n\u0259zar\u0259ti alt\u0131ndad\u0131r.<\/p>\n\n\n\n<p>Ali M\u0259hk\u0259m\u0259nin Plenumunun h\u0259min q\u0259rarlara n\u0259 vaxt baxaca\u011f\u0131 h\u0259l\u0259 b\u0259lli deyil. H\u00f6kum\u0259t h\u0259m\u00e7inin \u201c\u0130brahimov v\u0259 M\u0259mm\u0259dov Az\u0259rbaycana qar\u015f\u0131\u201d i\u015fi \u00fczr\u0259 \u0259riz\u0259\u00e7il\u0259r istisna olmaqla, b\u00fct\u00fcn \u0259riz\u0259\u00e7il\u0259rin m\u0259hkumlu\u011funun art\u0131q g\u00f6t\u00fcr\u00fcld\u00fcy\u00fcn\u00fc v\u0259 yerd\u0259 qalan \u0259riz\u0259\u00e7il\u0259rl\u0259 ba\u011fl\u0131 m\u0259hkum edilm\u0259l\u0259rinin he\u00e7 bir m\u0259nfi h\u00fcquqi n\u0259tic\u0259sinin qalmad\u0131\u011f\u0131n\u0131 vur\u011fulay\u0131b.<\/p>\n\n\n\n<p>T\u0259qdimata g\u00f6r\u0259, b\u00fct\u00fcn \u0259riz\u0259\u00e7il\u0259r\u0259 t\u0259zminatlar \u00f6d\u0259nilib.<\/p>\n\n\n\n<p>Avropa \u015euras\u0131 Nazirl\u0259r Komit\u0259sinin 1436-ci toplant\u0131s\u0131 3 g\u00fcn davam ed\u0259c\u0259k.<\/p>\n\n\n\n<p>Yekunun Nazirl\u0259r Komit\u0259si m\u00fczakir\u0259 edil\u0259n q\u0259rarlar\u0131n icra durumu il\u0259 ba\u011fl\u0131 q\u0259tnam\u0259l\u0259rini elan ed\u0259c\u0259k.<\/p>\n\n\n\n<p>A\u015e NK A\u0130HM-in q\u0259rarlar\u0131n\u0131n icras\u0131na \u0259laq\u0259li r\u0259smi qurumlar\u0131n, \u0259riz\u0259\u00e7il\u0259rin, QHT-l\u0259rin v\u0259 \u0259laq\u0259li dig\u0259r t\u0259r\u0259fl\u0259rin t\u0259qdim etdiyi bilgil\u0259r\u0259 \u0259saslanaraq n\u0259zar\u0259t edir.<\/p>\n\n\n\n<p>Az\u0259rbaycan h\u00f6kum\u0259tinin h\u0259l\u0259 d\u0259 mediaya n\u0259zar\u0259t etdiyi bildirilir. Bu, m\u00fcst\u0259qil mediaya t\u0259zyiq, dig\u0259rl\u0259ril\u0259 yax\u015f\u0131 m\u00fcnasib\u0259t qurmaq \u015f\u0259klind\u0259 \u00f6z\u00fcn\u00fc g\u00f6st\u0259rir.<\/p>\n\n\n\n<p>Avropa \u015euras\u0131n\u0131n Jurnalistikan\u0131n Qorunmas\u0131 v\u0259 Jurnalistl\u0259rin T\u0259hl\u00fck\u0259sizliyinin T\u0259bli\u011fi Platformas\u0131n\u0131n aprelin 27-d\u0259 yayd\u0131\u011f\u0131 \u201cG\u0259rginlik v\u0259 m\u00fcnaqi\u015f\u0259 vaxt\u0131 m\u0259tbuat azadl\u0131\u011f\u0131n\u0131n qorunmas\u0131\u201d adl\u0131 <a href=\"https:\/\/www.coe.int\/en\/web\/portal\/-\/secretary-general-media-should-be-able-to-report-free-from-attacks-and-intimidation-including-in-times-of-war\" target=\"_blank\" rel=\"noreferrer noopener\">hesabat<\/a>\u0131nda bel\u0259 deyilir.<\/p>\n\n\n\n<p>Hesabatda bildirilir ki, n\u0259tic\u0259d\u0259 h\u00f6kum\u0259tin yan\u0131nda olan media sistemi formala\u015f\u0131r. H\u0259min media qurumlar h\u00f6kum\u0259tin ideya v\u0259 informasiyas\u0131n\u0131 yay\u0131r.<\/p>\n\n\n\n<p>Yerd\u0259 qalan m\u00fcxalif v\u0259 m\u00fcst\u0259qil media is\u0259 s\u0131radan \u00e7\u0131xar\u0131l\u0131r.<\/p>\n\n\n\n<p>Az\u0259rbaycan r\u0259smil\u0259ri is\u0259 daim a\u00e7\u0131qlamalar\u0131nda \u00f6lk\u0259d\u0259 median\u0131n m\u00fcst\u0259qil oldu\u011funu bildirir. Beyn\u0259lxalq media v\u0259 insan haqlar\u0131 <a href=\"https:\/\/www.meydan.tv\/az\/article\/serhedsiz-reportyorlardan-azerbaycan-hakimiyyetine-cagiris\/\" target=\"_blank\" rel=\"noreferrer noopener\">t\u0259\u015fkilatlar\u0131<\/a> is\u0259 daim hesabat v\u0259 a\u00e7\u0131qlamalar\u0131nda \u0259ksini s\u00f6yl\u0259yir.<\/p>\n\n\n\n<p>\u00dcst\u0259lik, bu ilin \u0259vv\u0259lind\u0259 q\u00fcvv\u0259y\u0259 minmi\u015f yeni \u201cMedia haqq\u0131nda\u201d Qanunun s\u0131rf m\u00fcst\u0259qil media v\u0259 jurnalistl\u0259rin i\u015fl\u0259rin\u0259 \u0259ng\u0259l t\u00f6r\u0259tm\u0259k m\u0259qs\u0259di da\u015f\u0131d\u0131\u011f\u0131n\u0131 deyirl\u0259r.<\/p>\n\n\n\n<p><\/p>\n","protected":false},"excerpt":{"rendered":"<p>G\u00fcnd\u0259likd\u0259 iki qrup i\u015fi var: &#8220;X\u0259dic\u0259 \u0130smay\u0131lova&#8221; v\u0259 &#8220;Anar M\u0259mm\u0259dli &#8230; <\/p>\n<p class=\"read-more-container\"><a title=\"Avropa M\u0259hk\u0259m\u0259sinin Az\u0259rbaycanla ba\u011fl\u0131 q\u0259rarlar\u0131 m\u00fczakir\u0259 edil\u0259c\u0259k\" class=\"read-more button\" href=\"https:\/\/www.meydan.tv\/az\/article\/avropa-mehkemesinin-azerbaycanla-bagli-qerarlari-muzakire-edilecek\/#more-247751\" aria-label=\"Read more about Avropa M\u0259hk\u0259m\u0259sinin Az\u0259rbaycanla ba\u011fl\u0131 q\u0259rarlar\u0131 m\u00fczakir\u0259 edil\u0259c\u0259k\">Davam\u0131<\/a><\/p>\n","protected":false},"author":8,"featured_media":227177,"comment_status":"closed","ping_status":"closed","sticky":false,"template":"","format":"standard","meta":{"_acf_changed":false,"_sitemap_exclude":false,"_sitemap_priority":"","_sitemap_frequency":"","footnotes":""},"categories":[59,56],"tags":[],"class_list":["post-247751","post","type-post","status-publish","format-standard","has-post-thumbnail","hentry","category-siyaset","category-xeberler","infinite-scroll-item","generate-columns","tablet-grid-50","mobile-grid-100","grid-parent","grid-33","no-featured-image-padding"],"acf":[],"yoast_head":"<!-- This site is optimized with the Yoast SEO plugin v27.4 - https:\/\/yoast.com\/product\/yoast-seo-wordpress\/ -->\n<title>Avropa M\u0259hk\u0259m\u0259sinin Az\u0259rbaycanla ba\u011fl\u0131 q\u0259rarlar\u0131 m\u00fczakir\u0259 edil\u0259c\u0259k - MEYDAN.TV<\/title>\n<meta name=\"robots\" content=\"index, follow, max-snippet:-1, max-image-preview:large, max-video-preview:-1\" \/>\n<link rel=\"canonical\" href=\"https:\/\/www.meydan.tv\/az\/article\/avropa-mehkemesinin-azerbaycanla-bagli-qerarlari-muzakire-edilecek\/\" \/>\n<meta property=\"og:locale\" content=\"az_AZ\" \/>\n<meta property=\"og:type\" content=\"article\" \/>\n<meta property=\"og:title\" content=\"Avropa M\u0259hk\u0259m\u0259sinin Az\u0259rbaycanla ba\u011fl\u0131 q\u0259rarlar\u0131 m\u00fczakir\u0259 edil\u0259c\u0259k - MEYDAN.TV\" \/>\n<meta property=\"og:description\" content=\"G\u00fcnd\u0259likd\u0259 iki qrup i\u015fi var: &#8220;X\u0259dic\u0259 \u0130smay\u0131lova&#8221; v\u0259 &#8220;Anar M\u0259mm\u0259dli ... Davam\u0131\" \/>\n<meta property=\"og:url\" content=\"https:\/\/www.meydan.tv\/az\/article\/avropa-mehkemesinin-azerbaycanla-bagli-qerarlari-muzakire-edilecek\/\" \/>\n<meta property=\"og:site_name\" content=\"MEYDAN.TV\" \/>\n<meta property=\"article:published_time\" content=\"2022-06-08T10:14:20+00:00\" \/>\n<meta property=\"article:modified_time\" content=\"2022-06-08T10:14:22+00:00\" \/>\n<meta property=\"og:image\" content=\"https:\/\/www.meydan.tv\/wp-content\/uploads\/shutterstock_261407981.jpg\" \/>\n\t<meta property=\"og:image:width\" content=\"1200\" \/>\n\t<meta property=\"og:image:height\" content=\"798\" \/>\n\t<meta property=\"og:image:type\" content=\"image\/jpeg\" \/>\n<meta name=\"author\" content=\"elli\" \/>\n<meta name=\"twitter:card\" content=\"summary_large_image\" \/>\n<meta name=\"twitter:creator\" content=\"@elli\" \/>\n<script type=\"application\/ld+json\" class=\"yoast-schema-graph\">{\"@context\":\"https:\\\/\\\/schema.org\",\"@graph\":[{\"@type\":\"Article\",\"@id\":\"https:\\\/\\\/www.meydan.tv\\\/az\\\/article\\\/avropa-mehkemesinin-azerbaycanla-bagli-qerarlari-muzakire-edilecek\\\/#article\",\"isPartOf\":{\"@id\":\"https:\\\/\\\/www.meydan.tv\\\/az\\\/article\\\/avropa-mehkemesinin-azerbaycanla-bagli-qerarlari-muzakire-edilecek\\\/\"},\"author\":{\"name\":\"elli\",\"@id\":\"https:\\\/\\\/www.meydan.tv\\\/az\\\/#\\\/schema\\\/person\\\/9cdbecf90d17180ce1dfbd95b08dcf47\"},\"headline\":\"Avropa M\u0259hk\u0259m\u0259sinin Az\u0259rbaycanla ba\u011fl\u0131 q\u0259rarlar\u0131 m\u00fczakir\u0259 edil\u0259c\u0259k\",\"datePublished\":\"2022-06-08T10:14:20+00:00\",\"dateModified\":\"2022-06-08T10:14:22+00:00\",\"mainEntityOfPage\":{\"@id\":\"https:\\\/\\\/www.meydan.tv\\\/az\\\/article\\\/avropa-mehkemesinin-azerbaycanla-bagli-qerarlari-muzakire-edilecek\\\/\"},\"wordCount\":1902,\"publisher\":{\"@id\":\"https:\\\/\\\/www.meydan.tv\\\/az\\\/#organization\"},\"image\":{\"@id\":\"https:\\\/\\\/www.meydan.tv\\\/az\\\/article\\\/avropa-mehkemesinin-azerbaycanla-bagli-qerarlari-muzakire-edilecek\\\/#primaryimage\"},\"thumbnailUrl\":\"https:\\\/\\\/www.meydan.tv\\\/wp-content\\\/uploads\\\/shutterstock_261407981.jpg\",\"articleSection\":[\"Siyas\u0259t\",\"X\u0259b\u0259rl\u0259r\"],\"inLanguage\":\"az\"},{\"@type\":\"WebPage\",\"@id\":\"https:\\\/\\\/www.meydan.tv\\\/az\\\/article\\\/avropa-mehkemesinin-azerbaycanla-bagli-qerarlari-muzakire-edilecek\\\/\",\"url\":\"https:\\\/\\\/www.meydan.tv\\\/az\\\/article\\\/avropa-mehkemesinin-azerbaycanla-bagli-qerarlari-muzakire-edilecek\\\/\",\"name\":\"Avropa M\u0259hk\u0259m\u0259sinin Az\u0259rbaycanla ba\u011fl\u0131 q\u0259rarlar\u0131 m\u00fczakir\u0259 edil\u0259c\u0259k - MEYDAN.TV\",\"isPartOf\":{\"@id\":\"https:\\\/\\\/www.meydan.tv\\\/az\\\/#website\"},\"primaryImageOfPage\":{\"@id\":\"https:\\\/\\\/www.meydan.tv\\\/az\\\/article\\\/avropa-mehkemesinin-azerbaycanla-bagli-qerarlari-muzakire-edilecek\\\/#primaryimage\"},\"image\":{\"@id\":\"https:\\\/\\\/www.meydan.tv\\\/az\\\/article\\\/avropa-mehkemesinin-azerbaycanla-bagli-qerarlari-muzakire-edilecek\\\/#primaryimage\"},\"thumbnailUrl\":\"https:\\\/\\\/www.meydan.tv\\\/wp-content\\\/uploads\\\/shutterstock_261407981.jpg\",\"datePublished\":\"2022-06-08T10:14:20+00:00\",\"dateModified\":\"2022-06-08T10:14:22+00:00\",\"breadcrumb\":{\"@id\":\"https:\\\/\\\/www.meydan.tv\\\/az\\\/article\\\/avropa-mehkemesinin-azerbaycanla-bagli-qerarlari-muzakire-edilecek\\\/#breadcrumb\"},\"inLanguage\":\"az\",\"potentialAction\":[{\"@type\":\"ReadAction\",\"target\":[\"https:\\\/\\\/www.meydan.tv\\\/az\\\/article\\\/avropa-mehkemesinin-azerbaycanla-bagli-qerarlari-muzakire-edilecek\\\/\"]}]},{\"@type\":\"ImageObject\",\"inLanguage\":\"az\",\"@id\":\"https:\\\/\\\/www.meydan.tv\\\/az\\\/article\\\/avropa-mehkemesinin-azerbaycanla-bagli-qerarlari-muzakire-edilecek\\\/#primaryimage\",\"url\":\"https:\\\/\\\/www.meydan.tv\\\/wp-content\\\/uploads\\\/shutterstock_261407981.jpg\",\"contentUrl\":\"https:\\\/\\\/www.meydan.tv\\\/wp-content\\\/uploads\\\/shutterstock_261407981.jpg\",\"width\":1200,\"height\":798,\"caption\":\"Avropa M\u0259hk\u0259m\u0259si, Foto: By symbiot\\\/Shutterstock\"},{\"@type\":\"BreadcrumbList\",\"@id\":\"https:\\\/\\\/www.meydan.tv\\\/az\\\/article\\\/avropa-mehkemesinin-azerbaycanla-bagli-qerarlari-muzakire-edilecek\\\/#breadcrumb\",\"itemListElement\":[{\"@type\":\"ListItem\",\"position\":1,\"name\":\"Ana s\u0259hif\u0259\",\"item\":\"https:\\\/\\\/www.meydan.tv\\\/az\\\/\"},{\"@type\":\"ListItem\",\"position\":2,\"name\":\"Siyas\u0259t\",\"item\":\"https:\\\/\\\/www.meydan.tv\\\/az\\\/section\\\/siyaset\\\/\"},{\"@type\":\"ListItem\",\"position\":3,\"name\":\"Avropa M\u0259hk\u0259m\u0259sinin Az\u0259rbaycanla ba\u011fl\u0131 q\u0259rarlar\u0131 m\u00fczakir\u0259 edil\u0259c\u0259k\"}]},{\"@type\":\"WebSite\",\"@id\":\"https:\\\/\\\/www.meydan.tv\\\/az\\\/#website\",\"url\":\"https:\\\/\\\/www.meydan.tv\\\/az\\\/\",\"name\":\"MEYDAN.TV\",\"description\":\"Meydan TV Az\u0259rbaycan\u0131n media m\u0259kan\u0131ndak\u0131 alternativ s\u0259sidir\",\"publisher\":{\"@id\":\"https:\\\/\\\/www.meydan.tv\\\/az\\\/#organization\"},\"potentialAction\":[{\"@type\":\"SearchAction\",\"target\":{\"@type\":\"EntryPoint\",\"urlTemplate\":\"https:\\\/\\\/www.meydan.tv\\\/az\\\/?s={search_term_string}\"},\"query-input\":{\"@type\":\"PropertyValueSpecification\",\"valueRequired\":true,\"valueName\":\"search_term_string\"}}],\"inLanguage\":\"az\"},{\"@type\":\"Organization\",\"@id\":\"https:\\\/\\\/www.meydan.tv\\\/az\\\/#organization\",\"name\":\"Meydan TV\",\"url\":\"https:\\\/\\\/www.meydan.tv\\\/az\\\/\",\"logo\":{\"@type\":\"ImageObject\",\"inLanguage\":\"az\",\"@id\":\"https:\\\/\\\/www.meydan.tv\\\/az\\\/#\\\/schema\\\/logo\\\/image\\\/\",\"url\":\"https:\\\/\\\/www.meydan.tv\\\/wp-content\\\/uploads\\\/2021\\\/07\\\/meydan-logo.svg\",\"contentUrl\":\"https:\\\/\\\/www.meydan.tv\\\/wp-content\\\/uploads\\\/2021\\\/07\\\/meydan-logo.svg\",\"width\":195,\"height\":46,\"caption\":\"Meydan TV\"},\"image\":{\"@id\":\"https:\\\/\\\/www.meydan.tv\\\/az\\\/#\\\/schema\\\/logo\\\/image\\\/\"}},{\"@type\":\"Person\",\"@id\":\"https:\\\/\\\/www.meydan.tv\\\/az\\\/#\\\/schema\\\/person\\\/9cdbecf90d17180ce1dfbd95b08dcf47\",\"name\":\"elli\",\"sameAs\":[\"https:\\\/\\\/x.com\\\/elli\"]}]}<\/script>\n<!-- \/ Yoast SEO plugin. -->","yoast_head_json":{"title":"Avropa M\u0259hk\u0259m\u0259sinin Az\u0259rbaycanla ba\u011fl\u0131 q\u0259rarlar\u0131 m\u00fczakir\u0259 edil\u0259c\u0259k - MEYDAN.TV","robots":{"index":"index","follow":"follow","max-snippet":"max-snippet:-1","max-image-preview":"max-image-preview:large","max-video-preview":"max-video-preview:-1"},"canonical":"https:\/\/www.meydan.tv\/az\/article\/avropa-mehkemesinin-azerbaycanla-bagli-qerarlari-muzakire-edilecek\/","og_locale":"az_AZ","og_type":"article","og_title":"Avropa M\u0259hk\u0259m\u0259sinin Az\u0259rbaycanla ba\u011fl\u0131 q\u0259rarlar\u0131 m\u00fczakir\u0259 edil\u0259c\u0259k - MEYDAN.TV","og_description":"G\u00fcnd\u0259likd\u0259 iki qrup i\u015fi var: &#8220;X\u0259dic\u0259 \u0130smay\u0131lova&#8221; v\u0259 &#8220;Anar M\u0259mm\u0259dli ... Davam\u0131","og_url":"https:\/\/www.meydan.tv\/az\/article\/avropa-mehkemesinin-azerbaycanla-bagli-qerarlari-muzakire-edilecek\/","og_site_name":"MEYDAN.TV","article_published_time":"2022-06-08T10:14:20+00:00","article_modified_time":"2022-06-08T10:14:22+00:00","og_image":[{"width":1200,"height":798,"url":"https:\/\/www.meydan.tv\/wp-content\/uploads\/shutterstock_261407981.jpg","type":"image\/jpeg"}],"author":"elli","twitter_card":"summary_large_image","twitter_creator":"@elli","schema":{"@context":"https:\/\/schema.org","@graph":[{"@type":"Article","@id":"https:\/\/www.meydan.tv\/az\/article\/avropa-mehkemesinin-azerbaycanla-bagli-qerarlari-muzakire-edilecek\/#article","isPartOf":{"@id":"https:\/\/www.meydan.tv\/az\/article\/avropa-mehkemesinin-azerbaycanla-bagli-qerarlari-muzakire-edilecek\/"},"author":{"name":"elli","@id":"https:\/\/www.meydan.tv\/az\/#\/schema\/person\/9cdbecf90d17180ce1dfbd95b08dcf47"},"headline":"Avropa M\u0259hk\u0259m\u0259sinin Az\u0259rbaycanla ba\u011fl\u0131 q\u0259rarlar\u0131 m\u00fczakir\u0259 edil\u0259c\u0259k","datePublished":"2022-06-08T10:14:20+00:00","dateModified":"2022-06-08T10:14:22+00:00","mainEntityOfPage":{"@id":"https:\/\/www.meydan.tv\/az\/article\/avropa-mehkemesinin-azerbaycanla-bagli-qerarlari-muzakire-edilecek\/"},"wordCount":1902,"publisher":{"@id":"https:\/\/www.meydan.tv\/az\/#organization"},"image":{"@id":"https:\/\/www.meydan.tv\/az\/article\/avropa-mehkemesinin-azerbaycanla-bagli-qerarlari-muzakire-edilecek\/#primaryimage"},"thumbnailUrl":"https:\/\/www.meydan.tv\/wp-content\/uploads\/shutterstock_261407981.jpg","articleSection":["Siyas\u0259t","X\u0259b\u0259rl\u0259r"],"inLanguage":"az"},{"@type":"WebPage","@id":"https:\/\/www.meydan.tv\/az\/article\/avropa-mehkemesinin-azerbaycanla-bagli-qerarlari-muzakire-edilecek\/","url":"https:\/\/www.meydan.tv\/az\/article\/avropa-mehkemesinin-azerbaycanla-bagli-qerarlari-muzakire-edilecek\/","name":"Avropa M\u0259hk\u0259m\u0259sinin Az\u0259rbaycanla ba\u011fl\u0131 q\u0259rarlar\u0131 m\u00fczakir\u0259 edil\u0259c\u0259k - MEYDAN.TV","isPartOf":{"@id":"https:\/\/www.meydan.tv\/az\/#website"},"primaryImageOfPage":{"@id":"https:\/\/www.meydan.tv\/az\/article\/avropa-mehkemesinin-azerbaycanla-bagli-qerarlari-muzakire-edilecek\/#primaryimage"},"image":{"@id":"https:\/\/www.meydan.tv\/az\/article\/avropa-mehkemesinin-azerbaycanla-bagli-qerarlari-muzakire-edilecek\/#primaryimage"},"thumbnailUrl":"https:\/\/www.meydan.tv\/wp-content\/uploads\/shutterstock_261407981.jpg","datePublished":"2022-06-08T10:14:20+00:00","dateModified":"2022-06-08T10:14:22+00:00","breadcrumb":{"@id":"https:\/\/www.meydan.tv\/az\/article\/avropa-mehkemesinin-azerbaycanla-bagli-qerarlari-muzakire-edilecek\/#breadcrumb"},"inLanguage":"az","potentialAction":[{"@type":"ReadAction","target":["https:\/\/www.meydan.tv\/az\/article\/avropa-mehkemesinin-azerbaycanla-bagli-qerarlari-muzakire-edilecek\/"]}]},{"@type":"ImageObject","inLanguage":"az","@id":"https:\/\/www.meydan.tv\/az\/article\/avropa-mehkemesinin-azerbaycanla-bagli-qerarlari-muzakire-edilecek\/#primaryimage","url":"https:\/\/www.meydan.tv\/wp-content\/uploads\/shutterstock_261407981.jpg","contentUrl":"https:\/\/www.meydan.tv\/wp-content\/uploads\/shutterstock_261407981.jpg","width":1200,"height":798,"caption":"Avropa M\u0259hk\u0259m\u0259si, Foto: By symbiot\/Shutterstock"},{"@type":"BreadcrumbList","@id":"https:\/\/www.meydan.tv\/az\/article\/avropa-mehkemesinin-azerbaycanla-bagli-qerarlari-muzakire-edilecek\/#breadcrumb","itemListElement":[{"@type":"ListItem","position":1,"name":"Ana s\u0259hif\u0259","item":"https:\/\/www.meydan.tv\/az\/"},{"@type":"ListItem","position":2,"name":"Siyas\u0259t","item":"https:\/\/www.meydan.tv\/az\/section\/siyaset\/"},{"@type":"ListItem","position":3,"name":"Avropa M\u0259hk\u0259m\u0259sinin Az\u0259rbaycanla ba\u011fl\u0131 q\u0259rarlar\u0131 m\u00fczakir\u0259 edil\u0259c\u0259k"}]},{"@type":"WebSite","@id":"https:\/\/www.meydan.tv\/az\/#website","url":"https:\/\/www.meydan.tv\/az\/","name":"MEYDAN.TV","description":"Meydan TV Az\u0259rbaycan\u0131n media m\u0259kan\u0131ndak\u0131 alternativ s\u0259sidir","publisher":{"@id":"https:\/\/www.meydan.tv\/az\/#organization"},"potentialAction":[{"@type":"SearchAction","target":{"@type":"EntryPoint","urlTemplate":"https:\/\/www.meydan.tv\/az\/?s={search_term_string}"},"query-input":{"@type":"PropertyValueSpecification","valueRequired":true,"valueName":"search_term_string"}}],"inLanguage":"az"},{"@type":"Organization","@id":"https:\/\/www.meydan.tv\/az\/#organization","name":"Meydan TV","url":"https:\/\/www.meydan.tv\/az\/","logo":{"@type":"ImageObject","inLanguage":"az","@id":"https:\/\/www.meydan.tv\/az\/#\/schema\/logo\/image\/","url":"https:\/\/www.meydan.tv\/wp-content\/uploads\/2021\/07\/meydan-logo.svg","contentUrl":"https:\/\/www.meydan.tv\/wp-content\/uploads\/2021\/07\/meydan-logo.svg","width":195,"height":46,"caption":"Meydan TV"},"image":{"@id":"https:\/\/www.meydan.tv\/az\/#\/schema\/logo\/image\/"}},{"@type":"Person","@id":"https:\/\/www.meydan.tv\/az\/#\/schema\/person\/9cdbecf90d17180ce1dfbd95b08dcf47","name":"elli","sameAs":["https:\/\/x.com\/elli"]}]}},"_links":{"self":[{"href":"https:\/\/www.meydan.tv\/az\/wp-json\/wp\/v2\/posts\/247751","targetHints":{"allow":["GET"]}}],"collection":[{"href":"https:\/\/www.meydan.tv\/az\/wp-json\/wp\/v2\/posts"}],"about":[{"href":"https:\/\/www.meydan.tv\/az\/wp-json\/wp\/v2\/types\/post"}],"author":[{"embeddable":true,"href":"https:\/\/www.meydan.tv\/az\/wp-json\/wp\/v2\/users\/8"}],"replies":[{"embeddable":true,"href":"https:\/\/www.meydan.tv\/az\/wp-json\/wp\/v2\/comments?post=247751"}],"version-history":[{"count":2,"href":"https:\/\/www.meydan.tv\/az\/wp-json\/wp\/v2\/posts\/247751\/revisions"}],"predecessor-version":[{"id":247771,"href":"https:\/\/www.meydan.tv\/az\/wp-json\/wp\/v2\/posts\/247751\/revisions\/247771"}],"wp:featuredmedia":[{"embeddable":true,"href":"https:\/\/www.meydan.tv\/az\/wp-json\/wp\/v2\/media\/227177"}],"wp:attachment":[{"href":"https:\/\/www.meydan.tv\/az\/wp-json\/wp\/v2\/media?parent=247751"}],"wp:term":[{"taxonomy":"category","embeddable":true,"href":"https:\/\/www.meydan.tv\/az\/wp-json\/wp\/v2\/categories?post=247751"},{"taxonomy":"post_tag","embeddable":true,"href":"https:\/\/www.meydan.tv\/az\/wp-json\/wp\/v2\/tags?post=247751"}],"curies":[{"name":"wp","href":"https:\/\/api.w.org\/{rel}","templated":true}]}}