{"id":247740,"date":"2022-06-08T12:58:48","date_gmt":"2022-06-08T08:58:48","guid":{"rendered":"https:\/\/www.meydan.tv\/?p=247740"},"modified":"2022-06-08T13:03:10","modified_gmt":"2022-06-08T09:03:10","slug":"formula-1-ve-qanunsuz-parkinq","status":"publish","type":"post","link":"https:\/\/www.meydan.tv\/az\/article\/formula-1-ve-qanunsuz-parkinq\/","title":{"rendered":"Formula 1 v\u0259 \u201cqanunsuz parkinq\u201d&#8230;"},"content":{"rendered":"\n<p><\/p>\n\n\n\n<p><em>\u201cPrezident\u0259 m\u0259ktublar\u201d silsil\u0259sind\u0259n<\/em><br><\/p>\n\n\n\n<p><strong>H\u00f6rm\u0259tli c\u0259nab prezident!<\/strong><\/p>\n\n\n\n<p>\u00c7oxdand\u0131r siz\u0259 m\u0259ktub yazm\u0131ram. S\u0259b\u0259bsiz deyil, yaz\u0131lan m\u0259ktublar, qabard\u0131lan probleml\u0259rl\u0259 ba\u011fl\u0131 t\u0259dbir g\u00f6r\u00fclm\u0259m\u0259si, m\u0259ktuba cavab n\u0259dir, he\u00e7 reaksiya verilm\u0259m\u0259si adam\u0131 h\u0259v\u0259sd\u0259n sal\u0131r, yazma\u011fa \u0259lin g\u0259lmir. \u201cEh, n\u0259 xeyri var\u201d deyib ke\u00e7m\u0259k ist\u0259yirs\u0259n. Ancaq el\u0259 hadis\u0259l\u0259r d\u0259 ba\u015f verir ki, yazmamaq olmur\u2026<\/p>\n\n\n\n<p>Yox, incim\u0259mi\u015f\u0259m, vaxt\u0131n\u0131z\u0131n az oldu\u011funu bilir\u0259m, Qaraba\u011f boyda b\u0259rpa projeniz var, \u015eu\u015fa planlar\u0131n\u0131z var. \u0130ndi \u00f6lk\u0259nin \u00fcr\u0259yinin o t\u0259r\u0259fl\u0259rd\u0259 d\u00f6y\u00fcnd\u00fcy\u00fcnd\u0259n d\u0259 x\u0259b\u0259rdaram. G\u00fcn\u00fcn\u00fcz\u00fcn m\u00fcmk\u00fcn olan \u00e7ox hiss\u0259sini oralarda ke\u00e7irirsiz, sizi q\u0131nam\u0131ram, 2003-c\u00fc ild\u0259n ba\u015flayaraq v\u0259zif\u0259y\u0259 g\u0259tirdiyiniz cavanl\u0131-qocal\u0131, dem\u0259k olar, b\u00fct\u00fcn m\u0259murlar\u0131n\u0131z o\u011fru v\u0259 korrupsionerdir, g\u00f6z\u00fcn\u00fcz\u00fc bir az \u00e7\u0259k\u0259n kimi \u00e7ap\u0131b-talay\u0131rlar. O \u00fczd\u0259n b\u00fct\u00fcn i\u015fl\u0259rin \u00fcst\u00fcnd\u0259 durmaq, b\u00fct\u00fcn sah\u0259l\u0259r\u0259 n\u0259zar\u0259t etm\u0259k g\u0259r\u0259yi yaran\u0131r. \u00c7ox \u00e7\u0259tindir: \u00f6lk\u0259 idar\u0259 etm\u0259k, xarici s\u0259f\u0259rl\u0259r\u0259 getm\u0259k, g\u0259l\u0259n qonaqlar\u0131 qar\u015f\u0131lamaq, f\u0259rmanlar, s\u0259r\u0259ncamlar verm\u0259k, kiml\u0259ris\u0259 m\u00fckafatland\u0131rmaq, etimad g\u00f6st\u0259rdiyiniz, etibar etdiyiniz kiml\u0259ris\u0259 (a\u011f\u0131r da olsa) i\u015fd\u0259n \u00e7\u0131xarmaq, icra ba\u015f\u00e7\u0131lar\u0131n\u0131n yerini d\u0259yi\u015fm\u0259k, po\u00e7tunuza g\u0259l\u0259n m\u0259ktublarla (k\u00f6m\u0259k\u00e7il\u0259riniz vasit\u0259sil\u0259 olsa bel\u0259) tan\u0131\u015f olmaq\u2026 saymaqla qurtarmayan i\u015fl\u0259riniz var, h\u0259l\u0259 \u015f\u0259xsi i\u015fl\u0259r, ail\u0259 t\u0259dbirl\u0259ri\u2026<br><\/p>\n\n\n\n<p><strong>C\u0259nab Prezident!<\/strong><\/p>\n\n\n\n<p>Zaman g\u00f6st\u0259rir ki, m\u0259murlar\u0131n\u0131z\u0131 bir an da olsa n\u0259zar\u0259tsiz qoymaq olmaz, bunu da siz ham\u0131dan yax\u015f\u0131 bilirsiz. \u018fn \u00e7ox etibar edib v\u0259zif\u0259y\u0259 g\u0259tirdiyiniz, ard\u0131c\u0131l olaraq general r\u00fctb\u0259siyl\u0259 m\u00fckafatland\u0131rd\u0131\u011f\u0131n\u0131z, t\u0259hl\u00fck\u0259sizliyinizi (t\u0259kc\u0259 \u00f6z\u00fcn\u00fcz\u00fcn yox, h\u0259m d\u0259 \u00f6lk\u0259nin) tap\u015f\u0131rd\u0131\u011f\u0131n\u0131z Eldar Mahmudov v\u0259 komandas\u0131 sizi v\u0259 \u00f6lk\u0259ni hans\u0131 duruma sald\u0131\u2026 Xarici siyas\u0259ti umud oldu\u011funuz Elmar M\u0259mm\u0259dyarov v\u0259 komandas\u0131 n\u0259l\u0259r etm\u0259di\u2026 S\u0259firl\u0259r Az\u0259rbaycan\u0131n probleml\u0259ri, Qaraba\u011f boyda d\u0259rdi il\u0259 m\u0259\u015f\u011ful olmaq \u0259v\u0259zin\u0259 b\u00fcdc\u0259 puluyla biznes\u0259 giri\u015fdil\u0259r; kimi \u00e7ax\u0131r, kimi araq, kimi park, kimi da\u015f\u0131nmaz \u0259mlak, of\u015forlar\u2026<\/p>\n\n\n\n<p>Qa\u00e7q\u0131nlar\u0131n v\u0259 m\u0259tbuat\u0131n taleyin\u0259 sorumli etdiyiniz \u0259li h\u0259s\u0259novlar, yollar\u0131m\u0131z\u0131 tap\u015f\u0131rd\u0131\u011f\u0131n\u0131z Ziya M\u0259mm\u0259dov, m\u0259d\u0259niyy\u0259timizin etibar olundu\u011fu \u018fb\u00fclf\u0259s Qarayev v\u0259 komandas\u0131 hans\u0131 oyunlardan \u00e7\u0131xmad\u0131lar? M\u0259d\u0259niyy\u0259t evl\u0259ri, kitabxanalar, ev muzeyl\u0259ri v\u0259 ba\u015fqa inc\u0259s\u0259n\u0259t ocaqlar\u0131 il\u0259 ba\u011fl\u0131 y\u00fcz milyonlarla manat yeyinti faktlar\u0131 b\u0259lli oldu. Nazirl\u0259r, icra ba\u015f\u00e7\u0131lar\u0131 &#8211; dem\u0259k olar, ham\u0131s\u0131 da sizin v\u0259zif\u0259y\u0259 g\u0259tirdiyiniz, arxaland\u0131\u011f\u0131n\u0131z kadrlar &#8211; \u00e7oxu r\u00fc\u015fv\u0259txor, korrupsioner, b\u00fcdc\u0259ni talayan \u00e7\u0131xd\u0131. X\u00fcsusil\u0259 icra ba\u015f\u00e7\u0131lar\u0131 t\u0259kc\u0259 atan\u0131z\u0131n heyk\u0259li v\u0259 onun \u0259traf\u0131n\u0131n abadla\u015fd\u0131r\u0131lmas\u0131 ad\u0131yla h\u0259r il milyonlarla manat b\u00fcdc\u0259 v\u0259saitini m\u0259nims\u0259dil\u0259r\u2026 m\u0259nims\u0259yirl\u0259r. Tutulanlar\u0131n ortaya \u00e7\u0131xan s\u0259rv\u0259ti \u00e7ox \u015feyd\u0259n x\u0259b\u0259r verir. Ancaq maraql\u0131d\u0131r ki, o s\u0259rv\u0259tl\u0259rd\u0259n onlar tutulmazdan qabaq da, sizi dey\u0259 bilm\u0259r\u0259m, \u00e7oxunun x\u0259b\u0259ri vard\u0131, sosial \u015f\u0259b\u0259k\u0259l\u0259rd\u0259 bununla ba\u011fl\u0131 siqnal ver\u0259nl\u0259r d\u0259 az deyildi. N\u0259d\u0259ns\u0259 bu faktlar\u0131 siz\u0259 onlar tutulandan sonra \u00e7atd\u0131rd\u0131lar\u2026 D\u00fczd\u00fcr, atan\u0131z\u0131n vaxt\u0131ndan da qalanlar vard\u0131 onlar\u0131n aras\u0131nda, kommunist ke\u00e7mi\u015fi olan bu adamlar\u0131, b\u0259lk\u0259 d\u0259, ba\u015fa d\u00fc\u015fm\u0259k olard\u0131, ham\u0131s\u0131 r\u00fc\u015fv\u0259tl\u0259 v\u0259zif\u0259y\u0259 g\u0259lmi\u015fdi, r\u00fc\u015fv\u0259tl\u0259 b\u00f6y\u00fcm\u00fc\u015fd\u00fc, r\u00fc\u015fv\u0259tl\u0259 ya\u015fam\u0131\u015fd\u0131, var-yat\u0131r\u0131 korrupsiya yoluyla qazanm\u0131\u015fd\u0131, ancaq siz t\u0259yin etdkl\u0259rinizin \u00e7oxu g\u0259nc, Avropa t\u0259hsilli kadrlar idi. B\u0259s onlar\u0131n bir \u00e7oxu niy\u0259 nax\u0259l\u0259f \u00e7\u0131xd\u0131, y\u00fcks\u0259k etimad\u0131 do\u011frultmad\u0131?<br><\/p>\n\n\n\n<figure class=\"wp-block-image size-full\"><img decoding=\"async\" width=\"875\" height=\"641\" data-src=\"https:\/\/www.meydan.tv\/wp-content\/uploads\/286889579_8183872824963589_3024918138305158428_n.jpg\" alt=\"\" class=\"wp-image-247745 lazyload\" src=\"data:image\/svg+xml;base64,PHN2ZyB3aWR0aD0iMSIgaGVpZ2h0PSIxIiB4bWxucz0iaHR0cDovL3d3dy53My5vcmcvMjAwMC9zdmciPjwvc3ZnPg==\" style=\"--smush-placeholder-width: 875px; --smush-placeholder-aspect-ratio: 875\/641;\" \/><figcaption>8 iyun, Az\u0259rbaycan Respublikas\u0131 Kinematoqraf\u00e7\u0131lar \u0130ttifaq\u0131n\u0131n qar\u015f\u0131s\u0131. M\u0259nb\u0259: &#8220;Facebook&#8221;<\/figcaption><\/figure>\n\n\n\n<p><strong>C\u0259nab Prezident!<\/strong><\/p>\n\n\n\n<p>N\u00f6vb\u0259ti m\u0259ktubu yazmaq s\u0259b\u0259bi art\u0131q \u00f6lk\u0259d\u0259 m\u0259\u015fhur olan \u201cparkinq\u201ddir. AzTV-l\u0259r bunu g\u00fcn\u00fcn \u0259sas x\u0259b\u0259rin\u0259 \u00e7eviribl\u0259r, AzTV-9 (\u0130TV) d\u0259xli olmayan verili\u015fl\u0259rind\u0259 bel\u0259 bundan dan\u0131\u015f\u0131r. Ham\u0131s\u0131 da \u201cqanunsuz parkinq\u201din sizin g\u00f6st\u0259ri\u015finizl\u0259 s\u00f6k\u00fcld\u00fcy\u00fcn\u00fc deyir. Yalan dan\u0131\u015f\u0131rlar, h\u0259m d\u0259 sizin ad\u0131n\u0131zdan, bu \u00f6lk\u0259d\u0259 qanunsuz he\u00e7 n\u0259 olmur, qanunsuz he\u00e7 n\u0259 ba\u015f vermir, qanunsuz he\u00e7 n\u0259 tikilmir. Tam m\u0259suliyy\u0259tl\u0259 deyir\u0259m. B\u00fct\u00fcn icaz\u0259l\u0259r \u0259n m\u00fcxt\u0259lif qurumlara (b\u0259z\u0259n he\u00e7 d\u0259xli olmayan) \u00e7oxsayl\u0131 gedi\u015f-g\u0259li\u015fd\u0259n, t\u0259l\u0259b olunan m\u0259bl\u0259\u011fi \u00f6d\u0259dikd\u0259n sonra al\u0131n\u0131r, h\u0259tta i\u015f prosesind\u0259 d\u0259 m\u00fc\u0259yy\u0259n m\u0259bl\u0259\u011fl\u0259r \u00f6d\u0259nir. \u015e\u0259h\u0259rin ortas\u0131nda qanunsuz n\u0259s\u0259 tikm\u0259k olar? \u0130nan\u0131ram ki, onlar\u0131n yayd\u0131qlar\u0131 x\u0259b\u0259r\u0259 siz d\u0259 inanm\u0131rs\u0131z, he\u00e7 o \u201cqanunsuz parkinq\u201din s\u00f6k\u00fclm\u0259sin\u0259 d\u0259, deyildiyi kimi, sizin g\u00f6st\u0259ri\u015f verdiyiniz\u0259 inanm\u0131ram. O \u201cqanunsuzluq\u201d bar\u0259d\u0259, tutaq ki, siz\u0259 deyil\u0259nd\u0259, \u015f\u00fcbh\u0259 yoxdur, soru\u015fmusuz: oran\u0131n b\u0259l\u0259diyy\u0259si, icra hakimiyy\u0259ti, polisi v\u0259 s. yoxdur, b\u0259s \u201cBaksovet\u201d hara bax\u0131r?<\/p>\n\n\n\n<p>O \u201cqanunsuz parkinq\u201di kims\u0259 sizin ad\u0131n\u0131zdan s\u00f6kd\u00fcr\u00fcb, g\u00f6r\u00fcn\u00fcr, \u00f6z\u00fcn\u00fcn g\u00fcc\u00fc \u00e7atmay\u0131b, bu yolla \u0259dal\u0259ti b\u0259rpa edib, ancaq n\u0259 olubsa, k\u0259sil\u0259n a\u011faclara olub\u2026<br><\/p>\n\n\n\n<p><strong>C\u0259nab Prezident!<\/strong><\/p>\n\n\n\n<p>Bu m\u0259ktubun yaz\u0131lma s\u0259b\u0259bi h\u0259m d\u0259 paytaxtda ke\u00e7iril\u0259n Formula-1 yar\u0131\u015f\u0131d\u0131r. Bilmir\u0259m bu bar\u0259d\u0259 siz\u0259 deyibl\u0259r, yoxsa yox. Bu yar\u0131\u015f paytaxt sakinl\u0259rinin rahatl\u0131\u011f\u0131n\u0131 pozur, h\u0259m d\u0259 6 ildir, onlar\u0131n rahat h\u0259r\u0259k\u0259tin\u0259 mane olur, i\u015f\u0259 v\u0259 ev\u0259 gedi\u015f-g\u0259li\u015fini \u00e7\u0259tinl\u0259\u015fdirir, psixikas\u0131n\u0131 z\u0259d\u0259l\u0259yir, \u0259n ba\u015fl\u0131cas\u0131, \u0130\u00e7\u0259ri\u015f\u0259h\u0259r kimi bir incimizi m\u0259hv edir. Ne\u00e7\u0259 \u0259srlik binalar, qala divarlar\u0131 bu ma\u015f\u0131nlar\u0131n s\u0259sind\u0259n ziyan \u00e7\u0259kir. Bu, tarix\u0259 d\u00fc\u015fm\u0259n m\u00fcnasib\u0259tdir. D\u00fczd\u00fcr, bunlar\u0131 aliml\u0259rimiz, m\u00fct\u0259x\u0259ssisl\u0259rimiz siz\u0259 dem\u0259lidir, h\u0259m d\u0259 faktlarla, ancaq m\u00fckafat, prezident t\u0259qa\u00fcd\u00fc, f\u0259xri ad, orden-medal d\u0259rdi \u00e7\u0259k\u0259n bu adamlar onu siz\u0259 dem\u0259y\u0259c\u0259k, dem\u0259y\u0259 c\u0259sar\u0259tl\u0259ri olmayacaq. Bu yar\u0131\u015f\u0131 ya paytaxtdan \u00e7\u0131xar\u0131n, ya da Az\u0259rbaycandan. Bu yar\u0131\u015f\u0131n Bak\u0131da ke\u00e7irildiyi 6 il paytaxt sakinl\u0259rin\u0259 v\u0259 tarixi abid\u0259l\u0259rimiz\u0259 yet\u0259rinc\u0259 travma ya\u015fad\u0131b. Dayand\u0131rmaq zaman\u0131d\u0131r. \u00d6lk\u0259d\u0259 bu yar\u0131\u015f\u0131n a\u015f\u0131r\u0131 h\u0259v\u0259skarlar\u0131 varsa, onlar\u0131 h\u0259tta b\u00fcdc\u0259 v\u0259saiti hesab\u0131na (yar\u0131\u015f ke\u00e7iril\u0259nd\u0259 b\u00fcdc\u0259 daha \u00e7ox ziyan \u00e7\u0259kir) ba\u015fqa \u00f6lk\u0259l\u0259r\u0259 g\u00f6nd\u0259rm\u0259k olar; getsinl\u0259r, baxs\u0131nlar, l\u0259zz\u0259t als\u0131nlar, ancaq milyonlara bu \u0259zab\u0131 ya\u015fatmaq olmaz. \u0130\u00e7\u0259ri\u015f\u0259h\u0259ris\u0259 z\u0259d\u0259l\u0259m\u0259y\u0259 he\u00e7 kimin ixtiyar\u0131 yoxdur\u2026<\/p>\n\n\n\n<p>T\u0259s\u0259vv\u00fcr edirsinizmi, yar\u0131\u015f vaxt\u0131 51 d\u00f6vr\u0259 vurulur, y\u0259ni o ma\u015f\u0131nlar 51 d\u0259f\u0259\u00a0 \u0130\u00e7\u0259ri\u015f\u0259h\u0259rin ba\u015f\u0131na dolan\u0131r, \u00fcst\u0259lik, yar\u0131\u015fdan qabaq s\u0131naq y\u00fcr\u00fc\u015fl\u0259ri d\u0259 olur&#8230; Dayand\u0131\u011f\u0131n yerd\u0259 kims\u0259 s\u0259nin \u0259traf\u0131nda d\u00f6vr\u0259 vuranda ba\u015f\u0131n h\u0259rl\u0259nir, g\u00f6r\u00fcn o s\u00fcr\u0259tl\u0259 ged\u0259n ma\u015f\u0131nlar\u0131n \u0130\u00e7\u0259ri\u015f\u0259h\u0259r \u0259traf\u0131nda vurdu\u011fu d\u00f6vr\u0259 tarixi abid\u0259mizin ba\u015f\u0131na hans\u0131 oyunlar\u0131 a\u00e7\u0131r&#8230;<\/p>\n\n\n\n<p>Bunu bir v\u0259t\u0259nda\u015f\u0131n siqnal\u0131 kimi q\u0259bul edin!<\/p>\n","protected":false},"excerpt":{"rendered":"<p>\u201cPrezident\u0259 m\u0259ktublar\u201d silsil\u0259sind\u0259n H\u00f6rm\u0259tli c\u0259nab prezident! \u00c7oxdand\u0131r siz\u0259 m\u0259ktub yazm\u0131ram. &#8230; <\/p>\n<p class=\"read-more-container\"><a title=\"Formula 1 v\u0259 \u201cqanunsuz parkinq\u201d&#8230;\" class=\"read-more button\" href=\"https:\/\/www.meydan.tv\/az\/article\/formula-1-ve-qanunsuz-parkinq\/#more-247740\" aria-label=\"Read more about Formula 1 v\u0259 \u201cqanunsuz parkinq\u201d&#8230;\">Davam\u0131<\/a><\/p>\n","protected":false},"author":8,"featured_media":247742,"comment_status":"closed","ping_status":"closed","sticky":false,"template":"","format":"standard","meta":{"_acf_changed":false,"_sitemap_exclude":false,"_sitemap_priority":"","_sitemap_frequency":"","footnotes":""},"categories":[57,79],"tags":[],"class_list":["post-247740","post","type-post","status-publish","format-standard","has-post-thumbnail","hentry","category-menim-fikrimce","category-featured","infinite-scroll-item","generate-columns","tablet-grid-50","mobile-grid-100","grid-parent","grid-33","no-featured-image-padding"],"acf":[],"yoast_head":"<!-- This site is optimized with the Yoast SEO plugin v27.4 - https:\/\/yoast.com\/product\/yoast-seo-wordpress\/ -->\n<title>Formula 1 v\u0259 \u201cqanunsuz parkinq\u201d... - MEYDAN.TV<\/title>\n<meta name=\"robots\" content=\"index, follow, max-snippet:-1, max-image-preview:large, max-video-preview:-1\" \/>\n<link rel=\"canonical\" href=\"https:\/\/www.meydan.tv\/az\/article\/formula-1-ve-qanunsuz-parkinq\/\" \/>\n<meta property=\"og:locale\" content=\"az_AZ\" \/>\n<meta property=\"og:type\" content=\"article\" \/>\n<meta property=\"og:title\" content=\"Formula 1 v\u0259 \u201cqanunsuz parkinq\u201d... - MEYDAN.TV\" \/>\n<meta property=\"og:description\" content=\"\u201cPrezident\u0259 m\u0259ktublar\u201d silsil\u0259sind\u0259n H\u00f6rm\u0259tli c\u0259nab prezident! \u00c7oxdand\u0131r siz\u0259 m\u0259ktub yazm\u0131ram. ... Davam\u0131\" \/>\n<meta property=\"og:url\" content=\"https:\/\/www.meydan.tv\/az\/article\/formula-1-ve-qanunsuz-parkinq\/\" \/>\n<meta property=\"og:site_name\" content=\"MEYDAN.TV\" \/>\n<meta property=\"article:published_time\" content=\"2022-06-08T08:58:48+00:00\" \/>\n<meta property=\"article:modified_time\" content=\"2022-06-08T09:03:10+00:00\" \/>\n<meta property=\"og:image\" content=\"https:\/\/www.meydan.tv\/wp-content\/uploads\/parklanma-yeri.jpg\" \/>\n\t<meta property=\"og:image:width\" content=\"1200\" \/>\n\t<meta property=\"og:image:height\" content=\"822\" \/>\n\t<meta property=\"og:image:type\" content=\"image\/jpeg\" \/>\n<meta name=\"author\" content=\"elli\" \/>\n<meta name=\"twitter:card\" content=\"summary_large_image\" \/>\n<meta name=\"twitter:creator\" content=\"@elli\" \/>\n<script type=\"application\/ld+json\" class=\"yoast-schema-graph\">{\"@context\":\"https:\\\/\\\/schema.org\",\"@graph\":[{\"@type\":\"Article\",\"@id\":\"https:\\\/\\\/www.meydan.tv\\\/az\\\/article\\\/formula-1-ve-qanunsuz-parkinq\\\/#article\",\"isPartOf\":{\"@id\":\"https:\\\/\\\/www.meydan.tv\\\/az\\\/article\\\/formula-1-ve-qanunsuz-parkinq\\\/\"},\"author\":{\"name\":\"elli\",\"@id\":\"https:\\\/\\\/www.meydan.tv\\\/az\\\/#\\\/schema\\\/person\\\/9cdbecf90d17180ce1dfbd95b08dcf47\"},\"headline\":\"Formula 1 v\u0259 \u201cqanunsuz parkinq\u201d&#8230;\",\"datePublished\":\"2022-06-08T08:58:48+00:00\",\"dateModified\":\"2022-06-08T09:03:10+00:00\",\"mainEntityOfPage\":{\"@id\":\"https:\\\/\\\/www.meydan.tv\\\/az\\\/article\\\/formula-1-ve-qanunsuz-parkinq\\\/\"},\"wordCount\":1375,\"publisher\":{\"@id\":\"https:\\\/\\\/www.meydan.tv\\\/az\\\/#organization\"},\"image\":{\"@id\":\"https:\\\/\\\/www.meydan.tv\\\/az\\\/article\\\/formula-1-ve-qanunsuz-parkinq\\\/#primaryimage\"},\"thumbnailUrl\":\"https:\\\/\\\/www.meydan.tv\\\/wp-content\\\/uploads\\\/parklanma-yeri.jpg\",\"articleSection\":[\"M\u0259nim Fikrimc\u0259\",\"T\u00f6vsiy\u0259\"],\"inLanguage\":\"az\"},{\"@type\":\"WebPage\",\"@id\":\"https:\\\/\\\/www.meydan.tv\\\/az\\\/article\\\/formula-1-ve-qanunsuz-parkinq\\\/\",\"url\":\"https:\\\/\\\/www.meydan.tv\\\/az\\\/article\\\/formula-1-ve-qanunsuz-parkinq\\\/\",\"name\":\"Formula 1 v\u0259 \u201cqanunsuz parkinq\u201d... - MEYDAN.TV\",\"isPartOf\":{\"@id\":\"https:\\\/\\\/www.meydan.tv\\\/az\\\/#website\"},\"primaryImageOfPage\":{\"@id\":\"https:\\\/\\\/www.meydan.tv\\\/az\\\/article\\\/formula-1-ve-qanunsuz-parkinq\\\/#primaryimage\"},\"image\":{\"@id\":\"https:\\\/\\\/www.meydan.tv\\\/az\\\/article\\\/formula-1-ve-qanunsuz-parkinq\\\/#primaryimage\"},\"thumbnailUrl\":\"https:\\\/\\\/www.meydan.tv\\\/wp-content\\\/uploads\\\/parklanma-yeri.jpg\",\"datePublished\":\"2022-06-08T08:58:48+00:00\",\"dateModified\":\"2022-06-08T09:03:10+00:00\",\"breadcrumb\":{\"@id\":\"https:\\\/\\\/www.meydan.tv\\\/az\\\/article\\\/formula-1-ve-qanunsuz-parkinq\\\/#breadcrumb\"},\"inLanguage\":\"az\",\"potentialAction\":[{\"@type\":\"ReadAction\",\"target\":[\"https:\\\/\\\/www.meydan.tv\\\/az\\\/article\\\/formula-1-ve-qanunsuz-parkinq\\\/\"]}]},{\"@type\":\"ImageObject\",\"inLanguage\":\"az\",\"@id\":\"https:\\\/\\\/www.meydan.tv\\\/az\\\/article\\\/formula-1-ve-qanunsuz-parkinq\\\/#primaryimage\",\"url\":\"https:\\\/\\\/www.meydan.tv\\\/wp-content\\\/uploads\\\/parklanma-yeri.jpg\",\"contentUrl\":\"https:\\\/\\\/www.meydan.tv\\\/wp-content\\\/uploads\\\/parklanma-yeri.jpg\",\"width\":1200,\"height\":822,\"caption\":\"6 iyun, Az\u0259rbaycan Respublikas\u0131 Kinematoqraf\u00e7\u0131lar \u0130ttifaq\u0131n\u0131n qar\u015f\u0131s\u0131. M\u0259nb\u0259: \\\"Presklub\\\"\"},{\"@type\":\"BreadcrumbList\",\"@id\":\"https:\\\/\\\/www.meydan.tv\\\/az\\\/article\\\/formula-1-ve-qanunsuz-parkinq\\\/#breadcrumb\",\"itemListElement\":[{\"@type\":\"ListItem\",\"position\":1,\"name\":\"Ana s\u0259hif\u0259\",\"item\":\"https:\\\/\\\/www.meydan.tv\\\/az\\\/\"},{\"@type\":\"ListItem\",\"position\":2,\"name\":\"M\u0259nim Fikrimc\u0259\",\"item\":\"https:\\\/\\\/www.meydan.tv\\\/az\\\/section\\\/menim-fikrimce\\\/\"},{\"@type\":\"ListItem\",\"position\":3,\"name\":\"Formula 1 v\u0259 \u201cqanunsuz parkinq\u201d&#8230;\"}]},{\"@type\":\"WebSite\",\"@id\":\"https:\\\/\\\/www.meydan.tv\\\/az\\\/#website\",\"url\":\"https:\\\/\\\/www.meydan.tv\\\/az\\\/\",\"name\":\"MEYDAN.TV\",\"description\":\"Meydan TV Az\u0259rbaycan\u0131n media m\u0259kan\u0131ndak\u0131 alternativ s\u0259sidir\",\"publisher\":{\"@id\":\"https:\\\/\\\/www.meydan.tv\\\/az\\\/#organization\"},\"potentialAction\":[{\"@type\":\"SearchAction\",\"target\":{\"@type\":\"EntryPoint\",\"urlTemplate\":\"https:\\\/\\\/www.meydan.tv\\\/az\\\/?s={search_term_string}\"},\"query-input\":{\"@type\":\"PropertyValueSpecification\",\"valueRequired\":true,\"valueName\":\"search_term_string\"}}],\"inLanguage\":\"az\"},{\"@type\":\"Organization\",\"@id\":\"https:\\\/\\\/www.meydan.tv\\\/az\\\/#organization\",\"name\":\"Meydan TV\",\"url\":\"https:\\\/\\\/www.meydan.tv\\\/az\\\/\",\"logo\":{\"@type\":\"ImageObject\",\"inLanguage\":\"az\",\"@id\":\"https:\\\/\\\/www.meydan.tv\\\/az\\\/#\\\/schema\\\/logo\\\/image\\\/\",\"url\":\"https:\\\/\\\/www.meydan.tv\\\/wp-content\\\/uploads\\\/2021\\\/07\\\/meydan-logo.svg\",\"contentUrl\":\"https:\\\/\\\/www.meydan.tv\\\/wp-content\\\/uploads\\\/2021\\\/07\\\/meydan-logo.svg\",\"width\":195,\"height\":46,\"caption\":\"Meydan TV\"},\"image\":{\"@id\":\"https:\\\/\\\/www.meydan.tv\\\/az\\\/#\\\/schema\\\/logo\\\/image\\\/\"}},{\"@type\":\"Person\",\"@id\":\"https:\\\/\\\/www.meydan.tv\\\/az\\\/#\\\/schema\\\/person\\\/9cdbecf90d17180ce1dfbd95b08dcf47\",\"name\":\"elli\",\"sameAs\":[\"https:\\\/\\\/x.com\\\/elli\"]}]}<\/script>\n<!-- \/ Yoast SEO plugin. -->","yoast_head_json":{"title":"Formula 1 v\u0259 \u201cqanunsuz parkinq\u201d... - MEYDAN.TV","robots":{"index":"index","follow":"follow","max-snippet":"max-snippet:-1","max-image-preview":"max-image-preview:large","max-video-preview":"max-video-preview:-1"},"canonical":"https:\/\/www.meydan.tv\/az\/article\/formula-1-ve-qanunsuz-parkinq\/","og_locale":"az_AZ","og_type":"article","og_title":"Formula 1 v\u0259 \u201cqanunsuz parkinq\u201d... - MEYDAN.TV","og_description":"\u201cPrezident\u0259 m\u0259ktublar\u201d silsil\u0259sind\u0259n H\u00f6rm\u0259tli c\u0259nab prezident! \u00c7oxdand\u0131r siz\u0259 m\u0259ktub yazm\u0131ram. ... Davam\u0131","og_url":"https:\/\/www.meydan.tv\/az\/article\/formula-1-ve-qanunsuz-parkinq\/","og_site_name":"MEYDAN.TV","article_published_time":"2022-06-08T08:58:48+00:00","article_modified_time":"2022-06-08T09:03:10+00:00","og_image":[{"width":1200,"height":822,"url":"https:\/\/www.meydan.tv\/wp-content\/uploads\/parklanma-yeri.jpg","type":"image\/jpeg"}],"author":"elli","twitter_card":"summary_large_image","twitter_creator":"@elli","schema":{"@context":"https:\/\/schema.org","@graph":[{"@type":"Article","@id":"https:\/\/www.meydan.tv\/az\/article\/formula-1-ve-qanunsuz-parkinq\/#article","isPartOf":{"@id":"https:\/\/www.meydan.tv\/az\/article\/formula-1-ve-qanunsuz-parkinq\/"},"author":{"name":"elli","@id":"https:\/\/www.meydan.tv\/az\/#\/schema\/person\/9cdbecf90d17180ce1dfbd95b08dcf47"},"headline":"Formula 1 v\u0259 \u201cqanunsuz parkinq\u201d&#8230;","datePublished":"2022-06-08T08:58:48+00:00","dateModified":"2022-06-08T09:03:10+00:00","mainEntityOfPage":{"@id":"https:\/\/www.meydan.tv\/az\/article\/formula-1-ve-qanunsuz-parkinq\/"},"wordCount":1375,"publisher":{"@id":"https:\/\/www.meydan.tv\/az\/#organization"},"image":{"@id":"https:\/\/www.meydan.tv\/az\/article\/formula-1-ve-qanunsuz-parkinq\/#primaryimage"},"thumbnailUrl":"https:\/\/www.meydan.tv\/wp-content\/uploads\/parklanma-yeri.jpg","articleSection":["M\u0259nim Fikrimc\u0259","T\u00f6vsiy\u0259"],"inLanguage":"az"},{"@type":"WebPage","@id":"https:\/\/www.meydan.tv\/az\/article\/formula-1-ve-qanunsuz-parkinq\/","url":"https:\/\/www.meydan.tv\/az\/article\/formula-1-ve-qanunsuz-parkinq\/","name":"Formula 1 v\u0259 \u201cqanunsuz parkinq\u201d... - MEYDAN.TV","isPartOf":{"@id":"https:\/\/www.meydan.tv\/az\/#website"},"primaryImageOfPage":{"@id":"https:\/\/www.meydan.tv\/az\/article\/formula-1-ve-qanunsuz-parkinq\/#primaryimage"},"image":{"@id":"https:\/\/www.meydan.tv\/az\/article\/formula-1-ve-qanunsuz-parkinq\/#primaryimage"},"thumbnailUrl":"https:\/\/www.meydan.tv\/wp-content\/uploads\/parklanma-yeri.jpg","datePublished":"2022-06-08T08:58:48+00:00","dateModified":"2022-06-08T09:03:10+00:00","breadcrumb":{"@id":"https:\/\/www.meydan.tv\/az\/article\/formula-1-ve-qanunsuz-parkinq\/#breadcrumb"},"inLanguage":"az","potentialAction":[{"@type":"ReadAction","target":["https:\/\/www.meydan.tv\/az\/article\/formula-1-ve-qanunsuz-parkinq\/"]}]},{"@type":"ImageObject","inLanguage":"az","@id":"https:\/\/www.meydan.tv\/az\/article\/formula-1-ve-qanunsuz-parkinq\/#primaryimage","url":"https:\/\/www.meydan.tv\/wp-content\/uploads\/parklanma-yeri.jpg","contentUrl":"https:\/\/www.meydan.tv\/wp-content\/uploads\/parklanma-yeri.jpg","width":1200,"height":822,"caption":"6 iyun, Az\u0259rbaycan Respublikas\u0131 Kinematoqraf\u00e7\u0131lar \u0130ttifaq\u0131n\u0131n qar\u015f\u0131s\u0131. M\u0259nb\u0259: \"Presklub\""},{"@type":"BreadcrumbList","@id":"https:\/\/www.meydan.tv\/az\/article\/formula-1-ve-qanunsuz-parkinq\/#breadcrumb","itemListElement":[{"@type":"ListItem","position":1,"name":"Ana s\u0259hif\u0259","item":"https:\/\/www.meydan.tv\/az\/"},{"@type":"ListItem","position":2,"name":"M\u0259nim Fikrimc\u0259","item":"https:\/\/www.meydan.tv\/az\/section\/menim-fikrimce\/"},{"@type":"ListItem","position":3,"name":"Formula 1 v\u0259 \u201cqanunsuz parkinq\u201d&#8230;"}]},{"@type":"WebSite","@id":"https:\/\/www.meydan.tv\/az\/#website","url":"https:\/\/www.meydan.tv\/az\/","name":"MEYDAN.TV","description":"Meydan TV Az\u0259rbaycan\u0131n media m\u0259kan\u0131ndak\u0131 alternativ s\u0259sidir","publisher":{"@id":"https:\/\/www.meydan.tv\/az\/#organization"},"potentialAction":[{"@type":"SearchAction","target":{"@type":"EntryPoint","urlTemplate":"https:\/\/www.meydan.tv\/az\/?s={search_term_string}"},"query-input":{"@type":"PropertyValueSpecification","valueRequired":true,"valueName":"search_term_string"}}],"inLanguage":"az"},{"@type":"Organization","@id":"https:\/\/www.meydan.tv\/az\/#organization","name":"Meydan TV","url":"https:\/\/www.meydan.tv\/az\/","logo":{"@type":"ImageObject","inLanguage":"az","@id":"https:\/\/www.meydan.tv\/az\/#\/schema\/logo\/image\/","url":"https:\/\/www.meydan.tv\/wp-content\/uploads\/2021\/07\/meydan-logo.svg","contentUrl":"https:\/\/www.meydan.tv\/wp-content\/uploads\/2021\/07\/meydan-logo.svg","width":195,"height":46,"caption":"Meydan TV"},"image":{"@id":"https:\/\/www.meydan.tv\/az\/#\/schema\/logo\/image\/"}},{"@type":"Person","@id":"https:\/\/www.meydan.tv\/az\/#\/schema\/person\/9cdbecf90d17180ce1dfbd95b08dcf47","name":"elli","sameAs":["https:\/\/x.com\/elli"]}]}},"_links":{"self":[{"href":"https:\/\/www.meydan.tv\/az\/wp-json\/wp\/v2\/posts\/247740","targetHints":{"allow":["GET"]}}],"collection":[{"href":"https:\/\/www.meydan.tv\/az\/wp-json\/wp\/v2\/posts"}],"about":[{"href":"https:\/\/www.meydan.tv\/az\/wp-json\/wp\/v2\/types\/post"}],"author":[{"embeddable":true,"href":"https:\/\/www.meydan.tv\/az\/wp-json\/wp\/v2\/users\/8"}],"replies":[{"embeddable":true,"href":"https:\/\/www.meydan.tv\/az\/wp-json\/wp\/v2\/comments?post=247740"}],"version-history":[{"count":4,"href":"https:\/\/www.meydan.tv\/az\/wp-json\/wp\/v2\/posts\/247740\/revisions"}],"predecessor-version":[{"id":248592,"href":"https:\/\/www.meydan.tv\/az\/wp-json\/wp\/v2\/posts\/247740\/revisions\/248592"}],"wp:featuredmedia":[{"embeddable":true,"href":"https:\/\/www.meydan.tv\/az\/wp-json\/wp\/v2\/media\/247742"}],"wp:attachment":[{"href":"https:\/\/www.meydan.tv\/az\/wp-json\/wp\/v2\/media?parent=247740"}],"wp:term":[{"taxonomy":"category","embeddable":true,"href":"https:\/\/www.meydan.tv\/az\/wp-json\/wp\/v2\/categories?post=247740"},{"taxonomy":"post_tag","embeddable":true,"href":"https:\/\/www.meydan.tv\/az\/wp-json\/wp\/v2\/tags?post=247740"}],"curies":[{"name":"wp","href":"https:\/\/api.w.org\/{rel}","templated":true}]}}