{"id":247707,"date":"2022-06-08T00:29:54","date_gmt":"2022-06-07T20:29:54","guid":{"rendered":"https:\/\/www.meydan.tv\/?p=247707"},"modified":"2022-06-08T00:29:56","modified_gmt":"2022-06-07T20:29:56","slug":"bazardan-alinib-polis-sobesine-aparilan-paltarda-nermine-aid-lif-nece-tapilib","status":"publish","type":"post","link":"https:\/\/www.meydan.tv\/az\/article\/bazardan-alinib-polis-sobesine-aparilan-paltarda-nermine-aid-lif-nece-tapilib\/","title":{"rendered":"Bazardan al\u0131n\u0131b polis \u015f\u00f6b\u0259sin\u0259 apar\u0131lan paltarda N\u0259rmin\u0259 aid lif nec\u0259 tap\u0131l\u0131b?"},"content":{"rendered":"\n<p><\/p>\n\n\n\n<p><em>Azya\u015fl\u0131n\u0131n \u0259misi k\u0259ndd\u0259 yanm\u0131\u015f meyit tap\u0131lmam\u0131\u015fdan iki g\u00fcn \u0259vv\u0259l qon\u015fuya qarda\u015f\u0131 q\u0131z\u0131 haqda deyib ki\u2026<\/em><\/p>\n\n\n\n<p>Tovuz rayonunun Dondar Qu\u015f\u00e7u k\u0259ndind\u0259 2019-cu il noyabr\u0131n 21-d\u0259 itkin d\u00fc\u015fm\u00fc\u015f azya\u015fl\u0131 N\u0259rmin Quliyevan\u0131n \u0259misi yanm\u0131\u015f meyit tap\u0131lmam\u0131\u015fdan iki-\u00fc\u00e7 g\u00fcn \u0259vv\u0259l k\u0259nd sakinl\u0259rind\u0259n birin\u0259 deyib ki, onun qap\u0131s\u0131na N\u0259rminin paltar\u0131, ayaqqab\u0131s\u0131 at\u0131la bil\u0259r. Bu bar\u0259d\u0259 iyunun 7-d\u0259 m\u0259hk\u0259m\u0259d\u0259 h\u0259min k\u0259nd sakini \u00dcrf\u0259t \u018fliyev dan\u0131\u015f\u0131b.<\/p>\n\n\n\n<p>N\u0259rminin o\u011furlan\u0131b \u00f6ld\u00fcr\u00fclm\u0259sil\u0259 ba\u011fl\u0131 cinay\u0259t i\u015fi bir ildir ki, G\u0259nc\u0259 A\u011f\u0131r Cinay\u0259tl\u0259r M\u0259hk\u0259m\u0259sind\u0259 ara\u015fd\u0131r\u0131l\u0131r.<\/p>\n\n\n\n<p>\u015eahid qismind\u0259 dindiril\u0259n \u00dcrf\u0259t \u018fliyev bildirib ki, N\u0259rminin \u0259misi Arif Quliyevl\u0259 aralar\u0131nda bu s\u00f6hb\u0259t 2020-ci il yanvar\u0131n 3-\u00fc v\u0259 ya 4-d\u0259 olub. H\u0259min vaxt u\u015faq t\u0259xmin\u0259n 45 g\u00fcn idi ki, itmi\u015fdi. \u00dcst\u00fcnd\u0259n iki g\u00fcn ke\u00e7\u0259nd\u0259n sonra yax\u0131nl\u0131qdan yanm\u0131\u015f meyit tap\u0131l\u0131b.<\/p>\n\n\n\n<p>\u00dcrf\u0259t \u018fliyev azya\u015fl\u0131n\u0131 o\u011furlay\u0131b \u00f6ld\u00fcrm\u0259kd\u0259 ittiham olunan \u0130lkin S\u00fcleymanovgilin qon\u015fulu\u011funda ya\u015fay\u0131r:<\/p>\n\n\n\n<p>\u201cYolda\u015f\u0131m g\u0259lib dedi ki, Arif s\u0259ni \u00e7a\u011f\u0131r\u0131r. \u00c7\u0131xd\u0131m. Dedi ki, g\u00f6z-qulaqda ol, bird\u0259n N\u0259rminin ayaqqab\u0131s\u0131ndan, paltar\u0131ndan g\u0259tirib atarlar qap\u0131na, d\u0259rhal x\u0259b\u0259r ver biz\u0259, qon\u015fuyuq, d\u00fc\u015fm\u0259n ed\u0259rl\u0259r bizi\u2026\u201d<\/p>\n\n\n\n<p>\u015eahid deyir ki, N\u0259rminin \u0259misinin hans\u0131 m\u0259qs\u0259dl\u0259 onlara g\u0259lib bel\u0259 bir s\u00f6z dediyini, ba\u015fqa k\u0259nd sakinl\u0259rin\u0259 d\u0259 bel\u0259 bir m\u00fcraci\u0259tinin olub-olmad\u0131\u011f\u0131n\u0131 bilmir.<\/p>\n\n\n\n<p>N\u0259rminin qohumlar\u0131 iddia edir ki, u\u015faq itkin oldu\u011fu m\u00fcdd\u0259td\u0259 k\u0259ndd\u0259ki b\u00fct\u00fcn evl\u0259rd\u0259 axtar\u0131\u015f apar\u0131l\u0131b, yaln\u0131z \u0130lkin S\u00fcleymanov v\u0259 h\u0259min vaxt polis orqanlar\u0131nda \u00e7al\u0131\u015fan \u0259misio\u011flugild\u0259 axtar\u0131\u015f apar\u0131lmay\u0131b. Lakin m\u0259hk\u0259m\u0259d\u0259 dindiril\u0259n xeyli \u015fahid bildirib ki, u\u015faq itkin oldu\u011fu vaxtlarda onlar\u0131n da evind\u0259 axtar\u0131\u015f apar\u0131lmay\u0131b. Axtar\u0131\u015f yanm\u0131\u015f meyit tap\u0131landan sonra apar\u0131l\u0131b.<\/p>\n\n\n\n<p>\u00dcrf\u0259t \u018fliyev d\u0259 deyir ki, N\u0259rmin itkin oldu\u011fu d\u00f6vrd\u0259 onlar\u0131n evind\u0259 axtar\u0131\u015f aparan olmay\u0131b. Yaln\u0131z yanm\u0131\u015f meyit tap\u0131landan iki g\u00fcn sonra onun evind\u0259 axtar\u0131\u015f olub.<\/p>\n\n\n\n<p>Bu \u015fahid onu da bildirib ki, 2020-ci il yanvar\u0131n 6-da \u2013 yanm\u0131\u015f meyit tap\u0131lan g\u00fcn \u0130lkin S\u00fcleymanovu idar\u0259 etdiyi avtomobill\u0259 G\u0259nc\u0259y\u0259 h\u00fczr m\u0259rasimin\u0259 apar\u0131b.<\/p>\n\n\n\n<p>M\u0259hk\u0259m\u0259d\u0259 dindiril\u0259n daha bir \u015fahid \u2013 Nicat Eminov is\u0259 N\u0259rminin 47 g\u00fcn \u0259rzind\u0259 saxland\u0131\u011f\u0131 iddia olunan otaqla ba\u011fl\u0131 ifad\u0259 verib. H\u0259min otaq \u0130lkin S\u00fcleymanovgilin h\u0259y\u0259tind\u0259ki ikinci evin ikinci m\u0259rt\u0259b\u0259sind\u0259 yerl\u0259\u015f\u0259n iki otaqdan biridir. Nicat Eminov is\u0259 \u0130lkin S\u00fcleymanovun bac\u0131s\u0131 o\u011fludur:<\/p>\n\n\n\n<p>\u201cM\u0259n Bak\u0131da ya\u015fay\u0131ram, anam is\u0259 k\u0259ndd\u0259. O hadis\u0259d\u0259n bir m\u00fcdd\u0259t \u0259vv\u0259l babam insult ke\u00e7irmi\u015fdi, anam gedib babamgild\u0259 qal\u0131rd\u0131, ona bax\u0131rd\u0131. M\u0259n dekabr\u0131n 15-d\u0259 sinif yolda\u015f\u0131m\u0131n toyuna g\u00f6r\u0259 k\u0259nd\u0259 g\u0259ldim. H\u0259min vaxt Bak\u0131da ya\u015fayan iki sinif yolda\u015f\u0131m v\u0259 bir tan\u0131\u015f\u0131m da m\u0259niml\u0259 g\u0259lmi\u015fdi. Anam babamgild\u0259 qald\u0131\u011f\u0131na g\u00f6r\u0259 biz d\u0259 el\u0259 birba\u015fa ora g\u0259ldik. \u00c7\u00fcnki gec\u0259 g\u0259lirdik, anam nigaran qal\u0131rd\u0131, tez-tez z\u0259ng edirdi. Dekabr\u0131n 18-n\u0259 q\u0259d\u0259r el\u0259 orada qald\u0131q, 18-d\u0259 qay\u0131td\u0131m\u2026\u201d<\/p>\n\n\n\n<p>Nicat Eminovun s\u00f6zl\u0259rin\u0259 g\u00f6r\u0259, dekabr\u0131n 15-d\u0259n 18-n\u0259 q\u0259d\u0259r 2 toya gedib. Toya ged\u0259nd\u0259 \u00e7\u0131x\u0131b N\u0259rminin saxland\u0131\u011f\u0131 iddia olunan otaqda geyimini d\u0259yi\u015fib:<\/p>\n\n\n\n<p>\u201cOrada day\u0131m Adilin bir ne\u00e7\u0259 d\u0259st kostyumu as\u0131lm\u0131\u015fd\u0131. M\u0259n qalx\u0131b o otaqda day\u0131m\u0131n bir penc\u0259yini \u00f6z \u015falvar\u0131mla uy\u011funla\u015fd\u0131r\u0131b geyindim, a\u015fa\u011f\u0131 d\u00fc\u015fd\u00fcm\u201d.<\/p>\n\n\n\n<p>\u201cO otaqda he\u00e7 kim yox idi. H\u0259tta siqaret d\u0259 \u00e7\u0259kdim. Bu zaman anam v\u0259 dostum Orxan da h\u0259y\u0259td\u0259 s\u00f6hb\u0259t edirdil\u0259r. Siqaretin k\u00f6t\u00fcy\u00fcn\u00fc anam h\u0259y\u0259td\u0259 idi dey\u0259 qap\u0131dan atmad\u0131m, p\u0259nc\u0259r\u0259d\u0259n a\u011fcaqanada g\u00f6r\u0259 tax\u0131lan \u201csetkan\u0131\u201d de\u015fib, oradan ba\u011fa atd\u0131m. D\u00fc\u015f\u0259nd\u0259 anamla Orxan bax\u0131b dedil\u0259r ki, penc\u0259k q\u0131sad\u0131r, yax\u015f\u0131 g\u00f6r\u00fcnm\u00fcr. Anamla yana\u015f\u0131, Orxan da bunu t\u0259sdiq ed\u0259 bil\u0259r. Qalx\u0131b bir d\u0259 d\u0259yi\u015fib, el\u0259 \u00f6z\u00fcm\u00fcnk\u00fcn\u00fc geyindim. Sonra bir toya da ged\u0259nd\u0259 o penc\u0259yi geyindim\u201d, &#8211; \u015fahid deyib.<\/p>\n\n\n\n<p>Nicat Eminov \u0259lav\u0259 edib ki, h\u0259r iki toyda i\u015ftirak\u0131 v\u0259 geyiml\u0259ril\u0259 ba\u011fl\u0131 video v\u0259 foto\u015f\u0259kill\u0259ri \u0259ld\u0259 edib, m\u0259hk\u0259m\u0259y\u0259 t\u0259qdim ed\u0259 bil\u0259r.<\/p>\n\n\n\n<p>Nicat Eminov onu da bildirib ki, day\u0131s\u0131n\u0131n saxland\u0131\u011f\u0131n\u0131 yanvar\u0131n 6-dan bilirdi. Lakin onlar\u0131 \u0259min edirdil\u0259r ki, \u0130lkin S\u00fcleymanovun izahat\u0131 al\u0131n\u0131b burax\u0131lacaq. 2020-ci il yanvar\u0131n 10-da internetd\u0259n oxuyub ki, day\u0131s\u0131 N\u0259rminin qatili kimi t\u0259qdim edil\u0259r\u0259k, h\u0259bs olunub. Bundan d\u0259rhal sonra ax\u015fam saatlar\u0131nda k\u0259nd\u0259 gedib:<\/p>\n\n\n\n<p>\u201cYanvar\u0131n 11-d\u0259 iki polis babama qar\u015f\u0131 kobudluq el\u0259di. Babama deyirdi ki, utan\u0131n, o\u011flun azya\u015fl\u0131 u\u015fa\u011fa t\u0259cav\u00fcz edib. Babam deyirdi ki, yalan deyirsiz, m\u0259nim o\u011flum g\u00fcnahs\u0131zd\u0131r, sad\u0259c\u0259, canavarlar\u0131n a\u011fz\u0131na d\u00fc\u015f\u00fcb, onu par\u00e7alay\u0131rlar\u201d.<\/p>\n\n\n\n<p>Nicat Eminov deyib ki, babas\u0131na qar\u015f\u0131 bu c\u00fcr kobudlu\u011fa etiraz edib:<\/p>\n\n\n\n<p>\u201cBir az sonra polis r\u0259isi \u015eirzad \u018fsg\u0259rov v\u0259 s\u0259hv el\u0259mir\u0259ms\u0259, icra ba\u015f\u00e7\u0131s\u0131 g\u0259ldi. \u015eirzad m\u0259ni h\u0259d\u0259l\u0259di ki, s\u0259ni d\u0259 basaram day\u0131n\u0131n yan\u0131na, he\u00e7 kim d\u0259 \u00e7\u0131xara bilm\u0259z. M\u0259n yen\u0259 s\u00f6z\u00fcm\u00fc dedim ki, daha el\u0259diyinizi el\u0259misiz. M\u0259n\u0259 dedi ki, s\u0259n\u0259 vaxt verir\u0259m k\u0259ndd\u0259n \u00e7\u0131xmaq \u00fc\u00e7\u00fcn, yoxsa day\u0131n\u0131n yan\u0131na g\u00f6nd\u0259r\u0259c\u0259m s\u0259ni. Dedim, n\u0259 ist\u0259yirs\u0259n, el\u0259. O biri day\u0131m B\u0259hruz m\u0259ni sakitl\u0259\u015fdirdib yola g\u0259tirm\u0259y\u0259 \u00e7al\u0131\u015f\u0131rd\u0131 ki, dedikl\u0259rini el\u0259yim\u201d.<\/p>\n\n\n\n<p>\u201c\u015eirzad yan\u0131ma iki polis qo\u015fdu, g\u0259tirdil\u0259r m\u0259ni \u00fc\u00e7 yoldan avtobusa mindirib k\u0259ndd\u0259n \u00e7\u0131xartd\u0131lar. Avtobus s\u00fcr\u00fcc\u00fcs\u00fcn\u00fcn n\u00f6mr\u0259sini g\u00f6t\u00fcrm\u00fc\u015fd\u00fcl\u0259r, tez-tez z\u0259ng edib soru\u015furdular ki, d\u00fc\u015fm\u0259mi\u015f\u0259m? S\u00fcr\u00fcc\u00fc \u00f6z\u00fc m\u0259n\u0259 dedi ki, s\u0259n neyl\u0259mis\u0259n, bunlar s\u0259n\u0259 bel\u0259 n\u0259zar\u0259t edir?\u201d, &#8211; \u015fahid deyib.<\/p>\n\n\n\n<p>M\u0259hk\u0259m\u0259d\u0259 Tovuzdak\u0131 m\u0259rk\u0259zi bazarda alt paltarlar\u0131n\u0131n sat\u0131\u015f\u0131yla m\u0259\u015f\u011ful olan M\u00fcsl\u00fcm \u018fliyev d\u0259 dindirilib. O, \u0130lkin S\u00fcleymanov \u00fc\u00e7\u00fcn al\u0131nan isti alt tuman-k\u00f6yn\u0259kl\u0259 ba\u011fl\u0131 ifad\u0259 verilib. \u00c7\u00fcnki h\u0259min paltar\u0131n \u00fcz\u0259rind\u0259n N\u0259rmin Quliyevan\u0131n paltar\u0131n\u0131n lifinin tap\u0131lmas\u0131 haqda ekspertiza r\u0259yi al\u0131n\u0131b.<\/p>\n\n\n\n<p>\u0130lkin S\u00fcleymanovun qarda\u015f\u0131 B\u0259hruz S\u00fcleymanov bildirib ki, h\u0259min alt paltar\u0131n\u0131 qarda\u015f\u0131 polis \u015f\u00f6b\u0259sind\u0259 oldu\u011fu vaxt \u2013 8 yanvar 2020-ci ild\u0259 bazardan al\u0131b, yem\u0259kl\u0259 birlikd\u0259 apar\u0131b Tovuz rayon Polis \u015e\u00f6b\u0259sinin n\u00f6vb\u0259t\u00e7i hiss\u0259sin\u0259 t\u0259hvil verib. Onun s\u00f6zl\u0259rin\u0259 g\u00f6r\u0259, h\u0259min paltar al\u0131nanda \u0130lkin S\u00fcleymanov art\u0131q tutulmu\u015fdu, onun \u00fcz\u0259rind\u0259n N\u0259rminin paltar\u0131n\u0131n lifinin tap\u0131lmas\u0131 m\u0259ntiqsizdir.<\/p>\n\n\n\n<p>M\u00fcsl\u00fcm \u018fliyev d\u0259 m\u0259hk\u0259m\u0259d\u0259 bu fakt\u0131 t\u0259sdiql\u0259yib:<\/p>\n\n\n\n<p>\u201cM\u0259n yanvar\u0131n 6-da Bak\u0131ya mal alma\u011fa g\u0259lmi\u015fdim, 7-d\u0259 rayona qay\u0131td\u0131m. 8-d\u0259 bazara \u00e7\u0131xd\u0131m. H\u0259min vaxt B\u0259hruz g\u0259ldi, isti alt paltar\u0131 ist\u0259di. Dedi ki, \u0130lkin \u00fc\u00e7\u00fcn ist\u0259yir. Biz sellofandan a\u00e7d\u0131q, baxd\u0131q ki, \u0130lkinin \u00f6l\u00e7\u00fcs\u00fcn\u0259 uy\u011fun olsun. M\u0259n \u00f6z\u00fcm d\u0259 Dondar Qu\u015f\u00e7u k\u0259ndind\u0259n\u0259m, \u0130lkini tan\u0131y\u0131ram. Baxd\u0131q ki, qollar\u0131, eni ona uy\u011fun olsun. \u0130lkin onda tutulmu\u015fdu, polis \u015f\u00f6b\u0259sind\u0259 idi\u201d.<\/p>\n\n\n\n<p>\u0130lkin S\u00fcleymanov \u00f6z\u00fc d\u0259, m\u0259hk\u0259m\u0259d\u0259 dindiril\u0259n \u015fahidl\u0259r d\u0259 onun yanvar\u0131n 6-da saxland\u0131\u011f\u0131n\u0131 bildirir. Lakin cinay\u0259t i\u015finin materiallar\u0131nda onun tutulma vaxt\u0131 yanvar\u0131n 10-u g\u00f6st\u0259rilib. \u0130lkin S\u00fcleymanov bildirir ki, 4 g\u00fcn \u0259rzind\u0259 Tovuz Rayon Polis \u015e\u00f6b\u0259sind\u0259 i\u015fg\u0259nc\u0259l\u0259r\u0259 m\u0259ruz qal\u0131b v\u0259 d\u00f6zm\u0259y\u0259r\u0259k, yanvar\u0131n 10-da etiraf ifad\u0259si verib.<\/p>\n\n\n\n<p>M\u0259hk\u0259m\u0259 prosesi yanvar\u0131n 8-d\u0259 davam ed\u0259c\u0259k.<\/p>\n\n\n\n<p>1973-c\u00fc il t\u0259v\u0259ll\u00fcdl\u00fc \u0130lkin S\u00fcleymanov Cinay\u0259t M\u0259c\u0259ll\u0259sinin 120.2.4 (x\u00fcsusi amans\u0131zl\u0131qla q\u0259sd\u0259n adam \u00f6ld\u00fcrm\u0259), 120.2.9 (t\u0259qsirkar \u015f\u0259xs \u00fc\u00e7\u00fcn a\u015fkar sur\u0259td\u0259 k\u00f6m\u0259ksiz v\u0259ziyy\u0259td\u0259 olan adam\u0131 q\u0259sd\u0259n \u00f6ld\u00fcrm\u0259), 133.2.1 (o\u011furlanm\u0131\u015f \u015f\u0259xs\u0259 \u0259zab verm\u0259), 133.2.4 (yetkinlik ya\u015f\u0131na \u00e7atmayan, k\u00f6m\u0259ksiz v\u0259ziyy\u0259td\u0259 olan \u015f\u0259xs\u0259 \u0259zab verm\u0259), 144-c\u00fc (adam o\u011furlu\u011fu) madd\u0259l\u0259ril\u0259 ittiham olunur.<\/p>\n\n\n\n<p>\u0130ttihama \u0259sas\u0259n, o, sinif yolda\u015f\u0131 \u015e\u0259rif Quliyevin ail\u0259si, u\u015faqlar\u0131 oldu\u011funa g\u00f6r\u0259 onu q\u0131sqan\u0131b, buna g\u00f6r\u0259 d\u0259 onun q\u0131z\u0131 N\u0259rmini o\u011furlayaraq, 47 g\u00fcn sonra q\u0259tl\u0259 yetirib.<\/p>\n\n\n\n<p>\u0130lkin S\u00fcleymanov is\u0259 azya\u015fl\u0131n\u0131n \u00f6l\u00fcm\u00fcn\u0259 aidiyy\u0259ti olmad\u0131\u011f\u0131n\u0131 deyir. \u0130lkin ifad\u0259sind\u0259ki etirafa g\u0259linc\u0259, o bildirib ki, 2020-ci il yanvar\u0131n 6-dan 10-na q\u0259d\u0259r Tovuz rayon Polis \u015e\u00f6b\u0259sind\u0259 i\u015fg\u0259nc\u0259y\u0259 m\u0259ruz qal\u0131b. D\u00f6rd g\u00fcn sonra i\u015fg\u0259nc\u0259l\u0259r\u0259 d\u00f6zm\u0259y\u0259r\u0259k, etiraf ifad\u0259sin\u0259 imza atma\u011fa m\u0259cbur olub.<\/p>\n\n\n\n<p>Ba\u015f Prokurorluq is\u0259 i\u015fg\u0259nc\u0259 iddialar\u0131n\u0131 t\u0259kzib edib<\/p>\n","protected":false},"excerpt":{"rendered":"<p>Azya\u015fl\u0131n\u0131n \u0259misi k\u0259ndd\u0259 yanm\u0131\u015f meyit tap\u0131lmam\u0131\u015fdan iki g\u00fcn \u0259vv\u0259l qon\u015fuya &#8230; <\/p>\n<p class=\"read-more-container\"><a title=\"Bazardan al\u0131n\u0131b polis \u015f\u00f6b\u0259sin\u0259 apar\u0131lan paltarda N\u0259rmin\u0259 aid lif nec\u0259 tap\u0131l\u0131b?\" class=\"read-more button\" href=\"https:\/\/www.meydan.tv\/az\/article\/bazardan-alinib-polis-sobesine-aparilan-paltarda-nermine-aid-lif-nece-tapilib\/#more-247707\" aria-label=\"Read more about Bazardan al\u0131n\u0131b polis \u015f\u00f6b\u0259sin\u0259 apar\u0131lan paltarda N\u0259rmin\u0259 aid lif nec\u0259 tap\u0131l\u0131b?\">Davam\u0131<\/a><\/p>\n","protected":false},"author":8,"featured_media":241424,"comment_status":"closed","ping_status":"closed","sticky":false,"template":"","format":"standard","meta":{"_acf_changed":false,"_sitemap_exclude":false,"_sitemap_priority":"","_sitemap_frequency":"","footnotes":""},"categories":[60,56],"tags":[],"class_list":["post-247707","post","type-post","status-publish","format-standard","has-post-thumbnail","hentry","category-bolge","category-xeberler","infinite-scroll-item","generate-columns","tablet-grid-50","mobile-grid-100","grid-parent","grid-33","no-featured-image-padding"],"acf":[],"yoast_head":"<!-- This site is optimized with the Yoast SEO plugin v27.5 - https:\/\/yoast.com\/product\/yoast-seo-wordpress\/ -->\n<title>Bazardan al\u0131n\u0131b polis \u015f\u00f6b\u0259sin\u0259 apar\u0131lan paltarda N\u0259rmin\u0259 aid lif nec\u0259 tap\u0131l\u0131b? - MEYDAN.TV<\/title>\n<meta name=\"robots\" content=\"index, follow, max-snippet:-1, max-image-preview:large, max-video-preview:-1\" \/>\n<link rel=\"canonical\" href=\"https:\/\/www.meydan.tv\/az\/article\/bazardan-alinib-polis-sobesine-aparilan-paltarda-nermine-aid-lif-nece-tapilib\/\" \/>\n<meta property=\"og:locale\" content=\"az_AZ\" \/>\n<meta property=\"og:type\" content=\"article\" \/>\n<meta property=\"og:title\" content=\"Bazardan al\u0131n\u0131b polis \u015f\u00f6b\u0259sin\u0259 apar\u0131lan paltarda N\u0259rmin\u0259 aid lif nec\u0259 tap\u0131l\u0131b? - MEYDAN.TV\" \/>\n<meta property=\"og:description\" content=\"Azya\u015fl\u0131n\u0131n \u0259misi k\u0259ndd\u0259 yanm\u0131\u015f meyit tap\u0131lmam\u0131\u015fdan iki g\u00fcn \u0259vv\u0259l qon\u015fuya ... Davam\u0131\" \/>\n<meta property=\"og:url\" content=\"https:\/\/www.meydan.tv\/az\/article\/bazardan-alinib-polis-sobesine-aparilan-paltarda-nermine-aid-lif-nece-tapilib\/\" \/>\n<meta property=\"og:site_name\" content=\"MEYDAN.TV\" \/>\n<meta property=\"article:published_time\" content=\"2022-06-07T20:29:54+00:00\" \/>\n<meta property=\"article:modified_time\" content=\"2022-06-07T20:29:56+00:00\" \/>\n<meta property=\"og:image\" content=\"https:\/\/www.meydan.tv\/wp-content\/uploads\/photo-2022-04-11-16-04-01-e1649746574597.jpg\" \/>\n\t<meta property=\"og:image:width\" content=\"1200\" \/>\n\t<meta property=\"og:image:height\" content=\"711\" \/>\n\t<meta property=\"og:image:type\" content=\"image\/jpeg\" \/>\n<meta name=\"author\" content=\"elli\" \/>\n<meta name=\"twitter:card\" content=\"summary_large_image\" \/>\n<meta name=\"twitter:creator\" content=\"@elli\" \/>\n<script type=\"application\/ld+json\" class=\"yoast-schema-graph\">{\"@context\":\"https:\\\/\\\/schema.org\",\"@graph\":[{\"@type\":\"Article\",\"@id\":\"https:\\\/\\\/www.meydan.tv\\\/az\\\/article\\\/bazardan-alinib-polis-sobesine-aparilan-paltarda-nermine-aid-lif-nece-tapilib\\\/#article\",\"isPartOf\":{\"@id\":\"https:\\\/\\\/www.meydan.tv\\\/az\\\/article\\\/bazardan-alinib-polis-sobesine-aparilan-paltarda-nermine-aid-lif-nece-tapilib\\\/\"},\"author\":{\"name\":\"elli\",\"@id\":\"https:\\\/\\\/www.meydan.tv\\\/az\\\/#\\\/schema\\\/person\\\/9cdbecf90d17180ce1dfbd95b08dcf47\"},\"headline\":\"Bazardan al\u0131n\u0131b polis \u015f\u00f6b\u0259sin\u0259 apar\u0131lan paltarda N\u0259rmin\u0259 aid lif nec\u0259 tap\u0131l\u0131b?\",\"datePublished\":\"2022-06-07T20:29:54+00:00\",\"dateModified\":\"2022-06-07T20:29:56+00:00\",\"mainEntityOfPage\":{\"@id\":\"https:\\\/\\\/www.meydan.tv\\\/az\\\/article\\\/bazardan-alinib-polis-sobesine-aparilan-paltarda-nermine-aid-lif-nece-tapilib\\\/\"},\"wordCount\":1683,\"publisher\":{\"@id\":\"https:\\\/\\\/www.meydan.tv\\\/az\\\/#organization\"},\"image\":{\"@id\":\"https:\\\/\\\/www.meydan.tv\\\/az\\\/article\\\/bazardan-alinib-polis-sobesine-aparilan-paltarda-nermine-aid-lif-nece-tapilib\\\/#primaryimage\"},\"thumbnailUrl\":\"https:\\\/\\\/www.meydan.tv\\\/wp-content\\\/uploads\\\/photo-2022-04-11-16-04-01-e1685950918665.jpg\",\"articleSection\":[\"B\u00f6lg\u0259\",\"X\u0259b\u0259rl\u0259r\"],\"inLanguage\":\"az\"},{\"@type\":\"WebPage\",\"@id\":\"https:\\\/\\\/www.meydan.tv\\\/az\\\/article\\\/bazardan-alinib-polis-sobesine-aparilan-paltarda-nermine-aid-lif-nece-tapilib\\\/\",\"url\":\"https:\\\/\\\/www.meydan.tv\\\/az\\\/article\\\/bazardan-alinib-polis-sobesine-aparilan-paltarda-nermine-aid-lif-nece-tapilib\\\/\",\"name\":\"Bazardan al\u0131n\u0131b polis \u015f\u00f6b\u0259sin\u0259 apar\u0131lan paltarda N\u0259rmin\u0259 aid lif nec\u0259 tap\u0131l\u0131b? - MEYDAN.TV\",\"isPartOf\":{\"@id\":\"https:\\\/\\\/www.meydan.tv\\\/az\\\/#website\"},\"primaryImageOfPage\":{\"@id\":\"https:\\\/\\\/www.meydan.tv\\\/az\\\/article\\\/bazardan-alinib-polis-sobesine-aparilan-paltarda-nermine-aid-lif-nece-tapilib\\\/#primaryimage\"},\"image\":{\"@id\":\"https:\\\/\\\/www.meydan.tv\\\/az\\\/article\\\/bazardan-alinib-polis-sobesine-aparilan-paltarda-nermine-aid-lif-nece-tapilib\\\/#primaryimage\"},\"thumbnailUrl\":\"https:\\\/\\\/www.meydan.tv\\\/wp-content\\\/uploads\\\/photo-2022-04-11-16-04-01-e1685950918665.jpg\",\"datePublished\":\"2022-06-07T20:29:54+00:00\",\"dateModified\":\"2022-06-07T20:29:56+00:00\",\"breadcrumb\":{\"@id\":\"https:\\\/\\\/www.meydan.tv\\\/az\\\/article\\\/bazardan-alinib-polis-sobesine-aparilan-paltarda-nermine-aid-lif-nece-tapilib\\\/#breadcrumb\"},\"inLanguage\":\"az\",\"potentialAction\":[{\"@type\":\"ReadAction\",\"target\":[\"https:\\\/\\\/www.meydan.tv\\\/az\\\/article\\\/bazardan-alinib-polis-sobesine-aparilan-paltarda-nermine-aid-lif-nece-tapilib\\\/\"]}]},{\"@type\":\"ImageObject\",\"inLanguage\":\"az\",\"@id\":\"https:\\\/\\\/www.meydan.tv\\\/az\\\/article\\\/bazardan-alinib-polis-sobesine-aparilan-paltarda-nermine-aid-lif-nece-tapilib\\\/#primaryimage\",\"url\":\"https:\\\/\\\/www.meydan.tv\\\/wp-content\\\/uploads\\\/photo-2022-04-11-16-04-01-e1685950918665.jpg\",\"contentUrl\":\"https:\\\/\\\/www.meydan.tv\\\/wp-content\\\/uploads\\\/photo-2022-04-11-16-04-01-e1685950918665.jpg\",\"width\":1200,\"height\":450,\"caption\":\"\u0130lkin S\u00fcleymanov. Foto: Meydan TV\"},{\"@type\":\"BreadcrumbList\",\"@id\":\"https:\\\/\\\/www.meydan.tv\\\/az\\\/article\\\/bazardan-alinib-polis-sobesine-aparilan-paltarda-nermine-aid-lif-nece-tapilib\\\/#breadcrumb\",\"itemListElement\":[{\"@type\":\"ListItem\",\"position\":1,\"name\":\"Ana s\u0259hif\u0259\",\"item\":\"https:\\\/\\\/www.meydan.tv\\\/az\\\/\"},{\"@type\":\"ListItem\",\"position\":2,\"name\":\"B\u00f6lg\u0259\",\"item\":\"https:\\\/\\\/www.meydan.tv\\\/az\\\/section\\\/bolge\\\/\"},{\"@type\":\"ListItem\",\"position\":3,\"name\":\"Bazardan al\u0131n\u0131b polis \u015f\u00f6b\u0259sin\u0259 apar\u0131lan paltarda N\u0259rmin\u0259 aid lif nec\u0259 tap\u0131l\u0131b?\"}]},{\"@type\":\"WebSite\",\"@id\":\"https:\\\/\\\/www.meydan.tv\\\/az\\\/#website\",\"url\":\"https:\\\/\\\/www.meydan.tv\\\/az\\\/\",\"name\":\"MEYDAN.TV\",\"description\":\"Meydan TV Az\u0259rbaycan\u0131n media m\u0259kan\u0131ndak\u0131 alternativ s\u0259sidir\",\"publisher\":{\"@id\":\"https:\\\/\\\/www.meydan.tv\\\/az\\\/#organization\"},\"potentialAction\":[{\"@type\":\"SearchAction\",\"target\":{\"@type\":\"EntryPoint\",\"urlTemplate\":\"https:\\\/\\\/www.meydan.tv\\\/az\\\/?s={search_term_string}\"},\"query-input\":{\"@type\":\"PropertyValueSpecification\",\"valueRequired\":true,\"valueName\":\"search_term_string\"}}],\"inLanguage\":\"az\"},{\"@type\":\"Organization\",\"@id\":\"https:\\\/\\\/www.meydan.tv\\\/az\\\/#organization\",\"name\":\"Meydan TV\",\"url\":\"https:\\\/\\\/www.meydan.tv\\\/az\\\/\",\"logo\":{\"@type\":\"ImageObject\",\"inLanguage\":\"az\",\"@id\":\"https:\\\/\\\/www.meydan.tv\\\/az\\\/#\\\/schema\\\/logo\\\/image\\\/\",\"url\":\"https:\\\/\\\/www.meydan.tv\\\/wp-content\\\/uploads\\\/2021\\\/07\\\/meydan-logo.svg\",\"contentUrl\":\"https:\\\/\\\/www.meydan.tv\\\/wp-content\\\/uploads\\\/2021\\\/07\\\/meydan-logo.svg\",\"width\":195,\"height\":46,\"caption\":\"Meydan TV\"},\"image\":{\"@id\":\"https:\\\/\\\/www.meydan.tv\\\/az\\\/#\\\/schema\\\/logo\\\/image\\\/\"}},{\"@type\":\"Person\",\"@id\":\"https:\\\/\\\/www.meydan.tv\\\/az\\\/#\\\/schema\\\/person\\\/9cdbecf90d17180ce1dfbd95b08dcf47\",\"name\":\"elli\",\"sameAs\":[\"https:\\\/\\\/x.com\\\/elli\"]}]}<\/script>\n<!-- \/ Yoast SEO plugin. -->","yoast_head_json":{"title":"Bazardan al\u0131n\u0131b polis \u015f\u00f6b\u0259sin\u0259 apar\u0131lan paltarda N\u0259rmin\u0259 aid lif nec\u0259 tap\u0131l\u0131b? - MEYDAN.TV","robots":{"index":"index","follow":"follow","max-snippet":"max-snippet:-1","max-image-preview":"max-image-preview:large","max-video-preview":"max-video-preview:-1"},"canonical":"https:\/\/www.meydan.tv\/az\/article\/bazardan-alinib-polis-sobesine-aparilan-paltarda-nermine-aid-lif-nece-tapilib\/","og_locale":"az_AZ","og_type":"article","og_title":"Bazardan al\u0131n\u0131b polis \u015f\u00f6b\u0259sin\u0259 apar\u0131lan paltarda N\u0259rmin\u0259 aid lif nec\u0259 tap\u0131l\u0131b? - MEYDAN.TV","og_description":"Azya\u015fl\u0131n\u0131n \u0259misi k\u0259ndd\u0259 yanm\u0131\u015f meyit tap\u0131lmam\u0131\u015fdan iki g\u00fcn \u0259vv\u0259l qon\u015fuya ... Davam\u0131","og_url":"https:\/\/www.meydan.tv\/az\/article\/bazardan-alinib-polis-sobesine-aparilan-paltarda-nermine-aid-lif-nece-tapilib\/","og_site_name":"MEYDAN.TV","article_published_time":"2022-06-07T20:29:54+00:00","article_modified_time":"2022-06-07T20:29:56+00:00","og_image":[{"width":1200,"height":711,"url":"https:\/\/www.meydan.tv\/wp-content\/uploads\/photo-2022-04-11-16-04-01-e1649746574597.jpg","type":"image\/jpeg"}],"author":"elli","twitter_card":"summary_large_image","twitter_creator":"@elli","schema":{"@context":"https:\/\/schema.org","@graph":[{"@type":"Article","@id":"https:\/\/www.meydan.tv\/az\/article\/bazardan-alinib-polis-sobesine-aparilan-paltarda-nermine-aid-lif-nece-tapilib\/#article","isPartOf":{"@id":"https:\/\/www.meydan.tv\/az\/article\/bazardan-alinib-polis-sobesine-aparilan-paltarda-nermine-aid-lif-nece-tapilib\/"},"author":{"name":"elli","@id":"https:\/\/www.meydan.tv\/az\/#\/schema\/person\/9cdbecf90d17180ce1dfbd95b08dcf47"},"headline":"Bazardan al\u0131n\u0131b polis \u015f\u00f6b\u0259sin\u0259 apar\u0131lan paltarda N\u0259rmin\u0259 aid lif nec\u0259 tap\u0131l\u0131b?","datePublished":"2022-06-07T20:29:54+00:00","dateModified":"2022-06-07T20:29:56+00:00","mainEntityOfPage":{"@id":"https:\/\/www.meydan.tv\/az\/article\/bazardan-alinib-polis-sobesine-aparilan-paltarda-nermine-aid-lif-nece-tapilib\/"},"wordCount":1683,"publisher":{"@id":"https:\/\/www.meydan.tv\/az\/#organization"},"image":{"@id":"https:\/\/www.meydan.tv\/az\/article\/bazardan-alinib-polis-sobesine-aparilan-paltarda-nermine-aid-lif-nece-tapilib\/#primaryimage"},"thumbnailUrl":"https:\/\/www.meydan.tv\/wp-content\/uploads\/photo-2022-04-11-16-04-01-e1685950918665.jpg","articleSection":["B\u00f6lg\u0259","X\u0259b\u0259rl\u0259r"],"inLanguage":"az"},{"@type":"WebPage","@id":"https:\/\/www.meydan.tv\/az\/article\/bazardan-alinib-polis-sobesine-aparilan-paltarda-nermine-aid-lif-nece-tapilib\/","url":"https:\/\/www.meydan.tv\/az\/article\/bazardan-alinib-polis-sobesine-aparilan-paltarda-nermine-aid-lif-nece-tapilib\/","name":"Bazardan al\u0131n\u0131b polis \u015f\u00f6b\u0259sin\u0259 apar\u0131lan paltarda N\u0259rmin\u0259 aid lif nec\u0259 tap\u0131l\u0131b? - MEYDAN.TV","isPartOf":{"@id":"https:\/\/www.meydan.tv\/az\/#website"},"primaryImageOfPage":{"@id":"https:\/\/www.meydan.tv\/az\/article\/bazardan-alinib-polis-sobesine-aparilan-paltarda-nermine-aid-lif-nece-tapilib\/#primaryimage"},"image":{"@id":"https:\/\/www.meydan.tv\/az\/article\/bazardan-alinib-polis-sobesine-aparilan-paltarda-nermine-aid-lif-nece-tapilib\/#primaryimage"},"thumbnailUrl":"https:\/\/www.meydan.tv\/wp-content\/uploads\/photo-2022-04-11-16-04-01-e1685950918665.jpg","datePublished":"2022-06-07T20:29:54+00:00","dateModified":"2022-06-07T20:29:56+00:00","breadcrumb":{"@id":"https:\/\/www.meydan.tv\/az\/article\/bazardan-alinib-polis-sobesine-aparilan-paltarda-nermine-aid-lif-nece-tapilib\/#breadcrumb"},"inLanguage":"az","potentialAction":[{"@type":"ReadAction","target":["https:\/\/www.meydan.tv\/az\/article\/bazardan-alinib-polis-sobesine-aparilan-paltarda-nermine-aid-lif-nece-tapilib\/"]}]},{"@type":"ImageObject","inLanguage":"az","@id":"https:\/\/www.meydan.tv\/az\/article\/bazardan-alinib-polis-sobesine-aparilan-paltarda-nermine-aid-lif-nece-tapilib\/#primaryimage","url":"https:\/\/www.meydan.tv\/wp-content\/uploads\/photo-2022-04-11-16-04-01-e1685950918665.jpg","contentUrl":"https:\/\/www.meydan.tv\/wp-content\/uploads\/photo-2022-04-11-16-04-01-e1685950918665.jpg","width":1200,"height":450,"caption":"\u0130lkin S\u00fcleymanov. Foto: Meydan TV"},{"@type":"BreadcrumbList","@id":"https:\/\/www.meydan.tv\/az\/article\/bazardan-alinib-polis-sobesine-aparilan-paltarda-nermine-aid-lif-nece-tapilib\/#breadcrumb","itemListElement":[{"@type":"ListItem","position":1,"name":"Ana s\u0259hif\u0259","item":"https:\/\/www.meydan.tv\/az\/"},{"@type":"ListItem","position":2,"name":"B\u00f6lg\u0259","item":"https:\/\/www.meydan.tv\/az\/section\/bolge\/"},{"@type":"ListItem","position":3,"name":"Bazardan al\u0131n\u0131b polis \u015f\u00f6b\u0259sin\u0259 apar\u0131lan paltarda N\u0259rmin\u0259 aid lif nec\u0259 tap\u0131l\u0131b?"}]},{"@type":"WebSite","@id":"https:\/\/www.meydan.tv\/az\/#website","url":"https:\/\/www.meydan.tv\/az\/","name":"MEYDAN.TV","description":"Meydan TV Az\u0259rbaycan\u0131n media m\u0259kan\u0131ndak\u0131 alternativ s\u0259sidir","publisher":{"@id":"https:\/\/www.meydan.tv\/az\/#organization"},"potentialAction":[{"@type":"SearchAction","target":{"@type":"EntryPoint","urlTemplate":"https:\/\/www.meydan.tv\/az\/?s={search_term_string}"},"query-input":{"@type":"PropertyValueSpecification","valueRequired":true,"valueName":"search_term_string"}}],"inLanguage":"az"},{"@type":"Organization","@id":"https:\/\/www.meydan.tv\/az\/#organization","name":"Meydan TV","url":"https:\/\/www.meydan.tv\/az\/","logo":{"@type":"ImageObject","inLanguage":"az","@id":"https:\/\/www.meydan.tv\/az\/#\/schema\/logo\/image\/","url":"https:\/\/www.meydan.tv\/wp-content\/uploads\/2021\/07\/meydan-logo.svg","contentUrl":"https:\/\/www.meydan.tv\/wp-content\/uploads\/2021\/07\/meydan-logo.svg","width":195,"height":46,"caption":"Meydan TV"},"image":{"@id":"https:\/\/www.meydan.tv\/az\/#\/schema\/logo\/image\/"}},{"@type":"Person","@id":"https:\/\/www.meydan.tv\/az\/#\/schema\/person\/9cdbecf90d17180ce1dfbd95b08dcf47","name":"elli","sameAs":["https:\/\/x.com\/elli"]}]}},"_links":{"self":[{"href":"https:\/\/www.meydan.tv\/az\/wp-json\/wp\/v2\/posts\/247707","targetHints":{"allow":["GET"]}}],"collection":[{"href":"https:\/\/www.meydan.tv\/az\/wp-json\/wp\/v2\/posts"}],"about":[{"href":"https:\/\/www.meydan.tv\/az\/wp-json\/wp\/v2\/types\/post"}],"author":[{"embeddable":true,"href":"https:\/\/www.meydan.tv\/az\/wp-json\/wp\/v2\/users\/8"}],"replies":[{"embeddable":true,"href":"https:\/\/www.meydan.tv\/az\/wp-json\/wp\/v2\/comments?post=247707"}],"version-history":[{"count":1,"href":"https:\/\/www.meydan.tv\/az\/wp-json\/wp\/v2\/posts\/247707\/revisions"}],"predecessor-version":[{"id":247708,"href":"https:\/\/www.meydan.tv\/az\/wp-json\/wp\/v2\/posts\/247707\/revisions\/247708"}],"wp:featuredmedia":[{"embeddable":true,"href":"https:\/\/www.meydan.tv\/az\/wp-json\/wp\/v2\/media\/241424"}],"wp:attachment":[{"href":"https:\/\/www.meydan.tv\/az\/wp-json\/wp\/v2\/media?parent=247707"}],"wp:term":[{"taxonomy":"category","embeddable":true,"href":"https:\/\/www.meydan.tv\/az\/wp-json\/wp\/v2\/categories?post=247707"},{"taxonomy":"post_tag","embeddable":true,"href":"https:\/\/www.meydan.tv\/az\/wp-json\/wp\/v2\/tags?post=247707"}],"curies":[{"name":"wp","href":"https:\/\/api.w.org\/{rel}","templated":true}]}}