{"id":247698,"date":"2022-06-07T20:46:41","date_gmt":"2022-06-07T16:46:41","guid":{"rendered":"https:\/\/www.meydan.tv\/?p=247698"},"modified":"2022-06-07T20:46:43","modified_gmt":"2022-06-07T16:46:43","slug":"hebsde-olan-partiya-sedri-acliq-aksiyasina-baslayib","status":"publish","type":"post","link":"https:\/\/www.meydan.tv\/az\/article\/hebsde-olan-partiya-sedri-acliq-aksiyasina-baslayib\/","title":{"rendered":"H\u0259bsd\u0259 olan partiya s\u0259dri acl\u0131q aksiyas\u0131na ba\u015flay\u0131b"},"content":{"rendered":"\n<p><\/p>\n\n\n\n<p><em>\u018fli \u018fliyev m\u0259hk\u0259m\u0259sinin qapal\u0131 ke\u00e7irilm\u0259sin\u0259 etiraz edir<\/em><\/p>\n\n\n\n<p>V\u0259t\u0259nda\u015f v\u0259 \u0130nki\u015faf Partiyas\u0131n\u0131n (V\u0130P) h\u0259bsd\u0259 olan s\u0259dri \u018fli \u018fliyev acl\u0131q aksiyas\u0131na ba\u015flay\u0131b. Buna s\u0259b\u0259b is\u0259 onun m\u0259hk\u0259m\u0259sinin qapal\u0131 ke\u00e7irilm\u0259sidir. S\u00f6hb\u0259t Yeni Az\u0259rbaycan Partiyas\u0131n\u0131n (YAP) Bin\u0259q\u0259di rayon t\u0259\u015fkilat\u0131n\u0131n sabiq s\u0259dri Ramiz G\u00f6y\u00fc\u015fovun \u018fli \u018fliyev\u0259 qar\u015f\u0131 x\u00fcsusi ittiham qaydas\u0131nda qald\u0131rd\u0131\u011f\u0131 iddia \u00fczr\u0259 m\u0259hk\u0259m\u0259 prosesind\u0259n gedir.<\/p>\n\n\n\n<p>Ramiz G\u00f6y\u00fc\u015fov \u018fli \u018fliyevin onu t\u0259hqir etdiyini bildirir v\u0259 onun c\u0259zaland\u0131r\u0131lmas\u0131n\u0131 t\u0259l\u0259b edir.<\/p>\n\n\n\n<p>\u0130yunun 7-d\u0259 Yasamal Rayon M\u0259hk\u0259m\u0259sind\u0259 ke\u00e7iril\u0259n m\u0259hk\u0259m\u0259 iclas\u0131nda \u018fli \u018fliyevin v\u0259kill\u0259ri hakim\u0259 yaz\u0131l\u0131 \u015f\u0259kild\u0259 etiraz verib. V\u0259kill\u0259r bildirib ki, iddia \u0259riz\u0259si qanunvericiliyin t\u0259l\u0259bl\u0259rin\u0259, Ali M\u0259hk\u0259m\u0259nin Plenum q\u0259rar\u0131na uy\u011fun deyil. X\u00fcsusi ittiham\u00e7\u0131 \u018fli \u018fliyevin onu konkret nec\u0259 t\u0259hqir etdiyini, h\u0259min \u00e7\u0131x\u0131\u015f\u0131n n\u0259 vaxt yay\u0131mland\u0131\u011f\u0131n\u0131 g\u00f6st\u0259rm\u0259yib. Buna baxmayaraq, hakim bu iddia \u0259riz\u0259sini icraata g\u00f6t\u00fcr\u00fcb.<\/p>\n\n\n\n<p>Etiraz bax\u0131lmam\u0131\u015f saxlan\u0131l\u0131b.<\/p>\n\n\n\n<p>Ramiz G\u00f6y\u00fc\u015fov is\u0259 m\u0259hk\u0259m\u0259nin qapal\u0131 ke\u00e7irilm\u0259sini ist\u0259yib. O bildirib ki, bu prosesd\u0259 onun \u015f\u0259xsi h\u0259yat\u0131na aid m\u0259s\u0259l\u0259l\u0259r m\u00fczakir\u0259 olunacaq.<\/p>\n\n\n\n<p>Hakim bu v\u0259sat\u0259ti t\u0259min edib. Bu da \u018fli \u018fliyevin naraz\u0131l\u0131\u011f\u0131na s\u0259b\u0259b olub. O, etiraz olaraq, iyunun 7-d\u0259n acl\u0131\u011fa ba\u015flad\u0131\u011f\u0131n\u0131 b\u0259yan edib:<\/p>\n\n\n\n<p>\u201cYasamal Rayon M\u0259hk\u0259m\u0259si m\u0259n\u0259 qar\u015f\u0131 q\u0259r\u0259zini davam etdirir. Bundan \u0259vv\u0259l absurda imza atd\u0131lar, bir \u0259m\u0259l\u0259 g\u00f6r\u0259 iki d\u0259f\u0259 h\u00f6km \u00e7\u0131xard\u0131lar. M\u0259nim siyasi f\u0259aliyy\u0259tim\u0259 g\u00f6r\u0259 t\u0259zyiql\u0259r bitib-t\u00fck\u0259nm\u0259k bilmir. H\u0259r c\u00fcr absurda \u0259l at\u0131rlar. Ax\u0131rda o h\u0259dd\u0259 \u00e7atd\u0131lar ki, G\u00f6y\u00fc\u015fov kimisinin vasit\u0259sil\u0259 m\u0259nim h\u0259bs m\u00fcdd\u0259timi uzatma\u011fa m\u0259cbur oldular\u201d.<\/p>\n\n\n\n<p>\u018fli \u018fliyevin v\u0259kill\u0259ri vur\u011fulay\u0131b ki, Ramiz G\u00f6y\u00fc\u015fov t\u0259hqirin konkret n\u0259d\u0259 ifad\u0259 olundu\u011funu \u0259sasland\u0131rmay\u0131b. Ona g\u00f6r\u0259 d\u0259 v\u0259kill\u0259r V\u0130P s\u0259drinin m\u00fcbahis\u0259y\u0259 s\u0259b\u0259b olan internet televiziyas\u0131ndak\u0131 \u00e7\u0131x\u0131\u015f\u0131yla ba\u011fl\u0131 linqvistik ekspertiza ke\u00e7irilm\u0259sini, orada s\u0259sl\u0259n\u0259n ifad\u0259l\u0259rin t\u0259hqir xarakterli olub-olmamas\u0131n\u0131n m\u00fc\u0259yy\u0259nl\u0259\u015fdirilm\u0259sini ist\u0259yib. M\u0259hk\u0259m\u0259 v\u0259kill\u0259rin v\u0259sat\u0259tini t\u0259min edib.<\/p>\n\n\n\n<p>Ekspertiza il\u0259 \u0259laq\u0259dar m\u0259hk\u0259m\u0259 prosesi qeyri-m\u00fc\u0259yy\u0259n vaxta q\u0259d\u0259r t\u0259xir\u0259 sal\u0131n\u0131b.<\/p>\n\n\n\n<p>Ramiz G\u00f6y\u00fc\u015fov partiya s\u0259drinin \u201cBumerang\u201d internet televiziyas\u0131na m\u00fcsahib\u0259sind\u0259 s\u0259sl\u0259ndirdiyi fikirl\u0259rl\u0259 onu t\u0259hqir etdiyini iddia edir. \u018fli \u018fliyevin Cinay\u0259t M\u0259c\u0259ll\u0259sinin 148-ci (t\u0259hqir) madd\u0259sil\u0259 c\u0259zaland\u0131r\u0131lmas\u0131n\u0131, ona bu madd\u0259d\u0259 n\u0259z\u0259rd\u0259 tutulan \u0259n a\u011f\u0131r c\u0259zan\u0131n verilm\u0259sini t\u0259l\u0259b edir.<\/p>\n\n\n\n<p>Ramiz G\u00f6y\u00fc\u015fov 2021-ci ilin sentyabr\u0131nda sosial \u015f\u0259b\u0259k\u0259l\u0259rd\u0259 videosu yay\u0131landan sonra YAP-dan k\u0259narla\u015fd\u0131r\u0131l\u0131b.<\/p>\n\n\n\n<p>\u018fli \u018fliyev yanvar\u0131n 13-d\u0259n h\u0259bsd\u0259dir. O, 2021-ci il noyabr\u0131n 30-da q\u0259zaya u\u011fram\u0131\u015f D\u00f6vl\u0259t S\u0259rh\u0259d Xidm\u0259tin\u0259 (DSX) m\u0259xsus helikopterd\u0259n sa\u011f \u00e7\u0131xd\u0131\u011f\u0131 iddia olunan iki n\u0259f\u0259rin iddias\u0131 \u0259sas\u0131nda h\u0259bs edilib. Partiya s\u0259dri internet televiziyalar\u0131ndan birin\u0259 bu hadis\u0259ni \u015f\u0259rh ed\u0259rk\u0259n bildirib ki, telekanallarda helikopterd\u0259n sa\u011f \u00e7\u0131xm\u0131\u015f h\u0259rb\u00e7il\u0259r kimi t\u0259qdim olunan v\u0259 m\u00fcsahib\u0259 ver\u0259n iki n\u0259f\u0259rin \u0259slind\u0259 hadis\u0259 vaxt\u0131 orada oldu\u011funa inanm\u0131r.<\/p>\n\n\n\n<p>H\u0259min \u015f\u0259xsl\u0259r bu fikrin\u0259 g\u00f6r\u0259 \u018fli \u018fliyev\u0259 qar\u015f\u0131 x\u00fcsusi ittiham qaydas\u0131nda iddia qald\u0131r\u0131b v\u0259 h\u0259r biri ayr\u0131-ayr\u0131l\u0131qda onun 6 ay azadl\u0131qdan m\u0259hrum edilm\u0259sini t\u0259l\u0259b edib.<\/p>\n\n\n\n<p>\u018fvv\u0259l DSX-n\u0131n polkovniki Emil C\u0259f\u0259rovun iddias\u0131 \u0259sas\u0131nda CM-in 147.1 (b\u00f6htan) madd\u0259siyl\u0259 V\u0130P s\u0259dri yanvar\u0131n 13-d\u0259 5 ay azadl\u0131qdan m\u0259hrum edilib. Daha sonra Ramin C\u0259bray\u0131lovun iddias\u0131 \u0259sas\u0131nda \u018fli \u018fliyev eyni madd\u0259 il\u0259 t\u0259qsirli bilinib. \u018fvv\u0259lki c\u0259zas\u0131 da birl\u0259\u015fdirilm\u0259kl\u0259 \u00fcz\u0259rind\u0259 q\u0259ti olaraq, 6 ay h\u0259bs c\u0259zas\u0131 saxlan\u0131l\u0131b.<\/p>\n\n\n\n<p>Partiya s\u0259dri \u00f6z\u00fcn\u00fc t\u0259qsirli bilmir, h\u0259bsini siyasi sifari\u015f v\u0259 ona qar\u015f\u0131 t\u0259zyiql\u0259rin davam\u0131 hesab edir. O, m\u0259hk\u0259m\u0259d\u0259 bildirib ki, susmayaca\u011f\u0131 halda, h\u0259bs edil\u0259c\u0259yi haqda \u0259vv\u0259lc\u0259d\u0259n x\u0259b\u0259rdar edilmi\u015fdi. Onun s\u00f6zl\u0259rin\u0259 g\u00f6r\u0259, bu x\u00fcsusi ittiham\u00e7\u0131lardan da onun h\u0259bsi \u00fc\u00e7\u00fcn vasit\u0259\u00e7i kimi istifad\u0259 olunub. \u018fli \u018fliyev m\u0259hk\u0259m\u0259d\u0259 bir daha vur\u011fulay\u0131b ki, h\u0259min \u015f\u0259xsl\u0259rin q\u0259za zaman\u0131 vertolyotda oldu\u011funa inanm\u0131r:<\/p>\n\n\n\n<p>\u201cA\u011fl\u0131 ba\u015f\u0131nda olan adamlar bilir ki, o s\u00fcr\u0259tl\u0259 yer\u0259 \u00e7\u0131rp\u0131lan, 1000 d\u0259r\u0259c\u0259 istilikd\u0259n adam o v\u0259ziyy\u0259td\u0259 \u00e7\u0131xa bilm\u0259z. M\u0259n h\u0259kim\u0259m. U\u00e7u\u015fda t\u0259hl\u00fck\u0259sizlik m\u0259s\u0259l\u0259l\u0259ri \u00fczr\u0259 ekspert olmu\u015f S\u0259rdar C\u0259lalo\u011flu da eyni fikirl\u0259ri ifad\u0259 edib. M\u0259n \u00e7\u0131x\u0131\u015f\u0131mda o adamlar\u0131n adlar\u0131n\u0131 \u00e7\u0259km\u0259mi\u015f\u0259m. Onlara deyibl\u0259r ki, bunu el\u0259, onlar da el\u0259yib. Onlar sad\u0259c\u0259, al\u0259tdi. Bu m\u0259hk\u0259m\u0259 i\u015fi indiy\u0259 q\u0259d\u0259r m\u0259n\u0259 qar\u015f\u0131 t\u0259zyiql\u0259rin davam\u0131d\u0131r. M\u0259n des\u0259m ki, onlar o vertolyotda olub, bu, 14 \u015f\u0259hidimizin ruhuna h\u00f6rm\u0259tsizlikdir. M\u0259n bu c\u00fcr d\u00fc\u015f\u00fcnm\u00fcr\u0259m. Bu c\u00fcr d\u00fc\u015f\u00fcnm\u0259yi he\u00e7 kim m\u0259nim \u0259limd\u0259n ala bilm\u0259z\u201d.<\/p>\n\n\n\n<p>Helikopter q\u0259zas\u0131nda ikisi polkovnik olmaqla, 14 n\u0259f\u0259r m\u00fcxt\u0259lif r\u00fctb\u0259li h\u0259rb\u00e7il\u0259r h\u0259lak olub.<\/p>\n\n\n\n<p>Dekabr\u0131n 20-d\u0259 Ba\u015f Prokurorlu\u011fun yayd\u0131\u011f\u0131 a\u00e7\u0131qlamada bildirilib ki, pilotlar\u0131n eni\u015f zaman\u0131 k\u00fcl\u0259yin istiqam\u0259tini v\u0259 s\u00fcr\u0259tini n\u0259z\u0259r\u0259 almamas\u0131, idar\u0259etm\u0259d\u0259 yol verdikl\u0259ri kobud s\u0259hvl\u0259r helikopterin q\u0259zaya u\u011framas\u0131na s\u0259b\u0259b olub.<\/p>\n","protected":false},"excerpt":{"rendered":"<p>\u018fli \u018fliyev m\u0259hk\u0259m\u0259sinin qapal\u0131 ke\u00e7irilm\u0259sin\u0259 etiraz edir V\u0259t\u0259nda\u015f v\u0259 \u0130nki\u015faf &#8230; <\/p>\n<p class=\"read-more-container\"><a title=\"H\u0259bsd\u0259 olan partiya s\u0259dri acl\u0131q aksiyas\u0131na ba\u015flay\u0131b\" class=\"read-more button\" href=\"https:\/\/www.meydan.tv\/az\/article\/hebsde-olan-partiya-sedri-acliq-aksiyasina-baslayib\/#more-247698\" aria-label=\"Read more about H\u0259bsd\u0259 olan partiya s\u0259dri acl\u0131q aksiyas\u0131na ba\u015flay\u0131b\">Davam\u0131<\/a><\/p>\n","protected":false},"author":8,"featured_media":231664,"comment_status":"closed","ping_status":"closed","sticky":false,"template":"","format":"standard","meta":{"_acf_changed":false,"_sitemap_exclude":false,"_sitemap_priority":"","_sitemap_frequency":"","footnotes":""},"categories":[59,79,56],"tags":[],"class_list":["post-247698","post","type-post","status-publish","format-standard","has-post-thumbnail","hentry","category-siyaset","category-featured","category-xeberler","infinite-scroll-item","generate-columns","tablet-grid-50","mobile-grid-100","grid-parent","grid-33","no-featured-image-padding"],"acf":[],"yoast_head":"<!-- This site is optimized with the Yoast SEO plugin v27.4 - https:\/\/yoast.com\/product\/yoast-seo-wordpress\/ -->\n<title>H\u0259bsd\u0259 olan partiya s\u0259dri acl\u0131q aksiyas\u0131na ba\u015flay\u0131b - MEYDAN.TV<\/title>\n<meta name=\"robots\" content=\"index, follow, max-snippet:-1, max-image-preview:large, max-video-preview:-1\" \/>\n<link rel=\"canonical\" href=\"https:\/\/www.meydan.tv\/az\/article\/hebsde-olan-partiya-sedri-acliq-aksiyasina-baslayib\/\" \/>\n<meta property=\"og:locale\" content=\"az_AZ\" \/>\n<meta property=\"og:type\" content=\"article\" \/>\n<meta property=\"og:title\" content=\"H\u0259bsd\u0259 olan partiya s\u0259dri acl\u0131q aksiyas\u0131na ba\u015flay\u0131b - MEYDAN.TV\" \/>\n<meta property=\"og:description\" content=\"\u018fli \u018fliyev m\u0259hk\u0259m\u0259sinin qapal\u0131 ke\u00e7irilm\u0259sin\u0259 etiraz edir V\u0259t\u0259nda\u015f v\u0259 \u0130nki\u015faf ... Davam\u0131\" \/>\n<meta property=\"og:url\" content=\"https:\/\/www.meydan.tv\/az\/article\/hebsde-olan-partiya-sedri-acliq-aksiyasina-baslayib\/\" \/>\n<meta property=\"og:site_name\" content=\"MEYDAN.TV\" \/>\n<meta property=\"article:published_time\" content=\"2022-06-07T16:46:41+00:00\" \/>\n<meta property=\"article:modified_time\" content=\"2022-06-07T16:46:43+00:00\" \/>\n<meta property=\"og:image\" content=\"https:\/\/www.meydan.tv\/wp-content\/uploads\/untitled-design-1-3-e1644843828808.png\" \/>\n\t<meta property=\"og:image:width\" content=\"1200\" \/>\n\t<meta property=\"og:image:height\" content=\"828\" \/>\n\t<meta property=\"og:image:type\" content=\"image\/png\" \/>\n<meta name=\"author\" content=\"elli\" \/>\n<meta name=\"twitter:card\" content=\"summary_large_image\" \/>\n<meta name=\"twitter:creator\" content=\"@elli\" \/>\n<script type=\"application\/ld+json\" class=\"yoast-schema-graph\">{\"@context\":\"https:\\\/\\\/schema.org\",\"@graph\":[{\"@type\":\"Article\",\"@id\":\"https:\\\/\\\/www.meydan.tv\\\/az\\\/article\\\/hebsde-olan-partiya-sedri-acliq-aksiyasina-baslayib\\\/#article\",\"isPartOf\":{\"@id\":\"https:\\\/\\\/www.meydan.tv\\\/az\\\/article\\\/hebsde-olan-partiya-sedri-acliq-aksiyasina-baslayib\\\/\"},\"author\":{\"name\":\"elli\",\"@id\":\"https:\\\/\\\/www.meydan.tv\\\/az\\\/#\\\/schema\\\/person\\\/9cdbecf90d17180ce1dfbd95b08dcf47\"},\"headline\":\"H\u0259bsd\u0259 olan partiya s\u0259dri acl\u0131q aksiyas\u0131na ba\u015flay\u0131b\",\"datePublished\":\"2022-06-07T16:46:41+00:00\",\"dateModified\":\"2022-06-07T16:46:43+00:00\",\"mainEntityOfPage\":{\"@id\":\"https:\\\/\\\/www.meydan.tv\\\/az\\\/article\\\/hebsde-olan-partiya-sedri-acliq-aksiyasina-baslayib\\\/\"},\"wordCount\":1072,\"publisher\":{\"@id\":\"https:\\\/\\\/www.meydan.tv\\\/az\\\/#organization\"},\"image\":{\"@id\":\"https:\\\/\\\/www.meydan.tv\\\/az\\\/article\\\/hebsde-olan-partiya-sedri-acliq-aksiyasina-baslayib\\\/#primaryimage\"},\"thumbnailUrl\":\"https:\\\/\\\/www.meydan.tv\\\/wp-content\\\/uploads\\\/untitled-design-1-3-e1644843828808.png\",\"articleSection\":[\"Siyas\u0259t\",\"T\u00f6vsiy\u0259\",\"X\u0259b\u0259rl\u0259r\"],\"inLanguage\":\"az\"},{\"@type\":\"WebPage\",\"@id\":\"https:\\\/\\\/www.meydan.tv\\\/az\\\/article\\\/hebsde-olan-partiya-sedri-acliq-aksiyasina-baslayib\\\/\",\"url\":\"https:\\\/\\\/www.meydan.tv\\\/az\\\/article\\\/hebsde-olan-partiya-sedri-acliq-aksiyasina-baslayib\\\/\",\"name\":\"H\u0259bsd\u0259 olan partiya s\u0259dri acl\u0131q aksiyas\u0131na ba\u015flay\u0131b - MEYDAN.TV\",\"isPartOf\":{\"@id\":\"https:\\\/\\\/www.meydan.tv\\\/az\\\/#website\"},\"primaryImageOfPage\":{\"@id\":\"https:\\\/\\\/www.meydan.tv\\\/az\\\/article\\\/hebsde-olan-partiya-sedri-acliq-aksiyasina-baslayib\\\/#primaryimage\"},\"image\":{\"@id\":\"https:\\\/\\\/www.meydan.tv\\\/az\\\/article\\\/hebsde-olan-partiya-sedri-acliq-aksiyasina-baslayib\\\/#primaryimage\"},\"thumbnailUrl\":\"https:\\\/\\\/www.meydan.tv\\\/wp-content\\\/uploads\\\/untitled-design-1-3-e1644843828808.png\",\"datePublished\":\"2022-06-07T16:46:41+00:00\",\"dateModified\":\"2022-06-07T16:46:43+00:00\",\"breadcrumb\":{\"@id\":\"https:\\\/\\\/www.meydan.tv\\\/az\\\/article\\\/hebsde-olan-partiya-sedri-acliq-aksiyasina-baslayib\\\/#breadcrumb\"},\"inLanguage\":\"az\",\"potentialAction\":[{\"@type\":\"ReadAction\",\"target\":[\"https:\\\/\\\/www.meydan.tv\\\/az\\\/article\\\/hebsde-olan-partiya-sedri-acliq-aksiyasina-baslayib\\\/\"]}]},{\"@type\":\"ImageObject\",\"inLanguage\":\"az\",\"@id\":\"https:\\\/\\\/www.meydan.tv\\\/az\\\/article\\\/hebsde-olan-partiya-sedri-acliq-aksiyasina-baslayib\\\/#primaryimage\",\"url\":\"https:\\\/\\\/www.meydan.tv\\\/wp-content\\\/uploads\\\/untitled-design-1-3-e1644843828808.png\",\"contentUrl\":\"https:\\\/\\\/www.meydan.tv\\\/wp-content\\\/uploads\\\/untitled-design-1-3-e1644843828808.png\",\"width\":1200,\"height\":828,\"caption\":\"Foto: V\u0130P s\u0259dri \u018fli \u018fliyevin arxivind\u0259n\"},{\"@type\":\"BreadcrumbList\",\"@id\":\"https:\\\/\\\/www.meydan.tv\\\/az\\\/article\\\/hebsde-olan-partiya-sedri-acliq-aksiyasina-baslayib\\\/#breadcrumb\",\"itemListElement\":[{\"@type\":\"ListItem\",\"position\":1,\"name\":\"Ana s\u0259hif\u0259\",\"item\":\"https:\\\/\\\/www.meydan.tv\\\/az\\\/\"},{\"@type\":\"ListItem\",\"position\":2,\"name\":\"Siyas\u0259t\",\"item\":\"https:\\\/\\\/www.meydan.tv\\\/az\\\/section\\\/siyaset\\\/\"},{\"@type\":\"ListItem\",\"position\":3,\"name\":\"H\u0259bsd\u0259 olan partiya s\u0259dri acl\u0131q aksiyas\u0131na ba\u015flay\u0131b\"}]},{\"@type\":\"WebSite\",\"@id\":\"https:\\\/\\\/www.meydan.tv\\\/az\\\/#website\",\"url\":\"https:\\\/\\\/www.meydan.tv\\\/az\\\/\",\"name\":\"MEYDAN.TV\",\"description\":\"Meydan TV Az\u0259rbaycan\u0131n media m\u0259kan\u0131ndak\u0131 alternativ s\u0259sidir\",\"publisher\":{\"@id\":\"https:\\\/\\\/www.meydan.tv\\\/az\\\/#organization\"},\"potentialAction\":[{\"@type\":\"SearchAction\",\"target\":{\"@type\":\"EntryPoint\",\"urlTemplate\":\"https:\\\/\\\/www.meydan.tv\\\/az\\\/?s={search_term_string}\"},\"query-input\":{\"@type\":\"PropertyValueSpecification\",\"valueRequired\":true,\"valueName\":\"search_term_string\"}}],\"inLanguage\":\"az\"},{\"@type\":\"Organization\",\"@id\":\"https:\\\/\\\/www.meydan.tv\\\/az\\\/#organization\",\"name\":\"Meydan TV\",\"url\":\"https:\\\/\\\/www.meydan.tv\\\/az\\\/\",\"logo\":{\"@type\":\"ImageObject\",\"inLanguage\":\"az\",\"@id\":\"https:\\\/\\\/www.meydan.tv\\\/az\\\/#\\\/schema\\\/logo\\\/image\\\/\",\"url\":\"https:\\\/\\\/www.meydan.tv\\\/wp-content\\\/uploads\\\/2021\\\/07\\\/meydan-logo.svg\",\"contentUrl\":\"https:\\\/\\\/www.meydan.tv\\\/wp-content\\\/uploads\\\/2021\\\/07\\\/meydan-logo.svg\",\"width\":195,\"height\":46,\"caption\":\"Meydan TV\"},\"image\":{\"@id\":\"https:\\\/\\\/www.meydan.tv\\\/az\\\/#\\\/schema\\\/logo\\\/image\\\/\"}},{\"@type\":\"Person\",\"@id\":\"https:\\\/\\\/www.meydan.tv\\\/az\\\/#\\\/schema\\\/person\\\/9cdbecf90d17180ce1dfbd95b08dcf47\",\"name\":\"elli\",\"sameAs\":[\"https:\\\/\\\/x.com\\\/elli\"]}]}<\/script>\n<!-- \/ Yoast SEO plugin. -->","yoast_head_json":{"title":"H\u0259bsd\u0259 olan partiya s\u0259dri acl\u0131q aksiyas\u0131na ba\u015flay\u0131b - MEYDAN.TV","robots":{"index":"index","follow":"follow","max-snippet":"max-snippet:-1","max-image-preview":"max-image-preview:large","max-video-preview":"max-video-preview:-1"},"canonical":"https:\/\/www.meydan.tv\/az\/article\/hebsde-olan-partiya-sedri-acliq-aksiyasina-baslayib\/","og_locale":"az_AZ","og_type":"article","og_title":"H\u0259bsd\u0259 olan partiya s\u0259dri acl\u0131q aksiyas\u0131na ba\u015flay\u0131b - MEYDAN.TV","og_description":"\u018fli \u018fliyev m\u0259hk\u0259m\u0259sinin qapal\u0131 ke\u00e7irilm\u0259sin\u0259 etiraz edir V\u0259t\u0259nda\u015f v\u0259 \u0130nki\u015faf ... Davam\u0131","og_url":"https:\/\/www.meydan.tv\/az\/article\/hebsde-olan-partiya-sedri-acliq-aksiyasina-baslayib\/","og_site_name":"MEYDAN.TV","article_published_time":"2022-06-07T16:46:41+00:00","article_modified_time":"2022-06-07T16:46:43+00:00","og_image":[{"width":1200,"height":828,"url":"https:\/\/www.meydan.tv\/wp-content\/uploads\/untitled-design-1-3-e1644843828808.png","type":"image\/png"}],"author":"elli","twitter_card":"summary_large_image","twitter_creator":"@elli","schema":{"@context":"https:\/\/schema.org","@graph":[{"@type":"Article","@id":"https:\/\/www.meydan.tv\/az\/article\/hebsde-olan-partiya-sedri-acliq-aksiyasina-baslayib\/#article","isPartOf":{"@id":"https:\/\/www.meydan.tv\/az\/article\/hebsde-olan-partiya-sedri-acliq-aksiyasina-baslayib\/"},"author":{"name":"elli","@id":"https:\/\/www.meydan.tv\/az\/#\/schema\/person\/9cdbecf90d17180ce1dfbd95b08dcf47"},"headline":"H\u0259bsd\u0259 olan partiya s\u0259dri acl\u0131q aksiyas\u0131na ba\u015flay\u0131b","datePublished":"2022-06-07T16:46:41+00:00","dateModified":"2022-06-07T16:46:43+00:00","mainEntityOfPage":{"@id":"https:\/\/www.meydan.tv\/az\/article\/hebsde-olan-partiya-sedri-acliq-aksiyasina-baslayib\/"},"wordCount":1072,"publisher":{"@id":"https:\/\/www.meydan.tv\/az\/#organization"},"image":{"@id":"https:\/\/www.meydan.tv\/az\/article\/hebsde-olan-partiya-sedri-acliq-aksiyasina-baslayib\/#primaryimage"},"thumbnailUrl":"https:\/\/www.meydan.tv\/wp-content\/uploads\/untitled-design-1-3-e1644843828808.png","articleSection":["Siyas\u0259t","T\u00f6vsiy\u0259","X\u0259b\u0259rl\u0259r"],"inLanguage":"az"},{"@type":"WebPage","@id":"https:\/\/www.meydan.tv\/az\/article\/hebsde-olan-partiya-sedri-acliq-aksiyasina-baslayib\/","url":"https:\/\/www.meydan.tv\/az\/article\/hebsde-olan-partiya-sedri-acliq-aksiyasina-baslayib\/","name":"H\u0259bsd\u0259 olan partiya s\u0259dri acl\u0131q aksiyas\u0131na ba\u015flay\u0131b - MEYDAN.TV","isPartOf":{"@id":"https:\/\/www.meydan.tv\/az\/#website"},"primaryImageOfPage":{"@id":"https:\/\/www.meydan.tv\/az\/article\/hebsde-olan-partiya-sedri-acliq-aksiyasina-baslayib\/#primaryimage"},"image":{"@id":"https:\/\/www.meydan.tv\/az\/article\/hebsde-olan-partiya-sedri-acliq-aksiyasina-baslayib\/#primaryimage"},"thumbnailUrl":"https:\/\/www.meydan.tv\/wp-content\/uploads\/untitled-design-1-3-e1644843828808.png","datePublished":"2022-06-07T16:46:41+00:00","dateModified":"2022-06-07T16:46:43+00:00","breadcrumb":{"@id":"https:\/\/www.meydan.tv\/az\/article\/hebsde-olan-partiya-sedri-acliq-aksiyasina-baslayib\/#breadcrumb"},"inLanguage":"az","potentialAction":[{"@type":"ReadAction","target":["https:\/\/www.meydan.tv\/az\/article\/hebsde-olan-partiya-sedri-acliq-aksiyasina-baslayib\/"]}]},{"@type":"ImageObject","inLanguage":"az","@id":"https:\/\/www.meydan.tv\/az\/article\/hebsde-olan-partiya-sedri-acliq-aksiyasina-baslayib\/#primaryimage","url":"https:\/\/www.meydan.tv\/wp-content\/uploads\/untitled-design-1-3-e1644843828808.png","contentUrl":"https:\/\/www.meydan.tv\/wp-content\/uploads\/untitled-design-1-3-e1644843828808.png","width":1200,"height":828,"caption":"Foto: V\u0130P s\u0259dri \u018fli \u018fliyevin arxivind\u0259n"},{"@type":"BreadcrumbList","@id":"https:\/\/www.meydan.tv\/az\/article\/hebsde-olan-partiya-sedri-acliq-aksiyasina-baslayib\/#breadcrumb","itemListElement":[{"@type":"ListItem","position":1,"name":"Ana s\u0259hif\u0259","item":"https:\/\/www.meydan.tv\/az\/"},{"@type":"ListItem","position":2,"name":"Siyas\u0259t","item":"https:\/\/www.meydan.tv\/az\/section\/siyaset\/"},{"@type":"ListItem","position":3,"name":"H\u0259bsd\u0259 olan partiya s\u0259dri acl\u0131q aksiyas\u0131na ba\u015flay\u0131b"}]},{"@type":"WebSite","@id":"https:\/\/www.meydan.tv\/az\/#website","url":"https:\/\/www.meydan.tv\/az\/","name":"MEYDAN.TV","description":"Meydan TV Az\u0259rbaycan\u0131n media m\u0259kan\u0131ndak\u0131 alternativ s\u0259sidir","publisher":{"@id":"https:\/\/www.meydan.tv\/az\/#organization"},"potentialAction":[{"@type":"SearchAction","target":{"@type":"EntryPoint","urlTemplate":"https:\/\/www.meydan.tv\/az\/?s={search_term_string}"},"query-input":{"@type":"PropertyValueSpecification","valueRequired":true,"valueName":"search_term_string"}}],"inLanguage":"az"},{"@type":"Organization","@id":"https:\/\/www.meydan.tv\/az\/#organization","name":"Meydan TV","url":"https:\/\/www.meydan.tv\/az\/","logo":{"@type":"ImageObject","inLanguage":"az","@id":"https:\/\/www.meydan.tv\/az\/#\/schema\/logo\/image\/","url":"https:\/\/www.meydan.tv\/wp-content\/uploads\/2021\/07\/meydan-logo.svg","contentUrl":"https:\/\/www.meydan.tv\/wp-content\/uploads\/2021\/07\/meydan-logo.svg","width":195,"height":46,"caption":"Meydan TV"},"image":{"@id":"https:\/\/www.meydan.tv\/az\/#\/schema\/logo\/image\/"}},{"@type":"Person","@id":"https:\/\/www.meydan.tv\/az\/#\/schema\/person\/9cdbecf90d17180ce1dfbd95b08dcf47","name":"elli","sameAs":["https:\/\/x.com\/elli"]}]}},"_links":{"self":[{"href":"https:\/\/www.meydan.tv\/az\/wp-json\/wp\/v2\/posts\/247698","targetHints":{"allow":["GET"]}}],"collection":[{"href":"https:\/\/www.meydan.tv\/az\/wp-json\/wp\/v2\/posts"}],"about":[{"href":"https:\/\/www.meydan.tv\/az\/wp-json\/wp\/v2\/types\/post"}],"author":[{"embeddable":true,"href":"https:\/\/www.meydan.tv\/az\/wp-json\/wp\/v2\/users\/8"}],"replies":[{"embeddable":true,"href":"https:\/\/www.meydan.tv\/az\/wp-json\/wp\/v2\/comments?post=247698"}],"version-history":[{"count":1,"href":"https:\/\/www.meydan.tv\/az\/wp-json\/wp\/v2\/posts\/247698\/revisions"}],"predecessor-version":[{"id":247699,"href":"https:\/\/www.meydan.tv\/az\/wp-json\/wp\/v2\/posts\/247698\/revisions\/247699"}],"wp:featuredmedia":[{"embeddable":true,"href":"https:\/\/www.meydan.tv\/az\/wp-json\/wp\/v2\/media\/231664"}],"wp:attachment":[{"href":"https:\/\/www.meydan.tv\/az\/wp-json\/wp\/v2\/media?parent=247698"}],"wp:term":[{"taxonomy":"category","embeddable":true,"href":"https:\/\/www.meydan.tv\/az\/wp-json\/wp\/v2\/categories?post=247698"},{"taxonomy":"post_tag","embeddable":true,"href":"https:\/\/www.meydan.tv\/az\/wp-json\/wp\/v2\/tags?post=247698"}],"curies":[{"name":"wp","href":"https:\/\/api.w.org\/{rel}","templated":true}]}}