{"id":247581,"date":"2022-06-06T21:27:09","date_gmt":"2022-06-06T17:27:09","guid":{"rendered":"https:\/\/www.meydan.tv\/?p=247581"},"modified":"2022-06-06T21:27:11","modified_gmt":"2022-06-06T17:27:11","slug":"abbas-huseynov-da-taleh-bagirzadenin-acliq-aksiyasina-qosuldu","status":"publish","type":"post","link":"https:\/\/www.meydan.tv\/az\/article\/abbas-huseynov-da-taleh-bagirzadenin-acliq-aksiyasina-qosuldu\/","title":{"rendered":"Abbas H\u00fcseynov da Taleh Ba\u011f\u0131rzad\u0259nin acl\u0131q aksiyas\u0131na qo\u015fuldu"},"content":{"rendered":"\n<p><\/p>\n\n\n\n<p><em>\u201cBu \u00f6lk\u0259d\u0259 Allah\u0131 s\u00f6y\u00fcb t\u0259hqir etm\u0259k el\u0259 bu xalq\u0131n \u00f6z\u00fcn\u00fc, dini inanc\u0131n\u0131 t\u0259hqir etm\u0259k dem\u0259kdir\u201d<\/em><\/p>\n\n\n\n<p>M\u00fcs\u0259lman Birliyi H\u0259r\u0259kat\u0131n\u0131n h\u0259bsd\u0259 olan s\u0259dri Taleh Ba\u011f\u0131rzad\u0259 saxland\u0131\u011f\u0131 Qobustan h\u0259bsxanas\u0131nda acl\u0131\u011f\u0131 davam etdirir. \u201cM\u00fcdafi\u0259 X\u0259tti\u201d h\u00fcquq-m\u00fcdafi\u0259 t\u0259\u015fkilat\u0131n\u0131n icra\u00e7\u0131 direktoru R\u00fcf\u0259t S\u0259f\u0259rov Meydan TV-y\u0259 bildirib ki, acl\u0131\u011f\u0131n \u00fc\u00e7\u00fcnc\u00fc g\u00fcn\u00fcnd\u0259 Taleh Ba\u011f\u0131rzad\u0259 quru acl\u0131\u011fa ke\u00e7m\u0259k q\u0259rar\u0131 verib. \u0130lahiyyat\u00e7\u0131 sudan da imtina edib.<\/p>\n\n\n\n<p>\u201cA\u011f\u0131r bir durum yaranmaqdad\u0131r\u201d, &#8211; R\u00fcf\u0259t S\u0259f\u0259rov bel\u0259 deyib.<\/p>\n\n\n\n<p>M\u00fcs\u0259lman Birliyi H\u0259r\u0259kat\u0131n\u0131n s\u0259dr m\u00fcavini El\u00e7in Qas\u0131mov Meydan TV-y\u0259 bildirib ki, Taleh Ba\u011f\u0131rzad\u0259 iyunun 3-d\u0259 acl\u0131q aksiyas\u0131na ba\u015flay\u0131b:<\/p>\n\n\n\n<p>\u201cTaleh Ba\u011f\u0131rzad\u0259nin acl\u0131q aksiyas\u0131na ba\u015flamas\u0131n\u0131n s\u0259b\u0259bi son d\u00f6vrl\u0259r polis idar\u0259l\u0259rind\u0259 inancl\u0131 v\u0259t\u0259nda\u015flara veril\u0259n i\u015fg\u0259nc\u0259l\u0259r zaman\u0131 Allah\u0131n s\u00f6y\u00fclm\u0259si, t\u0259hqir edilm\u0259sidir. Taleh Ba\u011f\u0131rzad\u0259 dedi ki, i\u015fg\u0259nc\u0259 ver\u0259nl\u0259rin m\u00fcq\u0259dd\u0259sata t\u0259hqirl\u0259rin\u0259 etiraz olaraq bu add\u0131m\u0131 atmaq m\u0259cburiyy\u0259tind\u0259dir. B\u00fct\u00fcn bunlar b\u0259\u015f\u0259ri d\u0259y\u0259rl\u0259rin al\u00e7ald\u0131lmas\u0131, inanca qar\u015f\u0131 q\u0259buledilm\u0259z add\u0131md\u0131r\u201d.<\/p>\n\n\n\n<p>Onun s\u00f6zl\u0259rin\u0259 g\u00f6r\u0259, ilahiyyat\u00e7\u0131 bu cinay\u0259ti t\u00f6r\u0259d\u0259nl\u0259r c\u0259zalanana q\u0259d\u0259r acl\u0131\u011f\u0131 davam etdir\u0259c\u0259yini s\u00f6yl\u0259yib.<\/p>\n\n\n\n<p>Taleh Ba\u011f\u0131rzad\u0259nin ba\u015flatd\u0131\u011f\u0131 aksiyaya iyunun 6-da M\u00fcs\u0259lman Birliyi H\u0259r\u0259kat\u0131n\u0131n h\u0259bsd\u0259 olan \u00fczvl\u0259rind\u0259n Abbas H\u00fcseynov da qo\u015fulub. O, ail\u0259 \u00fczvl\u0259ril\u0259 telefon dan\u0131\u015f\u0131\u011f\u0131 zaman\u0131 bu haqda m\u0259lumat verib.<\/p>\n\n\n\n<p>\u201cHac\u0131 Taleh Ba\u011f\u0131rzad\u0259 ba\u015flad\u0131\u011f\u0131 m\u00fcbariz\u0259d\u0259 haql\u0131d\u0131r. Bu \u00f6lk\u0259d\u0259 Allah\u0131 s\u00f6y\u00fcb t\u0259hqir etm\u0259k el\u0259 bu xalq\u0131n \u00f6z\u00fcn\u00fc, dini inanc\u0131n\u0131 t\u0259hqir etm\u0259k dem\u0259kdir. \u00c7\u00fcnki bu xalq\u0131n 99,9 fazi Allaha etiqad\u0131 vard\u0131r. Bu c\u00fcr t\u0259hqir &#8211; f\u0259rq etm\u0259z xristian, m\u00fcs\u0259lman, namaz q\u0131lan ya q\u0131lmayan olsun &#8211; h\u0259r k\u0259sin inanc\u0131na olunan t\u0259hqirdir. Bu, \u00fcmumi xalqa qar\u015f\u0131 cinay\u0259t say\u0131l\u0131r. B\u0259\u015f\u0259ri d\u0259y\u0259rl\u0259ri tapdalamaq, xalq\u0131n inanc\u0131na qar\u015f\u0131 terror etm\u0259k dem\u0259kdir\u201d, &#8211; Abbas H\u00fcseynovun s\u00f6zl\u0259ridir.<\/p>\n\n\n\n<p>Taleh Ba\u011f\u0131rzad\u0259 v\u0259 Abbas H\u00fcseynov Daxili \u0130\u015fl\u0259r Nazirliyi (D\u0130N) Ba\u015f M\u00fct\u0259\u015f\u0259kkil Cinay\u0259tkarl\u0131qla M\u00fcbariz\u0259 \u0130dar\u0259si \u0259m\u0259kda\u015flar\u0131n\u0131n 2015-ci il noyabr\u0131n 26-da Nardaranda ke\u00e7irdiyi \u0259m\u0259liyyat zaman\u0131 h\u0259bs edilib. H\u0259min \u0259m\u0259liyyatda ikisi polis, d\u00f6yd\u00fc Nardaran sakini olmaqla, 6 n\u0259f\u0259r \u00f6ld\u00fcr\u00fcl\u00fcb.<\/p>\n\n\n\n<p>Taleh Ba\u011f\u0131rzad\u0259 v\u0259 Abbas H\u00fcseynov 2015-ci il noyabr\u0131n 26-da Nardaranda 6 n\u0259f\u0259rin \u00f6l\u00fcm\u00fc il\u0259 n\u0259tic\u0259l\u0259nmi\u015f polis \u0259m\u0259liyyat\u0131 n\u0259tic\u0259sind\u0259 h\u0259bs olunub. Onlara qar\u015f\u0131 q\u0259sd\u0259n adam \u00f6ld\u00fcrm\u0259, terrora \u00e7a\u011f\u0131r\u0131\u015f, d\u00f6vl\u0259t \u00e7evrili\u015fin\u0259 c\u0259hd d\u0259 daxil olmaqla, 20-d\u0259n \u00e7ox a\u011f\u0131r madd\u0259 il\u0259 ittiham ir\u0259li s\u00fcr\u00fcl\u00fcb. T.Ba\u011f\u0131rzad\u0259 v\u0259 A.H\u00fcseynovun h\u0259r biri Bak\u0131 A\u011f\u0131r Cinay\u0259tl\u0259r M\u0259hk\u0259m\u0259sinin h\u00f6km\u00fcyl\u0259 20 il azadl\u0131qdan m\u0259hrum edilib. H\u0259min \u0259m\u0259liyyatda h\u0259bs olunan dig\u0259rl\u0259rin\u0259 14 il 6 aydan 19 il\u0259 q\u0259d\u0131r h\u0259bs c\u0259zas\u0131 verilib. Onlar\u0131n bir qismin sonradan \u0259fv s\u0259r\u0259ncam\u0131 il\u0259 azadl\u0131\u011fa burax\u0131l\u0131b.<\/p>\n\n\n\n<p>H\u0259bs olunanlar d\u00f6vl\u0259t \u00e7evrili\u015fin\u0259 c\u0259hd, terror\u00e7uluq v\u0259 s. madd\u0259l\u0259rl\u0259 ittiham olunsalar da, he\u00e7 biri bu ittihamlar\u0131 q\u0259bul etmir. Taleh Ba\u011f\u0131rzad\u0259 v\u0259 dig\u0259rl\u0259ri polisl\u0259r d\u0259 daxil \u00f6ld\u00fcr\u00fcl\u0259nl\u0259rin ham\u0131s\u0131n\u0131n \u0259m\u0259liyyat\u00e7\u0131lar\u0131n \u00f6zl\u0259ri t\u0259r\u0259find\u0259n q\u0259tl\u0259 yetirildiyini, onlarda silah olmad\u0131\u011f\u0131n\u0131 bildirir. Onlar h\u0259m\u00e7inin saxlan\u0131lark\u0259n v\u0259 apar\u0131lark\u0259n, el\u0259c\u0259 d\u0259 sonrak\u0131 g\u00fcnl\u0259rd\u0259 Ba\u015f M\u00fct\u0259\u015f\u0259kkil Cinay\u0259tkarl\u0131qla M\u00fcbariz\u0259 \u0130dar\u0259sind\u0259 a\u011flas\u0131\u011fmaz i\u015fg\u0259nc\u0259l\u0259r\u0259 m\u0259ruz qald\u0131qlar\u0131n\u0131 bildiribl\u0259r.<\/p>\n\n\n\n<p>Daxili \u0130\u015fl\u0259r Nazirliyi is\u0259 i\u015fg\u0259nc\u0259 iddialar\u0131n\u0131 t\u0259kzib edib.<\/p>\n","protected":false},"excerpt":{"rendered":"<p>\u201cBu \u00f6lk\u0259d\u0259 Allah\u0131 s\u00f6y\u00fcb t\u0259hqir etm\u0259k el\u0259 bu xalq\u0131n \u00f6z\u00fcn\u00fc, &#8230; <\/p>\n<p class=\"read-more-container\"><a title=\"Abbas H\u00fcseynov da Taleh Ba\u011f\u0131rzad\u0259nin acl\u0131q aksiyas\u0131na qo\u015fuldu\" class=\"read-more button\" href=\"https:\/\/www.meydan.tv\/az\/article\/abbas-huseynov-da-taleh-bagirzadenin-acliq-aksiyasina-qosuldu\/#more-247581\" aria-label=\"Read more about Abbas H\u00fcseynov da Taleh Ba\u011f\u0131rzad\u0259nin acl\u0131q aksiyas\u0131na qo\u015fuldu\">Davam\u0131<\/a><\/p>\n","protected":false},"author":8,"featured_media":67907,"comment_status":"closed","ping_status":"closed","sticky":false,"template":"","format":"standard","meta":{"_acf_changed":false,"_sitemap_exclude":false,"_sitemap_priority":"","_sitemap_frequency":"","footnotes":""},"categories":[59,79,56],"tags":[],"class_list":["post-247581","post","type-post","status-publish","format-standard","has-post-thumbnail","hentry","category-siyaset","category-featured","category-xeberler","infinite-scroll-item","generate-columns","tablet-grid-50","mobile-grid-100","grid-parent","grid-33","no-featured-image-padding"],"acf":[],"yoast_head":"<!-- This site is optimized with the Yoast SEO plugin v27.5 - https:\/\/yoast.com\/product\/yoast-seo-wordpress\/ -->\n<title>Abbas H\u00fcseynov da Taleh Ba\u011f\u0131rzad\u0259nin acl\u0131q aksiyas\u0131na qo\u015fuldu - MEYDAN.TV<\/title>\n<meta name=\"robots\" content=\"index, follow, max-snippet:-1, max-image-preview:large, max-video-preview:-1\" \/>\n<link rel=\"canonical\" href=\"https:\/\/www.meydan.tv\/az\/article\/abbas-huseynov-da-taleh-bagirzadenin-acliq-aksiyasina-qosuldu\/\" \/>\n<meta property=\"og:locale\" content=\"az_AZ\" \/>\n<meta property=\"og:type\" content=\"article\" \/>\n<meta property=\"og:title\" content=\"Abbas H\u00fcseynov da Taleh Ba\u011f\u0131rzad\u0259nin acl\u0131q aksiyas\u0131na qo\u015fuldu - MEYDAN.TV\" \/>\n<meta property=\"og:description\" content=\"\u201cBu \u00f6lk\u0259d\u0259 Allah\u0131 s\u00f6y\u00fcb t\u0259hqir etm\u0259k el\u0259 bu xalq\u0131n \u00f6z\u00fcn\u00fc, ... Davam\u0131\" \/>\n<meta property=\"og:url\" content=\"https:\/\/www.meydan.tv\/az\/article\/abbas-huseynov-da-taleh-bagirzadenin-acliq-aksiyasina-qosuldu\/\" \/>\n<meta property=\"og:site_name\" content=\"MEYDAN.TV\" \/>\n<meta property=\"article:published_time\" content=\"2022-06-06T17:27:09+00:00\" \/>\n<meta property=\"article:modified_time\" content=\"2022-06-06T17:27:11+00:00\" \/>\n<meta property=\"og:image\" content=\"https:\/\/www.meydan.tv\/wp-content\/uploads\/25944.png\" \/>\n\t<meta property=\"og:image:width\" content=\"956\" \/>\n\t<meta property=\"og:image:height\" content=\"649\" \/>\n\t<meta property=\"og:image:type\" content=\"image\/png\" \/>\n<meta name=\"author\" content=\"elli\" \/>\n<meta name=\"twitter:card\" content=\"summary_large_image\" \/>\n<meta name=\"twitter:creator\" content=\"@elli\" \/>\n<script type=\"application\/ld+json\" class=\"yoast-schema-graph\">{\"@context\":\"https:\\\/\\\/schema.org\",\"@graph\":[{\"@type\":\"Article\",\"@id\":\"https:\\\/\\\/www.meydan.tv\\\/az\\\/article\\\/abbas-huseynov-da-taleh-bagirzadenin-acliq-aksiyasina-qosuldu\\\/#article\",\"isPartOf\":{\"@id\":\"https:\\\/\\\/www.meydan.tv\\\/az\\\/article\\\/abbas-huseynov-da-taleh-bagirzadenin-acliq-aksiyasina-qosuldu\\\/\"},\"author\":{\"name\":\"elli\",\"@id\":\"https:\\\/\\\/www.meydan.tv\\\/az\\\/#\\\/schema\\\/person\\\/9cdbecf90d17180ce1dfbd95b08dcf47\"},\"headline\":\"Abbas H\u00fcseynov da Taleh Ba\u011f\u0131rzad\u0259nin acl\u0131q aksiyas\u0131na qo\u015fuldu\",\"datePublished\":\"2022-06-06T17:27:09+00:00\",\"dateModified\":\"2022-06-06T17:27:11+00:00\",\"mainEntityOfPage\":{\"@id\":\"https:\\\/\\\/www.meydan.tv\\\/az\\\/article\\\/abbas-huseynov-da-taleh-bagirzadenin-acliq-aksiyasina-qosuldu\\\/\"},\"wordCount\":750,\"publisher\":{\"@id\":\"https:\\\/\\\/www.meydan.tv\\\/az\\\/#organization\"},\"image\":{\"@id\":\"https:\\\/\\\/www.meydan.tv\\\/az\\\/article\\\/abbas-huseynov-da-taleh-bagirzadenin-acliq-aksiyasina-qosuldu\\\/#primaryimage\"},\"thumbnailUrl\":\"https:\\\/\\\/www.meydan.tv\\\/wp-content\\\/uploads\\\/25944.png\",\"articleSection\":[\"Siyas\u0259t\",\"T\u00f6vsiy\u0259\",\"X\u0259b\u0259rl\u0259r\"],\"inLanguage\":\"az\"},{\"@type\":\"WebPage\",\"@id\":\"https:\\\/\\\/www.meydan.tv\\\/az\\\/article\\\/abbas-huseynov-da-taleh-bagirzadenin-acliq-aksiyasina-qosuldu\\\/\",\"url\":\"https:\\\/\\\/www.meydan.tv\\\/az\\\/article\\\/abbas-huseynov-da-taleh-bagirzadenin-acliq-aksiyasina-qosuldu\\\/\",\"name\":\"Abbas H\u00fcseynov da Taleh Ba\u011f\u0131rzad\u0259nin acl\u0131q aksiyas\u0131na qo\u015fuldu - MEYDAN.TV\",\"isPartOf\":{\"@id\":\"https:\\\/\\\/www.meydan.tv\\\/az\\\/#website\"},\"primaryImageOfPage\":{\"@id\":\"https:\\\/\\\/www.meydan.tv\\\/az\\\/article\\\/abbas-huseynov-da-taleh-bagirzadenin-acliq-aksiyasina-qosuldu\\\/#primaryimage\"},\"image\":{\"@id\":\"https:\\\/\\\/www.meydan.tv\\\/az\\\/article\\\/abbas-huseynov-da-taleh-bagirzadenin-acliq-aksiyasina-qosuldu\\\/#primaryimage\"},\"thumbnailUrl\":\"https:\\\/\\\/www.meydan.tv\\\/wp-content\\\/uploads\\\/25944.png\",\"datePublished\":\"2022-06-06T17:27:09+00:00\",\"dateModified\":\"2022-06-06T17:27:11+00:00\",\"breadcrumb\":{\"@id\":\"https:\\\/\\\/www.meydan.tv\\\/az\\\/article\\\/abbas-huseynov-da-taleh-bagirzadenin-acliq-aksiyasina-qosuldu\\\/#breadcrumb\"},\"inLanguage\":\"az\",\"potentialAction\":[{\"@type\":\"ReadAction\",\"target\":[\"https:\\\/\\\/www.meydan.tv\\\/az\\\/article\\\/abbas-huseynov-da-taleh-bagirzadenin-acliq-aksiyasina-qosuldu\\\/\"]}]},{\"@type\":\"ImageObject\",\"inLanguage\":\"az\",\"@id\":\"https:\\\/\\\/www.meydan.tv\\\/az\\\/article\\\/abbas-huseynov-da-taleh-bagirzadenin-acliq-aksiyasina-qosuldu\\\/#primaryimage\",\"url\":\"https:\\\/\\\/www.meydan.tv\\\/wp-content\\\/uploads\\\/25944.png\",\"contentUrl\":\"https:\\\/\\\/www.meydan.tv\\\/wp-content\\\/uploads\\\/25944.png\",\"width\":956,\"height\":649,\"caption\":\"Foto: Abbas H\u00fcseynovun \u015f\u0259xsi arxivnd\u0259n\"},{\"@type\":\"BreadcrumbList\",\"@id\":\"https:\\\/\\\/www.meydan.tv\\\/az\\\/article\\\/abbas-huseynov-da-taleh-bagirzadenin-acliq-aksiyasina-qosuldu\\\/#breadcrumb\",\"itemListElement\":[{\"@type\":\"ListItem\",\"position\":1,\"name\":\"Ana s\u0259hif\u0259\",\"item\":\"https:\\\/\\\/www.meydan.tv\\\/az\\\/\"},{\"@type\":\"ListItem\",\"position\":2,\"name\":\"Siyas\u0259t\",\"item\":\"https:\\\/\\\/www.meydan.tv\\\/az\\\/section\\\/siyaset\\\/\"},{\"@type\":\"ListItem\",\"position\":3,\"name\":\"Abbas H\u00fcseynov da Taleh Ba\u011f\u0131rzad\u0259nin acl\u0131q aksiyas\u0131na qo\u015fuldu\"}]},{\"@type\":\"WebSite\",\"@id\":\"https:\\\/\\\/www.meydan.tv\\\/az\\\/#website\",\"url\":\"https:\\\/\\\/www.meydan.tv\\\/az\\\/\",\"name\":\"MEYDAN.TV\",\"description\":\"Meydan TV Az\u0259rbaycan\u0131n media m\u0259kan\u0131ndak\u0131 alternativ s\u0259sidir\",\"publisher\":{\"@id\":\"https:\\\/\\\/www.meydan.tv\\\/az\\\/#organization\"},\"potentialAction\":[{\"@type\":\"SearchAction\",\"target\":{\"@type\":\"EntryPoint\",\"urlTemplate\":\"https:\\\/\\\/www.meydan.tv\\\/az\\\/?s={search_term_string}\"},\"query-input\":{\"@type\":\"PropertyValueSpecification\",\"valueRequired\":true,\"valueName\":\"search_term_string\"}}],\"inLanguage\":\"az\"},{\"@type\":\"Organization\",\"@id\":\"https:\\\/\\\/www.meydan.tv\\\/az\\\/#organization\",\"name\":\"Meydan TV\",\"url\":\"https:\\\/\\\/www.meydan.tv\\\/az\\\/\",\"logo\":{\"@type\":\"ImageObject\",\"inLanguage\":\"az\",\"@id\":\"https:\\\/\\\/www.meydan.tv\\\/az\\\/#\\\/schema\\\/logo\\\/image\\\/\",\"url\":\"https:\\\/\\\/www.meydan.tv\\\/wp-content\\\/uploads\\\/2021\\\/07\\\/meydan-logo.svg\",\"contentUrl\":\"https:\\\/\\\/www.meydan.tv\\\/wp-content\\\/uploads\\\/2021\\\/07\\\/meydan-logo.svg\",\"width\":195,\"height\":46,\"caption\":\"Meydan TV\"},\"image\":{\"@id\":\"https:\\\/\\\/www.meydan.tv\\\/az\\\/#\\\/schema\\\/logo\\\/image\\\/\"}},{\"@type\":\"Person\",\"@id\":\"https:\\\/\\\/www.meydan.tv\\\/az\\\/#\\\/schema\\\/person\\\/9cdbecf90d17180ce1dfbd95b08dcf47\",\"name\":\"elli\",\"sameAs\":[\"https:\\\/\\\/x.com\\\/elli\"]}]}<\/script>\n<!-- \/ Yoast SEO plugin. -->","yoast_head_json":{"title":"Abbas H\u00fcseynov da Taleh Ba\u011f\u0131rzad\u0259nin acl\u0131q aksiyas\u0131na qo\u015fuldu - MEYDAN.TV","robots":{"index":"index","follow":"follow","max-snippet":"max-snippet:-1","max-image-preview":"max-image-preview:large","max-video-preview":"max-video-preview:-1"},"canonical":"https:\/\/www.meydan.tv\/az\/article\/abbas-huseynov-da-taleh-bagirzadenin-acliq-aksiyasina-qosuldu\/","og_locale":"az_AZ","og_type":"article","og_title":"Abbas H\u00fcseynov da Taleh Ba\u011f\u0131rzad\u0259nin acl\u0131q aksiyas\u0131na qo\u015fuldu - MEYDAN.TV","og_description":"\u201cBu \u00f6lk\u0259d\u0259 Allah\u0131 s\u00f6y\u00fcb t\u0259hqir etm\u0259k el\u0259 bu xalq\u0131n \u00f6z\u00fcn\u00fc, ... Davam\u0131","og_url":"https:\/\/www.meydan.tv\/az\/article\/abbas-huseynov-da-taleh-bagirzadenin-acliq-aksiyasina-qosuldu\/","og_site_name":"MEYDAN.TV","article_published_time":"2022-06-06T17:27:09+00:00","article_modified_time":"2022-06-06T17:27:11+00:00","og_image":[{"width":956,"height":649,"url":"https:\/\/www.meydan.tv\/wp-content\/uploads\/25944.png","type":"image\/png"}],"author":"elli","twitter_card":"summary_large_image","twitter_creator":"@elli","schema":{"@context":"https:\/\/schema.org","@graph":[{"@type":"Article","@id":"https:\/\/www.meydan.tv\/az\/article\/abbas-huseynov-da-taleh-bagirzadenin-acliq-aksiyasina-qosuldu\/#article","isPartOf":{"@id":"https:\/\/www.meydan.tv\/az\/article\/abbas-huseynov-da-taleh-bagirzadenin-acliq-aksiyasina-qosuldu\/"},"author":{"name":"elli","@id":"https:\/\/www.meydan.tv\/az\/#\/schema\/person\/9cdbecf90d17180ce1dfbd95b08dcf47"},"headline":"Abbas H\u00fcseynov da Taleh Ba\u011f\u0131rzad\u0259nin acl\u0131q aksiyas\u0131na qo\u015fuldu","datePublished":"2022-06-06T17:27:09+00:00","dateModified":"2022-06-06T17:27:11+00:00","mainEntityOfPage":{"@id":"https:\/\/www.meydan.tv\/az\/article\/abbas-huseynov-da-taleh-bagirzadenin-acliq-aksiyasina-qosuldu\/"},"wordCount":750,"publisher":{"@id":"https:\/\/www.meydan.tv\/az\/#organization"},"image":{"@id":"https:\/\/www.meydan.tv\/az\/article\/abbas-huseynov-da-taleh-bagirzadenin-acliq-aksiyasina-qosuldu\/#primaryimage"},"thumbnailUrl":"https:\/\/www.meydan.tv\/wp-content\/uploads\/25944.png","articleSection":["Siyas\u0259t","T\u00f6vsiy\u0259","X\u0259b\u0259rl\u0259r"],"inLanguage":"az"},{"@type":"WebPage","@id":"https:\/\/www.meydan.tv\/az\/article\/abbas-huseynov-da-taleh-bagirzadenin-acliq-aksiyasina-qosuldu\/","url":"https:\/\/www.meydan.tv\/az\/article\/abbas-huseynov-da-taleh-bagirzadenin-acliq-aksiyasina-qosuldu\/","name":"Abbas H\u00fcseynov da Taleh Ba\u011f\u0131rzad\u0259nin acl\u0131q aksiyas\u0131na qo\u015fuldu - MEYDAN.TV","isPartOf":{"@id":"https:\/\/www.meydan.tv\/az\/#website"},"primaryImageOfPage":{"@id":"https:\/\/www.meydan.tv\/az\/article\/abbas-huseynov-da-taleh-bagirzadenin-acliq-aksiyasina-qosuldu\/#primaryimage"},"image":{"@id":"https:\/\/www.meydan.tv\/az\/article\/abbas-huseynov-da-taleh-bagirzadenin-acliq-aksiyasina-qosuldu\/#primaryimage"},"thumbnailUrl":"https:\/\/www.meydan.tv\/wp-content\/uploads\/25944.png","datePublished":"2022-06-06T17:27:09+00:00","dateModified":"2022-06-06T17:27:11+00:00","breadcrumb":{"@id":"https:\/\/www.meydan.tv\/az\/article\/abbas-huseynov-da-taleh-bagirzadenin-acliq-aksiyasina-qosuldu\/#breadcrumb"},"inLanguage":"az","potentialAction":[{"@type":"ReadAction","target":["https:\/\/www.meydan.tv\/az\/article\/abbas-huseynov-da-taleh-bagirzadenin-acliq-aksiyasina-qosuldu\/"]}]},{"@type":"ImageObject","inLanguage":"az","@id":"https:\/\/www.meydan.tv\/az\/article\/abbas-huseynov-da-taleh-bagirzadenin-acliq-aksiyasina-qosuldu\/#primaryimage","url":"https:\/\/www.meydan.tv\/wp-content\/uploads\/25944.png","contentUrl":"https:\/\/www.meydan.tv\/wp-content\/uploads\/25944.png","width":956,"height":649,"caption":"Foto: Abbas H\u00fcseynovun \u015f\u0259xsi arxivnd\u0259n"},{"@type":"BreadcrumbList","@id":"https:\/\/www.meydan.tv\/az\/article\/abbas-huseynov-da-taleh-bagirzadenin-acliq-aksiyasina-qosuldu\/#breadcrumb","itemListElement":[{"@type":"ListItem","position":1,"name":"Ana s\u0259hif\u0259","item":"https:\/\/www.meydan.tv\/az\/"},{"@type":"ListItem","position":2,"name":"Siyas\u0259t","item":"https:\/\/www.meydan.tv\/az\/section\/siyaset\/"},{"@type":"ListItem","position":3,"name":"Abbas H\u00fcseynov da Taleh Ba\u011f\u0131rzad\u0259nin acl\u0131q aksiyas\u0131na qo\u015fuldu"}]},{"@type":"WebSite","@id":"https:\/\/www.meydan.tv\/az\/#website","url":"https:\/\/www.meydan.tv\/az\/","name":"MEYDAN.TV","description":"Meydan TV Az\u0259rbaycan\u0131n media m\u0259kan\u0131ndak\u0131 alternativ s\u0259sidir","publisher":{"@id":"https:\/\/www.meydan.tv\/az\/#organization"},"potentialAction":[{"@type":"SearchAction","target":{"@type":"EntryPoint","urlTemplate":"https:\/\/www.meydan.tv\/az\/?s={search_term_string}"},"query-input":{"@type":"PropertyValueSpecification","valueRequired":true,"valueName":"search_term_string"}}],"inLanguage":"az"},{"@type":"Organization","@id":"https:\/\/www.meydan.tv\/az\/#organization","name":"Meydan TV","url":"https:\/\/www.meydan.tv\/az\/","logo":{"@type":"ImageObject","inLanguage":"az","@id":"https:\/\/www.meydan.tv\/az\/#\/schema\/logo\/image\/","url":"https:\/\/www.meydan.tv\/wp-content\/uploads\/2021\/07\/meydan-logo.svg","contentUrl":"https:\/\/www.meydan.tv\/wp-content\/uploads\/2021\/07\/meydan-logo.svg","width":195,"height":46,"caption":"Meydan TV"},"image":{"@id":"https:\/\/www.meydan.tv\/az\/#\/schema\/logo\/image\/"}},{"@type":"Person","@id":"https:\/\/www.meydan.tv\/az\/#\/schema\/person\/9cdbecf90d17180ce1dfbd95b08dcf47","name":"elli","sameAs":["https:\/\/x.com\/elli"]}]}},"_links":{"self":[{"href":"https:\/\/www.meydan.tv\/az\/wp-json\/wp\/v2\/posts\/247581","targetHints":{"allow":["GET"]}}],"collection":[{"href":"https:\/\/www.meydan.tv\/az\/wp-json\/wp\/v2\/posts"}],"about":[{"href":"https:\/\/www.meydan.tv\/az\/wp-json\/wp\/v2\/types\/post"}],"author":[{"embeddable":true,"href":"https:\/\/www.meydan.tv\/az\/wp-json\/wp\/v2\/users\/8"}],"replies":[{"embeddable":true,"href":"https:\/\/www.meydan.tv\/az\/wp-json\/wp\/v2\/comments?post=247581"}],"version-history":[{"count":1,"href":"https:\/\/www.meydan.tv\/az\/wp-json\/wp\/v2\/posts\/247581\/revisions"}],"predecessor-version":[{"id":247582,"href":"https:\/\/www.meydan.tv\/az\/wp-json\/wp\/v2\/posts\/247581\/revisions\/247582"}],"wp:featuredmedia":[{"embeddable":true,"href":"https:\/\/www.meydan.tv\/az\/wp-json\/wp\/v2\/media\/67907"}],"wp:attachment":[{"href":"https:\/\/www.meydan.tv\/az\/wp-json\/wp\/v2\/media?parent=247581"}],"wp:term":[{"taxonomy":"category","embeddable":true,"href":"https:\/\/www.meydan.tv\/az\/wp-json\/wp\/v2\/categories?post=247581"},{"taxonomy":"post_tag","embeddable":true,"href":"https:\/\/www.meydan.tv\/az\/wp-json\/wp\/v2\/tags?post=247581"}],"curies":[{"name":"wp","href":"https:\/\/api.w.org\/{rel}","templated":true}]}}