{"id":247535,"date":"2022-06-06T16:17:41","date_gmt":"2022-06-06T12:17:41","guid":{"rendered":"https:\/\/www.meydan.tv\/?p=247535"},"modified":"2022-06-06T16:17:43","modified_gmt":"2022-06-06T12:17:43","slug":"isiq-idaresinin-kecmis-iscisi-rehberliyin-qanunsuz-emellerinden-yazdim-ozumu-hedeleyib-erize-yazdirdilar","status":"publish","type":"post","link":"https:\/\/www.meydan.tv\/az\/article\/isiq-idaresinin-kecmis-iscisi-rehberliyin-qanunsuz-emellerinden-yazdim-ozumu-hedeleyib-erize-yazdirdilar\/","title":{"rendered":"\u0130\u015f\u0131q idar\u0259sinin ke\u00e7mi\u015f i\u015f\u00e7isi: \u201cR\u0259hb\u0259rliyin qanunsuz \u0259m\u0259ll\u0259rind\u0259n yazd\u0131m, \u00f6z\u00fcm\u00fc h\u0259d\u0259l\u0259yib \u0259riz\u0259 yazd\u0131rd\u0131lar\u201d"},"content":{"rendered":"\n<p><\/p>\n\n\n\n<p><em>\u201cM\u0259n bunlar\u0131n qanunsuz \u0259m\u0259ll\u0259rind\u0259n yazd\u0131qca, bunlar\u0131 \u00e7a\u011f\u0131r\u0131b sor\u011fu-sual etm\u0259kd\u0259ns\u0259, v\u0259zif\u0259l\u0259ri art\u0131r\u0131l\u0131r\u201d<\/em><br><\/p>\n\n\n\n<p>\u201cM\u0259s\u0259l\u0259n, \u201cMeliorasiya v\u0259 Su T\u0259s\u0259rr\u00fcfat\u0131\u201d ASC-nin rayonda 200-d\u0259n \u00e7ox artezian quyusu var. H\u0259min quyular\u0131n say\u011faclar\u0131ndak\u0131 r\u0259q\u0259ml\u0259r h\u0259r ay 2-3 d\u0259f\u0259 \u015fi\u015firdilir, bir m\u00fcdd\u0259td\u0259n sonra izi itirm\u0259k \u00fc\u00e7\u00fcn h\u0259min say\u011faclar q\u0259sd\u0259n yand\u0131r\u0131l\u0131r. H\u0259rbi hiss\u0259l\u0259r var ki, yerl\u0259ri d\u0259yi\u015fdirilib, k\u00f6hn\u0259 h\u0259rbi hiss\u0259l\u0259rin say\u011faclar\u0131 yoxdur, dey\u0259k ki, orda t\u0259kc\u0259 g\u00f6z\u0259t\u00e7i qal\u0131r. Say\u011fac v\u0259 binada f\u0259aliyy\u0259t olmad\u0131\u011f\u0131 halda \u015fi\u015firdilmi\u015f r\u0259q\u0259ml\u0259rl\u0259 i\u015f\u0131qpulu yaz\u0131l\u0131r. Halbuki, bir g\u00f6z\u0259t\u00e7i o binada n\u0259 q\u0259d\u0259r i\u015f\u0131q i\u015fl\u0259dir ki? Bu r\u0259q\u0259ml\u0259r g\u0259lib m\u0259n\u0259 \u00e7atanda, onlar\u0131 sistem\u0259 vurmaqdan imtina edirdim, deyirdim, bu r\u0259q\u0259ml\u0259r \u015fi\u015firdilib. Bu da \u015f\u0259b\u0259k\u0259 r\u0259hb\u0259rliyinin xo\u015funa g\u0259lmirdi\u201d.<\/p>\n\n\n\n<p>Beyl\u0259qan sakini, F\u00fczuli H\u0259s\u0259nov Meydan TV-y\u0259 dan\u0131\u015f\u0131r ki, Aran Regional Enerji T\u0259chizat\u0131 v\u0259 Sat\u0131\u015f\u0131 \u0130dar\u0259sinin Beyl\u0259qan Elektrik \u015e\u0259b\u0259k\u0259sinin r\u0259hb\u0259rliyinin qanunsuz \u0259m\u0259ll\u0259rini if\u015fa etdiyin\u0259 g\u00f6r\u0259 i\u015fsiz qal\u0131b.<\/p>\n\n\n\n<p>Onun s\u00f6zl\u0259rin\u0259 g\u00f6r\u0259, \u015f\u0259b\u0259k\u0259y\u0259 yeni r\u0259hb\u0259rlik g\u0259l\u0259nd\u0259n qanunsuzluqlar \u00e7oxal\u0131b. O da bu bar\u0259d\u0259 m\u00fcxt\u0259lif qurumlara yaz\u0131b:<\/p>\n\n\n\n<p>\u201cBeyl\u0259qan Elektrik \u015e\u0259b\u0259k\u0259nin r\u0259isi Z\u00fclf\u00fc Salahov, Sat\u0131\u015f \u015f\u00f6b\u0259sinin r\u0259isi Anar Mirz\u0259yev, Aran<br>Regional Enerji T\u0259chizat\u0131 v\u0259 Sat\u0131\u015f\u0131 \u0130dar\u0259sinin r\u0259isi Elnur H\u0259s\u0259nov \u0259lbir olaraq qanunsuzluqlarla m\u0259\u015f\u011ful idil\u0259r. M\u0259ns\u0259 onlardan bu qanunsuzluqlar\u0131 dayand\u0131rma\u011f\u0131 t\u0259l\u0259b edirdim\u201d.<\/p>\n\n\n\n<p>\u201cM\u0259n informasiya m\u00fch\u0259ndisiydim, onlar\u0131n b\u00fct\u00fcn qanunsuzluqlar\u0131n\u0131 g\u00f6r\u0259n b\u0259lk\u0259 d\u0259 yegan\u0259 i\u015f\u00e7iydim. \u00c7\u00fcnki b\u00fct\u00fcn m\u0259lumatlar g\u0259lib m\u0259nd\u0259n ke\u00e7irdi. Onlar \u00e7ox vaxt m\u0259ni d\u0259 bu qanunsuzluqlara ortaq olma\u011fa m\u0259cbur edirdil\u0259r, m\u0259n is\u0259 raz\u0131 olmurdum. Buna g\u00f6r\u0259 d\u0259 m\u0259nd\u0259n z\u0259hl\u0259l\u0259ri gedirdi, \u00e7\u00fcnki \u0259l-ayaqlar\u0131na dola\u015f\u0131rd\u0131m\u201d.<\/p>\n\n\n\n<p>F\u00fczuli H\u0259s\u0259nov deyir ki, onlardan DTX-ya, dig\u0259r qurumlara yazma\u011fa ba\u015flayanda bu adamlar da onu h\u0259d\u0259l\u0259m\u0259y\u0259 ba\u015flay\u0131blar:<\/p>\n\n\n\n<p>\u201cDedil\u0259r, s\u0259ni l\u0259k\u0259l\u0259yib i\u015fd\u0259n \u018fm\u0259k M\u0259c\u0259ll\u0259sinin 70c b\u0259ndiyl\u0259 qovaca\u011f\u0131q, \u0259m\u0259k kitab\u00e7an\u0131 korlayaca\u011f\u0131q, he\u00e7 yerd\u0259 s\u0259ni i\u015f\u0259 g\u00f6t\u00fcrm\u0259y\u0259c\u0259kl\u0259r\u201d.<\/p>\n\n\n\n<p>Ke\u00e7mi\u015f i\u015f\u00e7i deyir, \u015f\u0259b\u0259k\u0259nin r\u0259isi 2020-ci ilin oktyabr\u0131nda, sat\u0131\u015f \u015f\u00f6b\u0259sinin r\u0259isi Anar Mirz\u0259yevs\u0259 2021-ci ilin avqustunda h\u0259min v\u0259zif\u0259l\u0259r\u0259 t\u0259yin olunub. El\u0259 h\u0259min vaxtdan da \u015f\u0259b\u0259k\u0259d\u0259ki qanunsuzluqlar, r\u00fc\u015fv\u0259t hallar\u0131 art\u0131b:<\/p>\n\n\n\n<p>\u201cM\u0259n bunlar\u0131n qanunsuz \u0259m\u0259ll\u0259rind\u0259n yazd\u0131qca, bunlar\u0131 \u00e7a\u011f\u0131r\u0131b sor\u011fu-sual etm\u0259kd\u0259ns\u0259, v\u0259zif\u0259l\u0259ri art\u0131r\u0131l\u0131r. Anar Mirz\u0259yev \u0259vv\u0259ll\u0259r Bak\u0131n\u0131n X\u0259tai rayonunda i\u015fl\u0259yib, qanunsuz \u0259m\u0259ll\u0259rin\u0259 g\u00f6r\u0259 i\u015fd\u0259n \u00e7\u0131xar\u0131l\u0131b, sonra n\u0259 yollasa F\u00fczuliy\u0259 g\u00f6nd\u0259rilib. Orda da d\u00fczg\u00fcn i\u015fl\u0259m\u0259yib, i\u015fd\u0259n \u00e7\u0131xar\u0131laraq biz\u0259 &#8211; Beyl\u0259qana g\u00f6nd\u0259rilib. M\u0259nim qurumlara yazd\u0131\u011f\u0131m m\u0259ktublardan sonra \u2013 bu ilin mart\u0131nda qanunsuz \u0259m\u0259ll\u0259rini \u00f6rt-basd\u0131r etm\u0259k \u00fc\u00e7\u00fcn Z\u0259rdaba g\u00f6nd\u0259rilib\u201d.<\/p>\n\n\n<div class=\"wp-block-image\">\n<figure class=\"alignleft size-full is-resized\"><img decoding=\"async\" data-src=\"https:\/\/www.meydan.tv\/wp-content\/uploads\/untitled-design-5-16.jpg\" alt=\"\" class=\"wp-image-247529 lazyload\" width=\"445\" height=\"296\" src=\"data:image\/svg+xml;base64,PHN2ZyB3aWR0aD0iMSIgaGVpZ2h0PSIxIiB4bWxucz0iaHR0cDovL3d3dy53My5vcmcvMjAwMC9zdmciPjwvc3ZnPg==\" style=\"--smush-placeholder-width: 445px; --smush-placeholder-aspect-ratio: 445\/296;\" \/><figcaption>F\u00fczuli H\u0259s\u0259nov. Foto: Meydan TV<\/figcaption><\/figure>\n<\/div>\n\n\n<p>F\u00fczuli H\u0259s\u0259novun s\u00f6zl\u0259rin\u0259 g\u00f6r\u0259, el\u0259 onun \u00f6z\u00fc d\u0259 bu ilin mart\u0131ndan i\u015fsiz qal\u0131b:<\/p>\n\n\n\n<p>\u201cAran Regional Enerji T\u0259chizat\u0131 v\u0259 Sat\u0131\u015f\u0131 \u0130dar\u0259sinin r\u0259isi Elnur H\u0259s\u0259nov mart\u0131n \u0259vv\u0259li m\u0259ni yan\u0131na \u00e7a\u011f\u0131r\u0131b dedi ki, s\u0259nin i\u015fin \u00e7\u0259tindir. Ham\u0131yla d\u00fc\u015fm\u0259n olmusan, m\u00fcnasib\u0259tl\u0259ri korlam\u0131san. Biz m\u0259cburuq ki, s\u0259ni madd\u0259yl\u0259 i\u015fd\u0259n \u00e7\u0131xaraq, \u0259m\u0259k kitab\u00e7an korlanacaq, \u00f6z\u00fcn\u0259 i\u015f tapa bilm\u0259y\u0259c\u0259ks\u0259n. G\u0259l \u00f6z\u00fcn \u0259riz\u0259 yaz, narahat olma, i\u015fsiz qalmayacaqsan, ba\u015fqa \u015f\u0259b\u0259k\u0259y\u0259 ke\u00e7ir\u0259rik. M\u0259n d\u0259 d\u00fc\u015f\u00fcnd\u00fcm ki, sonradan i\u015fsiz qalmaqdansa, \u0259riz\u0259 yaz\u0131m, b\u0259lk\u0259 \u0259n do\u011fru yolu bu olar. \u018friz\u0259mi yazan kimi \u0259mrimi verdi, \u00f6z\u00fcm\u00fc d\u0259 qovdu\u201d.<\/p>\n\n\n\n<p>F\u00fczuli H\u0259s\u0259nov deyir, bu ilin yanvar\u0131ndan DTX-ya, D\u0130N-\u0259, Ba\u015f Prokurorlu\u011fun Korrupsiya \u0130dar\u0259sin\u0259, M\u00fcdafi\u0259 Nazirliyin\u0259, Meliorasiya v\u0259 Su T\u0259s\u0259rr\u00fcfat\u0131 ASC-y\u0259, \u201cAz\u0259ri\u015f\u0131q\u201d ASC-y\u0259 elektron m\u0259ktublar g\u00f6nd\u0259rib. Ancaq h\u0259min qurumlar\u0131n he\u00e7 biri m\u0259s\u0259l\u0259 il\u0259 maraqlanmay\u0131b:<\/p>\n\n\n\n<p>\u201cYaln\u0131z z\u0259ng vuraraq bildiribl\u0259r ki, m\u00fcraci\u0259tiniz quruma \u00e7atd\u0131. V\u0259ssalam. N\u0259 bir maraqlanan var, n\u0259 d\u0259 ara\u015fd\u0131ran\u2026\u201d.<\/p>\n\n\n\n<p>Ancaq i\u015f yolda\u015flar\u0131 da F\u00fczuli H\u0259s\u0259novdan qurumlara \u015fikay\u0259tl\u0259r yaz\u0131blar:<\/p>\n\n\n\n<p>\u201cM\u0259n o \u015f\u0259b\u0259k\u0259d\u0259 6 r\u0259is, iki regional r\u0259is d\u0259yi\u015fmi\u015f\u0259m, q\u00fcsursuz i\u015fl\u0259mi\u015f\u0259m, 12 ild\u0259 birc\u0259 d\u0259f\u0259 d\u0259 t\u00f6hm\u0259tim olmay\u0131b. M\u0259n\u0259 b\u00f6htan at\u0131rd\u0131lar ki, guya kim\u0259s\u0259 x\u0259tt satm\u0131\u015fam, r\u00fc\u015fv\u0259t alm\u0131\u015fam, r\u0259q\u0259ml\u0259ri saxtala\u015fd\u0131rm\u0131\u015fam. Halbuki, bunlar\u0131n he\u00e7 biri m\u0259nim v\u0259zif\u0259m\u0259 aid deyil. M\u0259nim i\u015fim komp\u00fcter m\u00fch\u0259ndisliyidir, abonent\u0259 nec\u0259 x\u0259tt sata bil\u0259r\u0259m? Yaxud, komp\u00fcter m\u00fch\u0259ndisi hans\u0131 i\u015f\u0259 g\u00f6r\u0259 r\u00fc\u015fv\u0259t ala bil\u0259r? M\u0259nim sah\u0259md\u0259 r\u00fc\u015fv\u0259t verilm\u0259si \u00fc\u00e7\u00fcn he\u00e7 n\u0259 yoxdur ax\u0131\u2026\u201d.<\/p>\n\n\n\n<p>F\u00fczuli H\u0259s\u0259nov mart ay\u0131ndan i\u015fsiz qal\u0131b v\u0259 \u00e7\u0259tinlikl\u0259r\u0259 d\u00fc\u015fd\u00fcy\u00fcn\u00fc deyir:<\/p>\n\n\n\n<p>\u201c\u0130ki \u00f6vlad\u0131m var, ikisi d\u0259 nitq q\u00fcsurludur, 5-6 ya\u015flar\u0131 var, dan\u0131\u015fm\u0131rlar. Onlar\u0131n m\u00fcalic\u0259si \u00fc\u00e7\u00fcn bankdan 8 min manat kredit g\u00f6t\u00fcrm\u00fc\u015f\u0259m, i\u015fl\u0259yib kreditimi \u00f6d\u0259yirdim, indi borclar\u0131n qar\u015f\u0131s\u0131nda \u00e7ar\u0259siz qalm\u0131\u015fam. U\u015faqlar\u0131n m\u00fcalic\u0259si dayan\u0131b. M\u0259nim birc\u0259 yolum qal\u0131b ki, g\u0259lib \u201cAz\u0259ri\u015f\u0131q\u201d ASC-nin qar\u015f\u0131s\u0131nda aksiya ke\u00e7irim. Bir var yarars\u0131z kadr olasan, \u00e7\u0131xar\u0131b atalar \u00e7\u00f6l\u0259. Bir d\u0259 var, dediyim kimi, 12 il q\u00fcsursuz, t\u00f6hm\u0259tsiz i\u015fl\u0259mi\u015f\u0259m. H\u0259mi\u015f\u0259 qanuna h\u00f6rm\u0259tl\u0259 yana\u015fm\u0131\u015fam, \u00f6zba\u015f\u0131nal\u0131\u011fa etiraz etdiyim \u00fc\u00e7\u00fcn m\u0259ni i\u015fsiz qoyublar. Fakrlar yaz\u0131ram ki, bu adamlar bel\u0259 edir, baxan da yoxdur\u201d.<\/p>\n\n\n\n<p>Beyl\u0259qan Elektrik \u015e\u0259b\u0259k\u0259nin r\u0259isi Z\u00fclf\u00fc Salahov Meydan TV-y\u0259 bildirib ki, F\u00fczuli H\u0259s\u0259novun \u00f6z\u00fcn\u00fcn f\u0259aliyy\u0259tind\u0259 neqativ hallar olub:<\/p>\n\n\n\n<p>\u201c\u018fslind\u0259 o neqativ hallarla ba\u011fl\u0131 i\u015fd\u0259n \u00e7\u0131xar\u0131lmal\u0131yd\u0131. Ancaq \u00f6z \u0259riz\u0259siyl\u0259 i\u015fd\u0259n \u00e7\u0131xd\u0131. \u0130\u015fd\u0259n \u00e7\u0131xandan sonra da yazd\u0131qlar\u0131yla ba\u011fl\u0131 ara\u015fd\u0131rma olub, izahat verib ki, \u0259s\u0259bl\u0259\u015fib yazm\u0131\u015fam\u201d.<\/p>\n\n\n\n<p>F\u00fczuli H\u0259s\u0259novsa ke\u00e7mi\u015f r\u0259isinin yalan dan\u0131\u015fd\u0131\u011f\u0131n\u0131 bildirib: \u201c\u201cAz\u0259ri\u015f\u0131q\u201d ASC-d\u0259n z\u0259ng vurub dedil\u0259r ki, bel\u0259 bir \u015feyl\u0259r yazm\u0131san, \u0259s\u0259bi olub yazm\u0131san, g\u0259l bir izahat yaz ki, \u0259s\u0259bi olmu\u015fam, m\u0259n dedikl\u0259rini etm\u0259dim\u201d.<\/p>\n","protected":false},"excerpt":{"rendered":"<p>\u201cM\u0259n bunlar\u0131n qanunsuz \u0259m\u0259ll\u0259rind\u0259n yazd\u0131qca, bunlar\u0131 \u00e7a\u011f\u0131r\u0131b sor\u011fu-sual etm\u0259kd\u0259ns\u0259, v\u0259zif\u0259l\u0259ri &#8230; <\/p>\n<p class=\"read-more-container\"><a title=\"\u0130\u015f\u0131q idar\u0259sinin ke\u00e7mi\u015f i\u015f\u00e7isi: \u201cR\u0259hb\u0259rliyin qanunsuz \u0259m\u0259ll\u0259rind\u0259n yazd\u0131m, \u00f6z\u00fcm\u00fc h\u0259d\u0259l\u0259yib \u0259riz\u0259 yazd\u0131rd\u0131lar\u201d\" class=\"read-more button\" href=\"https:\/\/www.meydan.tv\/az\/article\/isiq-idaresinin-kecmis-iscisi-rehberliyin-qanunsuz-emellerinden-yazdim-ozumu-hedeleyib-erize-yazdirdilar\/#more-247535\" aria-label=\"Read more about \u0130\u015f\u0131q idar\u0259sinin ke\u00e7mi\u015f i\u015f\u00e7isi: \u201cR\u0259hb\u0259rliyin qanunsuz \u0259m\u0259ll\u0259rind\u0259n yazd\u0131m, \u00f6z\u00fcm\u00fc h\u0259d\u0259l\u0259yib \u0259riz\u0259 yazd\u0131rd\u0131lar\u201d\">Davam\u0131<\/a><\/p>\n","protected":false},"author":8,"featured_media":247532,"comment_status":"closed","ping_status":"closed","sticky":false,"template":"","format":"standard","meta":{"_acf_changed":false,"_sitemap_exclude":false,"_sitemap_priority":"","_sitemap_frequency":"","footnotes":""},"categories":[60,56],"tags":[],"class_list":["post-247535","post","type-post","status-publish","format-standard","has-post-thumbnail","hentry","category-bolge","category-xeberler","infinite-scroll-item","generate-columns","tablet-grid-50","mobile-grid-100","grid-parent","grid-33","no-featured-image-padding"],"acf":[],"yoast_head":"<!-- This site is optimized with the Yoast SEO plugin v27.5 - https:\/\/yoast.com\/product\/yoast-seo-wordpress\/ -->\n<title>\u0130\u015f\u0131q idar\u0259sinin ke\u00e7mi\u015f i\u015f\u00e7isi: \u201cR\u0259hb\u0259rliyin qanunsuz \u0259m\u0259ll\u0259rind\u0259n yazd\u0131m, \u00f6z\u00fcm\u00fc h\u0259d\u0259l\u0259yib \u0259riz\u0259 yazd\u0131rd\u0131lar\u201d - MEYDAN.TV<\/title>\n<meta name=\"robots\" content=\"index, follow, max-snippet:-1, max-image-preview:large, max-video-preview:-1\" \/>\n<link rel=\"canonical\" href=\"https:\/\/www.meydan.tv\/az\/article\/isiq-idaresinin-kecmis-iscisi-rehberliyin-qanunsuz-emellerinden-yazdim-ozumu-hedeleyib-erize-yazdirdilar\/\" \/>\n<meta property=\"og:locale\" content=\"az_AZ\" \/>\n<meta property=\"og:type\" content=\"article\" \/>\n<meta property=\"og:title\" content=\"\u0130\u015f\u0131q idar\u0259sinin ke\u00e7mi\u015f i\u015f\u00e7isi: \u201cR\u0259hb\u0259rliyin qanunsuz \u0259m\u0259ll\u0259rind\u0259n yazd\u0131m, \u00f6z\u00fcm\u00fc h\u0259d\u0259l\u0259yib \u0259riz\u0259 yazd\u0131rd\u0131lar\u201d - MEYDAN.TV\" \/>\n<meta property=\"og:description\" content=\"\u201cM\u0259n bunlar\u0131n qanunsuz \u0259m\u0259ll\u0259rind\u0259n yazd\u0131qca, bunlar\u0131 \u00e7a\u011f\u0131r\u0131b sor\u011fu-sual etm\u0259kd\u0259ns\u0259, v\u0259zif\u0259l\u0259ri ... Davam\u0131\" \/>\n<meta property=\"og:url\" content=\"https:\/\/www.meydan.tv\/az\/article\/isiq-idaresinin-kecmis-iscisi-rehberliyin-qanunsuz-emellerinden-yazdim-ozumu-hedeleyib-erize-yazdirdilar\/\" \/>\n<meta property=\"og:site_name\" content=\"MEYDAN.TV\" \/>\n<meta property=\"article:published_time\" content=\"2022-06-06T12:17:41+00:00\" \/>\n<meta property=\"article:modified_time\" content=\"2022-06-06T12:17:43+00:00\" \/>\n<meta property=\"og:image\" content=\"https:\/\/www.meydan.tv\/wp-content\/uploads\/untitled-design-6-10.jpg\" \/>\n\t<meta property=\"og:image:width\" content=\"1200\" \/>\n\t<meta property=\"og:image:height\" content=\"800\" \/>\n\t<meta property=\"og:image:type\" content=\"image\/jpeg\" \/>\n<meta name=\"author\" content=\"elli\" \/>\n<meta name=\"twitter:card\" content=\"summary_large_image\" \/>\n<meta name=\"twitter:creator\" content=\"@elli\" \/>\n<script type=\"application\/ld+json\" class=\"yoast-schema-graph\">{\"@context\":\"https:\\\/\\\/schema.org\",\"@graph\":[{\"@type\":\"Article\",\"@id\":\"https:\\\/\\\/www.meydan.tv\\\/az\\\/article\\\/isiq-idaresinin-kecmis-iscisi-rehberliyin-qanunsuz-emellerinden-yazdim-ozumu-hedeleyib-erize-yazdirdilar\\\/#article\",\"isPartOf\":{\"@id\":\"https:\\\/\\\/www.meydan.tv\\\/az\\\/article\\\/isiq-idaresinin-kecmis-iscisi-rehberliyin-qanunsuz-emellerinden-yazdim-ozumu-hedeleyib-erize-yazdirdilar\\\/\"},\"author\":{\"name\":\"elli\",\"@id\":\"https:\\\/\\\/www.meydan.tv\\\/az\\\/#\\\/schema\\\/person\\\/9cdbecf90d17180ce1dfbd95b08dcf47\"},\"headline\":\"\u0130\u015f\u0131q idar\u0259sinin ke\u00e7mi\u015f i\u015f\u00e7isi: \u201cR\u0259hb\u0259rliyin qanunsuz \u0259m\u0259ll\u0259rind\u0259n yazd\u0131m, \u00f6z\u00fcm\u00fc h\u0259d\u0259l\u0259yib \u0259riz\u0259 yazd\u0131rd\u0131lar\u201d\",\"datePublished\":\"2022-06-06T12:17:41+00:00\",\"dateModified\":\"2022-06-06T12:17:43+00:00\",\"mainEntityOfPage\":{\"@id\":\"https:\\\/\\\/www.meydan.tv\\\/az\\\/article\\\/isiq-idaresinin-kecmis-iscisi-rehberliyin-qanunsuz-emellerinden-yazdim-ozumu-hedeleyib-erize-yazdirdilar\\\/\"},\"wordCount\":1283,\"publisher\":{\"@id\":\"https:\\\/\\\/www.meydan.tv\\\/az\\\/#organization\"},\"image\":{\"@id\":\"https:\\\/\\\/www.meydan.tv\\\/az\\\/article\\\/isiq-idaresinin-kecmis-iscisi-rehberliyin-qanunsuz-emellerinden-yazdim-ozumu-hedeleyib-erize-yazdirdilar\\\/#primaryimage\"},\"thumbnailUrl\":\"https:\\\/\\\/www.meydan.tv\\\/wp-content\\\/uploads\\\/untitled-design-6-10.jpg\",\"articleSection\":[\"B\u00f6lg\u0259\",\"X\u0259b\u0259rl\u0259r\"],\"inLanguage\":\"az\"},{\"@type\":\"WebPage\",\"@id\":\"https:\\\/\\\/www.meydan.tv\\\/az\\\/article\\\/isiq-idaresinin-kecmis-iscisi-rehberliyin-qanunsuz-emellerinden-yazdim-ozumu-hedeleyib-erize-yazdirdilar\\\/\",\"url\":\"https:\\\/\\\/www.meydan.tv\\\/az\\\/article\\\/isiq-idaresinin-kecmis-iscisi-rehberliyin-qanunsuz-emellerinden-yazdim-ozumu-hedeleyib-erize-yazdirdilar\\\/\",\"name\":\"\u0130\u015f\u0131q idar\u0259sinin ke\u00e7mi\u015f i\u015f\u00e7isi: \u201cR\u0259hb\u0259rliyin qanunsuz \u0259m\u0259ll\u0259rind\u0259n yazd\u0131m, \u00f6z\u00fcm\u00fc h\u0259d\u0259l\u0259yib \u0259riz\u0259 yazd\u0131rd\u0131lar\u201d - MEYDAN.TV\",\"isPartOf\":{\"@id\":\"https:\\\/\\\/www.meydan.tv\\\/az\\\/#website\"},\"primaryImageOfPage\":{\"@id\":\"https:\\\/\\\/www.meydan.tv\\\/az\\\/article\\\/isiq-idaresinin-kecmis-iscisi-rehberliyin-qanunsuz-emellerinden-yazdim-ozumu-hedeleyib-erize-yazdirdilar\\\/#primaryimage\"},\"image\":{\"@id\":\"https:\\\/\\\/www.meydan.tv\\\/az\\\/article\\\/isiq-idaresinin-kecmis-iscisi-rehberliyin-qanunsuz-emellerinden-yazdim-ozumu-hedeleyib-erize-yazdirdilar\\\/#primaryimage\"},\"thumbnailUrl\":\"https:\\\/\\\/www.meydan.tv\\\/wp-content\\\/uploads\\\/untitled-design-6-10.jpg\",\"datePublished\":\"2022-06-06T12:17:41+00:00\",\"dateModified\":\"2022-06-06T12:17:43+00:00\",\"breadcrumb\":{\"@id\":\"https:\\\/\\\/www.meydan.tv\\\/az\\\/article\\\/isiq-idaresinin-kecmis-iscisi-rehberliyin-qanunsuz-emellerinden-yazdim-ozumu-hedeleyib-erize-yazdirdilar\\\/#breadcrumb\"},\"inLanguage\":\"az\",\"potentialAction\":[{\"@type\":\"ReadAction\",\"target\":[\"https:\\\/\\\/www.meydan.tv\\\/az\\\/article\\\/isiq-idaresinin-kecmis-iscisi-rehberliyin-qanunsuz-emellerinden-yazdim-ozumu-hedeleyib-erize-yazdirdilar\\\/\"]}]},{\"@type\":\"ImageObject\",\"inLanguage\":\"az\",\"@id\":\"https:\\\/\\\/www.meydan.tv\\\/az\\\/article\\\/isiq-idaresinin-kecmis-iscisi-rehberliyin-qanunsuz-emellerinden-yazdim-ozumu-hedeleyib-erize-yazdirdilar\\\/#primaryimage\",\"url\":\"https:\\\/\\\/www.meydan.tv\\\/wp-content\\\/uploads\\\/untitled-design-6-10.jpg\",\"contentUrl\":\"https:\\\/\\\/www.meydan.tv\\\/wp-content\\\/uploads\\\/untitled-design-6-10.jpg\",\"width\":1200,\"height\":800,\"caption\":\"Aran Regional Enerji T\u0259chizat\u0131 v\u0259 Sat\u0131\u015f\u0131 \u0130dar\u0259sinin Beyl\u0259qan Elektrik \u015e\u0259b\u0259k\u0259si. M\u0259nb\u0259: Azenerji\"},{\"@type\":\"BreadcrumbList\",\"@id\":\"https:\\\/\\\/www.meydan.tv\\\/az\\\/article\\\/isiq-idaresinin-kecmis-iscisi-rehberliyin-qanunsuz-emellerinden-yazdim-ozumu-hedeleyib-erize-yazdirdilar\\\/#breadcrumb\",\"itemListElement\":[{\"@type\":\"ListItem\",\"position\":1,\"name\":\"Ana s\u0259hif\u0259\",\"item\":\"https:\\\/\\\/www.meydan.tv\\\/az\\\/\"},{\"@type\":\"ListItem\",\"position\":2,\"name\":\"B\u00f6lg\u0259\",\"item\":\"https:\\\/\\\/www.meydan.tv\\\/az\\\/section\\\/bolge\\\/\"},{\"@type\":\"ListItem\",\"position\":3,\"name\":\"\u0130\u015f\u0131q idar\u0259sinin ke\u00e7mi\u015f i\u015f\u00e7isi: \u201cR\u0259hb\u0259rliyin qanunsuz \u0259m\u0259ll\u0259rind\u0259n yazd\u0131m, \u00f6z\u00fcm\u00fc h\u0259d\u0259l\u0259yib \u0259riz\u0259 yazd\u0131rd\u0131lar\u201d\"}]},{\"@type\":\"WebSite\",\"@id\":\"https:\\\/\\\/www.meydan.tv\\\/az\\\/#website\",\"url\":\"https:\\\/\\\/www.meydan.tv\\\/az\\\/\",\"name\":\"MEYDAN.TV\",\"description\":\"Meydan TV Az\u0259rbaycan\u0131n media m\u0259kan\u0131ndak\u0131 alternativ s\u0259sidir\",\"publisher\":{\"@id\":\"https:\\\/\\\/www.meydan.tv\\\/az\\\/#organization\"},\"potentialAction\":[{\"@type\":\"SearchAction\",\"target\":{\"@type\":\"EntryPoint\",\"urlTemplate\":\"https:\\\/\\\/www.meydan.tv\\\/az\\\/?s={search_term_string}\"},\"query-input\":{\"@type\":\"PropertyValueSpecification\",\"valueRequired\":true,\"valueName\":\"search_term_string\"}}],\"inLanguage\":\"az\"},{\"@type\":\"Organization\",\"@id\":\"https:\\\/\\\/www.meydan.tv\\\/az\\\/#organization\",\"name\":\"Meydan TV\",\"url\":\"https:\\\/\\\/www.meydan.tv\\\/az\\\/\",\"logo\":{\"@type\":\"ImageObject\",\"inLanguage\":\"az\",\"@id\":\"https:\\\/\\\/www.meydan.tv\\\/az\\\/#\\\/schema\\\/logo\\\/image\\\/\",\"url\":\"https:\\\/\\\/www.meydan.tv\\\/wp-content\\\/uploads\\\/2021\\\/07\\\/meydan-logo.svg\",\"contentUrl\":\"https:\\\/\\\/www.meydan.tv\\\/wp-content\\\/uploads\\\/2021\\\/07\\\/meydan-logo.svg\",\"width\":195,\"height\":46,\"caption\":\"Meydan TV\"},\"image\":{\"@id\":\"https:\\\/\\\/www.meydan.tv\\\/az\\\/#\\\/schema\\\/logo\\\/image\\\/\"}},{\"@type\":\"Person\",\"@id\":\"https:\\\/\\\/www.meydan.tv\\\/az\\\/#\\\/schema\\\/person\\\/9cdbecf90d17180ce1dfbd95b08dcf47\",\"name\":\"elli\",\"sameAs\":[\"https:\\\/\\\/x.com\\\/elli\"]}]}<\/script>\n<!-- \/ Yoast SEO plugin. -->","yoast_head_json":{"title":"\u0130\u015f\u0131q idar\u0259sinin ke\u00e7mi\u015f i\u015f\u00e7isi: \u201cR\u0259hb\u0259rliyin qanunsuz \u0259m\u0259ll\u0259rind\u0259n yazd\u0131m, \u00f6z\u00fcm\u00fc h\u0259d\u0259l\u0259yib \u0259riz\u0259 yazd\u0131rd\u0131lar\u201d - MEYDAN.TV","robots":{"index":"index","follow":"follow","max-snippet":"max-snippet:-1","max-image-preview":"max-image-preview:large","max-video-preview":"max-video-preview:-1"},"canonical":"https:\/\/www.meydan.tv\/az\/article\/isiq-idaresinin-kecmis-iscisi-rehberliyin-qanunsuz-emellerinden-yazdim-ozumu-hedeleyib-erize-yazdirdilar\/","og_locale":"az_AZ","og_type":"article","og_title":"\u0130\u015f\u0131q idar\u0259sinin ke\u00e7mi\u015f i\u015f\u00e7isi: \u201cR\u0259hb\u0259rliyin qanunsuz \u0259m\u0259ll\u0259rind\u0259n yazd\u0131m, \u00f6z\u00fcm\u00fc h\u0259d\u0259l\u0259yib \u0259riz\u0259 yazd\u0131rd\u0131lar\u201d - MEYDAN.TV","og_description":"\u201cM\u0259n bunlar\u0131n qanunsuz \u0259m\u0259ll\u0259rind\u0259n yazd\u0131qca, bunlar\u0131 \u00e7a\u011f\u0131r\u0131b sor\u011fu-sual etm\u0259kd\u0259ns\u0259, v\u0259zif\u0259l\u0259ri ... Davam\u0131","og_url":"https:\/\/www.meydan.tv\/az\/article\/isiq-idaresinin-kecmis-iscisi-rehberliyin-qanunsuz-emellerinden-yazdim-ozumu-hedeleyib-erize-yazdirdilar\/","og_site_name":"MEYDAN.TV","article_published_time":"2022-06-06T12:17:41+00:00","article_modified_time":"2022-06-06T12:17:43+00:00","og_image":[{"width":1200,"height":800,"url":"https:\/\/www.meydan.tv\/wp-content\/uploads\/untitled-design-6-10.jpg","type":"image\/jpeg"}],"author":"elli","twitter_card":"summary_large_image","twitter_creator":"@elli","schema":{"@context":"https:\/\/schema.org","@graph":[{"@type":"Article","@id":"https:\/\/www.meydan.tv\/az\/article\/isiq-idaresinin-kecmis-iscisi-rehberliyin-qanunsuz-emellerinden-yazdim-ozumu-hedeleyib-erize-yazdirdilar\/#article","isPartOf":{"@id":"https:\/\/www.meydan.tv\/az\/article\/isiq-idaresinin-kecmis-iscisi-rehberliyin-qanunsuz-emellerinden-yazdim-ozumu-hedeleyib-erize-yazdirdilar\/"},"author":{"name":"elli","@id":"https:\/\/www.meydan.tv\/az\/#\/schema\/person\/9cdbecf90d17180ce1dfbd95b08dcf47"},"headline":"\u0130\u015f\u0131q idar\u0259sinin ke\u00e7mi\u015f i\u015f\u00e7isi: \u201cR\u0259hb\u0259rliyin qanunsuz \u0259m\u0259ll\u0259rind\u0259n yazd\u0131m, \u00f6z\u00fcm\u00fc h\u0259d\u0259l\u0259yib \u0259riz\u0259 yazd\u0131rd\u0131lar\u201d","datePublished":"2022-06-06T12:17:41+00:00","dateModified":"2022-06-06T12:17:43+00:00","mainEntityOfPage":{"@id":"https:\/\/www.meydan.tv\/az\/article\/isiq-idaresinin-kecmis-iscisi-rehberliyin-qanunsuz-emellerinden-yazdim-ozumu-hedeleyib-erize-yazdirdilar\/"},"wordCount":1283,"publisher":{"@id":"https:\/\/www.meydan.tv\/az\/#organization"},"image":{"@id":"https:\/\/www.meydan.tv\/az\/article\/isiq-idaresinin-kecmis-iscisi-rehberliyin-qanunsuz-emellerinden-yazdim-ozumu-hedeleyib-erize-yazdirdilar\/#primaryimage"},"thumbnailUrl":"https:\/\/www.meydan.tv\/wp-content\/uploads\/untitled-design-6-10.jpg","articleSection":["B\u00f6lg\u0259","X\u0259b\u0259rl\u0259r"],"inLanguage":"az"},{"@type":"WebPage","@id":"https:\/\/www.meydan.tv\/az\/article\/isiq-idaresinin-kecmis-iscisi-rehberliyin-qanunsuz-emellerinden-yazdim-ozumu-hedeleyib-erize-yazdirdilar\/","url":"https:\/\/www.meydan.tv\/az\/article\/isiq-idaresinin-kecmis-iscisi-rehberliyin-qanunsuz-emellerinden-yazdim-ozumu-hedeleyib-erize-yazdirdilar\/","name":"\u0130\u015f\u0131q idar\u0259sinin ke\u00e7mi\u015f i\u015f\u00e7isi: \u201cR\u0259hb\u0259rliyin qanunsuz \u0259m\u0259ll\u0259rind\u0259n yazd\u0131m, \u00f6z\u00fcm\u00fc h\u0259d\u0259l\u0259yib \u0259riz\u0259 yazd\u0131rd\u0131lar\u201d - MEYDAN.TV","isPartOf":{"@id":"https:\/\/www.meydan.tv\/az\/#website"},"primaryImageOfPage":{"@id":"https:\/\/www.meydan.tv\/az\/article\/isiq-idaresinin-kecmis-iscisi-rehberliyin-qanunsuz-emellerinden-yazdim-ozumu-hedeleyib-erize-yazdirdilar\/#primaryimage"},"image":{"@id":"https:\/\/www.meydan.tv\/az\/article\/isiq-idaresinin-kecmis-iscisi-rehberliyin-qanunsuz-emellerinden-yazdim-ozumu-hedeleyib-erize-yazdirdilar\/#primaryimage"},"thumbnailUrl":"https:\/\/www.meydan.tv\/wp-content\/uploads\/untitled-design-6-10.jpg","datePublished":"2022-06-06T12:17:41+00:00","dateModified":"2022-06-06T12:17:43+00:00","breadcrumb":{"@id":"https:\/\/www.meydan.tv\/az\/article\/isiq-idaresinin-kecmis-iscisi-rehberliyin-qanunsuz-emellerinden-yazdim-ozumu-hedeleyib-erize-yazdirdilar\/#breadcrumb"},"inLanguage":"az","potentialAction":[{"@type":"ReadAction","target":["https:\/\/www.meydan.tv\/az\/article\/isiq-idaresinin-kecmis-iscisi-rehberliyin-qanunsuz-emellerinden-yazdim-ozumu-hedeleyib-erize-yazdirdilar\/"]}]},{"@type":"ImageObject","inLanguage":"az","@id":"https:\/\/www.meydan.tv\/az\/article\/isiq-idaresinin-kecmis-iscisi-rehberliyin-qanunsuz-emellerinden-yazdim-ozumu-hedeleyib-erize-yazdirdilar\/#primaryimage","url":"https:\/\/www.meydan.tv\/wp-content\/uploads\/untitled-design-6-10.jpg","contentUrl":"https:\/\/www.meydan.tv\/wp-content\/uploads\/untitled-design-6-10.jpg","width":1200,"height":800,"caption":"Aran Regional Enerji T\u0259chizat\u0131 v\u0259 Sat\u0131\u015f\u0131 \u0130dar\u0259sinin Beyl\u0259qan Elektrik \u015e\u0259b\u0259k\u0259si. M\u0259nb\u0259: Azenerji"},{"@type":"BreadcrumbList","@id":"https:\/\/www.meydan.tv\/az\/article\/isiq-idaresinin-kecmis-iscisi-rehberliyin-qanunsuz-emellerinden-yazdim-ozumu-hedeleyib-erize-yazdirdilar\/#breadcrumb","itemListElement":[{"@type":"ListItem","position":1,"name":"Ana s\u0259hif\u0259","item":"https:\/\/www.meydan.tv\/az\/"},{"@type":"ListItem","position":2,"name":"B\u00f6lg\u0259","item":"https:\/\/www.meydan.tv\/az\/section\/bolge\/"},{"@type":"ListItem","position":3,"name":"\u0130\u015f\u0131q idar\u0259sinin ke\u00e7mi\u015f i\u015f\u00e7isi: \u201cR\u0259hb\u0259rliyin qanunsuz \u0259m\u0259ll\u0259rind\u0259n yazd\u0131m, \u00f6z\u00fcm\u00fc h\u0259d\u0259l\u0259yib \u0259riz\u0259 yazd\u0131rd\u0131lar\u201d"}]},{"@type":"WebSite","@id":"https:\/\/www.meydan.tv\/az\/#website","url":"https:\/\/www.meydan.tv\/az\/","name":"MEYDAN.TV","description":"Meydan TV Az\u0259rbaycan\u0131n media m\u0259kan\u0131ndak\u0131 alternativ s\u0259sidir","publisher":{"@id":"https:\/\/www.meydan.tv\/az\/#organization"},"potentialAction":[{"@type":"SearchAction","target":{"@type":"EntryPoint","urlTemplate":"https:\/\/www.meydan.tv\/az\/?s={search_term_string}"},"query-input":{"@type":"PropertyValueSpecification","valueRequired":true,"valueName":"search_term_string"}}],"inLanguage":"az"},{"@type":"Organization","@id":"https:\/\/www.meydan.tv\/az\/#organization","name":"Meydan TV","url":"https:\/\/www.meydan.tv\/az\/","logo":{"@type":"ImageObject","inLanguage":"az","@id":"https:\/\/www.meydan.tv\/az\/#\/schema\/logo\/image\/","url":"https:\/\/www.meydan.tv\/wp-content\/uploads\/2021\/07\/meydan-logo.svg","contentUrl":"https:\/\/www.meydan.tv\/wp-content\/uploads\/2021\/07\/meydan-logo.svg","width":195,"height":46,"caption":"Meydan TV"},"image":{"@id":"https:\/\/www.meydan.tv\/az\/#\/schema\/logo\/image\/"}},{"@type":"Person","@id":"https:\/\/www.meydan.tv\/az\/#\/schema\/person\/9cdbecf90d17180ce1dfbd95b08dcf47","name":"elli","sameAs":["https:\/\/x.com\/elli"]}]}},"_links":{"self":[{"href":"https:\/\/www.meydan.tv\/az\/wp-json\/wp\/v2\/posts\/247535","targetHints":{"allow":["GET"]}}],"collection":[{"href":"https:\/\/www.meydan.tv\/az\/wp-json\/wp\/v2\/posts"}],"about":[{"href":"https:\/\/www.meydan.tv\/az\/wp-json\/wp\/v2\/types\/post"}],"author":[{"embeddable":true,"href":"https:\/\/www.meydan.tv\/az\/wp-json\/wp\/v2\/users\/8"}],"replies":[{"embeddable":true,"href":"https:\/\/www.meydan.tv\/az\/wp-json\/wp\/v2\/comments?post=247535"}],"version-history":[{"count":2,"href":"https:\/\/www.meydan.tv\/az\/wp-json\/wp\/v2\/posts\/247535\/revisions"}],"predecessor-version":[{"id":247537,"href":"https:\/\/www.meydan.tv\/az\/wp-json\/wp\/v2\/posts\/247535\/revisions\/247537"}],"wp:featuredmedia":[{"embeddable":true,"href":"https:\/\/www.meydan.tv\/az\/wp-json\/wp\/v2\/media\/247532"}],"wp:attachment":[{"href":"https:\/\/www.meydan.tv\/az\/wp-json\/wp\/v2\/media?parent=247535"}],"wp:term":[{"taxonomy":"category","embeddable":true,"href":"https:\/\/www.meydan.tv\/az\/wp-json\/wp\/v2\/categories?post=247535"},{"taxonomy":"post_tag","embeddable":true,"href":"https:\/\/www.meydan.tv\/az\/wp-json\/wp\/v2\/tags?post=247535"}],"curies":[{"name":"wp","href":"https:\/\/api.w.org\/{rel}","templated":true}]}}