{"id":247509,"date":"2022-06-06T14:34:05","date_gmt":"2022-06-06T10:34:05","guid":{"rendered":"https:\/\/www.meydan.tv\/?p=247509"},"modified":"2022-06-06T14:34:09","modified_gmt":"2022-06-06T10:34:09","slug":"tenha-ana-ovladim-xilas-olmaq-ucun-emeliyyat-olunmalidir-amma","status":"publish","type":"post","link":"https:\/\/www.meydan.tv\/az\/article\/tenha-ana-ovladim-xilas-olmaq-ucun-emeliyyat-olunmalidir-amma\/","title":{"rendered":"T\u0259nha ana: \u201c\u00d6vlad\u0131m xilas olmaq \u00fc\u00e7\u00fcn \u0259m\u0259liyyat olunmal\u0131d\u0131r, amma&#8230;\u201d"},"content":{"rendered":"\n<p><\/p>\n\n\n\n<p><em>Beta-talassemiya x\u0259st\u0259liyind\u0259n \u0259ziyy\u0259t \u00e7\u0259k\u0259n qarda\u015flar\u0131n \u00fcmidi xeyirxah insanlara qal\u0131b<\/em><\/p>\n\n\n\n<p>Murad v\u0259 Elnur N\u0259biyevl\u0259r ail\u0259sinin iki o\u011ful \u00f6vlad\u0131d\u0131r. Q\u0259b\u0259l\u0259 rayonunun V\u0259ndam q\u0259s\u0259b\u0259sind\u0259 m\u0259skunla\u015fan bu iki qarda\u015f t\u0259k ana \u00fcm\u00fcdin\u0259 ya\u015fay\u0131r, ill\u0259rdir h\u0259yatda var olma m\u00fccadil\u0259si verir. \u0130ki ya\u015flar\u0131ndan etibar\u0259n onlarda a\u015fkarlanan Beta- talassemiya x\u0259st\u0259liyi getdikc\u0259 s\u0259hh\u0259tl\u0259rinin sa\u011flaml\u0131q durumunu z\u0259ifl\u0259dib, orqanizml\u0259rind\u0259 dig\u0259r a\u011f\u0131r x\u0259st\u0259likl\u0259rin d\u0259 yaranmas\u0131na s\u0259b\u0259b olub.<br><\/p>\n\n\n\n<p>Murad\u0131n 19, Elnurun 13 ya\u015f\u0131 var. Ancaq x\u0259st\u0259liyin yaratd\u0131\u011f\u0131 z\u0259iflik qarda\u015flar aras\u0131nda \u00e7\u0259ki v\u0259 boy f\u0259rqini hiss etdirmir. Analar\u0131 41 ya\u015fl\u0131 Sad\u0259g\u00fcl N\u0259biyeva deyir ki, h\u0259yat yolda\u015f\u0131 Seymur N\u0259biyev 2013-c\u00fc ild\u0259 avtomobil q\u0259zas\u0131nda h\u0259lak olub. O vaxtdan iki \u00f6vlad\u0131n b\u00fct\u00fcn y\u00fck\u00fc, m\u0259suliyy\u0259ti, x\u0259st\u0259likl\u0259ri il\u0259 m\u00fccadil\u0259 onun \u00f6hd\u0259liyind\u0259dir. X\u0259st\u0259likd\u0259n \u0259ziyy\u0259t \u00e7\u0259k\u0259n iki u\u015fa\u011fa baxd\u0131\u011f\u0131ndan i\u015fl\u0259y\u0259 d\u0259 bilmir. Ail\u0259nin yegan\u0259 g\u0259liri iki u\u015fa\u011f\u0131n x\u0259st\u0259liyin\u0259 v\u0259 Elnurun atas\u0131zl\u0131\u011f\u0131na dair d\u00f6vl\u0259td\u0259n ald\u0131\u011f\u0131 m\u0259vacibdir.<br><\/p>\n\n\n\n<figure class=\"wp-block-image size-full\"><img decoding=\"async\" width=\"1200\" height=\"800\" data-src=\"https:\/\/www.meydan.tv\/wp-content\/uploads\/untitled-design-2-31.jpg\" alt=\"\" class=\"wp-image-247488 lazyload\" src=\"data:image\/svg+xml;base64,PHN2ZyB3aWR0aD0iMSIgaGVpZ2h0PSIxIiB4bWxucz0iaHR0cDovL3d3dy53My5vcmcvMjAwMC9zdmciPjwvc3ZnPg==\" style=\"--smush-placeholder-width: 1200px; --smush-placeholder-aspect-ratio: 1200\/800;\" \/><figcaption>Murad v\u0259 Elnur N\u0259biyevl\u0259r. M\u0259nb\u0259: Meydan TV<\/figcaption><\/figure>\n\n\n\n<p>20 g\u00fcnd\u0259n bir qan k\u00f6\u00e7\u00fcr\u00fclm\u0259s\u0259, 3 aydan bir h\u0259kimin yazd\u0131\u011f\u0131 d\u0259rmanlar al\u0131nmasa, u\u015faqlar h\u0259yat\u0131n\u0131 itir\u0259 bil\u0259r.<\/p>\n\n\n\n<p>\u201cX\u0259st\u0259 u\u015faqlar\u0131m\u0131 t\u0259k qoyub he\u00e7 yer\u0259 ged\u0259 bilmir\u0259m dey\u0259 i\u015fl\u0259m\u0259k imkan\u0131m yoxdur. Ayda 20 g\u00fcnd\u0259n bir onlar\u0131n h\u0259r ikisin\u0259 qan k\u00f6\u00e7\u00fcr\u00fcr\u00fck. Haz\u0131rda u\u015faqlar d\u0259rmanla ya\u015fay\u0131r. \u0130yn\u0259, d\u0259rmandan as\u0131l\u0131d\u0131r onlar\u0131n h\u0259yat\u0131. Olmasa ya\u015faya bilm\u0259zl\u0259r\u201d.<br><\/p>\n\n\n\n<p>Ana deyir ki, Bak\u0131 \u015f\u0259h\u0259ri Talassemiya M\u0259rk\u0259zind\u0259 qeydiyyatdad\u0131rlar. X\u0259st\u0259xanan\u0131n verdiyi pulsuz d\u0259rmanlar da olur, \u0259sas\u0259n qan\u0131 v\u0259 d\u0259mirovucu d\u0259rmanlar\u0131 pulsuz al\u0131r. Qalan dig\u0259r d\u0259rmanlar var ki, h\u0259kim yaz\u0131r, onlar\u0131 \u00f6z\u00fc almaq m\u0259cburiyy\u0259tind\u0259 qal\u0131r:<br><\/p>\n\n\n\n<figure class=\"wp-block-image size-full\"><img decoding=\"async\" width=\"1200\" height=\"800\" data-src=\"https:\/\/www.meydan.tv\/wp-content\/uploads\/untitled-design-42.jpg\" alt=\"\" class=\"wp-image-247482 lazyload\" src=\"data:image\/svg+xml;base64,PHN2ZyB3aWR0aD0iMSIgaGVpZ2h0PSIxIiB4bWxucz0iaHR0cDovL3d3dy53My5vcmcvMjAwMC9zdmciPjwvc3ZnPg==\" style=\"--smush-placeholder-width: 1200px; --smush-placeholder-aspect-ratio: 1200\/800;\" \/><figcaption>Foto: N\u0259biyevl\u0259r ail\u0259sinin albomundan<\/figcaption><\/figure>\n\n\n\n<p>\u201c\u0130nan\u0131n, bu ill\u0259r \u0259rzind\u0259 h\u0259kimin yazd\u0131\u011f\u0131 resept\u0259 uy\u011fun d\u0259rmanlar\u0131n ham\u0131s\u0131n\u0131 al\u0131b, onlara d\u00fczg\u00fcn m\u00fcalic\u0259 etdir\u0259 bilm\u0259mi\u015f\u0259m. \u00c7\u00fcnki h\u0259kim 3 aydan bir resept yaz\u0131r, bu da 300-400 manatl\u0131q pul tutur. Getdikc\u0259 d\u0259 d\u0259rmanlar bahala\u015f\u0131r. \u0130mkans\u0131zl\u0131q \u00fcz\u00fcnd\u0259n vaxtl\u0131-vaxt\u0131nda d\u0259rman\u0131 bel\u0259 ala bilm\u0259mi\u015f\u0259m\u201d.<\/p>\n\n\n\n<p>Qarda\u015flar he\u00e7 u\u015faql\u0131q, normal m\u0259kt\u0259bli h\u0259yat\u0131 bel\u0259 ya\u015famay\u0131b. Haz\u0131rda h\u0259r ikisi \u015f\u0259k\u0259rli diabet x\u0259st\u0259liyind\u0259n d\u0259 \u0259ziyy\u0259t \u00e7\u0259kir. Elnur h\u0259m d\u0259 Hepatit C virus da\u015f\u0131y\u0131c\u0131s\u0131d\u0131r. X\u0259st\u0259likl\u0259r qarda\u015flar\u0131n b\u00fct\u00fcn arzular\u0131n\u0131 yar\u0131m\u00e7\u0131q qoyub. H\u0259tta Murad bir m\u00fcdd\u0259t haz\u0131rl\u0131q ke\u00e7ib ali t\u0259hsil almaq ist\u0259s\u0259 d\u0259, arzusu s\u0259hh\u0259tind\u0259n dolay\u0131 ger\u00e7\u0259kl\u0259\u015fm\u0259yib. Elnur is\u0259 istedadl\u0131d\u0131r, r\u0259sm \u00e7\u0259km\u0259k qabiliyy\u0259ti var. Sa\u011flaml\u0131\u011f\u0131 imkan vers\u0259, istedad\u0131n\u0131n arxas\u0131nca ged\u0259c\u0259k.<\/p>\n\n\n\n<figure class=\"wp-block-image size-full\"><img decoding=\"async\" width=\"1200\" height=\"800\" data-src=\"https:\/\/www.meydan.tv\/wp-content\/uploads\/untitled-design-4-20.jpg\" alt=\"\" class=\"wp-image-247510 lazyload\" src=\"data:image\/svg+xml;base64,PHN2ZyB3aWR0aD0iMSIgaGVpZ2h0PSIxIiB4bWxucz0iaHR0cDovL3d3dy53My5vcmcvMjAwMC9zdmciPjwvc3ZnPg==\" style=\"--smush-placeholder-width: 1200px; --smush-placeholder-aspect-ratio: 1200\/800;\" \/><figcaption>Murad N\u0259biyev<\/figcaption><\/figure>\n\n\n\n<p>\u201cVaxtl\u0131-vaxt\u0131nda m\u0259kt\u0259b\u0259 ged\u0259 bilm\u0259dil\u0259r. D\u00fczd\u00fcr, 11-ci sinf\u0259 q\u0259d\u0259r ad\u0131 m\u0259kt\u0259bd\u0259 qeyd olundu Murad\u0131n, ancaq davaml\u0131 ged\u0259 bilm\u0259di he\u00e7. \u00c7ox vaxt k\u0259narda qald\u0131. \u0130mtahan\u0131n birini verdi, dig\u0259rini ver\u0259 bilm\u0259di. \u00c7al\u0131\u015fd\u0131, \u0259ziyy\u0259t \u00e7\u0259kdi, ancaq adi u\u015faqlar kimi m\u0259kt\u0259b davamiyy\u0259tin\u0259 riay\u0259t ed\u0259 bilm\u0259di. Elnur da ged\u0259 bilmir\u201d, &#8211; ana deyir.<\/p>\n\n\n\n<p>Onun s\u00f6zl\u0259rin\u0259 g\u00f6r\u0259, u\u015faqlar\u0131 inki\u015fafdan \u00e7ox geri qal\u0131blar. Murad m\u0259kt\u0259bi bitirs\u0259 d\u0259, boyu balacad\u0131r:<\/p>\n\n\n\n<figure class=\"wp-block-image size-full\"><img decoding=\"async\" width=\"1200\" height=\"800\" data-src=\"https:\/\/www.meydan.tv\/wp-content\/uploads\/untitled-design-1-28.jpg\" alt=\"\" class=\"wp-image-247485 lazyload\" src=\"data:image\/svg+xml;base64,PHN2ZyB3aWR0aD0iMSIgaGVpZ2h0PSIxIiB4bWxucz0iaHR0cDovL3d3dy53My5vcmcvMjAwMC9zdmciPjwvc3ZnPg==\" style=\"--smush-placeholder-width: 1200px; --smush-placeholder-aspect-ratio: 1200\/800;\" \/><figcaption>Elnur N\u0259biyev<\/figcaption><\/figure>\n\n\n\n<p>\u201cMurad\u0131n fiziki inki\u015faf\u0131 \u00e7ox gerid\u0259dir. X\u0259st\u0259liyi \u00fcz\u00fcnd\u0259n boyu 1.45, \u00e7\u0259kisi is\u0259 \u00e7ox azd\u0131r. Fiziki h\u0259r\u0259k\u0259t ed\u0259, yol ged\u0259, i\u015f g\u00f6r\u0259 bilmirl\u0259r. Tez haldan d\u00fc\u015f\u00fcr v\u0259 yorulurlar. Qan olmasa onlar ya\u015faya bilm\u0259z. Qandan, d\u0259rmandan as\u0131l\u0131d\u0131r h\u0259yatlar\u0131. Bundan qurtulmaq \u00fc\u00e7\u00fcn t\u0259k \u00e7ar\u0259 \u0259m\u0259liyyatd\u0131r ki, o da ba\u015f tutsa\u2026\u201d.<\/p>\n\n\n\n<p>Sad\u0259g\u00fcl N\u0259biyeva 2018-ci ild\u0259 T\u00fcrkiy\u0259nin Ankara \u015f\u0259h\u0259rind\u0259 \u00f6vladlar\u0131na donor olmaq \u00fc\u00e7\u00fcn yoxlan\u0131\u015fdan ke\u00e7ib v\u0259 bunun m\u00fcmk\u00fcns\u00fcz oldu\u011funu \u00f6yr\u0259nib. Bu ilin yanvar\u0131nda qarda\u015flara donor tap\u0131lmas\u0131 \u00fc\u00e7\u00fcn D\u00fcnya Donor Bank\u0131na m\u00fcraci\u0259t edilib. El\u0259 h\u0259min ay\u0131n sonunda Elnur N\u0259biyev\u0259 Almaniyadan donor tap\u0131lmas\u0131 x\u0259b\u0259ri ail\u0259ni sevindirs\u0259 d\u0259, \u0259m\u0259liyyat \u00fc\u00e7\u00fcn t\u0259l\u0259b olunan m\u0259bl\u0259\u011fin \u00e7oxlu\u011fu onlar\u0131 \u00e7\u0131x\u0131lmaz duruma sal\u0131b. \u018fm\u0259liyyat \u00fc\u00e7\u00fcn 90 min dollar laz\u0131md\u0131r. M\u0259bl\u0259\u011f topland\u0131\u011f\u0131 t\u0259qdird\u0259 \u0259m\u0259liyat T\u00fcrkiy\u0259nin \u201cMedical Park Antalya\u201d X\u0259st\u0259xanas\u0131nda ba\u015f tutacaq. \u0130yun ay\u0131 is\u0259 donor \u00fc\u00e7\u00fcn son ayd\u0131r, \u0259ks halda donor \u0259ld\u0259n \u00e7\u0131xacaq. \u0130ndiy\u0259 q\u0259d\u0259r h\u0259min m\u0259bl\u0259\u011fin ancaq 2 min dollar\u0131 y\u0131\u011f\u0131l\u0131b. Ana bunun \u00fc\u00e7\u00fcn Heyd\u0259r \u018fliyev Fonduna, Birinci vitse-prezident Mehriban \u018fliyevaya r\u0259smi m\u00fcraci\u0259t \u00fcnvanlasa da, h\u0259l\u0259 cavab m\u0259ktubu g\u0259lm\u0259yib. Ana son \u00fcm\u00fcd\u00fcn\u00fc itirmir, xeyirxah insanlar\u0131n m\u0259rh\u0259m\u0259yin\u0259 g\u00fcv\u0259ndiyini deyir.<\/p>\n\n\n\n<figure class=\"wp-block-image size-large\"><img decoding=\"async\" width=\"1071\" height=\"821\" data-src=\"https:\/\/www.meydan.tv\/wp-content\/uploads\/1fc6b90a-39b4-4455-b2d0-410cad02fadc-1071x821.jpg\" alt=\"\" class=\"wp-image-247494 lazyload\" src=\"data:image\/svg+xml;base64,PHN2ZyB3aWR0aD0iMSIgaGVpZ2h0PSIxIiB4bWxucz0iaHR0cDovL3d3dy53My5vcmcvMjAwMC9zdmciPjwvc3ZnPg==\" style=\"--smush-placeholder-width: 1071px; --smush-placeholder-aspect-ratio: 1071\/821;\" \/><figcaption>Foto: Meydan TV<\/figcaption><\/figure>\n\n\n\n<p>\u201c\u00c7ox \u00e7ar\u0259siz\u0259m. 10 ildir ki, t\u0259k iki u\u015fa\u011fa bax\u0131ram. \u0130ndiy\u0259 q\u0259d\u0259r \u00f6z\u00fcm idar\u0259 etmi\u015f\u0259m, amma bu, \u00e7ox b\u00f6y\u00fck m\u0259bl\u0259\u011fdir. Kimin \u0259lind\u0259n n\u0259 k\u00f6m\u0259k g\u0259lirs\u0259, yard\u0131m etsin. 90 min dollar b\u00f6y\u00fck m\u0259bl\u0259\u011fdir. Demirik ham\u0131s\u0131. \u0130st\u0259yim odur ki, Elnur \u0259m\u0259liyyata gir\u0259 bilsin\u201d.<\/p>\n\n\n\n<p>\u201c\u0130ki \u00f6vlad\u0131n eyni x\u0259st\u0259likd\u0259n \u0259ziyy\u0259t \u00e7\u0259km\u0259si d\u0259h\u015f\u0259tdir. \u0130kisin\u0259 d\u0259 donor axtar\u0131\u015f\u0131 vermi\u015fik. Dig\u0259rin\u0259 tap\u0131lmay\u0131b. \u00d6vladlar\u0131m\u0131n atas\u0131 yoxdur. \u0130ki yetim balaya h\u0259yat vermi\u015f olars\u0131z. Xeyirxah insanlar, yax\u015f\u0131l\u0131q, insanl\u0131q namin\u0259 bunu ets\u0259l\u0259r sevin\u0259rik. 5 ayd\u0131r ki, \u00e7al\u0131\u015f\u0131r\u0131q, ancaq pulun 2 min dollar\u0131n\u0131 toplaya bilmi\u015fik, 88 min dollar durur\u201d, &#8211; ana deyr.<\/p>\n\n\n\n<figure class=\"wp-block-image size-large\"><img decoding=\"async\" width=\"616\" height=\"821\" data-src=\"https:\/\/www.meydan.tv\/wp-content\/uploads\/74139869-973b-4b68-a826-30e9b898b057-616x821.jpg\" alt=\"\" class=\"wp-image-247506 lazyload\" src=\"data:image\/svg+xml;base64,PHN2ZyB3aWR0aD0iMSIgaGVpZ2h0PSIxIiB4bWxucz0iaHR0cDovL3d3dy53My5vcmcvMjAwMC9zdmciPjwvc3ZnPg==\" style=\"--smush-placeholder-width: 616px; --smush-placeholder-aspect-ratio: 616\/821;\" \/><figcaption>Ambultor x\u0259st\u0259nin kart\u0131ndan \u00e7\u0131xar\u0131\u015f<\/figcaption><\/figure>\n\n\n\n<p>Onun s\u00f6zl\u0259rin\u0259 g\u00f6r\u0259, \u0259slind\u0259 donor 3 ay g\u00f6zl\u0259yir, onlar\u0131n sahi\u015fi il\u0259 bu aya q\u0259d\u0259r g\u00f6zl\u0259yib:<\/p>\n\n\n\n<p>\u201cAidiyy\u0259ti qurumlardan, Heyd\u0259r \u018fliyev Fondundan, \u00f6lk\u0259 ba\u015f\u00e7\u0131s\u0131ndan, m\u0259rh\u0259m\u0259tli insanlardan xahi\u015f edir\u0259m, k\u00f6m\u0259k edin, \u00f6vlad\u0131m\u0131n \u0259m\u0259liyyat x\u0259rci d\u00fcz\u0259lsin\u201d.<\/p>\n\n\n\n<p>U\u015faqlar\u0131n \u0259misi Nicat \u018flsahib o\u011flu N\u0259biyev 1994-c\u00fc ild\u0259 K\u0259lb\u0259c\u0259rin Murov da\u011f\u0131nda h\u0259yat\u0131n\u0131 itirib. \u0130ndi onun anas\u0131 Ziyaf\u0259r N\u0259biyeva da n\u0259v\u0259l\u0259ri \u00fc\u00e7\u00fcn g\u00f6z ya\u015f\u0131 t\u00f6k\u00fcr. Deyir ki, bir t\u0259r\u0259fd\u0259n vaxts\u0131z iki \u00f6vlad itkisi, dig\u0259r t\u0259r\u0259fd\u0259n iki n\u0259v\u0259nin h\u0259yat m\u00fccadil\u0259si onu \u00e7ox incidir. Bir \u015f\u0259hid anas\u0131, v\u0259t\u0259nda\u015f olaraq d\u00f6vl\u0259td\u0259n, xalqdan k\u00f6m\u0259k g\u00f6zl\u0259yir. H\u0259tta Heyd\u0259r \u018fliyev Fonduna \u00f6z ad\u0131ndan m\u0259ktub da \u00fcnvanlay\u0131b:<\/p>\n\n\n\n<figure class=\"wp-block-image size-full\"><img decoding=\"async\" width=\"1200\" height=\"800\" data-src=\"https:\/\/www.meydan.tv\/wp-content\/uploads\/untitled-design-3-24.jpg\" alt=\"\" class=\"wp-image-247491 lazyload\" src=\"data:image\/svg+xml;base64,PHN2ZyB3aWR0aD0iMSIgaGVpZ2h0PSIxIiB4bWxucz0iaHR0cDovL3d3dy53My5vcmcvMjAwMC9zdmciPjwvc3ZnPg==\" style=\"--smush-placeholder-width: 1200px; --smush-placeholder-aspect-ratio: 1200\/800;\" \/><figcaption>Ziyaf\u0259r N\u0259biyeva. M\u0259nb\u0259: Meydan TV<\/figcaption><\/figure>\n\n\n\n<p>\u201cM\u0259n \u015f\u0259hid anas\u0131yam, 21 ya\u015fl\u0131 o\u011flumu Birinci Qaraba\u011f m\u00fcharib\u0259sind\u0259 itirdim. Dig\u0259r o\u011flum da b\u0259db\u0259xt hadis\u0259 n\u0259tic\u0259sind\u0259 h\u0259lak oldu. Onun ail\u0259si, m\u00fcalic\u0259y\u0259 ehtiyac\u0131 olan u\u015faqlar\u0131 qald\u0131 ana \u00fcmidin\u0259. \u0130mkan\u0131m\u0131z yoxdur ki, biz bu a\u011f\u0131r \u0259m\u0259liyyat\u0131 q\u0131sa m\u00fcdd\u0259t\u0259 h\u0259yata ke\u00e7ir\u0259k. M\u0259n Elnur n\u0259v\u0259m \u00fc\u00e7\u00fcn mill\u0259timizd\u0259n d\u0259st\u0259k ist\u0259yir\u0259m. Ne\u00e7\u0259 ildir bu u\u015faq x\u0259st\u0259likd\u0259n \u0259ziyy\u0259t \u00e7\u0259kir, getdikc\u0259 z\u0259ifl\u0259yir, \u0259ld\u0259n d\u00fc\u015f\u00fcr\u201d.<\/p>\n\n\n\n<p>\u201cH\u0259r g\u00fcn n\u0259v\u0259l\u0259rimi bu v\u0259ziyy\u0259td\u0259 g\u00f6rm\u0259k m\u0259ni n\u0259n\u0259, ana olaraq x\u0259cal\u0259t i\u00e7ind\u0259 qoyur. Xahi\u015f edir\u0259m g\u00f6z\u0259l xalq\u0131m\u0131zdan, V\u0259t\u0259nimizin d\u0259y\u0259rli, vicdanl\u0131 , yard\u0131msev\u0259r \u015f\u0259xsl\u0259rind\u0259n, m\u0259ktub yaz\u0131b g\u00f6nd\u0259rdiyimiz qurumlardan, biz\u0259 yard\u0131m etsinl\u0259r, m\u00fcraci\u0259timiz\u0259 m\u00fcsb\u0259t cavab versinl\u0259r. O u\u015faq \u0259m\u0259liyyat\u0131 ke\u00e7sin, sa\u011flaml\u0131\u011f\u0131na qovu\u015fsun. Qoymay\u0131n bir g\u0259nc \u00f6vlad x\u0259st\u0259liy\u0259 m\u0259\u011flub olsun\u201d, &#8211; n\u0259n\u0259 g\u00f6z ya\u015f\u0131 i\u00e7\u0259risind\u0259 deyir.<\/p>\n","protected":false},"excerpt":{"rendered":"<p>Beta-talassemiya x\u0259st\u0259liyind\u0259n \u0259ziyy\u0259t \u00e7\u0259k\u0259n qarda\u015flar\u0131n \u00fcmidi xeyirxah insanlara qal\u0131b Murad &#8230; <\/p>\n<p class=\"read-more-container\"><a title=\"T\u0259nha ana: \u201c\u00d6vlad\u0131m xilas olmaq \u00fc\u00e7\u00fcn \u0259m\u0259liyyat olunmal\u0131d\u0131r, amma&#8230;\u201d\" class=\"read-more button\" href=\"https:\/\/www.meydan.tv\/az\/article\/tenha-ana-ovladim-xilas-olmaq-ucun-emeliyyat-olunmalidir-amma\/#more-247509\" aria-label=\"Read more about T\u0259nha ana: \u201c\u00d6vlad\u0131m xilas olmaq \u00fc\u00e7\u00fcn \u0259m\u0259liyyat olunmal\u0131d\u0131r, amma&#8230;\u201d\">Davam\u0131<\/a><\/p>\n","protected":false},"author":8,"featured_media":247497,"comment_status":"closed","ping_status":"closed","sticky":false,"template":"","format":"standard","meta":{"_acf_changed":false,"_sitemap_exclude":false,"_sitemap_priority":"","_sitemap_frequency":"","footnotes":""},"categories":[60,79,56],"tags":[],"class_list":["post-247509","post","type-post","status-publish","format-standard","has-post-thumbnail","hentry","category-bolge","category-featured","category-xeberler","infinite-scroll-item","generate-columns","tablet-grid-50","mobile-grid-100","grid-parent","grid-33","no-featured-image-padding"],"acf":[],"yoast_head":"<!-- This site is optimized with the Yoast SEO plugin v27.5 - https:\/\/yoast.com\/product\/yoast-seo-wordpress\/ -->\n<title>T\u0259nha ana: \u201c\u00d6vlad\u0131m xilas olmaq \u00fc\u00e7\u00fcn \u0259m\u0259liyyat olunmal\u0131d\u0131r, amma...\u201d - MEYDAN.TV<\/title>\n<meta name=\"robots\" content=\"index, follow, max-snippet:-1, max-image-preview:large, max-video-preview:-1\" \/>\n<link rel=\"canonical\" href=\"https:\/\/www.meydan.tv\/az\/article\/tenha-ana-ovladim-xilas-olmaq-ucun-emeliyyat-olunmalidir-amma\/\" \/>\n<meta property=\"og:locale\" content=\"az_AZ\" \/>\n<meta property=\"og:type\" content=\"article\" \/>\n<meta property=\"og:title\" content=\"T\u0259nha ana: \u201c\u00d6vlad\u0131m xilas olmaq \u00fc\u00e7\u00fcn \u0259m\u0259liyyat olunmal\u0131d\u0131r, amma...\u201d - MEYDAN.TV\" \/>\n<meta property=\"og:description\" content=\"Beta-talassemiya x\u0259st\u0259liyind\u0259n \u0259ziyy\u0259t \u00e7\u0259k\u0259n qarda\u015flar\u0131n \u00fcmidi xeyirxah insanlara qal\u0131b Murad ... Davam\u0131\" \/>\n<meta property=\"og:url\" content=\"https:\/\/www.meydan.tv\/az\/article\/tenha-ana-ovladim-xilas-olmaq-ucun-emeliyyat-olunmalidir-amma\/\" \/>\n<meta property=\"og:site_name\" content=\"MEYDAN.TV\" \/>\n<meta property=\"article:published_time\" content=\"2022-06-06T10:34:05+00:00\" \/>\n<meta property=\"article:modified_time\" content=\"2022-06-06T10:34:09+00:00\" \/>\n<meta property=\"og:image\" content=\"https:\/\/www.meydan.tv\/wp-content\/uploads\/fd793005-4acd-4335-beeb-edea3505688a.jpg\" \/>\n\t<meta property=\"og:image:width\" content=\"1200\" \/>\n\t<meta property=\"og:image:height\" content=\"583\" \/>\n\t<meta property=\"og:image:type\" content=\"image\/jpeg\" \/>\n<meta name=\"author\" content=\"elli\" \/>\n<meta name=\"twitter:card\" content=\"summary_large_image\" \/>\n<meta name=\"twitter:creator\" content=\"@elli\" \/>\n<script type=\"application\/ld+json\" class=\"yoast-schema-graph\">{\"@context\":\"https:\\\/\\\/schema.org\",\"@graph\":[{\"@type\":\"Article\",\"@id\":\"https:\\\/\\\/www.meydan.tv\\\/az\\\/article\\\/tenha-ana-ovladim-xilas-olmaq-ucun-emeliyyat-olunmalidir-amma\\\/#article\",\"isPartOf\":{\"@id\":\"https:\\\/\\\/www.meydan.tv\\\/az\\\/article\\\/tenha-ana-ovladim-xilas-olmaq-ucun-emeliyyat-olunmalidir-amma\\\/\"},\"author\":{\"name\":\"elli\",\"@id\":\"https:\\\/\\\/www.meydan.tv\\\/az\\\/#\\\/schema\\\/person\\\/9cdbecf90d17180ce1dfbd95b08dcf47\"},\"headline\":\"T\u0259nha ana: \u201c\u00d6vlad\u0131m xilas olmaq \u00fc\u00e7\u00fcn \u0259m\u0259liyyat olunmal\u0131d\u0131r, amma&#8230;\u201d\",\"datePublished\":\"2022-06-06T10:34:05+00:00\",\"dateModified\":\"2022-06-06T10:34:09+00:00\",\"mainEntityOfPage\":{\"@id\":\"https:\\\/\\\/www.meydan.tv\\\/az\\\/article\\\/tenha-ana-ovladim-xilas-olmaq-ucun-emeliyyat-olunmalidir-amma\\\/\"},\"wordCount\":1456,\"publisher\":{\"@id\":\"https:\\\/\\\/www.meydan.tv\\\/az\\\/#organization\"},\"image\":{\"@id\":\"https:\\\/\\\/www.meydan.tv\\\/az\\\/article\\\/tenha-ana-ovladim-xilas-olmaq-ucun-emeliyyat-olunmalidir-amma\\\/#primaryimage\"},\"thumbnailUrl\":\"https:\\\/\\\/www.meydan.tv\\\/wp-content\\\/uploads\\\/fd793005-4acd-4335-beeb-edea3505688a.jpg\",\"articleSection\":[\"B\u00f6lg\u0259\",\"T\u00f6vsiy\u0259\",\"X\u0259b\u0259rl\u0259r\"],\"inLanguage\":\"az\"},{\"@type\":\"WebPage\",\"@id\":\"https:\\\/\\\/www.meydan.tv\\\/az\\\/article\\\/tenha-ana-ovladim-xilas-olmaq-ucun-emeliyyat-olunmalidir-amma\\\/\",\"url\":\"https:\\\/\\\/www.meydan.tv\\\/az\\\/article\\\/tenha-ana-ovladim-xilas-olmaq-ucun-emeliyyat-olunmalidir-amma\\\/\",\"name\":\"T\u0259nha ana: \u201c\u00d6vlad\u0131m xilas olmaq \u00fc\u00e7\u00fcn \u0259m\u0259liyyat olunmal\u0131d\u0131r, amma...\u201d - MEYDAN.TV\",\"isPartOf\":{\"@id\":\"https:\\\/\\\/www.meydan.tv\\\/az\\\/#website\"},\"primaryImageOfPage\":{\"@id\":\"https:\\\/\\\/www.meydan.tv\\\/az\\\/article\\\/tenha-ana-ovladim-xilas-olmaq-ucun-emeliyyat-olunmalidir-amma\\\/#primaryimage\"},\"image\":{\"@id\":\"https:\\\/\\\/www.meydan.tv\\\/az\\\/article\\\/tenha-ana-ovladim-xilas-olmaq-ucun-emeliyyat-olunmalidir-amma\\\/#primaryimage\"},\"thumbnailUrl\":\"https:\\\/\\\/www.meydan.tv\\\/wp-content\\\/uploads\\\/fd793005-4acd-4335-beeb-edea3505688a.jpg\",\"datePublished\":\"2022-06-06T10:34:05+00:00\",\"dateModified\":\"2022-06-06T10:34:09+00:00\",\"breadcrumb\":{\"@id\":\"https:\\\/\\\/www.meydan.tv\\\/az\\\/article\\\/tenha-ana-ovladim-xilas-olmaq-ucun-emeliyyat-olunmalidir-amma\\\/#breadcrumb\"},\"inLanguage\":\"az\",\"potentialAction\":[{\"@type\":\"ReadAction\",\"target\":[\"https:\\\/\\\/www.meydan.tv\\\/az\\\/article\\\/tenha-ana-ovladim-xilas-olmaq-ucun-emeliyyat-olunmalidir-amma\\\/\"]}]},{\"@type\":\"ImageObject\",\"inLanguage\":\"az\",\"@id\":\"https:\\\/\\\/www.meydan.tv\\\/az\\\/article\\\/tenha-ana-ovladim-xilas-olmaq-ucun-emeliyyat-olunmalidir-amma\\\/#primaryimage\",\"url\":\"https:\\\/\\\/www.meydan.tv\\\/wp-content\\\/uploads\\\/fd793005-4acd-4335-beeb-edea3505688a.jpg\",\"contentUrl\":\"https:\\\/\\\/www.meydan.tv\\\/wp-content\\\/uploads\\\/fd793005-4acd-4335-beeb-edea3505688a.jpg\",\"width\":1200,\"height\":583,\"caption\":\"Elnur N\u0259biyev. M\u0259nb\u0259: Meydan TV\"},{\"@type\":\"BreadcrumbList\",\"@id\":\"https:\\\/\\\/www.meydan.tv\\\/az\\\/article\\\/tenha-ana-ovladim-xilas-olmaq-ucun-emeliyyat-olunmalidir-amma\\\/#breadcrumb\",\"itemListElement\":[{\"@type\":\"ListItem\",\"position\":1,\"name\":\"Ana s\u0259hif\u0259\",\"item\":\"https:\\\/\\\/www.meydan.tv\\\/az\\\/\"},{\"@type\":\"ListItem\",\"position\":2,\"name\":\"B\u00f6lg\u0259\",\"item\":\"https:\\\/\\\/www.meydan.tv\\\/az\\\/section\\\/bolge\\\/\"},{\"@type\":\"ListItem\",\"position\":3,\"name\":\"T\u0259nha ana: \u201c\u00d6vlad\u0131m xilas olmaq \u00fc\u00e7\u00fcn \u0259m\u0259liyyat olunmal\u0131d\u0131r, amma&#8230;\u201d\"}]},{\"@type\":\"WebSite\",\"@id\":\"https:\\\/\\\/www.meydan.tv\\\/az\\\/#website\",\"url\":\"https:\\\/\\\/www.meydan.tv\\\/az\\\/\",\"name\":\"MEYDAN.TV\",\"description\":\"Meydan TV Az\u0259rbaycan\u0131n media m\u0259kan\u0131ndak\u0131 alternativ s\u0259sidir\",\"publisher\":{\"@id\":\"https:\\\/\\\/www.meydan.tv\\\/az\\\/#organization\"},\"potentialAction\":[{\"@type\":\"SearchAction\",\"target\":{\"@type\":\"EntryPoint\",\"urlTemplate\":\"https:\\\/\\\/www.meydan.tv\\\/az\\\/?s={search_term_string}\"},\"query-input\":{\"@type\":\"PropertyValueSpecification\",\"valueRequired\":true,\"valueName\":\"search_term_string\"}}],\"inLanguage\":\"az\"},{\"@type\":\"Organization\",\"@id\":\"https:\\\/\\\/www.meydan.tv\\\/az\\\/#organization\",\"name\":\"Meydan TV\",\"url\":\"https:\\\/\\\/www.meydan.tv\\\/az\\\/\",\"logo\":{\"@type\":\"ImageObject\",\"inLanguage\":\"az\",\"@id\":\"https:\\\/\\\/www.meydan.tv\\\/az\\\/#\\\/schema\\\/logo\\\/image\\\/\",\"url\":\"https:\\\/\\\/www.meydan.tv\\\/wp-content\\\/uploads\\\/2021\\\/07\\\/meydan-logo.svg\",\"contentUrl\":\"https:\\\/\\\/www.meydan.tv\\\/wp-content\\\/uploads\\\/2021\\\/07\\\/meydan-logo.svg\",\"width\":195,\"height\":46,\"caption\":\"Meydan TV\"},\"image\":{\"@id\":\"https:\\\/\\\/www.meydan.tv\\\/az\\\/#\\\/schema\\\/logo\\\/image\\\/\"}},{\"@type\":\"Person\",\"@id\":\"https:\\\/\\\/www.meydan.tv\\\/az\\\/#\\\/schema\\\/person\\\/9cdbecf90d17180ce1dfbd95b08dcf47\",\"name\":\"elli\",\"sameAs\":[\"https:\\\/\\\/x.com\\\/elli\"]}]}<\/script>\n<!-- \/ Yoast SEO plugin. -->","yoast_head_json":{"title":"T\u0259nha ana: \u201c\u00d6vlad\u0131m xilas olmaq \u00fc\u00e7\u00fcn \u0259m\u0259liyyat olunmal\u0131d\u0131r, amma...\u201d - MEYDAN.TV","robots":{"index":"index","follow":"follow","max-snippet":"max-snippet:-1","max-image-preview":"max-image-preview:large","max-video-preview":"max-video-preview:-1"},"canonical":"https:\/\/www.meydan.tv\/az\/article\/tenha-ana-ovladim-xilas-olmaq-ucun-emeliyyat-olunmalidir-amma\/","og_locale":"az_AZ","og_type":"article","og_title":"T\u0259nha ana: \u201c\u00d6vlad\u0131m xilas olmaq \u00fc\u00e7\u00fcn \u0259m\u0259liyyat olunmal\u0131d\u0131r, amma...\u201d - MEYDAN.TV","og_description":"Beta-talassemiya x\u0259st\u0259liyind\u0259n \u0259ziyy\u0259t \u00e7\u0259k\u0259n qarda\u015flar\u0131n \u00fcmidi xeyirxah insanlara qal\u0131b Murad ... Davam\u0131","og_url":"https:\/\/www.meydan.tv\/az\/article\/tenha-ana-ovladim-xilas-olmaq-ucun-emeliyyat-olunmalidir-amma\/","og_site_name":"MEYDAN.TV","article_published_time":"2022-06-06T10:34:05+00:00","article_modified_time":"2022-06-06T10:34:09+00:00","og_image":[{"width":1200,"height":583,"url":"https:\/\/www.meydan.tv\/wp-content\/uploads\/fd793005-4acd-4335-beeb-edea3505688a.jpg","type":"image\/jpeg"}],"author":"elli","twitter_card":"summary_large_image","twitter_creator":"@elli","schema":{"@context":"https:\/\/schema.org","@graph":[{"@type":"Article","@id":"https:\/\/www.meydan.tv\/az\/article\/tenha-ana-ovladim-xilas-olmaq-ucun-emeliyyat-olunmalidir-amma\/#article","isPartOf":{"@id":"https:\/\/www.meydan.tv\/az\/article\/tenha-ana-ovladim-xilas-olmaq-ucun-emeliyyat-olunmalidir-amma\/"},"author":{"name":"elli","@id":"https:\/\/www.meydan.tv\/az\/#\/schema\/person\/9cdbecf90d17180ce1dfbd95b08dcf47"},"headline":"T\u0259nha ana: \u201c\u00d6vlad\u0131m xilas olmaq \u00fc\u00e7\u00fcn \u0259m\u0259liyyat olunmal\u0131d\u0131r, amma&#8230;\u201d","datePublished":"2022-06-06T10:34:05+00:00","dateModified":"2022-06-06T10:34:09+00:00","mainEntityOfPage":{"@id":"https:\/\/www.meydan.tv\/az\/article\/tenha-ana-ovladim-xilas-olmaq-ucun-emeliyyat-olunmalidir-amma\/"},"wordCount":1456,"publisher":{"@id":"https:\/\/www.meydan.tv\/az\/#organization"},"image":{"@id":"https:\/\/www.meydan.tv\/az\/article\/tenha-ana-ovladim-xilas-olmaq-ucun-emeliyyat-olunmalidir-amma\/#primaryimage"},"thumbnailUrl":"https:\/\/www.meydan.tv\/wp-content\/uploads\/fd793005-4acd-4335-beeb-edea3505688a.jpg","articleSection":["B\u00f6lg\u0259","T\u00f6vsiy\u0259","X\u0259b\u0259rl\u0259r"],"inLanguage":"az"},{"@type":"WebPage","@id":"https:\/\/www.meydan.tv\/az\/article\/tenha-ana-ovladim-xilas-olmaq-ucun-emeliyyat-olunmalidir-amma\/","url":"https:\/\/www.meydan.tv\/az\/article\/tenha-ana-ovladim-xilas-olmaq-ucun-emeliyyat-olunmalidir-amma\/","name":"T\u0259nha ana: \u201c\u00d6vlad\u0131m xilas olmaq \u00fc\u00e7\u00fcn \u0259m\u0259liyyat olunmal\u0131d\u0131r, amma...\u201d - MEYDAN.TV","isPartOf":{"@id":"https:\/\/www.meydan.tv\/az\/#website"},"primaryImageOfPage":{"@id":"https:\/\/www.meydan.tv\/az\/article\/tenha-ana-ovladim-xilas-olmaq-ucun-emeliyyat-olunmalidir-amma\/#primaryimage"},"image":{"@id":"https:\/\/www.meydan.tv\/az\/article\/tenha-ana-ovladim-xilas-olmaq-ucun-emeliyyat-olunmalidir-amma\/#primaryimage"},"thumbnailUrl":"https:\/\/www.meydan.tv\/wp-content\/uploads\/fd793005-4acd-4335-beeb-edea3505688a.jpg","datePublished":"2022-06-06T10:34:05+00:00","dateModified":"2022-06-06T10:34:09+00:00","breadcrumb":{"@id":"https:\/\/www.meydan.tv\/az\/article\/tenha-ana-ovladim-xilas-olmaq-ucun-emeliyyat-olunmalidir-amma\/#breadcrumb"},"inLanguage":"az","potentialAction":[{"@type":"ReadAction","target":["https:\/\/www.meydan.tv\/az\/article\/tenha-ana-ovladim-xilas-olmaq-ucun-emeliyyat-olunmalidir-amma\/"]}]},{"@type":"ImageObject","inLanguage":"az","@id":"https:\/\/www.meydan.tv\/az\/article\/tenha-ana-ovladim-xilas-olmaq-ucun-emeliyyat-olunmalidir-amma\/#primaryimage","url":"https:\/\/www.meydan.tv\/wp-content\/uploads\/fd793005-4acd-4335-beeb-edea3505688a.jpg","contentUrl":"https:\/\/www.meydan.tv\/wp-content\/uploads\/fd793005-4acd-4335-beeb-edea3505688a.jpg","width":1200,"height":583,"caption":"Elnur N\u0259biyev. M\u0259nb\u0259: Meydan TV"},{"@type":"BreadcrumbList","@id":"https:\/\/www.meydan.tv\/az\/article\/tenha-ana-ovladim-xilas-olmaq-ucun-emeliyyat-olunmalidir-amma\/#breadcrumb","itemListElement":[{"@type":"ListItem","position":1,"name":"Ana s\u0259hif\u0259","item":"https:\/\/www.meydan.tv\/az\/"},{"@type":"ListItem","position":2,"name":"B\u00f6lg\u0259","item":"https:\/\/www.meydan.tv\/az\/section\/bolge\/"},{"@type":"ListItem","position":3,"name":"T\u0259nha ana: \u201c\u00d6vlad\u0131m xilas olmaq \u00fc\u00e7\u00fcn \u0259m\u0259liyyat olunmal\u0131d\u0131r, amma&#8230;\u201d"}]},{"@type":"WebSite","@id":"https:\/\/www.meydan.tv\/az\/#website","url":"https:\/\/www.meydan.tv\/az\/","name":"MEYDAN.TV","description":"Meydan TV Az\u0259rbaycan\u0131n media m\u0259kan\u0131ndak\u0131 alternativ s\u0259sidir","publisher":{"@id":"https:\/\/www.meydan.tv\/az\/#organization"},"potentialAction":[{"@type":"SearchAction","target":{"@type":"EntryPoint","urlTemplate":"https:\/\/www.meydan.tv\/az\/?s={search_term_string}"},"query-input":{"@type":"PropertyValueSpecification","valueRequired":true,"valueName":"search_term_string"}}],"inLanguage":"az"},{"@type":"Organization","@id":"https:\/\/www.meydan.tv\/az\/#organization","name":"Meydan TV","url":"https:\/\/www.meydan.tv\/az\/","logo":{"@type":"ImageObject","inLanguage":"az","@id":"https:\/\/www.meydan.tv\/az\/#\/schema\/logo\/image\/","url":"https:\/\/www.meydan.tv\/wp-content\/uploads\/2021\/07\/meydan-logo.svg","contentUrl":"https:\/\/www.meydan.tv\/wp-content\/uploads\/2021\/07\/meydan-logo.svg","width":195,"height":46,"caption":"Meydan TV"},"image":{"@id":"https:\/\/www.meydan.tv\/az\/#\/schema\/logo\/image\/"}},{"@type":"Person","@id":"https:\/\/www.meydan.tv\/az\/#\/schema\/person\/9cdbecf90d17180ce1dfbd95b08dcf47","name":"elli","sameAs":["https:\/\/x.com\/elli"]}]}},"_links":{"self":[{"href":"https:\/\/www.meydan.tv\/az\/wp-json\/wp\/v2\/posts\/247509","targetHints":{"allow":["GET"]}}],"collection":[{"href":"https:\/\/www.meydan.tv\/az\/wp-json\/wp\/v2\/posts"}],"about":[{"href":"https:\/\/www.meydan.tv\/az\/wp-json\/wp\/v2\/types\/post"}],"author":[{"embeddable":true,"href":"https:\/\/www.meydan.tv\/az\/wp-json\/wp\/v2\/users\/8"}],"replies":[{"embeddable":true,"href":"https:\/\/www.meydan.tv\/az\/wp-json\/wp\/v2\/comments?post=247509"}],"version-history":[{"count":1,"href":"https:\/\/www.meydan.tv\/az\/wp-json\/wp\/v2\/posts\/247509\/revisions"}],"predecessor-version":[{"id":247513,"href":"https:\/\/www.meydan.tv\/az\/wp-json\/wp\/v2\/posts\/247509\/revisions\/247513"}],"wp:featuredmedia":[{"embeddable":true,"href":"https:\/\/www.meydan.tv\/az\/wp-json\/wp\/v2\/media\/247497"}],"wp:attachment":[{"href":"https:\/\/www.meydan.tv\/az\/wp-json\/wp\/v2\/media?parent=247509"}],"wp:term":[{"taxonomy":"category","embeddable":true,"href":"https:\/\/www.meydan.tv\/az\/wp-json\/wp\/v2\/categories?post=247509"},{"taxonomy":"post_tag","embeddable":true,"href":"https:\/\/www.meydan.tv\/az\/wp-json\/wp\/v2\/tags?post=247509"}],"curies":[{"name":"wp","href":"https:\/\/api.w.org\/{rel}","templated":true}]}}