{"id":247459,"date":"2022-06-06T12:52:22","date_gmt":"2022-06-06T08:52:22","guid":{"rendered":"https:\/\/www.meydan.tv\/?p=247459"},"modified":"2022-06-06T12:52:23","modified_gmt":"2022-06-06T08:52:23","slug":"semkir-regional-medeniyyet-idaresinin-vezifeli-sexsleri-hebs-olunub","status":"publish","type":"post","link":"https:\/\/www.meydan.tv\/az\/article\/semkir-regional-medeniyyet-idaresinin-vezifeli-sexsleri-hebs-olunub\/","title":{"rendered":"\u015e\u0259mkir Regional M\u0259d\u0259niyy\u0259t \u0130dar\u0259sinin v\u0259zif\u0259li \u015f\u0259xsl\u0259ri h\u0259bs olunub"},"content":{"rendered":"\n<p><\/p>\n\n\n\n<p><em>V\u0259t\u0259nda\u015f\u0131n \u015fikay\u0259ti \u0259sas\u0131nda \u0259m\u0259liyyat ke\u00e7irildiyi bildirilir<\/em><br><\/p>\n\n\n\n<p>\u015e\u0259mkir Regional M\u0259d\u0259niyy\u0259t \u0130dar\u0259sinin r\u0259isi Az\u0259r R\u0259c\u0259bovun h\u0259min idar\u0259nin \u0130nsan resurslar\u0131 \u015f\u00f6b\u0259sinin r\u0259isi \u018fl\u0259kb\u0259r \u018fliyev v\u0259 m\u0259sl\u0259h\u0259t\u00e7isi Seymur S\u0259f\u0259rov h\u0259bs olunub. Bu bar\u0259d\u0259 Ba\u015f Prokurorlu\u011fun m\u0259tbuat xidm\u0259ti m\u0259lumat yay\u0131b.<\/p>\n\n\n\n<p>M\u0259lumatda bildirilir ki, v\u0259t\u0259nda\u015f\u0131n m\u00fcraci\u0259ti \u0259sas\u0131nda \u0259m\u0259liyyat-axtar\u0131\u015f t\u0259dbiri ke\u00e7irilib. N\u0259tic\u0259d\u0259 Ba\u015f prokuror yan\u0131nda Korrupsiyaya qar\u015f\u0131 M\u00fcbariz\u0259 \u0130dar\u0259sind\u0259 cinay\u0259t i\u015fi ba\u015flan\u0131b.<\/p>\n\n\n\n<p>Az\u0259r R\u0259c\u0259bov, \u018fl\u0259kb\u0259r \u018fliyev v\u0259 Seymur S\u0259f\u0259rov m\u00fcxt\u0259lif adamlar\u0131n v\u0259zif\u0259y\u0259 t\u0259yin olunmas\u0131, idar\u0259nin balans\u0131nda olan klublar\u0131n ixtisar edilm\u0259m\u0259si \u00fc\u00e7\u00fcn son 6 ayda \u00fcmumilikd\u0259 102 min manat r\u00fc\u015fv\u0259t almaqda \u015f\u00fcbh\u0259li bilinir.<\/p>\n\n\n\n<p>Onlara qar\u015f\u0131 Cinay\u0259t M\u0259c\u0259ll\u0259sinin 308.2 (v\u0259zif\u0259 s\u0259lahiyy\u0259tl\u0259rind\u0259n sui-istifad\u0259, a\u011f\u0131r n\u0259tic\u0259l\u0259r\u0259 s\u0259b\u0259b olduqda), 311.3.1, 311.3.2 v\u0259 311.3.3 (qabaqcadan \u0259lbir olan bir qrup \u015f\u0259xs t\u0259r\u0259find\u0259n t\u0259krar v\u0259 k\u00fclli miqdarda r\u00fc\u015fv\u0259t alma) madd\u0259l\u0259ri il\u0259 ittiham ir\u0259li s\u00fcr\u00fcl\u00fcb. Bu madd\u0259l\u0259rd\u0259 12 il\u0259 q\u0259d\u0259r azadl\u0131qdan m\u0259hrumetm\u0259 c\u0259zas\u0131 n\u0259z\u0259rd\u0259 tutulub.<\/p>\n\n\n\n<p>Adlar\u0131 \u00e7\u0259kil\u0259n \u015f\u0259xsl\u0259r bar\u0259sind\u0259 m\u0259hk\u0259m\u0259nin q\u0259rar\u0131yla h\u0259bs q\u0259timkan t\u0259dbiri se\u00e7ilib. Onlar\u0131n ittihamlar\u0131 q\u0259bul edib-etm\u0259dikl\u0259ri m\u0259lum deyil.<\/p>\n","protected":false},"excerpt":{"rendered":"<p>V\u0259t\u0259nda\u015f\u0131n \u015fikay\u0259ti \u0259sas\u0131nda \u0259m\u0259liyyat ke\u00e7irildiyi bildirilir \u015e\u0259mkir Regional M\u0259d\u0259niyy\u0259t \u0130dar\u0259sinin &#8230; <\/p>\n<p class=\"read-more-container\"><a title=\"\u015e\u0259mkir Regional M\u0259d\u0259niyy\u0259t \u0130dar\u0259sinin v\u0259zif\u0259li \u015f\u0259xsl\u0259ri h\u0259bs olunub\" class=\"read-more button\" href=\"https:\/\/www.meydan.tv\/az\/article\/semkir-regional-medeniyyet-idaresinin-vezifeli-sexsleri-hebs-olunub\/#more-247459\" aria-label=\"Read more about \u015e\u0259mkir Regional M\u0259d\u0259niyy\u0259t \u0130dar\u0259sinin v\u0259zif\u0259li \u015f\u0259xsl\u0259ri h\u0259bs olunub\">Davam\u0131<\/a><\/p>\n","protected":false},"author":8,"featured_media":210394,"comment_status":"closed","ping_status":"closed","sticky":false,"template":"","format":"standard","meta":{"_acf_changed":false,"_sitemap_exclude":false,"_sitemap_priority":"","_sitemap_frequency":"","footnotes":""},"categories":[60,79,56],"tags":[],"class_list":["post-247459","post","type-post","status-publish","format-standard","has-post-thumbnail","hentry","category-bolge","category-featured","category-xeberler","infinite-scroll-item","generate-columns","tablet-grid-50","mobile-grid-100","grid-parent","grid-33","no-featured-image-padding"],"acf":[],"yoast_head":"<!-- This site is optimized with the Yoast SEO plugin v27.5 - https:\/\/yoast.com\/product\/yoast-seo-wordpress\/ -->\n<title>\u015e\u0259mkir Regional M\u0259d\u0259niyy\u0259t \u0130dar\u0259sinin v\u0259zif\u0259li \u015f\u0259xsl\u0259ri h\u0259bs olunub - MEYDAN.TV<\/title>\n<meta name=\"robots\" content=\"index, follow, max-snippet:-1, max-image-preview:large, max-video-preview:-1\" \/>\n<link rel=\"canonical\" href=\"https:\/\/www.meydan.tv\/az\/article\/semkir-regional-medeniyyet-idaresinin-vezifeli-sexsleri-hebs-olunub\/\" \/>\n<meta property=\"og:locale\" content=\"az_AZ\" \/>\n<meta property=\"og:type\" content=\"article\" \/>\n<meta property=\"og:title\" content=\"\u015e\u0259mkir Regional M\u0259d\u0259niyy\u0259t \u0130dar\u0259sinin v\u0259zif\u0259li \u015f\u0259xsl\u0259ri h\u0259bs olunub - MEYDAN.TV\" \/>\n<meta property=\"og:description\" content=\"V\u0259t\u0259nda\u015f\u0131n \u015fikay\u0259ti \u0259sas\u0131nda \u0259m\u0259liyyat ke\u00e7irildiyi bildirilir \u015e\u0259mkir Regional M\u0259d\u0259niyy\u0259t \u0130dar\u0259sinin ... Davam\u0131\" \/>\n<meta property=\"og:url\" content=\"https:\/\/www.meydan.tv\/az\/article\/semkir-regional-medeniyyet-idaresinin-vezifeli-sexsleri-hebs-olunub\/\" \/>\n<meta property=\"og:site_name\" content=\"MEYDAN.TV\" \/>\n<meta property=\"article:published_time\" content=\"2022-06-06T08:52:22+00:00\" \/>\n<meta property=\"article:modified_time\" content=\"2022-06-06T08:52:23+00:00\" \/>\n<meta property=\"og:image\" content=\"https:\/\/www.meydan.tv\/wp-content\/uploads\/img_6032_chkzuec-scaled.jpg\" \/>\n\t<meta property=\"og:image:width\" content=\"2560\" \/>\n\t<meta property=\"og:image:height\" content=\"1440\" \/>\n\t<meta property=\"og:image:type\" content=\"image\/jpeg\" \/>\n<meta name=\"author\" content=\"elli\" \/>\n<meta name=\"twitter:card\" content=\"summary_large_image\" \/>\n<meta name=\"twitter:creator\" content=\"@elli\" \/>\n<script type=\"application\/ld+json\" class=\"yoast-schema-graph\">{\"@context\":\"https:\\\/\\\/schema.org\",\"@graph\":[{\"@type\":\"Article\",\"@id\":\"https:\\\/\\\/www.meydan.tv\\\/az\\\/article\\\/semkir-regional-medeniyyet-idaresinin-vezifeli-sexsleri-hebs-olunub\\\/#article\",\"isPartOf\":{\"@id\":\"https:\\\/\\\/www.meydan.tv\\\/az\\\/article\\\/semkir-regional-medeniyyet-idaresinin-vezifeli-sexsleri-hebs-olunub\\\/\"},\"author\":{\"name\":\"elli\",\"@id\":\"https:\\\/\\\/www.meydan.tv\\\/az\\\/#\\\/schema\\\/person\\\/9cdbecf90d17180ce1dfbd95b08dcf47\"},\"headline\":\"\u015e\u0259mkir Regional M\u0259d\u0259niyy\u0259t \u0130dar\u0259sinin v\u0259zif\u0259li \u015f\u0259xsl\u0259ri h\u0259bs olunub\",\"datePublished\":\"2022-06-06T08:52:22+00:00\",\"dateModified\":\"2022-06-06T08:52:23+00:00\",\"mainEntityOfPage\":{\"@id\":\"https:\\\/\\\/www.meydan.tv\\\/az\\\/article\\\/semkir-regional-medeniyyet-idaresinin-vezifeli-sexsleri-hebs-olunub\\\/\"},\"wordCount\":282,\"publisher\":{\"@id\":\"https:\\\/\\\/www.meydan.tv\\\/az\\\/#organization\"},\"image\":{\"@id\":\"https:\\\/\\\/www.meydan.tv\\\/az\\\/article\\\/semkir-regional-medeniyyet-idaresinin-vezifeli-sexsleri-hebs-olunub\\\/#primaryimage\"},\"thumbnailUrl\":\"https:\\\/\\\/www.meydan.tv\\\/wp-content\\\/uploads\\\/img_6032_chkzuec-scaled.jpg\",\"articleSection\":[\"B\u00f6lg\u0259\",\"T\u00f6vsiy\u0259\",\"X\u0259b\u0259rl\u0259r\"],\"inLanguage\":\"az\"},{\"@type\":\"WebPage\",\"@id\":\"https:\\\/\\\/www.meydan.tv\\\/az\\\/article\\\/semkir-regional-medeniyyet-idaresinin-vezifeli-sexsleri-hebs-olunub\\\/\",\"url\":\"https:\\\/\\\/www.meydan.tv\\\/az\\\/article\\\/semkir-regional-medeniyyet-idaresinin-vezifeli-sexsleri-hebs-olunub\\\/\",\"name\":\"\u015e\u0259mkir Regional M\u0259d\u0259niyy\u0259t \u0130dar\u0259sinin v\u0259zif\u0259li \u015f\u0259xsl\u0259ri h\u0259bs olunub - MEYDAN.TV\",\"isPartOf\":{\"@id\":\"https:\\\/\\\/www.meydan.tv\\\/az\\\/#website\"},\"primaryImageOfPage\":{\"@id\":\"https:\\\/\\\/www.meydan.tv\\\/az\\\/article\\\/semkir-regional-medeniyyet-idaresinin-vezifeli-sexsleri-hebs-olunub\\\/#primaryimage\"},\"image\":{\"@id\":\"https:\\\/\\\/www.meydan.tv\\\/az\\\/article\\\/semkir-regional-medeniyyet-idaresinin-vezifeli-sexsleri-hebs-olunub\\\/#primaryimage\"},\"thumbnailUrl\":\"https:\\\/\\\/www.meydan.tv\\\/wp-content\\\/uploads\\\/img_6032_chkzuec-scaled.jpg\",\"datePublished\":\"2022-06-06T08:52:22+00:00\",\"dateModified\":\"2022-06-06T08:52:23+00:00\",\"breadcrumb\":{\"@id\":\"https:\\\/\\\/www.meydan.tv\\\/az\\\/article\\\/semkir-regional-medeniyyet-idaresinin-vezifeli-sexsleri-hebs-olunub\\\/#breadcrumb\"},\"inLanguage\":\"az\",\"potentialAction\":[{\"@type\":\"ReadAction\",\"target\":[\"https:\\\/\\\/www.meydan.tv\\\/az\\\/article\\\/semkir-regional-medeniyyet-idaresinin-vezifeli-sexsleri-hebs-olunub\\\/\"]}]},{\"@type\":\"ImageObject\",\"inLanguage\":\"az\",\"@id\":\"https:\\\/\\\/www.meydan.tv\\\/az\\\/article\\\/semkir-regional-medeniyyet-idaresinin-vezifeli-sexsleri-hebs-olunub\\\/#primaryimage\",\"url\":\"https:\\\/\\\/www.meydan.tv\\\/wp-content\\\/uploads\\\/img_6032_chkzuec-scaled.jpg\",\"contentUrl\":\"https:\\\/\\\/www.meydan.tv\\\/wp-content\\\/uploads\\\/img_6032_chkzuec-scaled.jpg\",\"width\":2560,\"height\":1440,\"caption\":\"Foto: Meydan.TV\"},{\"@type\":\"BreadcrumbList\",\"@id\":\"https:\\\/\\\/www.meydan.tv\\\/az\\\/article\\\/semkir-regional-medeniyyet-idaresinin-vezifeli-sexsleri-hebs-olunub\\\/#breadcrumb\",\"itemListElement\":[{\"@type\":\"ListItem\",\"position\":1,\"name\":\"Ana s\u0259hif\u0259\",\"item\":\"https:\\\/\\\/www.meydan.tv\\\/az\\\/\"},{\"@type\":\"ListItem\",\"position\":2,\"name\":\"B\u00f6lg\u0259\",\"item\":\"https:\\\/\\\/www.meydan.tv\\\/az\\\/section\\\/bolge\\\/\"},{\"@type\":\"ListItem\",\"position\":3,\"name\":\"\u015e\u0259mkir Regional M\u0259d\u0259niyy\u0259t \u0130dar\u0259sinin v\u0259zif\u0259li \u015f\u0259xsl\u0259ri h\u0259bs olunub\"}]},{\"@type\":\"WebSite\",\"@id\":\"https:\\\/\\\/www.meydan.tv\\\/az\\\/#website\",\"url\":\"https:\\\/\\\/www.meydan.tv\\\/az\\\/\",\"name\":\"MEYDAN.TV\",\"description\":\"Meydan TV Az\u0259rbaycan\u0131n media m\u0259kan\u0131ndak\u0131 alternativ s\u0259sidir\",\"publisher\":{\"@id\":\"https:\\\/\\\/www.meydan.tv\\\/az\\\/#organization\"},\"potentialAction\":[{\"@type\":\"SearchAction\",\"target\":{\"@type\":\"EntryPoint\",\"urlTemplate\":\"https:\\\/\\\/www.meydan.tv\\\/az\\\/?s={search_term_string}\"},\"query-input\":{\"@type\":\"PropertyValueSpecification\",\"valueRequired\":true,\"valueName\":\"search_term_string\"}}],\"inLanguage\":\"az\"},{\"@type\":\"Organization\",\"@id\":\"https:\\\/\\\/www.meydan.tv\\\/az\\\/#organization\",\"name\":\"Meydan TV\",\"url\":\"https:\\\/\\\/www.meydan.tv\\\/az\\\/\",\"logo\":{\"@type\":\"ImageObject\",\"inLanguage\":\"az\",\"@id\":\"https:\\\/\\\/www.meydan.tv\\\/az\\\/#\\\/schema\\\/logo\\\/image\\\/\",\"url\":\"https:\\\/\\\/www.meydan.tv\\\/wp-content\\\/uploads\\\/2021\\\/07\\\/meydan-logo.svg\",\"contentUrl\":\"https:\\\/\\\/www.meydan.tv\\\/wp-content\\\/uploads\\\/2021\\\/07\\\/meydan-logo.svg\",\"width\":195,\"height\":46,\"caption\":\"Meydan TV\"},\"image\":{\"@id\":\"https:\\\/\\\/www.meydan.tv\\\/az\\\/#\\\/schema\\\/logo\\\/image\\\/\"}},{\"@type\":\"Person\",\"@id\":\"https:\\\/\\\/www.meydan.tv\\\/az\\\/#\\\/schema\\\/person\\\/9cdbecf90d17180ce1dfbd95b08dcf47\",\"name\":\"elli\",\"sameAs\":[\"https:\\\/\\\/x.com\\\/elli\"]}]}<\/script>\n<!-- \/ Yoast SEO plugin. -->","yoast_head_json":{"title":"\u015e\u0259mkir Regional M\u0259d\u0259niyy\u0259t \u0130dar\u0259sinin v\u0259zif\u0259li \u015f\u0259xsl\u0259ri h\u0259bs olunub - MEYDAN.TV","robots":{"index":"index","follow":"follow","max-snippet":"max-snippet:-1","max-image-preview":"max-image-preview:large","max-video-preview":"max-video-preview:-1"},"canonical":"https:\/\/www.meydan.tv\/az\/article\/semkir-regional-medeniyyet-idaresinin-vezifeli-sexsleri-hebs-olunub\/","og_locale":"az_AZ","og_type":"article","og_title":"\u015e\u0259mkir Regional M\u0259d\u0259niyy\u0259t \u0130dar\u0259sinin v\u0259zif\u0259li \u015f\u0259xsl\u0259ri h\u0259bs olunub - MEYDAN.TV","og_description":"V\u0259t\u0259nda\u015f\u0131n \u015fikay\u0259ti \u0259sas\u0131nda \u0259m\u0259liyyat ke\u00e7irildiyi bildirilir \u015e\u0259mkir Regional M\u0259d\u0259niyy\u0259t \u0130dar\u0259sinin ... Davam\u0131","og_url":"https:\/\/www.meydan.tv\/az\/article\/semkir-regional-medeniyyet-idaresinin-vezifeli-sexsleri-hebs-olunub\/","og_site_name":"MEYDAN.TV","article_published_time":"2022-06-06T08:52:22+00:00","article_modified_time":"2022-06-06T08:52:23+00:00","og_image":[{"width":2560,"height":1440,"url":"https:\/\/www.meydan.tv\/wp-content\/uploads\/img_6032_chkzuec-scaled.jpg","type":"image\/jpeg"}],"author":"elli","twitter_card":"summary_large_image","twitter_creator":"@elli","schema":{"@context":"https:\/\/schema.org","@graph":[{"@type":"Article","@id":"https:\/\/www.meydan.tv\/az\/article\/semkir-regional-medeniyyet-idaresinin-vezifeli-sexsleri-hebs-olunub\/#article","isPartOf":{"@id":"https:\/\/www.meydan.tv\/az\/article\/semkir-regional-medeniyyet-idaresinin-vezifeli-sexsleri-hebs-olunub\/"},"author":{"name":"elli","@id":"https:\/\/www.meydan.tv\/az\/#\/schema\/person\/9cdbecf90d17180ce1dfbd95b08dcf47"},"headline":"\u015e\u0259mkir Regional M\u0259d\u0259niyy\u0259t \u0130dar\u0259sinin v\u0259zif\u0259li \u015f\u0259xsl\u0259ri h\u0259bs olunub","datePublished":"2022-06-06T08:52:22+00:00","dateModified":"2022-06-06T08:52:23+00:00","mainEntityOfPage":{"@id":"https:\/\/www.meydan.tv\/az\/article\/semkir-regional-medeniyyet-idaresinin-vezifeli-sexsleri-hebs-olunub\/"},"wordCount":282,"publisher":{"@id":"https:\/\/www.meydan.tv\/az\/#organization"},"image":{"@id":"https:\/\/www.meydan.tv\/az\/article\/semkir-regional-medeniyyet-idaresinin-vezifeli-sexsleri-hebs-olunub\/#primaryimage"},"thumbnailUrl":"https:\/\/www.meydan.tv\/wp-content\/uploads\/img_6032_chkzuec-scaled.jpg","articleSection":["B\u00f6lg\u0259","T\u00f6vsiy\u0259","X\u0259b\u0259rl\u0259r"],"inLanguage":"az"},{"@type":"WebPage","@id":"https:\/\/www.meydan.tv\/az\/article\/semkir-regional-medeniyyet-idaresinin-vezifeli-sexsleri-hebs-olunub\/","url":"https:\/\/www.meydan.tv\/az\/article\/semkir-regional-medeniyyet-idaresinin-vezifeli-sexsleri-hebs-olunub\/","name":"\u015e\u0259mkir Regional M\u0259d\u0259niyy\u0259t \u0130dar\u0259sinin v\u0259zif\u0259li \u015f\u0259xsl\u0259ri h\u0259bs olunub - MEYDAN.TV","isPartOf":{"@id":"https:\/\/www.meydan.tv\/az\/#website"},"primaryImageOfPage":{"@id":"https:\/\/www.meydan.tv\/az\/article\/semkir-regional-medeniyyet-idaresinin-vezifeli-sexsleri-hebs-olunub\/#primaryimage"},"image":{"@id":"https:\/\/www.meydan.tv\/az\/article\/semkir-regional-medeniyyet-idaresinin-vezifeli-sexsleri-hebs-olunub\/#primaryimage"},"thumbnailUrl":"https:\/\/www.meydan.tv\/wp-content\/uploads\/img_6032_chkzuec-scaled.jpg","datePublished":"2022-06-06T08:52:22+00:00","dateModified":"2022-06-06T08:52:23+00:00","breadcrumb":{"@id":"https:\/\/www.meydan.tv\/az\/article\/semkir-regional-medeniyyet-idaresinin-vezifeli-sexsleri-hebs-olunub\/#breadcrumb"},"inLanguage":"az","potentialAction":[{"@type":"ReadAction","target":["https:\/\/www.meydan.tv\/az\/article\/semkir-regional-medeniyyet-idaresinin-vezifeli-sexsleri-hebs-olunub\/"]}]},{"@type":"ImageObject","inLanguage":"az","@id":"https:\/\/www.meydan.tv\/az\/article\/semkir-regional-medeniyyet-idaresinin-vezifeli-sexsleri-hebs-olunub\/#primaryimage","url":"https:\/\/www.meydan.tv\/wp-content\/uploads\/img_6032_chkzuec-scaled.jpg","contentUrl":"https:\/\/www.meydan.tv\/wp-content\/uploads\/img_6032_chkzuec-scaled.jpg","width":2560,"height":1440,"caption":"Foto: Meydan.TV"},{"@type":"BreadcrumbList","@id":"https:\/\/www.meydan.tv\/az\/article\/semkir-regional-medeniyyet-idaresinin-vezifeli-sexsleri-hebs-olunub\/#breadcrumb","itemListElement":[{"@type":"ListItem","position":1,"name":"Ana s\u0259hif\u0259","item":"https:\/\/www.meydan.tv\/az\/"},{"@type":"ListItem","position":2,"name":"B\u00f6lg\u0259","item":"https:\/\/www.meydan.tv\/az\/section\/bolge\/"},{"@type":"ListItem","position":3,"name":"\u015e\u0259mkir Regional M\u0259d\u0259niyy\u0259t \u0130dar\u0259sinin v\u0259zif\u0259li \u015f\u0259xsl\u0259ri h\u0259bs olunub"}]},{"@type":"WebSite","@id":"https:\/\/www.meydan.tv\/az\/#website","url":"https:\/\/www.meydan.tv\/az\/","name":"MEYDAN.TV","description":"Meydan TV Az\u0259rbaycan\u0131n media m\u0259kan\u0131ndak\u0131 alternativ s\u0259sidir","publisher":{"@id":"https:\/\/www.meydan.tv\/az\/#organization"},"potentialAction":[{"@type":"SearchAction","target":{"@type":"EntryPoint","urlTemplate":"https:\/\/www.meydan.tv\/az\/?s={search_term_string}"},"query-input":{"@type":"PropertyValueSpecification","valueRequired":true,"valueName":"search_term_string"}}],"inLanguage":"az"},{"@type":"Organization","@id":"https:\/\/www.meydan.tv\/az\/#organization","name":"Meydan TV","url":"https:\/\/www.meydan.tv\/az\/","logo":{"@type":"ImageObject","inLanguage":"az","@id":"https:\/\/www.meydan.tv\/az\/#\/schema\/logo\/image\/","url":"https:\/\/www.meydan.tv\/wp-content\/uploads\/2021\/07\/meydan-logo.svg","contentUrl":"https:\/\/www.meydan.tv\/wp-content\/uploads\/2021\/07\/meydan-logo.svg","width":195,"height":46,"caption":"Meydan TV"},"image":{"@id":"https:\/\/www.meydan.tv\/az\/#\/schema\/logo\/image\/"}},{"@type":"Person","@id":"https:\/\/www.meydan.tv\/az\/#\/schema\/person\/9cdbecf90d17180ce1dfbd95b08dcf47","name":"elli","sameAs":["https:\/\/x.com\/elli"]}]}},"_links":{"self":[{"href":"https:\/\/www.meydan.tv\/az\/wp-json\/wp\/v2\/posts\/247459","targetHints":{"allow":["GET"]}}],"collection":[{"href":"https:\/\/www.meydan.tv\/az\/wp-json\/wp\/v2\/posts"}],"about":[{"href":"https:\/\/www.meydan.tv\/az\/wp-json\/wp\/v2\/types\/post"}],"author":[{"embeddable":true,"href":"https:\/\/www.meydan.tv\/az\/wp-json\/wp\/v2\/users\/8"}],"replies":[{"embeddable":true,"href":"https:\/\/www.meydan.tv\/az\/wp-json\/wp\/v2\/comments?post=247459"}],"version-history":[{"count":1,"href":"https:\/\/www.meydan.tv\/az\/wp-json\/wp\/v2\/posts\/247459\/revisions"}],"predecessor-version":[{"id":247460,"href":"https:\/\/www.meydan.tv\/az\/wp-json\/wp\/v2\/posts\/247459\/revisions\/247460"}],"wp:featuredmedia":[{"embeddable":true,"href":"https:\/\/www.meydan.tv\/az\/wp-json\/wp\/v2\/media\/210394"}],"wp:attachment":[{"href":"https:\/\/www.meydan.tv\/az\/wp-json\/wp\/v2\/media?parent=247459"}],"wp:term":[{"taxonomy":"category","embeddable":true,"href":"https:\/\/www.meydan.tv\/az\/wp-json\/wp\/v2\/categories?post=247459"},{"taxonomy":"post_tag","embeddable":true,"href":"https:\/\/www.meydan.tv\/az\/wp-json\/wp\/v2\/tags?post=247459"}],"curies":[{"name":"wp","href":"https:\/\/api.w.org\/{rel}","templated":true}]}}