{"id":247448,"date":"2022-06-05T19:39:55","date_gmt":"2022-06-05T15:39:55","guid":{"rendered":"https:\/\/www.meydan.tv\/?p=247448"},"modified":"2022-06-06T15:18:12","modified_gmt":"2022-06-06T11:18:12","slug":"tale-bagirzadenin-acliq-aksiyasina-basladigi-bildirilir","status":"publish","type":"post","link":"https:\/\/www.meydan.tv\/az\/article\/tale-bagirzadenin-acliq-aksiyasina-basladigi-bildirilir\/","title":{"rendered":"Taleh Ba\u011f\u0131rzad\u0259nin acl\u0131q aksiyas\u0131na ba\u015flad\u0131\u011f\u0131 bildirilir"},"content":{"rendered":"\n<p><\/p>\n\n\n\n<p><em>\u201cS\u0259b\u0259b polis idar\u0259l\u0259rind\u0259 veril\u0259n i\u015fg\u0259nc\u0259l\u0259r zaman\u0131 Allah\u0131n t\u0259hqir edilm\u0259sidir\u201d<\/em><\/p>\n\n\n\n<p>M\u00fcs\u0259lman Birliyi H\u0259r\u0259kat\u0131n\u0131n s\u0259dri Taleh Ba\u011f\u0131rzad\u0259nin acl\u0131q aksiyas\u0131na ba\u015flad\u0131\u011f\u0131 deyilir.<\/p>\n\n\n\n<p>Bu bar\u0259d\u0259 Meydan TV-y\u0259 onun m\u00fcavini El\u00e7in Qas\u0131mov m\u0259lumat verib.<\/p>\n\n\n\n<p>El\u00e7in Qas\u0131mov bildirib ki, Taleh Ba\u011f\u0131rzad\u0259 iyunun 3-d\u0259 acl\u0131q aksiyas\u0131na ba\u015flay\u0131b.<\/p>\n\n\n\n<p>&#8220;Taleh Ba\u011f\u0131rzad\u0259nin acl\u0131q aksiyas\u0131na ba\u015flamas\u0131n\u0131n s\u0259b\u0259bi son d\u00f6vrl\u0259r polis idar\u0259l\u0259rind\u0259 v\u0259t\u0259nda\u015flara veril\u0259n i\u015fg\u0259nc\u0259l\u0259r zaman\u0131 Allah\u0131n s\u00f6y\u00fclm\u0259si, t\u0259hqir edilm\u0259sidir. Taleh Ba\u011f\u0131rzad\u0259 dedi ki, i\u015fg\u0259nc\u0259 ver\u0259nl\u0259rin m\u00fcq\u0259dd\u0259sata t\u0259hqirl\u0259rin\u0259 etiraz olaraq bu add\u0131m\u0131 atmaq m\u0259cburiyy\u0259tind\u0259dir. B\u00fct\u00fcn bunlar b\u0259\u015f\u0259ri d\u0259y\u0259rl\u0259rin al\u00e7ald\u0131lmas\u0131, inanca qar\u015f\u0131 q\u0259buledilm\u0259z add\u0131md\u0131r&#8221;, -dey\u0259 El\u00e7in Qas\u0131mov bilddirib.<br>Onun s\u00f6zl\u0259rin\u0259 g\u00f6r\u0259, Taleh Ba\u011f\u0131rzad\u0259 bu cinay\u0259ti t\u00f6r\u0259d\u0259nl\u0259r c\u0259zalanana q\u0259d\u0259r aksiyas\u0131n\u0131 davam etdir\u0259c\u0259yini s\u00f6yl\u0259yib.<\/p>\n\n\n\n<p><strong>Xat\u0131rlatma<\/strong><\/p>\n\n\n\n<p>Taleh Ba\u011f\u0131rzad\u0259 2015-ci ild\u0259 polisin Nardaranda ke\u00e7irdiyi \u0259m\u0259liyyat\u0131 zaman\u0131 h\u0259bs olunub. \u0130kisi polis olmaqla, 6 n\u0259f\u0259rin h\u0259lak oldu\u011fu h\u0259min \u0259m\u0259liyyat n\u0259tic\u0259sind\u0259 ilahiyyat\u00e7\u0131 il\u0259 yana\u015f\u0131, daha 16 n\u0259f\u0259r saxlan\u0131l\u0131b. M\u0259hk\u0259m\u0259 onu 20 il azadl\u0131qdan m\u0259hrum edib.<\/p>\n","protected":false},"excerpt":{"rendered":"<p>\u201cS\u0259b\u0259b polis idar\u0259l\u0259rind\u0259 veril\u0259n i\u015fg\u0259nc\u0259l\u0259r zaman\u0131 Allah\u0131n t\u0259hqir edilm\u0259sidir\u201d M\u00fcs\u0259lman &#8230; <\/p>\n<p class=\"read-more-container\"><a title=\"Taleh Ba\u011f\u0131rzad\u0259nin acl\u0131q aksiyas\u0131na ba\u015flad\u0131\u011f\u0131 bildirilir\" class=\"read-more button\" href=\"https:\/\/www.meydan.tv\/az\/article\/tale-bagirzadenin-acliq-aksiyasina-basladigi-bildirilir\/#more-247448\" aria-label=\"Read more about Taleh Ba\u011f\u0131rzad\u0259nin acl\u0131q aksiyas\u0131na ba\u015flad\u0131\u011f\u0131 bildirilir\">Davam\u0131<\/a><\/p>\n","protected":false},"author":8,"featured_media":77560,"comment_status":"closed","ping_status":"closed","sticky":false,"template":"","format":"standard","meta":{"_acf_changed":false,"_sitemap_exclude":false,"_sitemap_priority":"","_sitemap_frequency":"","footnotes":""},"categories":[59,56],"tags":[],"class_list":["post-247448","post","type-post","status-publish","format-standard","has-post-thumbnail","hentry","category-siyaset","category-xeberler","infinite-scroll-item","generate-columns","tablet-grid-50","mobile-grid-100","grid-parent","grid-33","no-featured-image-padding"],"acf":[],"yoast_head":"<!-- This site is optimized with the Yoast SEO plugin v27.5 - https:\/\/yoast.com\/product\/yoast-seo-wordpress\/ -->\n<title>Taleh Ba\u011f\u0131rzad\u0259nin acl\u0131q aksiyas\u0131na ba\u015flad\u0131\u011f\u0131 bildirilir - MEYDAN.TV<\/title>\n<meta name=\"robots\" content=\"index, follow, max-snippet:-1, max-image-preview:large, max-video-preview:-1\" \/>\n<link rel=\"canonical\" href=\"https:\/\/www.meydan.tv\/az\/article\/tale-bagirzadenin-acliq-aksiyasina-basladigi-bildirilir\/\" \/>\n<meta property=\"og:locale\" content=\"az_AZ\" \/>\n<meta property=\"og:type\" content=\"article\" \/>\n<meta property=\"og:title\" content=\"Taleh Ba\u011f\u0131rzad\u0259nin acl\u0131q aksiyas\u0131na ba\u015flad\u0131\u011f\u0131 bildirilir - MEYDAN.TV\" \/>\n<meta property=\"og:description\" content=\"\u201cS\u0259b\u0259b polis idar\u0259l\u0259rind\u0259 veril\u0259n i\u015fg\u0259nc\u0259l\u0259r zaman\u0131 Allah\u0131n t\u0259hqir edilm\u0259sidir\u201d M\u00fcs\u0259lman ... Davam\u0131\" \/>\n<meta property=\"og:url\" content=\"https:\/\/www.meydan.tv\/az\/article\/tale-bagirzadenin-acliq-aksiyasina-basladigi-bildirilir\/\" \/>\n<meta property=\"og:site_name\" content=\"MEYDAN.TV\" \/>\n<meta property=\"article:published_time\" content=\"2022-06-05T15:39:55+00:00\" \/>\n<meta property=\"article:modified_time\" content=\"2022-06-06T11:18:12+00:00\" \/>\n<meta property=\"og:image\" content=\"https:\/\/www.meydan.tv\/wp-content\/uploads\/30101-e1654443565662.jpg\" \/>\n\t<meta property=\"og:image:width\" content=\"1334\" \/>\n\t<meta property=\"og:image:height\" content=\"626\" \/>\n\t<meta property=\"og:image:type\" content=\"image\/jpeg\" \/>\n<meta name=\"author\" content=\"elli\" \/>\n<meta name=\"twitter:card\" content=\"summary_large_image\" \/>\n<meta name=\"twitter:creator\" content=\"@elli\" \/>\n<script type=\"application\/ld+json\" class=\"yoast-schema-graph\">{\"@context\":\"https:\\\/\\\/schema.org\",\"@graph\":[{\"@type\":\"Article\",\"@id\":\"https:\\\/\\\/www.meydan.tv\\\/az\\\/article\\\/tale-bagirzadenin-acliq-aksiyasina-basladigi-bildirilir\\\/#article\",\"isPartOf\":{\"@id\":\"https:\\\/\\\/www.meydan.tv\\\/az\\\/article\\\/tale-bagirzadenin-acliq-aksiyasina-basladigi-bildirilir\\\/\"},\"author\":{\"name\":\"elli\",\"@id\":\"https:\\\/\\\/www.meydan.tv\\\/az\\\/#\\\/schema\\\/person\\\/9cdbecf90d17180ce1dfbd95b08dcf47\"},\"headline\":\"Taleh Ba\u011f\u0131rzad\u0259nin acl\u0131q aksiyas\u0131na ba\u015flad\u0131\u011f\u0131 bildirilir\",\"datePublished\":\"2022-06-05T15:39:55+00:00\",\"dateModified\":\"2022-06-06T11:18:12+00:00\",\"mainEntityOfPage\":{\"@id\":\"https:\\\/\\\/www.meydan.tv\\\/az\\\/article\\\/tale-bagirzadenin-acliq-aksiyasina-basladigi-bildirilir\\\/\"},\"wordCount\":272,\"publisher\":{\"@id\":\"https:\\\/\\\/www.meydan.tv\\\/az\\\/#organization\"},\"image\":{\"@id\":\"https:\\\/\\\/www.meydan.tv\\\/az\\\/article\\\/tale-bagirzadenin-acliq-aksiyasina-basladigi-bildirilir\\\/#primaryimage\"},\"thumbnailUrl\":\"https:\\\/\\\/www.meydan.tv\\\/wp-content\\\/uploads\\\/30101-e1654443565662.jpg\",\"articleSection\":[\"Siyas\u0259t\",\"X\u0259b\u0259rl\u0259r\"],\"inLanguage\":\"az\"},{\"@type\":\"WebPage\",\"@id\":\"https:\\\/\\\/www.meydan.tv\\\/az\\\/article\\\/tale-bagirzadenin-acliq-aksiyasina-basladigi-bildirilir\\\/\",\"url\":\"https:\\\/\\\/www.meydan.tv\\\/az\\\/article\\\/tale-bagirzadenin-acliq-aksiyasina-basladigi-bildirilir\\\/\",\"name\":\"Taleh Ba\u011f\u0131rzad\u0259nin acl\u0131q aksiyas\u0131na ba\u015flad\u0131\u011f\u0131 bildirilir - MEYDAN.TV\",\"isPartOf\":{\"@id\":\"https:\\\/\\\/www.meydan.tv\\\/az\\\/#website\"},\"primaryImageOfPage\":{\"@id\":\"https:\\\/\\\/www.meydan.tv\\\/az\\\/article\\\/tale-bagirzadenin-acliq-aksiyasina-basladigi-bildirilir\\\/#primaryimage\"},\"image\":{\"@id\":\"https:\\\/\\\/www.meydan.tv\\\/az\\\/article\\\/tale-bagirzadenin-acliq-aksiyasina-basladigi-bildirilir\\\/#primaryimage\"},\"thumbnailUrl\":\"https:\\\/\\\/www.meydan.tv\\\/wp-content\\\/uploads\\\/30101-e1654443565662.jpg\",\"datePublished\":\"2022-06-05T15:39:55+00:00\",\"dateModified\":\"2022-06-06T11:18:12+00:00\",\"breadcrumb\":{\"@id\":\"https:\\\/\\\/www.meydan.tv\\\/az\\\/article\\\/tale-bagirzadenin-acliq-aksiyasina-basladigi-bildirilir\\\/#breadcrumb\"},\"inLanguage\":\"az\",\"potentialAction\":[{\"@type\":\"ReadAction\",\"target\":[\"https:\\\/\\\/www.meydan.tv\\\/az\\\/article\\\/tale-bagirzadenin-acliq-aksiyasina-basladigi-bildirilir\\\/\"]}]},{\"@type\":\"ImageObject\",\"inLanguage\":\"az\",\"@id\":\"https:\\\/\\\/www.meydan.tv\\\/az\\\/article\\\/tale-bagirzadenin-acliq-aksiyasina-basladigi-bildirilir\\\/#primaryimage\",\"url\":\"https:\\\/\\\/www.meydan.tv\\\/wp-content\\\/uploads\\\/30101-e1654443565662.jpg\",\"contentUrl\":\"https:\\\/\\\/www.meydan.tv\\\/wp-content\\\/uploads\\\/30101-e1654443565662.jpg\",\"width\":1334,\"height\":626,\"caption\":\"Tale Ba\u011f\u0131rzad\u0259. \u0130ll\u00fcstrasiya: Meydan TV\"},{\"@type\":\"BreadcrumbList\",\"@id\":\"https:\\\/\\\/www.meydan.tv\\\/az\\\/article\\\/tale-bagirzadenin-acliq-aksiyasina-basladigi-bildirilir\\\/#breadcrumb\",\"itemListElement\":[{\"@type\":\"ListItem\",\"position\":1,\"name\":\"Ana s\u0259hif\u0259\",\"item\":\"https:\\\/\\\/www.meydan.tv\\\/az\\\/\"},{\"@type\":\"ListItem\",\"position\":2,\"name\":\"Siyas\u0259t\",\"item\":\"https:\\\/\\\/www.meydan.tv\\\/az\\\/section\\\/siyaset\\\/\"},{\"@type\":\"ListItem\",\"position\":3,\"name\":\"Taleh Ba\u011f\u0131rzad\u0259nin acl\u0131q aksiyas\u0131na ba\u015flad\u0131\u011f\u0131 bildirilir\"}]},{\"@type\":\"WebSite\",\"@id\":\"https:\\\/\\\/www.meydan.tv\\\/az\\\/#website\",\"url\":\"https:\\\/\\\/www.meydan.tv\\\/az\\\/\",\"name\":\"MEYDAN.TV\",\"description\":\"Meydan TV Az\u0259rbaycan\u0131n media m\u0259kan\u0131ndak\u0131 alternativ s\u0259sidir\",\"publisher\":{\"@id\":\"https:\\\/\\\/www.meydan.tv\\\/az\\\/#organization\"},\"potentialAction\":[{\"@type\":\"SearchAction\",\"target\":{\"@type\":\"EntryPoint\",\"urlTemplate\":\"https:\\\/\\\/www.meydan.tv\\\/az\\\/?s={search_term_string}\"},\"query-input\":{\"@type\":\"PropertyValueSpecification\",\"valueRequired\":true,\"valueName\":\"search_term_string\"}}],\"inLanguage\":\"az\"},{\"@type\":\"Organization\",\"@id\":\"https:\\\/\\\/www.meydan.tv\\\/az\\\/#organization\",\"name\":\"Meydan TV\",\"url\":\"https:\\\/\\\/www.meydan.tv\\\/az\\\/\",\"logo\":{\"@type\":\"ImageObject\",\"inLanguage\":\"az\",\"@id\":\"https:\\\/\\\/www.meydan.tv\\\/az\\\/#\\\/schema\\\/logo\\\/image\\\/\",\"url\":\"https:\\\/\\\/www.meydan.tv\\\/wp-content\\\/uploads\\\/2021\\\/07\\\/meydan-logo.svg\",\"contentUrl\":\"https:\\\/\\\/www.meydan.tv\\\/wp-content\\\/uploads\\\/2021\\\/07\\\/meydan-logo.svg\",\"width\":195,\"height\":46,\"caption\":\"Meydan TV\"},\"image\":{\"@id\":\"https:\\\/\\\/www.meydan.tv\\\/az\\\/#\\\/schema\\\/logo\\\/image\\\/\"}},{\"@type\":\"Person\",\"@id\":\"https:\\\/\\\/www.meydan.tv\\\/az\\\/#\\\/schema\\\/person\\\/9cdbecf90d17180ce1dfbd95b08dcf47\",\"name\":\"elli\",\"sameAs\":[\"https:\\\/\\\/x.com\\\/elli\"]}]}<\/script>\n<!-- \/ Yoast SEO plugin. -->","yoast_head_json":{"title":"Taleh Ba\u011f\u0131rzad\u0259nin acl\u0131q aksiyas\u0131na ba\u015flad\u0131\u011f\u0131 bildirilir - MEYDAN.TV","robots":{"index":"index","follow":"follow","max-snippet":"max-snippet:-1","max-image-preview":"max-image-preview:large","max-video-preview":"max-video-preview:-1"},"canonical":"https:\/\/www.meydan.tv\/az\/article\/tale-bagirzadenin-acliq-aksiyasina-basladigi-bildirilir\/","og_locale":"az_AZ","og_type":"article","og_title":"Taleh Ba\u011f\u0131rzad\u0259nin acl\u0131q aksiyas\u0131na ba\u015flad\u0131\u011f\u0131 bildirilir - MEYDAN.TV","og_description":"\u201cS\u0259b\u0259b polis idar\u0259l\u0259rind\u0259 veril\u0259n i\u015fg\u0259nc\u0259l\u0259r zaman\u0131 Allah\u0131n t\u0259hqir edilm\u0259sidir\u201d M\u00fcs\u0259lman ... Davam\u0131","og_url":"https:\/\/www.meydan.tv\/az\/article\/tale-bagirzadenin-acliq-aksiyasina-basladigi-bildirilir\/","og_site_name":"MEYDAN.TV","article_published_time":"2022-06-05T15:39:55+00:00","article_modified_time":"2022-06-06T11:18:12+00:00","og_image":[{"width":1334,"height":626,"url":"https:\/\/www.meydan.tv\/wp-content\/uploads\/30101-e1654443565662.jpg","type":"image\/jpeg"}],"author":"elli","twitter_card":"summary_large_image","twitter_creator":"@elli","schema":{"@context":"https:\/\/schema.org","@graph":[{"@type":"Article","@id":"https:\/\/www.meydan.tv\/az\/article\/tale-bagirzadenin-acliq-aksiyasina-basladigi-bildirilir\/#article","isPartOf":{"@id":"https:\/\/www.meydan.tv\/az\/article\/tale-bagirzadenin-acliq-aksiyasina-basladigi-bildirilir\/"},"author":{"name":"elli","@id":"https:\/\/www.meydan.tv\/az\/#\/schema\/person\/9cdbecf90d17180ce1dfbd95b08dcf47"},"headline":"Taleh Ba\u011f\u0131rzad\u0259nin acl\u0131q aksiyas\u0131na ba\u015flad\u0131\u011f\u0131 bildirilir","datePublished":"2022-06-05T15:39:55+00:00","dateModified":"2022-06-06T11:18:12+00:00","mainEntityOfPage":{"@id":"https:\/\/www.meydan.tv\/az\/article\/tale-bagirzadenin-acliq-aksiyasina-basladigi-bildirilir\/"},"wordCount":272,"publisher":{"@id":"https:\/\/www.meydan.tv\/az\/#organization"},"image":{"@id":"https:\/\/www.meydan.tv\/az\/article\/tale-bagirzadenin-acliq-aksiyasina-basladigi-bildirilir\/#primaryimage"},"thumbnailUrl":"https:\/\/www.meydan.tv\/wp-content\/uploads\/30101-e1654443565662.jpg","articleSection":["Siyas\u0259t","X\u0259b\u0259rl\u0259r"],"inLanguage":"az"},{"@type":"WebPage","@id":"https:\/\/www.meydan.tv\/az\/article\/tale-bagirzadenin-acliq-aksiyasina-basladigi-bildirilir\/","url":"https:\/\/www.meydan.tv\/az\/article\/tale-bagirzadenin-acliq-aksiyasina-basladigi-bildirilir\/","name":"Taleh Ba\u011f\u0131rzad\u0259nin acl\u0131q aksiyas\u0131na ba\u015flad\u0131\u011f\u0131 bildirilir - MEYDAN.TV","isPartOf":{"@id":"https:\/\/www.meydan.tv\/az\/#website"},"primaryImageOfPage":{"@id":"https:\/\/www.meydan.tv\/az\/article\/tale-bagirzadenin-acliq-aksiyasina-basladigi-bildirilir\/#primaryimage"},"image":{"@id":"https:\/\/www.meydan.tv\/az\/article\/tale-bagirzadenin-acliq-aksiyasina-basladigi-bildirilir\/#primaryimage"},"thumbnailUrl":"https:\/\/www.meydan.tv\/wp-content\/uploads\/30101-e1654443565662.jpg","datePublished":"2022-06-05T15:39:55+00:00","dateModified":"2022-06-06T11:18:12+00:00","breadcrumb":{"@id":"https:\/\/www.meydan.tv\/az\/article\/tale-bagirzadenin-acliq-aksiyasina-basladigi-bildirilir\/#breadcrumb"},"inLanguage":"az","potentialAction":[{"@type":"ReadAction","target":["https:\/\/www.meydan.tv\/az\/article\/tale-bagirzadenin-acliq-aksiyasina-basladigi-bildirilir\/"]}]},{"@type":"ImageObject","inLanguage":"az","@id":"https:\/\/www.meydan.tv\/az\/article\/tale-bagirzadenin-acliq-aksiyasina-basladigi-bildirilir\/#primaryimage","url":"https:\/\/www.meydan.tv\/wp-content\/uploads\/30101-e1654443565662.jpg","contentUrl":"https:\/\/www.meydan.tv\/wp-content\/uploads\/30101-e1654443565662.jpg","width":1334,"height":626,"caption":"Tale Ba\u011f\u0131rzad\u0259. \u0130ll\u00fcstrasiya: Meydan TV"},{"@type":"BreadcrumbList","@id":"https:\/\/www.meydan.tv\/az\/article\/tale-bagirzadenin-acliq-aksiyasina-basladigi-bildirilir\/#breadcrumb","itemListElement":[{"@type":"ListItem","position":1,"name":"Ana s\u0259hif\u0259","item":"https:\/\/www.meydan.tv\/az\/"},{"@type":"ListItem","position":2,"name":"Siyas\u0259t","item":"https:\/\/www.meydan.tv\/az\/section\/siyaset\/"},{"@type":"ListItem","position":3,"name":"Taleh Ba\u011f\u0131rzad\u0259nin acl\u0131q aksiyas\u0131na ba\u015flad\u0131\u011f\u0131 bildirilir"}]},{"@type":"WebSite","@id":"https:\/\/www.meydan.tv\/az\/#website","url":"https:\/\/www.meydan.tv\/az\/","name":"MEYDAN.TV","description":"Meydan TV Az\u0259rbaycan\u0131n media m\u0259kan\u0131ndak\u0131 alternativ s\u0259sidir","publisher":{"@id":"https:\/\/www.meydan.tv\/az\/#organization"},"potentialAction":[{"@type":"SearchAction","target":{"@type":"EntryPoint","urlTemplate":"https:\/\/www.meydan.tv\/az\/?s={search_term_string}"},"query-input":{"@type":"PropertyValueSpecification","valueRequired":true,"valueName":"search_term_string"}}],"inLanguage":"az"},{"@type":"Organization","@id":"https:\/\/www.meydan.tv\/az\/#organization","name":"Meydan TV","url":"https:\/\/www.meydan.tv\/az\/","logo":{"@type":"ImageObject","inLanguage":"az","@id":"https:\/\/www.meydan.tv\/az\/#\/schema\/logo\/image\/","url":"https:\/\/www.meydan.tv\/wp-content\/uploads\/2021\/07\/meydan-logo.svg","contentUrl":"https:\/\/www.meydan.tv\/wp-content\/uploads\/2021\/07\/meydan-logo.svg","width":195,"height":46,"caption":"Meydan TV"},"image":{"@id":"https:\/\/www.meydan.tv\/az\/#\/schema\/logo\/image\/"}},{"@type":"Person","@id":"https:\/\/www.meydan.tv\/az\/#\/schema\/person\/9cdbecf90d17180ce1dfbd95b08dcf47","name":"elli","sameAs":["https:\/\/x.com\/elli"]}]}},"_links":{"self":[{"href":"https:\/\/www.meydan.tv\/az\/wp-json\/wp\/v2\/posts\/247448","targetHints":{"allow":["GET"]}}],"collection":[{"href":"https:\/\/www.meydan.tv\/az\/wp-json\/wp\/v2\/posts"}],"about":[{"href":"https:\/\/www.meydan.tv\/az\/wp-json\/wp\/v2\/types\/post"}],"author":[{"embeddable":true,"href":"https:\/\/www.meydan.tv\/az\/wp-json\/wp\/v2\/users\/8"}],"replies":[{"embeddable":true,"href":"https:\/\/www.meydan.tv\/az\/wp-json\/wp\/v2\/comments?post=247448"}],"version-history":[{"count":2,"href":"https:\/\/www.meydan.tv\/az\/wp-json\/wp\/v2\/posts\/247448\/revisions"}],"predecessor-version":[{"id":247516,"href":"https:\/\/www.meydan.tv\/az\/wp-json\/wp\/v2\/posts\/247448\/revisions\/247516"}],"wp:featuredmedia":[{"embeddable":true,"href":"https:\/\/www.meydan.tv\/az\/wp-json\/wp\/v2\/media\/77560"}],"wp:attachment":[{"href":"https:\/\/www.meydan.tv\/az\/wp-json\/wp\/v2\/media?parent=247448"}],"wp:term":[{"taxonomy":"category","embeddable":true,"href":"https:\/\/www.meydan.tv\/az\/wp-json\/wp\/v2\/categories?post=247448"},{"taxonomy":"post_tag","embeddable":true,"href":"https:\/\/www.meydan.tv\/az\/wp-json\/wp\/v2\/tags?post=247448"}],"curies":[{"name":"wp","href":"https:\/\/api.w.org\/{rel}","templated":true}]}}