{"id":247434,"date":"2022-06-05T15:13:07","date_gmt":"2022-06-05T11:13:07","guid":{"rendered":"https:\/\/www.meydan.tv\/?p=247434"},"modified":"2022-06-05T15:13:09","modified_gmt":"2022-06-05T11:13:09","slug":"bu-il-az-pomidor-ekdik-ve-uduzduq","status":"publish","type":"post","link":"https:\/\/www.meydan.tv\/az\/article\/bu-il-az-pomidor-ekdik-ve-uduzduq\/","title":{"rendered":"&#8220;Bu il az pomidor \u0259kdik v\u0259 uduzduq&#8230;\u201d"},"content":{"rendered":"\n<p><\/p>\n\n\n\n<p><em>K\u0259ndlil\u0259r deyir ki, m\u0259hsul azd\u0131r, qiym\u0259t is\u0259 getdikc\u0259 d\u00fc\u015f\u00fcr<\/em><\/p>\n\n\n\n<p>\u201c\u00d6t\u0259n ill\u0259r pandemiya v\u0259 m\u00fcharib\u0259y\u0259 g\u00f6r\u0259 anlad\u0131q ki, m\u0259hsulumuz getm\u0259di, batd\u0131. Bu il d\u0259 Rusiya-Ukrayna m\u00fcharib\u0259sin\u0259 g\u00f6r\u0259 \u015f\u00fcbh\u0259li qald\u0131q dey\u0259 az \u0259kdik v\u0259 uduzduq\u201d.<\/p>\n\n\n\n<p>G\u00f6y\u00e7ayl\u0131 fermer bel\u0259 deyir.<\/p>\n\n\n\n<p>G\u00f6y\u00e7ay\u0131n 30-dan art\u0131q k\u0259ndind\u0259 istilikxanalar var. \u018fn \u00e7ox L\u0259k\u00e7\u0131plaq, Qara\u011f\u0131d\u0131r, M\u0131rt\u0131, Al\u0131k\u0259nd, Yalman, Qaraman, \u015e\u0259k\u0259r, \u00c7\u0259r\u0259k\u0259, K\u00fcrd\u0259mi\u015f k\u0259ndl\u0259rind\u0259 yarad\u0131l\u0131b.<\/p>\n\n\n\n<p>May\u0131n ikinci yar\u0131s\u0131ndan etibar\u0259n G\u00f6y\u00e7ayda \u0259n\u0259n\u0259vi pomidor istilikxanalar\u0131nda k\u00fctl\u0259vi y\u0131\u011f\u0131m i\u015fl\u0259rin\u0259 ba\u015flan\u0131l\u0131b. K\u0259ndlil\u0259r \u00f6z \u015f\u0259xsi t\u0259s\u0259rr\u00fcfatlar\u0131nda qurdu\u011fu kustar \u00fcsullu istilikxanalar\u0131ndan pomidor m\u0259hsulunu toplayaraq sat\u0131\u015fa \u00e7\u0131xar\u0131r. \u018fhalinin yegan\u0259 dolan\u0131\u015f\u0131q m\u0259nb\u0259yi say\u0131lan pomidor istilikxanalar\u0131n\u0131n say\u0131nda bu il azalma var.<\/p>\n\n\n\n<figure class=\"wp-block-image size-large\"><img decoding=\"async\" width=\"1200\" height=\"675\" data-src=\"https:\/\/www.meydan.tv\/wp-content\/uploads\/b4bf755a-cc25-45cb-9ca1-2035f51fb78b-1-1200x675.jpg\" alt=\"\" class=\"wp-image-247413 lazyload\" src=\"data:image\/svg+xml;base64,PHN2ZyB3aWR0aD0iMSIgaGVpZ2h0PSIxIiB4bWxucz0iaHR0cDovL3d3dy53My5vcmcvMjAwMC9zdmciPjwvc3ZnPg==\" style=\"--smush-placeholder-width: 1200px; --smush-placeholder-aspect-ratio: 1200\/675;\" \/><figcaption>Pomidor bostan\u0131. Foto: Meydan TV<\/figcaption><\/figure>\n\n\n\n<p><strong>\u201cX\u0259b\u0259rdar edildik ki, az \u0259kin, m\u0259hsul yax\u015f\u0131 qiym\u0259t\u0259 getm\u0259y\u0259c\u0259k\u201d<\/strong><\/p>\n\n\n\n<p>M\u0131rt\u0131-Al\u0131k\u0259nd, L\u0259k\u00e7\u0131plaq k\u0259ndl\u0259rind\u0259 dem\u0259k olar ki, \u0259halinin 80 faizi istixanalarda pomidor yeti\u015fdirir. Rayonun L\u0259k\u00e7\u0131plaq k\u0259nd sakini G\u00fclnar K\u0259rimovan\u0131n s\u00f6zl\u0259rin\u0259 g\u00f6r\u0259, bu il \u00f6t\u0259n il \u0259kdiyi m\u0259hsulun yar\u0131s\u0131n\u0131 \u0259kib. S\u0259b\u0259b is\u0259 m\u00f6vs\u00fcm\u00fcnd\u0259 sat\u0131\u015f\u0131n \u00fcr\u0259ka\u00e7an v\u0259ziyy\u0259td\u0259 olaca\u011f\u0131na \u00fcmidsizliyi olub.<\/p>\n\n\n\n<p>\u201c\u018fslind\u0259 \u00f6t\u0259n il m\u0259hsuldarl\u0131q yax\u015f\u0131 oldu, amma pula getm\u0259di, m\u0259hsul batd\u0131, borc i\u00e7ind\u0259 qald\u0131q. Fikirl\u0259\u015fdik ki, bu il d\u0259 m\u0259hsuldarl\u0131q yax\u015f\u0131 olar, ancaq m\u00fcharib\u0259y\u0259, pandemiyaya g\u00f6r\u0259 yax\u015f\u0131 qiym\u0259t\u0259 sat\u0131\u015fa getm\u0259sind\u0259n narahat idik. H\u0259m d\u0259 x\u0259b\u0259rdar edildik ki, az \u0259kin, m\u0259hsul yax\u015f\u0131 qiym\u0259t\u0259 getm\u0259y\u0259c\u0259k\u201d.<\/p>\n\n\n\n<figure class=\"wp-block-image size-large\"><img decoding=\"async\" width=\"1200\" height=\"675\" data-src=\"https:\/\/www.meydan.tv\/wp-content\/uploads\/6e149c91-e438-45af-9a79-3a4707b20794-1200x675.jpg\" alt=\"\" class=\"wp-image-247392 lazyload\" src=\"data:image\/svg+xml;base64,PHN2ZyB3aWR0aD0iMSIgaGVpZ2h0PSIxIiB4bWxucz0iaHR0cDovL3d3dy53My5vcmcvMjAwMC9zdmciPjwvc3ZnPg==\" style=\"--smush-placeholder-width: 1200px; --smush-placeholder-aspect-ratio: 1200\/675;\" \/><figcaption>Pomidor bostan\u0131. Foto: Meydan TV<\/figcaption><\/figure>\n\n\n\n<p>\u201c\u00d6t\u0259n il 3 istilikxana sald\u0131q v\u0259 \u00fcmumilikd\u0259 6 mind\u0259n \u00e7ox pomidor \u015fitili \u0259kdik. Bu il is\u0259 4 min civar\u0131nda \u0259kin etdik, art\u0131q sat\u0131\u015fa g\u0259l\u0259n h\u0259ft\u0259d\u0259n ba\u015flayaca\u011f\u0131q. \u00d6t\u0259n ill\u0259r pandemiya v\u0259 m\u00fcharib\u0259y\u0259 g\u00f6r\u0259 anlad\u0131q ki, m\u0259hsulumuz getm\u0259di, batd\u0131. Bu il d\u0259 Rusiya-Ukrayna m\u00fcharib\u0259sin\u0259 g\u00f6r\u0259 \u015f\u00fcbh\u0259li qald\u0131q dey\u0259 az \u0259kdik v\u0259 uduzduq. H\u0259m d\u0259 \u00e7ox \u0259kin, \u00e7ox x\u0259rc t\u0259l\u0259b edir, a\u011f \u00e7\u00fcr\u00fcm\u0259 x\u0259st\u0259liyi d\u0259 imkan vermir ki, olan -qalan m\u0259hsul a\u011facda qals\u0131n\u201d-dey\u0259 k\u0259ndli bildirdi.<\/p>\n\n\n\n<p><strong>\u0130stixanalar\u0131n say\u0131 azald\u0131l\u0131b<\/strong><\/p>\n\n\n\n<p>H\u0259r ail\u0259 \u00f6z t\u0259s\u0259rr\u00fcfatlar\u0131nda \u0259vv\u0259ll\u0259r 3-4, b\u0259z\u0259n 5-6 istilikxana qururdursa, bu ild\u0259n etibar\u0259n istilikxanalar\u0131n say\u0131 2 -3 d\u0259f\u0259 azald\u0131l\u0131b. \u00dcmumilikd\u0259 rayon \u00fczr\u0259 250-300 hektarl\u0131q \u0259kin sah\u0259l\u0259rinin yar\u0131ya q\u0259d\u0259r azald\u0131\u011f\u0131 bildirilir.<\/p>\n\n\n\n<p>Fermerl\u0259r deyir ki, M\u0131rt\u0131-Al\u0131k\u0259nd \u00fczr\u0259 bu il min\u0259 yax\u0131n istilikxana sal\u0131n\u0131b. B\u0259zi k\u0259nd sakinl\u0259ri is\u0259 bu i\u015fd\u0259n tamamil\u0259 imtina edib.<\/p>\n\n\n\n<figure class=\"wp-block-image size-large\"><img decoding=\"async\" width=\"1200\" height=\"675\" data-src=\"https:\/\/www.meydan.tv\/wp-content\/uploads\/d8ee1042-64d1-49e9-b252-08ddec4bc4f8-1200x675.jpg\" alt=\"\" class=\"wp-image-247422 lazyload\" src=\"data:image\/svg+xml;base64,PHN2ZyB3aWR0aD0iMSIgaGVpZ2h0PSIxIiB4bWxucz0iaHR0cDovL3d3dy53My5vcmcvMjAwMC9zdmciPjwvc3ZnPg==\" style=\"--smush-placeholder-width: 1200px; --smush-placeholder-aspect-ratio: 1200\/675;\" \/><figcaption>\u0130stixana. Foto: Meydan TV<\/figcaption><\/figure>\n\n\n\n<p><strong>\u201cRusiyaya yol ba\u011fl\u0131 oldu, n\u0259tic\u0259d\u0259 m\u0259hsul batd\u0131\u201d<\/strong><\/p>\n\n\n\n<p>K\u0259nd sakini Samir \u0130sayev deyir ki, m\u00f6vcud duruma g\u00f6r\u0259 bu il iki istilikxana pomidor yeti\u015fdirib. Onun s\u00f6zl\u0259rin\u0259 g\u00f6r\u0259 \u00f6t\u0259n il m\u0259hsullar\u0131n maya d\u0259y\u0259ri baha, sat\u0131\u015f qiym\u0259ti is\u0259 kq-\u0131 5-10 q\u0259pik civar\u0131nda olub. N\u0259tic\u0259d\u0259 onlara \u00e7ox ziyan d\u0259yib. Odur ki, eyni aqib\u0259ti ya\u015famaqdan, art\u0131q borclanmaqdan ehtiyat edib, az \u0259kin\u0259 \u00fcst\u00fcnl\u00fck verib.<\/p>\n\n\n\n<p>\u201c\u00d6t\u0259n il \u00f6z h\u0259y\u0259tyan\u0131 sah\u0259md\u0259 6 istilikxana sald\u0131m, \u00fcmumilikd\u0259 10 min\u0259 yax\u0131n pomidor, xiyar \u015fitili \u0259kdim. \u00c7ox b\u00f6y\u00fck \u00fcmidl\u0259rim var idi, h\u0259tta \u00e7ox baha qiym\u0259t\u0259 \u015fitili al\u0131b \u0259kmi\u015fdim, b\u0259zil\u0259rini \u00f6z\u00fcm bec\u0259rmi\u015fdim. Ancaq \u0259kdiyim ziyana getdi\u201d.<\/p>\n\n\n\n<p>Samir \u0130sayev deyir ki, yay m\u00f6vs\u00fcm\u00fcnd\u0259 yax\u015f\u0131 m\u0259hsul oldu, ancaq yax\u015f\u0131 qiym\u0259t\u0259 getm\u0259di:<\/p>\n\n\n\n<figure class=\"wp-block-image size-large\"><img decoding=\"async\" width=\"1200\" height=\"675\" data-src=\"https:\/\/www.meydan.tv\/wp-content\/uploads\/c54a6d70-1282-4b76-ba1a-5acc5a3d557c-1-1200x675.jpg\" alt=\"\" class=\"wp-image-247425 lazyload\" src=\"data:image\/svg+xml;base64,PHN2ZyB3aWR0aD0iMSIgaGVpZ2h0PSIxIiB4bWxucz0iaHR0cDovL3d3dy53My5vcmcvMjAwMC9zdmciPjwvc3ZnPg==\" style=\"--smush-placeholder-width: 1200px; --smush-placeholder-aspect-ratio: 1200\/675;\" \/><figcaption>Samir \u0130sayev. Foto: Meydan TV<\/figcaption><\/figure>\n\n\n\n<p>\u201cRusiyaya yol ba\u011fl\u0131 oldu, n\u0259tic\u0259d\u0259 m\u0259hsul batd\u0131, daxili bazarda bolluq qiym\u0259ti \u00e7ox a\u015fa\u011f\u0131 sald\u0131. \u018fn yax\u015f\u0131 halda 10-15 q\u0259piy\u0259 satmaq olurdu, bu il d\u0259 ehtiyat etdim, h\u0259m d\u0259 icradan x\u0259b\u0259rdarl\u0131q oldu ki, az \u0259kin edin, sat\u0131\u015f olmayacaq. \u00d6t\u0259n il 4-5 k\u0259ndin camaat\u0131 m\u0259hsulun batmas\u0131na g\u00f6r\u0259 aya\u011fa qalx\u0131b mitinq etdi, ancaq kims\u0259 \u0259lac etm\u0259di, mitinqi da\u011f\u0131td\u0131lar ki, Rusiyaya yol ba\u011fl\u0131d\u0131r, ba\u015f\u0131n\u0131za \u00e7ar\u0259 q\u0131l\u0131n. Ona g\u00f6r\u0259 iki min \u015fitil \u0259kdim, indi d\u0259 m\u0259hsul az, ancaq qiym\u0259ti normald\u0131r\u201d.<\/p>\n\n\n\n<p><strong>K\u0259ndli m\u0259hsulu y\u0131\u011f\u0131r v\u0259 h\u0259y\u0259tind\u0259 sat\u0131r<\/strong><\/p>\n\n\n\n<p>K\u0259ndlil\u0259r deyirl\u0259r ki, haz\u0131rda pomidorun yerind\u0259 al\u0131\u015f qiym\u0259ti 1 manat 20 q\u0259pik, 1 manat 30 q\u0259pik aras\u0131ndad\u0131r. K\u0259ndli m\u0259hsulu y\u0131\u011f\u0131r v\u0259 al\u0131c\u0131 h\u0259y\u0259td\u0259 al\u0131r. Bu is\u0259 istilikxanalara \u00e7\u0259kil\u0259n x\u0259rci ancaq \u00f6d\u0259yir. \u00c7\u00fcnki \u00f6t\u0259n ill\u0259rd\u0259n f\u0259rqli olaraq k\u0259ndlil\u0259r daha \u00e7ox Bak\u0131dan sifari\u015fl\u0259 yeti\u015fdirilmi\u015f pomidor \u015fitill\u0259rini g\u0259tirtm\u0259y\u0259 \u00fcst\u00fcnl\u00fck verdiyind\u0259n bu ikiqat x\u0259rc edir. S\u0259b\u0259bi is\u0259 sortlar\u0131n h\u0259m keyfiyy\u0259tli, h\u0259m zaman, h\u0259m d\u0259 maddi bax\u0131mdan daha s\u0259rf\u0259li olmas\u0131 il\u0259 \u0259laq\u0259dard\u0131r. Bel\u0259 ki, k\u0259ndlil\u0259r \u00f6z t\u0259s\u0259rr\u00fcfatlar\u0131nda bunu yeti\u015fdir\u0259rk\u0259n daha \u00e7ox yanacaq, zaman s\u0259rf edir v\u0259 al\u0131nan hibrid toxumlar\u0131n b\u0259z\u0259n keyfiyy\u0259tsiz a\u015fkarlanmas\u0131 il\u0259 \u00fcz-\u00fcz\u0259 qal\u0131rlar. N\u0259tic\u0259d\u0259 m\u0259hsul itkisi yaran\u0131r, k\u0259ndli aldan\u0131r.<\/p>\n\n\n\n<p>K\u0259ndlil\u0259r bu il d\u0259 \u201cbella\u201d, \u201cbel-belina\u201d v\u0259 \u201cmakiyaj\u201d kimi iri, dadl\u0131 v\u0259 keyfiyy\u0259tli hibrid sortlara \u00fcst\u00fcnl\u00fck verdikl\u0259rini deyirl\u0259r. Bu sortlar tez yeti\u015fm\u0259si v\u0259 m\u0259hsuldarl\u0131\u011f\u0131 il\u0259 se\u00e7ils\u0259 d\u0259, \u00f6t\u0259n il \u0259d\u0259di 27-28 q\u0259piy\u0259 al\u0131nan \u015fitill\u0259r, bu il sortundan as\u0131l\u0131 olaraq bir-iki q\u0259pik bahala\u015f\u0131b.<\/p>\n\n\n\n<figure class=\"wp-block-image size-full\"><img decoding=\"async\" width=\"1120\" height=\"720\" data-src=\"https:\/\/www.meydan.tv\/wp-content\/uploads\/63ff10da-d2f6-40ef-b56a-29836d1b8a6a.jpg\" alt=\"\" class=\"wp-image-247401 lazyload\" src=\"data:image\/svg+xml;base64,PHN2ZyB3aWR0aD0iMSIgaGVpZ2h0PSIxIiB4bWxucz0iaHR0cDovL3d3dy53My5vcmcvMjAwMC9zdmciPjwvc3ZnPg==\" style=\"--smush-placeholder-width: 1120px; --smush-placeholder-aspect-ratio: 1120\/720;\" \/><figcaption>Pomidor. Meydan TV<\/figcaption><\/figure>\n\n\n\n<p>\u201c\u018fkdiyim 2 min \u015fitil\u0259 hiss\u0259-hiss\u0259 5 min x\u0259rc \u00e7\u0259kmi\u015f\u0259m. Bunun h\u0259r bir prosesi a\u011f\u0131r \u0259m\u0259k v\u0259 maddiyy\u0259t t\u0259l\u0259b edir. May\u0131n 20-d\u0259n sonra y\u0131\u011f\u0131ma ba\u015flad\u0131m. \u0130ki d\u0259f\u0259 kiloqram\u0131 1 manat 30 q\u0259pikd\u0259n sat\u0131\u015f etmi\u015f\u0259m. H\u0259l\u0259 \u00e7\u0259kdiyim x\u0259rcin bir hiss\u0259si edib. \u00d6z\u00fc d\u0259 ilk salx\u0131m tam bitdi. \u018fsas m\u0259hsul da ilk salx\u0131mda olur\u201d, &#8211; k\u0259ndli deyir.<\/p>\n\n\n\n<p>Samir \u0130sayevin s\u00f6zl\u0259rin\u0259 g\u00f6r\u0259, hibrid sortlar iri olsa da, bu il hava \u015f\u0259raitin\u0259 g\u00f6r\u0259 \u00e7ox m\u0259hsul ala bilm\u0259yib. \u201cYa\u011f\u0131\u015flar da imkan verm\u0259di. \u018fsas\u0259n maklerl\u0259r g\u0259lib yerind\u0259c\u0259 al\u0131b apar\u0131r Rusiyaya, bu il yol a\u00e7\u0131q oldu dey\u0259 al\u0131c\u0131l\u0131q qabiliyy\u0259ti y\u00fcks\u0259kdir, ancaq \u0259kin azd\u0131r dey\u0259 m\u0259hsul da azd\u0131r\u201d.<\/p>\n\n\n\n<p>\u201cMaraql\u0131d\u0131r ki, Bak\u0131da pomidorun sat\u0131\u015f qiym\u0259ti n\u00f6v\u00fcnd\u0259n v\u0259 yeti\u015fdiyi regiondan as\u0131l\u0131 olaraq 2.80-3 . 50 q\u0259pik aras\u0131nda d\u0259yi\u015fir. Bizd\u0259n is\u0259 1 manat 30 q\u0259pikd\u0259n y\u00fcks\u0259k alm\u0131rlar. Yen\u0259 d\u0259 itir\u0259n k\u0259ndli, qazanan maklerl\u0259r olur. Ancaq getdikc\u0259 qiym\u0259ti sal\u0131r maklerl\u0259r, iyundan etibar\u0259n 1 manatdan a\u015fa\u011f\u0131 al\u0131nmas\u0131 g\u00f6zl\u0259nilir. Bu is\u0259 he\u00e7 s\u0259rf etmir. Ucuz al, baha sat, k\u0259ndli \u0259m\u0259yi he\u00e7 olsun\u201d \u2013dey\u0259 o \u0259lav\u0259 edib.<\/p>\n\n\n\n<figure class=\"wp-block-image size-large\"><img decoding=\"async\" width=\"1200\" height=\"675\" data-src=\"https:\/\/www.meydan.tv\/wp-content\/uploads\/d1196e9d-ca2a-43d5-8cc0-a8b64c797c5e-1200x675.jpg\" alt=\"\" class=\"wp-image-247431 lazyload\" src=\"data:image\/svg+xml;base64,PHN2ZyB3aWR0aD0iMSIgaGVpZ2h0PSIxIiB4bWxucz0iaHR0cDovL3d3dy53My5vcmcvMjAwMC9zdmciPjwvc3ZnPg==\" style=\"--smush-placeholder-width: 1200px; --smush-placeholder-aspect-ratio: 1200\/675;\" \/><figcaption>\u0130stixana. Foto: Meydan TV<\/figcaption><\/figure>\n\n\n\n<p><strong>\u201cQiym\u0259t qane etmir\u201d<\/strong><\/p>\n\n\n\n<p>M\u0131rt\u0131 k\u0259nd sakini Elcan \u018fliyev d\u0259 istilikxanalar\u0131n say\u0131n\u0131 azaldanlardand\u0131r. Pomidor \u015fitill\u0259rini \u00f6z\u00fc deyil, haz\u0131r \u015f\u0259kild\u0259 Bak\u0131dan g\u0259tirtm\u0259kl\u0259 bec\u0259rib. O, baha yanacaq, \u00f6rt\u00fck v\u0259 sortun keyfiyy\u0259tli olmas\u0131 s\u0259b\u0259bind\u0259n bu add\u0131m\u0131 at\u0131b v\u0259 haz\u0131rda ilk sat\u0131\u015f\u0131n\u0131 ets\u0259 d\u0259, qiym\u0259t onu qane etmir.<\/p>\n\n\n\n<p>Deyir ki, bu il m\u0259hsuldarl\u0131q azd\u0131r. \u0130mkans\u0131zl\u0131qdan \u0259k\u0259 bilm\u0259yib:<\/p>\n\n\n\n<p>\u201c\u018fvv\u0259l iki sah\u0259d\u0259 4-5 istilikxana \u0259kirdik. Bu il is\u0259 iki qarda\u015f iki istilikxana sald\u0131q. H\u0259m d\u0259 \u00f6t\u0259n il kilosu he\u00e7 40-50 q\u0259piy\u0259 getm\u0259di dey\u0259, borca d\u00fc\u015fd\u00fck, qorxduq ki, bu il d\u0259 eyni aqib\u0259ti ya\u015fayar\u0131q. Ona g\u00f6r\u0259 d\u0259 say\u0131n\u0131 azaltd\u0131q. D\u00fcz\u00fc, ya\u011f\u0131\u015fa g\u00f6r\u0259 gecikmi\u015fik, m\u0259hsul tam q\u0131zarmad\u0131. D\u0259rmandan da istifad\u0259 etm\u0259k ist\u0259m\u0259dim dey\u0259 g\u00f6zl\u0259dim tam d\u0259ysin sat\u0131m\u201d.<\/p>\n\n\n\n<p>Onun s\u00f6zl\u0259rin\u0259 g\u00f6r\u0259, aprel-may ay\u0131nda pomidorun kiloqram\u0131 1 manat 40-50 q\u0259piy\u0259 q\u0259d\u0259r olub, may\u0131n sonlar\u0131nda qiym\u0259tl\u0259r d\u00fc\u015f\u00fcb:<\/p>\n\n\n\n<figure class=\"wp-block-image size-large\"><img decoding=\"async\" width=\"1200\" height=\"675\" data-src=\"https:\/\/www.meydan.tv\/wp-content\/uploads\/2c414aa1-99ca-4596-9fc0-2e1a42d9848a-1200x675.jpg\" alt=\"\" class=\"wp-image-247395 lazyload\" src=\"data:image\/svg+xml;base64,PHN2ZyB3aWR0aD0iMSIgaGVpZ2h0PSIxIiB4bWxucz0iaHR0cDovL3d3dy53My5vcmcvMjAwMC9zdmciPjwvc3ZnPg==\" style=\"--smush-placeholder-width: 1200px; --smush-placeholder-aspect-ratio: 1200\/675;\" \/><figcaption>Pomidor. Foto: Meydan TV<\/figcaption><\/figure>\n\n\n\n<p>\u201cBu da he\u00e7 s\u0259rf etmir. \u00d6t\u0259n il iki istilikxanaya s\u0259rf olunan \u00f6rt\u00fcy\u00fcn metrini 2.80 q\u0259pikd\u0259n al\u0131rd\u0131m, bu il is\u0259 bir manat art\u0131b.. Y\u0259ni ne\u00e7\u0259 d\u0259f\u0259 sat\u0131m ki, bunun x\u0259rci d\u0259 \u00e7\u0131xs\u0131n, m\u0259n\u0259 \u0259l qabar\u0131 z\u0259hm\u0259t haqq\u0131 qals\u0131n?\u201d.<\/p>\n\n\n\n<p>Rayon sakini, meyv\u0259-t\u0259r\u0259v\u0259z alver\u00e7isi Mahir \u0130sayev bildirir ki, G\u00f6y\u00e7ayda t\u0259r\u0259v\u0259z\u00e7ilik v\u0259 meyv\u0259\u00e7ilik \u00fcst\u00fcnl\u00fck t\u0259\u015fkil etdiyind\u0259n m\u00f6vs\u00fcm vaxt\u0131 k\u0259ndlinin qazanc\u0131 ancaq bu iki ayda olur. \u00d6z\u00fc d\u0259 h\u0259m t\u0259r\u0259v\u0259z \u0259kir, h\u0259m d\u0259 dig\u0259r k\u0259ndlil\u0259rd\u0259n bir q\u0259d\u0259r ucuz qiym\u0259t\u0259 alaraq daxili bazarda sat\u0131\u015f\u0131n\u0131 t\u0259\u015fkil edir:<\/p>\n\n\n\n<p>\u201cRusiya-Ukrayna m\u00fcharib\u0259si, rubl\u0131n d\u0259y\u0259rd\u0259n d\u00fc\u015fm\u0259si v\u0259 d\u00fcnyan\u0131n apar\u0131c\u0131 \u00f6lk\u0259l\u0259rinin Rusiyaya qoydu\u011fu embarqolar sat\u0131\u015f bazar\u0131n\u0131n yen\u0259 probleml\u0259r ya\u015fayaca\u011f\u0131 ehtimal\u0131 yaratd\u0131. Bu da bizi \u00e7ox qorxutdu. Maksimum 2-3 istilikxana il\u0259 kifay\u0259tl\u0259ndik. H\u0259r il \u00f6z\u00fcm d\u0259 \u0259kir\u0259m, alverini d\u0259 edir\u0259m. \u00d6t\u0259n il ziyan etdik, m\u0259hsul al\u0131nm\u0131rd\u0131 dey\u0259 daxili bazar dolu idi. N\u0259 k\u0259ndli qazand\u0131, n\u0259 biz\u201d.<\/p>\n\n\n\n<figure class=\"wp-block-image size-large\"><img decoding=\"async\" width=\"1200\" height=\"675\" data-src=\"https:\/\/www.meydan.tv\/wp-content\/uploads\/bb779c05-3adb-4276-917a-af3ee95021e7-1200x675.jpg\" alt=\"\" class=\"wp-image-247416 lazyload\" src=\"data:image\/svg+xml;base64,PHN2ZyB3aWR0aD0iMSIgaGVpZ2h0PSIxIiB4bWxucz0iaHR0cDovL3d3dy53My5vcmcvMjAwMC9zdmciPjwvc3ZnPg==\" style=\"--smush-placeholder-width: 1200px; --smush-placeholder-aspect-ratio: 1200\/675;\" \/><figcaption>Pomidor. Foto: Meydan TV<\/figcaption><\/figure>\n\n\n\n<p>Onun s\u00f6zl\u0259rin\u0259 g\u00f6r\u0259, m\u00f6vz\u00fcm ba\u015flayandan alver edir, xiyar v\u0259 pomidor alaraq daxili bazarda 2 manata q\u0259d\u0259r sat\u0131r:<\/p>\n\n\n\n<p>\u201cYax\u015f\u0131 m\u0259hsulun kiloqram\u0131n\u0131 1 manat 20 q\u0259pik, 1 manat 30 q\u0259pik, orta v\u0259 z\u0259if m\u0259hsulu 1 manata- ondan a\u015fa\u011f\u0131ya al\u0131b, daxili bazarda \u00fcst\u00fcn\u0259 40-50 b\u0259z\u0259n d\u0259 60 -70 q\u0259pik qoyub sat\u0131r\u0131q. D\u00fczd\u00fcr, \u0259sas\u0259n Rusiya bazar\u0131na yax\u015f\u0131 m\u0259hsul gedir dey\u0259, biz orta m\u0259hsulu al\u0131r\u0131q. \u00d6t\u0259n il\u0259 nisb\u0259td\u0259 m\u0259n\u0259 s\u0259rf edir, ancaq k\u0259ndli \u00e7ox \u0259ziyy\u0259t \u00e7\u0259kir, h\u0259m x\u0259rci, h\u0259m z\u0259hm\u0259ti var. Onu 3 manata satsa da, s\u0259rf etmir\u201d.<\/p>\n\n\n\n<p>G\u00f6y\u00e7ayda istehsal olunan yaz m\u0259hsullar\u0131n\u0131n \u0259sas hiss\u0259si Rusiya bazarlar\u0131na g\u00f6nd\u0259rilir. Qalan hiss\u0259si is\u0259 daxili bazarda sat\u0131l\u0131r.<\/p>\n","protected":false},"excerpt":{"rendered":"<p>K\u0259ndlil\u0259r deyir ki, m\u0259hsul azd\u0131r, qiym\u0259t is\u0259 getdikc\u0259 d\u00fc\u015f\u00fcr \u201c\u00d6t\u0259n &#8230; <\/p>\n<p class=\"read-more-container\"><a title=\"&#8220;Bu il az pomidor \u0259kdik v\u0259 uduzduq&#8230;\u201d\" class=\"read-more button\" href=\"https:\/\/www.meydan.tv\/az\/article\/bu-il-az-pomidor-ekdik-ve-uduzduq\/#more-247434\" aria-label=\"Read more about &#8220;Bu il az pomidor \u0259kdik v\u0259 uduzduq&#8230;\u201d\">Davam\u0131<\/a><\/p>\n","protected":false},"author":8,"featured_media":247410,"comment_status":"closed","ping_status":"closed","sticky":false,"template":"","format":"standard","meta":{"_acf_changed":false,"_sitemap_exclude":false,"_sitemap_priority":"","_sitemap_frequency":"","footnotes":""},"categories":[60,79,56],"tags":[],"class_list":["post-247434","post","type-post","status-publish","format-standard","has-post-thumbnail","hentry","category-bolge","category-featured","category-xeberler","infinite-scroll-item","generate-columns","tablet-grid-50","mobile-grid-100","grid-parent","grid-33","no-featured-image-padding"],"acf":[],"yoast_head":"<!-- This site is optimized with the Yoast SEO plugin v27.5 - https:\/\/yoast.com\/product\/yoast-seo-wordpress\/ -->\n<title>&quot;Bu il az pomidor \u0259kdik v\u0259 uduzduq...\u201d - MEYDAN.TV<\/title>\n<meta name=\"robots\" content=\"index, follow, max-snippet:-1, max-image-preview:large, max-video-preview:-1\" \/>\n<link rel=\"canonical\" href=\"https:\/\/www.meydan.tv\/az\/article\/bu-il-az-pomidor-ekdik-ve-uduzduq\/\" \/>\n<meta property=\"og:locale\" content=\"az_AZ\" \/>\n<meta property=\"og:type\" content=\"article\" \/>\n<meta property=\"og:title\" content=\"&quot;Bu il az pomidor \u0259kdik v\u0259 uduzduq...\u201d - MEYDAN.TV\" \/>\n<meta property=\"og:description\" content=\"K\u0259ndlil\u0259r deyir ki, m\u0259hsul azd\u0131r, qiym\u0259t is\u0259 getdikc\u0259 d\u00fc\u015f\u00fcr \u201c\u00d6t\u0259n ... Davam\u0131\" \/>\n<meta property=\"og:url\" content=\"https:\/\/www.meydan.tv\/az\/article\/bu-il-az-pomidor-ekdik-ve-uduzduq\/\" \/>\n<meta property=\"og:site_name\" content=\"MEYDAN.TV\" \/>\n<meta property=\"article:published_time\" content=\"2022-06-05T11:13:07+00:00\" \/>\n<meta property=\"article:modified_time\" content=\"2022-06-05T11:13:09+00:00\" \/>\n<meta property=\"og:image\" content=\"https:\/\/www.meydan.tv\/wp-content\/uploads\/617798f0-06a8-4375-8feb-831787d5f9dd.jpg\" \/>\n\t<meta property=\"og:image:width\" content=\"1280\" \/>\n\t<meta property=\"og:image:height\" content=\"720\" \/>\n\t<meta property=\"og:image:type\" content=\"image\/jpeg\" \/>\n<meta name=\"author\" content=\"elli\" \/>\n<meta name=\"twitter:card\" content=\"summary_large_image\" \/>\n<meta name=\"twitter:creator\" content=\"@elli\" \/>\n<script type=\"application\/ld+json\" class=\"yoast-schema-graph\">{\"@context\":\"https:\\\/\\\/schema.org\",\"@graph\":[{\"@type\":\"Article\",\"@id\":\"https:\\\/\\\/www.meydan.tv\\\/az\\\/article\\\/bu-il-az-pomidor-ekdik-ve-uduzduq\\\/#article\",\"isPartOf\":{\"@id\":\"https:\\\/\\\/www.meydan.tv\\\/az\\\/article\\\/bu-il-az-pomidor-ekdik-ve-uduzduq\\\/\"},\"author\":{\"name\":\"elli\",\"@id\":\"https:\\\/\\\/www.meydan.tv\\\/az\\\/#\\\/schema\\\/person\\\/9cdbecf90d17180ce1dfbd95b08dcf47\"},\"headline\":\"&#8220;Bu il az pomidor \u0259kdik v\u0259 uduzduq&#8230;\u201d\",\"datePublished\":\"2022-06-05T11:13:07+00:00\",\"dateModified\":\"2022-06-05T11:13:09+00:00\",\"mainEntityOfPage\":{\"@id\":\"https:\\\/\\\/www.meydan.tv\\\/az\\\/article\\\/bu-il-az-pomidor-ekdik-ve-uduzduq\\\/\"},\"wordCount\":1844,\"publisher\":{\"@id\":\"https:\\\/\\\/www.meydan.tv\\\/az\\\/#organization\"},\"image\":{\"@id\":\"https:\\\/\\\/www.meydan.tv\\\/az\\\/article\\\/bu-il-az-pomidor-ekdik-ve-uduzduq\\\/#primaryimage\"},\"thumbnailUrl\":\"https:\\\/\\\/www.meydan.tv\\\/wp-content\\\/uploads\\\/617798f0-06a8-4375-8feb-831787d5f9dd.jpg\",\"articleSection\":[\"B\u00f6lg\u0259\",\"T\u00f6vsiy\u0259\",\"X\u0259b\u0259rl\u0259r\"],\"inLanguage\":\"az\"},{\"@type\":\"WebPage\",\"@id\":\"https:\\\/\\\/www.meydan.tv\\\/az\\\/article\\\/bu-il-az-pomidor-ekdik-ve-uduzduq\\\/\",\"url\":\"https:\\\/\\\/www.meydan.tv\\\/az\\\/article\\\/bu-il-az-pomidor-ekdik-ve-uduzduq\\\/\",\"name\":\"\\\"Bu il az pomidor \u0259kdik v\u0259 uduzduq...\u201d - MEYDAN.TV\",\"isPartOf\":{\"@id\":\"https:\\\/\\\/www.meydan.tv\\\/az\\\/#website\"},\"primaryImageOfPage\":{\"@id\":\"https:\\\/\\\/www.meydan.tv\\\/az\\\/article\\\/bu-il-az-pomidor-ekdik-ve-uduzduq\\\/#primaryimage\"},\"image\":{\"@id\":\"https:\\\/\\\/www.meydan.tv\\\/az\\\/article\\\/bu-il-az-pomidor-ekdik-ve-uduzduq\\\/#primaryimage\"},\"thumbnailUrl\":\"https:\\\/\\\/www.meydan.tv\\\/wp-content\\\/uploads\\\/617798f0-06a8-4375-8feb-831787d5f9dd.jpg\",\"datePublished\":\"2022-06-05T11:13:07+00:00\",\"dateModified\":\"2022-06-05T11:13:09+00:00\",\"breadcrumb\":{\"@id\":\"https:\\\/\\\/www.meydan.tv\\\/az\\\/article\\\/bu-il-az-pomidor-ekdik-ve-uduzduq\\\/#breadcrumb\"},\"inLanguage\":\"az\",\"potentialAction\":[{\"@type\":\"ReadAction\",\"target\":[\"https:\\\/\\\/www.meydan.tv\\\/az\\\/article\\\/bu-il-az-pomidor-ekdik-ve-uduzduq\\\/\"]}]},{\"@type\":\"ImageObject\",\"inLanguage\":\"az\",\"@id\":\"https:\\\/\\\/www.meydan.tv\\\/az\\\/article\\\/bu-il-az-pomidor-ekdik-ve-uduzduq\\\/#primaryimage\",\"url\":\"https:\\\/\\\/www.meydan.tv\\\/wp-content\\\/uploads\\\/617798f0-06a8-4375-8feb-831787d5f9dd.jpg\",\"contentUrl\":\"https:\\\/\\\/www.meydan.tv\\\/wp-content\\\/uploads\\\/617798f0-06a8-4375-8feb-831787d5f9dd.jpg\",\"width\":1280,\"height\":720,\"caption\":\"Pomidor bostan\u0131. Foto: Meydan TV\"},{\"@type\":\"BreadcrumbList\",\"@id\":\"https:\\\/\\\/www.meydan.tv\\\/az\\\/article\\\/bu-il-az-pomidor-ekdik-ve-uduzduq\\\/#breadcrumb\",\"itemListElement\":[{\"@type\":\"ListItem\",\"position\":1,\"name\":\"Ana s\u0259hif\u0259\",\"item\":\"https:\\\/\\\/www.meydan.tv\\\/az\\\/\"},{\"@type\":\"ListItem\",\"position\":2,\"name\":\"B\u00f6lg\u0259\",\"item\":\"https:\\\/\\\/www.meydan.tv\\\/az\\\/section\\\/bolge\\\/\"},{\"@type\":\"ListItem\",\"position\":3,\"name\":\"&#8220;Bu il az pomidor \u0259kdik v\u0259 uduzduq&#8230;\u201d\"}]},{\"@type\":\"WebSite\",\"@id\":\"https:\\\/\\\/www.meydan.tv\\\/az\\\/#website\",\"url\":\"https:\\\/\\\/www.meydan.tv\\\/az\\\/\",\"name\":\"MEYDAN.TV\",\"description\":\"Meydan TV Az\u0259rbaycan\u0131n media m\u0259kan\u0131ndak\u0131 alternativ s\u0259sidir\",\"publisher\":{\"@id\":\"https:\\\/\\\/www.meydan.tv\\\/az\\\/#organization\"},\"potentialAction\":[{\"@type\":\"SearchAction\",\"target\":{\"@type\":\"EntryPoint\",\"urlTemplate\":\"https:\\\/\\\/www.meydan.tv\\\/az\\\/?s={search_term_string}\"},\"query-input\":{\"@type\":\"PropertyValueSpecification\",\"valueRequired\":true,\"valueName\":\"search_term_string\"}}],\"inLanguage\":\"az\"},{\"@type\":\"Organization\",\"@id\":\"https:\\\/\\\/www.meydan.tv\\\/az\\\/#organization\",\"name\":\"Meydan TV\",\"url\":\"https:\\\/\\\/www.meydan.tv\\\/az\\\/\",\"logo\":{\"@type\":\"ImageObject\",\"inLanguage\":\"az\",\"@id\":\"https:\\\/\\\/www.meydan.tv\\\/az\\\/#\\\/schema\\\/logo\\\/image\\\/\",\"url\":\"https:\\\/\\\/www.meydan.tv\\\/wp-content\\\/uploads\\\/2021\\\/07\\\/meydan-logo.svg\",\"contentUrl\":\"https:\\\/\\\/www.meydan.tv\\\/wp-content\\\/uploads\\\/2021\\\/07\\\/meydan-logo.svg\",\"width\":195,\"height\":46,\"caption\":\"Meydan TV\"},\"image\":{\"@id\":\"https:\\\/\\\/www.meydan.tv\\\/az\\\/#\\\/schema\\\/logo\\\/image\\\/\"}},{\"@type\":\"Person\",\"@id\":\"https:\\\/\\\/www.meydan.tv\\\/az\\\/#\\\/schema\\\/person\\\/9cdbecf90d17180ce1dfbd95b08dcf47\",\"name\":\"elli\",\"sameAs\":[\"https:\\\/\\\/x.com\\\/elli\"]}]}<\/script>\n<!-- \/ Yoast SEO plugin. -->","yoast_head_json":{"title":"\"Bu il az pomidor \u0259kdik v\u0259 uduzduq...\u201d - MEYDAN.TV","robots":{"index":"index","follow":"follow","max-snippet":"max-snippet:-1","max-image-preview":"max-image-preview:large","max-video-preview":"max-video-preview:-1"},"canonical":"https:\/\/www.meydan.tv\/az\/article\/bu-il-az-pomidor-ekdik-ve-uduzduq\/","og_locale":"az_AZ","og_type":"article","og_title":"\"Bu il az pomidor \u0259kdik v\u0259 uduzduq...\u201d - MEYDAN.TV","og_description":"K\u0259ndlil\u0259r deyir ki, m\u0259hsul azd\u0131r, qiym\u0259t is\u0259 getdikc\u0259 d\u00fc\u015f\u00fcr \u201c\u00d6t\u0259n ... Davam\u0131","og_url":"https:\/\/www.meydan.tv\/az\/article\/bu-il-az-pomidor-ekdik-ve-uduzduq\/","og_site_name":"MEYDAN.TV","article_published_time":"2022-06-05T11:13:07+00:00","article_modified_time":"2022-06-05T11:13:09+00:00","og_image":[{"width":1280,"height":720,"url":"https:\/\/www.meydan.tv\/wp-content\/uploads\/617798f0-06a8-4375-8feb-831787d5f9dd.jpg","type":"image\/jpeg"}],"author":"elli","twitter_card":"summary_large_image","twitter_creator":"@elli","schema":{"@context":"https:\/\/schema.org","@graph":[{"@type":"Article","@id":"https:\/\/www.meydan.tv\/az\/article\/bu-il-az-pomidor-ekdik-ve-uduzduq\/#article","isPartOf":{"@id":"https:\/\/www.meydan.tv\/az\/article\/bu-il-az-pomidor-ekdik-ve-uduzduq\/"},"author":{"name":"elli","@id":"https:\/\/www.meydan.tv\/az\/#\/schema\/person\/9cdbecf90d17180ce1dfbd95b08dcf47"},"headline":"&#8220;Bu il az pomidor \u0259kdik v\u0259 uduzduq&#8230;\u201d","datePublished":"2022-06-05T11:13:07+00:00","dateModified":"2022-06-05T11:13:09+00:00","mainEntityOfPage":{"@id":"https:\/\/www.meydan.tv\/az\/article\/bu-il-az-pomidor-ekdik-ve-uduzduq\/"},"wordCount":1844,"publisher":{"@id":"https:\/\/www.meydan.tv\/az\/#organization"},"image":{"@id":"https:\/\/www.meydan.tv\/az\/article\/bu-il-az-pomidor-ekdik-ve-uduzduq\/#primaryimage"},"thumbnailUrl":"https:\/\/www.meydan.tv\/wp-content\/uploads\/617798f0-06a8-4375-8feb-831787d5f9dd.jpg","articleSection":["B\u00f6lg\u0259","T\u00f6vsiy\u0259","X\u0259b\u0259rl\u0259r"],"inLanguage":"az"},{"@type":"WebPage","@id":"https:\/\/www.meydan.tv\/az\/article\/bu-il-az-pomidor-ekdik-ve-uduzduq\/","url":"https:\/\/www.meydan.tv\/az\/article\/bu-il-az-pomidor-ekdik-ve-uduzduq\/","name":"\"Bu il az pomidor \u0259kdik v\u0259 uduzduq...\u201d - MEYDAN.TV","isPartOf":{"@id":"https:\/\/www.meydan.tv\/az\/#website"},"primaryImageOfPage":{"@id":"https:\/\/www.meydan.tv\/az\/article\/bu-il-az-pomidor-ekdik-ve-uduzduq\/#primaryimage"},"image":{"@id":"https:\/\/www.meydan.tv\/az\/article\/bu-il-az-pomidor-ekdik-ve-uduzduq\/#primaryimage"},"thumbnailUrl":"https:\/\/www.meydan.tv\/wp-content\/uploads\/617798f0-06a8-4375-8feb-831787d5f9dd.jpg","datePublished":"2022-06-05T11:13:07+00:00","dateModified":"2022-06-05T11:13:09+00:00","breadcrumb":{"@id":"https:\/\/www.meydan.tv\/az\/article\/bu-il-az-pomidor-ekdik-ve-uduzduq\/#breadcrumb"},"inLanguage":"az","potentialAction":[{"@type":"ReadAction","target":["https:\/\/www.meydan.tv\/az\/article\/bu-il-az-pomidor-ekdik-ve-uduzduq\/"]}]},{"@type":"ImageObject","inLanguage":"az","@id":"https:\/\/www.meydan.tv\/az\/article\/bu-il-az-pomidor-ekdik-ve-uduzduq\/#primaryimage","url":"https:\/\/www.meydan.tv\/wp-content\/uploads\/617798f0-06a8-4375-8feb-831787d5f9dd.jpg","contentUrl":"https:\/\/www.meydan.tv\/wp-content\/uploads\/617798f0-06a8-4375-8feb-831787d5f9dd.jpg","width":1280,"height":720,"caption":"Pomidor bostan\u0131. Foto: Meydan TV"},{"@type":"BreadcrumbList","@id":"https:\/\/www.meydan.tv\/az\/article\/bu-il-az-pomidor-ekdik-ve-uduzduq\/#breadcrumb","itemListElement":[{"@type":"ListItem","position":1,"name":"Ana s\u0259hif\u0259","item":"https:\/\/www.meydan.tv\/az\/"},{"@type":"ListItem","position":2,"name":"B\u00f6lg\u0259","item":"https:\/\/www.meydan.tv\/az\/section\/bolge\/"},{"@type":"ListItem","position":3,"name":"&#8220;Bu il az pomidor \u0259kdik v\u0259 uduzduq&#8230;\u201d"}]},{"@type":"WebSite","@id":"https:\/\/www.meydan.tv\/az\/#website","url":"https:\/\/www.meydan.tv\/az\/","name":"MEYDAN.TV","description":"Meydan TV Az\u0259rbaycan\u0131n media m\u0259kan\u0131ndak\u0131 alternativ s\u0259sidir","publisher":{"@id":"https:\/\/www.meydan.tv\/az\/#organization"},"potentialAction":[{"@type":"SearchAction","target":{"@type":"EntryPoint","urlTemplate":"https:\/\/www.meydan.tv\/az\/?s={search_term_string}"},"query-input":{"@type":"PropertyValueSpecification","valueRequired":true,"valueName":"search_term_string"}}],"inLanguage":"az"},{"@type":"Organization","@id":"https:\/\/www.meydan.tv\/az\/#organization","name":"Meydan TV","url":"https:\/\/www.meydan.tv\/az\/","logo":{"@type":"ImageObject","inLanguage":"az","@id":"https:\/\/www.meydan.tv\/az\/#\/schema\/logo\/image\/","url":"https:\/\/www.meydan.tv\/wp-content\/uploads\/2021\/07\/meydan-logo.svg","contentUrl":"https:\/\/www.meydan.tv\/wp-content\/uploads\/2021\/07\/meydan-logo.svg","width":195,"height":46,"caption":"Meydan TV"},"image":{"@id":"https:\/\/www.meydan.tv\/az\/#\/schema\/logo\/image\/"}},{"@type":"Person","@id":"https:\/\/www.meydan.tv\/az\/#\/schema\/person\/9cdbecf90d17180ce1dfbd95b08dcf47","name":"elli","sameAs":["https:\/\/x.com\/elli"]}]}},"_links":{"self":[{"href":"https:\/\/www.meydan.tv\/az\/wp-json\/wp\/v2\/posts\/247434","targetHints":{"allow":["GET"]}}],"collection":[{"href":"https:\/\/www.meydan.tv\/az\/wp-json\/wp\/v2\/posts"}],"about":[{"href":"https:\/\/www.meydan.tv\/az\/wp-json\/wp\/v2\/types\/post"}],"author":[{"embeddable":true,"href":"https:\/\/www.meydan.tv\/az\/wp-json\/wp\/v2\/users\/8"}],"replies":[{"embeddable":true,"href":"https:\/\/www.meydan.tv\/az\/wp-json\/wp\/v2\/comments?post=247434"}],"version-history":[{"count":1,"href":"https:\/\/www.meydan.tv\/az\/wp-json\/wp\/v2\/posts\/247434\/revisions"}],"predecessor-version":[{"id":247435,"href":"https:\/\/www.meydan.tv\/az\/wp-json\/wp\/v2\/posts\/247434\/revisions\/247435"}],"wp:featuredmedia":[{"embeddable":true,"href":"https:\/\/www.meydan.tv\/az\/wp-json\/wp\/v2\/media\/247410"}],"wp:attachment":[{"href":"https:\/\/www.meydan.tv\/az\/wp-json\/wp\/v2\/media?parent=247434"}],"wp:term":[{"taxonomy":"category","embeddable":true,"href":"https:\/\/www.meydan.tv\/az\/wp-json\/wp\/v2\/categories?post=247434"},{"taxonomy":"post_tag","embeddable":true,"href":"https:\/\/www.meydan.tv\/az\/wp-json\/wp\/v2\/tags?post=247434"}],"curies":[{"name":"wp","href":"https:\/\/api.w.org\/{rel}","templated":true}]}}