{"id":247319,"date":"2022-06-03T12:48:01","date_gmt":"2022-06-03T08:48:01","guid":{"rendered":"https:\/\/www.meydan.tv\/?p=247319"},"modified":"2022-06-03T12:48:07","modified_gmt":"2022-06-03T08:48:07","slug":"smitin-heyat-yoldasi-ilk-defe-oskardaki-qalmaqaldan-danisdi","status":"publish","type":"post","link":"https:\/\/www.meydan.tv\/az\/article\/smitin-heyat-yoldasi-ilk-defe-oskardaki-qalmaqaldan-danisdi\/","title":{"rendered":"Smitin h\u0259yat yolda\u015f\u0131 ilk d\u0259f\u0259 \u201cOskar\u201ddak\u0131 qalmaqaldan dan\u0131\u015fd\u0131"},"content":{"rendered":"\n<p><\/p>\n\n\n\n<p><em>&#8220;\u0130nan\u0131ram ki, Smit Kriss Rokla bar\u0131\u015facaq&#8221;<\/em><\/p>\n\n\n\n<p>Aktrisa Cada Pinkett-Smit ilk d\u0259f\u0259 \u0259ri, aktyor Uill Smitin \u201cOskar\u201ddak\u0131 qalmaqal\u0131na m\u00fcnasib\u0259t bildirib.<\/p>\n\n\n\n<p>O, Kriss Rokla Smitin tezlikl\u0259 bar\u0131\u015faca\u011f\u0131na \u00fcmid etdiyini <a href=\"https:\/\/people.com\/movies\/jada-pinkett-smith-talks-oscars-slap-will-smith-chris-rock-reconciliation-red-table-talk\/\" target=\"_blank\" rel=\"noreferrer noopener\">deyib<\/a>.<\/p>\n\n\n\n<p>\u201c\u0130nan\u0131ram ki, iki a\u011f\u0131ll\u0131, bacar\u0131ql\u0131 ki\u015fi bu m\u00fcnaqi\u015f\u0259ni m\u00fczakir\u0259 edib, bar\u0131\u015facaqlar. Haz\u0131rda d\u00fcnyadak\u0131 v\u0259ziyy\u0259tl\u0259 ba\u011fl\u0131 insanlar\u0131n bir-birinin d\u0259st\u0259yin\u0259 v\u0259 h\u0259mr\u0259y olma\u011f\u0131na ehtiyac var\u201d, &#8211; aktrisa bildirib.<\/p>\n\n\n\n<p>Bu il mart\u0131n sonunda Los-Ancelesd\u0259 94-c\u00fc \u201cOskar\u201d kino m\u00fckafat\u0131n\u0131n t\u0259qdimat m\u0259rasimind\u0259 qalmaqal <a href=\"https:\/\/d9mc3ts4czbpr.cloudfront.net\/az\/article\/oskarin-teqdimatinda-dava\/\" target=\"_blank\" rel=\"noreferrer noopener\">olub<\/a>.<\/p>\n\n\n\n<p>T\u0259dbirin apar\u0131c\u0131s\u0131, komediya aktyoru Kris Rok s\u0259hn\u0259d\u0259 Uill Smitin h\u0259yat yolda\u015f\u0131 Cada Pinkett-Smiti ke\u00e7\u0259l oldu\u011fu \u00fc\u00e7\u00fcn \u201c\u018fsg\u0259r Ceyn\u201d filmind\u0259ki eyniadl\u0131 obrazla m\u00fcqayis\u0259 edib.<\/p>\n\n\n\n<p>Zarafata d\u00f6zm\u0259y\u0259n Smit s\u0259hn\u0259y\u0259 qalxaraq, Kris Rokun \u00fcz\u00fcn\u0259 yumruq z\u0259rb\u0259si endirib, h\u0259yat yolda\u015f\u0131n\u0131n ad\u0131n\u0131 \u00e7\u0259km\u0259m\u0259yi t\u0259l\u0259b edib.<\/p>\n\n\n\n<p>Uill Smitin h\u0259yat yolda\u015f\u0131 autoimmun x\u0259st\u0259likd\u0259n \u0259ziyy\u0259t \u00e7\u0259kir. Cada d\u0259f\u0259l\u0259rl\u0259 m\u00fcsahib\u0259sind\u0259 sa\u00e7lar\u0131n\u0131n t\u00f6k\u00fcld\u00fcy\u00fcn\u00fc deyib.<\/p>\n\n\n\n<p>Hadis\u0259d\u0259n sonra Kris Rok polis\u0259 \u015fikay\u0259t verm\u0259kd\u0259n imtina edib.<\/p>\n\n\n\n<p>Bir g\u00fcn sonra Smit Kris Rokdan \u00fczr <a href=\"https:\/\/d9mc3ts4czbpr.cloudfront.net\/az\/article\/smit-kris-rokdan-uzr-istedi\/\" target=\"_blank\" rel=\"noreferrer noopener\">ist\u0259yib<\/a>.<\/p>\n\n\n\n<p>H\u0259m\u00e7inin \u00f6z ist\u0259yi il\u0259 Amerika Kino S\u0259n\u0259ti Akademiyas\u0131ndan istefa verib.<\/p>\n\n\n\n<p>\u00dczr ist\u0259m\u0259sin\u0259 baxmayaraq, bir \u00e7ox \u015firk\u0259t Uill Smitl\u0259 i\u015fl\u0259m\u0259kd\u0259n imtina <a href=\"https:\/\/d9mc3ts4czbpr.cloudfront.net\/az\/article\/oskardaki-qalmaqala-gore-sirketler-smitle-islemekden-imtina-edib\/\" target=\"_blank\" rel=\"noreferrer noopener\">edib<\/a>.<\/p>\n","protected":false},"excerpt":{"rendered":"<p>&#8220;\u0130nan\u0131ram ki, Smit Kriss Rokla bar\u0131\u015facaq&#8221; Aktrisa Cada Pinkett-Smit ilk &#8230; <\/p>\n<p class=\"read-more-container\"><a title=\"Smitin h\u0259yat yolda\u015f\u0131 ilk d\u0259f\u0259 \u201cOskar\u201ddak\u0131 qalmaqaldan dan\u0131\u015fd\u0131\" class=\"read-more button\" href=\"https:\/\/www.meydan.tv\/az\/article\/smitin-heyat-yoldasi-ilk-defe-oskardaki-qalmaqaldan-danisdi\/#more-247319\" aria-label=\"Read more about Smitin h\u0259yat yolda\u015f\u0131 ilk d\u0259f\u0259 \u201cOskar\u201ddak\u0131 qalmaqaldan dan\u0131\u015fd\u0131\">Davam\u0131<\/a><\/p>\n","protected":false},"author":8,"featured_media":247312,"comment_status":"closed","ping_status":"closed","sticky":false,"template":"","format":"standard","meta":{"_acf_changed":false,"_sitemap_exclude":false,"_sitemap_priority":"","_sitemap_frequency":"","footnotes":""},"categories":[52,56],"tags":[],"class_list":["post-247319","post","type-post","status-publish","format-standard","has-post-thumbnail","hentry","category-medeniyyet","category-xeberler","infinite-scroll-item","generate-columns","tablet-grid-50","mobile-grid-100","grid-parent","grid-33","no-featured-image-padding"],"acf":[],"yoast_head":"<!-- This site is optimized with the Yoast SEO plugin v27.5 - https:\/\/yoast.com\/product\/yoast-seo-wordpress\/ -->\n<title>Smitin h\u0259yat yolda\u015f\u0131 ilk d\u0259f\u0259 \u201cOskar\u201ddak\u0131 qalmaqaldan dan\u0131\u015fd\u0131 - MEYDAN.TV<\/title>\n<meta name=\"robots\" content=\"index, follow, max-snippet:-1, max-image-preview:large, max-video-preview:-1\" \/>\n<link rel=\"canonical\" href=\"https:\/\/www.meydan.tv\/az\/article\/smitin-heyat-yoldasi-ilk-defe-oskardaki-qalmaqaldan-danisdi\/\" \/>\n<meta property=\"og:locale\" content=\"az_AZ\" \/>\n<meta property=\"og:type\" content=\"article\" \/>\n<meta property=\"og:title\" content=\"Smitin h\u0259yat yolda\u015f\u0131 ilk d\u0259f\u0259 \u201cOskar\u201ddak\u0131 qalmaqaldan dan\u0131\u015fd\u0131 - MEYDAN.TV\" \/>\n<meta property=\"og:description\" content=\"&#8220;\u0130nan\u0131ram ki, Smit Kriss Rokla bar\u0131\u015facaq&#8221; Aktrisa Cada Pinkett-Smit ilk ... Davam\u0131\" \/>\n<meta property=\"og:url\" content=\"https:\/\/www.meydan.tv\/az\/article\/smitin-heyat-yoldasi-ilk-defe-oskardaki-qalmaqaldan-danisdi\/\" \/>\n<meta property=\"og:site_name\" content=\"MEYDAN.TV\" \/>\n<meta property=\"article:published_time\" content=\"2022-06-03T08:48:01+00:00\" \/>\n<meta property=\"article:modified_time\" content=\"2022-06-03T08:48:07+00:00\" \/>\n<meta property=\"og:image\" content=\"https:\/\/www.meydan.tv\/wp-content\/uploads\/oscar-e1654245295726.jpg\" \/>\n\t<meta property=\"og:image:width\" content=\"1200\" \/>\n\t<meta property=\"og:image:height\" content=\"576\" \/>\n\t<meta property=\"og:image:type\" content=\"image\/jpeg\" \/>\n<meta name=\"author\" content=\"elli\" \/>\n<meta name=\"twitter:card\" content=\"summary_large_image\" \/>\n<meta name=\"twitter:creator\" content=\"@elli\" \/>\n<script type=\"application\/ld+json\" class=\"yoast-schema-graph\">{\"@context\":\"https:\\\/\\\/schema.org\",\"@graph\":[{\"@type\":\"Article\",\"@id\":\"https:\\\/\\\/www.meydan.tv\\\/az\\\/article\\\/smitin-heyat-yoldasi-ilk-defe-oskardaki-qalmaqaldan-danisdi\\\/#article\",\"isPartOf\":{\"@id\":\"https:\\\/\\\/www.meydan.tv\\\/az\\\/article\\\/smitin-heyat-yoldasi-ilk-defe-oskardaki-qalmaqaldan-danisdi\\\/\"},\"author\":{\"name\":\"elli\",\"@id\":\"https:\\\/\\\/www.meydan.tv\\\/az\\\/#\\\/schema\\\/person\\\/9cdbecf90d17180ce1dfbd95b08dcf47\"},\"headline\":\"Smitin h\u0259yat yolda\u015f\u0131 ilk d\u0259f\u0259 \u201cOskar\u201ddak\u0131 qalmaqaldan dan\u0131\u015fd\u0131\",\"datePublished\":\"2022-06-03T08:48:01+00:00\",\"dateModified\":\"2022-06-03T08:48:07+00:00\",\"mainEntityOfPage\":{\"@id\":\"https:\\\/\\\/www.meydan.tv\\\/az\\\/article\\\/smitin-heyat-yoldasi-ilk-defe-oskardaki-qalmaqaldan-danisdi\\\/\"},\"wordCount\":269,\"publisher\":{\"@id\":\"https:\\\/\\\/www.meydan.tv\\\/az\\\/#organization\"},\"image\":{\"@id\":\"https:\\\/\\\/www.meydan.tv\\\/az\\\/article\\\/smitin-heyat-yoldasi-ilk-defe-oskardaki-qalmaqaldan-danisdi\\\/#primaryimage\"},\"thumbnailUrl\":\"https:\\\/\\\/www.meydan.tv\\\/wp-content\\\/uploads\\\/oscar-e1654245295726.jpg\",\"articleSection\":[\"M\u0259d\u0259niyy\u0259t\",\"X\u0259b\u0259rl\u0259r\"],\"inLanguage\":\"az\"},{\"@type\":\"WebPage\",\"@id\":\"https:\\\/\\\/www.meydan.tv\\\/az\\\/article\\\/smitin-heyat-yoldasi-ilk-defe-oskardaki-qalmaqaldan-danisdi\\\/\",\"url\":\"https:\\\/\\\/www.meydan.tv\\\/az\\\/article\\\/smitin-heyat-yoldasi-ilk-defe-oskardaki-qalmaqaldan-danisdi\\\/\",\"name\":\"Smitin h\u0259yat yolda\u015f\u0131 ilk d\u0259f\u0259 \u201cOskar\u201ddak\u0131 qalmaqaldan dan\u0131\u015fd\u0131 - MEYDAN.TV\",\"isPartOf\":{\"@id\":\"https:\\\/\\\/www.meydan.tv\\\/az\\\/#website\"},\"primaryImageOfPage\":{\"@id\":\"https:\\\/\\\/www.meydan.tv\\\/az\\\/article\\\/smitin-heyat-yoldasi-ilk-defe-oskardaki-qalmaqaldan-danisdi\\\/#primaryimage\"},\"image\":{\"@id\":\"https:\\\/\\\/www.meydan.tv\\\/az\\\/article\\\/smitin-heyat-yoldasi-ilk-defe-oskardaki-qalmaqaldan-danisdi\\\/#primaryimage\"},\"thumbnailUrl\":\"https:\\\/\\\/www.meydan.tv\\\/wp-content\\\/uploads\\\/oscar-e1654245295726.jpg\",\"datePublished\":\"2022-06-03T08:48:01+00:00\",\"dateModified\":\"2022-06-03T08:48:07+00:00\",\"breadcrumb\":{\"@id\":\"https:\\\/\\\/www.meydan.tv\\\/az\\\/article\\\/smitin-heyat-yoldasi-ilk-defe-oskardaki-qalmaqaldan-danisdi\\\/#breadcrumb\"},\"inLanguage\":\"az\",\"potentialAction\":[{\"@type\":\"ReadAction\",\"target\":[\"https:\\\/\\\/www.meydan.tv\\\/az\\\/article\\\/smitin-heyat-yoldasi-ilk-defe-oskardaki-qalmaqaldan-danisdi\\\/\"]}]},{\"@type\":\"ImageObject\",\"inLanguage\":\"az\",\"@id\":\"https:\\\/\\\/www.meydan.tv\\\/az\\\/article\\\/smitin-heyat-yoldasi-ilk-defe-oskardaki-qalmaqaldan-danisdi\\\/#primaryimage\",\"url\":\"https:\\\/\\\/www.meydan.tv\\\/wp-content\\\/uploads\\\/oscar-e1654245295726.jpg\",\"contentUrl\":\"https:\\\/\\\/www.meydan.tv\\\/wp-content\\\/uploads\\\/oscar-e1654245295726.jpg\",\"width\":1200,\"height\":576,\"caption\":\"M\u0259nb\u0259: People\"},{\"@type\":\"BreadcrumbList\",\"@id\":\"https:\\\/\\\/www.meydan.tv\\\/az\\\/article\\\/smitin-heyat-yoldasi-ilk-defe-oskardaki-qalmaqaldan-danisdi\\\/#breadcrumb\",\"itemListElement\":[{\"@type\":\"ListItem\",\"position\":1,\"name\":\"Ana s\u0259hif\u0259\",\"item\":\"https:\\\/\\\/www.meydan.tv\\\/az\\\/\"},{\"@type\":\"ListItem\",\"position\":2,\"name\":\"M\u0259d\u0259niyy\u0259t\",\"item\":\"https:\\\/\\\/www.meydan.tv\\\/az\\\/section\\\/medeniyyet\\\/\"},{\"@type\":\"ListItem\",\"position\":3,\"name\":\"Smitin h\u0259yat yolda\u015f\u0131 ilk d\u0259f\u0259 \u201cOskar\u201ddak\u0131 qalmaqaldan dan\u0131\u015fd\u0131\"}]},{\"@type\":\"WebSite\",\"@id\":\"https:\\\/\\\/www.meydan.tv\\\/az\\\/#website\",\"url\":\"https:\\\/\\\/www.meydan.tv\\\/az\\\/\",\"name\":\"MEYDAN.TV\",\"description\":\"Meydan TV Az\u0259rbaycan\u0131n media m\u0259kan\u0131ndak\u0131 alternativ s\u0259sidir\",\"publisher\":{\"@id\":\"https:\\\/\\\/www.meydan.tv\\\/az\\\/#organization\"},\"potentialAction\":[{\"@type\":\"SearchAction\",\"target\":{\"@type\":\"EntryPoint\",\"urlTemplate\":\"https:\\\/\\\/www.meydan.tv\\\/az\\\/?s={search_term_string}\"},\"query-input\":{\"@type\":\"PropertyValueSpecification\",\"valueRequired\":true,\"valueName\":\"search_term_string\"}}],\"inLanguage\":\"az\"},{\"@type\":\"Organization\",\"@id\":\"https:\\\/\\\/www.meydan.tv\\\/az\\\/#organization\",\"name\":\"Meydan TV\",\"url\":\"https:\\\/\\\/www.meydan.tv\\\/az\\\/\",\"logo\":{\"@type\":\"ImageObject\",\"inLanguage\":\"az\",\"@id\":\"https:\\\/\\\/www.meydan.tv\\\/az\\\/#\\\/schema\\\/logo\\\/image\\\/\",\"url\":\"https:\\\/\\\/www.meydan.tv\\\/wp-content\\\/uploads\\\/2021\\\/07\\\/meydan-logo.svg\",\"contentUrl\":\"https:\\\/\\\/www.meydan.tv\\\/wp-content\\\/uploads\\\/2021\\\/07\\\/meydan-logo.svg\",\"width\":195,\"height\":46,\"caption\":\"Meydan TV\"},\"image\":{\"@id\":\"https:\\\/\\\/www.meydan.tv\\\/az\\\/#\\\/schema\\\/logo\\\/image\\\/\"}},{\"@type\":\"Person\",\"@id\":\"https:\\\/\\\/www.meydan.tv\\\/az\\\/#\\\/schema\\\/person\\\/9cdbecf90d17180ce1dfbd95b08dcf47\",\"name\":\"elli\",\"sameAs\":[\"https:\\\/\\\/x.com\\\/elli\"]}]}<\/script>\n<!-- \/ Yoast SEO plugin. -->","yoast_head_json":{"title":"Smitin h\u0259yat yolda\u015f\u0131 ilk d\u0259f\u0259 \u201cOskar\u201ddak\u0131 qalmaqaldan dan\u0131\u015fd\u0131 - MEYDAN.TV","robots":{"index":"index","follow":"follow","max-snippet":"max-snippet:-1","max-image-preview":"max-image-preview:large","max-video-preview":"max-video-preview:-1"},"canonical":"https:\/\/www.meydan.tv\/az\/article\/smitin-heyat-yoldasi-ilk-defe-oskardaki-qalmaqaldan-danisdi\/","og_locale":"az_AZ","og_type":"article","og_title":"Smitin h\u0259yat yolda\u015f\u0131 ilk d\u0259f\u0259 \u201cOskar\u201ddak\u0131 qalmaqaldan dan\u0131\u015fd\u0131 - MEYDAN.TV","og_description":"&#8220;\u0130nan\u0131ram ki, Smit Kriss Rokla bar\u0131\u015facaq&#8221; Aktrisa Cada Pinkett-Smit ilk ... Davam\u0131","og_url":"https:\/\/www.meydan.tv\/az\/article\/smitin-heyat-yoldasi-ilk-defe-oskardaki-qalmaqaldan-danisdi\/","og_site_name":"MEYDAN.TV","article_published_time":"2022-06-03T08:48:01+00:00","article_modified_time":"2022-06-03T08:48:07+00:00","og_image":[{"width":1200,"height":576,"url":"https:\/\/www.meydan.tv\/wp-content\/uploads\/oscar-e1654245295726.jpg","type":"image\/jpeg"}],"author":"elli","twitter_card":"summary_large_image","twitter_creator":"@elli","schema":{"@context":"https:\/\/schema.org","@graph":[{"@type":"Article","@id":"https:\/\/www.meydan.tv\/az\/article\/smitin-heyat-yoldasi-ilk-defe-oskardaki-qalmaqaldan-danisdi\/#article","isPartOf":{"@id":"https:\/\/www.meydan.tv\/az\/article\/smitin-heyat-yoldasi-ilk-defe-oskardaki-qalmaqaldan-danisdi\/"},"author":{"name":"elli","@id":"https:\/\/www.meydan.tv\/az\/#\/schema\/person\/9cdbecf90d17180ce1dfbd95b08dcf47"},"headline":"Smitin h\u0259yat yolda\u015f\u0131 ilk d\u0259f\u0259 \u201cOskar\u201ddak\u0131 qalmaqaldan dan\u0131\u015fd\u0131","datePublished":"2022-06-03T08:48:01+00:00","dateModified":"2022-06-03T08:48:07+00:00","mainEntityOfPage":{"@id":"https:\/\/www.meydan.tv\/az\/article\/smitin-heyat-yoldasi-ilk-defe-oskardaki-qalmaqaldan-danisdi\/"},"wordCount":269,"publisher":{"@id":"https:\/\/www.meydan.tv\/az\/#organization"},"image":{"@id":"https:\/\/www.meydan.tv\/az\/article\/smitin-heyat-yoldasi-ilk-defe-oskardaki-qalmaqaldan-danisdi\/#primaryimage"},"thumbnailUrl":"https:\/\/www.meydan.tv\/wp-content\/uploads\/oscar-e1654245295726.jpg","articleSection":["M\u0259d\u0259niyy\u0259t","X\u0259b\u0259rl\u0259r"],"inLanguage":"az"},{"@type":"WebPage","@id":"https:\/\/www.meydan.tv\/az\/article\/smitin-heyat-yoldasi-ilk-defe-oskardaki-qalmaqaldan-danisdi\/","url":"https:\/\/www.meydan.tv\/az\/article\/smitin-heyat-yoldasi-ilk-defe-oskardaki-qalmaqaldan-danisdi\/","name":"Smitin h\u0259yat yolda\u015f\u0131 ilk d\u0259f\u0259 \u201cOskar\u201ddak\u0131 qalmaqaldan dan\u0131\u015fd\u0131 - MEYDAN.TV","isPartOf":{"@id":"https:\/\/www.meydan.tv\/az\/#website"},"primaryImageOfPage":{"@id":"https:\/\/www.meydan.tv\/az\/article\/smitin-heyat-yoldasi-ilk-defe-oskardaki-qalmaqaldan-danisdi\/#primaryimage"},"image":{"@id":"https:\/\/www.meydan.tv\/az\/article\/smitin-heyat-yoldasi-ilk-defe-oskardaki-qalmaqaldan-danisdi\/#primaryimage"},"thumbnailUrl":"https:\/\/www.meydan.tv\/wp-content\/uploads\/oscar-e1654245295726.jpg","datePublished":"2022-06-03T08:48:01+00:00","dateModified":"2022-06-03T08:48:07+00:00","breadcrumb":{"@id":"https:\/\/www.meydan.tv\/az\/article\/smitin-heyat-yoldasi-ilk-defe-oskardaki-qalmaqaldan-danisdi\/#breadcrumb"},"inLanguage":"az","potentialAction":[{"@type":"ReadAction","target":["https:\/\/www.meydan.tv\/az\/article\/smitin-heyat-yoldasi-ilk-defe-oskardaki-qalmaqaldan-danisdi\/"]}]},{"@type":"ImageObject","inLanguage":"az","@id":"https:\/\/www.meydan.tv\/az\/article\/smitin-heyat-yoldasi-ilk-defe-oskardaki-qalmaqaldan-danisdi\/#primaryimage","url":"https:\/\/www.meydan.tv\/wp-content\/uploads\/oscar-e1654245295726.jpg","contentUrl":"https:\/\/www.meydan.tv\/wp-content\/uploads\/oscar-e1654245295726.jpg","width":1200,"height":576,"caption":"M\u0259nb\u0259: People"},{"@type":"BreadcrumbList","@id":"https:\/\/www.meydan.tv\/az\/article\/smitin-heyat-yoldasi-ilk-defe-oskardaki-qalmaqaldan-danisdi\/#breadcrumb","itemListElement":[{"@type":"ListItem","position":1,"name":"Ana s\u0259hif\u0259","item":"https:\/\/www.meydan.tv\/az\/"},{"@type":"ListItem","position":2,"name":"M\u0259d\u0259niyy\u0259t","item":"https:\/\/www.meydan.tv\/az\/section\/medeniyyet\/"},{"@type":"ListItem","position":3,"name":"Smitin h\u0259yat yolda\u015f\u0131 ilk d\u0259f\u0259 \u201cOskar\u201ddak\u0131 qalmaqaldan dan\u0131\u015fd\u0131"}]},{"@type":"WebSite","@id":"https:\/\/www.meydan.tv\/az\/#website","url":"https:\/\/www.meydan.tv\/az\/","name":"MEYDAN.TV","description":"Meydan TV Az\u0259rbaycan\u0131n media m\u0259kan\u0131ndak\u0131 alternativ s\u0259sidir","publisher":{"@id":"https:\/\/www.meydan.tv\/az\/#organization"},"potentialAction":[{"@type":"SearchAction","target":{"@type":"EntryPoint","urlTemplate":"https:\/\/www.meydan.tv\/az\/?s={search_term_string}"},"query-input":{"@type":"PropertyValueSpecification","valueRequired":true,"valueName":"search_term_string"}}],"inLanguage":"az"},{"@type":"Organization","@id":"https:\/\/www.meydan.tv\/az\/#organization","name":"Meydan TV","url":"https:\/\/www.meydan.tv\/az\/","logo":{"@type":"ImageObject","inLanguage":"az","@id":"https:\/\/www.meydan.tv\/az\/#\/schema\/logo\/image\/","url":"https:\/\/www.meydan.tv\/wp-content\/uploads\/2021\/07\/meydan-logo.svg","contentUrl":"https:\/\/www.meydan.tv\/wp-content\/uploads\/2021\/07\/meydan-logo.svg","width":195,"height":46,"caption":"Meydan TV"},"image":{"@id":"https:\/\/www.meydan.tv\/az\/#\/schema\/logo\/image\/"}},{"@type":"Person","@id":"https:\/\/www.meydan.tv\/az\/#\/schema\/person\/9cdbecf90d17180ce1dfbd95b08dcf47","name":"elli","sameAs":["https:\/\/x.com\/elli"]}]}},"_links":{"self":[{"href":"https:\/\/www.meydan.tv\/az\/wp-json\/wp\/v2\/posts\/247319","targetHints":{"allow":["GET"]}}],"collection":[{"href":"https:\/\/www.meydan.tv\/az\/wp-json\/wp\/v2\/posts"}],"about":[{"href":"https:\/\/www.meydan.tv\/az\/wp-json\/wp\/v2\/types\/post"}],"author":[{"embeddable":true,"href":"https:\/\/www.meydan.tv\/az\/wp-json\/wp\/v2\/users\/8"}],"replies":[{"embeddable":true,"href":"https:\/\/www.meydan.tv\/az\/wp-json\/wp\/v2\/comments?post=247319"}],"version-history":[{"count":2,"href":"https:\/\/www.meydan.tv\/az\/wp-json\/wp\/v2\/posts\/247319\/revisions"}],"predecessor-version":[{"id":247325,"href":"https:\/\/www.meydan.tv\/az\/wp-json\/wp\/v2\/posts\/247319\/revisions\/247325"}],"wp:featuredmedia":[{"embeddable":true,"href":"https:\/\/www.meydan.tv\/az\/wp-json\/wp\/v2\/media\/247312"}],"wp:attachment":[{"href":"https:\/\/www.meydan.tv\/az\/wp-json\/wp\/v2\/media?parent=247319"}],"wp:term":[{"taxonomy":"category","embeddable":true,"href":"https:\/\/www.meydan.tv\/az\/wp-json\/wp\/v2\/categories?post=247319"},{"taxonomy":"post_tag","embeddable":true,"href":"https:\/\/www.meydan.tv\/az\/wp-json\/wp\/v2\/tags?post=247319"}],"curies":[{"name":"wp","href":"https:\/\/api.w.org\/{rel}","templated":true}]}}