{"id":247250,"date":"2022-06-02T17:57:40","date_gmt":"2022-06-02T13:57:40","guid":{"rendered":"https:\/\/www.meydan.tv\/?p=247250"},"modified":"2022-06-03T12:43:28","modified_gmt":"2022-06-03T08:43:28","slug":"muharibe-istirakcilarinin-aksiyasi-azerbaycan-hara-isvecre-hara","status":"publish","type":"post","link":"https:\/\/www.meydan.tv\/az\/article\/muharibe-istirakcilarinin-aksiyasi-azerbaycan-hara-isvecre-hara\/","title":{"rendered":"M\u00fcharib\u0259 i\u015ftirak\u00e7\u0131lar\u0131n\u0131n aksiyas\u0131: &#8220;Az\u0259rbaycan hara, \u0130sve\u00e7r\u0259 hara?&#8221;"},"content":{"rendered":"\n<p><\/p>\n\n\n\n<p><em>&#8220;Ax\u0131 Az\u0259rbaycan reall\u011f\u0131n\u0131n \u00f6z t\u0259l\u0259bl\u0259ri var&#8221;<\/em><\/p>\n\n\n\n<p>\u0130yunun 2-d\u0259 s\u0259h\u0259r bir qrup II Qaraba\u011f m\u00fcharib\u0259si i\u015ftirak\u00e7\u0131s\u0131 \u018fm\u0259k v\u0259 \u018fhalinin Sosial M\u00fcdafi\u0259si Nazirliyinin qar\u015f\u0131s\u0131nda etiraz aksiyas\u0131 ke\u00e7iribl\u0259r.<\/p>\n\n\n\n<p>Onlar nazir Sahil Babayevl\u0259 g\u00f6r\u00fc\u015f t\u0259l\u0259b ets\u0259l\u0259r d\u0259, nazirliyin m\u00fchafiz\u0259\u00e7il\u0259ri qap\u0131n\u0131 a\u00e7may\u0131blar.<\/p>\n\n\n\n<p>Bundan \u0259s\u0259bl\u0259\u015f\u0259n m\u00fcharib\u0259 veteranlar\u0131 qap\u0131n\u0131 s\u0131nd\u0131raraq i\u00e7\u0259ri daxil olublar.<\/p>\n\n\n\n<p>Sosial \u015f\u0259b\u0259k\u0259l\u0259rd\u0259 yay\u0131lan g\u00f6r\u00fcnt\u00fcl\u0259rd\u0259n m\u0259lum olub ki, m\u00fcharib\u0259 veteranlar\u0131 \u0259lillik t\u0259yinat\u0131n\u0131n olmamas\u0131, \u0259ks\u0259r hallarda imtina cavab\u0131 almalar\u0131, \u0259yani m\u00fcayin\u0259nin apar\u0131lmamas\u0131ndan, komissiyaya gec \u00e7a\u011f\u0131r\u0131lmalar\u0131ndan \u015fikay\u0259t edibl\u0259r.<\/p>\n\n\n\n<p>M\u00fcharib\u0259 veteranlar\u0131n\u0131 qap\u0131da qar\u015f\u0131layan polisl\u0259r onlara s\u0259brli olma\u011f\u0131 xahi\u015f ets\u0259l\u0259r d\u0259, i\u015ftirak\u00e7\u0131lardan biri bay\u0131l\u0131b.<\/p>\n\n\n\n<p>Nazirlikd\u0259ki yerli i\u015f\u00e7il\u0259rin, polisl\u0259rin v\u0259 aksiya\u00e7\u0131lar\u0131n \u00f6zl\u0259rinin m\u00fcdaxil\u0259sind\u0259n sonra h\u0259rb\u00e7ini ay\u0131ltmaq m\u00fcmk\u00fcn olub.<\/p>\n\n\n\n<figure class=\"wp-block-image size-full\"><img decoding=\"async\" width=\"1200\" height=\"772\" data-src=\"https:\/\/www.meydan.tv\/wp-content\/uploads\/285688822_2233800003444269_6629987547435846399_n.jpg\" alt=\"\" class=\"wp-image-247247 lazyload\" src=\"data:image\/svg+xml;base64,PHN2ZyB3aWR0aD0iMSIgaGVpZ2h0PSIxIiB4bWxucz0iaHR0cDovL3d3dy53My5vcmcvMjAwMC9zdmciPjwvc3ZnPg==\" style=\"--smush-placeholder-width: 1200px; --smush-placeholder-aspect-ratio: 1200\/772;\" \/><figcaption>2 iyun aksiyas\u0131ndan screenshot<\/figcaption><\/figure>\n\n\n\n<p>Aksiya\u00e7\u0131lar\u0131n qar\u015f\u0131s\u0131na \u00e7\u0131xan nazirliyin \u015f\u00f6b\u0259 m\u00fcdiri Fazil Tal\u0131bov deyib ki, Qaraba\u011f qazil\u0259rinin v\u0259 \u015f\u0259hid ail\u0259l\u0259rinin sosial t\u0259minat\u0131 daim diqq\u0259td\u0259 saxlan\u0131l\u0131r: <\/p>\n\n\n\n<p>&#8220;Qazil\u0259r m\u00fct\u0259madi olaraq nazirliyin r\u0259hb\u0259r \u015f\u0259xsl\u0259ri t\u0259r\u0259find\u0259n q\u0259bul edilir. Bu g\u00fcn d\u0259 onlar\u0131n \u0259lillikl\u0259 ba\u011fl\u0131 m\u00fcraci\u0259tl\u0259ri olub&#8221;.<\/p>\n\n\n\n<p>Ancaq F.Tal\u0131bov etiraz ed\u0259nl\u0259rin sa\u011flaml\u0131q v\u0259ziyy\u0259tinin \u0259lilik t\u0259yinat\u0131na \u0259sas verm\u0259diyini bildirib: <\/p>\n\n\n\n<p>&#8220;\u018fg\u0259r sizin sa\u011flaml\u0131q v\u0259ziyy\u0259tiniz \u0259lillik t\u0259yinat\u0131na imkan vermirs\u0259, burada qanundank\u0259nar h\u0259r hans\u0131 add\u0131m atmaq m\u00fcmk\u00fcn deyil. Bununla bel\u0259, h\u0259r bir m\u00fcraci\u0259t qeyd\u0259 al\u0131nacaq, ara\u015fd\u0131r\u0131lacaq v\u0259 m\u0259lumat veril\u0259c\u0259k&#8221;.<\/p>\n\n\n\n<p>Onun s\u00f6zl\u0259rin\u0259 g\u00f6r\u0259, etiraz ed\u0259nl\u0259r \u0259vv\u0259lc\u0259 h\u0259rbi h\u0259kim komissiyas\u0131na m\u00fcraci\u0259t etm\u0259lidirl\u0259r: <\/p>\n\n\n\n<figure class=\"wp-block-image size-full\"><img decoding=\"async\" width=\"1000\" height=\"541\" data-src=\"https:\/\/www.meydan.tv\/wp-content\/uploads\/407378479.jpg\" alt=\"Fazil Tal\u0131bov\" class=\"wp-image-125043 lazyload\" src=\"data:image\/svg+xml;base64,PHN2ZyB3aWR0aD0iMSIgaGVpZ2h0PSIxIiB4bWxucz0iaHR0cDovL3d3dy53My5vcmcvMjAwMC9zdmciPjwvc3ZnPg==\" style=\"--smush-placeholder-width: 1000px; --smush-placeholder-aspect-ratio: 1000\/541;\" \/><figcaption>Foto: Fazil Tal\u0131bovun \u015f\u0259xsi arxivind\u0259n<\/figcaption><\/figure>\n\n\n\n<p>&#8220;Bu komissiya M\u00fcdafi\u0259 Nazirliyinin t\u0259rkibind\u0259 f\u0259aliyy\u0259t g\u00f6st\u0259rir. Bunun m\u00fcharib\u0259 il\u0259 \u0259laq\u0259dar olub-olmad\u0131\u011f\u0131 m\u00fc\u0259yy\u0259n edilir. Daha sonra \u0130cbari Tibbi S\u0131\u011forta D\u00f6vl\u0259t Agentliyi t\u0259r\u0259find\u0259n m\u00fcvafiq \u015f\u0259kild\u0259 \u201cforma 88\u201d s\u0259n\u0259di r\u0259smil\u0259\u015fdirilir. Son olaraq \u018fm\u0259k v\u0259 \u018fhalinin Sosial M\u00fcdafi\u0259si Nazirliyi h\u0259min s\u0259n\u0259dl\u0259r \u0259sas\u0131nda \u0259lilliyin t\u0259yin edilm\u0259si il\u0259 ba\u011fl\u0131 q\u0259rar q\u0259bul edir. N\u0259z\u0259r\u0259 al\u0131n ki, \u0259lilik t\u0259yinat\u0131 b\u00fct\u00fcn x\u0259st\u0259likl\u0259r\u0259 g\u00f6r\u0259 apar\u0131lm\u0131r. Bununla ba\u011fl\u0131 Nazirl\u0259r Kabinetinin d\u0259 q\u0259rar\u0131 var&#8221;.<\/p>\n\n\n\n<p>Ke\u00e7mi\u015f h\u0259rb\u00e7i \u00dczeyir C\u0259f\u0259rov Fazil Tal\u0131bovla raz\u0131la\u015fmad\u0131\u011f\u0131n\u0131 deyir.<\/p>\n\n\n\n<p>O hesab edir ki, \u018fm\u0259k v\u0259 \u018fhalinin Sosial M\u00fcdafi\u0259si Nazirliyinin r\u0259smisi \u00f6zl\u0259rini m\u0259suliyy\u0259td\u0259n qurtarmaq \u00fc\u00e7\u00fcn M\u00fcdafi\u0259 Nazirliyini g\u00fcnahland\u0131r\u0131r: <\/p>\n\n\n\n<p>&#8220;Halbuki M\u00fcdafi\u0259 Nazirliyinin m\u00fcvafiq komissiyas\u0131ndan ke\u00e7\u0259n minl\u0259rl\u0259 h\u0259rb\u00e7i var ki, h\u0259l\u0259 d\u0259 onlara \u0259lillik t\u0259yin olunmay\u0131b. Yax\u015f\u0131, bu insanlar\u0131 s\u00fcr\u00fcnd\u00fcrm\u0259\u00e7ilikd\u0259 m\u0259qs\u0259d n\u0259dir. B\u00fct\u00fcn bunlara g\u00f6r\u0259 Sabil Babayev ba\u015fda olmaqla nazirliyin t\u0259rkibi tamamil\u0259 qovulmal\u0131d\u0131r. \u00c7\u00fcnki bu g\u00fcn v\u0259t\u0259nda\u015flar\u0131 d\u00f6vl\u0259td\u0259n naraz\u0131 salan \u0259n b\u00f6y\u00fck qurum el\u0259 \u018fm\u0259k v\u0259 \u018fhalinin Sosial M\u00fcdafi\u0259si Nazirliyidir&#8221;.<\/p>\n\n\n\n<p>&#8220;\u018fg\u0259r t\u0259cili t\u0259dbirl\u0259r g\u00f6r\u00fclm\u0259s\u0259, daha d\u0259h\u015f\u0259tli hadis\u0259l\u0259r ba\u015f ver\u0259c\u0259k. H\u0259r\u00e7\u0259nd ki, m\u0259n bunun t\u0259r\u0259fdar\u0131 deyil\u0259m, amma r\u0259smil\u0259r ciddi d\u00fc\u015f\u00fcnm\u0259lidirl\u0259r. Siz t\u0259s\u0259vv\u00fcr edin ki, Sahil Babayev \u0259lilliyin t\u0259yin olunmas\u0131 \u00fc\u00e7\u00fcn \u0130sve\u00e7r\u0259 modelini t\u0259tbiq edib. Az\u0259rbaycan hara, \u0130sve\u00e7r\u0259 hara? Ax\u0131 Az\u0259rbaycan reall\u0131\u011f\u0131n\u0131n \u00f6z t\u0259l\u0259bl\u0259ri var&#8221;, &#8211; \u00dczeyir C\u0259f\u0259rov bel\u0259 deyir.<\/p>\n\n\n\n<figure class=\"wp-block-image size-full\"><img decoding=\"async\" width=\"739\" height=\"489\" data-src=\"https:\/\/www.meydan.tv\/wp-content\/uploads\/1574677076_1463806037_jfxigyu.jpg\" alt=\"\u00dczeyr C\u0259f\u0259rov\" class=\"wp-image-213614 lazyload\" src=\"data:image\/svg+xml;base64,PHN2ZyB3aWR0aD0iMSIgaGVpZ2h0PSIxIiB4bWxucz0iaHR0cDovL3d3dy53My5vcmcvMjAwMC9zdmciPjwvc3ZnPg==\" style=\"--smush-placeholder-width: 739px; --smush-placeholder-aspect-ratio: 739\/489;\" \/><figcaption>Foto: \u00dczeyr C\u0259f\u0259rovun \u015f\u0259xsi arxivind\u0259n<\/figcaption><\/figure>\n\n\n\n<p>\u00dc.C\u0259f\u0259rovun s\u00f6zl\u0259rin\u0259 g\u00f6r\u0259, m\u00fcharib\u0259d\u0259 i\u015ftirak ed\u0259n b\u0259zi insanlar medallar al\u0131blar, amma veteran v\u0259siq\u0259sini almay\u0131blar: <\/p>\n\n\n\n<p>&#8220;H\u0259tta b\u0259zi icra ba\u015f\u00e7\u0131lar\u0131n\u0131n yax\u0131nlar\u0131n\u0131n v\u0259 ya icra hakimiyy\u0259tl\u0259rind\u0259 \u00e7al\u0131\u015fanlar\u0131n \u00f6zl\u0259ri \u00fc\u00e7\u00fcn v\u0259siq\u0259 d\u00fcz\u0259ltdikl\u0259ri bar\u0259d\u0259 m\u0259lumatlar\u0131m\u0131z var. Yax\u0131n h\u0259ft\u0259l\u0259rd\u0259 bu adamlar\u0131n kimliyini ictimail\u0259\u015fdir\u0259c\u0259yik&#8221;.<\/p>\n\n\n\n<p>I Qaraba\u011f sava\u015f\u0131 \u0259lili, \u018f\u018fSMN-nin yan\u0131nda \u0130ctimai \u015euran\u0131n \u00fczv\u00fc Rey K\u0259rimo\u011flu is\u0259 f\u0259rqli d\u00fc\u015f\u00fcn\u00fcr.<\/p>\n\n\n\n<p>Onun fikrinc\u0259, m\u00fcharib\u0259d\u0259 i\u015ftirak edib yaralanan h\u0259rb\u00e7il\u0259r M\u00fcdafi\u0259 Nazirliyinin M\u0259rk\u0259zi H\u0259kim Komssiyas\u0131ndan qeydiyyatdan ke\u00e7m\u0259lidirl\u0259r: <\/p>\n\n\n\n<p>&#8220;Komissiyan\u0131n r\u0259hb\u0259ri nazir Zakir H\u0259s\u0259novun bacana\u011f\u0131 Elxan \u0130brahimovdur. Komissiya yaralanan h\u0259rb\u00e7il\u0259r\u0259 yaralanma haqq\u0131nda \u015f\u0259had\u0259tnam\u0259 verir. Ard\u0131nca poliklinikadan \u201cforma 88\u201d s\u0259n\u0259dini al\u0131rlar, sonrak\u0131 i\u015fl\u0259r art\u0131q m\u00fcvafiq nazirliyin m\u0259suliyy\u0259tidir&#8221;.<\/p>\n\n\n\n<p>Rey K\u0259rimo\u011flu \u00dczeyr C\u0259f\u0259rovun dedikl\u0259rini qism\u0259n b\u00f6l\u00fc\u015f\u00fcr: <\/p>\n\n\n\n<p>&#8220;M\u0259s\u0259l\u0259 ondad\u0131r ki, 2015-ci ildl\u0259 Milli M\u0259clisd\u0259 &#8220;\u018flillik v\u0259 yaral\u0131n\u0131n m\u00fc\u0259yy\u0259nl\u0259\u015fdirilm\u0259si haqq\u0131nda&#8221; Qanuna ictimai m\u00fczakir\u0259 a\u00e7madan d\u00fcz\u0259li\u015f olunub. Ard\u0131nca, Nazirl\u0259r Kabineti 413 sayl\u0131 q\u0259rar q\u0259bul edib. Bu q\u0259rara g\u00f6r\u0259 1557 x\u0259st\u0259lik vard\u0131 ki, \u0259lilliy\u0259 s\u0259b\u0259b olurdu, ondan da 1500-\u00fc \u00e7\u0131xar\u0131l\u0131b, qal\u0131b 157 x\u0259st\u0259lik&#8221;.<\/p>\n\n\n\n<figure class=\"wp-block-image size-large\"><img decoding=\"async\" width=\"1006\" height=\"821\" data-src=\"https:\/\/www.meydan.tv\/wp-content\/uploads\/reyjpg-1628244569-1006x821.jpg\" alt=\"\" class=\"wp-image-247251 lazyload\" src=\"data:image\/svg+xml;base64,PHN2ZyB3aWR0aD0iMSIgaGVpZ2h0PSIxIiB4bWxucz0iaHR0cDovL3d3dy53My5vcmcvMjAwMC9zdmciPjwvc3ZnPg==\" style=\"--smush-placeholder-width: 1006px; --smush-placeholder-aspect-ratio: 1006\/821;\" \/><figcaption>Rey K\u0259rimo\u011flu. Foto: &#8220;adalet.az&#8221;<\/figcaption><\/figure>\n\n\n\n<p>&#8220;\u018fslind\u0259, bu problem S\u0259lim M\u00fcsl\u00fcmovun vaxt\u0131nda olub, sonradan deputat Musa Quliyev d\u0259 dedikl\u0259rimi t\u0259sdiql\u0259di. Bildirdi ki, S\u0259lim M\u00fcsl\u00fcmov qanunu qoltu\u011funa vurub g\u0259ldi Milli M\u0259clis\u0259, biz d\u0259 oxumadan t\u0259sdiql\u0259dik. \u018fslind\u0259, indiki probleml\u0259rin k\u00f6k\u00fc M\u00fcdafi\u0259 Nazirliyind\u0259 ba\u015flay\u0131b, Milli M\u0259clisd\u0259 davam edib v\u0259 bel\u0259 b\u0259rbad durum yaran\u0131b. Ona g\u00f6r\u0259 \u00dczeyr C\u0259f\u0259rovun s\u00f6yl\u0259dikl\u0259ri bu m\u0259nada do\u011frudur&#8221;, &#8211; dey\u0259 Rey K\u0259rimo\u011flu vur\u011fulay\u0131b.<\/p>\n\n\n\n<p>O bildirib ki, II Qaraba\u011f M\u00fcharib\u0259sind\u0259 3 min h\u0259rb\u00e7iy\u0259 m\u00fcharib\u0259 \u0259lili statusu verilib: <\/p>\n\n\n\n<p>&#8220;B\u00fct\u00f6vl\u00fckd\u0259 11 min 700 n\u0259f\u0259r y\u00fcng\u00fcl, orta v\u0259 a\u011f\u0131r d\u0259r\u0259c\u0259d\u0259 yaralanan var&#8221;.<\/p>\n\n\n\n<p>\u018fm\u0259k v\u0259 \u0259halinin sosial m\u00fcdafi\u0259si nazirinin m\u00fcavini Anar \u018fliyev bu ilin yanvar\u0131nda bildirmi\u015fdi ki, \u00f6lk\u0259 ba\u015f\u00e7\u0131s\u0131n\u0131n \u00f6t\u0259n ilin sonunda imzalad\u0131\u011f\u0131 s\u0259r\u0259ncama uy\u011fun olaraq II Qaraba\u011f M\u00fcharib\u0259si i\u015ftirak\u00e7\u0131lar\u0131n\u0131n siyah\u0131s\u0131 onlar\u0131n qulluq etdikl\u0259ri qurumlar t\u0259r\u0259find\u0259n m\u00fc\u0259yy\u0259n olunur: <\/p>\n\n\n\n<p>&#8220;Nazirl\u0259r Kabineti il\u0259 raz\u0131la\u015fd\u0131r\u0131landan sonra \u201cZ\u0259f\u0259r\u201d altsistemin\u0259 daxil edilir. Bundan sonra onlara t\u0259yin edil\u0259n veteran t\u0259qa\u00fcd\u00fcn\u00fcn t\u0259yinat\u0131 apar\u0131lacaq. Haz\u0131rda proses davam edir. Yax\u0131n vaxtlarda t\u0259yinatlar\u0131n v\u0259 \u00f6d\u0259ni\u015fl\u0259rin apar\u0131lmas\u0131 t\u0259min edil\u0259c\u0259k&#8221;.<\/p>\n\n\n\n<p>Ard\u0131nca Ba\u015f nazir \u018fli \u018fs\u0259dov \u201cAz\u0259rbaycan Respublikas\u0131n\u0131n \u0259razi b\u00fct\u00f6vl\u00fcy\u00fc u\u011frunda d\u00f6y\u00fc\u015f \u0259m\u0259liyyatlar\u0131nda i\u015ftirak etmi\u015f \u015f\u0259xsl\u0259r\u0259 \u201cM\u00fcharib\u0259 veteran\u0131\u201d ad\u0131n\u0131n verilm\u0259si il\u0259 ba\u011fl\u0131 t\u0259dbirl\u0259r haqq\u0131nda\u201d Prezidentin 2021-ci il 29 dekabr tarixli s\u0259r\u0259ncam\u0131n\u0131n icras\u0131n\u0131n t\u0259min edilm\u0259si bar\u0259d\u0259\u201d s\u0259r\u0259ncam imzalay\u0131b.<\/p>\n\n\n\n<p><strong>Xat\u0131rlatma<\/strong><\/p>\n\n\n\n<p>Erm\u0259nistanla Az\u0259rbaycan aras\u0131nda sonuncu 44 g\u00fcnl\u00fck silahl\u0131 m\u00fcnaqi\u015f\u0259 2020-ci il noyabr\u0131n 10-da q\u00fcvv\u0259y\u0259 minmi\u015f tam at\u0259\u015fk\u0259s haqq\u0131nda raz\u0131la\u015fma il\u0259 ba\u015fa \u00e7at\u0131b.<\/p>\n\n\n\n<p>Da\u011fl\u0131q Qaraba\u011f v\u0259 \u0259traf b\u00f6lg\u0259l\u0259rd\u0259ki m\u00fcnaqi\u015f\u0259nin tarixi is\u0259 1988-ci il\u0259 dayan\u0131r.<\/p>\n\n\n\n<p>90-c\u0131 ill\u0259rd\u0259 Az\u0259rbaycan-Erm\u0259nistan aras\u0131ndak\u0131 ilk m\u00fcharib\u0259 v\u0259 sonrak\u0131 d\u00f6vrl\u0259rd\u0259 Az\u0259rbaycan t\u0259r\u0259f daim Erm\u0259nistan\u0131 m\u0259d\u0259ni abid\u0259l\u0259rin m\u0259hv edilm\u0259sind\u0259 g\u00fcnahland\u0131r\u0131b.<\/p>\n\n\n\n<p>2020-ci ild\u0259 ba\u015f ver\u0259n ikinci m\u00fcharib\u0259d\u0259n sonra is\u0259 Az\u0259rbaycan Erm\u0259nistan\u0131 \u015f\u0259h\u0259rl\u0259ri, k\u0259ndl\u0259ri, q\u0259bristanl\u0131qlar\u0131 yer \u00fcz\u00fcnd\u0259n silm\u0259kd\u0259 ittiham edib.<\/p>\n","protected":false},"excerpt":{"rendered":"<p>&#8220;Ax\u0131 Az\u0259rbaycan reall\u011f\u0131n\u0131n \u00f6z t\u0259l\u0259bl\u0259ri var&#8221; \u0130yunun 2-d\u0259 s\u0259h\u0259r bir &#8230; <\/p>\n<p class=\"read-more-container\"><a title=\"M\u00fcharib\u0259 i\u015ftirak\u00e7\u0131lar\u0131n\u0131n aksiyas\u0131: &#8220;Az\u0259rbaycan hara, \u0130sve\u00e7r\u0259 hara?&#8221;\" class=\"read-more button\" href=\"https:\/\/www.meydan.tv\/az\/article\/muharibe-istirakcilarinin-aksiyasi-azerbaycan-hara-isvecre-hara\/#more-247250\" aria-label=\"Read more about M\u00fcharib\u0259 i\u015ftirak\u00e7\u0131lar\u0131n\u0131n aksiyas\u0131: &#8220;Az\u0259rbaycan hara, \u0130sve\u00e7r\u0259 hara?&#8221;\">Davam\u0131<\/a><\/p>\n","protected":false},"author":8,"featured_media":247242,"comment_status":"closed","ping_status":"closed","sticky":false,"template":"","format":"standard","meta":{"_acf_changed":false,"_sitemap_exclude":false,"_sitemap_priority":"","_sitemap_frequency":"","footnotes":""},"categories":[62,79,56],"tags":[],"class_list":["post-247250","post","type-post","status-publish","format-standard","has-post-thumbnail","hentry","category-sosial","category-featured","category-xeberler","infinite-scroll-item","generate-columns","tablet-grid-50","mobile-grid-100","grid-parent","grid-33","no-featured-image-padding"],"acf":[],"yoast_head":"<!-- This site is optimized with the Yoast SEO plugin v27.4 - https:\/\/yoast.com\/product\/yoast-seo-wordpress\/ -->\n<title>M\u00fcharib\u0259 i\u015ftirak\u00e7\u0131lar\u0131n\u0131n aksiyas\u0131: &quot;Az\u0259rbaycan hara, \u0130sve\u00e7r\u0259 hara?&quot; - MEYDAN.TV<\/title>\n<meta name=\"robots\" content=\"index, follow, max-snippet:-1, max-image-preview:large, max-video-preview:-1\" \/>\n<link rel=\"canonical\" href=\"https:\/\/www.meydan.tv\/az\/article\/muharibe-istirakcilarinin-aksiyasi-azerbaycan-hara-isvecre-hara\/\" \/>\n<meta property=\"og:locale\" content=\"az_AZ\" \/>\n<meta property=\"og:type\" content=\"article\" \/>\n<meta property=\"og:title\" content=\"M\u00fcharib\u0259 i\u015ftirak\u00e7\u0131lar\u0131n\u0131n aksiyas\u0131: &quot;Az\u0259rbaycan hara, \u0130sve\u00e7r\u0259 hara?&quot; - MEYDAN.TV\" \/>\n<meta property=\"og:description\" content=\"&#8220;Ax\u0131 Az\u0259rbaycan reall\u011f\u0131n\u0131n \u00f6z t\u0259l\u0259bl\u0259ri var&#8221; \u0130yunun 2-d\u0259 s\u0259h\u0259r bir ... Davam\u0131\" \/>\n<meta property=\"og:url\" content=\"https:\/\/www.meydan.tv\/az\/article\/muharibe-istirakcilarinin-aksiyasi-azerbaycan-hara-isvecre-hara\/\" \/>\n<meta property=\"og:site_name\" content=\"MEYDAN.TV\" \/>\n<meta property=\"article:published_time\" content=\"2022-06-02T13:57:40+00:00\" \/>\n<meta property=\"article:modified_time\" content=\"2022-06-03T08:43:28+00:00\" \/>\n<meta property=\"og:image\" content=\"https:\/\/www.meydan.tv\/wp-content\/uploads\/screenshot_at_jun_02_14-00-12-e1654175109916.png\" \/>\n\t<meta property=\"og:image:width\" content=\"1460\" \/>\n\t<meta property=\"og:image:height\" content=\"532\" \/>\n\t<meta property=\"og:image:type\" content=\"image\/png\" \/>\n<meta name=\"author\" content=\"elli\" \/>\n<meta name=\"twitter:card\" content=\"summary_large_image\" \/>\n<meta name=\"twitter:creator\" content=\"@elli\" \/>\n<script type=\"application\/ld+json\" class=\"yoast-schema-graph\">{\"@context\":\"https:\\\/\\\/schema.org\",\"@graph\":[{\"@type\":\"Article\",\"@id\":\"https:\\\/\\\/www.meydan.tv\\\/az\\\/article\\\/muharibe-istirakcilarinin-aksiyasi-azerbaycan-hara-isvecre-hara\\\/#article\",\"isPartOf\":{\"@id\":\"https:\\\/\\\/www.meydan.tv\\\/az\\\/article\\\/muharibe-istirakcilarinin-aksiyasi-azerbaycan-hara-isvecre-hara\\\/\"},\"author\":{\"name\":\"elli\",\"@id\":\"https:\\\/\\\/www.meydan.tv\\\/az\\\/#\\\/schema\\\/person\\\/9cdbecf90d17180ce1dfbd95b08dcf47\"},\"headline\":\"M\u00fcharib\u0259 i\u015ftirak\u00e7\u0131lar\u0131n\u0131n aksiyas\u0131: &#8220;Az\u0259rbaycan hara, \u0130sve\u00e7r\u0259 hara?&#8221;\",\"datePublished\":\"2022-06-02T13:57:40+00:00\",\"dateModified\":\"2022-06-03T08:43:28+00:00\",\"mainEntityOfPage\":{\"@id\":\"https:\\\/\\\/www.meydan.tv\\\/az\\\/article\\\/muharibe-istirakcilarinin-aksiyasi-azerbaycan-hara-isvecre-hara\\\/\"},\"wordCount\":1425,\"publisher\":{\"@id\":\"https:\\\/\\\/www.meydan.tv\\\/az\\\/#organization\"},\"image\":{\"@id\":\"https:\\\/\\\/www.meydan.tv\\\/az\\\/article\\\/muharibe-istirakcilarinin-aksiyasi-azerbaycan-hara-isvecre-hara\\\/#primaryimage\"},\"thumbnailUrl\":\"https:\\\/\\\/www.meydan.tv\\\/wp-content\\\/uploads\\\/screenshot_at_jun_02_14-00-12-e1654175109916.png\",\"articleSection\":[\"Sosial\",\"T\u00f6vsiy\u0259\",\"X\u0259b\u0259rl\u0259r\"],\"inLanguage\":\"az\"},{\"@type\":\"WebPage\",\"@id\":\"https:\\\/\\\/www.meydan.tv\\\/az\\\/article\\\/muharibe-istirakcilarinin-aksiyasi-azerbaycan-hara-isvecre-hara\\\/\",\"url\":\"https:\\\/\\\/www.meydan.tv\\\/az\\\/article\\\/muharibe-istirakcilarinin-aksiyasi-azerbaycan-hara-isvecre-hara\\\/\",\"name\":\"M\u00fcharib\u0259 i\u015ftirak\u00e7\u0131lar\u0131n\u0131n aksiyas\u0131: \\\"Az\u0259rbaycan hara, \u0130sve\u00e7r\u0259 hara?\\\" - MEYDAN.TV\",\"isPartOf\":{\"@id\":\"https:\\\/\\\/www.meydan.tv\\\/az\\\/#website\"},\"primaryImageOfPage\":{\"@id\":\"https:\\\/\\\/www.meydan.tv\\\/az\\\/article\\\/muharibe-istirakcilarinin-aksiyasi-azerbaycan-hara-isvecre-hara\\\/#primaryimage\"},\"image\":{\"@id\":\"https:\\\/\\\/www.meydan.tv\\\/az\\\/article\\\/muharibe-istirakcilarinin-aksiyasi-azerbaycan-hara-isvecre-hara\\\/#primaryimage\"},\"thumbnailUrl\":\"https:\\\/\\\/www.meydan.tv\\\/wp-content\\\/uploads\\\/screenshot_at_jun_02_14-00-12-e1654175109916.png\",\"datePublished\":\"2022-06-02T13:57:40+00:00\",\"dateModified\":\"2022-06-03T08:43:28+00:00\",\"breadcrumb\":{\"@id\":\"https:\\\/\\\/www.meydan.tv\\\/az\\\/article\\\/muharibe-istirakcilarinin-aksiyasi-azerbaycan-hara-isvecre-hara\\\/#breadcrumb\"},\"inLanguage\":\"az\",\"potentialAction\":[{\"@type\":\"ReadAction\",\"target\":[\"https:\\\/\\\/www.meydan.tv\\\/az\\\/article\\\/muharibe-istirakcilarinin-aksiyasi-azerbaycan-hara-isvecre-hara\\\/\"]}]},{\"@type\":\"ImageObject\",\"inLanguage\":\"az\",\"@id\":\"https:\\\/\\\/www.meydan.tv\\\/az\\\/article\\\/muharibe-istirakcilarinin-aksiyasi-azerbaycan-hara-isvecre-hara\\\/#primaryimage\",\"url\":\"https:\\\/\\\/www.meydan.tv\\\/wp-content\\\/uploads\\\/screenshot_at_jun_02_14-00-12-e1654175109916.png\",\"contentUrl\":\"https:\\\/\\\/www.meydan.tv\\\/wp-content\\\/uploads\\\/screenshot_at_jun_02_14-00-12-e1654175109916.png\",\"width\":1460,\"height\":532,\"caption\":\"2 iyun aksiyas\u0131ndan screenshot\"},{\"@type\":\"BreadcrumbList\",\"@id\":\"https:\\\/\\\/www.meydan.tv\\\/az\\\/article\\\/muharibe-istirakcilarinin-aksiyasi-azerbaycan-hara-isvecre-hara\\\/#breadcrumb\",\"itemListElement\":[{\"@type\":\"ListItem\",\"position\":1,\"name\":\"Ana s\u0259hif\u0259\",\"item\":\"https:\\\/\\\/www.meydan.tv\\\/az\\\/\"},{\"@type\":\"ListItem\",\"position\":2,\"name\":\"Sosial\",\"item\":\"https:\\\/\\\/www.meydan.tv\\\/az\\\/section\\\/sosial\\\/\"},{\"@type\":\"ListItem\",\"position\":3,\"name\":\"M\u00fcharib\u0259 i\u015ftirak\u00e7\u0131lar\u0131n\u0131n aksiyas\u0131: &#8220;Az\u0259rbaycan hara, \u0130sve\u00e7r\u0259 hara?&#8221;\"}]},{\"@type\":\"WebSite\",\"@id\":\"https:\\\/\\\/www.meydan.tv\\\/az\\\/#website\",\"url\":\"https:\\\/\\\/www.meydan.tv\\\/az\\\/\",\"name\":\"MEYDAN.TV\",\"description\":\"Meydan TV Az\u0259rbaycan\u0131n media m\u0259kan\u0131ndak\u0131 alternativ s\u0259sidir\",\"publisher\":{\"@id\":\"https:\\\/\\\/www.meydan.tv\\\/az\\\/#organization\"},\"potentialAction\":[{\"@type\":\"SearchAction\",\"target\":{\"@type\":\"EntryPoint\",\"urlTemplate\":\"https:\\\/\\\/www.meydan.tv\\\/az\\\/?s={search_term_string}\"},\"query-input\":{\"@type\":\"PropertyValueSpecification\",\"valueRequired\":true,\"valueName\":\"search_term_string\"}}],\"inLanguage\":\"az\"},{\"@type\":\"Organization\",\"@id\":\"https:\\\/\\\/www.meydan.tv\\\/az\\\/#organization\",\"name\":\"Meydan TV\",\"url\":\"https:\\\/\\\/www.meydan.tv\\\/az\\\/\",\"logo\":{\"@type\":\"ImageObject\",\"inLanguage\":\"az\",\"@id\":\"https:\\\/\\\/www.meydan.tv\\\/az\\\/#\\\/schema\\\/logo\\\/image\\\/\",\"url\":\"https:\\\/\\\/www.meydan.tv\\\/wp-content\\\/uploads\\\/2021\\\/07\\\/meydan-logo.svg\",\"contentUrl\":\"https:\\\/\\\/www.meydan.tv\\\/wp-content\\\/uploads\\\/2021\\\/07\\\/meydan-logo.svg\",\"width\":195,\"height\":46,\"caption\":\"Meydan TV\"},\"image\":{\"@id\":\"https:\\\/\\\/www.meydan.tv\\\/az\\\/#\\\/schema\\\/logo\\\/image\\\/\"}},{\"@type\":\"Person\",\"@id\":\"https:\\\/\\\/www.meydan.tv\\\/az\\\/#\\\/schema\\\/person\\\/9cdbecf90d17180ce1dfbd95b08dcf47\",\"name\":\"elli\",\"sameAs\":[\"https:\\\/\\\/x.com\\\/elli\"]}]}<\/script>\n<!-- \/ Yoast SEO plugin. -->","yoast_head_json":{"title":"M\u00fcharib\u0259 i\u015ftirak\u00e7\u0131lar\u0131n\u0131n aksiyas\u0131: \"Az\u0259rbaycan hara, \u0130sve\u00e7r\u0259 hara?\" - MEYDAN.TV","robots":{"index":"index","follow":"follow","max-snippet":"max-snippet:-1","max-image-preview":"max-image-preview:large","max-video-preview":"max-video-preview:-1"},"canonical":"https:\/\/www.meydan.tv\/az\/article\/muharibe-istirakcilarinin-aksiyasi-azerbaycan-hara-isvecre-hara\/","og_locale":"az_AZ","og_type":"article","og_title":"M\u00fcharib\u0259 i\u015ftirak\u00e7\u0131lar\u0131n\u0131n aksiyas\u0131: \"Az\u0259rbaycan hara, \u0130sve\u00e7r\u0259 hara?\" - MEYDAN.TV","og_description":"&#8220;Ax\u0131 Az\u0259rbaycan reall\u011f\u0131n\u0131n \u00f6z t\u0259l\u0259bl\u0259ri var&#8221; \u0130yunun 2-d\u0259 s\u0259h\u0259r bir ... Davam\u0131","og_url":"https:\/\/www.meydan.tv\/az\/article\/muharibe-istirakcilarinin-aksiyasi-azerbaycan-hara-isvecre-hara\/","og_site_name":"MEYDAN.TV","article_published_time":"2022-06-02T13:57:40+00:00","article_modified_time":"2022-06-03T08:43:28+00:00","og_image":[{"width":1460,"height":532,"url":"https:\/\/www.meydan.tv\/wp-content\/uploads\/screenshot_at_jun_02_14-00-12-e1654175109916.png","type":"image\/png"}],"author":"elli","twitter_card":"summary_large_image","twitter_creator":"@elli","schema":{"@context":"https:\/\/schema.org","@graph":[{"@type":"Article","@id":"https:\/\/www.meydan.tv\/az\/article\/muharibe-istirakcilarinin-aksiyasi-azerbaycan-hara-isvecre-hara\/#article","isPartOf":{"@id":"https:\/\/www.meydan.tv\/az\/article\/muharibe-istirakcilarinin-aksiyasi-azerbaycan-hara-isvecre-hara\/"},"author":{"name":"elli","@id":"https:\/\/www.meydan.tv\/az\/#\/schema\/person\/9cdbecf90d17180ce1dfbd95b08dcf47"},"headline":"M\u00fcharib\u0259 i\u015ftirak\u00e7\u0131lar\u0131n\u0131n aksiyas\u0131: &#8220;Az\u0259rbaycan hara, \u0130sve\u00e7r\u0259 hara?&#8221;","datePublished":"2022-06-02T13:57:40+00:00","dateModified":"2022-06-03T08:43:28+00:00","mainEntityOfPage":{"@id":"https:\/\/www.meydan.tv\/az\/article\/muharibe-istirakcilarinin-aksiyasi-azerbaycan-hara-isvecre-hara\/"},"wordCount":1425,"publisher":{"@id":"https:\/\/www.meydan.tv\/az\/#organization"},"image":{"@id":"https:\/\/www.meydan.tv\/az\/article\/muharibe-istirakcilarinin-aksiyasi-azerbaycan-hara-isvecre-hara\/#primaryimage"},"thumbnailUrl":"https:\/\/www.meydan.tv\/wp-content\/uploads\/screenshot_at_jun_02_14-00-12-e1654175109916.png","articleSection":["Sosial","T\u00f6vsiy\u0259","X\u0259b\u0259rl\u0259r"],"inLanguage":"az"},{"@type":"WebPage","@id":"https:\/\/www.meydan.tv\/az\/article\/muharibe-istirakcilarinin-aksiyasi-azerbaycan-hara-isvecre-hara\/","url":"https:\/\/www.meydan.tv\/az\/article\/muharibe-istirakcilarinin-aksiyasi-azerbaycan-hara-isvecre-hara\/","name":"M\u00fcharib\u0259 i\u015ftirak\u00e7\u0131lar\u0131n\u0131n aksiyas\u0131: \"Az\u0259rbaycan hara, \u0130sve\u00e7r\u0259 hara?\" - MEYDAN.TV","isPartOf":{"@id":"https:\/\/www.meydan.tv\/az\/#website"},"primaryImageOfPage":{"@id":"https:\/\/www.meydan.tv\/az\/article\/muharibe-istirakcilarinin-aksiyasi-azerbaycan-hara-isvecre-hara\/#primaryimage"},"image":{"@id":"https:\/\/www.meydan.tv\/az\/article\/muharibe-istirakcilarinin-aksiyasi-azerbaycan-hara-isvecre-hara\/#primaryimage"},"thumbnailUrl":"https:\/\/www.meydan.tv\/wp-content\/uploads\/screenshot_at_jun_02_14-00-12-e1654175109916.png","datePublished":"2022-06-02T13:57:40+00:00","dateModified":"2022-06-03T08:43:28+00:00","breadcrumb":{"@id":"https:\/\/www.meydan.tv\/az\/article\/muharibe-istirakcilarinin-aksiyasi-azerbaycan-hara-isvecre-hara\/#breadcrumb"},"inLanguage":"az","potentialAction":[{"@type":"ReadAction","target":["https:\/\/www.meydan.tv\/az\/article\/muharibe-istirakcilarinin-aksiyasi-azerbaycan-hara-isvecre-hara\/"]}]},{"@type":"ImageObject","inLanguage":"az","@id":"https:\/\/www.meydan.tv\/az\/article\/muharibe-istirakcilarinin-aksiyasi-azerbaycan-hara-isvecre-hara\/#primaryimage","url":"https:\/\/www.meydan.tv\/wp-content\/uploads\/screenshot_at_jun_02_14-00-12-e1654175109916.png","contentUrl":"https:\/\/www.meydan.tv\/wp-content\/uploads\/screenshot_at_jun_02_14-00-12-e1654175109916.png","width":1460,"height":532,"caption":"2 iyun aksiyas\u0131ndan screenshot"},{"@type":"BreadcrumbList","@id":"https:\/\/www.meydan.tv\/az\/article\/muharibe-istirakcilarinin-aksiyasi-azerbaycan-hara-isvecre-hara\/#breadcrumb","itemListElement":[{"@type":"ListItem","position":1,"name":"Ana s\u0259hif\u0259","item":"https:\/\/www.meydan.tv\/az\/"},{"@type":"ListItem","position":2,"name":"Sosial","item":"https:\/\/www.meydan.tv\/az\/section\/sosial\/"},{"@type":"ListItem","position":3,"name":"M\u00fcharib\u0259 i\u015ftirak\u00e7\u0131lar\u0131n\u0131n aksiyas\u0131: &#8220;Az\u0259rbaycan hara, \u0130sve\u00e7r\u0259 hara?&#8221;"}]},{"@type":"WebSite","@id":"https:\/\/www.meydan.tv\/az\/#website","url":"https:\/\/www.meydan.tv\/az\/","name":"MEYDAN.TV","description":"Meydan TV Az\u0259rbaycan\u0131n media m\u0259kan\u0131ndak\u0131 alternativ s\u0259sidir","publisher":{"@id":"https:\/\/www.meydan.tv\/az\/#organization"},"potentialAction":[{"@type":"SearchAction","target":{"@type":"EntryPoint","urlTemplate":"https:\/\/www.meydan.tv\/az\/?s={search_term_string}"},"query-input":{"@type":"PropertyValueSpecification","valueRequired":true,"valueName":"search_term_string"}}],"inLanguage":"az"},{"@type":"Organization","@id":"https:\/\/www.meydan.tv\/az\/#organization","name":"Meydan TV","url":"https:\/\/www.meydan.tv\/az\/","logo":{"@type":"ImageObject","inLanguage":"az","@id":"https:\/\/www.meydan.tv\/az\/#\/schema\/logo\/image\/","url":"https:\/\/www.meydan.tv\/wp-content\/uploads\/2021\/07\/meydan-logo.svg","contentUrl":"https:\/\/www.meydan.tv\/wp-content\/uploads\/2021\/07\/meydan-logo.svg","width":195,"height":46,"caption":"Meydan TV"},"image":{"@id":"https:\/\/www.meydan.tv\/az\/#\/schema\/logo\/image\/"}},{"@type":"Person","@id":"https:\/\/www.meydan.tv\/az\/#\/schema\/person\/9cdbecf90d17180ce1dfbd95b08dcf47","name":"elli","sameAs":["https:\/\/x.com\/elli"]}]}},"_links":{"self":[{"href":"https:\/\/www.meydan.tv\/az\/wp-json\/wp\/v2\/posts\/247250","targetHints":{"allow":["GET"]}}],"collection":[{"href":"https:\/\/www.meydan.tv\/az\/wp-json\/wp\/v2\/posts"}],"about":[{"href":"https:\/\/www.meydan.tv\/az\/wp-json\/wp\/v2\/types\/post"}],"author":[{"embeddable":true,"href":"https:\/\/www.meydan.tv\/az\/wp-json\/wp\/v2\/users\/8"}],"replies":[{"embeddable":true,"href":"https:\/\/www.meydan.tv\/az\/wp-json\/wp\/v2\/comments?post=247250"}],"version-history":[{"count":4,"href":"https:\/\/www.meydan.tv\/az\/wp-json\/wp\/v2\/posts\/247250\/revisions"}],"predecessor-version":[{"id":247321,"href":"https:\/\/www.meydan.tv\/az\/wp-json\/wp\/v2\/posts\/247250\/revisions\/247321"}],"wp:featuredmedia":[{"embeddable":true,"href":"https:\/\/www.meydan.tv\/az\/wp-json\/wp\/v2\/media\/247242"}],"wp:attachment":[{"href":"https:\/\/www.meydan.tv\/az\/wp-json\/wp\/v2\/media?parent=247250"}],"wp:term":[{"taxonomy":"category","embeddable":true,"href":"https:\/\/www.meydan.tv\/az\/wp-json\/wp\/v2\/categories?post=247250"},{"taxonomy":"post_tag","embeddable":true,"href":"https:\/\/www.meydan.tv\/az\/wp-json\/wp\/v2\/tags?post=247250"}],"curies":[{"name":"wp","href":"https:\/\/api.w.org\/{rel}","templated":true}]}}