{"id":247172,"date":"2022-06-03T11:46:49","date_gmt":"2022-06-03T07:46:49","guid":{"rendered":"https:\/\/www.meydan.tv\/?p=247172"},"modified":"2022-06-03T12:29:07","modified_gmt":"2022-06-03T08:29:07","slug":"almaniyanin-azerbaycandaki-sefiri-men-hebse-dusen-sexslerin-aile-uzvlerini-emin-ede-bilerem-ki","status":"publish","type":"post","link":"https:\/\/www.meydan.tv\/az\/article\/almaniyanin-azerbaycandaki-sefiri-men-hebse-dusen-sexslerin-aile-uzvlerini-emin-ede-bilerem-ki\/","title":{"rendered":"Almaniyan\u0131n Az\u0259rbaycandak\u0131 s\u0259firi:\u00a0\u201eM\u0259n h\u0259bs\u0259 d\u00fc\u015f\u0259n \u015f\u0259xsl\u0259rin ail\u0259 \u00fczvl\u0259rini \u0259min ed\u0259 bil\u0259r\u0259m ki\u2026\u201d"},"content":{"rendered":"\n<figure class=\"wp-block-embed is-type-video is-provider-youtube wp-block-embed-youtube wp-embed-aspect-16-9 wp-has-aspect-ratio\"><div class=\"wp-block-embed__wrapper\">\n<iframe title=\"Almaniyan\u0131n Az\u0259rbaycandak\u0131 s\u0259firi:\u00a0&quot;M\u0259n h\u0259bs\u0259 d\u00fc\u015f\u0259n \u015f\u0259xsl\u0259rin ail\u0259 \u00fczvl\u0259rini \u0259min ed\u0259 bil\u0259r\u0259m ki\u2026\u201d\" width=\"1200\" height=\"675\" data-src=\"https:\/\/www.youtube.com\/embed\/P7AySxjF73E?feature=oembed\" frameborder=\"0\" allow=\"accelerometer; autoplay; clipboard-write; encrypted-media; gyroscope; picture-in-picture\" allowfullscreen src=\"data:image\/svg+xml;base64,PHN2ZyB3aWR0aD0iMSIgaGVpZ2h0PSIxIiB4bWxucz0iaHR0cDovL3d3dy53My5vcmcvMjAwMC9zdmciPjwvc3ZnPg==\" class=\"lazyload\" data-load-mode=\"1\"><\/iframe>\n<\/div><\/figure>\n\n\n\n<!--more-->\n\n\n\n<p><em>\u201e\u00c7ox ist\u0259rdik v\u0259 \u00fcmid ed\u0259rdik ki, h\u0259r iki d\u00f6vl\u0259t ba\u015f\u00e7\u0131s\u0131 dan\u0131\u015f\u0131qlarda Rusiyan\u0131n d\u0259yirman\u0131na su t\u00f6km\u0259sin\u201d&nbsp;<\/em><\/p>\n\n\n\n<p>&#8220;Qanun q\u0259bul olunandan sonra yox, ondan \u0259vv\u0259l bu bar\u0259d\u0259 fikir m\u00fcbadil\u0259si apar\u0131ls\u0131n. Avropan\u0131n Rusiyadan f\u0259rqi ondan ibar\u0259tdir ki, bizim v\u0259ziyy\u0259ti idar\u0259 etm\u0259k, g\u00f6st\u0259ri\u015f verm\u0259k, r\u0259hb\u0259rlik etm\u0259k kimi niyy\u0259timiz yoxdur. Birba\u015fa dan\u0131\u015f\u0131qlar Az\u0259rbaycan v\u0259 Erm\u0259nistan\u0131 Rusiyan\u0131n telefon z\u0259ngl\u0259rind\u0259n azad ed\u0259c\u0259k. \u00c7ox ist\u0259rdik v\u0259 \u00fcmid ed\u0259rdik ki, h\u0259r iki d\u00f6vl\u0259t ba\u015f\u00e7\u0131s\u0131 dan\u0131\u015f\u0131qlarda Rusiyan\u0131n d\u0259yirman\u0131na su t\u00f6km\u0259sin. Almaniya Rusyadan g\u0259l\u0259n neft v\u0259 qazdan imtina etm\u0259y\u0259 raz\u0131d\u0131r. B\u00f6hran\u0131n s\u0259b\u0259bkar d\u00fcnya v\u0259 Avropa \u00f6lk\u0259l\u0259ri yox, m\u0259hz Rusiyad\u0131r&#8221;.<\/p>\n\n\n\n<p>Almaniyan\u0131n Az\u0259rbaycandak\u0131 s\u0259firi Volfqanq Maniq Meydan TV-y\u0259 m\u00fcsahib\u0259 verib.<\/p>\n\n\n\n<p>&#8211;&nbsp;&nbsp;&nbsp;&nbsp;&nbsp;&nbsp;&nbsp;<em>C\u0259nab s\u0259fir, Almaniya-Az\u0259rbaycan m\u00fcnasib\u0259tl\u0259rind\u0259 siyasi-iqtisadi amill\u0259rd\u0259n hans\u0131lar \u00fcst\u00fcnl\u00fck t\u0259\u015fkil edir?<\/em><\/p>\n\n\n\n<p>&#8211;&nbsp;&nbsp;&nbsp;&nbsp;Almaniya-Az\u0259rbaycan m\u00fcnasib\u0259tl\u0259ri t\u0259kc\u0259 h\u00f6kum\u0259tl\u0259raras\u0131 m\u00fcnasib\u0259tl\u0259r deyil. Bu m\u00fcnasib\u0259tl\u0259rin k\u00f6k\u00fc tarix\u0259 gedir, 200 il \u0259vv\u0259l Almaniyadan k\u00f6\u00e7k\u00fcnl\u0259r Az\u0259rbaycana g\u0259l\u0259r\u0259k burada m\u0259skunla\u015f\u0131blar. Onlar bu \u00f6lk\u0259d\u0259 ya\u015fay\u0131b yarad\u0131blar. II D\u00fcnya M\u00fcharib\u0259sinin \u0259vv\u0259ll\u0259rin\u0259 q\u0259d\u0259r, y\u0259ni 40-c\u0131 ill\u0259rd\u0259 is\u0259 deportasiya olunmaq m\u0259cburiyy\u0259tind\u0259 qal\u0131blar. Bu g\u00fcn d\u0259 G\u00f6yg\u00f6l, Xanlar kimi ki\u00e7ik Az\u0259rbaycan \u015f\u0259h\u0259rl\u0259rind\u0259, almanlar\u0131n \u0259vv\u0259ll\u0259r m\u0259skunla\u015fd\u0131qlar\u0131 \u015f\u0259h\u0259rl\u0259rd\u0259 onlar\u0131n evl\u0259ri qal\u0131b v\u0259 d\u00f6vl\u0259t t\u0259r\u0259find\u0259n d\u0259 qorunur. Orda \u0259vv\u0259ll\u0259r ya\u015fayan almanlar k\u00f6\u00e7s\u0259l\u0259r d\u0259, \u00f6z \u015f\u0259h\u0259rl\u0259ri il\u0259 \u0259laq\u0259l\u0259rini itirm\u0259yibl\u0259r. Bundan \u0259lav\u0259, Almaniyada b\u00f6y\u00fck Az\u0259rbaycan icmas\u0131 var, 26 min az\u0259rbaycanl\u0131 Az\u0259rbaycan pasportu il\u0259 \u00f6lk\u0259mizin m\u00fcxt\u0259lif b\u00f6lg\u0259l\u0259rind\u0259 ya\u015fay\u0131r. H\u0259m\u00e7inin xeyli sayda az\u0259rbaycanl\u0131 var k\u0131, Almaniya v\u0259t\u0259nda\u015f\u0131 olublar, alman pasportuna malikdirl\u0259r.&nbsp; Onlar\u0131n statistikas\u0131n\u0131 aparmad\u0131\u011f\u0131m\u0131zdan konkret say\u0131n\u0131 dey\u0259 bilm\u0259y\u0259c\u0259m. Eyni zamanda, \u00e7oxlu \u015fagirdl\u0259r, t\u0259l\u0259b\u0259l\u0259r vard\u0131r, b\u00fct\u00fcn bu insanlar h\u00f6kum\u0259tl\u0259rimizin bir-biriyl\u0259 \u00fcnsiyy\u0259td\u0259 olmas\u0131 \u00fc\u00e7\u00fcn bir n\u00f6v k\u00f6rp\u00fc rolunu oynay\u0131rlar. B\u0259li, \u00f6lk\u0259l\u0259rimiz aras\u0131nda d\u00f6vl\u0259t maraqlar\u0131 da vard\u0131r, Almaniya Avropa \u0130ttifaq\u0131n\u0131n \u015e\u0259rq T\u0259r\u0259fda\u015fl\u0131q Proqram\u0131n\u0131n \u00fczv\u00fcd\u00fcr. Az\u0259rbaycan da Avropa \u015euras\u0131n\u0131n \u00fczv\u00fcd\u00fcr, y\u0259ni bu \u0259sasda da m\u00fcnasib\u0259tl\u0259rimiz vard\u0131r.&nbsp; Almaniyan\u0131n d\u00f6vl\u0259t maraqlar\u0131 ondan ibar\u0259tdir ki, tam sabit olmayan bu co\u011frafiyada sabitlik v\u0259 \u0259min-amanl\u0131q olsun. Siz bilirsiniz ki, Rusiyan\u0131n Ukraynaya t\u0259cav\u00fcz\u00fcnd\u0259n sonra enerji m\u00f6vzusu da aktualla\u015f\u0131b, Az\u0259rbaycan da enerji istehsal\u00e7\u0131s\u0131 olan \u00f6lk\u0259dir. H\u0259l\u0259 m\u00fcharib\u0259d\u0259n \u0259vv\u0259l Almaniya \u00f6z\u00fcn\u00fcn enerji m\u0259nb\u0259l\u0259rinin diversifikasiyas\u0131n\u0131 h\u0259yata ke\u00e7irm\u0259k ist\u0259yirdi. Y\u0259ni bu bax\u0131mdan da Az\u0259rbyacan Almaniya \u00fc\u00e7\u00fcn \u0259h\u0259miyy\u0259tli \u00f6lk\u0259dir. Bundan ba\u015fqa, bizim \u0259traf m\u00fchitin qorunmas\u0131 sah\u0259sind\u0259 \u0259m\u0259kda\u015fl\u0131\u011fa birg\u0259 maraqlar\u0131m\u0131z vard\u0131r. Az\u0259rbaycan karbon istehsal ed\u0259n \u00f6lk\u0259l\u0259rd\u0259n biridir, ona g\u00f6r\u0259 vacibdir ki, biz ekologiyan\u0131n t\u0259mizliyi \u00fc\u00e7\u00fcn m\u0259suliyy\u0259ti d\u0259rk edib bunu \u00fcz\u0259rimiz\u0259 g\u00f6t\u00fcr\u0259k. Az\u0259rbaycan Paris dan\u0131\u015f\u0131qlar\u0131nda da i\u015ftirak etmi\u015fdir, bu sah\u0259d\u0259 d\u0259 \u0259m\u0259kda\u015fl\u0131\u011fa maraql\u0131y\u0131q. M\u00fcnasib\u0259tl\u0259rimiz \u00fcmumilikd\u0259 yax\u015f\u0131 olsa bel\u0259, arada fikir m\u00fcxt\u0259lifliyi yaran\u0131r, lakin bu da m\u00fcsb\u0259t hald\u0131r. Biz bel\u0259 m\u00f6vzularla ba\u011fl\u0131 fikir m\u00fcbadil\u0259si apar\u0131r\u0131q. Bel\u0259likl\u0259, bunun say\u0259sind\u0259 yaranan anla\u015f\u0131lmazl\u0131qlar\u0131 aradan qald\u0131ra bilirik, \u00fcnsiyy\u0259t \u00e7\u0259r\u00e7iv\u0259sind\u0259 bunlar da vacibdir. G\u00fcn\u0259\u015f h\u0259r zaman \u015f\u0259f\u0259q sa\u00e7m\u0131r. &nbsp;&nbsp;&nbsp;&nbsp;&nbsp;&nbsp;&nbsp;&nbsp;<\/p>\n\n\n\n<p><em>&#8211;&nbsp;&nbsp;Az\u0259rbaycanda demokratik t\u0259sisatlar\u0131n, median\u0131n v\u0259ziyy\u0259tin\u0259 g\u0259lm\u0259k ist\u0259yir\u0259m. M\u0259s\u0259l\u0259n, median\u0131n durumu bel\u0259dir ki, sizd\u0259n ald\u0131\u011f\u0131m\u0131z m\u00fcsahib\u0259ni oxucular saytda izl\u0259y\u0259 bilm\u0259y\u0259c\u0259k, \u00e7\u00fcnki h\u00f6kum\u0259t bizi bloklay\u0131b. Bu c\u00fcr m\u0259s\u0259l\u0259l\u0259r\u0259 m\u00fcnasib\u0259tinizi bilm\u0259k ist\u0259rdim?<\/em><\/p>\n\n\n\n<p>&#8211;&nbsp;&nbsp;&nbsp;Siz haql\u0131s\u0131n\u0131z, bilirik ki, bu sah\u0259d\u0259 b\u0259zi \u00e7at\u0131\u015fmazl\u0131qlar var. Az\u0259rbaycan c\u0259miyy\u0259tind\u0259 s\u00f6hb\u0259t s\u00f6z, topla\u015fmaq azadl\u0131\u011f\u0131ndan gedirs\u0259, burada \u00e7at\u015fmazl\u0131qlar var. Bu, m\u0259hz o m\u00f6vzulard\u0131r ki, biz \u00f6lk\u0259l\u0259raras\u0131, t\u0259kc\u0259 m\u0259murlarla deyil, c\u0259miyy\u0259tl\u0259raras\u0131 \u00e7oxlu s\u00f6hb\u0259tl\u0259r apar\u0131r, bunlar\u0131n aradan qald\u0131r\u0131lmas\u0131 yollar\u0131n\u0131 axtar\u0131r\u0131q. Yaln\u0131z biz deyil, Avropa \u0130ttifaq\u0131 v\u0259 Avropa \u015euras\u0131 da bu i\u015f\u0259 c\u0259lb olunub. \u0130lin \u0259vv\u0259lind\u0259 Az\u0259rbaycanda \u201cMedia haqq\u0131nda\u201d Qanun da q\u0259bul olundu. T\u0259kc\u0259 Almaniya deyil, b\u00fct\u00fcn Avropa \u0130ttifaq\u0131 \u00f6lk\u0259l\u0259ri, Avropa \u015euras\u0131, h\u0259m d\u0259 NATO-nun \u00fczvl\u0259ri qanunla tan\u0131\u015f olduqda, \u00e7at\u0131\u015fmazl\u0131qlar bar\u0259sind\u0259 dan\u0131\u015f\u0131rlar. X\u00fcsusil\u0259 s\u00f6hb\u0259t qeyri-m\u00fc\u0259yy\u0259n h\u00fcquqi terminologiyan\u0131n istifad\u0259 olunmas\u0131ndan gedir. Bu, g\u0259l\u0259c\u0259kd\u0259 h\u0259min k\u0259lm\u0259l\u0259rin f\u0259rqli interpretasiyas\u0131na, sui-istifad\u0259sin\u0259 g\u0259tirib \u00e7\u0131xara bil\u0259r. H\u00f6kum\u0259tinizl\u0259 bu bar\u0259d\u0259 dan\u0131\u015f\u0131qlar aparanda biz\u0259 dedil\u0259r ki, art\u0131q \u00e7oxsayl\u0131 jurnalistl\u0259rl\u0259 v\u0259 dig\u0259r insanlarla ba\u011fl\u0131 qap\u0131lar arxas\u0131nda dan\u0131\u015f\u0131l\u0131b. Amma yax\u015f\u0131 olard\u0131 ki, a\u00e7\u0131q diskussiyalar da apar\u0131ls\u0131n. H\u0259m\u00e7inin Az\u0259rbaycan\u0131n da \u00fczv oldu\u011fu Avropa qurumlar\u0131ndan bir m\u0259sl\u0259h\u0259t al\u0131ns\u0131n, qanun q\u0259bul olunandan sonra yox, ondan \u0259vv\u0259l bu bar\u0259d\u0259 fikir m\u00fcbadil\u0259si apar\u0131ls\u0131n. Misal \u00fc\u00e7\u00fcn, Avropa \u0130ttifaq\u0131 \u015euras\u0131n\u0131n Venessiya Komissiyas\u0131, yaxud AT\u018fT-nin Media azadl\u0131qlar\u0131 \u00fczr\u0259 m\u00fc\u015favirl\u0259ri il\u0259 m\u0259sl\u0259h\u0259tl\u0259\u015fm\u0259l\u0259r apar\u0131lsayd\u0131, daha yax\u015f\u0131 olard\u0131. Ancaq m\u0259nc\u0259 \u00e7ox da gec deyil, qanun d\u0259yi\u015fdiril\u0259, daha da yax\u015f\u0131la\u015fd\u0131r\u0131la, t\u0259kmill\u0259\u015fdiril\u0259 bil\u0259r. \u018fmin\u0259m ki, o zaman \u00e7at\u0131\u015fmazl\u0131qlar\u0131 aradan qald\u0131ra bil\u0259c\u0259kl\u0259r. &nbsp;&nbsp;&nbsp;&nbsp;&nbsp;&nbsp;&nbsp;&nbsp;&nbsp;&nbsp;&nbsp;<\/p>\n\n\n\n<p><em>&#8211; Son aylar Az\u0259rbaycan\u0131n demokratik d\u00fc\u015f\u0259rg\u0259sind\u0259 m\u00fczakir\u0259 olunan m\u0259s\u0259l\u0259l\u0259rd\u0259n biri Almaniyadan deportasiya olunan az\u0259rbaycanl\u0131 m\u00fchacirl\u0259rdir ki, onlardan 6 n\u0259f\u0259ri h\u0259bs edilib. Biz indi s\u00f6hb\u0259t etdiyimiz d\u0259qiq\u0259l\u0259rd\u0259 h\u0259bs edil\u0259nl\u0259rin yax\u0131nlar\u0131 Almaniyaya etiraz olaraq s\u0259firliyin \u00f6n\u00fcnd\u0259 aksiya ke\u00e7irirl\u0259r. Onlar iddia edir ki, alman polisi g\u00f6zl\u0259nilm\u0259d\u0259n evl\u0259rin\u0259 daxil olaraq he\u00e7 n\u0259 g\u00f6t\u00fcrm\u0259y\u0259 imkan verm\u0259yib v\u0259 deportasiya edibl\u0259r. \u00dcmumiyy\u0259tl\u0259, bu adamlar\u0131n h\u0259bsl\u0259rini izl\u0259yirsinizmi v\u0259 s\u00f6yl\u0259dikl\u0259rini nec\u0259 qiym\u0259tl\u0259ndirirsiniz?<\/em><\/p>\n\n\n\n<p>&#8211; Burda iki m\u0259s\u0259l\u0259ni bir-birind\u0259n ay\u0131rmal\u0131y\u0131q. Bir qrup insan var ki, onlar Almaniyaya daxil olduqdan sonra Federal Qa\u00e7q\u0131nlar \u0130dar\u0259sin\u0259 m\u00fcraci\u0259t edirl\u0259r. Onlar siyasi qa\u00e7q\u0131n kimi s\u0131\u011f\u0131nacaq \u00fc\u00e7\u00fcn m\u00fcraci\u0259t edirl\u0259r. Bundan sonra federal \u0259dliyy\u0259 orqanlar\u0131 bir m\u00fcdd\u0259t onlar\u0131n siyasi qa\u00e7q\u0131n olub-olmad\u0131\u011f\u0131n\u0131 yoxlay\u0131r. B\u0259zi hallarda onlar\u0131n siyasi qa\u00e7q\u0131n statusu \u00fc\u00e7\u00fcn yet\u0259rli s\u0259b\u0259bl\u0259r olmad\u0131\u011f\u0131 a\u015fkar edilir. \u018flb\u0259tt\u0259, bu q\u0259rarla raz\u0131la\u015fmamaq olar v\u0259 buna qar\u015f\u0131 m\u0259hk\u0259m\u0259 vasit\u0259sil\u0259 m\u00fcraci\u0259t d\u0259 etm\u0259k m\u00fcmk\u00fcnd\u00fcr. Bir qrup da insan var ki, onlar\u0131n deportasiyas\u0131 ba\u015fqa s\u0259b\u0259bl\u0259rd\u0259n ba\u015f verir. Misal \u00fc\u00e7\u00fcn, onlar\u0131n h\u0259r hans\u0131 bir cinay\u0259t \u0259m\u0259lind\u0259 i\u015ftirak etm\u0259l\u0259ri. Amma h\u0259r bir halda bunlar \u0259dliyy\u0259 orqanlar\u0131 t\u0259r\u0259find\u0259n yoxlan\u0131l\u0131r. Biz s\u0259firlik olaraq \u00f6z\u00fcm\u00fcz d\u0259 sor\u011fu g\u00f6nd\u0259rmi\u015fik ki, bunlar\u0131n \u0259dliyy\u0259 t\u0259r\u0259find\u0259n b\u00fct\u00fcn instansiyalarda yoxlan\u0131ld\u0131\u011f\u0131na \u0259min olaq. Sor\u011fu g\u00f6nd\u0259rs\u0259k d\u0259, h\u0259l\u0259 b\u00fct\u00fcn m\u0259qamlar\u0131 bilmirik. Ancaq \u0259minlikl\u0259 dey\u0259 bil\u0259r\u0259m ki, yoxlama apar\u0131l\u0131r, ondan sonra bu c\u00fcr q\u0259rar verilir. Art\u0131q ilk yaranm\u0131\u015f hallar zaman\u0131 d\u0259rhal s\u0259firlik olaraq reaksiya verdik v\u0259 Az\u0259rbaycan h\u00f6kum\u0259ti il\u0259 dan\u0131\u015f\u0131qlara ba\u015flad\u0131q, h\u0259l\u0259 d\u0259 bu dan\u0131\u015f\u0131qlar davam edir. H\u0259r bir halda yax\u015f\u0131 olar ki, bel\u0259 m\u0259s\u0259l\u0259l\u0259r insanlar\u0131n \u015f\u0259xsi m\u0259lumatlar\u0131 il\u0259 ba\u011fl\u0131 oldu\u011fundan ictimail\u0259\u015fdirm\u0259zd\u0259n \u0259vv\u0259l ba\u011fl\u0131 qap\u0131lar arxas\u0131nda m\u00fczakir\u0259 edilsin. Faktlar ara\u015fd\u0131r\u0131ls\u0131n, s\u0259b\u0259bl\u0259r d\u0259qiql\u0259\u015fdirilsin, ondan sonra m\u0259lumatlar\u0131n mediaya \u00e7\u0131xmas\u0131 yax\u015f\u0131 olard\u0131. M\u0259n h\u0259bs\u0259 d\u00fc\u015f\u0259n \u015f\u0259xsl\u0259rin ail\u0259 \u00fczvl\u0259rini \u0259min ed\u0259 bil\u0259r\u0259m ki, Almaniya s\u0259firliyi v\u0259 h\u00f6kum\u0259ti h\u0259r bir halda bu m\u0259s\u0259l\u0259y\u0259 bigan\u0259 qalmayacaq, art\u0131q m\u00fcraci\u0259t etmi\u015fik. S\u0259b\u0259bl\u0259ri d\u0259 ara\u015fd\u0131r\u0131l\u0131r, bigan\u0259 deyilik, m\u0259\u015f\u011ful oluruq. &nbsp;&nbsp;&nbsp;&nbsp;<\/p>\n\n\n\n<p>&#8211;&nbsp;<em>Deportasiya olunanlar\u0131n b\u0259zil\u0259ri qeyd edirl\u0259r ki, Almaniyada haqlar\u0131nda m\u0259hk\u0259m\u0259 q\u0259rar\u0131 olmadan zorla evl\u0259rind\u0259n \u00e7\u0131xar\u0131l\u0131rlar. Bu bar\u0259d\u0259 n\u0259 dey\u0259 bil\u0259rsiniz?<\/em><\/p>\n\n\n\n<p>&#8211; &nbsp;Bunlar g\u00fcmanlard\u0131r, biz d\u0259 bel\u0259 fikirl\u0259rin i\u015fl\u0259dildiyini bilirik. Amma s\u0259firliyin bu bar\u0259d\u0259 m\u0259lumat\u0131 yoxdur. Ona g\u00f6r\u0259 d\u0259 sor\u011fu g\u00f6nd\u0259rib ara\u015fd\u0131r\u0131r\u0131q. Xarici \u0130\u015fl\u0259r Nazirliyi vasit\u0259sil\u0259 sor\u011fumuz daxili i\u015fl\u0259r orqanlar\u0131na y\u00f6n\u0259ldilib. Hadis\u0259 Almaniyada ba\u015f verdiyind\u0259n v\u0259ziyy\u0259ti tam analiz edib d\u0259qiq m\u0259lumat ver\u0259 bilmirik. Haz\u0131rda daxili i\u015fl\u0259r orqanlar\u0131ndan cavab g\u00f6zl\u0259yirik, bilm\u0259k ist\u0259yirik onlara v\u0259kill\u0259r t\u0259yin olunmu\u015fdumu. Bu v\u0259kill\u0259rd\u0259n d\u0259 sor\u011fulanmal\u0131d\u0131r ki, hans\u0131 i\u015fl\u0259r g\u00f6r\u00fcl\u00fcb, h\u0259qiq\u0259t\u0259nmi r\u0259smi formada idar\u0259l\u0259r m\u00fcraci\u0259tl\u0259r edilibmi? Yoxsa hadis\u0259l\u0259r s\u0259b\u0259bsiz ba\u015f verib? M\u00fctl\u0259q bu m\u0259s\u0259l\u0259l\u0259r ayd\u0131nla\u015fmal\u0131d\u0131r, eyni zamanda readmissiya v\u0259 ekstradisiyan\u0131 bir-birind\u0259n ay\u0131rmaq laz\u0131md\u0131r. Bundan ba\u015fqa, Almaniya qanunvericiliyi imkan verir ki, &nbsp;ist\u0259nil\u0259n d\u00f6vl\u0259t orqan\u0131 t\u0259r\u0259find\u0259n veril\u0259n q\u0259rara qar\u015f\u0131 etiraz edilsin, q\u0259rar\u0131n d\u0259yi\u015film\u0259si \u00fc\u00e7\u00fcn m\u0259hk\u0259m\u0259y\u0259 m\u00fcraci\u0259t olunsun. Bir s\u0131ra insanlar da var ki, onlar k\u00f6n\u00fcll\u00fc \u015f\u0259kild\u0259 Almaniyadan qay\u0131tmaq ist\u0259yirl\u0259r, bel\u0259 insanlar\u0131n say\u0131 da \u00e7oxdur. &nbsp;&nbsp;&nbsp;<\/p>\n\n\n\n<p><em>&#8211; H\u0259m d\u0259 Avropa \u0130ttifaq\u0131 il\u0259 Az\u0259rbaycan aras\u0131nda \u201cViza Sad\u0259l\u0259\u015fdirilm\u0259si v\u0259 Riadmisiya\u201d sazi\u015fi var, h\u00fcquq m\u00fcdafi\u0259 t\u0259\u015fkilatlar\u0131 h\u0259r iki t\u0259r\u0259fi s\u0259n\u0259din qoydu\u011fu \u00f6hd\u0259likl\u0259r\u0259 \u0259m\u0259l etm\u0259m\u0259kd\u0259 q\u0131nay\u0131rlar. Y\u0259ni 6 n\u0259f\u0259rin h\u0259bsini qabard\u0131rlar&#8230;<\/em><\/p>\n\n\n\n<p>&#8211; Siz dediyiniz sazi\u015f Avropa \u0130ttifaq\u0131yla imzalan\u0131b, bundan \u00e7\u0131x\u0131\u015f ed\u0259r\u0259k bir ne\u00e7\u0259 protokollar vard\u0131r. Art\u0131q Almaniya il\u0259 readmisiya haqq\u0131nda protokol i\u015fl\u0259nib haz\u0131rlan\u0131b v\u0259 q\u00fcvv\u0259y\u0259 minm\u0259kd\u0259dir. S\u00f6hb\u0259t ondan gedir ki, Almaniya h\u0259r bir halda protokolda qoyulan b\u00fct\u00fcn \u015f\u0259rtl\u0259r\u0259 v\u0259 z\u0259man\u0259tl\u0259r\u0259 riay\u0259t edir, \u0259sasl\u0131 olaraq onlar\u0131 yoxlay\u0131r. B\u0259z\u0259n olur ki, v\u0259t\u0259nda\u015f siyasi s\u0131\u011f\u0131nacaq \u00fc\u00e7\u00fcn m\u00fcraci\u0259t edir v\u0259 bundan sonra yoxlama apar\u0131l\u0131r. G\u00f6r\u00fcn\u00fcr ki, onun siyasi s\u0131\u011f\u0131nacaq almasi \u00fc\u00e7\u00fcn kifay\u0259t q\u0259d\u0259r faktlar\u0131 yoxdur. Bundan sonra hakiml\u0259r, &#8211; n\u0259z\u0259r\u0259 al\u0131n ki onlar azadd\u0131r v\u0259 d\u00f6vl\u0259t t\u0259r\u0259find\u0259n \u00e7\u0131x\u0131\u015f etmirl\u0259r, &#8211; q\u0259rar verirl\u0259r ki, bu adam\u0131n qa\u00e7q\u0131n statusu almas\u0131 \u00fc\u00e7\u00fcn kifay\u0259t q\u0259d\u0259r \u0259sas\u0131 yoxdur. Ancaq buna r\u0259\u011fm\u0259n h\u0259r bir \u015f\u0259xsin yenid\u0259n q\u0259rara qar\u015f\u0131 \u00e7\u0131x\u0131\u015f edib \u0259riz\u0259yl\u0259 m\u00fcraci\u0259t \u00fcnvanlamaq imkan\u0131 vard\u0131r. \u018fmin edir\u0259m ki, h\u0259r bir halda Almaniya sazi\u015fin b\u00fct\u00fcn b\u0259ndl\u0259rin\u0259 \u0259m\u0259l edir v\u0259 h\u0259r bir \u015feyi n\u0259z\u0259r\u0259 al\u0131r. Az\u0259rbaycanla bir \u00e7ox m\u00f6vzuda, o c\u00fcml\u0259d\u0259n, bu m\u00f6vzuda da m\u00fczakir\u0259l\u0259r apar\u0131l\u0131r. \u018fmin ola bil\u0259rsiniz ki, Almaniyadan Az\u0259rbaycana, Az\u0259rbaycandan Almaniyaya ged\u0259n y\u00fcks\u0259k r\u00fctb\u0259li adamlar\u0131n g\u00f6r\u00fc\u015fl\u0259rind\u0259 bu m\u00f6vzuya m\u00fctl\u0259q toxunulacaq. H\u0259r il h\u00f6kum\u0259tl\u0259raras\u0131 m\u0259sl\u0259h\u0259tl\u0259\u015fm\u0259l\u0259r h\u0259yata ke\u00e7irilir, burada da \u0259sas m\u00f6vzulardan biri bu m\u0259s\u0259l\u0259 olacaqd\u0131r.<\/p>\n\n\n\n<p><em>&#8211; S\u00f6hb\u0259timizi Da\u011fl\u0131q Qaraba\u011fla ba\u011fl\u0131 dan\u0131\u015f\u0131qlarla davam etdir\u0259k. Bildiyimiz\u0259 g\u00f6r\u0259, \u015eu\u015fada da olmusunuz. Avropa \u0130ttifaq\u0131 \u015euras\u0131n\u0131n Prezidenti \u015earl Mi\u015felin t\u0259\u015f\u0259bb\u00fcs\u00fcyl\u0259 Az\u0259rbaycan\u0131n v\u0259 Erm\u0259nistan\u0131n d\u00f6vl\u0259t ba\u015f\u00e7\u0131lar\u0131 aras\u0131ndan g\u00f6r\u00fc\u015f oldu. H\u0259min g\u00f6r\u00fc\u015f\u00fcn s\u0259h\u0259ri g\u00fcn\u00fc Rusiyan\u0131n xarici i\u015fl\u0259r naziri Sergey Lavrov \u00f6lk\u0259l\u0259rin xarici i\u015fl\u0259r nazirl\u0259ri il\u0259 telefonla dan\u0131\u015fd\u0131. Siz\u0259 el\u0259 g\u0259lmirmi dan\u0131\u015f\u0131qlarda Rusiya t\u0259r\u0259find\u0259n t\u0131xac yaran\u0131b?<\/em><\/p>\n\n\n\n<p>&#8211; Da\u011fl\u0131q Qaraba\u011f adlanan muxtar \u0259razid\u0259 ba\u015f ver\u0259n m\u00fcnaqi\u015f\u0259d\u0259n 30 il \u00f6t\u00fcb. Birinci m\u00fcharib\u0259 90-c\u0131 ill\u0259rd\u0259 olub v\u0259 ondan 30 il sonra ikinci sava\u015f olub. \u00d6t\u0259n m\u00fcdd\u0259td\u0259 d\u0259 h\u0259r iki t\u0259r\u0259fd\u0259 t\u0259bli\u011fat i\u015fl\u0259ri apar\u0131l\u0131b. G\u0259ncl\u0259r art\u0131q bir-birl\u0259rini yax\u015f\u0131 tan\u0131m\u0131rlar, ona g\u00f6r\u0259 g\u00f6zl\u0259m\u0259k sad\u0259l\u00f6vhl\u00fck olard\u0131 ki, 30 il t\u0259bli\u011fat \u0259sas\u0131nda m\u00f6hk\u0259ml\u0259nmi\u015f fikir bir ne\u00e7\u0259 il\u0259 aradan qald\u0131r\u0131ls\u0131n v\u0259 h\u0259r \u015fey rahatl\u0131qla ba\u015f tutsun. D\u00fc\u015f\u00fcn\u00fcr\u0259m ki, bu, \u00f6z\u00fc bir m\u00f6c\u00fcz\u0259dir ki, 2021-ci ilin dekabr\u0131nda \u015e\u0259rqi T\u0259r\u0259fda\u015fl\u0131q \u00e7\u0259r\u00e7iv\u0259sind\u0259 ke\u00e7iril\u0259n g\u00f6r\u00fc\u015f, sonra bu ilin aprelind\u0259 v\u0259 bir ne\u00e7\u0259 g\u00fcn \u0259vv\u0259l d\u00f6vl\u0259t ba\u015f\u00e7\u0131lar\u0131 aras\u0131ndak\u0131 g\u00f6r\u00fc\u015f zaman\u0131 kifay\u0259t q\u0259d\u0259r \u0259sas raz\u0131l\u0131qlar \u0259ld\u0259 edilib. Onu da ba\u015fa d\u00fc\u015f\u00fcb q\u0259bul etm\u0259liyik ki, Avropa \u0130ttifaq\u0131 \u015euras\u0131n\u0131n Prezidenti \u015earl Mi\u015fel t\u0259r\u0259find\u0259n apar\u0131lan g\u00f6r\u00fc\u015f o d\u0259qiq\u0259 Moskvan\u0131n r\u0259\u011fb\u0259ti il\u0259 qar\u015f\u0131lana bilm\u0259zdi. Amma m\u0259n \u00fcmid edir\u0259m, bu g\u00f6r\u00fc\u015fl\u0259r zaman\u0131 h\u0259r iki d\u00f6vl\u0259t ba\u015f\u00e7\u0131s\u0131 g\u00f6rd\u00fcl\u0259r ki, birba\u015fa dan\u0131\u015f\u0131qlar\u0131n apar\u0131lmas\u0131 v\u0259 bu dan\u0131\u015f\u0131qlar\u0131n Avropa qurumlar\u0131 t\u0259r\u0259find\u0259n m\u00fc\u015fayi\u0259t olunmas\u0131 daha effektiv olar. N\u0259inki bu vaxta q\u0259d\u0259r Moskvan\u0131n r\u0259hb\u0259rliyi il\u0259 apar\u0131lan dan\u0131\u015f\u0131qlar. Avropan\u0131n Rusiyaya nisb\u0259td\u0259 apard\u0131\u011f\u0131 dan\u0131\u015fqlar\u0131n f\u0259rqi ondan ibar\u0259tdir ki, bizim bu m\u0259s\u0259l\u0259d\u0259 v\u0259ziyy\u0259ti idar\u0259 etm\u0259k, g\u00f6st\u0259ri\u015f verm\u0259k, r\u0259hb\u0259rlik etm\u0259k kimi niyy\u0259timiz yoxdur. Amma h\u0259r iki d\u00f6vl\u0259t ba\u015f\u00e7\u0131s\u0131 da v\u0259 biz d\u0259 bilirik ki, Rusiyan\u0131n regionda h\u0259l\u0259 d\u0259 t\u0259siri m\u00f6vcuddur. Az\u0259rbaycan \u0259razisind\u0259 Rusiya ordusunun n\u00fcmay\u0259nd\u0259l\u0259ri var, Erm\u0259nistanda onlar\u0131n say\u0131 daha da \u00e7oxdur, Az\u0259rbaycana nisb\u0259td\u0259 orada Rusiyan\u0131n t\u0259siri dair\u0259si daha art\u0131qd\u0131r. \u018flb\u0259tt\u0259, h\u0259r iki d\u00f6vl\u0259t ba\u015f\u00e7\u0131s\u0131 bunu n\u0259z\u0259rl\u0259rind\u0259n qa\u00e7\u0131ra bilm\u0259z, \u0259ksin\u0259, n\u0259z\u0259r\u0259 almal\u0131 v\u0259 m\u00fcvafiq h\u0259r\u0259k\u0259t etm\u0259lidirl\u0259r. H\u0259m\u00e7inin qar\u015f\u0131da s\u0259rh\u0259d komissiyalar\u0131n\u0131n da zirv\u0259 g\u00f6r\u00fc\u015f\u00fcn\u00fcn ke\u00e7iril\u0259c\u0259yi, bir \u00e7ox m\u0259s\u0259l\u0259nin m\u00fczakir\u0259 olunaca\u011f\u0131 n\u0259z\u0259r\u0259 al\u0131nmal\u0131d\u0131r. Art\u0131q birba\u015fa dan\u0131\u015f\u0131qlar da t\u0259r\u0259fl\u0259ri Rusiyan\u0131n telefon z\u0259ngl\u0259rind\u0259n azad ed\u0259c\u0259k. Biz \u00e7ox ist\u0259rdik v\u0259 \u00fcmid ed\u0259rdik ki, h\u0259r iki d\u00f6vl\u0259t ba\u015f\u00e7\u0131s\u0131 dan\u0131\u015f\u0131qlarda Rusiyan\u0131n d\u0259yirman\u0131na su t\u00f6km\u0259sin. Bunun \u00fc\u00e7\u00fcn dan\u0131\u015f\u0131qlarda, s\u00f6zl\u0259rin se\u00e7imind\u0259 h\u0259ssas olmal\u0131, y\u0259ni b\u00f6htan dilind\u0259n istifad\u0259 etm\u0259m\u0259k daha yax\u015f\u0131 olard\u0131. Onlar bir-biril\u0259 el\u0259 s\u0259viyy\u0259d\u0259 dan\u0131\u015f\u0131qlar aparmal\u0131d\u0131rlar ki, bu s\u0259viyy\u0259 t\u0259dric\u0259n h\u0259r iki \u00f6lk\u0259nin c\u0259miyy\u0259tl\u0259rin\u0259 d\u0259 siray\u0259t etsin. \u018fg\u0259r liderl\u0259r g\u00f6r\u00fc\u015f\u00fcb dan\u0131\u015fa, fikir m\u00fcbadil\u0259si apara bilirl\u0259rs\u0259, raz\u0131l\u0131\u011fa g\u0259l\u0259 bilirl\u0259rs\u0259, bunu ictimaiyy\u0259t n\u00fcmay\u0259nd\u0259l\u0259ri d\u0259 bacara bil\u0259rl\u0259r. Bu da bir n\u00f6v \u00fcmid verm\u0259lidir ki, c\u0259miyy\u0259tl\u0259r art\u0131q bir-biril\u0259 \u0259laq\u0259y\u0259 girib, m\u00fcnasib\u0259tl\u0259r qursunlar. &nbsp;&nbsp;&nbsp;<\/p>\n\n\n\n<p><em>&#8211; C\u0259nab s\u0259fir, Az\u0259rbaycan\u0131n m\u00fcvafiq qurumlar\u0131n\u0131n Ox\u00e7u\u00e7ay\u0131n z\u0259h\u0259rl\u0259nm\u0259si il\u0259 ba\u011fl\u0131 Almaniyaya iradlar\u0131na m\u00fcnasib\u0259tiniz nec\u0259dir?<\/em><\/p>\n\n\n\n<p>&#8211; \u018fslind\u0259, bu m\u0259s\u0259l\u0259 v\u0259t\u0259nda\u015f c\u0259miyy\u0259tl\u0259rinin g\u00f6st\u0259rdiyi n\u00fcmun\u0259l\u0259rd\u0259n biridir. 2019-cu ild\u0259 Erm\u0259nistan\u0131n v\u0259t\u0259nda\u015f c\u0259miyy\u0259tinin \u00fczvl\u0259ri alman firmas\u0131n\u0131n ekologiyan\u0131 z\u0259h\u0259rl\u0259m\u0259si haqq\u0131nda m\u0259lumat verib v\u0259 qurumun dayand\u0131r\u0131lmas\u0131n\u0131 t\u0259l\u0259b edib. Misal \u00fc\u00e7\u00fcn, biz Az\u0259rbaycanda olan ekoaktivistl\u0259r\u0259 d\u0259 m\u00fcraci\u0259t etdik ki, onlar birba\u015fa Erm\u0259nistanda olan h\u0259mkarlar\u0131 il\u0259 \u0259laq\u0259 saxlas\u0131nlar, biz d\u0259 \u00f6z\u00fcm\u00fczd\u0259n as\u0131l\u0131 olan b\u00fct\u00fcn d\u0259st\u0259yi ver\u0259c\u0259yik. H\u0259m &nbsp;Federal Ekologiya Nazirliyi, h\u0259m G\u0130Z t\u0259\u015fkilat\u0131, h\u0259m d\u0259 BMT-nin ekelogiya proqram\u0131 \u00e7\u0259r\u00e7iv\u0259sind\u0259 bu m\u0259s\u0259l\u0259ni d\u0259st\u0259kl\u0259y\u0259k ki, h\u0259qiq\u0259t\u0259n d\u0259 \u00e7aylara \u00e7irkab sular\u0131n ax\u0131d\u0131lmas\u0131n\u0131n qar\u015f\u0131s\u0131 al\u0131ns\u0131n, d\u0259ymi\u015f z\u0259r\u0259r d\u0259 aradan qald\u0131r\u0131ls\u0131n. Bel\u0259likl\u0259, t\u0259mizl\u0259nmi\u015f su il\u0259 suvarma i\u015fl\u0259ri apar\u0131la bilsin. Bel\u0259 hallar olark\u0259n d\u0259rhal Cinay\u0259t M\u0259c\u0259ll\u0259sin\u0259 m\u00fcraci\u0259t edirl\u0259r, amma m\u0259suliyy\u0259t\u0259 c\u0259lb olunma \u00e7aylar\u0131n suyunun t\u0259mizl\u0259nm\u0259sin\u0259 g\u0259tirib \u00e7\u0131xarmayacaq. Ona g\u00f6r\u0259 \u00e7ox ist\u0259yirik ki, h\u0259r iki \u00f6lk\u0259nin ekologiya nazirl\u0259ri bir-biri il\u0259 \u0259laq\u0259 saxlas\u0131nlar, h\u0259r regionda \u00e7irkab\u0131n s\u0259viyy\u0259si m\u00fc\u0259yy\u0259nl\u0259\u015fdirilsin, hesabatlar toplas\u0131n v\u0259 tezlikl\u0259 d\u0259 \u00e7irkab sular\u0131n ax\u0131d\u0131lmas\u0131 dayand\u0131r\u0131ls\u0131n. Biz Almaniya olaraq bu m\u0259s\u0259l\u0259d\u0259 beyn\u0259lxalq t\u0259\u015fkilatlar\u0131n ekologiya proqramlar\u0131n\u0131 d\u0259st\u0259kl\u0259m\u0259y\u0259 haz\u0131r\u0131q. &nbsp;&nbsp;<\/p>\n\n\n\n<p><em>&#8211; Suallar\u0131m Rusiyan\u0131n Ukraynaya qar\u015f\u0131 i\u015f\u011fal sava\u015f\u0131 bar\u0259d\u0259 olacaq. Do\u011frudur, Almaniya Kansleri \u015eolts Ukrayna xalq\u0131na m\u00fcraci\u0259t edib n\u00f6vb\u0259ti d\u0259f\u0259 d\u0259st\u0259yini ifad\u0259 edib. Amma n\u0259d\u0259ns\u0259 Rusiyan\u0131n i\u015f\u011fal m\u00fcharib\u0259sind\u0259 daha \u00e7ox Almaniya v\u0259 Fransa &nbsp;g\u00fcnahland\u0131r\u0131l\u0131r, bu ittihamlar\u0131 nec\u0259 qiym\u0259tl\u0259ndirirsiniz?<\/em><\/p>\n\n\n\n<p>&#8211; Biz ilk n\u00f6vb\u0259d\u0259 ayd\u0131n \u015f\u0259kild\u0259 deyirik ki, Rusiya Ukraynaya h\u00fccum edib v\u0259 bu h\u00fccum \u00fc\u00e7\u00fcn he\u00e7 bir \u0259sas yox idi. Rusiya \u0259vv\u0259lki ill\u0259rd\u0259 Kr\u0131m\u0131, Donetsk v\u0259 Luqansk\u0131n\u0131 da i\u015f\u011fal yoluyla z\u0259bt edib. Bununla da Rusiya beyn\u0259lxalq h\u00fcquq normalar\u0131na zidd h\u0259r\u0259k\u0259t\u0259 yol verib. M\u00fcharib\u0259 \u0259r\u0259f\u0259sind\u0259 m\u00fc\u0259yy\u0259n fikirl\u0259r s\u0259sl\u0259nirdi ki, Avropa \u00f6lk\u0259l\u0259ri, o c\u00fcml\u0259d\u0259n, Almaniya 2014-c\u00fc ild\u0259 daha d\u00fczg\u00fcn v\u0259 s\u0259rt reaksiya verm\u0259mi\u015fdi. Amma art\u0131q bu m\u0259s\u0259l\u0259 federal kansler il\u0259 prezident Zelenski aras\u0131nda apar\u0131lan telefon dan\u0131\u015f\u0131\u011f\u0131 zaman\u0131 aradan qald\u0131r\u0131ld\u0131. 24 fevraldan \u0259vv\u0259l d\u0259 Almaniya h\u0259r bir zaman Ukraynan\u0131n \u0259razi b\u00fct\u00f6vl\u00fcy\u00fcn\u00fc d\u0259st\u0259kl\u0259yib, s\u0259rmay\u0259l\u0259rin bu \u00f6lk\u0259y\u0259 c\u0259lb olunmas\u0131na s\u0259y g\u00f6st\u0259rib v\u0259 insanlar aras\u0131nda daha isti m\u00fcnasib\u0259tl\u0259rin olmas\u0131 \u00fc\u00e7\u00fcn m\u00fcxt\u0259lif platformalar yaratm\u0131\u015fd\u0131. Bu m\u00fcharib\u0259 zaman\u0131 alman c\u0259miyy\u0259ti varg\u00fcc\u00fcyl\u0259 Ukraynan\u0131 d\u0259st\u0259kl\u0259m\u0259y\u0259 s\u0259f\u0259rb\u0259r olunub. \u015e\u0259xs\u0259n m\u0259nim Almaniyadak\u0131 evimd\u0259 ukraynal\u0131 valideynl\u0259r 3 u\u015fa\u011f\u0131yla qal\u0131r, onlar\u0131n t\u0259hsil, tibbi \u00e7\u0259tinlikl\u0259rini aradan qald\u0131rmaq \u00fc\u00e7\u00fcn biz s\u0259y g\u00f6st\u0259ririk. K\u00f6n\u00fcll\u00fcl\u0259rin say\u0131 da \u00e7oxdur. Onlar \u00f6z evl\u0259rind\u0259 ukraynal\u0131 ail\u0259l\u0259rini saxlay\u0131rlar, onlar\u0131n t\u0259hsili, i\u015fl\u0259 t\u0259min olunmas\u0131, tibbi ehtiyaclar\u0131n\u0131n \u00f6d\u0259nilm\u0259si il\u0259 m\u0259\u015f\u011ful olurlar. D\u00fc\u015f\u00fcn\u00fcr\u0259m ki, ukraynal\u0131lar Almaniya d\u00f6vl\u0259tinin onlarla h\u0259mr\u0259y oldu\u011funu ba\u015fa d\u00fc\u015f\u00fcr v\u0259 q\u0259bul edirl\u0259r. M\u00fcharib\u0259 ba\u015flayandan bug\u00fcn\u0259 q\u0259d\u0259r 400 min Ukrayna v\u0259t\u0259nda\u015f\u0131 qa\u00e7q\u0131n kimi Almaniyaya g\u0259lib. Bu g\u00fcn\u0259d\u0259k g\u00f6st\u0259ril\u0259n yard\u0131m 370 milyon avroya \u00e7atm\u0131\u015fd\u0131r.<\/p>\n\n\n\n<p><em>&#8211; 24 fevral m\u00fcharib\u0259sinin ba\u015flanmas\u0131 il\u0259 ba\u011fl\u0131 iki yana\u015fma var: Birincisi, Fransayla Almaniya Ukraynan\u0131n NATO-ya \u00fczvl\u00fcy\u00fcnd\u0259 m\u00fcsb\u0259t yana\u015fmamalar\u0131 indiki v\u0259ziyy\u0259t\u0259 g\u0259tirdi. \u0130kincisi, Rusiya Prezidenti Vladimir Putinin 2007-ci il M\u00fcnhen \u00e7\u0131x\u0131\u015f\u0131na ciddi reaksiya olsayd\u0131, indiki v\u0259ziyy\u0259t yaranmazd\u0131. Bu y\u00f6nd\u0259 ittihamlar \u0259sasl\u0131d\u0131rm\u0131?<\/em><\/p>\n\n\n\n<p>&#8211; &nbsp;Dey\u0259 bilm\u0259r\u0259m ki, o vaxt bel\u0259 reaksiya olsayd\u0131, indi nec\u0259 olard\u0131. \u00dcmumiyy\u0259tl\u0259, NATO-ya yeni d\u00f6vl\u0259tin q\u0259bulu ill\u0259rboyu davam ed\u0259n prosesdir, buna \u0259m\u0259k s\u0259rf olunmal\u0131d\u0131r. M\u0259s\u0259l\u0259n, 90-c\u0131 ill\u0259rd\u0259 NATO-nun \u015e\u0259rq istiqam\u0259tind\u0259 geni\u015fl\u0259nm\u0259sin\u0259 b\u00f6y\u00fck \u0259m\u0259k s\u0259rf olunmu\u015fdu, uzun proses ke\u00e7ildi. NATO-ya giri\u015f o dem\u0259k deyil ki, quruma \u00fczv oldun, AB\u015e atom silah\u0131n\u0131 h\u0259min \u00f6lk\u0259 \u00fc\u00e7\u00fcn qalxan ed\u0259c\u0259kdir. NATO-ya \u00fczvl\u00fck o dem\u0259kdir ki, ham\u0131s\u0131 eyni v\u0259 b\u0259rab\u0259r h\u00fcquqa malik toplu yarats\u0131nlar v\u0259 bir-birini d\u0259st\u0259kl\u0259sinl\u0259r. \u00d6z \u00f6lk\u0259l\u0259rinin \u0259n gizli, sirli m\u00f6vzusu olan silahlanma v\u0259 m\u00fcdafi\u0259 sistemi bar\u0259d\u0259 m\u0259lumatlar\u0131 m\u00fcbadil\u0259 \u015f\u0259klind\u0259 bir-biriyl\u0259 payla\u015fs\u0131nlar. H\u0259m\u00e7inin daxil olduqlar\u0131 t\u0259\u015fkilata laz\u0131m\u0131 investiya qoymaq iqtidar\u0131nda olsunlar. &nbsp;2014-c\u00fc il v\u0259 ondan \u0259vv\u0259l G\u00fcrc\u00fcstana h\u00fccumdan sonra h\u0259r iki \u00f6lk\u0259d\u0259 m\u00fc\u0259yy\u0259n dinamiklik hiss olunurdu. Amma sonradan at\u0131lan da\u015f topu\u011fa d\u0259y\u0259r, b\u0259lk\u0259 bu g\u00fcn fikirl\u0259\u015fs\u0259k ki, o zaman bel\u0259 ets\u0259ydik, ba\u015fqa c\u00fcr olard\u0131, bunu indi dem\u0259k \u00e7\u0259tin olar. Hadis\u0259 ba\u015f ver\u0259nd\u0259n sonra h\u0259mi\u015f\u0259 yeni ideyalar g\u0259lir, daha a\u011f\u0131ll\u0131 fikirl\u0259r ir\u0259li s\u00fcr\u00fcl\u00fcr. Amma o zaman \u00fc\u00e7\u00fcn veril\u0259n q\u0259rarlar g\u00f6r\u00fcn\u00fcr o vaxt \u00fc\u00e7\u00fcn m\u0259qbul olan q\u0259rarlar idi. &nbsp;&nbsp;&nbsp;&nbsp;&nbsp;&nbsp;&nbsp;&nbsp;&nbsp;<\/p>\n\n\n\n<p><em>&#8211;&nbsp;Bir s\u0131ra ciddi ekspertl\u0259r Almaniya v\u0259 Fransan\u0131n Ukraynan\u0131n qalib g\u0259lm\u0259k ist\u0259m\u0259dikl\u0259rini deyirl\u0259r. M\u0259s\u0259l\u0259n, t\u0259hlil\u00e7i Piantkovskiy bildirir ki, \u0259g\u0259r Ukrayna qalib olsa, beyn\u0259lxalq m\u00fcnasib\u0259tl\u0259r yenid\u0259n formatlanacaq. N\u0259tic\u0259d\u0259 d\u00fcnyada \u0259sas 3 d\u00f6vl\u0259t s\u00f6z sahibi olacaq: AB\u015e, B\u00f6y\u00fck Britaniya v\u0259 Ukrayna. Y\u0259ni Almaniya \u0259vv\u0259lki kimi Moskvadan qaz v\u0259 neft ala bilm\u0259y\u0259c\u0259k. Bu bar\u0259d\u0259 n\u0259 dey\u0259 bil\u0259rsiniz?<\/em><\/p>\n\n\n\n<p>&#8211; \u018flb\u0259tt\u0259, bir \u00e7ox m\u00fct\u0259x\u0259ssis v\u0259 ekspert \u201eg\u00fcnl\u0259ri uzun olanda\u201c \u00e7ox fikirl\u0259r s\u0259sl\u0259ndir\u0259 bil\u0259rl\u0259r. M\u0259n siz\u0259 bir g\u00fcn \u0259vv\u0259l Avropa \u0130ttifaq\u0131n\u0131n g\u0259mil\u0259rd\u0259n neftin da\u015f\u0131nmas\u0131na qada\u011fa qoyuldu\u011funu dey\u0259 bil\u0259r\u0259m.&nbsp; B\u0259li, Avropa \u0130ttifaq\u0131n\u0131n \u00fczvl\u0259rind\u0259n biri deyir ki, neftsiz qala bilm\u0259z. Ona g\u00f6r\u0259 neft k\u0259m\u0259rl\u0259ri il\u0259 olan da\u015f\u0131nmaya icaz\u0259 verildi. Amma Almaniya art\u0131q \u00f6z\u00fcn\u00fc f\u00f6vq\u0259lad\u0259 hal \u00fc\u00e7\u00fcn haz\u0131r edib v\u0259 Rusiyadan g\u0259l\u0259n neft v\u0259 qazdan imtina etm\u0259y\u0259 raz\u0131d\u0131r. Bunun \u00fc\u00e7\u00fcn Almaniyan\u0131n f\u00f6vq\u0259lad\u0259 hallar \u00fc\u00e7\u00fcn proqram\u0131 var ki, t\u0259tbiq edil\u0259c\u0259kdir. \u018flb\u0259tt\u0259, qiym\u0259tl\u0259r qalx\u0131r v\u0259 bu, davam ed\u0259c\u0259k, asan proses olmayacaq. Amma biz buna haz\u0131r\u0131q. Yax\u015f\u0131 olard\u0131, m\u00fct\u0259x\u0259sisl\u0259r bel\u0259 fikirl\u0259r y\u00fcr\u00fcd\u0259rk\u0259n faktlara \u0259saslanard\u0131lar, y\u0259ni Almaniya v\u0259 Fransa Ukraynan\u0131n qalib g\u0259lm\u0259sin\u0259 maraql\u0131 olmamas\u0131 bar\u0259d\u0259 m\u00f6vqe yoxdur. N\u0259z\u0259r\u0259 alaq ki, Rusiya da t\u0259bli\u011fat ma\u015f\u0131n\u0131n\u0131 i\u015f\u0259 salmaq \u00fc\u00e7\u00fcn \u0259m\u0259k s\u0259rf edir. Bununla da Avropa \u0130ttifaq\u0131 \u00f6lk\u0259l\u0259ri, dost \u00f6lk\u0259l\u0259r i\u00e7\u0259risind\u0259 nifaq, fikir ayr\u0131l\u0131\u011f\u0131 yaratma\u011fa \u00e7al\u0131\u015f\u0131r. Ona g\u00f6r\u0259 bu c\u00fcr yalan m\u0259lumatlar mediaya s\u0131zd\u0131r\u0131l\u0131r ki, guya Almaniya v\u0259 Fransa Ukraynan\u0131n qalibiyy\u0259tini ist\u0259mirl\u0259r, bunlar h\u0259qiq\u0259t\u0259uy\u011fun deyil. H\u0259r bir halda Almaniya ayd\u0131n \u015f\u0259kild\u0259 bildirib ki, b\u00fct\u00fcn Rusiyadan g\u0259l\u0259n qaz n\u0259 neft xammal\u0131ndan imtinaya haz\u0131rd\u0131r. N\u0259z\u0259r\u0259 alsaq ki, Rusiya bug\u00fcn\u0259 q\u0259d\u0259r Avropa \u0130ttifaq\u0131na y\u00f6n\u0259ltdiyi neft v\u0259 qaz\u0131n yaln\u0131z 10 faizini y\u00f6n\u0259ld\u0259 bil\u0259c\u0259kdir, biz buna birlikd\u0259 nail olmu\u015fuq.<\/p>\n\n\n\n<p><em>&#8211; Art\u0131q postsovet m\u0259kan\u0131nda v\u0259 Avropan\u0131n qon\u015flu\u011funda 3 aydan \u00e7oxdur m\u00fcharib\u0259 gedir. D\u00fcnya \u00f6t\u0259n \u0259srin 30-40-c\u0131 ill\u0259rinin v\u0259h\u015f\u0259tini yenid\u0259n ya\u015fayacaqm\u0131? M\u0259n bu s\u0131rada \u0259rzaq q\u0131tl\u0131\u011f\u0131n\u0131 da n\u0259z\u0259rd\u0259 tuturam&#8230;<\/em><\/p>\n\n\n\n<p>&#8211; Biz bir \u015feyi d\u0259qiql\u0259\u015fdirm\u0259liyik ki, \u00f6lk\u0259d\u0259 ba\u015f ver\u0259n iqtisadi b\u00f6hran\u0131n, \u0259rzaq m\u0259hsullar\u0131n\u0131n \u00e7at\u0131\u015fmazl\u0131\u011f\u0131n\u0131n \u0259sas s\u0259b\u0259bkar\u0131 Rusiyaya qar\u015f\u0131 ir\u0259li s\u00fcr\u00fcl\u0259n sanksiyalar deyil. \u018fsas s\u0259b\u0259b Rusyan\u0131n ba\u015fqa \u00f6lk\u0259nin s\u0259rh\u0259dl\u0259rini pozub ora h\u00fccum etm\u0259sidir. \u018fg\u0259r Rusiya sabah h\u0259rbi hey\u0259tini geri \u00e7a\u011f\u0131rsa, d\u0259rhal sanksiyalar dayanacaq v\u0259 bu \u00f6lk\u0259nin \u00f6z\u00fcn\u00fcn d\u0259 istehsal etdiyi m\u0259hsullar sat\u0131\u015fa burax\u0131lacaq. \u0130ndiki b\u00f6hran ilk n\u00f6vb\u0259d\u0259 Rusiyadan as\u0131l\u0131d\u0131r. Y\u0259ni b\u00f6hran\u0131n s\u0259b\u0259bkar\u0131 d\u00fcnya v\u0259 Avropa \u00f6lk\u0259l\u0259ri yox, m\u0259hz Rusiyad\u0131r. \u0130qtisadi b\u00f6hran\u0131n n\u0259tic\u0259l\u0259rind\u0259n dan\u0131\u015f\u0131r\u0131qsa, bu yax\u0131nlarda kanslerin m\u00fcavini Robert Habekin D\u00fcnya \u0130qtisadi Forumunda i\u015fl\u0259tdiyi qlobalizasiya termini xat\u0131rlatmal\u0131yam. Robert Habek demi\u015fdi ki, qlobalizasiya h\u0259r hans\u0131 \u00f6lk\u0259d\u0259 b\u00f6y\u00fck \u015firk\u0259tl\u0259rin etdikl\u0259ri q\u00fcsurlara g\u00f6z yumaraq onlar\u0131 d\u0259st\u0259kl\u0259m\u0259k anlam\u0131na g\u0259lm\u0259m\u0259lidir. Y\u0259ni qlobalizasiya varl\u0131lar\u0131 daha da varland\u0131r\u0131b v\u0259 b\u00f6y\u00fck \u015firk\u0259tl\u0259ri d\u0259st\u0259kl\u0259yib h\u00fcquq pozuntular\u0131n\u0131n qa\u00e7\u0131r\u0131lmas\u0131 deyil. Qlobalizasiya blokla\u015fma yaratmadan b\u00fct\u00fcn \u00f6lk\u0259l\u0259rin \u0259m\u0259kda\u015fl\u0131\u011f\u0131 v\u0259 a\u00e7\u0131q m\u00fcbadil\u0259si dem\u0259kdir. Haz\u0131rda d\u00fcnya iqtisadiyyat\u0131 kifay\u0259t q\u0259d\u0259r m\u00f6hk\u0259mdir v\u0259 Avropa \u0259razisind\u0259 ba\u015f ver\u0259n m\u00fcharib\u0259 zaman\u0131 bel\u0259 f\u0259aliyy\u0259tini davam etdirm\u0259k iqtidar\u0131ndad\u0131r. \u00d6t\u0259n \u0259srin 30-40-c\u0131 ill\u0259rind\u0259ki b\u00f6hran\u0131n s\u0259b\u0259bl\u0259ri tamamil\u0259 ba\u015fqayd\u0131, o zaman b\u00f6hran m\u00fcharib\u0259 s\u0259b\u0259bind\u0259n ba\u015f tutmam\u0131\u015fd\u0131. Bir \u00e7ox s\u0259b\u0259b vard\u0131, \u0259n \u0259sas\u0131 \u00e7at\u0131\u015fmayan idar\u0259\u00e7ilik. Bu g\u00fcn is\u0259 m\u00fcharib\u0259nin d\u0259 \u00f6hd\u0259sind\u0259n g\u0259l\u0259c\u0259yik, iqtisadiyyat da ona d\u00f6z\u0259c\u0259k. Haz\u0131rda Almaniya v\u0259 Amerikada pe\u015f\u0259 t\u0259hsili olan i\u015f\u00e7il\u0259rin say\u0131nda \u00e7at\u0131\u015fmazl\u0131q var, i\u015fsizl\u0259rin say\u0131nda yox.<\/p>\n","protected":false},"excerpt":{"rendered":"","protected":false},"author":14,"featured_media":247296,"comment_status":"closed","ping_status":"closed","sticky":false,"template":"","format":"standard","meta":{"_acf_changed":false,"_sitemap_exclude":false,"_sitemap_priority":"","_sitemap_frequency":"","footnotes":""},"categories":[79,63],"tags":[],"class_list":["post-247172","post","type-post","status-publish","format-standard","has-post-thumbnail","hentry","category-featured","category-video-2","infinite-scroll-item","generate-columns","tablet-grid-50","mobile-grid-100","grid-parent","grid-33","no-featured-image-padding"],"acf":[],"yoast_head":"<!-- This site is optimized with the Yoast SEO plugin v27.5 - https:\/\/yoast.com\/product\/yoast-seo-wordpress\/ -->\n<title>Almaniyan\u0131n Az\u0259rbaycandak\u0131 s\u0259firi:\u00a0\u201eM\u0259n h\u0259bs\u0259 d\u00fc\u015f\u0259n \u015f\u0259xsl\u0259rin ail\u0259 \u00fczvl\u0259rini \u0259min ed\u0259 bil\u0259r\u0259m ki\u2026\u201d - MEYDAN.TV<\/title>\n<meta name=\"robots\" content=\"index, follow, max-snippet:-1, max-image-preview:large, max-video-preview:-1\" \/>\n<link rel=\"canonical\" href=\"https:\/\/www.meydan.tv\/az\/article\/almaniyanin-azerbaycandaki-sefiri-men-hebse-dusen-sexslerin-aile-uzvlerini-emin-ede-bilerem-ki\/\" \/>\n<meta property=\"og:locale\" content=\"az_AZ\" \/>\n<meta property=\"og:type\" content=\"article\" \/>\n<meta property=\"og:title\" content=\"Almaniyan\u0131n Az\u0259rbaycandak\u0131 s\u0259firi:\u00a0\u201eM\u0259n h\u0259bs\u0259 d\u00fc\u015f\u0259n \u015f\u0259xsl\u0259rin ail\u0259 \u00fczvl\u0259rini \u0259min ed\u0259 bil\u0259r\u0259m ki\u2026\u201d - MEYDAN.TV\" \/>\n<meta property=\"og:url\" content=\"https:\/\/www.meydan.tv\/az\/article\/almaniyanin-azerbaycandaki-sefiri-men-hebse-dusen-sexslerin-aile-uzvlerini-emin-ede-bilerem-ki\/\" \/>\n<meta property=\"og:site_name\" content=\"MEYDAN.TV\" \/>\n<meta property=\"article:published_time\" content=\"2022-06-03T07:46:49+00:00\" \/>\n<meta property=\"article:modified_time\" content=\"2022-06-03T08:29:07+00:00\" \/>\n<meta property=\"og:image\" content=\"https:\/\/www.meydan.tv\/wp-content\/uploads\/screenshot-at-jun-03-00-27-33.png\" \/>\n\t<meta property=\"og:image:width\" content=\"1116\" \/>\n\t<meta property=\"og:image:height\" content=\"628\" \/>\n\t<meta property=\"og:image:type\" content=\"image\/png\" \/>\n<meta name=\"author\" content=\"roma\" \/>\n<meta name=\"twitter:card\" content=\"summary_large_image\" \/>\n<script type=\"application\/ld+json\" class=\"yoast-schema-graph\">{\"@context\":\"https:\\\/\\\/schema.org\",\"@graph\":[{\"@type\":\"Article\",\"@id\":\"https:\\\/\\\/www.meydan.tv\\\/az\\\/article\\\/almaniyanin-azerbaycandaki-sefiri-men-hebse-dusen-sexslerin-aile-uzvlerini-emin-ede-bilerem-ki\\\/#article\",\"isPartOf\":{\"@id\":\"https:\\\/\\\/www.meydan.tv\\\/az\\\/article\\\/almaniyanin-azerbaycandaki-sefiri-men-hebse-dusen-sexslerin-aile-uzvlerini-emin-ede-bilerem-ki\\\/\"},\"author\":{\"name\":\"roma\",\"@id\":\"https:\\\/\\\/www.meydan.tv\\\/az\\\/#\\\/schema\\\/person\\\/8f23e01c4de63326c13c319fb65ee65d\"},\"headline\":\"Almaniyan\u0131n Az\u0259rbaycandak\u0131 s\u0259firi:\u00a0\u201eM\u0259n h\u0259bs\u0259 d\u00fc\u015f\u0259n \u015f\u0259xsl\u0259rin ail\u0259 \u00fczvl\u0259rini \u0259min ed\u0259 bil\u0259r\u0259m ki\u2026\u201d\",\"datePublished\":\"2022-06-03T07:46:49+00:00\",\"dateModified\":\"2022-06-03T08:29:07+00:00\",\"mainEntityOfPage\":{\"@id\":\"https:\\\/\\\/www.meydan.tv\\\/az\\\/article\\\/almaniyanin-azerbaycandaki-sefiri-men-hebse-dusen-sexslerin-aile-uzvlerini-emin-ede-bilerem-ki\\\/\"},\"wordCount\":4879,\"publisher\":{\"@id\":\"https:\\\/\\\/www.meydan.tv\\\/az\\\/#organization\"},\"image\":{\"@id\":\"https:\\\/\\\/www.meydan.tv\\\/az\\\/article\\\/almaniyanin-azerbaycandaki-sefiri-men-hebse-dusen-sexslerin-aile-uzvlerini-emin-ede-bilerem-ki\\\/#primaryimage\"},\"thumbnailUrl\":\"https:\\\/\\\/www.meydan.tv\\\/wp-content\\\/uploads\\\/screenshot-at-jun-03-00-27-33.png\",\"articleSection\":[\"T\u00f6vsiy\u0259\",\"Video\"],\"inLanguage\":\"az\"},{\"@type\":\"WebPage\",\"@id\":\"https:\\\/\\\/www.meydan.tv\\\/az\\\/article\\\/almaniyanin-azerbaycandaki-sefiri-men-hebse-dusen-sexslerin-aile-uzvlerini-emin-ede-bilerem-ki\\\/\",\"url\":\"https:\\\/\\\/www.meydan.tv\\\/az\\\/article\\\/almaniyanin-azerbaycandaki-sefiri-men-hebse-dusen-sexslerin-aile-uzvlerini-emin-ede-bilerem-ki\\\/\",\"name\":\"Almaniyan\u0131n Az\u0259rbaycandak\u0131 s\u0259firi:\u00a0\u201eM\u0259n h\u0259bs\u0259 d\u00fc\u015f\u0259n \u015f\u0259xsl\u0259rin ail\u0259 \u00fczvl\u0259rini \u0259min ed\u0259 bil\u0259r\u0259m ki\u2026\u201d - MEYDAN.TV\",\"isPartOf\":{\"@id\":\"https:\\\/\\\/www.meydan.tv\\\/az\\\/#website\"},\"primaryImageOfPage\":{\"@id\":\"https:\\\/\\\/www.meydan.tv\\\/az\\\/article\\\/almaniyanin-azerbaycandaki-sefiri-men-hebse-dusen-sexslerin-aile-uzvlerini-emin-ede-bilerem-ki\\\/#primaryimage\"},\"image\":{\"@id\":\"https:\\\/\\\/www.meydan.tv\\\/az\\\/article\\\/almaniyanin-azerbaycandaki-sefiri-men-hebse-dusen-sexslerin-aile-uzvlerini-emin-ede-bilerem-ki\\\/#primaryimage\"},\"thumbnailUrl\":\"https:\\\/\\\/www.meydan.tv\\\/wp-content\\\/uploads\\\/screenshot-at-jun-03-00-27-33.png\",\"datePublished\":\"2022-06-03T07:46:49+00:00\",\"dateModified\":\"2022-06-03T08:29:07+00:00\",\"breadcrumb\":{\"@id\":\"https:\\\/\\\/www.meydan.tv\\\/az\\\/article\\\/almaniyanin-azerbaycandaki-sefiri-men-hebse-dusen-sexslerin-aile-uzvlerini-emin-ede-bilerem-ki\\\/#breadcrumb\"},\"inLanguage\":\"az\",\"potentialAction\":[{\"@type\":\"ReadAction\",\"target\":[\"https:\\\/\\\/www.meydan.tv\\\/az\\\/article\\\/almaniyanin-azerbaycandaki-sefiri-men-hebse-dusen-sexslerin-aile-uzvlerini-emin-ede-bilerem-ki\\\/\"]}]},{\"@type\":\"ImageObject\",\"inLanguage\":\"az\",\"@id\":\"https:\\\/\\\/www.meydan.tv\\\/az\\\/article\\\/almaniyanin-azerbaycandaki-sefiri-men-hebse-dusen-sexslerin-aile-uzvlerini-emin-ede-bilerem-ki\\\/#primaryimage\",\"url\":\"https:\\\/\\\/www.meydan.tv\\\/wp-content\\\/uploads\\\/screenshot-at-jun-03-00-27-33.png\",\"contentUrl\":\"https:\\\/\\\/www.meydan.tv\\\/wp-content\\\/uploads\\\/screenshot-at-jun-03-00-27-33.png\",\"width\":1116,\"height\":628},{\"@type\":\"BreadcrumbList\",\"@id\":\"https:\\\/\\\/www.meydan.tv\\\/az\\\/article\\\/almaniyanin-azerbaycandaki-sefiri-men-hebse-dusen-sexslerin-aile-uzvlerini-emin-ede-bilerem-ki\\\/#breadcrumb\",\"itemListElement\":[{\"@type\":\"ListItem\",\"position\":1,\"name\":\"Ana s\u0259hif\u0259\",\"item\":\"https:\\\/\\\/www.meydan.tv\\\/az\\\/\"},{\"@type\":\"ListItem\",\"position\":2,\"name\":\"Video\",\"item\":\"https:\\\/\\\/www.meydan.tv\\\/az\\\/section\\\/video-2\\\/\"},{\"@type\":\"ListItem\",\"position\":3,\"name\":\"Almaniyan\u0131n Az\u0259rbaycandak\u0131 s\u0259firi:\u00a0\u201eM\u0259n h\u0259bs\u0259 d\u00fc\u015f\u0259n \u015f\u0259xsl\u0259rin ail\u0259 \u00fczvl\u0259rini \u0259min ed\u0259 bil\u0259r\u0259m ki\u2026\u201d\"}]},{\"@type\":\"WebSite\",\"@id\":\"https:\\\/\\\/www.meydan.tv\\\/az\\\/#website\",\"url\":\"https:\\\/\\\/www.meydan.tv\\\/az\\\/\",\"name\":\"MEYDAN.TV\",\"description\":\"Meydan TV Az\u0259rbaycan\u0131n media m\u0259kan\u0131ndak\u0131 alternativ s\u0259sidir\",\"publisher\":{\"@id\":\"https:\\\/\\\/www.meydan.tv\\\/az\\\/#organization\"},\"potentialAction\":[{\"@type\":\"SearchAction\",\"target\":{\"@type\":\"EntryPoint\",\"urlTemplate\":\"https:\\\/\\\/www.meydan.tv\\\/az\\\/?s={search_term_string}\"},\"query-input\":{\"@type\":\"PropertyValueSpecification\",\"valueRequired\":true,\"valueName\":\"search_term_string\"}}],\"inLanguage\":\"az\"},{\"@type\":\"Organization\",\"@id\":\"https:\\\/\\\/www.meydan.tv\\\/az\\\/#organization\",\"name\":\"Meydan TV\",\"url\":\"https:\\\/\\\/www.meydan.tv\\\/az\\\/\",\"logo\":{\"@type\":\"ImageObject\",\"inLanguage\":\"az\",\"@id\":\"https:\\\/\\\/www.meydan.tv\\\/az\\\/#\\\/schema\\\/logo\\\/image\\\/\",\"url\":\"https:\\\/\\\/www.meydan.tv\\\/wp-content\\\/uploads\\\/2021\\\/07\\\/meydan-logo.svg\",\"contentUrl\":\"https:\\\/\\\/www.meydan.tv\\\/wp-content\\\/uploads\\\/2021\\\/07\\\/meydan-logo.svg\",\"width\":195,\"height\":46,\"caption\":\"Meydan TV\"},\"image\":{\"@id\":\"https:\\\/\\\/www.meydan.tv\\\/az\\\/#\\\/schema\\\/logo\\\/image\\\/\"}},{\"@type\":\"Person\",\"@id\":\"https:\\\/\\\/www.meydan.tv\\\/az\\\/#\\\/schema\\\/person\\\/8f23e01c4de63326c13c319fb65ee65d\",\"name\":\"roma\"}]}<\/script>\n<!-- \/ Yoast SEO plugin. -->","yoast_head_json":{"title":"Almaniyan\u0131n Az\u0259rbaycandak\u0131 s\u0259firi:\u00a0\u201eM\u0259n h\u0259bs\u0259 d\u00fc\u015f\u0259n \u015f\u0259xsl\u0259rin ail\u0259 \u00fczvl\u0259rini \u0259min ed\u0259 bil\u0259r\u0259m ki\u2026\u201d - MEYDAN.TV","robots":{"index":"index","follow":"follow","max-snippet":"max-snippet:-1","max-image-preview":"max-image-preview:large","max-video-preview":"max-video-preview:-1"},"canonical":"https:\/\/www.meydan.tv\/az\/article\/almaniyanin-azerbaycandaki-sefiri-men-hebse-dusen-sexslerin-aile-uzvlerini-emin-ede-bilerem-ki\/","og_locale":"az_AZ","og_type":"article","og_title":"Almaniyan\u0131n Az\u0259rbaycandak\u0131 s\u0259firi:\u00a0\u201eM\u0259n h\u0259bs\u0259 d\u00fc\u015f\u0259n \u015f\u0259xsl\u0259rin ail\u0259 \u00fczvl\u0259rini \u0259min ed\u0259 bil\u0259r\u0259m ki\u2026\u201d - MEYDAN.TV","og_url":"https:\/\/www.meydan.tv\/az\/article\/almaniyanin-azerbaycandaki-sefiri-men-hebse-dusen-sexslerin-aile-uzvlerini-emin-ede-bilerem-ki\/","og_site_name":"MEYDAN.TV","article_published_time":"2022-06-03T07:46:49+00:00","article_modified_time":"2022-06-03T08:29:07+00:00","og_image":[{"width":1116,"height":628,"url":"https:\/\/www.meydan.tv\/wp-content\/uploads\/screenshot-at-jun-03-00-27-33.png","type":"image\/png"}],"author":"roma","twitter_card":"summary_large_image","schema":{"@context":"https:\/\/schema.org","@graph":[{"@type":"Article","@id":"https:\/\/www.meydan.tv\/az\/article\/almaniyanin-azerbaycandaki-sefiri-men-hebse-dusen-sexslerin-aile-uzvlerini-emin-ede-bilerem-ki\/#article","isPartOf":{"@id":"https:\/\/www.meydan.tv\/az\/article\/almaniyanin-azerbaycandaki-sefiri-men-hebse-dusen-sexslerin-aile-uzvlerini-emin-ede-bilerem-ki\/"},"author":{"name":"roma","@id":"https:\/\/www.meydan.tv\/az\/#\/schema\/person\/8f23e01c4de63326c13c319fb65ee65d"},"headline":"Almaniyan\u0131n Az\u0259rbaycandak\u0131 s\u0259firi:\u00a0\u201eM\u0259n h\u0259bs\u0259 d\u00fc\u015f\u0259n \u015f\u0259xsl\u0259rin ail\u0259 \u00fczvl\u0259rini \u0259min ed\u0259 bil\u0259r\u0259m ki\u2026\u201d","datePublished":"2022-06-03T07:46:49+00:00","dateModified":"2022-06-03T08:29:07+00:00","mainEntityOfPage":{"@id":"https:\/\/www.meydan.tv\/az\/article\/almaniyanin-azerbaycandaki-sefiri-men-hebse-dusen-sexslerin-aile-uzvlerini-emin-ede-bilerem-ki\/"},"wordCount":4879,"publisher":{"@id":"https:\/\/www.meydan.tv\/az\/#organization"},"image":{"@id":"https:\/\/www.meydan.tv\/az\/article\/almaniyanin-azerbaycandaki-sefiri-men-hebse-dusen-sexslerin-aile-uzvlerini-emin-ede-bilerem-ki\/#primaryimage"},"thumbnailUrl":"https:\/\/www.meydan.tv\/wp-content\/uploads\/screenshot-at-jun-03-00-27-33.png","articleSection":["T\u00f6vsiy\u0259","Video"],"inLanguage":"az"},{"@type":"WebPage","@id":"https:\/\/www.meydan.tv\/az\/article\/almaniyanin-azerbaycandaki-sefiri-men-hebse-dusen-sexslerin-aile-uzvlerini-emin-ede-bilerem-ki\/","url":"https:\/\/www.meydan.tv\/az\/article\/almaniyanin-azerbaycandaki-sefiri-men-hebse-dusen-sexslerin-aile-uzvlerini-emin-ede-bilerem-ki\/","name":"Almaniyan\u0131n Az\u0259rbaycandak\u0131 s\u0259firi:\u00a0\u201eM\u0259n h\u0259bs\u0259 d\u00fc\u015f\u0259n \u015f\u0259xsl\u0259rin ail\u0259 \u00fczvl\u0259rini \u0259min ed\u0259 bil\u0259r\u0259m ki\u2026\u201d - MEYDAN.TV","isPartOf":{"@id":"https:\/\/www.meydan.tv\/az\/#website"},"primaryImageOfPage":{"@id":"https:\/\/www.meydan.tv\/az\/article\/almaniyanin-azerbaycandaki-sefiri-men-hebse-dusen-sexslerin-aile-uzvlerini-emin-ede-bilerem-ki\/#primaryimage"},"image":{"@id":"https:\/\/www.meydan.tv\/az\/article\/almaniyanin-azerbaycandaki-sefiri-men-hebse-dusen-sexslerin-aile-uzvlerini-emin-ede-bilerem-ki\/#primaryimage"},"thumbnailUrl":"https:\/\/www.meydan.tv\/wp-content\/uploads\/screenshot-at-jun-03-00-27-33.png","datePublished":"2022-06-03T07:46:49+00:00","dateModified":"2022-06-03T08:29:07+00:00","breadcrumb":{"@id":"https:\/\/www.meydan.tv\/az\/article\/almaniyanin-azerbaycandaki-sefiri-men-hebse-dusen-sexslerin-aile-uzvlerini-emin-ede-bilerem-ki\/#breadcrumb"},"inLanguage":"az","potentialAction":[{"@type":"ReadAction","target":["https:\/\/www.meydan.tv\/az\/article\/almaniyanin-azerbaycandaki-sefiri-men-hebse-dusen-sexslerin-aile-uzvlerini-emin-ede-bilerem-ki\/"]}]},{"@type":"ImageObject","inLanguage":"az","@id":"https:\/\/www.meydan.tv\/az\/article\/almaniyanin-azerbaycandaki-sefiri-men-hebse-dusen-sexslerin-aile-uzvlerini-emin-ede-bilerem-ki\/#primaryimage","url":"https:\/\/www.meydan.tv\/wp-content\/uploads\/screenshot-at-jun-03-00-27-33.png","contentUrl":"https:\/\/www.meydan.tv\/wp-content\/uploads\/screenshot-at-jun-03-00-27-33.png","width":1116,"height":628},{"@type":"BreadcrumbList","@id":"https:\/\/www.meydan.tv\/az\/article\/almaniyanin-azerbaycandaki-sefiri-men-hebse-dusen-sexslerin-aile-uzvlerini-emin-ede-bilerem-ki\/#breadcrumb","itemListElement":[{"@type":"ListItem","position":1,"name":"Ana s\u0259hif\u0259","item":"https:\/\/www.meydan.tv\/az\/"},{"@type":"ListItem","position":2,"name":"Video","item":"https:\/\/www.meydan.tv\/az\/section\/video-2\/"},{"@type":"ListItem","position":3,"name":"Almaniyan\u0131n Az\u0259rbaycandak\u0131 s\u0259firi:\u00a0\u201eM\u0259n h\u0259bs\u0259 d\u00fc\u015f\u0259n \u015f\u0259xsl\u0259rin ail\u0259 \u00fczvl\u0259rini \u0259min ed\u0259 bil\u0259r\u0259m ki\u2026\u201d"}]},{"@type":"WebSite","@id":"https:\/\/www.meydan.tv\/az\/#website","url":"https:\/\/www.meydan.tv\/az\/","name":"MEYDAN.TV","description":"Meydan TV Az\u0259rbaycan\u0131n media m\u0259kan\u0131ndak\u0131 alternativ s\u0259sidir","publisher":{"@id":"https:\/\/www.meydan.tv\/az\/#organization"},"potentialAction":[{"@type":"SearchAction","target":{"@type":"EntryPoint","urlTemplate":"https:\/\/www.meydan.tv\/az\/?s={search_term_string}"},"query-input":{"@type":"PropertyValueSpecification","valueRequired":true,"valueName":"search_term_string"}}],"inLanguage":"az"},{"@type":"Organization","@id":"https:\/\/www.meydan.tv\/az\/#organization","name":"Meydan TV","url":"https:\/\/www.meydan.tv\/az\/","logo":{"@type":"ImageObject","inLanguage":"az","@id":"https:\/\/www.meydan.tv\/az\/#\/schema\/logo\/image\/","url":"https:\/\/www.meydan.tv\/wp-content\/uploads\/2021\/07\/meydan-logo.svg","contentUrl":"https:\/\/www.meydan.tv\/wp-content\/uploads\/2021\/07\/meydan-logo.svg","width":195,"height":46,"caption":"Meydan TV"},"image":{"@id":"https:\/\/www.meydan.tv\/az\/#\/schema\/logo\/image\/"}},{"@type":"Person","@id":"https:\/\/www.meydan.tv\/az\/#\/schema\/person\/8f23e01c4de63326c13c319fb65ee65d","name":"roma"}]}},"_links":{"self":[{"href":"https:\/\/www.meydan.tv\/az\/wp-json\/wp\/v2\/posts\/247172","targetHints":{"allow":["GET"]}}],"collection":[{"href":"https:\/\/www.meydan.tv\/az\/wp-json\/wp\/v2\/posts"}],"about":[{"href":"https:\/\/www.meydan.tv\/az\/wp-json\/wp\/v2\/types\/post"}],"author":[{"embeddable":true,"href":"https:\/\/www.meydan.tv\/az\/wp-json\/wp\/v2\/users\/14"}],"replies":[{"embeddable":true,"href":"https:\/\/www.meydan.tv\/az\/wp-json\/wp\/v2\/comments?post=247172"}],"version-history":[{"count":3,"href":"https:\/\/www.meydan.tv\/az\/wp-json\/wp\/v2\/posts\/247172\/revisions"}],"predecessor-version":[{"id":247308,"href":"https:\/\/www.meydan.tv\/az\/wp-json\/wp\/v2\/posts\/247172\/revisions\/247308"}],"wp:featuredmedia":[{"embeddable":true,"href":"https:\/\/www.meydan.tv\/az\/wp-json\/wp\/v2\/media\/247296"}],"wp:attachment":[{"href":"https:\/\/www.meydan.tv\/az\/wp-json\/wp\/v2\/media?parent=247172"}],"wp:term":[{"taxonomy":"category","embeddable":true,"href":"https:\/\/www.meydan.tv\/az\/wp-json\/wp\/v2\/categories?post=247172"},{"taxonomy":"post_tag","embeddable":true,"href":"https:\/\/www.meydan.tv\/az\/wp-json\/wp\/v2\/tags?post=247172"}],"curies":[{"name":"wp","href":"https:\/\/api.w.org\/{rel}","templated":true}]}}