{"id":247114,"date":"2022-06-01T14:46:56","date_gmt":"2022-06-01T10:46:56","guid":{"rendered":"https:\/\/www.meydan.tv\/?p=247114"},"modified":"2022-06-01T14:46:58","modified_gmt":"2022-06-01T10:46:58","slug":"mdb-deki-turk-respublikalarinin-birge-kino-qurumu-yaradilacaq","status":"publish","type":"post","link":"https:\/\/www.meydan.tv\/az\/article\/mdb-deki-turk-respublikalarinin-birge-kino-qurumu-yaradilacaq\/","title":{"rendered":"MDB-d\u0259ki t\u00fcrk respublikalar\u0131n\u0131n birg\u0259 kino qurumu yarad\u0131lacaq"},"content":{"rendered":"\n<p><\/p>\n\n\n\n<p><em>Kinematoqraf\u00e7\u0131lar\u0131 \u0130ttifaqlar\u0131 Konfederasiyas\u0131n\u0131n q\u0259rargah\u0131 Bak\u0131da olacaq<\/em><\/p>\n\n\n\n<p>MDB T\u00fcrk Respublikalar\u0131 Kinematoqraf\u00e7\u0131lar\u0131 \u0130ttifaqlar\u0131 Konfederasiyas\u0131 yarad\u0131lacaq.<\/p>\n\n\n\n<p>T\u0259klifi MDB \u00d6lk\u0259l\u0259ri Kino \u0130ttifaqlar\u0131 Konfederasiyas\u0131n\u0131n t\u0259\u015fkilat katibi, prod\u00fcser v\u0259 aktrisa Fatim\u0259 \u0130brahimb\u0259yova <a href=\"https:\/\/aki.az\/fatim%c9%99-ibrahimb%c9%99yova-mdb-turk-respublikalari-kinematoqrafcilar-ittifaqlarinin-konfederasiyasinin-yaradilmasini-t%c9%99klif-etdi\/\" target=\"_blank\" rel=\"noreferrer noopener\">verib<\/a>.<\/p>\n\n\n\n<p>O, h\u0259m\u00e7inin q\u0259rargah\u0131n Bak\u0131da f\u0259aliyy\u0259t g\u00f6st\u0259rm\u0259si ideyas\u0131 il\u0259 \u00e7\u0131x\u0131\u015f edib.<\/p>\n\n\n\n<p>Az\u0259rbaycan Kinematoqraf\u00e7\u0131lar \u0130ttifaq\u0131n\u0131n (AK\u0130) \u0130dar\u0259 Hey\u0259ti qar\u015f\u0131dak\u0131 aylarda bu istiqam\u0259td\u0259 add\u0131mlar atma\u011f\u0131 planlay\u0131r.<\/p>\n\n\n\n<p>May\u0131n 31-d\u0259 AK\u0130-nin iclas\u0131 ke\u00e7irilib v\u0259 a\u00e7\u0131q s\u0259sverm\u0259 il\u0259 Xalq artisti Rasim Balayev Az\u0259rbaycan Kinematoqraf\u00e7\u0131lar \u0130ttifaq\u0131n\u0131n yeni s\u0259dri <a href=\"https:\/\/d9mc3ts4czbpr.cloudfront.net\/az\/article\/rasim-balayev-kinematoqrafcilar-ittifaqinin-sedri-secilib\/\" target=\"_blank\" rel=\"noreferrer noopener\">se\u00e7ilib<\/a>.<\/p>\n\n\n\n<p>H\u0259m\u00e7inin AK\u0130-nin \u0130dar\u0259 Hey\u0259tinin \u00fczv siyah\u0131s\u0131 art\u0131r\u0131l\u0131b.<\/p>\n\n\n\n<p>Filologiya elml\u0259ri doktoru, BDU-nun professor Qulu M\u0259h\u0259rr\u0259mli, s\u0259n\u0259t\u015f\u00fcnas, ssenarist Nadir B\u0259d\u0259lov, kinorejissor R\u00f6v\u015f\u0259n \u0130sax, MDB \u00d6lk\u0259l\u0259ri Kino \u0130ttifaqlar\u0131 Konfederasiyas\u0131n\u0131n t\u0259\u015fkilat katibi, prod\u00fcser, aktrisa Fatim\u0259 \u0130brahimb\u0259yova \u0130dar\u0259 Hey\u0259tinin yeni \u00fczvl\u0259ri se\u00e7ilibl\u0259r.<\/p>\n\n\n\n<p>T\u0259\u015fkilat\u0131n idar\u0259 hey\u0259tinin \u00fczvl\u0259ri Xalq yaz\u0131\u00e7\u0131s\u0131 Anar, \u018fm\u0259kdar inc\u0259s\u0259n\u0259t xadimi, operator, rejissor Nizami Abbas, Xalq artisti, aktyor Rasim Balayev, kinorejissor \u018fli \u0130sa Cabbarov (\u0130ttifaq\u0131n katibi), \u018fm\u0259kdar inc\u0259s\u0259n\u0259t xadimi, s\u0259s rejissoru \u018fs\u0259d \u018fs\u0259dov, \u201cAz\u0259rbaycanda d\u00fcnya kinosunun 100 illiyi fondu\u201d ictimai birliyinin direktoru, prod\u00fcser Lal\u0259 \u018ff\u0259ndiyeva, kinorejissor Tahir Tahirovi\u00e7 (\u018fliyev), \u018fm\u0259kdar inc\u0259s\u0259n\u0259t xadimi, rejissor C\u0259mil F\u0259r\u0259cov, Xalq artisti, aktrisa H\u0259mid\u0259 \u00d6m\u0259rova, \u018fm\u0259kdar inc\u0259s\u0259n\u0259t xadimi, qurulu\u015f\u00e7u rejissor, multiplikator Fir\u0259ngiz Qurbanova, Xalq artisti, aktyor M\u0259bud M\u0259h\u0259rr\u0259mov, ssenarist, rejissor, prod\u00fcser Cavid \u0130mamverdiyev, \u018fm\u0259kdar inc\u0259s\u0259n\u0259t xadimi, rejssor-ssenarist Mirbala S\u0259limli, rejissor-ssenarist Oleq S\u0259f\u0259r\u0259liyev (\u0130ttifaq\u0131n katibi), Xalq artisti, aktrisa Yusupova \u015e\u00fckuf\u0259, \u018fm\u0259kdar inc\u0259s\u0259n\u0259t xadimi, \u015fair Baba V\u0259ziro\u011flu, \u018fm\u0259kdar inc\u0259s\u0259n\u0259t xadimi, rejissor Ziya \u015e\u0131xl\u0131nskid\u0259n ibar\u0259t idi.<\/p>\n\n\n\n<p>Az\u0259rbaycan Kinematoqraf\u00e7\u0131lar \u0130ttifaq\u0131 1963-c\u00fc il yanvar\u0131n 11-d\u0259 Respublika Kinematoqrafiya \u0130\u015f\u00e7il\u0259rinin I T\u0259sisat Qurultay\u0131nda yarad\u0131l\u0131b.<\/p>\n\n\n\n<p>T\u0259\u015fkilat\u0131n 1981-ci ild\u0259 ke\u00e7iril\u0259n V qurultay\u0131nda kinodramaturq R\u00fcst\u0259m \u0130brahimb\u0259yov AK\u0130-nin birinci katibi se\u00e7ilib.<\/p>\n\n\n\n<p>\u0130ttifaq MDB v\u0259 Baltik \u00f6lk\u0259l\u0259ri Kino \u0130ttifaqlar\u0131 Konfederasiyas\u0131n\u0131n \u00fczv\u00fc v\u0259 t\u0259sis\u00e7il\u0259rind\u0259ndir.<\/p>\n\n\n\n<p>Xalq yaz\u0131\u00e7\u0131s\u0131, kinodramaturq R\u00fcst\u0259m \u0130brahimb\u0259yov 2022-ci il mart\u0131n 11-d\u0259 uzun s\u00fcr\u0259n x\u0259st\u0259likd\u0259n v\u0259fat <a href=\"https:\/\/d9mc3ts4czbpr.cloudfront.net\/az\/article\/rustem-ibrahimbeyov-vefat-edib\/\" target=\"_blank\" rel=\"noreferrer noopener\">edib<\/a>.<\/p>\n","protected":false},"excerpt":{"rendered":"<p>Kinematoqraf\u00e7\u0131lar\u0131 \u0130ttifaqlar\u0131 Konfederasiyas\u0131n\u0131n q\u0259rargah\u0131 Bak\u0131da olacaq MDB T\u00fcrk Respublikalar\u0131 Kinematoqraf\u00e7\u0131lar\u0131 &#8230; <\/p>\n<p class=\"read-more-container\"><a title=\"MDB-d\u0259ki t\u00fcrk respublikalar\u0131n\u0131n birg\u0259 kino qurumu yarad\u0131lacaq\" class=\"read-more button\" href=\"https:\/\/www.meydan.tv\/az\/article\/mdb-deki-turk-respublikalarinin-birge-kino-qurumu-yaradilacaq\/#more-247114\" aria-label=\"Read more about MDB-d\u0259ki t\u00fcrk respublikalar\u0131n\u0131n birg\u0259 kino qurumu yarad\u0131lacaq\">Davam\u0131<\/a><\/p>\n","protected":false},"author":8,"featured_media":247115,"comment_status":"closed","ping_status":"closed","sticky":false,"template":"","format":"standard","meta":{"_acf_changed":false,"_sitemap_exclude":false,"_sitemap_priority":"","_sitemap_frequency":"","footnotes":""},"categories":[52,56],"tags":[],"class_list":["post-247114","post","type-post","status-publish","format-standard","has-post-thumbnail","hentry","category-medeniyyet","category-xeberler","infinite-scroll-item","generate-columns","tablet-grid-50","mobile-grid-100","grid-parent","grid-33","no-featured-image-padding"],"acf":[],"yoast_head":"<!-- This site is optimized with the Yoast SEO plugin v27.5 - https:\/\/yoast.com\/product\/yoast-seo-wordpress\/ -->\n<title>MDB-d\u0259ki t\u00fcrk respublikalar\u0131n\u0131n birg\u0259 kino qurumu yarad\u0131lacaq - MEYDAN.TV<\/title>\n<meta name=\"robots\" content=\"index, follow, max-snippet:-1, max-image-preview:large, max-video-preview:-1\" \/>\n<link rel=\"canonical\" href=\"https:\/\/www.meydan.tv\/az\/article\/mdb-deki-turk-respublikalarinin-birge-kino-qurumu-yaradilacaq\/\" \/>\n<meta property=\"og:locale\" content=\"az_AZ\" \/>\n<meta property=\"og:type\" content=\"article\" \/>\n<meta property=\"og:title\" content=\"MDB-d\u0259ki t\u00fcrk respublikalar\u0131n\u0131n birg\u0259 kino qurumu yarad\u0131lacaq - MEYDAN.TV\" \/>\n<meta property=\"og:description\" content=\"Kinematoqraf\u00e7\u0131lar\u0131 \u0130ttifaqlar\u0131 Konfederasiyas\u0131n\u0131n q\u0259rargah\u0131 Bak\u0131da olacaq MDB T\u00fcrk Respublikalar\u0131 Kinematoqraf\u00e7\u0131lar\u0131 ... Davam\u0131\" \/>\n<meta property=\"og:url\" content=\"https:\/\/www.meydan.tv\/az\/article\/mdb-deki-turk-respublikalarinin-birge-kino-qurumu-yaradilacaq\/\" \/>\n<meta property=\"og:site_name\" content=\"MEYDAN.TV\" \/>\n<meta property=\"article:published_time\" content=\"2022-06-01T10:46:56+00:00\" \/>\n<meta property=\"article:modified_time\" content=\"2022-06-01T10:46:58+00:00\" \/>\n<meta property=\"og:image\" content=\"https:\/\/www.meydan.tv\/wp-content\/uploads\/fatim_____brahimb__yova_720.jpg\" \/>\n\t<meta property=\"og:image:width\" content=\"1200\" \/>\n\t<meta property=\"og:image:height\" content=\"798\" \/>\n\t<meta property=\"og:image:type\" content=\"image\/jpeg\" \/>\n<meta name=\"author\" content=\"elli\" \/>\n<meta name=\"twitter:card\" content=\"summary_large_image\" \/>\n<meta name=\"twitter:creator\" content=\"@elli\" \/>\n<script type=\"application\/ld+json\" class=\"yoast-schema-graph\">{\"@context\":\"https:\\\/\\\/schema.org\",\"@graph\":[{\"@type\":\"Article\",\"@id\":\"https:\\\/\\\/www.meydan.tv\\\/az\\\/article\\\/mdb-deki-turk-respublikalarinin-birge-kino-qurumu-yaradilacaq\\\/#article\",\"isPartOf\":{\"@id\":\"https:\\\/\\\/www.meydan.tv\\\/az\\\/article\\\/mdb-deki-turk-respublikalarinin-birge-kino-qurumu-yaradilacaq\\\/\"},\"author\":{\"name\":\"elli\",\"@id\":\"https:\\\/\\\/www.meydan.tv\\\/az\\\/#\\\/schema\\\/person\\\/9cdbecf90d17180ce1dfbd95b08dcf47\"},\"headline\":\"MDB-d\u0259ki t\u00fcrk respublikalar\u0131n\u0131n birg\u0259 kino qurumu yarad\u0131lacaq\",\"datePublished\":\"2022-06-01T10:46:56+00:00\",\"dateModified\":\"2022-06-01T10:46:58+00:00\",\"mainEntityOfPage\":{\"@id\":\"https:\\\/\\\/www.meydan.tv\\\/az\\\/article\\\/mdb-deki-turk-respublikalarinin-birge-kino-qurumu-yaradilacaq\\\/\"},\"wordCount\":452,\"publisher\":{\"@id\":\"https:\\\/\\\/www.meydan.tv\\\/az\\\/#organization\"},\"image\":{\"@id\":\"https:\\\/\\\/www.meydan.tv\\\/az\\\/article\\\/mdb-deki-turk-respublikalarinin-birge-kino-qurumu-yaradilacaq\\\/#primaryimage\"},\"thumbnailUrl\":\"https:\\\/\\\/www.meydan.tv\\\/wp-content\\\/uploads\\\/fatim_____brahimb__yova_720.jpg\",\"articleSection\":[\"M\u0259d\u0259niyy\u0259t\",\"X\u0259b\u0259rl\u0259r\"],\"inLanguage\":\"az\"},{\"@type\":\"WebPage\",\"@id\":\"https:\\\/\\\/www.meydan.tv\\\/az\\\/article\\\/mdb-deki-turk-respublikalarinin-birge-kino-qurumu-yaradilacaq\\\/\",\"url\":\"https:\\\/\\\/www.meydan.tv\\\/az\\\/article\\\/mdb-deki-turk-respublikalarinin-birge-kino-qurumu-yaradilacaq\\\/\",\"name\":\"MDB-d\u0259ki t\u00fcrk respublikalar\u0131n\u0131n birg\u0259 kino qurumu yarad\u0131lacaq - MEYDAN.TV\",\"isPartOf\":{\"@id\":\"https:\\\/\\\/www.meydan.tv\\\/az\\\/#website\"},\"primaryImageOfPage\":{\"@id\":\"https:\\\/\\\/www.meydan.tv\\\/az\\\/article\\\/mdb-deki-turk-respublikalarinin-birge-kino-qurumu-yaradilacaq\\\/#primaryimage\"},\"image\":{\"@id\":\"https:\\\/\\\/www.meydan.tv\\\/az\\\/article\\\/mdb-deki-turk-respublikalarinin-birge-kino-qurumu-yaradilacaq\\\/#primaryimage\"},\"thumbnailUrl\":\"https:\\\/\\\/www.meydan.tv\\\/wp-content\\\/uploads\\\/fatim_____brahimb__yova_720.jpg\",\"datePublished\":\"2022-06-01T10:46:56+00:00\",\"dateModified\":\"2022-06-01T10:46:58+00:00\",\"breadcrumb\":{\"@id\":\"https:\\\/\\\/www.meydan.tv\\\/az\\\/article\\\/mdb-deki-turk-respublikalarinin-birge-kino-qurumu-yaradilacaq\\\/#breadcrumb\"},\"inLanguage\":\"az\",\"potentialAction\":[{\"@type\":\"ReadAction\",\"target\":[\"https:\\\/\\\/www.meydan.tv\\\/az\\\/article\\\/mdb-deki-turk-respublikalarinin-birge-kino-qurumu-yaradilacaq\\\/\"]}]},{\"@type\":\"ImageObject\",\"inLanguage\":\"az\",\"@id\":\"https:\\\/\\\/www.meydan.tv\\\/az\\\/article\\\/mdb-deki-turk-respublikalarinin-birge-kino-qurumu-yaradilacaq\\\/#primaryimage\",\"url\":\"https:\\\/\\\/www.meydan.tv\\\/wp-content\\\/uploads\\\/fatim_____brahimb__yova_720.jpg\",\"contentUrl\":\"https:\\\/\\\/www.meydan.tv\\\/wp-content\\\/uploads\\\/fatim_____brahimb__yova_720.jpg\",\"width\":1200,\"height\":798,\"caption\":\"Fatim\u0259 \u0130brahimb\u0259yova. Foto: AKI\"},{\"@type\":\"BreadcrumbList\",\"@id\":\"https:\\\/\\\/www.meydan.tv\\\/az\\\/article\\\/mdb-deki-turk-respublikalarinin-birge-kino-qurumu-yaradilacaq\\\/#breadcrumb\",\"itemListElement\":[{\"@type\":\"ListItem\",\"position\":1,\"name\":\"Ana s\u0259hif\u0259\",\"item\":\"https:\\\/\\\/www.meydan.tv\\\/az\\\/\"},{\"@type\":\"ListItem\",\"position\":2,\"name\":\"M\u0259d\u0259niyy\u0259t\",\"item\":\"https:\\\/\\\/www.meydan.tv\\\/az\\\/section\\\/medeniyyet\\\/\"},{\"@type\":\"ListItem\",\"position\":3,\"name\":\"MDB-d\u0259ki t\u00fcrk respublikalar\u0131n\u0131n birg\u0259 kino qurumu yarad\u0131lacaq\"}]},{\"@type\":\"WebSite\",\"@id\":\"https:\\\/\\\/www.meydan.tv\\\/az\\\/#website\",\"url\":\"https:\\\/\\\/www.meydan.tv\\\/az\\\/\",\"name\":\"MEYDAN.TV\",\"description\":\"Meydan TV Az\u0259rbaycan\u0131n media m\u0259kan\u0131ndak\u0131 alternativ s\u0259sidir\",\"publisher\":{\"@id\":\"https:\\\/\\\/www.meydan.tv\\\/az\\\/#organization\"},\"potentialAction\":[{\"@type\":\"SearchAction\",\"target\":{\"@type\":\"EntryPoint\",\"urlTemplate\":\"https:\\\/\\\/www.meydan.tv\\\/az\\\/?s={search_term_string}\"},\"query-input\":{\"@type\":\"PropertyValueSpecification\",\"valueRequired\":true,\"valueName\":\"search_term_string\"}}],\"inLanguage\":\"az\"},{\"@type\":\"Organization\",\"@id\":\"https:\\\/\\\/www.meydan.tv\\\/az\\\/#organization\",\"name\":\"Meydan TV\",\"url\":\"https:\\\/\\\/www.meydan.tv\\\/az\\\/\",\"logo\":{\"@type\":\"ImageObject\",\"inLanguage\":\"az\",\"@id\":\"https:\\\/\\\/www.meydan.tv\\\/az\\\/#\\\/schema\\\/logo\\\/image\\\/\",\"url\":\"https:\\\/\\\/www.meydan.tv\\\/wp-content\\\/uploads\\\/2021\\\/07\\\/meydan-logo.svg\",\"contentUrl\":\"https:\\\/\\\/www.meydan.tv\\\/wp-content\\\/uploads\\\/2021\\\/07\\\/meydan-logo.svg\",\"width\":195,\"height\":46,\"caption\":\"Meydan TV\"},\"image\":{\"@id\":\"https:\\\/\\\/www.meydan.tv\\\/az\\\/#\\\/schema\\\/logo\\\/image\\\/\"}},{\"@type\":\"Person\",\"@id\":\"https:\\\/\\\/www.meydan.tv\\\/az\\\/#\\\/schema\\\/person\\\/9cdbecf90d17180ce1dfbd95b08dcf47\",\"name\":\"elli\",\"sameAs\":[\"https:\\\/\\\/x.com\\\/elli\"]}]}<\/script>\n<!-- \/ Yoast SEO plugin. -->","yoast_head_json":{"title":"MDB-d\u0259ki t\u00fcrk respublikalar\u0131n\u0131n birg\u0259 kino qurumu yarad\u0131lacaq - MEYDAN.TV","robots":{"index":"index","follow":"follow","max-snippet":"max-snippet:-1","max-image-preview":"max-image-preview:large","max-video-preview":"max-video-preview:-1"},"canonical":"https:\/\/www.meydan.tv\/az\/article\/mdb-deki-turk-respublikalarinin-birge-kino-qurumu-yaradilacaq\/","og_locale":"az_AZ","og_type":"article","og_title":"MDB-d\u0259ki t\u00fcrk respublikalar\u0131n\u0131n birg\u0259 kino qurumu yarad\u0131lacaq - MEYDAN.TV","og_description":"Kinematoqraf\u00e7\u0131lar\u0131 \u0130ttifaqlar\u0131 Konfederasiyas\u0131n\u0131n q\u0259rargah\u0131 Bak\u0131da olacaq MDB T\u00fcrk Respublikalar\u0131 Kinematoqraf\u00e7\u0131lar\u0131 ... Davam\u0131","og_url":"https:\/\/www.meydan.tv\/az\/article\/mdb-deki-turk-respublikalarinin-birge-kino-qurumu-yaradilacaq\/","og_site_name":"MEYDAN.TV","article_published_time":"2022-06-01T10:46:56+00:00","article_modified_time":"2022-06-01T10:46:58+00:00","og_image":[{"width":1200,"height":798,"url":"https:\/\/www.meydan.tv\/wp-content\/uploads\/fatim_____brahimb__yova_720.jpg","type":"image\/jpeg"}],"author":"elli","twitter_card":"summary_large_image","twitter_creator":"@elli","schema":{"@context":"https:\/\/schema.org","@graph":[{"@type":"Article","@id":"https:\/\/www.meydan.tv\/az\/article\/mdb-deki-turk-respublikalarinin-birge-kino-qurumu-yaradilacaq\/#article","isPartOf":{"@id":"https:\/\/www.meydan.tv\/az\/article\/mdb-deki-turk-respublikalarinin-birge-kino-qurumu-yaradilacaq\/"},"author":{"name":"elli","@id":"https:\/\/www.meydan.tv\/az\/#\/schema\/person\/9cdbecf90d17180ce1dfbd95b08dcf47"},"headline":"MDB-d\u0259ki t\u00fcrk respublikalar\u0131n\u0131n birg\u0259 kino qurumu yarad\u0131lacaq","datePublished":"2022-06-01T10:46:56+00:00","dateModified":"2022-06-01T10:46:58+00:00","mainEntityOfPage":{"@id":"https:\/\/www.meydan.tv\/az\/article\/mdb-deki-turk-respublikalarinin-birge-kino-qurumu-yaradilacaq\/"},"wordCount":452,"publisher":{"@id":"https:\/\/www.meydan.tv\/az\/#organization"},"image":{"@id":"https:\/\/www.meydan.tv\/az\/article\/mdb-deki-turk-respublikalarinin-birge-kino-qurumu-yaradilacaq\/#primaryimage"},"thumbnailUrl":"https:\/\/www.meydan.tv\/wp-content\/uploads\/fatim_____brahimb__yova_720.jpg","articleSection":["M\u0259d\u0259niyy\u0259t","X\u0259b\u0259rl\u0259r"],"inLanguage":"az"},{"@type":"WebPage","@id":"https:\/\/www.meydan.tv\/az\/article\/mdb-deki-turk-respublikalarinin-birge-kino-qurumu-yaradilacaq\/","url":"https:\/\/www.meydan.tv\/az\/article\/mdb-deki-turk-respublikalarinin-birge-kino-qurumu-yaradilacaq\/","name":"MDB-d\u0259ki t\u00fcrk respublikalar\u0131n\u0131n birg\u0259 kino qurumu yarad\u0131lacaq - MEYDAN.TV","isPartOf":{"@id":"https:\/\/www.meydan.tv\/az\/#website"},"primaryImageOfPage":{"@id":"https:\/\/www.meydan.tv\/az\/article\/mdb-deki-turk-respublikalarinin-birge-kino-qurumu-yaradilacaq\/#primaryimage"},"image":{"@id":"https:\/\/www.meydan.tv\/az\/article\/mdb-deki-turk-respublikalarinin-birge-kino-qurumu-yaradilacaq\/#primaryimage"},"thumbnailUrl":"https:\/\/www.meydan.tv\/wp-content\/uploads\/fatim_____brahimb__yova_720.jpg","datePublished":"2022-06-01T10:46:56+00:00","dateModified":"2022-06-01T10:46:58+00:00","breadcrumb":{"@id":"https:\/\/www.meydan.tv\/az\/article\/mdb-deki-turk-respublikalarinin-birge-kino-qurumu-yaradilacaq\/#breadcrumb"},"inLanguage":"az","potentialAction":[{"@type":"ReadAction","target":["https:\/\/www.meydan.tv\/az\/article\/mdb-deki-turk-respublikalarinin-birge-kino-qurumu-yaradilacaq\/"]}]},{"@type":"ImageObject","inLanguage":"az","@id":"https:\/\/www.meydan.tv\/az\/article\/mdb-deki-turk-respublikalarinin-birge-kino-qurumu-yaradilacaq\/#primaryimage","url":"https:\/\/www.meydan.tv\/wp-content\/uploads\/fatim_____brahimb__yova_720.jpg","contentUrl":"https:\/\/www.meydan.tv\/wp-content\/uploads\/fatim_____brahimb__yova_720.jpg","width":1200,"height":798,"caption":"Fatim\u0259 \u0130brahimb\u0259yova. Foto: AKI"},{"@type":"BreadcrumbList","@id":"https:\/\/www.meydan.tv\/az\/article\/mdb-deki-turk-respublikalarinin-birge-kino-qurumu-yaradilacaq\/#breadcrumb","itemListElement":[{"@type":"ListItem","position":1,"name":"Ana s\u0259hif\u0259","item":"https:\/\/www.meydan.tv\/az\/"},{"@type":"ListItem","position":2,"name":"M\u0259d\u0259niyy\u0259t","item":"https:\/\/www.meydan.tv\/az\/section\/medeniyyet\/"},{"@type":"ListItem","position":3,"name":"MDB-d\u0259ki t\u00fcrk respublikalar\u0131n\u0131n birg\u0259 kino qurumu yarad\u0131lacaq"}]},{"@type":"WebSite","@id":"https:\/\/www.meydan.tv\/az\/#website","url":"https:\/\/www.meydan.tv\/az\/","name":"MEYDAN.TV","description":"Meydan TV Az\u0259rbaycan\u0131n media m\u0259kan\u0131ndak\u0131 alternativ s\u0259sidir","publisher":{"@id":"https:\/\/www.meydan.tv\/az\/#organization"},"potentialAction":[{"@type":"SearchAction","target":{"@type":"EntryPoint","urlTemplate":"https:\/\/www.meydan.tv\/az\/?s={search_term_string}"},"query-input":{"@type":"PropertyValueSpecification","valueRequired":true,"valueName":"search_term_string"}}],"inLanguage":"az"},{"@type":"Organization","@id":"https:\/\/www.meydan.tv\/az\/#organization","name":"Meydan TV","url":"https:\/\/www.meydan.tv\/az\/","logo":{"@type":"ImageObject","inLanguage":"az","@id":"https:\/\/www.meydan.tv\/az\/#\/schema\/logo\/image\/","url":"https:\/\/www.meydan.tv\/wp-content\/uploads\/2021\/07\/meydan-logo.svg","contentUrl":"https:\/\/www.meydan.tv\/wp-content\/uploads\/2021\/07\/meydan-logo.svg","width":195,"height":46,"caption":"Meydan TV"},"image":{"@id":"https:\/\/www.meydan.tv\/az\/#\/schema\/logo\/image\/"}},{"@type":"Person","@id":"https:\/\/www.meydan.tv\/az\/#\/schema\/person\/9cdbecf90d17180ce1dfbd95b08dcf47","name":"elli","sameAs":["https:\/\/x.com\/elli"]}]}},"_links":{"self":[{"href":"https:\/\/www.meydan.tv\/az\/wp-json\/wp\/v2\/posts\/247114","targetHints":{"allow":["GET"]}}],"collection":[{"href":"https:\/\/www.meydan.tv\/az\/wp-json\/wp\/v2\/posts"}],"about":[{"href":"https:\/\/www.meydan.tv\/az\/wp-json\/wp\/v2\/types\/post"}],"author":[{"embeddable":true,"href":"https:\/\/www.meydan.tv\/az\/wp-json\/wp\/v2\/users\/8"}],"replies":[{"embeddable":true,"href":"https:\/\/www.meydan.tv\/az\/wp-json\/wp\/v2\/comments?post=247114"}],"version-history":[{"count":2,"href":"https:\/\/www.meydan.tv\/az\/wp-json\/wp\/v2\/posts\/247114\/revisions"}],"predecessor-version":[{"id":247123,"href":"https:\/\/www.meydan.tv\/az\/wp-json\/wp\/v2\/posts\/247114\/revisions\/247123"}],"wp:featuredmedia":[{"embeddable":true,"href":"https:\/\/www.meydan.tv\/az\/wp-json\/wp\/v2\/media\/247115"}],"wp:attachment":[{"href":"https:\/\/www.meydan.tv\/az\/wp-json\/wp\/v2\/media?parent=247114"}],"wp:term":[{"taxonomy":"category","embeddable":true,"href":"https:\/\/www.meydan.tv\/az\/wp-json\/wp\/v2\/categories?post=247114"},{"taxonomy":"post_tag","embeddable":true,"href":"https:\/\/www.meydan.tv\/az\/wp-json\/wp\/v2\/tags?post=247114"}],"curies":[{"name":"wp","href":"https:\/\/api.w.org\/{rel}","templated":true}]}}