{"id":247105,"date":"2022-06-01T14:45:06","date_gmt":"2022-06-01T10:45:06","guid":{"rendered":"https:\/\/www.meydan.tv\/?p=247105"},"modified":"2022-06-01T14:45:08","modified_gmt":"2022-06-01T10:45:08","slug":"120-olkede-budce-seffafligi-gurcustan-birinci-yerdedir","status":"publish","type":"post","link":"https:\/\/www.meydan.tv\/az\/article\/120-olkede-budce-seffafligi-gurcustan-birinci-yerdedir\/","title":{"rendered":"120 \u00f6lk\u0259d\u0259 b\u00fcdc\u0259 \u015f\u0259ffafl\u0131\u011f\u0131: G\u00fcrc\u00fcstan birinci yerd\u0259dir"},"content":{"rendered":"\n<p><\/p>\n\n\n\n<p><em>Az\u0259rbaycanda b\u00fcdc\u0259 m\u0259lumatlar\u0131 \u015f\u0259ffaf deyil, tam a\u00e7\u0131qlanm\u0131r<\/em><\/p>\n\n\n\n<p>May\u0131n 31-d\u0259 Beyn\u0259lxalq B\u00fcdc\u0259 T\u0259r\u0259fda\u015fl\u0131\u011f\u0131 T\u0259\u015fkilat\u0131 2021-ci ilin A\u00e7\u0131q B\u00fcdc\u0259 \u0130ndeksini (Open Budget Index) <a href=\"http:\/\/May\u0131n 31-d\u0259 Beyn\u0259lxalq B\u00fcdc\u0259 T\u0259r\u0259fda\u015flhttps:\/\/internationalbudget.org\/wp-content\/uploads\/Open-budget-survey-2021.pdf\" target=\"_blank\" rel=\"noreferrer noopener\">a\u00e7\u0131lay\u0131b<\/a>.<\/p>\n\n\n\n<p>Az\u0259rbaycan b\u00fcdc\u0259 \u015f\u0259ffafl\u0131\u011f\u0131 \u00fczr\u0259 100 baldan 57-ni toplayaraq, 120 \u00f6lk\u0259 aras\u0131nda 44-c\u00fc yerd\u0259 q\u0259rarla\u015f\u0131b.<\/p>\n\n\n\n<p>Az\u0259rbaycan\u0131n \u0259n a\u015fa\u011f\u0131 bal toplad\u0131\u011f\u0131 b\u0259nd is\u0259 m\u0259lumatlar\u0131n a\u00e7\u0131qlanmas\u0131 il\u0259 ba\u011fl\u0131d\u0131r: 9 bal.<\/p>\n\n\n\n<p>\u00d6lk\u0259nin b\u00fcdc\u0259 m\u0259lumatlar\u0131n\u0131n a\u00e7\u0131qlanmas\u0131 s\u0259viyy\u0259si m\u0259hdud qiym\u0259tl\u0259ndirilib.<\/p>\n\n\n\n<p>\u0130qtisad\u00e7\u0131 Samir \u018fliyev deyir ki, metodologiyaya g\u00f6r\u0259, 61 daha y\u00fcks\u0259k bal toplam\u0131\u015f \u00f6lk\u0259l\u0259rd\u0259 ictimai m\u00fczakir\u0259 \u00fc\u00e7\u00fcn b\u00fcdc\u0259 bar\u0259d\u0259 kifay\u0259t q\u0259d\u0259r m\u0259lumatlar a\u00e7\u0131qlan\u0131r.<\/p>\n\n\n\n<p>Bu, o dem\u0259kdir ki, Az\u0259rbaycanda m\u0259lumatlar\u0131n a\u00e7\u0131qlanmas\u0131 s\u0259viyy\u0259si m\u0259hdud olaraq qal\u0131r: <\/p>\n\n\n\n<p>\u201c\u00dcmumi g\u00f6t\u00fcrd\u00fckd\u0259 is\u0259 b\u00fcdc\u0259 \u015f\u0259ffafl\u0131\u011f\u0131 \u00fczr\u0259 Az\u0259rbaycan\u0131n g\u00f6st\u0259ricisi yax\u015f\u0131la\u015f\u0131b. 2010-cu ild\u0259ki 43 baldan 57 bala y\u00fcks\u0259lib. Halbuki 2017-ci ild\u0259 bu g\u00f6st\u0259rici 34 bala kimi azalm\u0131\u015fd\u0131\u201d.<\/p>\n\n\n\n<p>\u0130qtisad\u00e7\u0131 bildirib ki, Az\u0259rbaycan\u0131n \u0130ndeksd\u0259 a\u015fa\u011f\u0131 bal almas\u0131n\u0131n s\u0259b\u0259bi ictimai i\u015ftirak\u00e7\u0131l\u0131qla ba\u011fl\u0131d\u0131r. Bu g\u00f6st\u0259rici \u00fczr\u0259 100 m\u00fcmk\u00fcn baldan 9 bal al\u0131b: <\/p>\n\n\n\n<p>\u201cH\u0259qiq\u0259t\u0259n d\u0259, b\u00fcdc\u0259 m\u00fczakir\u0259l\u0259rind\u0259 ictimai i\u015ftirak\u00e7\u0131l\u0131q yox s\u0259viyy\u0259sind\u0259dir. Parlamentd\u0259 ged\u0259n m\u00fczakir\u0259l\u0259rd\u0259 x\u0131rda istisnalarla v\u0259t\u0259nda\u015f c\u0259miyy\u0259ti, dem\u0259k olar ki, i\u015ftirak etmir. Dig\u0259r g\u00f6st\u0259rici \u00fczr\u0259 v\u0259ziyy\u0259t nisb\u0259t\u0259n yax\u015f\u0131d\u0131r. B\u00fcdc\u0259y\u0259 n\u0259zar\u0259t \u00fczr\u0259 63 bal verilib\u201d.<\/p>\n\n\n\n<p>Az\u0259rbaycan\u0131n qon\u015fular\u0131na g\u0259linc\u0259, G\u00fcrc\u00fcstan b\u00fcdc\u0259 \u015f\u0259ffafl\u0131\u011f\u0131 \u00fczr\u0259 120 \u00f6lk\u0259 aras\u0131nda birinci pill\u0259d\u0259 yer al\u0131b, 87 bal toplay\u0131b.<\/p>\n\n\n\n<p>Bu kateqoriya \u00fczr\u0259 (h\u0259rt\u0259r\u0259fli m\u0259lumat m\u00f6vcudlu\u011fu bax\u0131m\u0131ndan) \u0130sve\u00e7, Norve\u00e7, Yeni Zelandiya, Avstraliya G\u00fcrc\u00fcstandan sonrak\u0131 s\u0131ralarda g\u0259lir.<\/p>\n\n\n\n<p>Erm\u0259nistan b\u00fcdc\u0259si il\u0259 ba\u011fl\u0131 is\u0259 m\u0259lumatlar \u0259h\u0259miyy\u0259tli d\u0259r\u0259c\u0259d\u0259 var. Odur ki, 33-c\u00fc yerd\u0259 q\u0259rarla\u015f\u0131b.<\/p>\n\n\n\n<p>Az\u0259rbaycan is\u0259 b\u00fcdc\u0259 il\u0259 ba\u011fl\u0131 m\u0259hdud m\u0259lumat olan \u00f6lk\u0259l\u0259r s\u0131ras\u0131ndad\u0131r.<\/p>\n\n\n\n<p>Ondan bir s\u0131ra \u0259vv\u0259ld\u0259 Uqanda, bir s\u0131ra a\u015fa\u011f\u0131da is\u0259 Qana \u00f6lk\u0259l\u0259ri yer al\u0131r.<\/p>\n\n\n\n<p>T\u00fcrkiy\u0259 d\u0259 b\u00fcdc\u0259 sar\u0131dan m\u0259hdud m\u0259lumatl\u0131 \u00f6lk\u0259l\u0259r s\u0131ras\u0131ndad\u0131r: 55 balla 46-c\u0131 yerd\u0259dir.<\/p>\n\n\n\n<p>Rusiya \u0259h\u0259miyy\u0259tli d\u0259r\u0259c\u0259d\u0259 m\u0259lumat m\u00f6vcudlu\u011funa g\u00f6r\u0259, 73 balla 13-c\u00fc s\u0131radad\u0131r.<\/p>\n\n\n\n<p>Az\u0259rbaycan\u0131n a\u015fa\u011f\u0131 bal toplad\u0131\u011f\u0131 ictimai i\u015ftirak\u00e7\u0131l\u0131qla ba\u011fl\u0131 qiym\u0259tl\u0259ndirm\u0259d\u0259 is\u0259 G\u00fcrc\u00fcstan 44, Erm\u0259nistan 6, Rusiya 28, T\u00fcrkiy\u0259 0 bal toplay\u0131b.<\/p>\n\n\n\n<p>Az\u0259rbaycan\u0131n \u0259n y\u00fcks\u0259k bal toplad\u0131\u011f\u0131 b\u00fcdc\u0259y\u0259 n\u0259zar\u0259tl\u0259 ba\u011fl\u0131 qiym\u0259tl\u0259ndirm\u0259d\u0259 is\u0259 G\u00fcrc\u00fcstan 91, Erm\u0259nistan 50, Rusiya 78, T\u00fcrkiy\u0259 61 bal y\u0131\u011f\u0131b.<\/p>\n\n\n\n<p>Az\u0259rbaycanda tez-tez m\u00fcst\u0259qil iqtisad\u00e7\u0131lar bildirirl\u0259r ki, Az\u0259rbaycanda b\u00fcdc\u0259 m\u0259lumatlar\u0131 \u015f\u0259ffaf deyil, tam a\u00e7\u0131qlanm\u0131r. M\u0259s\u0259l\u0259n, ayr\u0131-ayr\u0131 qurumlara n\u0259 q\u0259d\u0259r v\u0259saitin ayr\u0131lmas\u0131 b\u0259lli olsa da, onlar\u0131n nec\u0259 x\u0259rcl\u0259nm\u0259si il\u0259 ba\u011fl\u0131 m\u0259lumatlar kasadd\u0131r.<\/p>\n\n\n\n<p>M\u00fcst\u0259qil jurnalistl\u0259r d\u0259 b\u00fcdc\u0259 il\u0259 ba\u011fl\u0131 sor\u011fular\u0131na cavab ala bilm\u0259dikl\u0259ri \u00fc\u00e7\u00fcn tez-tez m\u0259hk\u0259m\u0259l\u0259r\u0259 \u00fcz tutur.<\/p>\n","protected":false},"excerpt":{"rendered":"<p>Az\u0259rbaycanda b\u00fcdc\u0259 m\u0259lumatlar\u0131 \u015f\u0259ffaf deyil, tam a\u00e7\u0131qlanm\u0131r May\u0131n 31-d\u0259 Beyn\u0259lxalq &#8230; <\/p>\n<p class=\"read-more-container\"><a title=\"120 \u00f6lk\u0259d\u0259 b\u00fcdc\u0259 \u015f\u0259ffafl\u0131\u011f\u0131: G\u00fcrc\u00fcstan birinci yerd\u0259dir\" class=\"read-more button\" href=\"https:\/\/www.meydan.tv\/az\/article\/120-olkede-budce-seffafligi-gurcustan-birinci-yerdedir\/#more-247105\" aria-label=\"Read more about 120 \u00f6lk\u0259d\u0259 b\u00fcdc\u0259 \u015f\u0259ffafl\u0131\u011f\u0131: G\u00fcrc\u00fcstan birinci yerd\u0259dir\">Davam\u0131<\/a><\/p>\n","protected":false},"author":8,"featured_media":214092,"comment_status":"closed","ping_status":"closed","sticky":false,"template":"","format":"standard","meta":{"_acf_changed":false,"_sitemap_exclude":false,"_sitemap_priority":"","_sitemap_frequency":"","footnotes":""},"categories":[53,56],"tags":[],"class_list":["post-247105","post","type-post","status-publish","format-standard","has-post-thumbnail","hentry","category-iqtisadiyyat","category-xeberler","infinite-scroll-item","generate-columns","tablet-grid-50","mobile-grid-100","grid-parent","grid-33","no-featured-image-padding"],"acf":[],"yoast_head":"<!-- This site is optimized with the Yoast SEO plugin v27.5 - https:\/\/yoast.com\/product\/yoast-seo-wordpress\/ -->\n<title>120 \u00f6lk\u0259d\u0259 b\u00fcdc\u0259 \u015f\u0259ffafl\u0131\u011f\u0131: G\u00fcrc\u00fcstan birinci yerd\u0259dir - MEYDAN.TV<\/title>\n<meta name=\"robots\" content=\"index, follow, max-snippet:-1, max-image-preview:large, max-video-preview:-1\" \/>\n<link rel=\"canonical\" href=\"https:\/\/www.meydan.tv\/az\/article\/120-olkede-budce-seffafligi-gurcustan-birinci-yerdedir\/\" \/>\n<meta property=\"og:locale\" content=\"az_AZ\" \/>\n<meta property=\"og:type\" content=\"article\" \/>\n<meta property=\"og:title\" content=\"120 \u00f6lk\u0259d\u0259 b\u00fcdc\u0259 \u015f\u0259ffafl\u0131\u011f\u0131: G\u00fcrc\u00fcstan birinci yerd\u0259dir - MEYDAN.TV\" \/>\n<meta property=\"og:description\" content=\"Az\u0259rbaycanda b\u00fcdc\u0259 m\u0259lumatlar\u0131 \u015f\u0259ffaf deyil, tam a\u00e7\u0131qlanm\u0131r May\u0131n 31-d\u0259 Beyn\u0259lxalq ... Davam\u0131\" \/>\n<meta property=\"og:url\" content=\"https:\/\/www.meydan.tv\/az\/article\/120-olkede-budce-seffafligi-gurcustan-birinci-yerdedir\/\" \/>\n<meta property=\"og:site_name\" content=\"MEYDAN.TV\" \/>\n<meta property=\"article:published_time\" content=\"2022-06-01T10:45:06+00:00\" \/>\n<meta property=\"article:modified_time\" content=\"2022-06-01T10:45:08+00:00\" \/>\n<meta property=\"og:image\" content=\"https:\/\/www.meydan.tv\/wp-content\/uploads\/sanad.jpg\" \/>\n\t<meta property=\"og:image:width\" content=\"1203\" \/>\n\t<meta property=\"og:image:height\" content=\"730\" \/>\n\t<meta property=\"og:image:type\" content=\"image\/jpeg\" \/>\n<meta name=\"author\" content=\"elli\" \/>\n<meta name=\"twitter:card\" content=\"summary_large_image\" \/>\n<meta name=\"twitter:creator\" content=\"@elli\" \/>\n<script type=\"application\/ld+json\" class=\"yoast-schema-graph\">{\"@context\":\"https:\\\/\\\/schema.org\",\"@graph\":[{\"@type\":\"Article\",\"@id\":\"https:\\\/\\\/www.meydan.tv\\\/az\\\/article\\\/120-olkede-budce-seffafligi-gurcustan-birinci-yerdedir\\\/#article\",\"isPartOf\":{\"@id\":\"https:\\\/\\\/www.meydan.tv\\\/az\\\/article\\\/120-olkede-budce-seffafligi-gurcustan-birinci-yerdedir\\\/\"},\"author\":{\"name\":\"elli\",\"@id\":\"https:\\\/\\\/www.meydan.tv\\\/az\\\/#\\\/schema\\\/person\\\/9cdbecf90d17180ce1dfbd95b08dcf47\"},\"headline\":\"120 \u00f6lk\u0259d\u0259 b\u00fcdc\u0259 \u015f\u0259ffafl\u0131\u011f\u0131: G\u00fcrc\u00fcstan birinci yerd\u0259dir\",\"datePublished\":\"2022-06-01T10:45:06+00:00\",\"dateModified\":\"2022-06-01T10:45:08+00:00\",\"mainEntityOfPage\":{\"@id\":\"https:\\\/\\\/www.meydan.tv\\\/az\\\/article\\\/120-olkede-budce-seffafligi-gurcustan-birinci-yerdedir\\\/\"},\"wordCount\":615,\"publisher\":{\"@id\":\"https:\\\/\\\/www.meydan.tv\\\/az\\\/#organization\"},\"image\":{\"@id\":\"https:\\\/\\\/www.meydan.tv\\\/az\\\/article\\\/120-olkede-budce-seffafligi-gurcustan-birinci-yerdedir\\\/#primaryimage\"},\"thumbnailUrl\":\"https:\\\/\\\/www.meydan.tv\\\/wp-content\\\/uploads\\\/sanad.jpg\",\"articleSection\":[\"\u0130qtisadiyyat\",\"X\u0259b\u0259rl\u0259r\"],\"inLanguage\":\"az\"},{\"@type\":\"WebPage\",\"@id\":\"https:\\\/\\\/www.meydan.tv\\\/az\\\/article\\\/120-olkede-budce-seffafligi-gurcustan-birinci-yerdedir\\\/\",\"url\":\"https:\\\/\\\/www.meydan.tv\\\/az\\\/article\\\/120-olkede-budce-seffafligi-gurcustan-birinci-yerdedir\\\/\",\"name\":\"120 \u00f6lk\u0259d\u0259 b\u00fcdc\u0259 \u015f\u0259ffafl\u0131\u011f\u0131: G\u00fcrc\u00fcstan birinci yerd\u0259dir - MEYDAN.TV\",\"isPartOf\":{\"@id\":\"https:\\\/\\\/www.meydan.tv\\\/az\\\/#website\"},\"primaryImageOfPage\":{\"@id\":\"https:\\\/\\\/www.meydan.tv\\\/az\\\/article\\\/120-olkede-budce-seffafligi-gurcustan-birinci-yerdedir\\\/#primaryimage\"},\"image\":{\"@id\":\"https:\\\/\\\/www.meydan.tv\\\/az\\\/article\\\/120-olkede-budce-seffafligi-gurcustan-birinci-yerdedir\\\/#primaryimage\"},\"thumbnailUrl\":\"https:\\\/\\\/www.meydan.tv\\\/wp-content\\\/uploads\\\/sanad.jpg\",\"datePublished\":\"2022-06-01T10:45:06+00:00\",\"dateModified\":\"2022-06-01T10:45:08+00:00\",\"breadcrumb\":{\"@id\":\"https:\\\/\\\/www.meydan.tv\\\/az\\\/article\\\/120-olkede-budce-seffafligi-gurcustan-birinci-yerdedir\\\/#breadcrumb\"},\"inLanguage\":\"az\",\"potentialAction\":[{\"@type\":\"ReadAction\",\"target\":[\"https:\\\/\\\/www.meydan.tv\\\/az\\\/article\\\/120-olkede-budce-seffafligi-gurcustan-birinci-yerdedir\\\/\"]}]},{\"@type\":\"ImageObject\",\"inLanguage\":\"az\",\"@id\":\"https:\\\/\\\/www.meydan.tv\\\/az\\\/article\\\/120-olkede-budce-seffafligi-gurcustan-birinci-yerdedir\\\/#primaryimage\",\"url\":\"https:\\\/\\\/www.meydan.tv\\\/wp-content\\\/uploads\\\/sanad.jpg\",\"contentUrl\":\"https:\\\/\\\/www.meydan.tv\\\/wp-content\\\/uploads\\\/sanad.jpg\",\"width\":1203,\"height\":730,\"caption\":\"M\u0259nb\u0259: Fed.az\"},{\"@type\":\"BreadcrumbList\",\"@id\":\"https:\\\/\\\/www.meydan.tv\\\/az\\\/article\\\/120-olkede-budce-seffafligi-gurcustan-birinci-yerdedir\\\/#breadcrumb\",\"itemListElement\":[{\"@type\":\"ListItem\",\"position\":1,\"name\":\"Ana s\u0259hif\u0259\",\"item\":\"https:\\\/\\\/www.meydan.tv\\\/az\\\/\"},{\"@type\":\"ListItem\",\"position\":2,\"name\":\"\u0130qtisadiyyat\",\"item\":\"https:\\\/\\\/www.meydan.tv\\\/az\\\/section\\\/iqtisadiyyat\\\/\"},{\"@type\":\"ListItem\",\"position\":3,\"name\":\"120 \u00f6lk\u0259d\u0259 b\u00fcdc\u0259 \u015f\u0259ffafl\u0131\u011f\u0131: G\u00fcrc\u00fcstan birinci yerd\u0259dir\"}]},{\"@type\":\"WebSite\",\"@id\":\"https:\\\/\\\/www.meydan.tv\\\/az\\\/#website\",\"url\":\"https:\\\/\\\/www.meydan.tv\\\/az\\\/\",\"name\":\"MEYDAN.TV\",\"description\":\"Meydan TV Az\u0259rbaycan\u0131n media m\u0259kan\u0131ndak\u0131 alternativ s\u0259sidir\",\"publisher\":{\"@id\":\"https:\\\/\\\/www.meydan.tv\\\/az\\\/#organization\"},\"potentialAction\":[{\"@type\":\"SearchAction\",\"target\":{\"@type\":\"EntryPoint\",\"urlTemplate\":\"https:\\\/\\\/www.meydan.tv\\\/az\\\/?s={search_term_string}\"},\"query-input\":{\"@type\":\"PropertyValueSpecification\",\"valueRequired\":true,\"valueName\":\"search_term_string\"}}],\"inLanguage\":\"az\"},{\"@type\":\"Organization\",\"@id\":\"https:\\\/\\\/www.meydan.tv\\\/az\\\/#organization\",\"name\":\"Meydan TV\",\"url\":\"https:\\\/\\\/www.meydan.tv\\\/az\\\/\",\"logo\":{\"@type\":\"ImageObject\",\"inLanguage\":\"az\",\"@id\":\"https:\\\/\\\/www.meydan.tv\\\/az\\\/#\\\/schema\\\/logo\\\/image\\\/\",\"url\":\"https:\\\/\\\/www.meydan.tv\\\/wp-content\\\/uploads\\\/2021\\\/07\\\/meydan-logo.svg\",\"contentUrl\":\"https:\\\/\\\/www.meydan.tv\\\/wp-content\\\/uploads\\\/2021\\\/07\\\/meydan-logo.svg\",\"width\":195,\"height\":46,\"caption\":\"Meydan TV\"},\"image\":{\"@id\":\"https:\\\/\\\/www.meydan.tv\\\/az\\\/#\\\/schema\\\/logo\\\/image\\\/\"}},{\"@type\":\"Person\",\"@id\":\"https:\\\/\\\/www.meydan.tv\\\/az\\\/#\\\/schema\\\/person\\\/9cdbecf90d17180ce1dfbd95b08dcf47\",\"name\":\"elli\",\"sameAs\":[\"https:\\\/\\\/x.com\\\/elli\"]}]}<\/script>\n<!-- \/ Yoast SEO plugin. -->","yoast_head_json":{"title":"120 \u00f6lk\u0259d\u0259 b\u00fcdc\u0259 \u015f\u0259ffafl\u0131\u011f\u0131: G\u00fcrc\u00fcstan birinci yerd\u0259dir - MEYDAN.TV","robots":{"index":"index","follow":"follow","max-snippet":"max-snippet:-1","max-image-preview":"max-image-preview:large","max-video-preview":"max-video-preview:-1"},"canonical":"https:\/\/www.meydan.tv\/az\/article\/120-olkede-budce-seffafligi-gurcustan-birinci-yerdedir\/","og_locale":"az_AZ","og_type":"article","og_title":"120 \u00f6lk\u0259d\u0259 b\u00fcdc\u0259 \u015f\u0259ffafl\u0131\u011f\u0131: G\u00fcrc\u00fcstan birinci yerd\u0259dir - MEYDAN.TV","og_description":"Az\u0259rbaycanda b\u00fcdc\u0259 m\u0259lumatlar\u0131 \u015f\u0259ffaf deyil, tam a\u00e7\u0131qlanm\u0131r May\u0131n 31-d\u0259 Beyn\u0259lxalq ... Davam\u0131","og_url":"https:\/\/www.meydan.tv\/az\/article\/120-olkede-budce-seffafligi-gurcustan-birinci-yerdedir\/","og_site_name":"MEYDAN.TV","article_published_time":"2022-06-01T10:45:06+00:00","article_modified_time":"2022-06-01T10:45:08+00:00","og_image":[{"width":1203,"height":730,"url":"https:\/\/www.meydan.tv\/wp-content\/uploads\/sanad.jpg","type":"image\/jpeg"}],"author":"elli","twitter_card":"summary_large_image","twitter_creator":"@elli","schema":{"@context":"https:\/\/schema.org","@graph":[{"@type":"Article","@id":"https:\/\/www.meydan.tv\/az\/article\/120-olkede-budce-seffafligi-gurcustan-birinci-yerdedir\/#article","isPartOf":{"@id":"https:\/\/www.meydan.tv\/az\/article\/120-olkede-budce-seffafligi-gurcustan-birinci-yerdedir\/"},"author":{"name":"elli","@id":"https:\/\/www.meydan.tv\/az\/#\/schema\/person\/9cdbecf90d17180ce1dfbd95b08dcf47"},"headline":"120 \u00f6lk\u0259d\u0259 b\u00fcdc\u0259 \u015f\u0259ffafl\u0131\u011f\u0131: G\u00fcrc\u00fcstan birinci yerd\u0259dir","datePublished":"2022-06-01T10:45:06+00:00","dateModified":"2022-06-01T10:45:08+00:00","mainEntityOfPage":{"@id":"https:\/\/www.meydan.tv\/az\/article\/120-olkede-budce-seffafligi-gurcustan-birinci-yerdedir\/"},"wordCount":615,"publisher":{"@id":"https:\/\/www.meydan.tv\/az\/#organization"},"image":{"@id":"https:\/\/www.meydan.tv\/az\/article\/120-olkede-budce-seffafligi-gurcustan-birinci-yerdedir\/#primaryimage"},"thumbnailUrl":"https:\/\/www.meydan.tv\/wp-content\/uploads\/sanad.jpg","articleSection":["\u0130qtisadiyyat","X\u0259b\u0259rl\u0259r"],"inLanguage":"az"},{"@type":"WebPage","@id":"https:\/\/www.meydan.tv\/az\/article\/120-olkede-budce-seffafligi-gurcustan-birinci-yerdedir\/","url":"https:\/\/www.meydan.tv\/az\/article\/120-olkede-budce-seffafligi-gurcustan-birinci-yerdedir\/","name":"120 \u00f6lk\u0259d\u0259 b\u00fcdc\u0259 \u015f\u0259ffafl\u0131\u011f\u0131: G\u00fcrc\u00fcstan birinci yerd\u0259dir - MEYDAN.TV","isPartOf":{"@id":"https:\/\/www.meydan.tv\/az\/#website"},"primaryImageOfPage":{"@id":"https:\/\/www.meydan.tv\/az\/article\/120-olkede-budce-seffafligi-gurcustan-birinci-yerdedir\/#primaryimage"},"image":{"@id":"https:\/\/www.meydan.tv\/az\/article\/120-olkede-budce-seffafligi-gurcustan-birinci-yerdedir\/#primaryimage"},"thumbnailUrl":"https:\/\/www.meydan.tv\/wp-content\/uploads\/sanad.jpg","datePublished":"2022-06-01T10:45:06+00:00","dateModified":"2022-06-01T10:45:08+00:00","breadcrumb":{"@id":"https:\/\/www.meydan.tv\/az\/article\/120-olkede-budce-seffafligi-gurcustan-birinci-yerdedir\/#breadcrumb"},"inLanguage":"az","potentialAction":[{"@type":"ReadAction","target":["https:\/\/www.meydan.tv\/az\/article\/120-olkede-budce-seffafligi-gurcustan-birinci-yerdedir\/"]}]},{"@type":"ImageObject","inLanguage":"az","@id":"https:\/\/www.meydan.tv\/az\/article\/120-olkede-budce-seffafligi-gurcustan-birinci-yerdedir\/#primaryimage","url":"https:\/\/www.meydan.tv\/wp-content\/uploads\/sanad.jpg","contentUrl":"https:\/\/www.meydan.tv\/wp-content\/uploads\/sanad.jpg","width":1203,"height":730,"caption":"M\u0259nb\u0259: Fed.az"},{"@type":"BreadcrumbList","@id":"https:\/\/www.meydan.tv\/az\/article\/120-olkede-budce-seffafligi-gurcustan-birinci-yerdedir\/#breadcrumb","itemListElement":[{"@type":"ListItem","position":1,"name":"Ana s\u0259hif\u0259","item":"https:\/\/www.meydan.tv\/az\/"},{"@type":"ListItem","position":2,"name":"\u0130qtisadiyyat","item":"https:\/\/www.meydan.tv\/az\/section\/iqtisadiyyat\/"},{"@type":"ListItem","position":3,"name":"120 \u00f6lk\u0259d\u0259 b\u00fcdc\u0259 \u015f\u0259ffafl\u0131\u011f\u0131: G\u00fcrc\u00fcstan birinci yerd\u0259dir"}]},{"@type":"WebSite","@id":"https:\/\/www.meydan.tv\/az\/#website","url":"https:\/\/www.meydan.tv\/az\/","name":"MEYDAN.TV","description":"Meydan TV Az\u0259rbaycan\u0131n media m\u0259kan\u0131ndak\u0131 alternativ s\u0259sidir","publisher":{"@id":"https:\/\/www.meydan.tv\/az\/#organization"},"potentialAction":[{"@type":"SearchAction","target":{"@type":"EntryPoint","urlTemplate":"https:\/\/www.meydan.tv\/az\/?s={search_term_string}"},"query-input":{"@type":"PropertyValueSpecification","valueRequired":true,"valueName":"search_term_string"}}],"inLanguage":"az"},{"@type":"Organization","@id":"https:\/\/www.meydan.tv\/az\/#organization","name":"Meydan TV","url":"https:\/\/www.meydan.tv\/az\/","logo":{"@type":"ImageObject","inLanguage":"az","@id":"https:\/\/www.meydan.tv\/az\/#\/schema\/logo\/image\/","url":"https:\/\/www.meydan.tv\/wp-content\/uploads\/2021\/07\/meydan-logo.svg","contentUrl":"https:\/\/www.meydan.tv\/wp-content\/uploads\/2021\/07\/meydan-logo.svg","width":195,"height":46,"caption":"Meydan TV"},"image":{"@id":"https:\/\/www.meydan.tv\/az\/#\/schema\/logo\/image\/"}},{"@type":"Person","@id":"https:\/\/www.meydan.tv\/az\/#\/schema\/person\/9cdbecf90d17180ce1dfbd95b08dcf47","name":"elli","sameAs":["https:\/\/x.com\/elli"]}]}},"_links":{"self":[{"href":"https:\/\/www.meydan.tv\/az\/wp-json\/wp\/v2\/posts\/247105","targetHints":{"allow":["GET"]}}],"collection":[{"href":"https:\/\/www.meydan.tv\/az\/wp-json\/wp\/v2\/posts"}],"about":[{"href":"https:\/\/www.meydan.tv\/az\/wp-json\/wp\/v2\/types\/post"}],"author":[{"embeddable":true,"href":"https:\/\/www.meydan.tv\/az\/wp-json\/wp\/v2\/users\/8"}],"replies":[{"embeddable":true,"href":"https:\/\/www.meydan.tv\/az\/wp-json\/wp\/v2\/comments?post=247105"}],"version-history":[{"count":2,"href":"https:\/\/www.meydan.tv\/az\/wp-json\/wp\/v2\/posts\/247105\/revisions"}],"predecessor-version":[{"id":247121,"href":"https:\/\/www.meydan.tv\/az\/wp-json\/wp\/v2\/posts\/247105\/revisions\/247121"}],"wp:featuredmedia":[{"embeddable":true,"href":"https:\/\/www.meydan.tv\/az\/wp-json\/wp\/v2\/media\/214092"}],"wp:attachment":[{"href":"https:\/\/www.meydan.tv\/az\/wp-json\/wp\/v2\/media?parent=247105"}],"wp:term":[{"taxonomy":"category","embeddable":true,"href":"https:\/\/www.meydan.tv\/az\/wp-json\/wp\/v2\/categories?post=247105"},{"taxonomy":"post_tag","embeddable":true,"href":"https:\/\/www.meydan.tv\/az\/wp-json\/wp\/v2\/tags?post=247105"}],"curies":[{"name":"wp","href":"https:\/\/api.w.org\/{rel}","templated":true}]}}