{"id":247067,"date":"2022-05-31T23:04:35","date_gmt":"2022-05-31T19:04:35","guid":{"rendered":"https:\/\/www.meydan.tv\/?p=247067"},"modified":"2022-05-31T23:04:37","modified_gmt":"2022-05-31T19:04:37","slug":"xerc-azal-in-musahide-surasi-sernisinlerin-naraziligini-gormezden-gelir","status":"publish","type":"post","link":"https:\/\/www.meydan.tv\/az\/article\/xerc-azal-in-musahide-surasi-sernisinlerin-naraziligini-gormezden-gelir\/","title":{"rendered":"X\u0259rc: &#8220;Azal-\u0131n M\u00fc\u015fahid\u0259 \u015euras\u0131 s\u0259rni\u015finl\u0259rin naraz\u0131l\u0131\u011f\u0131n\u0131 g\u00f6rm\u0259zd\u0259n g\u0259lir&#8221;"},"content":{"rendered":"\n<figure class=\"wp-block-embed is-type-video is-provider-youtube wp-block-embed-youtube wp-embed-aspect-16-9 wp-has-aspect-ratio\"><div class=\"wp-block-embed__wrapper\">\nhttps:\/\/youtu.be\/A4bOd6FxoR0\n<\/div><\/figure>\n\n\n\n<!--more-->\n\n\n\n<p>Pandemiya d\u00f6vr\u00fcnd\u0259 quru yolla qapal\u0131 qald\u0131 dey\u0259, s\u0259rni\u015finl\u0259r m\u0259cburi hava yollar\u0131ndan istifad\u0259 etm\u0259li oldurlar. Azal b\u00fcdc\u0259 reysl\u0259ri h\u0259yata ke\u00e7irmir, h\u0259yata ke\u00e7ir\u0259n avia\u015firk\u0259tl\u0259r d\u0259 \u00f6lk\u0259y\u0259 burax\u0131lm\u0131r. B\u0259z\u0259n a\u015f\u0131lan\u0131r ki, z\u0259r\u0259rl\u0259 i\u015fl\u0259y\u0259n m\u00fc\u0259ss\u0259l\u0259ri \u00f6z\u0259ll\u0259\u015fdirm\u0259k laz\u0131md\u0131r. Ancaq Az\u0259rbaycan t\u0259cr\u00fcb\u0259sind\u0259n ayd\u0131n olur ki, y\u00fczl\u0259rl\u0259 m\u00fc\u0259ssis\u0259 m\u0259mur sahibkarl\u0131\u011f\u0131n\u0131n yemin\u0259 \u00e7evrilib v\u0259 b\u00fcdc\u0259y\u0259 iki qat z\u0259r\u0259r verib.<\/p>\n","protected":false},"excerpt":{"rendered":"","protected":false},"author":14,"featured_media":247068,"comment_status":"closed","ping_status":"closed","sticky":false,"template":"","format":"standard","meta":{"_acf_changed":false,"_sitemap_exclude":false,"_sitemap_priority":"","_sitemap_frequency":"","footnotes":""},"categories":[63],"tags":[],"class_list":["post-247067","post","type-post","status-publish","format-standard","has-post-thumbnail","hentry","category-video-2","infinite-scroll-item","generate-columns","tablet-grid-50","mobile-grid-100","grid-parent","grid-33","no-featured-image-padding"],"acf":[],"yoast_head":"<!-- This site is optimized with the Yoast SEO plugin v27.5 - https:\/\/yoast.com\/product\/yoast-seo-wordpress\/ -->\n<title>X\u0259rc: &quot;Azal-\u0131n M\u00fc\u015fahid\u0259 \u015euras\u0131 s\u0259rni\u015finl\u0259rin naraz\u0131l\u0131\u011f\u0131n\u0131 g\u00f6rm\u0259zd\u0259n g\u0259lir&quot; - MEYDAN.TV<\/title>\n<meta name=\"robots\" content=\"index, follow, max-snippet:-1, max-image-preview:large, max-video-preview:-1\" \/>\n<link rel=\"canonical\" href=\"https:\/\/www.meydan.tv\/az\/article\/xerc-azal-in-musahide-surasi-sernisinlerin-naraziligini-gormezden-gelir\/\" \/>\n<meta property=\"og:locale\" content=\"az_AZ\" \/>\n<meta property=\"og:type\" content=\"article\" \/>\n<meta property=\"og:title\" content=\"X\u0259rc: &quot;Azal-\u0131n M\u00fc\u015fahid\u0259 \u015euras\u0131 s\u0259rni\u015finl\u0259rin naraz\u0131l\u0131\u011f\u0131n\u0131 g\u00f6rm\u0259zd\u0259n g\u0259lir&quot; - MEYDAN.TV\" \/>\n<meta property=\"og:url\" content=\"https:\/\/www.meydan.tv\/az\/article\/xerc-azal-in-musahide-surasi-sernisinlerin-naraziligini-gormezden-gelir\/\" \/>\n<meta property=\"og:site_name\" content=\"MEYDAN.TV\" \/>\n<meta property=\"article:published_time\" content=\"2022-05-31T19:04:35+00:00\" \/>\n<meta property=\"article:modified_time\" content=\"2022-05-31T19:04:37+00:00\" \/>\n<meta property=\"og:image\" content=\"https:\/\/www.meydan.tv\/wp-content\/uploads\/screenshot-at-may-31-20-48-34.png\" \/>\n\t<meta property=\"og:image:width\" content=\"1000\" \/>\n\t<meta property=\"og:image:height\" content=\"557\" \/>\n\t<meta property=\"og:image:type\" content=\"image\/png\" \/>\n<meta name=\"author\" content=\"roma\" \/>\n<meta name=\"twitter:card\" content=\"summary_large_image\" \/>\n<script type=\"application\/ld+json\" class=\"yoast-schema-graph\">{\"@context\":\"https:\\\/\\\/schema.org\",\"@graph\":[{\"@type\":\"Article\",\"@id\":\"https:\\\/\\\/www.meydan.tv\\\/az\\\/article\\\/xerc-azal-in-musahide-surasi-sernisinlerin-naraziligini-gormezden-gelir\\\/#article\",\"isPartOf\":{\"@id\":\"https:\\\/\\\/www.meydan.tv\\\/az\\\/article\\\/xerc-azal-in-musahide-surasi-sernisinlerin-naraziligini-gormezden-gelir\\\/\"},\"author\":{\"name\":\"roma\",\"@id\":\"https:\\\/\\\/www.meydan.tv\\\/az\\\/#\\\/schema\\\/person\\\/8f23e01c4de63326c13c319fb65ee65d\"},\"headline\":\"X\u0259rc: &#8220;Azal-\u0131n M\u00fc\u015fahid\u0259 \u015euras\u0131 s\u0259rni\u015finl\u0259rin naraz\u0131l\u0131\u011f\u0131n\u0131 g\u00f6rm\u0259zd\u0259n g\u0259lir&#8221;\",\"datePublished\":\"2022-05-31T19:04:35+00:00\",\"dateModified\":\"2022-05-31T19:04:37+00:00\",\"mainEntityOfPage\":{\"@id\":\"https:\\\/\\\/www.meydan.tv\\\/az\\\/article\\\/xerc-azal-in-musahide-surasi-sernisinlerin-naraziligini-gormezden-gelir\\\/\"},\"wordCount\":131,\"publisher\":{\"@id\":\"https:\\\/\\\/www.meydan.tv\\\/az\\\/#organization\"},\"image\":{\"@id\":\"https:\\\/\\\/www.meydan.tv\\\/az\\\/article\\\/xerc-azal-in-musahide-surasi-sernisinlerin-naraziligini-gormezden-gelir\\\/#primaryimage\"},\"thumbnailUrl\":\"https:\\\/\\\/www.meydan.tv\\\/wp-content\\\/uploads\\\/screenshot-at-may-31-20-48-34.png\",\"articleSection\":[\"Video\"],\"inLanguage\":\"az\"},{\"@type\":\"WebPage\",\"@id\":\"https:\\\/\\\/www.meydan.tv\\\/az\\\/article\\\/xerc-azal-in-musahide-surasi-sernisinlerin-naraziligini-gormezden-gelir\\\/\",\"url\":\"https:\\\/\\\/www.meydan.tv\\\/az\\\/article\\\/xerc-azal-in-musahide-surasi-sernisinlerin-naraziligini-gormezden-gelir\\\/\",\"name\":\"X\u0259rc: \\\"Azal-\u0131n M\u00fc\u015fahid\u0259 \u015euras\u0131 s\u0259rni\u015finl\u0259rin naraz\u0131l\u0131\u011f\u0131n\u0131 g\u00f6rm\u0259zd\u0259n g\u0259lir\\\" - MEYDAN.TV\",\"isPartOf\":{\"@id\":\"https:\\\/\\\/www.meydan.tv\\\/az\\\/#website\"},\"primaryImageOfPage\":{\"@id\":\"https:\\\/\\\/www.meydan.tv\\\/az\\\/article\\\/xerc-azal-in-musahide-surasi-sernisinlerin-naraziligini-gormezden-gelir\\\/#primaryimage\"},\"image\":{\"@id\":\"https:\\\/\\\/www.meydan.tv\\\/az\\\/article\\\/xerc-azal-in-musahide-surasi-sernisinlerin-naraziligini-gormezden-gelir\\\/#primaryimage\"},\"thumbnailUrl\":\"https:\\\/\\\/www.meydan.tv\\\/wp-content\\\/uploads\\\/screenshot-at-may-31-20-48-34.png\",\"datePublished\":\"2022-05-31T19:04:35+00:00\",\"dateModified\":\"2022-05-31T19:04:37+00:00\",\"breadcrumb\":{\"@id\":\"https:\\\/\\\/www.meydan.tv\\\/az\\\/article\\\/xerc-azal-in-musahide-surasi-sernisinlerin-naraziligini-gormezden-gelir\\\/#breadcrumb\"},\"inLanguage\":\"az\",\"potentialAction\":[{\"@type\":\"ReadAction\",\"target\":[\"https:\\\/\\\/www.meydan.tv\\\/az\\\/article\\\/xerc-azal-in-musahide-surasi-sernisinlerin-naraziligini-gormezden-gelir\\\/\"]}]},{\"@type\":\"ImageObject\",\"inLanguage\":\"az\",\"@id\":\"https:\\\/\\\/www.meydan.tv\\\/az\\\/article\\\/xerc-azal-in-musahide-surasi-sernisinlerin-naraziligini-gormezden-gelir\\\/#primaryimage\",\"url\":\"https:\\\/\\\/www.meydan.tv\\\/wp-content\\\/uploads\\\/screenshot-at-may-31-20-48-34.png\",\"contentUrl\":\"https:\\\/\\\/www.meydan.tv\\\/wp-content\\\/uploads\\\/screenshot-at-may-31-20-48-34.png\",\"width\":1000,\"height\":557},{\"@type\":\"BreadcrumbList\",\"@id\":\"https:\\\/\\\/www.meydan.tv\\\/az\\\/article\\\/xerc-azal-in-musahide-surasi-sernisinlerin-naraziligini-gormezden-gelir\\\/#breadcrumb\",\"itemListElement\":[{\"@type\":\"ListItem\",\"position\":1,\"name\":\"Ana s\u0259hif\u0259\",\"item\":\"https:\\\/\\\/www.meydan.tv\\\/az\\\/\"},{\"@type\":\"ListItem\",\"position\":2,\"name\":\"Video\",\"item\":\"https:\\\/\\\/www.meydan.tv\\\/az\\\/section\\\/video-2\\\/\"},{\"@type\":\"ListItem\",\"position\":3,\"name\":\"X\u0259rc: &#8220;Azal-\u0131n M\u00fc\u015fahid\u0259 \u015euras\u0131 s\u0259rni\u015finl\u0259rin naraz\u0131l\u0131\u011f\u0131n\u0131 g\u00f6rm\u0259zd\u0259n g\u0259lir&#8221;\"}]},{\"@type\":\"WebSite\",\"@id\":\"https:\\\/\\\/www.meydan.tv\\\/az\\\/#website\",\"url\":\"https:\\\/\\\/www.meydan.tv\\\/az\\\/\",\"name\":\"MEYDAN.TV\",\"description\":\"Meydan TV Az\u0259rbaycan\u0131n media m\u0259kan\u0131ndak\u0131 alternativ s\u0259sidir\",\"publisher\":{\"@id\":\"https:\\\/\\\/www.meydan.tv\\\/az\\\/#organization\"},\"potentialAction\":[{\"@type\":\"SearchAction\",\"target\":{\"@type\":\"EntryPoint\",\"urlTemplate\":\"https:\\\/\\\/www.meydan.tv\\\/az\\\/?s={search_term_string}\"},\"query-input\":{\"@type\":\"PropertyValueSpecification\",\"valueRequired\":true,\"valueName\":\"search_term_string\"}}],\"inLanguage\":\"az\"},{\"@type\":\"Organization\",\"@id\":\"https:\\\/\\\/www.meydan.tv\\\/az\\\/#organization\",\"name\":\"Meydan TV\",\"url\":\"https:\\\/\\\/www.meydan.tv\\\/az\\\/\",\"logo\":{\"@type\":\"ImageObject\",\"inLanguage\":\"az\",\"@id\":\"https:\\\/\\\/www.meydan.tv\\\/az\\\/#\\\/schema\\\/logo\\\/image\\\/\",\"url\":\"https:\\\/\\\/www.meydan.tv\\\/wp-content\\\/uploads\\\/2021\\\/07\\\/meydan-logo.svg\",\"contentUrl\":\"https:\\\/\\\/www.meydan.tv\\\/wp-content\\\/uploads\\\/2021\\\/07\\\/meydan-logo.svg\",\"width\":195,\"height\":46,\"caption\":\"Meydan TV\"},\"image\":{\"@id\":\"https:\\\/\\\/www.meydan.tv\\\/az\\\/#\\\/schema\\\/logo\\\/image\\\/\"}},{\"@type\":\"Person\",\"@id\":\"https:\\\/\\\/www.meydan.tv\\\/az\\\/#\\\/schema\\\/person\\\/8f23e01c4de63326c13c319fb65ee65d\",\"name\":\"roma\"}]}<\/script>\n<!-- \/ Yoast SEO plugin. -->","yoast_head_json":{"title":"X\u0259rc: \"Azal-\u0131n M\u00fc\u015fahid\u0259 \u015euras\u0131 s\u0259rni\u015finl\u0259rin naraz\u0131l\u0131\u011f\u0131n\u0131 g\u00f6rm\u0259zd\u0259n g\u0259lir\" - MEYDAN.TV","robots":{"index":"index","follow":"follow","max-snippet":"max-snippet:-1","max-image-preview":"max-image-preview:large","max-video-preview":"max-video-preview:-1"},"canonical":"https:\/\/www.meydan.tv\/az\/article\/xerc-azal-in-musahide-surasi-sernisinlerin-naraziligini-gormezden-gelir\/","og_locale":"az_AZ","og_type":"article","og_title":"X\u0259rc: \"Azal-\u0131n M\u00fc\u015fahid\u0259 \u015euras\u0131 s\u0259rni\u015finl\u0259rin naraz\u0131l\u0131\u011f\u0131n\u0131 g\u00f6rm\u0259zd\u0259n g\u0259lir\" - MEYDAN.TV","og_url":"https:\/\/www.meydan.tv\/az\/article\/xerc-azal-in-musahide-surasi-sernisinlerin-naraziligini-gormezden-gelir\/","og_site_name":"MEYDAN.TV","article_published_time":"2022-05-31T19:04:35+00:00","article_modified_time":"2022-05-31T19:04:37+00:00","og_image":[{"width":1000,"height":557,"url":"https:\/\/www.meydan.tv\/wp-content\/uploads\/screenshot-at-may-31-20-48-34.png","type":"image\/png"}],"author":"roma","twitter_card":"summary_large_image","schema":{"@context":"https:\/\/schema.org","@graph":[{"@type":"Article","@id":"https:\/\/www.meydan.tv\/az\/article\/xerc-azal-in-musahide-surasi-sernisinlerin-naraziligini-gormezden-gelir\/#article","isPartOf":{"@id":"https:\/\/www.meydan.tv\/az\/article\/xerc-azal-in-musahide-surasi-sernisinlerin-naraziligini-gormezden-gelir\/"},"author":{"name":"roma","@id":"https:\/\/www.meydan.tv\/az\/#\/schema\/person\/8f23e01c4de63326c13c319fb65ee65d"},"headline":"X\u0259rc: &#8220;Azal-\u0131n M\u00fc\u015fahid\u0259 \u015euras\u0131 s\u0259rni\u015finl\u0259rin naraz\u0131l\u0131\u011f\u0131n\u0131 g\u00f6rm\u0259zd\u0259n g\u0259lir&#8221;","datePublished":"2022-05-31T19:04:35+00:00","dateModified":"2022-05-31T19:04:37+00:00","mainEntityOfPage":{"@id":"https:\/\/www.meydan.tv\/az\/article\/xerc-azal-in-musahide-surasi-sernisinlerin-naraziligini-gormezden-gelir\/"},"wordCount":131,"publisher":{"@id":"https:\/\/www.meydan.tv\/az\/#organization"},"image":{"@id":"https:\/\/www.meydan.tv\/az\/article\/xerc-azal-in-musahide-surasi-sernisinlerin-naraziligini-gormezden-gelir\/#primaryimage"},"thumbnailUrl":"https:\/\/www.meydan.tv\/wp-content\/uploads\/screenshot-at-may-31-20-48-34.png","articleSection":["Video"],"inLanguage":"az"},{"@type":"WebPage","@id":"https:\/\/www.meydan.tv\/az\/article\/xerc-azal-in-musahide-surasi-sernisinlerin-naraziligini-gormezden-gelir\/","url":"https:\/\/www.meydan.tv\/az\/article\/xerc-azal-in-musahide-surasi-sernisinlerin-naraziligini-gormezden-gelir\/","name":"X\u0259rc: \"Azal-\u0131n M\u00fc\u015fahid\u0259 \u015euras\u0131 s\u0259rni\u015finl\u0259rin naraz\u0131l\u0131\u011f\u0131n\u0131 g\u00f6rm\u0259zd\u0259n g\u0259lir\" - MEYDAN.TV","isPartOf":{"@id":"https:\/\/www.meydan.tv\/az\/#website"},"primaryImageOfPage":{"@id":"https:\/\/www.meydan.tv\/az\/article\/xerc-azal-in-musahide-surasi-sernisinlerin-naraziligini-gormezden-gelir\/#primaryimage"},"image":{"@id":"https:\/\/www.meydan.tv\/az\/article\/xerc-azal-in-musahide-surasi-sernisinlerin-naraziligini-gormezden-gelir\/#primaryimage"},"thumbnailUrl":"https:\/\/www.meydan.tv\/wp-content\/uploads\/screenshot-at-may-31-20-48-34.png","datePublished":"2022-05-31T19:04:35+00:00","dateModified":"2022-05-31T19:04:37+00:00","breadcrumb":{"@id":"https:\/\/www.meydan.tv\/az\/article\/xerc-azal-in-musahide-surasi-sernisinlerin-naraziligini-gormezden-gelir\/#breadcrumb"},"inLanguage":"az","potentialAction":[{"@type":"ReadAction","target":["https:\/\/www.meydan.tv\/az\/article\/xerc-azal-in-musahide-surasi-sernisinlerin-naraziligini-gormezden-gelir\/"]}]},{"@type":"ImageObject","inLanguage":"az","@id":"https:\/\/www.meydan.tv\/az\/article\/xerc-azal-in-musahide-surasi-sernisinlerin-naraziligini-gormezden-gelir\/#primaryimage","url":"https:\/\/www.meydan.tv\/wp-content\/uploads\/screenshot-at-may-31-20-48-34.png","contentUrl":"https:\/\/www.meydan.tv\/wp-content\/uploads\/screenshot-at-may-31-20-48-34.png","width":1000,"height":557},{"@type":"BreadcrumbList","@id":"https:\/\/www.meydan.tv\/az\/article\/xerc-azal-in-musahide-surasi-sernisinlerin-naraziligini-gormezden-gelir\/#breadcrumb","itemListElement":[{"@type":"ListItem","position":1,"name":"Ana s\u0259hif\u0259","item":"https:\/\/www.meydan.tv\/az\/"},{"@type":"ListItem","position":2,"name":"Video","item":"https:\/\/www.meydan.tv\/az\/section\/video-2\/"},{"@type":"ListItem","position":3,"name":"X\u0259rc: &#8220;Azal-\u0131n M\u00fc\u015fahid\u0259 \u015euras\u0131 s\u0259rni\u015finl\u0259rin naraz\u0131l\u0131\u011f\u0131n\u0131 g\u00f6rm\u0259zd\u0259n g\u0259lir&#8221;"}]},{"@type":"WebSite","@id":"https:\/\/www.meydan.tv\/az\/#website","url":"https:\/\/www.meydan.tv\/az\/","name":"MEYDAN.TV","description":"Meydan TV Az\u0259rbaycan\u0131n media m\u0259kan\u0131ndak\u0131 alternativ s\u0259sidir","publisher":{"@id":"https:\/\/www.meydan.tv\/az\/#organization"},"potentialAction":[{"@type":"SearchAction","target":{"@type":"EntryPoint","urlTemplate":"https:\/\/www.meydan.tv\/az\/?s={search_term_string}"},"query-input":{"@type":"PropertyValueSpecification","valueRequired":true,"valueName":"search_term_string"}}],"inLanguage":"az"},{"@type":"Organization","@id":"https:\/\/www.meydan.tv\/az\/#organization","name":"Meydan TV","url":"https:\/\/www.meydan.tv\/az\/","logo":{"@type":"ImageObject","inLanguage":"az","@id":"https:\/\/www.meydan.tv\/az\/#\/schema\/logo\/image\/","url":"https:\/\/www.meydan.tv\/wp-content\/uploads\/2021\/07\/meydan-logo.svg","contentUrl":"https:\/\/www.meydan.tv\/wp-content\/uploads\/2021\/07\/meydan-logo.svg","width":195,"height":46,"caption":"Meydan TV"},"image":{"@id":"https:\/\/www.meydan.tv\/az\/#\/schema\/logo\/image\/"}},{"@type":"Person","@id":"https:\/\/www.meydan.tv\/az\/#\/schema\/person\/8f23e01c4de63326c13c319fb65ee65d","name":"roma"}]}},"_links":{"self":[{"href":"https:\/\/www.meydan.tv\/az\/wp-json\/wp\/v2\/posts\/247067","targetHints":{"allow":["GET"]}}],"collection":[{"href":"https:\/\/www.meydan.tv\/az\/wp-json\/wp\/v2\/posts"}],"about":[{"href":"https:\/\/www.meydan.tv\/az\/wp-json\/wp\/v2\/types\/post"}],"author":[{"embeddable":true,"href":"https:\/\/www.meydan.tv\/az\/wp-json\/wp\/v2\/users\/14"}],"replies":[{"embeddable":true,"href":"https:\/\/www.meydan.tv\/az\/wp-json\/wp\/v2\/comments?post=247067"}],"version-history":[{"count":1,"href":"https:\/\/www.meydan.tv\/az\/wp-json\/wp\/v2\/posts\/247067\/revisions"}],"predecessor-version":[{"id":247071,"href":"https:\/\/www.meydan.tv\/az\/wp-json\/wp\/v2\/posts\/247067\/revisions\/247071"}],"wp:featuredmedia":[{"embeddable":true,"href":"https:\/\/www.meydan.tv\/az\/wp-json\/wp\/v2\/media\/247068"}],"wp:attachment":[{"href":"https:\/\/www.meydan.tv\/az\/wp-json\/wp\/v2\/media?parent=247067"}],"wp:term":[{"taxonomy":"category","embeddable":true,"href":"https:\/\/www.meydan.tv\/az\/wp-json\/wp\/v2\/categories?post=247067"},{"taxonomy":"post_tag","embeddable":true,"href":"https:\/\/www.meydan.tv\/az\/wp-json\/wp\/v2\/tags?post=247067"}],"curies":[{"name":"wp","href":"https:\/\/api.w.org\/{rel}","templated":true}]}}