{"id":247056,"date":"2022-05-31T22:03:18","date_gmt":"2022-05-31T18:03:18","guid":{"rendered":"https:\/\/www.meydan.tv\/?p=247056"},"modified":"2022-05-31T22:03:20","modified_gmt":"2022-05-31T18:03:20","slug":"kecmis-doyuscu-cenab-prezident-herbi-geyimde-dilencilik-edim","status":"publish","type":"post","link":"https:\/\/www.meydan.tv\/az\/article\/kecmis-doyuscu-cenab-prezident-herbi-geyimde-dilencilik-edim\/","title":{"rendered":"Ke\u00e7mi\u015f d\u00f6y\u00fc\u015f\u00e7\u00fc: \u201cC\u0259nab Prezident, h\u0259rbi geyimd\u0259 dil\u0259n\u00e7ilik edim?\u201d"},"content":{"rendered":"\n<p><\/p>\n\n\n\n<p><em>Salman M\u0259mm\u0259dov m\u00fcharib\u0259y\u0259d\u0259k d\u0259mir\u00e7i i\u015fl\u0259yib, indi \u00f6z\u00fcn\u0259 i\u015f tapa bilmir<\/em><\/p>\n\n\n\n<p>\u201cC\u0259nab Prezident, bir var adam erm\u0259ni g\u00fcll\u0259sind\u0259n bird\u0259f\u0259lik \u00f6l\u00fcb ged\u0259, o da qism\u0259tim olmad\u0131, bir d\u0259 var, s\u0259ni h\u0259r g\u00fcn \u00f6z xalq\u0131ndan olan m\u0259mur m\u0259n\u0259vi \u00f6ld\u00fcr\u00fcr. Od-alovun i\u00e7ind\u0259n qay\u0131d\u0131b rayonda m\u0259mur balalar\u0131n\u0131n \u0259n son model avtomobill\u0259rd\u0259 \u015f\u00fct\u00fcd\u00fckl\u0259rini, villalarda \u0259n bahal\u0131 h\u0259yat ya\u015fad\u0131qlar\u0131n\u0131 g\u00f6rd\u00fckc\u0259, evd\u0259 s\u0259ni g\u00f6zl\u0259y\u0259n iki balan\u0131 g\u00f6z\u00fcn\u00fcn \u00f6n\u00fcn\u0259 g\u0259tirdikc\u0259, adam\u0131n ruhu \u00f6l\u00fcr. Rayonda i\u015f yerl\u0259ri d\u0259 var, rifah da var, ancaq h\u0259r \u015fey 5-10 m\u0259mur v\u0259 onlar\u0131n qohumlar\u0131 \u00fc\u00e7\u00fcnd\u00fcr\u201d.<\/p>\n\n\n\n<p>Samux rayonu, S\u0259rkar k\u0259nd sakini Salman M\u0259mm\u0259dov 2016-c\u0131 ilin aprel d\u00f6y\u00fc\u015fl\u0259rinin, \u0130kinc Qaraba\u011f M\u00fcharib\u0259sinin i\u015ftirak\u00e7\u0131s\u0131 olub. Suqovu\u015fan\u0131n azad edilm\u0259sin\u0259 g\u00f6r\u0259 t\u0259ltif d\u0259 edilib. Meydan TV-y\u0259 dan\u0131\u015f\u0131r ki, m\u00fcharib\u0259d\u0259n qay\u0131dandan i\u015f \u00fc\u00e7\u00fcn d\u00f6ym\u0259diyi qap\u0131 qalmay\u0131b. Ancaq \u00f6z\u00fcn\u0259 i\u015f tapa bilmir.<\/p>\n\n\n\n<p>34 ya\u015fl\u0131 Salman M\u0259mm\u0259dov m\u00fcharib\u0259d\u0259n \u0259vv\u0259l d\u0259mir\u00e7i i\u015fl\u0259yib. Deyir, at nal\u0131 d\u00fcz\u0259ldirmi\u015f v\u0259 ba\u015fqa d\u0259mir\u00e7i i\u015fl\u0259ri g\u00f6r\u00fcrm\u00fc\u015f. M\u00fcharib\u0259 ba\u015flayanda m\u00fcdd\u0259td\u0259n art\u0131q h\u0259rbi qulluq\u00e7u kimi d\u00f6y\u00fc\u015fl\u0259r\u0259 yollan\u0131b. Geri qay\u0131dandan sonra onu \u0259n \u00e7ox m\u0259\u015f\u011ful ed\u0259n m\u0259s\u0259l\u0259 i\u015f axtarmaq olub.<\/p>\n\n\n\n<p>\u201cSizinl\u0259 dan\u0131\u015fa-dan\u0131\u015fa suvaq i\u015fi g\u00f6r\u00fcr\u0259m. Bir dostum u\u015faqlar\u0131m\u0131n ac oldu\u011funu bilib, \u00e7a\u011f\u0131r\u0131b, \u00f6z i\u015fini m\u0259n\u0259 verib ki, divar\u0131 suvay\u0131m, 3-5 manat qazan\u0131m, ev\u0259 \u00e7\u00f6r\u0259k al\u0131b apar\u0131m. Halbuki, m\u00fcharib\u0259d\u0259n \u0259vv\u0259l d\u0259mir\u00e7i i\u015fl\u0259yib iki azya\u015fl\u0131 balam\u0131 doland\u0131r\u0131rd\u0131m. M\u00fcharib\u0259d\u0259n psixoloji probleml\u0259rl\u0259 qay\u0131tm\u0131\u015fam, beynim s\u0259s g\u00f6t\u00fcrm\u00fcr, daha \u0259vv\u0259lki kimi d\u0259mir d\u00f6ym\u0259k \u00fc\u00e7\u00fcn zindan\u0131n s\u0259sini beynim g\u00f6t\u00fcrm\u00fcr, sinir sistemim s\u0131radan \u00e7\u0131x\u0131b. \u018fvv\u0259lki kimi a\u011f\u0131r i\u015fl\u0259rd\u0259 i\u015fl\u0259y\u0259 bilmir\u0259m. B\u0259d\u0259nimd\u0259 d\u00f6y\u00fc\u015fl\u0259rin a\u011fr\u0131lar\u0131 var, iki ildir m\u00fcalic\u0259l\u0259r d\u0259 al\u0131ram. Bir az a\u011f\u0131r i\u015f g\u00f6r\u0259nd\u0259 b\u00f6yr\u00fcmd\u0259 \u201cpristuplar\u201d tutur\u201d.<\/p>\n\n\n\n<p>Salman M\u0259mm\u0259dov s\u00fcp\u00fcrg\u0259\u00e7i, ba\u011fban, y\u00fcng\u00fcl i\u015fl\u0259r g\u00f6rm\u0259k \u00fc\u00e7\u00fcn f\u0259hl\u0259 i\u015fl\u0259rin\u0259 g\u00f6r\u0259 rayondak\u0131 i\u015f\u0131q, qaz, su idar\u0259l\u0259rin\u0259, icra hakimiyy\u0259tin\u0259, m\u0259\u015f\u011fulluq xidm\u0259tin\u0259 &#8211; bir s\u00f6zl\u0259, \u0259li yet\u0259n h\u0259r yer\u0259 m\u00fcraci\u0259t edib. Ancaq iki ildir ki, ona uy\u011fun i\u015f verilmir:<\/p>\n\n\n\n<p>\u201c\u0130cra hakimiyy\u0259tin\u0259 gedir\u0259m, deyr\u0259m, el\u0259 bir i\u015f verin ki, binan\u0131n \u0259traf\u0131n\u0131 t\u0259mizl\u0259ym, f\u0259hl\u0259lik el\u0259yim, a\u011f\u0131r i\u015fl\u0259r g\u00f6r\u0259 bilmir\u0259m. Ba\u015f\u00e7\u0131 bizim k\u0259ndin icra n\u00fcmay\u0259nd\u0259sin\u0259 tap\u015f\u0131r\u0131r ki, apar bunu, parnikd\u0259 i\u015fl\u0259sin. Deyir\u0259m, m\u0259nim beynimd\u0259 problem var, parnikin d\u0259rman\u0131, g\u00fcbr\u0259si m\u0259n\u0259 pis t\u0259sir edir, deyir, m\u0259nd\u0259 ba\u015fqa i\u015f yoxdur. \u0130\u015f\u0131q, qaz, su idar\u0259l\u0259rin\u0259 m\u00fcraci\u0259t etmi\u015f\u0259m ki, g\u0259lim \u201c\u015funur\u201d da\u015f\u0131y\u0131m, idar\u0259nizn h\u0259y\u0259tind\u0259 yer bell\u0259yim, s\u00fcp\u00fcrg\u0259\u00e7ilik el\u0259yim, deyirl\u0259r, i\u015f yoxdur\u201d.<\/p>\n\n\n\n<p>Salman M\u0259mm\u0259dov deyir, bir ne\u00e7\u0259 g\u00fcn \u0259vv\u0259ls\u0259 \u00d6z\u00fcn\u0259m\u0259\u015f\u011fulluq Proqram\u0131na qo\u015fulmaq \u00fc\u00e7\u00fcn m\u00fcraci\u0259t edib:<\/p>\n\n\n\n<p>\u201cDedim, he\u00e7 olmasa m\u0259n\u0259 \u00e7iling\u0259r aparatlar\u0131 verilsin, gedib \u00e7iling\u0259rlik edim, 3-5 manat\u0131m\u0131 qazan\u0131m, ail\u0259mi doland\u0131r\u0131m. Dedil\u0259r, \u0259n az\u0131 8-10 ay g\u00f6zl\u0259m\u0259lis\u0259n. Bu da bel\u0259 getdi\u2026 Yax\u015f\u0131, m\u0259n n\u0259 edim? Bu yax\u0131nlarda k\u0259ndd\u0259 musiqi m\u0259kt\u0259bi a\u00e7\u0131l\u0131b. Deyir\u0259m, ora ba\u011fban laz\u0131md\u0131r, gedim, a\u011faclar\u0131 suvar\u0131m, m\u0259kt\u0259bin \u0259traf\u0131n\u0131 s\u00fcp\u00fcr\u00fcm, bel\u0259 i\u015fl\u0259r verin, h\u0259m ba\u015f\u0131m qar\u0131\u015fs\u0131n, h\u0259m balalar\u0131ma \u00e7\u00f6r\u0259k apar\u0131m. M\u0259nim g\u00f6z\u00fcm\u00fcn \u00f6n\u00fcnd\u0259 o q\u0259d\u0259r insan faci\u0259li \u00f6l\u00fcb, m\u0259n m\u00fcharib\u0259, qan g\u00f6rm\u00fc\u015f adamam, qay\u0131dandan sonra psixoloji yard\u0131m da g\u00f6rm\u0259mi\u015f\u0259m. Psixologiyam b\u0259rbad v\u0259ziyy\u0259td\u0259dir v\u0259 bu durumda a\u011f\u0131r i\u015fl\u0259rd\u0259 i\u015fl\u0259y\u0259 bilmir\u0259m. M\u0259n\u0259 i\u015f vermirl\u0259r, he\u00e7 olmasa h\u0259yat yolda\u015f\u0131ma k\u0259ndd\u0259ki u\u015faq ba\u011f\u00e7as\u0131nda xadim\u0259 i\u015fi versinl\u0259r. \u00dcnvanl\u0131 sosial yard\u0131m \u00fc\u00e7\u00fcn d\u0259 m\u00fcraci\u0259t edirik, deyirl\u0259r, i\u015f yeriniz olmad\u0131\u011f\u0131na g\u00f6r\u0259 d\u00fc\u015fm\u00fcr\u201d.<\/p>\n\n\n\n<p>Ke\u00e7mi\u015f d\u00f6y\u00fc\u015f\u00e7\u00fc s\u0259sinin media vasit\u0259siyl\u0259 Prezident \u0130lham \u018fliyev\u0259 \u00e7atmas\u0131n\u0131 ist\u0259yir:<\/p>\n\n\n\n<p>\u201cC\u0259nab Prezident, sizd\u0259n ev, ma\u015f\u0131n ist\u0259mir\u0259m, qap\u0131n\u0131zda dayan\u0131b pul dil\u0259nmir\u0259m, haqq\u0131m olan i\u015f ist\u0259yir\u0259m. H\u0259r d\u0259f\u0259 \u00e7\u0131x\u0131b deyirsiz ki, qaziy\u0259 i\u015f verin, \u015f\u0259hid ail\u0259sin\u0259 i\u015f verin. N\u00fcmay\u0259nd\u0259 g\u00f6nd\u0259rin, ara\u015fd\u0131r\u0131n, g\u00f6r\u00fcn rayonumuzda sizin s\u00f6z\u00fcn\u00fcz\u00fc sayan, icra ed\u0259n varm\u0131? N\u00fcmay\u0259nd\u0259 g\u0259lsin, birc\u0259 g\u00fcn k\u0259ndd\u0259 g\u0259zsin, g\u00f6rs\u00fcn burda xalq n\u0259 g\u00fcnd\u0259 ya\u015fay\u0131r\u2026 Ya\u015fam\u0131r\u0131q, son n\u0259f\u0259simizi veririk. M\u0259murlar \u0259ll\u0259rind\u0259n g\u0259l\u0259ni edir ki, ya\u015famaq \u00fc\u00e7\u00fcn hava g\u0259l\u0259n b\u00fct\u00fcn n\u0259f\u0259slikl\u0259rimizi qapats\u0131nlar\u201d. \u201cQazpulunu \u00f6d\u0259y\u0259 bilm\u0259diyim \u00fc\u00e7\u00fcn g\u0259lib qaz\u0131 k\u0259sibl\u0259r. C\u0259nab prezident, \u0259g\u0259r o qaz\u0131n pulunu \u00f6d\u0259m\u0259k \u00fc\u00e7\u00fcn m\u0259nim pul qazanmaq yerim yoxdursa, m\u0259n o\u011furluq etm\u0259liy\u0259m? Ucsuz-bucaqs\u0131z t\u0259s\u0259rr\u00fcfatlar\u0131, parnikl\u0259ri var. \u018flini n\u0259y\u0259 uzatsan, m\u0259murundur. \u0130\u015f \u00fc\u00e7\u00fcn q\u0259bula g\u0259l\u0259n m\u00fcharib\u0259 veteran\u0131na da deyirl\u0259r, get, parnkimd\u0259 i\u015fl\u0259\u2026 Neyl\u0259yim, h\u0259rbi geyimimi geyinib \u00f6z \u00f6lk\u0259md\u0259 k\u00fc\u00e7\u0259l\u0259rd\u0259 dil\u0259nim?Ay\u0131b deyilmi?\u201d,- \u015fikay\u0259t\u00e7i deyib.<\/p>\n\n\n\n<p>Samux Rayon \u0130cra Hakmiyy\u0259tind\u0259n Meydan TV-y\u0259 bildirilib ki, qurum \u00f6z s\u0259lahiyy\u0259tl\u0259ri \u00e7\u0259r\u00e7iv\u0259sind\u0259 Qaraba\u011f m\u00fcharib\u0259si i\u015ftirak\u00e7\u0131lar\u0131na qay\u011f\u0131yla yana\u015f\u0131r. Ancaq el\u0259 m\u0259s\u0259l\u0259l\u0259r var ki, onlar\u0131 h\u0259ll etm\u0259k qurumun s\u0259lahiyy\u0259tin\u0259 v\u0259 v\u0259zif\u0259sin\u0259 aid deyil. Bel\u0259 m\u00fcraci\u0259tl\u0259r olanda qurum v\u0259t\u0259nda\u015f\u0131 aidiyy\u0259ti \u00fczr\u0259 rayonun M\u0259\u015f\u011fulluq Xidm\u0259tin\u0259 y\u00f6nl\u0259ndirlir.<\/p>\n\n\n\n<p>Samux Rayon M\u0259\u015f\u011fulluq Xidm\u0259tind\u0259ns\u0259 bildirilib ki, Salman M\u0259mm\u0259dov DOST \u0130\u015f M\u0259rk\u0259zind\u0259n t\u0259klif olunan i\u015f t\u0259klifl\u0259rind\u0259n imtina edib.<\/p>\n\n\n\n<p>Salman M\u0259mm\u0259dov bunun s\u0259b\u0259bl\u0259rind\u0259n dan\u0131\u015f\u0131r:<\/p>\n\n\n\n<p>\u201cAmmas\u0131 odur ki, onlar\u0131n da t\u0259klif etdiyi i\u015f ya\u015fad\u0131\u011f\u0131m \u0259razid\u0259n o q\u0259d\u0259r uzaqdad\u0131r k, m\u0259n o i\u015f\u0259 gedib-g\u0259lm\u0259k \u00fc\u00e7\u00fcn g\u0259r\u0259k \u00fc\u00e7 avtobus o ba\u015fa, \u00fc\u00e7 avtobus bu ba\u015fa d\u0259yi\u015fim. El\u0259 maa\u015f\u0131m\u0131n bir hiss\u0259si n\u0259qliyyata ged\u0259c\u0259k. Vaxt\u0131m\u0131n \u00e7ox hiss\u0259si yollarda it\u0259c\u0259k, hesablayanda m\u0259lum olur ki, ver\u0259c\u0259yi maa\u015fdan da \u0259limd\u0259 150 manat ya qalacaq, ya yox\u2026 Sanki q\u0259sd\u0259n uzaq m\u0259saf\u0259d\u0259 yerl\u0259\u015f\u0259n i\u015f yerl\u0259ri t\u0259klif edirl\u0259r k, v\u0259t\u0259nda\u015f imtina etsin, sonra da v\u0259t\u0259nda\u015f\u0131n boynuna qoyurlar ki, biz i\u015f veririk, s\u0259n i\u015fl\u0259m\u0259k ist\u0259mirs\u0259n\u201d.<\/p>\n","protected":false},"excerpt":{"rendered":"<p>Salman M\u0259mm\u0259dov m\u00fcharib\u0259y\u0259d\u0259k d\u0259mir\u00e7i i\u015fl\u0259yib, indi \u00f6z\u00fcn\u0259 i\u015f tapa bilmir &#8230; <\/p>\n<p class=\"read-more-container\"><a title=\"Ke\u00e7mi\u015f d\u00f6y\u00fc\u015f\u00e7\u00fc: \u201cC\u0259nab Prezident, h\u0259rbi geyimd\u0259 dil\u0259n\u00e7ilik edim?\u201d\" class=\"read-more button\" href=\"https:\/\/www.meydan.tv\/az\/article\/kecmis-doyuscu-cenab-prezident-herbi-geyimde-dilencilik-edim\/#more-247056\" aria-label=\"Read more about Ke\u00e7mi\u015f d\u00f6y\u00fc\u015f\u00e7\u00fc: \u201cC\u0259nab Prezident, h\u0259rbi geyimd\u0259 dil\u0259n\u00e7ilik edim?\u201d\">Davam\u0131<\/a><\/p>\n","protected":false},"author":8,"featured_media":247053,"comment_status":"closed","ping_status":"closed","sticky":false,"template":"","format":"standard","meta":{"_acf_changed":false,"_sitemap_exclude":false,"_sitemap_priority":"","_sitemap_frequency":"","footnotes":""},"categories":[60,79,56],"tags":[],"class_list":["post-247056","post","type-post","status-publish","format-standard","has-post-thumbnail","hentry","category-bolge","category-featured","category-xeberler","infinite-scroll-item","generate-columns","tablet-grid-50","mobile-grid-100","grid-parent","grid-33","no-featured-image-padding"],"acf":[],"yoast_head":"<!-- This site is optimized with the Yoast SEO plugin v27.5 - https:\/\/yoast.com\/product\/yoast-seo-wordpress\/ -->\n<title>Ke\u00e7mi\u015f d\u00f6y\u00fc\u015f\u00e7\u00fc: \u201cC\u0259nab Prezident, h\u0259rbi geyimd\u0259 dil\u0259n\u00e7ilik edim?\u201d - MEYDAN.TV<\/title>\n<meta name=\"robots\" content=\"index, follow, max-snippet:-1, max-image-preview:large, max-video-preview:-1\" \/>\n<link rel=\"canonical\" href=\"https:\/\/www.meydan.tv\/az\/article\/kecmis-doyuscu-cenab-prezident-herbi-geyimde-dilencilik-edim\/\" \/>\n<meta property=\"og:locale\" content=\"az_AZ\" \/>\n<meta property=\"og:type\" content=\"article\" \/>\n<meta property=\"og:title\" content=\"Ke\u00e7mi\u015f d\u00f6y\u00fc\u015f\u00e7\u00fc: \u201cC\u0259nab Prezident, h\u0259rbi geyimd\u0259 dil\u0259n\u00e7ilik edim?\u201d - MEYDAN.TV\" \/>\n<meta property=\"og:description\" content=\"Salman M\u0259mm\u0259dov m\u00fcharib\u0259y\u0259d\u0259k d\u0259mir\u00e7i i\u015fl\u0259yib, indi \u00f6z\u00fcn\u0259 i\u015f tapa bilmir ... Davam\u0131\" \/>\n<meta property=\"og:url\" content=\"https:\/\/www.meydan.tv\/az\/article\/kecmis-doyuscu-cenab-prezident-herbi-geyimde-dilencilik-edim\/\" \/>\n<meta property=\"og:site_name\" content=\"MEYDAN.TV\" \/>\n<meta property=\"article:published_time\" content=\"2022-05-31T18:03:18+00:00\" \/>\n<meta property=\"article:modified_time\" content=\"2022-05-31T18:03:20+00:00\" \/>\n<meta property=\"og:image\" content=\"https:\/\/www.meydan.tv\/wp-content\/uploads\/untitled-design-40-e1654020188902.jpg\" \/>\n\t<meta property=\"og:image:width\" content=\"1200\" \/>\n\t<meta property=\"og:image:height\" content=\"645\" \/>\n\t<meta property=\"og:image:type\" content=\"image\/jpeg\" \/>\n<meta name=\"author\" content=\"elli\" \/>\n<meta name=\"twitter:card\" content=\"summary_large_image\" \/>\n<meta name=\"twitter:creator\" content=\"@elli\" \/>\n<script type=\"application\/ld+json\" class=\"yoast-schema-graph\">{\"@context\":\"https:\\\/\\\/schema.org\",\"@graph\":[{\"@type\":\"Article\",\"@id\":\"https:\\\/\\\/www.meydan.tv\\\/az\\\/article\\\/kecmis-doyuscu-cenab-prezident-herbi-geyimde-dilencilik-edim\\\/#article\",\"isPartOf\":{\"@id\":\"https:\\\/\\\/www.meydan.tv\\\/az\\\/article\\\/kecmis-doyuscu-cenab-prezident-herbi-geyimde-dilencilik-edim\\\/\"},\"author\":{\"name\":\"elli\",\"@id\":\"https:\\\/\\\/www.meydan.tv\\\/az\\\/#\\\/schema\\\/person\\\/9cdbecf90d17180ce1dfbd95b08dcf47\"},\"headline\":\"Ke\u00e7mi\u015f d\u00f6y\u00fc\u015f\u00e7\u00fc: \u201cC\u0259nab Prezident, h\u0259rbi geyimd\u0259 dil\u0259n\u00e7ilik edim?\u201d\",\"datePublished\":\"2022-05-31T18:03:18+00:00\",\"dateModified\":\"2022-05-31T18:03:20+00:00\",\"mainEntityOfPage\":{\"@id\":\"https:\\\/\\\/www.meydan.tv\\\/az\\\/article\\\/kecmis-doyuscu-cenab-prezident-herbi-geyimde-dilencilik-edim\\\/\"},\"wordCount\":1326,\"publisher\":{\"@id\":\"https:\\\/\\\/www.meydan.tv\\\/az\\\/#organization\"},\"image\":{\"@id\":\"https:\\\/\\\/www.meydan.tv\\\/az\\\/article\\\/kecmis-doyuscu-cenab-prezident-herbi-geyimde-dilencilik-edim\\\/#primaryimage\"},\"thumbnailUrl\":\"https:\\\/\\\/www.meydan.tv\\\/wp-content\\\/uploads\\\/untitled-design-40-e1654020188902.jpg\",\"articleSection\":[\"B\u00f6lg\u0259\",\"T\u00f6vsiy\u0259\",\"X\u0259b\u0259rl\u0259r\"],\"inLanguage\":\"az\"},{\"@type\":\"WebPage\",\"@id\":\"https:\\\/\\\/www.meydan.tv\\\/az\\\/article\\\/kecmis-doyuscu-cenab-prezident-herbi-geyimde-dilencilik-edim\\\/\",\"url\":\"https:\\\/\\\/www.meydan.tv\\\/az\\\/article\\\/kecmis-doyuscu-cenab-prezident-herbi-geyimde-dilencilik-edim\\\/\",\"name\":\"Ke\u00e7mi\u015f d\u00f6y\u00fc\u015f\u00e7\u00fc: \u201cC\u0259nab Prezident, h\u0259rbi geyimd\u0259 dil\u0259n\u00e7ilik edim?\u201d - MEYDAN.TV\",\"isPartOf\":{\"@id\":\"https:\\\/\\\/www.meydan.tv\\\/az\\\/#website\"},\"primaryImageOfPage\":{\"@id\":\"https:\\\/\\\/www.meydan.tv\\\/az\\\/article\\\/kecmis-doyuscu-cenab-prezident-herbi-geyimde-dilencilik-edim\\\/#primaryimage\"},\"image\":{\"@id\":\"https:\\\/\\\/www.meydan.tv\\\/az\\\/article\\\/kecmis-doyuscu-cenab-prezident-herbi-geyimde-dilencilik-edim\\\/#primaryimage\"},\"thumbnailUrl\":\"https:\\\/\\\/www.meydan.tv\\\/wp-content\\\/uploads\\\/untitled-design-40-e1654020188902.jpg\",\"datePublished\":\"2022-05-31T18:03:18+00:00\",\"dateModified\":\"2022-05-31T18:03:20+00:00\",\"breadcrumb\":{\"@id\":\"https:\\\/\\\/www.meydan.tv\\\/az\\\/article\\\/kecmis-doyuscu-cenab-prezident-herbi-geyimde-dilencilik-edim\\\/#breadcrumb\"},\"inLanguage\":\"az\",\"potentialAction\":[{\"@type\":\"ReadAction\",\"target\":[\"https:\\\/\\\/www.meydan.tv\\\/az\\\/article\\\/kecmis-doyuscu-cenab-prezident-herbi-geyimde-dilencilik-edim\\\/\"]}]},{\"@type\":\"ImageObject\",\"inLanguage\":\"az\",\"@id\":\"https:\\\/\\\/www.meydan.tv\\\/az\\\/article\\\/kecmis-doyuscu-cenab-prezident-herbi-geyimde-dilencilik-edim\\\/#primaryimage\",\"url\":\"https:\\\/\\\/www.meydan.tv\\\/wp-content\\\/uploads\\\/untitled-design-40-e1654020188902.jpg\",\"contentUrl\":\"https:\\\/\\\/www.meydan.tv\\\/wp-content\\\/uploads\\\/untitled-design-40-e1654020188902.jpg\",\"width\":1200,\"height\":645,\"caption\":\"Foto: Salman M\u0259mm\u0259dovun \u015f\u0259xsi arxivind\u0259n\"},{\"@type\":\"BreadcrumbList\",\"@id\":\"https:\\\/\\\/www.meydan.tv\\\/az\\\/article\\\/kecmis-doyuscu-cenab-prezident-herbi-geyimde-dilencilik-edim\\\/#breadcrumb\",\"itemListElement\":[{\"@type\":\"ListItem\",\"position\":1,\"name\":\"Ana s\u0259hif\u0259\",\"item\":\"https:\\\/\\\/www.meydan.tv\\\/az\\\/\"},{\"@type\":\"ListItem\",\"position\":2,\"name\":\"B\u00f6lg\u0259\",\"item\":\"https:\\\/\\\/www.meydan.tv\\\/az\\\/section\\\/bolge\\\/\"},{\"@type\":\"ListItem\",\"position\":3,\"name\":\"Ke\u00e7mi\u015f d\u00f6y\u00fc\u015f\u00e7\u00fc: \u201cC\u0259nab Prezident, h\u0259rbi geyimd\u0259 dil\u0259n\u00e7ilik edim?\u201d\"}]},{\"@type\":\"WebSite\",\"@id\":\"https:\\\/\\\/www.meydan.tv\\\/az\\\/#website\",\"url\":\"https:\\\/\\\/www.meydan.tv\\\/az\\\/\",\"name\":\"MEYDAN.TV\",\"description\":\"Meydan TV Az\u0259rbaycan\u0131n media m\u0259kan\u0131ndak\u0131 alternativ s\u0259sidir\",\"publisher\":{\"@id\":\"https:\\\/\\\/www.meydan.tv\\\/az\\\/#organization\"},\"potentialAction\":[{\"@type\":\"SearchAction\",\"target\":{\"@type\":\"EntryPoint\",\"urlTemplate\":\"https:\\\/\\\/www.meydan.tv\\\/az\\\/?s={search_term_string}\"},\"query-input\":{\"@type\":\"PropertyValueSpecification\",\"valueRequired\":true,\"valueName\":\"search_term_string\"}}],\"inLanguage\":\"az\"},{\"@type\":\"Organization\",\"@id\":\"https:\\\/\\\/www.meydan.tv\\\/az\\\/#organization\",\"name\":\"Meydan TV\",\"url\":\"https:\\\/\\\/www.meydan.tv\\\/az\\\/\",\"logo\":{\"@type\":\"ImageObject\",\"inLanguage\":\"az\",\"@id\":\"https:\\\/\\\/www.meydan.tv\\\/az\\\/#\\\/schema\\\/logo\\\/image\\\/\",\"url\":\"https:\\\/\\\/www.meydan.tv\\\/wp-content\\\/uploads\\\/2021\\\/07\\\/meydan-logo.svg\",\"contentUrl\":\"https:\\\/\\\/www.meydan.tv\\\/wp-content\\\/uploads\\\/2021\\\/07\\\/meydan-logo.svg\",\"width\":195,\"height\":46,\"caption\":\"Meydan TV\"},\"image\":{\"@id\":\"https:\\\/\\\/www.meydan.tv\\\/az\\\/#\\\/schema\\\/logo\\\/image\\\/\"}},{\"@type\":\"Person\",\"@id\":\"https:\\\/\\\/www.meydan.tv\\\/az\\\/#\\\/schema\\\/person\\\/9cdbecf90d17180ce1dfbd95b08dcf47\",\"name\":\"elli\",\"sameAs\":[\"https:\\\/\\\/x.com\\\/elli\"]}]}<\/script>\n<!-- \/ Yoast SEO plugin. -->","yoast_head_json":{"title":"Ke\u00e7mi\u015f d\u00f6y\u00fc\u015f\u00e7\u00fc: \u201cC\u0259nab Prezident, h\u0259rbi geyimd\u0259 dil\u0259n\u00e7ilik edim?\u201d - MEYDAN.TV","robots":{"index":"index","follow":"follow","max-snippet":"max-snippet:-1","max-image-preview":"max-image-preview:large","max-video-preview":"max-video-preview:-1"},"canonical":"https:\/\/www.meydan.tv\/az\/article\/kecmis-doyuscu-cenab-prezident-herbi-geyimde-dilencilik-edim\/","og_locale":"az_AZ","og_type":"article","og_title":"Ke\u00e7mi\u015f d\u00f6y\u00fc\u015f\u00e7\u00fc: \u201cC\u0259nab Prezident, h\u0259rbi geyimd\u0259 dil\u0259n\u00e7ilik edim?\u201d - MEYDAN.TV","og_description":"Salman M\u0259mm\u0259dov m\u00fcharib\u0259y\u0259d\u0259k d\u0259mir\u00e7i i\u015fl\u0259yib, indi \u00f6z\u00fcn\u0259 i\u015f tapa bilmir ... Davam\u0131","og_url":"https:\/\/www.meydan.tv\/az\/article\/kecmis-doyuscu-cenab-prezident-herbi-geyimde-dilencilik-edim\/","og_site_name":"MEYDAN.TV","article_published_time":"2022-05-31T18:03:18+00:00","article_modified_time":"2022-05-31T18:03:20+00:00","og_image":[{"width":1200,"height":645,"url":"https:\/\/www.meydan.tv\/wp-content\/uploads\/untitled-design-40-e1654020188902.jpg","type":"image\/jpeg"}],"author":"elli","twitter_card":"summary_large_image","twitter_creator":"@elli","schema":{"@context":"https:\/\/schema.org","@graph":[{"@type":"Article","@id":"https:\/\/www.meydan.tv\/az\/article\/kecmis-doyuscu-cenab-prezident-herbi-geyimde-dilencilik-edim\/#article","isPartOf":{"@id":"https:\/\/www.meydan.tv\/az\/article\/kecmis-doyuscu-cenab-prezident-herbi-geyimde-dilencilik-edim\/"},"author":{"name":"elli","@id":"https:\/\/www.meydan.tv\/az\/#\/schema\/person\/9cdbecf90d17180ce1dfbd95b08dcf47"},"headline":"Ke\u00e7mi\u015f d\u00f6y\u00fc\u015f\u00e7\u00fc: \u201cC\u0259nab Prezident, h\u0259rbi geyimd\u0259 dil\u0259n\u00e7ilik edim?\u201d","datePublished":"2022-05-31T18:03:18+00:00","dateModified":"2022-05-31T18:03:20+00:00","mainEntityOfPage":{"@id":"https:\/\/www.meydan.tv\/az\/article\/kecmis-doyuscu-cenab-prezident-herbi-geyimde-dilencilik-edim\/"},"wordCount":1326,"publisher":{"@id":"https:\/\/www.meydan.tv\/az\/#organization"},"image":{"@id":"https:\/\/www.meydan.tv\/az\/article\/kecmis-doyuscu-cenab-prezident-herbi-geyimde-dilencilik-edim\/#primaryimage"},"thumbnailUrl":"https:\/\/www.meydan.tv\/wp-content\/uploads\/untitled-design-40-e1654020188902.jpg","articleSection":["B\u00f6lg\u0259","T\u00f6vsiy\u0259","X\u0259b\u0259rl\u0259r"],"inLanguage":"az"},{"@type":"WebPage","@id":"https:\/\/www.meydan.tv\/az\/article\/kecmis-doyuscu-cenab-prezident-herbi-geyimde-dilencilik-edim\/","url":"https:\/\/www.meydan.tv\/az\/article\/kecmis-doyuscu-cenab-prezident-herbi-geyimde-dilencilik-edim\/","name":"Ke\u00e7mi\u015f d\u00f6y\u00fc\u015f\u00e7\u00fc: \u201cC\u0259nab Prezident, h\u0259rbi geyimd\u0259 dil\u0259n\u00e7ilik edim?\u201d - MEYDAN.TV","isPartOf":{"@id":"https:\/\/www.meydan.tv\/az\/#website"},"primaryImageOfPage":{"@id":"https:\/\/www.meydan.tv\/az\/article\/kecmis-doyuscu-cenab-prezident-herbi-geyimde-dilencilik-edim\/#primaryimage"},"image":{"@id":"https:\/\/www.meydan.tv\/az\/article\/kecmis-doyuscu-cenab-prezident-herbi-geyimde-dilencilik-edim\/#primaryimage"},"thumbnailUrl":"https:\/\/www.meydan.tv\/wp-content\/uploads\/untitled-design-40-e1654020188902.jpg","datePublished":"2022-05-31T18:03:18+00:00","dateModified":"2022-05-31T18:03:20+00:00","breadcrumb":{"@id":"https:\/\/www.meydan.tv\/az\/article\/kecmis-doyuscu-cenab-prezident-herbi-geyimde-dilencilik-edim\/#breadcrumb"},"inLanguage":"az","potentialAction":[{"@type":"ReadAction","target":["https:\/\/www.meydan.tv\/az\/article\/kecmis-doyuscu-cenab-prezident-herbi-geyimde-dilencilik-edim\/"]}]},{"@type":"ImageObject","inLanguage":"az","@id":"https:\/\/www.meydan.tv\/az\/article\/kecmis-doyuscu-cenab-prezident-herbi-geyimde-dilencilik-edim\/#primaryimage","url":"https:\/\/www.meydan.tv\/wp-content\/uploads\/untitled-design-40-e1654020188902.jpg","contentUrl":"https:\/\/www.meydan.tv\/wp-content\/uploads\/untitled-design-40-e1654020188902.jpg","width":1200,"height":645,"caption":"Foto: Salman M\u0259mm\u0259dovun \u015f\u0259xsi arxivind\u0259n"},{"@type":"BreadcrumbList","@id":"https:\/\/www.meydan.tv\/az\/article\/kecmis-doyuscu-cenab-prezident-herbi-geyimde-dilencilik-edim\/#breadcrumb","itemListElement":[{"@type":"ListItem","position":1,"name":"Ana s\u0259hif\u0259","item":"https:\/\/www.meydan.tv\/az\/"},{"@type":"ListItem","position":2,"name":"B\u00f6lg\u0259","item":"https:\/\/www.meydan.tv\/az\/section\/bolge\/"},{"@type":"ListItem","position":3,"name":"Ke\u00e7mi\u015f d\u00f6y\u00fc\u015f\u00e7\u00fc: \u201cC\u0259nab Prezident, h\u0259rbi geyimd\u0259 dil\u0259n\u00e7ilik edim?\u201d"}]},{"@type":"WebSite","@id":"https:\/\/www.meydan.tv\/az\/#website","url":"https:\/\/www.meydan.tv\/az\/","name":"MEYDAN.TV","description":"Meydan TV Az\u0259rbaycan\u0131n media m\u0259kan\u0131ndak\u0131 alternativ s\u0259sidir","publisher":{"@id":"https:\/\/www.meydan.tv\/az\/#organization"},"potentialAction":[{"@type":"SearchAction","target":{"@type":"EntryPoint","urlTemplate":"https:\/\/www.meydan.tv\/az\/?s={search_term_string}"},"query-input":{"@type":"PropertyValueSpecification","valueRequired":true,"valueName":"search_term_string"}}],"inLanguage":"az"},{"@type":"Organization","@id":"https:\/\/www.meydan.tv\/az\/#organization","name":"Meydan TV","url":"https:\/\/www.meydan.tv\/az\/","logo":{"@type":"ImageObject","inLanguage":"az","@id":"https:\/\/www.meydan.tv\/az\/#\/schema\/logo\/image\/","url":"https:\/\/www.meydan.tv\/wp-content\/uploads\/2021\/07\/meydan-logo.svg","contentUrl":"https:\/\/www.meydan.tv\/wp-content\/uploads\/2021\/07\/meydan-logo.svg","width":195,"height":46,"caption":"Meydan TV"},"image":{"@id":"https:\/\/www.meydan.tv\/az\/#\/schema\/logo\/image\/"}},{"@type":"Person","@id":"https:\/\/www.meydan.tv\/az\/#\/schema\/person\/9cdbecf90d17180ce1dfbd95b08dcf47","name":"elli","sameAs":["https:\/\/x.com\/elli"]}]}},"_links":{"self":[{"href":"https:\/\/www.meydan.tv\/az\/wp-json\/wp\/v2\/posts\/247056","targetHints":{"allow":["GET"]}}],"collection":[{"href":"https:\/\/www.meydan.tv\/az\/wp-json\/wp\/v2\/posts"}],"about":[{"href":"https:\/\/www.meydan.tv\/az\/wp-json\/wp\/v2\/types\/post"}],"author":[{"embeddable":true,"href":"https:\/\/www.meydan.tv\/az\/wp-json\/wp\/v2\/users\/8"}],"replies":[{"embeddable":true,"href":"https:\/\/www.meydan.tv\/az\/wp-json\/wp\/v2\/comments?post=247056"}],"version-history":[{"count":1,"href":"https:\/\/www.meydan.tv\/az\/wp-json\/wp\/v2\/posts\/247056\/revisions"}],"predecessor-version":[{"id":247058,"href":"https:\/\/www.meydan.tv\/az\/wp-json\/wp\/v2\/posts\/247056\/revisions\/247058"}],"wp:featuredmedia":[{"embeddable":true,"href":"https:\/\/www.meydan.tv\/az\/wp-json\/wp\/v2\/media\/247053"}],"wp:attachment":[{"href":"https:\/\/www.meydan.tv\/az\/wp-json\/wp\/v2\/media?parent=247056"}],"wp:term":[{"taxonomy":"category","embeddable":true,"href":"https:\/\/www.meydan.tv\/az\/wp-json\/wp\/v2\/categories?post=247056"},{"taxonomy":"post_tag","embeddable":true,"href":"https:\/\/www.meydan.tv\/az\/wp-json\/wp\/v2\/tags?post=247056"}],"curies":[{"name":"wp","href":"https:\/\/api.w.org\/{rel}","templated":true}]}}