{"id":247045,"date":"2022-05-31T21:26:38","date_gmt":"2022-05-31T17:26:38","guid":{"rendered":"https:\/\/www.meydan.tv\/?p=247045"},"modified":"2022-05-31T21:26:40","modified_gmt":"2022-05-31T17:26:40","slug":"bele-xestenin-pensiyasini-kesmek-onun-olum-fermanini-imzalamaqdir","status":"publish","type":"post","link":"https:\/\/www.meydan.tv\/az\/article\/bele-xestenin-pensiyasini-kesmek-onun-olum-fermanini-imzalamaqdir\/","title":{"rendered":"\u201cBel\u0259 x\u0259st\u0259nin pensiyas\u0131n\u0131 k\u0259sm\u0259k onun \u00f6l\u00fcm f\u0259rman\u0131n\u0131 imzalamaqd\u0131r\u201d"},"content":{"rendered":"\n<p><\/p>\n\n\n\n<p><em>Oqtay Hac\u0131yev: \u201cK\u0259ndin \u0259n h\u00fcnd\u00fcr yerind\u0259 \u0259limizd\u0259 telefon, g\u00f6zl\u0259yirik ki, nazirlikd\u0259n z\u0259ng g\u0259l\u0259r, \u015f\u0259b\u0259k\u0259 tutmaz\u201d<\/em><\/p>\n\n\n\n<p>\u0130ll\u0259rdir x\u0259r\u00e7\u0259ng x\u0259st\u0259liyi il\u0259 m\u00fcbariz\u0259 aparan Quban\u0131n Buduq k\u0259nd sakini N\u0259sib\u0259 Hac\u0131yeva xeyli vaxtd\u0131r ki, \u0259lillik m\u00fcdd\u0259tinin uzad\u0131lmas\u0131n\u0131 g\u00f6zl\u0259yir. Deyir ki, \u018fm\u0259k v\u0259 \u018fhalinin Sosial M\u00fcdafi\u0259si Nazirliyinin Tibbi-Sosial Ekspert Komissiyas\u0131ndan \u0259laq\u0259 saxlayacaqlar\u0131na s\u00f6z veribl\u0259r. Onun s\u00f6zl\u0259rin\u0259 g\u00f6r\u0259, \u00fcst\u00fcnd\u0259n aylar ke\u00e7s\u0259 d\u0259, veril\u0259n v\u0259d\u0259 \u0259m\u0259l olunmur.<\/p>\n\n\n\n<p><strong>\u201cD\u0259rmans\u0131zl\u0131qdan q\u0131colmalar\u0131 art\u0131b\u201d<\/strong><\/p>\n\n\n\n<p>N\u0259sib\u0259 Hac\u0131yeva bir m\u00fcdd\u0259t \u0259vv\u0259l a\u011f\u0131r \u0259m\u0259liyyat ke\u00e7irib. Onun ba\u015f\u0131n\u0131n sa\u011f hiss\u0259sind\u0259ki b\u0259dxass\u0259li \u015fi\u015f g\u00f6t\u00fcr\u00fcl\u00fcb, h\u0259min yerd\u0259 b\u00f6y\u00fck \u00e7uxur yaran\u0131b. Yataqdan yax\u0131nlar\u0131n\u0131n k\u00f6m\u0259yi olmadan qalxa bilmir.<br>Buduq k\u0259nd sakini 7 il ard\u0131c\u0131l ikinci qrup \u0259lil kimi t\u0259qa\u00fcd al\u0131b. \u018flilliy\u0259 g\u00f6r\u0259 veril\u0259n pensiya ke\u00e7\u0259n ilin oktyabr\u0131nda dayand\u0131r\u0131l\u0131b.<\/p>\n\n\n\n<p>\u018fm\u0259k v\u0259 \u018fhalinin Sosial M\u00fcdafi\u0259si Nazirliyinin Tibbi-Sosial Ekspert Komissiyas\u0131 2021-ci ilin pay\u0131z\u0131nda imtina s\u0259n\u0259di g\u00f6nd\u0259rib, burada s\u0259b\u0259bin m\u00fcalic\u0259y\u0259 ehtiyac olmas\u0131 bildirilib. Hac\u0131yevl\u0259r ail\u0259si bununla h\u0259m d\u0259 b\u00f6y\u00fck \u00e7\u0259tinlikl\u0259 \u00fcz-\u00fcz\u0259 qal\u0131b. Ciddi maddi s\u0131x\u0131nt\u0131 yaran\u0131b. H\u0259yat yolda\u015f\u0131 Oqtay Hac\u0131yev deyir ki, m\u00fcraci\u0259t etm\u0259dikl\u0259ri yer qalmay\u0131b.<\/p>\n\n\n\n<p>\u201cN\u0259 gizl\u0259dim, d\u0259rman alma\u011fa pulumuz yoxdur. Bel\u0259 x\u0259st\u0259nin pensiyas\u0131n\u0131 k\u0259sm\u0259k onun \u00f6l\u00fcm f\u0259rman\u0131n\u0131 imzalamaq kimi bir \u015feydir. D\u00f6ym\u0259diyimiz qap\u0131 qalmay\u0131b. D\u0259rmans\u0131zl\u0131qdan q\u0131colmalar\u0131 art\u0131b. G\u00f6z\u00fcm\u00fcz qaba\u011f\u0131nda adam m\u0259hv olur. Yaz\u0131r\u0131q, z\u0259ng vururuq, he\u00e7 bir faydas\u0131 yoxdur. Bizi g\u00f6rm\u0259k, e\u015fitm\u0259k ist\u0259mirl\u0259r\u201d.<\/p>\n\n\n\n<p><strong>\u201cBiz d\u0259 insan\u0131q, onun m\u0259hv olmas\u0131na g\u00f6z yuma bilmirik\u201d<\/strong><\/p>\n\n\n\n<p>N\u0259sib\u0259 Hac\u0131yeva dan\u0131\u015fma\u011fa \u00e7\u0259tinlik \u00e7\u0259kir. Yax\u0131nlar\u0131 deyir ki, qad\u0131n zamanla t\u00fck\u0259nm\u0259y\u0259 ba\u015flay\u0131b. Sanki m\u00fcalic\u0259sinin vaxt\u0131 \u00f6td\u00fckc\u0259 taq\u0259td\u0259n d\u00fc\u015f\u00fcr.<\/p>\n\n\n\n<p>Bir m\u00fcdd\u0259t \u00f6nc\u0259 D\u00f6vl\u0259t Tibbi Sosial Ekspertiza v\u0259 Reabilitasiya Agentliyind\u0259n bildirilmi\u015fdi ki, N\u0259sib\u0259 Hac\u0131yevan\u0131n \u0259lilliyinin qiym\u0259tl\u0259ndirilm\u0259si x\u0259st\u0259xanan\u0131n elektron sistem\u0259 daxil etdiyi g\u00f6nd\u0259ri\u015f \u0259sas\u0131nda apar\u0131l\u0131b. M\u0259lum olub ki, g\u00f6nd\u0259ri\u015fd\u0259 onun \u0259sas diaqnoz v\u0259 a\u011f\u0131rla\u015fmalar\u0131n\u0131 t\u0259sdiql\u0259y\u0259n m\u00fcayin\u0259l\u0259r tam apar\u0131lmay\u0131b.<\/p>\n\n\n\n<div class=\"wp-block-image\"><figure class=\"alignleft size-large is-resized\"><img decoding=\"async\" data-src=\"https:\/\/www.meydan.tv\/wp-content\/uploads\/photo-2022-05-31-14-49-57-1095x821.jpg\" alt=\"\" class=\"wp-image-247039 lazyload\" width=\"412\" height=\"308\" src=\"data:image\/svg+xml;base64,PHN2ZyB3aWR0aD0iMSIgaGVpZ2h0PSIxIiB4bWxucz0iaHR0cDovL3d3dy53My5vcmcvMjAwMC9zdmciPjwvc3ZnPg==\" style=\"--smush-placeholder-width: 412px; --smush-placeholder-aspect-ratio: 412\/308;\" \/><figcaption>N\u0259sib\u0259 Hac\u0131yeva <\/figcaption><\/figure><\/div>\n\n\n\n<p>Bu qurumdan s\u00f6z verilmi\u015fdi ki, v\u0259t\u0259nda\u015f Tibbi-Sosial Ekspert Komissiyas\u0131 t\u0259r\u0259find\u0259n \u0259yani m\u00fcayin\u0259y\u0259 d\u0259v\u0259t edil\u0259c\u0259k. \u018fyani m\u00fcayin\u0259nin n\u0259tic\u0259sin\u0259 uy\u011fun olaraq, da onun \u0259lilliyinin qiym\u0259tl\u0259ndirilm\u0259sil\u0259 ba\u011fl\u0131 m\u00fcvafiq q\u0259rar veril\u0259c\u0259k.<\/p>\n\n\n\n<p>Hac\u0131yevl\u0259r ail\u0259si d\u0259 \u00f6z n\u00f6vb\u0259sind\u0259 x\u0259st\u0259ni m\u00fcayin\u0259 \u00fc\u00e7\u00fcn Qubaya v\u0259 ya Qusara aparma\u011f\u0131n m\u0259suliyy\u0259tini \u00fcz\u0259rin\u0259 g\u00f6t\u00fcr\u00fcb. Amma agentlikd\u0259n x\u0259b\u0259r \u00e7\u0131xmay\u0131b.<\/p>\n\n\n\n<p>\u201cG\u00f6z\u00fcm\u00fcz yolda qal\u0131b. H\u0259r g\u00fcn, h\u0259tta dey\u0259rdim ki, h\u0259r an z\u0259ng g\u00f6zl\u0259yirik. Bizim k\u0259ndd\u0259 d\u00fcz-\u0259m\u0259lli \u015f\u0259b\u0259k\u0259 tutmur. K\u0259ndin \u0259n h\u00fcnd\u00fcr yerind\u0259 \u0259limizd\u0259 telefonla g\u00f6zl\u0259yirik ki, bird\u0259n nazirlikd\u0259n z\u0259ng g\u0259l\u0259r, \u015f\u0259b\u0259k\u0259 tutmaz. \u018fyani m\u00fcayin\u0259 deyirl\u0259r, raz\u0131y\u0131q. X\u0259st\u0259nin v\u0259ziyy\u0259ti yaln\u0131z pisliy\u0259 do\u011fru d\u0259yi\u015fir. Biz d\u0259 insan\u0131q, onun m\u0259hv olmas\u0131na g\u00f6z yuma bilmirik, \u0259zab \u00e7\u0259kirik. Nec\u0259 deyirl\u0259rs\u0259, o c\u00fcr davranaq. Birc\u0259 v\u0259ziyy\u0259tin nec\u0259 a\u011f\u0131r oldu\u011funu g\u00f6rs\u00fcnl\u0259r\u2026\u201d, &#8211; Oqtay Hac\u0131yev bel\u0259 deyir.<\/p>\n\n\n\n<p><strong>\u201cN\u0259yi g\u00f6zl\u0259yirl\u0259r, \u00f6lm\u0259yini?\u201d<\/strong><\/p>\n\n\n\n<p>O, Tibbi-Sosial Ekspert Komissiyas\u0131na m\u0259ktubla m\u00fcraci\u0259tl\u0259rin m\u0259nas\u0131 qalmad\u0131\u011f\u0131n\u0131 bildirir. \u00c7\u00fcnki m\u00fcraci\u0259t\u0259 xeyli gec cavab verilir, aylarla g\u00f6zl\u0259m\u0259k laz\u0131m g\u0259lir. Cavablar, ad\u0259t\u0259n, konkretlikd\u0259n uzaq olur.<\/p>\n\n\n\n<p>Budu\u011fa ictimai n\u0259qliyyat i\u015fl\u0259mir. Buna g\u00f6r\u0259 d\u0259 N\u0259sib\u0259 Hac\u0131yeva aylarla k\u0259ndd\u0259n he\u00e7 bir yer\u0259 \u00e7\u0131xa bilmir. Qayalar\u0131n \u00fcz\u0259rind\u0259 yerl\u0259\u015f\u0259n ya\u015fay\u0131\u015f m\u0259nt\u0259q\u0259si sanki sivilizasiyadan uzaq d\u00fc\u015f\u00fcb:<\/p>\n\n\n\n<p>\u201cEl\u0259 adamlara \u0259lil kimi pensiya verirl\u0259r ki, t\u0259\u0259cc\u00fcbl\u0259nm\u0259y\u0259 bilmirs\u0259n. Bax\u0131rsan, h\u0259min \u015f\u0259xsl\u0259r a\u011f\u0131r x\u0259st\u0259y\u0259 ox\u015fam\u0131r. Onlar\u0131n \u0259illiyi qeydiyyata al\u0131n\u0131rsa, onda bel\u0259 ac\u0131nacaql\u0131 v\u0259ziyy\u0259td\u0259 olan x\u0259st\u0259 niy\u0259 siyah\u0131dan k\u0259narda qal\u0131r?! N\u0259yi g\u00f6zl\u0259yirl\u0259r, \u00f6lm\u0259yini?..\u201d<\/p>\n\n\n\n<p><strong>\u201cM\u00fctl\u0259q d\u0259v\u0259t olunacaq\u201d<\/strong><\/p>\n\n\n\n<p>D\u00f6vl\u0259t Tibbi Sosial Ekspertiza v\u0259 Reabilitasiya Agentliyinin ictimaiyy\u0259tl\u0259 \u0259laq\u0259l\u0259r \u015f\u00f6b\u0259sinin m\u00fcdiri Tural Qurbanov Meydan TV-y\u0259 bildirib ki, N\u0259sib\u0259 Hac\u0131yeva m\u00fctl\u0259q \u0259yani m\u00fcayin\u0259y\u0259 d\u0259v\u0259t olunacaq. Lakin o, N\u0259sib\u0259 Hac\u0131yevan\u0131n konkret n\u0259 vaxt d\u0259v\u0259t olunaca\u011f\u0131n\u0131 dem\u0259yib.<\/p>\n","protected":false},"excerpt":{"rendered":"<p>Oqtay Hac\u0131yev: \u201cK\u0259ndin \u0259n h\u00fcnd\u00fcr yerind\u0259 \u0259limizd\u0259 telefon, g\u00f6zl\u0259yirik ki, &#8230; <\/p>\n<p class=\"read-more-container\"><a title=\"\u201cBel\u0259 x\u0259st\u0259nin pensiyas\u0131n\u0131 k\u0259sm\u0259k onun \u00f6l\u00fcm f\u0259rman\u0131n\u0131 imzalamaqd\u0131r\u201d\" class=\"read-more button\" href=\"https:\/\/www.meydan.tv\/az\/article\/bele-xestenin-pensiyasini-kesmek-onun-olum-fermanini-imzalamaqdir\/#more-247045\" aria-label=\"Read more about \u201cBel\u0259 x\u0259st\u0259nin pensiyas\u0131n\u0131 k\u0259sm\u0259k onun \u00f6l\u00fcm f\u0259rman\u0131n\u0131 imzalamaqd\u0131r\u201d\">Davam\u0131<\/a><\/p>\n","protected":false},"author":8,"featured_media":247042,"comment_status":"closed","ping_status":"closed","sticky":false,"template":"","format":"standard","meta":{"_acf_changed":false,"_sitemap_exclude":false,"_sitemap_priority":"","_sitemap_frequency":"","footnotes":""},"categories":[60,56],"tags":[],"class_list":["post-247045","post","type-post","status-publish","format-standard","has-post-thumbnail","hentry","category-bolge","category-xeberler","infinite-scroll-item","generate-columns","tablet-grid-50","mobile-grid-100","grid-parent","grid-33","no-featured-image-padding"],"acf":[],"yoast_head":"<!-- This site is optimized with the Yoast SEO plugin v27.5 - https:\/\/yoast.com\/product\/yoast-seo-wordpress\/ -->\n<title>\u201cBel\u0259 x\u0259st\u0259nin pensiyas\u0131n\u0131 k\u0259sm\u0259k onun \u00f6l\u00fcm f\u0259rman\u0131n\u0131 imzalamaqd\u0131r\u201d - MEYDAN.TV<\/title>\n<meta name=\"robots\" content=\"index, follow, max-snippet:-1, max-image-preview:large, max-video-preview:-1\" \/>\n<link rel=\"canonical\" href=\"https:\/\/www.meydan.tv\/az\/article\/bele-xestenin-pensiyasini-kesmek-onun-olum-fermanini-imzalamaqdir\/\" \/>\n<meta property=\"og:locale\" content=\"az_AZ\" \/>\n<meta property=\"og:type\" content=\"article\" \/>\n<meta property=\"og:title\" content=\"\u201cBel\u0259 x\u0259st\u0259nin pensiyas\u0131n\u0131 k\u0259sm\u0259k onun \u00f6l\u00fcm f\u0259rman\u0131n\u0131 imzalamaqd\u0131r\u201d - MEYDAN.TV\" \/>\n<meta property=\"og:description\" content=\"Oqtay Hac\u0131yev: \u201cK\u0259ndin \u0259n h\u00fcnd\u00fcr yerind\u0259 \u0259limizd\u0259 telefon, g\u00f6zl\u0259yirik ki, ... Davam\u0131\" \/>\n<meta property=\"og:url\" content=\"https:\/\/www.meydan.tv\/az\/article\/bele-xestenin-pensiyasini-kesmek-onun-olum-fermanini-imzalamaqdir\/\" \/>\n<meta property=\"og:site_name\" content=\"MEYDAN.TV\" \/>\n<meta property=\"article:published_time\" content=\"2022-05-31T17:26:38+00:00\" \/>\n<meta property=\"article:modified_time\" content=\"2022-05-31T17:26:40+00:00\" \/>\n<meta property=\"og:image\" content=\"https:\/\/www.meydan.tv\/wp-content\/uploads\/photo-2022-05-31-14-50-04.jpg\" \/>\n\t<meta property=\"og:image:width\" content=\"1200\" \/>\n\t<meta property=\"og:image:height\" content=\"900\" \/>\n\t<meta property=\"og:image:type\" content=\"image\/jpeg\" \/>\n<meta name=\"author\" content=\"elli\" \/>\n<meta name=\"twitter:card\" content=\"summary_large_image\" \/>\n<meta name=\"twitter:creator\" content=\"@elli\" \/>\n<script type=\"application\/ld+json\" class=\"yoast-schema-graph\">{\"@context\":\"https:\\\/\\\/schema.org\",\"@graph\":[{\"@type\":\"Article\",\"@id\":\"https:\\\/\\\/www.meydan.tv\\\/az\\\/article\\\/bele-xestenin-pensiyasini-kesmek-onun-olum-fermanini-imzalamaqdir\\\/#article\",\"isPartOf\":{\"@id\":\"https:\\\/\\\/www.meydan.tv\\\/az\\\/article\\\/bele-xestenin-pensiyasini-kesmek-onun-olum-fermanini-imzalamaqdir\\\/\"},\"author\":{\"name\":\"elli\",\"@id\":\"https:\\\/\\\/www.meydan.tv\\\/az\\\/#\\\/schema\\\/person\\\/9cdbecf90d17180ce1dfbd95b08dcf47\"},\"headline\":\"\u201cBel\u0259 x\u0259st\u0259nin pensiyas\u0131n\u0131 k\u0259sm\u0259k onun \u00f6l\u00fcm f\u0259rman\u0131n\u0131 imzalamaqd\u0131r\u201d\",\"datePublished\":\"2022-05-31T17:26:38+00:00\",\"dateModified\":\"2022-05-31T17:26:40+00:00\",\"mainEntityOfPage\":{\"@id\":\"https:\\\/\\\/www.meydan.tv\\\/az\\\/article\\\/bele-xestenin-pensiyasini-kesmek-onun-olum-fermanini-imzalamaqdir\\\/\"},\"wordCount\":914,\"publisher\":{\"@id\":\"https:\\\/\\\/www.meydan.tv\\\/az\\\/#organization\"},\"image\":{\"@id\":\"https:\\\/\\\/www.meydan.tv\\\/az\\\/article\\\/bele-xestenin-pensiyasini-kesmek-onun-olum-fermanini-imzalamaqdir\\\/#primaryimage\"},\"thumbnailUrl\":\"https:\\\/\\\/www.meydan.tv\\\/wp-content\\\/uploads\\\/photo-2022-05-31-14-50-04.jpg\",\"articleSection\":[\"B\u00f6lg\u0259\",\"X\u0259b\u0259rl\u0259r\"],\"inLanguage\":\"az\"},{\"@type\":\"WebPage\",\"@id\":\"https:\\\/\\\/www.meydan.tv\\\/az\\\/article\\\/bele-xestenin-pensiyasini-kesmek-onun-olum-fermanini-imzalamaqdir\\\/\",\"url\":\"https:\\\/\\\/www.meydan.tv\\\/az\\\/article\\\/bele-xestenin-pensiyasini-kesmek-onun-olum-fermanini-imzalamaqdir\\\/\",\"name\":\"\u201cBel\u0259 x\u0259st\u0259nin pensiyas\u0131n\u0131 k\u0259sm\u0259k onun \u00f6l\u00fcm f\u0259rman\u0131n\u0131 imzalamaqd\u0131r\u201d - MEYDAN.TV\",\"isPartOf\":{\"@id\":\"https:\\\/\\\/www.meydan.tv\\\/az\\\/#website\"},\"primaryImageOfPage\":{\"@id\":\"https:\\\/\\\/www.meydan.tv\\\/az\\\/article\\\/bele-xestenin-pensiyasini-kesmek-onun-olum-fermanini-imzalamaqdir\\\/#primaryimage\"},\"image\":{\"@id\":\"https:\\\/\\\/www.meydan.tv\\\/az\\\/article\\\/bele-xestenin-pensiyasini-kesmek-onun-olum-fermanini-imzalamaqdir\\\/#primaryimage\"},\"thumbnailUrl\":\"https:\\\/\\\/www.meydan.tv\\\/wp-content\\\/uploads\\\/photo-2022-05-31-14-50-04.jpg\",\"datePublished\":\"2022-05-31T17:26:38+00:00\",\"dateModified\":\"2022-05-31T17:26:40+00:00\",\"breadcrumb\":{\"@id\":\"https:\\\/\\\/www.meydan.tv\\\/az\\\/article\\\/bele-xestenin-pensiyasini-kesmek-onun-olum-fermanini-imzalamaqdir\\\/#breadcrumb\"},\"inLanguage\":\"az\",\"potentialAction\":[{\"@type\":\"ReadAction\",\"target\":[\"https:\\\/\\\/www.meydan.tv\\\/az\\\/article\\\/bele-xestenin-pensiyasini-kesmek-onun-olum-fermanini-imzalamaqdir\\\/\"]}]},{\"@type\":\"ImageObject\",\"inLanguage\":\"az\",\"@id\":\"https:\\\/\\\/www.meydan.tv\\\/az\\\/article\\\/bele-xestenin-pensiyasini-kesmek-onun-olum-fermanini-imzalamaqdir\\\/#primaryimage\",\"url\":\"https:\\\/\\\/www.meydan.tv\\\/wp-content\\\/uploads\\\/photo-2022-05-31-14-50-04.jpg\",\"contentUrl\":\"https:\\\/\\\/www.meydan.tv\\\/wp-content\\\/uploads\\\/photo-2022-05-31-14-50-04.jpg\",\"width\":1200,\"height\":900,\"caption\":\"N\u0259sib\u0259 Hac\u0131yeva. M\u0259nb\u0259: Meydan TV\"},{\"@type\":\"BreadcrumbList\",\"@id\":\"https:\\\/\\\/www.meydan.tv\\\/az\\\/article\\\/bele-xestenin-pensiyasini-kesmek-onun-olum-fermanini-imzalamaqdir\\\/#breadcrumb\",\"itemListElement\":[{\"@type\":\"ListItem\",\"position\":1,\"name\":\"Ana s\u0259hif\u0259\",\"item\":\"https:\\\/\\\/www.meydan.tv\\\/az\\\/\"},{\"@type\":\"ListItem\",\"position\":2,\"name\":\"B\u00f6lg\u0259\",\"item\":\"https:\\\/\\\/www.meydan.tv\\\/az\\\/section\\\/bolge\\\/\"},{\"@type\":\"ListItem\",\"position\":3,\"name\":\"\u201cBel\u0259 x\u0259st\u0259nin pensiyas\u0131n\u0131 k\u0259sm\u0259k onun \u00f6l\u00fcm f\u0259rman\u0131n\u0131 imzalamaqd\u0131r\u201d\"}]},{\"@type\":\"WebSite\",\"@id\":\"https:\\\/\\\/www.meydan.tv\\\/az\\\/#website\",\"url\":\"https:\\\/\\\/www.meydan.tv\\\/az\\\/\",\"name\":\"MEYDAN.TV\",\"description\":\"Meydan TV Az\u0259rbaycan\u0131n media m\u0259kan\u0131ndak\u0131 alternativ s\u0259sidir\",\"publisher\":{\"@id\":\"https:\\\/\\\/www.meydan.tv\\\/az\\\/#organization\"},\"potentialAction\":[{\"@type\":\"SearchAction\",\"target\":{\"@type\":\"EntryPoint\",\"urlTemplate\":\"https:\\\/\\\/www.meydan.tv\\\/az\\\/?s={search_term_string}\"},\"query-input\":{\"@type\":\"PropertyValueSpecification\",\"valueRequired\":true,\"valueName\":\"search_term_string\"}}],\"inLanguage\":\"az\"},{\"@type\":\"Organization\",\"@id\":\"https:\\\/\\\/www.meydan.tv\\\/az\\\/#organization\",\"name\":\"Meydan TV\",\"url\":\"https:\\\/\\\/www.meydan.tv\\\/az\\\/\",\"logo\":{\"@type\":\"ImageObject\",\"inLanguage\":\"az\",\"@id\":\"https:\\\/\\\/www.meydan.tv\\\/az\\\/#\\\/schema\\\/logo\\\/image\\\/\",\"url\":\"https:\\\/\\\/www.meydan.tv\\\/wp-content\\\/uploads\\\/2021\\\/07\\\/meydan-logo.svg\",\"contentUrl\":\"https:\\\/\\\/www.meydan.tv\\\/wp-content\\\/uploads\\\/2021\\\/07\\\/meydan-logo.svg\",\"width\":195,\"height\":46,\"caption\":\"Meydan TV\"},\"image\":{\"@id\":\"https:\\\/\\\/www.meydan.tv\\\/az\\\/#\\\/schema\\\/logo\\\/image\\\/\"}},{\"@type\":\"Person\",\"@id\":\"https:\\\/\\\/www.meydan.tv\\\/az\\\/#\\\/schema\\\/person\\\/9cdbecf90d17180ce1dfbd95b08dcf47\",\"name\":\"elli\",\"sameAs\":[\"https:\\\/\\\/x.com\\\/elli\"]}]}<\/script>\n<!-- \/ Yoast SEO plugin. -->","yoast_head_json":{"title":"\u201cBel\u0259 x\u0259st\u0259nin pensiyas\u0131n\u0131 k\u0259sm\u0259k onun \u00f6l\u00fcm f\u0259rman\u0131n\u0131 imzalamaqd\u0131r\u201d - MEYDAN.TV","robots":{"index":"index","follow":"follow","max-snippet":"max-snippet:-1","max-image-preview":"max-image-preview:large","max-video-preview":"max-video-preview:-1"},"canonical":"https:\/\/www.meydan.tv\/az\/article\/bele-xestenin-pensiyasini-kesmek-onun-olum-fermanini-imzalamaqdir\/","og_locale":"az_AZ","og_type":"article","og_title":"\u201cBel\u0259 x\u0259st\u0259nin pensiyas\u0131n\u0131 k\u0259sm\u0259k onun \u00f6l\u00fcm f\u0259rman\u0131n\u0131 imzalamaqd\u0131r\u201d - MEYDAN.TV","og_description":"Oqtay Hac\u0131yev: \u201cK\u0259ndin \u0259n h\u00fcnd\u00fcr yerind\u0259 \u0259limizd\u0259 telefon, g\u00f6zl\u0259yirik ki, ... Davam\u0131","og_url":"https:\/\/www.meydan.tv\/az\/article\/bele-xestenin-pensiyasini-kesmek-onun-olum-fermanini-imzalamaqdir\/","og_site_name":"MEYDAN.TV","article_published_time":"2022-05-31T17:26:38+00:00","article_modified_time":"2022-05-31T17:26:40+00:00","og_image":[{"width":1200,"height":900,"url":"https:\/\/www.meydan.tv\/wp-content\/uploads\/photo-2022-05-31-14-50-04.jpg","type":"image\/jpeg"}],"author":"elli","twitter_card":"summary_large_image","twitter_creator":"@elli","schema":{"@context":"https:\/\/schema.org","@graph":[{"@type":"Article","@id":"https:\/\/www.meydan.tv\/az\/article\/bele-xestenin-pensiyasini-kesmek-onun-olum-fermanini-imzalamaqdir\/#article","isPartOf":{"@id":"https:\/\/www.meydan.tv\/az\/article\/bele-xestenin-pensiyasini-kesmek-onun-olum-fermanini-imzalamaqdir\/"},"author":{"name":"elli","@id":"https:\/\/www.meydan.tv\/az\/#\/schema\/person\/9cdbecf90d17180ce1dfbd95b08dcf47"},"headline":"\u201cBel\u0259 x\u0259st\u0259nin pensiyas\u0131n\u0131 k\u0259sm\u0259k onun \u00f6l\u00fcm f\u0259rman\u0131n\u0131 imzalamaqd\u0131r\u201d","datePublished":"2022-05-31T17:26:38+00:00","dateModified":"2022-05-31T17:26:40+00:00","mainEntityOfPage":{"@id":"https:\/\/www.meydan.tv\/az\/article\/bele-xestenin-pensiyasini-kesmek-onun-olum-fermanini-imzalamaqdir\/"},"wordCount":914,"publisher":{"@id":"https:\/\/www.meydan.tv\/az\/#organization"},"image":{"@id":"https:\/\/www.meydan.tv\/az\/article\/bele-xestenin-pensiyasini-kesmek-onun-olum-fermanini-imzalamaqdir\/#primaryimage"},"thumbnailUrl":"https:\/\/www.meydan.tv\/wp-content\/uploads\/photo-2022-05-31-14-50-04.jpg","articleSection":["B\u00f6lg\u0259","X\u0259b\u0259rl\u0259r"],"inLanguage":"az"},{"@type":"WebPage","@id":"https:\/\/www.meydan.tv\/az\/article\/bele-xestenin-pensiyasini-kesmek-onun-olum-fermanini-imzalamaqdir\/","url":"https:\/\/www.meydan.tv\/az\/article\/bele-xestenin-pensiyasini-kesmek-onun-olum-fermanini-imzalamaqdir\/","name":"\u201cBel\u0259 x\u0259st\u0259nin pensiyas\u0131n\u0131 k\u0259sm\u0259k onun \u00f6l\u00fcm f\u0259rman\u0131n\u0131 imzalamaqd\u0131r\u201d - MEYDAN.TV","isPartOf":{"@id":"https:\/\/www.meydan.tv\/az\/#website"},"primaryImageOfPage":{"@id":"https:\/\/www.meydan.tv\/az\/article\/bele-xestenin-pensiyasini-kesmek-onun-olum-fermanini-imzalamaqdir\/#primaryimage"},"image":{"@id":"https:\/\/www.meydan.tv\/az\/article\/bele-xestenin-pensiyasini-kesmek-onun-olum-fermanini-imzalamaqdir\/#primaryimage"},"thumbnailUrl":"https:\/\/www.meydan.tv\/wp-content\/uploads\/photo-2022-05-31-14-50-04.jpg","datePublished":"2022-05-31T17:26:38+00:00","dateModified":"2022-05-31T17:26:40+00:00","breadcrumb":{"@id":"https:\/\/www.meydan.tv\/az\/article\/bele-xestenin-pensiyasini-kesmek-onun-olum-fermanini-imzalamaqdir\/#breadcrumb"},"inLanguage":"az","potentialAction":[{"@type":"ReadAction","target":["https:\/\/www.meydan.tv\/az\/article\/bele-xestenin-pensiyasini-kesmek-onun-olum-fermanini-imzalamaqdir\/"]}]},{"@type":"ImageObject","inLanguage":"az","@id":"https:\/\/www.meydan.tv\/az\/article\/bele-xestenin-pensiyasini-kesmek-onun-olum-fermanini-imzalamaqdir\/#primaryimage","url":"https:\/\/www.meydan.tv\/wp-content\/uploads\/photo-2022-05-31-14-50-04.jpg","contentUrl":"https:\/\/www.meydan.tv\/wp-content\/uploads\/photo-2022-05-31-14-50-04.jpg","width":1200,"height":900,"caption":"N\u0259sib\u0259 Hac\u0131yeva. M\u0259nb\u0259: Meydan TV"},{"@type":"BreadcrumbList","@id":"https:\/\/www.meydan.tv\/az\/article\/bele-xestenin-pensiyasini-kesmek-onun-olum-fermanini-imzalamaqdir\/#breadcrumb","itemListElement":[{"@type":"ListItem","position":1,"name":"Ana s\u0259hif\u0259","item":"https:\/\/www.meydan.tv\/az\/"},{"@type":"ListItem","position":2,"name":"B\u00f6lg\u0259","item":"https:\/\/www.meydan.tv\/az\/section\/bolge\/"},{"@type":"ListItem","position":3,"name":"\u201cBel\u0259 x\u0259st\u0259nin pensiyas\u0131n\u0131 k\u0259sm\u0259k onun \u00f6l\u00fcm f\u0259rman\u0131n\u0131 imzalamaqd\u0131r\u201d"}]},{"@type":"WebSite","@id":"https:\/\/www.meydan.tv\/az\/#website","url":"https:\/\/www.meydan.tv\/az\/","name":"MEYDAN.TV","description":"Meydan TV Az\u0259rbaycan\u0131n media m\u0259kan\u0131ndak\u0131 alternativ s\u0259sidir","publisher":{"@id":"https:\/\/www.meydan.tv\/az\/#organization"},"potentialAction":[{"@type":"SearchAction","target":{"@type":"EntryPoint","urlTemplate":"https:\/\/www.meydan.tv\/az\/?s={search_term_string}"},"query-input":{"@type":"PropertyValueSpecification","valueRequired":true,"valueName":"search_term_string"}}],"inLanguage":"az"},{"@type":"Organization","@id":"https:\/\/www.meydan.tv\/az\/#organization","name":"Meydan TV","url":"https:\/\/www.meydan.tv\/az\/","logo":{"@type":"ImageObject","inLanguage":"az","@id":"https:\/\/www.meydan.tv\/az\/#\/schema\/logo\/image\/","url":"https:\/\/www.meydan.tv\/wp-content\/uploads\/2021\/07\/meydan-logo.svg","contentUrl":"https:\/\/www.meydan.tv\/wp-content\/uploads\/2021\/07\/meydan-logo.svg","width":195,"height":46,"caption":"Meydan TV"},"image":{"@id":"https:\/\/www.meydan.tv\/az\/#\/schema\/logo\/image\/"}},{"@type":"Person","@id":"https:\/\/www.meydan.tv\/az\/#\/schema\/person\/9cdbecf90d17180ce1dfbd95b08dcf47","name":"elli","sameAs":["https:\/\/x.com\/elli"]}]}},"_links":{"self":[{"href":"https:\/\/www.meydan.tv\/az\/wp-json\/wp\/v2\/posts\/247045","targetHints":{"allow":["GET"]}}],"collection":[{"href":"https:\/\/www.meydan.tv\/az\/wp-json\/wp\/v2\/posts"}],"about":[{"href":"https:\/\/www.meydan.tv\/az\/wp-json\/wp\/v2\/types\/post"}],"author":[{"embeddable":true,"href":"https:\/\/www.meydan.tv\/az\/wp-json\/wp\/v2\/users\/8"}],"replies":[{"embeddable":true,"href":"https:\/\/www.meydan.tv\/az\/wp-json\/wp\/v2\/comments?post=247045"}],"version-history":[{"count":1,"href":"https:\/\/www.meydan.tv\/az\/wp-json\/wp\/v2\/posts\/247045\/revisions"}],"predecessor-version":[{"id":247046,"href":"https:\/\/www.meydan.tv\/az\/wp-json\/wp\/v2\/posts\/247045\/revisions\/247046"}],"wp:featuredmedia":[{"embeddable":true,"href":"https:\/\/www.meydan.tv\/az\/wp-json\/wp\/v2\/media\/247042"}],"wp:attachment":[{"href":"https:\/\/www.meydan.tv\/az\/wp-json\/wp\/v2\/media?parent=247045"}],"wp:term":[{"taxonomy":"category","embeddable":true,"href":"https:\/\/www.meydan.tv\/az\/wp-json\/wp\/v2\/categories?post=247045"},{"taxonomy":"post_tag","embeddable":true,"href":"https:\/\/www.meydan.tv\/az\/wp-json\/wp\/v2\/tags?post=247045"}],"curies":[{"name":"wp","href":"https:\/\/api.w.org\/{rel}","templated":true}]}}