{"id":247029,"date":"2022-05-31T18:37:35","date_gmt":"2022-05-31T14:37:35","guid":{"rendered":"https:\/\/www.meydan.tv\/?p=247029"},"modified":"2022-05-31T18:37:37","modified_gmt":"2022-05-31T14:37:37","slug":"heyvan-haqlari-herekati-prezident-administrasiyasi-onunde-aksiya-kecirir","status":"publish","type":"post","link":"https:\/\/www.meydan.tv\/az\/article\/heyvan-haqlari-herekati-prezident-administrasiyasi-onunde-aksiya-kecirir\/","title":{"rendered":"&#8220;Heyvan Haqlar\u0131 H\u0259r\u0259kat\u0131&#8221; Prezident Administrasiyas\u0131 \u00f6n\u00fcnd\u0259 aksiya ke\u00e7irir"},"content":{"rendered":"\n<figure class=\"wp-block-embed is-type-video is-provider-youtube wp-block-embed-youtube wp-embed-aspect-16-9 wp-has-aspect-ratio\"><div class=\"wp-block-embed__wrapper\">\n<iframe title=\"&quot;Heyvan Haqlar\u0131 H\u0259r\u0259kat\u0131&quot; Prezident Administrasiyas\u0131 \u00f6n\u00fcnd\u0259 aksiya ke\u00e7irir\" width=\"1200\" height=\"675\" data-src=\"https:\/\/www.youtube.com\/embed\/-iuVjGnA6jY?feature=oembed\" frameborder=\"0\" allow=\"accelerometer; autoplay; clipboard-write; encrypted-media; gyroscope; picture-in-picture\" allowfullscreen src=\"data:image\/svg+xml;base64,PHN2ZyB3aWR0aD0iMSIgaGVpZ2h0PSIxIiB4bWxucz0iaHR0cDovL3d3dy53My5vcmcvMjAwMC9zdmciPjwvc3ZnPg==\" class=\"lazyload\" data-load-mode=\"1\"><\/iframe>\n<\/div><\/figure>\n\n\n\n<!--more-->\n\n\n\n<p>&#8220;Heyvan Haqlar\u0131 H\u0259r\u0259kat\u0131&#8221;n\u0131n f\u0259allar\u0131 bu g\u00fcn Prezident Administrasiyas\u0131 \u00f6n\u00fcnd\u0259 h\u00f6kum\u0259tin heyvanlar\u0131n \u00f6ld\u00fcr\u00fclm\u0259sin\u0259 g\u00f6zyummas\u0131n\u0131, d\u00f6vl\u0259t qurumlar\u0131n\u0131n k\u00fc\u00e7\u0259 heyvanlar\u0131n\u0131n \u00f6ld\u00fcr\u00fclm\u0259si \u0259leyhin\u0259 aksiya ke\u00e7irib<\/p>\n","protected":false},"excerpt":{"rendered":"","protected":false},"author":14,"featured_media":247030,"comment_status":"closed","ping_status":"closed","sticky":false,"template":"","format":"standard","meta":{"_acf_changed":false,"_sitemap_exclude":false,"_sitemap_priority":"","_sitemap_frequency":"","footnotes":""},"categories":[63],"tags":[],"class_list":["post-247029","post","type-post","status-publish","format-standard","has-post-thumbnail","hentry","category-video-2","infinite-scroll-item","generate-columns","tablet-grid-50","mobile-grid-100","grid-parent","grid-33","no-featured-image-padding"],"acf":[],"yoast_head":"<!-- This site is optimized with the Yoast SEO plugin v27.5 - https:\/\/yoast.com\/product\/yoast-seo-wordpress\/ -->\n<title>&quot;Heyvan Haqlar\u0131 H\u0259r\u0259kat\u0131&quot; Prezident Administrasiyas\u0131 \u00f6n\u00fcnd\u0259 aksiya ke\u00e7irir - MEYDAN.TV<\/title>\n<meta name=\"robots\" content=\"index, follow, max-snippet:-1, max-image-preview:large, max-video-preview:-1\" \/>\n<link rel=\"canonical\" href=\"https:\/\/www.meydan.tv\/az\/article\/heyvan-haqlari-herekati-prezident-administrasiyasi-onunde-aksiya-kecirir\/\" \/>\n<meta property=\"og:locale\" content=\"az_AZ\" \/>\n<meta property=\"og:type\" content=\"article\" \/>\n<meta property=\"og:title\" content=\"&quot;Heyvan Haqlar\u0131 H\u0259r\u0259kat\u0131&quot; Prezident Administrasiyas\u0131 \u00f6n\u00fcnd\u0259 aksiya ke\u00e7irir - MEYDAN.TV\" \/>\n<meta property=\"og:url\" content=\"https:\/\/www.meydan.tv\/az\/article\/heyvan-haqlari-herekati-prezident-administrasiyasi-onunde-aksiya-kecirir\/\" \/>\n<meta property=\"og:site_name\" content=\"MEYDAN.TV\" \/>\n<meta property=\"article:published_time\" content=\"2022-05-31T14:37:35+00:00\" \/>\n<meta property=\"article:modified_time\" content=\"2022-05-31T14:37:37+00:00\" \/>\n<meta property=\"og:image\" content=\"https:\/\/www.meydan.tv\/wp-content\/uploads\/screenshot-at-may-31-16-32-55-768x425.png\" \/>\n\t<meta property=\"og:image:width\" content=\"768\" \/>\n\t<meta property=\"og:image:height\" content=\"425\" \/>\n\t<meta property=\"og:image:type\" content=\"image\/png\" \/>\n<meta name=\"author\" content=\"roma\" \/>\n<meta name=\"twitter:card\" content=\"summary_large_image\" \/>\n<script type=\"application\/ld+json\" class=\"yoast-schema-graph\">{\"@context\":\"https:\\\/\\\/schema.org\",\"@graph\":[{\"@type\":\"Article\",\"@id\":\"https:\\\/\\\/www.meydan.tv\\\/az\\\/article\\\/heyvan-haqlari-herekati-prezident-administrasiyasi-onunde-aksiya-kecirir\\\/#article\",\"isPartOf\":{\"@id\":\"https:\\\/\\\/www.meydan.tv\\\/az\\\/article\\\/heyvan-haqlari-herekati-prezident-administrasiyasi-onunde-aksiya-kecirir\\\/\"},\"author\":{\"name\":\"roma\",\"@id\":\"https:\\\/\\\/www.meydan.tv\\\/az\\\/#\\\/schema\\\/person\\\/8f23e01c4de63326c13c319fb65ee65d\"},\"headline\":\"&#8220;Heyvan Haqlar\u0131 H\u0259r\u0259kat\u0131&#8221; Prezident Administrasiyas\u0131 \u00f6n\u00fcnd\u0259 aksiya ke\u00e7irir\",\"datePublished\":\"2022-05-31T14:37:35+00:00\",\"dateModified\":\"2022-05-31T14:37:37+00:00\",\"mainEntityOfPage\":{\"@id\":\"https:\\\/\\\/www.meydan.tv\\\/az\\\/article\\\/heyvan-haqlari-herekati-prezident-administrasiyasi-onunde-aksiya-kecirir\\\/\"},\"wordCount\":63,\"publisher\":{\"@id\":\"https:\\\/\\\/www.meydan.tv\\\/az\\\/#organization\"},\"image\":{\"@id\":\"https:\\\/\\\/www.meydan.tv\\\/az\\\/article\\\/heyvan-haqlari-herekati-prezident-administrasiyasi-onunde-aksiya-kecirir\\\/#primaryimage\"},\"thumbnailUrl\":\"https:\\\/\\\/www.meydan.tv\\\/wp-content\\\/uploads\\\/screenshot-at-may-31-16-32-55.png\",\"articleSection\":[\"Video\"],\"inLanguage\":\"az\"},{\"@type\":\"WebPage\",\"@id\":\"https:\\\/\\\/www.meydan.tv\\\/az\\\/article\\\/heyvan-haqlari-herekati-prezident-administrasiyasi-onunde-aksiya-kecirir\\\/\",\"url\":\"https:\\\/\\\/www.meydan.tv\\\/az\\\/article\\\/heyvan-haqlari-herekati-prezident-administrasiyasi-onunde-aksiya-kecirir\\\/\",\"name\":\"\\\"Heyvan Haqlar\u0131 H\u0259r\u0259kat\u0131\\\" Prezident Administrasiyas\u0131 \u00f6n\u00fcnd\u0259 aksiya ke\u00e7irir - MEYDAN.TV\",\"isPartOf\":{\"@id\":\"https:\\\/\\\/www.meydan.tv\\\/az\\\/#website\"},\"primaryImageOfPage\":{\"@id\":\"https:\\\/\\\/www.meydan.tv\\\/az\\\/article\\\/heyvan-haqlari-herekati-prezident-administrasiyasi-onunde-aksiya-kecirir\\\/#primaryimage\"},\"image\":{\"@id\":\"https:\\\/\\\/www.meydan.tv\\\/az\\\/article\\\/heyvan-haqlari-herekati-prezident-administrasiyasi-onunde-aksiya-kecirir\\\/#primaryimage\"},\"thumbnailUrl\":\"https:\\\/\\\/www.meydan.tv\\\/wp-content\\\/uploads\\\/screenshot-at-may-31-16-32-55.png\",\"datePublished\":\"2022-05-31T14:37:35+00:00\",\"dateModified\":\"2022-05-31T14:37:37+00:00\",\"breadcrumb\":{\"@id\":\"https:\\\/\\\/www.meydan.tv\\\/az\\\/article\\\/heyvan-haqlari-herekati-prezident-administrasiyasi-onunde-aksiya-kecirir\\\/#breadcrumb\"},\"inLanguage\":\"az\",\"potentialAction\":[{\"@type\":\"ReadAction\",\"target\":[\"https:\\\/\\\/www.meydan.tv\\\/az\\\/article\\\/heyvan-haqlari-herekati-prezident-administrasiyasi-onunde-aksiya-kecirir\\\/\"]}]},{\"@type\":\"ImageObject\",\"inLanguage\":\"az\",\"@id\":\"https:\\\/\\\/www.meydan.tv\\\/az\\\/article\\\/heyvan-haqlari-herekati-prezident-administrasiyasi-onunde-aksiya-kecirir\\\/#primaryimage\",\"url\":\"https:\\\/\\\/www.meydan.tv\\\/wp-content\\\/uploads\\\/screenshot-at-may-31-16-32-55.png\",\"contentUrl\":\"https:\\\/\\\/www.meydan.tv\\\/wp-content\\\/uploads\\\/screenshot-at-may-31-16-32-55.png\",\"width\":1000,\"height\":553},{\"@type\":\"BreadcrumbList\",\"@id\":\"https:\\\/\\\/www.meydan.tv\\\/az\\\/article\\\/heyvan-haqlari-herekati-prezident-administrasiyasi-onunde-aksiya-kecirir\\\/#breadcrumb\",\"itemListElement\":[{\"@type\":\"ListItem\",\"position\":1,\"name\":\"Ana s\u0259hif\u0259\",\"item\":\"https:\\\/\\\/www.meydan.tv\\\/az\\\/\"},{\"@type\":\"ListItem\",\"position\":2,\"name\":\"Video\",\"item\":\"https:\\\/\\\/www.meydan.tv\\\/az\\\/section\\\/video-2\\\/\"},{\"@type\":\"ListItem\",\"position\":3,\"name\":\"&#8220;Heyvan Haqlar\u0131 H\u0259r\u0259kat\u0131&#8221; Prezident Administrasiyas\u0131 \u00f6n\u00fcnd\u0259 aksiya ke\u00e7irir\"}]},{\"@type\":\"WebSite\",\"@id\":\"https:\\\/\\\/www.meydan.tv\\\/az\\\/#website\",\"url\":\"https:\\\/\\\/www.meydan.tv\\\/az\\\/\",\"name\":\"MEYDAN.TV\",\"description\":\"Meydan TV Az\u0259rbaycan\u0131n media m\u0259kan\u0131ndak\u0131 alternativ s\u0259sidir\",\"publisher\":{\"@id\":\"https:\\\/\\\/www.meydan.tv\\\/az\\\/#organization\"},\"potentialAction\":[{\"@type\":\"SearchAction\",\"target\":{\"@type\":\"EntryPoint\",\"urlTemplate\":\"https:\\\/\\\/www.meydan.tv\\\/az\\\/?s={search_term_string}\"},\"query-input\":{\"@type\":\"PropertyValueSpecification\",\"valueRequired\":true,\"valueName\":\"search_term_string\"}}],\"inLanguage\":\"az\"},{\"@type\":\"Organization\",\"@id\":\"https:\\\/\\\/www.meydan.tv\\\/az\\\/#organization\",\"name\":\"Meydan TV\",\"url\":\"https:\\\/\\\/www.meydan.tv\\\/az\\\/\",\"logo\":{\"@type\":\"ImageObject\",\"inLanguage\":\"az\",\"@id\":\"https:\\\/\\\/www.meydan.tv\\\/az\\\/#\\\/schema\\\/logo\\\/image\\\/\",\"url\":\"https:\\\/\\\/www.meydan.tv\\\/wp-content\\\/uploads\\\/2021\\\/07\\\/meydan-logo.svg\",\"contentUrl\":\"https:\\\/\\\/www.meydan.tv\\\/wp-content\\\/uploads\\\/2021\\\/07\\\/meydan-logo.svg\",\"width\":195,\"height\":46,\"caption\":\"Meydan TV\"},\"image\":{\"@id\":\"https:\\\/\\\/www.meydan.tv\\\/az\\\/#\\\/schema\\\/logo\\\/image\\\/\"}},{\"@type\":\"Person\",\"@id\":\"https:\\\/\\\/www.meydan.tv\\\/az\\\/#\\\/schema\\\/person\\\/8f23e01c4de63326c13c319fb65ee65d\",\"name\":\"roma\"}]}<\/script>\n<!-- \/ Yoast SEO plugin. -->","yoast_head_json":{"title":"\"Heyvan Haqlar\u0131 H\u0259r\u0259kat\u0131\" Prezident Administrasiyas\u0131 \u00f6n\u00fcnd\u0259 aksiya ke\u00e7irir - MEYDAN.TV","robots":{"index":"index","follow":"follow","max-snippet":"max-snippet:-1","max-image-preview":"max-image-preview:large","max-video-preview":"max-video-preview:-1"},"canonical":"https:\/\/www.meydan.tv\/az\/article\/heyvan-haqlari-herekati-prezident-administrasiyasi-onunde-aksiya-kecirir\/","og_locale":"az_AZ","og_type":"article","og_title":"\"Heyvan Haqlar\u0131 H\u0259r\u0259kat\u0131\" Prezident Administrasiyas\u0131 \u00f6n\u00fcnd\u0259 aksiya ke\u00e7irir - MEYDAN.TV","og_url":"https:\/\/www.meydan.tv\/az\/article\/heyvan-haqlari-herekati-prezident-administrasiyasi-onunde-aksiya-kecirir\/","og_site_name":"MEYDAN.TV","article_published_time":"2022-05-31T14:37:35+00:00","article_modified_time":"2022-05-31T14:37:37+00:00","og_image":[{"width":768,"height":425,"url":"https:\/\/www.meydan.tv\/wp-content\/uploads\/screenshot-at-may-31-16-32-55-768x425.png","type":"image\/png"}],"author":"roma","twitter_card":"summary_large_image","schema":{"@context":"https:\/\/schema.org","@graph":[{"@type":"Article","@id":"https:\/\/www.meydan.tv\/az\/article\/heyvan-haqlari-herekati-prezident-administrasiyasi-onunde-aksiya-kecirir\/#article","isPartOf":{"@id":"https:\/\/www.meydan.tv\/az\/article\/heyvan-haqlari-herekati-prezident-administrasiyasi-onunde-aksiya-kecirir\/"},"author":{"name":"roma","@id":"https:\/\/www.meydan.tv\/az\/#\/schema\/person\/8f23e01c4de63326c13c319fb65ee65d"},"headline":"&#8220;Heyvan Haqlar\u0131 H\u0259r\u0259kat\u0131&#8221; Prezident Administrasiyas\u0131 \u00f6n\u00fcnd\u0259 aksiya ke\u00e7irir","datePublished":"2022-05-31T14:37:35+00:00","dateModified":"2022-05-31T14:37:37+00:00","mainEntityOfPage":{"@id":"https:\/\/www.meydan.tv\/az\/article\/heyvan-haqlari-herekati-prezident-administrasiyasi-onunde-aksiya-kecirir\/"},"wordCount":63,"publisher":{"@id":"https:\/\/www.meydan.tv\/az\/#organization"},"image":{"@id":"https:\/\/www.meydan.tv\/az\/article\/heyvan-haqlari-herekati-prezident-administrasiyasi-onunde-aksiya-kecirir\/#primaryimage"},"thumbnailUrl":"https:\/\/www.meydan.tv\/wp-content\/uploads\/screenshot-at-may-31-16-32-55.png","articleSection":["Video"],"inLanguage":"az"},{"@type":"WebPage","@id":"https:\/\/www.meydan.tv\/az\/article\/heyvan-haqlari-herekati-prezident-administrasiyasi-onunde-aksiya-kecirir\/","url":"https:\/\/www.meydan.tv\/az\/article\/heyvan-haqlari-herekati-prezident-administrasiyasi-onunde-aksiya-kecirir\/","name":"\"Heyvan Haqlar\u0131 H\u0259r\u0259kat\u0131\" Prezident Administrasiyas\u0131 \u00f6n\u00fcnd\u0259 aksiya ke\u00e7irir - MEYDAN.TV","isPartOf":{"@id":"https:\/\/www.meydan.tv\/az\/#website"},"primaryImageOfPage":{"@id":"https:\/\/www.meydan.tv\/az\/article\/heyvan-haqlari-herekati-prezident-administrasiyasi-onunde-aksiya-kecirir\/#primaryimage"},"image":{"@id":"https:\/\/www.meydan.tv\/az\/article\/heyvan-haqlari-herekati-prezident-administrasiyasi-onunde-aksiya-kecirir\/#primaryimage"},"thumbnailUrl":"https:\/\/www.meydan.tv\/wp-content\/uploads\/screenshot-at-may-31-16-32-55.png","datePublished":"2022-05-31T14:37:35+00:00","dateModified":"2022-05-31T14:37:37+00:00","breadcrumb":{"@id":"https:\/\/www.meydan.tv\/az\/article\/heyvan-haqlari-herekati-prezident-administrasiyasi-onunde-aksiya-kecirir\/#breadcrumb"},"inLanguage":"az","potentialAction":[{"@type":"ReadAction","target":["https:\/\/www.meydan.tv\/az\/article\/heyvan-haqlari-herekati-prezident-administrasiyasi-onunde-aksiya-kecirir\/"]}]},{"@type":"ImageObject","inLanguage":"az","@id":"https:\/\/www.meydan.tv\/az\/article\/heyvan-haqlari-herekati-prezident-administrasiyasi-onunde-aksiya-kecirir\/#primaryimage","url":"https:\/\/www.meydan.tv\/wp-content\/uploads\/screenshot-at-may-31-16-32-55.png","contentUrl":"https:\/\/www.meydan.tv\/wp-content\/uploads\/screenshot-at-may-31-16-32-55.png","width":1000,"height":553},{"@type":"BreadcrumbList","@id":"https:\/\/www.meydan.tv\/az\/article\/heyvan-haqlari-herekati-prezident-administrasiyasi-onunde-aksiya-kecirir\/#breadcrumb","itemListElement":[{"@type":"ListItem","position":1,"name":"Ana s\u0259hif\u0259","item":"https:\/\/www.meydan.tv\/az\/"},{"@type":"ListItem","position":2,"name":"Video","item":"https:\/\/www.meydan.tv\/az\/section\/video-2\/"},{"@type":"ListItem","position":3,"name":"&#8220;Heyvan Haqlar\u0131 H\u0259r\u0259kat\u0131&#8221; Prezident Administrasiyas\u0131 \u00f6n\u00fcnd\u0259 aksiya ke\u00e7irir"}]},{"@type":"WebSite","@id":"https:\/\/www.meydan.tv\/az\/#website","url":"https:\/\/www.meydan.tv\/az\/","name":"MEYDAN.TV","description":"Meydan TV Az\u0259rbaycan\u0131n media m\u0259kan\u0131ndak\u0131 alternativ s\u0259sidir","publisher":{"@id":"https:\/\/www.meydan.tv\/az\/#organization"},"potentialAction":[{"@type":"SearchAction","target":{"@type":"EntryPoint","urlTemplate":"https:\/\/www.meydan.tv\/az\/?s={search_term_string}"},"query-input":{"@type":"PropertyValueSpecification","valueRequired":true,"valueName":"search_term_string"}}],"inLanguage":"az"},{"@type":"Organization","@id":"https:\/\/www.meydan.tv\/az\/#organization","name":"Meydan TV","url":"https:\/\/www.meydan.tv\/az\/","logo":{"@type":"ImageObject","inLanguage":"az","@id":"https:\/\/www.meydan.tv\/az\/#\/schema\/logo\/image\/","url":"https:\/\/www.meydan.tv\/wp-content\/uploads\/2021\/07\/meydan-logo.svg","contentUrl":"https:\/\/www.meydan.tv\/wp-content\/uploads\/2021\/07\/meydan-logo.svg","width":195,"height":46,"caption":"Meydan TV"},"image":{"@id":"https:\/\/www.meydan.tv\/az\/#\/schema\/logo\/image\/"}},{"@type":"Person","@id":"https:\/\/www.meydan.tv\/az\/#\/schema\/person\/8f23e01c4de63326c13c319fb65ee65d","name":"roma"}]}},"_links":{"self":[{"href":"https:\/\/www.meydan.tv\/az\/wp-json\/wp\/v2\/posts\/247029","targetHints":{"allow":["GET"]}}],"collection":[{"href":"https:\/\/www.meydan.tv\/az\/wp-json\/wp\/v2\/posts"}],"about":[{"href":"https:\/\/www.meydan.tv\/az\/wp-json\/wp\/v2\/types\/post"}],"author":[{"embeddable":true,"href":"https:\/\/www.meydan.tv\/az\/wp-json\/wp\/v2\/users\/14"}],"replies":[{"embeddable":true,"href":"https:\/\/www.meydan.tv\/az\/wp-json\/wp\/v2\/comments?post=247029"}],"version-history":[{"count":1,"href":"https:\/\/www.meydan.tv\/az\/wp-json\/wp\/v2\/posts\/247029\/revisions"}],"predecessor-version":[{"id":247033,"href":"https:\/\/www.meydan.tv\/az\/wp-json\/wp\/v2\/posts\/247029\/revisions\/247033"}],"wp:featuredmedia":[{"embeddable":true,"href":"https:\/\/www.meydan.tv\/az\/wp-json\/wp\/v2\/media\/247030"}],"wp:attachment":[{"href":"https:\/\/www.meydan.tv\/az\/wp-json\/wp\/v2\/media?parent=247029"}],"wp:term":[{"taxonomy":"category","embeddable":true,"href":"https:\/\/www.meydan.tv\/az\/wp-json\/wp\/v2\/categories?post=247029"},{"taxonomy":"post_tag","embeddable":true,"href":"https:\/\/www.meydan.tv\/az\/wp-json\/wp\/v2\/tags?post=247029"}],"curies":[{"name":"wp","href":"https:\/\/api.w.org\/{rel}","templated":true}]}}