{"id":247024,"date":"2022-05-31T18:32:25","date_gmt":"2022-05-31T14:32:25","guid":{"rendered":"https:\/\/www.meydan.tv\/?p=247024"},"modified":"2022-05-31T18:32:26","modified_gmt":"2022-05-31T14:32:26","slug":"iki-kino-ittifaqinin-birlesdirilmesi-teklif-olunur","status":"publish","type":"post","link":"https:\/\/www.meydan.tv\/az\/article\/iki-kino-ittifaqinin-birlesdirilmesi-teklif-olunur\/","title":{"rendered":"\u0130ki kino ittifaq\u0131n\u0131n birl\u0259\u015fdirilm\u0259si t\u0259klif olunur"},"content":{"rendered":"\n<p><em>\u201cD\u00fcnyan\u0131n he\u00e7 bir \u00f6lk\u0259sind\u0259 iki kino ittifaq\u0131 f\u0259aliyy\u0259t g\u00f6st\u0259rmir\u201d<\/em><\/p>\n\n\n\n<p>Xalq artisti, Az\u0259rbaycan Kinematorqaf\u00e7\u0131lar \u0130ttifaq\u0131n\u0131n (AK\u0130) yeni s\u0259dri Rasim Balayev Az\u0259rbaycan Respublikas\u0131 Kinematoqraf\u00e7\u0131lar \u0130ttifaq\u0131n\u0131n (ARK\u0130) birl\u0259\u015fdirilm\u0259si t\u0259klifi il\u0259 \u00e7\u0131x\u0131\u015f edib.<\/p>\n\n\n\n<p>S\u0259dr jurnalistl\u0259r\u0259 a\u00e7\u0131qlamas\u0131nda bildirib ki, d\u00fcnyan\u0131n he\u00e7 bir \u00f6lk\u0259sind\u0259 iki kino ittifaq\u0131 f\u0259aliyy\u0259t g\u00f6st\u0259rmir: \u201cBa\u015fqa bir kino ittifaq\u0131n\u0131n yarad\u0131lmas\u0131 yersiz bir h\u0259r\u0259k\u0259t idi. Bu ittifaqlar n\u0259 vaxtsa birl\u0259\u015fm\u0259lidir. Bir \u00f6lk\u0259d\u0259 iki ayr\u0131 kino ittifaq\u0131n\u0131n olmas\u0131 d\u00fczg\u00fcn deyil. Bu yaln\u0131z kinonun inki\u015faf\u0131na mane olur, l\u0259ngidir\u201d.<\/p>\n\n\n\n<p>AK\u0130 1963-c\u00fc ild\u0259 t\u0259sis edilib. 1981-ci ild\u0259n ittifaqa Xalq artisti, kinodramaturq R\u00fcst\u0259m \u0130brahimb\u0259yov r\u0259hb\u0259rlik edib.<\/p>\n\n\n\n<p>2000-ci ill\u0259rd\u0259 R\u00fcst\u0259m \u0130brahimb\u0259yovun siyasi f\u0259aliyy\u0259tind\u0259n dolay\u0131 \u00f6lk\u0259ni t\u0259rk etm\u0259sind\u0259n bir m\u00fcd\u0259t sonra AK\u0130-nin f\u0259aliyy\u0259tind\u0259 dur\u011funluq yaran\u0131b.<\/p>\n\n\n\n<p>AK\u0130-y\u0259 alternativ olaraq 2012-ci ild\u0259 Az\u0259rbaycan Respublikas\u0131 Kinematoqraf\u00e7\u0131lar \u0130ttifaq\u0131 (ARK\u0130) yarad\u0131l\u0131b.<\/p>\n\n\n\n<p>ARK\u0130-y\u0259 Xalq artisti, professor \u015e\u0259fiq\u0259 M\u0259mm\u0259dova r\u0259hb\u0259rlik edir.<\/p>\n\n\n\n<p>\u201cAz\u0259rbaycan Respublikas\u0131 Kinematoqraf\u00e7\u0131lar \u0130ttifaq\u0131 yegan\u0259 legitim qurumdur. Bu, d\u00f6vl\u0259t t\u0259r\u0259find\u0259n veril\u0259n s\u0259r\u0259ncamlarda da \u00f6z \u0259ksini tap\u0131r. Legitim ittifaqla birl\u0259\u015fib, birg\u0259 t\u0259\u015fkilat kimi f\u0259aliyy\u0259t g\u00f6st\u0259rm\u0259k olar\u201d, &#8211; bunu ARK\u0130-nin m\u0259tbuat xidm\u0259tinin r\u0259hb\u0259ri \u018fli V\u0259liyev Meydan TV-y\u0259 m\u0259s\u0259l\u0259y\u0259 m\u00fcnasib\u0259t bildir\u0259rk\u0259n deyib.<\/p>\n\n\n\n<p>Xalq artisti, kinoaktyor Rasim Balayev Az\u0259rbaycan Kinematoqraf\u00e7\u0131lar \u0130ttifaq\u0131n\u0131n (AK\u0130) s\u0259dri se\u00e7ilib.<\/p>\n\n\n\n<p>Q\u0259rar may\u0131n 31-d\u0259 AK\u0130-nin idar\u0259 hey\u0259tinin v\u0259 \u00fczvl\u0259rinin \u00fcmumi iclas\u0131nda verilib.<\/p>\n\n\n\n<p>Konfrans i\u015ftirak\u00e7\u0131lar\u0131 Rasim Balayevin namiz\u0259dliyini yekdillikl\u0259 <a href=\"https:\/\/www.meydan.tv\/az\/article\/rasim-balayev-kinematoqrafcilar-ittifaqinin-sedri-secilib\/\">t\u0259sdiql\u0259yib.<\/a><\/p>\n\n\n\n<p>\u0130ttifaq\u0131n s\u0259dri, Xalq yaz\u0131\u00e7\u0131s\u0131, kinodramaturq R\u00fcst\u0259m \u0130brahimb\u0259yov 2022-ci il mart\u0131n 11-d\u0259 uzun s\u00fcr\u0259n x\u0259st\u0259likd\u0259n v\u0259fat edib.<\/p>\n","protected":false},"excerpt":{"rendered":"<p>\u201cD\u00fcnyan\u0131n he\u00e7 bir \u00f6lk\u0259sind\u0259 iki kino ittifaq\u0131 f\u0259aliyy\u0259t g\u00f6st\u0259rmir\u201d Xalq &#8230; <\/p>\n<p class=\"read-more-container\"><a title=\"\u0130ki kino ittifaq\u0131n\u0131n birl\u0259\u015fdirilm\u0259si t\u0259klif olunur\" class=\"read-more button\" href=\"https:\/\/www.meydan.tv\/az\/article\/iki-kino-ittifaqinin-birlesdirilmesi-teklif-olunur\/#more-247024\" aria-label=\"Read more about \u0130ki kino ittifaq\u0131n\u0131n birl\u0259\u015fdirilm\u0259si t\u0259klif olunur\">Davam\u0131<\/a><\/p>\n","protected":false},"author":12,"featured_media":247025,"comment_status":"closed","ping_status":"closed","sticky":false,"template":"","format":"standard","meta":{"_acf_changed":false,"_sitemap_exclude":false,"_sitemap_priority":"","_sitemap_frequency":"","footnotes":""},"categories":[52,56],"tags":[],"class_list":["post-247024","post","type-post","status-publish","format-standard","has-post-thumbnail","hentry","category-medeniyyet","category-xeberler","infinite-scroll-item","generate-columns","tablet-grid-50","mobile-grid-100","grid-parent","grid-33","no-featured-image-padding"],"acf":[],"yoast_head":"<!-- This site is optimized with the Yoast SEO plugin v27.5 - https:\/\/yoast.com\/product\/yoast-seo-wordpress\/ -->\n<title>\u0130ki kino ittifaq\u0131n\u0131n birl\u0259\u015fdirilm\u0259si t\u0259klif olunur - MEYDAN.TV<\/title>\n<meta name=\"robots\" content=\"index, follow, max-snippet:-1, max-image-preview:large, max-video-preview:-1\" \/>\n<link rel=\"canonical\" href=\"https:\/\/www.meydan.tv\/az\/article\/iki-kino-ittifaqinin-birlesdirilmesi-teklif-olunur\/\" \/>\n<meta property=\"og:locale\" content=\"az_AZ\" \/>\n<meta property=\"og:type\" content=\"article\" \/>\n<meta property=\"og:title\" content=\"\u0130ki kino ittifaq\u0131n\u0131n birl\u0259\u015fdirilm\u0259si t\u0259klif olunur - MEYDAN.TV\" \/>\n<meta property=\"og:description\" content=\"\u201cD\u00fcnyan\u0131n he\u00e7 bir \u00f6lk\u0259sind\u0259 iki kino ittifaq\u0131 f\u0259aliyy\u0259t g\u00f6st\u0259rmir\u201d Xalq ... Davam\u0131\" \/>\n<meta property=\"og:url\" content=\"https:\/\/www.meydan.tv\/az\/article\/iki-kino-ittifaqinin-birlesdirilmesi-teklif-olunur\/\" \/>\n<meta property=\"og:site_name\" content=\"MEYDAN.TV\" \/>\n<meta property=\"article:published_time\" content=\"2022-05-31T14:32:25+00:00\" \/>\n<meta property=\"article:modified_time\" content=\"2022-05-31T14:32:26+00:00\" \/>\n<meta property=\"og:image\" content=\"https:\/\/www.meydan.tv\/wp-content\/uploads\/image-from-ios-186-scaled.jpg\" \/>\n\t<meta property=\"og:image:width\" content=\"2560\" \/>\n\t<meta property=\"og:image:height\" content=\"1920\" \/>\n\t<meta property=\"og:image:type\" content=\"image\/jpeg\" \/>\n<meta name=\"author\" content=\"aleks\" \/>\n<meta name=\"twitter:card\" content=\"summary_large_image\" \/>\n<script type=\"application\/ld+json\" class=\"yoast-schema-graph\">{\"@context\":\"https:\\\/\\\/schema.org\",\"@graph\":[{\"@type\":\"Article\",\"@id\":\"https:\\\/\\\/www.meydan.tv\\\/az\\\/article\\\/iki-kino-ittifaqinin-birlesdirilmesi-teklif-olunur\\\/#article\",\"isPartOf\":{\"@id\":\"https:\\\/\\\/www.meydan.tv\\\/az\\\/article\\\/iki-kino-ittifaqinin-birlesdirilmesi-teklif-olunur\\\/\"},\"author\":{\"name\":\"aleks\",\"@id\":\"https:\\\/\\\/www.meydan.tv\\\/az\\\/#\\\/schema\\\/person\\\/476e9360e593fa131d5d71d51866f8da\"},\"headline\":\"\u0130ki kino ittifaq\u0131n\u0131n birl\u0259\u015fdirilm\u0259si t\u0259klif olunur\",\"datePublished\":\"2022-05-31T14:32:25+00:00\",\"dateModified\":\"2022-05-31T14:32:26+00:00\",\"mainEntityOfPage\":{\"@id\":\"https:\\\/\\\/www.meydan.tv\\\/az\\\/article\\\/iki-kino-ittifaqinin-birlesdirilmesi-teklif-olunur\\\/\"},\"wordCount\":363,\"publisher\":{\"@id\":\"https:\\\/\\\/www.meydan.tv\\\/az\\\/#organization\"},\"image\":{\"@id\":\"https:\\\/\\\/www.meydan.tv\\\/az\\\/article\\\/iki-kino-ittifaqinin-birlesdirilmesi-teklif-olunur\\\/#primaryimage\"},\"thumbnailUrl\":\"https:\\\/\\\/www.meydan.tv\\\/wp-content\\\/uploads\\\/image-from-ios-186-scaled.jpg\",\"articleSection\":[\"M\u0259d\u0259niyy\u0259t\",\"X\u0259b\u0259rl\u0259r\"],\"inLanguage\":\"az\"},{\"@type\":\"WebPage\",\"@id\":\"https:\\\/\\\/www.meydan.tv\\\/az\\\/article\\\/iki-kino-ittifaqinin-birlesdirilmesi-teklif-olunur\\\/\",\"url\":\"https:\\\/\\\/www.meydan.tv\\\/az\\\/article\\\/iki-kino-ittifaqinin-birlesdirilmesi-teklif-olunur\\\/\",\"name\":\"\u0130ki kino ittifaq\u0131n\u0131n birl\u0259\u015fdirilm\u0259si t\u0259klif olunur - MEYDAN.TV\",\"isPartOf\":{\"@id\":\"https:\\\/\\\/www.meydan.tv\\\/az\\\/#website\"},\"primaryImageOfPage\":{\"@id\":\"https:\\\/\\\/www.meydan.tv\\\/az\\\/article\\\/iki-kino-ittifaqinin-birlesdirilmesi-teklif-olunur\\\/#primaryimage\"},\"image\":{\"@id\":\"https:\\\/\\\/www.meydan.tv\\\/az\\\/article\\\/iki-kino-ittifaqinin-birlesdirilmesi-teklif-olunur\\\/#primaryimage\"},\"thumbnailUrl\":\"https:\\\/\\\/www.meydan.tv\\\/wp-content\\\/uploads\\\/image-from-ios-186-scaled.jpg\",\"datePublished\":\"2022-05-31T14:32:25+00:00\",\"dateModified\":\"2022-05-31T14:32:26+00:00\",\"breadcrumb\":{\"@id\":\"https:\\\/\\\/www.meydan.tv\\\/az\\\/article\\\/iki-kino-ittifaqinin-birlesdirilmesi-teklif-olunur\\\/#breadcrumb\"},\"inLanguage\":\"az\",\"potentialAction\":[{\"@type\":\"ReadAction\",\"target\":[\"https:\\\/\\\/www.meydan.tv\\\/az\\\/article\\\/iki-kino-ittifaqinin-birlesdirilmesi-teklif-olunur\\\/\"]}]},{\"@type\":\"ImageObject\",\"inLanguage\":\"az\",\"@id\":\"https:\\\/\\\/www.meydan.tv\\\/az\\\/article\\\/iki-kino-ittifaqinin-birlesdirilmesi-teklif-olunur\\\/#primaryimage\",\"url\":\"https:\\\/\\\/www.meydan.tv\\\/wp-content\\\/uploads\\\/image-from-ios-186-scaled.jpg\",\"contentUrl\":\"https:\\\/\\\/www.meydan.tv\\\/wp-content\\\/uploads\\\/image-from-ios-186-scaled.jpg\",\"width\":2560,\"height\":1920},{\"@type\":\"BreadcrumbList\",\"@id\":\"https:\\\/\\\/www.meydan.tv\\\/az\\\/article\\\/iki-kino-ittifaqinin-birlesdirilmesi-teklif-olunur\\\/#breadcrumb\",\"itemListElement\":[{\"@type\":\"ListItem\",\"position\":1,\"name\":\"Ana s\u0259hif\u0259\",\"item\":\"https:\\\/\\\/www.meydan.tv\\\/az\\\/\"},{\"@type\":\"ListItem\",\"position\":2,\"name\":\"M\u0259d\u0259niyy\u0259t\",\"item\":\"https:\\\/\\\/www.meydan.tv\\\/az\\\/section\\\/medeniyyet\\\/\"},{\"@type\":\"ListItem\",\"position\":3,\"name\":\"\u0130ki kino ittifaq\u0131n\u0131n birl\u0259\u015fdirilm\u0259si t\u0259klif olunur\"}]},{\"@type\":\"WebSite\",\"@id\":\"https:\\\/\\\/www.meydan.tv\\\/az\\\/#website\",\"url\":\"https:\\\/\\\/www.meydan.tv\\\/az\\\/\",\"name\":\"MEYDAN.TV\",\"description\":\"Meydan TV Az\u0259rbaycan\u0131n media m\u0259kan\u0131ndak\u0131 alternativ s\u0259sidir\",\"publisher\":{\"@id\":\"https:\\\/\\\/www.meydan.tv\\\/az\\\/#organization\"},\"potentialAction\":[{\"@type\":\"SearchAction\",\"target\":{\"@type\":\"EntryPoint\",\"urlTemplate\":\"https:\\\/\\\/www.meydan.tv\\\/az\\\/?s={search_term_string}\"},\"query-input\":{\"@type\":\"PropertyValueSpecification\",\"valueRequired\":true,\"valueName\":\"search_term_string\"}}],\"inLanguage\":\"az\"},{\"@type\":\"Organization\",\"@id\":\"https:\\\/\\\/www.meydan.tv\\\/az\\\/#organization\",\"name\":\"Meydan TV\",\"url\":\"https:\\\/\\\/www.meydan.tv\\\/az\\\/\",\"logo\":{\"@type\":\"ImageObject\",\"inLanguage\":\"az\",\"@id\":\"https:\\\/\\\/www.meydan.tv\\\/az\\\/#\\\/schema\\\/logo\\\/image\\\/\",\"url\":\"https:\\\/\\\/www.meydan.tv\\\/wp-content\\\/uploads\\\/2021\\\/07\\\/meydan-logo.svg\",\"contentUrl\":\"https:\\\/\\\/www.meydan.tv\\\/wp-content\\\/uploads\\\/2021\\\/07\\\/meydan-logo.svg\",\"width\":195,\"height\":46,\"caption\":\"Meydan TV\"},\"image\":{\"@id\":\"https:\\\/\\\/www.meydan.tv\\\/az\\\/#\\\/schema\\\/logo\\\/image\\\/\"}},{\"@type\":\"Person\",\"@id\":\"https:\\\/\\\/www.meydan.tv\\\/az\\\/#\\\/schema\\\/person\\\/476e9360e593fa131d5d71d51866f8da\",\"name\":\"aleks\"}]}<\/script>\n<!-- \/ Yoast SEO plugin. -->","yoast_head_json":{"title":"\u0130ki kino ittifaq\u0131n\u0131n birl\u0259\u015fdirilm\u0259si t\u0259klif olunur - MEYDAN.TV","robots":{"index":"index","follow":"follow","max-snippet":"max-snippet:-1","max-image-preview":"max-image-preview:large","max-video-preview":"max-video-preview:-1"},"canonical":"https:\/\/www.meydan.tv\/az\/article\/iki-kino-ittifaqinin-birlesdirilmesi-teklif-olunur\/","og_locale":"az_AZ","og_type":"article","og_title":"\u0130ki kino ittifaq\u0131n\u0131n birl\u0259\u015fdirilm\u0259si t\u0259klif olunur - MEYDAN.TV","og_description":"\u201cD\u00fcnyan\u0131n he\u00e7 bir \u00f6lk\u0259sind\u0259 iki kino ittifaq\u0131 f\u0259aliyy\u0259t g\u00f6st\u0259rmir\u201d Xalq ... Davam\u0131","og_url":"https:\/\/www.meydan.tv\/az\/article\/iki-kino-ittifaqinin-birlesdirilmesi-teklif-olunur\/","og_site_name":"MEYDAN.TV","article_published_time":"2022-05-31T14:32:25+00:00","article_modified_time":"2022-05-31T14:32:26+00:00","og_image":[{"width":2560,"height":1920,"url":"https:\/\/www.meydan.tv\/wp-content\/uploads\/image-from-ios-186-scaled.jpg","type":"image\/jpeg"}],"author":"aleks","twitter_card":"summary_large_image","schema":{"@context":"https:\/\/schema.org","@graph":[{"@type":"Article","@id":"https:\/\/www.meydan.tv\/az\/article\/iki-kino-ittifaqinin-birlesdirilmesi-teklif-olunur\/#article","isPartOf":{"@id":"https:\/\/www.meydan.tv\/az\/article\/iki-kino-ittifaqinin-birlesdirilmesi-teklif-olunur\/"},"author":{"name":"aleks","@id":"https:\/\/www.meydan.tv\/az\/#\/schema\/person\/476e9360e593fa131d5d71d51866f8da"},"headline":"\u0130ki kino ittifaq\u0131n\u0131n birl\u0259\u015fdirilm\u0259si t\u0259klif olunur","datePublished":"2022-05-31T14:32:25+00:00","dateModified":"2022-05-31T14:32:26+00:00","mainEntityOfPage":{"@id":"https:\/\/www.meydan.tv\/az\/article\/iki-kino-ittifaqinin-birlesdirilmesi-teklif-olunur\/"},"wordCount":363,"publisher":{"@id":"https:\/\/www.meydan.tv\/az\/#organization"},"image":{"@id":"https:\/\/www.meydan.tv\/az\/article\/iki-kino-ittifaqinin-birlesdirilmesi-teklif-olunur\/#primaryimage"},"thumbnailUrl":"https:\/\/www.meydan.tv\/wp-content\/uploads\/image-from-ios-186-scaled.jpg","articleSection":["M\u0259d\u0259niyy\u0259t","X\u0259b\u0259rl\u0259r"],"inLanguage":"az"},{"@type":"WebPage","@id":"https:\/\/www.meydan.tv\/az\/article\/iki-kino-ittifaqinin-birlesdirilmesi-teklif-olunur\/","url":"https:\/\/www.meydan.tv\/az\/article\/iki-kino-ittifaqinin-birlesdirilmesi-teklif-olunur\/","name":"\u0130ki kino ittifaq\u0131n\u0131n birl\u0259\u015fdirilm\u0259si t\u0259klif olunur - MEYDAN.TV","isPartOf":{"@id":"https:\/\/www.meydan.tv\/az\/#website"},"primaryImageOfPage":{"@id":"https:\/\/www.meydan.tv\/az\/article\/iki-kino-ittifaqinin-birlesdirilmesi-teklif-olunur\/#primaryimage"},"image":{"@id":"https:\/\/www.meydan.tv\/az\/article\/iki-kino-ittifaqinin-birlesdirilmesi-teklif-olunur\/#primaryimage"},"thumbnailUrl":"https:\/\/www.meydan.tv\/wp-content\/uploads\/image-from-ios-186-scaled.jpg","datePublished":"2022-05-31T14:32:25+00:00","dateModified":"2022-05-31T14:32:26+00:00","breadcrumb":{"@id":"https:\/\/www.meydan.tv\/az\/article\/iki-kino-ittifaqinin-birlesdirilmesi-teklif-olunur\/#breadcrumb"},"inLanguage":"az","potentialAction":[{"@type":"ReadAction","target":["https:\/\/www.meydan.tv\/az\/article\/iki-kino-ittifaqinin-birlesdirilmesi-teklif-olunur\/"]}]},{"@type":"ImageObject","inLanguage":"az","@id":"https:\/\/www.meydan.tv\/az\/article\/iki-kino-ittifaqinin-birlesdirilmesi-teklif-olunur\/#primaryimage","url":"https:\/\/www.meydan.tv\/wp-content\/uploads\/image-from-ios-186-scaled.jpg","contentUrl":"https:\/\/www.meydan.tv\/wp-content\/uploads\/image-from-ios-186-scaled.jpg","width":2560,"height":1920},{"@type":"BreadcrumbList","@id":"https:\/\/www.meydan.tv\/az\/article\/iki-kino-ittifaqinin-birlesdirilmesi-teklif-olunur\/#breadcrumb","itemListElement":[{"@type":"ListItem","position":1,"name":"Ana s\u0259hif\u0259","item":"https:\/\/www.meydan.tv\/az\/"},{"@type":"ListItem","position":2,"name":"M\u0259d\u0259niyy\u0259t","item":"https:\/\/www.meydan.tv\/az\/section\/medeniyyet\/"},{"@type":"ListItem","position":3,"name":"\u0130ki kino ittifaq\u0131n\u0131n birl\u0259\u015fdirilm\u0259si t\u0259klif olunur"}]},{"@type":"WebSite","@id":"https:\/\/www.meydan.tv\/az\/#website","url":"https:\/\/www.meydan.tv\/az\/","name":"MEYDAN.TV","description":"Meydan TV Az\u0259rbaycan\u0131n media m\u0259kan\u0131ndak\u0131 alternativ s\u0259sidir","publisher":{"@id":"https:\/\/www.meydan.tv\/az\/#organization"},"potentialAction":[{"@type":"SearchAction","target":{"@type":"EntryPoint","urlTemplate":"https:\/\/www.meydan.tv\/az\/?s={search_term_string}"},"query-input":{"@type":"PropertyValueSpecification","valueRequired":true,"valueName":"search_term_string"}}],"inLanguage":"az"},{"@type":"Organization","@id":"https:\/\/www.meydan.tv\/az\/#organization","name":"Meydan TV","url":"https:\/\/www.meydan.tv\/az\/","logo":{"@type":"ImageObject","inLanguage":"az","@id":"https:\/\/www.meydan.tv\/az\/#\/schema\/logo\/image\/","url":"https:\/\/www.meydan.tv\/wp-content\/uploads\/2021\/07\/meydan-logo.svg","contentUrl":"https:\/\/www.meydan.tv\/wp-content\/uploads\/2021\/07\/meydan-logo.svg","width":195,"height":46,"caption":"Meydan TV"},"image":{"@id":"https:\/\/www.meydan.tv\/az\/#\/schema\/logo\/image\/"}},{"@type":"Person","@id":"https:\/\/www.meydan.tv\/az\/#\/schema\/person\/476e9360e593fa131d5d71d51866f8da","name":"aleks"}]}},"_links":{"self":[{"href":"https:\/\/www.meydan.tv\/az\/wp-json\/wp\/v2\/posts\/247024","targetHints":{"allow":["GET"]}}],"collection":[{"href":"https:\/\/www.meydan.tv\/az\/wp-json\/wp\/v2\/posts"}],"about":[{"href":"https:\/\/www.meydan.tv\/az\/wp-json\/wp\/v2\/types\/post"}],"author":[{"embeddable":true,"href":"https:\/\/www.meydan.tv\/az\/wp-json\/wp\/v2\/users\/12"}],"replies":[{"embeddable":true,"href":"https:\/\/www.meydan.tv\/az\/wp-json\/wp\/v2\/comments?post=247024"}],"version-history":[{"count":1,"href":"https:\/\/www.meydan.tv\/az\/wp-json\/wp\/v2\/posts\/247024\/revisions"}],"predecessor-version":[{"id":247028,"href":"https:\/\/www.meydan.tv\/az\/wp-json\/wp\/v2\/posts\/247024\/revisions\/247028"}],"wp:featuredmedia":[{"embeddable":true,"href":"https:\/\/www.meydan.tv\/az\/wp-json\/wp\/v2\/media\/247025"}],"wp:attachment":[{"href":"https:\/\/www.meydan.tv\/az\/wp-json\/wp\/v2\/media?parent=247024"}],"wp:term":[{"taxonomy":"category","embeddable":true,"href":"https:\/\/www.meydan.tv\/az\/wp-json\/wp\/v2\/categories?post=247024"},{"taxonomy":"post_tag","embeddable":true,"href":"https:\/\/www.meydan.tv\/az\/wp-json\/wp\/v2\/tags?post=247024"}],"curies":[{"name":"wp","href":"https:\/\/api.w.org\/{rel}","templated":true}]}}