{"id":247022,"date":"2022-05-31T18:27:56","date_gmt":"2022-05-31T14:27:56","guid":{"rendered":"https:\/\/www.meydan.tv\/?p=247022"},"modified":"2022-05-31T18:27:58","modified_gmt":"2022-05-31T14:27:58","slug":"xalq-artisti-kinoya-ayrilan-pullar-artirilmalidir","status":"publish","type":"post","link":"https:\/\/www.meydan.tv\/az\/article\/xalq-artisti-kinoya-ayrilan-pullar-artirilmalidir\/","title":{"rendered":"Xalq artisti: &#8220;Kinoya ayr\u0131lan pullar art\u0131r\u0131lmal\u0131d\u0131r&#8221;"},"content":{"rendered":"\n<p><\/p>\n\n\n\n<p><em>Deputat: &#8220;5-6 milyon manata ancaq cizgi filmi \u00e7\u0259km\u0259k olar&#8221;<\/em><\/p>\n\n\n\n<p>\u201cHaz\u0131rda inflyasiya prosesi gedir. Ona g\u00f6r\u0259 d\u0259 kinoya ayr\u0131lan v\u0259saiti art\u0131rmaq laz\u0131md\u0131r\u201d.<\/p>\n\n\n\n<p>Bunu jurnalistl\u0259r\u0259 Xalq artitsi, Az\u0259rbaycan Kinematoqraf\u00e7\u0131lar \u0130ttifaq\u0131n\u0131n (AK\u0130) yeni s\u0259dri Rasim Balayev Hesablama Palatas\u0131n\u0131n s\u0259dri V\u00fcqar G\u00fclm\u0259mm\u0259dovun kino sah\u0259sin\u0259 d\u00f6vl\u0259t b\u00fcdc\u0259sind\u0259n ayr\u0131lan v\u0259saitin azald\u0131lmas\u0131 il\u0259 ba\u011fl\u0131 t\u0259klifin\u0259 m\u00fcnasib\u0259t bildir\u0259rk\u0259n deyib.<\/p>\n\n\n\n<p>May\u0131n 25-da \u201cAz\u0259rbaycan Respublikas\u0131n\u0131n 2021-ci il d\u00f6vl\u0259t b\u00fcdc\u0259sinin icras\u0131 haqq\u0131nda\u201d qanun layih\u0259sinin m\u00fczakir\u0259si zaman\u0131 \u0130qtisadi siyas\u0259t, s\u0259naye v\u0259 sahibkarl\u0131q komit\u0259sinin \u00fczv\u00fc R\u00fcf\u0259t Quliyev Az\u0259rbaycan kinosuna ayr\u0131lan 5-6 milyon manat v\u0259saitin az oldu\u011funu deyib.<\/p>\n\n\n\n<p>O bildirib ki, b\u00fcdc\u0259d\u0259n ayr\u0131lan 5-6 milyon manata ancaq cizgi filmi \u00e7\u0259km\u0259k olar.<\/p>\n\n\n\n<p>Deputat kinoya ayr\u0131lan v\u0259saitin art\u0131r\u0131lmas\u0131n\u0131 t\u0259klif edib.<\/p>\n\n\n\n<p>Hesablama Palatas\u0131n\u0131n s\u0259dri V\u00fcqar G\u00fclm\u0259mm\u0259dov is\u0259 kinoya ayr\u0131lan v\u0259saitin yar\u0131bayar\u0131 azald\u0131lmas\u0131 t\u0259klifi il\u0259 \u00e7\u0131x\u0131\u015f edib.<\/p>\n\n\n\n<p>Rasim Balayev bu t\u0259klifl\u0259 raz\u0131la\u015fm\u0131r. \u018fksin\u0259, hesab edir ki, keyfiyy\u0259tli film \u00e7\u0259km\u0259k \u00fc\u00e7\u00fcn y\u00fcks\u0259k m\u0259bl\u0259\u011fd\u0259 v\u0259sait ayr\u0131lmal\u0131d\u0131r: &#8220;Amma \u00f6nc\u0259 yeyinti hallar\u0131n\u0131n qar\u015f\u0131s\u0131 al\u0131nmal\u0131d\u0131r. Kinoya ayr\u0131lan pullar ayr\u0131-ayr\u0131 adamlar t\u0259r\u0259find\u0259n o\u011furlan\u0131b, yeyilib. Bunun qar\u015f\u0131s\u0131n\u0131 almaq laz\u0131md\u0131r. M\u0259n h\u0259tta hans\u0131 filmin \u00e7\u0259kili\u015find\u0259n \u0259vv\u0259lc\u0259d\u0259n n\u0259 q\u0259d\u0259r pul g\u00f6t\u00fcrd\u00fckl\u0259rini bel\u0259 bilir\u0259m&#8221;.<\/p>\n\n\n\n<p>&#8220;Hesab edir\u0259m ki, bu, h\u00fcquq-m\u00fchafiz\u0259 orqanlar\u0131n\u0131n i\u015fidir. Filmin \u00e7\u0259kili\u015fin\u0259 bir milyon manat burax\u0131l\u0131r. Onun da 100-200 minini h\u0259zm-rabed\u0259n ke\u00e7iriril\u0259r. M\u0259d\u0259niyy\u0259t Nazirliyind\u0259 3-4 n\u0259f\u0259rdirl\u0259r\u201d, &#8211; dey\u0259 o bildirib.<\/p>\n\n\n\n<p>2021-ci ilin iyunun 8-d\u0259 Maliyy\u0259 naziri Samir \u015e\u0259rifov Milli M\u0259clisd\u0259 \u00e7\u0131x\u0131\u015f\u0131 zaman\u0131 bildirmi\u015fdi ki, M\u0259d\u0259niyy\u0259t Nazirliyin\u0259 kino \u00e7\u0259kili\u015fl\u0259ri \u00fc\u00e7\u00fcn kifay\u0259t q\u0259d\u0259r v\u0259sait ayr\u0131lsa da, ortada keyfiyy\u0259tli filml\u0259r yoxdur.<\/p>\n\n\n\n<p>\u018flav\u0259 etmi\u015fdi ki, M\u0259d\u0259niyy\u0259t Nazirliyi bir ne\u00e7\u0259 d\u0259f\u0259 \u201cAz\u0259rbaycan Kinematoqafiyas\u0131n\u0131n \u0130nki\u015faf Konsepsiyas\u0131\u201dn\u0131 Maliyy\u0259 Nazirliyin\u0259 t\u0259qdim edib. Lakin Maliyy\u0259 Nazirliyi konsepsiyan\u0131 q\u0259bul <a href=\"https:\/\/d9mc3ts4czbpr.cloudfront.net\/az\/article\/niye-cekilen-filmlerin-budcesi-aciqlanmir\/\" target=\"_blank\" rel=\"noreferrer noopener\">etm\u0259yib<\/a>.<\/p>\n\n\n\n<p>2020-ci ilin may\u0131nda D\u00f6vl\u0259t T\u0259hl\u00fck\u0259sizlik Xidm\u0259tinin \u0259m\u0259kda\u015flar\u0131n\u0131n M\u0259d\u0259niyy\u0259t Nazirliyind\u0259 ke\u00e7irdiyi \u0259m\u0259liyyat zaman\u0131 ciddi yeyinti hallar\u0131 a\u015fkarlan\u0131b.<\/p>\n\n\n\n<p>M\u0259d\u0259ni \u0130rsin Qorunmas\u0131, \u0130nki\u015faf\u0131 v\u0259 B\u0259rpas\u0131 \u00fczr\u0259 D\u00f6vl\u0259t Xidm\u0259tinin ke\u00e7mi\u015f r\u0259isi Zakir Sultanov v\u0259 m\u00fcavini Rafiq Bayramov tarixi-m\u0259d\u0259niyy\u0259t abid\u0259l\u0259rinin, binalar\u0131n (muzeyl\u0259r v\u0259 s.) t\u0259mir-b\u0259rpas\u0131 zaman\u0131 milyonlarla v\u0259saitin m\u0259nims\u0259nilm\u0259sind\u0259 ittiham olunaraq h\u0259bs <a href=\"https:\/\/www.meydan.tv\/az\/article\/milyonlarla-vesaiti-menimsemekde-ittiham-olunan-nazir-muavininin-cezasi-yariya-qeder-azaldildi\/\" target=\"_blank\" rel=\"noreferrer noopener\">edilib<\/a>.<\/p>\n\n\n\n<p>2020-ci ild\u0259 d\u0259 Hesablama Palatas\u0131 M\u0259d\u0259niyy\u0259t Nazirliyind\u0259 b\u00fcdc\u0259 v\u0259saitl\u0259rind\u0259n istifad\u0259nin v\u0259ziyy\u0259tini arar\u015fd\u0131rm\u0131\u015fd\u0131.<\/p>\n\n\n\n<p>Ara\u015fd\u0131rma 2017-2018-ci ill\u0259ri, y\u0259ni 01.01.2017-01.01.2019-cu il tarix\u0259d\u0259k olan d\u00f6vr \u00fc\u00e7\u00fcn apar\u0131lm\u0131\u015f, 2019-cu ilin iyun-avqust aylar\u0131nda apar\u0131lan ara\u015fd\u0131rma n\u0259tic\u0259sind\u0259, \u00e7oxsayl\u0131 pozuntular a\u015fkar edilmi\u015fdi.<\/p>\n\n\n\n<p>Bel\u0259 ki, Nazirl\u0259r Kabinetinin 11.05.2004-c\u00fc il tarixli 65 n\u00f6mr\u0259li Q\u0259rar\u0131 il\u0259 t\u0259sdiq edilmi\u015f \u201cD\u00f6vl\u0259t sifari\u015fi il\u0259 istehsal edil\u0259n kinofilml\u0259rin yarad\u0131c\u0131lar\u0131na \u00f6d\u0259nil\u0259n m\u00fc\u0259llif qonorarlar\u0131n\u0131n v\u0259 sair \u00f6d\u0259nil\u0259n haqlar\u0131n miqdar\u0131 v\u0259 verilm\u0259si Qaydalar\u0131\u201dn\u0131n t\u0259l\u0259bl\u0259ri g\u00f6zl\u0259nilm\u0259y\u0259r\u0259k, m\u00fcxt\u0259lif filml\u0259rin yarad\u0131c\u0131 qrupunun qonorarlar\u0131n\u0131n m\u0259bl\u0259\u011fi 1,3-5,3 d\u0259f\u0259 \u00e7ox olub.<\/p>\n\n\n\n<p>Bundan ba\u015fqa, kinostudiya t\u0259r\u0259find\u0259n 2017-ci ild\u0259 2760,0 manat, 2018-ci ild\u0259 14580,0 manat, \u00fcmumilikd\u0259 17340,0 manat m\u0259bl\u0259\u011find\u0259 m\u0259nf\u0259\u0259t vergisi az \u00f6d\u0259nilib.<\/p>\n\n\n\n<p><\/p>\n\n\n\n<p><\/p>\n","protected":false},"excerpt":{"rendered":"<p>Deputat: &#8220;5-6 milyon manata ancaq cizgi filmi \u00e7\u0259km\u0259k olar&#8221; \u201cHaz\u0131rda &#8230; <\/p>\n<p class=\"read-more-container\"><a title=\"Xalq artisti: &#8220;Kinoya ayr\u0131lan pullar art\u0131r\u0131lmal\u0131d\u0131r&#8221;\" class=\"read-more button\" href=\"https:\/\/www.meydan.tv\/az\/article\/xalq-artisti-kinoya-ayrilan-pullar-artirilmalidir\/#more-247022\" aria-label=\"Read more about Xalq artisti: &#8220;Kinoya ayr\u0131lan pullar art\u0131r\u0131lmal\u0131d\u0131r&#8221;\">Davam\u0131<\/a><\/p>\n","protected":false},"author":8,"featured_media":247019,"comment_status":"closed","ping_status":"closed","sticky":false,"template":"","format":"standard","meta":{"_acf_changed":false,"_sitemap_exclude":false,"_sitemap_priority":"","_sitemap_frequency":"","footnotes":""},"categories":[52,56],"tags":[],"class_list":["post-247022","post","type-post","status-publish","format-standard","has-post-thumbnail","hentry","category-medeniyyet","category-xeberler","infinite-scroll-item","generate-columns","tablet-grid-50","mobile-grid-100","grid-parent","grid-33","no-featured-image-padding"],"acf":[],"yoast_head":"<!-- This site is optimized with the Yoast SEO plugin v27.5 - https:\/\/yoast.com\/product\/yoast-seo-wordpress\/ -->\n<title>Xalq artisti: &quot;Kinoya ayr\u0131lan pullar art\u0131r\u0131lmal\u0131d\u0131r&quot; - MEYDAN.TV<\/title>\n<meta name=\"robots\" content=\"index, follow, max-snippet:-1, max-image-preview:large, max-video-preview:-1\" \/>\n<link rel=\"canonical\" href=\"https:\/\/www.meydan.tv\/az\/article\/xalq-artisti-kinoya-ayrilan-pullar-artirilmalidir\/\" \/>\n<meta property=\"og:locale\" content=\"az_AZ\" \/>\n<meta property=\"og:type\" content=\"article\" \/>\n<meta property=\"og:title\" content=\"Xalq artisti: &quot;Kinoya ayr\u0131lan pullar art\u0131r\u0131lmal\u0131d\u0131r&quot; - MEYDAN.TV\" \/>\n<meta property=\"og:description\" content=\"Deputat: &#8220;5-6 milyon manata ancaq cizgi filmi \u00e7\u0259km\u0259k olar&#8221; \u201cHaz\u0131rda ... Davam\u0131\" \/>\n<meta property=\"og:url\" content=\"https:\/\/www.meydan.tv\/az\/article\/xalq-artisti-kinoya-ayrilan-pullar-artirilmalidir\/\" \/>\n<meta property=\"og:site_name\" content=\"MEYDAN.TV\" \/>\n<meta property=\"article:published_time\" content=\"2022-05-31T14:27:56+00:00\" \/>\n<meta property=\"article:modified_time\" content=\"2022-05-31T14:27:58+00:00\" \/>\n<meta property=\"og:image\" content=\"https:\/\/www.meydan.tv\/wp-content\/uploads\/282050319_5320744811318390_6054676597976304467_n.jpg\" \/>\n\t<meta property=\"og:image:width\" content=\"1440\" \/>\n\t<meta property=\"og:image:height\" content=\"1080\" \/>\n\t<meta property=\"og:image:type\" content=\"image\/jpeg\" \/>\n<meta name=\"author\" content=\"elli\" \/>\n<meta name=\"twitter:card\" content=\"summary_large_image\" \/>\n<meta name=\"twitter:creator\" content=\"@elli\" \/>\n<script type=\"application\/ld+json\" class=\"yoast-schema-graph\">{\"@context\":\"https:\\\/\\\/schema.org\",\"@graph\":[{\"@type\":\"Article\",\"@id\":\"https:\\\/\\\/www.meydan.tv\\\/az\\\/article\\\/xalq-artisti-kinoya-ayrilan-pullar-artirilmalidir\\\/#article\",\"isPartOf\":{\"@id\":\"https:\\\/\\\/www.meydan.tv\\\/az\\\/article\\\/xalq-artisti-kinoya-ayrilan-pullar-artirilmalidir\\\/\"},\"author\":{\"name\":\"elli\",\"@id\":\"https:\\\/\\\/www.meydan.tv\\\/az\\\/#\\\/schema\\\/person\\\/9cdbecf90d17180ce1dfbd95b08dcf47\"},\"headline\":\"Xalq artisti: &#8220;Kinoya ayr\u0131lan pullar art\u0131r\u0131lmal\u0131d\u0131r&#8221;\",\"datePublished\":\"2022-05-31T14:27:56+00:00\",\"dateModified\":\"2022-05-31T14:27:58+00:00\",\"mainEntityOfPage\":{\"@id\":\"https:\\\/\\\/www.meydan.tv\\\/az\\\/article\\\/xalq-artisti-kinoya-ayrilan-pullar-artirilmalidir\\\/\"},\"wordCount\":690,\"publisher\":{\"@id\":\"https:\\\/\\\/www.meydan.tv\\\/az\\\/#organization\"},\"image\":{\"@id\":\"https:\\\/\\\/www.meydan.tv\\\/az\\\/article\\\/xalq-artisti-kinoya-ayrilan-pullar-artirilmalidir\\\/#primaryimage\"},\"thumbnailUrl\":\"https:\\\/\\\/www.meydan.tv\\\/wp-content\\\/uploads\\\/282050319_5320744811318390_6054676597976304467_n.jpg\",\"articleSection\":[\"M\u0259d\u0259niyy\u0259t\",\"X\u0259b\u0259rl\u0259r\"],\"inLanguage\":\"az\"},{\"@type\":\"WebPage\",\"@id\":\"https:\\\/\\\/www.meydan.tv\\\/az\\\/article\\\/xalq-artisti-kinoya-ayrilan-pullar-artirilmalidir\\\/\",\"url\":\"https:\\\/\\\/www.meydan.tv\\\/az\\\/article\\\/xalq-artisti-kinoya-ayrilan-pullar-artirilmalidir\\\/\",\"name\":\"Xalq artisti: \\\"Kinoya ayr\u0131lan pullar art\u0131r\u0131lmal\u0131d\u0131r\\\" - MEYDAN.TV\",\"isPartOf\":{\"@id\":\"https:\\\/\\\/www.meydan.tv\\\/az\\\/#website\"},\"primaryImageOfPage\":{\"@id\":\"https:\\\/\\\/www.meydan.tv\\\/az\\\/article\\\/xalq-artisti-kinoya-ayrilan-pullar-artirilmalidir\\\/#primaryimage\"},\"image\":{\"@id\":\"https:\\\/\\\/www.meydan.tv\\\/az\\\/article\\\/xalq-artisti-kinoya-ayrilan-pullar-artirilmalidir\\\/#primaryimage\"},\"thumbnailUrl\":\"https:\\\/\\\/www.meydan.tv\\\/wp-content\\\/uploads\\\/282050319_5320744811318390_6054676597976304467_n.jpg\",\"datePublished\":\"2022-05-31T14:27:56+00:00\",\"dateModified\":\"2022-05-31T14:27:58+00:00\",\"breadcrumb\":{\"@id\":\"https:\\\/\\\/www.meydan.tv\\\/az\\\/article\\\/xalq-artisti-kinoya-ayrilan-pullar-artirilmalidir\\\/#breadcrumb\"},\"inLanguage\":\"az\",\"potentialAction\":[{\"@type\":\"ReadAction\",\"target\":[\"https:\\\/\\\/www.meydan.tv\\\/az\\\/article\\\/xalq-artisti-kinoya-ayrilan-pullar-artirilmalidir\\\/\"]}]},{\"@type\":\"ImageObject\",\"inLanguage\":\"az\",\"@id\":\"https:\\\/\\\/www.meydan.tv\\\/az\\\/article\\\/xalq-artisti-kinoya-ayrilan-pullar-artirilmalidir\\\/#primaryimage\",\"url\":\"https:\\\/\\\/www.meydan.tv\\\/wp-content\\\/uploads\\\/282050319_5320744811318390_6054676597976304467_n.jpg\",\"contentUrl\":\"https:\\\/\\\/www.meydan.tv\\\/wp-content\\\/uploads\\\/282050319_5320744811318390_6054676597976304467_n.jpg\",\"width\":1440,\"height\":1080,\"caption\":\"M\u0259nb\u0259: AK\u0130\"},{\"@type\":\"BreadcrumbList\",\"@id\":\"https:\\\/\\\/www.meydan.tv\\\/az\\\/article\\\/xalq-artisti-kinoya-ayrilan-pullar-artirilmalidir\\\/#breadcrumb\",\"itemListElement\":[{\"@type\":\"ListItem\",\"position\":1,\"name\":\"Ana s\u0259hif\u0259\",\"item\":\"https:\\\/\\\/www.meydan.tv\\\/az\\\/\"},{\"@type\":\"ListItem\",\"position\":2,\"name\":\"M\u0259d\u0259niyy\u0259t\",\"item\":\"https:\\\/\\\/www.meydan.tv\\\/az\\\/section\\\/medeniyyet\\\/\"},{\"@type\":\"ListItem\",\"position\":3,\"name\":\"Xalq artisti: &#8220;Kinoya ayr\u0131lan pullar art\u0131r\u0131lmal\u0131d\u0131r&#8221;\"}]},{\"@type\":\"WebSite\",\"@id\":\"https:\\\/\\\/www.meydan.tv\\\/az\\\/#website\",\"url\":\"https:\\\/\\\/www.meydan.tv\\\/az\\\/\",\"name\":\"MEYDAN.TV\",\"description\":\"Meydan TV Az\u0259rbaycan\u0131n media m\u0259kan\u0131ndak\u0131 alternativ s\u0259sidir\",\"publisher\":{\"@id\":\"https:\\\/\\\/www.meydan.tv\\\/az\\\/#organization\"},\"potentialAction\":[{\"@type\":\"SearchAction\",\"target\":{\"@type\":\"EntryPoint\",\"urlTemplate\":\"https:\\\/\\\/www.meydan.tv\\\/az\\\/?s={search_term_string}\"},\"query-input\":{\"@type\":\"PropertyValueSpecification\",\"valueRequired\":true,\"valueName\":\"search_term_string\"}}],\"inLanguage\":\"az\"},{\"@type\":\"Organization\",\"@id\":\"https:\\\/\\\/www.meydan.tv\\\/az\\\/#organization\",\"name\":\"Meydan TV\",\"url\":\"https:\\\/\\\/www.meydan.tv\\\/az\\\/\",\"logo\":{\"@type\":\"ImageObject\",\"inLanguage\":\"az\",\"@id\":\"https:\\\/\\\/www.meydan.tv\\\/az\\\/#\\\/schema\\\/logo\\\/image\\\/\",\"url\":\"https:\\\/\\\/www.meydan.tv\\\/wp-content\\\/uploads\\\/2021\\\/07\\\/meydan-logo.svg\",\"contentUrl\":\"https:\\\/\\\/www.meydan.tv\\\/wp-content\\\/uploads\\\/2021\\\/07\\\/meydan-logo.svg\",\"width\":195,\"height\":46,\"caption\":\"Meydan TV\"},\"image\":{\"@id\":\"https:\\\/\\\/www.meydan.tv\\\/az\\\/#\\\/schema\\\/logo\\\/image\\\/\"}},{\"@type\":\"Person\",\"@id\":\"https:\\\/\\\/www.meydan.tv\\\/az\\\/#\\\/schema\\\/person\\\/9cdbecf90d17180ce1dfbd95b08dcf47\",\"name\":\"elli\",\"sameAs\":[\"https:\\\/\\\/x.com\\\/elli\"]}]}<\/script>\n<!-- \/ Yoast SEO plugin. -->","yoast_head_json":{"title":"Xalq artisti: \"Kinoya ayr\u0131lan pullar art\u0131r\u0131lmal\u0131d\u0131r\" - MEYDAN.TV","robots":{"index":"index","follow":"follow","max-snippet":"max-snippet:-1","max-image-preview":"max-image-preview:large","max-video-preview":"max-video-preview:-1"},"canonical":"https:\/\/www.meydan.tv\/az\/article\/xalq-artisti-kinoya-ayrilan-pullar-artirilmalidir\/","og_locale":"az_AZ","og_type":"article","og_title":"Xalq artisti: \"Kinoya ayr\u0131lan pullar art\u0131r\u0131lmal\u0131d\u0131r\" - MEYDAN.TV","og_description":"Deputat: &#8220;5-6 milyon manata ancaq cizgi filmi \u00e7\u0259km\u0259k olar&#8221; \u201cHaz\u0131rda ... Davam\u0131","og_url":"https:\/\/www.meydan.tv\/az\/article\/xalq-artisti-kinoya-ayrilan-pullar-artirilmalidir\/","og_site_name":"MEYDAN.TV","article_published_time":"2022-05-31T14:27:56+00:00","article_modified_time":"2022-05-31T14:27:58+00:00","og_image":[{"width":1440,"height":1080,"url":"https:\/\/www.meydan.tv\/wp-content\/uploads\/282050319_5320744811318390_6054676597976304467_n.jpg","type":"image\/jpeg"}],"author":"elli","twitter_card":"summary_large_image","twitter_creator":"@elli","schema":{"@context":"https:\/\/schema.org","@graph":[{"@type":"Article","@id":"https:\/\/www.meydan.tv\/az\/article\/xalq-artisti-kinoya-ayrilan-pullar-artirilmalidir\/#article","isPartOf":{"@id":"https:\/\/www.meydan.tv\/az\/article\/xalq-artisti-kinoya-ayrilan-pullar-artirilmalidir\/"},"author":{"name":"elli","@id":"https:\/\/www.meydan.tv\/az\/#\/schema\/person\/9cdbecf90d17180ce1dfbd95b08dcf47"},"headline":"Xalq artisti: &#8220;Kinoya ayr\u0131lan pullar art\u0131r\u0131lmal\u0131d\u0131r&#8221;","datePublished":"2022-05-31T14:27:56+00:00","dateModified":"2022-05-31T14:27:58+00:00","mainEntityOfPage":{"@id":"https:\/\/www.meydan.tv\/az\/article\/xalq-artisti-kinoya-ayrilan-pullar-artirilmalidir\/"},"wordCount":690,"publisher":{"@id":"https:\/\/www.meydan.tv\/az\/#organization"},"image":{"@id":"https:\/\/www.meydan.tv\/az\/article\/xalq-artisti-kinoya-ayrilan-pullar-artirilmalidir\/#primaryimage"},"thumbnailUrl":"https:\/\/www.meydan.tv\/wp-content\/uploads\/282050319_5320744811318390_6054676597976304467_n.jpg","articleSection":["M\u0259d\u0259niyy\u0259t","X\u0259b\u0259rl\u0259r"],"inLanguage":"az"},{"@type":"WebPage","@id":"https:\/\/www.meydan.tv\/az\/article\/xalq-artisti-kinoya-ayrilan-pullar-artirilmalidir\/","url":"https:\/\/www.meydan.tv\/az\/article\/xalq-artisti-kinoya-ayrilan-pullar-artirilmalidir\/","name":"Xalq artisti: \"Kinoya ayr\u0131lan pullar art\u0131r\u0131lmal\u0131d\u0131r\" - MEYDAN.TV","isPartOf":{"@id":"https:\/\/www.meydan.tv\/az\/#website"},"primaryImageOfPage":{"@id":"https:\/\/www.meydan.tv\/az\/article\/xalq-artisti-kinoya-ayrilan-pullar-artirilmalidir\/#primaryimage"},"image":{"@id":"https:\/\/www.meydan.tv\/az\/article\/xalq-artisti-kinoya-ayrilan-pullar-artirilmalidir\/#primaryimage"},"thumbnailUrl":"https:\/\/www.meydan.tv\/wp-content\/uploads\/282050319_5320744811318390_6054676597976304467_n.jpg","datePublished":"2022-05-31T14:27:56+00:00","dateModified":"2022-05-31T14:27:58+00:00","breadcrumb":{"@id":"https:\/\/www.meydan.tv\/az\/article\/xalq-artisti-kinoya-ayrilan-pullar-artirilmalidir\/#breadcrumb"},"inLanguage":"az","potentialAction":[{"@type":"ReadAction","target":["https:\/\/www.meydan.tv\/az\/article\/xalq-artisti-kinoya-ayrilan-pullar-artirilmalidir\/"]}]},{"@type":"ImageObject","inLanguage":"az","@id":"https:\/\/www.meydan.tv\/az\/article\/xalq-artisti-kinoya-ayrilan-pullar-artirilmalidir\/#primaryimage","url":"https:\/\/www.meydan.tv\/wp-content\/uploads\/282050319_5320744811318390_6054676597976304467_n.jpg","contentUrl":"https:\/\/www.meydan.tv\/wp-content\/uploads\/282050319_5320744811318390_6054676597976304467_n.jpg","width":1440,"height":1080,"caption":"M\u0259nb\u0259: AK\u0130"},{"@type":"BreadcrumbList","@id":"https:\/\/www.meydan.tv\/az\/article\/xalq-artisti-kinoya-ayrilan-pullar-artirilmalidir\/#breadcrumb","itemListElement":[{"@type":"ListItem","position":1,"name":"Ana s\u0259hif\u0259","item":"https:\/\/www.meydan.tv\/az\/"},{"@type":"ListItem","position":2,"name":"M\u0259d\u0259niyy\u0259t","item":"https:\/\/www.meydan.tv\/az\/section\/medeniyyet\/"},{"@type":"ListItem","position":3,"name":"Xalq artisti: &#8220;Kinoya ayr\u0131lan pullar art\u0131r\u0131lmal\u0131d\u0131r&#8221;"}]},{"@type":"WebSite","@id":"https:\/\/www.meydan.tv\/az\/#website","url":"https:\/\/www.meydan.tv\/az\/","name":"MEYDAN.TV","description":"Meydan TV Az\u0259rbaycan\u0131n media m\u0259kan\u0131ndak\u0131 alternativ s\u0259sidir","publisher":{"@id":"https:\/\/www.meydan.tv\/az\/#organization"},"potentialAction":[{"@type":"SearchAction","target":{"@type":"EntryPoint","urlTemplate":"https:\/\/www.meydan.tv\/az\/?s={search_term_string}"},"query-input":{"@type":"PropertyValueSpecification","valueRequired":true,"valueName":"search_term_string"}}],"inLanguage":"az"},{"@type":"Organization","@id":"https:\/\/www.meydan.tv\/az\/#organization","name":"Meydan TV","url":"https:\/\/www.meydan.tv\/az\/","logo":{"@type":"ImageObject","inLanguage":"az","@id":"https:\/\/www.meydan.tv\/az\/#\/schema\/logo\/image\/","url":"https:\/\/www.meydan.tv\/wp-content\/uploads\/2021\/07\/meydan-logo.svg","contentUrl":"https:\/\/www.meydan.tv\/wp-content\/uploads\/2021\/07\/meydan-logo.svg","width":195,"height":46,"caption":"Meydan TV"},"image":{"@id":"https:\/\/www.meydan.tv\/az\/#\/schema\/logo\/image\/"}},{"@type":"Person","@id":"https:\/\/www.meydan.tv\/az\/#\/schema\/person\/9cdbecf90d17180ce1dfbd95b08dcf47","name":"elli","sameAs":["https:\/\/x.com\/elli"]}]}},"_links":{"self":[{"href":"https:\/\/www.meydan.tv\/az\/wp-json\/wp\/v2\/posts\/247022","targetHints":{"allow":["GET"]}}],"collection":[{"href":"https:\/\/www.meydan.tv\/az\/wp-json\/wp\/v2\/posts"}],"about":[{"href":"https:\/\/www.meydan.tv\/az\/wp-json\/wp\/v2\/types\/post"}],"author":[{"embeddable":true,"href":"https:\/\/www.meydan.tv\/az\/wp-json\/wp\/v2\/users\/8"}],"replies":[{"embeddable":true,"href":"https:\/\/www.meydan.tv\/az\/wp-json\/wp\/v2\/comments?post=247022"}],"version-history":[{"count":1,"href":"https:\/\/www.meydan.tv\/az\/wp-json\/wp\/v2\/posts\/247022\/revisions"}],"predecessor-version":[{"id":247023,"href":"https:\/\/www.meydan.tv\/az\/wp-json\/wp\/v2\/posts\/247022\/revisions\/247023"}],"wp:featuredmedia":[{"embeddable":true,"href":"https:\/\/www.meydan.tv\/az\/wp-json\/wp\/v2\/media\/247019"}],"wp:attachment":[{"href":"https:\/\/www.meydan.tv\/az\/wp-json\/wp\/v2\/media?parent=247022"}],"wp:term":[{"taxonomy":"category","embeddable":true,"href":"https:\/\/www.meydan.tv\/az\/wp-json\/wp\/v2\/categories?post=247022"},{"taxonomy":"post_tag","embeddable":true,"href":"https:\/\/www.meydan.tv\/az\/wp-json\/wp\/v2\/tags?post=247022"}],"curies":[{"name":"wp","href":"https:\/\/api.w.org\/{rel}","templated":true}]}}