{"id":246978,"date":"2022-05-31T16:24:48","date_gmt":"2022-05-31T12:24:48","guid":{"rendered":"https:\/\/www.meydan.tv\/?p=246978"},"modified":"2022-05-31T16:24:50","modified_gmt":"2022-05-31T12:24:50","slug":"azerbaycanda-yeni-qanuna-gore-kim-jurnalist-ola-biler","status":"publish","type":"post","link":"https:\/\/www.meydan.tv\/az\/article\/azerbaycanda-yeni-qanuna-gore-kim-jurnalist-ola-biler\/","title":{"rendered":"Az\u0259rbaycanda yeni qanuna g\u00f6r\u0259, kim jurnalist ola bil\u0259r?"},"content":{"rendered":"\n<figure class=\"wp-block-embed is-type-video is-provider-youtube wp-block-embed-youtube wp-embed-aspect-16-9 wp-has-aspect-ratio\"><div class=\"wp-block-embed__wrapper\">\n<iframe title=\"Az\u0259rbaycanda yeni qanuna g\u00f6r\u0259, kim jurnalist ola bil\u0259r?\" width=\"1200\" height=\"675\" data-src=\"https:\/\/www.youtube.com\/embed\/dHNsVyq36Gc?feature=oembed\" frameborder=\"0\" allow=\"accelerometer; autoplay; clipboard-write; encrypted-media; gyroscope; picture-in-picture\" allowfullscreen src=\"data:image\/svg+xml;base64,PHN2ZyB3aWR0aD0iMSIgaGVpZ2h0PSIxIiB4bWxucz0iaHR0cDovL3d3dy53My5vcmcvMjAwMC9zdmciPjwvc3ZnPg==\" class=\"lazyload\" data-load-mode=\"1\"><\/iframe>\n<\/div><\/figure>\n\n\n\n<!--more-->\n\n\n\n<p>2021-ci il dekabr\u0131n 30-da Az\u0259rbaycanda media haqq\u0131nda yeni qanun q\u0259bul edilib. Bu, qanun layih\u0259sinin h\u0259l\u0259 Az\u0259rbaycan parlamentind\u0259 m\u00fczakir\u0259si m\u0259rh\u0259l\u0259sind\u0259 m\u00fcst\u0259qil jurnalistl\u0259rin yeni qanunun K\u0130V-in f\u0259aliyy\u0259tini k\u0259skin m\u0259hdudla\u015fd\u0131raca\u011f\u0131n\u0131 bildirm\u0259l\u0259ri v\u0259 etirazlar\u0131 fonunda ba\u015f verib. M\u00fcst\u0259qil jurnalistl\u0259r qanun layih\u0259sinin Milli M\u0259clisd\u0259 \u00fc\u00e7\u00fcnc\u00fc oxunu\u015funad\u0259k parlament binas\u0131 qar\u015f\u0131s\u0131nda qanunun m\u00f6vcud v\u0259ziyy\u0259td\u0259 q\u0259bul edilm\u0259m\u0259si t\u0259l\u0259bi il\u0259\u00a0<a href=\"https:\/\/www.meydan.tv\/ru\/article\/v-baku-zhurnalisty-proveli-akcziyu-protestuya-protiv-zakonoproekta-o-media\/\" target=\"_blank\" rel=\"noreferrer noopener\">etiraz aksiyas\u0131 ke\u00e7iribl\u0259r.<\/a>\u00a0Buna baxmayaraq, qanun dem\u0259k olar ki, h\u0259r hans\u0131 d\u0259yi\u015fiklik olmadan q\u0259bul edilib v\u0259 \u00f6lk\u0259 prezidenti t\u0259r\u0259find\u0259n bu il fevral\u0131n 8-d\u0259 t\u0259sdiq edilib. Bu yeni qanun jurnalistl\u0259rin qar\u015f\u0131s\u0131nda hans\u0131 m\u0259hdudiyy\u0259tl\u0259ri qoyur. Bunu animasiya videosunda izah edirik.<\/p>\n","protected":false},"excerpt":{"rendered":"","protected":false},"author":14,"featured_media":246979,"comment_status":"closed","ping_status":"closed","sticky":false,"template":"","format":"standard","meta":{"_acf_changed":false,"_sitemap_exclude":false,"_sitemap_priority":"","_sitemap_frequency":"","footnotes":""},"categories":[63],"tags":[],"class_list":["post-246978","post","type-post","status-publish","format-standard","has-post-thumbnail","hentry","category-video-2","infinite-scroll-item","generate-columns","tablet-grid-50","mobile-grid-100","grid-parent","grid-33","no-featured-image-padding"],"acf":[],"yoast_head":"<!-- This site is optimized with the Yoast SEO plugin v27.5 - https:\/\/yoast.com\/product\/yoast-seo-wordpress\/ -->\n<title>Az\u0259rbaycanda yeni qanuna g\u00f6r\u0259, kim jurnalist ola bil\u0259r? - MEYDAN.TV<\/title>\n<meta name=\"robots\" content=\"index, follow, max-snippet:-1, max-image-preview:large, max-video-preview:-1\" \/>\n<link rel=\"canonical\" href=\"https:\/\/www.meydan.tv\/az\/article\/azerbaycanda-yeni-qanuna-gore-kim-jurnalist-ola-biler\/\" \/>\n<meta property=\"og:locale\" content=\"az_AZ\" \/>\n<meta property=\"og:type\" content=\"article\" \/>\n<meta property=\"og:title\" content=\"Az\u0259rbaycanda yeni qanuna g\u00f6r\u0259, kim jurnalist ola bil\u0259r? - MEYDAN.TV\" \/>\n<meta property=\"og:url\" content=\"https:\/\/www.meydan.tv\/az\/article\/azerbaycanda-yeni-qanuna-gore-kim-jurnalist-ola-biler\/\" \/>\n<meta property=\"og:site_name\" content=\"MEYDAN.TV\" \/>\n<meta property=\"article:published_time\" content=\"2022-05-31T12:24:48+00:00\" \/>\n<meta property=\"article:modified_time\" content=\"2022-05-31T12:24:50+00:00\" \/>\n<meta property=\"og:image\" content=\"https:\/\/www.meydan.tv\/wp-content\/uploads\/screenshot-at-may-31-14-03-21.png\" \/>\n\t<meta property=\"og:image:width\" content=\"1198\" \/>\n\t<meta property=\"og:image:height\" content=\"666\" \/>\n\t<meta property=\"og:image:type\" content=\"image\/png\" \/>\n<meta name=\"author\" content=\"roma\" \/>\n<meta name=\"twitter:card\" content=\"summary_large_image\" \/>\n<script type=\"application\/ld+json\" class=\"yoast-schema-graph\">{\"@context\":\"https:\\\/\\\/schema.org\",\"@graph\":[{\"@type\":\"Article\",\"@id\":\"https:\\\/\\\/www.meydan.tv\\\/az\\\/article\\\/azerbaycanda-yeni-qanuna-gore-kim-jurnalist-ola-biler\\\/#article\",\"isPartOf\":{\"@id\":\"https:\\\/\\\/www.meydan.tv\\\/az\\\/article\\\/azerbaycanda-yeni-qanuna-gore-kim-jurnalist-ola-biler\\\/\"},\"author\":{\"name\":\"roma\",\"@id\":\"https:\\\/\\\/www.meydan.tv\\\/az\\\/#\\\/schema\\\/person\\\/8f23e01c4de63326c13c319fb65ee65d\"},\"headline\":\"Az\u0259rbaycanda yeni qanuna g\u00f6r\u0259, kim jurnalist ola bil\u0259r?\",\"datePublished\":\"2022-05-31T12:24:48+00:00\",\"dateModified\":\"2022-05-31T12:24:50+00:00\",\"mainEntityOfPage\":{\"@id\":\"https:\\\/\\\/www.meydan.tv\\\/az\\\/article\\\/azerbaycanda-yeni-qanuna-gore-kim-jurnalist-ola-biler\\\/\"},\"wordCount\":165,\"publisher\":{\"@id\":\"https:\\\/\\\/www.meydan.tv\\\/az\\\/#organization\"},\"image\":{\"@id\":\"https:\\\/\\\/www.meydan.tv\\\/az\\\/article\\\/azerbaycanda-yeni-qanuna-gore-kim-jurnalist-ola-biler\\\/#primaryimage\"},\"thumbnailUrl\":\"https:\\\/\\\/www.meydan.tv\\\/wp-content\\\/uploads\\\/screenshot-at-may-31-14-03-21.png\",\"articleSection\":[\"Video\"],\"inLanguage\":\"az\"},{\"@type\":\"WebPage\",\"@id\":\"https:\\\/\\\/www.meydan.tv\\\/az\\\/article\\\/azerbaycanda-yeni-qanuna-gore-kim-jurnalist-ola-biler\\\/\",\"url\":\"https:\\\/\\\/www.meydan.tv\\\/az\\\/article\\\/azerbaycanda-yeni-qanuna-gore-kim-jurnalist-ola-biler\\\/\",\"name\":\"Az\u0259rbaycanda yeni qanuna g\u00f6r\u0259, kim jurnalist ola bil\u0259r? - MEYDAN.TV\",\"isPartOf\":{\"@id\":\"https:\\\/\\\/www.meydan.tv\\\/az\\\/#website\"},\"primaryImageOfPage\":{\"@id\":\"https:\\\/\\\/www.meydan.tv\\\/az\\\/article\\\/azerbaycanda-yeni-qanuna-gore-kim-jurnalist-ola-biler\\\/#primaryimage\"},\"image\":{\"@id\":\"https:\\\/\\\/www.meydan.tv\\\/az\\\/article\\\/azerbaycanda-yeni-qanuna-gore-kim-jurnalist-ola-biler\\\/#primaryimage\"},\"thumbnailUrl\":\"https:\\\/\\\/www.meydan.tv\\\/wp-content\\\/uploads\\\/screenshot-at-may-31-14-03-21.png\",\"datePublished\":\"2022-05-31T12:24:48+00:00\",\"dateModified\":\"2022-05-31T12:24:50+00:00\",\"breadcrumb\":{\"@id\":\"https:\\\/\\\/www.meydan.tv\\\/az\\\/article\\\/azerbaycanda-yeni-qanuna-gore-kim-jurnalist-ola-biler\\\/#breadcrumb\"},\"inLanguage\":\"az\",\"potentialAction\":[{\"@type\":\"ReadAction\",\"target\":[\"https:\\\/\\\/www.meydan.tv\\\/az\\\/article\\\/azerbaycanda-yeni-qanuna-gore-kim-jurnalist-ola-biler\\\/\"]}]},{\"@type\":\"ImageObject\",\"inLanguage\":\"az\",\"@id\":\"https:\\\/\\\/www.meydan.tv\\\/az\\\/article\\\/azerbaycanda-yeni-qanuna-gore-kim-jurnalist-ola-biler\\\/#primaryimage\",\"url\":\"https:\\\/\\\/www.meydan.tv\\\/wp-content\\\/uploads\\\/screenshot-at-may-31-14-03-21.png\",\"contentUrl\":\"https:\\\/\\\/www.meydan.tv\\\/wp-content\\\/uploads\\\/screenshot-at-may-31-14-03-21.png\",\"width\":1198,\"height\":666},{\"@type\":\"BreadcrumbList\",\"@id\":\"https:\\\/\\\/www.meydan.tv\\\/az\\\/article\\\/azerbaycanda-yeni-qanuna-gore-kim-jurnalist-ola-biler\\\/#breadcrumb\",\"itemListElement\":[{\"@type\":\"ListItem\",\"position\":1,\"name\":\"Ana s\u0259hif\u0259\",\"item\":\"https:\\\/\\\/www.meydan.tv\\\/az\\\/\"},{\"@type\":\"ListItem\",\"position\":2,\"name\":\"Video\",\"item\":\"https:\\\/\\\/www.meydan.tv\\\/az\\\/section\\\/video-2\\\/\"},{\"@type\":\"ListItem\",\"position\":3,\"name\":\"Az\u0259rbaycanda yeni qanuna g\u00f6r\u0259, kim jurnalist ola bil\u0259r?\"}]},{\"@type\":\"WebSite\",\"@id\":\"https:\\\/\\\/www.meydan.tv\\\/az\\\/#website\",\"url\":\"https:\\\/\\\/www.meydan.tv\\\/az\\\/\",\"name\":\"MEYDAN.TV\",\"description\":\"Meydan TV Az\u0259rbaycan\u0131n media m\u0259kan\u0131ndak\u0131 alternativ s\u0259sidir\",\"publisher\":{\"@id\":\"https:\\\/\\\/www.meydan.tv\\\/az\\\/#organization\"},\"potentialAction\":[{\"@type\":\"SearchAction\",\"target\":{\"@type\":\"EntryPoint\",\"urlTemplate\":\"https:\\\/\\\/www.meydan.tv\\\/az\\\/?s={search_term_string}\"},\"query-input\":{\"@type\":\"PropertyValueSpecification\",\"valueRequired\":true,\"valueName\":\"search_term_string\"}}],\"inLanguage\":\"az\"},{\"@type\":\"Organization\",\"@id\":\"https:\\\/\\\/www.meydan.tv\\\/az\\\/#organization\",\"name\":\"Meydan TV\",\"url\":\"https:\\\/\\\/www.meydan.tv\\\/az\\\/\",\"logo\":{\"@type\":\"ImageObject\",\"inLanguage\":\"az\",\"@id\":\"https:\\\/\\\/www.meydan.tv\\\/az\\\/#\\\/schema\\\/logo\\\/image\\\/\",\"url\":\"https:\\\/\\\/www.meydan.tv\\\/wp-content\\\/uploads\\\/2021\\\/07\\\/meydan-logo.svg\",\"contentUrl\":\"https:\\\/\\\/www.meydan.tv\\\/wp-content\\\/uploads\\\/2021\\\/07\\\/meydan-logo.svg\",\"width\":195,\"height\":46,\"caption\":\"Meydan TV\"},\"image\":{\"@id\":\"https:\\\/\\\/www.meydan.tv\\\/az\\\/#\\\/schema\\\/logo\\\/image\\\/\"}},{\"@type\":\"Person\",\"@id\":\"https:\\\/\\\/www.meydan.tv\\\/az\\\/#\\\/schema\\\/person\\\/8f23e01c4de63326c13c319fb65ee65d\",\"name\":\"roma\"}]}<\/script>\n<!-- \/ Yoast SEO plugin. -->","yoast_head_json":{"title":"Az\u0259rbaycanda yeni qanuna g\u00f6r\u0259, kim jurnalist ola bil\u0259r? - MEYDAN.TV","robots":{"index":"index","follow":"follow","max-snippet":"max-snippet:-1","max-image-preview":"max-image-preview:large","max-video-preview":"max-video-preview:-1"},"canonical":"https:\/\/www.meydan.tv\/az\/article\/azerbaycanda-yeni-qanuna-gore-kim-jurnalist-ola-biler\/","og_locale":"az_AZ","og_type":"article","og_title":"Az\u0259rbaycanda yeni qanuna g\u00f6r\u0259, kim jurnalist ola bil\u0259r? - MEYDAN.TV","og_url":"https:\/\/www.meydan.tv\/az\/article\/azerbaycanda-yeni-qanuna-gore-kim-jurnalist-ola-biler\/","og_site_name":"MEYDAN.TV","article_published_time":"2022-05-31T12:24:48+00:00","article_modified_time":"2022-05-31T12:24:50+00:00","og_image":[{"width":1198,"height":666,"url":"https:\/\/www.meydan.tv\/wp-content\/uploads\/screenshot-at-may-31-14-03-21.png","type":"image\/png"}],"author":"roma","twitter_card":"summary_large_image","schema":{"@context":"https:\/\/schema.org","@graph":[{"@type":"Article","@id":"https:\/\/www.meydan.tv\/az\/article\/azerbaycanda-yeni-qanuna-gore-kim-jurnalist-ola-biler\/#article","isPartOf":{"@id":"https:\/\/www.meydan.tv\/az\/article\/azerbaycanda-yeni-qanuna-gore-kim-jurnalist-ola-biler\/"},"author":{"name":"roma","@id":"https:\/\/www.meydan.tv\/az\/#\/schema\/person\/8f23e01c4de63326c13c319fb65ee65d"},"headline":"Az\u0259rbaycanda yeni qanuna g\u00f6r\u0259, kim jurnalist ola bil\u0259r?","datePublished":"2022-05-31T12:24:48+00:00","dateModified":"2022-05-31T12:24:50+00:00","mainEntityOfPage":{"@id":"https:\/\/www.meydan.tv\/az\/article\/azerbaycanda-yeni-qanuna-gore-kim-jurnalist-ola-biler\/"},"wordCount":165,"publisher":{"@id":"https:\/\/www.meydan.tv\/az\/#organization"},"image":{"@id":"https:\/\/www.meydan.tv\/az\/article\/azerbaycanda-yeni-qanuna-gore-kim-jurnalist-ola-biler\/#primaryimage"},"thumbnailUrl":"https:\/\/www.meydan.tv\/wp-content\/uploads\/screenshot-at-may-31-14-03-21.png","articleSection":["Video"],"inLanguage":"az"},{"@type":"WebPage","@id":"https:\/\/www.meydan.tv\/az\/article\/azerbaycanda-yeni-qanuna-gore-kim-jurnalist-ola-biler\/","url":"https:\/\/www.meydan.tv\/az\/article\/azerbaycanda-yeni-qanuna-gore-kim-jurnalist-ola-biler\/","name":"Az\u0259rbaycanda yeni qanuna g\u00f6r\u0259, kim jurnalist ola bil\u0259r? - MEYDAN.TV","isPartOf":{"@id":"https:\/\/www.meydan.tv\/az\/#website"},"primaryImageOfPage":{"@id":"https:\/\/www.meydan.tv\/az\/article\/azerbaycanda-yeni-qanuna-gore-kim-jurnalist-ola-biler\/#primaryimage"},"image":{"@id":"https:\/\/www.meydan.tv\/az\/article\/azerbaycanda-yeni-qanuna-gore-kim-jurnalist-ola-biler\/#primaryimage"},"thumbnailUrl":"https:\/\/www.meydan.tv\/wp-content\/uploads\/screenshot-at-may-31-14-03-21.png","datePublished":"2022-05-31T12:24:48+00:00","dateModified":"2022-05-31T12:24:50+00:00","breadcrumb":{"@id":"https:\/\/www.meydan.tv\/az\/article\/azerbaycanda-yeni-qanuna-gore-kim-jurnalist-ola-biler\/#breadcrumb"},"inLanguage":"az","potentialAction":[{"@type":"ReadAction","target":["https:\/\/www.meydan.tv\/az\/article\/azerbaycanda-yeni-qanuna-gore-kim-jurnalist-ola-biler\/"]}]},{"@type":"ImageObject","inLanguage":"az","@id":"https:\/\/www.meydan.tv\/az\/article\/azerbaycanda-yeni-qanuna-gore-kim-jurnalist-ola-biler\/#primaryimage","url":"https:\/\/www.meydan.tv\/wp-content\/uploads\/screenshot-at-may-31-14-03-21.png","contentUrl":"https:\/\/www.meydan.tv\/wp-content\/uploads\/screenshot-at-may-31-14-03-21.png","width":1198,"height":666},{"@type":"BreadcrumbList","@id":"https:\/\/www.meydan.tv\/az\/article\/azerbaycanda-yeni-qanuna-gore-kim-jurnalist-ola-biler\/#breadcrumb","itemListElement":[{"@type":"ListItem","position":1,"name":"Ana s\u0259hif\u0259","item":"https:\/\/www.meydan.tv\/az\/"},{"@type":"ListItem","position":2,"name":"Video","item":"https:\/\/www.meydan.tv\/az\/section\/video-2\/"},{"@type":"ListItem","position":3,"name":"Az\u0259rbaycanda yeni qanuna g\u00f6r\u0259, kim jurnalist ola bil\u0259r?"}]},{"@type":"WebSite","@id":"https:\/\/www.meydan.tv\/az\/#website","url":"https:\/\/www.meydan.tv\/az\/","name":"MEYDAN.TV","description":"Meydan TV Az\u0259rbaycan\u0131n media m\u0259kan\u0131ndak\u0131 alternativ s\u0259sidir","publisher":{"@id":"https:\/\/www.meydan.tv\/az\/#organization"},"potentialAction":[{"@type":"SearchAction","target":{"@type":"EntryPoint","urlTemplate":"https:\/\/www.meydan.tv\/az\/?s={search_term_string}"},"query-input":{"@type":"PropertyValueSpecification","valueRequired":true,"valueName":"search_term_string"}}],"inLanguage":"az"},{"@type":"Organization","@id":"https:\/\/www.meydan.tv\/az\/#organization","name":"Meydan TV","url":"https:\/\/www.meydan.tv\/az\/","logo":{"@type":"ImageObject","inLanguage":"az","@id":"https:\/\/www.meydan.tv\/az\/#\/schema\/logo\/image\/","url":"https:\/\/www.meydan.tv\/wp-content\/uploads\/2021\/07\/meydan-logo.svg","contentUrl":"https:\/\/www.meydan.tv\/wp-content\/uploads\/2021\/07\/meydan-logo.svg","width":195,"height":46,"caption":"Meydan TV"},"image":{"@id":"https:\/\/www.meydan.tv\/az\/#\/schema\/logo\/image\/"}},{"@type":"Person","@id":"https:\/\/www.meydan.tv\/az\/#\/schema\/person\/8f23e01c4de63326c13c319fb65ee65d","name":"roma"}]}},"_links":{"self":[{"href":"https:\/\/www.meydan.tv\/az\/wp-json\/wp\/v2\/posts\/246978","targetHints":{"allow":["GET"]}}],"collection":[{"href":"https:\/\/www.meydan.tv\/az\/wp-json\/wp\/v2\/posts"}],"about":[{"href":"https:\/\/www.meydan.tv\/az\/wp-json\/wp\/v2\/types\/post"}],"author":[{"embeddable":true,"href":"https:\/\/www.meydan.tv\/az\/wp-json\/wp\/v2\/users\/14"}],"replies":[{"embeddable":true,"href":"https:\/\/www.meydan.tv\/az\/wp-json\/wp\/v2\/comments?post=246978"}],"version-history":[{"count":1,"href":"https:\/\/www.meydan.tv\/az\/wp-json\/wp\/v2\/posts\/246978\/revisions"}],"predecessor-version":[{"id":246984,"href":"https:\/\/www.meydan.tv\/az\/wp-json\/wp\/v2\/posts\/246978\/revisions\/246984"}],"wp:featuredmedia":[{"embeddable":true,"href":"https:\/\/www.meydan.tv\/az\/wp-json\/wp\/v2\/media\/246979"}],"wp:attachment":[{"href":"https:\/\/www.meydan.tv\/az\/wp-json\/wp\/v2\/media?parent=246978"}],"wp:term":[{"taxonomy":"category","embeddable":true,"href":"https:\/\/www.meydan.tv\/az\/wp-json\/wp\/v2\/categories?post=246978"},{"taxonomy":"post_tag","embeddable":true,"href":"https:\/\/www.meydan.tv\/az\/wp-json\/wp\/v2\/tags?post=246978"}],"curies":[{"name":"wp","href":"https:\/\/api.w.org\/{rel}","templated":true}]}}