{"id":246973,"date":"2022-05-31T16:13:19","date_gmt":"2022-05-31T12:13:19","guid":{"rendered":"https:\/\/www.meydan.tv\/?p=246973"},"modified":"2022-05-31T16:13:22","modified_gmt":"2022-05-31T12:13:22","slug":"rasim-balayev-kinematoqrafcilar-ittifaqinin-sedri-secilib","status":"publish","type":"post","link":"https:\/\/www.meydan.tv\/az\/article\/rasim-balayev-kinematoqrafcilar-ittifaqinin-sedri-secilib\/","title":{"rendered":"Rasim Balayev Kinematoqraf\u00e7\u0131lar \u0130ttifaq\u0131n\u0131n s\u0259dri se\u00e7ilib"},"content":{"rendered":"\n<p><em>Onun yekdillikl\u0259 se\u00e7ildiyi bildirilir<\/em><\/p>\n\n\n\n<p>Xalq artisti, kinoaktyor Rasim Balayev Az\u0259rbaycan Kinematoqraf\u00e7\u0131lar \u0130ttifaq\u0131n\u0131n (AK\u0130) s\u0259dri se\u00e7ilib.<\/p>\n\n\n\n<p>Q\u0259rar may\u0131n 31-d\u0259 AK\u0130-nin idar\u0259 hey\u0259tinin v\u0259 \u00fczvl\u0259rinin \u00fcmumi iclas\u0131nda verilib.<\/p>\n\n\n\n<p>Konfrans i\u015ftirak\u00e7\u0131lar\u0131 Rasim Balayevin namiz\u0259dliyini yekdillikl\u0259 t\u0259sdiql\u0259yib.<\/p>\n\n\n\n<p>\u0130ttifaq\u0131n R\u0259yas\u0259t hey\u0259tin\u0259 is\u0259 Oleq S\u0259f\u0259r\u0259liyev, H\u0259mid\u0259 \u00d6m\u0259rova, C\u0259mil F\u0259r\u0259cov se\u00e7ilib.<\/p>\n\n\n\n<p>Daha \u00f6nc\u0259 &#8211; may\u0131n 11-d\u0259 AK\u0130-nin \u0130dar\u0259 Hey\u0259tinin iclas\u0131 ke\u00e7irilmi\u015fdi.<\/p>\n\n\n\n<p>\u0130clasa Xalq yaz\u0131\u00e7\u0131s\u0131 Anar, \u018fm\u0259kdar inc\u0259s\u0259n\u0259t xadiml\u0259ri Fir\u0259ngiz Qurbanova, C\u0259mil F\u0259r\u0259cov, Ziya \u015e\u0131xlinski, Baba V\u0259ziro\u011flu, Mirbala S\u0259limli, rejissorlar Oleq S\u0259f\u0259r\u0259liyev, Nizami Abbas, Cavid \u0130mamverdiyev, Tahir Tahirovi\u00e7, \u018fli \u0130sa Cabbarov, Adil Qulamov, Xalq artistl\u0259ri H\u0259mid\u0259 \u00d6m\u0259rova, M\u0259bud M\u0259h\u0259rr\u0259mov, \u201cAz\u0259rbaycanda d\u00fcnya kinosunun 100 illiyi fondu\u201d ictimai birliyinin direktoru Lal\u0259 \u018ff\u0259ndiyeva, yaz\u0131\u00e7\u0131 N\u0259riman \u018fbd\u00fclr\u0259hmanl\u0131 qat\u0131lm\u0131\u015fd\u0131.<\/p>\n\n\n\n<p>\u0130dar\u0259 hey\u0259tinin \u00fczv\u00fc Anar R\u00fcst\u0259m \u0130brahimb\u0259yovun yerin\u0259 Rasim Balayevi namiz\u0259d kimi t\u0259qdim etmi\u015fdi.<\/p>\n\n\n\n<p>\u0130clas i\u015ftirak\u00e7\u0131lar\u0131 namiz\u0259dliyi yekdillikl\u0259 q\u0259bul etmi\u015fdil\u0259r.<\/p>\n\n\n\n<p>Az\u0259rbaycan Kinematoqraf\u00e7\u0131lar \u0130ttifaq\u0131 1963-c\u00fc il yanvar\u0131n 11-d\u0259 Respublika Kinematoqrafiya \u0130\u015f\u00e7il\u0259rinin I T\u0259sisat Qurultay\u0131nda yarad\u0131l\u0131b.<\/p>\n\n\n\n<p>T\u0259\u015fkilat\u0131n 1981-ci ild\u0259 ke\u00e7iril\u0259n V qurultay\u0131nda kinodramaturq R\u00fcst\u0259m \u0130brahimb\u0259yov AK\u0130-nin birinci katibi se\u00e7ilib.<\/p>\n\n\n\n<p>\u0130ttifaq MDB v\u0259 Baltik \u00f6lk\u0259l\u0259ri Kino \u0130ttifaqlar\u0131 Konfederasiyas\u0131n\u0131n \u00fczv\u00fc v\u0259 t\u0259sis\u00e7il\u0259rind\u0259ndir.<\/p>\n\n\n\n<p>AK\u0130 Az\u0259rbaycan\u0131n pe\u015f\u0259kar yarad\u0131c\u0131 kino i\u015f\u00e7il\u0259rini k\u00f6n\u00fcll\u00fc \u0259saslarla birl\u0259\u015fdir\u0259n ictimai, m\u00fcst\u0259qil t\u0259\u015fkilatd\u0131r.<\/p>\n\n\n\n<p>\u0130ttifaq\u0131n \u0259sas m\u0259qs\u0259di milli kinonun, milli m\u0259d\u0259niyy\u0259tin v\u0259 d\u00fcnya kinosunun \u0259sas hiss\u0259si olaraq inki\u015faf etdirilm\u0259sidir.<\/p>\n\n\n\n<p>T\u0259\u015fkilat\u0131n idar\u0259 hey\u0259tinin \u00fczvl\u0259ri Xalq yaz\u0131\u00e7\u0131s\u0131 Anar, \u018fm\u0259kdar inc\u0259s\u0259n\u0259t xadimi, operator, rejissor Nizami Abbas, Xalq artisti, aktyor Rasim Balayev, kinorejissor \u018fli \u0130sa Cabbarov (\u0130ttifaq\u0131n katibi), \u018fm\u0259kdar inc\u0259s\u0259n\u0259t xadimi, s\u0259s rejissoru \u018fs\u0259d \u018fs\u0259dov, \u201cAz\u0259rbaycanda d\u00fcnya kinosunun 100 illiyi fondu\u201d ictimai birliyinin direktoru, prod\u00fcser Lal\u0259 \u018ff\u0259ndiyeva, kinorejissor Tahir Tahirovi\u00e7 (\u018fliyev), \u018fm\u0259kdar inc\u0259s\u0259n\u0259t xadimi, rejissor C\u0259mil F\u0259r\u0259cov, Xalq artisti, aktrisa H\u0259mid\u0259 \u00d6m\u0259rova, \u018fm\u0259kdar inc\u0259s\u0259n\u0259t xadimi, qurulu\u015f\u00e7u rejissor, multiplikator Fir\u0259ngiz Qurbanova, Xalq artisti, aktyor M\u0259bud M\u0259h\u0259rr\u0259mov, ssenarist, rejissor, prod\u00fcser Cavid \u0130mamverdiyev, \u018fm\u0259kdar inc\u0259s\u0259n\u0259t xadimi, rejssor-ssenarist Mirbala S\u0259limli, rejissor-ssenarist Oleq S\u0259f\u0259r\u0259liyev (\u0130ttifaq\u0131n katibi), Xalq artisti, aktrisa Yusupova \u015e\u00fckuf\u0259, \u018fm\u0259kdar inc\u0259s\u0259n\u0259t xadimi, \u015fair Baba V\u0259ziro\u011flu, \u018fm\u0259kdar inc\u0259s\u0259n\u0259t xadimi, rejissor Ziya \u015e\u0131xl\u0131nskidir.<\/p>\n\n\n\n<p>\u0130ttifaq\u0131n s\u0259dri, Xalq yaz\u0131\u00e7\u0131s\u0131, kinodramaturq R\u00fcst\u0259m \u0130brahimb\u0259yov 2022-ci il mart\u0131n 11-d\u0259 uzun s\u00fcr\u0259n x\u0259st\u0259likd\u0259n v\u0259fat edib.<\/p>\n\n\n\n<p>Rasim \u018fhm\u0259d o\u011flu Balayev 1948-ci ild\u0259 A\u011fsuda do\u011fulub. 1964-1969-cu ill\u0259rd\u0259 Az\u0259rbaycan D\u00f6vl\u0259t \u0130nc\u0259s\u0259n\u0259t \u0130nstitutunda t\u0259hsil al\u0131b.<\/p>\n\n\n\n<p>\u201cAz\u0259rbaycanfilm\u201d kinostudiyas\u0131n\u0131n istehsal etdiyi bir \u00e7ox filml\u0259rd\u0259(\u201cN\u0259simi\u201d, \u201cD\u0259d\u0259 Qorqud\u201d, \u201cBab\u0259k\u201d, Birisig\u00fcn gec\u0259yar\u0131s\u0131\u201c, \u201cQanl\u0131 z\u0259mi\u201d, \u201c\u0130stintaq\u201d, \u201cQat\u0131r M\u0259mm\u0259d\u201d, \u201cArxadan vurulan z\u0259rb\u0259\u201c, \u201cH\u0259m ziyar\u0259t, h\u0259m ticar\u0259t\u201d, \u201cQala\u201d, \u201cCavid \u00f6mr\u00fc\u201d v\u0259 s.) \u0259sas rollarda \u00e7\u0259kilib. Eyni vaxtda \u201c\u00d6zb\u0259kfilm\u201d \u201cMosfilm\u201d v\u0259 b. studiyalarda da filml\u0259r\u0259 \u00e7\u0259kilib.<\/p>\n\n\n\n<p>1990-c\u0131 ild\u0259n 2013-c\u00fc il\u0259 q\u0259d\u0259r Az\u0259rbaycan Kinematoqraf\u00e7\u0131lar \u0130ttifaq\u0131n\u0131n I katibi olub.<\/p>\n\n\n\n<p>1976-c\u0131 ild\u0259 \u018fm\u0259kdar, 1982-ci ild\u0259 is\u0259 Xalq artisti f\u0259xri adlar\u0131na layiq g\u00f6r\u00fcl\u00fcb.<\/p>\n","protected":false},"excerpt":{"rendered":"<p>Onun yekdillikl\u0259 se\u00e7ildiyi bildirilir Xalq artisti, kinoaktyor Rasim Balayev Az\u0259rbaycan &#8230; <\/p>\n<p class=\"read-more-container\"><a title=\"Rasim Balayev Kinematoqraf\u00e7\u0131lar \u0130ttifaq\u0131n\u0131n s\u0259dri se\u00e7ilib\" class=\"read-more button\" href=\"https:\/\/www.meydan.tv\/az\/article\/rasim-balayev-kinematoqrafcilar-ittifaqinin-sedri-secilib\/#more-246973\" aria-label=\"Read more about Rasim Balayev Kinematoqraf\u00e7\u0131lar \u0130ttifaq\u0131n\u0131n s\u0259dri se\u00e7ilib\">Davam\u0131<\/a><\/p>\n","protected":false},"author":12,"featured_media":246974,"comment_status":"closed","ping_status":"closed","sticky":false,"template":"","format":"standard","meta":{"_acf_changed":false,"_sitemap_exclude":false,"_sitemap_priority":"","_sitemap_frequency":"","footnotes":""},"categories":[52,56],"tags":[],"class_list":["post-246973","post","type-post","status-publish","format-standard","has-post-thumbnail","hentry","category-medeniyyet","category-xeberler","infinite-scroll-item","generate-columns","tablet-grid-50","mobile-grid-100","grid-parent","grid-33","no-featured-image-padding"],"acf":[],"yoast_head":"<!-- This site is optimized with the Yoast SEO plugin v27.5 - https:\/\/yoast.com\/product\/yoast-seo-wordpress\/ -->\n<title>Rasim Balayev Kinematoqraf\u00e7\u0131lar \u0130ttifaq\u0131n\u0131n s\u0259dri se\u00e7ilib - MEYDAN.TV<\/title>\n<meta name=\"robots\" content=\"index, follow, max-snippet:-1, max-image-preview:large, max-video-preview:-1\" \/>\n<link rel=\"canonical\" href=\"https:\/\/www.meydan.tv\/az\/article\/rasim-balayev-kinematoqrafcilar-ittifaqinin-sedri-secilib\/\" \/>\n<meta property=\"og:locale\" content=\"az_AZ\" \/>\n<meta property=\"og:type\" content=\"article\" \/>\n<meta property=\"og:title\" content=\"Rasim Balayev Kinematoqraf\u00e7\u0131lar \u0130ttifaq\u0131n\u0131n s\u0259dri se\u00e7ilib - MEYDAN.TV\" \/>\n<meta property=\"og:description\" content=\"Onun yekdillikl\u0259 se\u00e7ildiyi bildirilir Xalq artisti, kinoaktyor Rasim Balayev Az\u0259rbaycan ... Davam\u0131\" \/>\n<meta property=\"og:url\" content=\"https:\/\/www.meydan.tv\/az\/article\/rasim-balayev-kinematoqrafcilar-ittifaqinin-sedri-secilib\/\" \/>\n<meta property=\"og:site_name\" content=\"MEYDAN.TV\" \/>\n<meta property=\"article:published_time\" content=\"2022-05-31T12:13:19+00:00\" \/>\n<meta property=\"article:modified_time\" content=\"2022-05-31T12:13:22+00:00\" \/>\n<meta property=\"og:image\" content=\"https:\/\/www.meydan.tv\/wp-content\/uploads\/image-from-ios-185-scaled.jpg\" \/>\n\t<meta property=\"og:image:width\" content=\"2560\" \/>\n\t<meta property=\"og:image:height\" content=\"1920\" \/>\n\t<meta property=\"og:image:type\" content=\"image\/jpeg\" \/>\n<meta name=\"author\" content=\"aleks\" \/>\n<meta name=\"twitter:card\" content=\"summary_large_image\" \/>\n<script type=\"application\/ld+json\" class=\"yoast-schema-graph\">{\"@context\":\"https:\\\/\\\/schema.org\",\"@graph\":[{\"@type\":\"Article\",\"@id\":\"https:\\\/\\\/www.meydan.tv\\\/az\\\/article\\\/rasim-balayev-kinematoqrafcilar-ittifaqinin-sedri-secilib\\\/#article\",\"isPartOf\":{\"@id\":\"https:\\\/\\\/www.meydan.tv\\\/az\\\/article\\\/rasim-balayev-kinematoqrafcilar-ittifaqinin-sedri-secilib\\\/\"},\"author\":{\"name\":\"aleks\",\"@id\":\"https:\\\/\\\/www.meydan.tv\\\/az\\\/#\\\/schema\\\/person\\\/476e9360e593fa131d5d71d51866f8da\"},\"headline\":\"Rasim Balayev Kinematoqraf\u00e7\u0131lar \u0130ttifaq\u0131n\u0131n s\u0259dri se\u00e7ilib\",\"datePublished\":\"2022-05-31T12:13:19+00:00\",\"dateModified\":\"2022-05-31T12:13:22+00:00\",\"mainEntityOfPage\":{\"@id\":\"https:\\\/\\\/www.meydan.tv\\\/az\\\/article\\\/rasim-balayev-kinematoqrafcilar-ittifaqinin-sedri-secilib\\\/\"},\"wordCount\":654,\"publisher\":{\"@id\":\"https:\\\/\\\/www.meydan.tv\\\/az\\\/#organization\"},\"image\":{\"@id\":\"https:\\\/\\\/www.meydan.tv\\\/az\\\/article\\\/rasim-balayev-kinematoqrafcilar-ittifaqinin-sedri-secilib\\\/#primaryimage\"},\"thumbnailUrl\":\"https:\\\/\\\/www.meydan.tv\\\/wp-content\\\/uploads\\\/image-from-ios-185-scaled.jpg\",\"articleSection\":[\"M\u0259d\u0259niyy\u0259t\",\"X\u0259b\u0259rl\u0259r\"],\"inLanguage\":\"az\"},{\"@type\":\"WebPage\",\"@id\":\"https:\\\/\\\/www.meydan.tv\\\/az\\\/article\\\/rasim-balayev-kinematoqrafcilar-ittifaqinin-sedri-secilib\\\/\",\"url\":\"https:\\\/\\\/www.meydan.tv\\\/az\\\/article\\\/rasim-balayev-kinematoqrafcilar-ittifaqinin-sedri-secilib\\\/\",\"name\":\"Rasim Balayev Kinematoqraf\u00e7\u0131lar \u0130ttifaq\u0131n\u0131n s\u0259dri se\u00e7ilib - MEYDAN.TV\",\"isPartOf\":{\"@id\":\"https:\\\/\\\/www.meydan.tv\\\/az\\\/#website\"},\"primaryImageOfPage\":{\"@id\":\"https:\\\/\\\/www.meydan.tv\\\/az\\\/article\\\/rasim-balayev-kinematoqrafcilar-ittifaqinin-sedri-secilib\\\/#primaryimage\"},\"image\":{\"@id\":\"https:\\\/\\\/www.meydan.tv\\\/az\\\/article\\\/rasim-balayev-kinematoqrafcilar-ittifaqinin-sedri-secilib\\\/#primaryimage\"},\"thumbnailUrl\":\"https:\\\/\\\/www.meydan.tv\\\/wp-content\\\/uploads\\\/image-from-ios-185-scaled.jpg\",\"datePublished\":\"2022-05-31T12:13:19+00:00\",\"dateModified\":\"2022-05-31T12:13:22+00:00\",\"breadcrumb\":{\"@id\":\"https:\\\/\\\/www.meydan.tv\\\/az\\\/article\\\/rasim-balayev-kinematoqrafcilar-ittifaqinin-sedri-secilib\\\/#breadcrumb\"},\"inLanguage\":\"az\",\"potentialAction\":[{\"@type\":\"ReadAction\",\"target\":[\"https:\\\/\\\/www.meydan.tv\\\/az\\\/article\\\/rasim-balayev-kinematoqrafcilar-ittifaqinin-sedri-secilib\\\/\"]}]},{\"@type\":\"ImageObject\",\"inLanguage\":\"az\",\"@id\":\"https:\\\/\\\/www.meydan.tv\\\/az\\\/article\\\/rasim-balayev-kinematoqrafcilar-ittifaqinin-sedri-secilib\\\/#primaryimage\",\"url\":\"https:\\\/\\\/www.meydan.tv\\\/wp-content\\\/uploads\\\/image-from-ios-185-scaled.jpg\",\"contentUrl\":\"https:\\\/\\\/www.meydan.tv\\\/wp-content\\\/uploads\\\/image-from-ios-185-scaled.jpg\",\"width\":2560,\"height\":1920,\"caption\":\"M\u0259nb\u0259: AK\u0130\"},{\"@type\":\"BreadcrumbList\",\"@id\":\"https:\\\/\\\/www.meydan.tv\\\/az\\\/article\\\/rasim-balayev-kinematoqrafcilar-ittifaqinin-sedri-secilib\\\/#breadcrumb\",\"itemListElement\":[{\"@type\":\"ListItem\",\"position\":1,\"name\":\"Ana s\u0259hif\u0259\",\"item\":\"https:\\\/\\\/www.meydan.tv\\\/az\\\/\"},{\"@type\":\"ListItem\",\"position\":2,\"name\":\"M\u0259d\u0259niyy\u0259t\",\"item\":\"https:\\\/\\\/www.meydan.tv\\\/az\\\/section\\\/medeniyyet\\\/\"},{\"@type\":\"ListItem\",\"position\":3,\"name\":\"Rasim Balayev Kinematoqraf\u00e7\u0131lar \u0130ttifaq\u0131n\u0131n s\u0259dri se\u00e7ilib\"}]},{\"@type\":\"WebSite\",\"@id\":\"https:\\\/\\\/www.meydan.tv\\\/az\\\/#website\",\"url\":\"https:\\\/\\\/www.meydan.tv\\\/az\\\/\",\"name\":\"MEYDAN.TV\",\"description\":\"Meydan TV Az\u0259rbaycan\u0131n media m\u0259kan\u0131ndak\u0131 alternativ s\u0259sidir\",\"publisher\":{\"@id\":\"https:\\\/\\\/www.meydan.tv\\\/az\\\/#organization\"},\"potentialAction\":[{\"@type\":\"SearchAction\",\"target\":{\"@type\":\"EntryPoint\",\"urlTemplate\":\"https:\\\/\\\/www.meydan.tv\\\/az\\\/?s={search_term_string}\"},\"query-input\":{\"@type\":\"PropertyValueSpecification\",\"valueRequired\":true,\"valueName\":\"search_term_string\"}}],\"inLanguage\":\"az\"},{\"@type\":\"Organization\",\"@id\":\"https:\\\/\\\/www.meydan.tv\\\/az\\\/#organization\",\"name\":\"Meydan TV\",\"url\":\"https:\\\/\\\/www.meydan.tv\\\/az\\\/\",\"logo\":{\"@type\":\"ImageObject\",\"inLanguage\":\"az\",\"@id\":\"https:\\\/\\\/www.meydan.tv\\\/az\\\/#\\\/schema\\\/logo\\\/image\\\/\",\"url\":\"https:\\\/\\\/www.meydan.tv\\\/wp-content\\\/uploads\\\/2021\\\/07\\\/meydan-logo.svg\",\"contentUrl\":\"https:\\\/\\\/www.meydan.tv\\\/wp-content\\\/uploads\\\/2021\\\/07\\\/meydan-logo.svg\",\"width\":195,\"height\":46,\"caption\":\"Meydan TV\"},\"image\":{\"@id\":\"https:\\\/\\\/www.meydan.tv\\\/az\\\/#\\\/schema\\\/logo\\\/image\\\/\"}},{\"@type\":\"Person\",\"@id\":\"https:\\\/\\\/www.meydan.tv\\\/az\\\/#\\\/schema\\\/person\\\/476e9360e593fa131d5d71d51866f8da\",\"name\":\"aleks\"}]}<\/script>\n<!-- \/ Yoast SEO plugin. -->","yoast_head_json":{"title":"Rasim Balayev Kinematoqraf\u00e7\u0131lar \u0130ttifaq\u0131n\u0131n s\u0259dri se\u00e7ilib - MEYDAN.TV","robots":{"index":"index","follow":"follow","max-snippet":"max-snippet:-1","max-image-preview":"max-image-preview:large","max-video-preview":"max-video-preview:-1"},"canonical":"https:\/\/www.meydan.tv\/az\/article\/rasim-balayev-kinematoqrafcilar-ittifaqinin-sedri-secilib\/","og_locale":"az_AZ","og_type":"article","og_title":"Rasim Balayev Kinematoqraf\u00e7\u0131lar \u0130ttifaq\u0131n\u0131n s\u0259dri se\u00e7ilib - MEYDAN.TV","og_description":"Onun yekdillikl\u0259 se\u00e7ildiyi bildirilir Xalq artisti, kinoaktyor Rasim Balayev Az\u0259rbaycan ... Davam\u0131","og_url":"https:\/\/www.meydan.tv\/az\/article\/rasim-balayev-kinematoqrafcilar-ittifaqinin-sedri-secilib\/","og_site_name":"MEYDAN.TV","article_published_time":"2022-05-31T12:13:19+00:00","article_modified_time":"2022-05-31T12:13:22+00:00","og_image":[{"width":2560,"height":1920,"url":"https:\/\/www.meydan.tv\/wp-content\/uploads\/image-from-ios-185-scaled.jpg","type":"image\/jpeg"}],"author":"aleks","twitter_card":"summary_large_image","schema":{"@context":"https:\/\/schema.org","@graph":[{"@type":"Article","@id":"https:\/\/www.meydan.tv\/az\/article\/rasim-balayev-kinematoqrafcilar-ittifaqinin-sedri-secilib\/#article","isPartOf":{"@id":"https:\/\/www.meydan.tv\/az\/article\/rasim-balayev-kinematoqrafcilar-ittifaqinin-sedri-secilib\/"},"author":{"name":"aleks","@id":"https:\/\/www.meydan.tv\/az\/#\/schema\/person\/476e9360e593fa131d5d71d51866f8da"},"headline":"Rasim Balayev Kinematoqraf\u00e7\u0131lar \u0130ttifaq\u0131n\u0131n s\u0259dri se\u00e7ilib","datePublished":"2022-05-31T12:13:19+00:00","dateModified":"2022-05-31T12:13:22+00:00","mainEntityOfPage":{"@id":"https:\/\/www.meydan.tv\/az\/article\/rasim-balayev-kinematoqrafcilar-ittifaqinin-sedri-secilib\/"},"wordCount":654,"publisher":{"@id":"https:\/\/www.meydan.tv\/az\/#organization"},"image":{"@id":"https:\/\/www.meydan.tv\/az\/article\/rasim-balayev-kinematoqrafcilar-ittifaqinin-sedri-secilib\/#primaryimage"},"thumbnailUrl":"https:\/\/www.meydan.tv\/wp-content\/uploads\/image-from-ios-185-scaled.jpg","articleSection":["M\u0259d\u0259niyy\u0259t","X\u0259b\u0259rl\u0259r"],"inLanguage":"az"},{"@type":"WebPage","@id":"https:\/\/www.meydan.tv\/az\/article\/rasim-balayev-kinematoqrafcilar-ittifaqinin-sedri-secilib\/","url":"https:\/\/www.meydan.tv\/az\/article\/rasim-balayev-kinematoqrafcilar-ittifaqinin-sedri-secilib\/","name":"Rasim Balayev Kinematoqraf\u00e7\u0131lar \u0130ttifaq\u0131n\u0131n s\u0259dri se\u00e7ilib - MEYDAN.TV","isPartOf":{"@id":"https:\/\/www.meydan.tv\/az\/#website"},"primaryImageOfPage":{"@id":"https:\/\/www.meydan.tv\/az\/article\/rasim-balayev-kinematoqrafcilar-ittifaqinin-sedri-secilib\/#primaryimage"},"image":{"@id":"https:\/\/www.meydan.tv\/az\/article\/rasim-balayev-kinematoqrafcilar-ittifaqinin-sedri-secilib\/#primaryimage"},"thumbnailUrl":"https:\/\/www.meydan.tv\/wp-content\/uploads\/image-from-ios-185-scaled.jpg","datePublished":"2022-05-31T12:13:19+00:00","dateModified":"2022-05-31T12:13:22+00:00","breadcrumb":{"@id":"https:\/\/www.meydan.tv\/az\/article\/rasim-balayev-kinematoqrafcilar-ittifaqinin-sedri-secilib\/#breadcrumb"},"inLanguage":"az","potentialAction":[{"@type":"ReadAction","target":["https:\/\/www.meydan.tv\/az\/article\/rasim-balayev-kinematoqrafcilar-ittifaqinin-sedri-secilib\/"]}]},{"@type":"ImageObject","inLanguage":"az","@id":"https:\/\/www.meydan.tv\/az\/article\/rasim-balayev-kinematoqrafcilar-ittifaqinin-sedri-secilib\/#primaryimage","url":"https:\/\/www.meydan.tv\/wp-content\/uploads\/image-from-ios-185-scaled.jpg","contentUrl":"https:\/\/www.meydan.tv\/wp-content\/uploads\/image-from-ios-185-scaled.jpg","width":2560,"height":1920,"caption":"M\u0259nb\u0259: AK\u0130"},{"@type":"BreadcrumbList","@id":"https:\/\/www.meydan.tv\/az\/article\/rasim-balayev-kinematoqrafcilar-ittifaqinin-sedri-secilib\/#breadcrumb","itemListElement":[{"@type":"ListItem","position":1,"name":"Ana s\u0259hif\u0259","item":"https:\/\/www.meydan.tv\/az\/"},{"@type":"ListItem","position":2,"name":"M\u0259d\u0259niyy\u0259t","item":"https:\/\/www.meydan.tv\/az\/section\/medeniyyet\/"},{"@type":"ListItem","position":3,"name":"Rasim Balayev Kinematoqraf\u00e7\u0131lar \u0130ttifaq\u0131n\u0131n s\u0259dri se\u00e7ilib"}]},{"@type":"WebSite","@id":"https:\/\/www.meydan.tv\/az\/#website","url":"https:\/\/www.meydan.tv\/az\/","name":"MEYDAN.TV","description":"Meydan TV Az\u0259rbaycan\u0131n media m\u0259kan\u0131ndak\u0131 alternativ s\u0259sidir","publisher":{"@id":"https:\/\/www.meydan.tv\/az\/#organization"},"potentialAction":[{"@type":"SearchAction","target":{"@type":"EntryPoint","urlTemplate":"https:\/\/www.meydan.tv\/az\/?s={search_term_string}"},"query-input":{"@type":"PropertyValueSpecification","valueRequired":true,"valueName":"search_term_string"}}],"inLanguage":"az"},{"@type":"Organization","@id":"https:\/\/www.meydan.tv\/az\/#organization","name":"Meydan TV","url":"https:\/\/www.meydan.tv\/az\/","logo":{"@type":"ImageObject","inLanguage":"az","@id":"https:\/\/www.meydan.tv\/az\/#\/schema\/logo\/image\/","url":"https:\/\/www.meydan.tv\/wp-content\/uploads\/2021\/07\/meydan-logo.svg","contentUrl":"https:\/\/www.meydan.tv\/wp-content\/uploads\/2021\/07\/meydan-logo.svg","width":195,"height":46,"caption":"Meydan TV"},"image":{"@id":"https:\/\/www.meydan.tv\/az\/#\/schema\/logo\/image\/"}},{"@type":"Person","@id":"https:\/\/www.meydan.tv\/az\/#\/schema\/person\/476e9360e593fa131d5d71d51866f8da","name":"aleks"}]}},"_links":{"self":[{"href":"https:\/\/www.meydan.tv\/az\/wp-json\/wp\/v2\/posts\/246973","targetHints":{"allow":["GET"]}}],"collection":[{"href":"https:\/\/www.meydan.tv\/az\/wp-json\/wp\/v2\/posts"}],"about":[{"href":"https:\/\/www.meydan.tv\/az\/wp-json\/wp\/v2\/types\/post"}],"author":[{"embeddable":true,"href":"https:\/\/www.meydan.tv\/az\/wp-json\/wp\/v2\/users\/12"}],"replies":[{"embeddable":true,"href":"https:\/\/www.meydan.tv\/az\/wp-json\/wp\/v2\/comments?post=246973"}],"version-history":[{"count":1,"href":"https:\/\/www.meydan.tv\/az\/wp-json\/wp\/v2\/posts\/246973\/revisions"}],"predecessor-version":[{"id":246977,"href":"https:\/\/www.meydan.tv\/az\/wp-json\/wp\/v2\/posts\/246973\/revisions\/246977"}],"wp:featuredmedia":[{"embeddable":true,"href":"https:\/\/www.meydan.tv\/az\/wp-json\/wp\/v2\/media\/246974"}],"wp:attachment":[{"href":"https:\/\/www.meydan.tv\/az\/wp-json\/wp\/v2\/media?parent=246973"}],"wp:term":[{"taxonomy":"category","embeddable":true,"href":"https:\/\/www.meydan.tv\/az\/wp-json\/wp\/v2\/categories?post=246973"},{"taxonomy":"post_tag","embeddable":true,"href":"https:\/\/www.meydan.tv\/az\/wp-json\/wp\/v2\/tags?post=246973"}],"curies":[{"name":"wp","href":"https:\/\/api.w.org\/{rel}","templated":true}]}}