{"id":246923,"date":"2022-05-31T13:32:43","date_gmt":"2022-05-31T09:32:43","guid":{"rendered":"https:\/\/www.meydan.tv\/?p=246923"},"modified":"2022-05-31T13:32:45","modified_gmt":"2022-05-31T09:32:45","slug":"mallarimiz-bazarda-yandi-aldadildiq-zererimiz-odenilmedi","status":"publish","type":"post","link":"https:\/\/www.meydan.tv\/az\/article\/mallarimiz-bazarda-yandi-aldadildiq-zererimiz-odenilmedi\/","title":{"rendered":"\u201cMallar\u0131m\u0131z bazarda yand\u0131, aldad\u0131ld\u0131q, z\u0259r\u0259rimiz \u00f6d\u0259nilm\u0259di\u201d"},"content":{"rendered":"\n<p><em>\u015e\u0259mkir sakinl\u0259ri \u015fikay\u0259tl\u0259rinin t\u0259min olunmad\u0131\u011f\u0131n\u0131 deyirl\u0259r<br><\/em><\/p>\n\n\n\n<p>\u201c\u015e\u0259mkirin s\u0259b\u0259t bazar\u0131nda \u00f6t\u0259n ilin yay\u0131nda ba\u015f vermi\u015f yan\u011f\u0131n n\u0259tic\u0259sind\u0259 k\u00fcll\u00fc miqdarda ziyana d\u00fc\u015fd\u00fck. Bazar r\u0259hb\u0259rliyi he\u00e7 yer\u0259 m\u00fcraci\u0259t etm\u0259y\u0259c\u0259yimiz t\u0259qdird\u0259 biz\u0259 d\u0259ymi\u015f z\u0259r\u0259rin \u00f6d\u0259nil\u0259c\u0259yini v\u0259d ets\u0259 d\u0259, aldad\u0131ld\u0131q\u201d.<br><\/p>\n\n\n\n<p>Bunu Meydan TV-y\u0259 a\u00e7\u0131qlamas\u0131nda \u015e\u0259mkir rayon sakini Ayt\u0259n \u018fli q\u0131z\u0131 Orucova v\u0259 h\u0259yat yolda\u015f\u0131 Habil Orucov bildirib.<br><\/p>\n\n\n\n<p>Habil Orucov deyib ki, \u0259lildir, he\u00e7 yerd\u0259 i\u015fl\u0259mir. B\u00fct\u00fcn mallar\u0131 yan\u0131b, banklara borcu yaran\u0131b, ail\u0259ni doland\u0131ra bilmir.<br><\/p>\n\n\n\n<p>\u201c\u0130ki ildir h\u0259min bazarda paltar, ayaqqab\u0131 sat\u0131rd\u0131q. Gec\u0259 saat bir\u0259 i\u015fl\u0259mi\u015f z\u0259ng g\u0259ldi ki, bazarda yan\u011f\u0131n ba\u015flay\u0131b. Biz hadis\u0259 yerin\u0259 \u00e7atanda art\u0131q h\u0259r yer yan\u0131b k\u00fcl\u0259 d\u00f6nm\u00fc\u015fd\u00fc. 8 ayd\u0131r m\u00fcraci\u0259t etm\u0259diyim qurum qalmay\u0131b, ancaq reaksiya ver\u0259n, k\u00f6m\u0259k ed\u0259n yoxdur\u201d, -Ayt\u0259n Orucova bildirib.<br><\/p>\n\n\n\n<p>Onun s\u00f6zl\u0259rin\u0259 g\u00f6r\u0259, bazar r\u0259hb\u0259rliyi il\u0259 g\u00f6r\u00fc\u015f\u00fcb, 60 min manatdan \u00e7ox d\u0259y\u0259ri olan mallar\u0131n\u0131n yand\u0131\u011f\u0131n\u0131 deyib: \u201cH\u0259yat yolda\u015f\u0131m birinci qrup \u0259lildir, protez aya\u011f\u0131n\u0131 yara edib. Bankdan g\u00f6t\u00fcrd\u00fcy\u00fcm kredit\u0259 g\u00f6r\u0259 35 min manat borc yaran\u0131b. Bunlar\u0131 bazar m\u00fcdiri d\u0259 bilir. Ondan xahi\u015f etdim ki, he\u00e7 olmasa kreditimi \u00f6d\u0259m\u0259y\u0259 k\u00f6m\u0259k etsinl\u0259r. Yen\u0259 nisy\u0259 mal g\u00f6t\u00fcr\u00fcb sata bil\u0259r\u0259m. Dedi ki, maksimum \u00fc\u00e7 min manat borc ver\u0259 bil\u0259r, min manat da s\u0131\u011fortaya g\u00f6r\u0259 \u00f6d\u0259ni\u015f edil\u0259c\u0259k. Halbuki bazarda iki ma\u011faza, bir k\u00f6\u015fk icar\u0259y\u0259 g\u00f6t\u00fcrm\u00fc\u015fd\u00fcm, arxas\u0131n\u0131 b\u00f6y\u00fck ma\u011faza kimi tikdirmi\u015fdim. Evd\u0259 mal saxlama\u011fa \u015f\u0259raitim olmad\u0131\u011f\u0131ndan yayl\u0131-q\u0131\u015fl\u0131 b\u00fct\u00fcn mallar\u0131m bazardak\u0131 ma\u011fazalarda idi\u201d.<br><\/p>\n\n\n\n<p>Orucova qeyd edib ki, t\u0259k ma\u011fazalar\u0131n arxas\u0131ndak\u0131 tikili 12 kvadratmetrd\u0259n uzun olub. Amma s\u0259n\u0259dl\u0259rd\u0259 c\u0259mi 6 kvadratmetr \u0259razinin icr\u0259y\u0259 g\u00f6t\u00fcrd\u00fcy\u00fc g\u00f6st\u0259rilib: \u201cYan\u011f\u0131ndan sonra biziml\u0259 m\u00fcqavil\u0259 ba\u011flad\u0131lar, dedil\u0259r ki, imzala, he\u00e7 kim\u0259 s\u00f6yl\u0259m\u0259, d\u0259ymi\u015f z\u0259r\u0259r \u00f6d\u0259nil\u0259c\u0259k. M\u00fcqavil\u0259d\u0259 icar\u0259y\u0259 g\u00f6t\u00fcrd\u00fcy\u00fcm\u00fcz \u0259razini 6 kvadratmetr kimi qeyd edibl\u0259r. Buna g\u00f6r\u0259 d\u0259 hara gedir\u0259m deyirl\u0259r ki, 6 kvadratmetr yer\u0259 g\u00f6r\u0259 \u00f6z\u00fcn\u00fc niy\u0259 \u00f6ld\u00fcr\u00fcrs\u0259n? Ba\u015f\u0131m\u0131 itirmi\u015fdim, s\u0259n\u0259dd\u0259 6 kvadratmetr yaz\u0131ld\u0131\u011f\u0131na fikir verm\u0259mi\u015f\u0259m\u201d.<br><\/p>\n\n\n\n<p>\u015eikay\u0259t\u00e7inin s\u00f6zl\u0259rin\u0259 g\u00f6r\u0259, aldad\u0131ld\u0131\u011f\u0131 \u00fc\u00e7\u00fcn d\u0259ymi\u015f z\u0259r\u0259ri s\u00fcbut etm\u0259kd\u0259 \u00e7\u0259tinlik \u00e7\u0259kir:<br><\/p>\n\n\n\n<p>\u201c\u00dc\u00e7 \u00f6vlad\u0131m var, yolda\u015f\u0131m\u0131n m\u00fcalic\u0259si davam etdirilm\u0259lidir. Ayda 700 manat kredit \u00f6d\u0259m\u0259liy\u0259m. M\u0259n\u0259 6 ay m\u00f6hl\u0259t verilib. Yolda\u015f\u0131m\u0131n 350 manat pensiya al\u0131r, onun 300 manat\u0131n\u0131 kredit\u0259 \u00e7\u0131x\u0131rlar. M\u0259n bu 50 manatla ail\u0259mi nec\u0259 saxlay\u0131m? H\u0259r g\u00fcn banklardan z\u0259ng edib x\u0259b\u0259rdarl\u0131q edirl\u0259r\u201d.<br><\/p>\n\n\n\n<p>Qad\u0131n\u0131n s\u00f6zl\u0259rin\u0259 g\u00f6r\u0259, indi bazar r\u0259hb\u0259rliyi deyir ki, hara ist\u0259yirs\u0259n \u015fikay\u0259t el\u0259:<br><\/p>\n\n\n\n<p>\u201cOnsuz da prokurorluqdan tutmu\u015f icra hakimiyy\u0259tin\u0259 kimi \u015fikay\u0259t etmi\u015f\u0259m, n\u0259tic\u0259si olmay\u0131b. F\u00f6vq\u0259lad\u0259 Hallar Nazirliyind\u0259n cavab g\u0259lib ki, yan\u011f\u0131nla ba\u011fl\u0131 i\u015f ba\u011flan\u0131l\u0131b, \u00e7\u00fcnki bazar r\u0259hb\u0259rliyinin v\u0259din\u0259 inanaraq i\u00e7i biz qar\u0131\u015f\u0131q he\u00e7 kim vaxt\u0131nda \u015fikay\u0259t etm\u0259yib. Qohumlar\u0131n \u00fcmidin\u0259 ya\u015fay\u0131r\u0131q, ancaq n\u0259 vaxta q\u0259d\u0259r bel\u0259 davam ed\u0259c\u0259k, bilmir\u0259m. Gec\u0259l\u0259r ac yat\u0131b, s\u0259h\u0259r kimins\u0259 k\u00f6m\u0259k ed\u0259c\u0259yini g\u00f6zl\u0259y\u0259-g\u00f6zl\u0259y\u0259 ya\u015fama\u011fa \u00e7al\u0131\u015f\u0131r\u0131q\u201d.<br>Bazar r\u0259hb\u0259rliyi il\u0259 \u0259laq\u0259 saxlamaq m\u00fcmk\u00fcn olmay\u0131b. \u015e\u0259mkir Rayon \u0130cra Hakimiyy\u0259tind\u0259n is\u0259 bildiribl\u0259r ki, naraz\u0131 v\u0259t\u0259nda\u015flar m\u0259hk\u0259m\u0259y\u0259 m\u00fcraci\u0259t etm\u0259lidirl\u0259r: \u201c\u0130cra hakimiyy\u0259ti sahibkardan pul al\u0131b \u015fikay\u0259tiy\u0259 verm\u0259k s\u0259lahiyy\u0259tind\u0259 deyil\u201d.<br><\/p>\n\n\n\n<p>Yanan bazar\u0131n \u00f6t\u0259n il D\u00f6vl\u0259t T\u0259hl\u00fck\u0259sizlik Xidm\u0259ti t\u0259r\u0259find\u0259n h\u0259bs olunmu\u015f \u015e\u0259mkir Rayon \u0130cra Hakimiyy\u0259tinin ke\u00e7mi\u015f ba\u015f\u00e7\u0131s\u0131 Alimpa\u015fa M\u0259mm\u0259dovun o\u011flu Adil M\u0259mm\u0259dova m\u0259xsus oldu\u011fu bildirilir.<\/p>\n","protected":false},"excerpt":{"rendered":"<p>\u015e\u0259mkir sakinl\u0259ri \u015fikay\u0259tl\u0259rinin t\u0259min olunmad\u0131\u011f\u0131n\u0131 deyirl\u0259r \u201c\u015e\u0259mkirin s\u0259b\u0259t bazar\u0131nda \u00f6t\u0259n &#8230; <\/p>\n<p class=\"read-more-container\"><a title=\"\u201cMallar\u0131m\u0131z bazarda yand\u0131, aldad\u0131ld\u0131q, z\u0259r\u0259rimiz \u00f6d\u0259nilm\u0259di\u201d\" class=\"read-more button\" href=\"https:\/\/www.meydan.tv\/az\/article\/mallarimiz-bazarda-yandi-aldadildiq-zererimiz-odenilmedi\/#more-246923\" aria-label=\"Read more about \u201cMallar\u0131m\u0131z bazarda yand\u0131, aldad\u0131ld\u0131q, z\u0259r\u0259rimiz \u00f6d\u0259nilm\u0259di\u201d\">Davam\u0131<\/a><\/p>\n","protected":false},"author":12,"featured_media":246924,"comment_status":"closed","ping_status":"closed","sticky":false,"template":"","format":"standard","meta":{"_acf_changed":false,"_sitemap_exclude":false,"_sitemap_priority":"","_sitemap_frequency":"","footnotes":""},"categories":[60,62,79,56],"tags":[],"class_list":["post-246923","post","type-post","status-publish","format-standard","has-post-thumbnail","hentry","category-bolge","category-sosial","category-featured","category-xeberler","infinite-scroll-item","generate-columns","tablet-grid-50","mobile-grid-100","grid-parent","grid-33","no-featured-image-padding"],"acf":[],"yoast_head":"<!-- This site is optimized with the Yoast SEO plugin v27.5 - https:\/\/yoast.com\/product\/yoast-seo-wordpress\/ -->\n<title>\u201cMallar\u0131m\u0131z bazarda yand\u0131, aldad\u0131ld\u0131q, z\u0259r\u0259rimiz \u00f6d\u0259nilm\u0259di\u201d - MEYDAN.TV<\/title>\n<meta name=\"robots\" content=\"index, follow, max-snippet:-1, max-image-preview:large, max-video-preview:-1\" \/>\n<link rel=\"canonical\" href=\"https:\/\/www.meydan.tv\/az\/article\/mallarimiz-bazarda-yandi-aldadildiq-zererimiz-odenilmedi\/\" \/>\n<meta property=\"og:locale\" content=\"az_AZ\" \/>\n<meta property=\"og:type\" content=\"article\" \/>\n<meta property=\"og:title\" content=\"\u201cMallar\u0131m\u0131z bazarda yand\u0131, aldad\u0131ld\u0131q, z\u0259r\u0259rimiz \u00f6d\u0259nilm\u0259di\u201d - MEYDAN.TV\" \/>\n<meta property=\"og:description\" content=\"\u015e\u0259mkir sakinl\u0259ri \u015fikay\u0259tl\u0259rinin t\u0259min olunmad\u0131\u011f\u0131n\u0131 deyirl\u0259r \u201c\u015e\u0259mkirin s\u0259b\u0259t bazar\u0131nda \u00f6t\u0259n ... Davam\u0131\" \/>\n<meta property=\"og:url\" content=\"https:\/\/www.meydan.tv\/az\/article\/mallarimiz-bazarda-yandi-aldadildiq-zererimiz-odenilmedi\/\" \/>\n<meta property=\"og:site_name\" content=\"MEYDAN.TV\" \/>\n<meta property=\"article:published_time\" content=\"2022-05-31T09:32:43+00:00\" \/>\n<meta property=\"article:modified_time\" content=\"2022-05-31T09:32:45+00:00\" \/>\n<meta property=\"og:image\" content=\"https:\/\/www.meydan.tv\/wp-content\/uploads\/untitled-design-2022-05-31t113201.085.png\" \/>\n\t<meta property=\"og:image:width\" content=\"1920\" \/>\n\t<meta property=\"og:image:height\" content=\"1080\" \/>\n\t<meta property=\"og:image:type\" content=\"image\/png\" \/>\n<meta name=\"author\" content=\"aleks\" \/>\n<meta name=\"twitter:card\" content=\"summary_large_image\" \/>\n<script type=\"application\/ld+json\" class=\"yoast-schema-graph\">{\"@context\":\"https:\\\/\\\/schema.org\",\"@graph\":[{\"@type\":\"Article\",\"@id\":\"https:\\\/\\\/www.meydan.tv\\\/az\\\/article\\\/mallarimiz-bazarda-yandi-aldadildiq-zererimiz-odenilmedi\\\/#article\",\"isPartOf\":{\"@id\":\"https:\\\/\\\/www.meydan.tv\\\/az\\\/article\\\/mallarimiz-bazarda-yandi-aldadildiq-zererimiz-odenilmedi\\\/\"},\"author\":{\"name\":\"aleks\",\"@id\":\"https:\\\/\\\/www.meydan.tv\\\/az\\\/#\\\/schema\\\/person\\\/476e9360e593fa131d5d71d51866f8da\"},\"headline\":\"\u201cMallar\u0131m\u0131z bazarda yand\u0131, aldad\u0131ld\u0131q, z\u0259r\u0259rimiz \u00f6d\u0259nilm\u0259di\u201d\",\"datePublished\":\"2022-05-31T09:32:43+00:00\",\"dateModified\":\"2022-05-31T09:32:45+00:00\",\"mainEntityOfPage\":{\"@id\":\"https:\\\/\\\/www.meydan.tv\\\/az\\\/article\\\/mallarimiz-bazarda-yandi-aldadildiq-zererimiz-odenilmedi\\\/\"},\"wordCount\":771,\"publisher\":{\"@id\":\"https:\\\/\\\/www.meydan.tv\\\/az\\\/#organization\"},\"image\":{\"@id\":\"https:\\\/\\\/www.meydan.tv\\\/az\\\/article\\\/mallarimiz-bazarda-yandi-aldadildiq-zererimiz-odenilmedi\\\/#primaryimage\"},\"thumbnailUrl\":\"https:\\\/\\\/www.meydan.tv\\\/wp-content\\\/uploads\\\/untitled-design-2022-05-31t113201.085.png\",\"articleSection\":[\"B\u00f6lg\u0259\",\"Sosial\",\"T\u00f6vsiy\u0259\",\"X\u0259b\u0259rl\u0259r\"],\"inLanguage\":\"az\"},{\"@type\":\"WebPage\",\"@id\":\"https:\\\/\\\/www.meydan.tv\\\/az\\\/article\\\/mallarimiz-bazarda-yandi-aldadildiq-zererimiz-odenilmedi\\\/\",\"url\":\"https:\\\/\\\/www.meydan.tv\\\/az\\\/article\\\/mallarimiz-bazarda-yandi-aldadildiq-zererimiz-odenilmedi\\\/\",\"name\":\"\u201cMallar\u0131m\u0131z bazarda yand\u0131, aldad\u0131ld\u0131q, z\u0259r\u0259rimiz \u00f6d\u0259nilm\u0259di\u201d - MEYDAN.TV\",\"isPartOf\":{\"@id\":\"https:\\\/\\\/www.meydan.tv\\\/az\\\/#website\"},\"primaryImageOfPage\":{\"@id\":\"https:\\\/\\\/www.meydan.tv\\\/az\\\/article\\\/mallarimiz-bazarda-yandi-aldadildiq-zererimiz-odenilmedi\\\/#primaryimage\"},\"image\":{\"@id\":\"https:\\\/\\\/www.meydan.tv\\\/az\\\/article\\\/mallarimiz-bazarda-yandi-aldadildiq-zererimiz-odenilmedi\\\/#primaryimage\"},\"thumbnailUrl\":\"https:\\\/\\\/www.meydan.tv\\\/wp-content\\\/uploads\\\/untitled-design-2022-05-31t113201.085.png\",\"datePublished\":\"2022-05-31T09:32:43+00:00\",\"dateModified\":\"2022-05-31T09:32:45+00:00\",\"breadcrumb\":{\"@id\":\"https:\\\/\\\/www.meydan.tv\\\/az\\\/article\\\/mallarimiz-bazarda-yandi-aldadildiq-zererimiz-odenilmedi\\\/#breadcrumb\"},\"inLanguage\":\"az\",\"potentialAction\":[{\"@type\":\"ReadAction\",\"target\":[\"https:\\\/\\\/www.meydan.tv\\\/az\\\/article\\\/mallarimiz-bazarda-yandi-aldadildiq-zererimiz-odenilmedi\\\/\"]}]},{\"@type\":\"ImageObject\",\"inLanguage\":\"az\",\"@id\":\"https:\\\/\\\/www.meydan.tv\\\/az\\\/article\\\/mallarimiz-bazarda-yandi-aldadildiq-zererimiz-odenilmedi\\\/#primaryimage\",\"url\":\"https:\\\/\\\/www.meydan.tv\\\/wp-content\\\/uploads\\\/untitled-design-2022-05-31t113201.085.png\",\"contentUrl\":\"https:\\\/\\\/www.meydan.tv\\\/wp-content\\\/uploads\\\/untitled-design-2022-05-31t113201.085.png\",\"width\":1920,\"height\":1080},{\"@type\":\"BreadcrumbList\",\"@id\":\"https:\\\/\\\/www.meydan.tv\\\/az\\\/article\\\/mallarimiz-bazarda-yandi-aldadildiq-zererimiz-odenilmedi\\\/#breadcrumb\",\"itemListElement\":[{\"@type\":\"ListItem\",\"position\":1,\"name\":\"Ana s\u0259hif\u0259\",\"item\":\"https:\\\/\\\/www.meydan.tv\\\/az\\\/\"},{\"@type\":\"ListItem\",\"position\":2,\"name\":\"B\u00f6lg\u0259\",\"item\":\"https:\\\/\\\/www.meydan.tv\\\/az\\\/section\\\/bolge\\\/\"},{\"@type\":\"ListItem\",\"position\":3,\"name\":\"\u201cMallar\u0131m\u0131z bazarda yand\u0131, aldad\u0131ld\u0131q, z\u0259r\u0259rimiz \u00f6d\u0259nilm\u0259di\u201d\"}]},{\"@type\":\"WebSite\",\"@id\":\"https:\\\/\\\/www.meydan.tv\\\/az\\\/#website\",\"url\":\"https:\\\/\\\/www.meydan.tv\\\/az\\\/\",\"name\":\"MEYDAN.TV\",\"description\":\"Meydan TV Az\u0259rbaycan\u0131n media m\u0259kan\u0131ndak\u0131 alternativ s\u0259sidir\",\"publisher\":{\"@id\":\"https:\\\/\\\/www.meydan.tv\\\/az\\\/#organization\"},\"potentialAction\":[{\"@type\":\"SearchAction\",\"target\":{\"@type\":\"EntryPoint\",\"urlTemplate\":\"https:\\\/\\\/www.meydan.tv\\\/az\\\/?s={search_term_string}\"},\"query-input\":{\"@type\":\"PropertyValueSpecification\",\"valueRequired\":true,\"valueName\":\"search_term_string\"}}],\"inLanguage\":\"az\"},{\"@type\":\"Organization\",\"@id\":\"https:\\\/\\\/www.meydan.tv\\\/az\\\/#organization\",\"name\":\"Meydan TV\",\"url\":\"https:\\\/\\\/www.meydan.tv\\\/az\\\/\",\"logo\":{\"@type\":\"ImageObject\",\"inLanguage\":\"az\",\"@id\":\"https:\\\/\\\/www.meydan.tv\\\/az\\\/#\\\/schema\\\/logo\\\/image\\\/\",\"url\":\"https:\\\/\\\/www.meydan.tv\\\/wp-content\\\/uploads\\\/2021\\\/07\\\/meydan-logo.svg\",\"contentUrl\":\"https:\\\/\\\/www.meydan.tv\\\/wp-content\\\/uploads\\\/2021\\\/07\\\/meydan-logo.svg\",\"width\":195,\"height\":46,\"caption\":\"Meydan TV\"},\"image\":{\"@id\":\"https:\\\/\\\/www.meydan.tv\\\/az\\\/#\\\/schema\\\/logo\\\/image\\\/\"}},{\"@type\":\"Person\",\"@id\":\"https:\\\/\\\/www.meydan.tv\\\/az\\\/#\\\/schema\\\/person\\\/476e9360e593fa131d5d71d51866f8da\",\"name\":\"aleks\"}]}<\/script>\n<!-- \/ Yoast SEO plugin. -->","yoast_head_json":{"title":"\u201cMallar\u0131m\u0131z bazarda yand\u0131, aldad\u0131ld\u0131q, z\u0259r\u0259rimiz \u00f6d\u0259nilm\u0259di\u201d - MEYDAN.TV","robots":{"index":"index","follow":"follow","max-snippet":"max-snippet:-1","max-image-preview":"max-image-preview:large","max-video-preview":"max-video-preview:-1"},"canonical":"https:\/\/www.meydan.tv\/az\/article\/mallarimiz-bazarda-yandi-aldadildiq-zererimiz-odenilmedi\/","og_locale":"az_AZ","og_type":"article","og_title":"\u201cMallar\u0131m\u0131z bazarda yand\u0131, aldad\u0131ld\u0131q, z\u0259r\u0259rimiz \u00f6d\u0259nilm\u0259di\u201d - MEYDAN.TV","og_description":"\u015e\u0259mkir sakinl\u0259ri \u015fikay\u0259tl\u0259rinin t\u0259min olunmad\u0131\u011f\u0131n\u0131 deyirl\u0259r \u201c\u015e\u0259mkirin s\u0259b\u0259t bazar\u0131nda \u00f6t\u0259n ... Davam\u0131","og_url":"https:\/\/www.meydan.tv\/az\/article\/mallarimiz-bazarda-yandi-aldadildiq-zererimiz-odenilmedi\/","og_site_name":"MEYDAN.TV","article_published_time":"2022-05-31T09:32:43+00:00","article_modified_time":"2022-05-31T09:32:45+00:00","og_image":[{"width":1920,"height":1080,"url":"https:\/\/www.meydan.tv\/wp-content\/uploads\/untitled-design-2022-05-31t113201.085.png","type":"image\/png"}],"author":"aleks","twitter_card":"summary_large_image","schema":{"@context":"https:\/\/schema.org","@graph":[{"@type":"Article","@id":"https:\/\/www.meydan.tv\/az\/article\/mallarimiz-bazarda-yandi-aldadildiq-zererimiz-odenilmedi\/#article","isPartOf":{"@id":"https:\/\/www.meydan.tv\/az\/article\/mallarimiz-bazarda-yandi-aldadildiq-zererimiz-odenilmedi\/"},"author":{"name":"aleks","@id":"https:\/\/www.meydan.tv\/az\/#\/schema\/person\/476e9360e593fa131d5d71d51866f8da"},"headline":"\u201cMallar\u0131m\u0131z bazarda yand\u0131, aldad\u0131ld\u0131q, z\u0259r\u0259rimiz \u00f6d\u0259nilm\u0259di\u201d","datePublished":"2022-05-31T09:32:43+00:00","dateModified":"2022-05-31T09:32:45+00:00","mainEntityOfPage":{"@id":"https:\/\/www.meydan.tv\/az\/article\/mallarimiz-bazarda-yandi-aldadildiq-zererimiz-odenilmedi\/"},"wordCount":771,"publisher":{"@id":"https:\/\/www.meydan.tv\/az\/#organization"},"image":{"@id":"https:\/\/www.meydan.tv\/az\/article\/mallarimiz-bazarda-yandi-aldadildiq-zererimiz-odenilmedi\/#primaryimage"},"thumbnailUrl":"https:\/\/www.meydan.tv\/wp-content\/uploads\/untitled-design-2022-05-31t113201.085.png","articleSection":["B\u00f6lg\u0259","Sosial","T\u00f6vsiy\u0259","X\u0259b\u0259rl\u0259r"],"inLanguage":"az"},{"@type":"WebPage","@id":"https:\/\/www.meydan.tv\/az\/article\/mallarimiz-bazarda-yandi-aldadildiq-zererimiz-odenilmedi\/","url":"https:\/\/www.meydan.tv\/az\/article\/mallarimiz-bazarda-yandi-aldadildiq-zererimiz-odenilmedi\/","name":"\u201cMallar\u0131m\u0131z bazarda yand\u0131, aldad\u0131ld\u0131q, z\u0259r\u0259rimiz \u00f6d\u0259nilm\u0259di\u201d - MEYDAN.TV","isPartOf":{"@id":"https:\/\/www.meydan.tv\/az\/#website"},"primaryImageOfPage":{"@id":"https:\/\/www.meydan.tv\/az\/article\/mallarimiz-bazarda-yandi-aldadildiq-zererimiz-odenilmedi\/#primaryimage"},"image":{"@id":"https:\/\/www.meydan.tv\/az\/article\/mallarimiz-bazarda-yandi-aldadildiq-zererimiz-odenilmedi\/#primaryimage"},"thumbnailUrl":"https:\/\/www.meydan.tv\/wp-content\/uploads\/untitled-design-2022-05-31t113201.085.png","datePublished":"2022-05-31T09:32:43+00:00","dateModified":"2022-05-31T09:32:45+00:00","breadcrumb":{"@id":"https:\/\/www.meydan.tv\/az\/article\/mallarimiz-bazarda-yandi-aldadildiq-zererimiz-odenilmedi\/#breadcrumb"},"inLanguage":"az","potentialAction":[{"@type":"ReadAction","target":["https:\/\/www.meydan.tv\/az\/article\/mallarimiz-bazarda-yandi-aldadildiq-zererimiz-odenilmedi\/"]}]},{"@type":"ImageObject","inLanguage":"az","@id":"https:\/\/www.meydan.tv\/az\/article\/mallarimiz-bazarda-yandi-aldadildiq-zererimiz-odenilmedi\/#primaryimage","url":"https:\/\/www.meydan.tv\/wp-content\/uploads\/untitled-design-2022-05-31t113201.085.png","contentUrl":"https:\/\/www.meydan.tv\/wp-content\/uploads\/untitled-design-2022-05-31t113201.085.png","width":1920,"height":1080},{"@type":"BreadcrumbList","@id":"https:\/\/www.meydan.tv\/az\/article\/mallarimiz-bazarda-yandi-aldadildiq-zererimiz-odenilmedi\/#breadcrumb","itemListElement":[{"@type":"ListItem","position":1,"name":"Ana s\u0259hif\u0259","item":"https:\/\/www.meydan.tv\/az\/"},{"@type":"ListItem","position":2,"name":"B\u00f6lg\u0259","item":"https:\/\/www.meydan.tv\/az\/section\/bolge\/"},{"@type":"ListItem","position":3,"name":"\u201cMallar\u0131m\u0131z bazarda yand\u0131, aldad\u0131ld\u0131q, z\u0259r\u0259rimiz \u00f6d\u0259nilm\u0259di\u201d"}]},{"@type":"WebSite","@id":"https:\/\/www.meydan.tv\/az\/#website","url":"https:\/\/www.meydan.tv\/az\/","name":"MEYDAN.TV","description":"Meydan TV Az\u0259rbaycan\u0131n media m\u0259kan\u0131ndak\u0131 alternativ s\u0259sidir","publisher":{"@id":"https:\/\/www.meydan.tv\/az\/#organization"},"potentialAction":[{"@type":"SearchAction","target":{"@type":"EntryPoint","urlTemplate":"https:\/\/www.meydan.tv\/az\/?s={search_term_string}"},"query-input":{"@type":"PropertyValueSpecification","valueRequired":true,"valueName":"search_term_string"}}],"inLanguage":"az"},{"@type":"Organization","@id":"https:\/\/www.meydan.tv\/az\/#organization","name":"Meydan TV","url":"https:\/\/www.meydan.tv\/az\/","logo":{"@type":"ImageObject","inLanguage":"az","@id":"https:\/\/www.meydan.tv\/az\/#\/schema\/logo\/image\/","url":"https:\/\/www.meydan.tv\/wp-content\/uploads\/2021\/07\/meydan-logo.svg","contentUrl":"https:\/\/www.meydan.tv\/wp-content\/uploads\/2021\/07\/meydan-logo.svg","width":195,"height":46,"caption":"Meydan TV"},"image":{"@id":"https:\/\/www.meydan.tv\/az\/#\/schema\/logo\/image\/"}},{"@type":"Person","@id":"https:\/\/www.meydan.tv\/az\/#\/schema\/person\/476e9360e593fa131d5d71d51866f8da","name":"aleks"}]}},"_links":{"self":[{"href":"https:\/\/www.meydan.tv\/az\/wp-json\/wp\/v2\/posts\/246923","targetHints":{"allow":["GET"]}}],"collection":[{"href":"https:\/\/www.meydan.tv\/az\/wp-json\/wp\/v2\/posts"}],"about":[{"href":"https:\/\/www.meydan.tv\/az\/wp-json\/wp\/v2\/types\/post"}],"author":[{"embeddable":true,"href":"https:\/\/www.meydan.tv\/az\/wp-json\/wp\/v2\/users\/12"}],"replies":[{"embeddable":true,"href":"https:\/\/www.meydan.tv\/az\/wp-json\/wp\/v2\/comments?post=246923"}],"version-history":[{"count":1,"href":"https:\/\/www.meydan.tv\/az\/wp-json\/wp\/v2\/posts\/246923\/revisions"}],"predecessor-version":[{"id":246927,"href":"https:\/\/www.meydan.tv\/az\/wp-json\/wp\/v2\/posts\/246923\/revisions\/246927"}],"wp:featuredmedia":[{"embeddable":true,"href":"https:\/\/www.meydan.tv\/az\/wp-json\/wp\/v2\/media\/246924"}],"wp:attachment":[{"href":"https:\/\/www.meydan.tv\/az\/wp-json\/wp\/v2\/media?parent=246923"}],"wp:term":[{"taxonomy":"category","embeddable":true,"href":"https:\/\/www.meydan.tv\/az\/wp-json\/wp\/v2\/categories?post=246923"},{"taxonomy":"post_tag","embeddable":true,"href":"https:\/\/www.meydan.tv\/az\/wp-json\/wp\/v2\/tags?post=246923"}],"curies":[{"name":"wp","href":"https:\/\/api.w.org\/{rel}","templated":true}]}}