{"id":246796,"date":"2022-05-29T15:33:23","date_gmt":"2022-05-29T11:33:23","guid":{"rendered":"https:\/\/www.meydan.tv\/?p=246796"},"modified":"2022-05-29T15:33:25","modified_gmt":"2022-05-29T11:33:25","slug":"meyart-no-land-qrupu-sehne-almaq-bele-bahali-olmamalidir","status":"publish","type":"post","link":"https:\/\/www.meydan.tv\/az\/article\/meyart-no-land-qrupu-sehne-almaq-bele-bahali-olmamalidir\/","title":{"rendered":"MeyArt &#8211; &#8220;No Land&#8221; qrupu: &#8220;S\u0259hn\u0259 almaq bel\u0259 bahal\u0131 olmamal\u0131d\u0131r&#8221;"},"content":{"rendered":"\n<figure class=\"wp-block-embed is-type-video is-provider-youtube wp-block-embed-youtube wp-embed-aspect-16-9 wp-has-aspect-ratio\"><div class=\"wp-block-embed__wrapper\">\n<iframe title=\"MeyArt - &quot;No Land&quot; qrupu: &quot;S\u0259hn\u0259 almaq bel\u0259 bahal\u0131 olmamal\u0131d\u0131r&quot;\" width=\"1200\" height=\"675\" data-src=\"https:\/\/www.youtube.com\/embed\/jijYPA-ggYY?feature=oembed\" frameborder=\"0\" allow=\"accelerometer; autoplay; clipboard-write; encrypted-media; gyroscope; picture-in-picture\" allowfullscreen src=\"data:image\/svg+xml;base64,PHN2ZyB3aWR0aD0iMSIgaGVpZ2h0PSIxIiB4bWxucz0iaHR0cDovL3d3dy53My5vcmcvMjAwMC9zdmciPjwvc3ZnPg==\" class=\"lazyload\" data-load-mode=\"1\"><\/iframe>\n<\/div><\/figure>\n\n\n\n<!--more-->\n\n\n\n<p>G\u00fcnl\u0259rin birind\u0259 bir az\u0259rbaycanl\u0131 v\u0259 bir iranl\u0131 g\u0259ncin \u0130stanbulda yollar\u0131 k\u0259si\u015fir. T\u0259hsil \u00fc\u00e7\u00fcn b\u00f6y\u00fck \u015f\u0259h\u0259r\u0259 \u00fcz tutan g\u0259ncl\u0259r d\u0259nizin romantikas\u0131na qap\u0131l\u0131b, birlikd\u0259 musiqi qrupu yarad\u0131rlar. \u00d6zl\u0259rini he\u00e7 bir yer\u0259 aid hiss etm\u0259y\u0259n musiqi\u00e7il\u0259r qruplar\u0131n\u0131 da \u201cNo land\u201d adland\u0131r\u0131rlar. 10 ildir f\u0259alliyy\u0259t g\u00f6st\u0259r\u0259n bu qrup Az\u0259rbaycanda ikinci d\u0259f\u0259dir ki, Heyd\u0259r \u018fliyev ad\u0131na sarayda s\u0259hn\u0259 al\u0131r.&nbsp;<\/p>\n\n\n\n<p>C.Cabbarl\u0131 ad\u0131na \u201cAz\u0259rbaycanfilm\u201d kinostudiyas\u0131 \u201cAZ\u018fRBAYCANF\u0130LM &#8211; 100\u201d adl\u0131 ssenari m\u00fcsabiq\u0259si elan edir. M\u00fcsabiq\u0259 \u201cQaraba\u011f\u201d m\u00f6vzusunda ke\u00e7irilir. Ssenari yazmaq \u00fc\u00e7\u00fcn 1 ay vaxt verilib. S\u0259n\u0259dl\u0259rin q\u0259bulu 1 iyun \u2013 30 iyun 2022-ci il tarixl\u0259rind\u0259 elektron \u015f\u0259kild\u0259 apar\u0131l\u0131r. Qalibl\u0259r\u0259 10.000, 8.000 v\u0259 5.000 manat m\u0259bl\u0259\u011find\u0259 m\u00fckafat veril\u0259c\u0259k. Onlar\u0131n adlar\u0131 is\u0259 avqustun 2-d\u0259 Az\u0259rbaycan kinosu g\u00fcn\u00fcnd\u0259 elan olunacaq.<\/p>\n\n\n\n<p>D\u00f6vl\u0259t sifari\u015fi il\u0259 filml\u0259rin \u00e7\u0259kilm\u0259si zaman\u0131 pozuntular a\u015fkarlan\u0131b. Bunu Hesablamalar Palatas\u0131n\u0131n audit n\u0259tic\u0259l\u0259ri ortal\u0131\u011fa \u00e7\u0131xar\u0131b. S\u0259n\u0259dd\u0259 yaz\u0131l\u0131b ki, qaydalarda n\u0259z\u0259rd\u0259 tutulmayan yarad\u0131c\u0131 hallar \u00fczr\u0259 qonorar \u00f6d\u0259ni\u015fl\u0259rin\u0259 yer verilib. D\u00f6vl\u0259t sifari\u015fi il\u0259 \u00e7\u0259kil\u0259n filml\u0259rin se\u00e7ilm\u0259 meyarlar\u0131n\u0131n m\u00fc\u0259yy\u0259n olunmamas\u0131, b\u0259zi normativ s\u0259n\u0259dl\u0259rin \u00e7at\u0131\u015fmazl\u0131\u011f\u0131, filml\u0259rin \u00e7\u0259kili\u015fi il\u0259 ba\u011fl\u0131 ayr\u0131lm\u0131\u015f v\u0259saitl\u0259r \u00fcz\u0259rind\u0259 hesabatl\u0131l\u0131\u011f\u0131n olmamas\u0131 bu v\u0259saitl\u0259rin studiyalar t\u0259r\u0259find\u0259n t\u0259yinat\u0131n\u0131n d\u0259yi\u015fdirilm\u0259sin\u0259 s\u0259b\u0259b olmu\u015fdur.<\/p>\n\n\n\n<p>\u0130taliyan\u0131n Turin \u015f\u0259h\u0259rind\u0259 ke\u00e7iril\u0259n 66-c\u0131 \u201cAvroviziya\u201d mahn\u0131 m\u00fcsabiq\u0259sinin qalibi olan Ukrayna t\u0259msil\u00e7isi \u201cKalu\u015f\u201d qrupu qazand\u0131\u011f\u0131 kuboku h\u0259rraca \u00e7\u0131xar\u0131r.<\/p>\n\n\n\n<p>Avroviziya tarixind\u0259 ilk d\u0259f\u0259dir ki, kubok sat\u0131\u015fa \u00e7\u0131xar\u0131l\u0131r.&nbsp;<\/p>\n\n\n\n<p>\u018fld\u0259 edil\u0259n v\u0259sait Ukrayna Silahl\u0131 Q\u00fcvv\u0259l\u0259rin\u0259 yard\u0131ma y\u00f6n\u0259ldil\u0259c\u0259k.&nbsp;<\/p>\n\n\n\n<p>\u201cKalu\u015f\u201d qrupu may\u0131n 15-d\u0259 ke\u00e7iril\u0259n \u201cAvroviziya\u201d mahn\u0131 m\u00fcsabiq\u0259sind\u0259 &#8220;Stefania&#8221; mahn\u0131s\u0131 il\u0259 qalib g\u0259lib.<\/p>\n\n\n\n<p>Kann festival\u0131nda b\u0259d\u0259nini Ukrayna bayra\u011f\u0131n\u0131n r\u0259ngl\u0259ri il\u0259 boyam\u0131\u015f qad\u0131n protesto ke\u00e7irib. O, \u00fcz\u0259rin\u0259 \u201cbiz\u0259 t\u0259cav\u00fcz etm\u0259yi durdurun\u201d yazaraq, bu slogan\u0131 s\u0259sl\u0259ndirib. Etiraz\u00e7\u0131 m\u00fcharib\u0259d\u0259 qad\u0131nlara qar\u015f\u0131 ba\u015f ver\u0259n zorlama hallar\u0131na diqq\u0259t \u00e7\u0259kib.&nbsp;<\/p>\n\n\n\n<p>Ukrayna kinorejissorlar\u0131n\u0131n bir ne\u00e7\u0259 filminin n\u00fcmayi\u015f olundu\u011fu bu ilki Kann festival\u0131nda Rusiyan\u0131n Ukraynadak\u0131 t\u00f6r\u0259tdiyi m\u00fcharib\u0259si tez-tez diqq\u0259t m\u0259rk\u0259zind\u0259 olub.<\/p>\n","protected":false},"excerpt":{"rendered":"","protected":false},"author":14,"featured_media":246802,"comment_status":"closed","ping_status":"closed","sticky":false,"template":"","format":"standard","meta":{"_acf_changed":false,"_sitemap_exclude":false,"_sitemap_priority":"","_sitemap_frequency":"","footnotes":""},"categories":[52,63],"tags":[],"class_list":["post-246796","post","type-post","status-publish","format-standard","has-post-thumbnail","hentry","category-medeniyyet","category-video-2","infinite-scroll-item","generate-columns","tablet-grid-50","mobile-grid-100","grid-parent","grid-33","no-featured-image-padding"],"acf":[],"yoast_head":"<!-- This site is optimized with the Yoast SEO plugin v27.5 - https:\/\/yoast.com\/product\/yoast-seo-wordpress\/ -->\n<title>MeyArt - &quot;No Land&quot; qrupu: &quot;S\u0259hn\u0259 almaq bel\u0259 bahal\u0131 olmamal\u0131d\u0131r&quot; - MEYDAN.TV<\/title>\n<meta name=\"robots\" content=\"index, follow, max-snippet:-1, max-image-preview:large, max-video-preview:-1\" \/>\n<link rel=\"canonical\" href=\"https:\/\/www.meydan.tv\/az\/article\/meyart-no-land-qrupu-sehne-almaq-bele-bahali-olmamalidir\/\" \/>\n<meta property=\"og:locale\" content=\"az_AZ\" \/>\n<meta property=\"og:type\" content=\"article\" \/>\n<meta property=\"og:title\" content=\"MeyArt - &quot;No Land&quot; qrupu: &quot;S\u0259hn\u0259 almaq bel\u0259 bahal\u0131 olmamal\u0131d\u0131r&quot; - MEYDAN.TV\" \/>\n<meta property=\"og:url\" content=\"https:\/\/www.meydan.tv\/az\/article\/meyart-no-land-qrupu-sehne-almaq-bele-bahali-olmamalidir\/\" \/>\n<meta property=\"og:site_name\" content=\"MEYDAN.TV\" \/>\n<meta property=\"article:published_time\" content=\"2022-05-29T11:33:23+00:00\" \/>\n<meta property=\"article:modified_time\" content=\"2022-05-29T11:33:25+00:00\" \/>\n<meta property=\"og:image\" content=\"https:\/\/www.meydan.tv\/wp-content\/uploads\/86533.png\" \/>\n\t<meta property=\"og:image:width\" content=\"1280\" \/>\n\t<meta property=\"og:image:height\" content=\"720\" \/>\n\t<meta property=\"og:image:type\" content=\"image\/png\" \/>\n<meta name=\"author\" content=\"roma\" \/>\n<meta name=\"twitter:card\" content=\"summary_large_image\" \/>\n<script type=\"application\/ld+json\" class=\"yoast-schema-graph\">{\"@context\":\"https:\\\/\\\/schema.org\",\"@graph\":[{\"@type\":\"Article\",\"@id\":\"https:\\\/\\\/www.meydan.tv\\\/az\\\/article\\\/meyart-no-land-qrupu-sehne-almaq-bele-bahali-olmamalidir\\\/#article\",\"isPartOf\":{\"@id\":\"https:\\\/\\\/www.meydan.tv\\\/az\\\/article\\\/meyart-no-land-qrupu-sehne-almaq-bele-bahali-olmamalidir\\\/\"},\"author\":{\"name\":\"roma\",\"@id\":\"https:\\\/\\\/www.meydan.tv\\\/az\\\/#\\\/schema\\\/person\\\/8f23e01c4de63326c13c319fb65ee65d\"},\"headline\":\"MeyArt &#8211; &#8220;No Land&#8221; qrupu: &#8220;S\u0259hn\u0259 almaq bel\u0259 bahal\u0131 olmamal\u0131d\u0131r&#8221;\",\"datePublished\":\"2022-05-29T11:33:23+00:00\",\"dateModified\":\"2022-05-29T11:33:25+00:00\",\"mainEntityOfPage\":{\"@id\":\"https:\\\/\\\/www.meydan.tv\\\/az\\\/article\\\/meyart-no-land-qrupu-sehne-almaq-bele-bahali-olmamalidir\\\/\"},\"wordCount\":468,\"publisher\":{\"@id\":\"https:\\\/\\\/www.meydan.tv\\\/az\\\/#organization\"},\"image\":{\"@id\":\"https:\\\/\\\/www.meydan.tv\\\/az\\\/article\\\/meyart-no-land-qrupu-sehne-almaq-bele-bahali-olmamalidir\\\/#primaryimage\"},\"thumbnailUrl\":\"https:\\\/\\\/www.meydan.tv\\\/wp-content\\\/uploads\\\/86533.png\",\"articleSection\":[\"M\u0259d\u0259niyy\u0259t\",\"Video\"],\"inLanguage\":\"az\"},{\"@type\":\"WebPage\",\"@id\":\"https:\\\/\\\/www.meydan.tv\\\/az\\\/article\\\/meyart-no-land-qrupu-sehne-almaq-bele-bahali-olmamalidir\\\/\",\"url\":\"https:\\\/\\\/www.meydan.tv\\\/az\\\/article\\\/meyart-no-land-qrupu-sehne-almaq-bele-bahali-olmamalidir\\\/\",\"name\":\"MeyArt - \\\"No Land\\\" qrupu: \\\"S\u0259hn\u0259 almaq bel\u0259 bahal\u0131 olmamal\u0131d\u0131r\\\" - MEYDAN.TV\",\"isPartOf\":{\"@id\":\"https:\\\/\\\/www.meydan.tv\\\/az\\\/#website\"},\"primaryImageOfPage\":{\"@id\":\"https:\\\/\\\/www.meydan.tv\\\/az\\\/article\\\/meyart-no-land-qrupu-sehne-almaq-bele-bahali-olmamalidir\\\/#primaryimage\"},\"image\":{\"@id\":\"https:\\\/\\\/www.meydan.tv\\\/az\\\/article\\\/meyart-no-land-qrupu-sehne-almaq-bele-bahali-olmamalidir\\\/#primaryimage\"},\"thumbnailUrl\":\"https:\\\/\\\/www.meydan.tv\\\/wp-content\\\/uploads\\\/86533.png\",\"datePublished\":\"2022-05-29T11:33:23+00:00\",\"dateModified\":\"2022-05-29T11:33:25+00:00\",\"breadcrumb\":{\"@id\":\"https:\\\/\\\/www.meydan.tv\\\/az\\\/article\\\/meyart-no-land-qrupu-sehne-almaq-bele-bahali-olmamalidir\\\/#breadcrumb\"},\"inLanguage\":\"az\",\"potentialAction\":[{\"@type\":\"ReadAction\",\"target\":[\"https:\\\/\\\/www.meydan.tv\\\/az\\\/article\\\/meyart-no-land-qrupu-sehne-almaq-bele-bahali-olmamalidir\\\/\"]}]},{\"@type\":\"ImageObject\",\"inLanguage\":\"az\",\"@id\":\"https:\\\/\\\/www.meydan.tv\\\/az\\\/article\\\/meyart-no-land-qrupu-sehne-almaq-bele-bahali-olmamalidir\\\/#primaryimage\",\"url\":\"https:\\\/\\\/www.meydan.tv\\\/wp-content\\\/uploads\\\/86533.png\",\"contentUrl\":\"https:\\\/\\\/www.meydan.tv\\\/wp-content\\\/uploads\\\/86533.png\",\"width\":1280,\"height\":720},{\"@type\":\"BreadcrumbList\",\"@id\":\"https:\\\/\\\/www.meydan.tv\\\/az\\\/article\\\/meyart-no-land-qrupu-sehne-almaq-bele-bahali-olmamalidir\\\/#breadcrumb\",\"itemListElement\":[{\"@type\":\"ListItem\",\"position\":1,\"name\":\"Ana s\u0259hif\u0259\",\"item\":\"https:\\\/\\\/www.meydan.tv\\\/az\\\/\"},{\"@type\":\"ListItem\",\"position\":2,\"name\":\"Video\",\"item\":\"https:\\\/\\\/www.meydan.tv\\\/az\\\/section\\\/video-2\\\/\"},{\"@type\":\"ListItem\",\"position\":3,\"name\":\"MeyArt &#8211; &#8220;No Land&#8221; qrupu: &#8220;S\u0259hn\u0259 almaq bel\u0259 bahal\u0131 olmamal\u0131d\u0131r&#8221;\"}]},{\"@type\":\"WebSite\",\"@id\":\"https:\\\/\\\/www.meydan.tv\\\/az\\\/#website\",\"url\":\"https:\\\/\\\/www.meydan.tv\\\/az\\\/\",\"name\":\"MEYDAN.TV\",\"description\":\"Meydan TV Az\u0259rbaycan\u0131n media m\u0259kan\u0131ndak\u0131 alternativ s\u0259sidir\",\"publisher\":{\"@id\":\"https:\\\/\\\/www.meydan.tv\\\/az\\\/#organization\"},\"potentialAction\":[{\"@type\":\"SearchAction\",\"target\":{\"@type\":\"EntryPoint\",\"urlTemplate\":\"https:\\\/\\\/www.meydan.tv\\\/az\\\/?s={search_term_string}\"},\"query-input\":{\"@type\":\"PropertyValueSpecification\",\"valueRequired\":true,\"valueName\":\"search_term_string\"}}],\"inLanguage\":\"az\"},{\"@type\":\"Organization\",\"@id\":\"https:\\\/\\\/www.meydan.tv\\\/az\\\/#organization\",\"name\":\"Meydan TV\",\"url\":\"https:\\\/\\\/www.meydan.tv\\\/az\\\/\",\"logo\":{\"@type\":\"ImageObject\",\"inLanguage\":\"az\",\"@id\":\"https:\\\/\\\/www.meydan.tv\\\/az\\\/#\\\/schema\\\/logo\\\/image\\\/\",\"url\":\"https:\\\/\\\/www.meydan.tv\\\/wp-content\\\/uploads\\\/2021\\\/07\\\/meydan-logo.svg\",\"contentUrl\":\"https:\\\/\\\/www.meydan.tv\\\/wp-content\\\/uploads\\\/2021\\\/07\\\/meydan-logo.svg\",\"width\":195,\"height\":46,\"caption\":\"Meydan TV\"},\"image\":{\"@id\":\"https:\\\/\\\/www.meydan.tv\\\/az\\\/#\\\/schema\\\/logo\\\/image\\\/\"}},{\"@type\":\"Person\",\"@id\":\"https:\\\/\\\/www.meydan.tv\\\/az\\\/#\\\/schema\\\/person\\\/8f23e01c4de63326c13c319fb65ee65d\",\"name\":\"roma\"}]}<\/script>\n<!-- \/ Yoast SEO plugin. -->","yoast_head_json":{"title":"MeyArt - \"No Land\" qrupu: \"S\u0259hn\u0259 almaq bel\u0259 bahal\u0131 olmamal\u0131d\u0131r\" - MEYDAN.TV","robots":{"index":"index","follow":"follow","max-snippet":"max-snippet:-1","max-image-preview":"max-image-preview:large","max-video-preview":"max-video-preview:-1"},"canonical":"https:\/\/www.meydan.tv\/az\/article\/meyart-no-land-qrupu-sehne-almaq-bele-bahali-olmamalidir\/","og_locale":"az_AZ","og_type":"article","og_title":"MeyArt - \"No Land\" qrupu: \"S\u0259hn\u0259 almaq bel\u0259 bahal\u0131 olmamal\u0131d\u0131r\" - MEYDAN.TV","og_url":"https:\/\/www.meydan.tv\/az\/article\/meyart-no-land-qrupu-sehne-almaq-bele-bahali-olmamalidir\/","og_site_name":"MEYDAN.TV","article_published_time":"2022-05-29T11:33:23+00:00","article_modified_time":"2022-05-29T11:33:25+00:00","og_image":[{"width":1280,"height":720,"url":"https:\/\/www.meydan.tv\/wp-content\/uploads\/86533.png","type":"image\/png"}],"author":"roma","twitter_card":"summary_large_image","schema":{"@context":"https:\/\/schema.org","@graph":[{"@type":"Article","@id":"https:\/\/www.meydan.tv\/az\/article\/meyart-no-land-qrupu-sehne-almaq-bele-bahali-olmamalidir\/#article","isPartOf":{"@id":"https:\/\/www.meydan.tv\/az\/article\/meyart-no-land-qrupu-sehne-almaq-bele-bahali-olmamalidir\/"},"author":{"name":"roma","@id":"https:\/\/www.meydan.tv\/az\/#\/schema\/person\/8f23e01c4de63326c13c319fb65ee65d"},"headline":"MeyArt &#8211; &#8220;No Land&#8221; qrupu: &#8220;S\u0259hn\u0259 almaq bel\u0259 bahal\u0131 olmamal\u0131d\u0131r&#8221;","datePublished":"2022-05-29T11:33:23+00:00","dateModified":"2022-05-29T11:33:25+00:00","mainEntityOfPage":{"@id":"https:\/\/www.meydan.tv\/az\/article\/meyart-no-land-qrupu-sehne-almaq-bele-bahali-olmamalidir\/"},"wordCount":468,"publisher":{"@id":"https:\/\/www.meydan.tv\/az\/#organization"},"image":{"@id":"https:\/\/www.meydan.tv\/az\/article\/meyart-no-land-qrupu-sehne-almaq-bele-bahali-olmamalidir\/#primaryimage"},"thumbnailUrl":"https:\/\/www.meydan.tv\/wp-content\/uploads\/86533.png","articleSection":["M\u0259d\u0259niyy\u0259t","Video"],"inLanguage":"az"},{"@type":"WebPage","@id":"https:\/\/www.meydan.tv\/az\/article\/meyart-no-land-qrupu-sehne-almaq-bele-bahali-olmamalidir\/","url":"https:\/\/www.meydan.tv\/az\/article\/meyart-no-land-qrupu-sehne-almaq-bele-bahali-olmamalidir\/","name":"MeyArt - \"No Land\" qrupu: \"S\u0259hn\u0259 almaq bel\u0259 bahal\u0131 olmamal\u0131d\u0131r\" - MEYDAN.TV","isPartOf":{"@id":"https:\/\/www.meydan.tv\/az\/#website"},"primaryImageOfPage":{"@id":"https:\/\/www.meydan.tv\/az\/article\/meyart-no-land-qrupu-sehne-almaq-bele-bahali-olmamalidir\/#primaryimage"},"image":{"@id":"https:\/\/www.meydan.tv\/az\/article\/meyart-no-land-qrupu-sehne-almaq-bele-bahali-olmamalidir\/#primaryimage"},"thumbnailUrl":"https:\/\/www.meydan.tv\/wp-content\/uploads\/86533.png","datePublished":"2022-05-29T11:33:23+00:00","dateModified":"2022-05-29T11:33:25+00:00","breadcrumb":{"@id":"https:\/\/www.meydan.tv\/az\/article\/meyart-no-land-qrupu-sehne-almaq-bele-bahali-olmamalidir\/#breadcrumb"},"inLanguage":"az","potentialAction":[{"@type":"ReadAction","target":["https:\/\/www.meydan.tv\/az\/article\/meyart-no-land-qrupu-sehne-almaq-bele-bahali-olmamalidir\/"]}]},{"@type":"ImageObject","inLanguage":"az","@id":"https:\/\/www.meydan.tv\/az\/article\/meyart-no-land-qrupu-sehne-almaq-bele-bahali-olmamalidir\/#primaryimage","url":"https:\/\/www.meydan.tv\/wp-content\/uploads\/86533.png","contentUrl":"https:\/\/www.meydan.tv\/wp-content\/uploads\/86533.png","width":1280,"height":720},{"@type":"BreadcrumbList","@id":"https:\/\/www.meydan.tv\/az\/article\/meyart-no-land-qrupu-sehne-almaq-bele-bahali-olmamalidir\/#breadcrumb","itemListElement":[{"@type":"ListItem","position":1,"name":"Ana s\u0259hif\u0259","item":"https:\/\/www.meydan.tv\/az\/"},{"@type":"ListItem","position":2,"name":"Video","item":"https:\/\/www.meydan.tv\/az\/section\/video-2\/"},{"@type":"ListItem","position":3,"name":"MeyArt &#8211; &#8220;No Land&#8221; qrupu: &#8220;S\u0259hn\u0259 almaq bel\u0259 bahal\u0131 olmamal\u0131d\u0131r&#8221;"}]},{"@type":"WebSite","@id":"https:\/\/www.meydan.tv\/az\/#website","url":"https:\/\/www.meydan.tv\/az\/","name":"MEYDAN.TV","description":"Meydan TV Az\u0259rbaycan\u0131n media m\u0259kan\u0131ndak\u0131 alternativ s\u0259sidir","publisher":{"@id":"https:\/\/www.meydan.tv\/az\/#organization"},"potentialAction":[{"@type":"SearchAction","target":{"@type":"EntryPoint","urlTemplate":"https:\/\/www.meydan.tv\/az\/?s={search_term_string}"},"query-input":{"@type":"PropertyValueSpecification","valueRequired":true,"valueName":"search_term_string"}}],"inLanguage":"az"},{"@type":"Organization","@id":"https:\/\/www.meydan.tv\/az\/#organization","name":"Meydan TV","url":"https:\/\/www.meydan.tv\/az\/","logo":{"@type":"ImageObject","inLanguage":"az","@id":"https:\/\/www.meydan.tv\/az\/#\/schema\/logo\/image\/","url":"https:\/\/www.meydan.tv\/wp-content\/uploads\/2021\/07\/meydan-logo.svg","contentUrl":"https:\/\/www.meydan.tv\/wp-content\/uploads\/2021\/07\/meydan-logo.svg","width":195,"height":46,"caption":"Meydan TV"},"image":{"@id":"https:\/\/www.meydan.tv\/az\/#\/schema\/logo\/image\/"}},{"@type":"Person","@id":"https:\/\/www.meydan.tv\/az\/#\/schema\/person\/8f23e01c4de63326c13c319fb65ee65d","name":"roma"}]}},"_links":{"self":[{"href":"https:\/\/www.meydan.tv\/az\/wp-json\/wp\/v2\/posts\/246796","targetHints":{"allow":["GET"]}}],"collection":[{"href":"https:\/\/www.meydan.tv\/az\/wp-json\/wp\/v2\/posts"}],"about":[{"href":"https:\/\/www.meydan.tv\/az\/wp-json\/wp\/v2\/types\/post"}],"author":[{"embeddable":true,"href":"https:\/\/www.meydan.tv\/az\/wp-json\/wp\/v2\/users\/14"}],"replies":[{"embeddable":true,"href":"https:\/\/www.meydan.tv\/az\/wp-json\/wp\/v2\/comments?post=246796"}],"version-history":[{"count":1,"href":"https:\/\/www.meydan.tv\/az\/wp-json\/wp\/v2\/posts\/246796\/revisions"}],"predecessor-version":[{"id":246805,"href":"https:\/\/www.meydan.tv\/az\/wp-json\/wp\/v2\/posts\/246796\/revisions\/246805"}],"wp:featuredmedia":[{"embeddable":true,"href":"https:\/\/www.meydan.tv\/az\/wp-json\/wp\/v2\/media\/246802"}],"wp:attachment":[{"href":"https:\/\/www.meydan.tv\/az\/wp-json\/wp\/v2\/media?parent=246796"}],"wp:term":[{"taxonomy":"category","embeddable":true,"href":"https:\/\/www.meydan.tv\/az\/wp-json\/wp\/v2\/categories?post=246796"},{"taxonomy":"post_tag","embeddable":true,"href":"https:\/\/www.meydan.tv\/az\/wp-json\/wp\/v2\/tags?post=246796"}],"curies":[{"name":"wp","href":"https:\/\/api.w.org\/{rel}","templated":true}]}}