{"id":246767,"date":"2022-05-29T00:31:42","date_gmt":"2022-05-28T20:31:42","guid":{"rendered":"https:\/\/www.meydan.tv\/?p=246767"},"modified":"2022-05-29T00:31:44","modified_gmt":"2022-05-28T20:31:44","slug":"ola-bilsin-mtn-ciler-bu-yolla-zerersizlesdirilir","status":"publish","type":"post","link":"https:\/\/www.meydan.tv\/az\/article\/ola-bilsin-mtn-ciler-bu-yolla-zerersizlesdirilir\/","title":{"rendered":"\u201cOla bilsin, MTN-\u00e7il\u0259r bu yolla z\u0259r\u0259rsizl\u0259\u015fdirilir\u201d"},"content":{"rendered":"\n<p><\/p>\n\n\n\n<p><em>\u0130lham \u0130smay\u0131l: \u201c\u018fg\u0259r Akif \u00c7ovdarov kimi qat\u0131 cinay\u0259tkar azadl\u0131qdad\u0131rsa, bu adamlar ondan \u0259vv\u0259l azadl\u0131qda olmal\u0131yd\u0131&#8221;<\/em><\/p>\n\n\n\n<p>May\u0131n 27-d\u0259 imzalanan \u0259fv s\u0259r\u0259ncam\u0131 siyah\u0131s\u0131na 2015-ci ild\u0259 l\u0259\u011fv olunan MTN-nin 4 zabiti daxil edilmi\u015fdi.<\/p>\n\n\n\n<p>Cinay\u0259t M\u0259c\u0259ll\u0259sinin 18 madd\u0259si il\u0259 ittiham olunaraq 12 il i\u015f alm\u0131\u015f, Milli T\u0259hl\u00fck\u0259sizlik Nazirliyinin Monitorinq M\u0259rk\u0259zinin r\u0259isi olmu\u015f, general-mayor Teymur Quliyev, 10 il 6 ay i\u015f alm\u0131\u015f, MTN-nin transmilli cinay\u0259tkarl\u0131\u011fa qar\u015f\u0131 m\u00fcbariz\u0259 \u0130dar\u0259sinin \u0259m\u0259kda\u015flar\u0131 Natiq Al\u0131yev, Zaur M\u0259mm\u0259dov, h\u0259m\u00e7inin 11 il i\u015f alm\u0131\u015f MTN-in Energetika v\u0259 N\u0259qliyyat Sah\u0259l\u0259rind\u0259 T\u0259hl\u00fck\u0259sizlik Ba\u015f \u0130dar\u0259sinin i\u015f\u00e7isi, polkovnik S\u0259lim M\u0259mm\u0259dov da \u0259fv edil\u0259nl\u0259r <a href=\"https:\/\/www.meydan.tv\/az\/article\/efv-serencami-imzalandi-azadliga-cixanlar-arasinda-siyasi-feallar-da-var\/\" target=\"_blank\" rel=\"noreferrer noopener\">s\u0131ras\u0131ndayd\u0131<\/a>.<\/p>\n\n\n\n<p>Adlar\u0131 \u00e7\u0259kil\u0259nl\u0259r 2015-ci ild\u0259 \u201cMTN i\u015fi\u201d \u00fczr\u0259 h\u0259bs olunmu\u015fdular. Son 20 ild\u0259 imzalanan \u0259fv s\u0259r\u0259ncamlar\u0131nda a\u011f\u0131r madd\u0259l\u0259rl\u0259 c\u0259zalananlar\u0131n bu sayda burax\u0131ld\u0131\u011f\u0131 ilk d\u0259f\u0259 m\u00fc\u015fahid\u0259 edilir.<\/p>\n\n\n\n<p>T\u0259hl\u00fck\u0259sizlik m\u0259s\u0259l\u0259l\u0259ri \u00fczr\u0259 ekspert \u0130lham \u0130smay\u0131l \u0259fv\u0259 d\u00fc\u015f\u0259n MTN zabitl\u0259rinin icra\u00e7\u0131 oldu\u011funu vur\u011fulayaraq deyib ki, onlara qar\u015f\u0131 ittiham ir\u0259li s\u00fcr\u0259nl\u0259r bu adamlar\u0131n Eldar Mahmudovun tap\u015f\u0131r\u0131\u011f\u0131n\u0131 yerin\u0259 yetirdiyini bilirdil\u0259r:<\/p>\n\n\n\n<p>&#8220;Eldar Mahmudov da kimin tap\u015f\u0131r\u0131\u011f\u0131n\u0131 hans\u0131 m\u0259qs\u0259dl\u0259 yerin\u0259 yetirib, onu d\u0259qiq bilmir\u0259m. Ancaq Eldar Mahmudov h\u0259bs olunmur. Baxmayaraq ki, prokurorluq \u0259fv olunanlara tap\u015f\u0131r\u0131\u011f\u0131n Eldar Mahmudovdan g\u0259ldiyind\u0259n m\u0259lumatl\u0131yd\u0131. G\u00f6r\u00fcn\u00fcr, daha y\u00fcks\u0259k instansiya var&#8221;.<\/p>\n\n\n\n<p>\u0130lham \u0130smay\u0131l hesab edir ki, MTN i\u015find\u0259 birinci Eldar Mahmudov h\u0259bs olunmal\u0131yd\u0131:<\/p>\n\n\n\n<p>&#8220;H\u0259min zabitl\u0259r is\u0259 icra\u00e7\u0131 kimi az c\u0259za almal\u0131yd\u0131lar, 10-12 il yox. Amma i\u015fi el\u0259 qurdular ki, guya, bu adamlar \u00f6zba\u015f\u0131na i\u015f g\u00f6r\u00fcbl\u0259r. Halbuki, bu sistemd\u0259 \u00f6zba\u015f\u0131na i\u015f g\u00f6rm\u0259k olmur, ham\u0131s\u0131 yuxar\u0131dan olan g\u00f6st\u0259ri\u015fl\u0259ri h\u0259yata ke\u00e7irir&#8221;.<\/p>\n\n\n\n<figure class=\"wp-block-image size-full\"><img decoding=\"async\" width=\"810\" height=\"450\" data-src=\"https:\/\/www.meydan.tv\/wp-content\/uploads\/39944.png\" alt=\"\u0130lham \u0130smay\u0131l\" class=\"wp-image-100970 lazyload\" src=\"data:image\/svg+xml;base64,PHN2ZyB3aWR0aD0iMSIgaGVpZ2h0PSIxIiB4bWxucz0iaHR0cDovL3d3dy53My5vcmcvMjAwMC9zdmciPjwvc3ZnPg==\" style=\"--smush-placeholder-width: 810px; --smush-placeholder-aspect-ratio: 810\/450;\" \/><figcaption>Foto: Meydan TV <\/figcaption><\/figure>\n\n\n\n<p>&#8220;G\u00fcman ki, bu adamlar h\u0259bs olunanda arxay\u0131nla\u015fd\u0131r\u0131blar ki, narahat olmay\u0131n, \u0259mlak\u0131n\u0131za toxunulmayacaq, bir m\u00fcdd\u0259t sonra da burax\u0131lacaqs\u0131n\u0131z. Y\u0259qin ki, h\u0259min raz\u0131l\u0131\u011fa g\u00f6r\u0259 susurlar, dan\u0131\u015fm\u0131rlar. \u018fg\u0259r Akif \u00c7ovdarov kimi qat\u0131 cinay\u0259tkar azadl\u0131qdad\u0131rsa, bu adamlar ondan \u0259vv\u0259l azadl\u0131qda olmal\u0131yd\u0131&#8221;, &#8211; dey\u0259 \u0130lham \u0130smay\u0131l fikrini yekynla\u015fd\u0131r\u0131b.<\/p>\n\n\n\n<p>Politoloq \u018fr\u0259stun Oruclunun q\u0259na\u0259tinc\u0259, \u201cMTN i\u015fi\u201dnin istintaq\u0131 ilk g\u00fcnl\u0259rd\u0259n xeyli suallar yaratm\u0131\u015fd\u0131 v\u0259 bu g\u00fcn d\u0259 h\u0259min suallar qalmaqdad\u0131r:<\/p>\n\n\n\n<p>\u201c\u018fvv\u0259la, 20-d\u0259n \u00e7ox zabiti h\u0259bs olunan nazirliyin ba\u015f\u00e7\u0131s\u0131 Eldar Mahmudov v\u0259 m\u00fcavinl\u0259ri Hilal \u018fs\u0259dov, \u018fli \u015e\u0259fiyev niy\u0259 azadl\u0131qda qald\u0131? T\u0259\u0259ss\u00fcf ki, t\u0259dric\u0259n bu m\u0259s\u0259l\u0259 unuduldu. \u0130kinci, bu g\u00fcn d\u0259 davam ed\u0259n M\u00f6vlam \u015e\u0131x\u0259liyevin m\u0259hk\u0259m\u0259 adlanan m\u0259zh\u0259k\u0259si bu qrupun \u00f6z\u00fcn\u00fc \u00e7ox g\u00fccl\u00fc hiss etdiyini, himay\u0259 olundu\u011funu t\u0259sdiql\u0259yir. \u018fks halda, \u015e\u0131x\u0259liyev m\u0259hk\u0259m\u0259d\u0259 z\u0259r\u0259r\u00e7\u0259kmi\u015fl\u0259ri h\u0259d\u0259l\u0259yib s\u00f6ym\u0259zdi, h\u0259tta hakim ona &#8220;m\u00fc\u0259llim&#8221; dey\u0259 m\u00fcraci\u0259t edir, \u00e7ox biab\u0131r\u00e7\u0131 bir prosesdir. \u00dc\u00e7\u00fcnc\u00fcs\u00fc, h\u0259l\u0259 bir m\u00fcdd\u0259t \u0259vv\u0259l koronavirus b\u0259han\u0259siyl\u0259 MTN cinay\u0259tkar qrupunun \u0259sas fiquru Akif \u00c7ovdarov v\u0259 S\u00fcbahir Qurbanov \u0259fv edildil\u0259r. Sadalad\u0131qlar\u0131mdan do\u011fan \u0259sas sual odur ki, niy\u0259 MTN cinay\u0259tkarlar\u0131 c\u0259zas\u0131z qald\u0131? \u00c7\u00fcnki onlar\u0131n t\u00f6r\u0259tdikl\u0259rinin m\u00fcqabilind\u0259 bunlar c\u0259za deyildi\u201d.<\/p>\n\n\n\n<p>\u018fr\u0259stun Oruclu hesab edir ki, MTN-\u00e7il\u0259rin d\u00f6vl\u0259t\u0259 qar\u015f\u0131 t\u00f6r\u0259tdiyi cinay\u0259tl\u0259r istintaq\u0131n predmeti olmad\u0131:<\/p>\n\n\n\n<p>\u201cM\u0259s\u0259l\u0259 ondad\u0131r ki, MTN-nin apard\u0131\u011f\u0131 bir s\u0131ra i\u015fl\u0259rd\u0259 \u00e7oxsayl\u0131 q\u0259tll\u0259r olmu\u015fdu, amma bunlarla ba\u011fl\u0131 ittiham ir\u0259li s\u00fcr\u00fclm\u0259di. 5 n\u0259f\u0259rin q\u0259tli haqq\u0131nda m\u0259lumat var, amma konkret olaraq, qondarma \u201cS\u0259id Dada\u015fb\u0259yli i\u015fi\u201dnd\u0259 bir n\u0259f\u0259rin q\u0259tli \u00fcz\u0259 \u00e7\u0131xd\u0131. T\u0259\u0259ss\u00fcf ki, bu m\u0259s\u0259l\u0259 n\u0259 istintaqda, n\u0259 d\u0259 m\u0259hk\u0259m\u0259d\u0259 a\u00e7\u0131ld\u0131\u201d.<\/p>\n\n\n\n<p>\u201cMTN-\u00e7il\u0259r\u0259 bel\u0259 yum\u015faq m\u00fcnasib\u0259tin s\u0259b\u0259bi n\u0259dir\u201d sual\u0131na g\u0259linc\u0259, \u018fr\u0259stun Oruclu bildirib ki, bu qrupun \u0259lind\u0259 olan \u00e7oxlu if\u015faedici materiallar onlar\u0131 qoruma\u011fa xidm\u0259t edir:<\/p>\n\n\n\n<p>\u201c\u018fslind\u0259, ba\u015fl\u0131ca s\u0259b\u0259b bu da deyil, odur ki, Eldar Mahmudov v\u0259 onun d\u0259st\u0259si siyasi hakimiyy\u0259tin \u00e7oxsayl\u0131 sifari\u015fini yerin\u0259 yetirib. \u00c7ox g\u00fcman ki, h\u0259min sifari\u015fl\u0259ri yerin\u0259 yetirm\u0259kl\u0259 yana\u015f\u0131 paralel \u015f\u0259kild\u0259 hakimiyy\u0259t\u0259 qar\u015f\u0131 s\u00fcbutlar da toplay\u0131blar. 18 madd\u0259 il\u0259 ittiham olunan Teymur Quliyevun h\u0259bsinin ba\u015fl\u0131ca s\u0259b\u0259bi y\u00fczl\u0259rl\u0259 qanunsuz dinl\u0259m\u0259l\u0259r aparmas\u0131yd\u0131. \u0130stintaqda is\u0259 3-5 dinl\u0259m\u0259d\u0259n s\u00f6hb\u0259t gedirdi, bu dinl\u0259m\u0259l\u0259r, izl\u0259m\u0259l\u0259r aras\u0131nda hakimiyy\u0259tin y\u00fcks\u0259k e\u015falonunda yer tutanlar\u0131n \u00f6zl\u0259ri v\u0259 ail\u0259l\u0259ri var idi\u201d.<\/p>\n\n\n\n<p>\u018fr\u0259stun Oruclu d\u00fc\u015f\u00fcn\u00fcr ki, g\u00f6r\u00fcn\u00fcr, toplanm\u0131\u015f bu materiallar hakimiyy\u0259ti onlarla anla\u015fmaya getm\u0259y\u0259 m\u0259cbur edib. Anla\u015fman\u0131n \u015f\u0259rtl\u0259rind\u0259n biri d\u0259 o ola bil\u0259r ki, \u00c7ovdarov xaric Mahmudova v\u0259 \u0259n yax\u0131n \u00e7evr\u0259sin\u0259 toxunulmayacaq, qalanlar\u0131 m\u00fc\u0259yy\u0259n m\u00fcdd\u0259t h\u0259bsd\u0259 qal\u0131b, sonradan azad edil\u0259c\u0259k:<\/p>\n\n\n\n<p>\u201cSon vaxtlar da bu adamlar\u0131n m\u0259suliyy\u0259td\u0259n azad edilm\u0259si s\u00fcr\u0259tl\u0259nib. Adi bir misal, H\u0259rbi-\u018fks K\u0259\u015ffiyyat \u0130dar\u0259sinin r\u0259isi Nizami \u015eirinovun f\u0259aliyy\u0259ti n\u0259tic\u0259sind\u0259 Az\u0259rbaycan ordusunun da\u011f\u0131d\u0131lmas\u0131 m\u00fcmk\u00fcn olub. Konkret olaraq, xarici \u00f6lk\u0259l\u0259rin orduya yerl\u0259\u015fdirdiyi casuslar H\u0259rbi D\u0259niz Donanmas\u0131n\u0131 b\u0259rbad v\u0259ziyy\u0259t\u0259 sald\u0131, yaxud \u201cT\u0259rt\u0259r i\u015fi\u201dni el\u0259 h\u0259min adamlar t\u00f6r\u0259tdi\u201d.<\/p>\n\n\n\n<figure class=\"wp-block-image size-full\"><img decoding=\"async\" width=\"721\" height=\"701\" data-src=\"https:\/\/www.meydan.tv\/wp-content\/uploads\/118728382_357734925398062_7336660153914955853_n.png\" alt=\"\u018fr\u0259stun Oruclu\" class=\"wp-image-147329 lazyload\" src=\"data:image\/svg+xml;base64,PHN2ZyB3aWR0aD0iMSIgaGVpZ2h0PSIxIiB4bWxucz0iaHR0cDovL3d3dy53My5vcmcvMjAwMC9zdmciPjwvc3ZnPg==\" style=\"--smush-placeholder-width: 721px; --smush-placeholder-aspect-ratio: 721\/701;\" \/><figcaption>\u018fr\u0259stun Oruclu, M\u0259nb\u0259:  Meydan TV<\/figcaption><\/figure>\n\n\n\n<p>B\u0259s siyasi hakimiyy\u0259t niy\u0259 t\u0259dbir g\u00f6rm\u00fcr? Politoloqun fikrinc\u0259, buna dair bir ne\u00e7\u0259 ehtimal var:<\/p>\n\n\n\n<p>\u201cBirinci, bu qrup \u00f6lk\u0259nin \u0259sas qurumlar\u0131n\u0131 o d\u0259r\u0259c\u0259d\u0259 d\u0259rind\u0259n n\u0259zar\u0259t\u0259 g\u00f6t\u00fcr\u00fcb ki, siyasi hakimiyy\u0259t bunun qar\u015f\u0131s\u0131nda acizdir. Faktiki, bunlar \u015f\u0259rtl\u0259rini dikt\u0259 edirl\u0259r v\u0259 n\u0259tic\u0259d\u0259 hakimiyy\u0259t onlarla anla\u015fma\u011fa m\u0259cbur olur. G\u00f6r\u00fcn\u00fcr, hakimiyy\u0259t \u00f6lk\u0259y\u0259 n\u0259zar\u0259ti itirib v\u0259 gedi\u015fat cinay\u0259t \u00e7\u0259t\u0259l\u0259rin irad\u0259sil\u0259 idar\u0259 olunur. \u0130kinci, m\u00fcmk\u00fcnd\u00fcr ki, hakimiyy\u0259tin yuxar\u0131 pill\u0259sind\u0259 hans\u0131sa yerd\u0259yi\u015fm\u0259l\u0259rin olaca\u011f\u0131 g\u00f6zl\u0259nilir\u201d.<\/p>\n\n\n\n<p>\u018fr\u0259stun Oruclu deyir ki, daxild\u0259 buna m\u00fcqavim\u0259t d\u0259 var, m\u00fcbariz\u0259 getdikc\u0259, k\u0259skinl\u0259\u015fir, ola bilsin, MTN-\u00e7il\u0259r bu yolla z\u0259r\u0259rsizl\u0259\u015fdirilir, yaxud onlar\u0131n loyall\u0131\u011f\u0131na nail olmaq \u00fc\u00e7\u00fcn \u0130lham \u018fliyev bu add\u0131mlar\u0131 at\u0131r. Bir n\u00f6v at\u0259\u015fk\u0259s \u0259ld\u0259 etm\u0259k ist\u0259yir:<\/p>\n\n\n\n<p>\u201cBunlar yaln\u0131z ehtimald\u0131r, amma he\u00e7 biri istisna olunmur. M\u0259s\u0259l\u0259 ondad\u0131r ki, MTN \u00e7\u0259t\u0259si t\u0259kc\u0259 \u00fczd\u0259 g\u00f6r\u00fcn\u0259n deyil, onlar y\u00fczl\u0259rl\u0259 adama qar\u015f\u0131 if\u015faedici materiallar toplay\u0131blar, agentura \u015f\u0259klind\u0259 \u0259m\u0259kda\u015fl\u0131\u011fa c\u0259lb edibl\u0259r, lakin s\u0259n\u0259dl\u0259\u015fdirm\u0259yibl\u0259r. Faktiki paralel d\u00f6vl\u0259t strukturlar\u0131 qurublar. Bir variant da odur ki, hakimiyy\u0259t daxild\u0259 \u00e7ox ciddi t\u0259mizl\u0259m\u0259 i\u015fl\u0259rin\u0259 haz\u0131rla\u015f\u0131r, hans\u0131sa qruplar\u0131 z\u0259r\u0259sizl\u0259\u015fdirm\u0259k ist\u0259yir. Ona g\u00f6r\u0259 ke\u00e7mi\u015f cinay\u0259tkar d\u0259st\u0259l\u0259ri bu yolla neytralla\u015fd\u0131r\u0131r ki, \u00f6z\u00fcn\u0259 qar\u015f\u0131 olan d\u00fc\u015fm\u0259n dair\u0259ni geni\u015fl\u0259ndirm\u0259sin\u201d.<\/p>\n\n\n\n<p>2015-ci il oktyabr\u0131n 17-d\u0259 MTN-d\u0259 ke\u00e7iril\u0259n \u0259m\u0259liyyat n\u0259tic\u0259sind\u0259 nazir Eldar Mahmudov v\u0259zif\u0259sind\u0259n azad olunub, nazirliyin 5 general\u0131 (Akif \u00c7ovdarov, Nat\u0259van M\u00fcrv\u0259tova, S\u00fcbahir Qurbanov, Teymur Quliyev v\u0259 El\u00e7in Quliyev) v\u0259 daha 16 n\u0259f\u0259r m\u00fcxt\u0259lif r\u00fctb\u0259li \u0259m\u0259kda\u015f\u0131 saxlan\u0131l\u0131b. Onlardan yaln\u0131z Nat\u0259van M\u00fcrv\u0259tova ev dustaql\u0131\u011f\u0131nda olub. MTN-in Antiterror M\u0259rk\u0259zinin r\u0259is m\u00fcavini, polkovnik \u0130lqar \u018fliyev is\u0259 h\u0259min ilin dekabr\u0131nda Bak\u0131 \u0130stintaq T\u0259cridxanas\u0131nda intihar edib.<\/p>\n\n\n\n<p>\u018fm\u0259liyyatdan 2 ay sonra Prezident \u0130lham \u018fliyev D\u00f6vl\u0259t T\u0259hl\u00fck\u0259sizliyi Xidm\u0259tinin v\u0259 Xarici K\u0259\u015ffiyyat Xidm\u0259tinin yarad\u0131lmas\u0131 haqda f\u0259rman imzalamaqla, faktiki olaraq, MTN-in qurum olaraq l\u0259\u011fvin\u0259 imza atm\u0131\u015f oldu.<\/p>\n","protected":false},"excerpt":{"rendered":"<p>\u0130lham \u0130smay\u0131l: \u201c\u018fg\u0259r Akif \u00c7ovdarov kimi qat\u0131 cinay\u0259tkar azadl\u0131qdad\u0131rsa, bu &#8230; <\/p>\n<p class=\"read-more-container\"><a title=\"\u201cOla bilsin, MTN-\u00e7il\u0259r bu yolla z\u0259r\u0259rsizl\u0259\u015fdirilir\u201d\" class=\"read-more button\" href=\"https:\/\/www.meydan.tv\/az\/article\/ola-bilsin-mtn-ciler-bu-yolla-zerersizlesdirilir\/#more-246767\" aria-label=\"Read more about \u201cOla bilsin, MTN-\u00e7il\u0259r bu yolla z\u0259r\u0259rsizl\u0259\u015fdirilir\u201d\">Davam\u0131<\/a><\/p>\n","protected":false},"author":8,"featured_media":79179,"comment_status":"closed","ping_status":"closed","sticky":false,"template":"","format":"standard","meta":{"_acf_changed":false,"_sitemap_exclude":false,"_sitemap_priority":"","_sitemap_frequency":"","footnotes":""},"categories":[59,79,56],"tags":[],"class_list":["post-246767","post","type-post","status-publish","format-standard","has-post-thumbnail","hentry","category-siyaset","category-featured","category-xeberler","infinite-scroll-item","generate-columns","tablet-grid-50","mobile-grid-100","grid-parent","grid-33","no-featured-image-padding"],"acf":[],"yoast_head":"<!-- This site is optimized with the Yoast SEO plugin v27.4 - https:\/\/yoast.com\/product\/yoast-seo-wordpress\/ -->\n<title>\u201cOla bilsin, MTN-\u00e7il\u0259r bu yolla z\u0259r\u0259rsizl\u0259\u015fdirilir\u201d - MEYDAN.TV<\/title>\n<meta name=\"robots\" content=\"index, follow, max-snippet:-1, max-image-preview:large, max-video-preview:-1\" \/>\n<link rel=\"canonical\" href=\"https:\/\/www.meydan.tv\/az\/article\/ola-bilsin-mtn-ciler-bu-yolla-zerersizlesdirilir\/\" \/>\n<meta property=\"og:locale\" content=\"az_AZ\" \/>\n<meta property=\"og:type\" content=\"article\" \/>\n<meta property=\"og:title\" content=\"\u201cOla bilsin, MTN-\u00e7il\u0259r bu yolla z\u0259r\u0259rsizl\u0259\u015fdirilir\u201d - MEYDAN.TV\" \/>\n<meta property=\"og:description\" content=\"\u0130lham \u0130smay\u0131l: \u201c\u018fg\u0259r Akif \u00c7ovdarov kimi qat\u0131 cinay\u0259tkar azadl\u0131qdad\u0131rsa, bu ... Davam\u0131\" \/>\n<meta property=\"og:url\" content=\"https:\/\/www.meydan.tv\/az\/article\/ola-bilsin-mtn-ciler-bu-yolla-zerersizlesdirilir\/\" \/>\n<meta property=\"og:site_name\" content=\"MEYDAN.TV\" \/>\n<meta property=\"article:published_time\" content=\"2022-05-28T20:31:42+00:00\" \/>\n<meta property=\"article:modified_time\" content=\"2022-05-28T20:31:44+00:00\" \/>\n<meta property=\"og:image\" content=\"https:\/\/www.meydan.tv\/wp-content\/uploads\/30835.jpg\" \/>\n\t<meta property=\"og:image:width\" content=\"1080\" \/>\n\t<meta property=\"og:image:height\" content=\"608\" \/>\n\t<meta property=\"og:image:type\" content=\"image\/jpeg\" \/>\n<meta name=\"author\" content=\"elli\" \/>\n<meta name=\"twitter:card\" content=\"summary_large_image\" \/>\n<meta name=\"twitter:creator\" content=\"@elli\" \/>\n<script type=\"application\/ld+json\" class=\"yoast-schema-graph\">{\"@context\":\"https:\\\/\\\/schema.org\",\"@graph\":[{\"@type\":\"Article\",\"@id\":\"https:\\\/\\\/www.meydan.tv\\\/az\\\/article\\\/ola-bilsin-mtn-ciler-bu-yolla-zerersizlesdirilir\\\/#article\",\"isPartOf\":{\"@id\":\"https:\\\/\\\/www.meydan.tv\\\/az\\\/article\\\/ola-bilsin-mtn-ciler-bu-yolla-zerersizlesdirilir\\\/\"},\"author\":{\"name\":\"elli\",\"@id\":\"https:\\\/\\\/www.meydan.tv\\\/az\\\/#\\\/schema\\\/person\\\/9cdbecf90d17180ce1dfbd95b08dcf47\"},\"headline\":\"\u201cOla bilsin, MTN-\u00e7il\u0259r bu yolla z\u0259r\u0259rsizl\u0259\u015fdirilir\u201d\",\"datePublished\":\"2022-05-28T20:31:42+00:00\",\"dateModified\":\"2022-05-28T20:31:44+00:00\",\"mainEntityOfPage\":{\"@id\":\"https:\\\/\\\/www.meydan.tv\\\/az\\\/article\\\/ola-bilsin-mtn-ciler-bu-yolla-zerersizlesdirilir\\\/\"},\"wordCount\":1467,\"publisher\":{\"@id\":\"https:\\\/\\\/www.meydan.tv\\\/az\\\/#organization\"},\"image\":{\"@id\":\"https:\\\/\\\/www.meydan.tv\\\/az\\\/article\\\/ola-bilsin-mtn-ciler-bu-yolla-zerersizlesdirilir\\\/#primaryimage\"},\"thumbnailUrl\":\"https:\\\/\\\/www.meydan.tv\\\/wp-content\\\/uploads\\\/30835.jpg\",\"articleSection\":[\"Siyas\u0259t\",\"T\u00f6vsiy\u0259\",\"X\u0259b\u0259rl\u0259r\"],\"inLanguage\":\"az\"},{\"@type\":\"WebPage\",\"@id\":\"https:\\\/\\\/www.meydan.tv\\\/az\\\/article\\\/ola-bilsin-mtn-ciler-bu-yolla-zerersizlesdirilir\\\/\",\"url\":\"https:\\\/\\\/www.meydan.tv\\\/az\\\/article\\\/ola-bilsin-mtn-ciler-bu-yolla-zerersizlesdirilir\\\/\",\"name\":\"\u201cOla bilsin, MTN-\u00e7il\u0259r bu yolla z\u0259r\u0259rsizl\u0259\u015fdirilir\u201d - MEYDAN.TV\",\"isPartOf\":{\"@id\":\"https:\\\/\\\/www.meydan.tv\\\/az\\\/#website\"},\"primaryImageOfPage\":{\"@id\":\"https:\\\/\\\/www.meydan.tv\\\/az\\\/article\\\/ola-bilsin-mtn-ciler-bu-yolla-zerersizlesdirilir\\\/#primaryimage\"},\"image\":{\"@id\":\"https:\\\/\\\/www.meydan.tv\\\/az\\\/article\\\/ola-bilsin-mtn-ciler-bu-yolla-zerersizlesdirilir\\\/#primaryimage\"},\"thumbnailUrl\":\"https:\\\/\\\/www.meydan.tv\\\/wp-content\\\/uploads\\\/30835.jpg\",\"datePublished\":\"2022-05-28T20:31:42+00:00\",\"dateModified\":\"2022-05-28T20:31:44+00:00\",\"breadcrumb\":{\"@id\":\"https:\\\/\\\/www.meydan.tv\\\/az\\\/article\\\/ola-bilsin-mtn-ciler-bu-yolla-zerersizlesdirilir\\\/#breadcrumb\"},\"inLanguage\":\"az\",\"potentialAction\":[{\"@type\":\"ReadAction\",\"target\":[\"https:\\\/\\\/www.meydan.tv\\\/az\\\/article\\\/ola-bilsin-mtn-ciler-bu-yolla-zerersizlesdirilir\\\/\"]}]},{\"@type\":\"ImageObject\",\"inLanguage\":\"az\",\"@id\":\"https:\\\/\\\/www.meydan.tv\\\/az\\\/article\\\/ola-bilsin-mtn-ciler-bu-yolla-zerersizlesdirilir\\\/#primaryimage\",\"url\":\"https:\\\/\\\/www.meydan.tv\\\/wp-content\\\/uploads\\\/30835.jpg\",\"contentUrl\":\"https:\\\/\\\/www.meydan.tv\\\/wp-content\\\/uploads\\\/30835.jpg\",\"width\":1080,\"height\":608,\"caption\":\"Foto: Az\u0259rtac\"},{\"@type\":\"BreadcrumbList\",\"@id\":\"https:\\\/\\\/www.meydan.tv\\\/az\\\/article\\\/ola-bilsin-mtn-ciler-bu-yolla-zerersizlesdirilir\\\/#breadcrumb\",\"itemListElement\":[{\"@type\":\"ListItem\",\"position\":1,\"name\":\"Ana s\u0259hif\u0259\",\"item\":\"https:\\\/\\\/www.meydan.tv\\\/az\\\/\"},{\"@type\":\"ListItem\",\"position\":2,\"name\":\"Siyas\u0259t\",\"item\":\"https:\\\/\\\/www.meydan.tv\\\/az\\\/section\\\/siyaset\\\/\"},{\"@type\":\"ListItem\",\"position\":3,\"name\":\"\u201cOla bilsin, MTN-\u00e7il\u0259r bu yolla z\u0259r\u0259rsizl\u0259\u015fdirilir\u201d\"}]},{\"@type\":\"WebSite\",\"@id\":\"https:\\\/\\\/www.meydan.tv\\\/az\\\/#website\",\"url\":\"https:\\\/\\\/www.meydan.tv\\\/az\\\/\",\"name\":\"MEYDAN.TV\",\"description\":\"Meydan TV Az\u0259rbaycan\u0131n media m\u0259kan\u0131ndak\u0131 alternativ s\u0259sidir\",\"publisher\":{\"@id\":\"https:\\\/\\\/www.meydan.tv\\\/az\\\/#organization\"},\"potentialAction\":[{\"@type\":\"SearchAction\",\"target\":{\"@type\":\"EntryPoint\",\"urlTemplate\":\"https:\\\/\\\/www.meydan.tv\\\/az\\\/?s={search_term_string}\"},\"query-input\":{\"@type\":\"PropertyValueSpecification\",\"valueRequired\":true,\"valueName\":\"search_term_string\"}}],\"inLanguage\":\"az\"},{\"@type\":\"Organization\",\"@id\":\"https:\\\/\\\/www.meydan.tv\\\/az\\\/#organization\",\"name\":\"Meydan TV\",\"url\":\"https:\\\/\\\/www.meydan.tv\\\/az\\\/\",\"logo\":{\"@type\":\"ImageObject\",\"inLanguage\":\"az\",\"@id\":\"https:\\\/\\\/www.meydan.tv\\\/az\\\/#\\\/schema\\\/logo\\\/image\\\/\",\"url\":\"https:\\\/\\\/www.meydan.tv\\\/wp-content\\\/uploads\\\/2021\\\/07\\\/meydan-logo.svg\",\"contentUrl\":\"https:\\\/\\\/www.meydan.tv\\\/wp-content\\\/uploads\\\/2021\\\/07\\\/meydan-logo.svg\",\"width\":195,\"height\":46,\"caption\":\"Meydan TV\"},\"image\":{\"@id\":\"https:\\\/\\\/www.meydan.tv\\\/az\\\/#\\\/schema\\\/logo\\\/image\\\/\"}},{\"@type\":\"Person\",\"@id\":\"https:\\\/\\\/www.meydan.tv\\\/az\\\/#\\\/schema\\\/person\\\/9cdbecf90d17180ce1dfbd95b08dcf47\",\"name\":\"elli\",\"sameAs\":[\"https:\\\/\\\/x.com\\\/elli\"]}]}<\/script>\n<!-- \/ Yoast SEO plugin. -->","yoast_head_json":{"title":"\u201cOla bilsin, MTN-\u00e7il\u0259r bu yolla z\u0259r\u0259rsizl\u0259\u015fdirilir\u201d - MEYDAN.TV","robots":{"index":"index","follow":"follow","max-snippet":"max-snippet:-1","max-image-preview":"max-image-preview:large","max-video-preview":"max-video-preview:-1"},"canonical":"https:\/\/www.meydan.tv\/az\/article\/ola-bilsin-mtn-ciler-bu-yolla-zerersizlesdirilir\/","og_locale":"az_AZ","og_type":"article","og_title":"\u201cOla bilsin, MTN-\u00e7il\u0259r bu yolla z\u0259r\u0259rsizl\u0259\u015fdirilir\u201d - MEYDAN.TV","og_description":"\u0130lham \u0130smay\u0131l: \u201c\u018fg\u0259r Akif \u00c7ovdarov kimi qat\u0131 cinay\u0259tkar azadl\u0131qdad\u0131rsa, bu ... Davam\u0131","og_url":"https:\/\/www.meydan.tv\/az\/article\/ola-bilsin-mtn-ciler-bu-yolla-zerersizlesdirilir\/","og_site_name":"MEYDAN.TV","article_published_time":"2022-05-28T20:31:42+00:00","article_modified_time":"2022-05-28T20:31:44+00:00","og_image":[{"width":1080,"height":608,"url":"https:\/\/www.meydan.tv\/wp-content\/uploads\/30835.jpg","type":"image\/jpeg"}],"author":"elli","twitter_card":"summary_large_image","twitter_creator":"@elli","schema":{"@context":"https:\/\/schema.org","@graph":[{"@type":"Article","@id":"https:\/\/www.meydan.tv\/az\/article\/ola-bilsin-mtn-ciler-bu-yolla-zerersizlesdirilir\/#article","isPartOf":{"@id":"https:\/\/www.meydan.tv\/az\/article\/ola-bilsin-mtn-ciler-bu-yolla-zerersizlesdirilir\/"},"author":{"name":"elli","@id":"https:\/\/www.meydan.tv\/az\/#\/schema\/person\/9cdbecf90d17180ce1dfbd95b08dcf47"},"headline":"\u201cOla bilsin, MTN-\u00e7il\u0259r bu yolla z\u0259r\u0259rsizl\u0259\u015fdirilir\u201d","datePublished":"2022-05-28T20:31:42+00:00","dateModified":"2022-05-28T20:31:44+00:00","mainEntityOfPage":{"@id":"https:\/\/www.meydan.tv\/az\/article\/ola-bilsin-mtn-ciler-bu-yolla-zerersizlesdirilir\/"},"wordCount":1467,"publisher":{"@id":"https:\/\/www.meydan.tv\/az\/#organization"},"image":{"@id":"https:\/\/www.meydan.tv\/az\/article\/ola-bilsin-mtn-ciler-bu-yolla-zerersizlesdirilir\/#primaryimage"},"thumbnailUrl":"https:\/\/www.meydan.tv\/wp-content\/uploads\/30835.jpg","articleSection":["Siyas\u0259t","T\u00f6vsiy\u0259","X\u0259b\u0259rl\u0259r"],"inLanguage":"az"},{"@type":"WebPage","@id":"https:\/\/www.meydan.tv\/az\/article\/ola-bilsin-mtn-ciler-bu-yolla-zerersizlesdirilir\/","url":"https:\/\/www.meydan.tv\/az\/article\/ola-bilsin-mtn-ciler-bu-yolla-zerersizlesdirilir\/","name":"\u201cOla bilsin, MTN-\u00e7il\u0259r bu yolla z\u0259r\u0259rsizl\u0259\u015fdirilir\u201d - MEYDAN.TV","isPartOf":{"@id":"https:\/\/www.meydan.tv\/az\/#website"},"primaryImageOfPage":{"@id":"https:\/\/www.meydan.tv\/az\/article\/ola-bilsin-mtn-ciler-bu-yolla-zerersizlesdirilir\/#primaryimage"},"image":{"@id":"https:\/\/www.meydan.tv\/az\/article\/ola-bilsin-mtn-ciler-bu-yolla-zerersizlesdirilir\/#primaryimage"},"thumbnailUrl":"https:\/\/www.meydan.tv\/wp-content\/uploads\/30835.jpg","datePublished":"2022-05-28T20:31:42+00:00","dateModified":"2022-05-28T20:31:44+00:00","breadcrumb":{"@id":"https:\/\/www.meydan.tv\/az\/article\/ola-bilsin-mtn-ciler-bu-yolla-zerersizlesdirilir\/#breadcrumb"},"inLanguage":"az","potentialAction":[{"@type":"ReadAction","target":["https:\/\/www.meydan.tv\/az\/article\/ola-bilsin-mtn-ciler-bu-yolla-zerersizlesdirilir\/"]}]},{"@type":"ImageObject","inLanguage":"az","@id":"https:\/\/www.meydan.tv\/az\/article\/ola-bilsin-mtn-ciler-bu-yolla-zerersizlesdirilir\/#primaryimage","url":"https:\/\/www.meydan.tv\/wp-content\/uploads\/30835.jpg","contentUrl":"https:\/\/www.meydan.tv\/wp-content\/uploads\/30835.jpg","width":1080,"height":608,"caption":"Foto: Az\u0259rtac"},{"@type":"BreadcrumbList","@id":"https:\/\/www.meydan.tv\/az\/article\/ola-bilsin-mtn-ciler-bu-yolla-zerersizlesdirilir\/#breadcrumb","itemListElement":[{"@type":"ListItem","position":1,"name":"Ana s\u0259hif\u0259","item":"https:\/\/www.meydan.tv\/az\/"},{"@type":"ListItem","position":2,"name":"Siyas\u0259t","item":"https:\/\/www.meydan.tv\/az\/section\/siyaset\/"},{"@type":"ListItem","position":3,"name":"\u201cOla bilsin, MTN-\u00e7il\u0259r bu yolla z\u0259r\u0259rsizl\u0259\u015fdirilir\u201d"}]},{"@type":"WebSite","@id":"https:\/\/www.meydan.tv\/az\/#website","url":"https:\/\/www.meydan.tv\/az\/","name":"MEYDAN.TV","description":"Meydan TV Az\u0259rbaycan\u0131n media m\u0259kan\u0131ndak\u0131 alternativ s\u0259sidir","publisher":{"@id":"https:\/\/www.meydan.tv\/az\/#organization"},"potentialAction":[{"@type":"SearchAction","target":{"@type":"EntryPoint","urlTemplate":"https:\/\/www.meydan.tv\/az\/?s={search_term_string}"},"query-input":{"@type":"PropertyValueSpecification","valueRequired":true,"valueName":"search_term_string"}}],"inLanguage":"az"},{"@type":"Organization","@id":"https:\/\/www.meydan.tv\/az\/#organization","name":"Meydan TV","url":"https:\/\/www.meydan.tv\/az\/","logo":{"@type":"ImageObject","inLanguage":"az","@id":"https:\/\/www.meydan.tv\/az\/#\/schema\/logo\/image\/","url":"https:\/\/www.meydan.tv\/wp-content\/uploads\/2021\/07\/meydan-logo.svg","contentUrl":"https:\/\/www.meydan.tv\/wp-content\/uploads\/2021\/07\/meydan-logo.svg","width":195,"height":46,"caption":"Meydan TV"},"image":{"@id":"https:\/\/www.meydan.tv\/az\/#\/schema\/logo\/image\/"}},{"@type":"Person","@id":"https:\/\/www.meydan.tv\/az\/#\/schema\/person\/9cdbecf90d17180ce1dfbd95b08dcf47","name":"elli","sameAs":["https:\/\/x.com\/elli"]}]}},"_links":{"self":[{"href":"https:\/\/www.meydan.tv\/az\/wp-json\/wp\/v2\/posts\/246767","targetHints":{"allow":["GET"]}}],"collection":[{"href":"https:\/\/www.meydan.tv\/az\/wp-json\/wp\/v2\/posts"}],"about":[{"href":"https:\/\/www.meydan.tv\/az\/wp-json\/wp\/v2\/types\/post"}],"author":[{"embeddable":true,"href":"https:\/\/www.meydan.tv\/az\/wp-json\/wp\/v2\/users\/8"}],"replies":[{"embeddable":true,"href":"https:\/\/www.meydan.tv\/az\/wp-json\/wp\/v2\/comments?post=246767"}],"version-history":[{"count":1,"href":"https:\/\/www.meydan.tv\/az\/wp-json\/wp\/v2\/posts\/246767\/revisions"}],"predecessor-version":[{"id":246768,"href":"https:\/\/www.meydan.tv\/az\/wp-json\/wp\/v2\/posts\/246767\/revisions\/246768"}],"wp:featuredmedia":[{"embeddable":true,"href":"https:\/\/www.meydan.tv\/az\/wp-json\/wp\/v2\/media\/79179"}],"wp:attachment":[{"href":"https:\/\/www.meydan.tv\/az\/wp-json\/wp\/v2\/media?parent=246767"}],"wp:term":[{"taxonomy":"category","embeddable":true,"href":"https:\/\/www.meydan.tv\/az\/wp-json\/wp\/v2\/categories?post=246767"},{"taxonomy":"post_tag","embeddable":true,"href":"https:\/\/www.meydan.tv\/az\/wp-json\/wp\/v2\/tags?post=246767"}],"curies":[{"name":"wp","href":"https:\/\/api.w.org\/{rel}","templated":true}]}}