{"id":246752,"date":"2022-05-28T18:17:25","date_gmt":"2022-05-28T14:17:25","guid":{"rendered":"https:\/\/www.meydan.tv\/?p=246752"},"modified":"2022-05-28T18:17:26","modified_gmt":"2022-05-28T14:17:26","slug":"axcp-uzvu-saleh-rustemov-hekim-dedi-sene-xelveti-yemek-getirim-vallah-hec-kim-bilmez","status":"publish","type":"post","link":"https:\/\/www.meydan.tv\/az\/article\/axcp-uzvu-saleh-rustemov-hekim-dedi-sene-xelveti-yemek-getirim-vallah-hec-kim-bilmez\/","title":{"rendered":"AXCP \u00fczv\u00fc Saleh R\u00fcst\u0259mov: \u201cH\u0259kim dedi, s\u0259n\u0259 x\u0259lv\u0259ti yem\u0259k g\u0259tirim, vallah he\u00e7 kim bilm\u0259z\u201d"},"content":{"rendered":"\n<figure class=\"wp-block-embed is-type-video is-provider-youtube wp-block-embed-youtube wp-embed-aspect-16-9 wp-has-aspect-ratio\"><div class=\"wp-block-embed__wrapper\">\n<iframe title=\"AXCP \u00fczv\u00fc Saleh R\u00fcst\u0259mov: \u201cH\u0259kim dedi, s\u0259n\u0259 x\u0259lv\u0259ti yem\u0259k g\u0259tirim, vallah he\u00e7 kim bilm\u0259z\u201d\" width=\"1200\" height=\"675\" data-src=\"https:\/\/www.youtube.com\/embed\/Ga6aynu7RrY?feature=oembed\" frameborder=\"0\" allow=\"accelerometer; autoplay; clipboard-write; encrypted-media; gyroscope; picture-in-picture\" allowfullscreen src=\"data:image\/svg+xml;base64,PHN2ZyB3aWR0aD0iMSIgaGVpZ2h0PSIxIiB4bWxucz0iaHR0cDovL3d3dy53My5vcmcvMjAwMC9zdmciPjwvc3ZnPg==\" class=\"lazyload\" data-load-mode=\"1\"><\/iframe>\n<\/div><\/figure>\n\n\n\n<!--more-->\n\n\n\n<p>\u201cH\u0259kiml\u0259r yan\u0131mdan getm\u0259dil\u0259r ki, biz s\u0259ni qoyub ged\u0259 bilm\u0259rik. H\u0259m d\u0259 s\u0259n\u0259 bir \u015fey olsa, bir h\u0259kim kimi biz\u0259 yax\u015f\u0131 deyil. H\u0259tta, bunu siz\u0259 deyir\u0259m, he\u00e7 kim\u0259 dem\u0259mi\u015f\u0259m, h\u0259kim dedi, m\u0259n s\u0259n\u0259 x\u0259lv\u0259ti yem\u0259k g\u0259tirim, vallah he\u00e7 kim bilm\u0259z. M\u0259n d\u0259 el\u0259 \u015feyi q\u0259bul ed\u0259 bilm\u0259zdim\u201d.&nbsp;<\/p>\n\n\n\n<p>AXCP \u00fczv\u00fc Saleh R\u00fcst\u0259mov 4 ild\u0259n sonra 28 mayda \u0259fv s\u0259r\u0259ncam\u0131 il\u0259 azadl\u0131\u011fa \u00e7\u0131x\u0131b.<\/p>\n\n\n\n<p>O, h\u0259bsin\u0259 etiraz olaraq 2021-ci ilin noyabr\u0131n 6-dan 40 g\u00fcnl\u00fck acl\u0131q ke\u00e7irdi.<\/p>\n\n\n\n<p>D\u00fc\u015f\u00fcn\u00fcr ki, acl\u0131q aksiyas\u0131n\u0131n n\u0259tic\u0259si olaraq bu g\u00fcn azadl\u0131qdad\u0131r.<\/p>\n\n\n\n<p>O, do\u011fuldu\u011fu G\u0259d\u0259b\u0259y rayonundan ya\u015fad\u0131\u011f\u0131 Rusiyaya geri d\u00f6nm\u0259k ist\u0259y\u0259rk\u0259n 2018-ci ilin may\u0131nda h\u0259bs olunub.&nbsp;<\/p>\n\n\n\n<p>2019-cu il sentyabr\u0131n 25-d\u0259 Ali M\u0259hk\u0259m\u0259nin q\u0259rar\u0131 il\u0259 S. R\u00fcst\u0259mov 7 il 1 ay m\u00fcdd\u0259tin\u0259 azadl\u0131qdan m\u0259hrum edilib.<\/p>\n\n\n\n<p>Ali M\u0259hk\u0259m\u0259nin q\u0259rar\u0131 il\u0259 c\u0259zas\u0131ndan 2 ay \u00e7\u0131x\u0131l\u0131b.<\/p>\n\n\n\n<p>O, Rusiyada qanunsuz sahibkarl\u0131qla m\u0259\u015f\u011ful olmaqda v\u0259 AXCP-ni maliyy\u0259l\u0259\u015fdirm\u0259k yoluyla \u00e7irkli pullar\u0131 yumaqda ittiham edilib.<\/p>\n\n\n\n<p>Saleh R\u00fcst\u0259mov ittihamlar\u0131 q\u0259bul etm\u0259yib v\u0259 h\u0259bsinin siyasi sifari\u015f oldu\u011funu bildirib.<\/p>\n\n\n\n<p>O bildirir ki, \u201cBandotdel\u201d-d\u0259 saxlan\u0131lark\u0259n ona i\u015fg\u0259nc\u0259 ver\u0259r\u0259k \u018fli K\u0259rimlinin \u0259leyhin\u0259 ifad\u0259 verm\u0259sini ist\u0259yibl\u0259r.<\/p>\n\n\n\n<p>Saleh R\u00fcst\u0259mov Rusiyaya, ail\u0259sinin yan\u0131na qay\u0131dacaq.<\/p>\n","protected":false},"excerpt":{"rendered":"","protected":false},"author":14,"featured_media":246753,"comment_status":"closed","ping_status":"closed","sticky":false,"template":"","format":"standard","meta":{"_acf_changed":false,"_sitemap_exclude":false,"_sitemap_priority":"","_sitemap_frequency":"","footnotes":""},"categories":[61,63],"tags":[],"class_list":["post-246752","post","type-post","status-publish","format-standard","has-post-thumbnail","hentry","category-reportaj","category-video-2","infinite-scroll-item","generate-columns","tablet-grid-50","mobile-grid-100","grid-parent","grid-33","no-featured-image-padding"],"acf":[],"yoast_head":"<!-- This site is optimized with the Yoast SEO plugin v27.4 - https:\/\/yoast.com\/product\/yoast-seo-wordpress\/ -->\n<title>AXCP \u00fczv\u00fc Saleh R\u00fcst\u0259mov: \u201cH\u0259kim dedi, s\u0259n\u0259 x\u0259lv\u0259ti yem\u0259k g\u0259tirim, vallah he\u00e7 kim bilm\u0259z\u201d - MEYDAN.TV<\/title>\n<meta name=\"robots\" content=\"index, follow, max-snippet:-1, max-image-preview:large, max-video-preview:-1\" \/>\n<link rel=\"canonical\" href=\"https:\/\/www.meydan.tv\/az\/article\/axcp-uzvu-saleh-rustemov-hekim-dedi-sene-xelveti-yemek-getirim-vallah-hec-kim-bilmez\/\" \/>\n<meta property=\"og:locale\" content=\"az_AZ\" \/>\n<meta property=\"og:type\" content=\"article\" \/>\n<meta property=\"og:title\" content=\"AXCP \u00fczv\u00fc Saleh R\u00fcst\u0259mov: \u201cH\u0259kim dedi, s\u0259n\u0259 x\u0259lv\u0259ti yem\u0259k g\u0259tirim, vallah he\u00e7 kim bilm\u0259z\u201d - MEYDAN.TV\" \/>\n<meta property=\"og:url\" content=\"https:\/\/www.meydan.tv\/az\/article\/axcp-uzvu-saleh-rustemov-hekim-dedi-sene-xelveti-yemek-getirim-vallah-hec-kim-bilmez\/\" \/>\n<meta property=\"og:site_name\" content=\"MEYDAN.TV\" \/>\n<meta property=\"article:published_time\" content=\"2022-05-28T14:17:25+00:00\" \/>\n<meta property=\"article:modified_time\" content=\"2022-05-28T14:17:26+00:00\" \/>\n<meta property=\"og:image\" content=\"https:\/\/www.meydan.tv\/wp-content\/uploads\/photo_2022-05-28-15.47.12.jpeg\" \/>\n\t<meta property=\"og:image:width\" content=\"971\" \/>\n\t<meta property=\"og:image:height\" content=\"545\" \/>\n\t<meta property=\"og:image:type\" content=\"image\/jpeg\" \/>\n<meta name=\"author\" content=\"roma\" \/>\n<meta name=\"twitter:card\" content=\"summary_large_image\" \/>\n<script type=\"application\/ld+json\" class=\"yoast-schema-graph\">{\"@context\":\"https:\\\/\\\/schema.org\",\"@graph\":[{\"@type\":\"Article\",\"@id\":\"https:\\\/\\\/www.meydan.tv\\\/az\\\/article\\\/axcp-uzvu-saleh-rustemov-hekim-dedi-sene-xelveti-yemek-getirim-vallah-hec-kim-bilmez\\\/#article\",\"isPartOf\":{\"@id\":\"https:\\\/\\\/www.meydan.tv\\\/az\\\/article\\\/axcp-uzvu-saleh-rustemov-hekim-dedi-sene-xelveti-yemek-getirim-vallah-hec-kim-bilmez\\\/\"},\"author\":{\"name\":\"roma\",\"@id\":\"https:\\\/\\\/www.meydan.tv\\\/az\\\/#\\\/schema\\\/person\\\/8f23e01c4de63326c13c319fb65ee65d\"},\"headline\":\"AXCP \u00fczv\u00fc Saleh R\u00fcst\u0259mov: \u201cH\u0259kim dedi, s\u0259n\u0259 x\u0259lv\u0259ti yem\u0259k g\u0259tirim, vallah he\u00e7 kim bilm\u0259z\u201d\",\"datePublished\":\"2022-05-28T14:17:25+00:00\",\"dateModified\":\"2022-05-28T14:17:26+00:00\",\"mainEntityOfPage\":{\"@id\":\"https:\\\/\\\/www.meydan.tv\\\/az\\\/article\\\/axcp-uzvu-saleh-rustemov-hekim-dedi-sene-xelveti-yemek-getirim-vallah-hec-kim-bilmez\\\/\"},\"wordCount\":299,\"publisher\":{\"@id\":\"https:\\\/\\\/www.meydan.tv\\\/az\\\/#organization\"},\"image\":{\"@id\":\"https:\\\/\\\/www.meydan.tv\\\/az\\\/article\\\/axcp-uzvu-saleh-rustemov-hekim-dedi-sene-xelveti-yemek-getirim-vallah-hec-kim-bilmez\\\/#primaryimage\"},\"thumbnailUrl\":\"https:\\\/\\\/www.meydan.tv\\\/wp-content\\\/uploads\\\/photo_2022-05-28-15.47.12.jpeg\",\"articleSection\":[\"Reportaj\",\"Video\"],\"inLanguage\":\"az\"},{\"@type\":\"WebPage\",\"@id\":\"https:\\\/\\\/www.meydan.tv\\\/az\\\/article\\\/axcp-uzvu-saleh-rustemov-hekim-dedi-sene-xelveti-yemek-getirim-vallah-hec-kim-bilmez\\\/\",\"url\":\"https:\\\/\\\/www.meydan.tv\\\/az\\\/article\\\/axcp-uzvu-saleh-rustemov-hekim-dedi-sene-xelveti-yemek-getirim-vallah-hec-kim-bilmez\\\/\",\"name\":\"AXCP \u00fczv\u00fc Saleh R\u00fcst\u0259mov: \u201cH\u0259kim dedi, s\u0259n\u0259 x\u0259lv\u0259ti yem\u0259k g\u0259tirim, vallah he\u00e7 kim bilm\u0259z\u201d - MEYDAN.TV\",\"isPartOf\":{\"@id\":\"https:\\\/\\\/www.meydan.tv\\\/az\\\/#website\"},\"primaryImageOfPage\":{\"@id\":\"https:\\\/\\\/www.meydan.tv\\\/az\\\/article\\\/axcp-uzvu-saleh-rustemov-hekim-dedi-sene-xelveti-yemek-getirim-vallah-hec-kim-bilmez\\\/#primaryimage\"},\"image\":{\"@id\":\"https:\\\/\\\/www.meydan.tv\\\/az\\\/article\\\/axcp-uzvu-saleh-rustemov-hekim-dedi-sene-xelveti-yemek-getirim-vallah-hec-kim-bilmez\\\/#primaryimage\"},\"thumbnailUrl\":\"https:\\\/\\\/www.meydan.tv\\\/wp-content\\\/uploads\\\/photo_2022-05-28-15.47.12.jpeg\",\"datePublished\":\"2022-05-28T14:17:25+00:00\",\"dateModified\":\"2022-05-28T14:17:26+00:00\",\"breadcrumb\":{\"@id\":\"https:\\\/\\\/www.meydan.tv\\\/az\\\/article\\\/axcp-uzvu-saleh-rustemov-hekim-dedi-sene-xelveti-yemek-getirim-vallah-hec-kim-bilmez\\\/#breadcrumb\"},\"inLanguage\":\"az\",\"potentialAction\":[{\"@type\":\"ReadAction\",\"target\":[\"https:\\\/\\\/www.meydan.tv\\\/az\\\/article\\\/axcp-uzvu-saleh-rustemov-hekim-dedi-sene-xelveti-yemek-getirim-vallah-hec-kim-bilmez\\\/\"]}]},{\"@type\":\"ImageObject\",\"inLanguage\":\"az\",\"@id\":\"https:\\\/\\\/www.meydan.tv\\\/az\\\/article\\\/axcp-uzvu-saleh-rustemov-hekim-dedi-sene-xelveti-yemek-getirim-vallah-hec-kim-bilmez\\\/#primaryimage\",\"url\":\"https:\\\/\\\/www.meydan.tv\\\/wp-content\\\/uploads\\\/photo_2022-05-28-15.47.12.jpeg\",\"contentUrl\":\"https:\\\/\\\/www.meydan.tv\\\/wp-content\\\/uploads\\\/photo_2022-05-28-15.47.12.jpeg\",\"width\":971,\"height\":545},{\"@type\":\"BreadcrumbList\",\"@id\":\"https:\\\/\\\/www.meydan.tv\\\/az\\\/article\\\/axcp-uzvu-saleh-rustemov-hekim-dedi-sene-xelveti-yemek-getirim-vallah-hec-kim-bilmez\\\/#breadcrumb\",\"itemListElement\":[{\"@type\":\"ListItem\",\"position\":1,\"name\":\"Ana s\u0259hif\u0259\",\"item\":\"https:\\\/\\\/www.meydan.tv\\\/az\\\/\"},{\"@type\":\"ListItem\",\"position\":2,\"name\":\"Video\",\"item\":\"https:\\\/\\\/www.meydan.tv\\\/az\\\/section\\\/video-2\\\/\"},{\"@type\":\"ListItem\",\"position\":3,\"name\":\"AXCP \u00fczv\u00fc Saleh R\u00fcst\u0259mov: \u201cH\u0259kim dedi, s\u0259n\u0259 x\u0259lv\u0259ti yem\u0259k g\u0259tirim, vallah he\u00e7 kim bilm\u0259z\u201d\"}]},{\"@type\":\"WebSite\",\"@id\":\"https:\\\/\\\/www.meydan.tv\\\/az\\\/#website\",\"url\":\"https:\\\/\\\/www.meydan.tv\\\/az\\\/\",\"name\":\"MEYDAN.TV\",\"description\":\"Meydan TV Az\u0259rbaycan\u0131n media m\u0259kan\u0131ndak\u0131 alternativ s\u0259sidir\",\"publisher\":{\"@id\":\"https:\\\/\\\/www.meydan.tv\\\/az\\\/#organization\"},\"potentialAction\":[{\"@type\":\"SearchAction\",\"target\":{\"@type\":\"EntryPoint\",\"urlTemplate\":\"https:\\\/\\\/www.meydan.tv\\\/az\\\/?s={search_term_string}\"},\"query-input\":{\"@type\":\"PropertyValueSpecification\",\"valueRequired\":true,\"valueName\":\"search_term_string\"}}],\"inLanguage\":\"az\"},{\"@type\":\"Organization\",\"@id\":\"https:\\\/\\\/www.meydan.tv\\\/az\\\/#organization\",\"name\":\"Meydan TV\",\"url\":\"https:\\\/\\\/www.meydan.tv\\\/az\\\/\",\"logo\":{\"@type\":\"ImageObject\",\"inLanguage\":\"az\",\"@id\":\"https:\\\/\\\/www.meydan.tv\\\/az\\\/#\\\/schema\\\/logo\\\/image\\\/\",\"url\":\"https:\\\/\\\/www.meydan.tv\\\/wp-content\\\/uploads\\\/2021\\\/07\\\/meydan-logo.svg\",\"contentUrl\":\"https:\\\/\\\/www.meydan.tv\\\/wp-content\\\/uploads\\\/2021\\\/07\\\/meydan-logo.svg\",\"width\":195,\"height\":46,\"caption\":\"Meydan TV\"},\"image\":{\"@id\":\"https:\\\/\\\/www.meydan.tv\\\/az\\\/#\\\/schema\\\/logo\\\/image\\\/\"}},{\"@type\":\"Person\",\"@id\":\"https:\\\/\\\/www.meydan.tv\\\/az\\\/#\\\/schema\\\/person\\\/8f23e01c4de63326c13c319fb65ee65d\",\"name\":\"roma\"}]}<\/script>\n<!-- \/ Yoast SEO plugin. -->","yoast_head_json":{"title":"AXCP \u00fczv\u00fc Saleh R\u00fcst\u0259mov: \u201cH\u0259kim dedi, s\u0259n\u0259 x\u0259lv\u0259ti yem\u0259k g\u0259tirim, vallah he\u00e7 kim bilm\u0259z\u201d - MEYDAN.TV","robots":{"index":"index","follow":"follow","max-snippet":"max-snippet:-1","max-image-preview":"max-image-preview:large","max-video-preview":"max-video-preview:-1"},"canonical":"https:\/\/www.meydan.tv\/az\/article\/axcp-uzvu-saleh-rustemov-hekim-dedi-sene-xelveti-yemek-getirim-vallah-hec-kim-bilmez\/","og_locale":"az_AZ","og_type":"article","og_title":"AXCP \u00fczv\u00fc Saleh R\u00fcst\u0259mov: \u201cH\u0259kim dedi, s\u0259n\u0259 x\u0259lv\u0259ti yem\u0259k g\u0259tirim, vallah he\u00e7 kim bilm\u0259z\u201d - MEYDAN.TV","og_url":"https:\/\/www.meydan.tv\/az\/article\/axcp-uzvu-saleh-rustemov-hekim-dedi-sene-xelveti-yemek-getirim-vallah-hec-kim-bilmez\/","og_site_name":"MEYDAN.TV","article_published_time":"2022-05-28T14:17:25+00:00","article_modified_time":"2022-05-28T14:17:26+00:00","og_image":[{"width":971,"height":545,"url":"https:\/\/www.meydan.tv\/wp-content\/uploads\/photo_2022-05-28-15.47.12.jpeg","type":"image\/jpeg"}],"author":"roma","twitter_card":"summary_large_image","schema":{"@context":"https:\/\/schema.org","@graph":[{"@type":"Article","@id":"https:\/\/www.meydan.tv\/az\/article\/axcp-uzvu-saleh-rustemov-hekim-dedi-sene-xelveti-yemek-getirim-vallah-hec-kim-bilmez\/#article","isPartOf":{"@id":"https:\/\/www.meydan.tv\/az\/article\/axcp-uzvu-saleh-rustemov-hekim-dedi-sene-xelveti-yemek-getirim-vallah-hec-kim-bilmez\/"},"author":{"name":"roma","@id":"https:\/\/www.meydan.tv\/az\/#\/schema\/person\/8f23e01c4de63326c13c319fb65ee65d"},"headline":"AXCP \u00fczv\u00fc Saleh R\u00fcst\u0259mov: \u201cH\u0259kim dedi, s\u0259n\u0259 x\u0259lv\u0259ti yem\u0259k g\u0259tirim, vallah he\u00e7 kim bilm\u0259z\u201d","datePublished":"2022-05-28T14:17:25+00:00","dateModified":"2022-05-28T14:17:26+00:00","mainEntityOfPage":{"@id":"https:\/\/www.meydan.tv\/az\/article\/axcp-uzvu-saleh-rustemov-hekim-dedi-sene-xelveti-yemek-getirim-vallah-hec-kim-bilmez\/"},"wordCount":299,"publisher":{"@id":"https:\/\/www.meydan.tv\/az\/#organization"},"image":{"@id":"https:\/\/www.meydan.tv\/az\/article\/axcp-uzvu-saleh-rustemov-hekim-dedi-sene-xelveti-yemek-getirim-vallah-hec-kim-bilmez\/#primaryimage"},"thumbnailUrl":"https:\/\/www.meydan.tv\/wp-content\/uploads\/photo_2022-05-28-15.47.12.jpeg","articleSection":["Reportaj","Video"],"inLanguage":"az"},{"@type":"WebPage","@id":"https:\/\/www.meydan.tv\/az\/article\/axcp-uzvu-saleh-rustemov-hekim-dedi-sene-xelveti-yemek-getirim-vallah-hec-kim-bilmez\/","url":"https:\/\/www.meydan.tv\/az\/article\/axcp-uzvu-saleh-rustemov-hekim-dedi-sene-xelveti-yemek-getirim-vallah-hec-kim-bilmez\/","name":"AXCP \u00fczv\u00fc Saleh R\u00fcst\u0259mov: \u201cH\u0259kim dedi, s\u0259n\u0259 x\u0259lv\u0259ti yem\u0259k g\u0259tirim, vallah he\u00e7 kim bilm\u0259z\u201d - MEYDAN.TV","isPartOf":{"@id":"https:\/\/www.meydan.tv\/az\/#website"},"primaryImageOfPage":{"@id":"https:\/\/www.meydan.tv\/az\/article\/axcp-uzvu-saleh-rustemov-hekim-dedi-sene-xelveti-yemek-getirim-vallah-hec-kim-bilmez\/#primaryimage"},"image":{"@id":"https:\/\/www.meydan.tv\/az\/article\/axcp-uzvu-saleh-rustemov-hekim-dedi-sene-xelveti-yemek-getirim-vallah-hec-kim-bilmez\/#primaryimage"},"thumbnailUrl":"https:\/\/www.meydan.tv\/wp-content\/uploads\/photo_2022-05-28-15.47.12.jpeg","datePublished":"2022-05-28T14:17:25+00:00","dateModified":"2022-05-28T14:17:26+00:00","breadcrumb":{"@id":"https:\/\/www.meydan.tv\/az\/article\/axcp-uzvu-saleh-rustemov-hekim-dedi-sene-xelveti-yemek-getirim-vallah-hec-kim-bilmez\/#breadcrumb"},"inLanguage":"az","potentialAction":[{"@type":"ReadAction","target":["https:\/\/www.meydan.tv\/az\/article\/axcp-uzvu-saleh-rustemov-hekim-dedi-sene-xelveti-yemek-getirim-vallah-hec-kim-bilmez\/"]}]},{"@type":"ImageObject","inLanguage":"az","@id":"https:\/\/www.meydan.tv\/az\/article\/axcp-uzvu-saleh-rustemov-hekim-dedi-sene-xelveti-yemek-getirim-vallah-hec-kim-bilmez\/#primaryimage","url":"https:\/\/www.meydan.tv\/wp-content\/uploads\/photo_2022-05-28-15.47.12.jpeg","contentUrl":"https:\/\/www.meydan.tv\/wp-content\/uploads\/photo_2022-05-28-15.47.12.jpeg","width":971,"height":545},{"@type":"BreadcrumbList","@id":"https:\/\/www.meydan.tv\/az\/article\/axcp-uzvu-saleh-rustemov-hekim-dedi-sene-xelveti-yemek-getirim-vallah-hec-kim-bilmez\/#breadcrumb","itemListElement":[{"@type":"ListItem","position":1,"name":"Ana s\u0259hif\u0259","item":"https:\/\/www.meydan.tv\/az\/"},{"@type":"ListItem","position":2,"name":"Video","item":"https:\/\/www.meydan.tv\/az\/section\/video-2\/"},{"@type":"ListItem","position":3,"name":"AXCP \u00fczv\u00fc Saleh R\u00fcst\u0259mov: \u201cH\u0259kim dedi, s\u0259n\u0259 x\u0259lv\u0259ti yem\u0259k g\u0259tirim, vallah he\u00e7 kim bilm\u0259z\u201d"}]},{"@type":"WebSite","@id":"https:\/\/www.meydan.tv\/az\/#website","url":"https:\/\/www.meydan.tv\/az\/","name":"MEYDAN.TV","description":"Meydan TV Az\u0259rbaycan\u0131n media m\u0259kan\u0131ndak\u0131 alternativ s\u0259sidir","publisher":{"@id":"https:\/\/www.meydan.tv\/az\/#organization"},"potentialAction":[{"@type":"SearchAction","target":{"@type":"EntryPoint","urlTemplate":"https:\/\/www.meydan.tv\/az\/?s={search_term_string}"},"query-input":{"@type":"PropertyValueSpecification","valueRequired":true,"valueName":"search_term_string"}}],"inLanguage":"az"},{"@type":"Organization","@id":"https:\/\/www.meydan.tv\/az\/#organization","name":"Meydan TV","url":"https:\/\/www.meydan.tv\/az\/","logo":{"@type":"ImageObject","inLanguage":"az","@id":"https:\/\/www.meydan.tv\/az\/#\/schema\/logo\/image\/","url":"https:\/\/www.meydan.tv\/wp-content\/uploads\/2021\/07\/meydan-logo.svg","contentUrl":"https:\/\/www.meydan.tv\/wp-content\/uploads\/2021\/07\/meydan-logo.svg","width":195,"height":46,"caption":"Meydan TV"},"image":{"@id":"https:\/\/www.meydan.tv\/az\/#\/schema\/logo\/image\/"}},{"@type":"Person","@id":"https:\/\/www.meydan.tv\/az\/#\/schema\/person\/8f23e01c4de63326c13c319fb65ee65d","name":"roma"}]}},"_links":{"self":[{"href":"https:\/\/www.meydan.tv\/az\/wp-json\/wp\/v2\/posts\/246752","targetHints":{"allow":["GET"]}}],"collection":[{"href":"https:\/\/www.meydan.tv\/az\/wp-json\/wp\/v2\/posts"}],"about":[{"href":"https:\/\/www.meydan.tv\/az\/wp-json\/wp\/v2\/types\/post"}],"author":[{"embeddable":true,"href":"https:\/\/www.meydan.tv\/az\/wp-json\/wp\/v2\/users\/14"}],"replies":[{"embeddable":true,"href":"https:\/\/www.meydan.tv\/az\/wp-json\/wp\/v2\/comments?post=246752"}],"version-history":[{"count":1,"href":"https:\/\/www.meydan.tv\/az\/wp-json\/wp\/v2\/posts\/246752\/revisions"}],"predecessor-version":[{"id":246756,"href":"https:\/\/www.meydan.tv\/az\/wp-json\/wp\/v2\/posts\/246752\/revisions\/246756"}],"wp:featuredmedia":[{"embeddable":true,"href":"https:\/\/www.meydan.tv\/az\/wp-json\/wp\/v2\/media\/246753"}],"wp:attachment":[{"href":"https:\/\/www.meydan.tv\/az\/wp-json\/wp\/v2\/media?parent=246752"}],"wp:term":[{"taxonomy":"category","embeddable":true,"href":"https:\/\/www.meydan.tv\/az\/wp-json\/wp\/v2\/categories?post=246752"},{"taxonomy":"post_tag","embeddable":true,"href":"https:\/\/www.meydan.tv\/az\/wp-json\/wp\/v2\/tags?post=246752"}],"curies":[{"name":"wp","href":"https:\/\/api.w.org\/{rel}","templated":true}]}}