{"id":246719,"date":"2022-05-28T04:57:28","date_gmt":"2022-05-28T00:57:28","guid":{"rendered":"https:\/\/www.meydan.tv\/?p=246719"},"modified":"2022-05-28T04:57:31","modified_gmt":"2022-05-28T00:57:31","slug":"iqtisadci-ferid-mehralizade-ehalinin-xerclediyi-2-manatdan-biri-qida-ve-erzaga-gedir","status":"publish","type":"post","link":"https:\/\/www.meydan.tv\/az\/article\/iqtisadci-ferid-mehralizade-ehalinin-xerclediyi-2-manatdan-biri-qida-ve-erzaga-gedir\/","title":{"rendered":"\u0130qtisad\u00e7\u0131 F\u0259rid Mehral\u0131zad\u0259: &#8220;\u018fhalinin x\u0259rcl\u0259diyi 2 manatdan biri qida v\u0259 \u0259rza\u011fa gedir&#8221;"},"content":{"rendered":"\n<figure class=\"wp-block-embed is-type-video is-provider-youtube wp-block-embed-youtube wp-embed-aspect-16-9 wp-has-aspect-ratio\"><div class=\"wp-block-embed__wrapper\">\n<iframe title=\"\u0130qtisad\u00e7\u0131 F\u0259rid Mehral\u0131zad\u0259: &quot;\u018fhalinin x\u0259rcl\u0259diyi 2 manatdan biri qida v\u0259 \u0259rza\u011fa gedir&quot;\" width=\"1200\" height=\"675\" data-src=\"https:\/\/www.youtube.com\/embed\/ZxaZRc-sfeI?feature=oembed\" frameborder=\"0\" allow=\"accelerometer; autoplay; clipboard-write; encrypted-media; gyroscope; picture-in-picture\" allowfullscreen src=\"data:image\/svg+xml;base64,PHN2ZyB3aWR0aD0iMSIgaGVpZ2h0PSIxIiB4bWxucz0iaHR0cDovL3d3dy53My5vcmcvMjAwMC9zdmciPjwvc3ZnPg==\" class=\"lazyload\" data-load-mode=\"1\"><\/iframe>\n<\/div><\/figure>\n\n\n\n<!--more-->\n\n\n\n<p><br><em>Az\u0259rbaycanda \u0259rzaq v\u0259 qeyri-\u0259rzaq m\u0259hsullar\u0131nda qiym\u0259tl\u0259rin bahala\u015fmas\u0131 adi hala \u00e7evrilib. V\u0259ziyy\u0259t o h\u0259dd\u0259 \u00e7at\u0131b ki, maliyy\u0259 naziri Samir \u015e\u0259rifov da \u00f6t\u0259n g\u00fcn \u201cinflyasiya k\u0259skinl\u0259\u015fib\u201d dey\u0259 etiraf etdi.<br>Yaranm\u0131\u015f v\u0259ziyy\u0259tin s\u0259b\u0259bl\u0259ri v\u0259 g\u0259l\u0259c\u0259k g\u00f6zl\u0259ntil\u0259ri il\u0259 ba\u011fl\u0131 suallar\u0131m\u0131z\u0131 iqtisad\u00e7\u0131 F\u0259rid Mehral\u0131zad\u0259y\u0259 \u00fcnvanlad\u0131q.<\/em><\/p>\n\n\n\n<ul class=\"wp-block-list\"><li><strong>F\u0259rid b\u0259y, Statistika Komit\u0259si istehlak bazar\u0131nda qiym\u0259t art\u0131m\u0131n\u0131 a\u00e7\u0131qlad\u0131 v\u0259 m\u0259lum oldu ki, yanvar-aprel aylar\u0131nda inflyasiya 12,4 faizdir. Sizc\u0259, bug\u00fcnk\u00fc s\u00fcr\u0259tli bahala\u015fman\u0131n fonunda bu r\u0259q\u0259m n\u0259 d\u0259r\u0259c\u0259d\u0259 real g\u00f6r\u00fcn\u00fcr?<\/strong><\/li><li>B\u0259li, komit\u0259nin sonuncu a\u00e7\u0131qlamas\u0131nda bel\u0259 bir m\u0259lumat yer al\u0131b. \u018fvv\u0259la, devalvasiyadan sonrak\u0131 ili n\u0259z\u0259r\u0259 almasaq, Az\u0259rbaycanda ikir\u0259q\u0259mli inflyasiyan\u0131n a\u00e7\u0131qlanmas\u0131 o q\u0259d\u0259r d\u0259 tez rast g\u0259lin\u0259n hadis\u0259 deyil. Nadir hallarda r\u0259smi \u015f\u0259kild\u0259 ikir\u0259q\u0259mli inflyasiyan\u0131n a\u00e7\u0131qland\u0131\u011f\u0131n\u0131 m\u00fc\u015fahid\u0259 edirik. Dig\u0259r t\u0259r\u0259fd\u0259n, n\u0259z\u0259r\u0259 al\u0131nmal\u0131d\u0131r ki, 12.4 faiz inflyasiya \u0259rzaq v\u0259 qeyri-\u0259rzaq bazar\u0131n\u0131 \u0259hat\u0259 edir. \u018fg\u0259r konkret olaraq \u0259rzaq qiym\u0259tl\u0259rin\u0259 fokuslansaq, r\u0259smi r\u0259q\u0259ml\u0259r\u0259 g\u00f6r\u0259 art\u0131m \u00f6t\u0259n ilin eyni d\u00f6vr\u00fcn\u0259 n\u0259z\u0259r\u0259n 18 faizdir, h\u0259tta daha y\u00fcks\u0259kdir. H\u0259m d\u0259 \u0259rzaq inflyasiyas\u0131 100-d\u0259n \u00e7ox m\u0259hsulun orta bazar qiym\u0259ti \u0259sas\u0131nda hesablanan g\u00f6st\u0259ricidir. Bunlar\u0131n i\u00e7\u0259risind\u0259 b\u0259zi m\u0259hsullar\u0131m\u0131z var ki, bizim qida rasionumuzda, istehlak s\u0259b\u0259timizd\u0259 daha \u00e7ox yer tuturlar. M\u0259s\u0259l\u0259n, duru ya\u011flar\u0131, un m\u0259mulatlar\u0131, b\u0259zi t\u0259r\u0259v\u0259z m\u0259hsullar\u0131n\u0131 \u0259lav\u0259 etm\u0259k ist\u0259yir\u0259m ki, onlarda bahala\u015fma n\u0259inki 18, h\u0259tta 30, 40 v\u0259 50 faiz civar\u0131ndad\u0131r. Hans\u0131 ki, biz bu m\u0259hsullardan daha tez-tez istifad\u0259 edirik. Bu bax\u0131mdan h\u0259m iqtisadi n\u0259z\u0259riyy\u0259y\u0259, h\u0259m d\u0259 iqtisadi siyas\u0259t\u0259 g\u00f6r\u0259 ikir\u0259q\u0259mli inflyasiya problemin g\u00f6st\u0259ricisidir.<\/li><li><strong>O zaman s\u00fcr\u0259tli qiym\u0259t art\u0131m\u0131na t\u0259sir g\u00f6st\u0259r\u0259n daxili v\u0259 xarici faktorlar hans\u0131lard\u0131r?<\/strong><\/li><li>T\u0259bii ki, son iki ild\u0259 pandemiya m\u0259hdudiyy\u0259tl\u0259rinin t\u0259tbiqind\u0259n b\u0259ri qlobal iqtisadiyyat\u0131n \u0259n \u00e7ox m\u00fczakir\u0259 etdiyi m\u0259s\u0259l\u0259l\u0259rd\u0259n biri qiym\u0259t art\u0131mlar\u0131 v\u0259 inflyasiyad\u0131r. BMT-nin \u018frzaq v\u0259 K\u0259nd T\u0259s\u0259rr\u00fcfat\u0131 T\u0259\u015fkilat\u0131 da tez-tez qlobal \u0259rzaq qiym\u0259tl\u0259ri il\u0259 ba\u011fl\u0131 g\u00f6st\u0259ricil\u0259ri a\u00e7\u0131qlay\u0131r, son 30 ilin rekord bahala\u015fmas\u0131 d\u00fcnya \u00fczr\u0259 m\u00fc\u015fahid\u0259 olunur. \u00dcmumilikd\u0259 qiym\u0259t art\u0131mlar\u0131n\u0131n bir yox, bir ne\u00e7\u0259 paralel s\u0259b\u0259bi var. \u0130lk \u00f6nc\u0259 problem 2020-ci ilin \u0259vv\u0259ll\u0259rind\u0259n ba\u015flad\u0131, pandemiyayla ba\u011fl\u0131 m\u0259hdudiyy\u0259tl\u0259r t\u0259tbiq edildi v\u0259 bu, t\u0259hcizat z\u0259ncirini pozdu. B\u0259zi \u00f6lk\u0259l\u0259rd\u0259n \u00fcmumiyy\u0259tl\u0259 qida m\u0259hdullar\u0131n\u0131 da\u015f\u0131maq m\u00fcmk\u00fcn olmurdu, m\u00fcmk\u00fcn oldu\u011fu t\u0259qdird\u0259 is\u0259 da\u015f\u0131ma x\u0259rcl\u0259rind\u0259 ciddi bahala\u015fma qeyd\u0259 al\u0131n\u0131rd\u0131. N\u0259tic\u0259d\u0259 da\u015f\u0131ma x\u0259rcl\u0259ri artd\u0131\u011f\u0131 \u00fc\u00e7\u00fcn m\u0259hsullar\u0131n maya d\u0259y\u0259ri artma\u011fa ba\u015flad\u0131. B\u0259zi \u00f6lk\u0259l\u0259rd\u0259 m\u0259hdudiyy\u0259tl\u0259r\u0259 g\u00f6r\u0259 m\u00f6vs\u00fcml\u00fc sah\u0259l\u0259rd\u0259 m\u0259hsuldarl\u0131q a\u015fa\u011f\u0131 d\u00fc\u015fd\u00fc. \u00d6t\u0259n il Rusiyan\u0131n K\u0259nd T\u0259s\u0259rr\u00fcfat\u0131 Nazirliyi bildirmi\u015fdi ki, s\u0259rh\u0259dl\u0259r ba\u011fl\u0131 oldu\u011funa g\u00f6r\u0259 M\u0259rk\u0259zi Asiya \u00f6lk\u0259l\u0259rind\u0259n m\u00f6vs\u00fcml\u00fc k\u0259nd t\u0259s\u0259rr\u00fcfat\u0131 i\u015f\u00e7il\u0259ri \u015fimal \u00f6lk\u0259y\u0259 g\u0259l\u0259 bilm\u0259diyind\u0259n m\u0259hsulun bir hiss\u0259si toplanmad\u0131. Bel\u0259likl\u0259, s\u0259b\u0259bl\u0259rd\u0259n biri pandemiya v\u0259 onun g\u0259tirdiyi \u00e7\u0259tinlikl\u0259rdir. \u0130kinci ciddi amil iqlim d\u0259yi\u015fiklikl\u0259ridir. Bir ne\u00e7\u0259 il \u00f6nc\u0259y\u0259 q\u0259d\u0259r iqlim d\u0259yi\u015fiklikl\u0259rind\u0259n g\u0259l\u0259c\u0259k zamanda dan\u0131\u015f\u0131rd\u0131q ki, probleml\u0259rl\u0259 \u00fczl\u0259\u015f\u0259 bil\u0259rik. Ancaq t\u0259\u0259ss\u00fcf ki, bu g\u00fcn iqlim d\u0259yi\u015fiklikl\u0259ri v\u0259 onun ortaya \u00e7\u0131xartd\u0131\u011f\u0131 probleml\u0259r reall\u0131\u011fa \u00e7evrilib. D\u00fcnyan\u0131n bir \u00e7ox \u00f6lk\u0259sind\u0259 quraql\u0131q v\u0259 su \u00e7at\u0131\u015fmazl\u0131\u011f\u0131 kimi probleml\u0259r m\u0259hsuldarl\u0131\u011f\u0131n a\u015fa\u011f\u0131 d\u00fc\u015fm\u0259sin\u0259 s\u0259b\u0259b olur. N\u0259hay\u0259t, \u00fc\u00e7\u00fcnc\u00fc problem Rusiyan\u0131n Ukraynaya h\u0259rbi t\u0259cav\u00fcz\u00fc il\u0259 ba\u011fl\u0131d\u0131r. \u00c7\u00fcnki h\u0259r iki \u00f6lk\u0259 k\u0259nd t\u0259s\u0259rr\u00fcfat\u0131 bazarlar\u0131nda ciddi oyun\u00e7udur. Rusiya \u00f6z\u00fcn\u0259 qar\u015f\u0131 sanksiyalardan qorumaq m\u0259qs\u0259di il\u0259 bir \u00e7ox m\u0259hsulun ixrac\u0131n\u0131 m\u0259hdudla\u015fd\u0131r\u0131b, Ukraynada is\u0259 m\u00fcharib\u0259 yaln\u0131z h\u0259rbi yox, m\u00fclki infrastrukturu da da\u011f\u0131d\u0131b. Bu bax\u0131mdan haz\u0131rda Ukraynadan m\u0259hsullar\u0131n da\u015f\u0131nmas\u0131 il\u0259 ba\u011fl\u0131 probleml\u0259r var, h\u0259m d\u0259 bu \u00f6lk\u0259nin k\u0259nd t\u0259s\u0259rr\u00fcfat\u0131 f\u0259aliyy\u0259ti \u00fcmumiyy\u0259tl\u0259 dayan\u0131b. Bir daha t\u0259krar edir\u0259m, h\u0259r iki \u00f6lk\u0259nin k\u0259nd t\u0259s\u0259rr\u00fcfat\u0131nda g\u00fccl\u00fc oyun\u00e7u olmas\u0131 v\u0259 b\u00fct\u00fcn sadalad\u0131\u011f\u0131m amill\u0259r d\u00fcnyada, el\u0259c\u0259 d\u0259 Az\u0259rbaycanda qida m\u0259hsullar\u0131nda g\u00fccl\u00fc bahala\u015fma yarad\u0131b.<\/li><li><strong>Az\u0259rbaycanda \u0259halinin g\u0259lirl\u0259ri bu bahala\u015fmaya n\u0259 d\u0259r\u0259c\u0259d\u0259 adekvatd\u0131r? Yoxsullu\u011fun art\u0131m\u0131na, al\u0131c\u0131l\u0131q qabiliyy\u0259tin\u0259 nec\u0259 t\u0259sir g\u00f6st\u0259r\u0259c\u0259k?<\/strong><\/li><li>Yen\u0259 d\u00f6vl\u0259tin a\u00e7\u0131qlad\u0131\u011f\u0131 r\u0259smi r\u0259q\u0259ml\u0259r\u0259 g\u00f6r\u0259 Az\u0259rbaycanda \u0259halinin x\u0259rcl\u0259rinin t\u0259n yar\u0131s\u0131n\u0131 qida v\u0259 \u0259rzaq m\u0259hsullar\u0131 t\u0259\u015fkil edir. R\u0259smi r\u0259q\u0259ml\u0259r\u0259 g\u00f6r\u0259 \u0259halinin x\u0259rcl\u0259diyi 2 manatdan biri qida v\u0259 \u0259rza\u011fa gedir. Bu r\u0259q\u0259m \u00f6lk\u0259d\u0259 iqtisadi v\u0259ziyy\u0259ti qiym\u0259tl\u0259ndirm\u0259k \u00fc\u00e7\u00fcn yax\u015f\u0131 g\u00f6st\u0259ricidir. \u00c7\u00fcnki inki\u015faf etmi\u015f \u00f6lk\u0259l\u0259rin \u0259ks\u0259riyy\u0259tind\u0259 x\u0259rcl\u0259rin t\u0259xmin\u0259n 10-15 faizi qidaya gedirs\u0259, Az\u0259rbaycanda bu r\u0259q\u0259m 50 faiz civar\u0131ndad\u0131r. \u0130qtisadi n\u0259z\u0259riyy\u0259y\u0259 g\u00f6r\u0259 insanlar\u0131n qidaya x\u0259rcl\u0259diyi v\u0259sait onlar\u0131n \u00fcmumi x\u0259rcl\u0259rinin n\u0259 q\u0259d\u0259r \u00e7ox hiss\u0259sini t\u0259\u015fkil edirs\u0259, dem\u0259li, \u0259halinin sosial durumu a\u015fa\u011f\u0131d\u0131r. Bu bax\u0131mdan qida m\u0259hsullar\u0131n\u0131n qiym\u0259tl\u0259rinin art\u0131m\u0131 \u0259halinin sosial durumuna birba\u015fa v\u0259 \u00e7ox ciddi t\u0259sir edir. V\u0259ziyy\u0259td\u0259n nec\u0259 \u00e7\u0131xmas\u0131 haqda suala g\u0259linc\u0259, 2022-ci ilin yanvar\u0131n 1-d\u0259 minimum \u0259m\u0259k haqq\u0131 250 manatdan 300 manata q\u0259d\u0259r art\u0131r\u0131ld\u0131, d\u00f6vl\u0259t qurumlar\u0131nda \u00e7al\u0131\u015fan b\u0259zi i\u015f\u00e7il\u0259rinin d\u0259 maa\u015f\u0131 art\u0131r\u0131ld\u0131. Amma bu da \u0259halinin \u00e7ox m\u0259hdud hiss\u0259sinin sosial v\u0259ziyy\u0259tinin yax\u015f\u0131la\u015fd\u0131r\u0131lmas\u0131na xidm\u0259t edir. \u00c7\u00fcnki Az\u0259rbaycanda indeksl\u0259\u015fdirm\u0259 effektiv v\u0259 \u00e7evik deyil. Xat\u0131rlay\u0131rs\u0131n\u0131zsa, 2021-ci ilin ilk i\u015f g\u00fcn\u00fcnd\u0259 yanacaq qiym\u0259tl\u0259ri art\u0131r\u0131lm\u0131\u015fd\u0131, \u00fcmumiyy\u0259tl\u0259, ke\u00e7\u0259n il b\u00fct\u00fcn kommunal qiym\u0259tl\u0259r artd\u0131. Amma h\u00f6kum\u0259t \u0259halinin maa\u015flar\u0131n\u0131 bir il sonra art\u0131rd\u0131. \u018fslind\u0259, maa\u015f art\u0131m\u0131, indeksl\u0259\u015fm\u0259 daha \u00e7evik olmal\u0131d\u0131r. \u00c7\u00fcnki \u00f6t\u0259n il \u0259rzind\u0259 \u0259hali qiym\u0259t art\u0131m\u0131ndan \u0259ziyy\u0259t \u00e7\u0259kib, h\u00f6kum\u0259t h\u0259min andaca maa\u015f art\u0131m\u0131na gets\u0259ydi, daha effektiv olard\u0131, n\u0259inki bu ilin \u0259vv\u0259lind\u0259. Dig\u0259r amil d\u0259 Az\u0259rbaycanda qeyri-m\u0259\u015f\u011fullu\u011fun \u0259hat\u0259 dair\u0259sinin geni\u015f olmas\u0131d\u0131r. H\u00f6kum\u0259t r\u0259smil\u0259ri d\u0259 tez-tez qeyd edir ki, 100 minl\u0259rl\u0259 insan qeyri-r\u0259smi \u00e7al\u0131\u015f\u0131r. T\u0259bii ki, minimum \u0259m\u0259k haqq\u0131 v\u0259 dig\u0259r art\u0131mlar r\u0259smi g\u0259liri olan, \u0259m\u0259k m\u00fcqavil\u0259si il\u0259 \u00e7al\u0131\u015fan insanlar \u00fc\u00e7\u00fcn mexanizm ola bil\u0259r. Ancaq \u0259m\u0259k m\u00fcqavil\u0259si il\u0259 i\u015fl\u0259m\u0259y\u0259n v\u0259 \u201ck\u00f6lg\u0259 iqtisadiyyat\u0131\u201cnda olanlar\u0131n \u0259m\u0259k m\u00fcnasib\u0259tl\u0259ri d\u0259 qanuna uy\u011fun qorunmur. Bu bax\u0131mdan Az\u0259rbaycanda qeyri-r\u0259smi m\u0259\u015f\u011fullu\u011fun azald\u0131lmas\u0131n\u0131n \u00f6z\u00fc d\u0259 sosial siyas\u0259tin \u0259n vacib komponentl\u0259rind\u0259n biri olmal\u0131d\u0131r.<\/li><li><strong>D\u00fcnya medias\u0131nda beyn\u0259lxalq t\u0259\u015fkilatlar\u0131n tax\u0131l ehtiyat\u0131n\u0131n t\u00fck\u0259nm\u0259y\u0259 do\u011fru getm\u0259sin\u0259 dair proqnozlar s\u0259sl\u0259ndirirl\u0259r. \u00dcmumilikd\u0259 \u0259rzaq m\u0259hsullar\u0131n\u0131n istehsal\u0131 il\u0259 ba\u011fl\u0131 b\u0259dbin proqnozlar var. Ukrayna-Rusiya m\u00fcharib\u0259si davam ed\u0259rs\u0259, bu proqnozlar \u00f6z\u00fcn\u00fc do\u011frulda bil\u0259rmi?<\/strong><\/li><li>B\u0259li, h\u0259tta BMT-nin Ba\u015f katibi s\u0259viyy\u0259sind\u0259 d\u00fcnya \u00f6lk\u0259l\u0259rin\u0259 \u00e7a\u011f\u0131r\u0131\u015flar var. M\u0259s\u0259l\u0259 ondad\u0131r ki, biz pandemiyan\u0131n ba\u015flan\u011f\u0131c\u0131nda v\u0259 son d\u00f6vrl\u0259r\u0259 q\u0259d\u0259r qiym\u0259t art\u0131mlar\u0131n\u0131n problemind\u0259n dan\u0131\u015f\u0131rd\u0131q. Haz\u0131rda v\u0259ziyy\u0259t o h\u0259dd\u0259 \u00e7at\u0131b ki, art\u0131q \u0259rzaq bahala\u015fmas\u0131 yox, \u0259rzaq t\u0259hl\u00fck\u0259sizliyi g\u00fcnd\u0259m\u0259 g\u0259lir. \u00c7\u00fcnki Rusiya v\u0259 Ukrayna d\u00fcnyada tax\u0131l ixrac\u0131nda olan ilk be\u015fliy\u0259 daxil olan \u00f6lk\u0259l\u0259rdir. H\u0259r iki \u00f6lk\u0259 faktiki olaraq tax\u0131l icrac\u0131n\u0131 m\u0259hdudla\u015fd\u0131r\u0131r. Burda yeni \u00f6lk\u0259l\u0259r meydana \u00e7\u0131xm\u0131\u015fd\u0131, Qazax\u0131stan, Hindistan v\u0259 ba\u015fqalar\u0131, son aylarda onlar da ixrac\u0131 m\u0259hdudla\u015fd\u0131rd\u0131lar. Art\u0131q proqnozlar o y\u00f6nd\u0259dir ki, iqlim d\u0259yi\u015fiklikl\u0259ri, t\u0259hcizat z\u0259ncirinin pozulmas\u0131 qiym\u0259tl\u0259rin bahala\u015fmas\u0131na g\u0259tirdis\u0259, h\u0259m d\u0259 q\u0131tl\u0131q g\u00f6zl\u0259ntisi d\u0259 var. Ona g\u00f6r\u0259 \u00f6lk\u0259l\u0259r ixrac\u0131 stimulla\u015fd\u0131rmaqdansa, ehtiyatlar\u0131n\u0131 art\u0131rma\u011f\u0131 \u0259sas g\u00f6t\u00fcr\u00fcrl\u0259r. \u018fhalisinin \u0259n \u00e7ox olan \u00f6lk\u0259 \u00c7in ke\u00e7\u0259n il bir \u00e7ox m\u0259hsullara g\u00f6r\u0259 ehtiyatlar\u0131n\u0131 50 faiz\u0259 q\u0259d\u0259r art\u0131r\u0131b. Ehtiyat\u0131 art\u0131rmaq siyas\u0259ti ixracat\u0131 m\u0259hdudla\u015fd\u0131r\u0131r v\u0259 bel\u0259 olan t\u0259qdird\u0259 hans\u0131 \u00f6lk\u0259l\u0259r ki, qida m\u0259hsullar\u0131 il\u0259 t\u0259minatda xarici bazarlardan as\u0131l\u0131d\u0131r, h\u0259min \u00f6lk\u0259l\u0259rd\u0259 ciddi riskl\u0259r \u00e7\u0131xa bil\u0259r. Burda da \u0259n vacib m\u0259s\u0259l\u0259 tax\u0131lla ba\u011fl\u0131d\u0131r. \u00c7\u00fcnki Az\u0259rbaycan\u0131n \u00f6z\u00fcn\u00fcn xaricd\u0259n tax\u0131l as\u0131l\u0131l\u0131\u011f\u0131 var. D\u00f6vl\u0259t Statistika Komit\u0259sinin r\u0259q\u0259ml\u0259rind\u0259n g\u00f6r\u00fcr\u00fck ki, h\u0259r il Az\u0259rbaycan \u00f6z\u00fcn\u0259 laz\u0131m olan tax\u0131l\u0131n 60 faiz\u0259 q\u0259d\u0259rini \u00f6z\u00fc istehsal edir, 40 faizini is\u0259 idxal edir. Bu yax\u0131nlarda I r\u00fcb\u00fcn yekun m\u00fc\u015favir\u0259sind\u0259 yeni r\u0259q\u0259m s\u0259sl\u0259ndirildi, d\u00f6vl\u0259t ba\u015f\u00e7\u0131s\u0131 qeyd etdi ki, Az\u0259rbaycan\u0131n \u0259rzaql\u0131q bu\u011fdayla \u00f6z\u00fcn\u00fc t\u0259minat\u0131 25 faizdir. \u018frzaql\u0131q bu\u011fda dey\u0259nd\u0259 un, \u00e7\u00f6r\u0259k m\u0259hsullar\u0131 n\u0259z\u0259rd\u0259 tutulur. Bu m\u0259s\u0259l\u0259d\u0259 as\u0131l\u0131l\u0131\u011f\u0131m\u0131z daha y\u00fcks\u0259kdir. T\u0259bii ki, Az\u0259rbaycanda k\u0259skin problem yaranma ehtimallar\u0131ndan biri bu\u011fda bazar\u0131d\u0131r. Amma yen\u0259 D\u00f6vl\u0259t G\u00f6mr\u00fck Komit\u0259sinin r\u0259q\u0259ml\u0259rind\u0259n g\u00f6r\u00fcr\u00fck ki, yanvar-fevral-mart aylar\u0131nda un-bu\u011fda idxal\u0131nda ciddi art\u0131m var. X\u00fcsusil\u0259 Qazax\u0131standan \u00e7ox b\u00f6y\u00fck h\u0259cmd\u0259 idxallar var. Bu bax\u0131mdan d\u00fc\u015f\u00fcn\u00fcr\u0259m ki, yax\u0131n aylarda ciddi problem g\u00f6zl\u0259nilm\u0259z. D\u00fczd\u00fcr, tax\u0131l ehtiyatlar\u0131n\u0131n n\u0259 q\u0259d\u0259r olmas\u0131 he\u00e7 vaxt ictimaiyy\u0259t\u0259 a\u00e7\u0131qlanm\u0131r, ona g\u00f6r\u0259 d\u0259qiq v\u0259ziyy\u0259tin n\u0259 yerd\u0259 oldu\u011funu bilmirik. Ancaq idxal-ixrac g\u00f6st\u0259ricil\u0259ri g\u00f6st\u0259rir ki, \u0259n az\u0131 yax\u0131n m\u00fcdd\u0259td\u0259 bir probleml\u0259 \u00fczl\u0259\u015f\u0259 bilm\u0259rik, qiym\u0259t art\u0131mlar\u0131n\u0131 k\u0259nara qoyuram, m\u0259n t\u0259minat\u0131 n\u0259z\u0259rd\u0259 tuturam. \u018fg\u0259r probleml\u0259r daha uzun m\u00fcdd\u0259t\u0259 davam ets\u0259, idxaldan as\u0131l\u0131 \u00f6lk\u0259 oldu\u011fumuzdan probleml\u0259 \u00fczl\u0259\u015f\u0259 bil\u0259rik. Bir vacib m\u0259s\u0259l\u0259 odur ki, son g\u00fcnl\u0259r s\u0259r\u0259ncamlar imzaland\u0131, Az\u0259rbaycanla bir \u00e7ox \u00f6lk\u0259nin h\u00f6kum\u0259tl\u0259raras\u0131 i\u015f\u00e7i qruplar\u0131n\u0131n t\u0259rkibin\u0259 Qida T\u0259hl\u00fck\u0259sizliyi Agentliyinin r\u0259smil\u0259ri d\u0259 \u0259lav\u0259 edildi. Ard\u0131nca Az\u0259rbaycanla \u0130srail aras\u0131nda bir anla\u015fma oldu ki, onlar bizi texnologiyalarla t\u0259min etsinl\u0259r. Eyni zamanda, T\u00fcrkiy\u0259nin m\u00fcvafiq strukturunun r\u0259smil\u0259ri Az\u0259rbaycana s\u0259f\u0259r etdil\u0259r, h\u0259m d\u0259 G\u00fcrc\u00fcstanla da bu y\u00f6nd\u0259 t\u0259maslar oldu. H\u00f6kum\u0259tin atd\u0131\u011f\u0131 add\u0131mlara baxanda g\u00f6r\u00fcr\u00fck ki, art\u0131q onlar da n\u0259inki \u0259rzaq qiym\u0259tl\u0259ri, \u0259rzaq t\u0259hl\u00fck\u0259sizliyinin d\u0259 prioritet oldu\u011funu ba\u015fa d\u00fc\u015f\u00fcrl\u0259r. Bu, art\u0131q h\u00f6kum\u0259tl\u0259raras\u0131 m\u00fczakir\u0259nin ciddi predmetin\u0259 \u00e7evrilib.<\/li><li><strong>\u018frzaq q\u0131tl\u0131\u011f\u0131 v\u0259 bahala\u015fmadan \u0259n \u00e7ox \u0259ziyy\u0259t \u00e7\u0259k\u0259n \u00f6lk\u0259l\u0259r hans\u0131lard\u0131r v\u0259 Az\u0259rbaycan da o s\u0131radad\u0131rm\u0131?<\/strong><\/li><li>\u00dcmumiyy\u0259tl\u0259, k\u0259nd t\u0259s\u0259rr\u00fcfat\u0131yla ba\u011fl\u0131 u\u011furlu t\u0259cr\u00fcb\u0259l\u0259r\u0259 baxanda iki c\u00fcr \u00f6lk\u0259l\u0259rin oldu\u011funu g\u00f6r\u00fcr\u00fck. Ya \u00e7ox b\u00f6y\u00fck \u0259razi ehtiyatlar\u0131 var, onun hesab\u0131na m\u0259hsuldarl\u0131\u011f\u0131 art\u0131ra bilirl\u0259r. Ya da y\u00fcks\u0259k texnologiyalardan geni\u015f istifad\u0259 edirl\u0259r. Az\u0259rbaycan\u0131n k\u0259nd t\u0259s\u0259rr\u00fcfat\u0131nda y\u00fcks\u0259k texnologiyalar\u0131n istifad\u0259 edildiyini dey\u0259 bilm\u0259rik. \u018frazimiz C\u0259nubi Qafqazda t\u0259bii ki, b\u00f6y\u00fckd\u00fcr, amma \u00f6lk\u0259d\u0259 ciddi su q\u0131tl\u0131\u011f\u0131n\u0131n oldu\u011funu bilm\u0259liyik v\u0259 burda da m\u00fc\u0259yy\u0259n \u00e7\u0259tinlikl\u0259rl\u0259 \u00fczl\u0259\u015firik. Ona g\u00f6r\u0259 d\u0259 qlobal probleml\u0259rd\u0259n yoxsul v\u0259 \u0259razisi ki\u00e7ik \u00f6lk\u0259l\u0259r, h\u0259m d\u0259 \u0259halisi \u00e7ox olan \u00f6lk\u0259l\u0259r \u0259ziyy\u0259t \u00e7\u0259k\u0259c\u0259kl\u0259r. \u00c7\u00fcnki texnologiyalar\u0131n k\u0259nd t\u0259s\u0259rr\u00fcfat\u0131nda istehsal prosesin\u0259 t\u0259tbiqi \u00e7ox x\u0259rcli prosesdir, h\u0259min yoxsul \u00f6lk\u0259l\u0259rin bunu maliyy\u0259ll\u0259\u015fdirm\u0259 imkanlar\u0131 m\u0259hduddur. Bel\u0259 olan t\u0259qdird\u0259 burda iqtisadi as\u0131l\u0131l\u0131qla yana\u015f\u0131 h\u0259m d\u0259 siyasi as\u0131l\u0131l\u0131q \u00fc\u00e7\u00fcn yeni bir mexanizm ortaya \u00e7\u0131xacaq. Ola bil\u0259r Rusiyaya yax\u0131n b\u0259zi \u00f6lk\u0259l\u0259r tax\u0131l as\u0131l\u0131l\u0131\u011f\u0131na g\u00f6r\u0259 Moskvayla hesabla\u015fma\u011fa m\u0259cbur olsunlar.<\/li><li><strong>Az\u0259rbaycan \u0259rzaq m\u0259hsullar\u0131n\u0131n idxal\u0131ndan n\u0259 q\u0259d\u0259r as\u0131l\u0131d\u0131r? Daxili istehsal t\u0259l\u0259bat\u0131 \u00f6d\u0259m\u0259k imkanlar\u0131 n\u0259 q\u0259d\u0259r geni\u015fdir?<\/strong><\/li><li>Az\u0259rbaycanda \u0259sas\u0259n tax\u0131l m\u0259hsullar\u0131nda ciddi as\u0131l\u0131l\u0131\u011f\u0131m\u0131z var. K\u0259nd t\u0259s\u0259rr\u00fcfat\u0131n\u0131n dig\u0259r sah\u0259l\u0259rind\u0259 m\u00fc\u0259yy\u0259n q\u0259d\u0259r \u00f6z\u00fcm\u00fcz\u00fc t\u0259minat s\u0259viyy\u0259miz var. Az\u0259rbaycan\u0131n g\u0259l\u0259c\u0259k ill\u0259rd\u0259 qar\u015f\u0131la\u015fd\u0131\u011f\u0131 \u0259sas \u00e7\u0259tinlik su \u00e7at\u0131\u015fmazl\u0131\u011f\u0131 olacaq. Aqrar T\u0259hqiqatlar M\u0259rk\u0259zinin tax\u0131l istehsal\u0131 il\u0259 ba\u011fl\u0131 a\u00e7\u0131qlad\u0131\u011f\u0131 r\u0259q\u0259ml\u0259r\u0259 g\u00f6r\u0259, tax\u0131l \u0259kinl\u0259rinin c\u0259mi 30 faizind\u0259 su var, 70 faiz \u0259razid\u0259 su problemi var. B\u0259zil\u0259rind\u0259 su q\u0131tl\u0131\u011f\u0131 ya\u015fan\u0131r, b\u0259zil\u0259rind\u0259 d\u0259my\u0259 \u00fcsulu il\u0259 \u0259kinl\u0259ri h\u0259yata ke\u00e7irirl\u0259r. \u00d6lk\u0259d\u0259ki t\u0259s\u0259rr\u00fcfatlar\u0131n c\u0259mi 5 faizind\u0259 m\u00fcasir suvarma sisteml\u0259ri qura\u015fd\u0131r\u0131l\u0131b. N\u0259z\u0259r\u0259 almaq laz\u0131md\u0131r ki, Az\u0259rbaycan C\u0259nubi Qafqazda \u015firin su ehtiyatlar\u0131 il\u0259 \u0259n az t\u0259min olunan \u00f6lk\u0259dir. T\u0259xmin\u0259n regiondak\u0131 \u015firin suyun 10 faizi bizim \u00f6lk\u0259mizd\u0259dir. Baxmayaraq ki, Az\u0259rbaycan sah\u0259sin\u0259 g\u00f6r\u0259 Erm\u0259nistandan v\u0259 G\u00fcrc\u00fcstandan b\u00f6y\u00fckd\u00fcr. Dig\u0259r problem ondad\u0131r ki, Az\u0259rbaycana g\u0259l\u0259n suyun m\u00fctl\u0259q \u0259ks\u0259riyy\u0259ti qon\u015fu \u00f6lk\u0259l\u0259rd\u0259n g\u0259lir.<\/li><li><strong>B\u0259s i\u015f\u011faldan azad olunan b\u00f6lg\u0259l\u0259rd\u0259 su ehtiyatlar\u0131n\u0131n olmas\u0131 bar\u0259d\u0259 deyil\u0259nl\u0259ri nec\u0259 \u015f\u0259rh ed\u0259rdiniz?<\/strong><\/li><li>Bunlar h\u0259min \u0259razil\u0259r\u0259 v\u0259 ora yax\u0131n yerl\u0259r\u0259 \u00e7ox t\u00f6hf\u0259 ver\u0259 bil\u0259r, v\u0259ziyy\u0259ti d\u0259 yax\u015f\u0131la\u015fd\u0131rar. Amma \u00f6lk\u0259d\u0259 suvarma sisteml\u0259rinin ciddi \u015f\u0259kild\u0259 yenil\u0259nm\u0259sin\u0259 ehtiyac var. R\u0259smi r\u0259q\u0259ml\u0259r\u0259 g\u00f6r\u0259 \u00f6lk\u0259d\u0259 suyun \u00fc\u00e7d\u0259 biri israf olunur, bu, d\u0259h\u015f\u0259tli r\u0259q\u0259mdir. Onsuz da Az\u0259rbaycanda su q\u0131tl\u0131\u011f\u0131 var v\u0259 biz olan suyun \u00fc\u00e7d\u0259 birini itiririk. \u018fg\u0259r k\u0259nd t\u0259s\u0259rr\u00fcfat\u0131n\u0131n probleml\u0259rl\u0259 \u00fczl\u0259\u015fm\u0259sini ist\u0259miriks\u0259, suvarma sisteml\u0259rin\u0259 ciddi investisiya qoyulmal\u0131d\u0131r. Bizd\u0259 m\u0259hsuldarl\u0131\u011f\u0131n a\u015fa\u011f\u0131 olmas\u0131n\u0131n s\u0259b\u0259bl\u0259rind\u0259n biri d\u0259 toxumlarla ba\u011fl\u0131d\u0131r. \u00c7\u00fcnki d\u00fcnyan\u0131n bir \u00e7ox \u00f6lk\u0259sinin k\u0259nd t\u0259s\u0259rr\u00fcfat\u0131nda toxumlar\u0131n keyfiyy\u0259tin\u0259 n\u0259zar\u0259t mexanizml\u0259rini g\u00f6r\u00fcr\u00fck. Az\u0259rbaycanda bu mexanizm yoxdur, biz bilmirik ki, k\u0259ndli, fermer hans\u0131 sort toxumlardan istifad\u0259 edir. Buna n\u0259zar\u0259t mexanizml\u0259ri olsa, m\u0259hsuldarl\u0131\u011f\u0131 art\u0131ra bil\u0259rik. Dig\u0259r vacib amil s\u0131\u011forta v\u0259 subsidiya mexanizml\u0259ri il\u0259 fermerl\u0259ri t\u0259\u015fviq etm\u0259kdir. H\u0259m d\u0259 biz Az\u0259rbaycanda yerli istehsaldan dan\u0131\u015f\u0131r\u0131qsa, yerli istehsal\u0131n d\u0259y\u0259r z\u0259ncirinin formala\u015fmas\u0131nda ixrac\u0131n ciddi rolu var. M\u0259s\u0259l\u0259n, bug\u00fcnl\u0259rd\u0259 Az\u0259rbaycanda siqaret \u00e7at\u0131\u015fmazl\u0131\u011f\u0131 g\u00fcnd\u0259m\u0259 g\u0259ldi, b\u0259zi marka siqaretl\u0259r bazarda yox idi. H\u0259min istehsal\u00e7\u0131 \u015firk\u0259t a\u00e7\u0131qlad\u0131 ki, xammal\u0131 Ukraynadan idxal edirl\u0259r, indi is\u0259 m\u00fcharib\u0259y\u0259 g\u00f6r\u0259 yollar ba\u011fl\u0131d\u0131r, ala bilmirl\u0259r. \u018fslind\u0259, r\u0259smi r\u0259q\u0259ml\u0259r\u0259 g\u00f6r\u0259 Az\u0259rbaycan siqaret ehtiyac\u0131n\u0131n b\u00f6y\u00fck hiss\u0259sini \u00f6z\u00fc edir, siqaretl\u0259r burda istehsal olunsa da, t\u00fct\u00fcn Ukraynadan g\u0259lir. Ona g\u00f6r\u0259 ist\u0259r k\u00fcbr\u0259l\u0259r, yaxud k\u0259nd t\u0259s\u0259rr\u00fcfat\u0131 texnikas\u0131 olsun, k\u0259nardan al\u0131r\u0131q. T\u0259bii ki, bu as\u0131l\u0131l\u0131qdan qurtarmaq \u00fc\u00e7\u00fcn Az\u0259rbaycan m\u00fctl\u0259q qaydada su problemini h\u0259ll etm\u0259lidir, bura m\u0259hsuldarl\u0131\u011f\u0131n, yerli istehsal\u0131n pay\u0131n\u0131n art\u0131r\u0131lmas\u0131 vacibdir ki, \u00e7\u0259tin d\u00f6vrd\u0259n daha rahat ke\u00e7m\u0259sin\u0259 t\u0259sir g\u00f6st\u0259r\u0259r.<\/li><li><strong>Az\u0259rbaycan h\u00f6kum\u0259tin\u0131n \u0259rzaq q\u0131tl\u0131\u011f\u0131 v\u0259 bahala\u015fmadan daha az z\u0259r\u0259rl\u0259 \u00e7\u0131xmas\u0131 \u00fc\u00e7\u00fcn hans\u0131sa alternativ yollar d\u00fc\u015f\u00fcnd\u00fcy\u00fc g\u00f6r\u00fcn\u00fcrm\u00fc?<\/strong><\/li><li>H\u00f6kum\u0259tl\u0259raras\u0131 r\u0259smi diplomatik ritorikada bunu g\u00f6r\u00fcr\u00fck. Prezidentin s\u0259r\u0259ncamlar\u0131 vard\u0131 ki, h\u00f6kum\u0259tl\u0259raras\u0131 i\u015f\u00e7i qruplar\u0131n\u0131n t\u0259rkibin\u0259 k\u0259nd t\u0259s\u0259rr\u00fcfat\u0131 v\u0259 qida t\u0259hl\u00fck\u0259sil\u0259 ba\u011fl\u0131 \u0259m\u0259kda\u015flar da daxil edildi. Amma bu m\u0259s\u0259l\u0259 daha geni\u015f miqyasda qoyula bil\u0259r. M\u0259s\u0259l\u0259n, torpaq b\u00f6lg\u00fcs\u00fcyl\u0259 ba\u011fl\u0131 \u00e7\u0259tinlikl\u0259r qalmaqdad\u0131r, fermerl\u0259r \u00f6z m\u0259hsullar\u0131n\u0131 birba\u015fa bazara \u00e7\u0131xarmaqda \u00e7\u0259tinlik \u00e7\u0259kirl\u0259r. Ona g\u00f6r\u0259 h\u00f6kum\u0259tin t\u0259kc\u0259 r\u0259smi diplomatik add\u0131mlar\u0131 yetmir. Bu da olmal\u0131d\u0131r, amma fermerl\u0259rin rahat i\u015fl\u0259m\u0259l\u0259ri v\u0259 m\u0259hsullar\u0131n\u0131 bazara rahat \u00e7\u0131xarmalar\u0131 \u00fc\u00e7\u00fcn ciddi islahatlara ehtiyac var. H\u0259m d\u0259 son d\u00f6vrl\u0259r k\u0259nd t\u0259s\u0259rr\u00fcfat\u0131nda daha \u00e7ox aqroholdinql\u0259rin paylar\u0131n\u0131n art\u0131r\u0131lmas\u0131 g\u00f6r\u00fcn\u00fcr. M\u0259nc\u0259, orta v\u0259 ki\u00e7ik fermerl\u0259r birlikl\u0259rinin yarad\u0131lmas\u0131 aqroholdinql\u0259rin bazarda pay\u0131n\u0131n y\u00fcks\u0259k olmas\u0131na n\u0259z\u0259r\u0259n daha \u00e7ox bazar\u0131 canland\u0131ra bil\u0259r.<\/li><\/ul>\n","protected":false},"excerpt":{"rendered":"","protected":false},"author":14,"featured_media":246720,"comment_status":"closed","ping_status":"closed","sticky":false,"template":"","format":"standard","meta":{"_acf_changed":false,"_sitemap_exclude":false,"_sitemap_priority":"","_sitemap_frequency":"","footnotes":""},"categories":[63],"tags":[],"class_list":["post-246719","post","type-post","status-publish","format-standard","has-post-thumbnail","hentry","category-video-2","infinite-scroll-item","generate-columns","tablet-grid-50","mobile-grid-100","grid-parent","grid-33","no-featured-image-padding"],"acf":[],"yoast_head":"<!-- This site is optimized with the Yoast SEO plugin v27.5 - https:\/\/yoast.com\/product\/yoast-seo-wordpress\/ -->\n<title>\u0130qtisad\u00e7\u0131 F\u0259rid Mehral\u0131zad\u0259: &quot;\u018fhalinin x\u0259rcl\u0259diyi 2 manatdan biri qida v\u0259 \u0259rza\u011fa gedir&quot; - MEYDAN.TV<\/title>\n<meta name=\"robots\" content=\"index, follow, max-snippet:-1, max-image-preview:large, max-video-preview:-1\" \/>\n<link rel=\"canonical\" href=\"https:\/\/www.meydan.tv\/az\/article\/iqtisadci-ferid-mehralizade-ehalinin-xerclediyi-2-manatdan-biri-qida-ve-erzaga-gedir\/\" \/>\n<meta property=\"og:locale\" content=\"az_AZ\" \/>\n<meta property=\"og:type\" content=\"article\" \/>\n<meta property=\"og:title\" content=\"\u0130qtisad\u00e7\u0131 F\u0259rid Mehral\u0131zad\u0259: &quot;\u018fhalinin x\u0259rcl\u0259diyi 2 manatdan biri qida v\u0259 \u0259rza\u011fa gedir&quot; - MEYDAN.TV\" \/>\n<meta property=\"og:url\" content=\"https:\/\/www.meydan.tv\/az\/article\/iqtisadci-ferid-mehralizade-ehalinin-xerclediyi-2-manatdan-biri-qida-ve-erzaga-gedir\/\" \/>\n<meta property=\"og:site_name\" content=\"MEYDAN.TV\" \/>\n<meta property=\"article:published_time\" content=\"2022-05-28T00:57:28+00:00\" \/>\n<meta property=\"article:modified_time\" content=\"2022-05-28T00:57:31+00:00\" \/>\n<meta property=\"og:image\" content=\"https:\/\/www.meydan.tv\/wp-content\/uploads\/screenshot-2022-05-28-at-02.45.52.png\" \/>\n\t<meta property=\"og:image:width\" content=\"1306\" \/>\n\t<meta property=\"og:image:height\" content=\"730\" \/>\n\t<meta property=\"og:image:type\" content=\"image\/png\" \/>\n<meta name=\"author\" content=\"roma\" \/>\n<meta name=\"twitter:card\" content=\"summary_large_image\" \/>\n<script type=\"application\/ld+json\" class=\"yoast-schema-graph\">{\"@context\":\"https:\\\/\\\/schema.org\",\"@graph\":[{\"@type\":\"Article\",\"@id\":\"https:\\\/\\\/www.meydan.tv\\\/az\\\/article\\\/iqtisadci-ferid-mehralizade-ehalinin-xerclediyi-2-manatdan-biri-qida-ve-erzaga-gedir\\\/#article\",\"isPartOf\":{\"@id\":\"https:\\\/\\\/www.meydan.tv\\\/az\\\/article\\\/iqtisadci-ferid-mehralizade-ehalinin-xerclediyi-2-manatdan-biri-qida-ve-erzaga-gedir\\\/\"},\"author\":{\"name\":\"roma\",\"@id\":\"https:\\\/\\\/www.meydan.tv\\\/az\\\/#\\\/schema\\\/person\\\/8f23e01c4de63326c13c319fb65ee65d\"},\"headline\":\"\u0130qtisad\u00e7\u0131 F\u0259rid Mehral\u0131zad\u0259: &#8220;\u018fhalinin x\u0259rcl\u0259diyi 2 manatdan biri qida v\u0259 \u0259rza\u011fa gedir&#8221;\",\"datePublished\":\"2022-05-28T00:57:28+00:00\",\"dateModified\":\"2022-05-28T00:57:31+00:00\",\"mainEntityOfPage\":{\"@id\":\"https:\\\/\\\/www.meydan.tv\\\/az\\\/article\\\/iqtisadci-ferid-mehralizade-ehalinin-xerclediyi-2-manatdan-biri-qida-ve-erzaga-gedir\\\/\"},\"wordCount\":3311,\"publisher\":{\"@id\":\"https:\\\/\\\/www.meydan.tv\\\/az\\\/#organization\"},\"image\":{\"@id\":\"https:\\\/\\\/www.meydan.tv\\\/az\\\/article\\\/iqtisadci-ferid-mehralizade-ehalinin-xerclediyi-2-manatdan-biri-qida-ve-erzaga-gedir\\\/#primaryimage\"},\"thumbnailUrl\":\"https:\\\/\\\/www.meydan.tv\\\/wp-content\\\/uploads\\\/screenshot-2022-05-28-at-02.45.52.png\",\"articleSection\":[\"Video\"],\"inLanguage\":\"az\"},{\"@type\":\"WebPage\",\"@id\":\"https:\\\/\\\/www.meydan.tv\\\/az\\\/article\\\/iqtisadci-ferid-mehralizade-ehalinin-xerclediyi-2-manatdan-biri-qida-ve-erzaga-gedir\\\/\",\"url\":\"https:\\\/\\\/www.meydan.tv\\\/az\\\/article\\\/iqtisadci-ferid-mehralizade-ehalinin-xerclediyi-2-manatdan-biri-qida-ve-erzaga-gedir\\\/\",\"name\":\"\u0130qtisad\u00e7\u0131 F\u0259rid Mehral\u0131zad\u0259: \\\"\u018fhalinin x\u0259rcl\u0259diyi 2 manatdan biri qida v\u0259 \u0259rza\u011fa gedir\\\" - MEYDAN.TV\",\"isPartOf\":{\"@id\":\"https:\\\/\\\/www.meydan.tv\\\/az\\\/#website\"},\"primaryImageOfPage\":{\"@id\":\"https:\\\/\\\/www.meydan.tv\\\/az\\\/article\\\/iqtisadci-ferid-mehralizade-ehalinin-xerclediyi-2-manatdan-biri-qida-ve-erzaga-gedir\\\/#primaryimage\"},\"image\":{\"@id\":\"https:\\\/\\\/www.meydan.tv\\\/az\\\/article\\\/iqtisadci-ferid-mehralizade-ehalinin-xerclediyi-2-manatdan-biri-qida-ve-erzaga-gedir\\\/#primaryimage\"},\"thumbnailUrl\":\"https:\\\/\\\/www.meydan.tv\\\/wp-content\\\/uploads\\\/screenshot-2022-05-28-at-02.45.52.png\",\"datePublished\":\"2022-05-28T00:57:28+00:00\",\"dateModified\":\"2022-05-28T00:57:31+00:00\",\"breadcrumb\":{\"@id\":\"https:\\\/\\\/www.meydan.tv\\\/az\\\/article\\\/iqtisadci-ferid-mehralizade-ehalinin-xerclediyi-2-manatdan-biri-qida-ve-erzaga-gedir\\\/#breadcrumb\"},\"inLanguage\":\"az\",\"potentialAction\":[{\"@type\":\"ReadAction\",\"target\":[\"https:\\\/\\\/www.meydan.tv\\\/az\\\/article\\\/iqtisadci-ferid-mehralizade-ehalinin-xerclediyi-2-manatdan-biri-qida-ve-erzaga-gedir\\\/\"]}]},{\"@type\":\"ImageObject\",\"inLanguage\":\"az\",\"@id\":\"https:\\\/\\\/www.meydan.tv\\\/az\\\/article\\\/iqtisadci-ferid-mehralizade-ehalinin-xerclediyi-2-manatdan-biri-qida-ve-erzaga-gedir\\\/#primaryimage\",\"url\":\"https:\\\/\\\/www.meydan.tv\\\/wp-content\\\/uploads\\\/screenshot-2022-05-28-at-02.45.52.png\",\"contentUrl\":\"https:\\\/\\\/www.meydan.tv\\\/wp-content\\\/uploads\\\/screenshot-2022-05-28-at-02.45.52.png\",\"width\":1306,\"height\":730},{\"@type\":\"BreadcrumbList\",\"@id\":\"https:\\\/\\\/www.meydan.tv\\\/az\\\/article\\\/iqtisadci-ferid-mehralizade-ehalinin-xerclediyi-2-manatdan-biri-qida-ve-erzaga-gedir\\\/#breadcrumb\",\"itemListElement\":[{\"@type\":\"ListItem\",\"position\":1,\"name\":\"Ana s\u0259hif\u0259\",\"item\":\"https:\\\/\\\/www.meydan.tv\\\/az\\\/\"},{\"@type\":\"ListItem\",\"position\":2,\"name\":\"Video\",\"item\":\"https:\\\/\\\/www.meydan.tv\\\/az\\\/section\\\/video-2\\\/\"},{\"@type\":\"ListItem\",\"position\":3,\"name\":\"\u0130qtisad\u00e7\u0131 F\u0259rid Mehral\u0131zad\u0259: &#8220;\u018fhalinin x\u0259rcl\u0259diyi 2 manatdan biri qida v\u0259 \u0259rza\u011fa gedir&#8221;\"}]},{\"@type\":\"WebSite\",\"@id\":\"https:\\\/\\\/www.meydan.tv\\\/az\\\/#website\",\"url\":\"https:\\\/\\\/www.meydan.tv\\\/az\\\/\",\"name\":\"MEYDAN.TV\",\"description\":\"Meydan TV Az\u0259rbaycan\u0131n media m\u0259kan\u0131ndak\u0131 alternativ s\u0259sidir\",\"publisher\":{\"@id\":\"https:\\\/\\\/www.meydan.tv\\\/az\\\/#organization\"},\"potentialAction\":[{\"@type\":\"SearchAction\",\"target\":{\"@type\":\"EntryPoint\",\"urlTemplate\":\"https:\\\/\\\/www.meydan.tv\\\/az\\\/?s={search_term_string}\"},\"query-input\":{\"@type\":\"PropertyValueSpecification\",\"valueRequired\":true,\"valueName\":\"search_term_string\"}}],\"inLanguage\":\"az\"},{\"@type\":\"Organization\",\"@id\":\"https:\\\/\\\/www.meydan.tv\\\/az\\\/#organization\",\"name\":\"Meydan TV\",\"url\":\"https:\\\/\\\/www.meydan.tv\\\/az\\\/\",\"logo\":{\"@type\":\"ImageObject\",\"inLanguage\":\"az\",\"@id\":\"https:\\\/\\\/www.meydan.tv\\\/az\\\/#\\\/schema\\\/logo\\\/image\\\/\",\"url\":\"https:\\\/\\\/www.meydan.tv\\\/wp-content\\\/uploads\\\/2021\\\/07\\\/meydan-logo.svg\",\"contentUrl\":\"https:\\\/\\\/www.meydan.tv\\\/wp-content\\\/uploads\\\/2021\\\/07\\\/meydan-logo.svg\",\"width\":195,\"height\":46,\"caption\":\"Meydan TV\"},\"image\":{\"@id\":\"https:\\\/\\\/www.meydan.tv\\\/az\\\/#\\\/schema\\\/logo\\\/image\\\/\"}},{\"@type\":\"Person\",\"@id\":\"https:\\\/\\\/www.meydan.tv\\\/az\\\/#\\\/schema\\\/person\\\/8f23e01c4de63326c13c319fb65ee65d\",\"name\":\"roma\"}]}<\/script>\n<!-- \/ Yoast SEO plugin. -->","yoast_head_json":{"title":"\u0130qtisad\u00e7\u0131 F\u0259rid Mehral\u0131zad\u0259: \"\u018fhalinin x\u0259rcl\u0259diyi 2 manatdan biri qida v\u0259 \u0259rza\u011fa gedir\" - MEYDAN.TV","robots":{"index":"index","follow":"follow","max-snippet":"max-snippet:-1","max-image-preview":"max-image-preview:large","max-video-preview":"max-video-preview:-1"},"canonical":"https:\/\/www.meydan.tv\/az\/article\/iqtisadci-ferid-mehralizade-ehalinin-xerclediyi-2-manatdan-biri-qida-ve-erzaga-gedir\/","og_locale":"az_AZ","og_type":"article","og_title":"\u0130qtisad\u00e7\u0131 F\u0259rid Mehral\u0131zad\u0259: \"\u018fhalinin x\u0259rcl\u0259diyi 2 manatdan biri qida v\u0259 \u0259rza\u011fa gedir\" - MEYDAN.TV","og_url":"https:\/\/www.meydan.tv\/az\/article\/iqtisadci-ferid-mehralizade-ehalinin-xerclediyi-2-manatdan-biri-qida-ve-erzaga-gedir\/","og_site_name":"MEYDAN.TV","article_published_time":"2022-05-28T00:57:28+00:00","article_modified_time":"2022-05-28T00:57:31+00:00","og_image":[{"width":1306,"height":730,"url":"https:\/\/www.meydan.tv\/wp-content\/uploads\/screenshot-2022-05-28-at-02.45.52.png","type":"image\/png"}],"author":"roma","twitter_card":"summary_large_image","schema":{"@context":"https:\/\/schema.org","@graph":[{"@type":"Article","@id":"https:\/\/www.meydan.tv\/az\/article\/iqtisadci-ferid-mehralizade-ehalinin-xerclediyi-2-manatdan-biri-qida-ve-erzaga-gedir\/#article","isPartOf":{"@id":"https:\/\/www.meydan.tv\/az\/article\/iqtisadci-ferid-mehralizade-ehalinin-xerclediyi-2-manatdan-biri-qida-ve-erzaga-gedir\/"},"author":{"name":"roma","@id":"https:\/\/www.meydan.tv\/az\/#\/schema\/person\/8f23e01c4de63326c13c319fb65ee65d"},"headline":"\u0130qtisad\u00e7\u0131 F\u0259rid Mehral\u0131zad\u0259: &#8220;\u018fhalinin x\u0259rcl\u0259diyi 2 manatdan biri qida v\u0259 \u0259rza\u011fa gedir&#8221;","datePublished":"2022-05-28T00:57:28+00:00","dateModified":"2022-05-28T00:57:31+00:00","mainEntityOfPage":{"@id":"https:\/\/www.meydan.tv\/az\/article\/iqtisadci-ferid-mehralizade-ehalinin-xerclediyi-2-manatdan-biri-qida-ve-erzaga-gedir\/"},"wordCount":3311,"publisher":{"@id":"https:\/\/www.meydan.tv\/az\/#organization"},"image":{"@id":"https:\/\/www.meydan.tv\/az\/article\/iqtisadci-ferid-mehralizade-ehalinin-xerclediyi-2-manatdan-biri-qida-ve-erzaga-gedir\/#primaryimage"},"thumbnailUrl":"https:\/\/www.meydan.tv\/wp-content\/uploads\/screenshot-2022-05-28-at-02.45.52.png","articleSection":["Video"],"inLanguage":"az"},{"@type":"WebPage","@id":"https:\/\/www.meydan.tv\/az\/article\/iqtisadci-ferid-mehralizade-ehalinin-xerclediyi-2-manatdan-biri-qida-ve-erzaga-gedir\/","url":"https:\/\/www.meydan.tv\/az\/article\/iqtisadci-ferid-mehralizade-ehalinin-xerclediyi-2-manatdan-biri-qida-ve-erzaga-gedir\/","name":"\u0130qtisad\u00e7\u0131 F\u0259rid Mehral\u0131zad\u0259: \"\u018fhalinin x\u0259rcl\u0259diyi 2 manatdan biri qida v\u0259 \u0259rza\u011fa gedir\" - MEYDAN.TV","isPartOf":{"@id":"https:\/\/www.meydan.tv\/az\/#website"},"primaryImageOfPage":{"@id":"https:\/\/www.meydan.tv\/az\/article\/iqtisadci-ferid-mehralizade-ehalinin-xerclediyi-2-manatdan-biri-qida-ve-erzaga-gedir\/#primaryimage"},"image":{"@id":"https:\/\/www.meydan.tv\/az\/article\/iqtisadci-ferid-mehralizade-ehalinin-xerclediyi-2-manatdan-biri-qida-ve-erzaga-gedir\/#primaryimage"},"thumbnailUrl":"https:\/\/www.meydan.tv\/wp-content\/uploads\/screenshot-2022-05-28-at-02.45.52.png","datePublished":"2022-05-28T00:57:28+00:00","dateModified":"2022-05-28T00:57:31+00:00","breadcrumb":{"@id":"https:\/\/www.meydan.tv\/az\/article\/iqtisadci-ferid-mehralizade-ehalinin-xerclediyi-2-manatdan-biri-qida-ve-erzaga-gedir\/#breadcrumb"},"inLanguage":"az","potentialAction":[{"@type":"ReadAction","target":["https:\/\/www.meydan.tv\/az\/article\/iqtisadci-ferid-mehralizade-ehalinin-xerclediyi-2-manatdan-biri-qida-ve-erzaga-gedir\/"]}]},{"@type":"ImageObject","inLanguage":"az","@id":"https:\/\/www.meydan.tv\/az\/article\/iqtisadci-ferid-mehralizade-ehalinin-xerclediyi-2-manatdan-biri-qida-ve-erzaga-gedir\/#primaryimage","url":"https:\/\/www.meydan.tv\/wp-content\/uploads\/screenshot-2022-05-28-at-02.45.52.png","contentUrl":"https:\/\/www.meydan.tv\/wp-content\/uploads\/screenshot-2022-05-28-at-02.45.52.png","width":1306,"height":730},{"@type":"BreadcrumbList","@id":"https:\/\/www.meydan.tv\/az\/article\/iqtisadci-ferid-mehralizade-ehalinin-xerclediyi-2-manatdan-biri-qida-ve-erzaga-gedir\/#breadcrumb","itemListElement":[{"@type":"ListItem","position":1,"name":"Ana s\u0259hif\u0259","item":"https:\/\/www.meydan.tv\/az\/"},{"@type":"ListItem","position":2,"name":"Video","item":"https:\/\/www.meydan.tv\/az\/section\/video-2\/"},{"@type":"ListItem","position":3,"name":"\u0130qtisad\u00e7\u0131 F\u0259rid Mehral\u0131zad\u0259: &#8220;\u018fhalinin x\u0259rcl\u0259diyi 2 manatdan biri qida v\u0259 \u0259rza\u011fa gedir&#8221;"}]},{"@type":"WebSite","@id":"https:\/\/www.meydan.tv\/az\/#website","url":"https:\/\/www.meydan.tv\/az\/","name":"MEYDAN.TV","description":"Meydan TV Az\u0259rbaycan\u0131n media m\u0259kan\u0131ndak\u0131 alternativ s\u0259sidir","publisher":{"@id":"https:\/\/www.meydan.tv\/az\/#organization"},"potentialAction":[{"@type":"SearchAction","target":{"@type":"EntryPoint","urlTemplate":"https:\/\/www.meydan.tv\/az\/?s={search_term_string}"},"query-input":{"@type":"PropertyValueSpecification","valueRequired":true,"valueName":"search_term_string"}}],"inLanguage":"az"},{"@type":"Organization","@id":"https:\/\/www.meydan.tv\/az\/#organization","name":"Meydan TV","url":"https:\/\/www.meydan.tv\/az\/","logo":{"@type":"ImageObject","inLanguage":"az","@id":"https:\/\/www.meydan.tv\/az\/#\/schema\/logo\/image\/","url":"https:\/\/www.meydan.tv\/wp-content\/uploads\/2021\/07\/meydan-logo.svg","contentUrl":"https:\/\/www.meydan.tv\/wp-content\/uploads\/2021\/07\/meydan-logo.svg","width":195,"height":46,"caption":"Meydan TV"},"image":{"@id":"https:\/\/www.meydan.tv\/az\/#\/schema\/logo\/image\/"}},{"@type":"Person","@id":"https:\/\/www.meydan.tv\/az\/#\/schema\/person\/8f23e01c4de63326c13c319fb65ee65d","name":"roma"}]}},"_links":{"self":[{"href":"https:\/\/www.meydan.tv\/az\/wp-json\/wp\/v2\/posts\/246719","targetHints":{"allow":["GET"]}}],"collection":[{"href":"https:\/\/www.meydan.tv\/az\/wp-json\/wp\/v2\/posts"}],"about":[{"href":"https:\/\/www.meydan.tv\/az\/wp-json\/wp\/v2\/types\/post"}],"author":[{"embeddable":true,"href":"https:\/\/www.meydan.tv\/az\/wp-json\/wp\/v2\/users\/14"}],"replies":[{"embeddable":true,"href":"https:\/\/www.meydan.tv\/az\/wp-json\/wp\/v2\/comments?post=246719"}],"version-history":[{"count":1,"href":"https:\/\/www.meydan.tv\/az\/wp-json\/wp\/v2\/posts\/246719\/revisions"}],"predecessor-version":[{"id":246723,"href":"https:\/\/www.meydan.tv\/az\/wp-json\/wp\/v2\/posts\/246719\/revisions\/246723"}],"wp:featuredmedia":[{"embeddable":true,"href":"https:\/\/www.meydan.tv\/az\/wp-json\/wp\/v2\/media\/246720"}],"wp:attachment":[{"href":"https:\/\/www.meydan.tv\/az\/wp-json\/wp\/v2\/media?parent=246719"}],"wp:term":[{"taxonomy":"category","embeddable":true,"href":"https:\/\/www.meydan.tv\/az\/wp-json\/wp\/v2\/categories?post=246719"},{"taxonomy":"post_tag","embeddable":true,"href":"https:\/\/www.meydan.tv\/az\/wp-json\/wp\/v2\/tags?post=246719"}],"curies":[{"name":"wp","href":"https:\/\/api.w.org\/{rel}","templated":true}]}}