{"id":246684,"date":"2022-05-27T19:38:22","date_gmt":"2022-05-27T15:38:22","guid":{"rendered":"https:\/\/www.meydan.tv\/?p=246684"},"modified":"2022-05-27T20:44:19","modified_gmt":"2022-05-27T16:44:19","slug":"efv-serencami-imzalandi-azadliga-cixanlar-arasinda-siyasi-feallar-da-var","status":"publish","type":"post","link":"https:\/\/www.meydan.tv\/az\/article\/efv-serencami-imzalandi-azadliga-cixanlar-arasinda-siyasi-feallar-da-var\/","title":{"rendered":"\u018ffv s\u0259r\u0259ncam\u0131 imzaland\u0131: Azadl\u0131\u011fa \u00e7\u0131xanlar aras\u0131nda siyasi f\u0259allar da var"},"content":{"rendered":"\n<p><em>\u00d6m\u00fcrl\u00fck h\u0259bs c\u0259zas\u0131 alan biznesmen d\u0259 \u0259fv olunub<\/em><\/p>\n\n\n\n<p>May\u0131n 27-d\u0259 Prezident \u0130lham \u018fliyev \u201cM\u0259hkum edilmi\u015f bir s\u0131ra \u015f\u0259xsl\u0259rin \u0259fv olunmas\u0131 haqq\u0131nda\u201d S\u0259r\u0259ncam <a href=\"https:\/\/president.az\/az\/articles\/view\/56230\">imzalay\u0131b<\/a>. Bu s\u0259r\u0259ncamla 168 \u015f\u0259xs azadl\u0131\u011fa burax\u0131lmal\u0131, 36 n\u0259f\u0259rin is\u0259 c\u0259zas\u0131n\u0131n \u00e7\u0259kilm\u0259mi\u015f hiss\u0259si yar\u0131yad\u0259k azald\u0131lmal\u0131d\u0131r. \u015e\u0259rti olaraq m\u0259hkum edilmi\u015f 4 n\u0259f\u0259r, azadl\u0131\u011f\u0131n m\u0259hdudla\u015fd\u0131r\u0131lmas\u0131 c\u0259zas\u0131na m\u0259hkum edilmi\u015f 6 n\u0259f\u0259r d\u0259 c\u0259zan\u0131n \u00e7\u0259kilm\u0259mi\u015f hiss\u0259sind\u0259n azad edilm\u0259lidirl\u0259r:<\/p>\n\n\n\n<p>S\u0259r\u0259ncamla azadl\u0131\u011fa \u00e7\u0131xacaq \u015f\u0259xsl\u0259r aras\u0131nda beyn\u0259lxalq t\u0259\u015fkilatlar\u0131n syasi m\u0259hbus kimi tan\u0131d\u0131\u011f\u0131 Saleh R\u00fcst\u0259mli, AXCP f\u0259al\u0131 Pa\u015fa Umudov da var. H\u0259m\u00e7inin \u201cAzel TV\u201d sayt\u0131n\u0131n r\u0259hb\u0259ri \u018ffqan Sad\u0131qov, ke\u00e7mi\u015f Ba\u015f prokuror Zakir Qaralovla m\u00fcbahis\u0259 etdiyin\u0259 g\u00f6r\u0259 \u00f6m\u00fcrl\u00fck h\u0259bs ald\u0131\u011f\u0131 bildiril\u0259n, 23 ildir m\u0259hbus olan biznesmen \u015e\u0259msi S\u0259m\u0259dzad\u0259, \u201cG\u0259nc\u0259 m\u0259hbuslar\u0131\u201d Kamal M\u0259h\u0259rr\u0259mov, Raul S\u00fcleymanov, Elman Quliyev, \u015eahlar Rzayev, Orxan Ya\u011fn\u0259liyev, To\u011frul Verdiyev, V\u00fcqar Allahverdiyev, Tural Bayramov, Seymur \u018fliyev, Hac\u0131yev Maarif, Ruslan H\u0259s\u0259nov, \u018fli Rzayev, Yav\u0259r \u0130smay\u0131lzad\u0259, Zabil M\u0259mm\u0259dov, Elman R\u00fcst\u0259mov, Q\u0259nb\u0259r Qarazad\u0259, Asif Cavadov da \u0259fv olunanlar aras\u0131ndad\u0131r.<\/p>\n\n\n\n<p>\u018ffv s\u0259r\u0259ncam\u0131nda ad\u0131 olanlar\u0131n i\u00e7\u0259risind\u0259 ke\u00e7mi\u015f MTN general\u0131 Teymur Quliyev, MTN polkovniki S\u0259lim M\u0259mm\u0259dov v\u0259 eyni i\u015f \u00fczr\u0259 h\u0259bs olunmu\u015f Natiq Al\u0131yev d\u0259 var. <\/p>\n\n\n\n<p>Bundan \u0259vv\u0259l \u018ffv s\u0259r\u0259ncam\u0131 \u00f6t\u0259n il mart\u0131n 18-d\u0259 <a href=\"https:\/\/www.meydan.tv\/az\/article\/huquq-mudafiecisi-bu-serencam-siyasi-mehbus-problemini-hell-etmir\/\">imzalanm\u0131\u015fd\u0131<\/a>. H\u0259min s\u0259r\u0259ncam \u00fcmumilikd\u0259 625 n\u0259f\u0259r\u0259 \u015famil edilib. Onlardan azadl\u0131qdan m\u0259hrum etm\u0259 c\u0259zas\u0131na m\u0259hkum olunmu\u015f 475 n\u0259f\u0259r c\u0259zas\u0131n\u0131n \u00e7\u0259kilm\u0259mi\u015f hiss\u0259sind\u0259n azad edilib.<\/p>\n","protected":false},"excerpt":{"rendered":"<p>\u00d6m\u00fcrl\u00fck h\u0259bs c\u0259zas\u0131 alan biznesmen d\u0259 \u0259fv olunub May\u0131n 27-d\u0259 &#8230; <\/p>\n<p class=\"read-more-container\"><a title=\"\u018ffv s\u0259r\u0259ncam\u0131 imzaland\u0131: Azadl\u0131\u011fa \u00e7\u0131xanlar aras\u0131nda siyasi f\u0259allar da var\" class=\"read-more button\" href=\"https:\/\/www.meydan.tv\/az\/article\/efv-serencami-imzalandi-azadliga-cixanlar-arasinda-siyasi-feallar-da-var\/#more-246684\" aria-label=\"Read more about \u018ffv s\u0259r\u0259ncam\u0131 imzaland\u0131: Azadl\u0131\u011fa \u00e7\u0131xanlar aras\u0131nda siyasi f\u0259allar da var\">Davam\u0131<\/a><\/p>\n","protected":false},"author":14,"featured_media":246687,"comment_status":"closed","ping_status":"closed","sticky":false,"template":"","format":"standard","meta":{"_acf_changed":false,"_sitemap_exclude":false,"_sitemap_priority":"","_sitemap_frequency":"","footnotes":""},"categories":[79,56],"tags":[],"class_list":["post-246684","post","type-post","status-publish","format-standard","has-post-thumbnail","hentry","category-featured","category-xeberler","infinite-scroll-item","generate-columns","tablet-grid-50","mobile-grid-100","grid-parent","grid-33","no-featured-image-padding"],"acf":[],"yoast_head":"<!-- This site is optimized with the Yoast SEO plugin v27.4 - https:\/\/yoast.com\/product\/yoast-seo-wordpress\/ -->\n<title>\u018ffv s\u0259r\u0259ncam\u0131 imzaland\u0131: Azadl\u0131\u011fa \u00e7\u0131xanlar aras\u0131nda siyasi f\u0259allar da var - MEYDAN.TV<\/title>\n<meta name=\"robots\" content=\"index, follow, max-snippet:-1, max-image-preview:large, max-video-preview:-1\" \/>\n<link rel=\"canonical\" href=\"https:\/\/www.meydan.tv\/az\/article\/efv-serencami-imzalandi-azadliga-cixanlar-arasinda-siyasi-feallar-da-var\/\" \/>\n<meta property=\"og:locale\" content=\"az_AZ\" \/>\n<meta property=\"og:type\" content=\"article\" \/>\n<meta property=\"og:title\" content=\"\u018ffv s\u0259r\u0259ncam\u0131 imzaland\u0131: Azadl\u0131\u011fa \u00e7\u0131xanlar aras\u0131nda siyasi f\u0259allar da var - MEYDAN.TV\" \/>\n<meta property=\"og:description\" content=\"\u00d6m\u00fcrl\u00fck h\u0259bs c\u0259zas\u0131 alan biznesmen d\u0259 \u0259fv olunub May\u0131n 27-d\u0259 ... Davam\u0131\" \/>\n<meta property=\"og:url\" content=\"https:\/\/www.meydan.tv\/az\/article\/efv-serencami-imzalandi-azadliga-cixanlar-arasinda-siyasi-feallar-da-var\/\" \/>\n<meta property=\"og:site_name\" content=\"MEYDAN.TV\" \/>\n<meta property=\"article:published_time\" content=\"2022-05-27T15:38:22+00:00\" \/>\n<meta property=\"article:modified_time\" content=\"2022-05-27T16:44:19+00:00\" \/>\n<meta property=\"og:image\" content=\"https:\/\/www.meydan.tv\/wp-content\/uploads\/screenshot-2022-05-27-at-17.37.32.png\" \/>\n\t<meta property=\"og:image:width\" content=\"1620\" \/>\n\t<meta property=\"og:image:height\" content=\"906\" \/>\n\t<meta property=\"og:image:type\" content=\"image\/png\" \/>\n<meta name=\"author\" content=\"roma\" \/>\n<meta name=\"twitter:card\" content=\"summary_large_image\" \/>\n<script type=\"application\/ld+json\" class=\"yoast-schema-graph\">{\"@context\":\"https:\\\/\\\/schema.org\",\"@graph\":[{\"@type\":\"Article\",\"@id\":\"https:\\\/\\\/www.meydan.tv\\\/az\\\/article\\\/efv-serencami-imzalandi-azadliga-cixanlar-arasinda-siyasi-feallar-da-var\\\/#article\",\"isPartOf\":{\"@id\":\"https:\\\/\\\/www.meydan.tv\\\/az\\\/article\\\/efv-serencami-imzalandi-azadliga-cixanlar-arasinda-siyasi-feallar-da-var\\\/\"},\"author\":{\"name\":\"roma\",\"@id\":\"https:\\\/\\\/www.meydan.tv\\\/az\\\/#\\\/schema\\\/person\\\/8f23e01c4de63326c13c319fb65ee65d\"},\"headline\":\"\u018ffv s\u0259r\u0259ncam\u0131 imzaland\u0131: Azadl\u0131\u011fa \u00e7\u0131xanlar aras\u0131nda siyasi f\u0259allar da var\",\"datePublished\":\"2022-05-27T15:38:22+00:00\",\"dateModified\":\"2022-05-27T16:44:19+00:00\",\"mainEntityOfPage\":{\"@id\":\"https:\\\/\\\/www.meydan.tv\\\/az\\\/article\\\/efv-serencami-imzalandi-azadliga-cixanlar-arasinda-siyasi-feallar-da-var\\\/\"},\"wordCount\":340,\"publisher\":{\"@id\":\"https:\\\/\\\/www.meydan.tv\\\/az\\\/#organization\"},\"image\":{\"@id\":\"https:\\\/\\\/www.meydan.tv\\\/az\\\/article\\\/efv-serencami-imzalandi-azadliga-cixanlar-arasinda-siyasi-feallar-da-var\\\/#primaryimage\"},\"thumbnailUrl\":\"https:\\\/\\\/www.meydan.tv\\\/wp-content\\\/uploads\\\/screenshot-2022-05-27-at-17.37.32.png\",\"articleSection\":[\"T\u00f6vsiy\u0259\",\"X\u0259b\u0259rl\u0259r\"],\"inLanguage\":\"az\"},{\"@type\":\"WebPage\",\"@id\":\"https:\\\/\\\/www.meydan.tv\\\/az\\\/article\\\/efv-serencami-imzalandi-azadliga-cixanlar-arasinda-siyasi-feallar-da-var\\\/\",\"url\":\"https:\\\/\\\/www.meydan.tv\\\/az\\\/article\\\/efv-serencami-imzalandi-azadliga-cixanlar-arasinda-siyasi-feallar-da-var\\\/\",\"name\":\"\u018ffv s\u0259r\u0259ncam\u0131 imzaland\u0131: Azadl\u0131\u011fa \u00e7\u0131xanlar aras\u0131nda siyasi f\u0259allar da var - MEYDAN.TV\",\"isPartOf\":{\"@id\":\"https:\\\/\\\/www.meydan.tv\\\/az\\\/#website\"},\"primaryImageOfPage\":{\"@id\":\"https:\\\/\\\/www.meydan.tv\\\/az\\\/article\\\/efv-serencami-imzalandi-azadliga-cixanlar-arasinda-siyasi-feallar-da-var\\\/#primaryimage\"},\"image\":{\"@id\":\"https:\\\/\\\/www.meydan.tv\\\/az\\\/article\\\/efv-serencami-imzalandi-azadliga-cixanlar-arasinda-siyasi-feallar-da-var\\\/#primaryimage\"},\"thumbnailUrl\":\"https:\\\/\\\/www.meydan.tv\\\/wp-content\\\/uploads\\\/screenshot-2022-05-27-at-17.37.32.png\",\"datePublished\":\"2022-05-27T15:38:22+00:00\",\"dateModified\":\"2022-05-27T16:44:19+00:00\",\"breadcrumb\":{\"@id\":\"https:\\\/\\\/www.meydan.tv\\\/az\\\/article\\\/efv-serencami-imzalandi-azadliga-cixanlar-arasinda-siyasi-feallar-da-var\\\/#breadcrumb\"},\"inLanguage\":\"az\",\"potentialAction\":[{\"@type\":\"ReadAction\",\"target\":[\"https:\\\/\\\/www.meydan.tv\\\/az\\\/article\\\/efv-serencami-imzalandi-azadliga-cixanlar-arasinda-siyasi-feallar-da-var\\\/\"]}]},{\"@type\":\"ImageObject\",\"inLanguage\":\"az\",\"@id\":\"https:\\\/\\\/www.meydan.tv\\\/az\\\/article\\\/efv-serencami-imzalandi-azadliga-cixanlar-arasinda-siyasi-feallar-da-var\\\/#primaryimage\",\"url\":\"https:\\\/\\\/www.meydan.tv\\\/wp-content\\\/uploads\\\/screenshot-2022-05-27-at-17.37.32.png\",\"contentUrl\":\"https:\\\/\\\/www.meydan.tv\\\/wp-content\\\/uploads\\\/screenshot-2022-05-27-at-17.37.32.png\",\"width\":1620,\"height\":906},{\"@type\":\"BreadcrumbList\",\"@id\":\"https:\\\/\\\/www.meydan.tv\\\/az\\\/article\\\/efv-serencami-imzalandi-azadliga-cixanlar-arasinda-siyasi-feallar-da-var\\\/#breadcrumb\",\"itemListElement\":[{\"@type\":\"ListItem\",\"position\":1,\"name\":\"Ana s\u0259hif\u0259\",\"item\":\"https:\\\/\\\/www.meydan.tv\\\/az\\\/\"},{\"@type\":\"ListItem\",\"position\":2,\"name\":\"X\u0259b\u0259rl\u0259r\",\"item\":\"https:\\\/\\\/www.meydan.tv\\\/az\\\/section\\\/xeberler\\\/\"},{\"@type\":\"ListItem\",\"position\":3,\"name\":\"\u018ffv s\u0259r\u0259ncam\u0131 imzaland\u0131: Azadl\u0131\u011fa \u00e7\u0131xanlar aras\u0131nda siyasi f\u0259allar da var\"}]},{\"@type\":\"WebSite\",\"@id\":\"https:\\\/\\\/www.meydan.tv\\\/az\\\/#website\",\"url\":\"https:\\\/\\\/www.meydan.tv\\\/az\\\/\",\"name\":\"MEYDAN.TV\",\"description\":\"Meydan TV Az\u0259rbaycan\u0131n media m\u0259kan\u0131ndak\u0131 alternativ s\u0259sidir\",\"publisher\":{\"@id\":\"https:\\\/\\\/www.meydan.tv\\\/az\\\/#organization\"},\"potentialAction\":[{\"@type\":\"SearchAction\",\"target\":{\"@type\":\"EntryPoint\",\"urlTemplate\":\"https:\\\/\\\/www.meydan.tv\\\/az\\\/?s={search_term_string}\"},\"query-input\":{\"@type\":\"PropertyValueSpecification\",\"valueRequired\":true,\"valueName\":\"search_term_string\"}}],\"inLanguage\":\"az\"},{\"@type\":\"Organization\",\"@id\":\"https:\\\/\\\/www.meydan.tv\\\/az\\\/#organization\",\"name\":\"Meydan TV\",\"url\":\"https:\\\/\\\/www.meydan.tv\\\/az\\\/\",\"logo\":{\"@type\":\"ImageObject\",\"inLanguage\":\"az\",\"@id\":\"https:\\\/\\\/www.meydan.tv\\\/az\\\/#\\\/schema\\\/logo\\\/image\\\/\",\"url\":\"https:\\\/\\\/www.meydan.tv\\\/wp-content\\\/uploads\\\/2021\\\/07\\\/meydan-logo.svg\",\"contentUrl\":\"https:\\\/\\\/www.meydan.tv\\\/wp-content\\\/uploads\\\/2021\\\/07\\\/meydan-logo.svg\",\"width\":195,\"height\":46,\"caption\":\"Meydan TV\"},\"image\":{\"@id\":\"https:\\\/\\\/www.meydan.tv\\\/az\\\/#\\\/schema\\\/logo\\\/image\\\/\"}},{\"@type\":\"Person\",\"@id\":\"https:\\\/\\\/www.meydan.tv\\\/az\\\/#\\\/schema\\\/person\\\/8f23e01c4de63326c13c319fb65ee65d\",\"name\":\"roma\"}]}<\/script>\n<!-- \/ Yoast SEO plugin. -->","yoast_head_json":{"title":"\u018ffv s\u0259r\u0259ncam\u0131 imzaland\u0131: Azadl\u0131\u011fa \u00e7\u0131xanlar aras\u0131nda siyasi f\u0259allar da var - MEYDAN.TV","robots":{"index":"index","follow":"follow","max-snippet":"max-snippet:-1","max-image-preview":"max-image-preview:large","max-video-preview":"max-video-preview:-1"},"canonical":"https:\/\/www.meydan.tv\/az\/article\/efv-serencami-imzalandi-azadliga-cixanlar-arasinda-siyasi-feallar-da-var\/","og_locale":"az_AZ","og_type":"article","og_title":"\u018ffv s\u0259r\u0259ncam\u0131 imzaland\u0131: Azadl\u0131\u011fa \u00e7\u0131xanlar aras\u0131nda siyasi f\u0259allar da var - MEYDAN.TV","og_description":"\u00d6m\u00fcrl\u00fck h\u0259bs c\u0259zas\u0131 alan biznesmen d\u0259 \u0259fv olunub May\u0131n 27-d\u0259 ... Davam\u0131","og_url":"https:\/\/www.meydan.tv\/az\/article\/efv-serencami-imzalandi-azadliga-cixanlar-arasinda-siyasi-feallar-da-var\/","og_site_name":"MEYDAN.TV","article_published_time":"2022-05-27T15:38:22+00:00","article_modified_time":"2022-05-27T16:44:19+00:00","og_image":[{"width":1620,"height":906,"url":"https:\/\/www.meydan.tv\/wp-content\/uploads\/screenshot-2022-05-27-at-17.37.32.png","type":"image\/png"}],"author":"roma","twitter_card":"summary_large_image","schema":{"@context":"https:\/\/schema.org","@graph":[{"@type":"Article","@id":"https:\/\/www.meydan.tv\/az\/article\/efv-serencami-imzalandi-azadliga-cixanlar-arasinda-siyasi-feallar-da-var\/#article","isPartOf":{"@id":"https:\/\/www.meydan.tv\/az\/article\/efv-serencami-imzalandi-azadliga-cixanlar-arasinda-siyasi-feallar-da-var\/"},"author":{"name":"roma","@id":"https:\/\/www.meydan.tv\/az\/#\/schema\/person\/8f23e01c4de63326c13c319fb65ee65d"},"headline":"\u018ffv s\u0259r\u0259ncam\u0131 imzaland\u0131: Azadl\u0131\u011fa \u00e7\u0131xanlar aras\u0131nda siyasi f\u0259allar da var","datePublished":"2022-05-27T15:38:22+00:00","dateModified":"2022-05-27T16:44:19+00:00","mainEntityOfPage":{"@id":"https:\/\/www.meydan.tv\/az\/article\/efv-serencami-imzalandi-azadliga-cixanlar-arasinda-siyasi-feallar-da-var\/"},"wordCount":340,"publisher":{"@id":"https:\/\/www.meydan.tv\/az\/#organization"},"image":{"@id":"https:\/\/www.meydan.tv\/az\/article\/efv-serencami-imzalandi-azadliga-cixanlar-arasinda-siyasi-feallar-da-var\/#primaryimage"},"thumbnailUrl":"https:\/\/www.meydan.tv\/wp-content\/uploads\/screenshot-2022-05-27-at-17.37.32.png","articleSection":["T\u00f6vsiy\u0259","X\u0259b\u0259rl\u0259r"],"inLanguage":"az"},{"@type":"WebPage","@id":"https:\/\/www.meydan.tv\/az\/article\/efv-serencami-imzalandi-azadliga-cixanlar-arasinda-siyasi-feallar-da-var\/","url":"https:\/\/www.meydan.tv\/az\/article\/efv-serencami-imzalandi-azadliga-cixanlar-arasinda-siyasi-feallar-da-var\/","name":"\u018ffv s\u0259r\u0259ncam\u0131 imzaland\u0131: Azadl\u0131\u011fa \u00e7\u0131xanlar aras\u0131nda siyasi f\u0259allar da var - MEYDAN.TV","isPartOf":{"@id":"https:\/\/www.meydan.tv\/az\/#website"},"primaryImageOfPage":{"@id":"https:\/\/www.meydan.tv\/az\/article\/efv-serencami-imzalandi-azadliga-cixanlar-arasinda-siyasi-feallar-da-var\/#primaryimage"},"image":{"@id":"https:\/\/www.meydan.tv\/az\/article\/efv-serencami-imzalandi-azadliga-cixanlar-arasinda-siyasi-feallar-da-var\/#primaryimage"},"thumbnailUrl":"https:\/\/www.meydan.tv\/wp-content\/uploads\/screenshot-2022-05-27-at-17.37.32.png","datePublished":"2022-05-27T15:38:22+00:00","dateModified":"2022-05-27T16:44:19+00:00","breadcrumb":{"@id":"https:\/\/www.meydan.tv\/az\/article\/efv-serencami-imzalandi-azadliga-cixanlar-arasinda-siyasi-feallar-da-var\/#breadcrumb"},"inLanguage":"az","potentialAction":[{"@type":"ReadAction","target":["https:\/\/www.meydan.tv\/az\/article\/efv-serencami-imzalandi-azadliga-cixanlar-arasinda-siyasi-feallar-da-var\/"]}]},{"@type":"ImageObject","inLanguage":"az","@id":"https:\/\/www.meydan.tv\/az\/article\/efv-serencami-imzalandi-azadliga-cixanlar-arasinda-siyasi-feallar-da-var\/#primaryimage","url":"https:\/\/www.meydan.tv\/wp-content\/uploads\/screenshot-2022-05-27-at-17.37.32.png","contentUrl":"https:\/\/www.meydan.tv\/wp-content\/uploads\/screenshot-2022-05-27-at-17.37.32.png","width":1620,"height":906},{"@type":"BreadcrumbList","@id":"https:\/\/www.meydan.tv\/az\/article\/efv-serencami-imzalandi-azadliga-cixanlar-arasinda-siyasi-feallar-da-var\/#breadcrumb","itemListElement":[{"@type":"ListItem","position":1,"name":"Ana s\u0259hif\u0259","item":"https:\/\/www.meydan.tv\/az\/"},{"@type":"ListItem","position":2,"name":"X\u0259b\u0259rl\u0259r","item":"https:\/\/www.meydan.tv\/az\/section\/xeberler\/"},{"@type":"ListItem","position":3,"name":"\u018ffv s\u0259r\u0259ncam\u0131 imzaland\u0131: Azadl\u0131\u011fa \u00e7\u0131xanlar aras\u0131nda siyasi f\u0259allar da var"}]},{"@type":"WebSite","@id":"https:\/\/www.meydan.tv\/az\/#website","url":"https:\/\/www.meydan.tv\/az\/","name":"MEYDAN.TV","description":"Meydan TV Az\u0259rbaycan\u0131n media m\u0259kan\u0131ndak\u0131 alternativ s\u0259sidir","publisher":{"@id":"https:\/\/www.meydan.tv\/az\/#organization"},"potentialAction":[{"@type":"SearchAction","target":{"@type":"EntryPoint","urlTemplate":"https:\/\/www.meydan.tv\/az\/?s={search_term_string}"},"query-input":{"@type":"PropertyValueSpecification","valueRequired":true,"valueName":"search_term_string"}}],"inLanguage":"az"},{"@type":"Organization","@id":"https:\/\/www.meydan.tv\/az\/#organization","name":"Meydan TV","url":"https:\/\/www.meydan.tv\/az\/","logo":{"@type":"ImageObject","inLanguage":"az","@id":"https:\/\/www.meydan.tv\/az\/#\/schema\/logo\/image\/","url":"https:\/\/www.meydan.tv\/wp-content\/uploads\/2021\/07\/meydan-logo.svg","contentUrl":"https:\/\/www.meydan.tv\/wp-content\/uploads\/2021\/07\/meydan-logo.svg","width":195,"height":46,"caption":"Meydan TV"},"image":{"@id":"https:\/\/www.meydan.tv\/az\/#\/schema\/logo\/image\/"}},{"@type":"Person","@id":"https:\/\/www.meydan.tv\/az\/#\/schema\/person\/8f23e01c4de63326c13c319fb65ee65d","name":"roma"}]}},"_links":{"self":[{"href":"https:\/\/www.meydan.tv\/az\/wp-json\/wp\/v2\/posts\/246684","targetHints":{"allow":["GET"]}}],"collection":[{"href":"https:\/\/www.meydan.tv\/az\/wp-json\/wp\/v2\/posts"}],"about":[{"href":"https:\/\/www.meydan.tv\/az\/wp-json\/wp\/v2\/types\/post"}],"author":[{"embeddable":true,"href":"https:\/\/www.meydan.tv\/az\/wp-json\/wp\/v2\/users\/14"}],"replies":[{"embeddable":true,"href":"https:\/\/www.meydan.tv\/az\/wp-json\/wp\/v2\/comments?post=246684"}],"version-history":[{"count":4,"href":"https:\/\/www.meydan.tv\/az\/wp-json\/wp\/v2\/posts\/246684\/revisions"}],"predecessor-version":[{"id":246695,"href":"https:\/\/www.meydan.tv\/az\/wp-json\/wp\/v2\/posts\/246684\/revisions\/246695"}],"wp:featuredmedia":[{"embeddable":true,"href":"https:\/\/www.meydan.tv\/az\/wp-json\/wp\/v2\/media\/246687"}],"wp:attachment":[{"href":"https:\/\/www.meydan.tv\/az\/wp-json\/wp\/v2\/media?parent=246684"}],"wp:term":[{"taxonomy":"category","embeddable":true,"href":"https:\/\/www.meydan.tv\/az\/wp-json\/wp\/v2\/categories?post=246684"},{"taxonomy":"post_tag","embeddable":true,"href":"https:\/\/www.meydan.tv\/az\/wp-json\/wp\/v2\/tags?post=246684"}],"curies":[{"name":"wp","href":"https:\/\/api.w.org\/{rel}","templated":true}]}}