{"id":246602,"date":"2022-05-27T14:19:58","date_gmt":"2022-05-27T10:19:58","guid":{"rendered":"https:\/\/www.meydan.tv\/?p=246602"},"modified":"2022-05-27T14:20:14","modified_gmt":"2022-05-27T10:20:14","slug":"mussolini-dovrunun-italiyasindaki-kimi","status":"publish","type":"post","link":"https:\/\/www.meydan.tv\/az\/article\/mussolini-dovrunun-italiyasindaki-kimi\/","title":{"rendered":"Mussolini d\u00f6vr\u00fcn\u00fcn \u0130taliyas\u0131ndak\u0131 kimi"},"content":{"rendered":"\n<p><em>2021-ci il dekabr\u0131n 30-da Az\u0259rbaycanda media haqq\u0131nda yeni qanun q\u0259bul edilib. Bu, qanun layih\u0259sinin h\u0259l\u0259 Az\u0259rbaycan parlamentind\u0259 m\u00fczakir\u0259si m\u0259rh\u0259l\u0259sind\u0259 m\u00fcst\u0259qil jurnalistl\u0259rin yeni qanunun K\u0130V-in f\u0259aliyy\u0259tini k\u0259skin m\u0259hdudla\u015fd\u0131raca\u011f\u0131n\u0131 bildirm\u0259l\u0259ri v\u0259 etirazlar\u0131 fonunda ba\u015f verib. M\u00fcst\u0259qil jurnalistl\u0259r qanun layih\u0259sinin Milli M\u0259clisd\u0259 \u00fc\u00e7\u00fcnc\u00fc oxunu\u015funad\u0259k parlament binas\u0131 qar\u015f\u0131s\u0131nda qanunun m\u00f6vcud v\u0259ziyy\u0259td\u0259 q\u0259bul edilm\u0259m\u0259si t\u0259l\u0259bi il\u0259 <\/em><a href=\"https:\/\/www.meydan.tv\/ru\/article\/v-baku-zhurnalisty-proveli-akcziyu-protestuya-protiv-zakonoproekta-o-media\/\"><em>etiraz aksiyas\u0131 ke\u00e7iribl\u0259r.<\/em><\/a><em> Buna baxmayaraq, qanun dem\u0259k olar ki, h\u0259r hans\u0131 d\u0259yi\u015fiklik olmadan q\u0259bul edilib v\u0259 \u00f6lk\u0259 prezidenti t\u0259r\u0259find\u0259n bu il fevral\u0131n 8-d\u0259 t\u0259sdiq edilib.<\/em><\/p>\n\n\n\n<p><em>M\u00fcst\u0259qil jurnalistl\u0259r n\u0259l\u0259rd\u0259n naraz\u0131d\u0131rlar, n\u0259 \u00fc\u00e7\u00fcn onlara son anad\u0259k yeni qanun layih\u0259sinin m\u00fczakir\u0259sind\u0259 i\u015ftiraka icaz\u0259 verilm\u0259di v\u0259 bu qanun onlar\u0131n f\u0259aliyy\u0259tin\u0259 nec\u0259 t\u0259sir ed\u0259c\u0259k? Meydan TV Az\u0259rbaycan\u0131n tan\u0131nm\u0131\u015f jurnalistl\u0259ri vasit\u0259sil\u0259 m\u0259s\u0259l\u0259y\u0259 ayd\u0131nl\u0131q g\u0259tirm\u0259y\u0259 \u00e7al\u0131\u015f\u0131b.<\/em><\/p>\n\n\n\n<figure class=\"wp-block-image size-large\"><img decoding=\"async\" data-src=\"https:\/\/www.meydan.tv\/wp-content\/uploads\/\/krmv1824-1200x800.jpg\" alt=\"\" src=\"data:image\/svg+xml;base64,PHN2ZyB3aWR0aD0iMSIgaGVpZ2h0PSIxIiB4bWxucz0iaHR0cDovL3d3dy53My5vcmcvMjAwMC9zdmciPjwvc3ZnPg==\" class=\"lazyload\" style=\"--smush-placeholder-width: 1200px; --smush-placeholder-aspect-ratio: 1200\/800;\" \/><figcaption>Jurnalistl\u0259r &#8220;Media haqq\u0131nda&#8221; yeni qanunun q\u0259bul edilm\u0259sin\u0259 qar\u015f\u0131 etiraz edir. 28.12.2021\/Foto: Meydan TV<\/figcaption><\/figure>\n\n\n\n<p>\u201cTuran\u201d \u0130nformasiya Agentliyinin r\u0259hb\u0259ri Mehman \u018fliyev \u201cMedia haqq\u0131nda\u201d yeni qanunun m\u0259tnini h\u0259l\u0259 layih\u0259 m\u00fcdd\u0259tind\u0259 t\u0259l\u0259b ed\u0259nl\u0259rd\u0259n biri olub v\u0259 o deyir ki, bu qanun \u0259slind\u0259, \u201cinformasiya c\u0259miyy\u0259tini n\u0259zar\u0259t\u0259 g\u00f6t\u00fcrm\u0259k \u00fc\u00e7\u00fcnd\u00fcr\u201d.<\/p>\n\n\n\n<p><em>\u201c\u201cMedia haqq\u0131nda\u201d qanun \u00fcmumilikd\u0259 informasiya c\u0259miyy\u0259tin\u0259, y\u0259ni informasiya t\u0259\u015f\u0259bb\u00fcsl\u0259rin\u0259, informasiya f\u0259allar\u0131na qar\u015f\u0131d\u0131r v\u0259 b\u00fct\u00fcn c\u0259miyy\u0259ti \u0259hat\u0259 edir\u201d,<\/em> &#8211; o hesab edir.<em><\/em><\/p>\n\n\n\n<h4 class=\"wp-block-heading\"><strong>\u201cM\u00f6vcud olmayan\u201d qanun layih\u0259si<\/strong><\/h4>\n\n\n\n<p>Meydan TV-y\u0259 dan\u0131\u015fan Mehman \u018fliyev deyir ki, qanun layih\u0259sinin h\u0259l\u0259 s\u0259n\u0259din ad\u0131 hallanan vaxtdan s\u0259n\u0259din m\u0259tnini \u0259ld\u0259 etm\u0259k \u00fc\u00e7\u00fcn m\u00fcraci\u0259t ets\u0259 d\u0259, h\u0259min vaxt layih\u0259 \u201ctap\u0131lmay\u0131b\u201d.<\/p>\n\n\n\n<p>2021-ci il, yanvar\u0131n 12-d\u0259 imzalanm\u0131\u015f <a href=\"https:\/\/president.az\/az\/articles\/view\/50112\">prezident f\u0259rman\u0131nda<\/a>&nbsp;\u201cMedia haqq\u0131nda\u201d qanunun iki ay m\u00fcdd\u0259tind\u0259 haz\u0131rlanmas\u0131 n\u0259z\u0259rd\u0259 tutulmu\u015fdu. Lakin bir ne\u00e7\u0259 ay ke\u00e7dikd\u0259n sonra bel\u0259 layih\u0259nin m\u0259tni s\u0259n\u0259di t\u0259l\u0259b ed\u0259nl\u0259r\u0259 verilm\u0259mi\u015fdi.<\/p>\n\n\n\n<p>Mehman \u018fliyevin s\u00f6zl\u0259rin\u0259 g\u00f6r\u0259, m\u00fcraci\u0259tind\u0259n sonra aidiyy\u0259ti qurumlar onunla \u00f6t\u0259n ilin may ay\u0131nda g\u00f6r\u00fc\u015f ke\u00e7irs\u0259l\u0259r d\u0259, \u201cortada h\u0259r hans\u0131 layih\u0259nin olmad\u0131\u011f\u0131\u201d m\u0259lum olub.<\/p>\n\n\n\n<p><em>\u201cBiz dedik ki, redaktorlarla m\u00fczakir\u0259 getdiyini deyirsiniz, layih\u0259ni biz\u0259 d\u0259 verin, ged\u0259k redaksiyada m\u00fczakir\u0259 ed\u0259k. Boyunlar\u0131na ald\u0131lar ki, bel\u0259 bir layih\u0259 h\u0259l\u0259 ki, haz\u0131r deyil v\u0259 pay\u0131z aylar\u0131na haz\u0131r olacaq. Sentyabr da g\u0259ldi, t\u0259qdim olunmad\u0131 v\u0259 q\u0259fl\u0259t\u0259n dekabrda layih\u0259 Milli M\u0259clisd\u0259 m\u00fczakir\u0259y\u0259 \u00e7\u0131xar\u0131ld\u0131. Oraya \u00f6zl\u0259rin\u0259 yax\u0131n media n\u00fcmay\u0259nd\u0259l\u0259rini y\u0131\u011fd\u0131lar ki, sanki m\u00fczakir\u0259 apard\u0131lar. \u018fslind\u0259, bu, t\u0259qdimat idi. Bunu da t\u0259l\u0259sik ilin sonunda ona g\u00f6r\u0259 etdil\u0259r ki, ham\u0131n\u0131n ba\u015f\u0131 ba\u015fqa probleml\u0259r\u0259 qar\u0131\u015f\u0131qd\u0131r, beyn\u0259lxalq t\u0259\u015fkilatlar t\u0259til\u0259 \u00e7\u0131x\u0131r v\u0259 s. Yalandan bir d\u0259n\u0259 toplant\u0131 ke\u00e7irdil\u0259r\u201d.<\/em><\/p>\n\n\n\n<figure class=\"wp-block-image size-large\"><img decoding=\"async\" data-src=\"https:\/\/www.meydan.tv\/wp-content\/uploads\/\/image2-1-1200x675.jpeg\" alt=\"\" src=\"data:image\/svg+xml;base64,PHN2ZyB3aWR0aD0iMSIgaGVpZ2h0PSIxIiB4bWxucz0iaHR0cDovL3d3dy53My5vcmcvMjAwMC9zdmciPjwvc3ZnPg==\" class=\"lazyload\" style=\"--smush-placeholder-width: 1200px; --smush-placeholder-aspect-ratio: 1200\/675;\" \/><figcaption>Mehman \u018fliyev\/ Meydan TV-nin ill\u00fcstrasiyas\u0131 <\/figcaption><\/figure>\n\n\n\n<p>Media \u00fczr\u0259 h\u00fcquq\u015f\u00fcnas \u018fl\u0259sg\u0259r M\u0259mm\u0259dli xat\u0131rlay\u0131r ki, s\u00f6z\u00fcged\u0259n d\u00f6vrd\u0259 Median\u0131n \u0130nki\u015faf\u0131 Agentliyi il\u0259 ke\u00e7irdiyi g\u00f6r\u00fc\u015fd\u0259 ona da layih\u0259nin m\u00f6vcud olmamas\u0131 bar\u0259d\u0259 m\u0259lumat verilib.<\/p>\n\n\n\n<p>H\u00fcquq\u015f\u00fcnas deyir ki, ilin sonunda ortaya \u00e7\u0131xan qanun layih\u0259si sonrak\u0131 m\u0259rh\u0259l\u0259d\u0259 \u201cMilli M\u0259clisd\u0259 \u00e7ox s\u00fcr\u0259tl\u0259 \u00fc\u00e7 oxunu\u015fdan ke\u00e7ib\u201d.<\/p>\n\n\n\n<h4 class=\"wp-block-heading\"><strong>Vahid media reyestri<\/strong><\/h4>\n\n\n\n<p>S\u0259n\u0259din \u0259n \u00e7ox m\u00fczakir\u0259 v\u0259 t\u0259nqid olunan hiss\u0259l\u0259rind\u0259n biri \u2013 jurnalistl\u0259rin v\u0259 media qurumlar\u0131n\u0131n m\u0259lumatlar\u0131n\u0131n sisteml\u0259\u015fdirildiyi, d\u00f6vl\u0259t b\u00fcdc\u0259si v\u0259saiti hesab\u0131na saxlan\u0131ld\u0131\u011f\u0131 qeyd olunan Media reyestri b\u00f6lm\u0259sidir.<\/p>\n\n\n\n<p>Reyestr\u0259 daxil ola bilm\u0259k \u00fc\u00e7\u00fcn jurnalistl\u0259r\u0259 ali t\u0259hsil, jurnalistika sah\u0259sind\u0259 3 il i\u015f staj\u0131, m\u0259hkumlu\u011fun olmamas\u0131 bar\u0259d\u0259 aray\u0131\u015f, V\u00d6EN qeydiyyat\u0131 v\u0259 dig\u0259r t\u0259l\u0259bl\u0259r ir\u0259li s\u00fcr\u00fcl\u00fcr.<\/p>\n\n\n\n<p>Ara\u015fd\u0131rma\u00e7\u0131 jurnalist X\u0259dic\u0259 \u0130smay\u0131lova Media reyestrinin jurnalistl\u0259r\u0259 daha \u00e7ox imkanlar yaratmaq yox, onlara daha \u00e7ox n\u0259zar\u0259t etm\u0259k \u00fc\u00e7\u00fcn oldu\u011funu d\u00fc\u015f\u00fcn\u00fcr.<\/p>\n\n\n\n<p><em>\u201cH\u0259min reyestrl\u0259 ba\u011fl\u0131 bizim h\u00f6kum\u0259t n\u00fcmay\u0259nd\u0259l\u0259ri deyirl\u0259r ki, bel\u0259 reyestr \u0130taliyada da var. H\u0259qiq\u0259t\u0259n var. M\u0259n onun tarix\u00e7\u0259sin\u0259 baxm\u0131\u015fam, \u0130taliyada reyestri Mussolini t\u0259tbiq edib. T\u0259s\u0259vv\u00fcr edin ki, hans\u0131 t\u0259cr\u00fcb\u0259d\u0259n yararlan\u0131r\u0131q. H\u0259min reyestr jurnalistl\u0259ri reyestr\u0259 salark\u0259n ayr\u0131-se\u00e7kilik qoymur. Ancaq bizim h\u00f6kum\u0259tin bunu edib-etm\u0259y\u0259c\u0259yin\u0259 \u0259min deyilik. He\u00e7 reyestr t\u0259tbiq olunma\u011fa ba\u015flamay\u0131b, art\u0131q bir jurnalist\u0259 \u201cpolis qeydiyyatdan ke\u00e7m\u0259mis\u0259n, jurnalist say\u0131lm\u0131rsan\u201d deyib\u201d.&nbsp;<\/em><em><\/em><\/p>\n\n\n\n<p>X\u0259dic\u0259 \u0130smay\u0131lova hesab edir ki, s\u0259rb\u0259st i\u015fl\u0259y\u0259n v\u0259 \u00fc\u00e7 il t\u0259cr\u00fcb\u0259 toplamam\u0131\u015f g\u0259nc jurnalistl\u0259r reyestr\u0259 gir\u0259 bilm\u0259y\u0259c\u0259k, ona g\u00f6r\u0259 d\u0259 b\u0259zi m\u0259hdudiyy\u0259tl\u0259rl\u0259 \u00fczl\u0259\u015f\u0259 bil\u0259c\u0259kl\u0259r.<\/p>\n\n\n\n<p>O, h\u0259m\u00e7inin jurnalistd\u0259n ali t\u0259hsil t\u0259l\u0259b edilm\u0259sini d\u00fczg\u00fcn saym\u0131r. Mehman \u018fliyev d\u0259 yeni d\u00f6vrd\u0259 jurnalist\u0259 ali t\u0259hsil t\u0259l\u0259bi qoyma\u011f\u0131 \u201cabsurd\u201d say\u0131r. O g\u00fcman edir ki, Media reyestrin\u0259 g\u00f6r\u0259 \u0259n \u00e7ox azad i\u015fl\u0259y\u0259n jurnalistl\u0259r probleml\u0259 \u00fczl\u0259\u015f\u0259c\u0259k.<\/p>\n\n\n\n<p><em>\u201cOnlar\u0131 qeydiyyata almayacaqlar, sabah dey\u0259c\u0259kl\u0259r s\u0259n\u0259 i\u015fl\u0259m\u0259k qada\u011fand\u0131r, sonra b\u00fct\u00fcn orqanlara tap\u015f\u0131r\u0131q ver\u0259c\u0259kl\u0259r ki, reyestrd\u0259 qeydiyyata sal\u0131nmam\u0131\u015f jurnalistl\u0259 \u0259laq\u0259 saxlamay\u0131n, q\u0259bul etm\u0259yin. Bu, art\u0131q m\u0259hdudla\u015fd\u0131r\u0131r, &#8211; Mehman \u018fliyev hesab edir. &#8211; M\u0259s\u0259l\u0259n, \u0259g\u0259r bir v\u0259t\u0259nda\u015f hans\u0131sa bir informasiyan\u0131 \u0259ld\u0259 etm\u0259k, yazmaq ist\u0259y\u0259c\u0259k, dey\u0259c\u0259kl\u0259r s\u0259n jurnalist deyils\u0259n, s\u0259n reyestrd\u0259 deyils\u0259n, ona g\u00f6r\u0259 s\u0259n\u0259 m\u0259lumat verilmir, ya da sizin informasiya istehsal etm\u0259y\u0259 ixtiyar\u0131n\u0131z yoxdur\u201d.<\/em><\/p>\n\n\n\n<figure class=\"wp-block-image size-large\"><img decoding=\"async\" data-src=\"https:\/\/www.meydan.tv\/wp-content\/uploads\/\/image3-1-1200x675.jpeg\" alt=\"\" src=\"data:image\/svg+xml;base64,PHN2ZyB3aWR0aD0iMSIgaGVpZ2h0PSIxIiB4bWxucz0iaHR0cDovL3d3dy53My5vcmcvMjAwMC9zdmciPjwvc3ZnPg==\" class=\"lazyload\" style=\"--smush-placeholder-width: 1200px; --smush-placeholder-aspect-ratio: 1200\/675;\" \/><figcaption>X\u0259dic\u0259 \u0130smay\u0131lova\/ Meydan TV-nin ill\u00fcstrasiyas\u0131 <\/figcaption><\/figure>\n\n\n\n<p>Jurnalist Samir\u0259 \u018fhm\u0259db\u0259yli hesab edir ki, qanun m\u00fcst\u0259qil media v\u0259 jurnalistl\u0259rin f\u0259aliyy\u0259tini b\u00fct\u00f6vl\u00fckd\u0259 m\u0259hdudla\u015fd\u0131r\u0131r.<\/p>\n\n\n\n<p><em>\u201cYeni qanuna \u0259sas\u0259n, d\u00f6vl\u0259t reyestrind\u0259 qeydiyyatdan ke\u00e7m\u0259y\u0259nl\u0259r d\u00f6vl\u0259t t\u0259dbirl\u0259rin\u0259 burax\u0131lmayacaq, onlar \u00f6lk\u0259nin regionlar\u0131nda i\u015fl\u0259y\u0259, k\u00fc\u00e7\u0259l\u0259rd\u0259 sor\u011fu ke\u00e7ir\u0259, k\u00fc\u00e7\u0259 aksiyalar\u0131n\u0131 i\u015f\u0131qland\u0131ra bilm\u0259y\u0259c\u0259kl\u0259r. Hakimiyy\u0259ty\u00f6nl\u00fc media onsuz da sad\u0259 v\u0259t\u0259nda\u015flar\u0131n hakimiyy\u0259t orqanlar\u0131 il\u0259 ba\u011fl\u0131 probleml\u0259rini t\u0259r\u0259fli i\u015f\u0131qland\u0131r\u0131r, k\u00fc\u00e7\u0259 aksiyalar\u0131n\u0131 \u00fcmumiyy\u0259tl\u0259 g\u00f6rm\u0259zd\u0259n g\u0259lir, m\u0259hz azsayl\u0131 m\u00fcst\u0259qil media v\u0259 jurnalistl\u0259r min bir mane\u0259 v\u0259 \u00e7\u0259tinliy\u0259 r\u0259\u011fm\u0259n sad\u0259 v\u0259t\u0259nda\u015flar\u0131n s\u0259si olurdu. Qanun i\u015fl\u0259k hala g\u0259ldikd\u0259n sonra art\u0131q ola bilm\u0259y\u0259c\u0259k. \u0130ndiy\u0259 q\u0259d\u0259r d\u0259 m\u00fcst\u0259qil mediaya, azad s\u00f6z\u0259 qar\u015f\u0131 mane\u0259l\u0259r, t\u0259qibl\u0259r, basq\u0131lar az deyildi, bu qanunla b\u00fct\u00fcn bu m\u0259hdudiyy\u0259tl\u0259r qanunil\u0259\u015fdirildi. \u018fg\u0259r d\u00fcn\u0259n\u0259 q\u0259d\u0259r mitinqi i\u015f\u0131qland\u0131ran jurnalistin \u0259lind\u0259n kameras\u0131 al\u0131n\u0131b, \u00f6z\u00fcn\u00fc &nbsp;polis \u015f\u00f6b\u0259sin\u0259 apard\u0131qlar\u0131 zaman jurnalist daha sonra \u015fikay\u0259t\u00e7i ola bilirdis\u0259, art\u0131q reyestrd\u0259 qeydiyyatda olmad\u0131\u011f\u0131 \u00fc\u00e7\u00fcn polis qanun\u0259n b\u00fct\u00fcn bunlar\u0131 etm\u0259kd\u0259 haql\u0131 say\u0131lacaq\u201d.<\/em><em><\/em><\/p>\n\n\n\n<p>\u018fl\u0259sg\u0259r M\u0259mm\u0259dli deyir ki, &nbsp;hal-haz\u0131rda Media haqq\u0131nda yeni qanunun tamamil\u0259 q\u00fcvv\u0259d\u0259 olmas\u0131 \u00fc\u00e7\u00fcn &#8211; media reyestrinin yaranmas\u0131 il\u0259 ba\u011fl\u0131 6 ayl\u0131q m\u00fcdd\u0259t var v\u0259 bu m\u00fcdd\u0259t avqust ay\u0131nda ba\u015fa \u00e7atacaq, ondan sonra qanun q\u00fcvv\u0259y\u0259 min\u0259c\u0259k.&nbsp;<\/p>\n\n\n\n<h4 class=\"wp-block-heading\"><strong>Naraz\u0131l\u0131qlar niy\u0259 diqq\u0259t\u0259 al\u0131nmad\u0131?<\/strong><\/h4>\n\n\n\n<p>\u018fl\u0259sg\u0259r M\u0259mm\u0259dli deyir ki, media el\u0259 bir sah\u0259dir ki, onu bu sah\u0259 il\u0259 m\u0259\u015f\u011ful olanlar\u0131n m\u0259lumat\u0131 v\u0259 i\u015ftirak\u0131 olmadan t\u0259nziml\u0259m\u0259k v\u0259 qanunvericilik g\u0259tirm\u0259k \u201cnonsensdir\u201d.<\/p>\n\n\n\n<p>Onun s\u00f6zl\u0259rin\u0259 g\u00f6r\u0259, redaktor v\u0259 ekspertl\u0259rin t\u0259klifl\u0259ri dinl\u0259nils\u0259 d\u0259, n\u0259z\u0259r\u0259 al\u0131nmay\u0131b.<\/p>\n\n\n\n<p><em>\u201c20 dekabrda birinci oxunu\u015fda q\u0259bul olunan qanun layih\u0259si 30 dekabrda 3-c\u00fc oxunu\u015fda q\u0259bul edildi. \u0130ctimai m\u00fczakir\u0259l\u0259r oldu\u011fu zaman biz 40-dan \u00e7ox t\u0259klif t\u0259qdim etmi\u015fdik. Dem\u0259k olar ki, \u00e7ox x\u0131rda detallar\u0131 k\u0259nara qoysaq, qanun nec\u0259 t\u0259qdim olunmu\u015fdusa, el\u0259 d\u0259 q\u0259bul olundu\u201d.<\/em><em><\/em><\/p>\n\n\n\n<p>2021-ci ilin dekabr\u0131nda v\u0259t\u0259nda\u015f c\u0259miyy\u0259tinin n\u00fcmay\u0259nd\u0259l\u0259ri s\u00f6z\u00fcged\u0259n qanun layih\u0259sinin parlamentin g\u00fcnd\u0259liyind\u0259n \u00e7\u0131xar\u0131lmas\u0131 \u00fc\u00e7\u00fcn <a href=\"https:\/\/www.meydan.tv\/az\/article\/media-haqqinda-qanun-layihesi-ile-bagli-aciq-muraciet\/\">\u00e7a\u011f\u0131r\u0131\u015f edib.<\/a>&nbsp;<\/p>\n\n\n\n<p>M\u00fcraci\u0259td\u0259 layih\u0259nin ifad\u0259 azadl\u0131\u011f\u0131n\u0131 m\u0259hdudla\u015fd\u0131rma\u011fa geni\u015f imkanlar a\u00e7d\u0131\u011f\u0131, t\u0259klifin ictimai m\u00fczakir\u0259y\u0259 \u00e7\u0131xar\u0131lmadan, t\u0259l\u0259m-t\u0259l\u0259sik parlament\u0259 t\u0259qdim olundu\u011fu deyilir v\u0259 layih\u0259nin yenid\u0259n geni\u015f i\u015ftirakla i\u015fl\u0259nilm\u0259sin\u0259 \u00e7a\u011f\u0131r\u0131l\u0131rd\u0131.<\/p>\n\n\n\n<p>X\u0259dic\u0259 \u0130smay\u0131lova deyir ki, Az\u0259rbaycanda h\u00f6kum\u0259t c\u0259miyy\u0259tl\u0259 hesabla\u015fmad\u0131\u011f\u0131 \u00fc\u00e7\u00fcn qanunlar\u0131n m\u00fczakir\u0259sini d\u0259 aparm\u0131r.<\/p>\n\n\n\n<p><em>&#8220;\u00dcmumiyy\u0259tl\u0259, Az\u0259rbaycanda qanunlar\u0131n c\u0259miyy\u0259tl\u0259 m\u00fczakir\u0259si m\u0259d\u0259niyy\u0259ti yoxdur. H\u00f6kum\u0259t n\u0259yis\u0259 ictimaiyy\u0259tl\u0259 m\u00fczakir\u0259 etm\u0259yi laz\u0131m bilmir. H\u00f6kum\u0259tin bel\u0259 bir t\u0259cr\u00fcb\u0259si yoxdur, ba\u015fqa qanunlarda da bunu g\u00f6rm\u0259mi\u015fik\u201d.<\/em><\/p>\n\n\n\n<figure class=\"wp-block-image size-large\"><img decoding=\"async\" data-src=\"https:\/\/www.meydan.tv\/wp-content\/uploads\/\/krmv2119-1200x800.jpg\" alt=\"\" src=\"data:image\/svg+xml;base64,PHN2ZyB3aWR0aD0iMSIgaGVpZ2h0PSIxIiB4bWxucz0iaHR0cDovL3d3dy53My5vcmcvMjAwMC9zdmciPjwvc3ZnPg==\" class=\"lazyload\" style=\"--smush-placeholder-width: 1200px; --smush-placeholder-aspect-ratio: 1200\/800;\" \/><figcaption>Jurnalistl\u0259r &#8220;Media haqq\u0131nda&#8221; yeni qanunun q\u0259bul edilm\u0259sin\u0259 qar\u015f\u0131 etiraz edir. 28.12.2021\/Foto: Meydan TV<\/figcaption><\/figure>\n\n\n\n<h4 class=\"wp-block-heading\"><strong>H\u0259d\u0259f onlayn mediad\u0131rm\u0131?<\/strong><\/h4>\n\n\n\n<p>B\u0259zi t\u0259hlil\u00e7il\u0259r hesab edir ki, bu qanun daha \u00e7ox Az\u0259rbaycanda nisb\u0259t\u0259n azad hesab edil\u0259n internet median\u0131 h\u0259d\u0259f al\u0131b.<\/p>\n\n\n\n<p>Mehman \u018fliyev deyir ki, \u201cMedia haqq\u0131nda\u201d yeni qanun \u0259n\u0259n\u0259vi mediaya bir o q\u0259d\u0259r d\u0259 t\u0259sir etm\u0259s\u0259 d\u0259, onun m\u00fcdd\u0259alar\u0131 h\u0259r bir K\u0130V-\u0259 qar\u015f\u0131 t\u0259zyiq t\u0259dbirl\u0259ri h\u0259yata ke\u00e7irm\u0259k, ba\u011flamaq, m\u0259hk\u0259m\u0259y\u0259 verm\u0259k kimi imkanlar verir.<\/p>\n\n\n\n<p><em>\u201cHakimiyy\u0259t \u0259slind\u0259, \u0259n\u0259n\u0259vi median\u0131 n\u0259zar\u0259t\u0259 g\u00f6t\u00fcr\u00fcb, t\u0259k-t\u00fck \u00f6z\u00fcn\u00fc g\u00f6st\u0259r\u0259 bil\u0259n \u0259n\u0259n\u0259vi media qal\u0131b. Onlar\u0131 daha \u00e7ox narahat ed\u0259n sosial media, sosial \u015f\u0259b\u0259k\u0259l\u0259rdir. M\u0259n media dey\u0259nd\u0259 h\u0259r bir informasiya istehsal\u00e7\u0131s\u0131n\u0131 n\u0259z\u0259rd\u0259 tuturam. F\u0259rqi yoxdur siz siyasi, iqtisadi, ictimai informasiya istehsal edirsiniz, ham\u0131 bu qanunun t\u0259siri alt\u0131na d\u00fc\u015f\u00fcr. Bu \u0259slind\u0259, informasiya c\u0259miyy\u0259tini n\u0259zar\u0259t alt\u0131na g\u00f6t\u00fcrm\u0259k \u00fc\u00e7\u00fcnd\u00fcr\u201d.<\/em><em><\/em><\/p>\n\n\n\n<p>Mehman \u018fliyev qeyd edir ki, qanunla ba\u011fl\u0131 g\u00f6r\u00fc\u015fd\u0259 s\u0259n\u0259dd\u0259 qeyd olunan \u201cplatforma\u201d s\u00f6z\u00fcn\u00fcn a\u00e7\u0131qlamas\u0131n\u0131n yaz\u0131lmas\u0131 t\u0259l\u0259bi d\u0259 n\u0259tic\u0259siz qal\u0131b.<\/p>\n\n\n\n<p><em>&nbsp;\u201cOnlar deyir yox, bu, sosial \u015f\u0259b\u0259k\u0259l\u0259r\u0259 aid deyil, \u0259slind\u0259, onlara birba\u015fa aiddir. Ad\u0131n\u0131 platforma qoyublar, h\u0259r bir platforma sahibi bu qanunun &nbsp;alt\u0131na d\u00fc\u015f\u00fcr. Platforma beyn\u0259lxalq dild\u0259 sayt, Facebook, YouTube v\u0259 s s\u0259hif\u0259l\u0259ridir, bunlar ham\u0131s\u0131 platforma say\u0131l\u0131r. Qanunda da yaz\u0131l\u0131r ki, platforma lisenziyala\u015fd\u0131r\u0131l\u0131r. ..Ona g\u00f6r\u0259 m\u0259n \u0259vv\u0259lc\u0259d\u0259n dedim ki, bunlar g\u0259l\u0259c\u0259kd\u0259 &#8211; bird\u0259n-bir\u0259 yox, amma g\u0259l\u0259c\u0259kd\u0259 ba\u015flayacaqlar platforma m\u0259s\u0259l\u0259sini getdikc\u0259 s\u0259rtl\u0259\u015fdirm\u0259y\u0259, lisenziyala\u015fd\u0131rma\u011fa v\u0259 h\u0259r bir v\u0259t\u0259nda\u015fa t\u0259zyiq ed\u0259 bil\u0259c\u0259kl\u0259r\u201d.<\/em><\/p>\n\n\n\n<figure class=\"wp-block-image size-large\"><img decoding=\"async\" data-src=\"https:\/\/www.meydan.tv\/wp-content\/uploads\/\/krmv1812-1200x800.jpg\" alt=\"\" src=\"data:image\/svg+xml;base64,PHN2ZyB3aWR0aD0iMSIgaGVpZ2h0PSIxIiB4bWxucz0iaHR0cDovL3d3dy53My5vcmcvMjAwMC9zdmciPjwvc3ZnPg==\" class=\"lazyload\" style=\"--smush-placeholder-width: 1200px; --smush-placeholder-aspect-ratio: 1200\/800;\" \/><figcaption>Jurnalistl\u0259r &#8220;Media haqq\u0131nda&#8221; yeni qanunun q\u0259bul edilm\u0259sin\u0259 qar\u015f\u0131 etiraz edir. 28.12.2021\/Foto: Meydan TV<\/figcaption><\/figure>\n\n\n\n<p>X\u0259dic\u0259 \u0130smay\u0131lova deyir ki, Az\u0259rbaycanda h\u0259d\u0259f \u0259slind\u0259, b\u00fct\u00fcn medialard\u0131r, sad\u0259c\u0259 azadl\u0131q ancaq internet mediada qal\u0131b.<\/p>\n\n\n\n<p><em>\u201cAz\u0259rbaycanda telekanallarda fikir yoxdur, m\u00fcst\u0259qil, m\u00fcxalif&nbsp;q\u0259zet \u00e7ap olunmur, olan ancaq onlayn qal\u0131b dey\u0259 bu, daha \u00e7ox diqq\u0259ti c\u0259lb edir. Bel\u0259 dey\u0259k, \u0259n\u0259n\u0259vi media \u00fc\u00e7\u00fcn d\u0259 dar \u00e7\u0259r\u00e7iv\u0259l\u0259r var. Nec\u0259 ki, \u0259n\u0259n\u0259vi median\u0131 m\u0259hv edibl\u0259r, bu qanun onlara k\u00f6m\u0259k ed\u0259c\u0259k ki, onlayn median\u0131n da ax\u0131r\u0131na \u00e7\u0131xs\u0131nlar\u201d.&nbsp;<\/em><em><\/em><\/p>\n\n\n\n<p>Jurnalist hesab edir ki, qanunun m\u0259qs\u0259di&nbsp;jurnalistl\u0259rin i\u015fini asanla\u015fd\u0131rmaq yox, m\u0259hdudla\u015fd\u0131rmaqd\u0131r.<\/p>\n\n\n\n<p><em>\u201cQanun o m\u0259qs\u0259dl\u0259 yaz\u0131l\u0131b, o m\u0259qs\u0259dl\u0259 q\u0259bul edilib v\u0259 \u015f\u00fcbh\u0259siz ki, buna olan t\u0259pkil\u0259r d\u0259 n\u0259z\u0259r\u0259 al\u0131nmad\u0131. Y\u0259ni, m\u0259qs\u0259d i\u015fimizi asanla\u015fd\u0131rmaq, h\u0259yat\u0131m\u0131z\u0131&nbsp;rahatla\u015fd\u0131rmaq deyildi, m\u0259qs\u0259d bizim \u00fc\u00e7\u00fcn daha dar \u00e7\u0259r\u00e7iv\u0259l\u0259r t\u0259tbiq etm\u0259k idi\u201d.&nbsp;<\/em><em><\/em><\/p>\n\n\n\n<h4 class=\"wp-block-heading\"><strong>G\u00fcz\u0259\u015ft v\u0259 imtiyazlar<\/strong><\/h4>\n\n\n\n<p>Qanunda media sah\u0259sind\u0259 f\u0259aliyy\u0259t g\u00f6st\u0259r\u0259n \u015f\u0259xsl\u0259r \u00fc\u00e7\u00fcn ekspertl\u0259rin \u201c\u015firnikl\u0259ndirici\u201d hesab etdiyi g\u00fcz\u0259\u015ft v\u0259 imtiyazlar da n\u0259z\u0259rd\u0259 tutulub.<\/p>\n\n\n\n<p>S\u0259n\u0259dd\u0259 deyilir ki, vahid jurnalist v\u0259siq\u0259si verilmi\u015f \u015f\u0259xsl\u0259r muzey, qalereya, m\u0259d\u0259ni-ictimai t\u0259dbirl\u0259rin ke\u00e7irildiyi obyektl\u0259r\u0259 \u00f6d\u0259ni\u015fsiz daxil ola bil\u0259c\u0259k, d\u00f6vl\u0259t orqanlar\u0131nda v\u0259 qeyri-h\u00f6kum\u0259t t\u0259\u015fkilatlar\u0131nda akkreditasiya olunacaq, \u0259h\u0259miyy\u0259tli t\u0259dbirl\u0259rin h\u0259yata ke\u00e7irildiyi m\u0259kanlara burax\u0131lacaqlar.<\/p>\n\n\n\n<p>Bundan ba\u015fqa, Media reyestrin\u0259 daxil edilmi\u015f media subyektl\u0259ri v\u0259 \u015f\u0259xsl\u0259r \u00fc\u00e7\u00fcn d\u0259 \u0259lav\u0259 g\u00fcz\u0259\u015ft v\u0259 imtiyazlar n\u0259z\u0259rd\u0259 tutulur.<\/p>\n\n\n\n<p>Mehman \u018fliyev deyir ki, d\u00f6vl\u0259t orqan\u0131 m\u00fcst\u0259qil mediaya jurnalist v\u0259siq\u0259si verm\u0259m\u0259lidir. O, h\u0259m\u00e7inin jurnalistl\u0259r \u00fc\u00e7\u00fcn imtiyazlar\u0131n olmas\u0131n\u0131 da d\u00fczg\u00fcn hesab etmir.<\/p>\n\n\n\n<p><em>\u201cB\u00fct\u00fcn d\u00fcnyada jurnalistl\u0259r \u00fc\u00e7\u00fcn muzey a\u00e7\u0131qd\u0131r. M\u0259n \u201cTuran\u201d agentliyinin v\u0259siq\u0259si il\u0259 d\u00fcnyan\u0131n \u0259n \u0259sas muzeyl\u0259rind\u0259n olan Luvr muzeyin\u0259 girmi\u015f\u0259m. V\u0259siq\u0259m\u0259 bax\u0131b dedil\u0259r ki, siz jurnalistsiniz, buyurun. D\u00f6vl\u0259tin verdiyi v\u0259siq\u0259nin m\u0259nimkind\u0259n \u00fcst\u00fcnl\u00fcy\u00fc n\u0259dir?\u201d <\/em><em><\/em><\/p>\n\n\n\n<p>X\u0259dic\u0259 \u0130smay\u0131lova s\u00f6yl\u0259yir ki, \u0259sl m\u00fcst\u0259qil jurnalist imtiyaz ist\u0259m\u0259m\u0259li v\u0259 g\u00f6zl\u0259m\u0259m\u0259lidir.<\/p>\n\n\n\n<p><em>\u201c&nbsp;\u00dcmumiyy\u0259tl\u0259 jurnalistl\u0259r\u0259 h\u00f6kum\u0259td\u0259n pullu-pulsuz he\u00e7 n\u0259 laz\u0131m deyil. Jurnalistl\u0259r\u0259 laz\u0131md\u0131r ki, h\u00f6kum\u0259t onlar\u0131n i\u015fin\u0259 mane olmas\u0131n. M\u0259n \u0259sl&nbsp;jurnalistl\u0259rd\u0259n dan\u0131\u015f\u0131ram. Normalda hans\u0131sa bir muzey maraql\u0131 olmal\u0131d\u0131r ki, jurnalistl\u0259r g\u0259lib baxs\u0131n, s\u0259rgini i\u015f\u0131qland\u0131rs\u0131nlar. Normalda s\u0259rgi t\u0259\u015fkilat\u00e7\u0131lar\u0131, muzeyl\u0259r hans\u0131sa t\u0259dbir ke\u00e7ir\u0259rk\u0259n jurnalistl\u0259ri d\u0259v\u0259t edirl\u0259r ki, g\u0259lin, bax\u0131n, yaz\u0131n, i\u015f\u0131qland\u0131r\u0131n. Bel\u0259 d\u0259 ki, m\u0259n muzey\u0259 getm\u0259k ist\u0259y\u0259nd\u0259 ona v\u0259sait tap\u0131ram, yet\u0259r ki, h\u00f6kum\u0259t m\u0259nim i\u015fl\u0259m\u0259yim\u0259 v\u0259&nbsp; vicdanla pul qazanma\u011f\u0131ma mane olmas\u0131n\u201d.&nbsp;<\/em><em><\/em><\/p>\n\n\n\n<p>Jurnalist Samir\u0259 \u018fhm\u0259db\u0259yli bunu jurnalistl\u0259r\u0259 veril\u0259n \u201cx\u0131rda r\u00fc\u015fv\u0259t\u201d kimi q\u0259bul edir.<\/p>\n\n\n\n<p><em>\u201cB\u00fct\u00fcn bunlar x\u0131rda r\u00fc\u015fv\u0259tdir, hans\u0131 ki, jurnalistl\u0259r\u0259 paylanan evl\u0259r\u0259 q\u0259d\u0259r gedib \u00e7\u0131x\u0131r. H\u0259r\u00e7\u0259nd Az\u0259rbaycan Respublikas\u0131 Prezidenti yan\u0131nda K\u00fctl\u0259vi \u0130nformasiya Vasit\u0259l\u0259rinin \u0130nki\u015faf\u0131na D\u00f6vl\u0259t D\u0259st\u0259yi Fondu&nbsp;l\u0259\u011fv olunandan, r\u0259hb\u0259rliyi cinay\u0259t m\u0259suliyy\u0259tin\u0259 c\u0259lb olunandan sonra jurnalistl\u0259r \u00fc\u00e7\u00fcn min bir f\u0131r\u0131ldaqla in\u015fa edilmi\u015f \u00fc\u00e7\u00fcnc\u00fc binadak\u0131 m\u0259nzill\u0259rin paylanmas\u0131 dayand\u0131r\u0131ld\u0131. Amma h\u0259min m\u0259nzill\u0259rin yolunu h\u0259l\u0259 d\u0259 g\u00f6zl\u0259y\u0259n \u201ch\u0259mkarlar\u0131m\u0131z\u201d \u00e7oxdur. Jurnalistl\u0259r\u0259 \u0259n ki\u00e7iyind\u0259n tutmu\u015f \u0259n b\u00f6y\u00fcy\u00fcn\u0259 q\u0259d\u0259r ist\u0259nil\u0259n \u015firnikl\u0259ndirici hal yolverilm\u0259zdir. Bu kimi hallara raz\u0131 olan hans\u0131sa bir jurnalistin s\u00f6z\u00fcn\u0259 etibar edil\u0259 bilm\u0259z\u201d.<\/em><\/p>\n\n\n\n<figure class=\"wp-block-image size-large\"><img decoding=\"async\" data-src=\"https:\/\/www.meydan.tv\/wp-content\/uploads\/\/image0-1200x675.jpeg\" alt=\"\" src=\"data:image\/svg+xml;base64,PHN2ZyB3aWR0aD0iMSIgaGVpZ2h0PSIxIiB4bWxucz0iaHR0cDovL3d3dy53My5vcmcvMjAwMC9zdmciPjwvc3ZnPg==\" class=\"lazyload\" style=\"--smush-placeholder-width: 1200px; --smush-placeholder-aspect-ratio: 1200\/675;\" \/><figcaption>Samir\u0259 \u018fhm\u0259db\u0259yli\/ Meydan TV-nin ill\u00fcstrasiyas\u0131 <\/figcaption><\/figure>\n\n\n\n<p>M\u0259tbuat \u015euras\u0131n\u0131n <a href=\"https:\/\/www.presscouncil.az\/az\/code-of-professional-ethics-for-journalists-in-azerbaijan\">\u201cAz\u0259rbaycan jurnalistl\u0259rinin pe\u015f\u0259 davran\u0131\u015f\u0131 qaydalar\u0131\u201d<\/a>nda deyilir ki, <em>\u201cJurnalist c\u0259miyy\u0259ti d\u0259qiq informasiya il\u0259 t\u0259min etm\u0259k qabiliyy\u0259tin\u0259 m\u0259nfi t\u0259sir g\u00f6st\u0259r\u0259 bil\u0259c\u0259k h\u0259r hans\u0131 \u015f\u0259xsi, siyasi v\u0259 ya maliyy\u0259 xarakterli h\u0259v\u0259sl\u0259ndirm\u0259l\u0259r q\u0259bul etm\u0259m\u0259li,&nbsp;qiym\u0259tli h\u0259diyy\u0259 almamal\u0131, yaxud \u00f6z\u00fcn\u0259 pulsuz xidm\u0259t g\u00f6st\u0259rilm\u0259sin\u0259 \u015f\u0259rait yaratmamal\u0131d\u0131r. Jurnalist redaksiya s\u0259n\u0259dind\u0259n v\u0259&nbsp;informasiyaya \u00e7\u0131x\u0131\u015f imkanlar\u0131ndan, habel\u0259, biznes f\u0259aliyy\u0259ti v\u0259 maliyy\u0259&nbsp;&nbsp;bazarlar\u0131 bar\u0259d\u0259 m\u0259lumatlardan \u015f\u0259xsi m\u0259nf\u0259\u0259t \u0259ld\u0259 etm\u0259k m\u0259qs\u0259di il\u0259 istifad\u0259 etm\u0259m\u0259lidir. Jurnalist birba\u015fa \u015f\u0259xsi mara\u011f\u0131n\u0131n oldu\u011fu m\u0259s\u0259l\u0259l\u0259r bar\u0259d\u0259 reportajlar haz\u0131rlamaqdan \u00e7\u0259kinm\u0259li v\u0259 bel\u0259 maraqlar\u0131 olduqda h\u0259min maraqlar\u0131 \u00f6z m\u00fcvafiq reportaj\u0131nda bildirm\u0259lidir\u201d.<\/em>&nbsp;<\/p>\n\n\n\n<h4 class=\"wp-block-heading\"><strong>Yeni qanun jurnalistl\u0259r\u0259 qar\u015f\u0131 cinay\u0259tl\u0259ri \u201ct\u0259\u015fviq edir\u201d<\/strong><strong><\/strong><\/h4>\n\n\n\n<p>Media m\u00fct\u0259x\u0259ssisl\u0259rini narahat ed\u0259n \u0259n \u00f6n\u0259mli m\u0259qamlardan biri pe\u015f\u0259 f\u0259aliyy\u0259tin\u0259 g\u00f6r\u0259 jurnalistl\u0259r\u0259 qar\u015f\u0131 qeyri-qanuni davran\u0131\u015f g\u00f6st\u0259r\u0259n \u015f\u0259xsl\u0259rin bu qanunun verdiyi imkanlardan yararlan\u0131b c\u0259za g\u00f6rm\u0259y\u0259c\u0259yidir. &nbsp;<\/p>\n\n\n\n<p>Mehman \u018fliyev hesab edir ki, qanunda h\u0259r hans\u0131 bir \u015f\u0259xsin pe\u015f\u0259 f\u0259aliyy\u0259ti il\u0259 m\u0259\u015f\u011ful olan jurnalist\u0259 qar\u015f\u0131 zor t\u0259tbiq ed\u0259rs\u0259, konkret hans\u0131 m\u0259suliyy\u0259tl\u0259ri da\u015f\u0131mal\u0131 oldu\u011fu \u0259ks olunmal\u0131 idi.<\/p>\n\n\n\n<p><em>\u201cOrada &nbsp;jurnalist\u0259 qar\u015f\u0131 zor i\u015fl\u0259dil\u0259nd\u0259 hans\u0131 m\u0259suliyy\u0259tin n\u0259z\u0259rd\u0259 tutuldu\u011fu yaz\u0131lmal\u0131 idi, h\u0259m d\u0259 bu t\u0259dbirl\u0259r d\u0259rhal h\u0259yata ke\u00e7irilm\u0259lidir. Onlar g\u00f6zl\u0259m\u0259sinl\u0259r ki, kims\u0259 kim\u0259s\u0259 n\u0259s\u0259 dem\u0259lidir, \u0259riz\u0259 yazmal\u0131d\u0131r \u2013 t\u0259dbir hadis\u0259 bar\u0259d\u0259 m\u0259lumat olan kimi g\u00f6r\u00fclm\u0259lidir. Konstitusiyaya \u0259sas\u0259n, h\u0259r bir v\u0259t\u0259nda\u015f\u0131n informasiya \u0259ld\u0259 etm\u0259k, yaymaq h\u00fcququ var v\u0259 bu qanunda bu, g\u00fccl\u0259ndirilm\u0259li idi. H\u0259r bir v\u0259t\u0259nda\u015f \u00e7\u0259kili\u015f apara, yaz\u0131 yaza bil\u0259r. Burada s\u00f6hb\u0259t v\u0259t\u0259nda\u015flar\u0131n, o c\u00fcml\u0259d\u0259n jurnalistl\u0259rin informasiya istehsal etm\u0259k h\u00fcququnu t\u0259min etm\u0259k v\u0259 qorumaqdan getm\u0259li idi\u201d.<\/em><\/p>\n\n\n\n<figure class=\"wp-block-image size-large\"><img decoding=\"async\" data-src=\"https:\/\/www.meydan.tv\/wp-content\/uploads\/\/krmv1968-1200x800.jpg\" alt=\"\" src=\"data:image\/svg+xml;base64,PHN2ZyB3aWR0aD0iMSIgaGVpZ2h0PSIxIiB4bWxucz0iaHR0cDovL3d3dy53My5vcmcvMjAwMC9zdmciPjwvc3ZnPg==\" class=\"lazyload\" style=\"--smush-placeholder-width: 1200px; --smush-placeholder-aspect-ratio: 1200\/800;\" \/><figcaption>Jurnalistl\u0259r &#8220;Media haqq\u0131nda&#8221; yeni qanunun q\u0259bul edilm\u0259sin\u0259 qar\u015f\u0131 etiraz edir. 28.12.2021\/Foto: Meydan TV<\/figcaption><\/figure>\n\n\n\n<p>Ara\u015fd\u0131rma\u00e7\u0131 jurnalist X\u0259dic\u0259 \u0130smay\u0131lova is\u0259 cinay\u0259t m\u0259c\u0259ll\u0259sind\u0259 m\u00f6vcud olan madd\u0259ni xat\u0131rlad\u0131r:<\/p>\n\n\n\n<p><em>\u201cO madd\u0259nin t\u0259l\u0259bl\u0259ri bir balaca s\u0259rtl\u0259\u015fdirilm\u0259lidir. Y\u0259ni, c\u0259za hiss\u0259si bir balaca s\u0259rtl\u0259\u015fdirils\u0259 yax\u015f\u0131 olar. \u018fslind\u0259, o madd\u0259 t\u0259tbiq d\u0259 olunsa pis olmaz. \u00c7\u00fcnki biz h\u0259r g\u00fcn bel\u0259 hallarla rastla\u015f\u0131r\u0131q. Jurnalistl\u0259r\u0259 \u00f6z pe\u015f\u0259 f\u0259aliyy\u0259tini g\u00f6st\u0259rm\u0259y\u0259 mane olanlar h\u00f6kum\u0259t n\u00fcmay\u0259nd\u0259l\u0259ri, m\u0259murlar, h\u0259tta adi adamlar olur bu c\u0259hdl\u0259ri edirl\u0259r v\u0259 h\u0259l\u0259 he\u00e7 kim\u0259 qar\u015f\u0131 bu madd\u0259nin t\u0259tbiq olundu\u011funu e\u015fitm\u0259mi\u015fik\u201d.&nbsp;<\/em><\/p>\n\n\n\n<p>\u018fl\u0259sg\u0259r M\u0259mm\u0259dli&nbsp;is\u0259 bu qanunun reyestrd\u0259n ke\u00e7\u0259 bilm\u0259mi\u015f jurnalistl\u0259r\u0259 &nbsp;qar\u015f\u0131 cinay\u0259t t\u00f6r\u0259dil\u0259rs\u0259, bunun m\u00fcvafiq qanunla c\u0259za qar\u015f\u0131l\u0131\u011f\u0131n\u0131n olmayaca\u011f\u0131n\u0131 deyir. &nbsp;<\/p>\n\n\n\n<p><em>\u201cOnlara olan h\u00fccumlar v\u0259 basq\u0131lar da yen\u0259 qanunvericilikd\u0259, cinay\u0259t m\u0259c\u0259ll\u0259sind\u0259 162-ci madd\u0259 var jurnalistin pe\u015f\u0259 f\u0259aliyy\u0259tin\u0259 mane olma, dem\u0259li \u0259g\u0259r o jurnalist hesab olunmayacaqsa, ona qar\u015f\u0131 bu tip basq\u0131lar \u00fc\u00e7\u00fcn d\u0259 x\u00fcsusi cinay\u0259t m\u0259suliyy\u0259ti g\u0259tir\u0259n \u00e7\u0259kindirici amil d\u0259 olmayacaq. Y\u0259ni, bu bax\u0131mdan bir \u00e7ox aspektd\u0259n s\u0259rb\u0259st pe\u015f\u0259 kimi jurnalist f\u0259aliyy\u0259ti il\u0259 m\u0259\u015f\u011ful olanlar\u0131n i\u015fi daha da \u00e7\u0259tinl\u0259\u015fmi\u015f olacaq\u201d.&nbsp;<\/em><\/p>\n\n\n\n<p>X\u0259dic\u0259 \u0130smay\u0131lova, \u00f6z n\u00f6vb\u0259sind\u0259, Cinay\u0259t M\u0259c\u0259ll\u0259sinin jurnalistl\u0259rin qanuni pe\u015f\u0259 f\u0259aliyy\u0259tin\u0259 mane olma\u011fa g\u00f6r\u0259 m\u0259suliyy\u0259t n\u0259z\u0259rd\u0259 tutan 163-c\u00fc madd\u0259sini xat\u0131rlad\u0131r ki, bu da be\u015f y\u00fcz manatdan min manatad\u0259k c\u0259rim\u0259 v\u0259 ya bir il\u0259d\u0259k m\u00fcdd\u0259t\u0259 islah i\u015fl\u0259ri il\u0259 c\u0259zaland\u0131r\u0131l\u0131r:<\/p>\n\n\n\n<p><em>\u201cO madd\u0259nin t\u0259l\u0259bl\u0259ri bir balaca s\u0259rtl\u0259\u015fdirilm\u0259lidir. Y\u0259ni, c\u0259za hiss\u0259si bir balaca s\u0259rtl\u0259\u015fdirils\u0259, yax\u015f\u0131 olar. \u018fslind\u0259, o madd\u0259 t\u0259tbiq d\u0259 olunsa pis olmaz. \u00c7\u00fcnki biz h\u0259r g\u00fcn bel\u0259 hallarla rastla\u015f\u0131r\u0131q. H\u00f6kum\u0259t n\u00fcmay\u0259nd\u0259l\u0259ri, m\u0259murlar, h\u0259tta s\u0131ravi adamlar jurnalistl\u0259r\u0259 \u00f6z pe\u015f\u0259 f\u0259aliyy\u0259tini g\u00f6st\u0259rm\u0259y\u0259 mane olma\u011fa c\u0259hd edirl\u0259r v\u0259 h\u0259l\u0259 he\u00e7 kim\u0259 qar\u015f\u0131 bu madd\u0259nin t\u0259tbiq olundu\u011funu e\u015fitm\u0259mi\u015fik\u201d.&nbsp;<\/em><em><\/em><\/p>\n\n\n\n<p>\u018fl\u0259sg\u0259r M\u0259mm\u0259dli reyestrd\u0259n ke\u00e7\u0259 bilm\u0259mi\u015f jurnalistl\u0259r\u0259&nbsp;qar\u015f\u0131 cinay\u0259t t\u00f6r\u0259dil\u0259rs\u0259, bunun yeni qanunla c\u0259za qar\u015f\u0131l\u0131\u011f\u0131n\u0131n olmayaca\u011f\u0131n\u0131 deyir. &nbsp;<\/p>\n\n\n\n<p><em>\u201c\u018fg\u0259r \u015f\u0259xs jurnalist hesab olunmayacaqsa, ona qar\u015f\u0131 basq\u0131lar \u00fc\u00e7\u00fcn d\u0259 x\u00fcsusi cinay\u0259t m\u0259suliyy\u0259ti g\u0259tir\u0259n \u00e7\u0259kindirici amil d\u0259 olmayacaq. Y\u0259ni, bu bax\u0131mdan azad jurnalist f\u0259aliyy\u0259ti il\u0259 m\u0259\u015f\u011ful olanlar\u0131n i\u015fi daha da \u00e7\u0259tinl\u0259\u015fmi\u015f olacaq\u201d.&nbsp;<\/em><\/p>\n\n\n\n<figure class=\"wp-block-image size-large\"><img decoding=\"async\" data-src=\"https:\/\/www.meydan.tv\/wp-content\/uploads\/\/image1-1-1200x675.jpeg\" alt=\"\" src=\"data:image\/svg+xml;base64,PHN2ZyB3aWR0aD0iMSIgaGVpZ2h0PSIxIiB4bWxucz0iaHR0cDovL3d3dy53My5vcmcvMjAwMC9zdmciPjwvc3ZnPg==\" class=\"lazyload\" style=\"--smush-placeholder-width: 1200px; --smush-placeholder-aspect-ratio: 1200\/675;\" \/><figcaption>\u018fl\u0259sg\u0259r M\u0259mm\u0259dli\/ Meydan TV-nin ill\u00fcstrasiyas\u0131  <\/figcaption><\/figure>\n\n\n\n<p>H\u00fcquq\u015f\u00fcnas deyir ki, layih\u0259d\u0259&nbsp;jurnalist tan\u0131m\u0131 v\u0259 jurnalist \u00fc\u00e7\u00fcn m\u00fc\u0259yy\u0259nl\u0259\u015fdirilmi\u015f kriteriyalar\u0131n yum\u015fald\u0131lmas\u0131 t\u0259klifi q\u0259bul olunmay\u0131b:<\/p>\n\n\n\n<p><em>\u201cEl\u0259 olsayd\u0131, \u0259lb\u0259tt\u0259 ki, h\u0259r bir jurnalistin t\u0259hl\u00fck\u0259sizliyi h\u00fcquqi bax\u0131mdan qorunmu\u015f olard\u0131\u201d.&nbsp;<\/em><em><\/em><\/p>\n\n\n\n<p>C\u0259nab M\u0259mm\u0259dli vur\u011fulay\u0131r ki,&nbsp; reyestr\u0259 daxil edilm\u0259mi\u015f \u015f\u0259xsl\u0259r \u00fcmumiyy\u0259tl\u0259 jurnalist hesab olunmayacaqlar\u0131 \u00fc\u00e7\u00fcn onlara mane olanlar da c\u0259zaland\u0131r\u0131lmayacaq:&nbsp;<\/p>\n\n\n\n<p><em>&nbsp;\u201c<\/em><em>\u018fksin\u0259,<\/em><em> <\/em><em>bu c\u00fcr mane\u0259l\u0259ri h\u0259tta \u00f6d\u00fcll\u0259ndir\u0259c\u0259kl\u0259r ki, siz yax\u015f\u0131 etmisiniz. \u00c7\u00fcnki o, jurnalist deyil, ona informasiya verm\u0259k olmaz. Yaxud da, \u0259lind\u0259kini al\u0131b q\u0131rmaq laz\u0131md\u0131r. Y\u0259ni, praktikada onsuz da biz g\u00f6r\u00fcr\u00fck ki, jurnalistl\u0259r inormasiya toplayark\u0259n polis v\u0259 ya dig\u0259r inormasiya sahibl\u0259ri qanunsuz olaraq, he\u00e7 bir h\u00fcquqi \u0259sas\u0131 olmad\u0131\u011f\u0131 halda onlardan v\u0259siq\u0259 t\u0259l\u0259b edir, \u00e7\u0259kili\u015fi n\u0259 \u00fc\u00e7\u00fcn etdikl\u0259rini, sor\u011funu niy\u0259 g\u00f6nd\u0259rdikl\u0259rini soru\u015fmaq kimi yersiz t\u0259l\u0259bl\u0259r ir\u0259li s\u00fcr\u00fcrl\u0259r.&nbsp;\u0130ndi bu kimi t\u0259l\u0259b\u0259r \u0259lb\u0259tt\u0259 ki, artacaq\u201d. <\/em><em><\/em><\/p>\n\n\n\n<p>Jurnalist Samir\u0259 \u018fhm\u0259db\u0259yli jurnalistl\u0259rin reyestr\u0259 d\u00fc\u015fm\u0259si \u00fc\u00e7\u00fcn daha bir \u015f\u0259rtin &#8211; reyestr\u0259 qeydiyyata d\u00fc\u015fm\u0259k \u00fc\u00e7\u00fcn jurnalistin i\u015fl\u0259diyi media qurumunun da reyestrd\u0259 ayr\u0131ca qeydiyyatdan ke\u00e7m\u0259li oldu\u011funu xat\u0131rlad\u0131r:<\/p>\n\n\n\n<p><em>\u201cMeydan TV\u201d, \u201cAzadl\u0131q Radiosu\u201d, \u201cTuran\u201d informasiya agentliyi, \u201cAzadl\u0131q\u201d q\u0259zeti kimi azad medialar\u0131n reyestd\u0259 qeydiyyatdan ke\u00e7\u0259 bilm\u0259si b\u00f6y\u00fck sual alt\u0131ndad\u0131r. Bu o dem\u0259kdir ki, h\u0259min media subyektl\u0259rind\u0259 \u00e7al\u0131\u015fan b\u00fct\u00fcn jurnalistl\u0259r qanundan k\u0259narda qalacaqlar\u201d.<\/em><em><\/em><\/p>\n\n\n\n<p>Samir\u0259 \u018fhm\u0259db\u0259yli bu qanunun t\u0259tbiqind\u0259n sonra c\u0259zaland\u0131r\u0131lm\u0131\u015f jurnalistl\u0259ri v\u0259 el\u0259c\u0259 d\u0259 bu qanundan \u0259vv\u0259l m\u00fcst\u0259qil mediaya olan m\u00fcnasib\u0259ti v\u0259 ba\u015f ver\u0259nl\u0259ri xat\u0131rlad\u0131r:<\/p>\n\n\n\n<p><em>\u201cYeni qanun t\u0259tbiq edil\u0259nd\u0259n sonra art\u0131q bir ne\u00e7\u0259 jurnalist (S\u0259xav\u0259t M\u0259mm\u0259dli, Fikr\u0259t F\u0259r\u0259m\u0259zo\u011flu v\u0259 s) m\u00fcxt\u0259lif madd\u0259l\u0259rl\u0259 c\u0259rim\u0259 olunublar.&nbsp;Bu qanundan \u0259vv\u0259l d\u0259 m\u00fcst\u0259qil jurnalistl\u0259r v\u0259 media orqanlar\u0131 t\u0259qibl\u0259r\u0259 m\u0259ruz qal\u0131rd\u0131. 2000-ci ill\u0259rd\u0259n etibar\u0259n mediada reklam bazar\u0131 inhisara al\u0131nmaqla media orqanlar\u0131n\u0131n maliyy\u0259 m\u00fcst\u0259qilliyi t\u0259dric\u0259n \u0259lind\u0259n al\u0131nd\u0131. \u0130nformasiya istehsal\u0131 il\u0259 pul qazana bilm\u0259y\u0259n m\u0259tbuat orqanlar\u0131 ya s\u0131radan \u00e7\u0131xd\u0131, ya da hakimiyy\u0259t\u0259 sat\u0131ld\u0131. 2015-ci ild\u0259n ba\u015flayaraq, \u00f6lk\u0259d\u0259 bir s\u0131ra beyn\u0259lxalq v\u0259 yerli QHT-l\u0259r\u0259 qar\u015f\u0131 t\u0259qib ba\u015flad\u0131, \u00e7oxunun f\u0259aliyy\u0259ti dayand\u0131r\u0131ld\u0131. Eyni zamanda \u201cAzadl\u0131q Radiosu\u201d, \u201cIWPR\u201d-\u0131n ofisl\u0259ri ba\u011fland\u0131, \u201cMeydan TV\u201d-y\u0259 qar\u015f\u0131 cinay\u0259t i\u015fi qald\u0131r\u0131ld\u0131, \u201cAzadl\u0131q Radiosu\u201d, \u201cMeydan TV\u201d, \u201cAzadl\u0131q q\u0259zeti\u201d v\u0259 sair\u0259 orqanlar\u0131n saytlar\u0131na \u00f6lk\u0259 daxilind\u0259 giri\u015f blokland\u0131. 2005-ci ild\u0259 jurnalist Elmar H\u00fcseynov q\u0259tl\u0259 yetirildi. Daha sonra Rafiq Ta\u011f\u0131 v\u0259 Rasim \u018fliyevin q\u0259tll\u0259ri ba\u015f verdi. Bir \u00e7ox jurnalistl\u0259r zorak\u0131l\u0131\u011fa, h\u0259bs\u0259 m\u0259ruz qald\u0131. Bu g\u00fcnl\u0259rd\u0259 jurnalist Ayt\u0259n M\u0259mm\u0259dovan\u0131n bo\u011faz\u0131na b\u0131\u00e7aq dir\u0259ndi, \u00f6vlad\u0131 il\u0259 h\u0259d\u0259l\u0259ndi. Y\u0259ni, Az\u0259rbaycanda azad s\u00f6z\u00fcn h\u0259r yolla bo\u011fulmas\u0131 prosesi \u00e7oxdan ba\u015flay\u0131b v\u0259 bel\u0259 ba\u015fa d\u00fc\u015f\u00fcr\u0259m ki, h\u0259l\u0259 uzun m\u00fcdd\u0259t d\u0259 davam ed\u0259c\u0259k. \u201cMedia haqq\u0131nda\u201d qanun da bu prosesin bir hiss\u0259sidir. Jurnalistl\u0259r\u0259 qar\u015f\u0131 h\u0259l\u0259 \u00e7ox t\u0259qibl\u0259rl\u0259 \u00fczl\u0259\u015f\u0259c\u0259yik\u201d.<\/em><\/p>\n\n\n\n<figure class=\"wp-block-image size-large\"><img decoding=\"async\" data-src=\"https:\/\/www.meydan.tv\/wp-content\/uploads\/122800042896-11.jpg\" alt=\"\" src=\"data:image\/svg+xml;base64,PHN2ZyB3aWR0aD0iMSIgaGVpZ2h0PSIxIiB4bWxucz0iaHR0cDovL3d3dy53My5vcmcvMjAwMC9zdmciPjwvc3ZnPg==\" class=\"lazyload\" style=\"--smush-placeholder-width: 1200px; --smush-placeholder-aspect-ratio: 1200\/675;\" \/><figcaption>Jurnalistl\u0259r &#8220;Media haqq\u0131nda&#8221; yeni qanunun q\u0259bul edilm\u0259sin\u0259 qar\u015f\u0131 etiraz edir. 28.12.2021\/Foto: Meydan TV<\/figcaption><\/figure>\n\n\n\n<p>Xarici media il\u0259 ba\u011fl\u0131 v\u0259ziyy\u0259tin n\u0259 yerd\u0259 oldu\u011funun m\u0259nz\u0259r\u0259sini verm\u0259k \u00fc\u00e7\u00fcn \u201cMedia haqq\u0131nda\u201d yeni v\u0259 \u0259vv\u0259lki K\u0130V haqq\u0131nda qanunu m\u00fcqayis\u0259 ed\u0259n \u018fl\u0259sg\u0259r M\u0259mm\u0259dli deyir ki,&nbsp;xarici media il\u0259 ba\u011fl\u0131 onsuz da m\u0259hdudla\u015fd\u0131r\u0131c\u0131 normalar m\u00f6vcud olub:<\/p>\n\n\n\n<p><em>\u201cXarici media s\u0259rb\u0259st yox, yaln\u0131z X\u0130N-d\u0259 akkreditasiyadan ke\u00e7m\u0259kl\u0259 f\u0259aliyy\u0259t g\u00f6st\u0259r\u0259 bilir. Bu qanunda da eyni m\u00fcdd\u0259alar qal\u0131r v\u0259 reyestr\u0259 X\u0130N-in akkredit\u0259 etdiyi jurnalistl\u0259r d\u00fc\u015f\u0259 bil\u0259c\u0259kl\u0259r.&nbsp;Az\u0259rbaycanda media orqan\u0131 t\u0259sis etm\u0259k ist\u0259y\u0259nl\u0259r \u00fc\u00e7\u00fcn t\u0259k Az\u0259rbaycan v\u0259t\u0259nda\u015f\u0131 olmaq kifay\u0259t etmir, Az\u0259rbaycanda ya\u015fama \u015f\u0259rti d\u0259 var. Bundan ba\u015fqa, xarici medialar\u0131n t\u0259sis\u00e7ilikd\u0259ki pay\u0131 25 faizd\u0259n art\u0131q ola bilm\u0259z. Xarici jurnalistl\u0259rin akkreditasiyas\u0131 X\u0130N t\u0259r\u0259find\u0259n veril\u0259c\u0259k, onlar haqq\u0131nda m\u0259lumatlar media agentliyin\u0259 t\u0259qdim olunacaq, agentlik d\u0259 h\u0259min media orqanlar\u0131na Az\u0259rbaycanda dediyim o imtiyazlardan faydalanacaq \u015f\u0259kild\u0259, rahat f\u0259aliyy\u0259ti \u00fc\u00e7\u00fcn m\u00fc\u0259yy\u0259n \u015f\u0259rait yaradacaq\u201d.<\/em><em><\/em><\/p>\n\n\n\n<p>X\u0259dic\u0259 \u0130smay\u0131lova media orqanlar\u0131n\u0131n xaricd\u0259n maliyy\u0259l\u0259\u015fm\u0259sin\u0259 m\u0259hdudiyy\u0259tin reklam bazar\u0131nda art\u0131q m\u00f6vcud olan m\u0259hdudiyy\u0259tl\u0259rin fonunda ba\u015f verdiyini vur\u011fulay\u0131r.<\/p>\n\n\n\n<p><em>\u201cMaliyy\u0259nin yaln\u0131z 25 faizi xarici m\u0259nb\u0259l\u0259rd\u0259n v\u0259 donorlardan g\u0259l\u0259 bil\u0259r v\u0259 bu, ciddi \u00e7\u0259r\u00e7iv\u0259l\u0259r qoyur. X\u00fcsusil\u0259 d\u0259, Az\u0259rbaycanda reklam bazar\u0131n\u0131n \u0259l\u00e7atan olmad\u0131\u011f\u0131 v\u0259 m\u00fcst\u0259qil mediayan\u0131n \u00fcz\u00fcn\u0259 a\u00e7\u0131q olmad\u0131\u011f\u0131 n\u0259z\u0259r\u0259 al\u0131nd\u0131qda\u201d.<\/em><em><\/em><\/p>\n\n\n\n<p>Jurnalist qanunda jurnalistl\u0259rin f\u0259aliyy\u0259tin\u0259 mane\u0259 t\u00f6r\u0259d\u0259c\u0259k dig\u0259r bir madd\u0259ni d\u0259 absurd adland\u0131r\u0131r:&nbsp;<\/p>\n\n\n\n<p><em>\u201cM\u0259nd\u0259 \u0259n \u00e7ox q\u0131c\u0131q do\u011furan hiss\u0259si odur ki, h\u00fcquq-m\u00fchafiz\u0259 orqanlar\u0131n\u0131n apard\u0131\u011f\u0131 \u0259m\u0259liyyatlar bar\u0259d\u0259 yazark\u0259n bunu h\u00fcquq-m\u00fchafiz\u0259 orqanlar\u0131n\u0131n \u00f6z\u00fc raz\u0131la\u015fd\u0131rmaq laz\u0131md\u0131r. D\u00fcnyada bel\u0259 bir absurdluq g\u00f6r\u00fcnm\u0259yib. Bunu ilk olaraq Az\u0259rbaycanda t\u0259tbiq ed\u0259c\u0259kl\u0259r\u201d.<\/em><em><\/em><\/p>\n\n\n\n<p><strong><em>\u201cMedia\u015f\u0259b\u0259k\u0259\u201dnin d\u0259st\u0259yi il\u0259<\/em><\/strong><\/p>\n","protected":false},"excerpt":{"rendered":"<p>Az\u0259rbaycanda media haqq\u0131nda yeni qanun jurnalistl\u0259r\u0259 hans\u0131 m\u0259hdudiyy\u0259tl\u0259ri qoyur?<\/p>\n","protected":false},"author":16,"featured_media":246497,"comment_status":"closed","ping_status":"closed","sticky":false,"template":"","format":"standard","meta":{"_acf_changed":false,"_sitemap_exclude":false,"_sitemap_priority":"","_sitemap_frequency":"","footnotes":""},"categories":[62,79,7],"tags":[],"class_list":["post-246602","post","type-post","status-publish","format-standard","has-post-thumbnail","hentry","category-sosial","category-featured","category-uncategorized-az","infinite-scroll-item","generate-columns","tablet-grid-50","mobile-grid-100","grid-parent","grid-33","no-featured-image-padding"],"acf":[],"yoast_head":"<!-- This site is optimized with the Yoast SEO plugin v27.4 - https:\/\/yoast.com\/product\/yoast-seo-wordpress\/ -->\n<title>Mussolini d\u00f6vr\u00fcn\u00fcn \u0130taliyas\u0131ndak\u0131 kimi - MEYDAN.TV<\/title>\n<meta name=\"robots\" content=\"index, follow, max-snippet:-1, max-image-preview:large, max-video-preview:-1\" \/>\n<link rel=\"canonical\" href=\"https:\/\/www.meydan.tv\/az\/article\/mussolini-dovrunun-italiyasindaki-kimi\/\" \/>\n<meta property=\"og:locale\" content=\"az_AZ\" \/>\n<meta property=\"og:type\" content=\"article\" \/>\n<meta property=\"og:title\" content=\"Mussolini d\u00f6vr\u00fcn\u00fcn \u0130taliyas\u0131ndak\u0131 kimi - MEYDAN.TV\" \/>\n<meta property=\"og:description\" content=\"Az\u0259rbaycanda media haqq\u0131nda yeni qanun jurnalistl\u0259r\u0259 hans\u0131 m\u0259hdudiyy\u0259tl\u0259ri qoyur?\" \/>\n<meta property=\"og:url\" content=\"https:\/\/www.meydan.tv\/az\/article\/mussolini-dovrunun-italiyasindaki-kimi\/\" \/>\n<meta property=\"og:site_name\" content=\"MEYDAN.TV\" \/>\n<meta property=\"article:published_time\" content=\"2022-05-27T10:19:58+00:00\" \/>\n<meta property=\"article:modified_time\" content=\"2022-05-27T10:20:14+00:00\" \/>\n<meta property=\"og:image\" content=\"https:\/\/www.meydan.tv\/wp-content\/uploads\/jurn_gadaga-scaled.jpg\" \/>\n\t<meta property=\"og:image:width\" content=\"2560\" \/>\n\t<meta property=\"og:image:height\" content=\"1707\" \/>\n\t<meta property=\"og:image:type\" content=\"image\/jpeg\" \/>\n<meta name=\"author\" content=\"sevda\" \/>\n<meta name=\"twitter:card\" content=\"summary_large_image\" \/>\n<script type=\"application\/ld+json\" class=\"yoast-schema-graph\">{\"@context\":\"https:\\\/\\\/schema.org\",\"@graph\":[{\"@type\":\"Article\",\"@id\":\"https:\\\/\\\/www.meydan.tv\\\/az\\\/article\\\/mussolini-dovrunun-italiyasindaki-kimi\\\/#article\",\"isPartOf\":{\"@id\":\"https:\\\/\\\/www.meydan.tv\\\/az\\\/article\\\/mussolini-dovrunun-italiyasindaki-kimi\\\/\"},\"author\":{\"name\":\"sevda\",\"@id\":\"https:\\\/\\\/www.meydan.tv\\\/az\\\/#\\\/schema\\\/person\\\/49b5f2bad5b126bb8ea9320eeb3e4dc9\"},\"headline\":\"Mussolini d\u00f6vr\u00fcn\u00fcn \u0130taliyas\u0131ndak\u0131 kimi\",\"datePublished\":\"2022-05-27T10:19:58+00:00\",\"dateModified\":\"2022-05-27T10:20:14+00:00\",\"mainEntityOfPage\":{\"@id\":\"https:\\\/\\\/www.meydan.tv\\\/az\\\/article\\\/mussolini-dovrunun-italiyasindaki-kimi\\\/\"},\"wordCount\":4728,\"publisher\":{\"@id\":\"https:\\\/\\\/www.meydan.tv\\\/az\\\/#organization\"},\"image\":{\"@id\":\"https:\\\/\\\/www.meydan.tv\\\/az\\\/article\\\/mussolini-dovrunun-italiyasindaki-kimi\\\/#primaryimage\"},\"thumbnailUrl\":\"https:\\\/\\\/www.meydan.tv\\\/wp-content\\\/uploads\\\/jurn_gadaga-scaled.jpg\",\"articleSection\":[\"Sosial\",\"T\u00f6vsiy\u0259\",\"Uncategorized @az\"],\"inLanguage\":\"az\"},{\"@type\":\"WebPage\",\"@id\":\"https:\\\/\\\/www.meydan.tv\\\/az\\\/article\\\/mussolini-dovrunun-italiyasindaki-kimi\\\/\",\"url\":\"https:\\\/\\\/www.meydan.tv\\\/az\\\/article\\\/mussolini-dovrunun-italiyasindaki-kimi\\\/\",\"name\":\"Mussolini d\u00f6vr\u00fcn\u00fcn \u0130taliyas\u0131ndak\u0131 kimi - MEYDAN.TV\",\"isPartOf\":{\"@id\":\"https:\\\/\\\/www.meydan.tv\\\/az\\\/#website\"},\"primaryImageOfPage\":{\"@id\":\"https:\\\/\\\/www.meydan.tv\\\/az\\\/article\\\/mussolini-dovrunun-italiyasindaki-kimi\\\/#primaryimage\"},\"image\":{\"@id\":\"https:\\\/\\\/www.meydan.tv\\\/az\\\/article\\\/mussolini-dovrunun-italiyasindaki-kimi\\\/#primaryimage\"},\"thumbnailUrl\":\"https:\\\/\\\/www.meydan.tv\\\/wp-content\\\/uploads\\\/jurn_gadaga-scaled.jpg\",\"datePublished\":\"2022-05-27T10:19:58+00:00\",\"dateModified\":\"2022-05-27T10:20:14+00:00\",\"breadcrumb\":{\"@id\":\"https:\\\/\\\/www.meydan.tv\\\/az\\\/article\\\/mussolini-dovrunun-italiyasindaki-kimi\\\/#breadcrumb\"},\"inLanguage\":\"az\",\"potentialAction\":[{\"@type\":\"ReadAction\",\"target\":[\"https:\\\/\\\/www.meydan.tv\\\/az\\\/article\\\/mussolini-dovrunun-italiyasindaki-kimi\\\/\"]}]},{\"@type\":\"ImageObject\",\"inLanguage\":\"az\",\"@id\":\"https:\\\/\\\/www.meydan.tv\\\/az\\\/article\\\/mussolini-dovrunun-italiyasindaki-kimi\\\/#primaryimage\",\"url\":\"https:\\\/\\\/www.meydan.tv\\\/wp-content\\\/uploads\\\/jurn_gadaga-scaled.jpg\",\"contentUrl\":\"https:\\\/\\\/www.meydan.tv\\\/wp-content\\\/uploads\\\/jurn_gadaga-scaled.jpg\",\"width\":2560,\"height\":1707,\"caption\":\"Meydan TV-nin ill\u00fcstrasiyas\u0131\"},{\"@type\":\"BreadcrumbList\",\"@id\":\"https:\\\/\\\/www.meydan.tv\\\/az\\\/article\\\/mussolini-dovrunun-italiyasindaki-kimi\\\/#breadcrumb\",\"itemListElement\":[{\"@type\":\"ListItem\",\"position\":1,\"name\":\"Ana s\u0259hif\u0259\",\"item\":\"https:\\\/\\\/www.meydan.tv\\\/az\\\/\"},{\"@type\":\"ListItem\",\"position\":2,\"name\":\"Sosial\",\"item\":\"https:\\\/\\\/www.meydan.tv\\\/az\\\/section\\\/sosial\\\/\"},{\"@type\":\"ListItem\",\"position\":3,\"name\":\"Mussolini d\u00f6vr\u00fcn\u00fcn \u0130taliyas\u0131ndak\u0131 kimi\"}]},{\"@type\":\"WebSite\",\"@id\":\"https:\\\/\\\/www.meydan.tv\\\/az\\\/#website\",\"url\":\"https:\\\/\\\/www.meydan.tv\\\/az\\\/\",\"name\":\"MEYDAN.TV\",\"description\":\"Meydan TV Az\u0259rbaycan\u0131n media m\u0259kan\u0131ndak\u0131 alternativ s\u0259sidir\",\"publisher\":{\"@id\":\"https:\\\/\\\/www.meydan.tv\\\/az\\\/#organization\"},\"potentialAction\":[{\"@type\":\"SearchAction\",\"target\":{\"@type\":\"EntryPoint\",\"urlTemplate\":\"https:\\\/\\\/www.meydan.tv\\\/az\\\/?s={search_term_string}\"},\"query-input\":{\"@type\":\"PropertyValueSpecification\",\"valueRequired\":true,\"valueName\":\"search_term_string\"}}],\"inLanguage\":\"az\"},{\"@type\":\"Organization\",\"@id\":\"https:\\\/\\\/www.meydan.tv\\\/az\\\/#organization\",\"name\":\"Meydan TV\",\"url\":\"https:\\\/\\\/www.meydan.tv\\\/az\\\/\",\"logo\":{\"@type\":\"ImageObject\",\"inLanguage\":\"az\",\"@id\":\"https:\\\/\\\/www.meydan.tv\\\/az\\\/#\\\/schema\\\/logo\\\/image\\\/\",\"url\":\"https:\\\/\\\/www.meydan.tv\\\/wp-content\\\/uploads\\\/2021\\\/07\\\/meydan-logo.svg\",\"contentUrl\":\"https:\\\/\\\/www.meydan.tv\\\/wp-content\\\/uploads\\\/2021\\\/07\\\/meydan-logo.svg\",\"width\":195,\"height\":46,\"caption\":\"Meydan TV\"},\"image\":{\"@id\":\"https:\\\/\\\/www.meydan.tv\\\/az\\\/#\\\/schema\\\/logo\\\/image\\\/\"}},{\"@type\":\"Person\",\"@id\":\"https:\\\/\\\/www.meydan.tv\\\/az\\\/#\\\/schema\\\/person\\\/49b5f2bad5b126bb8ea9320eeb3e4dc9\",\"name\":\"sevda\"}]}<\/script>\n<!-- \/ Yoast SEO plugin. -->","yoast_head_json":{"title":"Mussolini d\u00f6vr\u00fcn\u00fcn \u0130taliyas\u0131ndak\u0131 kimi - MEYDAN.TV","robots":{"index":"index","follow":"follow","max-snippet":"max-snippet:-1","max-image-preview":"max-image-preview:large","max-video-preview":"max-video-preview:-1"},"canonical":"https:\/\/www.meydan.tv\/az\/article\/mussolini-dovrunun-italiyasindaki-kimi\/","og_locale":"az_AZ","og_type":"article","og_title":"Mussolini d\u00f6vr\u00fcn\u00fcn \u0130taliyas\u0131ndak\u0131 kimi - MEYDAN.TV","og_description":"Az\u0259rbaycanda media haqq\u0131nda yeni qanun jurnalistl\u0259r\u0259 hans\u0131 m\u0259hdudiyy\u0259tl\u0259ri qoyur?","og_url":"https:\/\/www.meydan.tv\/az\/article\/mussolini-dovrunun-italiyasindaki-kimi\/","og_site_name":"MEYDAN.TV","article_published_time":"2022-05-27T10:19:58+00:00","article_modified_time":"2022-05-27T10:20:14+00:00","og_image":[{"width":2560,"height":1707,"url":"https:\/\/www.meydan.tv\/wp-content\/uploads\/jurn_gadaga-scaled.jpg","type":"image\/jpeg"}],"author":"sevda","twitter_card":"summary_large_image","schema":{"@context":"https:\/\/schema.org","@graph":[{"@type":"Article","@id":"https:\/\/www.meydan.tv\/az\/article\/mussolini-dovrunun-italiyasindaki-kimi\/#article","isPartOf":{"@id":"https:\/\/www.meydan.tv\/az\/article\/mussolini-dovrunun-italiyasindaki-kimi\/"},"author":{"name":"sevda","@id":"https:\/\/www.meydan.tv\/az\/#\/schema\/person\/49b5f2bad5b126bb8ea9320eeb3e4dc9"},"headline":"Mussolini d\u00f6vr\u00fcn\u00fcn \u0130taliyas\u0131ndak\u0131 kimi","datePublished":"2022-05-27T10:19:58+00:00","dateModified":"2022-05-27T10:20:14+00:00","mainEntityOfPage":{"@id":"https:\/\/www.meydan.tv\/az\/article\/mussolini-dovrunun-italiyasindaki-kimi\/"},"wordCount":4728,"publisher":{"@id":"https:\/\/www.meydan.tv\/az\/#organization"},"image":{"@id":"https:\/\/www.meydan.tv\/az\/article\/mussolini-dovrunun-italiyasindaki-kimi\/#primaryimage"},"thumbnailUrl":"https:\/\/www.meydan.tv\/wp-content\/uploads\/jurn_gadaga-scaled.jpg","articleSection":["Sosial","T\u00f6vsiy\u0259","Uncategorized @az"],"inLanguage":"az"},{"@type":"WebPage","@id":"https:\/\/www.meydan.tv\/az\/article\/mussolini-dovrunun-italiyasindaki-kimi\/","url":"https:\/\/www.meydan.tv\/az\/article\/mussolini-dovrunun-italiyasindaki-kimi\/","name":"Mussolini d\u00f6vr\u00fcn\u00fcn \u0130taliyas\u0131ndak\u0131 kimi - MEYDAN.TV","isPartOf":{"@id":"https:\/\/www.meydan.tv\/az\/#website"},"primaryImageOfPage":{"@id":"https:\/\/www.meydan.tv\/az\/article\/mussolini-dovrunun-italiyasindaki-kimi\/#primaryimage"},"image":{"@id":"https:\/\/www.meydan.tv\/az\/article\/mussolini-dovrunun-italiyasindaki-kimi\/#primaryimage"},"thumbnailUrl":"https:\/\/www.meydan.tv\/wp-content\/uploads\/jurn_gadaga-scaled.jpg","datePublished":"2022-05-27T10:19:58+00:00","dateModified":"2022-05-27T10:20:14+00:00","breadcrumb":{"@id":"https:\/\/www.meydan.tv\/az\/article\/mussolini-dovrunun-italiyasindaki-kimi\/#breadcrumb"},"inLanguage":"az","potentialAction":[{"@type":"ReadAction","target":["https:\/\/www.meydan.tv\/az\/article\/mussolini-dovrunun-italiyasindaki-kimi\/"]}]},{"@type":"ImageObject","inLanguage":"az","@id":"https:\/\/www.meydan.tv\/az\/article\/mussolini-dovrunun-italiyasindaki-kimi\/#primaryimage","url":"https:\/\/www.meydan.tv\/wp-content\/uploads\/jurn_gadaga-scaled.jpg","contentUrl":"https:\/\/www.meydan.tv\/wp-content\/uploads\/jurn_gadaga-scaled.jpg","width":2560,"height":1707,"caption":"Meydan TV-nin ill\u00fcstrasiyas\u0131"},{"@type":"BreadcrumbList","@id":"https:\/\/www.meydan.tv\/az\/article\/mussolini-dovrunun-italiyasindaki-kimi\/#breadcrumb","itemListElement":[{"@type":"ListItem","position":1,"name":"Ana s\u0259hif\u0259","item":"https:\/\/www.meydan.tv\/az\/"},{"@type":"ListItem","position":2,"name":"Sosial","item":"https:\/\/www.meydan.tv\/az\/section\/sosial\/"},{"@type":"ListItem","position":3,"name":"Mussolini d\u00f6vr\u00fcn\u00fcn \u0130taliyas\u0131ndak\u0131 kimi"}]},{"@type":"WebSite","@id":"https:\/\/www.meydan.tv\/az\/#website","url":"https:\/\/www.meydan.tv\/az\/","name":"MEYDAN.TV","description":"Meydan TV Az\u0259rbaycan\u0131n media m\u0259kan\u0131ndak\u0131 alternativ s\u0259sidir","publisher":{"@id":"https:\/\/www.meydan.tv\/az\/#organization"},"potentialAction":[{"@type":"SearchAction","target":{"@type":"EntryPoint","urlTemplate":"https:\/\/www.meydan.tv\/az\/?s={search_term_string}"},"query-input":{"@type":"PropertyValueSpecification","valueRequired":true,"valueName":"search_term_string"}}],"inLanguage":"az"},{"@type":"Organization","@id":"https:\/\/www.meydan.tv\/az\/#organization","name":"Meydan TV","url":"https:\/\/www.meydan.tv\/az\/","logo":{"@type":"ImageObject","inLanguage":"az","@id":"https:\/\/www.meydan.tv\/az\/#\/schema\/logo\/image\/","url":"https:\/\/www.meydan.tv\/wp-content\/uploads\/2021\/07\/meydan-logo.svg","contentUrl":"https:\/\/www.meydan.tv\/wp-content\/uploads\/2021\/07\/meydan-logo.svg","width":195,"height":46,"caption":"Meydan TV"},"image":{"@id":"https:\/\/www.meydan.tv\/az\/#\/schema\/logo\/image\/"}},{"@type":"Person","@id":"https:\/\/www.meydan.tv\/az\/#\/schema\/person\/49b5f2bad5b126bb8ea9320eeb3e4dc9","name":"sevda"}]}},"_links":{"self":[{"href":"https:\/\/www.meydan.tv\/az\/wp-json\/wp\/v2\/posts\/246602","targetHints":{"allow":["GET"]}}],"collection":[{"href":"https:\/\/www.meydan.tv\/az\/wp-json\/wp\/v2\/posts"}],"about":[{"href":"https:\/\/www.meydan.tv\/az\/wp-json\/wp\/v2\/types\/post"}],"author":[{"embeddable":true,"href":"https:\/\/www.meydan.tv\/az\/wp-json\/wp\/v2\/users\/16"}],"replies":[{"embeddable":true,"href":"https:\/\/www.meydan.tv\/az\/wp-json\/wp\/v2\/comments?post=246602"}],"version-history":[{"count":9,"href":"https:\/\/www.meydan.tv\/az\/wp-json\/wp\/v2\/posts\/246602\/revisions"}],"predecessor-version":[{"id":246622,"href":"https:\/\/www.meydan.tv\/az\/wp-json\/wp\/v2\/posts\/246602\/revisions\/246622"}],"wp:featuredmedia":[{"embeddable":true,"href":"https:\/\/www.meydan.tv\/az\/wp-json\/wp\/v2\/media\/246497"}],"wp:attachment":[{"href":"https:\/\/www.meydan.tv\/az\/wp-json\/wp\/v2\/media?parent=246602"}],"wp:term":[{"taxonomy":"category","embeddable":true,"href":"https:\/\/www.meydan.tv\/az\/wp-json\/wp\/v2\/categories?post=246602"},{"taxonomy":"post_tag","embeddable":true,"href":"https:\/\/www.meydan.tv\/az\/wp-json\/wp\/v2\/tags?post=246602"}],"curies":[{"name":"wp","href":"https:\/\/api.w.org\/{rel}","templated":true}]}}