{"id":246557,"date":"2022-05-27T11:39:01","date_gmt":"2022-05-27T07:39:01","guid":{"rendered":"https:\/\/www.meydan.tv\/?p=246557"},"modified":"2022-05-27T11:39:06","modified_gmt":"2022-05-27T07:39:06","slug":"karvanin-adini-esidende-dediler-ki-maraqli-deyil","status":"publish","type":"post","link":"https:\/\/www.meydan.tv\/az\/article\/karvanin-adini-esidende-dediler-ki-maraqli-deyil\/","title":{"rendered":"\u201c\u201cKarvan\u201d\u0131n ad\u0131n\u0131 e\u015fid\u0259nd\u0259 dedil\u0259r ki, maraql\u0131 deyil\u201d"},"content":{"rendered":"\n<p><\/p>\n\n\n\n<p><em>Qrup sponsor tapmaqda \u00e7\u0259tinlik \u00e7\u0259kib<\/em><\/p>\n\n\n\n<p>\u201cKarvan\u201d qrupu otuz illik fasil\u0259d\u0259n sonra yenid\u0259n s\u0259hn\u0259y\u0259 \u00e7\u0131x\u0131b.<\/p>\n\n\n\n<p>\u201c\u018ffsan\u0259 qay\u0131d\u0131r\u201d adl\u0131 iki g\u00fcnl\u00fck konsert Heyd\u0259r \u018fliyev Saray\u0131nda olub.<\/p>\n\n\n\n<p>Proqram an\u015flaqla ke\u00e7s\u0259 d\u0259, t\u0259\u015fkilati i\u015fl\u0259rd\u0259 probleml\u0259r yaran\u0131b.<\/p>\n\n\n\n<p>T\u0259\u015fkilat\u00e7\u0131 Z\u0259hra B\u0259d\u0259lb\u0259yli deyir ki, sponsor axtar\u0131\u015f\u0131nda \u00e7\u0259tinlikl\u0259rl\u0259 <a href=\"https:\/\/www.facebook.com\/zahrabadalbayli\/posts\/10159562457385339\" target=\"_blank\" rel=\"noreferrer noopener\">\u00fczl\u0259\u015fibl\u0259r<\/a>.<\/p>\n\n\n\n<p>\u201cKonserti t\u0259\u015fkil etm\u0259k \u00fc\u00e7\u00fcn \u0259n b\u00f6y\u00fck \u015firk\u0259tl\u0259r\u0259, tan\u0131nm\u0131\u015f brendl\u0259r\u0259 m\u00fcraci\u0259t etdik. \u201cKarvan\u201d\u0131n ad\u0131n\u0131 e\u015fid\u0259nd\u0259, dedil\u0259r ki, maraql\u0131 deyil. Nec\u0259 ola bil\u0259r ki, hans\u0131sa qeyri-pe\u015f\u0259kar xarici musiqi\u00e7il\u0259r\u0259 bu q\u0259d\u0259r d\u0259st\u0259k var, amma estrada musiqimizin t\u0259m\u0259lini qoyan, h\u0259qiqi canl\u0131 \u0259fsan\u0259 olan \u201cKarvan\u201d qrupuna d\u0259st\u0259k yoxdur?\u201d, &#8211; t\u0259\u015fkilat\u00e7\u0131 bildirib.<\/p>\n\n\n\n<p>Konsert M\u0259d\u0259niyy\u0259t Nazirliyi, Az\u0259rbaycan Diasporuna D\u0259st\u0259k Fondunun d\u0259st\u0259yi il\u0259 realla\u015f\u0131b:<\/p>\n\n\n\n<p>\u201cH\u0259m\u00e7inin balaca \u015firk\u0259tl\u0259r, dostlar\u0131m\u0131z da d\u0259st\u0259k oldu. Sponsorlar, hans\u0131lar ki i\u015fimizi maddi bax\u0131mdan qat-qat asanla\u015fd\u0131ra bil\u0259rdi &#8211; he\u00e7 biri d\u0259st\u0259k olmad\u0131. Pe\u015f\u0259karl\u0131\u011fa, \u0259sl istedada v\u0259 yarad\u0131c\u0131l\u0131\u011fa m\u00fck\u0259mm\u0259l d\u0259st\u0259k verilm\u0259lidir\u201d.<\/p>\n\n\n\n<p>\u201cKarvan\u201d qrupu 1984-c\u00fc ild\u0259 rejissor Sevinc K\u0259rimovan\u0131n t\u0259\u015f\u0259bb\u00fcs\u00fc il\u0259 yaran\u0131b. Lakin bir s\u0131ra maliyy\u0259 v\u0259 texniki \u00e7\u0259tinlikl\u0259r\u0259 g\u00f6r\u0259 qrup da\u011f\u0131l\u0131b.<\/p>\n\n\n\n<p>1988-ci ild\u0259 \u201cKarvan\u201d yenid\u0259n b\u0259rpa edilib.<\/p>\n\n\n\n<p>\u201cBak\u0131 Pay\u0131z\u0131-88\u201d m\u00fcsabiq\u0259sind\u0259 \u00e7\u0131x\u0131\u015f etmi\u015f ifa\u00e7\u0131lar \u0130lqar X\u0259yal v\u0259 Firuz \u0130smay\u0131lov qrupa d\u0259v\u0259t olunub.<\/p>\n\n\n\n<p>Qrupun \u00fczvl\u0259ri &#8211; Sevinc K\u0259rimova \u2014 direktor, rejissor, Sevil Hac\u0131yeva \u2014 solist, Yevgeniy Baxtin \u2014 solist, \u0130lqar X\u0259yal \u2014 solist, G\u00fcla\u011fa C\u0259bray\u0131lov \u2014 z\u0259rb al\u0259tl\u0259ri, Gennadiy Yuqay \u2014 bas-gitara, Mikay\u0131l V\u0259kilov \u2014 b\u0259dii r\u0259hb\u0259r, b\u0259st\u0259kar, Firuz \u0130smay\u0131lov \u2014 musiqi r\u0259hb\u0259ri, Samir Muradov \u2014 s\u0259s rejissoru olub.<\/p>\n\n\n\n<p>Qrupun diskoqrafiyas\u0131nda daxil olan mahn\u0131lar i\u00e7\u0259risind\u0259 \u0259n populyarla\u015fanlar \u201cQara g\u00f6zl\u0259r\u201d, \u201cPolismen\u201d, \u201cXatir\u0259dir\u201d, \u201cQatarlar\u201d, \u201cSar\u0131 g\u00fcll\u0259r\u201d, \u201c&#8221;Tufanla oynama\u201d olub.<\/p>\n\n\n\n<p>Az\u0259rbaycandak\u0131 siyasi v\u0259ziyy\u0259t v\u0259 Qaraba\u011f m\u00fcharib\u0259si musiqi sah\u0259sin\u0259 d\u0259 \u00f6z t\u0259sirini g\u00f6st\u0259rir.<\/p>\n\n\n\n<p>Qrupun b\u0259zi \u00fczvl\u0259ri \u00f6lk\u0259d\u0259n gedir. Bu da qrupun 1993-c\u00fc ild\u0259 r\u0259smi olaraq da\u011f\u0131lmas\u0131na g\u0259tirib \u00e7\u0131xar\u0131r.<\/p>\n\n\n\n<p>Qrup da\u011f\u0131landan sonra \u0130lqar X\u0259yal 4 il s\u0259hn\u0259y\u0259 \u00e7\u0131xm\u0131r, dig\u0259r \u00fczvl\u0259r d\u0259 uzun m\u00fcdd\u0259t i\u015fsiz qal\u0131r.<\/p>\n\n\n\n<p>Qrupun musiqi r\u0259hb\u0259ri olmu\u015f Firuz \u0130smay\u0131lov v\u0259 b\u0259dii r\u0259hb\u0259r, b\u0259st\u0259kar\u0131 Mikay\u0131l V\u0259kilov f\u0259aliyy\u0259tini T\u00fcrkiy\u0259 v\u0259 AB\u015e-da davam etdirir.<\/p>\n","protected":false},"excerpt":{"rendered":"<p>Qrup sponsor tapmaqda \u00e7\u0259tinlik \u00e7\u0259kib \u201cKarvan\u201d qrupu otuz illik fasil\u0259d\u0259n &#8230; <\/p>\n<p class=\"read-more-container\"><a title=\"\u201c\u201cKarvan\u201d\u0131n ad\u0131n\u0131 e\u015fid\u0259nd\u0259 dedil\u0259r ki, maraql\u0131 deyil\u201d\" class=\"read-more button\" href=\"https:\/\/www.meydan.tv\/az\/article\/karvanin-adini-esidende-dediler-ki-maraqli-deyil\/#more-246557\" aria-label=\"Read more about \u201c\u201cKarvan\u201d\u0131n ad\u0131n\u0131 e\u015fid\u0259nd\u0259 dedil\u0259r ki, maraql\u0131 deyil\u201d\">Davam\u0131<\/a><\/p>\n","protected":false},"author":8,"featured_media":246554,"comment_status":"closed","ping_status":"closed","sticky":false,"template":"","format":"standard","meta":{"_acf_changed":false,"_sitemap_exclude":false,"_sitemap_priority":"","_sitemap_frequency":"","footnotes":""},"categories":[52,56],"tags":[],"class_list":["post-246557","post","type-post","status-publish","format-standard","has-post-thumbnail","hentry","category-medeniyyet","category-xeberler","infinite-scroll-item","generate-columns","tablet-grid-50","mobile-grid-100","grid-parent","grid-33","no-featured-image-padding"],"acf":[],"yoast_head":"<!-- This site is optimized with the Yoast SEO plugin v27.5 - https:\/\/yoast.com\/product\/yoast-seo-wordpress\/ -->\n<title>\u201c\u201cKarvan\u201d\u0131n ad\u0131n\u0131 e\u015fid\u0259nd\u0259 dedil\u0259r ki, maraql\u0131 deyil\u201d - MEYDAN.TV<\/title>\n<meta name=\"robots\" content=\"index, follow, max-snippet:-1, max-image-preview:large, max-video-preview:-1\" \/>\n<link rel=\"canonical\" href=\"https:\/\/www.meydan.tv\/az\/article\/karvanin-adini-esidende-dediler-ki-maraqli-deyil\/\" \/>\n<meta property=\"og:locale\" content=\"az_AZ\" \/>\n<meta property=\"og:type\" content=\"article\" \/>\n<meta property=\"og:title\" content=\"\u201c\u201cKarvan\u201d\u0131n ad\u0131n\u0131 e\u015fid\u0259nd\u0259 dedil\u0259r ki, maraql\u0131 deyil\u201d - MEYDAN.TV\" \/>\n<meta property=\"og:description\" content=\"Qrup sponsor tapmaqda \u00e7\u0259tinlik \u00e7\u0259kib \u201cKarvan\u201d qrupu otuz illik fasil\u0259d\u0259n ... Davam\u0131\" \/>\n<meta property=\"og:url\" content=\"https:\/\/www.meydan.tv\/az\/article\/karvanin-adini-esidende-dediler-ki-maraqli-deyil\/\" \/>\n<meta property=\"og:site_name\" content=\"MEYDAN.TV\" \/>\n<meta property=\"article:published_time\" content=\"2022-05-27T07:39:01+00:00\" \/>\n<meta property=\"article:modified_time\" content=\"2022-05-27T07:39:06+00:00\" \/>\n<meta property=\"og:image\" content=\"https:\/\/www.meydan.tv\/wp-content\/uploads\/628fcd8e62587.jpeg\" \/>\n\t<meta property=\"og:image:width\" content=\"1200\" \/>\n\t<meta property=\"og:image:height\" content=\"900\" \/>\n\t<meta property=\"og:image:type\" content=\"image\/jpeg\" \/>\n<meta name=\"author\" content=\"elli\" \/>\n<meta name=\"twitter:card\" content=\"summary_large_image\" \/>\n<meta name=\"twitter:creator\" content=\"@elli\" \/>\n<script type=\"application\/ld+json\" class=\"yoast-schema-graph\">{\"@context\":\"https:\\\/\\\/schema.org\",\"@graph\":[{\"@type\":\"Article\",\"@id\":\"https:\\\/\\\/www.meydan.tv\\\/az\\\/article\\\/karvanin-adini-esidende-dediler-ki-maraqli-deyil\\\/#article\",\"isPartOf\":{\"@id\":\"https:\\\/\\\/www.meydan.tv\\\/az\\\/article\\\/karvanin-adini-esidende-dediler-ki-maraqli-deyil\\\/\"},\"author\":{\"name\":\"elli\",\"@id\":\"https:\\\/\\\/www.meydan.tv\\\/az\\\/#\\\/schema\\\/person\\\/9cdbecf90d17180ce1dfbd95b08dcf47\"},\"headline\":\"\u201c\u201cKarvan\u201d\u0131n ad\u0131n\u0131 e\u015fid\u0259nd\u0259 dedil\u0259r ki, maraql\u0131 deyil\u201d\",\"datePublished\":\"2022-05-27T07:39:01+00:00\",\"dateModified\":\"2022-05-27T07:39:06+00:00\",\"mainEntityOfPage\":{\"@id\":\"https:\\\/\\\/www.meydan.tv\\\/az\\\/article\\\/karvanin-adini-esidende-dediler-ki-maraqli-deyil\\\/\"},\"wordCount\":482,\"publisher\":{\"@id\":\"https:\\\/\\\/www.meydan.tv\\\/az\\\/#organization\"},\"image\":{\"@id\":\"https:\\\/\\\/www.meydan.tv\\\/az\\\/article\\\/karvanin-adini-esidende-dediler-ki-maraqli-deyil\\\/#primaryimage\"},\"thumbnailUrl\":\"https:\\\/\\\/www.meydan.tv\\\/wp-content\\\/uploads\\\/628fcd8e62587.jpeg\",\"articleSection\":[\"M\u0259d\u0259niyy\u0259t\",\"X\u0259b\u0259rl\u0259r\"],\"inLanguage\":\"az\"},{\"@type\":\"WebPage\",\"@id\":\"https:\\\/\\\/www.meydan.tv\\\/az\\\/article\\\/karvanin-adini-esidende-dediler-ki-maraqli-deyil\\\/\",\"url\":\"https:\\\/\\\/www.meydan.tv\\\/az\\\/article\\\/karvanin-adini-esidende-dediler-ki-maraqli-deyil\\\/\",\"name\":\"\u201c\u201cKarvan\u201d\u0131n ad\u0131n\u0131 e\u015fid\u0259nd\u0259 dedil\u0259r ki, maraql\u0131 deyil\u201d - MEYDAN.TV\",\"isPartOf\":{\"@id\":\"https:\\\/\\\/www.meydan.tv\\\/az\\\/#website\"},\"primaryImageOfPage\":{\"@id\":\"https:\\\/\\\/www.meydan.tv\\\/az\\\/article\\\/karvanin-adini-esidende-dediler-ki-maraqli-deyil\\\/#primaryimage\"},\"image\":{\"@id\":\"https:\\\/\\\/www.meydan.tv\\\/az\\\/article\\\/karvanin-adini-esidende-dediler-ki-maraqli-deyil\\\/#primaryimage\"},\"thumbnailUrl\":\"https:\\\/\\\/www.meydan.tv\\\/wp-content\\\/uploads\\\/628fcd8e62587.jpeg\",\"datePublished\":\"2022-05-27T07:39:01+00:00\",\"dateModified\":\"2022-05-27T07:39:06+00:00\",\"breadcrumb\":{\"@id\":\"https:\\\/\\\/www.meydan.tv\\\/az\\\/article\\\/karvanin-adini-esidende-dediler-ki-maraqli-deyil\\\/#breadcrumb\"},\"inLanguage\":\"az\",\"potentialAction\":[{\"@type\":\"ReadAction\",\"target\":[\"https:\\\/\\\/www.meydan.tv\\\/az\\\/article\\\/karvanin-adini-esidende-dediler-ki-maraqli-deyil\\\/\"]}]},{\"@type\":\"ImageObject\",\"inLanguage\":\"az\",\"@id\":\"https:\\\/\\\/www.meydan.tv\\\/az\\\/article\\\/karvanin-adini-esidende-dediler-ki-maraqli-deyil\\\/#primaryimage\",\"url\":\"https:\\\/\\\/www.meydan.tv\\\/wp-content\\\/uploads\\\/628fcd8e62587.jpeg\",\"contentUrl\":\"https:\\\/\\\/www.meydan.tv\\\/wp-content\\\/uploads\\\/628fcd8e62587.jpeg\",\"width\":1200,\"height\":900,\"caption\":\"\\\"Karvan\\\". M\u0259nb\u0259: \\\"wish.az\\\"\"},{\"@type\":\"BreadcrumbList\",\"@id\":\"https:\\\/\\\/www.meydan.tv\\\/az\\\/article\\\/karvanin-adini-esidende-dediler-ki-maraqli-deyil\\\/#breadcrumb\",\"itemListElement\":[{\"@type\":\"ListItem\",\"position\":1,\"name\":\"Ana s\u0259hif\u0259\",\"item\":\"https:\\\/\\\/www.meydan.tv\\\/az\\\/\"},{\"@type\":\"ListItem\",\"position\":2,\"name\":\"M\u0259d\u0259niyy\u0259t\",\"item\":\"https:\\\/\\\/www.meydan.tv\\\/az\\\/section\\\/medeniyyet\\\/\"},{\"@type\":\"ListItem\",\"position\":3,\"name\":\"\u201c\u201cKarvan\u201d\u0131n ad\u0131n\u0131 e\u015fid\u0259nd\u0259 dedil\u0259r ki, maraql\u0131 deyil\u201d\"}]},{\"@type\":\"WebSite\",\"@id\":\"https:\\\/\\\/www.meydan.tv\\\/az\\\/#website\",\"url\":\"https:\\\/\\\/www.meydan.tv\\\/az\\\/\",\"name\":\"MEYDAN.TV\",\"description\":\"Meydan TV Az\u0259rbaycan\u0131n media m\u0259kan\u0131ndak\u0131 alternativ s\u0259sidir\",\"publisher\":{\"@id\":\"https:\\\/\\\/www.meydan.tv\\\/az\\\/#organization\"},\"potentialAction\":[{\"@type\":\"SearchAction\",\"target\":{\"@type\":\"EntryPoint\",\"urlTemplate\":\"https:\\\/\\\/www.meydan.tv\\\/az\\\/?s={search_term_string}\"},\"query-input\":{\"@type\":\"PropertyValueSpecification\",\"valueRequired\":true,\"valueName\":\"search_term_string\"}}],\"inLanguage\":\"az\"},{\"@type\":\"Organization\",\"@id\":\"https:\\\/\\\/www.meydan.tv\\\/az\\\/#organization\",\"name\":\"Meydan TV\",\"url\":\"https:\\\/\\\/www.meydan.tv\\\/az\\\/\",\"logo\":{\"@type\":\"ImageObject\",\"inLanguage\":\"az\",\"@id\":\"https:\\\/\\\/www.meydan.tv\\\/az\\\/#\\\/schema\\\/logo\\\/image\\\/\",\"url\":\"https:\\\/\\\/www.meydan.tv\\\/wp-content\\\/uploads\\\/2021\\\/07\\\/meydan-logo.svg\",\"contentUrl\":\"https:\\\/\\\/www.meydan.tv\\\/wp-content\\\/uploads\\\/2021\\\/07\\\/meydan-logo.svg\",\"width\":195,\"height\":46,\"caption\":\"Meydan TV\"},\"image\":{\"@id\":\"https:\\\/\\\/www.meydan.tv\\\/az\\\/#\\\/schema\\\/logo\\\/image\\\/\"}},{\"@type\":\"Person\",\"@id\":\"https:\\\/\\\/www.meydan.tv\\\/az\\\/#\\\/schema\\\/person\\\/9cdbecf90d17180ce1dfbd95b08dcf47\",\"name\":\"elli\",\"sameAs\":[\"https:\\\/\\\/x.com\\\/elli\"]}]}<\/script>\n<!-- \/ Yoast SEO plugin. -->","yoast_head_json":{"title":"\u201c\u201cKarvan\u201d\u0131n ad\u0131n\u0131 e\u015fid\u0259nd\u0259 dedil\u0259r ki, maraql\u0131 deyil\u201d - MEYDAN.TV","robots":{"index":"index","follow":"follow","max-snippet":"max-snippet:-1","max-image-preview":"max-image-preview:large","max-video-preview":"max-video-preview:-1"},"canonical":"https:\/\/www.meydan.tv\/az\/article\/karvanin-adini-esidende-dediler-ki-maraqli-deyil\/","og_locale":"az_AZ","og_type":"article","og_title":"\u201c\u201cKarvan\u201d\u0131n ad\u0131n\u0131 e\u015fid\u0259nd\u0259 dedil\u0259r ki, maraql\u0131 deyil\u201d - MEYDAN.TV","og_description":"Qrup sponsor tapmaqda \u00e7\u0259tinlik \u00e7\u0259kib \u201cKarvan\u201d qrupu otuz illik fasil\u0259d\u0259n ... Davam\u0131","og_url":"https:\/\/www.meydan.tv\/az\/article\/karvanin-adini-esidende-dediler-ki-maraqli-deyil\/","og_site_name":"MEYDAN.TV","article_published_time":"2022-05-27T07:39:01+00:00","article_modified_time":"2022-05-27T07:39:06+00:00","og_image":[{"width":1200,"height":900,"url":"https:\/\/www.meydan.tv\/wp-content\/uploads\/628fcd8e62587.jpeg","type":"image\/jpeg"}],"author":"elli","twitter_card":"summary_large_image","twitter_creator":"@elli","schema":{"@context":"https:\/\/schema.org","@graph":[{"@type":"Article","@id":"https:\/\/www.meydan.tv\/az\/article\/karvanin-adini-esidende-dediler-ki-maraqli-deyil\/#article","isPartOf":{"@id":"https:\/\/www.meydan.tv\/az\/article\/karvanin-adini-esidende-dediler-ki-maraqli-deyil\/"},"author":{"name":"elli","@id":"https:\/\/www.meydan.tv\/az\/#\/schema\/person\/9cdbecf90d17180ce1dfbd95b08dcf47"},"headline":"\u201c\u201cKarvan\u201d\u0131n ad\u0131n\u0131 e\u015fid\u0259nd\u0259 dedil\u0259r ki, maraql\u0131 deyil\u201d","datePublished":"2022-05-27T07:39:01+00:00","dateModified":"2022-05-27T07:39:06+00:00","mainEntityOfPage":{"@id":"https:\/\/www.meydan.tv\/az\/article\/karvanin-adini-esidende-dediler-ki-maraqli-deyil\/"},"wordCount":482,"publisher":{"@id":"https:\/\/www.meydan.tv\/az\/#organization"},"image":{"@id":"https:\/\/www.meydan.tv\/az\/article\/karvanin-adini-esidende-dediler-ki-maraqli-deyil\/#primaryimage"},"thumbnailUrl":"https:\/\/www.meydan.tv\/wp-content\/uploads\/628fcd8e62587.jpeg","articleSection":["M\u0259d\u0259niyy\u0259t","X\u0259b\u0259rl\u0259r"],"inLanguage":"az"},{"@type":"WebPage","@id":"https:\/\/www.meydan.tv\/az\/article\/karvanin-adini-esidende-dediler-ki-maraqli-deyil\/","url":"https:\/\/www.meydan.tv\/az\/article\/karvanin-adini-esidende-dediler-ki-maraqli-deyil\/","name":"\u201c\u201cKarvan\u201d\u0131n ad\u0131n\u0131 e\u015fid\u0259nd\u0259 dedil\u0259r ki, maraql\u0131 deyil\u201d - MEYDAN.TV","isPartOf":{"@id":"https:\/\/www.meydan.tv\/az\/#website"},"primaryImageOfPage":{"@id":"https:\/\/www.meydan.tv\/az\/article\/karvanin-adini-esidende-dediler-ki-maraqli-deyil\/#primaryimage"},"image":{"@id":"https:\/\/www.meydan.tv\/az\/article\/karvanin-adini-esidende-dediler-ki-maraqli-deyil\/#primaryimage"},"thumbnailUrl":"https:\/\/www.meydan.tv\/wp-content\/uploads\/628fcd8e62587.jpeg","datePublished":"2022-05-27T07:39:01+00:00","dateModified":"2022-05-27T07:39:06+00:00","breadcrumb":{"@id":"https:\/\/www.meydan.tv\/az\/article\/karvanin-adini-esidende-dediler-ki-maraqli-deyil\/#breadcrumb"},"inLanguage":"az","potentialAction":[{"@type":"ReadAction","target":["https:\/\/www.meydan.tv\/az\/article\/karvanin-adini-esidende-dediler-ki-maraqli-deyil\/"]}]},{"@type":"ImageObject","inLanguage":"az","@id":"https:\/\/www.meydan.tv\/az\/article\/karvanin-adini-esidende-dediler-ki-maraqli-deyil\/#primaryimage","url":"https:\/\/www.meydan.tv\/wp-content\/uploads\/628fcd8e62587.jpeg","contentUrl":"https:\/\/www.meydan.tv\/wp-content\/uploads\/628fcd8e62587.jpeg","width":1200,"height":900,"caption":"\"Karvan\". M\u0259nb\u0259: \"wish.az\""},{"@type":"BreadcrumbList","@id":"https:\/\/www.meydan.tv\/az\/article\/karvanin-adini-esidende-dediler-ki-maraqli-deyil\/#breadcrumb","itemListElement":[{"@type":"ListItem","position":1,"name":"Ana s\u0259hif\u0259","item":"https:\/\/www.meydan.tv\/az\/"},{"@type":"ListItem","position":2,"name":"M\u0259d\u0259niyy\u0259t","item":"https:\/\/www.meydan.tv\/az\/section\/medeniyyet\/"},{"@type":"ListItem","position":3,"name":"\u201c\u201cKarvan\u201d\u0131n ad\u0131n\u0131 e\u015fid\u0259nd\u0259 dedil\u0259r ki, maraql\u0131 deyil\u201d"}]},{"@type":"WebSite","@id":"https:\/\/www.meydan.tv\/az\/#website","url":"https:\/\/www.meydan.tv\/az\/","name":"MEYDAN.TV","description":"Meydan TV Az\u0259rbaycan\u0131n media m\u0259kan\u0131ndak\u0131 alternativ s\u0259sidir","publisher":{"@id":"https:\/\/www.meydan.tv\/az\/#organization"},"potentialAction":[{"@type":"SearchAction","target":{"@type":"EntryPoint","urlTemplate":"https:\/\/www.meydan.tv\/az\/?s={search_term_string}"},"query-input":{"@type":"PropertyValueSpecification","valueRequired":true,"valueName":"search_term_string"}}],"inLanguage":"az"},{"@type":"Organization","@id":"https:\/\/www.meydan.tv\/az\/#organization","name":"Meydan TV","url":"https:\/\/www.meydan.tv\/az\/","logo":{"@type":"ImageObject","inLanguage":"az","@id":"https:\/\/www.meydan.tv\/az\/#\/schema\/logo\/image\/","url":"https:\/\/www.meydan.tv\/wp-content\/uploads\/2021\/07\/meydan-logo.svg","contentUrl":"https:\/\/www.meydan.tv\/wp-content\/uploads\/2021\/07\/meydan-logo.svg","width":195,"height":46,"caption":"Meydan TV"},"image":{"@id":"https:\/\/www.meydan.tv\/az\/#\/schema\/logo\/image\/"}},{"@type":"Person","@id":"https:\/\/www.meydan.tv\/az\/#\/schema\/person\/9cdbecf90d17180ce1dfbd95b08dcf47","name":"elli","sameAs":["https:\/\/x.com\/elli"]}]}},"_links":{"self":[{"href":"https:\/\/www.meydan.tv\/az\/wp-json\/wp\/v2\/posts\/246557","targetHints":{"allow":["GET"]}}],"collection":[{"href":"https:\/\/www.meydan.tv\/az\/wp-json\/wp\/v2\/posts"}],"about":[{"href":"https:\/\/www.meydan.tv\/az\/wp-json\/wp\/v2\/types\/post"}],"author":[{"embeddable":true,"href":"https:\/\/www.meydan.tv\/az\/wp-json\/wp\/v2\/users\/8"}],"replies":[{"embeddable":true,"href":"https:\/\/www.meydan.tv\/az\/wp-json\/wp\/v2\/comments?post=246557"}],"version-history":[{"count":3,"href":"https:\/\/www.meydan.tv\/az\/wp-json\/wp\/v2\/posts\/246557\/revisions"}],"predecessor-version":[{"id":246560,"href":"https:\/\/www.meydan.tv\/az\/wp-json\/wp\/v2\/posts\/246557\/revisions\/246560"}],"wp:featuredmedia":[{"embeddable":true,"href":"https:\/\/www.meydan.tv\/az\/wp-json\/wp\/v2\/media\/246554"}],"wp:attachment":[{"href":"https:\/\/www.meydan.tv\/az\/wp-json\/wp\/v2\/media?parent=246557"}],"wp:term":[{"taxonomy":"category","embeddable":true,"href":"https:\/\/www.meydan.tv\/az\/wp-json\/wp\/v2\/categories?post=246557"},{"taxonomy":"post_tag","embeddable":true,"href":"https:\/\/www.meydan.tv\/az\/wp-json\/wp\/v2\/tags?post=246557"}],"curies":[{"name":"wp","href":"https:\/\/api.w.org\/{rel}","templated":true}]}}