{"id":246379,"date":"2022-05-25T17:00:43","date_gmt":"2022-05-25T13:00:43","guid":{"rendered":"https:\/\/www.meydan.tv\/?p=246379"},"modified":"2022-05-25T17:00:45","modified_gmt":"2022-05-25T13:00:45","slug":"punhan-kerimlinin-mehkemesine-jurnalistler-buraxilmayib","status":"publish","type":"post","link":"https:\/\/www.meydan.tv\/az\/article\/punhan-kerimlinin-mehkemesine-jurnalistler-buraxilmayib\/","title":{"rendered":"P\u00fcnhan K\u0259rimlinin m\u0259hk\u0259m\u0259sin\u0259 jurnalistl\u0259r burax\u0131lmay\u0131b"},"content":{"rendered":"\n<figure class=\"wp-block-embed is-type-video is-provider-youtube wp-block-embed-youtube wp-embed-aspect-16-9 wp-has-aspect-ratio\"><div class=\"wp-block-embed__wrapper\">\n<iframe title=\"P\u00fcnhan K\u0259rimlinin m\u0259hk\u0259m\u0259sin\u0259 jurnalistl\u0259r burax\u0131lmay\u0131b\" width=\"1200\" height=\"675\" data-src=\"https:\/\/www.youtube.com\/embed\/kRmtIOmxgqk?feature=oembed\" frameborder=\"0\" allow=\"accelerometer; autoplay; clipboard-write; encrypted-media; gyroscope; picture-in-picture\" allowfullscreen src=\"data:image\/svg+xml;base64,PHN2ZyB3aWR0aD0iMSIgaGVpZ2h0PSIxIiB4bWxucz0iaHR0cDovL3d3dy53My5vcmcvMjAwMC9zdmciPjwvc3ZnPg==\" class=\"lazyload\" data-load-mode=\"1\"><\/iframe>\n<\/div><\/figure>\n\n\n\n<p><em>V\u0259kill\u0259rin v\u0259sat\u0259tl\u0259ri t\u0259min olunmay\u0131b<\/em><\/p>\n\n\n\n<p>\u00dc\u00e7 il\u0259 yax\u0131n Almaniyada m\u00fchacir kimi ya\u015fam\u0131\u015f, 2021-ci ilin noyabr\u0131nda Az\u0259rbaycana deportasiya olunduqdan sonra h\u0259bs edil\u0259n Az\u0259rbaycan Xalq C\u0259bh\u0259si Partiyas\u0131n\u0131n (AXCP) \u00fczv\u00fc P\u00fcnhan K\u0259rimlinin m\u0259hk\u0259m\u0259si ba\u015flay\u0131b. May\u0131n 25-d\u0259 Bak\u0131 A\u011f\u0131r Cinay\u0259tl\u0259r M\u0259hk\u0259m\u0259sind\u0259 onun i\u015fi \u00fczr\u0259 ke\u00e7iril\u0259n m\u0259hk\u0259m\u0259 iclas\u0131na g\u0259l\u0259nl\u0259rd\u0259n yaln\u0131z atas\u0131na prosesi izl\u0259m\u0259y\u0259 icaz\u0259 verilib. Jurnalistl\u0259r, h\u00fcquq m\u00fcdafi\u0259\u00e7il\u0259ri, P\u00fcnhan K\u0259rimlinin dig\u0259r qohumlar\u0131 he\u00e7 bir \u0259sas g\u00f6st\u0259rilm\u0259d\u0259n m\u0259hk\u0259m\u0259 prosesin\u0259 burax\u0131lmay\u0131b.<\/p>\n\n\n\n<p>Hakim Samir \u018fliyevin s\u0259drliyil\u0259 ke\u00e7iril\u0259n m\u0259hk\u0259m\u0259 iclas\u0131nda P\u00fcnhan K\u0259rimlinin v\u0259kili onun bar\u0259sind\u0259 cinay\u0259t i\u015fin\u0259 xitam verilm\u0259si bar\u0259d\u0259 v\u0259sat\u0259t qald\u0131r\u0131b. V\u0259kil deyib ki, ittiham tam \u0259sass\u0131zd\u0131r.<\/p>\n\n\n\n<p>P\u00fcnhan K\u0259rimli \u00f6z\u00fc d\u0259 t\u0259qsirsiz oldu\u011funu, narkotikin onun cibin\u0259 polisl\u0259rin \u00f6zl\u0259ri t\u0259r\u0259find\u0259n at\u0131ld\u0131\u011f\u0131n\u0131 bildirib. O vur\u011fulay\u0131b ki, \u015f\u0259rl\u0259nm\u0259sinin s\u0259b\u0259bi AXCP \u00fczv\u00fc olmas\u0131, h\u00f6kum\u0259ti t\u0259nqid ed\u0259n fikirl\u0259r s\u0259sl\u0259ndirm\u0259si, Almaniyada etiraz aksiyalar\u0131nda i\u015ftirak etm\u0259sidir.<\/p>\n\n\n\n<p>Cinay\u0259t i\u015fin\u0259 xitam verilm\u0259si haqda v\u0259sat\u0259t t\u0259min edilm\u0259yib. V\u0259kil daha bir v\u0259sat\u0259t qald\u0131r\u0131b ki, he\u00e7 olmasa, m\u0259hk\u0259m\u0259 yekun h\u00f6km \u00e7\u0131xarana q\u0259d\u0259r ev dustaql\u0131\u011f\u0131na burax\u0131ls\u0131n. Bu v\u0259sat\u0259t d\u0259 t\u0259min edilm\u0259yib.<\/p>\n\n\n\n<p>M\u00fcdafi\u0259\u00e7i h\u0259m\u00e7inin P\u00fcnhan K\u0259rimlinin atas\u0131n\u0131n \u0259lav\u0259 \u015fahid qismind\u0259 dindirilm\u0259si, kamera g\u00f6r\u00fcnt\u00fcl\u0259rinin al\u0131n\u0131b bax\u0131\u015f ke\u00e7irilm\u0259si haqda v\u0259sat\u0259tl\u0259r qald\u0131r\u0131b. Hakiml\u0259r deyib ki, prosesin gedi\u015find\u0259 bu m\u0259s\u0259l\u0259l\u0259r\u0259 bax\u0131l\u0131b q\u0259rar veril\u0259c\u0259k.<\/p>\n\n\n\n<p>M\u0259hk\u0259m\u0259 bax\u0131\u015f\u0131 iyunun 1-n\u0259 t\u0259yin edilib.<\/p>\n\n\n\n<p>1989-cu il t\u0259v\u0259ll\u00fcdl\u00fc P\u00fcnhan K\u0259rimli CM-in 234.4.3 (sat\u0131\u015f m\u0259qs\u0259dil\u0259 k\u00fclli miqdarda narkotik \u0259ld\u0259 etm\u0259, da\u015f\u0131ma, saxlama) madd\u0259sil\u0259 ittiham olunur.<\/p>\n\n\n\n<p>M\u0259hk\u0259m\u0259d\u0259n sonra jurnalistl\u0259r\u0259 a\u00e7\u0131qlama ver\u0259n atas\u0131 Vahid K\u0259rimov bildirib ki, o\u011fluna qar\u015f\u0131 ittiham saxtad\u0131r:<\/p>\n\n\n\n<p>\u201cYasamalda polisl\u0259rin ba\u015f\u0131na zibil atd\u0131\u011f\u0131na g\u00f6r\u0259 v\u0259t\u0259nda\u015flar\u0131n evl\u0259rind\u0259n zorak\u0131l\u0131qla, alt paltar\u0131nda apar\u0131lmas\u0131na etiraz ed\u0259nl\u0259r aras\u0131nda o\u011flum da olub. Etiraz aksiyas\u0131 ke\u00e7irilib, orada i\u015ftirak edib. H\u0259bsinin \u0259sas s\u0259b\u0259bl\u0259rind\u0259n biri budur. Qanun deyir ki, adam saxlan\u0131landa ail\u0259sin\u0259 m\u0259lumat verilm\u0259lidir. Biz o\u011flumun yerini 36 saat sonra \u00f6yr\u0259ndik. Saxlayanda deyibl\u0259r ki, \u00fcst\u00fcnd\u0259 silah var, amma idar\u0259y\u0259 apar\u0131b narkotik \u00e7\u0131xar\u0131blar. Nec\u0259 oldu silah narkotik\u0259 \u00e7evrildi?\u201d<\/p>\n\n\n\n<p>Ata hesab edir ki, o\u011flunun m\u0259hk\u0259m\u0259sin\u0259 adamlar\u0131 m\u0259qs\u0259dli \u015f\u0259kild\u0259 buraxm\u0131rlar:<\/p>\n\n\n\n<p>\u201cBu biab\u0131r\u00e7\u0131l\u0131qlar\u0131n \u00fcst\u00fc a\u00e7\u0131lacaq\u2026\u201d<\/p>\n\n\n\n<p>Almaniyadan deportasiya edil\u0259nl\u0259rd\u0259n 6 n\u0259f\u0259r h\u0259bs olunub. Onlardan 5-i haqq\u0131nda cinay\u0259t i\u015fi ba\u015flan\u0131b, 1 n\u0259f\u0259r\u0259 is\u0259 inzibati h\u0259bs q\u0259rar\u0131 k\u0259silib.<\/p>\n\n\n\n<p>Onlar\u0131n ham\u0131s\u0131 \u015f\u0259rl\u0259ndikl\u0259rini deyirl\u0259r. Daxili \u0130\u015fl\u0259r Nazirliyi is\u0259 bu bar\u0259d\u0259 s\u0259sl\u0259n\u0259n fikirl\u0259rin \u0259sass\u0131z oldu\u011funu b\u0259yan edib.<\/p>\n","protected":false},"excerpt":{"rendered":"<p>V\u0259kill\u0259rin v\u0259sat\u0259tl\u0259ri t\u0259min olunmay\u0131b \u00dc\u00e7 il\u0259 yax\u0131n Almaniyada m\u00fchacir kimi &#8230; <\/p>\n<p class=\"read-more-container\"><a title=\"P\u00fcnhan K\u0259rimlinin m\u0259hk\u0259m\u0259sin\u0259 jurnalistl\u0259r burax\u0131lmay\u0131b\" class=\"read-more button\" href=\"https:\/\/www.meydan.tv\/az\/article\/punhan-kerimlinin-mehkemesine-jurnalistler-buraxilmayib\/#more-246379\" aria-label=\"Read more about P\u00fcnhan K\u0259rimlinin m\u0259hk\u0259m\u0259sin\u0259 jurnalistl\u0259r burax\u0131lmay\u0131b\">Davam\u0131<\/a><\/p>\n","protected":false},"author":12,"featured_media":246380,"comment_status":"closed","ping_status":"closed","sticky":false,"template":"","format":"standard","meta":{"_acf_changed":false,"_sitemap_exclude":false,"_sitemap_priority":"","_sitemap_frequency":"","footnotes":""},"categories":[63,56],"tags":[],"class_list":["post-246379","post","type-post","status-publish","format-standard","has-post-thumbnail","hentry","category-video-2","category-xeberler","infinite-scroll-item","generate-columns","tablet-grid-50","mobile-grid-100","grid-parent","grid-33","no-featured-image-padding"],"acf":[],"yoast_head":"<!-- This site is optimized with the Yoast SEO plugin v27.5 - https:\/\/yoast.com\/product\/yoast-seo-wordpress\/ -->\n<title>P\u00fcnhan K\u0259rimlinin m\u0259hk\u0259m\u0259sin\u0259 jurnalistl\u0259r burax\u0131lmay\u0131b - MEYDAN.TV<\/title>\n<meta name=\"robots\" content=\"index, follow, max-snippet:-1, max-image-preview:large, max-video-preview:-1\" \/>\n<link rel=\"canonical\" href=\"https:\/\/www.meydan.tv\/az\/article\/punhan-kerimlinin-mehkemesine-jurnalistler-buraxilmayib\/\" \/>\n<meta property=\"og:locale\" content=\"az_AZ\" \/>\n<meta property=\"og:type\" content=\"article\" \/>\n<meta property=\"og:title\" content=\"P\u00fcnhan K\u0259rimlinin m\u0259hk\u0259m\u0259sin\u0259 jurnalistl\u0259r burax\u0131lmay\u0131b - MEYDAN.TV\" \/>\n<meta property=\"og:description\" content=\"V\u0259kill\u0259rin v\u0259sat\u0259tl\u0259ri t\u0259min olunmay\u0131b \u00dc\u00e7 il\u0259 yax\u0131n Almaniyada m\u00fchacir kimi ... Davam\u0131\" \/>\n<meta property=\"og:url\" content=\"https:\/\/www.meydan.tv\/az\/article\/punhan-kerimlinin-mehkemesine-jurnalistler-buraxilmayib\/\" \/>\n<meta property=\"og:site_name\" content=\"MEYDAN.TV\" \/>\n<meta property=\"article:published_time\" content=\"2022-05-25T13:00:43+00:00\" \/>\n<meta property=\"article:modified_time\" content=\"2022-05-25T13:00:45+00:00\" \/>\n<meta property=\"og:image\" content=\"https:\/\/www.meydan.tv\/wp-content\/uploads\/020200044056.jpeg\" \/>\n\t<meta property=\"og:image:width\" content=\"800\" \/>\n\t<meta property=\"og:image:height\" content=\"517\" \/>\n\t<meta property=\"og:image:type\" content=\"image\/jpeg\" \/>\n<meta name=\"author\" content=\"aleks\" \/>\n<meta name=\"twitter:card\" content=\"summary_large_image\" \/>\n<script type=\"application\/ld+json\" class=\"yoast-schema-graph\">{\"@context\":\"https:\\\/\\\/schema.org\",\"@graph\":[{\"@type\":\"Article\",\"@id\":\"https:\\\/\\\/www.meydan.tv\\\/az\\\/article\\\/punhan-kerimlinin-mehkemesine-jurnalistler-buraxilmayib\\\/#article\",\"isPartOf\":{\"@id\":\"https:\\\/\\\/www.meydan.tv\\\/az\\\/article\\\/punhan-kerimlinin-mehkemesine-jurnalistler-buraxilmayib\\\/\"},\"author\":{\"name\":\"aleks\",\"@id\":\"https:\\\/\\\/www.meydan.tv\\\/az\\\/#\\\/schema\\\/person\\\/476e9360e593fa131d5d71d51866f8da\"},\"headline\":\"P\u00fcnhan K\u0259rimlinin m\u0259hk\u0259m\u0259sin\u0259 jurnalistl\u0259r burax\u0131lmay\u0131b\",\"datePublished\":\"2022-05-25T13:00:43+00:00\",\"dateModified\":\"2022-05-25T13:00:45+00:00\",\"mainEntityOfPage\":{\"@id\":\"https:\\\/\\\/www.meydan.tv\\\/az\\\/article\\\/punhan-kerimlinin-mehkemesine-jurnalistler-buraxilmayib\\\/\"},\"wordCount\":608,\"publisher\":{\"@id\":\"https:\\\/\\\/www.meydan.tv\\\/az\\\/#organization\"},\"image\":{\"@id\":\"https:\\\/\\\/www.meydan.tv\\\/az\\\/article\\\/punhan-kerimlinin-mehkemesine-jurnalistler-buraxilmayib\\\/#primaryimage\"},\"thumbnailUrl\":\"https:\\\/\\\/www.meydan.tv\\\/wp-content\\\/uploads\\\/020200044056-e1654086566877.jpeg\",\"articleSection\":[\"Video\",\"X\u0259b\u0259rl\u0259r\"],\"inLanguage\":\"az\"},{\"@type\":\"WebPage\",\"@id\":\"https:\\\/\\\/www.meydan.tv\\\/az\\\/article\\\/punhan-kerimlinin-mehkemesine-jurnalistler-buraxilmayib\\\/\",\"url\":\"https:\\\/\\\/www.meydan.tv\\\/az\\\/article\\\/punhan-kerimlinin-mehkemesine-jurnalistler-buraxilmayib\\\/\",\"name\":\"P\u00fcnhan K\u0259rimlinin m\u0259hk\u0259m\u0259sin\u0259 jurnalistl\u0259r burax\u0131lmay\u0131b - MEYDAN.TV\",\"isPartOf\":{\"@id\":\"https:\\\/\\\/www.meydan.tv\\\/az\\\/#website\"},\"primaryImageOfPage\":{\"@id\":\"https:\\\/\\\/www.meydan.tv\\\/az\\\/article\\\/punhan-kerimlinin-mehkemesine-jurnalistler-buraxilmayib\\\/#primaryimage\"},\"image\":{\"@id\":\"https:\\\/\\\/www.meydan.tv\\\/az\\\/article\\\/punhan-kerimlinin-mehkemesine-jurnalistler-buraxilmayib\\\/#primaryimage\"},\"thumbnailUrl\":\"https:\\\/\\\/www.meydan.tv\\\/wp-content\\\/uploads\\\/020200044056-e1654086566877.jpeg\",\"datePublished\":\"2022-05-25T13:00:43+00:00\",\"dateModified\":\"2022-05-25T13:00:45+00:00\",\"breadcrumb\":{\"@id\":\"https:\\\/\\\/www.meydan.tv\\\/az\\\/article\\\/punhan-kerimlinin-mehkemesine-jurnalistler-buraxilmayib\\\/#breadcrumb\"},\"inLanguage\":\"az\",\"potentialAction\":[{\"@type\":\"ReadAction\",\"target\":[\"https:\\\/\\\/www.meydan.tv\\\/az\\\/article\\\/punhan-kerimlinin-mehkemesine-jurnalistler-buraxilmayib\\\/\"]}]},{\"@type\":\"ImageObject\",\"inLanguage\":\"az\",\"@id\":\"https:\\\/\\\/www.meydan.tv\\\/az\\\/article\\\/punhan-kerimlinin-mehkemesine-jurnalistler-buraxilmayib\\\/#primaryimage\",\"url\":\"https:\\\/\\\/www.meydan.tv\\\/wp-content\\\/uploads\\\/020200044056-e1654086566877.jpeg\",\"contentUrl\":\"https:\\\/\\\/www.meydan.tv\\\/wp-content\\\/uploads\\\/020200044056-e1654086566877.jpeg\",\"width\":800,\"height\":444,\"caption\":\"P\u00fcnhan K\u0259rimli, Foto: \u015f\u0259xsi hesab\u0131\"},{\"@type\":\"BreadcrumbList\",\"@id\":\"https:\\\/\\\/www.meydan.tv\\\/az\\\/article\\\/punhan-kerimlinin-mehkemesine-jurnalistler-buraxilmayib\\\/#breadcrumb\",\"itemListElement\":[{\"@type\":\"ListItem\",\"position\":1,\"name\":\"Ana s\u0259hif\u0259\",\"item\":\"https:\\\/\\\/www.meydan.tv\\\/az\\\/\"},{\"@type\":\"ListItem\",\"position\":2,\"name\":\"X\u0259b\u0259rl\u0259r\",\"item\":\"https:\\\/\\\/www.meydan.tv\\\/az\\\/section\\\/xeberler\\\/\"},{\"@type\":\"ListItem\",\"position\":3,\"name\":\"P\u00fcnhan K\u0259rimlinin m\u0259hk\u0259m\u0259sin\u0259 jurnalistl\u0259r burax\u0131lmay\u0131b\"}]},{\"@type\":\"WebSite\",\"@id\":\"https:\\\/\\\/www.meydan.tv\\\/az\\\/#website\",\"url\":\"https:\\\/\\\/www.meydan.tv\\\/az\\\/\",\"name\":\"MEYDAN.TV\",\"description\":\"Meydan TV Az\u0259rbaycan\u0131n media m\u0259kan\u0131ndak\u0131 alternativ s\u0259sidir\",\"publisher\":{\"@id\":\"https:\\\/\\\/www.meydan.tv\\\/az\\\/#organization\"},\"potentialAction\":[{\"@type\":\"SearchAction\",\"target\":{\"@type\":\"EntryPoint\",\"urlTemplate\":\"https:\\\/\\\/www.meydan.tv\\\/az\\\/?s={search_term_string}\"},\"query-input\":{\"@type\":\"PropertyValueSpecification\",\"valueRequired\":true,\"valueName\":\"search_term_string\"}}],\"inLanguage\":\"az\"},{\"@type\":\"Organization\",\"@id\":\"https:\\\/\\\/www.meydan.tv\\\/az\\\/#organization\",\"name\":\"Meydan TV\",\"url\":\"https:\\\/\\\/www.meydan.tv\\\/az\\\/\",\"logo\":{\"@type\":\"ImageObject\",\"inLanguage\":\"az\",\"@id\":\"https:\\\/\\\/www.meydan.tv\\\/az\\\/#\\\/schema\\\/logo\\\/image\\\/\",\"url\":\"https:\\\/\\\/www.meydan.tv\\\/wp-content\\\/uploads\\\/2021\\\/07\\\/meydan-logo.svg\",\"contentUrl\":\"https:\\\/\\\/www.meydan.tv\\\/wp-content\\\/uploads\\\/2021\\\/07\\\/meydan-logo.svg\",\"width\":195,\"height\":46,\"caption\":\"Meydan TV\"},\"image\":{\"@id\":\"https:\\\/\\\/www.meydan.tv\\\/az\\\/#\\\/schema\\\/logo\\\/image\\\/\"}},{\"@type\":\"Person\",\"@id\":\"https:\\\/\\\/www.meydan.tv\\\/az\\\/#\\\/schema\\\/person\\\/476e9360e593fa131d5d71d51866f8da\",\"name\":\"aleks\"}]}<\/script>\n<!-- \/ Yoast SEO plugin. -->","yoast_head_json":{"title":"P\u00fcnhan K\u0259rimlinin m\u0259hk\u0259m\u0259sin\u0259 jurnalistl\u0259r burax\u0131lmay\u0131b - MEYDAN.TV","robots":{"index":"index","follow":"follow","max-snippet":"max-snippet:-1","max-image-preview":"max-image-preview:large","max-video-preview":"max-video-preview:-1"},"canonical":"https:\/\/www.meydan.tv\/az\/article\/punhan-kerimlinin-mehkemesine-jurnalistler-buraxilmayib\/","og_locale":"az_AZ","og_type":"article","og_title":"P\u00fcnhan K\u0259rimlinin m\u0259hk\u0259m\u0259sin\u0259 jurnalistl\u0259r burax\u0131lmay\u0131b - MEYDAN.TV","og_description":"V\u0259kill\u0259rin v\u0259sat\u0259tl\u0259ri t\u0259min olunmay\u0131b \u00dc\u00e7 il\u0259 yax\u0131n Almaniyada m\u00fchacir kimi ... Davam\u0131","og_url":"https:\/\/www.meydan.tv\/az\/article\/punhan-kerimlinin-mehkemesine-jurnalistler-buraxilmayib\/","og_site_name":"MEYDAN.TV","article_published_time":"2022-05-25T13:00:43+00:00","article_modified_time":"2022-05-25T13:00:45+00:00","og_image":[{"width":800,"height":517,"url":"https:\/\/www.meydan.tv\/wp-content\/uploads\/020200044056.jpeg","type":"image\/jpeg"}],"author":"aleks","twitter_card":"summary_large_image","schema":{"@context":"https:\/\/schema.org","@graph":[{"@type":"Article","@id":"https:\/\/www.meydan.tv\/az\/article\/punhan-kerimlinin-mehkemesine-jurnalistler-buraxilmayib\/#article","isPartOf":{"@id":"https:\/\/www.meydan.tv\/az\/article\/punhan-kerimlinin-mehkemesine-jurnalistler-buraxilmayib\/"},"author":{"name":"aleks","@id":"https:\/\/www.meydan.tv\/az\/#\/schema\/person\/476e9360e593fa131d5d71d51866f8da"},"headline":"P\u00fcnhan K\u0259rimlinin m\u0259hk\u0259m\u0259sin\u0259 jurnalistl\u0259r burax\u0131lmay\u0131b","datePublished":"2022-05-25T13:00:43+00:00","dateModified":"2022-05-25T13:00:45+00:00","mainEntityOfPage":{"@id":"https:\/\/www.meydan.tv\/az\/article\/punhan-kerimlinin-mehkemesine-jurnalistler-buraxilmayib\/"},"wordCount":608,"publisher":{"@id":"https:\/\/www.meydan.tv\/az\/#organization"},"image":{"@id":"https:\/\/www.meydan.tv\/az\/article\/punhan-kerimlinin-mehkemesine-jurnalistler-buraxilmayib\/#primaryimage"},"thumbnailUrl":"https:\/\/www.meydan.tv\/wp-content\/uploads\/020200044056-e1654086566877.jpeg","articleSection":["Video","X\u0259b\u0259rl\u0259r"],"inLanguage":"az"},{"@type":"WebPage","@id":"https:\/\/www.meydan.tv\/az\/article\/punhan-kerimlinin-mehkemesine-jurnalistler-buraxilmayib\/","url":"https:\/\/www.meydan.tv\/az\/article\/punhan-kerimlinin-mehkemesine-jurnalistler-buraxilmayib\/","name":"P\u00fcnhan K\u0259rimlinin m\u0259hk\u0259m\u0259sin\u0259 jurnalistl\u0259r burax\u0131lmay\u0131b - MEYDAN.TV","isPartOf":{"@id":"https:\/\/www.meydan.tv\/az\/#website"},"primaryImageOfPage":{"@id":"https:\/\/www.meydan.tv\/az\/article\/punhan-kerimlinin-mehkemesine-jurnalistler-buraxilmayib\/#primaryimage"},"image":{"@id":"https:\/\/www.meydan.tv\/az\/article\/punhan-kerimlinin-mehkemesine-jurnalistler-buraxilmayib\/#primaryimage"},"thumbnailUrl":"https:\/\/www.meydan.tv\/wp-content\/uploads\/020200044056-e1654086566877.jpeg","datePublished":"2022-05-25T13:00:43+00:00","dateModified":"2022-05-25T13:00:45+00:00","breadcrumb":{"@id":"https:\/\/www.meydan.tv\/az\/article\/punhan-kerimlinin-mehkemesine-jurnalistler-buraxilmayib\/#breadcrumb"},"inLanguage":"az","potentialAction":[{"@type":"ReadAction","target":["https:\/\/www.meydan.tv\/az\/article\/punhan-kerimlinin-mehkemesine-jurnalistler-buraxilmayib\/"]}]},{"@type":"ImageObject","inLanguage":"az","@id":"https:\/\/www.meydan.tv\/az\/article\/punhan-kerimlinin-mehkemesine-jurnalistler-buraxilmayib\/#primaryimage","url":"https:\/\/www.meydan.tv\/wp-content\/uploads\/020200044056-e1654086566877.jpeg","contentUrl":"https:\/\/www.meydan.tv\/wp-content\/uploads\/020200044056-e1654086566877.jpeg","width":800,"height":444,"caption":"P\u00fcnhan K\u0259rimli, Foto: \u015f\u0259xsi hesab\u0131"},{"@type":"BreadcrumbList","@id":"https:\/\/www.meydan.tv\/az\/article\/punhan-kerimlinin-mehkemesine-jurnalistler-buraxilmayib\/#breadcrumb","itemListElement":[{"@type":"ListItem","position":1,"name":"Ana s\u0259hif\u0259","item":"https:\/\/www.meydan.tv\/az\/"},{"@type":"ListItem","position":2,"name":"X\u0259b\u0259rl\u0259r","item":"https:\/\/www.meydan.tv\/az\/section\/xeberler\/"},{"@type":"ListItem","position":3,"name":"P\u00fcnhan K\u0259rimlinin m\u0259hk\u0259m\u0259sin\u0259 jurnalistl\u0259r burax\u0131lmay\u0131b"}]},{"@type":"WebSite","@id":"https:\/\/www.meydan.tv\/az\/#website","url":"https:\/\/www.meydan.tv\/az\/","name":"MEYDAN.TV","description":"Meydan TV Az\u0259rbaycan\u0131n media m\u0259kan\u0131ndak\u0131 alternativ s\u0259sidir","publisher":{"@id":"https:\/\/www.meydan.tv\/az\/#organization"},"potentialAction":[{"@type":"SearchAction","target":{"@type":"EntryPoint","urlTemplate":"https:\/\/www.meydan.tv\/az\/?s={search_term_string}"},"query-input":{"@type":"PropertyValueSpecification","valueRequired":true,"valueName":"search_term_string"}}],"inLanguage":"az"},{"@type":"Organization","@id":"https:\/\/www.meydan.tv\/az\/#organization","name":"Meydan TV","url":"https:\/\/www.meydan.tv\/az\/","logo":{"@type":"ImageObject","inLanguage":"az","@id":"https:\/\/www.meydan.tv\/az\/#\/schema\/logo\/image\/","url":"https:\/\/www.meydan.tv\/wp-content\/uploads\/2021\/07\/meydan-logo.svg","contentUrl":"https:\/\/www.meydan.tv\/wp-content\/uploads\/2021\/07\/meydan-logo.svg","width":195,"height":46,"caption":"Meydan TV"},"image":{"@id":"https:\/\/www.meydan.tv\/az\/#\/schema\/logo\/image\/"}},{"@type":"Person","@id":"https:\/\/www.meydan.tv\/az\/#\/schema\/person\/476e9360e593fa131d5d71d51866f8da","name":"aleks"}]}},"_links":{"self":[{"href":"https:\/\/www.meydan.tv\/az\/wp-json\/wp\/v2\/posts\/246379","targetHints":{"allow":["GET"]}}],"collection":[{"href":"https:\/\/www.meydan.tv\/az\/wp-json\/wp\/v2\/posts"}],"about":[{"href":"https:\/\/www.meydan.tv\/az\/wp-json\/wp\/v2\/types\/post"}],"author":[{"embeddable":true,"href":"https:\/\/www.meydan.tv\/az\/wp-json\/wp\/v2\/users\/12"}],"replies":[{"embeddable":true,"href":"https:\/\/www.meydan.tv\/az\/wp-json\/wp\/v2\/comments?post=246379"}],"version-history":[{"count":1,"href":"https:\/\/www.meydan.tv\/az\/wp-json\/wp\/v2\/posts\/246379\/revisions"}],"predecessor-version":[{"id":246383,"href":"https:\/\/www.meydan.tv\/az\/wp-json\/wp\/v2\/posts\/246379\/revisions\/246383"}],"wp:featuredmedia":[{"embeddable":true,"href":"https:\/\/www.meydan.tv\/az\/wp-json\/wp\/v2\/media\/246380"}],"wp:attachment":[{"href":"https:\/\/www.meydan.tv\/az\/wp-json\/wp\/v2\/media?parent=246379"}],"wp:term":[{"taxonomy":"category","embeddable":true,"href":"https:\/\/www.meydan.tv\/az\/wp-json\/wp\/v2\/categories?post=246379"},{"taxonomy":"post_tag","embeddable":true,"href":"https:\/\/www.meydan.tv\/az\/wp-json\/wp\/v2\/tags?post=246379"}],"curies":[{"name":"wp","href":"https:\/\/api.w.org\/{rel}","templated":true}]}}